{"id":10255,"date":"2024-09-17T10:08:05","date_gmt":"2024-09-17T08:08:05","guid":{"rendered":"https:\/\/blog.ccc.eu\/hu\/?p=10255"},"modified":"2024-09-19T11:24:58","modified_gmt":"2024-09-19T09:24:58","slug":"stilusos-oszi-labbelik","status":"publish","type":"post","link":"https:\/\/blog.ccc.eu\/hu\/stilusos-oszi-labbelik\/","title":{"rendered":"St\u00edlusos \u0151szi l\u00e1bbelik\u00a0"},"content":{"rendered":"\n<p><strong>Ejl\u00f6tt a bokacsizm\u00e1k, loaferek, mokaszinok \u00e9s m\u00e1s trendi \u0151szi l\u00e1bbelik visel\u00e9s\u00e9nek ideje. Sz\u00e1mos st\u00edlusos darabok k\u00f6z\u00fcl v\u00e1logathatunk, melyek 2024-ben garant\u00e1ltan a trendek \u00e9l\u00e9n \u00e1llnak! L\u00e1togass el a CCC-be \u00e9s eg\u00e9sz\u00edtsd ki \u0151szi megjelen\u00e9sed!&nbsp;<\/strong><\/p>\n\n\n\n<figure class=\"wp-block-gallery has-nested-images columns-default is-cropped wp-block-gallery-1 is-layout-flex wp-block-gallery-is-layout-flex\">\n<figure class=\"wp-block-image size-large\"><img decoding=\"async\" data-id=\"10256\" src=\"https:\/\/blog.ccc.eu\/hu\/wp-content\/uploads\/2024\/09\/glowne-13-768x512-1.jpg\" alt=\"\" class=\"wp-image-10256\"\/><\/figure>\n<\/figure>\n\n\n\n<h2 class=\"wp-block-heading\">R\u00f6vid sz\u00e1r\u00fa cowboy csizm\u00e1k&nbsp;<\/h2>\n\n\n\n<p>Ha k\u00f6zelebbr\u0151l megvizsg\u00e1ljuk a 2024-es \u0151szi szezon kollekci\u00f3it, amelyek a divatvil\u00e1g legkiv\u00e1l\u00f3bb tervez\u0151inek kifut\u00f3in deb\u00fct\u00e1ltak, szemet gy\u00f6ny\u00f6rk\u00f6dtet\u0151 darabokat l\u00e1tunk. Az egyik legn\u00e9pszer\u0171bb modellnek k\u00e9ts\u00e9gtelen\u00fcl a cowboy csizm\u00e1k bizonyulnak k\u00fcl\u00f6nf\u00e9le v\u00e1ltozatban. V\u00e1laszthatunk r\u00f6vid vagy hossz\u00fa sz\u00e1r\u00fa csizm\u00e1t fekete vagy barna v\u00e1ltozatban, valamint dombornyomott \u00e9s sima anyaggal ell\u00e1tva.<\/p>\n\n\n\n<figure class=\"wp-block-gallery has-nested-images columns-default is-cropped wp-block-gallery-2 is-layout-flex wp-block-gallery-is-layout-flex\">\n<figure class=\"wp-block-image size-large\"><img loading=\"lazy\" decoding=\"async\" width=\"768\" height=\"960\" data-id=\"10257\" src=\"https:\/\/blog.ccc.eu\/hu\/wp-content\/uploads\/2024\/09\/botki-kowbojki-768x960-1.jpg\" alt=\"\" class=\"wp-image-10257\" srcset=\"https:\/\/blog.ccc.eu\/hu\/wp-content\/uploads\/2024\/09\/botki-kowbojki-768x960-1.jpg 768w, https:\/\/blog.ccc.eu\/hu\/wp-content\/uploads\/2024\/09\/botki-kowbojki-768x960-1-240x300.jpg 240w, https:\/\/blog.ccc.eu\/hu\/wp-content\/uploads\/2024\/09\/botki-kowbojki-768x960-1-100x125.jpg 100w\" sizes=\"auto, (max-width: 768px) 100vw, 768px\" \/><\/figure>\n<\/figure>\n\n\n\n<h2 class=\"wp-block-heading\">Mokaszinok az \u0151szi szezonra&nbsp;<\/h2>\n\n\n\n<p>A legtrendibb \u00e9s legjobb min\u0151s\u00e9g\u0171 mokaszinokat k\u00e9ts\u00e9g k\u00edv\u00fcl a Gino Rossi m\u00e1rka k\u00edn\u00e1lat\u00e1ban tal\u00e1ljuk meg! V\u00e1laszthatunk visszafogott, klasszikus darabokat lapos talppal ell\u00e1tva, de d\u00f6nthet\u00fcnk az extravag\u00e1nsabb modellek mellett is magas sarokkal kieg\u00e9sz\u00edtve! <\/p>\n\n\n\n<p>Ezek a cip\u0151k kiv\u00e1l\u00f3 min\u0151s\u00e9g\u0171 b\u0151rb\u0151l k\u00e9sz\u00fcltek, melyek nemcsak szemet gy\u00f6ny\u00f6rk\u00f6dtet\u0151ek, de \u00e9vekig is szolg\u00e1lni fognak minket. <\/p>\n\n\n\n<figure class=\"wp-block-gallery has-nested-images columns-default is-cropped wp-block-gallery-3 is-layout-flex wp-block-gallery-is-layout-flex\">\n<figure class=\"wp-block-image size-large\"><img loading=\"lazy\" decoding=\"async\" width=\"700\" height=\"933\" data-id=\"10258\" src=\"https:\/\/blog.ccc.eu\/hu\/wp-content\/uploads\/2024\/09\/5.jpg\" alt=\"\" class=\"wp-image-10258\" srcset=\"https:\/\/blog.ccc.eu\/hu\/wp-content\/uploads\/2024\/09\/5.jpg 700w, https:\/\/blog.ccc.eu\/hu\/wp-content\/uploads\/2024\/09\/5-225x300.jpg 225w, https:\/\/blog.ccc.eu\/hu\/wp-content\/uploads\/2024\/09\/5-100x133.jpg 100w\" sizes=\"auto, (max-width: 700px) 100vw, 700px\" \/><\/figure>\n\n\n\n<figure class=\"wp-block-image size-large\"><img loading=\"lazy\" decoding=\"async\" width=\"700\" height=\"933\" data-id=\"10259\" src=\"https:\/\/blog.ccc.eu\/hu\/wp-content\/uploads\/2024\/09\/6.jpg\" alt=\"\" class=\"wp-image-10259\" srcset=\"https:\/\/blog.ccc.eu\/hu\/wp-content\/uploads\/2024\/09\/6.jpg 700w, https:\/\/blog.ccc.eu\/hu\/wp-content\/uploads\/2024\/09\/6-225x300.jpg 225w, https:\/\/blog.ccc.eu\/hu\/wp-content\/uploads\/2024\/09\/6-100x133.jpg 100w\" sizes=\"auto, (max-width: 700px) 100vw, 700px\" \/><\/figure>\n<\/figure>\n\n\n\n<h2 class=\"wp-block-heading\">Hossz\u00fa sz\u00e1r\u00fa csizm\u00e1k \u0151szre\u00a0<\/h2>\n\n\n\n<p>Mely l\u00e1bbelik bizonyulnak a legjobb v\u00e1laszt\u00e1snak t\u00e9len? A hossz\u00fa sz\u00e1r\u00fa csizm\u00e1k t\u00f6k\u00e9letesek lesznek! T\u00f6bb st\u00edlus\u00fa modell k\u00f6z\u00fcl v\u00e1laszthatunk, a t\u00e9rd f\u00f6l\u00f6tti csizm\u00e1kt\u00f3l eg\u00e9szen a t\u00e9rd al\u00e1 \u00e9r\u0151 darabokig. Fekete, b\u00e9zs \u00e9s barna sz\u00edn\u0171 darabok v\u00e1rnak r\u00e1nk a CCC divatos kollekci\u00f3iban!<\/p>\n\n\n\n<figure class=\"wp-block-gallery has-nested-images columns-default is-cropped wp-block-gallery-4 is-layout-flex wp-block-gallery-is-layout-flex\">\n<figure class=\"wp-block-image size-large\"><img loading=\"lazy\" decoding=\"async\" width=\"700\" height=\"933\" data-id=\"10261\" src=\"https:\/\/blog.ccc.eu\/hu\/wp-content\/uploads\/2024\/09\/8.jpg\" alt=\"\" class=\"wp-image-10261\" srcset=\"https:\/\/blog.ccc.eu\/hu\/wp-content\/uploads\/2024\/09\/8.jpg 700w, https:\/\/blog.ccc.eu\/hu\/wp-content\/uploads\/2024\/09\/8-225x300.jpg 225w, https:\/\/blog.ccc.eu\/hu\/wp-content\/uploads\/2024\/09\/8-100x133.jpg 100w\" sizes=\"auto, (max-width: 700px) 100vw, 700px\" \/><\/figure>\n\n\n\n<figure class=\"wp-block-image size-large\"><img loading=\"lazy\" decoding=\"async\" width=\"700\" height=\"933\" data-id=\"10260\" src=\"https:\/\/blog.ccc.eu\/hu\/wp-content\/uploads\/2024\/09\/9.jpg\" alt=\"\" class=\"wp-image-10260\" srcset=\"https:\/\/blog.ccc.eu\/hu\/wp-content\/uploads\/2024\/09\/9.jpg 700w, https:\/\/blog.ccc.eu\/hu\/wp-content\/uploads\/2024\/09\/9-225x300.jpg 225w, https:\/\/blog.ccc.eu\/hu\/wp-content\/uploads\/2024\/09\/9-100x133.jpg 100w\" sizes=\"auto, (max-width: 700px) 100vw, 700px\" \/><\/figure>\n<\/figure>\n\n\n\n<p>Fedezd fel az \u0151szi szezon l\u00e1bbelijeit\u00a0<a href=\"https:\/\/ccc.eu\/hu\/sklepy\" target=\"_blank\" rel=\"noreferrer noopener\">CCC \u00fczleteinkben<\/a>,\u00a0<a href=\"https:\/\/ccc.eu\/hu\/\" target=\"_blank\" rel=\"noreferrer noopener\">webshopunkban<\/a>, \u00e9s az\u00a0<a href=\"https:\/\/ccc.eu\/hu\/mobile-app\" target=\"_blank\" rel=\"noreferrer noopener\">alkalmaz\u00e1sban<\/a>. Legy\u00e9l\u00a0<a href=\"https:\/\/ccc.eu\/hu\/klub-ccc\" target=\"_blank\" rel=\"noreferrer noopener\">CCC klubtag<\/a>\u00a0is, \u00e9s \u00e9lvezd a k\u00e9nyelmes \u00e9s kedvezm\u00e9nyes v\u00e1s\u00e1rl\u00e1si lehet\u0151s\u00e9geket! K\u00f6vesd vel\u00fcnk a divatot\u00a0<a href=\"https:\/\/www.facebook.com\/CCC.Hungary\/\" target=\"_blank\" rel=\"noreferrer noopener\">Facebookon,<\/a>\u00a0\u00e9s inspir\u00e1l\u00f3dj vel\u00fcnk az\u00a0<a href=\"https:\/\/www.instagram.com\/cccshoesbags\/\" target=\"_blank\" rel=\"noreferrer noopener\">Instagramon<\/a>\u00a0is!\u00a0\u00a0\u00a0<\/p>\n","protected":false},"excerpt":{"rendered":"<p>Ejl\u00f6tt a bokacsizm\u00e1k, loaferek, mokaszinok \u00e9s m\u00e1s trendi \u0151szi l\u00e1bbelik visel\u00e9s\u00e9nek ideje. Sz\u00e1mos st\u00edlusos darabok k\u00f6z\u00fcl v\u00e1logathatunk, melyek 2024-ben garant\u00e1ltan a trendek \u00e9l\u00e9n \u00e1llnak! L\u00e1togass el a CCC-be \u00e9s eg\u00e9sz\u00edtsd ki \u0151szi megjelen\u00e9sed!&nbsp; R\u00f6vid sz\u00e1r\u00fa cowboy csizm\u00e1k&nbsp; Ha k\u00f6zelebbr\u0151l megvizsg\u00e1ljuk a 2024-es \u0151szi szezon kollekci\u00f3it, amelyek a divatvil\u00e1g legkiv\u00e1l\u00f3bb tervez\u0151inek kifut\u00f3in deb\u00fct\u00e1ltak, szemet gy\u00f6ny\u00f6rk\u00f6dtet\u0151 darabokat [&hellip;]<\/p>\n","protected":false},"author":22,"featured_media":10267,"comment_status":"open","ping_status":"open","sticky":false,"template":"","format":"standard","meta":{"_acf_changed":false,"footnotes":""},"categories":[6],"tags":[560,955,1074,786],"class_list":["post-10255","post","type-post","status-publish","format-standard","has-post-thumbnail","hentry","category-trendek","tag-ccc","tag-csizmak","tag-mokaszinok","tag-trendek"],"acf":[],"yoast_head":"<!-- This site is optimized with the Yoast SEO plugin v26.9 - https:\/\/yoast.com\/product\/yoast-seo-wordpress\/ -->\n<title>St\u00edlusos \u0151szi l\u00e1bbelik\u00a0 - CCC Fashion blog<\/title>\n<meta name=\"description\" content=\"2026\" \/>\n<meta name=\"robots\" content=\"index, follow, max-snippet:-1, max-image-preview:large, max-video-preview:-1\" \/>\n<link rel=\"canonical\" href=\"https:\/\/blog.ccc.eu\/hu\/stilusos-oszi-labbelik\/\" \/>\n<meta property=\"og:locale\" content=\"hu_HU\" \/>\n<meta property=\"og:type\" content=\"article\" \/>\n<meta property=\"og:title\" content=\"St\u00edlusos \u0151szi l\u00e1bbelik\u00a0 - CCC Fashion blog\" \/>\n<meta property=\"og:description\" content=\"Ejl\u00f6tt a bokacsizm\u00e1k, loaferek, mokaszinok \u00e9s m\u00e1s trendi \u0151szi l\u00e1bbelik visel\u00e9s\u00e9nek ideje. Sz\u00e1mos st\u00edlusos darabok k\u00f6z\u00fcl v\u00e1logathatunk, melyek 2024-ben garant\u00e1ltan a trendek \u00e9l\u00e9n \u00e1llnak! L\u00e1togass el a CCC-be \u00e9s eg\u00e9sz\u00edtsd ki \u0151szi megjelen\u00e9sed!&nbsp; R\u00f6vid sz\u00e1r\u00fa cowboy csizm\u00e1k&nbsp; Ha k\u00f6zelebbr\u0151l megvizsg\u00e1ljuk a 2024-es \u0151szi szezon kollekci\u00f3it, amelyek a divatvil\u00e1g legkiv\u00e1l\u00f3bb tervez\u0151inek kifut\u00f3in deb\u00fct\u00e1ltak, szemet gy\u00f6ny\u00f6rk\u00f6dtet\u0151 darabokat [&hellip;]\" \/>\n<meta property=\"og:url\" content=\"https:\/\/blog.ccc.eu\/hu\/stilusos-oszi-labbelik\/\" \/>\n<meta property=\"og:site_name\" content=\"CCC Fashion blog\" \/>\n<meta property=\"article:published_time\" content=\"2024-09-17T08:08:05+00:00\" \/>\n<meta property=\"article:modified_time\" content=\"2024-09-19T09:24:58+00:00\" \/>\n<meta property=\"og:image\" content=\"https:\/\/blog.ccc.eu\/hu\/wp-content\/uploads\/2024\/09\/glowne-13-768x512-1-e1726650926630.jpg\" \/>\n\t<meta property=\"og:image:width\" content=\"768\" \/>\n\t<meta property=\"og:image:height\" content=\"369\" \/>\n\t<meta property=\"og:image:type\" content=\"image\/jpeg\" \/>\n<meta name=\"author\" content=\"Beatrix Korosi\" \/>\n<meta name=\"twitter:card\" content=\"summary_large_image\" \/>\n<meta name=\"twitter:label1\" content=\"Szerz\u0151:\" \/>\n\t<meta name=\"twitter:data1\" content=\"Beatrix Korosi\" \/>\n\t<meta name=\"twitter:label2\" content=\"Becs\u00fclt olvas\u00e1si id\u0151\" \/>\n\t<meta name=\"twitter:data2\" content=\"2 perc\" \/>\n<script type=\"application\/ld+json\" class=\"yoast-schema-graph\">{\"@context\":\"https:\/\/schema.org\",\"@graph\":[{\"@type\":\"Article\",\"@id\":\"https:\/\/blog.ccc.eu\/hu\/stilusos-oszi-labbelik\/#article\",\"isPartOf\":{\"@id\":\"https:\/\/blog.ccc.eu\/hu\/stilusos-oszi-labbelik\/\"},\"author\":{\"name\":\"Beatrix Korosi\",\"@id\":\"https:\/\/blog.ccc.eu\/hu\/#\/schema\/person\/b37d4e58a15b8cc6b1339218cfeb7c10\"},\"headline\":\"St\u00edlusos \u0151szi l\u00e1bbelik\u00a0\",\"datePublished\":\"2024-09-17T08:08:05+00:00\",\"dateModified\":\"2024-09-19T09:24:58+00:00\",\"mainEntityOfPage\":{\"@id\":\"https:\/\/blog.ccc.eu\/hu\/stilusos-oszi-labbelik\/\"},\"wordCount\":347,\"commentCount\":0,\"publisher\":{\"@id\":\"https:\/\/blog.ccc.eu\/hu\/#organization\"},\"image\":{\"@id\":\"https:\/\/blog.ccc.eu\/hu\/stilusos-oszi-labbelik\/#primaryimage\"},\"thumbnailUrl\":\"https:\/\/blog.ccc.eu\/hu\/wp-content\/uploads\/2024\/09\/glowne-13-768x512-1-e1726650926630.jpg\",\"keywords\":[\"CCC\",\"csizm\u00e1k\",\"mokaszinok\",\"trendek\"],\"articleSection\":[\"TRENDEK\"],\"inLanguage\":\"hu\",\"potentialAction\":[{\"@type\":\"CommentAction\",\"name\":\"Comment\",\"target\":[\"https:\/\/blog.ccc.eu\/hu\/stilusos-oszi-labbelik\/#respond\"]}]},{\"@type\":\"WebPage\",\"@id\":\"https:\/\/blog.ccc.eu\/hu\/stilusos-oszi-labbelik\/\",\"url\":\"https:\/\/blog.ccc.eu\/hu\/stilusos-oszi-labbelik\/\",\"name\":\"St\u00edlusos \u0151szi l\u00e1bbelik\u00a0 - CCC Fashion blog\",\"isPartOf\":{\"@id\":\"https:\/\/blog.ccc.eu\/hu\/#website\"},\"primaryImageOfPage\":{\"@id\":\"https:\/\/blog.ccc.eu\/hu\/stilusos-oszi-labbelik\/#primaryimage\"},\"image\":{\"@id\":\"https:\/\/blog.ccc.eu\/hu\/stilusos-oszi-labbelik\/#primaryimage\"},\"thumbnailUrl\":\"https:\/\/blog.ccc.eu\/hu\/wp-content\/uploads\/2024\/09\/glowne-13-768x512-1-e1726650926630.jpg\",\"datePublished\":\"2024-09-17T08:08:05+00:00\",\"dateModified\":\"2024-09-19T09:24:58+00:00\",\"breadcrumb\":{\"@id\":\"https:\/\/blog.ccc.eu\/hu\/stilusos-oszi-labbelik\/#breadcrumb\"},\"inLanguage\":\"hu\",\"potentialAction\":[{\"@type\":\"ReadAction\",\"target\":[\"https:\/\/blog.ccc.eu\/hu\/stilusos-oszi-labbelik\/\"]}]},{\"@type\":\"ImageObject\",\"inLanguage\":\"hu\",\"@id\":\"https:\/\/blog.ccc.eu\/hu\/stilusos-oszi-labbelik\/#primaryimage\",\"url\":\"https:\/\/blog.ccc.eu\/hu\/wp-content\/uploads\/2024\/09\/glowne-13-768x512-1-e1726650926630.jpg\",\"contentUrl\":\"https:\/\/blog.ccc.eu\/hu\/wp-content\/uploads\/2024\/09\/glowne-13-768x512-1-e1726650926630.jpg\",\"width\":768,\"height\":369},{\"@type\":\"BreadcrumbList\",\"@id\":\"https:\/\/blog.ccc.eu\/hu\/stilusos-oszi-labbelik\/#breadcrumb\",\"itemListElement\":[{\"@type\":\"ListItem\",\"position\":1,\"name\":\"Strona g\u0142\u00f3wna\",\"item\":\"https:\/\/blog.ccc.eu\/hu\/\"},{\"@type\":\"ListItem\",\"position\":2,\"name\":\"St\u00edlusos \u0151szi l\u00e1bbelik\u00a0\"}]},{\"@type\":\"WebSite\",\"@id\":\"https:\/\/blog.ccc.eu\/hu\/#website\",\"url\":\"https:\/\/blog.ccc.eu\/hu\/\",\"name\":\"CCC Fashion blog\",\"description\":\"Az \u00d6n helye tele van divatihletekkel\",\"publisher\":{\"@id\":\"https:\/\/blog.ccc.eu\/hu\/#organization\"},\"potentialAction\":[{\"@type\":\"SearchAction\",\"target\":{\"@type\":\"EntryPoint\",\"urlTemplate\":\"https:\/\/blog.ccc.eu\/hu\/?s={search_term_string}\"},\"query-input\":{\"@type\":\"PropertyValueSpecification\",\"valueRequired\":true,\"valueName\":\"search_term_string\"}}],\"inLanguage\":\"hu\"},{\"@type\":\"Organization\",\"@id\":\"https:\/\/blog.ccc.eu\/hu\/#organization\",\"name\":\"CCC S.A.\",\"url\":\"https:\/\/blog.ccc.eu\/hu\/\",\"logo\":{\"@type\":\"ImageObject\",\"inLanguage\":\"hu\",\"@id\":\"https:\/\/blog.ccc.eu\/hu\/#\/schema\/logo\/image\/\",\"url\":\"https:\/\/blog.ccc.eu\/hu\/wp-content\/uploads\/2021\/11\/logo_ccc.png\",\"contentUrl\":\"https:\/\/blog.ccc.eu\/hu\/wp-content\/uploads\/2021\/11\/logo_ccc.png\",\"width\":730,\"height\":270,\"caption\":\"CCC S.A.\"},\"image\":{\"@id\":\"https:\/\/blog.ccc.eu\/hu\/#\/schema\/logo\/image\/\"}},{\"@type\":\"Person\",\"@id\":\"https:\/\/blog.ccc.eu\/hu\/#\/schema\/person\/b37d4e58a15b8cc6b1339218cfeb7c10\",\"name\":\"Beatrix Korosi\",\"image\":{\"@type\":\"ImageObject\",\"inLanguage\":\"hu\",\"@id\":\"https:\/\/blog.ccc.eu\/hu\/#\/schema\/person\/image\/\",\"url\":\"https:\/\/blog.ccc.eu\/hu\/wp-content\/uploads\/2022\/11\/Bea-150x150.jpg\",\"contentUrl\":\"https:\/\/blog.ccc.eu\/hu\/wp-content\/uploads\/2022\/11\/Bea-150x150.jpg\",\"caption\":\"Beatrix Korosi\"},\"url\":\"https:\/\/blog.ccc.eu\/hu\/author\/beatrix-korosi\/\"}]}<\/script>\n<!-- \/ Yoast SEO plugin. -->","yoast_head_json":{"title":"St\u00edlusos \u0151szi l\u00e1bbelik\u00a0 - CCC Fashion blog","description":"2026","robots":{"index":"index","follow":"follow","max-snippet":"max-snippet:-1","max-image-preview":"max-image-preview:large","max-video-preview":"max-video-preview:-1"},"canonical":"https:\/\/blog.ccc.eu\/hu\/stilusos-oszi-labbelik\/","og_locale":"hu_HU","og_type":"article","og_title":"St\u00edlusos \u0151szi l\u00e1bbelik\u00a0 - CCC Fashion blog","og_description":"Ejl\u00f6tt a bokacsizm\u00e1k, loaferek, mokaszinok \u00e9s m\u00e1s trendi \u0151szi l\u00e1bbelik visel\u00e9s\u00e9nek ideje. Sz\u00e1mos st\u00edlusos darabok k\u00f6z\u00fcl v\u00e1logathatunk, melyek 2024-ben garant\u00e1ltan a trendek \u00e9l\u00e9n \u00e1llnak! L\u00e1togass el a CCC-be \u00e9s eg\u00e9sz\u00edtsd ki \u0151szi megjelen\u00e9sed!&nbsp; R\u00f6vid sz\u00e1r\u00fa cowboy csizm\u00e1k&nbsp; Ha k\u00f6zelebbr\u0151l megvizsg\u00e1ljuk a 2024-es \u0151szi szezon kollekci\u00f3it, amelyek a divatvil\u00e1g legkiv\u00e1l\u00f3bb tervez\u0151inek kifut\u00f3in deb\u00fct\u00e1ltak, szemet gy\u00f6ny\u00f6rk\u00f6dtet\u0151 darabokat [&hellip;]","og_url":"https:\/\/blog.ccc.eu\/hu\/stilusos-oszi-labbelik\/","og_site_name":"CCC Fashion blog","article_published_time":"2024-09-17T08:08:05+00:00","article_modified_time":"2024-09-19T09:24:58+00:00","og_image":[{"width":768,"height":369,"url":"https:\/\/blog.ccc.eu\/hu\/wp-content\/uploads\/2024\/09\/glowne-13-768x512-1-e1726650926630.jpg","type":"image\/jpeg"}],"author":"Beatrix Korosi","twitter_card":"summary_large_image","twitter_misc":{"Szerz\u0151:":"Beatrix Korosi","Becs\u00fclt olvas\u00e1si id\u0151":"2 perc"},"schema":{"@context":"https:\/\/schema.org","@graph":[{"@type":"Article","@id":"https:\/\/blog.ccc.eu\/hu\/stilusos-oszi-labbelik\/#article","isPartOf":{"@id":"https:\/\/blog.ccc.eu\/hu\/stilusos-oszi-labbelik\/"},"author":{"name":"Beatrix Korosi","@id":"https:\/\/blog.ccc.eu\/hu\/#\/schema\/person\/b37d4e58a15b8cc6b1339218cfeb7c10"},"headline":"St\u00edlusos \u0151szi l\u00e1bbelik\u00a0","datePublished":"2024-09-17T08:08:05+00:00","dateModified":"2024-09-19T09:24:58+00:00","mainEntityOfPage":{"@id":"https:\/\/blog.ccc.eu\/hu\/stilusos-oszi-labbelik\/"},"wordCount":347,"commentCount":0,"publisher":{"@id":"https:\/\/blog.ccc.eu\/hu\/#organization"},"image":{"@id":"https:\/\/blog.ccc.eu\/hu\/stilusos-oszi-labbelik\/#primaryimage"},"thumbnailUrl":"https:\/\/blog.ccc.eu\/hu\/wp-content\/uploads\/2024\/09\/glowne-13-768x512-1-e1726650926630.jpg","keywords":["CCC","csizm\u00e1k","mokaszinok","trendek"],"articleSection":["TRENDEK"],"inLanguage":"hu","potentialAction":[{"@type":"CommentAction","name":"Comment","target":["https:\/\/blog.ccc.eu\/hu\/stilusos-oszi-labbelik\/#respond"]}]},{"@type":"WebPage","@id":"https:\/\/blog.ccc.eu\/hu\/stilusos-oszi-labbelik\/","url":"https:\/\/blog.ccc.eu\/hu\/stilusos-oszi-labbelik\/","name":"St\u00edlusos \u0151szi l\u00e1bbelik\u00a0 - CCC Fashion blog","isPartOf":{"@id":"https:\/\/blog.ccc.eu\/hu\/#website"},"primaryImageOfPage":{"@id":"https:\/\/blog.ccc.eu\/hu\/stilusos-oszi-labbelik\/#primaryimage"},"image":{"@id":"https:\/\/blog.ccc.eu\/hu\/stilusos-oszi-labbelik\/#primaryimage"},"thumbnailUrl":"https:\/\/blog.ccc.eu\/hu\/wp-content\/uploads\/2024\/09\/glowne-13-768x512-1-e1726650926630.jpg","datePublished":"2024-09-17T08:08:05+00:00","dateModified":"2024-09-19T09:24:58+00:00","breadcrumb":{"@id":"https:\/\/blog.ccc.eu\/hu\/stilusos-oszi-labbelik\/#breadcrumb"},"inLanguage":"hu","potentialAction":[{"@type":"ReadAction","target":["https:\/\/blog.ccc.eu\/hu\/stilusos-oszi-labbelik\/"]}]},{"@type":"ImageObject","inLanguage":"hu","@id":"https:\/\/blog.ccc.eu\/hu\/stilusos-oszi-labbelik\/#primaryimage","url":"https:\/\/blog.ccc.eu\/hu\/wp-content\/uploads\/2024\/09\/glowne-13-768x512-1-e1726650926630.jpg","contentUrl":"https:\/\/blog.ccc.eu\/hu\/wp-content\/uploads\/2024\/09\/glowne-13-768x512-1-e1726650926630.jpg","width":768,"height":369},{"@type":"BreadcrumbList","@id":"https:\/\/blog.ccc.eu\/hu\/stilusos-oszi-labbelik\/#breadcrumb","itemListElement":[{"@type":"ListItem","position":1,"name":"Strona g\u0142\u00f3wna","item":"https:\/\/blog.ccc.eu\/hu\/"},{"@type":"ListItem","position":2,"name":"St\u00edlusos \u0151szi l\u00e1bbelik\u00a0"}]},{"@type":"WebSite","@id":"https:\/\/blog.ccc.eu\/hu\/#website","url":"https:\/\/blog.ccc.eu\/hu\/","name":"CCC Fashion blog","description":"Az \u00d6n helye tele van divatihletekkel","publisher":{"@id":"https:\/\/blog.ccc.eu\/hu\/#organization"},"potentialAction":[{"@type":"SearchAction","target":{"@type":"EntryPoint","urlTemplate":"https:\/\/blog.ccc.eu\/hu\/?s={search_term_string}"},"query-input":{"@type":"PropertyValueSpecification","valueRequired":true,"valueName":"search_term_string"}}],"inLanguage":"hu"},{"@type":"Organization","@id":"https:\/\/blog.ccc.eu\/hu\/#organization","name":"CCC S.A.","url":"https:\/\/blog.ccc.eu\/hu\/","logo":{"@type":"ImageObject","inLanguage":"hu","@id":"https:\/\/blog.ccc.eu\/hu\/#\/schema\/logo\/image\/","url":"https:\/\/blog.ccc.eu\/hu\/wp-content\/uploads\/2021\/11\/logo_ccc.png","contentUrl":"https:\/\/blog.ccc.eu\/hu\/wp-content\/uploads\/2021\/11\/logo_ccc.png","width":730,"height":270,"caption":"CCC S.A."},"image":{"@id":"https:\/\/blog.ccc.eu\/hu\/#\/schema\/logo\/image\/"}},{"@type":"Person","@id":"https:\/\/blog.ccc.eu\/hu\/#\/schema\/person\/b37d4e58a15b8cc6b1339218cfeb7c10","name":"Beatrix Korosi","image":{"@type":"ImageObject","inLanguage":"hu","@id":"https:\/\/blog.ccc.eu\/hu\/#\/schema\/person\/image\/","url":"https:\/\/blog.ccc.eu\/hu\/wp-content\/uploads\/2022\/11\/Bea-150x150.jpg","contentUrl":"https:\/\/blog.ccc.eu\/hu\/wp-content\/uploads\/2022\/11\/Bea-150x150.jpg","caption":"Beatrix Korosi"},"url":"https:\/\/blog.ccc.eu\/hu\/author\/beatrix-korosi\/"}]}},"_links":{"self":[{"href":"https:\/\/blog.ccc.eu\/hu\/wp-json\/wp\/v2\/posts\/10255","targetHints":{"allow":["GET"]}}],"collection":[{"href":"https:\/\/blog.ccc.eu\/hu\/wp-json\/wp\/v2\/posts"}],"about":[{"href":"https:\/\/blog.ccc.eu\/hu\/wp-json\/wp\/v2\/types\/post"}],"author":[{"embeddable":true,"href":"https:\/\/blog.ccc.eu\/hu\/wp-json\/wp\/v2\/users\/22"}],"replies":[{"embeddable":true,"href":"https:\/\/blog.ccc.eu\/hu\/wp-json\/wp\/v2\/comments?post=10255"}],"version-history":[{"count":3,"href":"https:\/\/blog.ccc.eu\/hu\/wp-json\/wp\/v2\/posts\/10255\/revisions"}],"predecessor-version":[{"id":10264,"href":"https:\/\/blog.ccc.eu\/hu\/wp-json\/wp\/v2\/posts\/10255\/revisions\/10264"}],"wp:featuredmedia":[{"embeddable":true,"href":"https:\/\/blog.ccc.eu\/hu\/wp-json\/wp\/v2\/media\/10267"}],"wp:attachment":[{"href":"https:\/\/blog.ccc.eu\/hu\/wp-json\/wp\/v2\/media?parent=10255"}],"wp:term":[{"taxonomy":"category","embeddable":true,"href":"https:\/\/blog.ccc.eu\/hu\/wp-json\/wp\/v2\/categories?post=10255"},{"taxonomy":"post_tag","embeddable":true,"href":"https:\/\/blog.ccc.eu\/hu\/wp-json\/wp\/v2\/tags?post=10255"}],"curies":[{"name":"wp","href":"https:\/\/api.w.org\/{rel}","templated":true}]}}