{"id":10352,"date":"2024-10-11T12:56:40","date_gmt":"2024-10-11T10:56:40","guid":{"rendered":"https:\/\/blog.ccc.eu\/hu\/?p=10352"},"modified":"2024-10-11T12:56:41","modified_gmt":"2024-10-11T10:56:41","slug":"trendriado-bordo-labbelik-a-trendek-elen","status":"publish","type":"post","link":"https:\/\/blog.ccc.eu\/hu\/trendriado-bordo-labbelik-a-trendek-elen\/","title":{"rendered":"Trendriad\u00f3: bord\u00f3 l\u00e1bbelik a trendek \u00e9l\u00e9n\u00a0"},"content":{"rendered":"\n<p><b>M\u00e1r az el\u0151z\u0151 szezonban is lehetett tudni, hogy a bord\u00f3 sz\u00edn sok\u00e1ig a trendek \u00e9l\u00e9n fog \u00e1llni. Az \u0151szi \u00e9s t\u00e9li szezonban nem lehet nem \u00e9szrevenni, hogy a ruha- \u00e9s l\u00e1bbelikollekci\u00f3k is a bord\u00f3 sz\u00ednt \u00e9s annak minden \u00e1rnyalat\u00e1t r\u00e9szes\u00edtik el\u0151nyben. Ez a sz\u00edn nemcsak az \u0151szi st\u00edlushoz, hanem a j\u00f6v\u0151 \u00e9vi tavaszi szezonra is t\u00f6k\u00e9letes lesz. Fedezd fel a l\u00e9legzetel\u00e1ll\u00edt\u00f3 bord\u00f3 modelleket!\u00a0<\/b><\/p>\n\n\n\n<figure class=\"wp-block-gallery has-nested-images columns-default is-cropped wp-block-gallery-1 is-layout-flex wp-block-gallery-is-layout-flex\">\n<figure class=\"wp-block-image size-large\"><img loading=\"lazy\" decoding=\"async\" width=\"768\" height=\"525\" data-id=\"10354\" src=\"https:\/\/blog.ccc.eu\/hu\/wp-content\/uploads\/2024\/10\/GettyImages-862475890-768x525-1.jpg\" alt=\"\" class=\"wp-image-10354\" srcset=\"https:\/\/blog.ccc.eu\/hu\/wp-content\/uploads\/2024\/10\/GettyImages-862475890-768x525-1.jpg 768w, https:\/\/blog.ccc.eu\/hu\/wp-content\/uploads\/2024\/10\/GettyImages-862475890-768x525-1-300x205.jpg 300w, https:\/\/blog.ccc.eu\/hu\/wp-content\/uploads\/2024\/10\/GettyImages-862475890-768x525-1-100x68.jpg 100w\" sizes=\"auto, (max-width: 768px) 100vw, 768px\" \/><\/figure>\n<\/figure>\n\n\n\n<h2 class=\"wp-block-heading\">#1 Jenny Fairy bord\u00f3 sz\u00edn\u0171 cip\u0151k&nbsp;<\/h2>\n\n\n\n<p>Nem hagyhatjuk figyelmen k\u00edv\u00fcl ezt a cip\u0151modellt! \u00d6tv\u00f6zi az \u00f6sszes szezon\u00e1lis trendet. N\u00e9pszer\u0171s\u00e9g\u00fcket eredeti fels\u0151r\u00e9sz\u00fcknek \u00e9s sz\u00edn\u00fcknek k\u00f6sz\u00f6nhetik. &nbsp;<\/p>\n\n\n\n<p>F\u00e9nyes fels\u0151r\u00e9sz\u00fck nagyon j\u00f3l kombin\u00e1lhat\u00f3 eleg\u00e1ns ruhadarabokkal, emellett a h\u00e9tk\u00f6znapi outfiteket is k\u00e9pesek feldobni.\u00a0<\/p>\n\n\n\n<figure class=\"wp-block-gallery has-nested-images columns-default is-cropped wp-block-gallery-2 is-layout-flex wp-block-gallery-is-layout-flex\">\n<figure class=\"wp-block-image size-large\"><img loading=\"lazy\" decoding=\"async\" width=\"683\" height=\"1024\" data-id=\"10355\" src=\"https:\/\/blog.ccc.eu\/hu\/wp-content\/uploads\/2024\/10\/CCC_5905588790747_01pop-683x1024-1.jpg\" alt=\"\" class=\"wp-image-10355\" srcset=\"https:\/\/blog.ccc.eu\/hu\/wp-content\/uploads\/2024\/10\/CCC_5905588790747_01pop-683x1024-1.jpg 683w, https:\/\/blog.ccc.eu\/hu\/wp-content\/uploads\/2024\/10\/CCC_5905588790747_01pop-683x1024-1-200x300.jpg 200w, https:\/\/blog.ccc.eu\/hu\/wp-content\/uploads\/2024\/10\/CCC_5905588790747_01pop-683x1024-1-100x150.jpg 100w\" sizes=\"auto, (max-width: 683px) 100vw, 683px\" \/><\/figure>\n\n\n\n<figure class=\"wp-block-image size-large\"><img loading=\"lazy\" decoding=\"async\" width=\"683\" height=\"1024\" data-id=\"10356\" src=\"https:\/\/blog.ccc.eu\/hu\/wp-content\/uploads\/2024\/10\/CCC_5905588790747_02_M-683x1024-1.jpg\" alt=\"\" class=\"wp-image-10356\" srcset=\"https:\/\/blog.ccc.eu\/hu\/wp-content\/uploads\/2024\/10\/CCC_5905588790747_02_M-683x1024-1.jpg 683w, https:\/\/blog.ccc.eu\/hu\/wp-content\/uploads\/2024\/10\/CCC_5905588790747_02_M-683x1024-1-200x300.jpg 200w, https:\/\/blog.ccc.eu\/hu\/wp-content\/uploads\/2024\/10\/CCC_5905588790747_02_M-683x1024-1-100x150.jpg 100w\" sizes=\"auto, (max-width: 683px) 100vw, 683px\" \/><\/figure>\n<\/figure>\n\n\n\n<h2 class=\"wp-block-heading\">#2 Jenny Fairy bord\u00f3 t\u0171sark\u00fa l\u00e1bbelik&nbsp;<\/h2>\n\n\n\n<p>A Jenny Fairy m\u00e1rka vel\u00farb\u0151r magassark\u00fai ide\u00e1lisak lesznek \u0151szre. Kiv\u00e1l\u00f3 min\u0151s\u00e9g\u00fcknek k\u00f6sz\u00f6nhet\u0151en \u00e9vekig viselhetj\u00fck ezeket a darabokat.\u00a0<\/p>\n\n\n\n<p>Ezek a l\u00e1bbelik klasszikus st\u00edlus\u00faak, \u00edgy nemcsak id\u0151t\u00e1ll\u00f3 diz\u00e1jnjukkal, hanem kiemelked\u0151 anyagmin\u0151s\u00e9g\u00fckkel is rabul ejtik a sz\u00edv\u00fcnket.\u00a0<\/p>\n\n\n\n<figure class=\"wp-block-gallery has-nested-images columns-default is-cropped wp-block-gallery-3 is-layout-flex wp-block-gallery-is-layout-flex\">\n<figure class=\"wp-block-image size-large\"><img loading=\"lazy\" decoding=\"async\" width=\"683\" height=\"1024\" data-id=\"10357\" src=\"https:\/\/blog.ccc.eu\/hu\/wp-content\/uploads\/2024\/10\/CCC_5905588719380_01pop-683x1024-1.jpg\" alt=\"\" class=\"wp-image-10357\" srcset=\"https:\/\/blog.ccc.eu\/hu\/wp-content\/uploads\/2024\/10\/CCC_5905588719380_01pop-683x1024-1.jpg 683w, https:\/\/blog.ccc.eu\/hu\/wp-content\/uploads\/2024\/10\/CCC_5905588719380_01pop-683x1024-1-200x300.jpg 200w, https:\/\/blog.ccc.eu\/hu\/wp-content\/uploads\/2024\/10\/CCC_5905588719380_01pop-683x1024-1-100x150.jpg 100w\" sizes=\"auto, (max-width: 683px) 100vw, 683px\" \/><\/figure>\n\n\n\n<figure class=\"wp-block-image size-large\"><img loading=\"lazy\" decoding=\"async\" width=\"683\" height=\"1024\" data-id=\"10358\" src=\"https:\/\/blog.ccc.eu\/hu\/wp-content\/uploads\/2024\/10\/CCC_5905588719380_02_M-683x1024-1.jpg\" alt=\"\" class=\"wp-image-10358\" srcset=\"https:\/\/blog.ccc.eu\/hu\/wp-content\/uploads\/2024\/10\/CCC_5905588719380_02_M-683x1024-1.jpg 683w, https:\/\/blog.ccc.eu\/hu\/wp-content\/uploads\/2024\/10\/CCC_5905588719380_02_M-683x1024-1-200x300.jpg 200w, https:\/\/blog.ccc.eu\/hu\/wp-content\/uploads\/2024\/10\/CCC_5905588719380_02_M-683x1024-1-100x150.jpg 100w\" sizes=\"auto, (max-width: 683px) 100vw, 683px\" \/><\/figure>\n<\/figure>\n\n\n\n<h2 class=\"wp-block-heading\">#3 Bord\u00f3 Mary Jane magassark\u00fa l\u00e1bbelik\u00a0a Sergio Bardi m\u00e1rk\u00e1t\u00f3l\u00a0<\/h2>\n\n\n\n<p>Ezek a modellek gy\u00f6ny\u00f6rk\u00f6dtetni fognak minket id\u00e9n \u0151sszel! A Sergio Bardi m\u00e1rka, amely mindig a precizit\u00e1sra \u00e9s a r\u00e9szletekre \u00f6sszpontos\u00edt, egy igaz\u00e1n egyedi modellt alkotott az \u00faj szezonra. Az alacsony sarok, \u00e9s a Mary Jane st\u00edlus is t\u00f6k\u00e9letes v\u00e1laszt\u00e1snak bizonyul.<\/p>\n\n\n\n<p>Az enyh\u00e9n hegyes orr a modern trendekre, de a klasszikusokra is utal. \u00c9s persze a sz\u00edn. Az intenz\u00edv, lakkozott bord\u00f3 cip\u0151 az eleg\u00e1ns \u00e9s a h\u00e9tk\u00f6znapi st\u00edlusban egyar\u00e1nt meg\u00e1llja a hely\u00e9t. <\/p>\n\n\n\n<figure class=\"wp-block-gallery has-nested-images columns-default is-cropped wp-block-gallery-4 is-layout-flex wp-block-gallery-is-layout-flex\">\n<figure class=\"wp-block-image size-large\"><img loading=\"lazy\" decoding=\"async\" width=\"683\" height=\"1024\" data-id=\"10359\" src=\"https:\/\/blog.ccc.eu\/hu\/wp-content\/uploads\/2024\/10\/CCC_5905588790297_01-1-683x1024-1.jpg\" alt=\"\" class=\"wp-image-10359\" srcset=\"https:\/\/blog.ccc.eu\/hu\/wp-content\/uploads\/2024\/10\/CCC_5905588790297_01-1-683x1024-1.jpg 683w, https:\/\/blog.ccc.eu\/hu\/wp-content\/uploads\/2024\/10\/CCC_5905588790297_01-1-683x1024-1-200x300.jpg 200w, https:\/\/blog.ccc.eu\/hu\/wp-content\/uploads\/2024\/10\/CCC_5905588790297_01-1-683x1024-1-100x150.jpg 100w\" sizes=\"auto, (max-width: 683px) 100vw, 683px\" \/><\/figure>\n\n\n\n<figure class=\"wp-block-image size-large\"><img loading=\"lazy\" decoding=\"async\" width=\"683\" height=\"1024\" data-id=\"10360\" src=\"https:\/\/blog.ccc.eu\/hu\/wp-content\/uploads\/2024\/10\/CCC_5905588790297_07-683x1024-1.jpg\" alt=\"\" class=\"wp-image-10360\" srcset=\"https:\/\/blog.ccc.eu\/hu\/wp-content\/uploads\/2024\/10\/CCC_5905588790297_07-683x1024-1.jpg 683w, https:\/\/blog.ccc.eu\/hu\/wp-content\/uploads\/2024\/10\/CCC_5905588790297_07-683x1024-1-200x300.jpg 200w, https:\/\/blog.ccc.eu\/hu\/wp-content\/uploads\/2024\/10\/CCC_5905588790297_07-683x1024-1-100x150.jpg 100w\" sizes=\"auto, (max-width: 683px) 100vw, 683px\" \/><\/figure>\n<\/figure>\n\n\n\n<p>N\u00e9zd meg a st\u00edlusos magassark\u00fa \u00e9s lapos talp\u00fa bokacsizm\u00e1kat&nbsp;<a href=\"https:\/\/ccc.eu\/hu\/sklepy\" target=\"_blank\" rel=\"noreferrer noopener\">CCC \u00fczleteinkben<\/a>,&nbsp;<a href=\"https:\/\/ccc.eu\/hu\/\" target=\"_blank\" rel=\"noreferrer noopener\">webshopunkban<\/a>, \u00e9s az&nbsp;<a href=\"https:\/\/ccc.eu\/hu\/mobile-app\" target=\"_blank\" rel=\"noreferrer noopener\">alkalmaz\u00e1sban<\/a>. Legy\u00e9l&nbsp;<a href=\"https:\/\/ccc.eu\/hu\/klub-ccc\" target=\"_blank\" rel=\"noreferrer noopener\">CCC klubtag<\/a>&nbsp;is, \u00e9s \u00e9lvezd a k\u00e9nyelmes \u00e9s kedvezm\u00e9nyes v\u00e1s\u00e1rl\u00e1si lehet\u0151s\u00e9geket! K\u00f6vesd vel\u00fcnk a divatot&nbsp;<a href=\"https:\/\/www.facebook.com\/CCC.Hungary\/\" target=\"_blank\" rel=\"noreferrer noopener\">Facebookon,<\/a>&nbsp;\u00e9s inspir\u00e1l\u00f3dj vel\u00fcnk az&nbsp;<a href=\"https:\/\/www.instagram.com\/cccshoesbags\/\" target=\"_blank\" rel=\"noreferrer noopener\">Instagramon<\/a>&nbsp;is!&nbsp;&nbsp;&nbsp;&nbsp;&nbsp;<\/p>\n","protected":false},"excerpt":{"rendered":"<p>M\u00e1r az el\u0151z\u0151 szezonban is lehetett tudni, hogy a bord\u00f3 sz\u00edn sok\u00e1ig a trendek \u00e9l\u00e9n fog \u00e1llni. Az \u0151szi \u00e9s t\u00e9li szezonban nem lehet nem \u00e9szrevenni, hogy a ruha- \u00e9s l\u00e1bbelikollekci\u00f3k is a bord\u00f3 sz\u00ednt \u00e9s annak minden \u00e1rnyalat\u00e1t r\u00e9szes\u00edtik el\u0151nyben. Ez a sz\u00edn nemcsak az \u0151szi st\u00edlushoz, hanem a j\u00f6v\u0151 \u00e9vi tavaszi szezonra is [&hellip;]<\/p>\n","protected":false},"author":22,"featured_media":10354,"comment_status":"open","ping_status":"open","sticky":false,"template":"","format":"standard","meta":{"_acf_changed":false,"footnotes":""},"categories":[6],"tags":[1143,560,1162,786],"class_list":["post-10352","post","type-post","status-publish","format-standard","has-post-thumbnail","hentry","category-trendek","tag-bordo","tag-ccc","tag-labbelik","tag-trendek"],"acf":[],"yoast_head":"<!-- This site is optimized with the Yoast SEO plugin v26.9 - https:\/\/yoast.com\/product\/yoast-seo-wordpress\/ -->\n<title>Trendriad\u00f3: bord\u00f3 l\u00e1bbelik a trendek \u00e9l\u00e9n\u00a0 - CCC Fashion blog<\/title>\n<meta name=\"description\" content=\"2026\" \/>\n<meta name=\"robots\" content=\"index, follow, max-snippet:-1, max-image-preview:large, max-video-preview:-1\" \/>\n<link rel=\"canonical\" href=\"https:\/\/blog.ccc.eu\/hu\/trendriado-bordo-labbelik-a-trendek-elen\/\" \/>\n<meta property=\"og:locale\" content=\"hu_HU\" \/>\n<meta property=\"og:type\" content=\"article\" \/>\n<meta property=\"og:title\" content=\"Trendriad\u00f3: bord\u00f3 l\u00e1bbelik a trendek \u00e9l\u00e9n\u00a0 - CCC Fashion blog\" \/>\n<meta property=\"og:description\" content=\"M\u00e1r az el\u0151z\u0151 szezonban is lehetett tudni, hogy a bord\u00f3 sz\u00edn sok\u00e1ig a trendek \u00e9l\u00e9n fog \u00e1llni. Az \u0151szi \u00e9s t\u00e9li szezonban nem lehet nem \u00e9szrevenni, hogy a ruha- \u00e9s l\u00e1bbelikollekci\u00f3k is a bord\u00f3 sz\u00ednt \u00e9s annak minden \u00e1rnyalat\u00e1t r\u00e9szes\u00edtik el\u0151nyben. Ez a sz\u00edn nemcsak az \u0151szi st\u00edlushoz, hanem a j\u00f6v\u0151 \u00e9vi tavaszi szezonra is [&hellip;]\" \/>\n<meta property=\"og:url\" content=\"https:\/\/blog.ccc.eu\/hu\/trendriado-bordo-labbelik-a-trendek-elen\/\" \/>\n<meta property=\"og:site_name\" content=\"CCC Fashion blog\" \/>\n<meta property=\"article:published_time\" content=\"2024-10-11T10:56:40+00:00\" \/>\n<meta property=\"article:modified_time\" content=\"2024-10-11T10:56:41+00:00\" \/>\n<meta property=\"og:image\" content=\"https:\/\/blog.ccc.eu\/hu\/wp-content\/uploads\/2024\/10\/GettyImages-862475890-768x525-1.jpg\" \/>\n\t<meta property=\"og:image:width\" content=\"768\" \/>\n\t<meta property=\"og:image:height\" content=\"525\" \/>\n\t<meta property=\"og:image:type\" content=\"image\/jpeg\" \/>\n<meta name=\"author\" content=\"Beatrix Korosi\" \/>\n<meta name=\"twitter:card\" content=\"summary_large_image\" \/>\n<meta name=\"twitter:label1\" content=\"Szerz\u0151:\" \/>\n\t<meta name=\"twitter:data1\" content=\"Beatrix Korosi\" \/>\n\t<meta name=\"twitter:label2\" content=\"Becs\u00fclt olvas\u00e1si id\u0151\" \/>\n\t<meta name=\"twitter:data2\" content=\"2 perc\" \/>\n<script type=\"application\/ld+json\" class=\"yoast-schema-graph\">{\"@context\":\"https:\/\/schema.org\",\"@graph\":[{\"@type\":\"Article\",\"@id\":\"https:\/\/blog.ccc.eu\/hu\/trendriado-bordo-labbelik-a-trendek-elen\/#article\",\"isPartOf\":{\"@id\":\"https:\/\/blog.ccc.eu\/hu\/trendriado-bordo-labbelik-a-trendek-elen\/\"},\"author\":{\"name\":\"Beatrix Korosi\",\"@id\":\"https:\/\/blog.ccc.eu\/hu\/#\/schema\/person\/b37d4e58a15b8cc6b1339218cfeb7c10\"},\"headline\":\"Trendriad\u00f3: bord\u00f3 l\u00e1bbelik a trendek \u00e9l\u00e9n\u00a0\",\"datePublished\":\"2024-10-11T10:56:40+00:00\",\"dateModified\":\"2024-10-11T10:56:41+00:00\",\"mainEntityOfPage\":{\"@id\":\"https:\/\/blog.ccc.eu\/hu\/trendriado-bordo-labbelik-a-trendek-elen\/\"},\"wordCount\":402,\"commentCount\":0,\"publisher\":{\"@id\":\"https:\/\/blog.ccc.eu\/hu\/#organization\"},\"image\":{\"@id\":\"https:\/\/blog.ccc.eu\/hu\/trendriado-bordo-labbelik-a-trendek-elen\/#primaryimage\"},\"thumbnailUrl\":\"https:\/\/blog.ccc.eu\/hu\/wp-content\/uploads\/2024\/10\/GettyImages-862475890-768x525-1.jpg\",\"keywords\":[\"Bord\u00f3\",\"CCC\",\"L\u00e1bbelik\",\"trendek\"],\"articleSection\":[\"TRENDEK\"],\"inLanguage\":\"hu\",\"potentialAction\":[{\"@type\":\"CommentAction\",\"name\":\"Comment\",\"target\":[\"https:\/\/blog.ccc.eu\/hu\/trendriado-bordo-labbelik-a-trendek-elen\/#respond\"]}]},{\"@type\":\"WebPage\",\"@id\":\"https:\/\/blog.ccc.eu\/hu\/trendriado-bordo-labbelik-a-trendek-elen\/\",\"url\":\"https:\/\/blog.ccc.eu\/hu\/trendriado-bordo-labbelik-a-trendek-elen\/\",\"name\":\"Trendriad\u00f3: bord\u00f3 l\u00e1bbelik a trendek \u00e9l\u00e9n\u00a0 - CCC Fashion blog\",\"isPartOf\":{\"@id\":\"https:\/\/blog.ccc.eu\/hu\/#website\"},\"primaryImageOfPage\":{\"@id\":\"https:\/\/blog.ccc.eu\/hu\/trendriado-bordo-labbelik-a-trendek-elen\/#primaryimage\"},\"image\":{\"@id\":\"https:\/\/blog.ccc.eu\/hu\/trendriado-bordo-labbelik-a-trendek-elen\/#primaryimage\"},\"thumbnailUrl\":\"https:\/\/blog.ccc.eu\/hu\/wp-content\/uploads\/2024\/10\/GettyImages-862475890-768x525-1.jpg\",\"datePublished\":\"2024-10-11T10:56:40+00:00\",\"dateModified\":\"2024-10-11T10:56:41+00:00\",\"breadcrumb\":{\"@id\":\"https:\/\/blog.ccc.eu\/hu\/trendriado-bordo-labbelik-a-trendek-elen\/#breadcrumb\"},\"inLanguage\":\"hu\",\"potentialAction\":[{\"@type\":\"ReadAction\",\"target\":[\"https:\/\/blog.ccc.eu\/hu\/trendriado-bordo-labbelik-a-trendek-elen\/\"]}]},{\"@type\":\"ImageObject\",\"inLanguage\":\"hu\",\"@id\":\"https:\/\/blog.ccc.eu\/hu\/trendriado-bordo-labbelik-a-trendek-elen\/#primaryimage\",\"url\":\"https:\/\/blog.ccc.eu\/hu\/wp-content\/uploads\/2024\/10\/GettyImages-862475890-768x525-1.jpg\",\"contentUrl\":\"https:\/\/blog.ccc.eu\/hu\/wp-content\/uploads\/2024\/10\/GettyImages-862475890-768x525-1.jpg\",\"width\":768,\"height\":525},{\"@type\":\"BreadcrumbList\",\"@id\":\"https:\/\/blog.ccc.eu\/hu\/trendriado-bordo-labbelik-a-trendek-elen\/#breadcrumb\",\"itemListElement\":[{\"@type\":\"ListItem\",\"position\":1,\"name\":\"Strona g\u0142\u00f3wna\",\"item\":\"https:\/\/blog.ccc.eu\/hu\/\"},{\"@type\":\"ListItem\",\"position\":2,\"name\":\"Trendriad\u00f3: bord\u00f3 l\u00e1bbelik a trendek \u00e9l\u00e9n\u00a0\"}]},{\"@type\":\"WebSite\",\"@id\":\"https:\/\/blog.ccc.eu\/hu\/#website\",\"url\":\"https:\/\/blog.ccc.eu\/hu\/\",\"name\":\"CCC Fashion blog\",\"description\":\"Az \u00d6n helye tele van divatihletekkel\",\"publisher\":{\"@id\":\"https:\/\/blog.ccc.eu\/hu\/#organization\"},\"potentialAction\":[{\"@type\":\"SearchAction\",\"target\":{\"@type\":\"EntryPoint\",\"urlTemplate\":\"https:\/\/blog.ccc.eu\/hu\/?s={search_term_string}\"},\"query-input\":{\"@type\":\"PropertyValueSpecification\",\"valueRequired\":true,\"valueName\":\"search_term_string\"}}],\"inLanguage\":\"hu\"},{\"@type\":\"Organization\",\"@id\":\"https:\/\/blog.ccc.eu\/hu\/#organization\",\"name\":\"CCC S.A.\",\"url\":\"https:\/\/blog.ccc.eu\/hu\/\",\"logo\":{\"@type\":\"ImageObject\",\"inLanguage\":\"hu\",\"@id\":\"https:\/\/blog.ccc.eu\/hu\/#\/schema\/logo\/image\/\",\"url\":\"https:\/\/blog.ccc.eu\/hu\/wp-content\/uploads\/2021\/11\/logo_ccc.png\",\"contentUrl\":\"https:\/\/blog.ccc.eu\/hu\/wp-content\/uploads\/2021\/11\/logo_ccc.png\",\"width\":730,\"height\":270,\"caption\":\"CCC S.A.\"},\"image\":{\"@id\":\"https:\/\/blog.ccc.eu\/hu\/#\/schema\/logo\/image\/\"}},{\"@type\":\"Person\",\"@id\":\"https:\/\/blog.ccc.eu\/hu\/#\/schema\/person\/b37d4e58a15b8cc6b1339218cfeb7c10\",\"name\":\"Beatrix Korosi\",\"image\":{\"@type\":\"ImageObject\",\"inLanguage\":\"hu\",\"@id\":\"https:\/\/blog.ccc.eu\/hu\/#\/schema\/person\/image\/\",\"url\":\"https:\/\/blog.ccc.eu\/hu\/wp-content\/uploads\/2022\/11\/Bea-150x150.jpg\",\"contentUrl\":\"https:\/\/blog.ccc.eu\/hu\/wp-content\/uploads\/2022\/11\/Bea-150x150.jpg\",\"caption\":\"Beatrix Korosi\"},\"url\":\"https:\/\/blog.ccc.eu\/hu\/author\/beatrix-korosi\/\"}]}<\/script>\n<!-- \/ Yoast SEO plugin. -->","yoast_head_json":{"title":"Trendriad\u00f3: bord\u00f3 l\u00e1bbelik a trendek \u00e9l\u00e9n\u00a0 - CCC Fashion blog","description":"2026","robots":{"index":"index","follow":"follow","max-snippet":"max-snippet:-1","max-image-preview":"max-image-preview:large","max-video-preview":"max-video-preview:-1"},"canonical":"https:\/\/blog.ccc.eu\/hu\/trendriado-bordo-labbelik-a-trendek-elen\/","og_locale":"hu_HU","og_type":"article","og_title":"Trendriad\u00f3: bord\u00f3 l\u00e1bbelik a trendek \u00e9l\u00e9n\u00a0 - CCC Fashion blog","og_description":"M\u00e1r az el\u0151z\u0151 szezonban is lehetett tudni, hogy a bord\u00f3 sz\u00edn sok\u00e1ig a trendek \u00e9l\u00e9n fog \u00e1llni. Az \u0151szi \u00e9s t\u00e9li szezonban nem lehet nem \u00e9szrevenni, hogy a ruha- \u00e9s l\u00e1bbelikollekci\u00f3k is a bord\u00f3 sz\u00ednt \u00e9s annak minden \u00e1rnyalat\u00e1t r\u00e9szes\u00edtik el\u0151nyben. Ez a sz\u00edn nemcsak az \u0151szi st\u00edlushoz, hanem a j\u00f6v\u0151 \u00e9vi tavaszi szezonra is [&hellip;]","og_url":"https:\/\/blog.ccc.eu\/hu\/trendriado-bordo-labbelik-a-trendek-elen\/","og_site_name":"CCC Fashion blog","article_published_time":"2024-10-11T10:56:40+00:00","article_modified_time":"2024-10-11T10:56:41+00:00","og_image":[{"width":768,"height":525,"url":"https:\/\/blog.ccc.eu\/hu\/wp-content\/uploads\/2024\/10\/GettyImages-862475890-768x525-1.jpg","type":"image\/jpeg"}],"author":"Beatrix Korosi","twitter_card":"summary_large_image","twitter_misc":{"Szerz\u0151:":"Beatrix Korosi","Becs\u00fclt olvas\u00e1si id\u0151":"2 perc"},"schema":{"@context":"https:\/\/schema.org","@graph":[{"@type":"Article","@id":"https:\/\/blog.ccc.eu\/hu\/trendriado-bordo-labbelik-a-trendek-elen\/#article","isPartOf":{"@id":"https:\/\/blog.ccc.eu\/hu\/trendriado-bordo-labbelik-a-trendek-elen\/"},"author":{"name":"Beatrix Korosi","@id":"https:\/\/blog.ccc.eu\/hu\/#\/schema\/person\/b37d4e58a15b8cc6b1339218cfeb7c10"},"headline":"Trendriad\u00f3: bord\u00f3 l\u00e1bbelik a trendek \u00e9l\u00e9n\u00a0","datePublished":"2024-10-11T10:56:40+00:00","dateModified":"2024-10-11T10:56:41+00:00","mainEntityOfPage":{"@id":"https:\/\/blog.ccc.eu\/hu\/trendriado-bordo-labbelik-a-trendek-elen\/"},"wordCount":402,"commentCount":0,"publisher":{"@id":"https:\/\/blog.ccc.eu\/hu\/#organization"},"image":{"@id":"https:\/\/blog.ccc.eu\/hu\/trendriado-bordo-labbelik-a-trendek-elen\/#primaryimage"},"thumbnailUrl":"https:\/\/blog.ccc.eu\/hu\/wp-content\/uploads\/2024\/10\/GettyImages-862475890-768x525-1.jpg","keywords":["Bord\u00f3","CCC","L\u00e1bbelik","trendek"],"articleSection":["TRENDEK"],"inLanguage":"hu","potentialAction":[{"@type":"CommentAction","name":"Comment","target":["https:\/\/blog.ccc.eu\/hu\/trendriado-bordo-labbelik-a-trendek-elen\/#respond"]}]},{"@type":"WebPage","@id":"https:\/\/blog.ccc.eu\/hu\/trendriado-bordo-labbelik-a-trendek-elen\/","url":"https:\/\/blog.ccc.eu\/hu\/trendriado-bordo-labbelik-a-trendek-elen\/","name":"Trendriad\u00f3: bord\u00f3 l\u00e1bbelik a trendek \u00e9l\u00e9n\u00a0 - CCC Fashion blog","isPartOf":{"@id":"https:\/\/blog.ccc.eu\/hu\/#website"},"primaryImageOfPage":{"@id":"https:\/\/blog.ccc.eu\/hu\/trendriado-bordo-labbelik-a-trendek-elen\/#primaryimage"},"image":{"@id":"https:\/\/blog.ccc.eu\/hu\/trendriado-bordo-labbelik-a-trendek-elen\/#primaryimage"},"thumbnailUrl":"https:\/\/blog.ccc.eu\/hu\/wp-content\/uploads\/2024\/10\/GettyImages-862475890-768x525-1.jpg","datePublished":"2024-10-11T10:56:40+00:00","dateModified":"2024-10-11T10:56:41+00:00","breadcrumb":{"@id":"https:\/\/blog.ccc.eu\/hu\/trendriado-bordo-labbelik-a-trendek-elen\/#breadcrumb"},"inLanguage":"hu","potentialAction":[{"@type":"ReadAction","target":["https:\/\/blog.ccc.eu\/hu\/trendriado-bordo-labbelik-a-trendek-elen\/"]}]},{"@type":"ImageObject","inLanguage":"hu","@id":"https:\/\/blog.ccc.eu\/hu\/trendriado-bordo-labbelik-a-trendek-elen\/#primaryimage","url":"https:\/\/blog.ccc.eu\/hu\/wp-content\/uploads\/2024\/10\/GettyImages-862475890-768x525-1.jpg","contentUrl":"https:\/\/blog.ccc.eu\/hu\/wp-content\/uploads\/2024\/10\/GettyImages-862475890-768x525-1.jpg","width":768,"height":525},{"@type":"BreadcrumbList","@id":"https:\/\/blog.ccc.eu\/hu\/trendriado-bordo-labbelik-a-trendek-elen\/#breadcrumb","itemListElement":[{"@type":"ListItem","position":1,"name":"Strona g\u0142\u00f3wna","item":"https:\/\/blog.ccc.eu\/hu\/"},{"@type":"ListItem","position":2,"name":"Trendriad\u00f3: bord\u00f3 l\u00e1bbelik a trendek \u00e9l\u00e9n\u00a0"}]},{"@type":"WebSite","@id":"https:\/\/blog.ccc.eu\/hu\/#website","url":"https:\/\/blog.ccc.eu\/hu\/","name":"CCC Fashion blog","description":"Az \u00d6n helye tele van divatihletekkel","publisher":{"@id":"https:\/\/blog.ccc.eu\/hu\/#organization"},"potentialAction":[{"@type":"SearchAction","target":{"@type":"EntryPoint","urlTemplate":"https:\/\/blog.ccc.eu\/hu\/?s={search_term_string}"},"query-input":{"@type":"PropertyValueSpecification","valueRequired":true,"valueName":"search_term_string"}}],"inLanguage":"hu"},{"@type":"Organization","@id":"https:\/\/blog.ccc.eu\/hu\/#organization","name":"CCC S.A.","url":"https:\/\/blog.ccc.eu\/hu\/","logo":{"@type":"ImageObject","inLanguage":"hu","@id":"https:\/\/blog.ccc.eu\/hu\/#\/schema\/logo\/image\/","url":"https:\/\/blog.ccc.eu\/hu\/wp-content\/uploads\/2021\/11\/logo_ccc.png","contentUrl":"https:\/\/blog.ccc.eu\/hu\/wp-content\/uploads\/2021\/11\/logo_ccc.png","width":730,"height":270,"caption":"CCC S.A."},"image":{"@id":"https:\/\/blog.ccc.eu\/hu\/#\/schema\/logo\/image\/"}},{"@type":"Person","@id":"https:\/\/blog.ccc.eu\/hu\/#\/schema\/person\/b37d4e58a15b8cc6b1339218cfeb7c10","name":"Beatrix Korosi","image":{"@type":"ImageObject","inLanguage":"hu","@id":"https:\/\/blog.ccc.eu\/hu\/#\/schema\/person\/image\/","url":"https:\/\/blog.ccc.eu\/hu\/wp-content\/uploads\/2022\/11\/Bea-150x150.jpg","contentUrl":"https:\/\/blog.ccc.eu\/hu\/wp-content\/uploads\/2022\/11\/Bea-150x150.jpg","caption":"Beatrix Korosi"},"url":"https:\/\/blog.ccc.eu\/hu\/author\/beatrix-korosi\/"}]}},"_links":{"self":[{"href":"https:\/\/blog.ccc.eu\/hu\/wp-json\/wp\/v2\/posts\/10352","targetHints":{"allow":["GET"]}}],"collection":[{"href":"https:\/\/blog.ccc.eu\/hu\/wp-json\/wp\/v2\/posts"}],"about":[{"href":"https:\/\/blog.ccc.eu\/hu\/wp-json\/wp\/v2\/types\/post"}],"author":[{"embeddable":true,"href":"https:\/\/blog.ccc.eu\/hu\/wp-json\/wp\/v2\/users\/22"}],"replies":[{"embeddable":true,"href":"https:\/\/blog.ccc.eu\/hu\/wp-json\/wp\/v2\/comments?post=10352"}],"version-history":[{"count":2,"href":"https:\/\/blog.ccc.eu\/hu\/wp-json\/wp\/v2\/posts\/10352\/revisions"}],"predecessor-version":[{"id":10361,"href":"https:\/\/blog.ccc.eu\/hu\/wp-json\/wp\/v2\/posts\/10352\/revisions\/10361"}],"wp:featuredmedia":[{"embeddable":true,"href":"https:\/\/blog.ccc.eu\/hu\/wp-json\/wp\/v2\/media\/10354"}],"wp:attachment":[{"href":"https:\/\/blog.ccc.eu\/hu\/wp-json\/wp\/v2\/media?parent=10352"}],"wp:term":[{"taxonomy":"category","embeddable":true,"href":"https:\/\/blog.ccc.eu\/hu\/wp-json\/wp\/v2\/categories?post=10352"},{"taxonomy":"post_tag","embeddable":true,"href":"https:\/\/blog.ccc.eu\/hu\/wp-json\/wp\/v2\/tags?post=10352"}],"curies":[{"name":"wp","href":"https:\/\/api.w.org\/{rel}","templated":true}]}}