{"id":10509,"date":"2024-11-25T08:49:24","date_gmt":"2024-11-25T07:49:24","guid":{"rendered":"https:\/\/blog.ccc.eu\/hu\/?p=10509"},"modified":"2024-11-25T08:49:26","modified_gmt":"2024-11-25T07:49:26","slug":"limitalt-gino-rossi-x-marilyn-monroe-kollekcio","status":"publish","type":"post","link":"https:\/\/blog.ccc.eu\/hu\/limitalt-gino-rossi-x-marilyn-monroe-kollekcio\/","title":{"rendered":"Limit\u00e1lt Gino Rossi x Marilyn Monroe kollekci\u00f3\u00a0"},"content":{"rendered":"\n<p><b>Az id\u0151tlen st\u00edlus \u00e9s a hollywoodi elegancia visszat\u00e9rt a CCC-be! A limit\u00e1lt Gino Rossi x Marilyn Monroe kollekci\u00f3 egy utaz\u00e1sra invit\u00e1l minket Hollywood aranykor\u00e1ba. A kollekci\u00f3ban tal\u00e1lhat\u00f3 l\u00e1bbelik \u00e9s t\u00e1sk\u00e1k az 1950-es \u00e9s 1960-as \u00e9vek st\u00edlus\u00e1t id\u00e9zik.\u00a0Fedezd fel a Marilyn Monroe \u00e1ltal inspir\u00e1lt term\u00e9keket!\u00a0<\/b><\/p>\n\n\n\n<figure class=\"wp-block-gallery has-nested-images columns-default is-cropped wp-block-gallery-1 is-layout-flex wp-block-gallery-is-layout-flex\">\n<figure class=\"wp-block-image size-large\"><img loading=\"lazy\" decoding=\"async\" width=\"512\" height=\"768\" data-id=\"10511\" src=\"https:\/\/blog.ccc.eu\/hu\/wp-content\/uploads\/2024\/11\/CCC_5903419782954_02M_1428_Copy.webp\" alt=\"\" class=\"wp-image-10511\" srcset=\"https:\/\/blog.ccc.eu\/hu\/wp-content\/uploads\/2024\/11\/CCC_5903419782954_02M_1428_Copy.webp 512w, https:\/\/blog.ccc.eu\/hu\/wp-content\/uploads\/2024\/11\/CCC_5903419782954_02M_1428_Copy-200x300.webp 200w, https:\/\/blog.ccc.eu\/hu\/wp-content\/uploads\/2024\/11\/CCC_5903419782954_02M_1428_Copy-100x150.webp 100w\" sizes=\"auto, (max-width: 512px) 100vw, 512px\" \/><\/figure>\n\n\n\n<figure class=\"wp-block-image size-large\"><img loading=\"lazy\" decoding=\"async\" width=\"512\" height=\"768\" data-id=\"10510\" src=\"https:\/\/blog.ccc.eu\/hu\/wp-content\/uploads\/2024\/11\/CCC_5903419900938_02M_1288_Copy.webp\" alt=\"\" class=\"wp-image-10510\" srcset=\"https:\/\/blog.ccc.eu\/hu\/wp-content\/uploads\/2024\/11\/CCC_5903419900938_02M_1288_Copy.webp 512w, https:\/\/blog.ccc.eu\/hu\/wp-content\/uploads\/2024\/11\/CCC_5903419900938_02M_1288_Copy-200x300.webp 200w, https:\/\/blog.ccc.eu\/hu\/wp-content\/uploads\/2024\/11\/CCC_5903419900938_02M_1288_Copy-100x150.webp 100w\" sizes=\"auto, (max-width: 512px) 100vw, 512px\" \/><\/figure>\n<\/figure>\n\n\n\n<h2 class=\"wp-block-heading\">Limit\u00e1lt Gino Rossi x Marilyn Monroe kollekci\u00f3&nbsp;<\/h2>\n\n\n\n<p>A Gino Rossi m\u00e1rka ism\u00e9t megalkotott egy leny\u0171g\u00f6z\u0151 Marilyn Monroe \u00e1ltal inspir\u00e1lt gy\u0171jtem\u00e9nyt. Az els\u0151 kollekci\u00f3 sikere ut\u00e1n ism\u00e9t l\u00e9legzetel\u00e1ll\u00edt\u00f3 modelleket csod\u00e1lhatunk meg, amelyek minden id\u0151k egyik legnagyobb ikonja el\u0151tt tisztelegnek.\u00a0<\/p>\n\n\n\n<figure class=\"wp-block-gallery has-nested-images columns-default is-cropped wp-block-gallery-2 is-layout-flex wp-block-gallery-is-layout-flex\">\n<figure class=\"wp-block-image size-large\"><img loading=\"lazy\" decoding=\"async\" width=\"768\" height=\"512\" data-id=\"10519\" src=\"https:\/\/blog.ccc.eu\/hu\/wp-content\/uploads\/2024\/11\/CCC_5903419938986_02M_0565_Copy-768x512-2.webp\" alt=\"\" class=\"wp-image-10519\" srcset=\"https:\/\/blog.ccc.eu\/hu\/wp-content\/uploads\/2024\/11\/CCC_5903419938986_02M_0565_Copy-768x512-2.webp 768w, https:\/\/blog.ccc.eu\/hu\/wp-content\/uploads\/2024\/11\/CCC_5903419938986_02M_0565_Copy-768x512-2-300x200.webp 300w, https:\/\/blog.ccc.eu\/hu\/wp-content\/uploads\/2024\/11\/CCC_5903419938986_02M_0565_Copy-768x512-2-100x67.webp 100w\" sizes=\"auto, (max-width: 768px) 100vw, 768px\" \/><\/figure>\n<\/figure>\n\n\n\n<h2 class=\"wp-block-heading\">Mit tal\u00e1lhatunk a Gino Rossi x Marilyn Monroe kollekci\u00f3ban?&nbsp;<\/h2>\n\n\n\n<p>Ez az \u00faj kollabor\u00e1ci\u00f3 megmutatja, hogy a minimalizmus \u00e9s a modern csillog\u00e1s hogyan \u00f6tv\u00f6z\u0151dik t\u00f6k\u00e9letes szinergi\u00e1ban. A kollekci\u00f3ban gy\u00f6ny\u00f6r\u0171, enyh\u00e9n z\u00e1rt fels\u0151r\u00e9sszel rendelkez\u0151 magassark\u00fa l\u00e1bbeliket is tal\u00e1lunk. A legk\u00fcl\u00f6nlegesebb daraboknak egy\u00e9rtelm\u0171en a fekete fels\u0151r\u00e9sz \u00e9s az arany sarok kombin\u00e1ci\u00f3i sz\u00e1m\u00edtanak.\u00a0<\/p>\n\n\n\n<figure class=\"wp-block-gallery has-nested-images columns-default is-cropped wp-block-gallery-3 is-layout-flex wp-block-gallery-is-layout-flex\">\n<figure class=\"wp-block-image size-large\"><img loading=\"lazy\" decoding=\"async\" width=\"683\" height=\"1024\" data-id=\"10521\" src=\"https:\/\/blog.ccc.eu\/hu\/wp-content\/uploads\/2024\/11\/CCC_5903419900761_01-683x1024.jpg\" alt=\"\" class=\"wp-image-10521\" srcset=\"https:\/\/blog.ccc.eu\/hu\/wp-content\/uploads\/2024\/11\/CCC_5903419900761_01-683x1024.jpg 683w, https:\/\/blog.ccc.eu\/hu\/wp-content\/uploads\/2024\/11\/CCC_5903419900761_01-200x300.jpg 200w, https:\/\/blog.ccc.eu\/hu\/wp-content\/uploads\/2024\/11\/CCC_5903419900761_01-768x1152.jpg 768w, https:\/\/blog.ccc.eu\/hu\/wp-content\/uploads\/2024\/11\/CCC_5903419900761_01-100x150.jpg 100w, https:\/\/blog.ccc.eu\/hu\/wp-content\/uploads\/2024\/11\/CCC_5903419900761_01.jpg 876w\" sizes=\"auto, (max-width: 683px) 100vw, 683px\" \/><\/figure>\n\n\n\n<figure class=\"wp-block-image size-large\"><img loading=\"lazy\" decoding=\"async\" width=\"683\" height=\"1024\" data-id=\"10520\" src=\"https:\/\/blog.ccc.eu\/hu\/wp-content\/uploads\/2024\/11\/CCC_5903419900761_02_M-683x1024.jpg\" alt=\"\" class=\"wp-image-10520\" srcset=\"https:\/\/blog.ccc.eu\/hu\/wp-content\/uploads\/2024\/11\/CCC_5903419900761_02_M-683x1024.jpg 683w, https:\/\/blog.ccc.eu\/hu\/wp-content\/uploads\/2024\/11\/CCC_5903419900761_02_M-200x300.jpg 200w, https:\/\/blog.ccc.eu\/hu\/wp-content\/uploads\/2024\/11\/CCC_5903419900761_02_M-768x1152.jpg 768w, https:\/\/blog.ccc.eu\/hu\/wp-content\/uploads\/2024\/11\/CCC_5903419900761_02_M-100x150.jpg 100w, https:\/\/blog.ccc.eu\/hu\/wp-content\/uploads\/2024\/11\/CCC_5903419900761_02_M.jpg 876w\" sizes=\"auto, (max-width: 683px) 100vw, 683px\" \/><\/figure>\n<\/figure>\n\n\n\n<h2 class=\"wp-block-heading\">Hogyan viselj\u00fck az \u00faj Gino Rossi kollekci\u00f3 elemeit?\u00a0<\/h2>\n\n\n\n<p>A Marilyn Monroe st\u00edlusa \u00e1ltal ihletett l\u00e1bbelik \u00e9s t\u00e1sk\u00e1k nemcsak id\u00e9n, hanem a j\u00f6v\u0151 \u00e9v szezon\u00e1lis st\u00edlusaiban is elk\u00eds\u00e9rnek minket. A term\u00e9szetes b\u0151rb\u0151l k\u00e9sz\u00fclt cip\u0151k \u00e9vekig is szerves r\u00e9sz\u00e9t fogj\u00e1k k\u00e9pezni a gardr\u00f3bunknak. Klasszikus st\u00edlusuknak k\u00f6sz\u00f6nhet\u0151en nemcsak a h\u00e9tk\u00f6znapi szettekhez passzolnak, hanem a kifinomultabbakhoz is. \u00a0<\/p>\n\n\n\n<figure class=\"wp-block-gallery has-nested-images columns-default is-cropped wp-block-gallery-4 is-layout-flex wp-block-gallery-is-layout-flex\">\n<figure class=\"wp-block-image size-large\"><img loading=\"lazy\" decoding=\"async\" width=\"768\" height=\"512\" data-id=\"10513\" src=\"https:\/\/blog.ccc.eu\/hu\/wp-content\/uploads\/2024\/11\/CCC_5903419934896_02M_0933_Copy-768x512-1.webp\" alt=\"\" class=\"wp-image-10513\" srcset=\"https:\/\/blog.ccc.eu\/hu\/wp-content\/uploads\/2024\/11\/CCC_5903419934896_02M_0933_Copy-768x512-1.webp 768w, https:\/\/blog.ccc.eu\/hu\/wp-content\/uploads\/2024\/11\/CCC_5903419934896_02M_0933_Copy-768x512-1-300x200.webp 300w, https:\/\/blog.ccc.eu\/hu\/wp-content\/uploads\/2024\/11\/CCC_5903419934896_02M_0933_Copy-768x512-1-100x67.webp 100w\" sizes=\"auto, (max-width: 768px) 100vw, 768px\" \/><\/figure>\n<\/figure>\n\n\n\n<p>Ismerd meg a Gino Rossi x Marilyn Monroe kollekci\u00f3 term\u00e9keit <a href=\"https:\/\/ccc.eu\/hu\/sklepy\" target=\"_blank\" rel=\"noreferrer noopener\">CCC \u00fczleteinkben<\/a>, <a href=\"https:\/\/ccc.eu\/hu\/\" target=\"_blank\" rel=\"noreferrer noopener\">webshopunkban<\/a>, \u00e9s az <a href=\"https:\/\/ccc.eu\/hu\/mobile-app\" target=\"_blank\" rel=\"noreferrer noopener\">alkalmaz\u00e1sban<\/a>. Legy\u00e9l <a href=\"https:\/\/ccc.eu\/hu\/klub-ccc\" target=\"_blank\" rel=\"noreferrer noopener\">CCC klubtag<\/a> is, \u00e9s \u00e9lvezd a k\u00e9nyelmes \u00e9s kedvezm\u00e9nyes v\u00e1s\u00e1rl\u00e1si lehet\u0151s\u00e9geket! K\u00f6vesd vel\u00fcnk a divatot <a href=\"https:\/\/www.facebook.com\/CCC.Hungary\/\" target=\"_blank\" rel=\"noreferrer noopener\">Facebookon,<\/a> \u00e9s inspir\u00e1l\u00f3dj vel\u00fcnk az <a href=\"https:\/\/www.instagram.com\/cccshoesbags\/\" target=\"_blank\" rel=\"noreferrer noopener\">Instagramon<\/a> is!&nbsp;&nbsp;&nbsp;&nbsp;<\/p>\n","protected":false},"excerpt":{"rendered":"<p>Az id\u0151tlen st\u00edlus \u00e9s a hollywoodi elegancia visszat\u00e9rt a CCC-be! A limit\u00e1lt Gino Rossi x Marilyn Monroe kollekci\u00f3 egy utaz\u00e1sra invit\u00e1l minket Hollywood aranykor\u00e1ba. A kollekci\u00f3ban tal\u00e1lhat\u00f3 l\u00e1bbelik \u00e9s t\u00e1sk\u00e1k az 1950-es \u00e9s 1960-as \u00e9vek st\u00edlus\u00e1t id\u00e9zik.\u00a0Fedezd fel a Marilyn Monroe \u00e1ltal inspir\u00e1lt term\u00e9keket!\u00a0 Limit\u00e1lt Gino Rossi x Marilyn Monroe kollekci\u00f3&nbsp; A Gino Rossi m\u00e1rka [&hellip;]<\/p>\n","protected":false},"author":22,"featured_media":10513,"comment_status":"open","ping_status":"open","sticky":false,"template":"","format":"standard","meta":{"_acf_changed":false,"footnotes":""},"categories":[432],"tags":[560,229,1206,1205,1090],"class_list":["post-10509","post","type-post","status-publish","format-standard","has-post-thumbnail","hentry","category-ujdonsagok","tag-ccc","tag-gino-rossi","tag-kollekcio","tag-marilyn-monroe","tag-ujdonsagok-2"],"acf":[],"yoast_head":"<!-- This site is optimized with the Yoast SEO plugin v26.9 - https:\/\/yoast.com\/product\/yoast-seo-wordpress\/ -->\n<title>Limit\u00e1lt Gino Rossi x Marilyn Monroe kollekci\u00f3\u00a0 - CCC Fashion blog<\/title>\n<meta name=\"description\" content=\"2026\" \/>\n<meta name=\"robots\" content=\"index, follow, max-snippet:-1, max-image-preview:large, max-video-preview:-1\" \/>\n<link rel=\"canonical\" href=\"https:\/\/blog.ccc.eu\/hu\/limitalt-gino-rossi-x-marilyn-monroe-kollekcio\/\" \/>\n<meta property=\"og:locale\" content=\"hu_HU\" \/>\n<meta property=\"og:type\" content=\"article\" \/>\n<meta property=\"og:title\" content=\"Limit\u00e1lt Gino Rossi x Marilyn Monroe kollekci\u00f3\u00a0 - CCC Fashion blog\" \/>\n<meta property=\"og:description\" content=\"Az id\u0151tlen st\u00edlus \u00e9s a hollywoodi elegancia visszat\u00e9rt a CCC-be! A limit\u00e1lt Gino Rossi x Marilyn Monroe kollekci\u00f3 egy utaz\u00e1sra invit\u00e1l minket Hollywood aranykor\u00e1ba. A kollekci\u00f3ban tal\u00e1lhat\u00f3 l\u00e1bbelik \u00e9s t\u00e1sk\u00e1k az 1950-es \u00e9s 1960-as \u00e9vek st\u00edlus\u00e1t id\u00e9zik.\u00a0Fedezd fel a Marilyn Monroe \u00e1ltal inspir\u00e1lt term\u00e9keket!\u00a0 Limit\u00e1lt Gino Rossi x Marilyn Monroe kollekci\u00f3&nbsp; A Gino Rossi m\u00e1rka [&hellip;]\" \/>\n<meta property=\"og:url\" content=\"https:\/\/blog.ccc.eu\/hu\/limitalt-gino-rossi-x-marilyn-monroe-kollekcio\/\" \/>\n<meta property=\"og:site_name\" content=\"CCC Fashion blog\" \/>\n<meta property=\"article:published_time\" content=\"2024-11-25T07:49:24+00:00\" \/>\n<meta property=\"article:modified_time\" content=\"2024-11-25T07:49:26+00:00\" \/>\n<meta property=\"og:image\" content=\"https:\/\/blog.ccc.eu\/hu\/wp-content\/uploads\/2024\/11\/CCC_5903419934896_02M_0933_Copy-768x512-1.webp\" \/>\n\t<meta property=\"og:image:width\" content=\"768\" \/>\n\t<meta property=\"og:image:height\" content=\"512\" \/>\n\t<meta property=\"og:image:type\" content=\"image\/webp\" \/>\n<meta name=\"author\" content=\"Beatrix Korosi\" \/>\n<meta name=\"twitter:card\" content=\"summary_large_image\" \/>\n<meta name=\"twitter:label1\" content=\"Szerz\u0151:\" \/>\n\t<meta name=\"twitter:data1\" content=\"Beatrix Korosi\" \/>\n\t<meta name=\"twitter:label2\" content=\"Becs\u00fclt olvas\u00e1si id\u0151\" \/>\n\t<meta name=\"twitter:data2\" content=\"2 perc\" \/>\n<script type=\"application\/ld+json\" class=\"yoast-schema-graph\">{\"@context\":\"https:\/\/schema.org\",\"@graph\":[{\"@type\":\"Article\",\"@id\":\"https:\/\/blog.ccc.eu\/hu\/limitalt-gino-rossi-x-marilyn-monroe-kollekcio\/#article\",\"isPartOf\":{\"@id\":\"https:\/\/blog.ccc.eu\/hu\/limitalt-gino-rossi-x-marilyn-monroe-kollekcio\/\"},\"author\":{\"name\":\"Beatrix Korosi\",\"@id\":\"https:\/\/blog.ccc.eu\/hu\/#\/schema\/person\/b37d4e58a15b8cc6b1339218cfeb7c10\"},\"headline\":\"Limit\u00e1lt Gino Rossi x Marilyn Monroe kollekci\u00f3\u00a0\",\"datePublished\":\"2024-11-25T07:49:24+00:00\",\"dateModified\":\"2024-11-25T07:49:26+00:00\",\"mainEntityOfPage\":{\"@id\":\"https:\/\/blog.ccc.eu\/hu\/limitalt-gino-rossi-x-marilyn-monroe-kollekcio\/\"},\"wordCount\":342,\"commentCount\":0,\"publisher\":{\"@id\":\"https:\/\/blog.ccc.eu\/hu\/#organization\"},\"image\":{\"@id\":\"https:\/\/blog.ccc.eu\/hu\/limitalt-gino-rossi-x-marilyn-monroe-kollekcio\/#primaryimage\"},\"thumbnailUrl\":\"https:\/\/blog.ccc.eu\/hu\/wp-content\/uploads\/2024\/11\/CCC_5903419934896_02M_0933_Copy-768x512-1.webp\",\"keywords\":[\"CCC\",\"gino rossi\",\"Kollekci\u00f3\",\"Marilyn Monroe\",\"\u00dajdons\u00e1gok\"],\"articleSection\":[\"\u00daJDONS\u00c1GOK\"],\"inLanguage\":\"hu\",\"potentialAction\":[{\"@type\":\"CommentAction\",\"name\":\"Comment\",\"target\":[\"https:\/\/blog.ccc.eu\/hu\/limitalt-gino-rossi-x-marilyn-monroe-kollekcio\/#respond\"]}]},{\"@type\":\"WebPage\",\"@id\":\"https:\/\/blog.ccc.eu\/hu\/limitalt-gino-rossi-x-marilyn-monroe-kollekcio\/\",\"url\":\"https:\/\/blog.ccc.eu\/hu\/limitalt-gino-rossi-x-marilyn-monroe-kollekcio\/\",\"name\":\"Limit\u00e1lt Gino Rossi x Marilyn Monroe kollekci\u00f3\u00a0 - CCC Fashion blog\",\"isPartOf\":{\"@id\":\"https:\/\/blog.ccc.eu\/hu\/#website\"},\"primaryImageOfPage\":{\"@id\":\"https:\/\/blog.ccc.eu\/hu\/limitalt-gino-rossi-x-marilyn-monroe-kollekcio\/#primaryimage\"},\"image\":{\"@id\":\"https:\/\/blog.ccc.eu\/hu\/limitalt-gino-rossi-x-marilyn-monroe-kollekcio\/#primaryimage\"},\"thumbnailUrl\":\"https:\/\/blog.ccc.eu\/hu\/wp-content\/uploads\/2024\/11\/CCC_5903419934896_02M_0933_Copy-768x512-1.webp\",\"datePublished\":\"2024-11-25T07:49:24+00:00\",\"dateModified\":\"2024-11-25T07:49:26+00:00\",\"breadcrumb\":{\"@id\":\"https:\/\/blog.ccc.eu\/hu\/limitalt-gino-rossi-x-marilyn-monroe-kollekcio\/#breadcrumb\"},\"inLanguage\":\"hu\",\"potentialAction\":[{\"@type\":\"ReadAction\",\"target\":[\"https:\/\/blog.ccc.eu\/hu\/limitalt-gino-rossi-x-marilyn-monroe-kollekcio\/\"]}]},{\"@type\":\"ImageObject\",\"inLanguage\":\"hu\",\"@id\":\"https:\/\/blog.ccc.eu\/hu\/limitalt-gino-rossi-x-marilyn-monroe-kollekcio\/#primaryimage\",\"url\":\"https:\/\/blog.ccc.eu\/hu\/wp-content\/uploads\/2024\/11\/CCC_5903419934896_02M_0933_Copy-768x512-1.webp\",\"contentUrl\":\"https:\/\/blog.ccc.eu\/hu\/wp-content\/uploads\/2024\/11\/CCC_5903419934896_02M_0933_Copy-768x512-1.webp\",\"width\":768,\"height\":512},{\"@type\":\"BreadcrumbList\",\"@id\":\"https:\/\/blog.ccc.eu\/hu\/limitalt-gino-rossi-x-marilyn-monroe-kollekcio\/#breadcrumb\",\"itemListElement\":[{\"@type\":\"ListItem\",\"position\":1,\"name\":\"Strona g\u0142\u00f3wna\",\"item\":\"https:\/\/blog.ccc.eu\/hu\/\"},{\"@type\":\"ListItem\",\"position\":2,\"name\":\"Limit\u00e1lt Gino Rossi x Marilyn Monroe kollekci\u00f3\u00a0\"}]},{\"@type\":\"WebSite\",\"@id\":\"https:\/\/blog.ccc.eu\/hu\/#website\",\"url\":\"https:\/\/blog.ccc.eu\/hu\/\",\"name\":\"CCC Fashion blog\",\"description\":\"Az \u00d6n helye tele van divatihletekkel\",\"publisher\":{\"@id\":\"https:\/\/blog.ccc.eu\/hu\/#organization\"},\"potentialAction\":[{\"@type\":\"SearchAction\",\"target\":{\"@type\":\"EntryPoint\",\"urlTemplate\":\"https:\/\/blog.ccc.eu\/hu\/?s={search_term_string}\"},\"query-input\":{\"@type\":\"PropertyValueSpecification\",\"valueRequired\":true,\"valueName\":\"search_term_string\"}}],\"inLanguage\":\"hu\"},{\"@type\":\"Organization\",\"@id\":\"https:\/\/blog.ccc.eu\/hu\/#organization\",\"name\":\"CCC S.A.\",\"url\":\"https:\/\/blog.ccc.eu\/hu\/\",\"logo\":{\"@type\":\"ImageObject\",\"inLanguage\":\"hu\",\"@id\":\"https:\/\/blog.ccc.eu\/hu\/#\/schema\/logo\/image\/\",\"url\":\"https:\/\/blog.ccc.eu\/hu\/wp-content\/uploads\/2021\/11\/logo_ccc.png\",\"contentUrl\":\"https:\/\/blog.ccc.eu\/hu\/wp-content\/uploads\/2021\/11\/logo_ccc.png\",\"width\":730,\"height\":270,\"caption\":\"CCC S.A.\"},\"image\":{\"@id\":\"https:\/\/blog.ccc.eu\/hu\/#\/schema\/logo\/image\/\"}},{\"@type\":\"Person\",\"@id\":\"https:\/\/blog.ccc.eu\/hu\/#\/schema\/person\/b37d4e58a15b8cc6b1339218cfeb7c10\",\"name\":\"Beatrix Korosi\",\"image\":{\"@type\":\"ImageObject\",\"inLanguage\":\"hu\",\"@id\":\"https:\/\/blog.ccc.eu\/hu\/#\/schema\/person\/image\/\",\"url\":\"https:\/\/blog.ccc.eu\/hu\/wp-content\/uploads\/2022\/11\/Bea-150x150.jpg\",\"contentUrl\":\"https:\/\/blog.ccc.eu\/hu\/wp-content\/uploads\/2022\/11\/Bea-150x150.jpg\",\"caption\":\"Beatrix Korosi\"},\"url\":\"https:\/\/blog.ccc.eu\/hu\/author\/beatrix-korosi\/\"}]}<\/script>\n<!-- \/ Yoast SEO plugin. -->","yoast_head_json":{"title":"Limit\u00e1lt Gino Rossi x Marilyn Monroe kollekci\u00f3\u00a0 - CCC Fashion blog","description":"2026","robots":{"index":"index","follow":"follow","max-snippet":"max-snippet:-1","max-image-preview":"max-image-preview:large","max-video-preview":"max-video-preview:-1"},"canonical":"https:\/\/blog.ccc.eu\/hu\/limitalt-gino-rossi-x-marilyn-monroe-kollekcio\/","og_locale":"hu_HU","og_type":"article","og_title":"Limit\u00e1lt Gino Rossi x Marilyn Monroe kollekci\u00f3\u00a0 - CCC Fashion blog","og_description":"Az id\u0151tlen st\u00edlus \u00e9s a hollywoodi elegancia visszat\u00e9rt a CCC-be! A limit\u00e1lt Gino Rossi x Marilyn Monroe kollekci\u00f3 egy utaz\u00e1sra invit\u00e1l minket Hollywood aranykor\u00e1ba. A kollekci\u00f3ban tal\u00e1lhat\u00f3 l\u00e1bbelik \u00e9s t\u00e1sk\u00e1k az 1950-es \u00e9s 1960-as \u00e9vek st\u00edlus\u00e1t id\u00e9zik.\u00a0Fedezd fel a Marilyn Monroe \u00e1ltal inspir\u00e1lt term\u00e9keket!\u00a0 Limit\u00e1lt Gino Rossi x Marilyn Monroe kollekci\u00f3&nbsp; A Gino Rossi m\u00e1rka [&hellip;]","og_url":"https:\/\/blog.ccc.eu\/hu\/limitalt-gino-rossi-x-marilyn-monroe-kollekcio\/","og_site_name":"CCC Fashion blog","article_published_time":"2024-11-25T07:49:24+00:00","article_modified_time":"2024-11-25T07:49:26+00:00","og_image":[{"width":768,"height":512,"url":"https:\/\/blog.ccc.eu\/hu\/wp-content\/uploads\/2024\/11\/CCC_5903419934896_02M_0933_Copy-768x512-1.webp","type":"image\/webp"}],"author":"Beatrix Korosi","twitter_card":"summary_large_image","twitter_misc":{"Szerz\u0151:":"Beatrix Korosi","Becs\u00fclt olvas\u00e1si id\u0151":"2 perc"},"schema":{"@context":"https:\/\/schema.org","@graph":[{"@type":"Article","@id":"https:\/\/blog.ccc.eu\/hu\/limitalt-gino-rossi-x-marilyn-monroe-kollekcio\/#article","isPartOf":{"@id":"https:\/\/blog.ccc.eu\/hu\/limitalt-gino-rossi-x-marilyn-monroe-kollekcio\/"},"author":{"name":"Beatrix Korosi","@id":"https:\/\/blog.ccc.eu\/hu\/#\/schema\/person\/b37d4e58a15b8cc6b1339218cfeb7c10"},"headline":"Limit\u00e1lt Gino Rossi x Marilyn Monroe kollekci\u00f3\u00a0","datePublished":"2024-11-25T07:49:24+00:00","dateModified":"2024-11-25T07:49:26+00:00","mainEntityOfPage":{"@id":"https:\/\/blog.ccc.eu\/hu\/limitalt-gino-rossi-x-marilyn-monroe-kollekcio\/"},"wordCount":342,"commentCount":0,"publisher":{"@id":"https:\/\/blog.ccc.eu\/hu\/#organization"},"image":{"@id":"https:\/\/blog.ccc.eu\/hu\/limitalt-gino-rossi-x-marilyn-monroe-kollekcio\/#primaryimage"},"thumbnailUrl":"https:\/\/blog.ccc.eu\/hu\/wp-content\/uploads\/2024\/11\/CCC_5903419934896_02M_0933_Copy-768x512-1.webp","keywords":["CCC","gino rossi","Kollekci\u00f3","Marilyn Monroe","\u00dajdons\u00e1gok"],"articleSection":["\u00daJDONS\u00c1GOK"],"inLanguage":"hu","potentialAction":[{"@type":"CommentAction","name":"Comment","target":["https:\/\/blog.ccc.eu\/hu\/limitalt-gino-rossi-x-marilyn-monroe-kollekcio\/#respond"]}]},{"@type":"WebPage","@id":"https:\/\/blog.ccc.eu\/hu\/limitalt-gino-rossi-x-marilyn-monroe-kollekcio\/","url":"https:\/\/blog.ccc.eu\/hu\/limitalt-gino-rossi-x-marilyn-monroe-kollekcio\/","name":"Limit\u00e1lt Gino Rossi x Marilyn Monroe kollekci\u00f3\u00a0 - CCC Fashion blog","isPartOf":{"@id":"https:\/\/blog.ccc.eu\/hu\/#website"},"primaryImageOfPage":{"@id":"https:\/\/blog.ccc.eu\/hu\/limitalt-gino-rossi-x-marilyn-monroe-kollekcio\/#primaryimage"},"image":{"@id":"https:\/\/blog.ccc.eu\/hu\/limitalt-gino-rossi-x-marilyn-monroe-kollekcio\/#primaryimage"},"thumbnailUrl":"https:\/\/blog.ccc.eu\/hu\/wp-content\/uploads\/2024\/11\/CCC_5903419934896_02M_0933_Copy-768x512-1.webp","datePublished":"2024-11-25T07:49:24+00:00","dateModified":"2024-11-25T07:49:26+00:00","breadcrumb":{"@id":"https:\/\/blog.ccc.eu\/hu\/limitalt-gino-rossi-x-marilyn-monroe-kollekcio\/#breadcrumb"},"inLanguage":"hu","potentialAction":[{"@type":"ReadAction","target":["https:\/\/blog.ccc.eu\/hu\/limitalt-gino-rossi-x-marilyn-monroe-kollekcio\/"]}]},{"@type":"ImageObject","inLanguage":"hu","@id":"https:\/\/blog.ccc.eu\/hu\/limitalt-gino-rossi-x-marilyn-monroe-kollekcio\/#primaryimage","url":"https:\/\/blog.ccc.eu\/hu\/wp-content\/uploads\/2024\/11\/CCC_5903419934896_02M_0933_Copy-768x512-1.webp","contentUrl":"https:\/\/blog.ccc.eu\/hu\/wp-content\/uploads\/2024\/11\/CCC_5903419934896_02M_0933_Copy-768x512-1.webp","width":768,"height":512},{"@type":"BreadcrumbList","@id":"https:\/\/blog.ccc.eu\/hu\/limitalt-gino-rossi-x-marilyn-monroe-kollekcio\/#breadcrumb","itemListElement":[{"@type":"ListItem","position":1,"name":"Strona g\u0142\u00f3wna","item":"https:\/\/blog.ccc.eu\/hu\/"},{"@type":"ListItem","position":2,"name":"Limit\u00e1lt Gino Rossi x Marilyn Monroe kollekci\u00f3\u00a0"}]},{"@type":"WebSite","@id":"https:\/\/blog.ccc.eu\/hu\/#website","url":"https:\/\/blog.ccc.eu\/hu\/","name":"CCC Fashion blog","description":"Az \u00d6n helye tele van divatihletekkel","publisher":{"@id":"https:\/\/blog.ccc.eu\/hu\/#organization"},"potentialAction":[{"@type":"SearchAction","target":{"@type":"EntryPoint","urlTemplate":"https:\/\/blog.ccc.eu\/hu\/?s={search_term_string}"},"query-input":{"@type":"PropertyValueSpecification","valueRequired":true,"valueName":"search_term_string"}}],"inLanguage":"hu"},{"@type":"Organization","@id":"https:\/\/blog.ccc.eu\/hu\/#organization","name":"CCC S.A.","url":"https:\/\/blog.ccc.eu\/hu\/","logo":{"@type":"ImageObject","inLanguage":"hu","@id":"https:\/\/blog.ccc.eu\/hu\/#\/schema\/logo\/image\/","url":"https:\/\/blog.ccc.eu\/hu\/wp-content\/uploads\/2021\/11\/logo_ccc.png","contentUrl":"https:\/\/blog.ccc.eu\/hu\/wp-content\/uploads\/2021\/11\/logo_ccc.png","width":730,"height":270,"caption":"CCC S.A."},"image":{"@id":"https:\/\/blog.ccc.eu\/hu\/#\/schema\/logo\/image\/"}},{"@type":"Person","@id":"https:\/\/blog.ccc.eu\/hu\/#\/schema\/person\/b37d4e58a15b8cc6b1339218cfeb7c10","name":"Beatrix Korosi","image":{"@type":"ImageObject","inLanguage":"hu","@id":"https:\/\/blog.ccc.eu\/hu\/#\/schema\/person\/image\/","url":"https:\/\/blog.ccc.eu\/hu\/wp-content\/uploads\/2022\/11\/Bea-150x150.jpg","contentUrl":"https:\/\/blog.ccc.eu\/hu\/wp-content\/uploads\/2022\/11\/Bea-150x150.jpg","caption":"Beatrix Korosi"},"url":"https:\/\/blog.ccc.eu\/hu\/author\/beatrix-korosi\/"}]}},"_links":{"self":[{"href":"https:\/\/blog.ccc.eu\/hu\/wp-json\/wp\/v2\/posts\/10509","targetHints":{"allow":["GET"]}}],"collection":[{"href":"https:\/\/blog.ccc.eu\/hu\/wp-json\/wp\/v2\/posts"}],"about":[{"href":"https:\/\/blog.ccc.eu\/hu\/wp-json\/wp\/v2\/types\/post"}],"author":[{"embeddable":true,"href":"https:\/\/blog.ccc.eu\/hu\/wp-json\/wp\/v2\/users\/22"}],"replies":[{"embeddable":true,"href":"https:\/\/blog.ccc.eu\/hu\/wp-json\/wp\/v2\/comments?post=10509"}],"version-history":[{"count":7,"href":"https:\/\/blog.ccc.eu\/hu\/wp-json\/wp\/v2\/posts\/10509\/revisions"}],"predecessor-version":[{"id":10524,"href":"https:\/\/blog.ccc.eu\/hu\/wp-json\/wp\/v2\/posts\/10509\/revisions\/10524"}],"wp:featuredmedia":[{"embeddable":true,"href":"https:\/\/blog.ccc.eu\/hu\/wp-json\/wp\/v2\/media\/10513"}],"wp:attachment":[{"href":"https:\/\/blog.ccc.eu\/hu\/wp-json\/wp\/v2\/media?parent=10509"}],"wp:term":[{"taxonomy":"category","embeddable":true,"href":"https:\/\/blog.ccc.eu\/hu\/wp-json\/wp\/v2\/categories?post=10509"},{"taxonomy":"post_tag","embeddable":true,"href":"https:\/\/blog.ccc.eu\/hu\/wp-json\/wp\/v2\/tags?post=10509"}],"curies":[{"name":"wp","href":"https:\/\/api.w.org\/{rel}","templated":true}]}}