{"id":10681,"date":"2025-01-21T14:02:08","date_gmt":"2025-01-21T13:02:08","guid":{"rendered":"https:\/\/blog.ccc.eu\/hu\/?p=10681"},"modified":"2025-01-21T14:02:09","modified_gmt":"2025-01-21T13:02:09","slug":"2025-os-tavaszi-nyari-trendek","status":"publish","type":"post","link":"https:\/\/blog.ccc.eu\/hu\/2025-os-tavaszi-nyari-trendek\/","title":{"rendered":"2025-\u00f6s tavaszi-ny\u00e1ri trendek\u00a0"},"content":{"rendered":"\n<p><b>El\u00e9rkezett az \u00e9v azon id\u0151szaka, amikor megismerhetj\u00fck, hogy milyen t\u00e1sk\u00e1k \u00e9s cip\u0151k fogj\u00e1k uralni a 2025-\u00f6s tavaszi \u00e9s ny\u00e1ri trendeket. \u00d6sszegy\u0171jt\u00f6tt\u00fck&nbsp;a legink\u00e1bb eml\u00edt\u00e9sre m\u00e9lt\u00f3 modelleket, amelyek garant\u00e1ltan rabul ejtik minden divatrajong\u00f3 sz\u00edv\u00e9t. Olvasd el javaslatainkat \u00e9s l\u00e1togass el a CCC-be!&nbsp;&nbsp;<\/b><\/p>\n\n\n\n<figure class=\"wp-block-gallery has-nested-images columns-default is-cropped wp-block-gallery-1 is-layout-flex wp-block-gallery-is-layout-flex\">\n<figure class=\"wp-block-image size-large\"><img loading=\"lazy\" decoding=\"async\" width=\"1024\" height=\"529\" data-id=\"10682\" src=\"https:\/\/blog.ccc.eu\/hu\/wp-content\/uploads\/2025\/01\/GRAFIKI_NA_BLOGA_NOWE_1240_x_640_trendy_2024_2025-1-1024x529.jpg\" alt=\"\" class=\"wp-image-10682\" srcset=\"https:\/\/blog.ccc.eu\/hu\/wp-content\/uploads\/2025\/01\/GRAFIKI_NA_BLOGA_NOWE_1240_x_640_trendy_2024_2025-1-1024x529.jpg 1024w, https:\/\/blog.ccc.eu\/hu\/wp-content\/uploads\/2025\/01\/GRAFIKI_NA_BLOGA_NOWE_1240_x_640_trendy_2024_2025-1-300x155.jpg 300w, https:\/\/blog.ccc.eu\/hu\/wp-content\/uploads\/2025\/01\/GRAFIKI_NA_BLOGA_NOWE_1240_x_640_trendy_2024_2025-1-768x396.jpg 768w, https:\/\/blog.ccc.eu\/hu\/wp-content\/uploads\/2025\/01\/GRAFIKI_NA_BLOGA_NOWE_1240_x_640_trendy_2024_2025-1-100x52.jpg 100w, https:\/\/blog.ccc.eu\/hu\/wp-content\/uploads\/2025\/01\/GRAFIKI_NA_BLOGA_NOWE_1240_x_640_trendy_2024_2025-1.jpg 1240w\" sizes=\"auto, (max-width: 1024px) 100vw, 1024px\" \/><\/figure>\n<\/figure>\n\n\n\n<h2 class=\"wp-block-heading\">Vir\u00e1gmint\u00e1s l\u00e1bbelik\u00a0<\/h2>\n\n\n\n<p>Ebben a szezonban egy\u00e9rtelm\u0171en a vir\u00e1gmint\u00e1s darabok fognak domin\u00e1lni. A tervez\u0151k elhat\u00e1rozt\u00e1k, hogy a&nbsp;2025-\u00f6s tavaszi mint\u00e1k olyanok lesznek, mint egy vir\u00e1gos r\u00e9t, modern v\u00e1ltozatban. A klasszikus vil\u00e1gos sz\u00edneket a fekete vagy a kobalt v\u00e1ltotta fel, amelyek a vir\u00e1gok t\u00f6k\u00e9letes h\u00e1tter\u00e9v\u00e9 v\u00e1ltak. Nemcsak a mint\u00e1kon jelennek meg, hanem 3D-s d\u00edsz\u00edt\u00e9sek form\u00e1j\u00e1ban is. &nbsp;<\/p>\n\n\n\n<figure class=\"wp-block-gallery has-nested-images columns-default is-cropped wp-block-gallery-2 is-layout-flex wp-block-gallery-is-layout-flex\">\n<figure class=\"wp-block-image size-large\"><img loading=\"lazy\" decoding=\"async\" width=\"683\" height=\"1024\" data-id=\"10683\" src=\"https:\/\/blog.ccc.eu\/hu\/wp-content\/uploads\/2025\/01\/CCC_5904862780412_02K-683x1024-1.jpg\" alt=\"\" class=\"wp-image-10683\" srcset=\"https:\/\/blog.ccc.eu\/hu\/wp-content\/uploads\/2025\/01\/CCC_5904862780412_02K-683x1024-1.jpg 683w, https:\/\/blog.ccc.eu\/hu\/wp-content\/uploads\/2025\/01\/CCC_5904862780412_02K-683x1024-1-200x300.jpg 200w, https:\/\/blog.ccc.eu\/hu\/wp-content\/uploads\/2025\/01\/CCC_5904862780412_02K-683x1024-1-100x150.jpg 100w\" sizes=\"auto, (max-width: 683px) 100vw, 683px\" \/><\/figure>\n\n\n\n<figure class=\"wp-block-image size-large\"><img loading=\"lazy\" decoding=\"async\" width=\"683\" height=\"1024\" data-id=\"10684\" src=\"https:\/\/blog.ccc.eu\/hu\/wp-content\/uploads\/2025\/01\/CCC_5904862780412_99_M-683x1024-1.jpg\" alt=\"\" class=\"wp-image-10684\" srcset=\"https:\/\/blog.ccc.eu\/hu\/wp-content\/uploads\/2025\/01\/CCC_5904862780412_99_M-683x1024-1.jpg 683w, https:\/\/blog.ccc.eu\/hu\/wp-content\/uploads\/2025\/01\/CCC_5904862780412_99_M-683x1024-1-200x300.jpg 200w, https:\/\/blog.ccc.eu\/hu\/wp-content\/uploads\/2025\/01\/CCC_5904862780412_99_M-683x1024-1-100x150.jpg 100w\" sizes=\"auto, (max-width: 683px) 100vw, 683px\" \/><\/figure>\n<\/figure>\n\n\n\n<h2 class=\"wp-block-heading\">Rojtos k\u00e9zit\u00e1sk\u00e1k\u00a0<\/h2>\n\n\n\n<p>A\u00a0boho st\u00edlus m\u00e9g mindig a trendek \u00e9l\u00e9n \u00e1ll. Az ebben a trendben megjelen\u0151 rojtok a legegyszer\u0171bb szetteket is k\u00e9pesek feldobni. B\u00e1tran p\u00e1ros\u00edtsuk ezeket a t\u00e1sk\u00e1kat miniszokny\u00e1val, azonos sz\u00edn\u0171 mell\u00e9nnyel vagy vel\u00farb\u00f3l k\u00e9sz\u00fclt inggel. <\/p>\n\n\n\n<figure class=\"wp-block-gallery has-nested-images columns-default is-cropped wp-block-gallery-3 is-layout-flex wp-block-gallery-is-layout-flex\">\n<figure class=\"wp-block-image size-large\"><img loading=\"lazy\" decoding=\"async\" width=\"683\" height=\"1024\" data-id=\"10685\" src=\"https:\/\/blog.ccc.eu\/hu\/wp-content\/uploads\/2025\/01\/CCC_5905588335368_01_M-683x1024.jpg\" alt=\"\" class=\"wp-image-10685\" srcset=\"https:\/\/blog.ccc.eu\/hu\/wp-content\/uploads\/2025\/01\/CCC_5905588335368_01_M-683x1024.jpg 683w, https:\/\/blog.ccc.eu\/hu\/wp-content\/uploads\/2025\/01\/CCC_5905588335368_01_M-200x300.jpg 200w, https:\/\/blog.ccc.eu\/hu\/wp-content\/uploads\/2025\/01\/CCC_5905588335368_01_M-768x1152.jpg 768w, https:\/\/blog.ccc.eu\/hu\/wp-content\/uploads\/2025\/01\/CCC_5905588335368_01_M-100x150.jpg 100w, https:\/\/blog.ccc.eu\/hu\/wp-content\/uploads\/2025\/01\/CCC_5905588335368_01_M.jpg 876w\" sizes=\"auto, (max-width: 683px) 100vw, 683px\" \/><\/figure>\n\n\n\n<figure class=\"wp-block-image size-large\"><img loading=\"lazy\" decoding=\"async\" width=\"683\" height=\"1024\" data-id=\"10686\" src=\"https:\/\/blog.ccc.eu\/hu\/wp-content\/uploads\/2025\/01\/CCC_5905588335368_01K-683x1024.jpg\" alt=\"\" class=\"wp-image-10686\" srcset=\"https:\/\/blog.ccc.eu\/hu\/wp-content\/uploads\/2025\/01\/CCC_5905588335368_01K-683x1024.jpg 683w, https:\/\/blog.ccc.eu\/hu\/wp-content\/uploads\/2025\/01\/CCC_5905588335368_01K-200x300.jpg 200w, https:\/\/blog.ccc.eu\/hu\/wp-content\/uploads\/2025\/01\/CCC_5905588335368_01K-768x1152.jpg 768w, https:\/\/blog.ccc.eu\/hu\/wp-content\/uploads\/2025\/01\/CCC_5905588335368_01K-100x150.jpg 100w, https:\/\/blog.ccc.eu\/hu\/wp-content\/uploads\/2025\/01\/CCC_5905588335368_01K.jpg 876w\" sizes=\"auto, (max-width: 683px) 100vw, 683px\" \/><\/figure>\n<\/figure>\n\n\n\n<h2 class=\"wp-block-heading\">Narancs \u2013 st\u00edlusos elemek a citrusok \u00e1rnyalataiban\u00a0<\/h2>\n\n\n\n<p>A narancss\u00e1rga, ak\u00e1rcsak a r\u00f3zsasz\u00edn, \u00fajra divatban van. Ennek a sz\u00ednnek az intenzit\u00e1sa v\u00e1ltozatlan marad. A divattervez\u0151k \u00fajra megjelen\u00edtik ezt az \u00e1rnyalatot l\u00e1bbeliken \u00e9s t\u00e1sk\u00e1kon egyar\u00e1nt. Viselhetj\u00fck ezt a sz\u00ednt teljes megjelen\u00e9sben vagy r\u00e9szletek form\u00e1j\u00e1ban.&nbsp;&nbsp;<\/p>\n\n\n\n<figure class=\"wp-block-gallery has-nested-images columns-default is-cropped wp-block-gallery-4 is-layout-flex wp-block-gallery-is-layout-flex\">\n<figure class=\"wp-block-image size-large\"><img loading=\"lazy\" decoding=\"async\" width=\"683\" height=\"1024\" data-id=\"10687\" src=\"https:\/\/blog.ccc.eu\/hu\/wp-content\/uploads\/2025\/01\/CCC_5905588686255_02-683x1024-1.jpg\" alt=\"\" class=\"wp-image-10687\" srcset=\"https:\/\/blog.ccc.eu\/hu\/wp-content\/uploads\/2025\/01\/CCC_5905588686255_02-683x1024-1.jpg 683w, https:\/\/blog.ccc.eu\/hu\/wp-content\/uploads\/2025\/01\/CCC_5905588686255_02-683x1024-1-200x300.jpg 200w, https:\/\/blog.ccc.eu\/hu\/wp-content\/uploads\/2025\/01\/CCC_5905588686255_02-683x1024-1-100x150.jpg 100w\" sizes=\"auto, (max-width: 683px) 100vw, 683px\" \/><\/figure>\n\n\n\n<figure class=\"wp-block-image size-large\"><img loading=\"lazy\" decoding=\"async\" width=\"683\" height=\"1024\" data-id=\"10688\" src=\"https:\/\/blog.ccc.eu\/hu\/wp-content\/uploads\/2025\/01\/CCC_5905588686255_03-683x1024-1.jpg\" alt=\"\" class=\"wp-image-10688\" srcset=\"https:\/\/blog.ccc.eu\/hu\/wp-content\/uploads\/2025\/01\/CCC_5905588686255_03-683x1024-1.jpg 683w, https:\/\/blog.ccc.eu\/hu\/wp-content\/uploads\/2025\/01\/CCC_5905588686255_03-683x1024-1-200x300.jpg 200w, https:\/\/blog.ccc.eu\/hu\/wp-content\/uploads\/2025\/01\/CCC_5905588686255_03-683x1024-1-100x150.jpg 100w\" sizes=\"auto, (max-width: 683px) 100vw, 683px\" \/><\/figure>\n<\/figure>\n\n\n\n<h2 class=\"wp-block-heading\">Kontrasztos orr\u00fa cip\u0151k\u00a0<\/h2>\n\n\n\n<p>Tavasszal rendk\u00edv\u00fcl n\u00e9pszer\u0171 daraboknak fognak sz\u00e1m\u00edtani a kontrasztos orr\u00fa l\u00e1bbelik. Nemcsak a b\u00e9zs \u00e9s a fekete hagyom\u00e1nyos kombin\u00e1ci\u00f3i, hanem a bord\u00f3 \u00e9s az arany vagy az ez\u00fcst szuperdivatos du\u00f3ja fog megjelenni ezeken a l\u00e1bbeliken. A Nine West New York \u00e9s a Gino Rossi m\u00e1rka k\u00edn\u00e1lat\u00e1ban sz\u00e1mos trendi cip\u0151 k\u00f6z\u00fcl v\u00e1laszthatunk. &nbsp;<\/p>\n\n\n\n<figure class=\"wp-block-gallery has-nested-images columns-default is-cropped wp-block-gallery-5 is-layout-flex wp-block-gallery-is-layout-flex\">\n<figure class=\"wp-block-image size-large\"><img loading=\"lazy\" decoding=\"async\" width=\"512\" height=\"768\" data-id=\"10689\" src=\"https:\/\/blog.ccc.eu\/hu\/wp-content\/uploads\/2025\/01\/BW2A1788.jpg\" alt=\"\" class=\"wp-image-10689\" srcset=\"https:\/\/blog.ccc.eu\/hu\/wp-content\/uploads\/2025\/01\/BW2A1788.jpg 512w, https:\/\/blog.ccc.eu\/hu\/wp-content\/uploads\/2025\/01\/BW2A1788-200x300.jpg 200w, https:\/\/blog.ccc.eu\/hu\/wp-content\/uploads\/2025\/01\/BW2A1788-100x150.jpg 100w\" sizes=\"auto, (max-width: 512px) 100vw, 512px\" \/><\/figure>\n\n\n\n<figure class=\"wp-block-image size-large\"><img loading=\"lazy\" decoding=\"async\" width=\"512\" height=\"768\" data-id=\"10690\" src=\"https:\/\/blog.ccc.eu\/hu\/wp-content\/uploads\/2025\/01\/BW2A1794.jpg\" alt=\"\" class=\"wp-image-10690\" srcset=\"https:\/\/blog.ccc.eu\/hu\/wp-content\/uploads\/2025\/01\/BW2A1794.jpg 512w, https:\/\/blog.ccc.eu\/hu\/wp-content\/uploads\/2025\/01\/BW2A1794-200x300.jpg 200w, https:\/\/blog.ccc.eu\/hu\/wp-content\/uploads\/2025\/01\/BW2A1794-100x150.jpg 100w\" sizes=\"auto, (max-width: 512px) 100vw, 512px\" \/><\/figure>\n<\/figure>\n\n\n\n<p>Ismerd meg a 2025-\u00f6s tavaszi-ny\u00e1ri trendek modelljeit&nbsp;<a href=\"https:\/\/ccc.eu\/hu\/sklepy\" target=\"_blank\" rel=\"noreferrer noopener\">CCC \u00fczleteinkben<\/a>,&nbsp;<a href=\"https:\/\/ccc.eu\/hu\/\" target=\"_blank\" rel=\"noreferrer noopener\">webshopunkban<\/a>, \u00e9s az&nbsp;<a href=\"https:\/\/ccc.eu\/hu\/mobile-app\" target=\"_blank\" rel=\"noreferrer noopener\">alkalmaz\u00e1sban<\/a>. Legy\u00e9l&nbsp;<a href=\"https:\/\/ccc.eu\/hu\/klub-ccc\" target=\"_blank\" rel=\"noreferrer noopener\">CCC klubtag<\/a>&nbsp;is, \u00e9s \u00e9lvezd a k\u00e9nyelmes \u00e9s kedvezm\u00e9nyes v\u00e1s\u00e1rl\u00e1si lehet\u0151s\u00e9geket! K\u00f6vesd vel\u00fcnk a divatot&nbsp;<a href=\"https:\/\/www.facebook.com\/CCC.Hungary\/\" target=\"_blank\" rel=\"noreferrer noopener\">Facebookon,<\/a>&nbsp;\u00e9s inspir\u00e1l\u00f3dj vel\u00fcnk az&nbsp;<a href=\"https:\/\/www.instagram.com\/cccshoesbags\/\" target=\"_blank\" rel=\"noreferrer noopener\">Instagramon<\/a>&nbsp;is!<\/p>\n","protected":false},"excerpt":{"rendered":"<p>El\u00e9rkezett az \u00e9v azon id\u0151szaka, amikor megismerhetj\u00fck, hogy milyen t\u00e1sk\u00e1k \u00e9s cip\u0151k fogj\u00e1k uralni a 2025-\u00f6s tavaszi \u00e9s ny\u00e1ri trendeket. \u00d6sszegy\u0171jt\u00f6tt\u00fck&nbsp;a legink\u00e1bb eml\u00edt\u00e9sre m\u00e9lt\u00f3 modelleket, amelyek garant\u00e1ltan rabul ejtik minden divatrajong\u00f3 sz\u00edv\u00e9t. Olvasd el javaslatainkat \u00e9s l\u00e1togass el a CCC-be!&nbsp;&nbsp; Vir\u00e1gmint\u00e1s l\u00e1bbelik\u00a0 Ebben a szezonban egy\u00e9rtelm\u0171en a vir\u00e1gmint\u00e1s darabok fognak domin\u00e1lni. A tervez\u0151k elhat\u00e1rozt\u00e1k, hogy [&hellip;]<\/p>\n","protected":false},"author":22,"featured_media":10682,"comment_status":"open","ping_status":"open","sticky":false,"template":"","format":"standard","meta":{"_acf_changed":false,"footnotes":""},"categories":[6],"tags":[1218,560,1219,1035,786],"class_list":["post-10681","post","type-post","status-publish","format-standard","has-post-thumbnail","hentry","category-trendek","tag-1218","tag-ccc","tag-nyari-trendek","tag-tavaszi-trendek","tag-trendek"],"acf":[],"yoast_head":"<!-- This site is optimized with the Yoast SEO plugin v26.9 - https:\/\/yoast.com\/product\/yoast-seo-wordpress\/ -->\n<title>2025-\u00f6s tavaszi-ny\u00e1ri trendek\u00a0 - CCC Fashion blog<\/title>\n<meta name=\"description\" content=\"2026\" \/>\n<meta name=\"robots\" content=\"index, follow, max-snippet:-1, max-image-preview:large, max-video-preview:-1\" \/>\n<link rel=\"canonical\" href=\"https:\/\/blog.ccc.eu\/hu\/2025-os-tavaszi-nyari-trendek\/\" \/>\n<meta property=\"og:locale\" content=\"hu_HU\" \/>\n<meta property=\"og:type\" content=\"article\" \/>\n<meta property=\"og:title\" content=\"2025-\u00f6s tavaszi-ny\u00e1ri trendek\u00a0 - CCC Fashion blog\" \/>\n<meta property=\"og:description\" content=\"El\u00e9rkezett az \u00e9v azon id\u0151szaka, amikor megismerhetj\u00fck, hogy milyen t\u00e1sk\u00e1k \u00e9s cip\u0151k fogj\u00e1k uralni a 2025-\u00f6s tavaszi \u00e9s ny\u00e1ri trendeket. \u00d6sszegy\u0171jt\u00f6tt\u00fck&nbsp;a legink\u00e1bb eml\u00edt\u00e9sre m\u00e9lt\u00f3 modelleket, amelyek garant\u00e1ltan rabul ejtik minden divatrajong\u00f3 sz\u00edv\u00e9t. Olvasd el javaslatainkat \u00e9s l\u00e1togass el a CCC-be!&nbsp;&nbsp; Vir\u00e1gmint\u00e1s l\u00e1bbelik\u00a0 Ebben a szezonban egy\u00e9rtelm\u0171en a vir\u00e1gmint\u00e1s darabok fognak domin\u00e1lni. A tervez\u0151k elhat\u00e1rozt\u00e1k, hogy [&hellip;]\" \/>\n<meta property=\"og:url\" content=\"https:\/\/blog.ccc.eu\/hu\/2025-os-tavaszi-nyari-trendek\/\" \/>\n<meta property=\"og:site_name\" content=\"CCC Fashion blog\" \/>\n<meta property=\"article:published_time\" content=\"2025-01-21T13:02:08+00:00\" \/>\n<meta property=\"article:modified_time\" content=\"2025-01-21T13:02:09+00:00\" \/>\n<meta property=\"og:image\" content=\"https:\/\/blog.ccc.eu\/hu\/wp-content\/uploads\/2025\/01\/GRAFIKI_NA_BLOGA_NOWE_1240_x_640_trendy_2024_2025-1.jpg\" \/>\n\t<meta property=\"og:image:width\" content=\"1240\" \/>\n\t<meta property=\"og:image:height\" content=\"640\" \/>\n\t<meta property=\"og:image:type\" content=\"image\/jpeg\" \/>\n<meta name=\"author\" content=\"Beatrix Korosi\" \/>\n<meta name=\"twitter:card\" content=\"summary_large_image\" \/>\n<meta name=\"twitter:label1\" content=\"Szerz\u0151:\" \/>\n\t<meta name=\"twitter:data1\" content=\"Beatrix Korosi\" \/>\n\t<meta name=\"twitter:label2\" content=\"Becs\u00fclt olvas\u00e1si id\u0151\" \/>\n\t<meta name=\"twitter:data2\" content=\"2 perc\" \/>\n<script type=\"application\/ld+json\" class=\"yoast-schema-graph\">{\"@context\":\"https:\/\/schema.org\",\"@graph\":[{\"@type\":\"Article\",\"@id\":\"https:\/\/blog.ccc.eu\/hu\/2025-os-tavaszi-nyari-trendek\/#article\",\"isPartOf\":{\"@id\":\"https:\/\/blog.ccc.eu\/hu\/2025-os-tavaszi-nyari-trendek\/\"},\"author\":{\"name\":\"Beatrix Korosi\",\"@id\":\"https:\/\/blog.ccc.eu\/hu\/#\/schema\/person\/b37d4e58a15b8cc6b1339218cfeb7c10\"},\"headline\":\"2025-\u00f6s tavaszi-ny\u00e1ri trendek\u00a0\",\"datePublished\":\"2025-01-21T13:02:08+00:00\",\"dateModified\":\"2025-01-21T13:02:09+00:00\",\"mainEntityOfPage\":{\"@id\":\"https:\/\/blog.ccc.eu\/hu\/2025-os-tavaszi-nyari-trendek\/\"},\"wordCount\":412,\"commentCount\":0,\"publisher\":{\"@id\":\"https:\/\/blog.ccc.eu\/hu\/#organization\"},\"image\":{\"@id\":\"https:\/\/blog.ccc.eu\/hu\/2025-os-tavaszi-nyari-trendek\/#primaryimage\"},\"thumbnailUrl\":\"https:\/\/blog.ccc.eu\/hu\/wp-content\/uploads\/2025\/01\/GRAFIKI_NA_BLOGA_NOWE_1240_x_640_trendy_2024_2025-1.jpg\",\"keywords\":[\"2025\",\"CCC\",\"Ny\u00e1ri trendek\",\"tavaszi trendek\",\"trendek\"],\"articleSection\":[\"TRENDEK\"],\"inLanguage\":\"hu\",\"potentialAction\":[{\"@type\":\"CommentAction\",\"name\":\"Comment\",\"target\":[\"https:\/\/blog.ccc.eu\/hu\/2025-os-tavaszi-nyari-trendek\/#respond\"]}]},{\"@type\":\"WebPage\",\"@id\":\"https:\/\/blog.ccc.eu\/hu\/2025-os-tavaszi-nyari-trendek\/\",\"url\":\"https:\/\/blog.ccc.eu\/hu\/2025-os-tavaszi-nyari-trendek\/\",\"name\":\"2025-\u00f6s tavaszi-ny\u00e1ri trendek\u00a0 - CCC Fashion blog\",\"isPartOf\":{\"@id\":\"https:\/\/blog.ccc.eu\/hu\/#website\"},\"primaryImageOfPage\":{\"@id\":\"https:\/\/blog.ccc.eu\/hu\/2025-os-tavaszi-nyari-trendek\/#primaryimage\"},\"image\":{\"@id\":\"https:\/\/blog.ccc.eu\/hu\/2025-os-tavaszi-nyari-trendek\/#primaryimage\"},\"thumbnailUrl\":\"https:\/\/blog.ccc.eu\/hu\/wp-content\/uploads\/2025\/01\/GRAFIKI_NA_BLOGA_NOWE_1240_x_640_trendy_2024_2025-1.jpg\",\"datePublished\":\"2025-01-21T13:02:08+00:00\",\"dateModified\":\"2025-01-21T13:02:09+00:00\",\"breadcrumb\":{\"@id\":\"https:\/\/blog.ccc.eu\/hu\/2025-os-tavaszi-nyari-trendek\/#breadcrumb\"},\"inLanguage\":\"hu\",\"potentialAction\":[{\"@type\":\"ReadAction\",\"target\":[\"https:\/\/blog.ccc.eu\/hu\/2025-os-tavaszi-nyari-trendek\/\"]}]},{\"@type\":\"ImageObject\",\"inLanguage\":\"hu\",\"@id\":\"https:\/\/blog.ccc.eu\/hu\/2025-os-tavaszi-nyari-trendek\/#primaryimage\",\"url\":\"https:\/\/blog.ccc.eu\/hu\/wp-content\/uploads\/2025\/01\/GRAFIKI_NA_BLOGA_NOWE_1240_x_640_trendy_2024_2025-1.jpg\",\"contentUrl\":\"https:\/\/blog.ccc.eu\/hu\/wp-content\/uploads\/2025\/01\/GRAFIKI_NA_BLOGA_NOWE_1240_x_640_trendy_2024_2025-1.jpg\",\"width\":1240,\"height\":640},{\"@type\":\"BreadcrumbList\",\"@id\":\"https:\/\/blog.ccc.eu\/hu\/2025-os-tavaszi-nyari-trendek\/#breadcrumb\",\"itemListElement\":[{\"@type\":\"ListItem\",\"position\":1,\"name\":\"Strona g\u0142\u00f3wna\",\"item\":\"https:\/\/blog.ccc.eu\/hu\/\"},{\"@type\":\"ListItem\",\"position\":2,\"name\":\"2025-\u00f6s tavaszi-ny\u00e1ri trendek\u00a0\"}]},{\"@type\":\"WebSite\",\"@id\":\"https:\/\/blog.ccc.eu\/hu\/#website\",\"url\":\"https:\/\/blog.ccc.eu\/hu\/\",\"name\":\"CCC Fashion blog\",\"description\":\"Az \u00d6n helye tele van divatihletekkel\",\"publisher\":{\"@id\":\"https:\/\/blog.ccc.eu\/hu\/#organization\"},\"potentialAction\":[{\"@type\":\"SearchAction\",\"target\":{\"@type\":\"EntryPoint\",\"urlTemplate\":\"https:\/\/blog.ccc.eu\/hu\/?s={search_term_string}\"},\"query-input\":{\"@type\":\"PropertyValueSpecification\",\"valueRequired\":true,\"valueName\":\"search_term_string\"}}],\"inLanguage\":\"hu\"},{\"@type\":\"Organization\",\"@id\":\"https:\/\/blog.ccc.eu\/hu\/#organization\",\"name\":\"CCC S.A.\",\"url\":\"https:\/\/blog.ccc.eu\/hu\/\",\"logo\":{\"@type\":\"ImageObject\",\"inLanguage\":\"hu\",\"@id\":\"https:\/\/blog.ccc.eu\/hu\/#\/schema\/logo\/image\/\",\"url\":\"https:\/\/blog.ccc.eu\/hu\/wp-content\/uploads\/2021\/11\/logo_ccc.png\",\"contentUrl\":\"https:\/\/blog.ccc.eu\/hu\/wp-content\/uploads\/2021\/11\/logo_ccc.png\",\"width\":730,\"height\":270,\"caption\":\"CCC S.A.\"},\"image\":{\"@id\":\"https:\/\/blog.ccc.eu\/hu\/#\/schema\/logo\/image\/\"}},{\"@type\":\"Person\",\"@id\":\"https:\/\/blog.ccc.eu\/hu\/#\/schema\/person\/b37d4e58a15b8cc6b1339218cfeb7c10\",\"name\":\"Beatrix Korosi\",\"image\":{\"@type\":\"ImageObject\",\"inLanguage\":\"hu\",\"@id\":\"https:\/\/blog.ccc.eu\/hu\/#\/schema\/person\/image\/\",\"url\":\"https:\/\/blog.ccc.eu\/hu\/wp-content\/uploads\/2022\/11\/Bea-150x150.jpg\",\"contentUrl\":\"https:\/\/blog.ccc.eu\/hu\/wp-content\/uploads\/2022\/11\/Bea-150x150.jpg\",\"caption\":\"Beatrix Korosi\"},\"url\":\"https:\/\/blog.ccc.eu\/hu\/author\/beatrix-korosi\/\"}]}<\/script>\n<!-- \/ Yoast SEO plugin. -->","yoast_head_json":{"title":"2025-\u00f6s tavaszi-ny\u00e1ri trendek\u00a0 - CCC Fashion blog","description":"2026","robots":{"index":"index","follow":"follow","max-snippet":"max-snippet:-1","max-image-preview":"max-image-preview:large","max-video-preview":"max-video-preview:-1"},"canonical":"https:\/\/blog.ccc.eu\/hu\/2025-os-tavaszi-nyari-trendek\/","og_locale":"hu_HU","og_type":"article","og_title":"2025-\u00f6s tavaszi-ny\u00e1ri trendek\u00a0 - CCC Fashion blog","og_description":"El\u00e9rkezett az \u00e9v azon id\u0151szaka, amikor megismerhetj\u00fck, hogy milyen t\u00e1sk\u00e1k \u00e9s cip\u0151k fogj\u00e1k uralni a 2025-\u00f6s tavaszi \u00e9s ny\u00e1ri trendeket. \u00d6sszegy\u0171jt\u00f6tt\u00fck&nbsp;a legink\u00e1bb eml\u00edt\u00e9sre m\u00e9lt\u00f3 modelleket, amelyek garant\u00e1ltan rabul ejtik minden divatrajong\u00f3 sz\u00edv\u00e9t. Olvasd el javaslatainkat \u00e9s l\u00e1togass el a CCC-be!&nbsp;&nbsp; Vir\u00e1gmint\u00e1s l\u00e1bbelik\u00a0 Ebben a szezonban egy\u00e9rtelm\u0171en a vir\u00e1gmint\u00e1s darabok fognak domin\u00e1lni. A tervez\u0151k elhat\u00e1rozt\u00e1k, hogy [&hellip;]","og_url":"https:\/\/blog.ccc.eu\/hu\/2025-os-tavaszi-nyari-trendek\/","og_site_name":"CCC Fashion blog","article_published_time":"2025-01-21T13:02:08+00:00","article_modified_time":"2025-01-21T13:02:09+00:00","og_image":[{"width":1240,"height":640,"url":"https:\/\/blog.ccc.eu\/hu\/wp-content\/uploads\/2025\/01\/GRAFIKI_NA_BLOGA_NOWE_1240_x_640_trendy_2024_2025-1.jpg","type":"image\/jpeg"}],"author":"Beatrix Korosi","twitter_card":"summary_large_image","twitter_misc":{"Szerz\u0151:":"Beatrix Korosi","Becs\u00fclt olvas\u00e1si id\u0151":"2 perc"},"schema":{"@context":"https:\/\/schema.org","@graph":[{"@type":"Article","@id":"https:\/\/blog.ccc.eu\/hu\/2025-os-tavaszi-nyari-trendek\/#article","isPartOf":{"@id":"https:\/\/blog.ccc.eu\/hu\/2025-os-tavaszi-nyari-trendek\/"},"author":{"name":"Beatrix Korosi","@id":"https:\/\/blog.ccc.eu\/hu\/#\/schema\/person\/b37d4e58a15b8cc6b1339218cfeb7c10"},"headline":"2025-\u00f6s tavaszi-ny\u00e1ri trendek\u00a0","datePublished":"2025-01-21T13:02:08+00:00","dateModified":"2025-01-21T13:02:09+00:00","mainEntityOfPage":{"@id":"https:\/\/blog.ccc.eu\/hu\/2025-os-tavaszi-nyari-trendek\/"},"wordCount":412,"commentCount":0,"publisher":{"@id":"https:\/\/blog.ccc.eu\/hu\/#organization"},"image":{"@id":"https:\/\/blog.ccc.eu\/hu\/2025-os-tavaszi-nyari-trendek\/#primaryimage"},"thumbnailUrl":"https:\/\/blog.ccc.eu\/hu\/wp-content\/uploads\/2025\/01\/GRAFIKI_NA_BLOGA_NOWE_1240_x_640_trendy_2024_2025-1.jpg","keywords":["2025","CCC","Ny\u00e1ri trendek","tavaszi trendek","trendek"],"articleSection":["TRENDEK"],"inLanguage":"hu","potentialAction":[{"@type":"CommentAction","name":"Comment","target":["https:\/\/blog.ccc.eu\/hu\/2025-os-tavaszi-nyari-trendek\/#respond"]}]},{"@type":"WebPage","@id":"https:\/\/blog.ccc.eu\/hu\/2025-os-tavaszi-nyari-trendek\/","url":"https:\/\/blog.ccc.eu\/hu\/2025-os-tavaszi-nyari-trendek\/","name":"2025-\u00f6s tavaszi-ny\u00e1ri trendek\u00a0 - CCC Fashion blog","isPartOf":{"@id":"https:\/\/blog.ccc.eu\/hu\/#website"},"primaryImageOfPage":{"@id":"https:\/\/blog.ccc.eu\/hu\/2025-os-tavaszi-nyari-trendek\/#primaryimage"},"image":{"@id":"https:\/\/blog.ccc.eu\/hu\/2025-os-tavaszi-nyari-trendek\/#primaryimage"},"thumbnailUrl":"https:\/\/blog.ccc.eu\/hu\/wp-content\/uploads\/2025\/01\/GRAFIKI_NA_BLOGA_NOWE_1240_x_640_trendy_2024_2025-1.jpg","datePublished":"2025-01-21T13:02:08+00:00","dateModified":"2025-01-21T13:02:09+00:00","breadcrumb":{"@id":"https:\/\/blog.ccc.eu\/hu\/2025-os-tavaszi-nyari-trendek\/#breadcrumb"},"inLanguage":"hu","potentialAction":[{"@type":"ReadAction","target":["https:\/\/blog.ccc.eu\/hu\/2025-os-tavaszi-nyari-trendek\/"]}]},{"@type":"ImageObject","inLanguage":"hu","@id":"https:\/\/blog.ccc.eu\/hu\/2025-os-tavaszi-nyari-trendek\/#primaryimage","url":"https:\/\/blog.ccc.eu\/hu\/wp-content\/uploads\/2025\/01\/GRAFIKI_NA_BLOGA_NOWE_1240_x_640_trendy_2024_2025-1.jpg","contentUrl":"https:\/\/blog.ccc.eu\/hu\/wp-content\/uploads\/2025\/01\/GRAFIKI_NA_BLOGA_NOWE_1240_x_640_trendy_2024_2025-1.jpg","width":1240,"height":640},{"@type":"BreadcrumbList","@id":"https:\/\/blog.ccc.eu\/hu\/2025-os-tavaszi-nyari-trendek\/#breadcrumb","itemListElement":[{"@type":"ListItem","position":1,"name":"Strona g\u0142\u00f3wna","item":"https:\/\/blog.ccc.eu\/hu\/"},{"@type":"ListItem","position":2,"name":"2025-\u00f6s tavaszi-ny\u00e1ri trendek\u00a0"}]},{"@type":"WebSite","@id":"https:\/\/blog.ccc.eu\/hu\/#website","url":"https:\/\/blog.ccc.eu\/hu\/","name":"CCC Fashion blog","description":"Az \u00d6n helye tele van divatihletekkel","publisher":{"@id":"https:\/\/blog.ccc.eu\/hu\/#organization"},"potentialAction":[{"@type":"SearchAction","target":{"@type":"EntryPoint","urlTemplate":"https:\/\/blog.ccc.eu\/hu\/?s={search_term_string}"},"query-input":{"@type":"PropertyValueSpecification","valueRequired":true,"valueName":"search_term_string"}}],"inLanguage":"hu"},{"@type":"Organization","@id":"https:\/\/blog.ccc.eu\/hu\/#organization","name":"CCC S.A.","url":"https:\/\/blog.ccc.eu\/hu\/","logo":{"@type":"ImageObject","inLanguage":"hu","@id":"https:\/\/blog.ccc.eu\/hu\/#\/schema\/logo\/image\/","url":"https:\/\/blog.ccc.eu\/hu\/wp-content\/uploads\/2021\/11\/logo_ccc.png","contentUrl":"https:\/\/blog.ccc.eu\/hu\/wp-content\/uploads\/2021\/11\/logo_ccc.png","width":730,"height":270,"caption":"CCC S.A."},"image":{"@id":"https:\/\/blog.ccc.eu\/hu\/#\/schema\/logo\/image\/"}},{"@type":"Person","@id":"https:\/\/blog.ccc.eu\/hu\/#\/schema\/person\/b37d4e58a15b8cc6b1339218cfeb7c10","name":"Beatrix Korosi","image":{"@type":"ImageObject","inLanguage":"hu","@id":"https:\/\/blog.ccc.eu\/hu\/#\/schema\/person\/image\/","url":"https:\/\/blog.ccc.eu\/hu\/wp-content\/uploads\/2022\/11\/Bea-150x150.jpg","contentUrl":"https:\/\/blog.ccc.eu\/hu\/wp-content\/uploads\/2022\/11\/Bea-150x150.jpg","caption":"Beatrix Korosi"},"url":"https:\/\/blog.ccc.eu\/hu\/author\/beatrix-korosi\/"}]}},"_links":{"self":[{"href":"https:\/\/blog.ccc.eu\/hu\/wp-json\/wp\/v2\/posts\/10681","targetHints":{"allow":["GET"]}}],"collection":[{"href":"https:\/\/blog.ccc.eu\/hu\/wp-json\/wp\/v2\/posts"}],"about":[{"href":"https:\/\/blog.ccc.eu\/hu\/wp-json\/wp\/v2\/types\/post"}],"author":[{"embeddable":true,"href":"https:\/\/blog.ccc.eu\/hu\/wp-json\/wp\/v2\/users\/22"}],"replies":[{"embeddable":true,"href":"https:\/\/blog.ccc.eu\/hu\/wp-json\/wp\/v2\/comments?post=10681"}],"version-history":[{"count":1,"href":"https:\/\/blog.ccc.eu\/hu\/wp-json\/wp\/v2\/posts\/10681\/revisions"}],"predecessor-version":[{"id":10691,"href":"https:\/\/blog.ccc.eu\/hu\/wp-json\/wp\/v2\/posts\/10681\/revisions\/10691"}],"wp:featuredmedia":[{"embeddable":true,"href":"https:\/\/blog.ccc.eu\/hu\/wp-json\/wp\/v2\/media\/10682"}],"wp:attachment":[{"href":"https:\/\/blog.ccc.eu\/hu\/wp-json\/wp\/v2\/media?parent=10681"}],"wp:term":[{"taxonomy":"category","embeddable":true,"href":"https:\/\/blog.ccc.eu\/hu\/wp-json\/wp\/v2\/categories?post=10681"},{"taxonomy":"post_tag","embeddable":true,"href":"https:\/\/blog.ccc.eu\/hu\/wp-json\/wp\/v2\/tags?post=10681"}],"curies":[{"name":"wp","href":"https:\/\/api.w.org\/{rel}","templated":true}]}}