{"id":10693,"date":"2025-01-24T11:18:33","date_gmt":"2025-01-24T10:18:33","guid":{"rendered":"https:\/\/blog.ccc.eu\/hu\/?p=10693"},"modified":"2025-01-28T11:26:18","modified_gmt":"2025-01-28T10:26:18","slug":"vastag-talpu-mokaszinok","status":"publish","type":"post","link":"https:\/\/blog.ccc.eu\/hu\/vastag-talpu-mokaszinok\/","title":{"rendered":"Vastag talp\u00fa mokaszinok\u00a0"},"content":{"rendered":"\n<p><b>M\u00e1r t\u00f6bb szezon \u00f3ta a trendek \u00e9l\u00e9n \u00e1llnak a vastag talppal ell\u00e1tott mokaszinok.&nbsp;K\u00fcl\u00f6nb\u00f6z\u0151 st\u00edlusban \u00e9s sz\u00ednekben \u00e9rhet\u0151ek el ezek a modellek, amelyeknek k\u00f6sz\u00f6nhet\u0151en garant\u00e1ltan megtal\u00e1ljuk az \u00edzl\u00e9s\u00fcnknek megfelel\u0151 p\u00e1rat. Olvasd el javaslatainkat \u00e9s l\u00e1togass el hozz\u00e1nk!&nbsp;<\/b><\/p>\n\n\n\n<figure class=\"wp-block-gallery has-nested-images columns-default is-cropped wp-block-gallery-1 is-layout-flex wp-block-gallery-is-layout-flex\">\n<figure class=\"wp-block-image size-large\"><img loading=\"lazy\" decoding=\"async\" width=\"1024\" height=\"682\" data-id=\"10694\" src=\"https:\/\/blog.ccc.eu\/hu\/wp-content\/uploads\/2025\/01\/221221_Badura18736-1024x682.jpg\" alt=\"\" class=\"wp-image-10694\" srcset=\"https:\/\/blog.ccc.eu\/hu\/wp-content\/uploads\/2025\/01\/221221_Badura18736-1024x682.jpg 1024w, https:\/\/blog.ccc.eu\/hu\/wp-content\/uploads\/2025\/01\/221221_Badura18736-300x200.jpg 300w, https:\/\/blog.ccc.eu\/hu\/wp-content\/uploads\/2025\/01\/221221_Badura18736-768x512.jpg 768w, https:\/\/blog.ccc.eu\/hu\/wp-content\/uploads\/2025\/01\/221221_Badura18736-100x67.jpg 100w, https:\/\/blog.ccc.eu\/hu\/wp-content\/uploads\/2025\/01\/221221_Badura18736.jpg 1400w\" sizes=\"auto, (max-width: 1024px) 100vw, 1024px\" \/><\/figure>\n<\/figure>\n\n\n\n<h2 class=\"wp-block-heading\">Vastag talp\u00fa n\u0151i mokaszinok\u00a0<\/h2>\n\n\n\n<p>A CCC-ben l\u00e9legzetel\u00e1ll\u00edt\u00f3 egyedi kollekci\u00f3kat tal\u00e1lunk. A klasszikus, semleges sz\u00edn\u0171 modellekt\u0151l az extravag\u00e1nsabb kin\u00e9zet\u0171 darabokig mindent megtal\u00e1lunk. A legt\u00f6bb modellen arany l\u00e1ncos d\u00edsz\u00edt\u00e9st tal\u00e1lunk, amelyek k\u00e9pesek feldobni a legegyszer\u0171bb megjelen\u00e9seket is. Massz\u00edv talpuknak k\u00f6sz\u00f6nhet\u0151en rendk\u00edv\u00fcl k\u00e9nyelmesek \u00e9s st\u00edlusosak egyar\u00e1nt. <\/p>\n\n\n\n<figure class=\"wp-block-gallery has-nested-images columns-default is-cropped wp-block-gallery-2 is-layout-flex wp-block-gallery-is-layout-flex\">\n<figure class=\"wp-block-image size-large\"><img loading=\"lazy\" decoding=\"async\" width=\"721\" height=\"952\" data-id=\"10695\" src=\"https:\/\/blog.ccc.eu\/hu\/wp-content\/uploads\/2025\/01\/CCC_5904248464349_02M.jpg\" alt=\"\" class=\"wp-image-10695\" srcset=\"https:\/\/blog.ccc.eu\/hu\/wp-content\/uploads\/2025\/01\/CCC_5904248464349_02M.jpg 721w, https:\/\/blog.ccc.eu\/hu\/wp-content\/uploads\/2025\/01\/CCC_5904248464349_02M-227x300.jpg 227w, https:\/\/blog.ccc.eu\/hu\/wp-content\/uploads\/2025\/01\/CCC_5904248464349_02M-100x132.jpg 100w\" sizes=\"auto, (max-width: 721px) 100vw, 721px\" \/><\/figure>\n\n\n\n<figure class=\"wp-block-image size-large\"><img loading=\"lazy\" decoding=\"async\" width=\"698\" height=\"1024\" data-id=\"10696\" src=\"https:\/\/blog.ccc.eu\/hu\/wp-content\/uploads\/2025\/01\/CCC_5904248464349_02M1-698x1024.jpg\" alt=\"\" class=\"wp-image-10696\" srcset=\"https:\/\/blog.ccc.eu\/hu\/wp-content\/uploads\/2025\/01\/CCC_5904248464349_02M1-698x1024.jpg 698w, https:\/\/blog.ccc.eu\/hu\/wp-content\/uploads\/2025\/01\/CCC_5904248464349_02M1-204x300.jpg 204w, https:\/\/blog.ccc.eu\/hu\/wp-content\/uploads\/2025\/01\/CCC_5904248464349_02M1-100x147.jpg 100w, https:\/\/blog.ccc.eu\/hu\/wp-content\/uploads\/2025\/01\/CCC_5904248464349_02M1.jpg 716w\" sizes=\"auto, (max-width: 698px) 100vw, 698px\" \/><\/figure>\n<\/figure>\n\n\n\n<h2 class=\"wp-block-heading\">B\u0151r mokaszinok vastag talppal\u00a0<\/h2>\n\n\n\n<p>A Badura m\u00e1rka k\u00edn\u00e1lat\u00e1ban fekete, barna \u00e9s b\u00e9zs sz\u00ednben tal\u00e1lunk mokaszinokat rojtokkal ell\u00e1tva, melyek egyedi karaktert adnak megjelen\u00e9s\u00fcnknek. A Sergio Bardi, Gino Rossi \u00e9s a Rage Age m\u00e1rk\u00e1k kollekci\u00f3iban is kiv\u00e1l\u00f3 min\u0151s\u00e9g\u0171 \u00e9s trendi darabokat tal\u00e1lunk. \u00a0<\/p>\n\n\n\n<figure class=\"wp-block-gallery has-nested-images columns-default is-cropped wp-block-gallery-3 is-layout-flex wp-block-gallery-is-layout-flex\">\n<figure class=\"wp-block-image size-large\"><img loading=\"lazy\" decoding=\"async\" width=\"683\" height=\"1024\" data-id=\"10697\" src=\"https:\/\/blog.ccc.eu\/hu\/wp-content\/uploads\/2025\/01\/CCC_5905588740100_01-683x1024.jpg\" alt=\"\" class=\"wp-image-10697\" srcset=\"https:\/\/blog.ccc.eu\/hu\/wp-content\/uploads\/2025\/01\/CCC_5905588740100_01-683x1024.jpg 683w, https:\/\/blog.ccc.eu\/hu\/wp-content\/uploads\/2025\/01\/CCC_5905588740100_01-200x300.jpg 200w, https:\/\/blog.ccc.eu\/hu\/wp-content\/uploads\/2025\/01\/CCC_5905588740100_01-768x1152.jpg 768w, https:\/\/blog.ccc.eu\/hu\/wp-content\/uploads\/2025\/01\/CCC_5905588740100_01-100x150.jpg 100w, https:\/\/blog.ccc.eu\/hu\/wp-content\/uploads\/2025\/01\/CCC_5905588740100_01.jpg 876w\" sizes=\"auto, (max-width: 683px) 100vw, 683px\" \/><\/figure>\n\n\n\n<figure class=\"wp-block-image size-large\"><img loading=\"lazy\" decoding=\"async\" width=\"683\" height=\"1024\" data-id=\"10698\" src=\"https:\/\/blog.ccc.eu\/hu\/wp-content\/uploads\/2025\/01\/CCC_5905588740100_02_M-683x1024.jpg\" alt=\"\" class=\"wp-image-10698\" srcset=\"https:\/\/blog.ccc.eu\/hu\/wp-content\/uploads\/2025\/01\/CCC_5905588740100_02_M-683x1024.jpg 683w, https:\/\/blog.ccc.eu\/hu\/wp-content\/uploads\/2025\/01\/CCC_5905588740100_02_M-200x300.jpg 200w, https:\/\/blog.ccc.eu\/hu\/wp-content\/uploads\/2025\/01\/CCC_5905588740100_02_M-768x1152.jpg 768w, https:\/\/blog.ccc.eu\/hu\/wp-content\/uploads\/2025\/01\/CCC_5905588740100_02_M-100x150.jpg 100w, https:\/\/blog.ccc.eu\/hu\/wp-content\/uploads\/2025\/01\/CCC_5905588740100_02_M.jpg 876w\" sizes=\"auto, (max-width: 683px) 100vw, 683px\" \/><\/figure>\n<\/figure>\n\n\n\n<h2 class=\"wp-block-heading\" id=\"menu-list-header-5\">Mivel viselj\u00fck a vastag talp\u00fa mokaszinokat?<\/h2>\n\n\n\n<p>A platform talp\u00fa mokaszinok egyik legnagyobb el\u0151nye, hogy minden st\u00edlussal \u00e9s ruhadarabbal kombin\u00e1lhat\u00f3ak. A minimalista st\u00edlus\u00fa darabokkal k\u00f6nnyed\u00e9n tudunk munkahelyi megjelen\u00e9st l\u00e9trehozni.<\/p>\n\n\n\n<p>V\u00e1lasszunk egy feh\u00e9r inget fekete ceruzaszokny\u00e1val \u00e9s kombin\u00e1ljuk eleg\u00e1ns mokaszinnal. Ha felt\u0171n\u0151 megjelen\u00e9st szeretn\u00e9nk el\u00e9rni, eg\u00e9sz\u00edts\u00fck ki szett\u00fcnket sz\u00ednes t\u00e9rdzoknival. <\/p>\n\n\n\n<figure class=\"wp-block-gallery has-nested-images columns-default is-cropped wp-block-gallery-4 is-layout-flex wp-block-gallery-is-layout-flex\">\n<figure class=\"wp-block-image size-large\"><img loading=\"lazy\" decoding=\"async\" width=\"667\" height=\"1000\" data-id=\"10699\" src=\"https:\/\/blog.ccc.eu\/hu\/wp-content\/uploads\/2025\/01\/CCC_5904862999913_01.jpg\" alt=\"\" class=\"wp-image-10699\" srcset=\"https:\/\/blog.ccc.eu\/hu\/wp-content\/uploads\/2025\/01\/CCC_5904862999913_01.jpg 667w, https:\/\/blog.ccc.eu\/hu\/wp-content\/uploads\/2025\/01\/CCC_5904862999913_01-200x300.jpg 200w, https:\/\/blog.ccc.eu\/hu\/wp-content\/uploads\/2025\/01\/CCC_5904862999913_01-100x150.jpg 100w\" sizes=\"auto, (max-width: 667px) 100vw, 667px\" \/><\/figure>\n\n\n\n<figure class=\"wp-block-image size-large\"><img loading=\"lazy\" decoding=\"async\" width=\"667\" height=\"1000\" data-id=\"10700\" src=\"https:\/\/blog.ccc.eu\/hu\/wp-content\/uploads\/2025\/01\/CCC_5904862999913_02M.jpg\" alt=\"\" class=\"wp-image-10700\" srcset=\"https:\/\/blog.ccc.eu\/hu\/wp-content\/uploads\/2025\/01\/CCC_5904862999913_02M.jpg 667w, https:\/\/blog.ccc.eu\/hu\/wp-content\/uploads\/2025\/01\/CCC_5904862999913_02M-200x300.jpg 200w, https:\/\/blog.ccc.eu\/hu\/wp-content\/uploads\/2025\/01\/CCC_5904862999913_02M-100x150.jpg 100w\" sizes=\"auto, (max-width: 667px) 100vw, 667px\" \/><\/figure>\n<\/figure>\n\n\n\n<p>Fedezd fel a st\u00edlusos mokaszinokat\u00a0<a href=\"https:\/\/ccc.eu\/hu\/sklepy\" target=\"_blank\" rel=\"noreferrer noopener\">CCC \u00fczleteinkben<\/a>,\u00a0<a href=\"https:\/\/ccc.eu\/hu\/\" target=\"_blank\" rel=\"noreferrer noopener\">webshopunkban<\/a>, \u00e9s az\u00a0<a href=\"https:\/\/ccc.eu\/hu\/mobile-app\" target=\"_blank\" rel=\"noreferrer noopener\">alkalmaz\u00e1sban<\/a>. Legy\u00e9l\u00a0<a href=\"https:\/\/ccc.eu\/hu\/klub-ccc\" target=\"_blank\" rel=\"noreferrer noopener\">CCC klubtag<\/a>\u00a0is, \u00e9s \u00e9lvezd a k\u00e9nyelmes \u00e9s kedvezm\u00e9nyes v\u00e1s\u00e1rl\u00e1si lehet\u0151s\u00e9geket! K\u00f6vesd vel\u00fcnk a divatot\u00a0<a href=\"https:\/\/www.facebook.com\/CCC.Hungary\/\" target=\"_blank\" rel=\"noreferrer noopener\">Facebookon,<\/a>\u00a0\u00e9s inspir\u00e1l\u00f3dj vel\u00fcnk az\u00a0<a href=\"https:\/\/www.instagram.com\/cccshoesbags\/\" target=\"_blank\" rel=\"noreferrer noopener\">Instagramon<\/a>\u00a0is!<\/p>\n\n\n\n<p><\/p>\n","protected":false},"excerpt":{"rendered":"<p>M\u00e1r t\u00f6bb szezon \u00f3ta a trendek \u00e9l\u00e9n \u00e1llnak a vastag talppal ell\u00e1tott mokaszinok.&nbsp;K\u00fcl\u00f6nb\u00f6z\u0151 st\u00edlusban \u00e9s sz\u00ednekben \u00e9rhet\u0151ek el ezek a modellek, amelyeknek k\u00f6sz\u00f6nhet\u0151en garant\u00e1ltan megtal\u00e1ljuk az \u00edzl\u00e9s\u00fcnknek megfelel\u0151 p\u00e1rat. Olvasd el javaslatainkat \u00e9s l\u00e1togass el hozz\u00e1nk!&nbsp; Vastag talp\u00fa n\u0151i mokaszinok\u00a0 A CCC-ben l\u00e9legzetel\u00e1ll\u00edt\u00f3 egyedi kollekci\u00f3kat tal\u00e1lunk. A klasszikus, semleges sz\u00edn\u0171 modellekt\u0151l az extravag\u00e1nsabb kin\u00e9zet\u0171 darabokig [&hellip;]<\/p>\n","protected":false},"author":22,"featured_media":10694,"comment_status":"open","ping_status":"open","sticky":false,"template":"","format":"standard","meta":{"_acf_changed":false,"footnotes":""},"categories":[6],"tags":[560,1074,812,786],"class_list":["post-10693","post","type-post","status-publish","format-standard","has-post-thumbnail","hentry","category-trendek","tag-ccc","tag-mokaszinok","tag-noi-cipok","tag-trendek"],"acf":[],"yoast_head":"<!-- This site is optimized with the Yoast SEO plugin v26.9 - https:\/\/yoast.com\/product\/yoast-seo-wordpress\/ -->\n<title>Vastag talp\u00fa mokaszinok\u00a0 - CCC Fashion blog<\/title>\n<meta name=\"description\" content=\"2026\" \/>\n<meta name=\"robots\" content=\"index, follow, max-snippet:-1, max-image-preview:large, max-video-preview:-1\" \/>\n<link rel=\"canonical\" href=\"https:\/\/blog.ccc.eu\/hu\/vastag-talpu-mokaszinok\/\" \/>\n<meta property=\"og:locale\" content=\"hu_HU\" \/>\n<meta property=\"og:type\" content=\"article\" \/>\n<meta property=\"og:title\" content=\"Vastag talp\u00fa mokaszinok\u00a0 - CCC Fashion blog\" \/>\n<meta property=\"og:description\" content=\"M\u00e1r t\u00f6bb szezon \u00f3ta a trendek \u00e9l\u00e9n \u00e1llnak a vastag talppal ell\u00e1tott mokaszinok.&nbsp;K\u00fcl\u00f6nb\u00f6z\u0151 st\u00edlusban \u00e9s sz\u00ednekben \u00e9rhet\u0151ek el ezek a modellek, amelyeknek k\u00f6sz\u00f6nhet\u0151en garant\u00e1ltan megtal\u00e1ljuk az \u00edzl\u00e9s\u00fcnknek megfelel\u0151 p\u00e1rat. Olvasd el javaslatainkat \u00e9s l\u00e1togass el hozz\u00e1nk!&nbsp; Vastag talp\u00fa n\u0151i mokaszinok\u00a0 A CCC-ben l\u00e9legzetel\u00e1ll\u00edt\u00f3 egyedi kollekci\u00f3kat tal\u00e1lunk. A klasszikus, semleges sz\u00edn\u0171 modellekt\u0151l az extravag\u00e1nsabb kin\u00e9zet\u0171 darabokig [&hellip;]\" \/>\n<meta property=\"og:url\" content=\"https:\/\/blog.ccc.eu\/hu\/vastag-talpu-mokaszinok\/\" \/>\n<meta property=\"og:site_name\" content=\"CCC Fashion blog\" \/>\n<meta property=\"article:published_time\" content=\"2025-01-24T10:18:33+00:00\" \/>\n<meta property=\"article:modified_time\" content=\"2025-01-28T10:26:18+00:00\" \/>\n<meta property=\"og:image\" content=\"https:\/\/blog.ccc.eu\/hu\/wp-content\/uploads\/2025\/01\/221221_Badura18736.jpg\" \/>\n\t<meta property=\"og:image:width\" content=\"1400\" \/>\n\t<meta property=\"og:image:height\" content=\"933\" \/>\n\t<meta property=\"og:image:type\" content=\"image\/jpeg\" \/>\n<meta name=\"author\" content=\"Beatrix Korosi\" \/>\n<meta name=\"twitter:card\" content=\"summary_large_image\" \/>\n<meta name=\"twitter:label1\" content=\"Szerz\u0151:\" \/>\n\t<meta name=\"twitter:data1\" content=\"Beatrix Korosi\" \/>\n\t<meta name=\"twitter:label2\" content=\"Becs\u00fclt olvas\u00e1si id\u0151\" \/>\n\t<meta name=\"twitter:data2\" content=\"2 perc\" \/>\n<script type=\"application\/ld+json\" class=\"yoast-schema-graph\">{\"@context\":\"https:\/\/schema.org\",\"@graph\":[{\"@type\":\"Article\",\"@id\":\"https:\/\/blog.ccc.eu\/hu\/vastag-talpu-mokaszinok\/#article\",\"isPartOf\":{\"@id\":\"https:\/\/blog.ccc.eu\/hu\/vastag-talpu-mokaszinok\/\"},\"author\":{\"name\":\"Beatrix Korosi\",\"@id\":\"https:\/\/blog.ccc.eu\/hu\/#\/schema\/person\/b37d4e58a15b8cc6b1339218cfeb7c10\"},\"headline\":\"Vastag talp\u00fa mokaszinok\u00a0\",\"datePublished\":\"2025-01-24T10:18:33+00:00\",\"dateModified\":\"2025-01-28T10:26:18+00:00\",\"mainEntityOfPage\":{\"@id\":\"https:\/\/blog.ccc.eu\/hu\/vastag-talpu-mokaszinok\/\"},\"wordCount\":314,\"commentCount\":0,\"publisher\":{\"@id\":\"https:\/\/blog.ccc.eu\/hu\/#organization\"},\"image\":{\"@id\":\"https:\/\/blog.ccc.eu\/hu\/vastag-talpu-mokaszinok\/#primaryimage\"},\"thumbnailUrl\":\"https:\/\/blog.ccc.eu\/hu\/wp-content\/uploads\/2025\/01\/221221_Badura18736.jpg\",\"keywords\":[\"CCC\",\"mokaszinok\",\"n\u0151i cip\u0151k\",\"trendek\"],\"articleSection\":[\"TRENDEK\"],\"inLanguage\":\"hu\",\"potentialAction\":[{\"@type\":\"CommentAction\",\"name\":\"Comment\",\"target\":[\"https:\/\/blog.ccc.eu\/hu\/vastag-talpu-mokaszinok\/#respond\"]}]},{\"@type\":\"WebPage\",\"@id\":\"https:\/\/blog.ccc.eu\/hu\/vastag-talpu-mokaszinok\/\",\"url\":\"https:\/\/blog.ccc.eu\/hu\/vastag-talpu-mokaszinok\/\",\"name\":\"Vastag talp\u00fa mokaszinok\u00a0 - CCC Fashion blog\",\"isPartOf\":{\"@id\":\"https:\/\/blog.ccc.eu\/hu\/#website\"},\"primaryImageOfPage\":{\"@id\":\"https:\/\/blog.ccc.eu\/hu\/vastag-talpu-mokaszinok\/#primaryimage\"},\"image\":{\"@id\":\"https:\/\/blog.ccc.eu\/hu\/vastag-talpu-mokaszinok\/#primaryimage\"},\"thumbnailUrl\":\"https:\/\/blog.ccc.eu\/hu\/wp-content\/uploads\/2025\/01\/221221_Badura18736.jpg\",\"datePublished\":\"2025-01-24T10:18:33+00:00\",\"dateModified\":\"2025-01-28T10:26:18+00:00\",\"breadcrumb\":{\"@id\":\"https:\/\/blog.ccc.eu\/hu\/vastag-talpu-mokaszinok\/#breadcrumb\"},\"inLanguage\":\"hu\",\"potentialAction\":[{\"@type\":\"ReadAction\",\"target\":[\"https:\/\/blog.ccc.eu\/hu\/vastag-talpu-mokaszinok\/\"]}]},{\"@type\":\"ImageObject\",\"inLanguage\":\"hu\",\"@id\":\"https:\/\/blog.ccc.eu\/hu\/vastag-talpu-mokaszinok\/#primaryimage\",\"url\":\"https:\/\/blog.ccc.eu\/hu\/wp-content\/uploads\/2025\/01\/221221_Badura18736.jpg\",\"contentUrl\":\"https:\/\/blog.ccc.eu\/hu\/wp-content\/uploads\/2025\/01\/221221_Badura18736.jpg\",\"width\":1400,\"height\":933},{\"@type\":\"BreadcrumbList\",\"@id\":\"https:\/\/blog.ccc.eu\/hu\/vastag-talpu-mokaszinok\/#breadcrumb\",\"itemListElement\":[{\"@type\":\"ListItem\",\"position\":1,\"name\":\"Strona g\u0142\u00f3wna\",\"item\":\"https:\/\/blog.ccc.eu\/hu\/\"},{\"@type\":\"ListItem\",\"position\":2,\"name\":\"Vastag talp\u00fa mokaszinok\u00a0\"}]},{\"@type\":\"WebSite\",\"@id\":\"https:\/\/blog.ccc.eu\/hu\/#website\",\"url\":\"https:\/\/blog.ccc.eu\/hu\/\",\"name\":\"CCC Fashion blog\",\"description\":\"Az \u00d6n helye tele van divatihletekkel\",\"publisher\":{\"@id\":\"https:\/\/blog.ccc.eu\/hu\/#organization\"},\"potentialAction\":[{\"@type\":\"SearchAction\",\"target\":{\"@type\":\"EntryPoint\",\"urlTemplate\":\"https:\/\/blog.ccc.eu\/hu\/?s={search_term_string}\"},\"query-input\":{\"@type\":\"PropertyValueSpecification\",\"valueRequired\":true,\"valueName\":\"search_term_string\"}}],\"inLanguage\":\"hu\"},{\"@type\":\"Organization\",\"@id\":\"https:\/\/blog.ccc.eu\/hu\/#organization\",\"name\":\"CCC S.A.\",\"url\":\"https:\/\/blog.ccc.eu\/hu\/\",\"logo\":{\"@type\":\"ImageObject\",\"inLanguage\":\"hu\",\"@id\":\"https:\/\/blog.ccc.eu\/hu\/#\/schema\/logo\/image\/\",\"url\":\"https:\/\/blog.ccc.eu\/hu\/wp-content\/uploads\/2021\/11\/logo_ccc.png\",\"contentUrl\":\"https:\/\/blog.ccc.eu\/hu\/wp-content\/uploads\/2021\/11\/logo_ccc.png\",\"width\":730,\"height\":270,\"caption\":\"CCC S.A.\"},\"image\":{\"@id\":\"https:\/\/blog.ccc.eu\/hu\/#\/schema\/logo\/image\/\"}},{\"@type\":\"Person\",\"@id\":\"https:\/\/blog.ccc.eu\/hu\/#\/schema\/person\/b37d4e58a15b8cc6b1339218cfeb7c10\",\"name\":\"Beatrix Korosi\",\"image\":{\"@type\":\"ImageObject\",\"inLanguage\":\"hu\",\"@id\":\"https:\/\/blog.ccc.eu\/hu\/#\/schema\/person\/image\/\",\"url\":\"https:\/\/blog.ccc.eu\/hu\/wp-content\/uploads\/2022\/11\/Bea-150x150.jpg\",\"contentUrl\":\"https:\/\/blog.ccc.eu\/hu\/wp-content\/uploads\/2022\/11\/Bea-150x150.jpg\",\"caption\":\"Beatrix Korosi\"},\"url\":\"https:\/\/blog.ccc.eu\/hu\/author\/beatrix-korosi\/\"}]}<\/script>\n<!-- \/ Yoast SEO plugin. -->","yoast_head_json":{"title":"Vastag talp\u00fa mokaszinok\u00a0 - CCC Fashion blog","description":"2026","robots":{"index":"index","follow":"follow","max-snippet":"max-snippet:-1","max-image-preview":"max-image-preview:large","max-video-preview":"max-video-preview:-1"},"canonical":"https:\/\/blog.ccc.eu\/hu\/vastag-talpu-mokaszinok\/","og_locale":"hu_HU","og_type":"article","og_title":"Vastag talp\u00fa mokaszinok\u00a0 - CCC Fashion blog","og_description":"M\u00e1r t\u00f6bb szezon \u00f3ta a trendek \u00e9l\u00e9n \u00e1llnak a vastag talppal ell\u00e1tott mokaszinok.&nbsp;K\u00fcl\u00f6nb\u00f6z\u0151 st\u00edlusban \u00e9s sz\u00ednekben \u00e9rhet\u0151ek el ezek a modellek, amelyeknek k\u00f6sz\u00f6nhet\u0151en garant\u00e1ltan megtal\u00e1ljuk az \u00edzl\u00e9s\u00fcnknek megfelel\u0151 p\u00e1rat. Olvasd el javaslatainkat \u00e9s l\u00e1togass el hozz\u00e1nk!&nbsp; Vastag talp\u00fa n\u0151i mokaszinok\u00a0 A CCC-ben l\u00e9legzetel\u00e1ll\u00edt\u00f3 egyedi kollekci\u00f3kat tal\u00e1lunk. A klasszikus, semleges sz\u00edn\u0171 modellekt\u0151l az extravag\u00e1nsabb kin\u00e9zet\u0171 darabokig [&hellip;]","og_url":"https:\/\/blog.ccc.eu\/hu\/vastag-talpu-mokaszinok\/","og_site_name":"CCC Fashion blog","article_published_time":"2025-01-24T10:18:33+00:00","article_modified_time":"2025-01-28T10:26:18+00:00","og_image":[{"width":1400,"height":933,"url":"https:\/\/blog.ccc.eu\/hu\/wp-content\/uploads\/2025\/01\/221221_Badura18736.jpg","type":"image\/jpeg"}],"author":"Beatrix Korosi","twitter_card":"summary_large_image","twitter_misc":{"Szerz\u0151:":"Beatrix Korosi","Becs\u00fclt olvas\u00e1si id\u0151":"2 perc"},"schema":{"@context":"https:\/\/schema.org","@graph":[{"@type":"Article","@id":"https:\/\/blog.ccc.eu\/hu\/vastag-talpu-mokaszinok\/#article","isPartOf":{"@id":"https:\/\/blog.ccc.eu\/hu\/vastag-talpu-mokaszinok\/"},"author":{"name":"Beatrix Korosi","@id":"https:\/\/blog.ccc.eu\/hu\/#\/schema\/person\/b37d4e58a15b8cc6b1339218cfeb7c10"},"headline":"Vastag talp\u00fa mokaszinok\u00a0","datePublished":"2025-01-24T10:18:33+00:00","dateModified":"2025-01-28T10:26:18+00:00","mainEntityOfPage":{"@id":"https:\/\/blog.ccc.eu\/hu\/vastag-talpu-mokaszinok\/"},"wordCount":314,"commentCount":0,"publisher":{"@id":"https:\/\/blog.ccc.eu\/hu\/#organization"},"image":{"@id":"https:\/\/blog.ccc.eu\/hu\/vastag-talpu-mokaszinok\/#primaryimage"},"thumbnailUrl":"https:\/\/blog.ccc.eu\/hu\/wp-content\/uploads\/2025\/01\/221221_Badura18736.jpg","keywords":["CCC","mokaszinok","n\u0151i cip\u0151k","trendek"],"articleSection":["TRENDEK"],"inLanguage":"hu","potentialAction":[{"@type":"CommentAction","name":"Comment","target":["https:\/\/blog.ccc.eu\/hu\/vastag-talpu-mokaszinok\/#respond"]}]},{"@type":"WebPage","@id":"https:\/\/blog.ccc.eu\/hu\/vastag-talpu-mokaszinok\/","url":"https:\/\/blog.ccc.eu\/hu\/vastag-talpu-mokaszinok\/","name":"Vastag talp\u00fa mokaszinok\u00a0 - CCC Fashion blog","isPartOf":{"@id":"https:\/\/blog.ccc.eu\/hu\/#website"},"primaryImageOfPage":{"@id":"https:\/\/blog.ccc.eu\/hu\/vastag-talpu-mokaszinok\/#primaryimage"},"image":{"@id":"https:\/\/blog.ccc.eu\/hu\/vastag-talpu-mokaszinok\/#primaryimage"},"thumbnailUrl":"https:\/\/blog.ccc.eu\/hu\/wp-content\/uploads\/2025\/01\/221221_Badura18736.jpg","datePublished":"2025-01-24T10:18:33+00:00","dateModified":"2025-01-28T10:26:18+00:00","breadcrumb":{"@id":"https:\/\/blog.ccc.eu\/hu\/vastag-talpu-mokaszinok\/#breadcrumb"},"inLanguage":"hu","potentialAction":[{"@type":"ReadAction","target":["https:\/\/blog.ccc.eu\/hu\/vastag-talpu-mokaszinok\/"]}]},{"@type":"ImageObject","inLanguage":"hu","@id":"https:\/\/blog.ccc.eu\/hu\/vastag-talpu-mokaszinok\/#primaryimage","url":"https:\/\/blog.ccc.eu\/hu\/wp-content\/uploads\/2025\/01\/221221_Badura18736.jpg","contentUrl":"https:\/\/blog.ccc.eu\/hu\/wp-content\/uploads\/2025\/01\/221221_Badura18736.jpg","width":1400,"height":933},{"@type":"BreadcrumbList","@id":"https:\/\/blog.ccc.eu\/hu\/vastag-talpu-mokaszinok\/#breadcrumb","itemListElement":[{"@type":"ListItem","position":1,"name":"Strona g\u0142\u00f3wna","item":"https:\/\/blog.ccc.eu\/hu\/"},{"@type":"ListItem","position":2,"name":"Vastag talp\u00fa mokaszinok\u00a0"}]},{"@type":"WebSite","@id":"https:\/\/blog.ccc.eu\/hu\/#website","url":"https:\/\/blog.ccc.eu\/hu\/","name":"CCC Fashion blog","description":"Az \u00d6n helye tele van divatihletekkel","publisher":{"@id":"https:\/\/blog.ccc.eu\/hu\/#organization"},"potentialAction":[{"@type":"SearchAction","target":{"@type":"EntryPoint","urlTemplate":"https:\/\/blog.ccc.eu\/hu\/?s={search_term_string}"},"query-input":{"@type":"PropertyValueSpecification","valueRequired":true,"valueName":"search_term_string"}}],"inLanguage":"hu"},{"@type":"Organization","@id":"https:\/\/blog.ccc.eu\/hu\/#organization","name":"CCC S.A.","url":"https:\/\/blog.ccc.eu\/hu\/","logo":{"@type":"ImageObject","inLanguage":"hu","@id":"https:\/\/blog.ccc.eu\/hu\/#\/schema\/logo\/image\/","url":"https:\/\/blog.ccc.eu\/hu\/wp-content\/uploads\/2021\/11\/logo_ccc.png","contentUrl":"https:\/\/blog.ccc.eu\/hu\/wp-content\/uploads\/2021\/11\/logo_ccc.png","width":730,"height":270,"caption":"CCC S.A."},"image":{"@id":"https:\/\/blog.ccc.eu\/hu\/#\/schema\/logo\/image\/"}},{"@type":"Person","@id":"https:\/\/blog.ccc.eu\/hu\/#\/schema\/person\/b37d4e58a15b8cc6b1339218cfeb7c10","name":"Beatrix Korosi","image":{"@type":"ImageObject","inLanguage":"hu","@id":"https:\/\/blog.ccc.eu\/hu\/#\/schema\/person\/image\/","url":"https:\/\/blog.ccc.eu\/hu\/wp-content\/uploads\/2022\/11\/Bea-150x150.jpg","contentUrl":"https:\/\/blog.ccc.eu\/hu\/wp-content\/uploads\/2022\/11\/Bea-150x150.jpg","caption":"Beatrix Korosi"},"url":"https:\/\/blog.ccc.eu\/hu\/author\/beatrix-korosi\/"}]}},"_links":{"self":[{"href":"https:\/\/blog.ccc.eu\/hu\/wp-json\/wp\/v2\/posts\/10693","targetHints":{"allow":["GET"]}}],"collection":[{"href":"https:\/\/blog.ccc.eu\/hu\/wp-json\/wp\/v2\/posts"}],"about":[{"href":"https:\/\/blog.ccc.eu\/hu\/wp-json\/wp\/v2\/types\/post"}],"author":[{"embeddable":true,"href":"https:\/\/blog.ccc.eu\/hu\/wp-json\/wp\/v2\/users\/22"}],"replies":[{"embeddable":true,"href":"https:\/\/blog.ccc.eu\/hu\/wp-json\/wp\/v2\/comments?post=10693"}],"version-history":[{"count":2,"href":"https:\/\/blog.ccc.eu\/hu\/wp-json\/wp\/v2\/posts\/10693\/revisions"}],"predecessor-version":[{"id":10702,"href":"https:\/\/blog.ccc.eu\/hu\/wp-json\/wp\/v2\/posts\/10693\/revisions\/10702"}],"wp:featuredmedia":[{"embeddable":true,"href":"https:\/\/blog.ccc.eu\/hu\/wp-json\/wp\/v2\/media\/10694"}],"wp:attachment":[{"href":"https:\/\/blog.ccc.eu\/hu\/wp-json\/wp\/v2\/media?parent=10693"}],"wp:term":[{"taxonomy":"category","embeddable":true,"href":"https:\/\/blog.ccc.eu\/hu\/wp-json\/wp\/v2\/categories?post=10693"},{"taxonomy":"post_tag","embeddable":true,"href":"https:\/\/blog.ccc.eu\/hu\/wp-json\/wp\/v2\/tags?post=10693"}],"curies":[{"name":"wp","href":"https:\/\/api.w.org\/{rel}","templated":true}]}}