{"id":10729,"date":"2025-02-06T16:06:11","date_gmt":"2025-02-06T15:06:11","guid":{"rendered":"https:\/\/blog.ccc.eu\/hu\/?p=10729"},"modified":"2025-02-06T16:06:11","modified_gmt":"2025-02-06T15:06:11","slug":"atmeneti-cipok-a-gardrobunk-kotelezo-darabjai","status":"publish","type":"post","link":"https:\/\/blog.ccc.eu\/hu\/atmeneti-cipok-a-gardrobunk-kotelezo-darabjai\/","title":{"rendered":"\u00c1tmeneti cip\u0151k \u2013 a gardr\u00f3bunk k\u00f6telez\u0151 darabjai"},"content":{"rendered":"\n<p><b>Az \u00e1tmeneti l\u00e1bbelik elengedhetetlen darabnak sz\u00e1m\u00edtanak minden n\u0151 \u00e9s f\u00e9rfi gardr\u00f3bj\u00e1ban. Az \u00e9vszakok k\u00f6z\u00f6tti \u00e1tmenet \u00e9vente k\u00e9tszer t\u00f6rt\u00e9nik, a t\u00e9l \u00e9s a tavasz, valamint a ny\u00e1r \u00e9s az \u0151sz k\u00f6z\u00f6tt. Ilyenkor az id\u0151j\u00e1r\u00e1si viszonyok annyira elt\u00e9r\u0151ek, hogy neh\u00e9z eld\u00f6nteni, hogy mely modelleket viselj\u00fck. Olvasd el javaslatainkat \u00e9s tal\u00e1ld meg a t\u00f6k\u00e9letes darabokat!<\/b><\/p>\n\n\n\n<figure class=\"wp-block-gallery has-nested-images columns-default is-cropped wp-block-gallery-1 is-layout-flex wp-block-gallery-is-layout-flex\">\n<figure class=\"wp-block-image size-large\"><img loading=\"lazy\" decoding=\"async\" width=\"768\" height=\"1024\" data-id=\"10731\" src=\"https:\/\/blog.ccc.eu\/hu\/wp-content\/uploads\/2025\/02\/0449_gino_rossi_AW22_3x4_dpi120-Copy-1152x1536-1-768x1024.jpg\" alt=\"\" class=\"wp-image-10731\" srcset=\"https:\/\/blog.ccc.eu\/hu\/wp-content\/uploads\/2025\/02\/0449_gino_rossi_AW22_3x4_dpi120-Copy-1152x1536-1-768x1024.jpg 768w, https:\/\/blog.ccc.eu\/hu\/wp-content\/uploads\/2025\/02\/0449_gino_rossi_AW22_3x4_dpi120-Copy-1152x1536-1-225x300.jpg 225w, https:\/\/blog.ccc.eu\/hu\/wp-content\/uploads\/2025\/02\/0449_gino_rossi_AW22_3x4_dpi120-Copy-1152x1536-1-100x133.jpg 100w, https:\/\/blog.ccc.eu\/hu\/wp-content\/uploads\/2025\/02\/0449_gino_rossi_AW22_3x4_dpi120-Copy-1152x1536-1.jpg 1152w\" sizes=\"auto, (max-width: 768px) 100vw, 768px\" \/><\/figure>\n\n\n\n<figure class=\"wp-block-image size-large\"><img loading=\"lazy\" decoding=\"async\" width=\"768\" height=\"1024\" data-id=\"10730\" src=\"https:\/\/blog.ccc.eu\/hu\/wp-content\/uploads\/2025\/02\/1341_gino_rossi_AW22_3x4_dpi120-Copy-768x1024-1.jpg\" alt=\"\" class=\"wp-image-10730\" srcset=\"https:\/\/blog.ccc.eu\/hu\/wp-content\/uploads\/2025\/02\/1341_gino_rossi_AW22_3x4_dpi120-Copy-768x1024-1.jpg 768w, https:\/\/blog.ccc.eu\/hu\/wp-content\/uploads\/2025\/02\/1341_gino_rossi_AW22_3x4_dpi120-Copy-768x1024-1-225x300.jpg 225w, https:\/\/blog.ccc.eu\/hu\/wp-content\/uploads\/2025\/02\/1341_gino_rossi_AW22_3x4_dpi120-Copy-768x1024-1-100x133.jpg 100w\" sizes=\"auto, (max-width: 768px) 100vw, 768px\" \/><\/figure>\n<\/figure>\n\n\n\n<h2 class=\"wp-block-heading\">Bokacsizm\u00e1k\u00a0<\/h2>\n\n\n\n<p>Ezek a l\u00e1bbelik az egyik legjobb v\u00e1laszt\u00e1snak bizonyulnak. Nem b\u00e9leltek, m\u00e9gis meg\u00f3vj\u00e1k a l\u00e1bunkat a hideg id\u0151j\u00e1r\u00e1st\u00f3l, kiv\u00e1l\u00f3 anyaguknak k\u00f6sz\u00f6nhet\u0151en pedig az es\u0151t\u0151l is egyar\u00e1nt. Eg\u00e9sz napos visel\u00e9si k\u00e9nyelmet biztos\u00edtanak sz\u00e1munkra, nem mellesleg a legegyszer\u0171bb megjelen\u00e9st is k\u00e9pesek feldobni. A legszebb darabokat a Gino Rossi, Lasocki \u00e9s a Jenny Fairy m\u00e1rka kollekci\u00f3j\u00e1ban tal\u00e1ljuk meg.\u00a0<\/p>\n\n\n\n<figure class=\"wp-block-gallery has-nested-images columns-default is-cropped wp-block-gallery-2 is-layout-flex wp-block-gallery-is-layout-flex\">\n<figure class=\"wp-block-image size-large\"><img loading=\"lazy\" decoding=\"async\" width=\"683\" height=\"1024\" data-id=\"10732\" src=\"https:\/\/blog.ccc.eu\/hu\/wp-content\/uploads\/2025\/02\/CCC_5905588917489_02_M-683x1024.jpg\" alt=\"\" class=\"wp-image-10732\" srcset=\"https:\/\/blog.ccc.eu\/hu\/wp-content\/uploads\/2025\/02\/CCC_5905588917489_02_M-683x1024.jpg 683w, https:\/\/blog.ccc.eu\/hu\/wp-content\/uploads\/2025\/02\/CCC_5905588917489_02_M-200x300.jpg 200w, https:\/\/blog.ccc.eu\/hu\/wp-content\/uploads\/2025\/02\/CCC_5905588917489_02_M-768x1152.jpg 768w, https:\/\/blog.ccc.eu\/hu\/wp-content\/uploads\/2025\/02\/CCC_5905588917489_02_M-100x150.jpg 100w, https:\/\/blog.ccc.eu\/hu\/wp-content\/uploads\/2025\/02\/CCC_5905588917489_02_M.jpg 876w\" sizes=\"auto, (max-width: 683px) 100vw, 683px\" \/><\/figure>\n\n\n\n<figure class=\"wp-block-image size-large\"><img loading=\"lazy\" decoding=\"async\" width=\"683\" height=\"1024\" data-id=\"10733\" src=\"https:\/\/blog.ccc.eu\/hu\/wp-content\/uploads\/2025\/02\/CCC_5905588985549_02_M-683x1024.jpg\" alt=\"\" class=\"wp-image-10733\" srcset=\"https:\/\/blog.ccc.eu\/hu\/wp-content\/uploads\/2025\/02\/CCC_5905588985549_02_M-683x1024.jpg 683w, https:\/\/blog.ccc.eu\/hu\/wp-content\/uploads\/2025\/02\/CCC_5905588985549_02_M-200x300.jpg 200w, https:\/\/blog.ccc.eu\/hu\/wp-content\/uploads\/2025\/02\/CCC_5905588985549_02_M-768x1152.jpg 768w, https:\/\/blog.ccc.eu\/hu\/wp-content\/uploads\/2025\/02\/CCC_5905588985549_02_M-100x150.jpg 100w, https:\/\/blog.ccc.eu\/hu\/wp-content\/uploads\/2025\/02\/CCC_5905588985549_02_M.jpg 876w\" sizes=\"auto, (max-width: 683px) 100vw, 683px\" \/><\/figure>\n<\/figure>\n\n\n\n<h2 class=\"wp-block-heading\">Platform talp\u00fa mokaszinok\u00a0<\/h2>\n\n\n\n<p>A platform talppal ell\u00e1tott mokaszinok nagyszer\u0171 v\u00e1laszt\u00e1sok kora tavaszra, amikor  m\u00e9g h\u0171v\u00f6sek a reggelek \u00e9s kellemesen meleg van napk\u00f6zben. Hidegebb napokon p\u00e1ros\u00edtsuk zoknival, melyek feldobj\u00e1k a megjelen\u00e9s\u00fcnket \u00e9s melegen tartja a l\u00e1bunkat.<\/p>\n\n\n\n<figure class=\"wp-block-gallery has-nested-images columns-default is-cropped wp-block-gallery-3 is-layout-flex wp-block-gallery-is-layout-flex\">\n<figure class=\"wp-block-image size-large\"><img loading=\"lazy\" decoding=\"async\" width=\"683\" height=\"1024\" data-id=\"10734\" src=\"https:\/\/blog.ccc.eu\/hu\/wp-content\/uploads\/2025\/02\/CCC_5905588925033_02-683x1024.jpg\" alt=\"\" class=\"wp-image-10734\" srcset=\"https:\/\/blog.ccc.eu\/hu\/wp-content\/uploads\/2025\/02\/CCC_5905588925033_02-683x1024.jpg 683w, https:\/\/blog.ccc.eu\/hu\/wp-content\/uploads\/2025\/02\/CCC_5905588925033_02-200x300.jpg 200w, https:\/\/blog.ccc.eu\/hu\/wp-content\/uploads\/2025\/02\/CCC_5905588925033_02-768x1152.jpg 768w, https:\/\/blog.ccc.eu\/hu\/wp-content\/uploads\/2025\/02\/CCC_5905588925033_02-100x150.jpg 100w, https:\/\/blog.ccc.eu\/hu\/wp-content\/uploads\/2025\/02\/CCC_5905588925033_02.jpg 876w\" sizes=\"auto, (max-width: 683px) 100vw, 683px\" \/><\/figure>\n\n\n\n<figure class=\"wp-block-image size-large\"><img loading=\"lazy\" decoding=\"async\" width=\"683\" height=\"1024\" data-id=\"10735\" src=\"https:\/\/blog.ccc.eu\/hu\/wp-content\/uploads\/2025\/02\/CCC_5905588925033_04-683x1024.jpg\" alt=\"\" class=\"wp-image-10735\" srcset=\"https:\/\/blog.ccc.eu\/hu\/wp-content\/uploads\/2025\/02\/CCC_5905588925033_04-683x1024.jpg 683w, https:\/\/blog.ccc.eu\/hu\/wp-content\/uploads\/2025\/02\/CCC_5905588925033_04-200x300.jpg 200w, https:\/\/blog.ccc.eu\/hu\/wp-content\/uploads\/2025\/02\/CCC_5905588925033_04-768x1152.jpg 768w, https:\/\/blog.ccc.eu\/hu\/wp-content\/uploads\/2025\/02\/CCC_5905588925033_04-100x150.jpg 100w, https:\/\/blog.ccc.eu\/hu\/wp-content\/uploads\/2025\/02\/CCC_5905588925033_04.jpg 876w\" sizes=\"auto, (max-width: 683px) 100vw, 683px\" \/><\/figure>\n<\/figure>\n\n\n\n<h2 class=\"wp-block-heading\">Sneakerek<\/h2>\n\n\n\n<p>Ezeket a l\u00e1bbeliket eg\u00e9sz \u00e9vben viselhetj\u00fck. K\u00fcl\u00f6nf\u00e9le st\u00edlusban kaphat\u00f3ak, \u00edgy b\u00e1rmilyen alkalomra t\u00f6k\u00e9letes v\u00e1laszt\u00e1snak bizonyulnak. H\u0171v\u00f6sebb napokon \u00e9rdemes b\u0151rb\u0151l k\u00e9sz\u00fclt darabokat v\u00e1lasztanunk, m\u00edg ny\u00e1ron d\u00f6nts\u00fcnk l\u00e9g\u00e1tereszt\u0151 anyagb\u00f3l k\u00e9sz\u00fclt l\u00e1bbelik mellett. A legst\u00edlusosabb cip\u0151ket a DeeZee, Lasocki \u00e9s Sprandi m\u00e1rk\u00e1k kollekci\u00f3j\u00e1ban tal\u00e1ljuk meg.<\/p>\n\n\n\n<figure class=\"wp-block-gallery has-nested-images columns-default is-cropped wp-block-gallery-4 is-layout-flex wp-block-gallery-is-layout-flex\">\n<figure class=\"wp-block-image size-large\"><img loading=\"lazy\" decoding=\"async\" width=\"683\" height=\"1024\" data-id=\"10736\" src=\"https:\/\/blog.ccc.eu\/hu\/wp-content\/uploads\/2025\/02\/CCC_5905588873211_02_M-683x1024.jpg\" alt=\"\" class=\"wp-image-10736\" srcset=\"https:\/\/blog.ccc.eu\/hu\/wp-content\/uploads\/2025\/02\/CCC_5905588873211_02_M-683x1024.jpg 683w, https:\/\/blog.ccc.eu\/hu\/wp-content\/uploads\/2025\/02\/CCC_5905588873211_02_M-200x300.jpg 200w, https:\/\/blog.ccc.eu\/hu\/wp-content\/uploads\/2025\/02\/CCC_5905588873211_02_M-768x1152.jpg 768w, https:\/\/blog.ccc.eu\/hu\/wp-content\/uploads\/2025\/02\/CCC_5905588873211_02_M-100x150.jpg 100w, https:\/\/blog.ccc.eu\/hu\/wp-content\/uploads\/2025\/02\/CCC_5905588873211_02_M.jpg 876w\" sizes=\"auto, (max-width: 683px) 100vw, 683px\" \/><\/figure>\n\n\n\n<figure class=\"wp-block-image size-large\"><img loading=\"lazy\" decoding=\"async\" width=\"683\" height=\"1024\" data-id=\"10737\" src=\"https:\/\/blog.ccc.eu\/hu\/wp-content\/uploads\/2025\/02\/CCC_5905588873211_04-683x1024.jpg\" alt=\"\" class=\"wp-image-10737\" srcset=\"https:\/\/blog.ccc.eu\/hu\/wp-content\/uploads\/2025\/02\/CCC_5905588873211_04-683x1024.jpg 683w, https:\/\/blog.ccc.eu\/hu\/wp-content\/uploads\/2025\/02\/CCC_5905588873211_04-200x300.jpg 200w, https:\/\/blog.ccc.eu\/hu\/wp-content\/uploads\/2025\/02\/CCC_5905588873211_04-768x1152.jpg 768w, https:\/\/blog.ccc.eu\/hu\/wp-content\/uploads\/2025\/02\/CCC_5905588873211_04-100x150.jpg 100w, https:\/\/blog.ccc.eu\/hu\/wp-content\/uploads\/2025\/02\/CCC_5905588873211_04.jpg 876w\" sizes=\"auto, (max-width: 683px) 100vw, 683px\" \/><\/figure>\n<\/figure>\n\n\n\n<p>Tekintsd meg a st\u00edlusos \u00e1tmeneti cip\u0151ket <a href=\"https:\/\/ccc.eu\/hu\/sklepy\" target=\"_blank\" rel=\"noreferrer noopener\">CCC \u00fczleteinkben<\/a>, <a href=\"https:\/\/ccc.eu\/hu\/\" target=\"_blank\" rel=\"noreferrer noopener\">webshopunkban<\/a>, \u00e9s az <a href=\"https:\/\/ccc.eu\/hu\/mobile-app\" target=\"_blank\" rel=\"noreferrer noopener\">alkalmaz\u00e1sban<\/a>. Legy\u00e9l <a href=\"https:\/\/ccc.eu\/hu\/klub-ccc\" target=\"_blank\" rel=\"noreferrer noopener\">CCC klubtag<\/a> is, \u00e9s \u00e9lvezd a k\u00e9nyelmes \u00e9s kedvezm\u00e9nyes v\u00e1s\u00e1rl\u00e1si lehet\u0151s\u00e9geket! K\u00f6vesd vel\u00fcnk a divatot <a href=\"https:\/\/www.facebook.com\/CCC.Hungary\/\" target=\"_blank\" rel=\"noreferrer noopener\">Facebookon,<\/a> \u00e9s inspir\u00e1l\u00f3dj vel\u00fcnk az <a href=\"https:\/\/www.instagram.com\/cccshoesbags\/\" target=\"_blank\" rel=\"noreferrer noopener\">Instagramon<\/a> is!\u00a0\u00a0\u00a0\u00a0<\/p>\n","protected":false},"excerpt":{"rendered":"<p>Az \u00e1tmeneti l\u00e1bbelik elengedhetetlen darabnak sz\u00e1m\u00edtanak minden n\u0151 \u00e9s f\u00e9rfi gardr\u00f3bj\u00e1ban. Az \u00e9vszakok k\u00f6z\u00f6tti \u00e1tmenet \u00e9vente k\u00e9tszer t\u00f6rt\u00e9nik, a t\u00e9l \u00e9s a tavasz, valamint a ny\u00e1r \u00e9s az \u0151sz k\u00f6z\u00f6tt. Ilyenkor az id\u0151j\u00e1r\u00e1si viszonyok annyira elt\u00e9r\u0151ek, hogy neh\u00e9z eld\u00f6nteni, hogy mely modelleket viselj\u00fck. Olvasd el javaslatainkat \u00e9s tal\u00e1ld meg a t\u00f6k\u00e9letes darabokat! Bokacsizm\u00e1k\u00a0 Ezek a [&hellip;]<\/p>\n","protected":false},"author":22,"featured_media":10732,"comment_status":"open","ping_status":"open","sticky":false,"template":"","format":"standard","meta":{"_acf_changed":false,"footnotes":""},"categories":[6],"tags":[1190,560,707,786],"class_list":["post-10729","post","type-post","status-publish","format-standard","has-post-thumbnail","hentry","category-trendek","tag-atmeneti-cipok","tag-ccc","tag-cipok","tag-trendek"],"acf":[],"yoast_head":"<!-- This site is optimized with the Yoast SEO plugin v26.9 - https:\/\/yoast.com\/product\/yoast-seo-wordpress\/ -->\n<title>\u00c1tmeneti cip\u0151k \u2013 a gardr\u00f3bunk k\u00f6telez\u0151 darabjai - CCC Fashion blog<\/title>\n<meta name=\"description\" content=\"2026\" \/>\n<meta name=\"robots\" content=\"index, follow, max-snippet:-1, max-image-preview:large, max-video-preview:-1\" \/>\n<link rel=\"canonical\" href=\"https:\/\/blog.ccc.eu\/hu\/atmeneti-cipok-a-gardrobunk-kotelezo-darabjai\/\" \/>\n<meta property=\"og:locale\" content=\"hu_HU\" \/>\n<meta property=\"og:type\" content=\"article\" \/>\n<meta property=\"og:title\" content=\"\u00c1tmeneti cip\u0151k \u2013 a gardr\u00f3bunk k\u00f6telez\u0151 darabjai - CCC Fashion blog\" \/>\n<meta property=\"og:description\" content=\"Az \u00e1tmeneti l\u00e1bbelik elengedhetetlen darabnak sz\u00e1m\u00edtanak minden n\u0151 \u00e9s f\u00e9rfi gardr\u00f3bj\u00e1ban. Az \u00e9vszakok k\u00f6z\u00f6tti \u00e1tmenet \u00e9vente k\u00e9tszer t\u00f6rt\u00e9nik, a t\u00e9l \u00e9s a tavasz, valamint a ny\u00e1r \u00e9s az \u0151sz k\u00f6z\u00f6tt. Ilyenkor az id\u0151j\u00e1r\u00e1si viszonyok annyira elt\u00e9r\u0151ek, hogy neh\u00e9z eld\u00f6nteni, hogy mely modelleket viselj\u00fck. Olvasd el javaslatainkat \u00e9s tal\u00e1ld meg a t\u00f6k\u00e9letes darabokat! Bokacsizm\u00e1k\u00a0 Ezek a [&hellip;]\" \/>\n<meta property=\"og:url\" content=\"https:\/\/blog.ccc.eu\/hu\/atmeneti-cipok-a-gardrobunk-kotelezo-darabjai\/\" \/>\n<meta property=\"og:site_name\" content=\"CCC Fashion blog\" \/>\n<meta property=\"article:published_time\" content=\"2025-02-06T15:06:11+00:00\" \/>\n<meta property=\"og:image\" content=\"https:\/\/blog.ccc.eu\/hu\/wp-content\/uploads\/2025\/02\/CCC_5905588917489_02_M.jpg\" \/>\n\t<meta property=\"og:image:width\" content=\"876\" \/>\n\t<meta property=\"og:image:height\" content=\"1314\" \/>\n\t<meta property=\"og:image:type\" content=\"image\/jpeg\" \/>\n<meta name=\"author\" content=\"Beatrix Korosi\" \/>\n<meta name=\"twitter:card\" content=\"summary_large_image\" \/>\n<meta name=\"twitter:label1\" content=\"Szerz\u0151:\" \/>\n\t<meta name=\"twitter:data1\" content=\"Beatrix Korosi\" \/>\n\t<meta name=\"twitter:label2\" content=\"Becs\u00fclt olvas\u00e1si id\u0151\" \/>\n\t<meta name=\"twitter:data2\" content=\"2 perc\" \/>\n<script type=\"application\/ld+json\" class=\"yoast-schema-graph\">{\"@context\":\"https:\/\/schema.org\",\"@graph\":[{\"@type\":\"Article\",\"@id\":\"https:\/\/blog.ccc.eu\/hu\/atmeneti-cipok-a-gardrobunk-kotelezo-darabjai\/#article\",\"isPartOf\":{\"@id\":\"https:\/\/blog.ccc.eu\/hu\/atmeneti-cipok-a-gardrobunk-kotelezo-darabjai\/\"},\"author\":{\"name\":\"Beatrix Korosi\",\"@id\":\"https:\/\/blog.ccc.eu\/hu\/#\/schema\/person\/b37d4e58a15b8cc6b1339218cfeb7c10\"},\"headline\":\"\u00c1tmeneti cip\u0151k \u2013 a gardr\u00f3bunk k\u00f6telez\u0151 darabjai\",\"datePublished\":\"2025-02-06T15:06:11+00:00\",\"mainEntityOfPage\":{\"@id\":\"https:\/\/blog.ccc.eu\/hu\/atmeneti-cipok-a-gardrobunk-kotelezo-darabjai\/\"},\"wordCount\":353,\"commentCount\":0,\"publisher\":{\"@id\":\"https:\/\/blog.ccc.eu\/hu\/#organization\"},\"image\":{\"@id\":\"https:\/\/blog.ccc.eu\/hu\/atmeneti-cipok-a-gardrobunk-kotelezo-darabjai\/#primaryimage\"},\"thumbnailUrl\":\"https:\/\/blog.ccc.eu\/hu\/wp-content\/uploads\/2025\/02\/CCC_5905588917489_02_M.jpg\",\"keywords\":[\"\u00c1tmeneti cip\u0151k\",\"CCC\",\"cip\u0151k\",\"trendek\"],\"articleSection\":[\"TRENDEK\"],\"inLanguage\":\"hu\",\"potentialAction\":[{\"@type\":\"CommentAction\",\"name\":\"Comment\",\"target\":[\"https:\/\/blog.ccc.eu\/hu\/atmeneti-cipok-a-gardrobunk-kotelezo-darabjai\/#respond\"]}]},{\"@type\":\"WebPage\",\"@id\":\"https:\/\/blog.ccc.eu\/hu\/atmeneti-cipok-a-gardrobunk-kotelezo-darabjai\/\",\"url\":\"https:\/\/blog.ccc.eu\/hu\/atmeneti-cipok-a-gardrobunk-kotelezo-darabjai\/\",\"name\":\"\u00c1tmeneti cip\u0151k \u2013 a gardr\u00f3bunk k\u00f6telez\u0151 darabjai - CCC Fashion blog\",\"isPartOf\":{\"@id\":\"https:\/\/blog.ccc.eu\/hu\/#website\"},\"primaryImageOfPage\":{\"@id\":\"https:\/\/blog.ccc.eu\/hu\/atmeneti-cipok-a-gardrobunk-kotelezo-darabjai\/#primaryimage\"},\"image\":{\"@id\":\"https:\/\/blog.ccc.eu\/hu\/atmeneti-cipok-a-gardrobunk-kotelezo-darabjai\/#primaryimage\"},\"thumbnailUrl\":\"https:\/\/blog.ccc.eu\/hu\/wp-content\/uploads\/2025\/02\/CCC_5905588917489_02_M.jpg\",\"datePublished\":\"2025-02-06T15:06:11+00:00\",\"breadcrumb\":{\"@id\":\"https:\/\/blog.ccc.eu\/hu\/atmeneti-cipok-a-gardrobunk-kotelezo-darabjai\/#breadcrumb\"},\"inLanguage\":\"hu\",\"potentialAction\":[{\"@type\":\"ReadAction\",\"target\":[\"https:\/\/blog.ccc.eu\/hu\/atmeneti-cipok-a-gardrobunk-kotelezo-darabjai\/\"]}]},{\"@type\":\"ImageObject\",\"inLanguage\":\"hu\",\"@id\":\"https:\/\/blog.ccc.eu\/hu\/atmeneti-cipok-a-gardrobunk-kotelezo-darabjai\/#primaryimage\",\"url\":\"https:\/\/blog.ccc.eu\/hu\/wp-content\/uploads\/2025\/02\/CCC_5905588917489_02_M.jpg\",\"contentUrl\":\"https:\/\/blog.ccc.eu\/hu\/wp-content\/uploads\/2025\/02\/CCC_5905588917489_02_M.jpg\",\"width\":876,\"height\":1314},{\"@type\":\"BreadcrumbList\",\"@id\":\"https:\/\/blog.ccc.eu\/hu\/atmeneti-cipok-a-gardrobunk-kotelezo-darabjai\/#breadcrumb\",\"itemListElement\":[{\"@type\":\"ListItem\",\"position\":1,\"name\":\"Strona g\u0142\u00f3wna\",\"item\":\"https:\/\/blog.ccc.eu\/hu\/\"},{\"@type\":\"ListItem\",\"position\":2,\"name\":\"\u00c1tmeneti cip\u0151k \u2013 a gardr\u00f3bunk k\u00f6telez\u0151 darabjai\"}]},{\"@type\":\"WebSite\",\"@id\":\"https:\/\/blog.ccc.eu\/hu\/#website\",\"url\":\"https:\/\/blog.ccc.eu\/hu\/\",\"name\":\"CCC Fashion blog\",\"description\":\"Az \u00d6n helye tele van divatihletekkel\",\"publisher\":{\"@id\":\"https:\/\/blog.ccc.eu\/hu\/#organization\"},\"potentialAction\":[{\"@type\":\"SearchAction\",\"target\":{\"@type\":\"EntryPoint\",\"urlTemplate\":\"https:\/\/blog.ccc.eu\/hu\/?s={search_term_string}\"},\"query-input\":{\"@type\":\"PropertyValueSpecification\",\"valueRequired\":true,\"valueName\":\"search_term_string\"}}],\"inLanguage\":\"hu\"},{\"@type\":\"Organization\",\"@id\":\"https:\/\/blog.ccc.eu\/hu\/#organization\",\"name\":\"CCC S.A.\",\"url\":\"https:\/\/blog.ccc.eu\/hu\/\",\"logo\":{\"@type\":\"ImageObject\",\"inLanguage\":\"hu\",\"@id\":\"https:\/\/blog.ccc.eu\/hu\/#\/schema\/logo\/image\/\",\"url\":\"https:\/\/blog.ccc.eu\/hu\/wp-content\/uploads\/2021\/11\/logo_ccc.png\",\"contentUrl\":\"https:\/\/blog.ccc.eu\/hu\/wp-content\/uploads\/2021\/11\/logo_ccc.png\",\"width\":730,\"height\":270,\"caption\":\"CCC S.A.\"},\"image\":{\"@id\":\"https:\/\/blog.ccc.eu\/hu\/#\/schema\/logo\/image\/\"}},{\"@type\":\"Person\",\"@id\":\"https:\/\/blog.ccc.eu\/hu\/#\/schema\/person\/b37d4e58a15b8cc6b1339218cfeb7c10\",\"name\":\"Beatrix Korosi\",\"image\":{\"@type\":\"ImageObject\",\"inLanguage\":\"hu\",\"@id\":\"https:\/\/blog.ccc.eu\/hu\/#\/schema\/person\/image\/\",\"url\":\"https:\/\/blog.ccc.eu\/hu\/wp-content\/uploads\/2022\/11\/Bea-150x150.jpg\",\"contentUrl\":\"https:\/\/blog.ccc.eu\/hu\/wp-content\/uploads\/2022\/11\/Bea-150x150.jpg\",\"caption\":\"Beatrix Korosi\"},\"url\":\"https:\/\/blog.ccc.eu\/hu\/author\/beatrix-korosi\/\"}]}<\/script>\n<!-- \/ Yoast SEO plugin. -->","yoast_head_json":{"title":"\u00c1tmeneti cip\u0151k \u2013 a gardr\u00f3bunk k\u00f6telez\u0151 darabjai - CCC Fashion blog","description":"2026","robots":{"index":"index","follow":"follow","max-snippet":"max-snippet:-1","max-image-preview":"max-image-preview:large","max-video-preview":"max-video-preview:-1"},"canonical":"https:\/\/blog.ccc.eu\/hu\/atmeneti-cipok-a-gardrobunk-kotelezo-darabjai\/","og_locale":"hu_HU","og_type":"article","og_title":"\u00c1tmeneti cip\u0151k \u2013 a gardr\u00f3bunk k\u00f6telez\u0151 darabjai - CCC Fashion blog","og_description":"Az \u00e1tmeneti l\u00e1bbelik elengedhetetlen darabnak sz\u00e1m\u00edtanak minden n\u0151 \u00e9s f\u00e9rfi gardr\u00f3bj\u00e1ban. Az \u00e9vszakok k\u00f6z\u00f6tti \u00e1tmenet \u00e9vente k\u00e9tszer t\u00f6rt\u00e9nik, a t\u00e9l \u00e9s a tavasz, valamint a ny\u00e1r \u00e9s az \u0151sz k\u00f6z\u00f6tt. Ilyenkor az id\u0151j\u00e1r\u00e1si viszonyok annyira elt\u00e9r\u0151ek, hogy neh\u00e9z eld\u00f6nteni, hogy mely modelleket viselj\u00fck. Olvasd el javaslatainkat \u00e9s tal\u00e1ld meg a t\u00f6k\u00e9letes darabokat! Bokacsizm\u00e1k\u00a0 Ezek a [&hellip;]","og_url":"https:\/\/blog.ccc.eu\/hu\/atmeneti-cipok-a-gardrobunk-kotelezo-darabjai\/","og_site_name":"CCC Fashion blog","article_published_time":"2025-02-06T15:06:11+00:00","og_image":[{"width":876,"height":1314,"url":"https:\/\/blog.ccc.eu\/hu\/wp-content\/uploads\/2025\/02\/CCC_5905588917489_02_M.jpg","type":"image\/jpeg"}],"author":"Beatrix Korosi","twitter_card":"summary_large_image","twitter_misc":{"Szerz\u0151:":"Beatrix Korosi","Becs\u00fclt olvas\u00e1si id\u0151":"2 perc"},"schema":{"@context":"https:\/\/schema.org","@graph":[{"@type":"Article","@id":"https:\/\/blog.ccc.eu\/hu\/atmeneti-cipok-a-gardrobunk-kotelezo-darabjai\/#article","isPartOf":{"@id":"https:\/\/blog.ccc.eu\/hu\/atmeneti-cipok-a-gardrobunk-kotelezo-darabjai\/"},"author":{"name":"Beatrix Korosi","@id":"https:\/\/blog.ccc.eu\/hu\/#\/schema\/person\/b37d4e58a15b8cc6b1339218cfeb7c10"},"headline":"\u00c1tmeneti cip\u0151k \u2013 a gardr\u00f3bunk k\u00f6telez\u0151 darabjai","datePublished":"2025-02-06T15:06:11+00:00","mainEntityOfPage":{"@id":"https:\/\/blog.ccc.eu\/hu\/atmeneti-cipok-a-gardrobunk-kotelezo-darabjai\/"},"wordCount":353,"commentCount":0,"publisher":{"@id":"https:\/\/blog.ccc.eu\/hu\/#organization"},"image":{"@id":"https:\/\/blog.ccc.eu\/hu\/atmeneti-cipok-a-gardrobunk-kotelezo-darabjai\/#primaryimage"},"thumbnailUrl":"https:\/\/blog.ccc.eu\/hu\/wp-content\/uploads\/2025\/02\/CCC_5905588917489_02_M.jpg","keywords":["\u00c1tmeneti cip\u0151k","CCC","cip\u0151k","trendek"],"articleSection":["TRENDEK"],"inLanguage":"hu","potentialAction":[{"@type":"CommentAction","name":"Comment","target":["https:\/\/blog.ccc.eu\/hu\/atmeneti-cipok-a-gardrobunk-kotelezo-darabjai\/#respond"]}]},{"@type":"WebPage","@id":"https:\/\/blog.ccc.eu\/hu\/atmeneti-cipok-a-gardrobunk-kotelezo-darabjai\/","url":"https:\/\/blog.ccc.eu\/hu\/atmeneti-cipok-a-gardrobunk-kotelezo-darabjai\/","name":"\u00c1tmeneti cip\u0151k \u2013 a gardr\u00f3bunk k\u00f6telez\u0151 darabjai - CCC Fashion blog","isPartOf":{"@id":"https:\/\/blog.ccc.eu\/hu\/#website"},"primaryImageOfPage":{"@id":"https:\/\/blog.ccc.eu\/hu\/atmeneti-cipok-a-gardrobunk-kotelezo-darabjai\/#primaryimage"},"image":{"@id":"https:\/\/blog.ccc.eu\/hu\/atmeneti-cipok-a-gardrobunk-kotelezo-darabjai\/#primaryimage"},"thumbnailUrl":"https:\/\/blog.ccc.eu\/hu\/wp-content\/uploads\/2025\/02\/CCC_5905588917489_02_M.jpg","datePublished":"2025-02-06T15:06:11+00:00","breadcrumb":{"@id":"https:\/\/blog.ccc.eu\/hu\/atmeneti-cipok-a-gardrobunk-kotelezo-darabjai\/#breadcrumb"},"inLanguage":"hu","potentialAction":[{"@type":"ReadAction","target":["https:\/\/blog.ccc.eu\/hu\/atmeneti-cipok-a-gardrobunk-kotelezo-darabjai\/"]}]},{"@type":"ImageObject","inLanguage":"hu","@id":"https:\/\/blog.ccc.eu\/hu\/atmeneti-cipok-a-gardrobunk-kotelezo-darabjai\/#primaryimage","url":"https:\/\/blog.ccc.eu\/hu\/wp-content\/uploads\/2025\/02\/CCC_5905588917489_02_M.jpg","contentUrl":"https:\/\/blog.ccc.eu\/hu\/wp-content\/uploads\/2025\/02\/CCC_5905588917489_02_M.jpg","width":876,"height":1314},{"@type":"BreadcrumbList","@id":"https:\/\/blog.ccc.eu\/hu\/atmeneti-cipok-a-gardrobunk-kotelezo-darabjai\/#breadcrumb","itemListElement":[{"@type":"ListItem","position":1,"name":"Strona g\u0142\u00f3wna","item":"https:\/\/blog.ccc.eu\/hu\/"},{"@type":"ListItem","position":2,"name":"\u00c1tmeneti cip\u0151k \u2013 a gardr\u00f3bunk k\u00f6telez\u0151 darabjai"}]},{"@type":"WebSite","@id":"https:\/\/blog.ccc.eu\/hu\/#website","url":"https:\/\/blog.ccc.eu\/hu\/","name":"CCC Fashion blog","description":"Az \u00d6n helye tele van divatihletekkel","publisher":{"@id":"https:\/\/blog.ccc.eu\/hu\/#organization"},"potentialAction":[{"@type":"SearchAction","target":{"@type":"EntryPoint","urlTemplate":"https:\/\/blog.ccc.eu\/hu\/?s={search_term_string}"},"query-input":{"@type":"PropertyValueSpecification","valueRequired":true,"valueName":"search_term_string"}}],"inLanguage":"hu"},{"@type":"Organization","@id":"https:\/\/blog.ccc.eu\/hu\/#organization","name":"CCC S.A.","url":"https:\/\/blog.ccc.eu\/hu\/","logo":{"@type":"ImageObject","inLanguage":"hu","@id":"https:\/\/blog.ccc.eu\/hu\/#\/schema\/logo\/image\/","url":"https:\/\/blog.ccc.eu\/hu\/wp-content\/uploads\/2021\/11\/logo_ccc.png","contentUrl":"https:\/\/blog.ccc.eu\/hu\/wp-content\/uploads\/2021\/11\/logo_ccc.png","width":730,"height":270,"caption":"CCC S.A."},"image":{"@id":"https:\/\/blog.ccc.eu\/hu\/#\/schema\/logo\/image\/"}},{"@type":"Person","@id":"https:\/\/blog.ccc.eu\/hu\/#\/schema\/person\/b37d4e58a15b8cc6b1339218cfeb7c10","name":"Beatrix Korosi","image":{"@type":"ImageObject","inLanguage":"hu","@id":"https:\/\/blog.ccc.eu\/hu\/#\/schema\/person\/image\/","url":"https:\/\/blog.ccc.eu\/hu\/wp-content\/uploads\/2022\/11\/Bea-150x150.jpg","contentUrl":"https:\/\/blog.ccc.eu\/hu\/wp-content\/uploads\/2022\/11\/Bea-150x150.jpg","caption":"Beatrix Korosi"},"url":"https:\/\/blog.ccc.eu\/hu\/author\/beatrix-korosi\/"}]}},"_links":{"self":[{"href":"https:\/\/blog.ccc.eu\/hu\/wp-json\/wp\/v2\/posts\/10729","targetHints":{"allow":["GET"]}}],"collection":[{"href":"https:\/\/blog.ccc.eu\/hu\/wp-json\/wp\/v2\/posts"}],"about":[{"href":"https:\/\/blog.ccc.eu\/hu\/wp-json\/wp\/v2\/types\/post"}],"author":[{"embeddable":true,"href":"https:\/\/blog.ccc.eu\/hu\/wp-json\/wp\/v2\/users\/22"}],"replies":[{"embeddable":true,"href":"https:\/\/blog.ccc.eu\/hu\/wp-json\/wp\/v2\/comments?post=10729"}],"version-history":[{"count":2,"href":"https:\/\/blog.ccc.eu\/hu\/wp-json\/wp\/v2\/posts\/10729\/revisions"}],"predecessor-version":[{"id":10739,"href":"https:\/\/blog.ccc.eu\/hu\/wp-json\/wp\/v2\/posts\/10729\/revisions\/10739"}],"wp:featuredmedia":[{"embeddable":true,"href":"https:\/\/blog.ccc.eu\/hu\/wp-json\/wp\/v2\/media\/10732"}],"wp:attachment":[{"href":"https:\/\/blog.ccc.eu\/hu\/wp-json\/wp\/v2\/media?parent=10729"}],"wp:term":[{"taxonomy":"category","embeddable":true,"href":"https:\/\/blog.ccc.eu\/hu\/wp-json\/wp\/v2\/categories?post=10729"},{"taxonomy":"post_tag","embeddable":true,"href":"https:\/\/blog.ccc.eu\/hu\/wp-json\/wp\/v2\/tags?post=10729"}],"curies":[{"name":"wp","href":"https:\/\/api.w.org\/{rel}","templated":true}]}}