{"id":10753,"date":"2025-02-19T10:38:34","date_gmt":"2025-02-19T09:38:34","guid":{"rendered":"https:\/\/blog.ccc.eu\/hu\/?p=10753"},"modified":"2025-02-19T10:38:35","modified_gmt":"2025-02-19T09:38:35","slug":"lelegzetelallito-pasztellszinek-a-2025-os-tavaszi-nyari-szezonra","status":"publish","type":"post","link":"https:\/\/blog.ccc.eu\/hu\/lelegzetelallito-pasztellszinek-a-2025-os-tavaszi-nyari-szezonra\/","title":{"rendered":"L\u00e9legzetel\u00e1ll\u00edt\u00f3 pasztellsz\u00ednek a 2025-\u00f6s tavaszi-ny\u00e1ri szezonra\u00a0"},"content":{"rendered":"\n<p><b>Az idei 2025-\u00f6s tavaszi-ny\u00e1ri szezonban a tervez\u0151k az intenz\u00edv, felt\u0171n\u0151 sz\u00edneket a h\u00e1tt\u00e9rbe szor\u00edtj\u00e1k \u00e9s a pasztellsz\u00ednekre helyezik a hangs\u00falyt. Az \u00e9v sz\u00edne, a Mocha Mousse is nagy szerepet j\u00e1tszik a cip\u0151k\u00f6n \u00e9s t\u00e1sk\u00e1kon egyar\u00e1nt. Tekintsd meg a szezon legtrendibb sz\u00edneiben pomp\u00e1z\u00f3 term\u00e9keket a CCC-ben!\u00a0<\/b><\/p>\n\n\n\n<figure class=\"wp-block-gallery has-nested-images columns-default is-cropped wp-block-gallery-1 is-layout-flex wp-block-gallery-is-layout-flex\">\n<figure class=\"wp-block-image size-large\"><img loading=\"lazy\" decoding=\"async\" width=\"512\" height=\"768\" data-id=\"10754\" src=\"https:\/\/blog.ccc.eu\/hu\/wp-content\/uploads\/2025\/02\/CCC_5903698632841_02M_0067.jpg\" alt=\"\" class=\"wp-image-10754\" srcset=\"https:\/\/blog.ccc.eu\/hu\/wp-content\/uploads\/2025\/02\/CCC_5903698632841_02M_0067.jpg 512w, https:\/\/blog.ccc.eu\/hu\/wp-content\/uploads\/2025\/02\/CCC_5903698632841_02M_0067-200x300.jpg 200w, https:\/\/blog.ccc.eu\/hu\/wp-content\/uploads\/2025\/02\/CCC_5903698632841_02M_0067-100x150.jpg 100w\" sizes=\"auto, (max-width: 512px) 100vw, 512px\" \/><\/figure>\n\n\n\n<figure class=\"wp-block-image size-large\"><img loading=\"lazy\" decoding=\"async\" width=\"512\" height=\"768\" data-id=\"10755\" src=\"https:\/\/blog.ccc.eu\/hu\/wp-content\/uploads\/2025\/02\/CCC_5906751030431_02M.jpg\" alt=\"\" class=\"wp-image-10755\" srcset=\"https:\/\/blog.ccc.eu\/hu\/wp-content\/uploads\/2025\/02\/CCC_5906751030431_02M.jpg 512w, https:\/\/blog.ccc.eu\/hu\/wp-content\/uploads\/2025\/02\/CCC_5906751030431_02M-200x300.jpg 200w, https:\/\/blog.ccc.eu\/hu\/wp-content\/uploads\/2025\/02\/CCC_5906751030431_02M-100x150.jpg 100w\" sizes=\"auto, (max-width: 512px) 100vw, 512px\" \/><\/figure>\n<\/figure>\n\n\n\n<h2 class=\"wp-block-heading\">Mocha Mousse \u2013 az \u00e9v sz\u00edne&nbsp;<\/h2>\n\n\n\n<p>A Mocha Mousse az idei \u00e9vben teljes megjelen\u00e9sben lesz l\u00e1that\u00f3 cip\u0151k\u00f6n, t\u00e1sk\u00e1kon \u00e9s kieg\u00e9sz\u00edt\u0151k\u00f6n. A minimalista darabok szerelmesei garant\u00e1ltan im\u00e1dni fogj\u00e1k ezeket a darabokat d\u00edsz\u00edt\u00e9sekkel ell\u00e1tott \u00e9s klasszikus verzi\u00f3ban egyar\u00e1nt!\u00a0<\/p>\n\n\n\n<figure class=\"wp-block-gallery has-nested-images columns-default is-cropped wp-block-gallery-2 is-layout-flex wp-block-gallery-is-layout-flex\">\n<figure class=\"wp-block-image size-large\"><img loading=\"lazy\" decoding=\"async\" width=\"683\" height=\"1024\" data-id=\"10757\" src=\"https:\/\/blog.ccc.eu\/hu\/wp-content\/uploads\/2025\/02\/CCC_5904862994611_01K-683x1024.jpg\" alt=\"\" class=\"wp-image-10757\" srcset=\"https:\/\/blog.ccc.eu\/hu\/wp-content\/uploads\/2025\/02\/CCC_5904862994611_01K-683x1024.jpg 683w, https:\/\/blog.ccc.eu\/hu\/wp-content\/uploads\/2025\/02\/CCC_5904862994611_01K-200x300.jpg 200w, https:\/\/blog.ccc.eu\/hu\/wp-content\/uploads\/2025\/02\/CCC_5904862994611_01K-768x1152.jpg 768w, https:\/\/blog.ccc.eu\/hu\/wp-content\/uploads\/2025\/02\/CCC_5904862994611_01K-100x150.jpg 100w, https:\/\/blog.ccc.eu\/hu\/wp-content\/uploads\/2025\/02\/CCC_5904862994611_01K.jpg 876w\" sizes=\"auto, (max-width: 683px) 100vw, 683px\" \/><\/figure>\n\n\n\n<figure class=\"wp-block-image size-large\"><img loading=\"lazy\" decoding=\"async\" width=\"683\" height=\"1024\" data-id=\"10756\" src=\"https:\/\/blog.ccc.eu\/hu\/wp-content\/uploads\/2025\/02\/CCC_5905588027409_01K-683x1024.jpg\" alt=\"\" class=\"wp-image-10756\" srcset=\"https:\/\/blog.ccc.eu\/hu\/wp-content\/uploads\/2025\/02\/CCC_5905588027409_01K-683x1024.jpg 683w, https:\/\/blog.ccc.eu\/hu\/wp-content\/uploads\/2025\/02\/CCC_5905588027409_01K-200x300.jpg 200w, https:\/\/blog.ccc.eu\/hu\/wp-content\/uploads\/2025\/02\/CCC_5905588027409_01K-768x1152.jpg 768w, https:\/\/blog.ccc.eu\/hu\/wp-content\/uploads\/2025\/02\/CCC_5905588027409_01K-100x150.jpg 100w, https:\/\/blog.ccc.eu\/hu\/wp-content\/uploads\/2025\/02\/CCC_5905588027409_01K.jpg 876w\" sizes=\"auto, (max-width: 683px) 100vw, 683px\" \/><\/figure>\n<\/figure>\n\n\n\n<h2 class=\"wp-block-heading\">Vajs\u00e1rga \u2013 a szezon legdivatosabb sz\u00edne!&nbsp;<\/h2>\n\n\n\n<p>A vajs\u00e1rga sz\u00edn, b\u00e1r visszafogott megjelen\u00e9s\u0171, az egyik legn\u00e9pszer\u0171bb \u00e1rnyalat ebben a szezonban. Remek\u00fcl mutat kasm\u00edr pul\u00f3vereken \u00e9s cip\u0151k\u00f6n is egyar\u00e1nt. \u00a0<\/p>\n\n\n\n<p>B\u00e1tran kombin\u00e1ljuk k\u00e9k sz\u00edn\u0171 farmerral vagy ak\u00e1r v\u00f6r\u00f6s sz\u00ednnel az ebben a sz\u00ednben pomp\u00e1z\u00f3 l\u00e1bbeliket.&nbsp;<\/p>\n\n\n\n<figure class=\"wp-block-gallery has-nested-images columns-default is-cropped wp-block-gallery-3 is-layout-flex wp-block-gallery-is-layout-flex\">\n<figure class=\"wp-block-image size-large\"><img loading=\"lazy\" decoding=\"async\" width=\"683\" height=\"1024\" data-id=\"10758\" src=\"https:\/\/blog.ccc.eu\/hu\/wp-content\/uploads\/2025\/02\/CCC_5905588654681_02-683x1024.jpg\" alt=\"\" class=\"wp-image-10758\" srcset=\"https:\/\/blog.ccc.eu\/hu\/wp-content\/uploads\/2025\/02\/CCC_5905588654681_02-683x1024.jpg 683w, https:\/\/blog.ccc.eu\/hu\/wp-content\/uploads\/2025\/02\/CCC_5905588654681_02-200x300.jpg 200w, https:\/\/blog.ccc.eu\/hu\/wp-content\/uploads\/2025\/02\/CCC_5905588654681_02-768x1152.jpg 768w, https:\/\/blog.ccc.eu\/hu\/wp-content\/uploads\/2025\/02\/CCC_5905588654681_02-100x150.jpg 100w, https:\/\/blog.ccc.eu\/hu\/wp-content\/uploads\/2025\/02\/CCC_5905588654681_02.jpg 876w\" sizes=\"auto, (max-width: 683px) 100vw, 683px\" \/><\/figure>\n\n\n\n<figure class=\"wp-block-image size-large\"><img loading=\"lazy\" decoding=\"async\" width=\"683\" height=\"1024\" data-id=\"10759\" src=\"https:\/\/blog.ccc.eu\/hu\/wp-content\/uploads\/2025\/02\/CCC_5905588654681_02_M-683x1024-1.jpg\" alt=\"\" class=\"wp-image-10759\" srcset=\"https:\/\/blog.ccc.eu\/hu\/wp-content\/uploads\/2025\/02\/CCC_5905588654681_02_M-683x1024-1.jpg 683w, https:\/\/blog.ccc.eu\/hu\/wp-content\/uploads\/2025\/02\/CCC_5905588654681_02_M-683x1024-1-200x300.jpg 200w, https:\/\/blog.ccc.eu\/hu\/wp-content\/uploads\/2025\/02\/CCC_5905588654681_02_M-683x1024-1-100x150.jpg 100w\" sizes=\"auto, (max-width: 683px) 100vw, 683px\" \/><\/figure>\n<\/figure>\n\n\n\n<h2 class=\"wp-block-heading\">A r\u00f3zsasz\u00edn legtrendibb \u00e1rnyalatai\u00a0<\/h2>\n\n\n\n<p>\u00dagy gondoltuk, v\u00e9gleg b\u00facs\u00fat mondunk a barbiecore ir\u00e1nyzatnak, de a tervez\u0151knek eg\u00e9szen m\u00e1s a tervei vannak ezzel a sz\u00ednnel. B\u00e1r az er\u0151s \u00e9s intenz\u00edv fukszia m\u00e1r a m\u00falt\u00e9, a p\u00faderes, kiss\u00e9 fak\u00f3 t\u00f3nusok garant\u00e1ltan a trendek \u00e9l\u00e9n \u00e1llnak.\u00a0<\/p>\n\n\n\n<figure class=\"wp-block-gallery has-nested-images columns-default is-cropped wp-block-gallery-4 is-layout-flex wp-block-gallery-is-layout-flex\">\n<figure class=\"wp-block-image size-large\"><img loading=\"lazy\" decoding=\"async\" width=\"683\" height=\"1024\" data-id=\"10760\" src=\"https:\/\/blog.ccc.eu\/hu\/wp-content\/uploads\/2025\/02\/CCC_5905588478898_01K-683x1024.jpg\" alt=\"\" class=\"wp-image-10760\" srcset=\"https:\/\/blog.ccc.eu\/hu\/wp-content\/uploads\/2025\/02\/CCC_5905588478898_01K-683x1024.jpg 683w, https:\/\/blog.ccc.eu\/hu\/wp-content\/uploads\/2025\/02\/CCC_5905588478898_01K-200x300.jpg 200w, https:\/\/blog.ccc.eu\/hu\/wp-content\/uploads\/2025\/02\/CCC_5905588478898_01K-768x1152.jpg 768w, https:\/\/blog.ccc.eu\/hu\/wp-content\/uploads\/2025\/02\/CCC_5905588478898_01K-100x150.jpg 100w, https:\/\/blog.ccc.eu\/hu\/wp-content\/uploads\/2025\/02\/CCC_5905588478898_01K.jpg 876w\" sizes=\"auto, (max-width: 683px) 100vw, 683px\" \/><\/figure>\n\n\n\n<figure class=\"wp-block-image size-large\"><img loading=\"lazy\" decoding=\"async\" width=\"683\" height=\"1024\" data-id=\"10761\" src=\"https:\/\/blog.ccc.eu\/hu\/wp-content\/uploads\/2025\/02\/CCC_5905588533733_01K-683x1024.jpg\" alt=\"\" class=\"wp-image-10761\" srcset=\"https:\/\/blog.ccc.eu\/hu\/wp-content\/uploads\/2025\/02\/CCC_5905588533733_01K-683x1024.jpg 683w, https:\/\/blog.ccc.eu\/hu\/wp-content\/uploads\/2025\/02\/CCC_5905588533733_01K-200x300.jpg 200w, https:\/\/blog.ccc.eu\/hu\/wp-content\/uploads\/2025\/02\/CCC_5905588533733_01K-768x1152.jpg 768w, https:\/\/blog.ccc.eu\/hu\/wp-content\/uploads\/2025\/02\/CCC_5905588533733_01K-100x150.jpg 100w, https:\/\/blog.ccc.eu\/hu\/wp-content\/uploads\/2025\/02\/CCC_5905588533733_01K.jpg 876w\" sizes=\"auto, (max-width: 683px) 100vw, 683px\" \/><\/figure>\n<\/figure>\n\n\n\n<h2 class=\"wp-block-heading\">2025 ny\u00e1r sz\u00ednei a k\u00e9k \u00e1rnyalataiban&nbsp;&nbsp;<\/h2>\n\n\n\n<p>A meleg k\u00e9k t\u00f3nusok remek\u00fcl mutatnak ruh\u00e1kon, fels\u0151k\u00f6n, de kasm\u00edr pul\u00f3vereken is. Ide\u00e1lis v\u00e1laszt\u00e1sok tavaszra \u00e9s ny\u00e1rra. A CCC-ben mesesz\u00e9p k\u00e9k sz\u00edn\u0171 magassark\u00fa cip\u0151ket \u00e9s szand\u00e1lokat tal\u00e1lunk, amelyek nem maradhatnak ki a gardr\u00f3bunkb\u00f3l! &nbsp;&nbsp;<\/p>\n\n\n\n<figure class=\"wp-block-gallery has-nested-images columns-default is-cropped wp-block-gallery-5 is-layout-flex wp-block-gallery-is-layout-flex\">\n<figure class=\"wp-block-image size-large\"><img loading=\"lazy\" decoding=\"async\" width=\"683\" height=\"1024\" data-id=\"10762\" src=\"https:\/\/blog.ccc.eu\/hu\/wp-content\/uploads\/2025\/02\/CCC_5903698022772_02_M-683x1024.jpg\" alt=\"\" class=\"wp-image-10762\" srcset=\"https:\/\/blog.ccc.eu\/hu\/wp-content\/uploads\/2025\/02\/CCC_5903698022772_02_M-683x1024.jpg 683w, https:\/\/blog.ccc.eu\/hu\/wp-content\/uploads\/2025\/02\/CCC_5903698022772_02_M-200x300.jpg 200w, https:\/\/blog.ccc.eu\/hu\/wp-content\/uploads\/2025\/02\/CCC_5903698022772_02_M-768x1152.jpg 768w, https:\/\/blog.ccc.eu\/hu\/wp-content\/uploads\/2025\/02\/CCC_5903698022772_02_M-100x150.jpg 100w, https:\/\/blog.ccc.eu\/hu\/wp-content\/uploads\/2025\/02\/CCC_5903698022772_02_M.jpg 876w\" sizes=\"auto, (max-width: 683px) 100vw, 683px\" \/><\/figure>\n\n\n\n<figure class=\"wp-block-image size-large\"><img loading=\"lazy\" decoding=\"async\" width=\"683\" height=\"1024\" data-id=\"10763\" src=\"https:\/\/blog.ccc.eu\/hu\/wp-content\/uploads\/2025\/02\/CCC_5903698022772_02pop-683x1024-1.jpg\" alt=\"\" class=\"wp-image-10763\" srcset=\"https:\/\/blog.ccc.eu\/hu\/wp-content\/uploads\/2025\/02\/CCC_5903698022772_02pop-683x1024-1.jpg 683w, https:\/\/blog.ccc.eu\/hu\/wp-content\/uploads\/2025\/02\/CCC_5903698022772_02pop-683x1024-1-200x300.jpg 200w, https:\/\/blog.ccc.eu\/hu\/wp-content\/uploads\/2025\/02\/CCC_5903698022772_02pop-683x1024-1-100x150.jpg 100w\" sizes=\"auto, (max-width: 683px) 100vw, 683px\" \/><\/figure>\n<\/figure>\n\n\n\n<p>Ismerd meg a 2025-\u00f6s tavaszi-ny\u00e1ri trendek n\u00e9pszer\u0171 sz\u00edneit <a href=\"https:\/\/ccc.eu\/hu\/sklepy\" target=\"_blank\" rel=\"noreferrer noopener\">CCC \u00fczleteinkben<\/a>,\u00a0<a href=\"https:\/\/ccc.eu\/hu\/\" target=\"_blank\" rel=\"noreferrer noopener\">webshopunkban<\/a>, \u00e9s az\u00a0<a href=\"https:\/\/ccc.eu\/hu\/mobile-app\" target=\"_blank\" rel=\"noreferrer noopener\">alkalmaz\u00e1sban<\/a>. Legy\u00e9l\u00a0<a href=\"https:\/\/ccc.eu\/hu\/klub-ccc\" target=\"_blank\" rel=\"noreferrer noopener\">CCC klubtag<\/a>\u00a0is, \u00e9s \u00e9lvezd a k\u00e9nyelmes \u00e9s kedvezm\u00e9nyes v\u00e1s\u00e1rl\u00e1si lehet\u0151s\u00e9geket! K\u00f6vesd vel\u00fcnk a divatot\u00a0<a href=\"https:\/\/www.facebook.com\/CCC.Hungary\/\" target=\"_blank\" rel=\"noreferrer noopener\">Facebookon,<\/a>\u00a0\u00e9s inspir\u00e1l\u00f3dj vel\u00fcnk az\u00a0<a href=\"https:\/\/www.instagram.com\/cccshoesbags\/\" target=\"_blank\" rel=\"noreferrer noopener\">Instagramon<\/a>\u00a0is!\u00a0<\/p>\n","protected":false},"excerpt":{"rendered":"<p>Az idei 2025-\u00f6s tavaszi-ny\u00e1ri szezonban a tervez\u0151k az intenz\u00edv, felt\u0171n\u0151 sz\u00edneket a h\u00e1tt\u00e9rbe szor\u00edtj\u00e1k \u00e9s a pasztellsz\u00ednekre helyezik a hangs\u00falyt. Az \u00e9v sz\u00edne, a Mocha Mousse is nagy szerepet j\u00e1tszik a cip\u0151k\u00f6n \u00e9s t\u00e1sk\u00e1kon egyar\u00e1nt. Tekintsd meg a szezon legtrendibb sz\u00edneiben pomp\u00e1z\u00f3 term\u00e9keket a CCC-ben!\u00a0 Mocha Mousse \u2013 az \u00e9v sz\u00edne&nbsp; A Mocha Mousse az [&hellip;]<\/p>\n","protected":false},"author":22,"featured_media":10755,"comment_status":"open","ping_status":"open","sticky":false,"template":"","format":"standard","meta":{"_acf_changed":false,"footnotes":""},"categories":[6],"tags":[560,707,1223,1080,786],"class_list":["post-10753","post","type-post","status-publish","format-standard","has-post-thumbnail","hentry","category-trendek","tag-ccc","tag-cipok","tag-pasztellszinek","tag-taskak","tag-trendek"],"acf":[],"yoast_head":"<!-- This site is optimized with the Yoast SEO plugin v26.9 - https:\/\/yoast.com\/product\/yoast-seo-wordpress\/ -->\n<title>L\u00e9legzetel\u00e1ll\u00edt\u00f3 pasztellsz\u00ednek a 2025-\u00f6s tavaszi-ny\u00e1ri szezonra\u00a0 - CCC Fashion blog<\/title>\n<meta name=\"description\" content=\"2026\" \/>\n<meta name=\"robots\" content=\"index, follow, max-snippet:-1, max-image-preview:large, max-video-preview:-1\" \/>\n<link rel=\"canonical\" href=\"https:\/\/blog.ccc.eu\/hu\/lelegzetelallito-pasztellszinek-a-2025-os-tavaszi-nyari-szezonra\/\" \/>\n<meta property=\"og:locale\" content=\"hu_HU\" \/>\n<meta property=\"og:type\" content=\"article\" \/>\n<meta property=\"og:title\" content=\"L\u00e9legzetel\u00e1ll\u00edt\u00f3 pasztellsz\u00ednek a 2025-\u00f6s tavaszi-ny\u00e1ri szezonra\u00a0 - CCC Fashion blog\" \/>\n<meta property=\"og:description\" content=\"Az idei 2025-\u00f6s tavaszi-ny\u00e1ri szezonban a tervez\u0151k az intenz\u00edv, felt\u0171n\u0151 sz\u00edneket a h\u00e1tt\u00e9rbe szor\u00edtj\u00e1k \u00e9s a pasztellsz\u00ednekre helyezik a hangs\u00falyt. Az \u00e9v sz\u00edne, a Mocha Mousse is nagy szerepet j\u00e1tszik a cip\u0151k\u00f6n \u00e9s t\u00e1sk\u00e1kon egyar\u00e1nt. Tekintsd meg a szezon legtrendibb sz\u00edneiben pomp\u00e1z\u00f3 term\u00e9keket a CCC-ben!\u00a0 Mocha Mousse \u2013 az \u00e9v sz\u00edne&nbsp; A Mocha Mousse az [&hellip;]\" \/>\n<meta property=\"og:url\" content=\"https:\/\/blog.ccc.eu\/hu\/lelegzetelallito-pasztellszinek-a-2025-os-tavaszi-nyari-szezonra\/\" \/>\n<meta property=\"og:site_name\" content=\"CCC Fashion blog\" \/>\n<meta property=\"article:published_time\" content=\"2025-02-19T09:38:34+00:00\" \/>\n<meta property=\"article:modified_time\" content=\"2025-02-19T09:38:35+00:00\" \/>\n<meta property=\"og:image\" content=\"https:\/\/blog.ccc.eu\/hu\/wp-content\/uploads\/2025\/02\/CCC_5906751030431_02M.jpg\" \/>\n\t<meta property=\"og:image:width\" content=\"512\" \/>\n\t<meta property=\"og:image:height\" content=\"768\" \/>\n\t<meta property=\"og:image:type\" content=\"image\/jpeg\" \/>\n<meta name=\"author\" content=\"Beatrix Korosi\" \/>\n<meta name=\"twitter:card\" content=\"summary_large_image\" \/>\n<meta name=\"twitter:label1\" content=\"Szerz\u0151:\" \/>\n\t<meta name=\"twitter:data1\" content=\"Beatrix Korosi\" \/>\n\t<meta name=\"twitter:label2\" content=\"Becs\u00fclt olvas\u00e1si id\u0151\" \/>\n\t<meta name=\"twitter:data2\" content=\"2 perc\" \/>\n<script type=\"application\/ld+json\" class=\"yoast-schema-graph\">{\"@context\":\"https:\/\/schema.org\",\"@graph\":[{\"@type\":\"Article\",\"@id\":\"https:\/\/blog.ccc.eu\/hu\/lelegzetelallito-pasztellszinek-a-2025-os-tavaszi-nyari-szezonra\/#article\",\"isPartOf\":{\"@id\":\"https:\/\/blog.ccc.eu\/hu\/lelegzetelallito-pasztellszinek-a-2025-os-tavaszi-nyari-szezonra\/\"},\"author\":{\"name\":\"Beatrix Korosi\",\"@id\":\"https:\/\/blog.ccc.eu\/hu\/#\/schema\/person\/b37d4e58a15b8cc6b1339218cfeb7c10\"},\"headline\":\"L\u00e9legzetel\u00e1ll\u00edt\u00f3 pasztellsz\u00ednek a 2025-\u00f6s tavaszi-ny\u00e1ri szezonra\u00a0\",\"datePublished\":\"2025-02-19T09:38:34+00:00\",\"dateModified\":\"2025-02-19T09:38:35+00:00\",\"mainEntityOfPage\":{\"@id\":\"https:\/\/blog.ccc.eu\/hu\/lelegzetelallito-pasztellszinek-a-2025-os-tavaszi-nyari-szezonra\/\"},\"wordCount\":384,\"commentCount\":0,\"publisher\":{\"@id\":\"https:\/\/blog.ccc.eu\/hu\/#organization\"},\"image\":{\"@id\":\"https:\/\/blog.ccc.eu\/hu\/lelegzetelallito-pasztellszinek-a-2025-os-tavaszi-nyari-szezonra\/#primaryimage\"},\"thumbnailUrl\":\"https:\/\/blog.ccc.eu\/hu\/wp-content\/uploads\/2025\/02\/CCC_5906751030431_02M.jpg\",\"keywords\":[\"CCC\",\"cip\u0151k\",\"pasztellsz\u00ednek\",\"T\u00e1sk\u00e1k\",\"trendek\"],\"articleSection\":[\"TRENDEK\"],\"inLanguage\":\"hu\",\"potentialAction\":[{\"@type\":\"CommentAction\",\"name\":\"Comment\",\"target\":[\"https:\/\/blog.ccc.eu\/hu\/lelegzetelallito-pasztellszinek-a-2025-os-tavaszi-nyari-szezonra\/#respond\"]}]},{\"@type\":\"WebPage\",\"@id\":\"https:\/\/blog.ccc.eu\/hu\/lelegzetelallito-pasztellszinek-a-2025-os-tavaszi-nyari-szezonra\/\",\"url\":\"https:\/\/blog.ccc.eu\/hu\/lelegzetelallito-pasztellszinek-a-2025-os-tavaszi-nyari-szezonra\/\",\"name\":\"L\u00e9legzetel\u00e1ll\u00edt\u00f3 pasztellsz\u00ednek a 2025-\u00f6s tavaszi-ny\u00e1ri szezonra\u00a0 - CCC Fashion blog\",\"isPartOf\":{\"@id\":\"https:\/\/blog.ccc.eu\/hu\/#website\"},\"primaryImageOfPage\":{\"@id\":\"https:\/\/blog.ccc.eu\/hu\/lelegzetelallito-pasztellszinek-a-2025-os-tavaszi-nyari-szezonra\/#primaryimage\"},\"image\":{\"@id\":\"https:\/\/blog.ccc.eu\/hu\/lelegzetelallito-pasztellszinek-a-2025-os-tavaszi-nyari-szezonra\/#primaryimage\"},\"thumbnailUrl\":\"https:\/\/blog.ccc.eu\/hu\/wp-content\/uploads\/2025\/02\/CCC_5906751030431_02M.jpg\",\"datePublished\":\"2025-02-19T09:38:34+00:00\",\"dateModified\":\"2025-02-19T09:38:35+00:00\",\"breadcrumb\":{\"@id\":\"https:\/\/blog.ccc.eu\/hu\/lelegzetelallito-pasztellszinek-a-2025-os-tavaszi-nyari-szezonra\/#breadcrumb\"},\"inLanguage\":\"hu\",\"potentialAction\":[{\"@type\":\"ReadAction\",\"target\":[\"https:\/\/blog.ccc.eu\/hu\/lelegzetelallito-pasztellszinek-a-2025-os-tavaszi-nyari-szezonra\/\"]}]},{\"@type\":\"ImageObject\",\"inLanguage\":\"hu\",\"@id\":\"https:\/\/blog.ccc.eu\/hu\/lelegzetelallito-pasztellszinek-a-2025-os-tavaszi-nyari-szezonra\/#primaryimage\",\"url\":\"https:\/\/blog.ccc.eu\/hu\/wp-content\/uploads\/2025\/02\/CCC_5906751030431_02M.jpg\",\"contentUrl\":\"https:\/\/blog.ccc.eu\/hu\/wp-content\/uploads\/2025\/02\/CCC_5906751030431_02M.jpg\",\"width\":512,\"height\":768},{\"@type\":\"BreadcrumbList\",\"@id\":\"https:\/\/blog.ccc.eu\/hu\/lelegzetelallito-pasztellszinek-a-2025-os-tavaszi-nyari-szezonra\/#breadcrumb\",\"itemListElement\":[{\"@type\":\"ListItem\",\"position\":1,\"name\":\"Strona g\u0142\u00f3wna\",\"item\":\"https:\/\/blog.ccc.eu\/hu\/\"},{\"@type\":\"ListItem\",\"position\":2,\"name\":\"L\u00e9legzetel\u00e1ll\u00edt\u00f3 pasztellsz\u00ednek a 2025-\u00f6s tavaszi-ny\u00e1ri szezonra\u00a0\"}]},{\"@type\":\"WebSite\",\"@id\":\"https:\/\/blog.ccc.eu\/hu\/#website\",\"url\":\"https:\/\/blog.ccc.eu\/hu\/\",\"name\":\"CCC Fashion blog\",\"description\":\"Az \u00d6n helye tele van divatihletekkel\",\"publisher\":{\"@id\":\"https:\/\/blog.ccc.eu\/hu\/#organization\"},\"potentialAction\":[{\"@type\":\"SearchAction\",\"target\":{\"@type\":\"EntryPoint\",\"urlTemplate\":\"https:\/\/blog.ccc.eu\/hu\/?s={search_term_string}\"},\"query-input\":{\"@type\":\"PropertyValueSpecification\",\"valueRequired\":true,\"valueName\":\"search_term_string\"}}],\"inLanguage\":\"hu\"},{\"@type\":\"Organization\",\"@id\":\"https:\/\/blog.ccc.eu\/hu\/#organization\",\"name\":\"CCC S.A.\",\"url\":\"https:\/\/blog.ccc.eu\/hu\/\",\"logo\":{\"@type\":\"ImageObject\",\"inLanguage\":\"hu\",\"@id\":\"https:\/\/blog.ccc.eu\/hu\/#\/schema\/logo\/image\/\",\"url\":\"https:\/\/blog.ccc.eu\/hu\/wp-content\/uploads\/2021\/11\/logo_ccc.png\",\"contentUrl\":\"https:\/\/blog.ccc.eu\/hu\/wp-content\/uploads\/2021\/11\/logo_ccc.png\",\"width\":730,\"height\":270,\"caption\":\"CCC S.A.\"},\"image\":{\"@id\":\"https:\/\/blog.ccc.eu\/hu\/#\/schema\/logo\/image\/\"}},{\"@type\":\"Person\",\"@id\":\"https:\/\/blog.ccc.eu\/hu\/#\/schema\/person\/b37d4e58a15b8cc6b1339218cfeb7c10\",\"name\":\"Beatrix Korosi\",\"image\":{\"@type\":\"ImageObject\",\"inLanguage\":\"hu\",\"@id\":\"https:\/\/blog.ccc.eu\/hu\/#\/schema\/person\/image\/\",\"url\":\"https:\/\/blog.ccc.eu\/hu\/wp-content\/uploads\/2022\/11\/Bea-150x150.jpg\",\"contentUrl\":\"https:\/\/blog.ccc.eu\/hu\/wp-content\/uploads\/2022\/11\/Bea-150x150.jpg\",\"caption\":\"Beatrix Korosi\"},\"url\":\"https:\/\/blog.ccc.eu\/hu\/author\/beatrix-korosi\/\"}]}<\/script>\n<!-- \/ Yoast SEO plugin. -->","yoast_head_json":{"title":"L\u00e9legzetel\u00e1ll\u00edt\u00f3 pasztellsz\u00ednek a 2025-\u00f6s tavaszi-ny\u00e1ri szezonra\u00a0 - CCC Fashion blog","description":"2026","robots":{"index":"index","follow":"follow","max-snippet":"max-snippet:-1","max-image-preview":"max-image-preview:large","max-video-preview":"max-video-preview:-1"},"canonical":"https:\/\/blog.ccc.eu\/hu\/lelegzetelallito-pasztellszinek-a-2025-os-tavaszi-nyari-szezonra\/","og_locale":"hu_HU","og_type":"article","og_title":"L\u00e9legzetel\u00e1ll\u00edt\u00f3 pasztellsz\u00ednek a 2025-\u00f6s tavaszi-ny\u00e1ri szezonra\u00a0 - CCC Fashion blog","og_description":"Az idei 2025-\u00f6s tavaszi-ny\u00e1ri szezonban a tervez\u0151k az intenz\u00edv, felt\u0171n\u0151 sz\u00edneket a h\u00e1tt\u00e9rbe szor\u00edtj\u00e1k \u00e9s a pasztellsz\u00ednekre helyezik a hangs\u00falyt. Az \u00e9v sz\u00edne, a Mocha Mousse is nagy szerepet j\u00e1tszik a cip\u0151k\u00f6n \u00e9s t\u00e1sk\u00e1kon egyar\u00e1nt. Tekintsd meg a szezon legtrendibb sz\u00edneiben pomp\u00e1z\u00f3 term\u00e9keket a CCC-ben!\u00a0 Mocha Mousse \u2013 az \u00e9v sz\u00edne&nbsp; A Mocha Mousse az [&hellip;]","og_url":"https:\/\/blog.ccc.eu\/hu\/lelegzetelallito-pasztellszinek-a-2025-os-tavaszi-nyari-szezonra\/","og_site_name":"CCC Fashion blog","article_published_time":"2025-02-19T09:38:34+00:00","article_modified_time":"2025-02-19T09:38:35+00:00","og_image":[{"width":512,"height":768,"url":"https:\/\/blog.ccc.eu\/hu\/wp-content\/uploads\/2025\/02\/CCC_5906751030431_02M.jpg","type":"image\/jpeg"}],"author":"Beatrix Korosi","twitter_card":"summary_large_image","twitter_misc":{"Szerz\u0151:":"Beatrix Korosi","Becs\u00fclt olvas\u00e1si id\u0151":"2 perc"},"schema":{"@context":"https:\/\/schema.org","@graph":[{"@type":"Article","@id":"https:\/\/blog.ccc.eu\/hu\/lelegzetelallito-pasztellszinek-a-2025-os-tavaszi-nyari-szezonra\/#article","isPartOf":{"@id":"https:\/\/blog.ccc.eu\/hu\/lelegzetelallito-pasztellszinek-a-2025-os-tavaszi-nyari-szezonra\/"},"author":{"name":"Beatrix Korosi","@id":"https:\/\/blog.ccc.eu\/hu\/#\/schema\/person\/b37d4e58a15b8cc6b1339218cfeb7c10"},"headline":"L\u00e9legzetel\u00e1ll\u00edt\u00f3 pasztellsz\u00ednek a 2025-\u00f6s tavaszi-ny\u00e1ri szezonra\u00a0","datePublished":"2025-02-19T09:38:34+00:00","dateModified":"2025-02-19T09:38:35+00:00","mainEntityOfPage":{"@id":"https:\/\/blog.ccc.eu\/hu\/lelegzetelallito-pasztellszinek-a-2025-os-tavaszi-nyari-szezonra\/"},"wordCount":384,"commentCount":0,"publisher":{"@id":"https:\/\/blog.ccc.eu\/hu\/#organization"},"image":{"@id":"https:\/\/blog.ccc.eu\/hu\/lelegzetelallito-pasztellszinek-a-2025-os-tavaszi-nyari-szezonra\/#primaryimage"},"thumbnailUrl":"https:\/\/blog.ccc.eu\/hu\/wp-content\/uploads\/2025\/02\/CCC_5906751030431_02M.jpg","keywords":["CCC","cip\u0151k","pasztellsz\u00ednek","T\u00e1sk\u00e1k","trendek"],"articleSection":["TRENDEK"],"inLanguage":"hu","potentialAction":[{"@type":"CommentAction","name":"Comment","target":["https:\/\/blog.ccc.eu\/hu\/lelegzetelallito-pasztellszinek-a-2025-os-tavaszi-nyari-szezonra\/#respond"]}]},{"@type":"WebPage","@id":"https:\/\/blog.ccc.eu\/hu\/lelegzetelallito-pasztellszinek-a-2025-os-tavaszi-nyari-szezonra\/","url":"https:\/\/blog.ccc.eu\/hu\/lelegzetelallito-pasztellszinek-a-2025-os-tavaszi-nyari-szezonra\/","name":"L\u00e9legzetel\u00e1ll\u00edt\u00f3 pasztellsz\u00ednek a 2025-\u00f6s tavaszi-ny\u00e1ri szezonra\u00a0 - CCC Fashion blog","isPartOf":{"@id":"https:\/\/blog.ccc.eu\/hu\/#website"},"primaryImageOfPage":{"@id":"https:\/\/blog.ccc.eu\/hu\/lelegzetelallito-pasztellszinek-a-2025-os-tavaszi-nyari-szezonra\/#primaryimage"},"image":{"@id":"https:\/\/blog.ccc.eu\/hu\/lelegzetelallito-pasztellszinek-a-2025-os-tavaszi-nyari-szezonra\/#primaryimage"},"thumbnailUrl":"https:\/\/blog.ccc.eu\/hu\/wp-content\/uploads\/2025\/02\/CCC_5906751030431_02M.jpg","datePublished":"2025-02-19T09:38:34+00:00","dateModified":"2025-02-19T09:38:35+00:00","breadcrumb":{"@id":"https:\/\/blog.ccc.eu\/hu\/lelegzetelallito-pasztellszinek-a-2025-os-tavaszi-nyari-szezonra\/#breadcrumb"},"inLanguage":"hu","potentialAction":[{"@type":"ReadAction","target":["https:\/\/blog.ccc.eu\/hu\/lelegzetelallito-pasztellszinek-a-2025-os-tavaszi-nyari-szezonra\/"]}]},{"@type":"ImageObject","inLanguage":"hu","@id":"https:\/\/blog.ccc.eu\/hu\/lelegzetelallito-pasztellszinek-a-2025-os-tavaszi-nyari-szezonra\/#primaryimage","url":"https:\/\/blog.ccc.eu\/hu\/wp-content\/uploads\/2025\/02\/CCC_5906751030431_02M.jpg","contentUrl":"https:\/\/blog.ccc.eu\/hu\/wp-content\/uploads\/2025\/02\/CCC_5906751030431_02M.jpg","width":512,"height":768},{"@type":"BreadcrumbList","@id":"https:\/\/blog.ccc.eu\/hu\/lelegzetelallito-pasztellszinek-a-2025-os-tavaszi-nyari-szezonra\/#breadcrumb","itemListElement":[{"@type":"ListItem","position":1,"name":"Strona g\u0142\u00f3wna","item":"https:\/\/blog.ccc.eu\/hu\/"},{"@type":"ListItem","position":2,"name":"L\u00e9legzetel\u00e1ll\u00edt\u00f3 pasztellsz\u00ednek a 2025-\u00f6s tavaszi-ny\u00e1ri szezonra\u00a0"}]},{"@type":"WebSite","@id":"https:\/\/blog.ccc.eu\/hu\/#website","url":"https:\/\/blog.ccc.eu\/hu\/","name":"CCC Fashion blog","description":"Az \u00d6n helye tele van divatihletekkel","publisher":{"@id":"https:\/\/blog.ccc.eu\/hu\/#organization"},"potentialAction":[{"@type":"SearchAction","target":{"@type":"EntryPoint","urlTemplate":"https:\/\/blog.ccc.eu\/hu\/?s={search_term_string}"},"query-input":{"@type":"PropertyValueSpecification","valueRequired":true,"valueName":"search_term_string"}}],"inLanguage":"hu"},{"@type":"Organization","@id":"https:\/\/blog.ccc.eu\/hu\/#organization","name":"CCC S.A.","url":"https:\/\/blog.ccc.eu\/hu\/","logo":{"@type":"ImageObject","inLanguage":"hu","@id":"https:\/\/blog.ccc.eu\/hu\/#\/schema\/logo\/image\/","url":"https:\/\/blog.ccc.eu\/hu\/wp-content\/uploads\/2021\/11\/logo_ccc.png","contentUrl":"https:\/\/blog.ccc.eu\/hu\/wp-content\/uploads\/2021\/11\/logo_ccc.png","width":730,"height":270,"caption":"CCC S.A."},"image":{"@id":"https:\/\/blog.ccc.eu\/hu\/#\/schema\/logo\/image\/"}},{"@type":"Person","@id":"https:\/\/blog.ccc.eu\/hu\/#\/schema\/person\/b37d4e58a15b8cc6b1339218cfeb7c10","name":"Beatrix Korosi","image":{"@type":"ImageObject","inLanguage":"hu","@id":"https:\/\/blog.ccc.eu\/hu\/#\/schema\/person\/image\/","url":"https:\/\/blog.ccc.eu\/hu\/wp-content\/uploads\/2022\/11\/Bea-150x150.jpg","contentUrl":"https:\/\/blog.ccc.eu\/hu\/wp-content\/uploads\/2022\/11\/Bea-150x150.jpg","caption":"Beatrix Korosi"},"url":"https:\/\/blog.ccc.eu\/hu\/author\/beatrix-korosi\/"}]}},"_links":{"self":[{"href":"https:\/\/blog.ccc.eu\/hu\/wp-json\/wp\/v2\/posts\/10753","targetHints":{"allow":["GET"]}}],"collection":[{"href":"https:\/\/blog.ccc.eu\/hu\/wp-json\/wp\/v2\/posts"}],"about":[{"href":"https:\/\/blog.ccc.eu\/hu\/wp-json\/wp\/v2\/types\/post"}],"author":[{"embeddable":true,"href":"https:\/\/blog.ccc.eu\/hu\/wp-json\/wp\/v2\/users\/22"}],"replies":[{"embeddable":true,"href":"https:\/\/blog.ccc.eu\/hu\/wp-json\/wp\/v2\/comments?post=10753"}],"version-history":[{"count":2,"href":"https:\/\/blog.ccc.eu\/hu\/wp-json\/wp\/v2\/posts\/10753\/revisions"}],"predecessor-version":[{"id":10765,"href":"https:\/\/blog.ccc.eu\/hu\/wp-json\/wp\/v2\/posts\/10753\/revisions\/10765"}],"wp:featuredmedia":[{"embeddable":true,"href":"https:\/\/blog.ccc.eu\/hu\/wp-json\/wp\/v2\/media\/10755"}],"wp:attachment":[{"href":"https:\/\/blog.ccc.eu\/hu\/wp-json\/wp\/v2\/media?parent=10753"}],"wp:term":[{"taxonomy":"category","embeddable":true,"href":"https:\/\/blog.ccc.eu\/hu\/wp-json\/wp\/v2\/categories?post=10753"},{"taxonomy":"post_tag","embeddable":true,"href":"https:\/\/blog.ccc.eu\/hu\/wp-json\/wp\/v2\/tags?post=10753"}],"curies":[{"name":"wp","href":"https:\/\/api.w.org\/{rel}","templated":true}]}}