{"id":10866,"date":"2025-04-08T15:49:39","date_gmt":"2025-04-08T13:49:39","guid":{"rendered":"https:\/\/blog.ccc.eu\/hu\/?p=10866"},"modified":"2025-04-08T15:49:40","modified_gmt":"2025-04-08T13:49:40","slug":"stilusos-klumpak-a-nyari-szezonra","status":"publish","type":"post","link":"https:\/\/blog.ccc.eu\/hu\/stilusos-klumpak-a-nyari-szezonra\/","title":{"rendered":"St\u00edlusos klump\u00e1k a ny\u00e1ri szezonra\u00a0"},"content":{"rendered":"\n<p><b>A klump\u00e1k m\u00e1r a 2000-es \u00e9vek \u00f3ta rendk\u00edv\u00fcl n\u00e9pszer\u0171ek. A tervez\u0151k a klasszikus modellek mellett extravag\u00e1nsabb darabokkal is k\u00e9sz\u00fcltek az idei szezonra. L\u00e1togass el a CCC-be \u00e9s tal\u00e1ld meg \u00e1lmaid papucs\u00e1t!&nbsp;<\/b><\/p>\n\n\n\n<figure class=\"wp-block-gallery has-nested-images columns-default is-cropped wp-block-gallery-1 is-layout-flex wp-block-gallery-is-layout-flex\">\n<figure class=\"wp-block-image size-large\"><img loading=\"lazy\" decoding=\"async\" width=\"683\" height=\"1024\" data-id=\"10868\" src=\"https:\/\/blog.ccc.eu\/hu\/wp-content\/uploads\/2025\/04\/ccc_5904248749866_02i-683x1024-1.jpg\" alt=\"\" class=\"wp-image-10868\" srcset=\"https:\/\/blog.ccc.eu\/hu\/wp-content\/uploads\/2025\/04\/ccc_5904248749866_02i-683x1024-1.jpg 683w, https:\/\/blog.ccc.eu\/hu\/wp-content\/uploads\/2025\/04\/ccc_5904248749866_02i-683x1024-1-200x300.jpg 200w, https:\/\/blog.ccc.eu\/hu\/wp-content\/uploads\/2025\/04\/ccc_5904248749866_02i-683x1024-1-100x150.jpg 100w\" sizes=\"auto, (max-width: 683px) 100vw, 683px\" \/><\/figure>\n\n\n\n<figure class=\"wp-block-image size-large\"><img loading=\"lazy\" decoding=\"async\" width=\"683\" height=\"1024\" data-id=\"10867\" src=\"https:\/\/blog.ccc.eu\/hu\/wp-content\/uploads\/2025\/04\/glowne1-11-683x1024-1.jpg\" alt=\"\" class=\"wp-image-10867\" srcset=\"https:\/\/blog.ccc.eu\/hu\/wp-content\/uploads\/2025\/04\/glowne1-11-683x1024-1.jpg 683w, https:\/\/blog.ccc.eu\/hu\/wp-content\/uploads\/2025\/04\/glowne1-11-683x1024-1-200x300.jpg 200w, https:\/\/blog.ccc.eu\/hu\/wp-content\/uploads\/2025\/04\/glowne1-11-683x1024-1-100x150.jpg 100w\" sizes=\"auto, (max-width: 683px) 100vw, 683px\" \/><\/figure>\n<\/figure>\n\n\n\n<h2 class=\"wp-block-heading\">A klump\u00e1k nem csak f\u00e1b\u00f3l k\u00e9sz\u00fclhetnek&nbsp;<\/h2>\n\n\n\n<p>A klump\u00e1k&nbsp;nem csak f\u00e1b\u00f3l k\u00e9sz\u00fclhetnek. A legk\u00e9nyelmesebb \u00e9s legtrendibb darabokat a Crocs m\u00e1rka k\u00edn\u00e1lat\u00e1ban tal\u00e1ljuk meg. Ezek a modellek gumib\u00f3l k\u00e9sz\u00fclnek, aminek k\u00f6sz\u00f6nhet\u0151en garant\u00e1lj\u00e1k az eg\u00e9sz napos visel\u00e9si k\u00e9nyelmet.<\/p>\n\n\n\n<figure class=\"wp-block-gallery has-nested-images columns-default is-cropped wp-block-gallery-2 is-layout-flex wp-block-gallery-is-layout-flex\">\n<figure class=\"wp-block-image size-large\"><img loading=\"lazy\" decoding=\"async\" width=\"683\" height=\"1024\" data-id=\"10869\" src=\"https:\/\/blog.ccc.eu\/hu\/wp-content\/uploads\/2025\/04\/CCC_5903698757490_01-683x1024.jpg\" alt=\"\" class=\"wp-image-10869\" srcset=\"https:\/\/blog.ccc.eu\/hu\/wp-content\/uploads\/2025\/04\/CCC_5903698757490_01-683x1024.jpg 683w, https:\/\/blog.ccc.eu\/hu\/wp-content\/uploads\/2025\/04\/CCC_5903698757490_01-200x300.jpg 200w, https:\/\/blog.ccc.eu\/hu\/wp-content\/uploads\/2025\/04\/CCC_5903698757490_01-768x1152.jpg 768w, https:\/\/blog.ccc.eu\/hu\/wp-content\/uploads\/2025\/04\/CCC_5903698757490_01-100x150.jpg 100w, https:\/\/blog.ccc.eu\/hu\/wp-content\/uploads\/2025\/04\/CCC_5903698757490_01.jpg 876w\" sizes=\"auto, (max-width: 683px) 100vw, 683px\" \/><\/figure>\n\n\n\n<figure class=\"wp-block-image size-large\"><img loading=\"lazy\" decoding=\"async\" width=\"683\" height=\"1024\" data-id=\"10870\" src=\"https:\/\/blog.ccc.eu\/hu\/wp-content\/uploads\/2025\/04\/CCC_5905588743972_01K-683x1024.jpg\" alt=\"\" class=\"wp-image-10870\" srcset=\"https:\/\/blog.ccc.eu\/hu\/wp-content\/uploads\/2025\/04\/CCC_5905588743972_01K-683x1024.jpg 683w, https:\/\/blog.ccc.eu\/hu\/wp-content\/uploads\/2025\/04\/CCC_5905588743972_01K-200x300.jpg 200w, https:\/\/blog.ccc.eu\/hu\/wp-content\/uploads\/2025\/04\/CCC_5905588743972_01K-768x1152.jpg 768w, https:\/\/blog.ccc.eu\/hu\/wp-content\/uploads\/2025\/04\/CCC_5905588743972_01K-100x150.jpg 100w, https:\/\/blog.ccc.eu\/hu\/wp-content\/uploads\/2025\/04\/CCC_5905588743972_01K.jpg 876w\" sizes=\"auto, (max-width: 683px) 100vw, 683px\" \/><\/figure>\n<\/figure>\n\n\n\n<h2 class=\"wp-block-heading\">Val\u00f3di b\u0151rpapucs &#8211; t\u00f6k\u00e9letes v\u00e1laszt\u00e1s a klasszikus st\u00edlus szerelmeseinek&nbsp;<\/h2>\n\n\n\n<p>A val\u00f3di b\u0151rb\u0151l k\u00e9sz\u00fclt papucsok sz\u00e1mos el\u0151nnyel b\u00edrnak, amelyek a klasszikusok \u00e9s a k\u00e9nyelem szerelmeseit egyar\u00e1nt vonzz\u00e1k. Fatalpuk biztos\u00edtj\u00e1k az eg\u00e9sz napos visel\u00e9si k\u00e9nyelmet. S\u0151t, a b\u0151r fels\u0151r\u00e9sz\u00fck alkalmazkodik a l\u00e1b form\u00e1j\u00e1hoz, ami tov\u00e1bb n\u00f6veli a k\u00e9nyelmet.\u00a0<\/p>\n\n\n\n<figure class=\"wp-block-gallery has-nested-images columns-default is-cropped wp-block-gallery-3 is-layout-flex wp-block-gallery-is-layout-flex\">\n<figure class=\"wp-block-image size-large\"><img loading=\"lazy\" decoding=\"async\" width=\"683\" height=\"1024\" data-id=\"10871\" src=\"https:\/\/blog.ccc.eu\/hu\/wp-content\/uploads\/2025\/04\/CCC_5905588708018_01-683x1024.jpg\" alt=\"\" class=\"wp-image-10871\" srcset=\"https:\/\/blog.ccc.eu\/hu\/wp-content\/uploads\/2025\/04\/CCC_5905588708018_01-683x1024.jpg 683w, https:\/\/blog.ccc.eu\/hu\/wp-content\/uploads\/2025\/04\/CCC_5905588708018_01-200x300.jpg 200w, https:\/\/blog.ccc.eu\/hu\/wp-content\/uploads\/2025\/04\/CCC_5905588708018_01-768x1152.jpg 768w, https:\/\/blog.ccc.eu\/hu\/wp-content\/uploads\/2025\/04\/CCC_5905588708018_01-100x150.jpg 100w, https:\/\/blog.ccc.eu\/hu\/wp-content\/uploads\/2025\/04\/CCC_5905588708018_01.jpg 876w\" sizes=\"auto, (max-width: 683px) 100vw, 683px\" \/><\/figure>\n\n\n\n<figure class=\"wp-block-image size-large\"><img loading=\"lazy\" decoding=\"async\" width=\"683\" height=\"1024\" data-id=\"10872\" src=\"https:\/\/blog.ccc.eu\/hu\/wp-content\/uploads\/2025\/04\/CCC_5905588708018_02_M-683x1024.jpg\" alt=\"\" class=\"wp-image-10872\" srcset=\"https:\/\/blog.ccc.eu\/hu\/wp-content\/uploads\/2025\/04\/CCC_5905588708018_02_M-683x1024.jpg 683w, https:\/\/blog.ccc.eu\/hu\/wp-content\/uploads\/2025\/04\/CCC_5905588708018_02_M-200x300.jpg 200w, https:\/\/blog.ccc.eu\/hu\/wp-content\/uploads\/2025\/04\/CCC_5905588708018_02_M-768x1152.jpg 768w, https:\/\/blog.ccc.eu\/hu\/wp-content\/uploads\/2025\/04\/CCC_5905588708018_02_M-100x150.jpg 100w, https:\/\/blog.ccc.eu\/hu\/wp-content\/uploads\/2025\/04\/CCC_5905588708018_02_M.jpg 876w\" sizes=\"auto, (max-width: 683px) 100vw, 683px\" \/><\/figure>\n<\/figure>\n\n\n\n<p>N\u00e9zd meg a 2025-\u00f6s papucs k\u00edn\u00e1latunkat&nbsp;<a href=\"https:\/\/ccc.eu\/hu\/sklepy\" target=\"_blank\" rel=\"noreferrer noopener\">CCC \u00fczleteinkben<\/a>,&nbsp;<a href=\"https:\/\/ccc.eu\/hu\/\" target=\"_blank\" rel=\"noreferrer noopener\">webshopunkban<\/a>, \u00e9s az&nbsp;<a href=\"https:\/\/ccc.eu\/hu\/mobile-app\" target=\"_blank\" rel=\"noreferrer noopener\">alkalmaz\u00e1sban<\/a>. Legy\u00e9l&nbsp;<a href=\"https:\/\/ccc.eu\/hu\/klub-ccc\" target=\"_blank\" rel=\"noreferrer noopener\">CCC klubtag<\/a>&nbsp;is, \u00e9s \u00e9lvezd a k\u00e9nyelmes \u00e9s kedvezm\u00e9nyes v\u00e1s\u00e1rl\u00e1si lehet\u0151s\u00e9geket! K\u00f6vesd vel\u00fcnk a divatot&nbsp;<a href=\"https:\/\/www.facebook.com\/CCC.Hungary\/\" target=\"_blank\" rel=\"noreferrer noopener\">Facebookon,<\/a>&nbsp;\u00e9s inspir\u00e1l\u00f3dj vel\u00fcnk az&nbsp;<a href=\"https:\/\/www.instagram.com\/cccshoesbags\/\" target=\"_blank\" rel=\"noreferrer noopener\">Instagramon<\/a>&nbsp;is!<\/p>\n","protected":false},"excerpt":{"rendered":"<p>A klump\u00e1k m\u00e1r a 2000-es \u00e9vek \u00f3ta rendk\u00edv\u00fcl n\u00e9pszer\u0171ek. A tervez\u0151k a klasszikus modellek mellett extravag\u00e1nsabb darabokkal is k\u00e9sz\u00fcltek az idei szezonra. L\u00e1togass el a CCC-be \u00e9s tal\u00e1ld meg \u00e1lmaid papucs\u00e1t!&nbsp; A klump\u00e1k nem csak f\u00e1b\u00f3l k\u00e9sz\u00fclhetnek&nbsp; A klump\u00e1k&nbsp;nem csak f\u00e1b\u00f3l k\u00e9sz\u00fclhetnek. A legk\u00e9nyelmesebb \u00e9s legtrendibb darabokat a Crocs m\u00e1rka k\u00edn\u00e1lat\u00e1ban tal\u00e1ljuk meg. Ezek a [&hellip;]<\/p>\n","protected":false},"author":22,"featured_media":10868,"comment_status":"open","ping_status":"open","sticky":false,"template":"","format":"standard","meta":{"_acf_changed":false,"footnotes":""},"categories":[6],"tags":[560,1230,817,786],"class_list":["post-10866","post","type-post","status-publish","format-standard","has-post-thumbnail","hentry","category-trendek","tag-ccc","tag-klumpak","tag-papucsok","tag-trendek"],"acf":[],"yoast_head":"<!-- This site is optimized with the Yoast SEO plugin v26.9 - https:\/\/yoast.com\/product\/yoast-seo-wordpress\/ -->\n<title>St\u00edlusos klump\u00e1k a ny\u00e1ri szezonra\u00a0 - CCC Fashion blog<\/title>\n<meta name=\"description\" content=\"2026\" \/>\n<meta name=\"robots\" content=\"index, follow, max-snippet:-1, max-image-preview:large, max-video-preview:-1\" \/>\n<link rel=\"canonical\" href=\"https:\/\/blog.ccc.eu\/hu\/stilusos-klumpak-a-nyari-szezonra\/\" \/>\n<meta property=\"og:locale\" content=\"hu_HU\" \/>\n<meta property=\"og:type\" content=\"article\" \/>\n<meta property=\"og:title\" content=\"St\u00edlusos klump\u00e1k a ny\u00e1ri szezonra\u00a0 - CCC Fashion blog\" \/>\n<meta property=\"og:description\" content=\"A klump\u00e1k m\u00e1r a 2000-es \u00e9vek \u00f3ta rendk\u00edv\u00fcl n\u00e9pszer\u0171ek. A tervez\u0151k a klasszikus modellek mellett extravag\u00e1nsabb darabokkal is k\u00e9sz\u00fcltek az idei szezonra. L\u00e1togass el a CCC-be \u00e9s tal\u00e1ld meg \u00e1lmaid papucs\u00e1t!&nbsp; A klump\u00e1k nem csak f\u00e1b\u00f3l k\u00e9sz\u00fclhetnek&nbsp; A klump\u00e1k&nbsp;nem csak f\u00e1b\u00f3l k\u00e9sz\u00fclhetnek. A legk\u00e9nyelmesebb \u00e9s legtrendibb darabokat a Crocs m\u00e1rka k\u00edn\u00e1lat\u00e1ban tal\u00e1ljuk meg. Ezek a [&hellip;]\" \/>\n<meta property=\"og:url\" content=\"https:\/\/blog.ccc.eu\/hu\/stilusos-klumpak-a-nyari-szezonra\/\" \/>\n<meta property=\"og:site_name\" content=\"CCC Fashion blog\" \/>\n<meta property=\"article:published_time\" content=\"2025-04-08T13:49:39+00:00\" \/>\n<meta property=\"article:modified_time\" content=\"2025-04-08T13:49:40+00:00\" \/>\n<meta property=\"og:image\" content=\"https:\/\/blog.ccc.eu\/hu\/wp-content\/uploads\/2025\/04\/ccc_5904248749866_02i-683x1024-1.jpg\" \/>\n\t<meta property=\"og:image:width\" content=\"683\" \/>\n\t<meta property=\"og:image:height\" content=\"1024\" \/>\n\t<meta property=\"og:image:type\" content=\"image\/jpeg\" \/>\n<meta name=\"author\" content=\"Beatrix Korosi\" \/>\n<meta name=\"twitter:card\" content=\"summary_large_image\" \/>\n<meta name=\"twitter:label1\" content=\"Szerz\u0151:\" \/>\n\t<meta name=\"twitter:data1\" content=\"Beatrix Korosi\" \/>\n\t<meta name=\"twitter:label2\" content=\"Becs\u00fclt olvas\u00e1si id\u0151\" \/>\n\t<meta name=\"twitter:data2\" content=\"1 perc\" \/>\n<script type=\"application\/ld+json\" class=\"yoast-schema-graph\">{\"@context\":\"https:\/\/schema.org\",\"@graph\":[{\"@type\":\"Article\",\"@id\":\"https:\/\/blog.ccc.eu\/hu\/stilusos-klumpak-a-nyari-szezonra\/#article\",\"isPartOf\":{\"@id\":\"https:\/\/blog.ccc.eu\/hu\/stilusos-klumpak-a-nyari-szezonra\/\"},\"author\":{\"name\":\"Beatrix Korosi\",\"@id\":\"https:\/\/blog.ccc.eu\/hu\/#\/schema\/person\/b37d4e58a15b8cc6b1339218cfeb7c10\"},\"headline\":\"St\u00edlusos klump\u00e1k a ny\u00e1ri szezonra\u00a0\",\"datePublished\":\"2025-04-08T13:49:39+00:00\",\"dateModified\":\"2025-04-08T13:49:40+00:00\",\"mainEntityOfPage\":{\"@id\":\"https:\/\/blog.ccc.eu\/hu\/stilusos-klumpak-a-nyari-szezonra\/\"},\"wordCount\":261,\"commentCount\":0,\"publisher\":{\"@id\":\"https:\/\/blog.ccc.eu\/hu\/#organization\"},\"image\":{\"@id\":\"https:\/\/blog.ccc.eu\/hu\/stilusos-klumpak-a-nyari-szezonra\/#primaryimage\"},\"thumbnailUrl\":\"https:\/\/blog.ccc.eu\/hu\/wp-content\/uploads\/2025\/04\/ccc_5904248749866_02i-683x1024-1.jpg\",\"keywords\":[\"CCC\",\"Klump\u00e1k\",\"papucsok\",\"trendek\"],\"articleSection\":[\"TRENDEK\"],\"inLanguage\":\"hu\",\"potentialAction\":[{\"@type\":\"CommentAction\",\"name\":\"Comment\",\"target\":[\"https:\/\/blog.ccc.eu\/hu\/stilusos-klumpak-a-nyari-szezonra\/#respond\"]}]},{\"@type\":\"WebPage\",\"@id\":\"https:\/\/blog.ccc.eu\/hu\/stilusos-klumpak-a-nyari-szezonra\/\",\"url\":\"https:\/\/blog.ccc.eu\/hu\/stilusos-klumpak-a-nyari-szezonra\/\",\"name\":\"St\u00edlusos klump\u00e1k a ny\u00e1ri szezonra\u00a0 - CCC Fashion blog\",\"isPartOf\":{\"@id\":\"https:\/\/blog.ccc.eu\/hu\/#website\"},\"primaryImageOfPage\":{\"@id\":\"https:\/\/blog.ccc.eu\/hu\/stilusos-klumpak-a-nyari-szezonra\/#primaryimage\"},\"image\":{\"@id\":\"https:\/\/blog.ccc.eu\/hu\/stilusos-klumpak-a-nyari-szezonra\/#primaryimage\"},\"thumbnailUrl\":\"https:\/\/blog.ccc.eu\/hu\/wp-content\/uploads\/2025\/04\/ccc_5904248749866_02i-683x1024-1.jpg\",\"datePublished\":\"2025-04-08T13:49:39+00:00\",\"dateModified\":\"2025-04-08T13:49:40+00:00\",\"breadcrumb\":{\"@id\":\"https:\/\/blog.ccc.eu\/hu\/stilusos-klumpak-a-nyari-szezonra\/#breadcrumb\"},\"inLanguage\":\"hu\",\"potentialAction\":[{\"@type\":\"ReadAction\",\"target\":[\"https:\/\/blog.ccc.eu\/hu\/stilusos-klumpak-a-nyari-szezonra\/\"]}]},{\"@type\":\"ImageObject\",\"inLanguage\":\"hu\",\"@id\":\"https:\/\/blog.ccc.eu\/hu\/stilusos-klumpak-a-nyari-szezonra\/#primaryimage\",\"url\":\"https:\/\/blog.ccc.eu\/hu\/wp-content\/uploads\/2025\/04\/ccc_5904248749866_02i-683x1024-1.jpg\",\"contentUrl\":\"https:\/\/blog.ccc.eu\/hu\/wp-content\/uploads\/2025\/04\/ccc_5904248749866_02i-683x1024-1.jpg\",\"width\":683,\"height\":1024},{\"@type\":\"BreadcrumbList\",\"@id\":\"https:\/\/blog.ccc.eu\/hu\/stilusos-klumpak-a-nyari-szezonra\/#breadcrumb\",\"itemListElement\":[{\"@type\":\"ListItem\",\"position\":1,\"name\":\"Strona g\u0142\u00f3wna\",\"item\":\"https:\/\/blog.ccc.eu\/hu\/\"},{\"@type\":\"ListItem\",\"position\":2,\"name\":\"St\u00edlusos klump\u00e1k a ny\u00e1ri szezonra\u00a0\"}]},{\"@type\":\"WebSite\",\"@id\":\"https:\/\/blog.ccc.eu\/hu\/#website\",\"url\":\"https:\/\/blog.ccc.eu\/hu\/\",\"name\":\"CCC Fashion blog\",\"description\":\"Az \u00d6n helye tele van divatihletekkel\",\"publisher\":{\"@id\":\"https:\/\/blog.ccc.eu\/hu\/#organization\"},\"potentialAction\":[{\"@type\":\"SearchAction\",\"target\":{\"@type\":\"EntryPoint\",\"urlTemplate\":\"https:\/\/blog.ccc.eu\/hu\/?s={search_term_string}\"},\"query-input\":{\"@type\":\"PropertyValueSpecification\",\"valueRequired\":true,\"valueName\":\"search_term_string\"}}],\"inLanguage\":\"hu\"},{\"@type\":\"Organization\",\"@id\":\"https:\/\/blog.ccc.eu\/hu\/#organization\",\"name\":\"CCC S.A.\",\"url\":\"https:\/\/blog.ccc.eu\/hu\/\",\"logo\":{\"@type\":\"ImageObject\",\"inLanguage\":\"hu\",\"@id\":\"https:\/\/blog.ccc.eu\/hu\/#\/schema\/logo\/image\/\",\"url\":\"https:\/\/blog.ccc.eu\/hu\/wp-content\/uploads\/2021\/11\/logo_ccc.png\",\"contentUrl\":\"https:\/\/blog.ccc.eu\/hu\/wp-content\/uploads\/2021\/11\/logo_ccc.png\",\"width\":730,\"height\":270,\"caption\":\"CCC S.A.\"},\"image\":{\"@id\":\"https:\/\/blog.ccc.eu\/hu\/#\/schema\/logo\/image\/\"}},{\"@type\":\"Person\",\"@id\":\"https:\/\/blog.ccc.eu\/hu\/#\/schema\/person\/b37d4e58a15b8cc6b1339218cfeb7c10\",\"name\":\"Beatrix Korosi\",\"image\":{\"@type\":\"ImageObject\",\"inLanguage\":\"hu\",\"@id\":\"https:\/\/blog.ccc.eu\/hu\/#\/schema\/person\/image\/\",\"url\":\"https:\/\/blog.ccc.eu\/hu\/wp-content\/uploads\/2022\/11\/Bea-150x150.jpg\",\"contentUrl\":\"https:\/\/blog.ccc.eu\/hu\/wp-content\/uploads\/2022\/11\/Bea-150x150.jpg\",\"caption\":\"Beatrix Korosi\"},\"url\":\"https:\/\/blog.ccc.eu\/hu\/author\/beatrix-korosi\/\"}]}<\/script>\n<!-- \/ Yoast SEO plugin. -->","yoast_head_json":{"title":"St\u00edlusos klump\u00e1k a ny\u00e1ri szezonra\u00a0 - CCC Fashion blog","description":"2026","robots":{"index":"index","follow":"follow","max-snippet":"max-snippet:-1","max-image-preview":"max-image-preview:large","max-video-preview":"max-video-preview:-1"},"canonical":"https:\/\/blog.ccc.eu\/hu\/stilusos-klumpak-a-nyari-szezonra\/","og_locale":"hu_HU","og_type":"article","og_title":"St\u00edlusos klump\u00e1k a ny\u00e1ri szezonra\u00a0 - CCC Fashion blog","og_description":"A klump\u00e1k m\u00e1r a 2000-es \u00e9vek \u00f3ta rendk\u00edv\u00fcl n\u00e9pszer\u0171ek. A tervez\u0151k a klasszikus modellek mellett extravag\u00e1nsabb darabokkal is k\u00e9sz\u00fcltek az idei szezonra. L\u00e1togass el a CCC-be \u00e9s tal\u00e1ld meg \u00e1lmaid papucs\u00e1t!&nbsp; A klump\u00e1k nem csak f\u00e1b\u00f3l k\u00e9sz\u00fclhetnek&nbsp; A klump\u00e1k&nbsp;nem csak f\u00e1b\u00f3l k\u00e9sz\u00fclhetnek. A legk\u00e9nyelmesebb \u00e9s legtrendibb darabokat a Crocs m\u00e1rka k\u00edn\u00e1lat\u00e1ban tal\u00e1ljuk meg. Ezek a [&hellip;]","og_url":"https:\/\/blog.ccc.eu\/hu\/stilusos-klumpak-a-nyari-szezonra\/","og_site_name":"CCC Fashion blog","article_published_time":"2025-04-08T13:49:39+00:00","article_modified_time":"2025-04-08T13:49:40+00:00","og_image":[{"width":683,"height":1024,"url":"https:\/\/blog.ccc.eu\/hu\/wp-content\/uploads\/2025\/04\/ccc_5904248749866_02i-683x1024-1.jpg","type":"image\/jpeg"}],"author":"Beatrix Korosi","twitter_card":"summary_large_image","twitter_misc":{"Szerz\u0151:":"Beatrix Korosi","Becs\u00fclt olvas\u00e1si id\u0151":"1 perc"},"schema":{"@context":"https:\/\/schema.org","@graph":[{"@type":"Article","@id":"https:\/\/blog.ccc.eu\/hu\/stilusos-klumpak-a-nyari-szezonra\/#article","isPartOf":{"@id":"https:\/\/blog.ccc.eu\/hu\/stilusos-klumpak-a-nyari-szezonra\/"},"author":{"name":"Beatrix Korosi","@id":"https:\/\/blog.ccc.eu\/hu\/#\/schema\/person\/b37d4e58a15b8cc6b1339218cfeb7c10"},"headline":"St\u00edlusos klump\u00e1k a ny\u00e1ri szezonra\u00a0","datePublished":"2025-04-08T13:49:39+00:00","dateModified":"2025-04-08T13:49:40+00:00","mainEntityOfPage":{"@id":"https:\/\/blog.ccc.eu\/hu\/stilusos-klumpak-a-nyari-szezonra\/"},"wordCount":261,"commentCount":0,"publisher":{"@id":"https:\/\/blog.ccc.eu\/hu\/#organization"},"image":{"@id":"https:\/\/blog.ccc.eu\/hu\/stilusos-klumpak-a-nyari-szezonra\/#primaryimage"},"thumbnailUrl":"https:\/\/blog.ccc.eu\/hu\/wp-content\/uploads\/2025\/04\/ccc_5904248749866_02i-683x1024-1.jpg","keywords":["CCC","Klump\u00e1k","papucsok","trendek"],"articleSection":["TRENDEK"],"inLanguage":"hu","potentialAction":[{"@type":"CommentAction","name":"Comment","target":["https:\/\/blog.ccc.eu\/hu\/stilusos-klumpak-a-nyari-szezonra\/#respond"]}]},{"@type":"WebPage","@id":"https:\/\/blog.ccc.eu\/hu\/stilusos-klumpak-a-nyari-szezonra\/","url":"https:\/\/blog.ccc.eu\/hu\/stilusos-klumpak-a-nyari-szezonra\/","name":"St\u00edlusos klump\u00e1k a ny\u00e1ri szezonra\u00a0 - CCC Fashion blog","isPartOf":{"@id":"https:\/\/blog.ccc.eu\/hu\/#website"},"primaryImageOfPage":{"@id":"https:\/\/blog.ccc.eu\/hu\/stilusos-klumpak-a-nyari-szezonra\/#primaryimage"},"image":{"@id":"https:\/\/blog.ccc.eu\/hu\/stilusos-klumpak-a-nyari-szezonra\/#primaryimage"},"thumbnailUrl":"https:\/\/blog.ccc.eu\/hu\/wp-content\/uploads\/2025\/04\/ccc_5904248749866_02i-683x1024-1.jpg","datePublished":"2025-04-08T13:49:39+00:00","dateModified":"2025-04-08T13:49:40+00:00","breadcrumb":{"@id":"https:\/\/blog.ccc.eu\/hu\/stilusos-klumpak-a-nyari-szezonra\/#breadcrumb"},"inLanguage":"hu","potentialAction":[{"@type":"ReadAction","target":["https:\/\/blog.ccc.eu\/hu\/stilusos-klumpak-a-nyari-szezonra\/"]}]},{"@type":"ImageObject","inLanguage":"hu","@id":"https:\/\/blog.ccc.eu\/hu\/stilusos-klumpak-a-nyari-szezonra\/#primaryimage","url":"https:\/\/blog.ccc.eu\/hu\/wp-content\/uploads\/2025\/04\/ccc_5904248749866_02i-683x1024-1.jpg","contentUrl":"https:\/\/blog.ccc.eu\/hu\/wp-content\/uploads\/2025\/04\/ccc_5904248749866_02i-683x1024-1.jpg","width":683,"height":1024},{"@type":"BreadcrumbList","@id":"https:\/\/blog.ccc.eu\/hu\/stilusos-klumpak-a-nyari-szezonra\/#breadcrumb","itemListElement":[{"@type":"ListItem","position":1,"name":"Strona g\u0142\u00f3wna","item":"https:\/\/blog.ccc.eu\/hu\/"},{"@type":"ListItem","position":2,"name":"St\u00edlusos klump\u00e1k a ny\u00e1ri szezonra\u00a0"}]},{"@type":"WebSite","@id":"https:\/\/blog.ccc.eu\/hu\/#website","url":"https:\/\/blog.ccc.eu\/hu\/","name":"CCC Fashion blog","description":"Az \u00d6n helye tele van divatihletekkel","publisher":{"@id":"https:\/\/blog.ccc.eu\/hu\/#organization"},"potentialAction":[{"@type":"SearchAction","target":{"@type":"EntryPoint","urlTemplate":"https:\/\/blog.ccc.eu\/hu\/?s={search_term_string}"},"query-input":{"@type":"PropertyValueSpecification","valueRequired":true,"valueName":"search_term_string"}}],"inLanguage":"hu"},{"@type":"Organization","@id":"https:\/\/blog.ccc.eu\/hu\/#organization","name":"CCC S.A.","url":"https:\/\/blog.ccc.eu\/hu\/","logo":{"@type":"ImageObject","inLanguage":"hu","@id":"https:\/\/blog.ccc.eu\/hu\/#\/schema\/logo\/image\/","url":"https:\/\/blog.ccc.eu\/hu\/wp-content\/uploads\/2021\/11\/logo_ccc.png","contentUrl":"https:\/\/blog.ccc.eu\/hu\/wp-content\/uploads\/2021\/11\/logo_ccc.png","width":730,"height":270,"caption":"CCC S.A."},"image":{"@id":"https:\/\/blog.ccc.eu\/hu\/#\/schema\/logo\/image\/"}},{"@type":"Person","@id":"https:\/\/blog.ccc.eu\/hu\/#\/schema\/person\/b37d4e58a15b8cc6b1339218cfeb7c10","name":"Beatrix Korosi","image":{"@type":"ImageObject","inLanguage":"hu","@id":"https:\/\/blog.ccc.eu\/hu\/#\/schema\/person\/image\/","url":"https:\/\/blog.ccc.eu\/hu\/wp-content\/uploads\/2022\/11\/Bea-150x150.jpg","contentUrl":"https:\/\/blog.ccc.eu\/hu\/wp-content\/uploads\/2022\/11\/Bea-150x150.jpg","caption":"Beatrix Korosi"},"url":"https:\/\/blog.ccc.eu\/hu\/author\/beatrix-korosi\/"}]}},"_links":{"self":[{"href":"https:\/\/blog.ccc.eu\/hu\/wp-json\/wp\/v2\/posts\/10866","targetHints":{"allow":["GET"]}}],"collection":[{"href":"https:\/\/blog.ccc.eu\/hu\/wp-json\/wp\/v2\/posts"}],"about":[{"href":"https:\/\/blog.ccc.eu\/hu\/wp-json\/wp\/v2\/types\/post"}],"author":[{"embeddable":true,"href":"https:\/\/blog.ccc.eu\/hu\/wp-json\/wp\/v2\/users\/22"}],"replies":[{"embeddable":true,"href":"https:\/\/blog.ccc.eu\/hu\/wp-json\/wp\/v2\/comments?post=10866"}],"version-history":[{"count":2,"href":"https:\/\/blog.ccc.eu\/hu\/wp-json\/wp\/v2\/posts\/10866\/revisions"}],"predecessor-version":[{"id":10874,"href":"https:\/\/blog.ccc.eu\/hu\/wp-json\/wp\/v2\/posts\/10866\/revisions\/10874"}],"wp:featuredmedia":[{"embeddable":true,"href":"https:\/\/blog.ccc.eu\/hu\/wp-json\/wp\/v2\/media\/10868"}],"wp:attachment":[{"href":"https:\/\/blog.ccc.eu\/hu\/wp-json\/wp\/v2\/media?parent=10866"}],"wp:term":[{"taxonomy":"category","embeddable":true,"href":"https:\/\/blog.ccc.eu\/hu\/wp-json\/wp\/v2\/categories?post=10866"},{"taxonomy":"post_tag","embeddable":true,"href":"https:\/\/blog.ccc.eu\/hu\/wp-json\/wp\/v2\/tags?post=10866"}],"curies":[{"name":"wp","href":"https:\/\/api.w.org\/{rel}","templated":true}]}}