{"id":10894,"date":"2025-04-24T15:40:40","date_gmt":"2025-04-24T13:40:40","guid":{"rendered":"https:\/\/blog.ccc.eu\/hu\/?p=10894"},"modified":"2025-04-24T15:40:40","modified_gmt":"2025-04-24T13:40:40","slug":"trendi-balerina-cipo-lanyoknak","status":"publish","type":"post","link":"https:\/\/blog.ccc.eu\/hu\/trendi-balerina-cipo-lanyoknak\/","title":{"rendered":"Trendi balerina cip\u0151 l\u00e1nyoknak"},"content":{"rendered":"\n<p><b>Balerina cip\u0151t keresel gyermeked sz\u00e1m\u00e1ra? Tekintsd meg javaslatainkat, hogy mely modellek \u00f6tv\u00f6zik a min\u0151s\u00e9gi kivitelez\u00e9st a k\u00e9nyelemmel \u00e9s nem utols\u00f3 sorban j\u00f3l is n\u00e9znek ki! N\u00e9zd meg az \u00fczletekben \u00e9s online tal\u00e1lhat\u00f3 balerin\u00e1k sz\u00e9les v\u00e1laszt\u00e9k\u00e1t, \u00e9s v\u00e1laszd ki a t\u00f6k\u00e9letes p\u00e1rat gyermeked sz\u00e1m\u00e1ra.&nbsp;<\/b><\/p>\n\n\n\n<figure class=\"wp-block-gallery has-nested-images columns-default is-cropped wp-block-gallery-1 is-layout-flex wp-block-gallery-is-layout-flex\">\n<figure class=\"wp-block-image size-large\"><img loading=\"lazy\" decoding=\"async\" width=\"683\" height=\"1024\" data-id=\"10897\" src=\"https:\/\/blog.ccc.eu\/hu\/wp-content\/uploads\/2025\/04\/CCC_5903698329826_02-683x1024.jpg\" alt=\"\" class=\"wp-image-10897\" srcset=\"https:\/\/blog.ccc.eu\/hu\/wp-content\/uploads\/2025\/04\/CCC_5903698329826_02-683x1024.jpg 683w, https:\/\/blog.ccc.eu\/hu\/wp-content\/uploads\/2025\/04\/CCC_5903698329826_02-200x300.jpg 200w, https:\/\/blog.ccc.eu\/hu\/wp-content\/uploads\/2025\/04\/CCC_5903698329826_02-768x1152.jpg 768w, https:\/\/blog.ccc.eu\/hu\/wp-content\/uploads\/2025\/04\/CCC_5903698329826_02-100x150.jpg 100w, https:\/\/blog.ccc.eu\/hu\/wp-content\/uploads\/2025\/04\/CCC_5903698329826_02.jpg 876w\" sizes=\"auto, (max-width: 683px) 100vw, 683px\" \/><\/figure>\n\n\n\n<figure class=\"wp-block-image size-large\"><img loading=\"lazy\" decoding=\"async\" width=\"683\" height=\"1024\" data-id=\"10898\" src=\"https:\/\/blog.ccc.eu\/hu\/wp-content\/uploads\/2025\/04\/CCC_5903698329826_04-683x1024.jpg\" alt=\"\" class=\"wp-image-10898\" srcset=\"https:\/\/blog.ccc.eu\/hu\/wp-content\/uploads\/2025\/04\/CCC_5903698329826_04-683x1024.jpg 683w, https:\/\/blog.ccc.eu\/hu\/wp-content\/uploads\/2025\/04\/CCC_5903698329826_04-200x300.jpg 200w, https:\/\/blog.ccc.eu\/hu\/wp-content\/uploads\/2025\/04\/CCC_5903698329826_04-768x1152.jpg 768w, https:\/\/blog.ccc.eu\/hu\/wp-content\/uploads\/2025\/04\/CCC_5903698329826_04-100x150.jpg 100w, https:\/\/blog.ccc.eu\/hu\/wp-content\/uploads\/2025\/04\/CCC_5903698329826_04.jpg 876w\" sizes=\"auto, (max-width: 683px) 100vw, 683px\" \/><\/figure>\n<\/figure>\n\n\n\n<h2 class=\"wp-block-heading\">St\u00edlusos balerina cip\u0151k l\u00e1nyoknak\u00a0<\/h2>\n\n\n\n<p>A leggyakrabban v\u00e1s\u00e1rolt gyermekcip\u0151k k\u00f6z\u00e9 tartoznak a l\u00e1ny balerin\u00e1k. Minek k\u00f6sz\u00f6nhetik n\u00e9pszer\u0171s\u00e9g\u00fcket? A sokoldal\u00fas\u00e1guknak. Ezek a modellek tavasszal \u00e9s ny\u00e1ron t\u00f6k\u00e9letesen m\u0171k\u00f6dnek h\u00e9tk\u00f6znapi cip\u0151k\u00e9nt. Ilyenkor \u00e9rdemes olyan darabot v\u00e1lasztani, amelynek fels\u0151r\u00e9sze l\u00e9g\u00e1tereszt\u0151 anyagb\u00f3l vagy term\u00e9szetes b\u0151rb\u0151l k\u00e9sz\u00fclt, hogy a gyermekek l\u00e1ba ne izzadjon ezekben a cip\u0151kben.&nbsp;<\/p>\n\n\n\n<p>\u0150sszel \u00e9s t\u00e9len se tegy\u00fck a szekr\u00e9ny m\u00e9ly\u00e9re ezeket a l\u00e1bbeliket! Ebben az id\u0151szakban \u00f3vodai vagy iskolai v\u00e1lt\u00f3cip\u0151k\u00e9nt haszn\u00e1lhatj\u00e1k a gyerekek. Itt \u00e9rdemes cs\u00fasz\u00e1smentes talppal ell\u00e1tott cip\u0151t v\u00e1lasztani, ami biztons\u00e1got ny\u00fajt a folyos\u00f3kon val\u00f3 j\u00e1r\u00e1s \u00e9s futk\u00e1roz\u00e1s k\u00f6zben.\u00a0<\/p>\n\n\n\n<figure class=\"wp-block-gallery has-nested-images columns-default is-cropped wp-block-gallery-2 is-layout-flex wp-block-gallery-is-layout-flex\">\n<figure class=\"wp-block-image size-large\"><img loading=\"lazy\" decoding=\"async\" width=\"683\" height=\"1024\" data-id=\"10899\" src=\"https:\/\/blog.ccc.eu\/hu\/wp-content\/uploads\/2025\/04\/CCC_5903419924972_05-683x1024.jpg\" alt=\"\" class=\"wp-image-10899\" srcset=\"https:\/\/blog.ccc.eu\/hu\/wp-content\/uploads\/2025\/04\/CCC_5903419924972_05-683x1024.jpg 683w, https:\/\/blog.ccc.eu\/hu\/wp-content\/uploads\/2025\/04\/CCC_5903419924972_05-200x300.jpg 200w, https:\/\/blog.ccc.eu\/hu\/wp-content\/uploads\/2025\/04\/CCC_5903419924972_05-768x1152.jpg 768w, https:\/\/blog.ccc.eu\/hu\/wp-content\/uploads\/2025\/04\/CCC_5903419924972_05-100x150.jpg 100w, https:\/\/blog.ccc.eu\/hu\/wp-content\/uploads\/2025\/04\/CCC_5903419924972_05.jpg 876w\" sizes=\"auto, (max-width: 683px) 100vw, 683px\" \/><\/figure>\n\n\n\n<figure class=\"wp-block-image size-large\"><img loading=\"lazy\" decoding=\"async\" width=\"683\" height=\"1024\" data-id=\"10900\" src=\"https:\/\/blog.ccc.eu\/hu\/wp-content\/uploads\/2025\/04\/CCC_5903698175515_05-683x1024.jpg\" alt=\"\" class=\"wp-image-10900\" srcset=\"https:\/\/blog.ccc.eu\/hu\/wp-content\/uploads\/2025\/04\/CCC_5903698175515_05-683x1024.jpg 683w, https:\/\/blog.ccc.eu\/hu\/wp-content\/uploads\/2025\/04\/CCC_5903698175515_05-200x300.jpg 200w, https:\/\/blog.ccc.eu\/hu\/wp-content\/uploads\/2025\/04\/CCC_5903698175515_05-768x1152.jpg 768w, https:\/\/blog.ccc.eu\/hu\/wp-content\/uploads\/2025\/04\/CCC_5903698175515_05-100x150.jpg 100w, https:\/\/blog.ccc.eu\/hu\/wp-content\/uploads\/2025\/04\/CCC_5903698175515_05.jpg 876w\" sizes=\"auto, (max-width: 683px) 100vw, 683px\" \/><\/figure>\n<\/figure>\n\n\n\n<h2 class=\"wp-block-heading\">B\u0151r balerina l\u00e1bbelik l\u00e1nyoknak\u00a0<\/h2>\n\n\n\n<p>Ezek a cip\u0151k nemcsak eleg\u00e1ns megjelen\u00e9s\u00fckr\u0151l, hanem mindenekel\u0151tt kiv\u00e1l\u00f3 min\u0151s\u00e9g\u00fckr\u0151l \u00e9s k\u00e9nyelmes viselet\u00fckr\u0151l h\u00edresek. Rugalmas anyagb\u00f3l k\u00e9sz\u00fclnek, \u00edgy t\u00f6k\u00e9letesen alkalmazkodnak a gyermek l\u00e1b\u00e1nak alakj\u00e1hoz, ami jelent\u0151sen cs\u00f6kkenti a kid\u00f6rzs\u00f6l\u0151d\u00e9s kock\u00e1zat\u00e1t.\u00a0<\/p>\n\n\n\n<p>Anyag\u00e1nak k\u00f6sz\u00f6nhet\u0151en ezek a darabok nagyon tart\u00f3sak, \u00edgy, ha a gyerk\u0151c\u00f6k hajlamosak gyorsan t\u00f6nkre tenni a cip\u0151iket, akkor ez a modell lesz a legjobb v\u00e1laszt\u00e1s.&nbsp;<\/p>\n\n\n\n<figure class=\"wp-block-gallery has-nested-images columns-default is-cropped wp-block-gallery-3 is-layout-flex wp-block-gallery-is-layout-flex\">\n<figure class=\"wp-block-image size-large\"><img loading=\"lazy\" decoding=\"async\" width=\"683\" height=\"1024\" data-id=\"10903\" src=\"https:\/\/blog.ccc.eu\/hu\/wp-content\/uploads\/2025\/04\/CCC_5905588323372_02K-1-683x1024.jpg\" alt=\"\" class=\"wp-image-10903\" srcset=\"https:\/\/blog.ccc.eu\/hu\/wp-content\/uploads\/2025\/04\/CCC_5905588323372_02K-1-683x1024.jpg 683w, https:\/\/blog.ccc.eu\/hu\/wp-content\/uploads\/2025\/04\/CCC_5905588323372_02K-1-200x300.jpg 200w, https:\/\/blog.ccc.eu\/hu\/wp-content\/uploads\/2025\/04\/CCC_5905588323372_02K-1-768x1152.jpg 768w, https:\/\/blog.ccc.eu\/hu\/wp-content\/uploads\/2025\/04\/CCC_5905588323372_02K-1-100x150.jpg 100w, https:\/\/blog.ccc.eu\/hu\/wp-content\/uploads\/2025\/04\/CCC_5905588323372_02K-1.jpg 876w\" sizes=\"auto, (max-width: 683px) 100vw, 683px\" \/><\/figure>\n\n\n\n<figure class=\"wp-block-image size-large\"><img loading=\"lazy\" decoding=\"async\" width=\"683\" height=\"1024\" data-id=\"10904\" src=\"https:\/\/blog.ccc.eu\/hu\/wp-content\/uploads\/2025\/04\/CCC_5905588323372_04-1-683x1024.jpg\" alt=\"\" class=\"wp-image-10904\" srcset=\"https:\/\/blog.ccc.eu\/hu\/wp-content\/uploads\/2025\/04\/CCC_5905588323372_04-1-683x1024.jpg 683w, https:\/\/blog.ccc.eu\/hu\/wp-content\/uploads\/2025\/04\/CCC_5905588323372_04-1-200x300.jpg 200w, https:\/\/blog.ccc.eu\/hu\/wp-content\/uploads\/2025\/04\/CCC_5905588323372_04-1-768x1152.jpg 768w, https:\/\/blog.ccc.eu\/hu\/wp-content\/uploads\/2025\/04\/CCC_5905588323372_04-1-100x150.jpg 100w, https:\/\/blog.ccc.eu\/hu\/wp-content\/uploads\/2025\/04\/CCC_5905588323372_04-1.jpg 876w\" sizes=\"auto, (max-width: 683px) 100vw, 683px\" \/><\/figure>\n<\/figure>\n\n\n\n<p>Tal\u00e1ld meg gyermeked sz\u00e1m\u00e1ra a t\u00f6k\u00e9letes balerina cip\u0151t <a href=\"https:\/\/ccc.eu\/hu\/sklepy\" target=\"_blank\" rel=\"noreferrer noopener\">CCC \u00fczleteinkben<\/a>, <a href=\"https:\/\/ccc.eu\/hu\/\" target=\"_blank\" rel=\"noreferrer noopener\">webshopunkban<\/a>, \u00e9s az <a href=\"https:\/\/ccc.eu\/hu\/mobile-app\" target=\"_blank\" rel=\"noreferrer noopener\">alkalmaz\u00e1sban<\/a>. Legy\u00e9l <a href=\"https:\/\/ccc.eu\/hu\/klub-ccc\" target=\"_blank\" rel=\"noreferrer noopener\">CCC klubtag<\/a> is, \u00e9s \u00e9lvezd a k\u00e9nyelmes \u00e9s kedvezm\u00e9nyes v\u00e1s\u00e1rl\u00e1si lehet\u0151s\u00e9geket! K\u00f6vesd vel\u00fcnk a divatot <a href=\"https:\/\/www.facebook.com\/CCC.Hungary\/\" target=\"_blank\" rel=\"noreferrer noopener\">Facebookon,<\/a> \u00e9s inspir\u00e1l\u00f3dj vel\u00fcnk az <a href=\"https:\/\/www.instagram.com\/cccshoesbags\/\" target=\"_blank\" rel=\"noreferrer noopener\">Instagramon<\/a> is!&nbsp;&nbsp;&nbsp;<\/p>\n","protected":false},"excerpt":{"rendered":"<p>Balerina cip\u0151t keresel gyermeked sz\u00e1m\u00e1ra? Tekintsd meg javaslatainkat, hogy mely modellek \u00f6tv\u00f6zik a min\u0151s\u00e9gi kivitelez\u00e9st a k\u00e9nyelemmel \u00e9s nem utols\u00f3 sorban j\u00f3l is n\u00e9znek ki! N\u00e9zd meg az \u00fczletekben \u00e9s online tal\u00e1lhat\u00f3 balerin\u00e1k sz\u00e9les v\u00e1laszt\u00e9k\u00e1t, \u00e9s v\u00e1laszd ki a t\u00f6k\u00e9letes p\u00e1rat gyermeked sz\u00e1m\u00e1ra.&nbsp; St\u00edlusos balerina cip\u0151k l\u00e1nyoknak\u00a0 A leggyakrabban v\u00e1s\u00e1rolt gyermekcip\u0151k k\u00f6z\u00e9 tartoznak a l\u00e1ny [&hellip;]<\/p>\n","protected":false},"author":22,"featured_media":10904,"comment_status":"open","ping_status":"open","sticky":false,"template":"","format":"standard","meta":{"_acf_changed":false,"footnotes":""},"categories":[6],"tags":[1055,560,1231,786],"class_list":["post-10894","post","type-post","status-publish","format-standard","has-post-thumbnail","hentry","category-trendek","tag-balerina-cipok","tag-ccc","tag-lany-cipok","tag-trendek"],"acf":[],"yoast_head":"<!-- This site is optimized with the Yoast SEO plugin v26.9 - https:\/\/yoast.com\/product\/yoast-seo-wordpress\/ -->\n<title>Trendi balerina cip\u0151 l\u00e1nyoknak - CCC Fashion blog<\/title>\n<meta name=\"description\" content=\"2026\" \/>\n<meta name=\"robots\" content=\"index, follow, max-snippet:-1, max-image-preview:large, max-video-preview:-1\" \/>\n<link rel=\"canonical\" href=\"https:\/\/blog.ccc.eu\/hu\/trendi-balerina-cipo-lanyoknak\/\" \/>\n<meta property=\"og:locale\" content=\"hu_HU\" \/>\n<meta property=\"og:type\" content=\"article\" \/>\n<meta property=\"og:title\" content=\"Trendi balerina cip\u0151 l\u00e1nyoknak - CCC Fashion blog\" \/>\n<meta property=\"og:description\" content=\"Balerina cip\u0151t keresel gyermeked sz\u00e1m\u00e1ra? Tekintsd meg javaslatainkat, hogy mely modellek \u00f6tv\u00f6zik a min\u0151s\u00e9gi kivitelez\u00e9st a k\u00e9nyelemmel \u00e9s nem utols\u00f3 sorban j\u00f3l is n\u00e9znek ki! N\u00e9zd meg az \u00fczletekben \u00e9s online tal\u00e1lhat\u00f3 balerin\u00e1k sz\u00e9les v\u00e1laszt\u00e9k\u00e1t, \u00e9s v\u00e1laszd ki a t\u00f6k\u00e9letes p\u00e1rat gyermeked sz\u00e1m\u00e1ra.&nbsp; St\u00edlusos balerina cip\u0151k l\u00e1nyoknak\u00a0 A leggyakrabban v\u00e1s\u00e1rolt gyermekcip\u0151k k\u00f6z\u00e9 tartoznak a l\u00e1ny [&hellip;]\" \/>\n<meta property=\"og:url\" content=\"https:\/\/blog.ccc.eu\/hu\/trendi-balerina-cipo-lanyoknak\/\" \/>\n<meta property=\"og:site_name\" content=\"CCC Fashion blog\" \/>\n<meta property=\"article:published_time\" content=\"2025-04-24T13:40:40+00:00\" \/>\n<meta property=\"og:image\" content=\"https:\/\/blog.ccc.eu\/hu\/wp-content\/uploads\/2025\/04\/CCC_5905588323372_04-1.jpg\" \/>\n\t<meta property=\"og:image:width\" content=\"876\" \/>\n\t<meta property=\"og:image:height\" content=\"1314\" \/>\n\t<meta property=\"og:image:type\" content=\"image\/jpeg\" \/>\n<meta name=\"author\" content=\"Beatrix Korosi\" \/>\n<meta name=\"twitter:card\" content=\"summary_large_image\" \/>\n<meta name=\"twitter:label1\" content=\"Szerz\u0151:\" \/>\n\t<meta name=\"twitter:data1\" content=\"Beatrix Korosi\" \/>\n\t<meta name=\"twitter:label2\" content=\"Becs\u00fclt olvas\u00e1si id\u0151\" \/>\n\t<meta name=\"twitter:data2\" content=\"2 perc\" \/>\n<script type=\"application\/ld+json\" class=\"yoast-schema-graph\">{\"@context\":\"https:\/\/schema.org\",\"@graph\":[{\"@type\":\"Article\",\"@id\":\"https:\/\/blog.ccc.eu\/hu\/trendi-balerina-cipo-lanyoknak\/#article\",\"isPartOf\":{\"@id\":\"https:\/\/blog.ccc.eu\/hu\/trendi-balerina-cipo-lanyoknak\/\"},\"author\":{\"name\":\"Beatrix Korosi\",\"@id\":\"https:\/\/blog.ccc.eu\/hu\/#\/schema\/person\/b37d4e58a15b8cc6b1339218cfeb7c10\"},\"headline\":\"Trendi balerina cip\u0151 l\u00e1nyoknak\",\"datePublished\":\"2025-04-24T13:40:40+00:00\",\"mainEntityOfPage\":{\"@id\":\"https:\/\/blog.ccc.eu\/hu\/trendi-balerina-cipo-lanyoknak\/\"},\"wordCount\":391,\"commentCount\":0,\"publisher\":{\"@id\":\"https:\/\/blog.ccc.eu\/hu\/#organization\"},\"image\":{\"@id\":\"https:\/\/blog.ccc.eu\/hu\/trendi-balerina-cipo-lanyoknak\/#primaryimage\"},\"thumbnailUrl\":\"https:\/\/blog.ccc.eu\/hu\/wp-content\/uploads\/2025\/04\/CCC_5905588323372_04-1.jpg\",\"keywords\":[\"balerina cip\u0151k\",\"CCC\",\"L\u00e1ny cip\u0151k\",\"trendek\"],\"articleSection\":[\"TRENDEK\"],\"inLanguage\":\"hu\",\"potentialAction\":[{\"@type\":\"CommentAction\",\"name\":\"Comment\",\"target\":[\"https:\/\/blog.ccc.eu\/hu\/trendi-balerina-cipo-lanyoknak\/#respond\"]}]},{\"@type\":\"WebPage\",\"@id\":\"https:\/\/blog.ccc.eu\/hu\/trendi-balerina-cipo-lanyoknak\/\",\"url\":\"https:\/\/blog.ccc.eu\/hu\/trendi-balerina-cipo-lanyoknak\/\",\"name\":\"Trendi balerina cip\u0151 l\u00e1nyoknak - CCC Fashion blog\",\"isPartOf\":{\"@id\":\"https:\/\/blog.ccc.eu\/hu\/#website\"},\"primaryImageOfPage\":{\"@id\":\"https:\/\/blog.ccc.eu\/hu\/trendi-balerina-cipo-lanyoknak\/#primaryimage\"},\"image\":{\"@id\":\"https:\/\/blog.ccc.eu\/hu\/trendi-balerina-cipo-lanyoknak\/#primaryimage\"},\"thumbnailUrl\":\"https:\/\/blog.ccc.eu\/hu\/wp-content\/uploads\/2025\/04\/CCC_5905588323372_04-1.jpg\",\"datePublished\":\"2025-04-24T13:40:40+00:00\",\"breadcrumb\":{\"@id\":\"https:\/\/blog.ccc.eu\/hu\/trendi-balerina-cipo-lanyoknak\/#breadcrumb\"},\"inLanguage\":\"hu\",\"potentialAction\":[{\"@type\":\"ReadAction\",\"target\":[\"https:\/\/blog.ccc.eu\/hu\/trendi-balerina-cipo-lanyoknak\/\"]}]},{\"@type\":\"ImageObject\",\"inLanguage\":\"hu\",\"@id\":\"https:\/\/blog.ccc.eu\/hu\/trendi-balerina-cipo-lanyoknak\/#primaryimage\",\"url\":\"https:\/\/blog.ccc.eu\/hu\/wp-content\/uploads\/2025\/04\/CCC_5905588323372_04-1.jpg\",\"contentUrl\":\"https:\/\/blog.ccc.eu\/hu\/wp-content\/uploads\/2025\/04\/CCC_5905588323372_04-1.jpg\",\"width\":876,\"height\":1314},{\"@type\":\"BreadcrumbList\",\"@id\":\"https:\/\/blog.ccc.eu\/hu\/trendi-balerina-cipo-lanyoknak\/#breadcrumb\",\"itemListElement\":[{\"@type\":\"ListItem\",\"position\":1,\"name\":\"Strona g\u0142\u00f3wna\",\"item\":\"https:\/\/blog.ccc.eu\/hu\/\"},{\"@type\":\"ListItem\",\"position\":2,\"name\":\"Trendi balerina cip\u0151 l\u00e1nyoknak\"}]},{\"@type\":\"WebSite\",\"@id\":\"https:\/\/blog.ccc.eu\/hu\/#website\",\"url\":\"https:\/\/blog.ccc.eu\/hu\/\",\"name\":\"CCC Fashion blog\",\"description\":\"Az \u00d6n helye tele van divatihletekkel\",\"publisher\":{\"@id\":\"https:\/\/blog.ccc.eu\/hu\/#organization\"},\"potentialAction\":[{\"@type\":\"SearchAction\",\"target\":{\"@type\":\"EntryPoint\",\"urlTemplate\":\"https:\/\/blog.ccc.eu\/hu\/?s={search_term_string}\"},\"query-input\":{\"@type\":\"PropertyValueSpecification\",\"valueRequired\":true,\"valueName\":\"search_term_string\"}}],\"inLanguage\":\"hu\"},{\"@type\":\"Organization\",\"@id\":\"https:\/\/blog.ccc.eu\/hu\/#organization\",\"name\":\"CCC S.A.\",\"url\":\"https:\/\/blog.ccc.eu\/hu\/\",\"logo\":{\"@type\":\"ImageObject\",\"inLanguage\":\"hu\",\"@id\":\"https:\/\/blog.ccc.eu\/hu\/#\/schema\/logo\/image\/\",\"url\":\"https:\/\/blog.ccc.eu\/hu\/wp-content\/uploads\/2021\/11\/logo_ccc.png\",\"contentUrl\":\"https:\/\/blog.ccc.eu\/hu\/wp-content\/uploads\/2021\/11\/logo_ccc.png\",\"width\":730,\"height\":270,\"caption\":\"CCC S.A.\"},\"image\":{\"@id\":\"https:\/\/blog.ccc.eu\/hu\/#\/schema\/logo\/image\/\"}},{\"@type\":\"Person\",\"@id\":\"https:\/\/blog.ccc.eu\/hu\/#\/schema\/person\/b37d4e58a15b8cc6b1339218cfeb7c10\",\"name\":\"Beatrix Korosi\",\"image\":{\"@type\":\"ImageObject\",\"inLanguage\":\"hu\",\"@id\":\"https:\/\/blog.ccc.eu\/hu\/#\/schema\/person\/image\/\",\"url\":\"https:\/\/blog.ccc.eu\/hu\/wp-content\/uploads\/2022\/11\/Bea-150x150.jpg\",\"contentUrl\":\"https:\/\/blog.ccc.eu\/hu\/wp-content\/uploads\/2022\/11\/Bea-150x150.jpg\",\"caption\":\"Beatrix Korosi\"},\"url\":\"https:\/\/blog.ccc.eu\/hu\/author\/beatrix-korosi\/\"}]}<\/script>\n<!-- \/ Yoast SEO plugin. -->","yoast_head_json":{"title":"Trendi balerina cip\u0151 l\u00e1nyoknak - CCC Fashion blog","description":"2026","robots":{"index":"index","follow":"follow","max-snippet":"max-snippet:-1","max-image-preview":"max-image-preview:large","max-video-preview":"max-video-preview:-1"},"canonical":"https:\/\/blog.ccc.eu\/hu\/trendi-balerina-cipo-lanyoknak\/","og_locale":"hu_HU","og_type":"article","og_title":"Trendi balerina cip\u0151 l\u00e1nyoknak - CCC Fashion blog","og_description":"Balerina cip\u0151t keresel gyermeked sz\u00e1m\u00e1ra? Tekintsd meg javaslatainkat, hogy mely modellek \u00f6tv\u00f6zik a min\u0151s\u00e9gi kivitelez\u00e9st a k\u00e9nyelemmel \u00e9s nem utols\u00f3 sorban j\u00f3l is n\u00e9znek ki! N\u00e9zd meg az \u00fczletekben \u00e9s online tal\u00e1lhat\u00f3 balerin\u00e1k sz\u00e9les v\u00e1laszt\u00e9k\u00e1t, \u00e9s v\u00e1laszd ki a t\u00f6k\u00e9letes p\u00e1rat gyermeked sz\u00e1m\u00e1ra.&nbsp; St\u00edlusos balerina cip\u0151k l\u00e1nyoknak\u00a0 A leggyakrabban v\u00e1s\u00e1rolt gyermekcip\u0151k k\u00f6z\u00e9 tartoznak a l\u00e1ny [&hellip;]","og_url":"https:\/\/blog.ccc.eu\/hu\/trendi-balerina-cipo-lanyoknak\/","og_site_name":"CCC Fashion blog","article_published_time":"2025-04-24T13:40:40+00:00","og_image":[{"width":876,"height":1314,"url":"https:\/\/blog.ccc.eu\/hu\/wp-content\/uploads\/2025\/04\/CCC_5905588323372_04-1.jpg","type":"image\/jpeg"}],"author":"Beatrix Korosi","twitter_card":"summary_large_image","twitter_misc":{"Szerz\u0151:":"Beatrix Korosi","Becs\u00fclt olvas\u00e1si id\u0151":"2 perc"},"schema":{"@context":"https:\/\/schema.org","@graph":[{"@type":"Article","@id":"https:\/\/blog.ccc.eu\/hu\/trendi-balerina-cipo-lanyoknak\/#article","isPartOf":{"@id":"https:\/\/blog.ccc.eu\/hu\/trendi-balerina-cipo-lanyoknak\/"},"author":{"name":"Beatrix Korosi","@id":"https:\/\/blog.ccc.eu\/hu\/#\/schema\/person\/b37d4e58a15b8cc6b1339218cfeb7c10"},"headline":"Trendi balerina cip\u0151 l\u00e1nyoknak","datePublished":"2025-04-24T13:40:40+00:00","mainEntityOfPage":{"@id":"https:\/\/blog.ccc.eu\/hu\/trendi-balerina-cipo-lanyoknak\/"},"wordCount":391,"commentCount":0,"publisher":{"@id":"https:\/\/blog.ccc.eu\/hu\/#organization"},"image":{"@id":"https:\/\/blog.ccc.eu\/hu\/trendi-balerina-cipo-lanyoknak\/#primaryimage"},"thumbnailUrl":"https:\/\/blog.ccc.eu\/hu\/wp-content\/uploads\/2025\/04\/CCC_5905588323372_04-1.jpg","keywords":["balerina cip\u0151k","CCC","L\u00e1ny cip\u0151k","trendek"],"articleSection":["TRENDEK"],"inLanguage":"hu","potentialAction":[{"@type":"CommentAction","name":"Comment","target":["https:\/\/blog.ccc.eu\/hu\/trendi-balerina-cipo-lanyoknak\/#respond"]}]},{"@type":"WebPage","@id":"https:\/\/blog.ccc.eu\/hu\/trendi-balerina-cipo-lanyoknak\/","url":"https:\/\/blog.ccc.eu\/hu\/trendi-balerina-cipo-lanyoknak\/","name":"Trendi balerina cip\u0151 l\u00e1nyoknak - CCC Fashion blog","isPartOf":{"@id":"https:\/\/blog.ccc.eu\/hu\/#website"},"primaryImageOfPage":{"@id":"https:\/\/blog.ccc.eu\/hu\/trendi-balerina-cipo-lanyoknak\/#primaryimage"},"image":{"@id":"https:\/\/blog.ccc.eu\/hu\/trendi-balerina-cipo-lanyoknak\/#primaryimage"},"thumbnailUrl":"https:\/\/blog.ccc.eu\/hu\/wp-content\/uploads\/2025\/04\/CCC_5905588323372_04-1.jpg","datePublished":"2025-04-24T13:40:40+00:00","breadcrumb":{"@id":"https:\/\/blog.ccc.eu\/hu\/trendi-balerina-cipo-lanyoknak\/#breadcrumb"},"inLanguage":"hu","potentialAction":[{"@type":"ReadAction","target":["https:\/\/blog.ccc.eu\/hu\/trendi-balerina-cipo-lanyoknak\/"]}]},{"@type":"ImageObject","inLanguage":"hu","@id":"https:\/\/blog.ccc.eu\/hu\/trendi-balerina-cipo-lanyoknak\/#primaryimage","url":"https:\/\/blog.ccc.eu\/hu\/wp-content\/uploads\/2025\/04\/CCC_5905588323372_04-1.jpg","contentUrl":"https:\/\/blog.ccc.eu\/hu\/wp-content\/uploads\/2025\/04\/CCC_5905588323372_04-1.jpg","width":876,"height":1314},{"@type":"BreadcrumbList","@id":"https:\/\/blog.ccc.eu\/hu\/trendi-balerina-cipo-lanyoknak\/#breadcrumb","itemListElement":[{"@type":"ListItem","position":1,"name":"Strona g\u0142\u00f3wna","item":"https:\/\/blog.ccc.eu\/hu\/"},{"@type":"ListItem","position":2,"name":"Trendi balerina cip\u0151 l\u00e1nyoknak"}]},{"@type":"WebSite","@id":"https:\/\/blog.ccc.eu\/hu\/#website","url":"https:\/\/blog.ccc.eu\/hu\/","name":"CCC Fashion blog","description":"Az \u00d6n helye tele van divatihletekkel","publisher":{"@id":"https:\/\/blog.ccc.eu\/hu\/#organization"},"potentialAction":[{"@type":"SearchAction","target":{"@type":"EntryPoint","urlTemplate":"https:\/\/blog.ccc.eu\/hu\/?s={search_term_string}"},"query-input":{"@type":"PropertyValueSpecification","valueRequired":true,"valueName":"search_term_string"}}],"inLanguage":"hu"},{"@type":"Organization","@id":"https:\/\/blog.ccc.eu\/hu\/#organization","name":"CCC S.A.","url":"https:\/\/blog.ccc.eu\/hu\/","logo":{"@type":"ImageObject","inLanguage":"hu","@id":"https:\/\/blog.ccc.eu\/hu\/#\/schema\/logo\/image\/","url":"https:\/\/blog.ccc.eu\/hu\/wp-content\/uploads\/2021\/11\/logo_ccc.png","contentUrl":"https:\/\/blog.ccc.eu\/hu\/wp-content\/uploads\/2021\/11\/logo_ccc.png","width":730,"height":270,"caption":"CCC S.A."},"image":{"@id":"https:\/\/blog.ccc.eu\/hu\/#\/schema\/logo\/image\/"}},{"@type":"Person","@id":"https:\/\/blog.ccc.eu\/hu\/#\/schema\/person\/b37d4e58a15b8cc6b1339218cfeb7c10","name":"Beatrix Korosi","image":{"@type":"ImageObject","inLanguage":"hu","@id":"https:\/\/blog.ccc.eu\/hu\/#\/schema\/person\/image\/","url":"https:\/\/blog.ccc.eu\/hu\/wp-content\/uploads\/2022\/11\/Bea-150x150.jpg","contentUrl":"https:\/\/blog.ccc.eu\/hu\/wp-content\/uploads\/2022\/11\/Bea-150x150.jpg","caption":"Beatrix Korosi"},"url":"https:\/\/blog.ccc.eu\/hu\/author\/beatrix-korosi\/"}]}},"_links":{"self":[{"href":"https:\/\/blog.ccc.eu\/hu\/wp-json\/wp\/v2\/posts\/10894","targetHints":{"allow":["GET"]}}],"collection":[{"href":"https:\/\/blog.ccc.eu\/hu\/wp-json\/wp\/v2\/posts"}],"about":[{"href":"https:\/\/blog.ccc.eu\/hu\/wp-json\/wp\/v2\/types\/post"}],"author":[{"embeddable":true,"href":"https:\/\/blog.ccc.eu\/hu\/wp-json\/wp\/v2\/users\/22"}],"replies":[{"embeddable":true,"href":"https:\/\/blog.ccc.eu\/hu\/wp-json\/wp\/v2\/comments?post=10894"}],"version-history":[{"count":1,"href":"https:\/\/blog.ccc.eu\/hu\/wp-json\/wp\/v2\/posts\/10894\/revisions"}],"predecessor-version":[{"id":10905,"href":"https:\/\/blog.ccc.eu\/hu\/wp-json\/wp\/v2\/posts\/10894\/revisions\/10905"}],"wp:featuredmedia":[{"embeddable":true,"href":"https:\/\/blog.ccc.eu\/hu\/wp-json\/wp\/v2\/media\/10904"}],"wp:attachment":[{"href":"https:\/\/blog.ccc.eu\/hu\/wp-json\/wp\/v2\/media?parent=10894"}],"wp:term":[{"taxonomy":"category","embeddable":true,"href":"https:\/\/blog.ccc.eu\/hu\/wp-json\/wp\/v2\/categories?post=10894"},{"taxonomy":"post_tag","embeddable":true,"href":"https:\/\/blog.ccc.eu\/hu\/wp-json\/wp\/v2\/tags?post=10894"}],"curies":[{"name":"wp","href":"https:\/\/api.w.org\/{rel}","templated":true}]}}