{"id":10906,"date":"2025-04-25T14:21:08","date_gmt":"2025-04-25T12:21:08","guid":{"rendered":"https:\/\/blog.ccc.eu\/hu\/?p=10906"},"modified":"2025-04-25T14:21:09","modified_gmt":"2025-04-25T12:21:09","slug":"milyen-cipovel-viseljuk-a-bo-nadragokat-ime-a-javaslataink","status":"publish","type":"post","link":"https:\/\/blog.ccc.eu\/hu\/milyen-cipovel-viseljuk-a-bo-nadragokat-ime-a-javaslataink\/","title":{"rendered":"Milyen cip\u0151vel viselj\u00fck a b\u0151 nadr\u00e1gokat? \u00cdme a javaslataink!"},"content":{"rendered":"\n<p><b>A sz\u0171k szab\u00e1s\u00fa farmerek dominanci\u00e1ja ut\u00e1n, neh\u00e9z volt elhinn\u00fcnk, hogy a b\u0151 szab\u00e1sok is remek\u00fcl n\u00e9zhetnek ki, \u00e9s a trendek alapjaiv\u00e1 v\u00e1lhatnak \u2013 ak\u00e1rcsak a 60-as \u00e9s 70-es \u00e9vekben. Hogyan viselj\u00fck ezeket a ruhadarabokat \u00e9s milyen cip\u0151vel kombin\u00e1ljuk? Olvasd el javaslatainkat \u00e9s tal\u00e1ld meg a t\u00f6k\u00e9letes l\u00e1bbelit kedvenc b\u0151 szab\u00e1s\u00fa nadr\u00e1godhoz!&nbsp;<\/b><\/p>\n\n\n\n<figure class=\"wp-block-gallery has-nested-images columns-default is-cropped wp-block-gallery-1 is-layout-flex wp-block-gallery-is-layout-flex\">\n<figure class=\"wp-block-image size-full\"><img loading=\"lazy\" decoding=\"async\" width=\"765\" height=\"1020\" data-id=\"10910\" src=\"https:\/\/blog.ccc.eu\/hu\/wp-content\/uploads\/2025\/04\/230513_gino_rossi_0098-1-1.jpg\" alt=\"\" class=\"wp-image-10910\" srcset=\"https:\/\/blog.ccc.eu\/hu\/wp-content\/uploads\/2025\/04\/230513_gino_rossi_0098-1-1.jpg 765w, https:\/\/blog.ccc.eu\/hu\/wp-content\/uploads\/2025\/04\/230513_gino_rossi_0098-1-1-225x300.jpg 225w, https:\/\/blog.ccc.eu\/hu\/wp-content\/uploads\/2025\/04\/230513_gino_rossi_0098-1-1-100x133.jpg 100w\" sizes=\"auto, (max-width: 765px) 100vw, 765px\" \/><\/figure>\n\n\n\n<figure class=\"wp-block-image size-full\"><img loading=\"lazy\" decoding=\"async\" width=\"765\" height=\"1020\" data-id=\"10909\" src=\"https:\/\/blog.ccc.eu\/hu\/wp-content\/uploads\/2025\/04\/230513_gino_rossi_0346-1.jpg\" alt=\"\" class=\"wp-image-10909\" srcset=\"https:\/\/blog.ccc.eu\/hu\/wp-content\/uploads\/2025\/04\/230513_gino_rossi_0346-1.jpg 765w, https:\/\/blog.ccc.eu\/hu\/wp-content\/uploads\/2025\/04\/230513_gino_rossi_0346-1-225x300.jpg 225w, https:\/\/blog.ccc.eu\/hu\/wp-content\/uploads\/2025\/04\/230513_gino_rossi_0346-1-100x133.jpg 100w\" sizes=\"auto, (max-width: 765px) 100vw, 765px\" \/><\/figure>\n<\/figure>\n\n\n\n<h2 class=\"wp-block-heading\">Milyen cip\u0151t viselj\u00fcnk b\u0151 nadr\u00e1ggal?\u00a0<\/h2>\n\n\n\n<p>Ezekhez a ruhadarabokhoz val\u00f3 cip\u0151v\u00e1laszt\u00e1s nagyban f\u00fcgg a szett\u00fcnk st\u00edlus\u00e1t\u00f3l, magass\u00e1gunkt\u00f3l \u00e9s testalkatunkt\u00f3l is egyar\u00e1nt.&nbsp;<\/p>\n\n\n\n<p>Ha lenge v\u00e1szonnadr\u00e1got r\u00e9szes\u00edt\u00fcnk el\u0151nyben, akkor v\u00e1lasszunk hozz\u00e1 p\u00e1ntos szand\u00e1lt, espadrillest vagy feh\u00e9r sneakert. Tudod mi mutat m\u00e9g nagyon j\u00f3l ezzel a nadr\u00e1ggal? Platform talp\u00fa szand\u00e1l! A CCC-n\u00e9l szupertrendi l\u00e1bbeliket tal\u00e1lunk, \u00edgy garant\u00e1ltan \u00f6ssze tudjuk \u00e1ll\u00edtani a t\u00f6k\u00e9letes szettet!&nbsp;&nbsp;<\/p>\n\n\n\n<figure class=\"wp-block-gallery has-nested-images columns-default is-cropped wp-block-gallery-2 is-layout-flex wp-block-gallery-is-layout-flex\">\n<figure class=\"wp-block-image size-large\"><img loading=\"lazy\" decoding=\"async\" width=\"683\" height=\"1024\" data-id=\"10911\" src=\"https:\/\/blog.ccc.eu\/hu\/wp-content\/uploads\/2025\/04\/CCC_5906751104552_02-683x1024.jpg\" alt=\"\" class=\"wp-image-10911\" srcset=\"https:\/\/blog.ccc.eu\/hu\/wp-content\/uploads\/2025\/04\/CCC_5906751104552_02-683x1024.jpg 683w, https:\/\/blog.ccc.eu\/hu\/wp-content\/uploads\/2025\/04\/CCC_5906751104552_02-200x300.jpg 200w, https:\/\/blog.ccc.eu\/hu\/wp-content\/uploads\/2025\/04\/CCC_5906751104552_02-768x1152.jpg 768w, https:\/\/blog.ccc.eu\/hu\/wp-content\/uploads\/2025\/04\/CCC_5906751104552_02-100x150.jpg 100w, https:\/\/blog.ccc.eu\/hu\/wp-content\/uploads\/2025\/04\/CCC_5906751104552_02.jpg 876w\" sizes=\"auto, (max-width: 683px) 100vw, 683px\" \/><\/figure>\n\n\n\n<figure class=\"wp-block-image size-large\"><img loading=\"lazy\" decoding=\"async\" width=\"683\" height=\"1024\" data-id=\"10912\" src=\"https:\/\/blog.ccc.eu\/hu\/wp-content\/uploads\/2025\/04\/CCC_5906751104552_01-683x1024.jpg\" alt=\"\" class=\"wp-image-10912\" srcset=\"https:\/\/blog.ccc.eu\/hu\/wp-content\/uploads\/2025\/04\/CCC_5906751104552_01-683x1024.jpg 683w, https:\/\/blog.ccc.eu\/hu\/wp-content\/uploads\/2025\/04\/CCC_5906751104552_01-200x300.jpg 200w, https:\/\/blog.ccc.eu\/hu\/wp-content\/uploads\/2025\/04\/CCC_5906751104552_01-768x1152.jpg 768w, https:\/\/blog.ccc.eu\/hu\/wp-content\/uploads\/2025\/04\/CCC_5906751104552_01-100x150.jpg 100w, https:\/\/blog.ccc.eu\/hu\/wp-content\/uploads\/2025\/04\/CCC_5906751104552_01.jpg 876w\" sizes=\"auto, (max-width: 683px) 100vw, 683px\" \/><\/figure>\n<\/figure>\n\n\n\n<h2 class=\"wp-block-heading\">Milyen cip\u0151t viselj\u00fcnk \u00be-es b\u0151 nadr\u00e1ggal?\u00a0<\/h2>\n\n\n\n<p>Ezeket a nadr\u00e1gokat \u00e9rdemes hidegebb h\u00f3napokban magassark\u00fa csizm\u00e1val p\u00e1ros\u00edtani, ny\u00e1ron pedig v\u00e1laszhatunk hozz\u00e1 platformos papucsot, hogy teljes legyen az \u00f6lt\u00f6z\u00e9k\u00fcnk. Az idei szezonban a visszafogott, univerz\u00e1lis sz\u00edn\u0171, valamint a gy\u00f6ny\u00f6r\u0171 pasztell- vagy ak\u00e1r neonsz\u00edn\u0171 modellek nagyon n\u00e9pszer\u0171 v\u00e1laszt\u00e1snak bizonyulnak!<\/p>\n\n\n\n<figure class=\"wp-block-gallery has-nested-images columns-default is-cropped wp-block-gallery-3 is-layout-flex wp-block-gallery-is-layout-flex\">\n<figure class=\"wp-block-image size-large\"><img loading=\"lazy\" decoding=\"async\" width=\"683\" height=\"1024\" data-id=\"10914\" src=\"https:\/\/blog.ccc.eu\/hu\/wp-content\/uploads\/2025\/04\/CCC_2230083247582_03-1-683x1024.jpg\" alt=\"\" class=\"wp-image-10914\" srcset=\"https:\/\/blog.ccc.eu\/hu\/wp-content\/uploads\/2025\/04\/CCC_2230083247582_03-1-683x1024.jpg 683w, https:\/\/blog.ccc.eu\/hu\/wp-content\/uploads\/2025\/04\/CCC_2230083247582_03-1-200x300.jpg 200w, https:\/\/blog.ccc.eu\/hu\/wp-content\/uploads\/2025\/04\/CCC_2230083247582_03-1-768x1152.jpg 768w, https:\/\/blog.ccc.eu\/hu\/wp-content\/uploads\/2025\/04\/CCC_2230083247582_03-1-100x150.jpg 100w, https:\/\/blog.ccc.eu\/hu\/wp-content\/uploads\/2025\/04\/CCC_2230083247582_03-1.jpg 876w\" sizes=\"auto, (max-width: 683px) 100vw, 683px\" \/><\/figure>\n\n\n\n<figure class=\"wp-block-image size-large\"><img loading=\"lazy\" decoding=\"async\" width=\"683\" height=\"1024\" data-id=\"10915\" src=\"https:\/\/blog.ccc.eu\/hu\/wp-content\/uploads\/2025\/04\/CCC_2230083247582_05-683x1024.jpg\" alt=\"\" class=\"wp-image-10915\" srcset=\"https:\/\/blog.ccc.eu\/hu\/wp-content\/uploads\/2025\/04\/CCC_2230083247582_05-683x1024.jpg 683w, https:\/\/blog.ccc.eu\/hu\/wp-content\/uploads\/2025\/04\/CCC_2230083247582_05-200x300.jpg 200w, https:\/\/blog.ccc.eu\/hu\/wp-content\/uploads\/2025\/04\/CCC_2230083247582_05-768x1152.jpg 768w, https:\/\/blog.ccc.eu\/hu\/wp-content\/uploads\/2025\/04\/CCC_2230083247582_05-100x150.jpg 100w, https:\/\/blog.ccc.eu\/hu\/wp-content\/uploads\/2025\/04\/CCC_2230083247582_05.jpg 876w\" sizes=\"auto, (max-width: 683px) 100vw, 683px\" \/><\/figure>\n<\/figure>\n\n\n\n<h2 class=\"wp-block-heading\">B\u0151 szab\u00e1s\u00fa nadr\u00e1gok sportcip\u0151vel\u00a0<\/h2>\n\n\n\n<p>Ezeket a nadr\u00e1gokat t\u00f6k\u00e9letesen kieg\u00e9sz\u00edtik a sportcip\u0151k \u00e9s tornacip\u0151k. L\u00e9trehozhatunk vel\u00fck egy 90-es \u00e9vek st\u00edlus\u00fa \u00f6lt\u00f6z\u00e9ket, p\u00e9ld\u00e1ul Converse vagy adidas m\u00e1rk\u00e1j\u00fa l\u00e1bbelikkel.\u00a0\u00a0<\/p>\n\n\n\n<figure class=\"wp-block-gallery has-nested-images columns-default is-cropped wp-block-gallery-4 is-layout-flex wp-block-gallery-is-layout-flex\">\n<figure class=\"wp-block-image size-large\"><img loading=\"lazy\" decoding=\"async\" width=\"683\" height=\"1024\" data-id=\"10918\" src=\"https:\/\/blog.ccc.eu\/hu\/wp-content\/uploads\/2025\/04\/CCC_5905588500148_04-1-683x1024.jpg\" alt=\"\" class=\"wp-image-10918\" srcset=\"https:\/\/blog.ccc.eu\/hu\/wp-content\/uploads\/2025\/04\/CCC_5905588500148_04-1-683x1024.jpg 683w, https:\/\/blog.ccc.eu\/hu\/wp-content\/uploads\/2025\/04\/CCC_5905588500148_04-1-200x300.jpg 200w, https:\/\/blog.ccc.eu\/hu\/wp-content\/uploads\/2025\/04\/CCC_5905588500148_04-1-768x1152.jpg 768w, https:\/\/blog.ccc.eu\/hu\/wp-content\/uploads\/2025\/04\/CCC_5905588500148_04-1-100x150.jpg 100w, https:\/\/blog.ccc.eu\/hu\/wp-content\/uploads\/2025\/04\/CCC_5905588500148_04-1.jpg 876w\" sizes=\"auto, (max-width: 683px) 100vw, 683px\" \/><\/figure>\n\n\n\n<figure class=\"wp-block-image size-large\"><img loading=\"lazy\" decoding=\"async\" width=\"683\" height=\"1024\" data-id=\"10917\" src=\"https:\/\/blog.ccc.eu\/hu\/wp-content\/uploads\/2025\/04\/CCC_5905588500148_06-683x1024.jpg\" alt=\"\" class=\"wp-image-10917\" srcset=\"https:\/\/blog.ccc.eu\/hu\/wp-content\/uploads\/2025\/04\/CCC_5905588500148_06-683x1024.jpg 683w, https:\/\/blog.ccc.eu\/hu\/wp-content\/uploads\/2025\/04\/CCC_5905588500148_06-200x300.jpg 200w, https:\/\/blog.ccc.eu\/hu\/wp-content\/uploads\/2025\/04\/CCC_5905588500148_06-768x1152.jpg 768w, https:\/\/blog.ccc.eu\/hu\/wp-content\/uploads\/2025\/04\/CCC_5905588500148_06-100x150.jpg 100w, https:\/\/blog.ccc.eu\/hu\/wp-content\/uploads\/2025\/04\/CCC_5905588500148_06.jpg 876w\" sizes=\"auto, (max-width: 683px) 100vw, 683px\" \/><\/figure>\n<\/figure>\n\n\n\n<p>Tal\u00e1ld meg a megfelel\u0151 l\u00e1bbelit b\u0151 szab\u00e1s\u00fa nadr\u00e1gokhoz <a href=\"https:\/\/ccc.eu\/hu\/sklepy\" target=\"_blank\" rel=\"noreferrer noopener\">CCC \u00fczleteinkben<\/a>, <a href=\"https:\/\/ccc.eu\/hu\/\" target=\"_blank\" rel=\"noreferrer noopener\">webshopunkban<\/a>, \u00e9s az <a href=\"https:\/\/ccc.eu\/hu\/mobile-app\" target=\"_blank\" rel=\"noreferrer noopener\">alkalmaz\u00e1sban<\/a>. Legy\u00e9l <a href=\"https:\/\/ccc.eu\/hu\/klub-ccc\" target=\"_blank\" rel=\"noreferrer noopener\">CCC klubtag<\/a> is, \u00e9s \u00e9lvezd a k\u00e9nyelmes \u00e9s kedvezm\u00e9nyes v\u00e1s\u00e1rl\u00e1si lehet\u0151s\u00e9geket! K\u00f6vesd vel\u00fcnk a divatot <a href=\"https:\/\/www.facebook.com\/CCC.Hungary\/\" target=\"_blank\" rel=\"noreferrer noopener\">Facebookon,<\/a> \u00e9s inspir\u00e1l\u00f3dj vel\u00fcnk az <a href=\"https:\/\/www.instagram.com\/cccshoesbags\/\" target=\"_blank\" rel=\"noreferrer noopener\">Instagramon<\/a> is!&nbsp;&nbsp;&nbsp;<\/p>\n","protected":false},"excerpt":{"rendered":"<p>A sz\u0171k szab\u00e1s\u00fa farmerek dominanci\u00e1ja ut\u00e1n, neh\u00e9z volt elhinn\u00fcnk, hogy a b\u0151 szab\u00e1sok is remek\u00fcl n\u00e9zhetnek ki, \u00e9s a trendek alapjaiv\u00e1 v\u00e1lhatnak \u2013 ak\u00e1rcsak a 60-as \u00e9s 70-es \u00e9vekben. Hogyan viselj\u00fck ezeket a ruhadarabokat \u00e9s milyen cip\u0151vel kombin\u00e1ljuk? Olvasd el javaslatainkat \u00e9s tal\u00e1ld meg a t\u00f6k\u00e9letes l\u00e1bbelit kedvenc b\u0151 szab\u00e1s\u00fa nadr\u00e1godhoz!&nbsp; Milyen cip\u0151t viselj\u00fcnk b\u0151 [&hellip;]<\/p>\n","protected":false},"author":22,"featured_media":10910,"comment_status":"open","ping_status":"open","sticky":false,"template":"","format":"standard","meta":{"_acf_changed":false,"footnotes":""},"categories":[4],"tags":[560,821,817,1069,945],"class_list":["post-10906","post","type-post","status-publish","format-standard","has-post-thumbnail","hentry","category-divat-tippek","tag-ccc","tag-divat-tippek","tag-papucsok","tag-szandalok","tag-tornacipok"],"acf":[],"yoast_head":"<!-- This site is optimized with the Yoast SEO plugin v26.9 - https:\/\/yoast.com\/product\/yoast-seo-wordpress\/ -->\n<title>Milyen cip\u0151vel viselj\u00fck a b\u0151 nadr\u00e1gokat? \u00cdme a javaslataink! - CCC Fashion blog<\/title>\n<meta name=\"description\" content=\"2026\" \/>\n<meta name=\"robots\" content=\"index, follow, max-snippet:-1, max-image-preview:large, max-video-preview:-1\" \/>\n<link rel=\"canonical\" href=\"https:\/\/blog.ccc.eu\/hu\/milyen-cipovel-viseljuk-a-bo-nadragokat-ime-a-javaslataink\/\" \/>\n<meta property=\"og:locale\" content=\"hu_HU\" \/>\n<meta property=\"og:type\" content=\"article\" \/>\n<meta property=\"og:title\" content=\"Milyen cip\u0151vel viselj\u00fck a b\u0151 nadr\u00e1gokat? \u00cdme a javaslataink! - CCC Fashion blog\" \/>\n<meta property=\"og:description\" content=\"A sz\u0171k szab\u00e1s\u00fa farmerek dominanci\u00e1ja ut\u00e1n, neh\u00e9z volt elhinn\u00fcnk, hogy a b\u0151 szab\u00e1sok is remek\u00fcl n\u00e9zhetnek ki, \u00e9s a trendek alapjaiv\u00e1 v\u00e1lhatnak \u2013 ak\u00e1rcsak a 60-as \u00e9s 70-es \u00e9vekben. Hogyan viselj\u00fck ezeket a ruhadarabokat \u00e9s milyen cip\u0151vel kombin\u00e1ljuk? Olvasd el javaslatainkat \u00e9s tal\u00e1ld meg a t\u00f6k\u00e9letes l\u00e1bbelit kedvenc b\u0151 szab\u00e1s\u00fa nadr\u00e1godhoz!&nbsp; Milyen cip\u0151t viselj\u00fcnk b\u0151 [&hellip;]\" \/>\n<meta property=\"og:url\" content=\"https:\/\/blog.ccc.eu\/hu\/milyen-cipovel-viseljuk-a-bo-nadragokat-ime-a-javaslataink\/\" \/>\n<meta property=\"og:site_name\" content=\"CCC Fashion blog\" \/>\n<meta property=\"article:published_time\" content=\"2025-04-25T12:21:08+00:00\" \/>\n<meta property=\"article:modified_time\" content=\"2025-04-25T12:21:09+00:00\" \/>\n<meta property=\"og:image\" content=\"https:\/\/blog.ccc.eu\/hu\/wp-content\/uploads\/2025\/04\/230513_gino_rossi_0098-1-1.jpg\" \/>\n\t<meta property=\"og:image:width\" content=\"765\" \/>\n\t<meta property=\"og:image:height\" content=\"1020\" \/>\n\t<meta property=\"og:image:type\" content=\"image\/jpeg\" \/>\n<meta name=\"author\" content=\"Beatrix Korosi\" \/>\n<meta name=\"twitter:card\" content=\"summary_large_image\" \/>\n<meta name=\"twitter:label1\" content=\"Szerz\u0151:\" \/>\n\t<meta name=\"twitter:data1\" content=\"Beatrix Korosi\" \/>\n\t<meta name=\"twitter:label2\" content=\"Becs\u00fclt olvas\u00e1si id\u0151\" \/>\n\t<meta name=\"twitter:data2\" content=\"2 perc\" \/>\n<script type=\"application\/ld+json\" class=\"yoast-schema-graph\">{\"@context\":\"https:\/\/schema.org\",\"@graph\":[{\"@type\":\"Article\",\"@id\":\"https:\/\/blog.ccc.eu\/hu\/milyen-cipovel-viseljuk-a-bo-nadragokat-ime-a-javaslataink\/#article\",\"isPartOf\":{\"@id\":\"https:\/\/blog.ccc.eu\/hu\/milyen-cipovel-viseljuk-a-bo-nadragokat-ime-a-javaslataink\/\"},\"author\":{\"name\":\"Beatrix Korosi\",\"@id\":\"https:\/\/blog.ccc.eu\/hu\/#\/schema\/person\/b37d4e58a15b8cc6b1339218cfeb7c10\"},\"headline\":\"Milyen cip\u0151vel viselj\u00fck a b\u0151 nadr\u00e1gokat? \u00cdme a javaslataink!\",\"datePublished\":\"2025-04-25T12:21:08+00:00\",\"dateModified\":\"2025-04-25T12:21:09+00:00\",\"mainEntityOfPage\":{\"@id\":\"https:\/\/blog.ccc.eu\/hu\/milyen-cipovel-viseljuk-a-bo-nadragokat-ime-a-javaslataink\/\"},\"wordCount\":352,\"commentCount\":0,\"publisher\":{\"@id\":\"https:\/\/blog.ccc.eu\/hu\/#organization\"},\"image\":{\"@id\":\"https:\/\/blog.ccc.eu\/hu\/milyen-cipovel-viseljuk-a-bo-nadragokat-ime-a-javaslataink\/#primaryimage\"},\"thumbnailUrl\":\"https:\/\/blog.ccc.eu\/hu\/wp-content\/uploads\/2025\/04\/230513_gino_rossi_0098-1-1.jpg\",\"keywords\":[\"CCC\",\"divat tippek\",\"papucsok\",\"szand\u00e1lok\",\"tornacip\u0151k\"],\"articleSection\":[\"DIVAT TIPPEK\"],\"inLanguage\":\"hu\",\"potentialAction\":[{\"@type\":\"CommentAction\",\"name\":\"Comment\",\"target\":[\"https:\/\/blog.ccc.eu\/hu\/milyen-cipovel-viseljuk-a-bo-nadragokat-ime-a-javaslataink\/#respond\"]}]},{\"@type\":\"WebPage\",\"@id\":\"https:\/\/blog.ccc.eu\/hu\/milyen-cipovel-viseljuk-a-bo-nadragokat-ime-a-javaslataink\/\",\"url\":\"https:\/\/blog.ccc.eu\/hu\/milyen-cipovel-viseljuk-a-bo-nadragokat-ime-a-javaslataink\/\",\"name\":\"Milyen cip\u0151vel viselj\u00fck a b\u0151 nadr\u00e1gokat? \u00cdme a javaslataink! - CCC Fashion blog\",\"isPartOf\":{\"@id\":\"https:\/\/blog.ccc.eu\/hu\/#website\"},\"primaryImageOfPage\":{\"@id\":\"https:\/\/blog.ccc.eu\/hu\/milyen-cipovel-viseljuk-a-bo-nadragokat-ime-a-javaslataink\/#primaryimage\"},\"image\":{\"@id\":\"https:\/\/blog.ccc.eu\/hu\/milyen-cipovel-viseljuk-a-bo-nadragokat-ime-a-javaslataink\/#primaryimage\"},\"thumbnailUrl\":\"https:\/\/blog.ccc.eu\/hu\/wp-content\/uploads\/2025\/04\/230513_gino_rossi_0098-1-1.jpg\",\"datePublished\":\"2025-04-25T12:21:08+00:00\",\"dateModified\":\"2025-04-25T12:21:09+00:00\",\"breadcrumb\":{\"@id\":\"https:\/\/blog.ccc.eu\/hu\/milyen-cipovel-viseljuk-a-bo-nadragokat-ime-a-javaslataink\/#breadcrumb\"},\"inLanguage\":\"hu\",\"potentialAction\":[{\"@type\":\"ReadAction\",\"target\":[\"https:\/\/blog.ccc.eu\/hu\/milyen-cipovel-viseljuk-a-bo-nadragokat-ime-a-javaslataink\/\"]}]},{\"@type\":\"ImageObject\",\"inLanguage\":\"hu\",\"@id\":\"https:\/\/blog.ccc.eu\/hu\/milyen-cipovel-viseljuk-a-bo-nadragokat-ime-a-javaslataink\/#primaryimage\",\"url\":\"https:\/\/blog.ccc.eu\/hu\/wp-content\/uploads\/2025\/04\/230513_gino_rossi_0098-1-1.jpg\",\"contentUrl\":\"https:\/\/blog.ccc.eu\/hu\/wp-content\/uploads\/2025\/04\/230513_gino_rossi_0098-1-1.jpg\",\"width\":765,\"height\":1020},{\"@type\":\"BreadcrumbList\",\"@id\":\"https:\/\/blog.ccc.eu\/hu\/milyen-cipovel-viseljuk-a-bo-nadragokat-ime-a-javaslataink\/#breadcrumb\",\"itemListElement\":[{\"@type\":\"ListItem\",\"position\":1,\"name\":\"Strona g\u0142\u00f3wna\",\"item\":\"https:\/\/blog.ccc.eu\/hu\/\"},{\"@type\":\"ListItem\",\"position\":2,\"name\":\"Milyen cip\u0151vel viselj\u00fck a b\u0151 nadr\u00e1gokat? \u00cdme a javaslataink!\"}]},{\"@type\":\"WebSite\",\"@id\":\"https:\/\/blog.ccc.eu\/hu\/#website\",\"url\":\"https:\/\/blog.ccc.eu\/hu\/\",\"name\":\"CCC Fashion blog\",\"description\":\"Az \u00d6n helye tele van divatihletekkel\",\"publisher\":{\"@id\":\"https:\/\/blog.ccc.eu\/hu\/#organization\"},\"potentialAction\":[{\"@type\":\"SearchAction\",\"target\":{\"@type\":\"EntryPoint\",\"urlTemplate\":\"https:\/\/blog.ccc.eu\/hu\/?s={search_term_string}\"},\"query-input\":{\"@type\":\"PropertyValueSpecification\",\"valueRequired\":true,\"valueName\":\"search_term_string\"}}],\"inLanguage\":\"hu\"},{\"@type\":\"Organization\",\"@id\":\"https:\/\/blog.ccc.eu\/hu\/#organization\",\"name\":\"CCC S.A.\",\"url\":\"https:\/\/blog.ccc.eu\/hu\/\",\"logo\":{\"@type\":\"ImageObject\",\"inLanguage\":\"hu\",\"@id\":\"https:\/\/blog.ccc.eu\/hu\/#\/schema\/logo\/image\/\",\"url\":\"https:\/\/blog.ccc.eu\/hu\/wp-content\/uploads\/2021\/11\/logo_ccc.png\",\"contentUrl\":\"https:\/\/blog.ccc.eu\/hu\/wp-content\/uploads\/2021\/11\/logo_ccc.png\",\"width\":730,\"height\":270,\"caption\":\"CCC S.A.\"},\"image\":{\"@id\":\"https:\/\/blog.ccc.eu\/hu\/#\/schema\/logo\/image\/\"}},{\"@type\":\"Person\",\"@id\":\"https:\/\/blog.ccc.eu\/hu\/#\/schema\/person\/b37d4e58a15b8cc6b1339218cfeb7c10\",\"name\":\"Beatrix Korosi\",\"image\":{\"@type\":\"ImageObject\",\"inLanguage\":\"hu\",\"@id\":\"https:\/\/blog.ccc.eu\/hu\/#\/schema\/person\/image\/\",\"url\":\"https:\/\/blog.ccc.eu\/hu\/wp-content\/uploads\/2022\/11\/Bea-150x150.jpg\",\"contentUrl\":\"https:\/\/blog.ccc.eu\/hu\/wp-content\/uploads\/2022\/11\/Bea-150x150.jpg\",\"caption\":\"Beatrix Korosi\"},\"url\":\"https:\/\/blog.ccc.eu\/hu\/author\/beatrix-korosi\/\"}]}<\/script>\n<!-- \/ Yoast SEO plugin. -->","yoast_head_json":{"title":"Milyen cip\u0151vel viselj\u00fck a b\u0151 nadr\u00e1gokat? \u00cdme a javaslataink! - CCC Fashion blog","description":"2026","robots":{"index":"index","follow":"follow","max-snippet":"max-snippet:-1","max-image-preview":"max-image-preview:large","max-video-preview":"max-video-preview:-1"},"canonical":"https:\/\/blog.ccc.eu\/hu\/milyen-cipovel-viseljuk-a-bo-nadragokat-ime-a-javaslataink\/","og_locale":"hu_HU","og_type":"article","og_title":"Milyen cip\u0151vel viselj\u00fck a b\u0151 nadr\u00e1gokat? \u00cdme a javaslataink! - CCC Fashion blog","og_description":"A sz\u0171k szab\u00e1s\u00fa farmerek dominanci\u00e1ja ut\u00e1n, neh\u00e9z volt elhinn\u00fcnk, hogy a b\u0151 szab\u00e1sok is remek\u00fcl n\u00e9zhetnek ki, \u00e9s a trendek alapjaiv\u00e1 v\u00e1lhatnak \u2013 ak\u00e1rcsak a 60-as \u00e9s 70-es \u00e9vekben. Hogyan viselj\u00fck ezeket a ruhadarabokat \u00e9s milyen cip\u0151vel kombin\u00e1ljuk? Olvasd el javaslatainkat \u00e9s tal\u00e1ld meg a t\u00f6k\u00e9letes l\u00e1bbelit kedvenc b\u0151 szab\u00e1s\u00fa nadr\u00e1godhoz!&nbsp; Milyen cip\u0151t viselj\u00fcnk b\u0151 [&hellip;]","og_url":"https:\/\/blog.ccc.eu\/hu\/milyen-cipovel-viseljuk-a-bo-nadragokat-ime-a-javaslataink\/","og_site_name":"CCC Fashion blog","article_published_time":"2025-04-25T12:21:08+00:00","article_modified_time":"2025-04-25T12:21:09+00:00","og_image":[{"width":765,"height":1020,"url":"https:\/\/blog.ccc.eu\/hu\/wp-content\/uploads\/2025\/04\/230513_gino_rossi_0098-1-1.jpg","type":"image\/jpeg"}],"author":"Beatrix Korosi","twitter_card":"summary_large_image","twitter_misc":{"Szerz\u0151:":"Beatrix Korosi","Becs\u00fclt olvas\u00e1si id\u0151":"2 perc"},"schema":{"@context":"https:\/\/schema.org","@graph":[{"@type":"Article","@id":"https:\/\/blog.ccc.eu\/hu\/milyen-cipovel-viseljuk-a-bo-nadragokat-ime-a-javaslataink\/#article","isPartOf":{"@id":"https:\/\/blog.ccc.eu\/hu\/milyen-cipovel-viseljuk-a-bo-nadragokat-ime-a-javaslataink\/"},"author":{"name":"Beatrix Korosi","@id":"https:\/\/blog.ccc.eu\/hu\/#\/schema\/person\/b37d4e58a15b8cc6b1339218cfeb7c10"},"headline":"Milyen cip\u0151vel viselj\u00fck a b\u0151 nadr\u00e1gokat? \u00cdme a javaslataink!","datePublished":"2025-04-25T12:21:08+00:00","dateModified":"2025-04-25T12:21:09+00:00","mainEntityOfPage":{"@id":"https:\/\/blog.ccc.eu\/hu\/milyen-cipovel-viseljuk-a-bo-nadragokat-ime-a-javaslataink\/"},"wordCount":352,"commentCount":0,"publisher":{"@id":"https:\/\/blog.ccc.eu\/hu\/#organization"},"image":{"@id":"https:\/\/blog.ccc.eu\/hu\/milyen-cipovel-viseljuk-a-bo-nadragokat-ime-a-javaslataink\/#primaryimage"},"thumbnailUrl":"https:\/\/blog.ccc.eu\/hu\/wp-content\/uploads\/2025\/04\/230513_gino_rossi_0098-1-1.jpg","keywords":["CCC","divat tippek","papucsok","szand\u00e1lok","tornacip\u0151k"],"articleSection":["DIVAT TIPPEK"],"inLanguage":"hu","potentialAction":[{"@type":"CommentAction","name":"Comment","target":["https:\/\/blog.ccc.eu\/hu\/milyen-cipovel-viseljuk-a-bo-nadragokat-ime-a-javaslataink\/#respond"]}]},{"@type":"WebPage","@id":"https:\/\/blog.ccc.eu\/hu\/milyen-cipovel-viseljuk-a-bo-nadragokat-ime-a-javaslataink\/","url":"https:\/\/blog.ccc.eu\/hu\/milyen-cipovel-viseljuk-a-bo-nadragokat-ime-a-javaslataink\/","name":"Milyen cip\u0151vel viselj\u00fck a b\u0151 nadr\u00e1gokat? \u00cdme a javaslataink! - CCC Fashion blog","isPartOf":{"@id":"https:\/\/blog.ccc.eu\/hu\/#website"},"primaryImageOfPage":{"@id":"https:\/\/blog.ccc.eu\/hu\/milyen-cipovel-viseljuk-a-bo-nadragokat-ime-a-javaslataink\/#primaryimage"},"image":{"@id":"https:\/\/blog.ccc.eu\/hu\/milyen-cipovel-viseljuk-a-bo-nadragokat-ime-a-javaslataink\/#primaryimage"},"thumbnailUrl":"https:\/\/blog.ccc.eu\/hu\/wp-content\/uploads\/2025\/04\/230513_gino_rossi_0098-1-1.jpg","datePublished":"2025-04-25T12:21:08+00:00","dateModified":"2025-04-25T12:21:09+00:00","breadcrumb":{"@id":"https:\/\/blog.ccc.eu\/hu\/milyen-cipovel-viseljuk-a-bo-nadragokat-ime-a-javaslataink\/#breadcrumb"},"inLanguage":"hu","potentialAction":[{"@type":"ReadAction","target":["https:\/\/blog.ccc.eu\/hu\/milyen-cipovel-viseljuk-a-bo-nadragokat-ime-a-javaslataink\/"]}]},{"@type":"ImageObject","inLanguage":"hu","@id":"https:\/\/blog.ccc.eu\/hu\/milyen-cipovel-viseljuk-a-bo-nadragokat-ime-a-javaslataink\/#primaryimage","url":"https:\/\/blog.ccc.eu\/hu\/wp-content\/uploads\/2025\/04\/230513_gino_rossi_0098-1-1.jpg","contentUrl":"https:\/\/blog.ccc.eu\/hu\/wp-content\/uploads\/2025\/04\/230513_gino_rossi_0098-1-1.jpg","width":765,"height":1020},{"@type":"BreadcrumbList","@id":"https:\/\/blog.ccc.eu\/hu\/milyen-cipovel-viseljuk-a-bo-nadragokat-ime-a-javaslataink\/#breadcrumb","itemListElement":[{"@type":"ListItem","position":1,"name":"Strona g\u0142\u00f3wna","item":"https:\/\/blog.ccc.eu\/hu\/"},{"@type":"ListItem","position":2,"name":"Milyen cip\u0151vel viselj\u00fck a b\u0151 nadr\u00e1gokat? \u00cdme a javaslataink!"}]},{"@type":"WebSite","@id":"https:\/\/blog.ccc.eu\/hu\/#website","url":"https:\/\/blog.ccc.eu\/hu\/","name":"CCC Fashion blog","description":"Az \u00d6n helye tele van divatihletekkel","publisher":{"@id":"https:\/\/blog.ccc.eu\/hu\/#organization"},"potentialAction":[{"@type":"SearchAction","target":{"@type":"EntryPoint","urlTemplate":"https:\/\/blog.ccc.eu\/hu\/?s={search_term_string}"},"query-input":{"@type":"PropertyValueSpecification","valueRequired":true,"valueName":"search_term_string"}}],"inLanguage":"hu"},{"@type":"Organization","@id":"https:\/\/blog.ccc.eu\/hu\/#organization","name":"CCC S.A.","url":"https:\/\/blog.ccc.eu\/hu\/","logo":{"@type":"ImageObject","inLanguage":"hu","@id":"https:\/\/blog.ccc.eu\/hu\/#\/schema\/logo\/image\/","url":"https:\/\/blog.ccc.eu\/hu\/wp-content\/uploads\/2021\/11\/logo_ccc.png","contentUrl":"https:\/\/blog.ccc.eu\/hu\/wp-content\/uploads\/2021\/11\/logo_ccc.png","width":730,"height":270,"caption":"CCC S.A."},"image":{"@id":"https:\/\/blog.ccc.eu\/hu\/#\/schema\/logo\/image\/"}},{"@type":"Person","@id":"https:\/\/blog.ccc.eu\/hu\/#\/schema\/person\/b37d4e58a15b8cc6b1339218cfeb7c10","name":"Beatrix Korosi","image":{"@type":"ImageObject","inLanguage":"hu","@id":"https:\/\/blog.ccc.eu\/hu\/#\/schema\/person\/image\/","url":"https:\/\/blog.ccc.eu\/hu\/wp-content\/uploads\/2022\/11\/Bea-150x150.jpg","contentUrl":"https:\/\/blog.ccc.eu\/hu\/wp-content\/uploads\/2022\/11\/Bea-150x150.jpg","caption":"Beatrix Korosi"},"url":"https:\/\/blog.ccc.eu\/hu\/author\/beatrix-korosi\/"}]}},"_links":{"self":[{"href":"https:\/\/blog.ccc.eu\/hu\/wp-json\/wp\/v2\/posts\/10906","targetHints":{"allow":["GET"]}}],"collection":[{"href":"https:\/\/blog.ccc.eu\/hu\/wp-json\/wp\/v2\/posts"}],"about":[{"href":"https:\/\/blog.ccc.eu\/hu\/wp-json\/wp\/v2\/types\/post"}],"author":[{"embeddable":true,"href":"https:\/\/blog.ccc.eu\/hu\/wp-json\/wp\/v2\/users\/22"}],"replies":[{"embeddable":true,"href":"https:\/\/blog.ccc.eu\/hu\/wp-json\/wp\/v2\/comments?post=10906"}],"version-history":[{"count":2,"href":"https:\/\/blog.ccc.eu\/hu\/wp-json\/wp\/v2\/posts\/10906\/revisions"}],"predecessor-version":[{"id":10920,"href":"https:\/\/blog.ccc.eu\/hu\/wp-json\/wp\/v2\/posts\/10906\/revisions\/10920"}],"wp:featuredmedia":[{"embeddable":true,"href":"https:\/\/blog.ccc.eu\/hu\/wp-json\/wp\/v2\/media\/10910"}],"wp:attachment":[{"href":"https:\/\/blog.ccc.eu\/hu\/wp-json\/wp\/v2\/media?parent=10906"}],"wp:term":[{"taxonomy":"category","embeddable":true,"href":"https:\/\/blog.ccc.eu\/hu\/wp-json\/wp\/v2\/categories?post=10906"},{"taxonomy":"post_tag","embeddable":true,"href":"https:\/\/blog.ccc.eu\/hu\/wp-json\/wp\/v2\/tags?post=10906"}],"curies":[{"name":"wp","href":"https:\/\/api.w.org\/{rel}","templated":true}]}}