{"id":11005,"date":"2025-09-05T11:33:59","date_gmt":"2025-09-05T09:33:59","guid":{"rendered":"https:\/\/blog.ccc.eu\/hu\/?p=11005"},"modified":"2025-09-05T11:34:00","modified_gmt":"2025-09-05T09:34:00","slug":"stilusos-oszi-teli-cipok","status":"publish","type":"post","link":"https:\/\/blog.ccc.eu\/hu\/stilusos-oszi-teli-cipok\/","title":{"rendered":"St\u00edlusos \u0151szi-t\u00e9li cip\u0151k"},"content":{"rendered":"\n<p><b>Az \u00e9vek sor\u00e1n az id\u0151tlen klasszikusok \u00e9s a letisztult elegancia \u00e1llt a k\u00f6z\u00e9ppontban. Most azonban az \u0151szi-t\u00e9li szezonhoz \u00e9vtizedek \u00f3ta kapcsol\u00f3d\u00f3 st\u00edlusok teljesen \u00faj \u00e9rtelmez\u00e9st nyernek. A j\u00f3l ismert modellek mellett sz\u00ednek, mint\u00e1k \u00e9s text\u00far\u00e1k val\u00f3di kavalk\u00e1dja jelenik meg. Fedezd fel a 2025\/2026-os \u0151szi-t\u00e9li n\u0151i cip\u0151kollekci\u00f3t a CCC-ben!<\/b><\/p>\n\n\n\n<figure class=\"wp-block-gallery has-nested-images columns-default is-cropped wp-block-gallery-1 is-layout-flex wp-block-gallery-is-layout-flex\">\n<figure class=\"wp-block-image size-large\"><img loading=\"lazy\" decoding=\"async\" width=\"614\" height=\"768\" data-id=\"11008\" src=\"https:\/\/blog.ccc.eu\/hu\/wp-content\/uploads\/2025\/09\/02_Eva_Minge_SS25.jpg.jpg\" alt=\"\" class=\"wp-image-11008\" srcset=\"https:\/\/blog.ccc.eu\/hu\/wp-content\/uploads\/2025\/09\/02_Eva_Minge_SS25.jpg.jpg 614w, https:\/\/blog.ccc.eu\/hu\/wp-content\/uploads\/2025\/09\/02_Eva_Minge_SS25.jpg-240x300.jpg 240w, https:\/\/blog.ccc.eu\/hu\/wp-content\/uploads\/2025\/09\/02_Eva_Minge_SS25.jpg-100x125.jpg 100w\" sizes=\"auto, (max-width: 614px) 100vw, 614px\" \/><\/figure>\n\n\n\n<figure class=\"wp-block-image size-large\"><img loading=\"lazy\" decoding=\"async\" width=\"614\" height=\"768\" data-id=\"11009\" src=\"https:\/\/blog.ccc.eu\/hu\/wp-content\/uploads\/2025\/09\/07_Nine_West_SS25-1-2.jpg\" alt=\"\" class=\"wp-image-11009\" srcset=\"https:\/\/blog.ccc.eu\/hu\/wp-content\/uploads\/2025\/09\/07_Nine_West_SS25-1-2.jpg 614w, https:\/\/blog.ccc.eu\/hu\/wp-content\/uploads\/2025\/09\/07_Nine_West_SS25-1-2-240x300.jpg 240w, https:\/\/blog.ccc.eu\/hu\/wp-content\/uploads\/2025\/09\/07_Nine_West_SS25-1-2-100x125.jpg 100w\" sizes=\"auto, (max-width: 614px) 100vw, 614px\" \/><\/figure>\n<\/figure>\n\n\n\n<h2 class=\"wp-block-heading\">Divatos cip\u0151k \u2013 2025\/2026 \u0151sz-t\u00e9l<\/h2>\n\n\n\n<p>A tervez\u0151k id\u00e9n val\u00f3ban \u00faj lend\u00fcletet hoztak \u2013 ez egy\u00e9rtelm\u0171en \u00e9rz\u0151dik az \u0151szi-t\u00e9li kollekci\u00f3kon. Felt\u0171n\u0151 sz\u00ednek, mer\u00e9sz d\u00edsz\u00edt\u00e9sek, f\u00e9nyl\u0151 text\u00far\u00e1k uralj\u00e1k a k\u00edn\u00e1latot. Az \u00faj szezon tele van vibr\u00e1l\u00f3 \u00fajdons\u00e1gokkal, amelyek m\u00e9g a legsz\u00fcrk\u00e9bb napokat is feldobj\u00e1k. A cip\u0151k igazi apr\u00f3 m\u0171alkot\u00e1sk\u00e9nt t\u00fcnd\u00f6k\u00f6lnek, k\u00fcl\u00f6n\u00f6sen, ha az extravag\u00e1ns r\u00e9szletekkel d\u00edsz\u00edtett modelleket v\u00e1lasztod!<\/p>\n\n\n\n<h2 class=\"wp-block-heading\">Eleg\u00e1ns Oxford cip\u0151k \u2013 st\u00edlusos cip\u0151k 2025 \u0151sz\u00e9re<\/h2>\n\n\n\n<p>Egyenesen a f\u00e9rfiak ruhat\u00e1r\u00e1b\u00f3l \u00e9rkeztek az eleg\u00e1ns oxford cip\u0151k a n\u0151i kollekci\u00f3kba. A CCC-ben el leszel ragadtatva a term\u00e9szetes b\u0151rb\u0151l, a lakkb\u0151rb\u0151l \u00e9s a vel\u00farb\u00f3l k\u00e9sz\u00fclt modellekt\u0151l, k\u00fcl\u00f6n\u00f6sen a csokol\u00e1d\u00e9barna v\u00e1ltozatt\u00f3l! Ezeket a l\u00e9legzetel\u00e1ll\u00edt\u00f3 darabokat a Lasocki, a Badura \u00e9s a Gino Rossi kollekci\u00f3iban tal\u00e1lod!<\/p>\n\n\n\n<figure class=\"wp-block-gallery has-nested-images columns-default is-cropped wp-block-gallery-2 is-layout-flex wp-block-gallery-is-layout-flex\">\n<figure class=\"wp-block-image size-large\"><img loading=\"lazy\" decoding=\"async\" width=\"512\" height=\"768\" data-id=\"11010\" src=\"https:\/\/blog.ccc.eu\/hu\/wp-content\/uploads\/2025\/09\/CCC_5903698030388_02M-1.jpg\" alt=\"\" class=\"wp-image-11010\" srcset=\"https:\/\/blog.ccc.eu\/hu\/wp-content\/uploads\/2025\/09\/CCC_5903698030388_02M-1.jpg 512w, https:\/\/blog.ccc.eu\/hu\/wp-content\/uploads\/2025\/09\/CCC_5903698030388_02M-1-200x300.jpg 200w, https:\/\/blog.ccc.eu\/hu\/wp-content\/uploads\/2025\/09\/CCC_5903698030388_02M-1-100x150.jpg 100w\" sizes=\"auto, (max-width: 512px) 100vw, 512px\" \/><\/figure>\n\n\n\n<figure class=\"wp-block-image size-large\"><img loading=\"lazy\" decoding=\"async\" width=\"512\" height=\"768\" data-id=\"11011\" src=\"https:\/\/blog.ccc.eu\/hu\/wp-content\/uploads\/2025\/09\/CCC_590369803038803_02M.jpg\" alt=\"\" class=\"wp-image-11011\" srcset=\"https:\/\/blog.ccc.eu\/hu\/wp-content\/uploads\/2025\/09\/CCC_590369803038803_02M.jpg 512w, https:\/\/blog.ccc.eu\/hu\/wp-content\/uploads\/2025\/09\/CCC_590369803038803_02M-200x300.jpg 200w, https:\/\/blog.ccc.eu\/hu\/wp-content\/uploads\/2025\/09\/CCC_590369803038803_02M-100x150.jpg 100w\" sizes=\"auto, (max-width: 512px) 100vw, 512px\" \/><\/figure>\n<\/figure>\n\n\n\n<h2 class=\"wp-block-heading\"><strong>Sz\u00ednes sportcip\u0151k \u2013 a 2025-\u00f6s \u0151szi cip\u0151trend<\/strong><\/h2>\n\n\n\n<p>V\u00e9gre igaz\u00e1n sz\u00ednre l\u00e9pnek \u2013 \u00e9s most t\u00e9nyleg sz\u00e1m\u00edt, milyen \u00e1rnyalatot v\u00e1lasztasz! Az intenz\u00edv z\u00f6ldek, r\u00f3zsasz\u00ednek, narancsok, a k\u00e9k v\u00e9gtelen vari\u00e1ci\u00f3i, egy csipetnyi s\u00e1rga, valamint a m\u00e9ly csokol\u00e1d\u00e9barna \u00e9s cseresznye t\u00f3nusok uralj\u00e1k a szezont. A sz\u00ednes sportcip\u0151k lettek az idei must-have darabok, friss alternat\u00edv\u00e1t k\u00edn\u00e1lva a k\u00f6zelm\u00faltban h\u00f3d\u00edt\u00f3 feh\u00e9r \u00e9s fekete modellek helyett. Megjelennek sportos \u00e9s utcai \u00f6ssze\u00e1ll\u00edt\u00e1sokban, de a h\u00e9tk\u00f6znapi elegancia r\u00e9szek\u00e9nt is. Fedezd fel a sz\u00ednek izgalmas vil\u00e1g\u00e1t a Reebok \u00e9s a Puma kollekci\u00f3iban!<\/p>\n\n\n\n<figure class=\"wp-block-gallery has-nested-images columns-default is-cropped wp-block-gallery-3 is-layout-flex wp-block-gallery-is-layout-flex\">\n<figure class=\"wp-block-image size-large\"><img loading=\"lazy\" decoding=\"async\" width=\"512\" height=\"768\" data-id=\"11012\" src=\"https:\/\/blog.ccc.eu\/hu\/wp-content\/uploads\/2025\/09\/CCC_0000304872747_02M.jpg\" alt=\"\" class=\"wp-image-11012\" srcset=\"https:\/\/blog.ccc.eu\/hu\/wp-content\/uploads\/2025\/09\/CCC_0000304872747_02M.jpg 512w, https:\/\/blog.ccc.eu\/hu\/wp-content\/uploads\/2025\/09\/CCC_0000304872747_02M-200x300.jpg 200w, https:\/\/blog.ccc.eu\/hu\/wp-content\/uploads\/2025\/09\/CCC_0000304872747_02M-100x150.jpg 100w\" sizes=\"auto, (max-width: 512px) 100vw, 512px\" \/><\/figure>\n\n\n\n<figure class=\"wp-block-image size-large\"><img loading=\"lazy\" decoding=\"async\" width=\"512\" height=\"768\" data-id=\"11013\" src=\"https:\/\/blog.ccc.eu\/hu\/wp-content\/uploads\/2025\/09\/CCC_5903419985799_02M.jpg\" alt=\"\" class=\"wp-image-11013\" srcset=\"https:\/\/blog.ccc.eu\/hu\/wp-content\/uploads\/2025\/09\/CCC_5903419985799_02M.jpg 512w, https:\/\/blog.ccc.eu\/hu\/wp-content\/uploads\/2025\/09\/CCC_5903419985799_02M-200x300.jpg 200w, https:\/\/blog.ccc.eu\/hu\/wp-content\/uploads\/2025\/09\/CCC_5903419985799_02M-100x150.jpg 100w\" sizes=\"auto, (max-width: 512px) 100vw, 512px\" \/><\/figure>\n<\/figure>\n\n\n\n<h2 class=\"wp-block-heading\">Cowboy csizm\u00e1k \u2013 Extravag\u00e1ns darabok az \u00faj szezonra<\/h2>\n\n\n\n<p>B\u00e1r k\u00e9ts\u00e9gtelen\u00fcl az \u0151szh\u00f6z k\u00f6tik \u0151ket, a cowboy csizm\u00e1k bebizony\u00edtott\u00e1k, hogy eg\u00e9sz \u00e9vben ide\u00e1lis v\u00e1laszt\u00e1snak bizonyulnak. Ez a sz\u00e9les fels\u0151r\u00e9szv\u00e1laszt\u00e9knak k\u00f6sz\u00f6nhet\u0151, amelyek lehetnek r\u00f6videk, k\u00f6z\u00e9phossz\u00faak, vagy ak\u00e1r t\u00e9rdig \u00e9r\u0151ek is. Dekorat\u00edv, minimalista mint\u00e1kkal vagy rojtokkal \u00e9s szegecsekkel\u00a0<strong>ezek a csizm\u00e1k j\u00f3l kieg\u00e9sz\u00edtik a lenge, eleg\u00e1ns szokny\u00e1kat, a fesztiv\u00e1lhangulatot vagy az \u0151szi boh\u00e9m st\u00edlust.<\/strong>\u00a0N\u00e9zd meg a Badura, Jenny vagy DeeZee m\u00e1rka k\u00edn\u00e1lat\u00e1ban!<\/p>\n\n\n\n<figure class=\"wp-block-gallery has-nested-images columns-default is-cropped wp-block-gallery-4 is-layout-flex wp-block-gallery-is-layout-flex\">\n<figure class=\"wp-block-image size-large\"><img loading=\"lazy\" decoding=\"async\" width=\"683\" height=\"1024\" data-id=\"11014\" src=\"https:\/\/blog.ccc.eu\/hu\/wp-content\/uploads\/2025\/09\/CCC_2230083243829_03-683x1024.jpg\" alt=\"\" class=\"wp-image-11014\" srcset=\"https:\/\/blog.ccc.eu\/hu\/wp-content\/uploads\/2025\/09\/CCC_2230083243829_03-683x1024.jpg 683w, https:\/\/blog.ccc.eu\/hu\/wp-content\/uploads\/2025\/09\/CCC_2230083243829_03-200x300.jpg 200w, https:\/\/blog.ccc.eu\/hu\/wp-content\/uploads\/2025\/09\/CCC_2230083243829_03-768x1152.jpg 768w, https:\/\/blog.ccc.eu\/hu\/wp-content\/uploads\/2025\/09\/CCC_2230083243829_03-100x150.jpg 100w, https:\/\/blog.ccc.eu\/hu\/wp-content\/uploads\/2025\/09\/CCC_2230083243829_03.jpg 876w\" sizes=\"auto, (max-width: 683px) 100vw, 683px\" \/><\/figure>\n\n\n\n<figure class=\"wp-block-image size-large\"><img loading=\"lazy\" decoding=\"async\" width=\"683\" height=\"1024\" data-id=\"11015\" src=\"https:\/\/blog.ccc.eu\/hu\/wp-content\/uploads\/2025\/09\/CCC_2230083249029_03-683x1024.jpg\" alt=\"\" class=\"wp-image-11015\" srcset=\"https:\/\/blog.ccc.eu\/hu\/wp-content\/uploads\/2025\/09\/CCC_2230083249029_03-683x1024.jpg 683w, https:\/\/blog.ccc.eu\/hu\/wp-content\/uploads\/2025\/09\/CCC_2230083249029_03-200x300.jpg 200w, https:\/\/blog.ccc.eu\/hu\/wp-content\/uploads\/2025\/09\/CCC_2230083249029_03-768x1152.jpg 768w, https:\/\/blog.ccc.eu\/hu\/wp-content\/uploads\/2025\/09\/CCC_2230083249029_03-100x150.jpg 100w, https:\/\/blog.ccc.eu\/hu\/wp-content\/uploads\/2025\/09\/CCC_2230083249029_03.jpg 876w\" sizes=\"auto, (max-width: 683px) 100vw, 683px\" \/><\/figure>\n<\/figure>\n\n\n\n<p>Fedezd fel a 2025-\u00f6s \u0151szi-t\u00e9li szezon legtrendibb cip\u0151it\u00a0<a href=\"https:\/\/ccc.eu\/hu\/sklepy\" target=\"_blank\" rel=\"noreferrer noopener\">CCC \u00fczleteinkben<\/a>,\u00a0<a href=\"https:\/\/ccc.eu\/hu\/\" target=\"_blank\" rel=\"noreferrer noopener\">webshopunkban<\/a>, \u00e9s az\u00a0<a href=\"https:\/\/ccc.eu\/hu\/mobile-app\" target=\"_blank\" rel=\"noreferrer noopener\">alkalmaz\u00e1sban<\/a>. Legy\u00e9l\u00a0<a href=\"https:\/\/ccc.eu\/hu\/klub-ccc\" target=\"_blank\" rel=\"noreferrer noopener\">CCC klubtag<\/a>\u00a0is, \u00e9s \u00e9lvezd a k\u00e9nyelmes \u00e9s kedvezm\u00e9nyes v\u00e1s\u00e1rl\u00e1si lehet\u0151s\u00e9geket! K\u00f6vesd vel\u00fcnk a divatot\u00a0<a href=\"https:\/\/www.facebook.com\/CCC.Hungary\/\" target=\"_blank\" rel=\"noreferrer noopener\">Facebookon,<\/a>\u00a0\u00e9s inspir\u00e1l\u00f3dj vel\u00fcnk az\u00a0<a href=\"https:\/\/www.instagram.com\/cccshoesbags\/\" target=\"_blank\" rel=\"noreferrer noopener\">Instagramon<\/a>\u00a0is!\u00a0\u00a0\u00a0\u00a0 \u00a0<\/p>\n","protected":false},"excerpt":{"rendered":"<p>Az \u00e9vek sor\u00e1n az id\u0151tlen klasszikusok \u00e9s a letisztult elegancia \u00e1llt a k\u00f6z\u00e9ppontban. Most azonban az \u0151szi-t\u00e9li szezonhoz \u00e9vtizedek \u00f3ta kapcsol\u00f3d\u00f3 st\u00edlusok teljesen \u00faj \u00e9rtelmez\u00e9st nyernek. A j\u00f3l ismert modellek mellett sz\u00ednek, mint\u00e1k \u00e9s text\u00far\u00e1k val\u00f3di kavalk\u00e1dja jelenik meg. Fedezd fel a 2025\/2026-os \u0151szi-t\u00e9li n\u0151i cip\u0151kollekci\u00f3t a CCC-ben! Divatos cip\u0151k \u2013 2025\/2026 \u0151sz-t\u00e9l A tervez\u0151k [&hellip;]<\/p>\n","protected":false},"author":22,"featured_media":11009,"comment_status":"open","ping_status":"open","sticky":false,"template":"","format":"standard","meta":{"_acf_changed":false,"footnotes":""},"categories":[6],"tags":[560,707,614,786],"class_list":["post-11005","post","type-post","status-publish","format-standard","has-post-thumbnail","hentry","category-trendek","tag-ccc","tag-cipok","tag-oszi-cipok","tag-trendek"],"acf":[],"yoast_head":"<!-- This site is optimized with the Yoast SEO plugin v26.9 - https:\/\/yoast.com\/product\/yoast-seo-wordpress\/ -->\n<title>St\u00edlusos \u0151szi-t\u00e9li cip\u0151k - CCC Fashion blog<\/title>\n<meta name=\"description\" content=\"2026\" \/>\n<meta name=\"robots\" content=\"index, follow, max-snippet:-1, max-image-preview:large, max-video-preview:-1\" \/>\n<link rel=\"canonical\" href=\"https:\/\/blog.ccc.eu\/hu\/stilusos-oszi-teli-cipok\/\" \/>\n<meta property=\"og:locale\" content=\"hu_HU\" \/>\n<meta property=\"og:type\" content=\"article\" \/>\n<meta property=\"og:title\" content=\"St\u00edlusos \u0151szi-t\u00e9li cip\u0151k - CCC Fashion blog\" \/>\n<meta property=\"og:description\" content=\"Az \u00e9vek sor\u00e1n az id\u0151tlen klasszikusok \u00e9s a letisztult elegancia \u00e1llt a k\u00f6z\u00e9ppontban. Most azonban az \u0151szi-t\u00e9li szezonhoz \u00e9vtizedek \u00f3ta kapcsol\u00f3d\u00f3 st\u00edlusok teljesen \u00faj \u00e9rtelmez\u00e9st nyernek. A j\u00f3l ismert modellek mellett sz\u00ednek, mint\u00e1k \u00e9s text\u00far\u00e1k val\u00f3di kavalk\u00e1dja jelenik meg. Fedezd fel a 2025\/2026-os \u0151szi-t\u00e9li n\u0151i cip\u0151kollekci\u00f3t a CCC-ben! Divatos cip\u0151k \u2013 2025\/2026 \u0151sz-t\u00e9l A tervez\u0151k [&hellip;]\" \/>\n<meta property=\"og:url\" content=\"https:\/\/blog.ccc.eu\/hu\/stilusos-oszi-teli-cipok\/\" \/>\n<meta property=\"og:site_name\" content=\"CCC Fashion blog\" \/>\n<meta property=\"article:published_time\" content=\"2025-09-05T09:33:59+00:00\" \/>\n<meta property=\"article:modified_time\" content=\"2025-09-05T09:34:00+00:00\" \/>\n<meta property=\"og:image\" content=\"https:\/\/blog.ccc.eu\/hu\/wp-content\/uploads\/2025\/09\/07_Nine_West_SS25-1-2.jpg\" \/>\n\t<meta property=\"og:image:width\" content=\"614\" \/>\n\t<meta property=\"og:image:height\" content=\"768\" \/>\n\t<meta property=\"og:image:type\" content=\"image\/jpeg\" \/>\n<meta name=\"author\" content=\"Beatrix Korosi\" \/>\n<meta name=\"twitter:card\" content=\"summary_large_image\" \/>\n<meta name=\"twitter:label1\" content=\"Szerz\u0151:\" \/>\n\t<meta name=\"twitter:data1\" content=\"Beatrix Korosi\" \/>\n\t<meta name=\"twitter:label2\" content=\"Becs\u00fclt olvas\u00e1si id\u0151\" \/>\n\t<meta name=\"twitter:data2\" content=\"4 perc\" \/>\n<script type=\"application\/ld+json\" class=\"yoast-schema-graph\">{\"@context\":\"https:\/\/schema.org\",\"@graph\":[{\"@type\":\"Article\",\"@id\":\"https:\/\/blog.ccc.eu\/hu\/stilusos-oszi-teli-cipok\/#article\",\"isPartOf\":{\"@id\":\"https:\/\/blog.ccc.eu\/hu\/stilusos-oszi-teli-cipok\/\"},\"author\":{\"name\":\"Beatrix Korosi\",\"@id\":\"https:\/\/blog.ccc.eu\/hu\/#\/schema\/person\/b37d4e58a15b8cc6b1339218cfeb7c10\"},\"headline\":\"St\u00edlusos \u0151szi-t\u00e9li cip\u0151k\",\"datePublished\":\"2025-09-05T09:33:59+00:00\",\"dateModified\":\"2025-09-05T09:34:00+00:00\",\"mainEntityOfPage\":{\"@id\":\"https:\/\/blog.ccc.eu\/hu\/stilusos-oszi-teli-cipok\/\"},\"wordCount\":553,\"commentCount\":0,\"publisher\":{\"@id\":\"https:\/\/blog.ccc.eu\/hu\/#organization\"},\"image\":{\"@id\":\"https:\/\/blog.ccc.eu\/hu\/stilusos-oszi-teli-cipok\/#primaryimage\"},\"thumbnailUrl\":\"https:\/\/blog.ccc.eu\/hu\/wp-content\/uploads\/2025\/09\/07_Nine_West_SS25-1-2.jpg\",\"keywords\":[\"CCC\",\"cip\u0151k\",\"\u0151szi cip\u0151k\",\"trendek\"],\"articleSection\":[\"TRENDEK\"],\"inLanguage\":\"hu\",\"potentialAction\":[{\"@type\":\"CommentAction\",\"name\":\"Comment\",\"target\":[\"https:\/\/blog.ccc.eu\/hu\/stilusos-oszi-teli-cipok\/#respond\"]}]},{\"@type\":\"WebPage\",\"@id\":\"https:\/\/blog.ccc.eu\/hu\/stilusos-oszi-teli-cipok\/\",\"url\":\"https:\/\/blog.ccc.eu\/hu\/stilusos-oszi-teli-cipok\/\",\"name\":\"St\u00edlusos \u0151szi-t\u00e9li cip\u0151k - CCC Fashion blog\",\"isPartOf\":{\"@id\":\"https:\/\/blog.ccc.eu\/hu\/#website\"},\"primaryImageOfPage\":{\"@id\":\"https:\/\/blog.ccc.eu\/hu\/stilusos-oszi-teli-cipok\/#primaryimage\"},\"image\":{\"@id\":\"https:\/\/blog.ccc.eu\/hu\/stilusos-oszi-teli-cipok\/#primaryimage\"},\"thumbnailUrl\":\"https:\/\/blog.ccc.eu\/hu\/wp-content\/uploads\/2025\/09\/07_Nine_West_SS25-1-2.jpg\",\"datePublished\":\"2025-09-05T09:33:59+00:00\",\"dateModified\":\"2025-09-05T09:34:00+00:00\",\"breadcrumb\":{\"@id\":\"https:\/\/blog.ccc.eu\/hu\/stilusos-oszi-teli-cipok\/#breadcrumb\"},\"inLanguage\":\"hu\",\"potentialAction\":[{\"@type\":\"ReadAction\",\"target\":[\"https:\/\/blog.ccc.eu\/hu\/stilusos-oszi-teli-cipok\/\"]}]},{\"@type\":\"ImageObject\",\"inLanguage\":\"hu\",\"@id\":\"https:\/\/blog.ccc.eu\/hu\/stilusos-oszi-teli-cipok\/#primaryimage\",\"url\":\"https:\/\/blog.ccc.eu\/hu\/wp-content\/uploads\/2025\/09\/07_Nine_West_SS25-1-2.jpg\",\"contentUrl\":\"https:\/\/blog.ccc.eu\/hu\/wp-content\/uploads\/2025\/09\/07_Nine_West_SS25-1-2.jpg\",\"width\":614,\"height\":768},{\"@type\":\"BreadcrumbList\",\"@id\":\"https:\/\/blog.ccc.eu\/hu\/stilusos-oszi-teli-cipok\/#breadcrumb\",\"itemListElement\":[{\"@type\":\"ListItem\",\"position\":1,\"name\":\"Strona g\u0142\u00f3wna\",\"item\":\"https:\/\/blog.ccc.eu\/hu\/\"},{\"@type\":\"ListItem\",\"position\":2,\"name\":\"St\u00edlusos \u0151szi-t\u00e9li cip\u0151k\"}]},{\"@type\":\"WebSite\",\"@id\":\"https:\/\/blog.ccc.eu\/hu\/#website\",\"url\":\"https:\/\/blog.ccc.eu\/hu\/\",\"name\":\"CCC Fashion blog\",\"description\":\"Az \u00d6n helye tele van divatihletekkel\",\"publisher\":{\"@id\":\"https:\/\/blog.ccc.eu\/hu\/#organization\"},\"potentialAction\":[{\"@type\":\"SearchAction\",\"target\":{\"@type\":\"EntryPoint\",\"urlTemplate\":\"https:\/\/blog.ccc.eu\/hu\/?s={search_term_string}\"},\"query-input\":{\"@type\":\"PropertyValueSpecification\",\"valueRequired\":true,\"valueName\":\"search_term_string\"}}],\"inLanguage\":\"hu\"},{\"@type\":\"Organization\",\"@id\":\"https:\/\/blog.ccc.eu\/hu\/#organization\",\"name\":\"CCC S.A.\",\"url\":\"https:\/\/blog.ccc.eu\/hu\/\",\"logo\":{\"@type\":\"ImageObject\",\"inLanguage\":\"hu\",\"@id\":\"https:\/\/blog.ccc.eu\/hu\/#\/schema\/logo\/image\/\",\"url\":\"https:\/\/blog.ccc.eu\/hu\/wp-content\/uploads\/2021\/11\/logo_ccc.png\",\"contentUrl\":\"https:\/\/blog.ccc.eu\/hu\/wp-content\/uploads\/2021\/11\/logo_ccc.png\",\"width\":730,\"height\":270,\"caption\":\"CCC S.A.\"},\"image\":{\"@id\":\"https:\/\/blog.ccc.eu\/hu\/#\/schema\/logo\/image\/\"}},{\"@type\":\"Person\",\"@id\":\"https:\/\/blog.ccc.eu\/hu\/#\/schema\/person\/b37d4e58a15b8cc6b1339218cfeb7c10\",\"name\":\"Beatrix Korosi\",\"image\":{\"@type\":\"ImageObject\",\"inLanguage\":\"hu\",\"@id\":\"https:\/\/blog.ccc.eu\/hu\/#\/schema\/person\/image\/\",\"url\":\"https:\/\/blog.ccc.eu\/hu\/wp-content\/uploads\/2022\/11\/Bea-150x150.jpg\",\"contentUrl\":\"https:\/\/blog.ccc.eu\/hu\/wp-content\/uploads\/2022\/11\/Bea-150x150.jpg\",\"caption\":\"Beatrix Korosi\"},\"url\":\"https:\/\/blog.ccc.eu\/hu\/author\/beatrix-korosi\/\"}]}<\/script>\n<!-- \/ Yoast SEO plugin. -->","yoast_head_json":{"title":"St\u00edlusos \u0151szi-t\u00e9li cip\u0151k - CCC Fashion blog","description":"2026","robots":{"index":"index","follow":"follow","max-snippet":"max-snippet:-1","max-image-preview":"max-image-preview:large","max-video-preview":"max-video-preview:-1"},"canonical":"https:\/\/blog.ccc.eu\/hu\/stilusos-oszi-teli-cipok\/","og_locale":"hu_HU","og_type":"article","og_title":"St\u00edlusos \u0151szi-t\u00e9li cip\u0151k - CCC Fashion blog","og_description":"Az \u00e9vek sor\u00e1n az id\u0151tlen klasszikusok \u00e9s a letisztult elegancia \u00e1llt a k\u00f6z\u00e9ppontban. Most azonban az \u0151szi-t\u00e9li szezonhoz \u00e9vtizedek \u00f3ta kapcsol\u00f3d\u00f3 st\u00edlusok teljesen \u00faj \u00e9rtelmez\u00e9st nyernek. A j\u00f3l ismert modellek mellett sz\u00ednek, mint\u00e1k \u00e9s text\u00far\u00e1k val\u00f3di kavalk\u00e1dja jelenik meg. Fedezd fel a 2025\/2026-os \u0151szi-t\u00e9li n\u0151i cip\u0151kollekci\u00f3t a CCC-ben! Divatos cip\u0151k \u2013 2025\/2026 \u0151sz-t\u00e9l A tervez\u0151k [&hellip;]","og_url":"https:\/\/blog.ccc.eu\/hu\/stilusos-oszi-teli-cipok\/","og_site_name":"CCC Fashion blog","article_published_time":"2025-09-05T09:33:59+00:00","article_modified_time":"2025-09-05T09:34:00+00:00","og_image":[{"width":614,"height":768,"url":"https:\/\/blog.ccc.eu\/hu\/wp-content\/uploads\/2025\/09\/07_Nine_West_SS25-1-2.jpg","type":"image\/jpeg"}],"author":"Beatrix Korosi","twitter_card":"summary_large_image","twitter_misc":{"Szerz\u0151:":"Beatrix Korosi","Becs\u00fclt olvas\u00e1si id\u0151":"4 perc"},"schema":{"@context":"https:\/\/schema.org","@graph":[{"@type":"Article","@id":"https:\/\/blog.ccc.eu\/hu\/stilusos-oszi-teli-cipok\/#article","isPartOf":{"@id":"https:\/\/blog.ccc.eu\/hu\/stilusos-oszi-teli-cipok\/"},"author":{"name":"Beatrix Korosi","@id":"https:\/\/blog.ccc.eu\/hu\/#\/schema\/person\/b37d4e58a15b8cc6b1339218cfeb7c10"},"headline":"St\u00edlusos \u0151szi-t\u00e9li cip\u0151k","datePublished":"2025-09-05T09:33:59+00:00","dateModified":"2025-09-05T09:34:00+00:00","mainEntityOfPage":{"@id":"https:\/\/blog.ccc.eu\/hu\/stilusos-oszi-teli-cipok\/"},"wordCount":553,"commentCount":0,"publisher":{"@id":"https:\/\/blog.ccc.eu\/hu\/#organization"},"image":{"@id":"https:\/\/blog.ccc.eu\/hu\/stilusos-oszi-teli-cipok\/#primaryimage"},"thumbnailUrl":"https:\/\/blog.ccc.eu\/hu\/wp-content\/uploads\/2025\/09\/07_Nine_West_SS25-1-2.jpg","keywords":["CCC","cip\u0151k","\u0151szi cip\u0151k","trendek"],"articleSection":["TRENDEK"],"inLanguage":"hu","potentialAction":[{"@type":"CommentAction","name":"Comment","target":["https:\/\/blog.ccc.eu\/hu\/stilusos-oszi-teli-cipok\/#respond"]}]},{"@type":"WebPage","@id":"https:\/\/blog.ccc.eu\/hu\/stilusos-oszi-teli-cipok\/","url":"https:\/\/blog.ccc.eu\/hu\/stilusos-oszi-teli-cipok\/","name":"St\u00edlusos \u0151szi-t\u00e9li cip\u0151k - CCC Fashion blog","isPartOf":{"@id":"https:\/\/blog.ccc.eu\/hu\/#website"},"primaryImageOfPage":{"@id":"https:\/\/blog.ccc.eu\/hu\/stilusos-oszi-teli-cipok\/#primaryimage"},"image":{"@id":"https:\/\/blog.ccc.eu\/hu\/stilusos-oszi-teli-cipok\/#primaryimage"},"thumbnailUrl":"https:\/\/blog.ccc.eu\/hu\/wp-content\/uploads\/2025\/09\/07_Nine_West_SS25-1-2.jpg","datePublished":"2025-09-05T09:33:59+00:00","dateModified":"2025-09-05T09:34:00+00:00","breadcrumb":{"@id":"https:\/\/blog.ccc.eu\/hu\/stilusos-oszi-teli-cipok\/#breadcrumb"},"inLanguage":"hu","potentialAction":[{"@type":"ReadAction","target":["https:\/\/blog.ccc.eu\/hu\/stilusos-oszi-teli-cipok\/"]}]},{"@type":"ImageObject","inLanguage":"hu","@id":"https:\/\/blog.ccc.eu\/hu\/stilusos-oszi-teli-cipok\/#primaryimage","url":"https:\/\/blog.ccc.eu\/hu\/wp-content\/uploads\/2025\/09\/07_Nine_West_SS25-1-2.jpg","contentUrl":"https:\/\/blog.ccc.eu\/hu\/wp-content\/uploads\/2025\/09\/07_Nine_West_SS25-1-2.jpg","width":614,"height":768},{"@type":"BreadcrumbList","@id":"https:\/\/blog.ccc.eu\/hu\/stilusos-oszi-teli-cipok\/#breadcrumb","itemListElement":[{"@type":"ListItem","position":1,"name":"Strona g\u0142\u00f3wna","item":"https:\/\/blog.ccc.eu\/hu\/"},{"@type":"ListItem","position":2,"name":"St\u00edlusos \u0151szi-t\u00e9li cip\u0151k"}]},{"@type":"WebSite","@id":"https:\/\/blog.ccc.eu\/hu\/#website","url":"https:\/\/blog.ccc.eu\/hu\/","name":"CCC Fashion blog","description":"Az \u00d6n helye tele van divatihletekkel","publisher":{"@id":"https:\/\/blog.ccc.eu\/hu\/#organization"},"potentialAction":[{"@type":"SearchAction","target":{"@type":"EntryPoint","urlTemplate":"https:\/\/blog.ccc.eu\/hu\/?s={search_term_string}"},"query-input":{"@type":"PropertyValueSpecification","valueRequired":true,"valueName":"search_term_string"}}],"inLanguage":"hu"},{"@type":"Organization","@id":"https:\/\/blog.ccc.eu\/hu\/#organization","name":"CCC S.A.","url":"https:\/\/blog.ccc.eu\/hu\/","logo":{"@type":"ImageObject","inLanguage":"hu","@id":"https:\/\/blog.ccc.eu\/hu\/#\/schema\/logo\/image\/","url":"https:\/\/blog.ccc.eu\/hu\/wp-content\/uploads\/2021\/11\/logo_ccc.png","contentUrl":"https:\/\/blog.ccc.eu\/hu\/wp-content\/uploads\/2021\/11\/logo_ccc.png","width":730,"height":270,"caption":"CCC S.A."},"image":{"@id":"https:\/\/blog.ccc.eu\/hu\/#\/schema\/logo\/image\/"}},{"@type":"Person","@id":"https:\/\/blog.ccc.eu\/hu\/#\/schema\/person\/b37d4e58a15b8cc6b1339218cfeb7c10","name":"Beatrix Korosi","image":{"@type":"ImageObject","inLanguage":"hu","@id":"https:\/\/blog.ccc.eu\/hu\/#\/schema\/person\/image\/","url":"https:\/\/blog.ccc.eu\/hu\/wp-content\/uploads\/2022\/11\/Bea-150x150.jpg","contentUrl":"https:\/\/blog.ccc.eu\/hu\/wp-content\/uploads\/2022\/11\/Bea-150x150.jpg","caption":"Beatrix Korosi"},"url":"https:\/\/blog.ccc.eu\/hu\/author\/beatrix-korosi\/"}]}},"_links":{"self":[{"href":"https:\/\/blog.ccc.eu\/hu\/wp-json\/wp\/v2\/posts\/11005","targetHints":{"allow":["GET"]}}],"collection":[{"href":"https:\/\/blog.ccc.eu\/hu\/wp-json\/wp\/v2\/posts"}],"about":[{"href":"https:\/\/blog.ccc.eu\/hu\/wp-json\/wp\/v2\/types\/post"}],"author":[{"embeddable":true,"href":"https:\/\/blog.ccc.eu\/hu\/wp-json\/wp\/v2\/users\/22"}],"replies":[{"embeddable":true,"href":"https:\/\/blog.ccc.eu\/hu\/wp-json\/wp\/v2\/comments?post=11005"}],"version-history":[{"count":1,"href":"https:\/\/blog.ccc.eu\/hu\/wp-json\/wp\/v2\/posts\/11005\/revisions"}],"predecessor-version":[{"id":11016,"href":"https:\/\/blog.ccc.eu\/hu\/wp-json\/wp\/v2\/posts\/11005\/revisions\/11016"}],"wp:featuredmedia":[{"embeddable":true,"href":"https:\/\/blog.ccc.eu\/hu\/wp-json\/wp\/v2\/media\/11009"}],"wp:attachment":[{"href":"https:\/\/blog.ccc.eu\/hu\/wp-json\/wp\/v2\/media?parent=11005"}],"wp:term":[{"taxonomy":"category","embeddable":true,"href":"https:\/\/blog.ccc.eu\/hu\/wp-json\/wp\/v2\/categories?post=11005"},{"taxonomy":"post_tag","embeddable":true,"href":"https:\/\/blog.ccc.eu\/hu\/wp-json\/wp\/v2\/tags?post=11005"}],"curies":[{"name":"wp","href":"https:\/\/api.w.org\/{rel}","templated":true}]}}