{"id":11102,"date":"2025-12-10T10:34:45","date_gmt":"2025-12-10T09:34:45","guid":{"rendered":"https:\/\/blog.ccc.eu\/hu\/?p=11102"},"modified":"2025-12-09T11:05:08","modified_gmt":"2025-12-09T10:05:08","slug":"zard-az-evet-stilusosan-ragyogoan-inspiralo-kollekcioval-var-a-ccc","status":"publish","type":"post","link":"https:\/\/blog.ccc.eu\/hu\/zard-az-evet-stilusosan-ragyogoan-inspiralo-kollekcioval-var-a-ccc\/","title":{"rendered":"Z\u00e1rd az \u00e9vet st\u00edlusosan &#8211; Ragyog\u00f3an inspir\u00e1l\u00f3 kollekci\u00f3val v\u00e1r a CCC"},"content":{"rendered":"\n<p><b>A kar\u00e1csonyi id\u0151szak k\u00fcl\u00f6nleges hangulat\u00e1t nemcsak a f\u00e9nyek, a dekor\u00e1ci\u00f3k vagy az aj\u00e1nd\u00e9kok adj\u00e1k, hanem a harmonikusan \u00f6ssze\u00e1ll\u00edtott outfitek is \u2013 sikkesen eleg\u00e1ns, m\u00e9gis k\u00e9nyelmes darabokkal. A CCC id\u00e9n is elhozta a szezon legfrissebb trendjeit, a vadonat\u00faj kollekci\u00f3kat egyt\u0151l egyig az \u00fcnnep csillog\u00e1sa j\u00e1rja \u00e1t. A New York-i divat izgalmas, pezsg\u0151 \u00e9s rendk\u00edv\u00fcl egyedi vil\u00e1g\u00e1t a Nine West New York leg\u00fajabb modelljei var\u00e1zsolj\u00e1k a CCC polcaira. A kollekci\u00f3 a nagyv\u00e1rosi eleganci\u00e1t\u00f3l az esti ragyog\u00e1sig minden alkalomhoz k\u00edn\u00e1l karakteres, trendi kieg\u00e9sz\u00edt\u0151ket.<\/b><\/p>\n\n\n\n<figure class=\"wp-block-image size-full\"><img loading=\"lazy\" decoding=\"async\" width=\"1000\" height=\"500\" src=\"https:\/\/blog.ccc.eu\/hu\/wp-content\/uploads\/2025\/12\/PR_HU_TOREBKI-AW25_INFLU_1000-x-500.jpg\" alt=\"\" class=\"wp-image-11103\" srcset=\"https:\/\/blog.ccc.eu\/hu\/wp-content\/uploads\/2025\/12\/PR_HU_TOREBKI-AW25_INFLU_1000-x-500.jpg 1000w, https:\/\/blog.ccc.eu\/hu\/wp-content\/uploads\/2025\/12\/PR_HU_TOREBKI-AW25_INFLU_1000-x-500-300x150.jpg 300w, https:\/\/blog.ccc.eu\/hu\/wp-content\/uploads\/2025\/12\/PR_HU_TOREBKI-AW25_INFLU_1000-x-500-768x384.jpg 768w, https:\/\/blog.ccc.eu\/hu\/wp-content\/uploads\/2025\/12\/PR_HU_TOREBKI-AW25_INFLU_1000-x-500-100x50.jpg 100w\" sizes=\"auto, (max-width: 1000px) 100vw, 1000px\" \/><\/figure>\n\n\n\n<p><\/p>\n\n\n\n<h2 class=\"wp-block-heading\">Divatos megold\u00e1sok az \u00fcnnepekre<\/h2>\n\n\n\n<p>Az \u00fcnnepi id\u0151szak soksz\u00edn\u0171s\u00e9ge mind megjelenik a Nine West leg\u00fajabb kollekci\u00f3j\u00e1ban, mik\u00f6zben a term\u00e9kek a modern n\u0151k sokoldal\u00fas\u00e1g\u00e1t \u00fcnneplik. A t\u00e1skakollekci\u00f3 a klasszikus form\u00e1kat \u00fajragondolt r\u00e9szletekkel gazdag\u00edtja; a megcsillan\u00f3 f\u00e9m d\u00edszek, finom l\u00e1ncok \u00e9s eleg\u00e1ns cipz\u00e1rak minden darabot k\u00fcl\u00f6nlegess\u00e9 tesznek, mik\u00f6zben a bels\u0151 rekeszek gondoskodnak a mindennapi praktikus haszn\u00e1latr\u00f3l. A paletta a klasszikus fekete \u00e1rnyalatt\u00f3l az \u00fcnnepi id\u0151szakhoz passzol\u00f3 bord\u00f3 \u00e9s ez\u00fcst t\u00f3nusokig terjed, \u00edgy az esti vacsor\u00e1hoz, de a szilveszteri bulihoz is k\u00f6nnyed\u00e9n v\u00e1laszthatsz egy-egy kieg\u00e9sz\u00edt\u0151t.<\/p>\n\n\n\n<figure class=\"wp-block-gallery has-nested-images columns-default is-cropped wp-block-gallery-1 is-layout-flex wp-block-gallery-is-layout-flex\">\n<figure class=\"wp-block-image size-large\"><img loading=\"lazy\" decoding=\"async\" width=\"1024\" height=\"793\" data-id=\"11106\" src=\"https:\/\/blog.ccc.eu\/hu\/wp-content\/uploads\/2025\/12\/PR_HU_TOREBKI-AW25_INFLU_1240-x-9606-1-1024x793.jpg\" alt=\"\" class=\"wp-image-11106\" srcset=\"https:\/\/blog.ccc.eu\/hu\/wp-content\/uploads\/2025\/12\/PR_HU_TOREBKI-AW25_INFLU_1240-x-9606-1-1024x793.jpg 1024w, https:\/\/blog.ccc.eu\/hu\/wp-content\/uploads\/2025\/12\/PR_HU_TOREBKI-AW25_INFLU_1240-x-9606-1-300x232.jpg 300w, https:\/\/blog.ccc.eu\/hu\/wp-content\/uploads\/2025\/12\/PR_HU_TOREBKI-AW25_INFLU_1240-x-9606-1-768x595.jpg 768w, https:\/\/blog.ccc.eu\/hu\/wp-content\/uploads\/2025\/12\/PR_HU_TOREBKI-AW25_INFLU_1240-x-9606-1-100x77.jpg 100w, https:\/\/blog.ccc.eu\/hu\/wp-content\/uploads\/2025\/12\/PR_HU_TOREBKI-AW25_INFLU_1240-x-9606-1.jpg 1240w\" sizes=\"auto, (max-width: 1024px) 100vw, 1024px\" \/><\/figure>\n<\/figure>\n\n\n\n<h2 class=\"wp-block-heading\">Urban sikk minden r\u00e9szletben<\/h2>\n\n\n\n<p>A k\u00e9t \u00fcnnep k\u00f6z\u00f6tti id\u0151szak remek lehet\u0151s\u00e9get k\u00edn\u00e1l arra, hogy igaz\u00e1n min\u0151s\u00e9gi id\u0151t t\u00f6lts szeretteiddel. A kollekci\u00f3 a letisztult shopperekt\u0151l a karakteres text\u00far\u00e1j\u00fa tote-okig sz\u00e9les v\u00e1laszt\u00e9kot k\u00edn\u00e1l \u2013 olyan sokoldal\u00fa darabokat, amelyekben minden alapvet\u0151 holmid k\u00e9nyelmesen elf\u00e9r, b\u00e1rhov\u00e1 is vezet a napod. K\u00fcl\u00f6n figyelmet \u00e9rdemelnek a minimalista h\u00e1tizs\u00e1kok, finom l\u00e1ncp\u00e1ntjaik modern csavarral gazdag\u00edtj\u00e1k az outfited, \u00e9s az \u00faj \u00e9vben is a v\u00e1rosi st\u00edlus meghat\u00e1roz\u00f3 elemeiv\u00e9 v\u00e1lnak.<\/p>\n\n\n\n<figure class=\"wp-block-image size-large\"><img loading=\"lazy\" decoding=\"async\" width=\"1024\" height=\"793\" src=\"https:\/\/blog.ccc.eu\/hu\/wp-content\/uploads\/2025\/12\/PR_HU_TOREBKI-AW25_INFLU_1240-x-9604-1024x793.jpg\" alt=\"\" class=\"wp-image-11107\" srcset=\"https:\/\/blog.ccc.eu\/hu\/wp-content\/uploads\/2025\/12\/PR_HU_TOREBKI-AW25_INFLU_1240-x-9604-1024x793.jpg 1024w, https:\/\/blog.ccc.eu\/hu\/wp-content\/uploads\/2025\/12\/PR_HU_TOREBKI-AW25_INFLU_1240-x-9604-300x232.jpg 300w, https:\/\/blog.ccc.eu\/hu\/wp-content\/uploads\/2025\/12\/PR_HU_TOREBKI-AW25_INFLU_1240-x-9604-768x595.jpg 768w, https:\/\/blog.ccc.eu\/hu\/wp-content\/uploads\/2025\/12\/PR_HU_TOREBKI-AW25_INFLU_1240-x-9604-100x77.jpg 100w, https:\/\/blog.ccc.eu\/hu\/wp-content\/uploads\/2025\/12\/PR_HU_TOREBKI-AW25_INFLU_1240-x-9604.jpg 1240w\" sizes=\"auto, (max-width: 1024px) 100vw, 1024px\" \/><\/figure>\n\n\n\n<figure class=\"wp-block-gallery has-nested-images columns-default is-cropped wp-block-gallery-2 is-layout-flex wp-block-gallery-is-layout-flex\">\n<figure class=\"wp-block-image size-large\"><img loading=\"lazy\" decoding=\"async\" width=\"1024\" height=\"793\" data-id=\"11111\" src=\"https:\/\/blog.ccc.eu\/hu\/wp-content\/uploads\/2025\/12\/PR_HU_TOREBKI-AW25_INFLU_1240-x-9605-1024x793.jpg\" alt=\"\" class=\"wp-image-11111\" srcset=\"https:\/\/blog.ccc.eu\/hu\/wp-content\/uploads\/2025\/12\/PR_HU_TOREBKI-AW25_INFLU_1240-x-9605-1024x793.jpg 1024w, https:\/\/blog.ccc.eu\/hu\/wp-content\/uploads\/2025\/12\/PR_HU_TOREBKI-AW25_INFLU_1240-x-9605-300x232.jpg 300w, https:\/\/blog.ccc.eu\/hu\/wp-content\/uploads\/2025\/12\/PR_HU_TOREBKI-AW25_INFLU_1240-x-9605-768x595.jpg 768w, https:\/\/blog.ccc.eu\/hu\/wp-content\/uploads\/2025\/12\/PR_HU_TOREBKI-AW25_INFLU_1240-x-9605-100x77.jpg 100w, https:\/\/blog.ccc.eu\/hu\/wp-content\/uploads\/2025\/12\/PR_HU_TOREBKI-AW25_INFLU_1240-x-9605.jpg 1240w\" sizes=\"auto, (max-width: 1024px) 100vw, 1024px\" \/><\/figure>\n<\/figure>\n\n\n\n<h2 class=\"wp-block-heading\">Trendi v\u00e1laszt\u00e1sok, M\u00e9sz\u00e1ros Lili aj\u00e1nl\u00e1s\u00e1val<\/h2>\n\n\n\n<p>Az \u00fcnnepi szezon hangulat\u00e1t M\u00e9sz\u00e1ros Lili, a Next Top Model Hungary gy\u0151ztese hozza el, aki id\u00e9n a Nine West New York eleg\u00e1ns, csillog\u00f3 darabjaiban ragyog. A Nine West mellett a CCC \u0151szi\u2013t\u00e9li kamp\u00e1ny\u00e1ba olyan pr\u00e9mium m\u00e1rk\u00e1kat is bemutat, mint a Gino Rossi, a Badura, a Beverly Hills Polo Club \u00e9s a G-STAR, elhozva a szezon ikonikus \u00e9s karakteres st\u00edlusait.<\/p>\n\n\n\n<figure class=\"wp-block-gallery has-nested-images columns-default is-cropped wp-block-gallery-3 is-layout-flex wp-block-gallery-is-layout-flex\">\n<figure class=\"wp-block-image size-large\"><img loading=\"lazy\" decoding=\"async\" width=\"1024\" height=\"793\" data-id=\"11108\" src=\"https:\/\/blog.ccc.eu\/hu\/wp-content\/uploads\/2025\/12\/PR_HU_TOREBKI-AW25_INFLU_1240-x-9608-1024x793.jpg\" alt=\"\" class=\"wp-image-11108\" srcset=\"https:\/\/blog.ccc.eu\/hu\/wp-content\/uploads\/2025\/12\/PR_HU_TOREBKI-AW25_INFLU_1240-x-9608-1024x793.jpg 1024w, https:\/\/blog.ccc.eu\/hu\/wp-content\/uploads\/2025\/12\/PR_HU_TOREBKI-AW25_INFLU_1240-x-9608-300x232.jpg 300w, https:\/\/blog.ccc.eu\/hu\/wp-content\/uploads\/2025\/12\/PR_HU_TOREBKI-AW25_INFLU_1240-x-9608-768x595.jpg 768w, https:\/\/blog.ccc.eu\/hu\/wp-content\/uploads\/2025\/12\/PR_HU_TOREBKI-AW25_INFLU_1240-x-9608-100x77.jpg 100w, https:\/\/blog.ccc.eu\/hu\/wp-content\/uploads\/2025\/12\/PR_HU_TOREBKI-AW25_INFLU_1240-x-9608.jpg 1240w\" sizes=\"auto, (max-width: 1024px) 100vw, 1024px\" \/><\/figure>\n<\/figure>\n\n\n\n<figure class=\"wp-block-image size-large\"><img loading=\"lazy\" decoding=\"async\" width=\"1024\" height=\"793\" src=\"https:\/\/blog.ccc.eu\/hu\/wp-content\/uploads\/2025\/12\/PR_HU_TOREBKI-AW25_INFLU_1240-x-9607-1-1024x793.jpg\" alt=\"\" class=\"wp-image-11110\" srcset=\"https:\/\/blog.ccc.eu\/hu\/wp-content\/uploads\/2025\/12\/PR_HU_TOREBKI-AW25_INFLU_1240-x-9607-1-1024x793.jpg 1024w, https:\/\/blog.ccc.eu\/hu\/wp-content\/uploads\/2025\/12\/PR_HU_TOREBKI-AW25_INFLU_1240-x-9607-1-300x232.jpg 300w, https:\/\/blog.ccc.eu\/hu\/wp-content\/uploads\/2025\/12\/PR_HU_TOREBKI-AW25_INFLU_1240-x-9607-1-768x595.jpg 768w, https:\/\/blog.ccc.eu\/hu\/wp-content\/uploads\/2025\/12\/PR_HU_TOREBKI-AW25_INFLU_1240-x-9607-1-100x77.jpg 100w, https:\/\/blog.ccc.eu\/hu\/wp-content\/uploads\/2025\/12\/PR_HU_TOREBKI-AW25_INFLU_1240-x-9607-1.jpg 1240w\" sizes=\"auto, (max-width: 1024px) 100vw, 1024px\" \/><\/figure>\n\n\n\n<p>A CCC ragyog\u00f3an st\u00edlusos t\u00e1sk\u00e1kkal seg\u00edt hangol\u00f3dni az \u00fcnnepi id\u0151szakra. A pr\u00e9mium m\u00e1rk\u00e1k leg\u00fajabb kollekci\u00f3i el\u00e9rhet\u0151k a\u00a0<a href=\"https:\/\/ccc.eu\/hu\/sklepy\" target=\"_blank\" rel=\"noreferrer noopener\">CCC \u00fczleteinkben<\/a>,\u00a0<a href=\"https:\/\/ccc.eu\/hu\/\" target=\"_blank\" rel=\"noreferrer noopener\">webshopunkban<\/a>, \u00e9s az\u00a0<a href=\"https:\/\/ccc.eu\/hu\/mobile-app\" target=\"_blank\" rel=\"noreferrer noopener\">alkalmaz\u00e1sban<\/a>. Legy\u00e9l\u00a0<a href=\"https:\/\/ccc.eu\/hu\/klub-ccc\" target=\"_blank\" rel=\"noreferrer noopener\">CCC klubtag<\/a>\u00a0is, \u00e9s \u00e9lvezd a k\u00e9nyelmes \u00e9s kedvezm\u00e9nyes v\u00e1s\u00e1rl\u00e1si lehet\u0151s\u00e9geket! K\u00f6vesd vel\u00fcnk a divatot\u00a0<a href=\"https:\/\/www.facebook.com\/CCC.Hungary\/\" target=\"_blank\" rel=\"noreferrer noopener\">Facebookon,<\/a>\u00a0\u00e9s inspir\u00e1l\u00f3dj vel\u00fcnk az\u00a0<a href=\"https:\/\/www.instagram.com\/cccshoesbags\/\" target=\"_blank\" rel=\"noreferrer noopener\">Instagramon<\/a>\u00a0is!\u00a0\u00a0\u00a0<\/p>\n","protected":false},"excerpt":{"rendered":"<p>A kar\u00e1csonyi id\u0151szak k\u00fcl\u00f6nleges hangulat\u00e1t nemcsak a f\u00e9nyek, a dekor\u00e1ci\u00f3k vagy az aj\u00e1nd\u00e9kok adj\u00e1k, hanem a harmonikusan \u00f6ssze\u00e1ll\u00edtott outfitek is \u2013 sikkesen eleg\u00e1ns, m\u00e9gis k\u00e9nyelmes darabokkal. A CCC id\u00e9n is elhozta a szezon legfrissebb trendjeit, a vadonat\u00faj kollekci\u00f3kat egyt\u0151l egyig az \u00fcnnep csillog\u00e1sa j\u00e1rja \u00e1t. A New York-i divat izgalmas, pezsg\u0151 \u00e9s rendk\u00edv\u00fcl egyedi vil\u00e1g\u00e1t [&hellip;]<\/p>\n","protected":false},"author":22,"featured_media":11114,"comment_status":"open","ping_status":"open","sticky":false,"template":"","format":"standard","meta":{"_acf_changed":false,"footnotes":""},"categories":[6],"tags":[498,1244,560,1245,229,1243,1080,786],"class_list":["post-11102","post","type-post","status-publish","format-standard","has-post-thumbnail","hentry","category-trendek","tag-badura","tag-beverly-hills-polo-club","tag-ccc","tag-g-star","tag-gino-rossi","tag-nine-west","tag-taskak","tag-trendek"],"acf":[],"yoast_head":"<!-- This site is optimized with the Yoast SEO plugin v26.9 - https:\/\/yoast.com\/product\/yoast-seo-wordpress\/ -->\n<title>Z\u00e1rd az \u00e9vet st\u00edlusosan - Ragyog\u00f3an inspir\u00e1l\u00f3 kollekci\u00f3val v\u00e1r a CCC - CCC Fashion blog<\/title>\n<meta name=\"description\" content=\"2026\" \/>\n<meta name=\"robots\" content=\"index, follow, max-snippet:-1, max-image-preview:large, max-video-preview:-1\" \/>\n<link rel=\"canonical\" href=\"https:\/\/blog.ccc.eu\/hu\/zard-az-evet-stilusosan-ragyogoan-inspiralo-kollekcioval-var-a-ccc\/\" \/>\n<meta property=\"og:locale\" content=\"hu_HU\" \/>\n<meta property=\"og:type\" content=\"article\" \/>\n<meta property=\"og:title\" content=\"Z\u00e1rd az \u00e9vet st\u00edlusosan - Ragyog\u00f3an inspir\u00e1l\u00f3 kollekci\u00f3val v\u00e1r a CCC - CCC Fashion blog\" \/>\n<meta property=\"og:description\" content=\"A kar\u00e1csonyi id\u0151szak k\u00fcl\u00f6nleges hangulat\u00e1t nemcsak a f\u00e9nyek, a dekor\u00e1ci\u00f3k vagy az aj\u00e1nd\u00e9kok adj\u00e1k, hanem a harmonikusan \u00f6ssze\u00e1ll\u00edtott outfitek is \u2013 sikkesen eleg\u00e1ns, m\u00e9gis k\u00e9nyelmes darabokkal. A CCC id\u00e9n is elhozta a szezon legfrissebb trendjeit, a vadonat\u00faj kollekci\u00f3kat egyt\u0151l egyig az \u00fcnnep csillog\u00e1sa j\u00e1rja \u00e1t. A New York-i divat izgalmas, pezsg\u0151 \u00e9s rendk\u00edv\u00fcl egyedi vil\u00e1g\u00e1t [&hellip;]\" \/>\n<meta property=\"og:url\" content=\"https:\/\/blog.ccc.eu\/hu\/zard-az-evet-stilusosan-ragyogoan-inspiralo-kollekcioval-var-a-ccc\/\" \/>\n<meta property=\"og:site_name\" content=\"CCC Fashion blog\" \/>\n<meta property=\"article:published_time\" content=\"2025-12-10T09:34:45+00:00\" \/>\n<meta property=\"og:image\" content=\"https:\/\/blog.ccc.eu\/hu\/wp-content\/uploads\/2025\/12\/PR_HU_TOREBKI-AW25_INFLU_1240-x-960.jpg\" \/>\n\t<meta property=\"og:image:width\" content=\"1240\" \/>\n\t<meta property=\"og:image:height\" content=\"960\" \/>\n\t<meta property=\"og:image:type\" content=\"image\/jpeg\" \/>\n<meta name=\"author\" content=\"Beatrix Korosi\" \/>\n<meta name=\"twitter:card\" content=\"summary_large_image\" \/>\n<meta name=\"twitter:label1\" content=\"Szerz\u0151:\" \/>\n\t<meta name=\"twitter:data1\" content=\"Beatrix Korosi\" \/>\n\t<meta name=\"twitter:label2\" content=\"Becs\u00fclt olvas\u00e1si id\u0151\" \/>\n\t<meta name=\"twitter:data2\" content=\"4 perc\" \/>\n<script type=\"application\/ld+json\" class=\"yoast-schema-graph\">{\"@context\":\"https:\/\/schema.org\",\"@graph\":[{\"@type\":\"Article\",\"@id\":\"https:\/\/blog.ccc.eu\/hu\/zard-az-evet-stilusosan-ragyogoan-inspiralo-kollekcioval-var-a-ccc\/#article\",\"isPartOf\":{\"@id\":\"https:\/\/blog.ccc.eu\/hu\/zard-az-evet-stilusosan-ragyogoan-inspiralo-kollekcioval-var-a-ccc\/\"},\"author\":{\"name\":\"Beatrix Korosi\",\"@id\":\"https:\/\/blog.ccc.eu\/hu\/#\/schema\/person\/b37d4e58a15b8cc6b1339218cfeb7c10\"},\"headline\":\"Z\u00e1rd az \u00e9vet st\u00edlusosan &#8211; Ragyog\u00f3an inspir\u00e1l\u00f3 kollekci\u00f3val v\u00e1r a CCC\",\"datePublished\":\"2025-12-10T09:34:45+00:00\",\"mainEntityOfPage\":{\"@id\":\"https:\/\/blog.ccc.eu\/hu\/zard-az-evet-stilusosan-ragyogoan-inspiralo-kollekcioval-var-a-ccc\/\"},\"wordCount\":519,\"commentCount\":0,\"publisher\":{\"@id\":\"https:\/\/blog.ccc.eu\/hu\/#organization\"},\"image\":{\"@id\":\"https:\/\/blog.ccc.eu\/hu\/zard-az-evet-stilusosan-ragyogoan-inspiralo-kollekcioval-var-a-ccc\/#primaryimage\"},\"thumbnailUrl\":\"https:\/\/blog.ccc.eu\/hu\/wp-content\/uploads\/2025\/12\/PR_HU_TOREBKI-AW25_INFLU_1240-x-960.jpg\",\"keywords\":[\"badura\",\"Beverly Hills Polo Club\",\"CCC\",\"G-STAR\",\"gino rossi\",\"Nine West\",\"T\u00e1sk\u00e1k\",\"trendek\"],\"articleSection\":[\"TRENDEK\"],\"inLanguage\":\"hu\",\"potentialAction\":[{\"@type\":\"CommentAction\",\"name\":\"Comment\",\"target\":[\"https:\/\/blog.ccc.eu\/hu\/zard-az-evet-stilusosan-ragyogoan-inspiralo-kollekcioval-var-a-ccc\/#respond\"]}]},{\"@type\":\"WebPage\",\"@id\":\"https:\/\/blog.ccc.eu\/hu\/zard-az-evet-stilusosan-ragyogoan-inspiralo-kollekcioval-var-a-ccc\/\",\"url\":\"https:\/\/blog.ccc.eu\/hu\/zard-az-evet-stilusosan-ragyogoan-inspiralo-kollekcioval-var-a-ccc\/\",\"name\":\"Z\u00e1rd az \u00e9vet st\u00edlusosan - Ragyog\u00f3an inspir\u00e1l\u00f3 kollekci\u00f3val v\u00e1r a CCC - CCC Fashion blog\",\"isPartOf\":{\"@id\":\"https:\/\/blog.ccc.eu\/hu\/#website\"},\"primaryImageOfPage\":{\"@id\":\"https:\/\/blog.ccc.eu\/hu\/zard-az-evet-stilusosan-ragyogoan-inspiralo-kollekcioval-var-a-ccc\/#primaryimage\"},\"image\":{\"@id\":\"https:\/\/blog.ccc.eu\/hu\/zard-az-evet-stilusosan-ragyogoan-inspiralo-kollekcioval-var-a-ccc\/#primaryimage\"},\"thumbnailUrl\":\"https:\/\/blog.ccc.eu\/hu\/wp-content\/uploads\/2025\/12\/PR_HU_TOREBKI-AW25_INFLU_1240-x-960.jpg\",\"datePublished\":\"2025-12-10T09:34:45+00:00\",\"breadcrumb\":{\"@id\":\"https:\/\/blog.ccc.eu\/hu\/zard-az-evet-stilusosan-ragyogoan-inspiralo-kollekcioval-var-a-ccc\/#breadcrumb\"},\"inLanguage\":\"hu\",\"potentialAction\":[{\"@type\":\"ReadAction\",\"target\":[\"https:\/\/blog.ccc.eu\/hu\/zard-az-evet-stilusosan-ragyogoan-inspiralo-kollekcioval-var-a-ccc\/\"]}]},{\"@type\":\"ImageObject\",\"inLanguage\":\"hu\",\"@id\":\"https:\/\/blog.ccc.eu\/hu\/zard-az-evet-stilusosan-ragyogoan-inspiralo-kollekcioval-var-a-ccc\/#primaryimage\",\"url\":\"https:\/\/blog.ccc.eu\/hu\/wp-content\/uploads\/2025\/12\/PR_HU_TOREBKI-AW25_INFLU_1240-x-960.jpg\",\"contentUrl\":\"https:\/\/blog.ccc.eu\/hu\/wp-content\/uploads\/2025\/12\/PR_HU_TOREBKI-AW25_INFLU_1240-x-960.jpg\",\"width\":1240,\"height\":960},{\"@type\":\"BreadcrumbList\",\"@id\":\"https:\/\/blog.ccc.eu\/hu\/zard-az-evet-stilusosan-ragyogoan-inspiralo-kollekcioval-var-a-ccc\/#breadcrumb\",\"itemListElement\":[{\"@type\":\"ListItem\",\"position\":1,\"name\":\"Strona g\u0142\u00f3wna\",\"item\":\"https:\/\/blog.ccc.eu\/hu\/\"},{\"@type\":\"ListItem\",\"position\":2,\"name\":\"Z\u00e1rd az \u00e9vet st\u00edlusosan &#8211; Ragyog\u00f3an inspir\u00e1l\u00f3 kollekci\u00f3val v\u00e1r a CCC\"}]},{\"@type\":\"WebSite\",\"@id\":\"https:\/\/blog.ccc.eu\/hu\/#website\",\"url\":\"https:\/\/blog.ccc.eu\/hu\/\",\"name\":\"CCC Fashion blog\",\"description\":\"Az \u00d6n helye tele van divatihletekkel\",\"publisher\":{\"@id\":\"https:\/\/blog.ccc.eu\/hu\/#organization\"},\"potentialAction\":[{\"@type\":\"SearchAction\",\"target\":{\"@type\":\"EntryPoint\",\"urlTemplate\":\"https:\/\/blog.ccc.eu\/hu\/?s={search_term_string}\"},\"query-input\":{\"@type\":\"PropertyValueSpecification\",\"valueRequired\":true,\"valueName\":\"search_term_string\"}}],\"inLanguage\":\"hu\"},{\"@type\":\"Organization\",\"@id\":\"https:\/\/blog.ccc.eu\/hu\/#organization\",\"name\":\"CCC S.A.\",\"url\":\"https:\/\/blog.ccc.eu\/hu\/\",\"logo\":{\"@type\":\"ImageObject\",\"inLanguage\":\"hu\",\"@id\":\"https:\/\/blog.ccc.eu\/hu\/#\/schema\/logo\/image\/\",\"url\":\"https:\/\/blog.ccc.eu\/hu\/wp-content\/uploads\/2021\/11\/logo_ccc.png\",\"contentUrl\":\"https:\/\/blog.ccc.eu\/hu\/wp-content\/uploads\/2021\/11\/logo_ccc.png\",\"width\":730,\"height\":270,\"caption\":\"CCC S.A.\"},\"image\":{\"@id\":\"https:\/\/blog.ccc.eu\/hu\/#\/schema\/logo\/image\/\"}},{\"@type\":\"Person\",\"@id\":\"https:\/\/blog.ccc.eu\/hu\/#\/schema\/person\/b37d4e58a15b8cc6b1339218cfeb7c10\",\"name\":\"Beatrix Korosi\",\"image\":{\"@type\":\"ImageObject\",\"inLanguage\":\"hu\",\"@id\":\"https:\/\/blog.ccc.eu\/hu\/#\/schema\/person\/image\/\",\"url\":\"https:\/\/blog.ccc.eu\/hu\/wp-content\/uploads\/2022\/11\/Bea-150x150.jpg\",\"contentUrl\":\"https:\/\/blog.ccc.eu\/hu\/wp-content\/uploads\/2022\/11\/Bea-150x150.jpg\",\"caption\":\"Beatrix Korosi\"},\"url\":\"https:\/\/blog.ccc.eu\/hu\/author\/beatrix-korosi\/\"}]}<\/script>\n<!-- \/ Yoast SEO plugin. -->","yoast_head_json":{"title":"Z\u00e1rd az \u00e9vet st\u00edlusosan - Ragyog\u00f3an inspir\u00e1l\u00f3 kollekci\u00f3val v\u00e1r a CCC - CCC Fashion blog","description":"2026","robots":{"index":"index","follow":"follow","max-snippet":"max-snippet:-1","max-image-preview":"max-image-preview:large","max-video-preview":"max-video-preview:-1"},"canonical":"https:\/\/blog.ccc.eu\/hu\/zard-az-evet-stilusosan-ragyogoan-inspiralo-kollekcioval-var-a-ccc\/","og_locale":"hu_HU","og_type":"article","og_title":"Z\u00e1rd az \u00e9vet st\u00edlusosan - Ragyog\u00f3an inspir\u00e1l\u00f3 kollekci\u00f3val v\u00e1r a CCC - CCC Fashion blog","og_description":"A kar\u00e1csonyi id\u0151szak k\u00fcl\u00f6nleges hangulat\u00e1t nemcsak a f\u00e9nyek, a dekor\u00e1ci\u00f3k vagy az aj\u00e1nd\u00e9kok adj\u00e1k, hanem a harmonikusan \u00f6ssze\u00e1ll\u00edtott outfitek is \u2013 sikkesen eleg\u00e1ns, m\u00e9gis k\u00e9nyelmes darabokkal. A CCC id\u00e9n is elhozta a szezon legfrissebb trendjeit, a vadonat\u00faj kollekci\u00f3kat egyt\u0151l egyig az \u00fcnnep csillog\u00e1sa j\u00e1rja \u00e1t. A New York-i divat izgalmas, pezsg\u0151 \u00e9s rendk\u00edv\u00fcl egyedi vil\u00e1g\u00e1t [&hellip;]","og_url":"https:\/\/blog.ccc.eu\/hu\/zard-az-evet-stilusosan-ragyogoan-inspiralo-kollekcioval-var-a-ccc\/","og_site_name":"CCC Fashion blog","article_published_time":"2025-12-10T09:34:45+00:00","og_image":[{"width":1240,"height":960,"url":"https:\/\/blog.ccc.eu\/hu\/wp-content\/uploads\/2025\/12\/PR_HU_TOREBKI-AW25_INFLU_1240-x-960.jpg","type":"image\/jpeg"}],"author":"Beatrix Korosi","twitter_card":"summary_large_image","twitter_misc":{"Szerz\u0151:":"Beatrix Korosi","Becs\u00fclt olvas\u00e1si id\u0151":"4 perc"},"schema":{"@context":"https:\/\/schema.org","@graph":[{"@type":"Article","@id":"https:\/\/blog.ccc.eu\/hu\/zard-az-evet-stilusosan-ragyogoan-inspiralo-kollekcioval-var-a-ccc\/#article","isPartOf":{"@id":"https:\/\/blog.ccc.eu\/hu\/zard-az-evet-stilusosan-ragyogoan-inspiralo-kollekcioval-var-a-ccc\/"},"author":{"name":"Beatrix Korosi","@id":"https:\/\/blog.ccc.eu\/hu\/#\/schema\/person\/b37d4e58a15b8cc6b1339218cfeb7c10"},"headline":"Z\u00e1rd az \u00e9vet st\u00edlusosan &#8211; Ragyog\u00f3an inspir\u00e1l\u00f3 kollekci\u00f3val v\u00e1r a CCC","datePublished":"2025-12-10T09:34:45+00:00","mainEntityOfPage":{"@id":"https:\/\/blog.ccc.eu\/hu\/zard-az-evet-stilusosan-ragyogoan-inspiralo-kollekcioval-var-a-ccc\/"},"wordCount":519,"commentCount":0,"publisher":{"@id":"https:\/\/blog.ccc.eu\/hu\/#organization"},"image":{"@id":"https:\/\/blog.ccc.eu\/hu\/zard-az-evet-stilusosan-ragyogoan-inspiralo-kollekcioval-var-a-ccc\/#primaryimage"},"thumbnailUrl":"https:\/\/blog.ccc.eu\/hu\/wp-content\/uploads\/2025\/12\/PR_HU_TOREBKI-AW25_INFLU_1240-x-960.jpg","keywords":["badura","Beverly Hills Polo Club","CCC","G-STAR","gino rossi","Nine West","T\u00e1sk\u00e1k","trendek"],"articleSection":["TRENDEK"],"inLanguage":"hu","potentialAction":[{"@type":"CommentAction","name":"Comment","target":["https:\/\/blog.ccc.eu\/hu\/zard-az-evet-stilusosan-ragyogoan-inspiralo-kollekcioval-var-a-ccc\/#respond"]}]},{"@type":"WebPage","@id":"https:\/\/blog.ccc.eu\/hu\/zard-az-evet-stilusosan-ragyogoan-inspiralo-kollekcioval-var-a-ccc\/","url":"https:\/\/blog.ccc.eu\/hu\/zard-az-evet-stilusosan-ragyogoan-inspiralo-kollekcioval-var-a-ccc\/","name":"Z\u00e1rd az \u00e9vet st\u00edlusosan - Ragyog\u00f3an inspir\u00e1l\u00f3 kollekci\u00f3val v\u00e1r a CCC - CCC Fashion blog","isPartOf":{"@id":"https:\/\/blog.ccc.eu\/hu\/#website"},"primaryImageOfPage":{"@id":"https:\/\/blog.ccc.eu\/hu\/zard-az-evet-stilusosan-ragyogoan-inspiralo-kollekcioval-var-a-ccc\/#primaryimage"},"image":{"@id":"https:\/\/blog.ccc.eu\/hu\/zard-az-evet-stilusosan-ragyogoan-inspiralo-kollekcioval-var-a-ccc\/#primaryimage"},"thumbnailUrl":"https:\/\/blog.ccc.eu\/hu\/wp-content\/uploads\/2025\/12\/PR_HU_TOREBKI-AW25_INFLU_1240-x-960.jpg","datePublished":"2025-12-10T09:34:45+00:00","breadcrumb":{"@id":"https:\/\/blog.ccc.eu\/hu\/zard-az-evet-stilusosan-ragyogoan-inspiralo-kollekcioval-var-a-ccc\/#breadcrumb"},"inLanguage":"hu","potentialAction":[{"@type":"ReadAction","target":["https:\/\/blog.ccc.eu\/hu\/zard-az-evet-stilusosan-ragyogoan-inspiralo-kollekcioval-var-a-ccc\/"]}]},{"@type":"ImageObject","inLanguage":"hu","@id":"https:\/\/blog.ccc.eu\/hu\/zard-az-evet-stilusosan-ragyogoan-inspiralo-kollekcioval-var-a-ccc\/#primaryimage","url":"https:\/\/blog.ccc.eu\/hu\/wp-content\/uploads\/2025\/12\/PR_HU_TOREBKI-AW25_INFLU_1240-x-960.jpg","contentUrl":"https:\/\/blog.ccc.eu\/hu\/wp-content\/uploads\/2025\/12\/PR_HU_TOREBKI-AW25_INFLU_1240-x-960.jpg","width":1240,"height":960},{"@type":"BreadcrumbList","@id":"https:\/\/blog.ccc.eu\/hu\/zard-az-evet-stilusosan-ragyogoan-inspiralo-kollekcioval-var-a-ccc\/#breadcrumb","itemListElement":[{"@type":"ListItem","position":1,"name":"Strona g\u0142\u00f3wna","item":"https:\/\/blog.ccc.eu\/hu\/"},{"@type":"ListItem","position":2,"name":"Z\u00e1rd az \u00e9vet st\u00edlusosan &#8211; Ragyog\u00f3an inspir\u00e1l\u00f3 kollekci\u00f3val v\u00e1r a CCC"}]},{"@type":"WebSite","@id":"https:\/\/blog.ccc.eu\/hu\/#website","url":"https:\/\/blog.ccc.eu\/hu\/","name":"CCC Fashion blog","description":"Az \u00d6n helye tele van divatihletekkel","publisher":{"@id":"https:\/\/blog.ccc.eu\/hu\/#organization"},"potentialAction":[{"@type":"SearchAction","target":{"@type":"EntryPoint","urlTemplate":"https:\/\/blog.ccc.eu\/hu\/?s={search_term_string}"},"query-input":{"@type":"PropertyValueSpecification","valueRequired":true,"valueName":"search_term_string"}}],"inLanguage":"hu"},{"@type":"Organization","@id":"https:\/\/blog.ccc.eu\/hu\/#organization","name":"CCC S.A.","url":"https:\/\/blog.ccc.eu\/hu\/","logo":{"@type":"ImageObject","inLanguage":"hu","@id":"https:\/\/blog.ccc.eu\/hu\/#\/schema\/logo\/image\/","url":"https:\/\/blog.ccc.eu\/hu\/wp-content\/uploads\/2021\/11\/logo_ccc.png","contentUrl":"https:\/\/blog.ccc.eu\/hu\/wp-content\/uploads\/2021\/11\/logo_ccc.png","width":730,"height":270,"caption":"CCC S.A."},"image":{"@id":"https:\/\/blog.ccc.eu\/hu\/#\/schema\/logo\/image\/"}},{"@type":"Person","@id":"https:\/\/blog.ccc.eu\/hu\/#\/schema\/person\/b37d4e58a15b8cc6b1339218cfeb7c10","name":"Beatrix Korosi","image":{"@type":"ImageObject","inLanguage":"hu","@id":"https:\/\/blog.ccc.eu\/hu\/#\/schema\/person\/image\/","url":"https:\/\/blog.ccc.eu\/hu\/wp-content\/uploads\/2022\/11\/Bea-150x150.jpg","contentUrl":"https:\/\/blog.ccc.eu\/hu\/wp-content\/uploads\/2022\/11\/Bea-150x150.jpg","caption":"Beatrix Korosi"},"url":"https:\/\/blog.ccc.eu\/hu\/author\/beatrix-korosi\/"}]}},"_links":{"self":[{"href":"https:\/\/blog.ccc.eu\/hu\/wp-json\/wp\/v2\/posts\/11102","targetHints":{"allow":["GET"]}}],"collection":[{"href":"https:\/\/blog.ccc.eu\/hu\/wp-json\/wp\/v2\/posts"}],"about":[{"href":"https:\/\/blog.ccc.eu\/hu\/wp-json\/wp\/v2\/types\/post"}],"author":[{"embeddable":true,"href":"https:\/\/blog.ccc.eu\/hu\/wp-json\/wp\/v2\/users\/22"}],"replies":[{"embeddable":true,"href":"https:\/\/blog.ccc.eu\/hu\/wp-json\/wp\/v2\/comments?post=11102"}],"version-history":[{"count":3,"href":"https:\/\/blog.ccc.eu\/hu\/wp-json\/wp\/v2\/posts\/11102\/revisions"}],"predecessor-version":[{"id":11113,"href":"https:\/\/blog.ccc.eu\/hu\/wp-json\/wp\/v2\/posts\/11102\/revisions\/11113"}],"wp:featuredmedia":[{"embeddable":true,"href":"https:\/\/blog.ccc.eu\/hu\/wp-json\/wp\/v2\/media\/11114"}],"wp:attachment":[{"href":"https:\/\/blog.ccc.eu\/hu\/wp-json\/wp\/v2\/media?parent=11102"}],"wp:term":[{"taxonomy":"category","embeddable":true,"href":"https:\/\/blog.ccc.eu\/hu\/wp-json\/wp\/v2\/categories?post=11102"},{"taxonomy":"post_tag","embeddable":true,"href":"https:\/\/blog.ccc.eu\/hu\/wp-json\/wp\/v2\/tags?post=11102"}],"curies":[{"name":"wp","href":"https:\/\/api.w.org\/{rel}","templated":true}]}}