{"id":11136,"date":"2026-01-20T14:20:24","date_gmt":"2026-01-20T13:20:24","guid":{"rendered":"https:\/\/blog.ccc.eu\/hu\/?p=11136"},"modified":"2026-01-20T14:20:25","modified_gmt":"2026-01-20T13:20:25","slug":"a-2026-os-tavasz-nyar-legmenobb-cipoi-a-ccc-tol","status":"publish","type":"post","link":"https:\/\/blog.ccc.eu\/hu\/a-2026-os-tavasz-nyar-legmenobb-cipoi-a-ccc-tol\/","title":{"rendered":"A 2026-os tavasz\u2013ny\u00e1r legmen\u0151bb cip\u0151i a CCC-t\u0151l"},"content":{"rendered":"\n<p><b>A 2026-os tavaszi\u2013ny\u00e1ri cip\u0151divat a k\u00e9nyelmet \u00e9s a karakteres megjelen\u00e9st \u00f6tv\u00f6zi. A trendek soksz\u00edn\u0171ek: a retro sportcip\u0151k \u00e9s loaferek mellett v\u00e1szon tornacip\u0151k, papucsok \u00e9s alacsony sark\u00fa l\u00e1bbelik v\u00e1rnak. A pasztellekt\u0151l a vibr\u00e1l\u00f3 kobaltk\u00e9kig minden sz\u00edn uralni fogja a trendeket! Fedezd fel a CCC k\u00edn\u00e1lat\u00e1t!<\/b><\/p>\n\n\n\n<figure class=\"wp-block-gallery has-nested-images columns-default is-cropped wp-block-gallery-1 is-layout-flex wp-block-gallery-is-layout-flex\">\n<figure class=\"wp-block-image size-large\"><img loading=\"lazy\" decoding=\"async\" width=\"313\" height=\"469\" data-id=\"11137\" src=\"https:\/\/blog.ccc.eu\/hu\/wp-content\/uploads\/2026\/01\/CCC_5906751599945_02_M.jpg\" alt=\"\" class=\"wp-image-11137\" srcset=\"https:\/\/blog.ccc.eu\/hu\/wp-content\/uploads\/2026\/01\/CCC_5906751599945_02_M.jpg 313w, https:\/\/blog.ccc.eu\/hu\/wp-content\/uploads\/2026\/01\/CCC_5906751599945_02_M-200x300.jpg 200w, https:\/\/blog.ccc.eu\/hu\/wp-content\/uploads\/2026\/01\/CCC_5906751599945_02_M-100x150.jpg 100w\" sizes=\"auto, (max-width: 313px) 100vw, 313px\" \/><\/figure>\n\n\n\n<figure class=\"wp-block-image size-large\"><img loading=\"lazy\" decoding=\"async\" width=\"683\" height=\"1024\" data-id=\"11138\" src=\"https:\/\/blog.ccc.eu\/hu\/wp-content\/uploads\/2026\/01\/CCC_5906751501207_02_M-683x1024-1.jpg\" alt=\"\" class=\"wp-image-11138\" srcset=\"https:\/\/blog.ccc.eu\/hu\/wp-content\/uploads\/2026\/01\/CCC_5906751501207_02_M-683x1024-1.jpg 683w, https:\/\/blog.ccc.eu\/hu\/wp-content\/uploads\/2026\/01\/CCC_5906751501207_02_M-683x1024-1-200x300.jpg 200w, https:\/\/blog.ccc.eu\/hu\/wp-content\/uploads\/2026\/01\/CCC_5906751501207_02_M-683x1024-1-100x150.jpg 100w\" sizes=\"auto, (max-width: 683px) 100vw, 683px\" \/><\/figure>\n<\/figure>\n\n\n\n<h2 class=\"wp-block-heading\">Kobaltk\u00e9k a trendek \u00e9l\u00e9n<\/h2>\n\n\n\n<p>A kobaltk\u00e9k a 2026-os tavaszi\u2013ny\u00e1ri szezon egyik leger\u0151sebb sz\u00edntrendje. Intenz\u00edv, m\u00e9ly \u00e1rnyalata modern energi\u00e1t ad a szetteknek, legyen sz\u00f3 eleg\u00e1ns vagy laza st\u00edlus\u00fa modellekr\u0151l.<\/p>\n\n\n\n<figure class=\"wp-block-gallery has-nested-images columns-default is-cropped wp-block-gallery-2 is-layout-flex wp-block-gallery-is-layout-flex\">\n<figure class=\"wp-block-image size-large\"><img loading=\"lazy\" decoding=\"async\" width=\"683\" height=\"1024\" data-id=\"11140\" src=\"https:\/\/blog.ccc.eu\/hu\/wp-content\/uploads\/2026\/01\/CCC_5904862939667_02K-683x1024-2.jpg\" alt=\"\" class=\"wp-image-11140\" srcset=\"https:\/\/blog.ccc.eu\/hu\/wp-content\/uploads\/2026\/01\/CCC_5904862939667_02K-683x1024-2.jpg 683w, https:\/\/blog.ccc.eu\/hu\/wp-content\/uploads\/2026\/01\/CCC_5904862939667_02K-683x1024-2-200x300.jpg 200w, https:\/\/blog.ccc.eu\/hu\/wp-content\/uploads\/2026\/01\/CCC_5904862939667_02K-683x1024-2-100x150.jpg 100w\" sizes=\"auto, (max-width: 683px) 100vw, 683px\" \/><\/figure>\n\n\n\n<figure class=\"wp-block-image size-large\"><img loading=\"lazy\" decoding=\"async\" width=\"683\" height=\"1024\" data-id=\"11141\" src=\"https:\/\/blog.ccc.eu\/hu\/wp-content\/uploads\/2026\/01\/CCC_5906751283875_05-683x1024-1.jpg\" alt=\"\" class=\"wp-image-11141\" srcset=\"https:\/\/blog.ccc.eu\/hu\/wp-content\/uploads\/2026\/01\/CCC_5906751283875_05-683x1024-1.jpg 683w, https:\/\/blog.ccc.eu\/hu\/wp-content\/uploads\/2026\/01\/CCC_5906751283875_05-683x1024-1-200x300.jpg 200w, https:\/\/blog.ccc.eu\/hu\/wp-content\/uploads\/2026\/01\/CCC_5906751283875_05-683x1024-1-100x150.jpg 100w\" sizes=\"auto, (max-width: 683px) 100vw, 683px\" \/><\/figure>\n<\/figure>\n\n\n\n<h2 class=\"wp-block-heading\">Sz\u00f6gletes orr\u00fa cip\u0151k \u2013 a 2026-os szezon visszafogott eleganci\u00e1ja<\/h2>\n\n\n\n<p>2026-ban a sz\u00f6gletes orr\u00fa modellek \u00fajra teljes f\u00e9ny\u00fckben t\u00e9rnek vissza. K\u00fcl\u00f6nleges sz\u00ednekben \u00e9s fazonokban \u00e9rhet\u0151ek el sz\u00e1mos m\u00e1rka k\u00edn\u00e1lat\u00e1ban. A Jenny m\u00e1rka kollekci\u00f3j\u00e1ban most l\u00e9legzetel\u00e1ll\u00edt\u00f3 lakkozott fel\u00fclettel, csokol\u00e1d\u00e9barna \u00e1rnyalatban tal\u00e1ljuk meg. Fedezd fel \u00e9s alkoss vel\u00fck egy felejthetetlen szettet!<\/p>\n\n\n\n<figure class=\"wp-block-gallery has-nested-images columns-default is-cropped wp-block-gallery-3 is-layout-flex wp-block-gallery-is-layout-flex\">\n<figure class=\"wp-block-image size-large\"><img loading=\"lazy\" decoding=\"async\" width=\"683\" height=\"1024\" data-id=\"11142\" src=\"https:\/\/blog.ccc.eu\/hu\/wp-content\/uploads\/2026\/01\/CCC_5906751341209_02_M-683x1024-1.jpg\" alt=\"\" class=\"wp-image-11142\" srcset=\"https:\/\/blog.ccc.eu\/hu\/wp-content\/uploads\/2026\/01\/CCC_5906751341209_02_M-683x1024-1.jpg 683w, https:\/\/blog.ccc.eu\/hu\/wp-content\/uploads\/2026\/01\/CCC_5906751341209_02_M-683x1024-1-200x300.jpg 200w, https:\/\/blog.ccc.eu\/hu\/wp-content\/uploads\/2026\/01\/CCC_5906751341209_02_M-683x1024-1-100x150.jpg 100w\" sizes=\"auto, (max-width: 683px) 100vw, 683px\" \/><\/figure>\n\n\n\n<figure class=\"wp-block-image size-large\"><img loading=\"lazy\" decoding=\"async\" width=\"683\" height=\"1024\" data-id=\"11143\" src=\"https:\/\/blog.ccc.eu\/hu\/wp-content\/uploads\/2026\/01\/CCC_5906751341209_05-683x1024-1.jpg\" alt=\"\" class=\"wp-image-11143\" srcset=\"https:\/\/blog.ccc.eu\/hu\/wp-content\/uploads\/2026\/01\/CCC_5906751341209_05-683x1024-1.jpg 683w, https:\/\/blog.ccc.eu\/hu\/wp-content\/uploads\/2026\/01\/CCC_5906751341209_05-683x1024-1-200x300.jpg 200w, https:\/\/blog.ccc.eu\/hu\/wp-content\/uploads\/2026\/01\/CCC_5906751341209_05-683x1024-1-100x150.jpg 100w\" sizes=\"auto, (max-width: 683px) 100vw, 683px\" \/><\/figure>\n<\/figure>\n\n\n\n<h2 class=\"wp-block-heading\">V\u00e1szoncip\u0151k \u2013 a ny\u00e1ri szezon egyik f\u0151szerepl\u0151je<\/h2>\n\n\n\n<p>A v\u00e1szoncip\u0151k meg\u00fajult lend\u00fclettel \u00e9s ny\u00e1ri st\u00edlusra k\u00e9szen t\u00e9rnek vissza 2026-ban. K\u00f6nnyed anyaguknak \u00e9s f\u0171z\u0151s r\u00f6gz\u00edt\u00e9s\u00fcknek k\u00f6sz\u00f6nhet\u0151en k\u00e9nyelmes viseletet biztos\u00edtanak a melegebb napokon is. Fedezd fel ezeket a l\u00e1bbeliket sz\u00e1mos sz\u00ednben \u00e9s st\u00edlusban! <\/p>\n\n\n\n<figure class=\"wp-block-gallery has-nested-images columns-default is-cropped wp-block-gallery-4 is-layout-flex wp-block-gallery-is-layout-flex\">\n<figure class=\"wp-block-image size-large\"><img loading=\"lazy\" decoding=\"async\" width=\"683\" height=\"1024\" data-id=\"11144\" src=\"https:\/\/blog.ccc.eu\/hu\/wp-content\/uploads\/2026\/01\/CCC_5905588793687_02_M-683x1024-1.jpg\" alt=\"\" class=\"wp-image-11144\" srcset=\"https:\/\/blog.ccc.eu\/hu\/wp-content\/uploads\/2026\/01\/CCC_5905588793687_02_M-683x1024-1.jpg 683w, https:\/\/blog.ccc.eu\/hu\/wp-content\/uploads\/2026\/01\/CCC_5905588793687_02_M-683x1024-1-200x300.jpg 200w, https:\/\/blog.ccc.eu\/hu\/wp-content\/uploads\/2026\/01\/CCC_5905588793687_02_M-683x1024-1-100x150.jpg 100w\" sizes=\"auto, (max-width: 683px) 100vw, 683px\" \/><\/figure>\n\n\n\n<figure class=\"wp-block-image size-large\"><img loading=\"lazy\" decoding=\"async\" width=\"683\" height=\"1024\" data-id=\"11145\" src=\"https:\/\/blog.ccc.eu\/hu\/wp-content\/uploads\/2026\/01\/CCC_5905588793687_04pop2-683x1024-1.jpg\" alt=\"\" class=\"wp-image-11145\" srcset=\"https:\/\/blog.ccc.eu\/hu\/wp-content\/uploads\/2026\/01\/CCC_5905588793687_04pop2-683x1024-1.jpg 683w, https:\/\/blog.ccc.eu\/hu\/wp-content\/uploads\/2026\/01\/CCC_5905588793687_04pop2-683x1024-1-200x300.jpg 200w, https:\/\/blog.ccc.eu\/hu\/wp-content\/uploads\/2026\/01\/CCC_5905588793687_04pop2-683x1024-1-100x150.jpg 100w\" sizes=\"auto, (max-width: 683px) 100vw, 683px\" \/><\/figure>\n<\/figure>\n\n\n\n<h2 class=\"wp-block-heading\">Mokaszinok \u2013 ide\u00e1lis v\u00e1laszt\u00e1sok minden szezonra<\/h2>\n\n\n\n<p>A mokaszinok id\u0151tlen st\u00edlust k\u00e9pviselnek, aminek k\u00f6sz\u00f6nhet\u0151en soha nem mennek ki a divatb\u00f3l. Az idei trendet a\u00a0puha, textur\u00e1lt b\u0151rb\u0151l\u00a0k\u00e9sz\u00fclt fazonok uralj\u00e1k, legink\u00e1bb b\u00e9zs, karamell vagy ol\u00edva \u00e1rnyalatokban\u00a0, \u00e9s a klasszikus csat helyett d\u00edszes p\u00e1nttal.<\/p>\n\n\n\n<p><\/p>\n\n\n<a class=\"wp-block-read-more\" href=\"https:\/\/blog.ccc.eu\/hu\/a-2026-os-tavasz-nyar-legmenobb-cipoi-a-ccc-tol\/\" target=\"_self\">https:\/\/www.instagram.com\/p\/DRJf6fUDUFG\/<span class=\"screen-reader-text\">: A 2026-os tavasz\u2013ny\u00e1r legmen\u0151bb cip\u0151i a CCC-t\u0151l<\/span><\/a>\n\n\n<p>Fedezd fel az idei \u00e9v st\u00edlusos cip\u0151it\u00a0<a href=\"https:\/\/ccc.eu\/hu\/sklepy\" target=\"_blank\" rel=\"noreferrer noopener\">CCC \u00fczleteinkben<\/a>,\u00a0<a href=\"https:\/\/ccc.eu\/hu\/\" target=\"_blank\" rel=\"noreferrer noopener\">webshopunkban<\/a>, \u00e9s az\u00a0<a href=\"https:\/\/ccc.eu\/hu\/mobile-app\" target=\"_blank\" rel=\"noreferrer noopener\">alkalmaz\u00e1sban<\/a>. Legy\u00e9l\u00a0<a href=\"https:\/\/ccc.eu\/hu\/klub-ccc\" target=\"_blank\" rel=\"noreferrer noopener\">CCC klubtag<\/a>\u00a0is, \u00e9s \u00e9lvezd a k\u00e9nyelmes \u00e9s kedvezm\u00e9nyes v\u00e1s\u00e1rl\u00e1si lehet\u0151s\u00e9geket! K\u00f6vesd vel\u00fcnk a divatot\u00a0<a href=\"https:\/\/www.facebook.com\/CCC.Hungary\/\" target=\"_blank\" rel=\"noreferrer noopener\">Facebookon,<\/a>\u00a0\u00e9s inspir\u00e1l\u00f3dj vel\u00fcnk az\u00a0<a href=\"https:\/\/www.instagram.com\/cccshoesbags\/\" target=\"_blank\" rel=\"noreferrer noopener\">Instagramon<\/a>\u00a0is!\u00a0\u00a0\u00a0<\/p>\n","protected":false},"excerpt":{"rendered":"<p>A 2026-os tavaszi\u2013ny\u00e1ri cip\u0151divat a k\u00e9nyelmet \u00e9s a karakteres megjelen\u00e9st \u00f6tv\u00f6zi. A trendek soksz\u00edn\u0171ek: a retro sportcip\u0151k \u00e9s loaferek mellett v\u00e1szon tornacip\u0151k, papucsok \u00e9s alacsony sark\u00fa l\u00e1bbelik v\u00e1rnak. A pasztellekt\u0151l a vibr\u00e1l\u00f3 kobaltk\u00e9kig minden sz\u00edn uralni fogja a trendeket! Fedezd fel a CCC k\u00edn\u00e1lat\u00e1t! Kobaltk\u00e9k a trendek \u00e9l\u00e9n A kobaltk\u00e9k a 2026-os tavaszi\u2013ny\u00e1ri szezon egyik [&hellip;]<\/p>\n","protected":false},"author":22,"featured_media":11138,"comment_status":"open","ping_status":"open","sticky":false,"template":"","format":"standard","meta":{"_acf_changed":false,"footnotes":""},"categories":[6],"tags":[560,707,1246,1074,786],"class_list":["post-11136","post","type-post","status-publish","format-standard","has-post-thumbnail","hentry","category-trendek","tag-ccc","tag-cipok","tag-kobaltkek","tag-mokaszinok","tag-trendek"],"acf":[],"yoast_head":"<!-- This site is optimized with the Yoast SEO plugin v26.9 - https:\/\/yoast.com\/product\/yoast-seo-wordpress\/ -->\n<title>A 2026-os tavasz\u2013ny\u00e1r legmen\u0151bb cip\u0151i a CCC-t\u0151l - CCC Fashion blog<\/title>\n<meta name=\"description\" content=\"2026\" \/>\n<meta name=\"robots\" content=\"index, follow, max-snippet:-1, max-image-preview:large, max-video-preview:-1\" \/>\n<link rel=\"canonical\" href=\"https:\/\/blog.ccc.eu\/hu\/a-2026-os-tavasz-nyar-legmenobb-cipoi-a-ccc-tol\/\" \/>\n<meta property=\"og:locale\" content=\"hu_HU\" \/>\n<meta property=\"og:type\" content=\"article\" \/>\n<meta property=\"og:title\" content=\"A 2026-os tavasz\u2013ny\u00e1r legmen\u0151bb cip\u0151i a CCC-t\u0151l - CCC Fashion blog\" \/>\n<meta property=\"og:description\" content=\"A 2026-os tavaszi\u2013ny\u00e1ri cip\u0151divat a k\u00e9nyelmet \u00e9s a karakteres megjelen\u00e9st \u00f6tv\u00f6zi. A trendek soksz\u00edn\u0171ek: a retro sportcip\u0151k \u00e9s loaferek mellett v\u00e1szon tornacip\u0151k, papucsok \u00e9s alacsony sark\u00fa l\u00e1bbelik v\u00e1rnak. A pasztellekt\u0151l a vibr\u00e1l\u00f3 kobaltk\u00e9kig minden sz\u00edn uralni fogja a trendeket! Fedezd fel a CCC k\u00edn\u00e1lat\u00e1t! Kobaltk\u00e9k a trendek \u00e9l\u00e9n A kobaltk\u00e9k a 2026-os tavaszi\u2013ny\u00e1ri szezon egyik [&hellip;]\" \/>\n<meta property=\"og:url\" content=\"https:\/\/blog.ccc.eu\/hu\/a-2026-os-tavasz-nyar-legmenobb-cipoi-a-ccc-tol\/\" \/>\n<meta property=\"og:site_name\" content=\"CCC Fashion blog\" \/>\n<meta property=\"article:published_time\" content=\"2026-01-20T13:20:24+00:00\" \/>\n<meta property=\"article:modified_time\" content=\"2026-01-20T13:20:25+00:00\" \/>\n<meta property=\"og:image\" content=\"https:\/\/blog.ccc.eu\/hu\/wp-content\/uploads\/2026\/01\/CCC_5906751501207_02_M-683x1024-1.jpg\" \/>\n\t<meta property=\"og:image:width\" content=\"683\" \/>\n\t<meta property=\"og:image:height\" content=\"1024\" \/>\n\t<meta property=\"og:image:type\" content=\"image\/jpeg\" \/>\n<meta name=\"author\" content=\"Beatrix Korosi\" \/>\n<meta name=\"twitter:card\" content=\"summary_large_image\" \/>\n<meta name=\"twitter:label1\" content=\"Szerz\u0151:\" \/>\n\t<meta name=\"twitter:data1\" content=\"Beatrix Korosi\" \/>\n\t<meta name=\"twitter:label2\" content=\"Becs\u00fclt olvas\u00e1si id\u0151\" \/>\n\t<meta name=\"twitter:data2\" content=\"4 perc\" \/>\n<script type=\"application\/ld+json\" class=\"yoast-schema-graph\">{\"@context\":\"https:\/\/schema.org\",\"@graph\":[{\"@type\":\"Article\",\"@id\":\"https:\/\/blog.ccc.eu\/hu\/a-2026-os-tavasz-nyar-legmenobb-cipoi-a-ccc-tol\/#article\",\"isPartOf\":{\"@id\":\"https:\/\/blog.ccc.eu\/hu\/a-2026-os-tavasz-nyar-legmenobb-cipoi-a-ccc-tol\/\"},\"author\":{\"name\":\"Beatrix Korosi\",\"@id\":\"https:\/\/blog.ccc.eu\/hu\/#\/schema\/person\/b37d4e58a15b8cc6b1339218cfeb7c10\"},\"headline\":\"A 2026-os tavasz\u2013ny\u00e1r legmen\u0151bb cip\u0151i a CCC-t\u0151l\",\"datePublished\":\"2026-01-20T13:20:24+00:00\",\"dateModified\":\"2026-01-20T13:20:25+00:00\",\"mainEntityOfPage\":{\"@id\":\"https:\/\/blog.ccc.eu\/hu\/a-2026-os-tavasz-nyar-legmenobb-cipoi-a-ccc-tol\/\"},\"wordCount\":373,\"commentCount\":0,\"publisher\":{\"@id\":\"https:\/\/blog.ccc.eu\/hu\/#organization\"},\"image\":{\"@id\":\"https:\/\/blog.ccc.eu\/hu\/a-2026-os-tavasz-nyar-legmenobb-cipoi-a-ccc-tol\/#primaryimage\"},\"thumbnailUrl\":\"https:\/\/blog.ccc.eu\/hu\/wp-content\/uploads\/2026\/01\/CCC_5906751501207_02_M-683x1024-1.jpg\",\"keywords\":[\"CCC\",\"cip\u0151k\",\"Kobaltk\u00e9k\",\"mokaszinok\",\"trendek\"],\"articleSection\":[\"TRENDEK\"],\"inLanguage\":\"hu\",\"potentialAction\":[{\"@type\":\"CommentAction\",\"name\":\"Comment\",\"target\":[\"https:\/\/blog.ccc.eu\/hu\/a-2026-os-tavasz-nyar-legmenobb-cipoi-a-ccc-tol\/#respond\"]}]},{\"@type\":\"WebPage\",\"@id\":\"https:\/\/blog.ccc.eu\/hu\/a-2026-os-tavasz-nyar-legmenobb-cipoi-a-ccc-tol\/\",\"url\":\"https:\/\/blog.ccc.eu\/hu\/a-2026-os-tavasz-nyar-legmenobb-cipoi-a-ccc-tol\/\",\"name\":\"A 2026-os tavasz\u2013ny\u00e1r legmen\u0151bb cip\u0151i a CCC-t\u0151l - CCC Fashion blog\",\"isPartOf\":{\"@id\":\"https:\/\/blog.ccc.eu\/hu\/#website\"},\"primaryImageOfPage\":{\"@id\":\"https:\/\/blog.ccc.eu\/hu\/a-2026-os-tavasz-nyar-legmenobb-cipoi-a-ccc-tol\/#primaryimage\"},\"image\":{\"@id\":\"https:\/\/blog.ccc.eu\/hu\/a-2026-os-tavasz-nyar-legmenobb-cipoi-a-ccc-tol\/#primaryimage\"},\"thumbnailUrl\":\"https:\/\/blog.ccc.eu\/hu\/wp-content\/uploads\/2026\/01\/CCC_5906751501207_02_M-683x1024-1.jpg\",\"datePublished\":\"2026-01-20T13:20:24+00:00\",\"dateModified\":\"2026-01-20T13:20:25+00:00\",\"breadcrumb\":{\"@id\":\"https:\/\/blog.ccc.eu\/hu\/a-2026-os-tavasz-nyar-legmenobb-cipoi-a-ccc-tol\/#breadcrumb\"},\"inLanguage\":\"hu\",\"potentialAction\":[{\"@type\":\"ReadAction\",\"target\":[\"https:\/\/blog.ccc.eu\/hu\/a-2026-os-tavasz-nyar-legmenobb-cipoi-a-ccc-tol\/\"]}]},{\"@type\":\"ImageObject\",\"inLanguage\":\"hu\",\"@id\":\"https:\/\/blog.ccc.eu\/hu\/a-2026-os-tavasz-nyar-legmenobb-cipoi-a-ccc-tol\/#primaryimage\",\"url\":\"https:\/\/blog.ccc.eu\/hu\/wp-content\/uploads\/2026\/01\/CCC_5906751501207_02_M-683x1024-1.jpg\",\"contentUrl\":\"https:\/\/blog.ccc.eu\/hu\/wp-content\/uploads\/2026\/01\/CCC_5906751501207_02_M-683x1024-1.jpg\",\"width\":683,\"height\":1024},{\"@type\":\"BreadcrumbList\",\"@id\":\"https:\/\/blog.ccc.eu\/hu\/a-2026-os-tavasz-nyar-legmenobb-cipoi-a-ccc-tol\/#breadcrumb\",\"itemListElement\":[{\"@type\":\"ListItem\",\"position\":1,\"name\":\"Strona g\u0142\u00f3wna\",\"item\":\"https:\/\/blog.ccc.eu\/hu\/\"},{\"@type\":\"ListItem\",\"position\":2,\"name\":\"A 2026-os tavasz\u2013ny\u00e1r legmen\u0151bb cip\u0151i a CCC-t\u0151l\"}]},{\"@type\":\"WebSite\",\"@id\":\"https:\/\/blog.ccc.eu\/hu\/#website\",\"url\":\"https:\/\/blog.ccc.eu\/hu\/\",\"name\":\"CCC Fashion blog\",\"description\":\"Az \u00d6n helye tele van divatihletekkel\",\"publisher\":{\"@id\":\"https:\/\/blog.ccc.eu\/hu\/#organization\"},\"potentialAction\":[{\"@type\":\"SearchAction\",\"target\":{\"@type\":\"EntryPoint\",\"urlTemplate\":\"https:\/\/blog.ccc.eu\/hu\/?s={search_term_string}\"},\"query-input\":{\"@type\":\"PropertyValueSpecification\",\"valueRequired\":true,\"valueName\":\"search_term_string\"}}],\"inLanguage\":\"hu\"},{\"@type\":\"Organization\",\"@id\":\"https:\/\/blog.ccc.eu\/hu\/#organization\",\"name\":\"CCC S.A.\",\"url\":\"https:\/\/blog.ccc.eu\/hu\/\",\"logo\":{\"@type\":\"ImageObject\",\"inLanguage\":\"hu\",\"@id\":\"https:\/\/blog.ccc.eu\/hu\/#\/schema\/logo\/image\/\",\"url\":\"https:\/\/blog.ccc.eu\/hu\/wp-content\/uploads\/2021\/11\/logo_ccc.png\",\"contentUrl\":\"https:\/\/blog.ccc.eu\/hu\/wp-content\/uploads\/2021\/11\/logo_ccc.png\",\"width\":730,\"height\":270,\"caption\":\"CCC S.A.\"},\"image\":{\"@id\":\"https:\/\/blog.ccc.eu\/hu\/#\/schema\/logo\/image\/\"}},{\"@type\":\"Person\",\"@id\":\"https:\/\/blog.ccc.eu\/hu\/#\/schema\/person\/b37d4e58a15b8cc6b1339218cfeb7c10\",\"name\":\"Beatrix Korosi\",\"image\":{\"@type\":\"ImageObject\",\"inLanguage\":\"hu\",\"@id\":\"https:\/\/blog.ccc.eu\/hu\/#\/schema\/person\/image\/\",\"url\":\"https:\/\/blog.ccc.eu\/hu\/wp-content\/uploads\/2022\/11\/Bea-150x150.jpg\",\"contentUrl\":\"https:\/\/blog.ccc.eu\/hu\/wp-content\/uploads\/2022\/11\/Bea-150x150.jpg\",\"caption\":\"Beatrix Korosi\"},\"url\":\"https:\/\/blog.ccc.eu\/hu\/author\/beatrix-korosi\/\"}]}<\/script>\n<!-- \/ Yoast SEO plugin. -->","yoast_head_json":{"title":"A 2026-os tavasz\u2013ny\u00e1r legmen\u0151bb cip\u0151i a CCC-t\u0151l - CCC Fashion blog","description":"2026","robots":{"index":"index","follow":"follow","max-snippet":"max-snippet:-1","max-image-preview":"max-image-preview:large","max-video-preview":"max-video-preview:-1"},"canonical":"https:\/\/blog.ccc.eu\/hu\/a-2026-os-tavasz-nyar-legmenobb-cipoi-a-ccc-tol\/","og_locale":"hu_HU","og_type":"article","og_title":"A 2026-os tavasz\u2013ny\u00e1r legmen\u0151bb cip\u0151i a CCC-t\u0151l - CCC Fashion blog","og_description":"A 2026-os tavaszi\u2013ny\u00e1ri cip\u0151divat a k\u00e9nyelmet \u00e9s a karakteres megjelen\u00e9st \u00f6tv\u00f6zi. A trendek soksz\u00edn\u0171ek: a retro sportcip\u0151k \u00e9s loaferek mellett v\u00e1szon tornacip\u0151k, papucsok \u00e9s alacsony sark\u00fa l\u00e1bbelik v\u00e1rnak. A pasztellekt\u0151l a vibr\u00e1l\u00f3 kobaltk\u00e9kig minden sz\u00edn uralni fogja a trendeket! Fedezd fel a CCC k\u00edn\u00e1lat\u00e1t! Kobaltk\u00e9k a trendek \u00e9l\u00e9n A kobaltk\u00e9k a 2026-os tavaszi\u2013ny\u00e1ri szezon egyik [&hellip;]","og_url":"https:\/\/blog.ccc.eu\/hu\/a-2026-os-tavasz-nyar-legmenobb-cipoi-a-ccc-tol\/","og_site_name":"CCC Fashion blog","article_published_time":"2026-01-20T13:20:24+00:00","article_modified_time":"2026-01-20T13:20:25+00:00","og_image":[{"width":683,"height":1024,"url":"https:\/\/blog.ccc.eu\/hu\/wp-content\/uploads\/2026\/01\/CCC_5906751501207_02_M-683x1024-1.jpg","type":"image\/jpeg"}],"author":"Beatrix Korosi","twitter_card":"summary_large_image","twitter_misc":{"Szerz\u0151:":"Beatrix Korosi","Becs\u00fclt olvas\u00e1si id\u0151":"4 perc"},"schema":{"@context":"https:\/\/schema.org","@graph":[{"@type":"Article","@id":"https:\/\/blog.ccc.eu\/hu\/a-2026-os-tavasz-nyar-legmenobb-cipoi-a-ccc-tol\/#article","isPartOf":{"@id":"https:\/\/blog.ccc.eu\/hu\/a-2026-os-tavasz-nyar-legmenobb-cipoi-a-ccc-tol\/"},"author":{"name":"Beatrix Korosi","@id":"https:\/\/blog.ccc.eu\/hu\/#\/schema\/person\/b37d4e58a15b8cc6b1339218cfeb7c10"},"headline":"A 2026-os tavasz\u2013ny\u00e1r legmen\u0151bb cip\u0151i a CCC-t\u0151l","datePublished":"2026-01-20T13:20:24+00:00","dateModified":"2026-01-20T13:20:25+00:00","mainEntityOfPage":{"@id":"https:\/\/blog.ccc.eu\/hu\/a-2026-os-tavasz-nyar-legmenobb-cipoi-a-ccc-tol\/"},"wordCount":373,"commentCount":0,"publisher":{"@id":"https:\/\/blog.ccc.eu\/hu\/#organization"},"image":{"@id":"https:\/\/blog.ccc.eu\/hu\/a-2026-os-tavasz-nyar-legmenobb-cipoi-a-ccc-tol\/#primaryimage"},"thumbnailUrl":"https:\/\/blog.ccc.eu\/hu\/wp-content\/uploads\/2026\/01\/CCC_5906751501207_02_M-683x1024-1.jpg","keywords":["CCC","cip\u0151k","Kobaltk\u00e9k","mokaszinok","trendek"],"articleSection":["TRENDEK"],"inLanguage":"hu","potentialAction":[{"@type":"CommentAction","name":"Comment","target":["https:\/\/blog.ccc.eu\/hu\/a-2026-os-tavasz-nyar-legmenobb-cipoi-a-ccc-tol\/#respond"]}]},{"@type":"WebPage","@id":"https:\/\/blog.ccc.eu\/hu\/a-2026-os-tavasz-nyar-legmenobb-cipoi-a-ccc-tol\/","url":"https:\/\/blog.ccc.eu\/hu\/a-2026-os-tavasz-nyar-legmenobb-cipoi-a-ccc-tol\/","name":"A 2026-os tavasz\u2013ny\u00e1r legmen\u0151bb cip\u0151i a CCC-t\u0151l - CCC Fashion blog","isPartOf":{"@id":"https:\/\/blog.ccc.eu\/hu\/#website"},"primaryImageOfPage":{"@id":"https:\/\/blog.ccc.eu\/hu\/a-2026-os-tavasz-nyar-legmenobb-cipoi-a-ccc-tol\/#primaryimage"},"image":{"@id":"https:\/\/blog.ccc.eu\/hu\/a-2026-os-tavasz-nyar-legmenobb-cipoi-a-ccc-tol\/#primaryimage"},"thumbnailUrl":"https:\/\/blog.ccc.eu\/hu\/wp-content\/uploads\/2026\/01\/CCC_5906751501207_02_M-683x1024-1.jpg","datePublished":"2026-01-20T13:20:24+00:00","dateModified":"2026-01-20T13:20:25+00:00","breadcrumb":{"@id":"https:\/\/blog.ccc.eu\/hu\/a-2026-os-tavasz-nyar-legmenobb-cipoi-a-ccc-tol\/#breadcrumb"},"inLanguage":"hu","potentialAction":[{"@type":"ReadAction","target":["https:\/\/blog.ccc.eu\/hu\/a-2026-os-tavasz-nyar-legmenobb-cipoi-a-ccc-tol\/"]}]},{"@type":"ImageObject","inLanguage":"hu","@id":"https:\/\/blog.ccc.eu\/hu\/a-2026-os-tavasz-nyar-legmenobb-cipoi-a-ccc-tol\/#primaryimage","url":"https:\/\/blog.ccc.eu\/hu\/wp-content\/uploads\/2026\/01\/CCC_5906751501207_02_M-683x1024-1.jpg","contentUrl":"https:\/\/blog.ccc.eu\/hu\/wp-content\/uploads\/2026\/01\/CCC_5906751501207_02_M-683x1024-1.jpg","width":683,"height":1024},{"@type":"BreadcrumbList","@id":"https:\/\/blog.ccc.eu\/hu\/a-2026-os-tavasz-nyar-legmenobb-cipoi-a-ccc-tol\/#breadcrumb","itemListElement":[{"@type":"ListItem","position":1,"name":"Strona g\u0142\u00f3wna","item":"https:\/\/blog.ccc.eu\/hu\/"},{"@type":"ListItem","position":2,"name":"A 2026-os tavasz\u2013ny\u00e1r legmen\u0151bb cip\u0151i a CCC-t\u0151l"}]},{"@type":"WebSite","@id":"https:\/\/blog.ccc.eu\/hu\/#website","url":"https:\/\/blog.ccc.eu\/hu\/","name":"CCC Fashion blog","description":"Az \u00d6n helye tele van divatihletekkel","publisher":{"@id":"https:\/\/blog.ccc.eu\/hu\/#organization"},"potentialAction":[{"@type":"SearchAction","target":{"@type":"EntryPoint","urlTemplate":"https:\/\/blog.ccc.eu\/hu\/?s={search_term_string}"},"query-input":{"@type":"PropertyValueSpecification","valueRequired":true,"valueName":"search_term_string"}}],"inLanguage":"hu"},{"@type":"Organization","@id":"https:\/\/blog.ccc.eu\/hu\/#organization","name":"CCC S.A.","url":"https:\/\/blog.ccc.eu\/hu\/","logo":{"@type":"ImageObject","inLanguage":"hu","@id":"https:\/\/blog.ccc.eu\/hu\/#\/schema\/logo\/image\/","url":"https:\/\/blog.ccc.eu\/hu\/wp-content\/uploads\/2021\/11\/logo_ccc.png","contentUrl":"https:\/\/blog.ccc.eu\/hu\/wp-content\/uploads\/2021\/11\/logo_ccc.png","width":730,"height":270,"caption":"CCC S.A."},"image":{"@id":"https:\/\/blog.ccc.eu\/hu\/#\/schema\/logo\/image\/"}},{"@type":"Person","@id":"https:\/\/blog.ccc.eu\/hu\/#\/schema\/person\/b37d4e58a15b8cc6b1339218cfeb7c10","name":"Beatrix Korosi","image":{"@type":"ImageObject","inLanguage":"hu","@id":"https:\/\/blog.ccc.eu\/hu\/#\/schema\/person\/image\/","url":"https:\/\/blog.ccc.eu\/hu\/wp-content\/uploads\/2022\/11\/Bea-150x150.jpg","contentUrl":"https:\/\/blog.ccc.eu\/hu\/wp-content\/uploads\/2022\/11\/Bea-150x150.jpg","caption":"Beatrix Korosi"},"url":"https:\/\/blog.ccc.eu\/hu\/author\/beatrix-korosi\/"}]}},"_links":{"self":[{"href":"https:\/\/blog.ccc.eu\/hu\/wp-json\/wp\/v2\/posts\/11136","targetHints":{"allow":["GET"]}}],"collection":[{"href":"https:\/\/blog.ccc.eu\/hu\/wp-json\/wp\/v2\/posts"}],"about":[{"href":"https:\/\/blog.ccc.eu\/hu\/wp-json\/wp\/v2\/types\/post"}],"author":[{"embeddable":true,"href":"https:\/\/blog.ccc.eu\/hu\/wp-json\/wp\/v2\/users\/22"}],"replies":[{"embeddable":true,"href":"https:\/\/blog.ccc.eu\/hu\/wp-json\/wp\/v2\/comments?post=11136"}],"version-history":[{"count":5,"href":"https:\/\/blog.ccc.eu\/hu\/wp-json\/wp\/v2\/posts\/11136\/revisions"}],"predecessor-version":[{"id":11150,"href":"https:\/\/blog.ccc.eu\/hu\/wp-json\/wp\/v2\/posts\/11136\/revisions\/11150"}],"wp:featuredmedia":[{"embeddable":true,"href":"https:\/\/blog.ccc.eu\/hu\/wp-json\/wp\/v2\/media\/11138"}],"wp:attachment":[{"href":"https:\/\/blog.ccc.eu\/hu\/wp-json\/wp\/v2\/media?parent=11136"}],"wp:term":[{"taxonomy":"category","embeddable":true,"href":"https:\/\/blog.ccc.eu\/hu\/wp-json\/wp\/v2\/categories?post=11136"},{"taxonomy":"post_tag","embeddable":true,"href":"https:\/\/blog.ccc.eu\/hu\/wp-json\/wp\/v2\/tags?post=11136"}],"curies":[{"name":"wp","href":"https:\/\/api.w.org\/{rel}","templated":true}]}}