{"id":11188,"date":"2026-02-27T11:21:53","date_gmt":"2026-02-27T10:21:53","guid":{"rendered":"https:\/\/blog.ccc.eu\/hu\/?p=11188"},"modified":"2026-02-27T11:21:54","modified_gmt":"2026-02-27T10:21:54","slug":"tokeletes-ajandek-nonapra","status":"publish","type":"post","link":"https:\/\/blog.ccc.eu\/hu\/tokeletes-ajandek-nonapra\/","title":{"rendered":"T\u00f6k\u00e9letes aj\u00e1nd\u00e9k n\u0151napra"},"content":{"rendered":"\n<p><b>A n\u0151nap nem csak hagyom\u00e1ny, hanem remek alkalom, hogy kifejezz\u00fck h\u00e1l\u00e1nkat \u00e9s csod\u00e1latunkat az \u00e9let\u00fcnkben l\u00e9v\u0151 n\u0151k fel\u00e9. A r\u00e9gi szimbolikus gesztusok helyett ma olyan aj\u00e1nd\u00e9kokat v\u00e1lasztunk, amelyek igaz\u00e1n \u00f6r\u00f6met okoznak. Aj\u00e1nd\u00e9k n\u0151napra 2026-ban? St\u00edlusos cip\u0151k, klasszikus t\u00e1sk\u00e1k vagy eleg\u00e1ns kieg\u00e9sz\u00edt\u0151k \u2013 a CCC-n\u00e9l mindent megtal\u00e1lsz.<\/b><\/p>\n\n\n\n<figure class=\"wp-block-gallery has-nested-images columns-default is-cropped wp-block-gallery-1 is-layout-flex wp-block-gallery-is-layout-flex\">\n<figure class=\"wp-block-image size-large\"><img loading=\"lazy\" decoding=\"async\" width=\"683\" height=\"1024\" data-id=\"11189\" src=\"https:\/\/blog.ccc.eu\/hu\/wp-content\/uploads\/2026\/02\/CCC_5906751592168_02_M-683x1024-1.jpg\" alt=\"\" class=\"wp-image-11189\" srcset=\"https:\/\/blog.ccc.eu\/hu\/wp-content\/uploads\/2026\/02\/CCC_5906751592168_02_M-683x1024-1.jpg 683w, https:\/\/blog.ccc.eu\/hu\/wp-content\/uploads\/2026\/02\/CCC_5906751592168_02_M-683x1024-1-200x300.jpg 200w, https:\/\/blog.ccc.eu\/hu\/wp-content\/uploads\/2026\/02\/CCC_5906751592168_02_M-683x1024-1-100x150.jpg 100w\" sizes=\"auto, (max-width: 683px) 100vw, 683px\" \/><\/figure>\n\n\n\n<figure class=\"wp-block-image size-large\"><img loading=\"lazy\" decoding=\"async\" width=\"683\" height=\"1024\" data-id=\"11190\" src=\"https:\/\/blog.ccc.eu\/hu\/wp-content\/uploads\/2026\/02\/CCC_5906751542194_01_M-683x1024.jpg\" alt=\"\" class=\"wp-image-11190\" srcset=\"https:\/\/blog.ccc.eu\/hu\/wp-content\/uploads\/2026\/02\/CCC_5906751542194_01_M-683x1024.jpg 683w, https:\/\/blog.ccc.eu\/hu\/wp-content\/uploads\/2026\/02\/CCC_5906751542194_01_M-200x300.jpg 200w, https:\/\/blog.ccc.eu\/hu\/wp-content\/uploads\/2026\/02\/CCC_5906751542194_01_M-768x1152.jpg 768w, https:\/\/blog.ccc.eu\/hu\/wp-content\/uploads\/2026\/02\/CCC_5906751542194_01_M-100x150.jpg 100w, https:\/\/blog.ccc.eu\/hu\/wp-content\/uploads\/2026\/02\/CCC_5906751542194_01_M.jpg 876w\" sizes=\"auto, (max-width: 683px) 100vw, 683px\" \/><\/figure>\n<\/figure>\n\n\n\n<h2 class=\"wp-block-heading\">N\u0151napi aj\u00e1nd\u00e9k akt\u00edv n\u0151knek<\/h2>\n\n\n\n<p>Ha a megaj\u00e1nd\u00e9kozottad szereti a sportot, v\u00e1lassz olyat, ami a szenved\u00e9ly\u00e9vel \u00f6sszhangban van. Egy <strong>k\u00e9nyelmes Reebok sportcip\u0151<\/strong>, praktikus sport- vagy \u00f6vt\u00e1ska, diz\u00e1jner kulacs vagy \u00e9l\u00e9nk sz\u00edn\u0171 sportzokni mindig hasznos.<\/p>\n\n\n\n<figure class=\"wp-block-gallery has-nested-images columns-default is-cropped wp-block-gallery-2 is-layout-flex wp-block-gallery-is-layout-flex\">\n<figure class=\"wp-block-image size-large\"><img loading=\"lazy\" decoding=\"async\" width=\"683\" height=\"1024\" data-id=\"11191\" src=\"https:\/\/blog.ccc.eu\/hu\/wp-content\/uploads\/2026\/02\/CCC_5903698584249_01pop-683x1024-1.jpg\" alt=\"\" class=\"wp-image-11191\" srcset=\"https:\/\/blog.ccc.eu\/hu\/wp-content\/uploads\/2026\/02\/CCC_5903698584249_01pop-683x1024-1.jpg 683w, https:\/\/blog.ccc.eu\/hu\/wp-content\/uploads\/2026\/02\/CCC_5903698584249_01pop-683x1024-1-200x300.jpg 200w, https:\/\/blog.ccc.eu\/hu\/wp-content\/uploads\/2026\/02\/CCC_5903698584249_01pop-683x1024-1-100x150.jpg 100w\" sizes=\"auto, (max-width: 683px) 100vw, 683px\" \/><\/figure>\n\n\n\n<figure class=\"wp-block-image size-large\"><img loading=\"lazy\" decoding=\"async\" width=\"683\" height=\"1024\" data-id=\"11192\" src=\"https:\/\/blog.ccc.eu\/hu\/wp-content\/uploads\/2026\/02\/CCC_5906751630693_02_M-683x1024-1.jpg\" alt=\"\" class=\"wp-image-11192\" srcset=\"https:\/\/blog.ccc.eu\/hu\/wp-content\/uploads\/2026\/02\/CCC_5906751630693_02_M-683x1024-1.jpg 683w, https:\/\/blog.ccc.eu\/hu\/wp-content\/uploads\/2026\/02\/CCC_5906751630693_02_M-683x1024-1-200x300.jpg 200w, https:\/\/blog.ccc.eu\/hu\/wp-content\/uploads\/2026\/02\/CCC_5906751630693_02_M-683x1024-1-100x150.jpg 100w\" sizes=\"auto, (max-width: 683px) 100vw, 683px\" \/><\/figure>\n<\/figure>\n\n\n\n<h2 class=\"wp-block-heading\">St\u00edlusos aj\u00e1nd\u00e9k n\u0151napra \u2013 divatkedvel\u0151 n\u0151knek<\/h2>\n\n\n\n<p>Ha a partnered, n\u0151v\u00e9red vagy bar\u00e1tod szereti a divatot \u00e9s k\u00f6veti a trendeket, akkor egy \u00faj<strong> k\u00e9zit\u00e1ska<\/strong> t\u00f6k\u00e9letes v\u00e1laszt\u00e1snak fog bizonyulni.<\/p>\n\n\n\n<p>A 2026-os szezon sl\u00e1gerei: puha hobo t\u00e1sk\u00e1k, struktur\u00e1lt mini t\u00e1sk\u00e1k \u00e9s geometrikus, nagym\u00e9ret\u0171 t\u00e1sk\u00e1k. A divatsz\u00ednek k\u00f6z\u00f6tt a <strong>Cloud Dancer<\/strong> (tejfeh\u00e9r), <strong>Millennial Pink<\/strong> (p\u00faderr\u00f3zsasz\u00edn) \u00e9s a k\u00fcl\u00f6nb\u00f6z\u0151 k\u00e9k \u00e1rnyalatok domin\u00e1lnak.<\/p>\n\n\n\n<figure class=\"wp-block-gallery has-nested-images columns-default is-cropped wp-block-gallery-3 is-layout-flex wp-block-gallery-is-layout-flex\">\n<figure class=\"wp-block-image size-large\"><img loading=\"lazy\" decoding=\"async\" width=\"683\" height=\"1024\" data-id=\"11193\" src=\"https:\/\/blog.ccc.eu\/hu\/wp-content\/uploads\/2026\/02\/CCC_5906751542248_02-683x1024-1.jpg\" alt=\"\" class=\"wp-image-11193\" srcset=\"https:\/\/blog.ccc.eu\/hu\/wp-content\/uploads\/2026\/02\/CCC_5906751542248_02-683x1024-1.jpg 683w, https:\/\/blog.ccc.eu\/hu\/wp-content\/uploads\/2026\/02\/CCC_5906751542248_02-683x1024-1-200x300.jpg 200w, https:\/\/blog.ccc.eu\/hu\/wp-content\/uploads\/2026\/02\/CCC_5906751542248_02-683x1024-1-100x150.jpg 100w\" sizes=\"auto, (max-width: 683px) 100vw, 683px\" \/><\/figure>\n\n\n\n<figure class=\"wp-block-image size-large\"><img loading=\"lazy\" decoding=\"async\" width=\"683\" height=\"1024\" data-id=\"11194\" src=\"https:\/\/blog.ccc.eu\/hu\/wp-content\/uploads\/2026\/02\/CCC_5906751542248_01_M_POPR-683x1024-1.jpg\" alt=\"\" class=\"wp-image-11194\" srcset=\"https:\/\/blog.ccc.eu\/hu\/wp-content\/uploads\/2026\/02\/CCC_5906751542248_01_M_POPR-683x1024-1.jpg 683w, https:\/\/blog.ccc.eu\/hu\/wp-content\/uploads\/2026\/02\/CCC_5906751542248_01_M_POPR-683x1024-1-200x300.jpg 200w, https:\/\/blog.ccc.eu\/hu\/wp-content\/uploads\/2026\/02\/CCC_5906751542248_01_M_POPR-683x1024-1-100x150.jpg 100w\" sizes=\"auto, (max-width: 683px) 100vw, 683px\" \/><\/figure>\n<\/figure>\n\n\n\n<h2 class=\"wp-block-heading\">Aj\u00e1nd\u00e9k a kieg\u00e9sz\u00edt\u0151k szerelmeseinek<\/h2>\n\n\n\n<p>Vannak n\u0151k, akik a legegyszer\u0171bb \u00f6lt\u00f6z\u00e9ket is k\u00fcl\u00f6nlegess\u00e9 teszik a kieg\u00e9sz\u00edt\u0151k seg\u00edts\u00e9g\u00e9vel. Ha a szeretted k\u00f6z\u00e9j\u00fck tartozik, a n\u0151napi aj\u00e1nd\u00e9k legyen apr\u00f3, de figyelmes.<\/p>\n\n\n\n<p>V\u00e1lassz divatos kieg\u00e9sz\u00edt\u0151ket a 2026-os trendekb\u0151l: pasztell selyems\u00e1lat, dekorat\u00edv hajp\u00e1ntot, minimalista k\u00f6t\u00f6tt sapk\u00e1t, vagy sz\u00ednes zoknit visszafogott mint\u00e1val, fodros vagy csill\u00e1mos r\u00e9szletekkel. Ezek apr\u00f3, de l\u00e1tv\u00e1nyos r\u00e9szletek, amelyek igaz\u00e1n \u00f6r\u00f6met okoznak.<\/p>\n\n\n\n<figure class=\"wp-block-gallery has-nested-images columns-default is-cropped wp-block-gallery-4 is-layout-flex wp-block-gallery-is-layout-flex\">\n<figure class=\"wp-block-image size-large\"><img loading=\"lazy\" decoding=\"async\" width=\"683\" height=\"1024\" data-id=\"11195\" src=\"https:\/\/blog.ccc.eu\/hu\/wp-content\/uploads\/2026\/02\/CCC_5904248138325_01-683x1024-1.jpg\" alt=\"\" class=\"wp-image-11195\" srcset=\"https:\/\/blog.ccc.eu\/hu\/wp-content\/uploads\/2026\/02\/CCC_5904248138325_01-683x1024-1.jpg 683w, https:\/\/blog.ccc.eu\/hu\/wp-content\/uploads\/2026\/02\/CCC_5904248138325_01-683x1024-1-200x300.jpg 200w, https:\/\/blog.ccc.eu\/hu\/wp-content\/uploads\/2026\/02\/CCC_5904248138325_01-683x1024-1-100x150.jpg 100w\" sizes=\"auto, (max-width: 683px) 100vw, 683px\" \/><\/figure>\n\n\n\n<figure class=\"wp-block-image size-large\"><img loading=\"lazy\" decoding=\"async\" width=\"683\" height=\"1024\" data-id=\"11196\" src=\"https:\/\/blog.ccc.eu\/hu\/wp-content\/uploads\/2026\/02\/CCC_5904248138325_02_M-683x1024-1.jpg\" alt=\"\" class=\"wp-image-11196\" srcset=\"https:\/\/blog.ccc.eu\/hu\/wp-content\/uploads\/2026\/02\/CCC_5904248138325_02_M-683x1024-1.jpg 683w, https:\/\/blog.ccc.eu\/hu\/wp-content\/uploads\/2026\/02\/CCC_5904248138325_02_M-683x1024-1-200x300.jpg 200w, https:\/\/blog.ccc.eu\/hu\/wp-content\/uploads\/2026\/02\/CCC_5904248138325_02_M-683x1024-1-100x150.jpg 100w\" sizes=\"auto, (max-width: 683px) 100vw, 683px\" \/><\/figure>\n<\/figure>\n\n\n\n<p>Tal\u00e1ld meg a t\u00f6k\u00e9letes n\u0151napi aj\u00e1nd\u00e9kot\u00a0<a href=\"https:\/\/ccc.eu\/hu\/sklepy\" target=\"_blank\" rel=\"noreferrer noopener\">CCC \u00fczleteinkben<\/a>,\u00a0<a href=\"https:\/\/ccc.eu\/hu\/\" target=\"_blank\" rel=\"noreferrer noopener\">webshopunkban<\/a>, \u00e9s az\u00a0<a href=\"https:\/\/ccc.eu\/hu\/mobile-app\" target=\"_blank\" rel=\"noreferrer noopener\">alkalmaz\u00e1sban<\/a>. Legy\u00e9l\u00a0<a href=\"https:\/\/ccc.eu\/hu\/klub-ccc\" target=\"_blank\" rel=\"noreferrer noopener\">MODIVOclub tag<\/a>, \u00e9s \u00e9lvezd a k\u00e9nyelmes \u00e9s kedvezm\u00e9nyes v\u00e1s\u00e1rl\u00e1si lehet\u0151s\u00e9geket! K\u00f6vesd vel\u00fcnk a divatot\u00a0<a href=\"https:\/\/www.facebook.com\/CCC.Hungary\/\" target=\"_blank\" rel=\"noreferrer noopener\">Facebookon,<\/a>\u00a0\u00e9s inspir\u00e1l\u00f3dj vel\u00fcnk az\u00a0<a href=\"https:\/\/www.instagram.com\/cccshoesbags\/\" target=\"_blank\" rel=\"noreferrer noopener\">Instagramon<\/a>\u00a0is!\u00a0\u00a0\u00a0\u00a0\u00a0<\/p>\n","protected":false},"excerpt":{"rendered":"<p>A n\u0151nap nem csak hagyom\u00e1ny, hanem remek alkalom, hogy kifejezz\u00fck h\u00e1l\u00e1nkat \u00e9s csod\u00e1latunkat az \u00e9let\u00fcnkben l\u00e9v\u0151 n\u0151k fel\u00e9. A r\u00e9gi szimbolikus gesztusok helyett ma olyan aj\u00e1nd\u00e9kokat v\u00e1lasztunk, amelyek igaz\u00e1n \u00f6r\u00f6met okoznak. Aj\u00e1nd\u00e9k n\u0151napra 2026-ban? St\u00edlusos cip\u0151k, klasszikus t\u00e1sk\u00e1k vagy eleg\u00e1ns kieg\u00e9sz\u00edt\u0151k \u2013 a CCC-n\u00e9l mindent megtal\u00e1lsz. N\u0151napi aj\u00e1nd\u00e9k akt\u00edv n\u0151knek Ha a megaj\u00e1nd\u00e9kozottad szereti a [&hellip;]<\/p>\n","protected":false},"author":22,"featured_media":11189,"comment_status":"open","ping_status":"open","sticky":false,"template":"","format":"standard","meta":{"_acf_changed":false,"footnotes":""},"categories":[4],"tags":[560,821,704,1048,1080],"class_list":["post-11188","post","type-post","status-publish","format-standard","has-post-thumbnail","hentry","category-divat-tippek","tag-ccc","tag-divat-tippek","tag-kiegeszitok","tag-nonap","tag-taskak"],"acf":[],"yoast_head":"<!-- This site is optimized with the Yoast SEO plugin v26.9 - https:\/\/yoast.com\/product\/yoast-seo-wordpress\/ -->\n<title>T\u00f6k\u00e9letes aj\u00e1nd\u00e9k n\u0151napra - CCC Fashion blog<\/title>\n<meta name=\"description\" content=\"2026\" \/>\n<meta name=\"robots\" content=\"index, follow, max-snippet:-1, max-image-preview:large, max-video-preview:-1\" \/>\n<link rel=\"canonical\" href=\"https:\/\/blog.ccc.eu\/hu\/tokeletes-ajandek-nonapra\/\" \/>\n<meta property=\"og:locale\" content=\"hu_HU\" \/>\n<meta property=\"og:type\" content=\"article\" \/>\n<meta property=\"og:title\" content=\"T\u00f6k\u00e9letes aj\u00e1nd\u00e9k n\u0151napra - CCC Fashion blog\" \/>\n<meta property=\"og:description\" content=\"A n\u0151nap nem csak hagyom\u00e1ny, hanem remek alkalom, hogy kifejezz\u00fck h\u00e1l\u00e1nkat \u00e9s csod\u00e1latunkat az \u00e9let\u00fcnkben l\u00e9v\u0151 n\u0151k fel\u00e9. A r\u00e9gi szimbolikus gesztusok helyett ma olyan aj\u00e1nd\u00e9kokat v\u00e1lasztunk, amelyek igaz\u00e1n \u00f6r\u00f6met okoznak. Aj\u00e1nd\u00e9k n\u0151napra 2026-ban? St\u00edlusos cip\u0151k, klasszikus t\u00e1sk\u00e1k vagy eleg\u00e1ns kieg\u00e9sz\u00edt\u0151k \u2013 a CCC-n\u00e9l mindent megtal\u00e1lsz. N\u0151napi aj\u00e1nd\u00e9k akt\u00edv n\u0151knek Ha a megaj\u00e1nd\u00e9kozottad szereti a [&hellip;]\" \/>\n<meta property=\"og:url\" content=\"https:\/\/blog.ccc.eu\/hu\/tokeletes-ajandek-nonapra\/\" \/>\n<meta property=\"og:site_name\" content=\"CCC Fashion blog\" \/>\n<meta property=\"article:published_time\" content=\"2026-02-27T10:21:53+00:00\" \/>\n<meta property=\"article:modified_time\" content=\"2026-02-27T10:21:54+00:00\" \/>\n<meta property=\"og:image\" content=\"https:\/\/blog.ccc.eu\/hu\/wp-content\/uploads\/2026\/02\/CCC_5906751592168_02_M-683x1024-1.jpg\" \/>\n\t<meta property=\"og:image:width\" content=\"683\" \/>\n\t<meta property=\"og:image:height\" content=\"1024\" \/>\n\t<meta property=\"og:image:type\" content=\"image\/jpeg\" \/>\n<meta name=\"author\" content=\"Beatrix Korosi\" \/>\n<meta name=\"twitter:card\" content=\"summary_large_image\" \/>\n<meta name=\"twitter:label1\" content=\"Szerz\u0151:\" \/>\n\t<meta name=\"twitter:data1\" content=\"Beatrix Korosi\" \/>\n\t<meta name=\"twitter:label2\" content=\"Becs\u00fclt olvas\u00e1si id\u0151\" \/>\n\t<meta name=\"twitter:data2\" content=\"4 perc\" \/>\n<script type=\"application\/ld+json\" class=\"yoast-schema-graph\">{\"@context\":\"https:\/\/schema.org\",\"@graph\":[{\"@type\":\"Article\",\"@id\":\"https:\/\/blog.ccc.eu\/hu\/tokeletes-ajandek-nonapra\/#article\",\"isPartOf\":{\"@id\":\"https:\/\/blog.ccc.eu\/hu\/tokeletes-ajandek-nonapra\/\"},\"author\":{\"name\":\"Beatrix Korosi\",\"@id\":\"https:\/\/blog.ccc.eu\/hu\/#\/schema\/person\/b37d4e58a15b8cc6b1339218cfeb7c10\"},\"headline\":\"T\u00f6k\u00e9letes aj\u00e1nd\u00e9k n\u0151napra\",\"datePublished\":\"2026-02-27T10:21:53+00:00\",\"dateModified\":\"2026-02-27T10:21:54+00:00\",\"mainEntityOfPage\":{\"@id\":\"https:\/\/blog.ccc.eu\/hu\/tokeletes-ajandek-nonapra\/\"},\"wordCount\":377,\"commentCount\":0,\"publisher\":{\"@id\":\"https:\/\/blog.ccc.eu\/hu\/#organization\"},\"image\":{\"@id\":\"https:\/\/blog.ccc.eu\/hu\/tokeletes-ajandek-nonapra\/#primaryimage\"},\"thumbnailUrl\":\"https:\/\/blog.ccc.eu\/hu\/wp-content\/uploads\/2026\/02\/CCC_5906751592168_02_M-683x1024-1.jpg\",\"keywords\":[\"CCC\",\"divat tippek\",\"kieg\u00e9sz\u00edt\u0151k\",\"n\u0151nap\",\"T\u00e1sk\u00e1k\"],\"articleSection\":[\"DIVAT TIPPEK\"],\"inLanguage\":\"hu\",\"potentialAction\":[{\"@type\":\"CommentAction\",\"name\":\"Comment\",\"target\":[\"https:\/\/blog.ccc.eu\/hu\/tokeletes-ajandek-nonapra\/#respond\"]}]},{\"@type\":\"WebPage\",\"@id\":\"https:\/\/blog.ccc.eu\/hu\/tokeletes-ajandek-nonapra\/\",\"url\":\"https:\/\/blog.ccc.eu\/hu\/tokeletes-ajandek-nonapra\/\",\"name\":\"T\u00f6k\u00e9letes aj\u00e1nd\u00e9k n\u0151napra - CCC Fashion blog\",\"isPartOf\":{\"@id\":\"https:\/\/blog.ccc.eu\/hu\/#website\"},\"primaryImageOfPage\":{\"@id\":\"https:\/\/blog.ccc.eu\/hu\/tokeletes-ajandek-nonapra\/#primaryimage\"},\"image\":{\"@id\":\"https:\/\/blog.ccc.eu\/hu\/tokeletes-ajandek-nonapra\/#primaryimage\"},\"thumbnailUrl\":\"https:\/\/blog.ccc.eu\/hu\/wp-content\/uploads\/2026\/02\/CCC_5906751592168_02_M-683x1024-1.jpg\",\"datePublished\":\"2026-02-27T10:21:53+00:00\",\"dateModified\":\"2026-02-27T10:21:54+00:00\",\"breadcrumb\":{\"@id\":\"https:\/\/blog.ccc.eu\/hu\/tokeletes-ajandek-nonapra\/#breadcrumb\"},\"inLanguage\":\"hu\",\"potentialAction\":[{\"@type\":\"ReadAction\",\"target\":[\"https:\/\/blog.ccc.eu\/hu\/tokeletes-ajandek-nonapra\/\"]}]},{\"@type\":\"ImageObject\",\"inLanguage\":\"hu\",\"@id\":\"https:\/\/blog.ccc.eu\/hu\/tokeletes-ajandek-nonapra\/#primaryimage\",\"url\":\"https:\/\/blog.ccc.eu\/hu\/wp-content\/uploads\/2026\/02\/CCC_5906751592168_02_M-683x1024-1.jpg\",\"contentUrl\":\"https:\/\/blog.ccc.eu\/hu\/wp-content\/uploads\/2026\/02\/CCC_5906751592168_02_M-683x1024-1.jpg\",\"width\":683,\"height\":1024},{\"@type\":\"BreadcrumbList\",\"@id\":\"https:\/\/blog.ccc.eu\/hu\/tokeletes-ajandek-nonapra\/#breadcrumb\",\"itemListElement\":[{\"@type\":\"ListItem\",\"position\":1,\"name\":\"Strona g\u0142\u00f3wna\",\"item\":\"https:\/\/blog.ccc.eu\/hu\/\"},{\"@type\":\"ListItem\",\"position\":2,\"name\":\"T\u00f6k\u00e9letes aj\u00e1nd\u00e9k n\u0151napra\"}]},{\"@type\":\"WebSite\",\"@id\":\"https:\/\/blog.ccc.eu\/hu\/#website\",\"url\":\"https:\/\/blog.ccc.eu\/hu\/\",\"name\":\"CCC Fashion blog\",\"description\":\"Az \u00d6n helye tele van divatihletekkel\",\"publisher\":{\"@id\":\"https:\/\/blog.ccc.eu\/hu\/#organization\"},\"potentialAction\":[{\"@type\":\"SearchAction\",\"target\":{\"@type\":\"EntryPoint\",\"urlTemplate\":\"https:\/\/blog.ccc.eu\/hu\/?s={search_term_string}\"},\"query-input\":{\"@type\":\"PropertyValueSpecification\",\"valueRequired\":true,\"valueName\":\"search_term_string\"}}],\"inLanguage\":\"hu\"},{\"@type\":\"Organization\",\"@id\":\"https:\/\/blog.ccc.eu\/hu\/#organization\",\"name\":\"CCC S.A.\",\"url\":\"https:\/\/blog.ccc.eu\/hu\/\",\"logo\":{\"@type\":\"ImageObject\",\"inLanguage\":\"hu\",\"@id\":\"https:\/\/blog.ccc.eu\/hu\/#\/schema\/logo\/image\/\",\"url\":\"https:\/\/blog.ccc.eu\/hu\/wp-content\/uploads\/2021\/11\/logo_ccc.png\",\"contentUrl\":\"https:\/\/blog.ccc.eu\/hu\/wp-content\/uploads\/2021\/11\/logo_ccc.png\",\"width\":730,\"height\":270,\"caption\":\"CCC S.A.\"},\"image\":{\"@id\":\"https:\/\/blog.ccc.eu\/hu\/#\/schema\/logo\/image\/\"}},{\"@type\":\"Person\",\"@id\":\"https:\/\/blog.ccc.eu\/hu\/#\/schema\/person\/b37d4e58a15b8cc6b1339218cfeb7c10\",\"name\":\"Beatrix Korosi\",\"image\":{\"@type\":\"ImageObject\",\"inLanguage\":\"hu\",\"@id\":\"https:\/\/blog.ccc.eu\/hu\/#\/schema\/person\/image\/\",\"url\":\"https:\/\/blog.ccc.eu\/hu\/wp-content\/uploads\/2022\/11\/Bea-150x150.jpg\",\"contentUrl\":\"https:\/\/blog.ccc.eu\/hu\/wp-content\/uploads\/2022\/11\/Bea-150x150.jpg\",\"caption\":\"Beatrix Korosi\"},\"url\":\"https:\/\/blog.ccc.eu\/hu\/author\/beatrix-korosi\/\"}]}<\/script>\n<!-- \/ Yoast SEO plugin. -->","yoast_head_json":{"title":"T\u00f6k\u00e9letes aj\u00e1nd\u00e9k n\u0151napra - CCC Fashion blog","description":"2026","robots":{"index":"index","follow":"follow","max-snippet":"max-snippet:-1","max-image-preview":"max-image-preview:large","max-video-preview":"max-video-preview:-1"},"canonical":"https:\/\/blog.ccc.eu\/hu\/tokeletes-ajandek-nonapra\/","og_locale":"hu_HU","og_type":"article","og_title":"T\u00f6k\u00e9letes aj\u00e1nd\u00e9k n\u0151napra - CCC Fashion blog","og_description":"A n\u0151nap nem csak hagyom\u00e1ny, hanem remek alkalom, hogy kifejezz\u00fck h\u00e1l\u00e1nkat \u00e9s csod\u00e1latunkat az \u00e9let\u00fcnkben l\u00e9v\u0151 n\u0151k fel\u00e9. A r\u00e9gi szimbolikus gesztusok helyett ma olyan aj\u00e1nd\u00e9kokat v\u00e1lasztunk, amelyek igaz\u00e1n \u00f6r\u00f6met okoznak. Aj\u00e1nd\u00e9k n\u0151napra 2026-ban? St\u00edlusos cip\u0151k, klasszikus t\u00e1sk\u00e1k vagy eleg\u00e1ns kieg\u00e9sz\u00edt\u0151k \u2013 a CCC-n\u00e9l mindent megtal\u00e1lsz. N\u0151napi aj\u00e1nd\u00e9k akt\u00edv n\u0151knek Ha a megaj\u00e1nd\u00e9kozottad szereti a [&hellip;]","og_url":"https:\/\/blog.ccc.eu\/hu\/tokeletes-ajandek-nonapra\/","og_site_name":"CCC Fashion blog","article_published_time":"2026-02-27T10:21:53+00:00","article_modified_time":"2026-02-27T10:21:54+00:00","og_image":[{"width":683,"height":1024,"url":"https:\/\/blog.ccc.eu\/hu\/wp-content\/uploads\/2026\/02\/CCC_5906751592168_02_M-683x1024-1.jpg","type":"image\/jpeg"}],"author":"Beatrix Korosi","twitter_card":"summary_large_image","twitter_misc":{"Szerz\u0151:":"Beatrix Korosi","Becs\u00fclt olvas\u00e1si id\u0151":"4 perc"},"schema":{"@context":"https:\/\/schema.org","@graph":[{"@type":"Article","@id":"https:\/\/blog.ccc.eu\/hu\/tokeletes-ajandek-nonapra\/#article","isPartOf":{"@id":"https:\/\/blog.ccc.eu\/hu\/tokeletes-ajandek-nonapra\/"},"author":{"name":"Beatrix Korosi","@id":"https:\/\/blog.ccc.eu\/hu\/#\/schema\/person\/b37d4e58a15b8cc6b1339218cfeb7c10"},"headline":"T\u00f6k\u00e9letes aj\u00e1nd\u00e9k n\u0151napra","datePublished":"2026-02-27T10:21:53+00:00","dateModified":"2026-02-27T10:21:54+00:00","mainEntityOfPage":{"@id":"https:\/\/blog.ccc.eu\/hu\/tokeletes-ajandek-nonapra\/"},"wordCount":377,"commentCount":0,"publisher":{"@id":"https:\/\/blog.ccc.eu\/hu\/#organization"},"image":{"@id":"https:\/\/blog.ccc.eu\/hu\/tokeletes-ajandek-nonapra\/#primaryimage"},"thumbnailUrl":"https:\/\/blog.ccc.eu\/hu\/wp-content\/uploads\/2026\/02\/CCC_5906751592168_02_M-683x1024-1.jpg","keywords":["CCC","divat tippek","kieg\u00e9sz\u00edt\u0151k","n\u0151nap","T\u00e1sk\u00e1k"],"articleSection":["DIVAT TIPPEK"],"inLanguage":"hu","potentialAction":[{"@type":"CommentAction","name":"Comment","target":["https:\/\/blog.ccc.eu\/hu\/tokeletes-ajandek-nonapra\/#respond"]}]},{"@type":"WebPage","@id":"https:\/\/blog.ccc.eu\/hu\/tokeletes-ajandek-nonapra\/","url":"https:\/\/blog.ccc.eu\/hu\/tokeletes-ajandek-nonapra\/","name":"T\u00f6k\u00e9letes aj\u00e1nd\u00e9k n\u0151napra - CCC Fashion blog","isPartOf":{"@id":"https:\/\/blog.ccc.eu\/hu\/#website"},"primaryImageOfPage":{"@id":"https:\/\/blog.ccc.eu\/hu\/tokeletes-ajandek-nonapra\/#primaryimage"},"image":{"@id":"https:\/\/blog.ccc.eu\/hu\/tokeletes-ajandek-nonapra\/#primaryimage"},"thumbnailUrl":"https:\/\/blog.ccc.eu\/hu\/wp-content\/uploads\/2026\/02\/CCC_5906751592168_02_M-683x1024-1.jpg","datePublished":"2026-02-27T10:21:53+00:00","dateModified":"2026-02-27T10:21:54+00:00","breadcrumb":{"@id":"https:\/\/blog.ccc.eu\/hu\/tokeletes-ajandek-nonapra\/#breadcrumb"},"inLanguage":"hu","potentialAction":[{"@type":"ReadAction","target":["https:\/\/blog.ccc.eu\/hu\/tokeletes-ajandek-nonapra\/"]}]},{"@type":"ImageObject","inLanguage":"hu","@id":"https:\/\/blog.ccc.eu\/hu\/tokeletes-ajandek-nonapra\/#primaryimage","url":"https:\/\/blog.ccc.eu\/hu\/wp-content\/uploads\/2026\/02\/CCC_5906751592168_02_M-683x1024-1.jpg","contentUrl":"https:\/\/blog.ccc.eu\/hu\/wp-content\/uploads\/2026\/02\/CCC_5906751592168_02_M-683x1024-1.jpg","width":683,"height":1024},{"@type":"BreadcrumbList","@id":"https:\/\/blog.ccc.eu\/hu\/tokeletes-ajandek-nonapra\/#breadcrumb","itemListElement":[{"@type":"ListItem","position":1,"name":"Strona g\u0142\u00f3wna","item":"https:\/\/blog.ccc.eu\/hu\/"},{"@type":"ListItem","position":2,"name":"T\u00f6k\u00e9letes aj\u00e1nd\u00e9k n\u0151napra"}]},{"@type":"WebSite","@id":"https:\/\/blog.ccc.eu\/hu\/#website","url":"https:\/\/blog.ccc.eu\/hu\/","name":"CCC Fashion blog","description":"Az \u00d6n helye tele van divatihletekkel","publisher":{"@id":"https:\/\/blog.ccc.eu\/hu\/#organization"},"potentialAction":[{"@type":"SearchAction","target":{"@type":"EntryPoint","urlTemplate":"https:\/\/blog.ccc.eu\/hu\/?s={search_term_string}"},"query-input":{"@type":"PropertyValueSpecification","valueRequired":true,"valueName":"search_term_string"}}],"inLanguage":"hu"},{"@type":"Organization","@id":"https:\/\/blog.ccc.eu\/hu\/#organization","name":"CCC S.A.","url":"https:\/\/blog.ccc.eu\/hu\/","logo":{"@type":"ImageObject","inLanguage":"hu","@id":"https:\/\/blog.ccc.eu\/hu\/#\/schema\/logo\/image\/","url":"https:\/\/blog.ccc.eu\/hu\/wp-content\/uploads\/2021\/11\/logo_ccc.png","contentUrl":"https:\/\/blog.ccc.eu\/hu\/wp-content\/uploads\/2021\/11\/logo_ccc.png","width":730,"height":270,"caption":"CCC S.A."},"image":{"@id":"https:\/\/blog.ccc.eu\/hu\/#\/schema\/logo\/image\/"}},{"@type":"Person","@id":"https:\/\/blog.ccc.eu\/hu\/#\/schema\/person\/b37d4e58a15b8cc6b1339218cfeb7c10","name":"Beatrix Korosi","image":{"@type":"ImageObject","inLanguage":"hu","@id":"https:\/\/blog.ccc.eu\/hu\/#\/schema\/person\/image\/","url":"https:\/\/blog.ccc.eu\/hu\/wp-content\/uploads\/2022\/11\/Bea-150x150.jpg","contentUrl":"https:\/\/blog.ccc.eu\/hu\/wp-content\/uploads\/2022\/11\/Bea-150x150.jpg","caption":"Beatrix Korosi"},"url":"https:\/\/blog.ccc.eu\/hu\/author\/beatrix-korosi\/"}]}},"_links":{"self":[{"href":"https:\/\/blog.ccc.eu\/hu\/wp-json\/wp\/v2\/posts\/11188","targetHints":{"allow":["GET"]}}],"collection":[{"href":"https:\/\/blog.ccc.eu\/hu\/wp-json\/wp\/v2\/posts"}],"about":[{"href":"https:\/\/blog.ccc.eu\/hu\/wp-json\/wp\/v2\/types\/post"}],"author":[{"embeddable":true,"href":"https:\/\/blog.ccc.eu\/hu\/wp-json\/wp\/v2\/users\/22"}],"replies":[{"embeddable":true,"href":"https:\/\/blog.ccc.eu\/hu\/wp-json\/wp\/v2\/comments?post=11188"}],"version-history":[{"count":3,"href":"https:\/\/blog.ccc.eu\/hu\/wp-json\/wp\/v2\/posts\/11188\/revisions"}],"predecessor-version":[{"id":11200,"href":"https:\/\/blog.ccc.eu\/hu\/wp-json\/wp\/v2\/posts\/11188\/revisions\/11200"}],"wp:featuredmedia":[{"embeddable":true,"href":"https:\/\/blog.ccc.eu\/hu\/wp-json\/wp\/v2\/media\/11189"}],"wp:attachment":[{"href":"https:\/\/blog.ccc.eu\/hu\/wp-json\/wp\/v2\/media?parent=11188"}],"wp:term":[{"taxonomy":"category","embeddable":true,"href":"https:\/\/blog.ccc.eu\/hu\/wp-json\/wp\/v2\/categories?post=11188"},{"taxonomy":"post_tag","embeddable":true,"href":"https:\/\/blog.ccc.eu\/hu\/wp-json\/wp\/v2\/tags?post=11188"}],"curies":[{"name":"wp","href":"https:\/\/api.w.org\/{rel}","templated":true}]}}