{"id":11202,"date":"2026-03-05T10:20:17","date_gmt":"2026-03-05T09:20:17","guid":{"rendered":"https:\/\/blog.ccc.eu\/hu\/?p=11202"},"modified":"2026-03-05T10:20:18","modified_gmt":"2026-03-05T09:20:18","slug":"reebok-meretezesi-utmutato","status":"publish","type":"post","link":"https:\/\/blog.ccc.eu\/hu\/reebok-meretezesi-utmutato\/","title":{"rendered":"Reebok m\u00e9retez\u00e9si \u00fatmutat\u00f3"},"content":{"rendered":"\n<p><b>A Reebok cip\u0151k a sportos \u00f6r\u00f6ks\u00e9get \u00e9s a v\u00e1rosi st\u00edlust \u00f6tv\u00f6zik. De m\u00e9g a legjobb modell sem \u00e9r sokat, ha a m\u00e9ret nem megfelel\u0151. Ha online v\u00e1s\u00e1rolsz, ez az \u00fatmutat\u00f3 seg\u00edt meg\u00e9rteni a Reebok m\u00e9retez\u00e9st, a modellek k\u00f6zti k\u00fcl\u00f6nbs\u00e9geket, \u00e9s azt is, mikor \u00e9rdemes ak\u00e1r f\u00e9l sz\u00e1mmal nagyobbat v\u00e1lasztani.<\/b><\/p>\n\n\n\n<figure class=\"wp-block-image size-full\"><img loading=\"lazy\" decoding=\"async\" width=\"768\" height=\"462\" src=\"https:\/\/blog.ccc.eu\/hu\/wp-content\/uploads\/2026\/03\/reebok-ikona-768x462-1.jpg\" alt=\"\" class=\"wp-image-11203\" srcset=\"https:\/\/blog.ccc.eu\/hu\/wp-content\/uploads\/2026\/03\/reebok-ikona-768x462-1.jpg 768w, https:\/\/blog.ccc.eu\/hu\/wp-content\/uploads\/2026\/03\/reebok-ikona-768x462-1-300x180.jpg 300w, https:\/\/blog.ccc.eu\/hu\/wp-content\/uploads\/2026\/03\/reebok-ikona-768x462-1-100x60.jpg 100w\" sizes=\"auto, (max-width: 768px) 100vw, 768px\" \/><\/figure>\n\n\n\n<h2 class=\"wp-block-heading\">Reebok m\u00e9retez\u00e9s \u2013 mit \u00e9rdemes tudni v\u00e1s\u00e1rl\u00e1s el\u0151tt?<\/h2>\n\n\n\n<p>A Reebok a sport \u00e9s az utcai st\u00edlus tal\u00e1lkoz\u00e1s\u00e1b\u00f3l sz\u00fcletett ikonikus m\u00e1rka. Cip\u0151i ma is a sneaker-kult\u00fara fontos r\u00e9szei.<\/p>\n\n\n\n<p>V\u00e1s\u00e1rl\u00e1s el\u0151tt azonban \u00e9rdemes ellen\u0151rizni a megfelel\u0151 m\u00e9retet. M\u00e9rd meg a l\u00e1bad hossz\u00e1t centim\u00e9terben, \u00e9s hasonl\u00edtsd \u00f6ssze a hivatalos m\u00e9rett\u00e1bl\u00e1zattal. A f\u00e9l m\u00e9retek seg\u00edtenek pontosabb, k\u00e9nyelmesebb illeszked\u00e9st tal\u00e1lni.<\/p>\n\n\n\n<figure class=\"wp-block-gallery has-nested-images columns-default is-cropped wp-block-gallery-1 is-layout-flex wp-block-gallery-is-layout-flex\">\n<figure class=\"wp-block-image size-large\"><img loading=\"lazy\" decoding=\"async\" width=\"768\" height=\"985\" data-id=\"11205\" src=\"https:\/\/blog.ccc.eu\/hu\/wp-content\/uploads\/2026\/03\/C-REWIND-RUN-100264640_DONE-768x985-1.jpg\" alt=\"\" class=\"wp-image-11205\" srcset=\"https:\/\/blog.ccc.eu\/hu\/wp-content\/uploads\/2026\/03\/C-REWIND-RUN-100264640_DONE-768x985-1.jpg 768w, https:\/\/blog.ccc.eu\/hu\/wp-content\/uploads\/2026\/03\/C-REWIND-RUN-100264640_DONE-768x985-1-234x300.jpg 234w, https:\/\/blog.ccc.eu\/hu\/wp-content\/uploads\/2026\/03\/C-REWIND-RUN-100264640_DONE-768x985-1-100x128.jpg 100w\" sizes=\"auto, (max-width: 768px) 100vw, 768px\" \/><\/figure>\n<\/figure>\n\n\n\n<h2 class=\"wp-block-heading\">Hogyan m\u00e9rd meg a l\u00e1bad online cip\u0151v\u00e1s\u00e1rl\u00e1s el\u0151tt?<\/h2>\n\n\n\n<p>Online cip\u0151v\u00e1s\u00e1rl\u00e1sn\u00e1l a pontos m\u00e9r\u00e9s kulcsfontoss\u00e1g\u00fa. Ne csak a m\u00e1s m\u00e1rk\u00e1kn\u00e1l hordott m\u00e9retre hagyatkozz \u2013 a legbiztosabb m\u00f3dszer a l\u00e1bhossz m\u00e9r\u00e9se centim\u00e9terben.<\/p>\n\n\n\n<p><strong>1. \u00c1llj egy pap\u00edrra a faln\u00e1l<\/strong><br>Tegy\u00e9l egy pap\u00edrt a falhoz a padl\u00f3n, majd \u00e1llj r\u00e1 \u00fagy, hogy a sarkad a falat \u00e9rje.<\/p>\n\n\n\n<p><strong>2. Jel\u00f6ld meg a leghosszabb l\u00e1bujjat<\/strong><br>Ceruz\u00e1val jel\u00f6ld meg, hol \u00e9r v\u00e9get a leghosszabb l\u00e1bujjad.<\/p>\n\n\n\n<p><strong>3. M\u00e9rd meg a hossz\u00e1t<\/strong><br>M\u00e9rd meg a t\u00e1vols\u00e1got a sarokt\u00f3l a jel\u00f6l\u00e9sig. M\u00e9rd meg mindk\u00e9t l\u00e1bad, \u00e9s a nagyobb \u00e9rt\u00e9kkel sz\u00e1molj.<\/p>\n\n\n\n<p><strong>4. Ellen\u0151rizd a m\u00e9rett\u00e1bl\u00e1zatot<\/strong><br>Adj hozz\u00e1 kb. 0,5 cm-t, majd hasonl\u00edtsd \u00f6ssze az eredm\u00e9nyt a Reebok hivatalos m\u00e9rett\u00e1bl\u00e1zat\u00e1val.<\/p>\n\n\n\n<p><strong>Tipp:<\/strong> A l\u00e1bat \u00e9rdemes este m\u00e9rni, mert ilyenkor term\u00e9szetesen kiss\u00e9 nagyobb, \u00edgy elker\u00fclheted a t\u00fal szoros cip\u0151t.<\/p>\n\n\n\n<h2 class=\"wp-block-heading\">A Reebok cip\u0151k illeszked\u00e9se \u2013 mit mondanak a v\u00e1s\u00e1rl\u00f3k?<\/h2>\n\n\n\n<p>A v\u00e1s\u00e1rl\u00f3k szerint a Reebok cip\u0151k \u00e1ltal\u00e1ban m\u00e9retpontosak. Az olyan modellek, mint a <strong>Club C<\/strong>, <strong>Classic Leather<\/strong> \u00e9s <strong>Freestyle<\/strong>, a legt\u00f6bb esetben a standard EU-m\u00e9rettel t\u00f6k\u00e9letesen illeszkednek.<\/p>\n\n\n\n<p>A sportmodellekn\u00e9l, p\u00e9ld\u00e1ul a <strong>Nano<\/strong> vagy a fut\u00f3cip\u0151k eset\u00e9ben, \u00e9rdemes lehet f\u00e9l sz\u00e1mmal nagyobbat v\u00e1lasztani, f\u0151leg sz\u00e9lesebb l\u00e1bfej eset\u00e9n. A kisebb elt\u00e9r\u00e9sek ink\u00e1bb a modell kialak\u00edt\u00e1s\u00e1b\u00f3l ad\u00f3dnak, nem a m\u00e1rka m\u00e9retez\u00e9s\u00e9b\u0151l.<\/p>\n\n\n\n<figure class=\"wp-block-image size-full\"><img loading=\"lazy\" decoding=\"async\" width=\"768\" height=\"987\" src=\"https:\/\/blog.ccc.eu\/hu\/wp-content\/uploads\/2026\/03\/CEO-FIORI-AR30309WECZ_5906751519684__DONE-768x987-1.jpg\" alt=\"\" class=\"wp-image-11204\" srcset=\"https:\/\/blog.ccc.eu\/hu\/wp-content\/uploads\/2026\/03\/CEO-FIORI-AR30309WECZ_5906751519684__DONE-768x987-1.jpg 768w, https:\/\/blog.ccc.eu\/hu\/wp-content\/uploads\/2026\/03\/CEO-FIORI-AR30309WECZ_5906751519684__DONE-768x987-1-233x300.jpg 233w, https:\/\/blog.ccc.eu\/hu\/wp-content\/uploads\/2026\/03\/CEO-FIORI-AR30309WECZ_5906751519684__DONE-768x987-1-100x129.jpg 100w\" sizes=\"auto, (max-width: 768px) 100vw, 768px\" \/><\/figure>\n\n\n\n<p>Fedezd fel a Reebok cip\u0151ket\u00a0<a href=\"https:\/\/ccc.eu\/hu\/sklepy\" target=\"_blank\" rel=\"noreferrer noopener\">CCC \u00fczleteinkben<\/a>,\u00a0<a href=\"https:\/\/ccc.eu\/hu\/\" target=\"_blank\" rel=\"noreferrer noopener\">webshopunkban<\/a>, \u00e9s az\u00a0<a href=\"https:\/\/ccc.eu\/hu\/mobile-app\" target=\"_blank\" rel=\"noreferrer noopener\">alkalmaz\u00e1sban<\/a>. Legy\u00e9l\u00a0<a href=\"https:\/\/ccc.eu\/hu\/klub-ccc\" target=\"_blank\" rel=\"noreferrer noopener\">MODIVOclub tag<\/a>, \u00e9s \u00e9lvezd a k\u00e9nyelmes \u00e9s kedvezm\u00e9nyes v\u00e1s\u00e1rl\u00e1si lehet\u0151s\u00e9geket! K\u00f6vesd vel\u00fcnk a divatot\u00a0<a href=\"https:\/\/www.facebook.com\/CCC.Hungary\/\" target=\"_blank\" rel=\"noreferrer noopener\">Facebookon,<\/a>\u00a0\u00e9s inspir\u00e1l\u00f3dj vel\u00fcnk az\u00a0<a href=\"https:\/\/www.instagram.com\/cccshoesbags\/\" target=\"_blank\" rel=\"noreferrer noopener\">Instagramon<\/a>\u00a0is!\u00a0\u00a0\u00a0\u00a0\u00a0<\/p>\n","protected":false},"excerpt":{"rendered":"<p>A Reebok cip\u0151k a sportos \u00f6r\u00f6ks\u00e9get \u00e9s a v\u00e1rosi st\u00edlust \u00f6tv\u00f6zik. De m\u00e9g a legjobb modell sem \u00e9r sokat, ha a m\u00e9ret nem megfelel\u0151. Ha online v\u00e1s\u00e1rolsz, ez az \u00fatmutat\u00f3 seg\u00edt meg\u00e9rteni a Reebok m\u00e9retez\u00e9st, a modellek k\u00f6zti k\u00fcl\u00f6nbs\u00e9geket, \u00e9s azt is, mikor \u00e9rdemes ak\u00e1r f\u00e9l sz\u00e1mmal nagyobbat v\u00e1lasztani. Reebok m\u00e9retez\u00e9s \u2013 mit \u00e9rdemes tudni [&hellip;]<\/p>\n","protected":false},"author":22,"featured_media":11203,"comment_status":"open","ping_status":"open","sticky":false,"template":"","format":"standard","meta":{"_acf_changed":false,"footnotes":""},"categories":[4],"tags":[560,707,821,1247,602],"class_list":["post-11202","post","type-post","status-publish","format-standard","has-post-thumbnail","hentry","category-divat-tippek","tag-ccc","tag-cipok","tag-divat-tippek","tag-modivoclub","tag-reebok"],"acf":[],"yoast_head":"<!-- This site is optimized with the Yoast SEO plugin v26.9 - https:\/\/yoast.com\/product\/yoast-seo-wordpress\/ -->\n<title>Reebok m\u00e9retez\u00e9si \u00fatmutat\u00f3 - CCC Fashion blog<\/title>\n<meta name=\"description\" content=\"2026\" \/>\n<meta name=\"robots\" content=\"index, follow, max-snippet:-1, max-image-preview:large, max-video-preview:-1\" \/>\n<link rel=\"canonical\" href=\"https:\/\/blog.ccc.eu\/hu\/reebok-meretezesi-utmutato\/\" \/>\n<meta property=\"og:locale\" content=\"hu_HU\" \/>\n<meta property=\"og:type\" content=\"article\" \/>\n<meta property=\"og:title\" content=\"Reebok m\u00e9retez\u00e9si \u00fatmutat\u00f3 - CCC Fashion blog\" \/>\n<meta property=\"og:description\" content=\"A Reebok cip\u0151k a sportos \u00f6r\u00f6ks\u00e9get \u00e9s a v\u00e1rosi st\u00edlust \u00f6tv\u00f6zik. De m\u00e9g a legjobb modell sem \u00e9r sokat, ha a m\u00e9ret nem megfelel\u0151. Ha online v\u00e1s\u00e1rolsz, ez az \u00fatmutat\u00f3 seg\u00edt meg\u00e9rteni a Reebok m\u00e9retez\u00e9st, a modellek k\u00f6zti k\u00fcl\u00f6nbs\u00e9geket, \u00e9s azt is, mikor \u00e9rdemes ak\u00e1r f\u00e9l sz\u00e1mmal nagyobbat v\u00e1lasztani. Reebok m\u00e9retez\u00e9s \u2013 mit \u00e9rdemes tudni [&hellip;]\" \/>\n<meta property=\"og:url\" content=\"https:\/\/blog.ccc.eu\/hu\/reebok-meretezesi-utmutato\/\" \/>\n<meta property=\"og:site_name\" content=\"CCC Fashion blog\" \/>\n<meta property=\"article:published_time\" content=\"2026-03-05T09:20:17+00:00\" \/>\n<meta property=\"article:modified_time\" content=\"2026-03-05T09:20:18+00:00\" \/>\n<meta property=\"og:image\" content=\"https:\/\/blog.ccc.eu\/hu\/wp-content\/uploads\/2026\/03\/reebok-ikona-768x462-1.jpg\" \/>\n\t<meta property=\"og:image:width\" content=\"768\" \/>\n\t<meta property=\"og:image:height\" content=\"462\" \/>\n\t<meta property=\"og:image:type\" content=\"image\/jpeg\" \/>\n<meta name=\"author\" content=\"Beatrix Korosi\" \/>\n<meta name=\"twitter:card\" content=\"summary_large_image\" \/>\n<meta name=\"twitter:label1\" content=\"Szerz\u0151:\" \/>\n\t<meta name=\"twitter:data1\" content=\"Beatrix Korosi\" \/>\n\t<meta name=\"twitter:label2\" content=\"Becs\u00fclt olvas\u00e1si id\u0151\" \/>\n\t<meta name=\"twitter:data2\" content=\"3 perc\" \/>\n<script type=\"application\/ld+json\" class=\"yoast-schema-graph\">{\"@context\":\"https:\/\/schema.org\",\"@graph\":[{\"@type\":\"Article\",\"@id\":\"https:\/\/blog.ccc.eu\/hu\/reebok-meretezesi-utmutato\/#article\",\"isPartOf\":{\"@id\":\"https:\/\/blog.ccc.eu\/hu\/reebok-meretezesi-utmutato\/\"},\"author\":{\"name\":\"Beatrix Korosi\",\"@id\":\"https:\/\/blog.ccc.eu\/hu\/#\/schema\/person\/b37d4e58a15b8cc6b1339218cfeb7c10\"},\"headline\":\"Reebok m\u00e9retez\u00e9si \u00fatmutat\u00f3\",\"datePublished\":\"2026-03-05T09:20:17+00:00\",\"dateModified\":\"2026-03-05T09:20:18+00:00\",\"mainEntityOfPage\":{\"@id\":\"https:\/\/blog.ccc.eu\/hu\/reebok-meretezesi-utmutato\/\"},\"wordCount\":505,\"commentCount\":0,\"publisher\":{\"@id\":\"https:\/\/blog.ccc.eu\/hu\/#organization\"},\"image\":{\"@id\":\"https:\/\/blog.ccc.eu\/hu\/reebok-meretezesi-utmutato\/#primaryimage\"},\"thumbnailUrl\":\"https:\/\/blog.ccc.eu\/hu\/wp-content\/uploads\/2026\/03\/reebok-ikona-768x462-1.jpg\",\"keywords\":[\"CCC\",\"cip\u0151k\",\"divat tippek\",\"MODIVOclub\",\"Reebok\"],\"articleSection\":[\"DIVAT TIPPEK\"],\"inLanguage\":\"hu\",\"potentialAction\":[{\"@type\":\"CommentAction\",\"name\":\"Comment\",\"target\":[\"https:\/\/blog.ccc.eu\/hu\/reebok-meretezesi-utmutato\/#respond\"]}]},{\"@type\":\"WebPage\",\"@id\":\"https:\/\/blog.ccc.eu\/hu\/reebok-meretezesi-utmutato\/\",\"url\":\"https:\/\/blog.ccc.eu\/hu\/reebok-meretezesi-utmutato\/\",\"name\":\"Reebok m\u00e9retez\u00e9si \u00fatmutat\u00f3 - CCC Fashion blog\",\"isPartOf\":{\"@id\":\"https:\/\/blog.ccc.eu\/hu\/#website\"},\"primaryImageOfPage\":{\"@id\":\"https:\/\/blog.ccc.eu\/hu\/reebok-meretezesi-utmutato\/#primaryimage\"},\"image\":{\"@id\":\"https:\/\/blog.ccc.eu\/hu\/reebok-meretezesi-utmutato\/#primaryimage\"},\"thumbnailUrl\":\"https:\/\/blog.ccc.eu\/hu\/wp-content\/uploads\/2026\/03\/reebok-ikona-768x462-1.jpg\",\"datePublished\":\"2026-03-05T09:20:17+00:00\",\"dateModified\":\"2026-03-05T09:20:18+00:00\",\"breadcrumb\":{\"@id\":\"https:\/\/blog.ccc.eu\/hu\/reebok-meretezesi-utmutato\/#breadcrumb\"},\"inLanguage\":\"hu\",\"potentialAction\":[{\"@type\":\"ReadAction\",\"target\":[\"https:\/\/blog.ccc.eu\/hu\/reebok-meretezesi-utmutato\/\"]}]},{\"@type\":\"ImageObject\",\"inLanguage\":\"hu\",\"@id\":\"https:\/\/blog.ccc.eu\/hu\/reebok-meretezesi-utmutato\/#primaryimage\",\"url\":\"https:\/\/blog.ccc.eu\/hu\/wp-content\/uploads\/2026\/03\/reebok-ikona-768x462-1.jpg\",\"contentUrl\":\"https:\/\/blog.ccc.eu\/hu\/wp-content\/uploads\/2026\/03\/reebok-ikona-768x462-1.jpg\",\"width\":768,\"height\":462},{\"@type\":\"BreadcrumbList\",\"@id\":\"https:\/\/blog.ccc.eu\/hu\/reebok-meretezesi-utmutato\/#breadcrumb\",\"itemListElement\":[{\"@type\":\"ListItem\",\"position\":1,\"name\":\"Strona g\u0142\u00f3wna\",\"item\":\"https:\/\/blog.ccc.eu\/hu\/\"},{\"@type\":\"ListItem\",\"position\":2,\"name\":\"Reebok m\u00e9retez\u00e9si \u00fatmutat\u00f3\"}]},{\"@type\":\"WebSite\",\"@id\":\"https:\/\/blog.ccc.eu\/hu\/#website\",\"url\":\"https:\/\/blog.ccc.eu\/hu\/\",\"name\":\"CCC Fashion blog\",\"description\":\"Az \u00d6n helye tele van divatihletekkel\",\"publisher\":{\"@id\":\"https:\/\/blog.ccc.eu\/hu\/#organization\"},\"potentialAction\":[{\"@type\":\"SearchAction\",\"target\":{\"@type\":\"EntryPoint\",\"urlTemplate\":\"https:\/\/blog.ccc.eu\/hu\/?s={search_term_string}\"},\"query-input\":{\"@type\":\"PropertyValueSpecification\",\"valueRequired\":true,\"valueName\":\"search_term_string\"}}],\"inLanguage\":\"hu\"},{\"@type\":\"Organization\",\"@id\":\"https:\/\/blog.ccc.eu\/hu\/#organization\",\"name\":\"CCC S.A.\",\"url\":\"https:\/\/blog.ccc.eu\/hu\/\",\"logo\":{\"@type\":\"ImageObject\",\"inLanguage\":\"hu\",\"@id\":\"https:\/\/blog.ccc.eu\/hu\/#\/schema\/logo\/image\/\",\"url\":\"https:\/\/blog.ccc.eu\/hu\/wp-content\/uploads\/2021\/11\/logo_ccc.png\",\"contentUrl\":\"https:\/\/blog.ccc.eu\/hu\/wp-content\/uploads\/2021\/11\/logo_ccc.png\",\"width\":730,\"height\":270,\"caption\":\"CCC S.A.\"},\"image\":{\"@id\":\"https:\/\/blog.ccc.eu\/hu\/#\/schema\/logo\/image\/\"}},{\"@type\":\"Person\",\"@id\":\"https:\/\/blog.ccc.eu\/hu\/#\/schema\/person\/b37d4e58a15b8cc6b1339218cfeb7c10\",\"name\":\"Beatrix Korosi\",\"image\":{\"@type\":\"ImageObject\",\"inLanguage\":\"hu\",\"@id\":\"https:\/\/blog.ccc.eu\/hu\/#\/schema\/person\/image\/\",\"url\":\"https:\/\/blog.ccc.eu\/hu\/wp-content\/uploads\/2022\/11\/Bea-150x150.jpg\",\"contentUrl\":\"https:\/\/blog.ccc.eu\/hu\/wp-content\/uploads\/2022\/11\/Bea-150x150.jpg\",\"caption\":\"Beatrix Korosi\"},\"url\":\"https:\/\/blog.ccc.eu\/hu\/author\/beatrix-korosi\/\"}]}<\/script>\n<!-- \/ Yoast SEO plugin. -->","yoast_head_json":{"title":"Reebok m\u00e9retez\u00e9si \u00fatmutat\u00f3 - CCC Fashion blog","description":"2026","robots":{"index":"index","follow":"follow","max-snippet":"max-snippet:-1","max-image-preview":"max-image-preview:large","max-video-preview":"max-video-preview:-1"},"canonical":"https:\/\/blog.ccc.eu\/hu\/reebok-meretezesi-utmutato\/","og_locale":"hu_HU","og_type":"article","og_title":"Reebok m\u00e9retez\u00e9si \u00fatmutat\u00f3 - CCC Fashion blog","og_description":"A Reebok cip\u0151k a sportos \u00f6r\u00f6ks\u00e9get \u00e9s a v\u00e1rosi st\u00edlust \u00f6tv\u00f6zik. De m\u00e9g a legjobb modell sem \u00e9r sokat, ha a m\u00e9ret nem megfelel\u0151. Ha online v\u00e1s\u00e1rolsz, ez az \u00fatmutat\u00f3 seg\u00edt meg\u00e9rteni a Reebok m\u00e9retez\u00e9st, a modellek k\u00f6zti k\u00fcl\u00f6nbs\u00e9geket, \u00e9s azt is, mikor \u00e9rdemes ak\u00e1r f\u00e9l sz\u00e1mmal nagyobbat v\u00e1lasztani. Reebok m\u00e9retez\u00e9s \u2013 mit \u00e9rdemes tudni [&hellip;]","og_url":"https:\/\/blog.ccc.eu\/hu\/reebok-meretezesi-utmutato\/","og_site_name":"CCC Fashion blog","article_published_time":"2026-03-05T09:20:17+00:00","article_modified_time":"2026-03-05T09:20:18+00:00","og_image":[{"width":768,"height":462,"url":"https:\/\/blog.ccc.eu\/hu\/wp-content\/uploads\/2026\/03\/reebok-ikona-768x462-1.jpg","type":"image\/jpeg"}],"author":"Beatrix Korosi","twitter_card":"summary_large_image","twitter_misc":{"Szerz\u0151:":"Beatrix Korosi","Becs\u00fclt olvas\u00e1si id\u0151":"3 perc"},"schema":{"@context":"https:\/\/schema.org","@graph":[{"@type":"Article","@id":"https:\/\/blog.ccc.eu\/hu\/reebok-meretezesi-utmutato\/#article","isPartOf":{"@id":"https:\/\/blog.ccc.eu\/hu\/reebok-meretezesi-utmutato\/"},"author":{"name":"Beatrix Korosi","@id":"https:\/\/blog.ccc.eu\/hu\/#\/schema\/person\/b37d4e58a15b8cc6b1339218cfeb7c10"},"headline":"Reebok m\u00e9retez\u00e9si \u00fatmutat\u00f3","datePublished":"2026-03-05T09:20:17+00:00","dateModified":"2026-03-05T09:20:18+00:00","mainEntityOfPage":{"@id":"https:\/\/blog.ccc.eu\/hu\/reebok-meretezesi-utmutato\/"},"wordCount":505,"commentCount":0,"publisher":{"@id":"https:\/\/blog.ccc.eu\/hu\/#organization"},"image":{"@id":"https:\/\/blog.ccc.eu\/hu\/reebok-meretezesi-utmutato\/#primaryimage"},"thumbnailUrl":"https:\/\/blog.ccc.eu\/hu\/wp-content\/uploads\/2026\/03\/reebok-ikona-768x462-1.jpg","keywords":["CCC","cip\u0151k","divat tippek","MODIVOclub","Reebok"],"articleSection":["DIVAT TIPPEK"],"inLanguage":"hu","potentialAction":[{"@type":"CommentAction","name":"Comment","target":["https:\/\/blog.ccc.eu\/hu\/reebok-meretezesi-utmutato\/#respond"]}]},{"@type":"WebPage","@id":"https:\/\/blog.ccc.eu\/hu\/reebok-meretezesi-utmutato\/","url":"https:\/\/blog.ccc.eu\/hu\/reebok-meretezesi-utmutato\/","name":"Reebok m\u00e9retez\u00e9si \u00fatmutat\u00f3 - CCC Fashion blog","isPartOf":{"@id":"https:\/\/blog.ccc.eu\/hu\/#website"},"primaryImageOfPage":{"@id":"https:\/\/blog.ccc.eu\/hu\/reebok-meretezesi-utmutato\/#primaryimage"},"image":{"@id":"https:\/\/blog.ccc.eu\/hu\/reebok-meretezesi-utmutato\/#primaryimage"},"thumbnailUrl":"https:\/\/blog.ccc.eu\/hu\/wp-content\/uploads\/2026\/03\/reebok-ikona-768x462-1.jpg","datePublished":"2026-03-05T09:20:17+00:00","dateModified":"2026-03-05T09:20:18+00:00","breadcrumb":{"@id":"https:\/\/blog.ccc.eu\/hu\/reebok-meretezesi-utmutato\/#breadcrumb"},"inLanguage":"hu","potentialAction":[{"@type":"ReadAction","target":["https:\/\/blog.ccc.eu\/hu\/reebok-meretezesi-utmutato\/"]}]},{"@type":"ImageObject","inLanguage":"hu","@id":"https:\/\/blog.ccc.eu\/hu\/reebok-meretezesi-utmutato\/#primaryimage","url":"https:\/\/blog.ccc.eu\/hu\/wp-content\/uploads\/2026\/03\/reebok-ikona-768x462-1.jpg","contentUrl":"https:\/\/blog.ccc.eu\/hu\/wp-content\/uploads\/2026\/03\/reebok-ikona-768x462-1.jpg","width":768,"height":462},{"@type":"BreadcrumbList","@id":"https:\/\/blog.ccc.eu\/hu\/reebok-meretezesi-utmutato\/#breadcrumb","itemListElement":[{"@type":"ListItem","position":1,"name":"Strona g\u0142\u00f3wna","item":"https:\/\/blog.ccc.eu\/hu\/"},{"@type":"ListItem","position":2,"name":"Reebok m\u00e9retez\u00e9si \u00fatmutat\u00f3"}]},{"@type":"WebSite","@id":"https:\/\/blog.ccc.eu\/hu\/#website","url":"https:\/\/blog.ccc.eu\/hu\/","name":"CCC Fashion blog","description":"Az \u00d6n helye tele van divatihletekkel","publisher":{"@id":"https:\/\/blog.ccc.eu\/hu\/#organization"},"potentialAction":[{"@type":"SearchAction","target":{"@type":"EntryPoint","urlTemplate":"https:\/\/blog.ccc.eu\/hu\/?s={search_term_string}"},"query-input":{"@type":"PropertyValueSpecification","valueRequired":true,"valueName":"search_term_string"}}],"inLanguage":"hu"},{"@type":"Organization","@id":"https:\/\/blog.ccc.eu\/hu\/#organization","name":"CCC S.A.","url":"https:\/\/blog.ccc.eu\/hu\/","logo":{"@type":"ImageObject","inLanguage":"hu","@id":"https:\/\/blog.ccc.eu\/hu\/#\/schema\/logo\/image\/","url":"https:\/\/blog.ccc.eu\/hu\/wp-content\/uploads\/2021\/11\/logo_ccc.png","contentUrl":"https:\/\/blog.ccc.eu\/hu\/wp-content\/uploads\/2021\/11\/logo_ccc.png","width":730,"height":270,"caption":"CCC S.A."},"image":{"@id":"https:\/\/blog.ccc.eu\/hu\/#\/schema\/logo\/image\/"}},{"@type":"Person","@id":"https:\/\/blog.ccc.eu\/hu\/#\/schema\/person\/b37d4e58a15b8cc6b1339218cfeb7c10","name":"Beatrix Korosi","image":{"@type":"ImageObject","inLanguage":"hu","@id":"https:\/\/blog.ccc.eu\/hu\/#\/schema\/person\/image\/","url":"https:\/\/blog.ccc.eu\/hu\/wp-content\/uploads\/2022\/11\/Bea-150x150.jpg","contentUrl":"https:\/\/blog.ccc.eu\/hu\/wp-content\/uploads\/2022\/11\/Bea-150x150.jpg","caption":"Beatrix Korosi"},"url":"https:\/\/blog.ccc.eu\/hu\/author\/beatrix-korosi\/"}]}},"_links":{"self":[{"href":"https:\/\/blog.ccc.eu\/hu\/wp-json\/wp\/v2\/posts\/11202","targetHints":{"allow":["GET"]}}],"collection":[{"href":"https:\/\/blog.ccc.eu\/hu\/wp-json\/wp\/v2\/posts"}],"about":[{"href":"https:\/\/blog.ccc.eu\/hu\/wp-json\/wp\/v2\/types\/post"}],"author":[{"embeddable":true,"href":"https:\/\/blog.ccc.eu\/hu\/wp-json\/wp\/v2\/users\/22"}],"replies":[{"embeddable":true,"href":"https:\/\/blog.ccc.eu\/hu\/wp-json\/wp\/v2\/comments?post=11202"}],"version-history":[{"count":2,"href":"https:\/\/blog.ccc.eu\/hu\/wp-json\/wp\/v2\/posts\/11202\/revisions"}],"predecessor-version":[{"id":11208,"href":"https:\/\/blog.ccc.eu\/hu\/wp-json\/wp\/v2\/posts\/11202\/revisions\/11208"}],"wp:featuredmedia":[{"embeddable":true,"href":"https:\/\/blog.ccc.eu\/hu\/wp-json\/wp\/v2\/media\/11203"}],"wp:attachment":[{"href":"https:\/\/blog.ccc.eu\/hu\/wp-json\/wp\/v2\/media?parent=11202"}],"wp:term":[{"taxonomy":"category","embeddable":true,"href":"https:\/\/blog.ccc.eu\/hu\/wp-json\/wp\/v2\/categories?post=11202"},{"taxonomy":"post_tag","embeddable":true,"href":"https:\/\/blog.ccc.eu\/hu\/wp-json\/wp\/v2\/tags?post=11202"}],"curies":[{"name":"wp","href":"https:\/\/api.w.org\/{rel}","templated":true}]}}