{"id":4505,"date":"2021-12-16T16:53:13","date_gmt":"2021-12-16T15:53:13","guid":{"rendered":"https:\/\/blog.ccc.eu\/hu\/?p=4505"},"modified":"2022-01-31T10:45:26","modified_gmt":"2022-01-31T09:45:26","slug":"mi-kell-a-szabadido-aktiv-eltoltesehez-egy-jo-turacipo","status":"publish","type":"post","link":"https:\/\/blog.ccc.eu\/hu\/mi-kell-a-szabadido-aktiv-eltoltesehez-egy-jo-turacipo\/","title":{"rendered":"Mi kell a szabadid\u0151 akt\u00edv elt\u00f6lt\u00e9s\u00e9hez? Egy j\u00f3 t\u00faracip\u0151!"},"content":{"rendered":"\n<p><strong>Ismerd meg a Sprandi Outdoor term\u00e9keit, \u00e9s gy\u0151zd le k\u00f6nny\u0171 l\u00e9ptekkel, k\u00e9nyelmesen az el\u0151tted \u00e1ll\u00f3 kilom\u00e9tereket!&nbsp;<\/strong><\/p>\n\n\n\n<figure class=\"wp-block-image size-full\"><img loading=\"lazy\" decoding=\"async\" width=\"973\" height=\"547\" src=\"https:\/\/blog.ccc.eu\/hu\/wp-content\/uploads\/2021\/12\/julien-riedel-i68DpX90sSo-unsplash-1-2-1-edited.jpg\" alt=\"g\u00f3ry\" class=\"wp-image-4506\" srcset=\"https:\/\/blog.ccc.eu\/hu\/wp-content\/uploads\/2021\/12\/julien-riedel-i68DpX90sSo-unsplash-1-2-1-edited.jpg 973w, https:\/\/blog.ccc.eu\/hu\/wp-content\/uploads\/2021\/12\/julien-riedel-i68DpX90sSo-unsplash-1-2-1-edited-300x169.jpg 300w, https:\/\/blog.ccc.eu\/hu\/wp-content\/uploads\/2021\/12\/julien-riedel-i68DpX90sSo-unsplash-1-2-1-edited-768x432.jpg 768w, https:\/\/blog.ccc.eu\/hu\/wp-content\/uploads\/2021\/12\/julien-riedel-i68DpX90sSo-unsplash-1-2-1-edited-100x56.jpg 100w\" sizes=\"auto, (max-width: 973px) 100vw, 973px\" \/><\/figure>\n\n\n\n<p>Ahogy az irod\u00e1ba nem m\u00e9sz be teniszcip\u0151ben, \u00fagy a s\u00e9t\u00e1l\u00e1shoz, t\u00far\u00e1z\u00e1shoz sem t\u0171sark\u00fat, vagy bokacsizm\u00e1t veszel fel. Sem k\u00e9nyelmes, sem praktikus nem volna ezekben gyalogolni \u00f3r\u00e1kon \u00e1t a terepen.&nbsp;&nbsp;<\/p>\n\n\n\n<p>Ha rendszeresen t\u00f6lt\u00f6d a szabadid\u0151d a term\u00e9szetben, val\u00f3sz\u00edn\u0171leg m\u00e1r nem okoz gondot a t\u00faracip\u0151 v\u00e1s\u00e1rl\u00e1s, de az\u00e9rt olvasd v\u00e9gig ezt a cikket, h\u00e1tha sz\u00e1modra is lesznek benne \u00fajdons\u00e1gok. Ha viszont most kezdesz bele ebbe a sportba, nem \u00e1rt tudnod, hogy t\u00faracip\u0151kb\u0151l is t\u00f6bbf\u00e9le l\u00e9tezik, nem mindegy melyiket v\u00e1lasztod.&nbsp;&nbsp;<\/p>\n\n\n\n<h2 class=\"wp-block-heading\" id=\"igy-valaszd-ki-a-megfelelo-turacipot\"><strong>\u00cdgy v\u00e1laszd ki a megfelel\u0151 t\u00faracip\u0151t!<\/strong>&nbsp;<\/h2>\n\n\n\n<p>Mindenekel\u0151tt azt kell tudnod, hogy milyen hosszan, \u00e9s milyen terepen tervezel t\u00far\u00e1zni.&nbsp;&nbsp;<\/p>\n\n\n\n<p>S\u00edk terepe, kev\u00e9s \u00e9s gyenge emelked\u0151kkel tark\u00edtott k\u00f6nny\u0171 s\u00e9ta\u00fatvonalra k\u00e9sz\u00fclsz? Vagy egy kicsit magasabbra mer\u00e9szkedsz, \u00e9s a hegyvid\u00e9ki erd\u0151k s\u00e1ros, \u00e9s a f\u00e1k gy\u00f6kereivel ben\u0151tt, k\u00f6ves, szikl\u00e1s \u00fatvonalon m\u00e9sz majd? Esetleg teljesen vad ter\u00fcletre indulsz, ahol m\u00e9g t\u00fara\u00fatvonalak sincsenek kijel\u00f6lve?&nbsp;&nbsp;<\/p>\n\n\n\n<p>A t\u00faracip\u0151 kiv\u00e1laszt\u00e1s\u00e1n\u00e1l alapszab\u00e1ly, hogy min\u00e9l nehezebb, technik\u00e1sabb terepen m\u00e9sz majd, a cip\u0151 talp\u00e1nak ann\u00e1l merevebbnek kell lennie, hogy a kell\u0151 stabilit\u00e1st biztos\u00edtani tudja sz\u00e1modra. K\u00f6nny\u0171 terepre egy k\u00f6nnyebb cip\u0151 is megteszi.&nbsp;&nbsp;<\/p>\n\n\n\n\n\n\n<h2 class=\"wp-block-heading\" id=\"gyakorlat-es-edzettseg\"><strong>Gyakorlat \u00e9s edzetts\u00e9g<\/strong>&nbsp;<\/h2>\n\n\n\n<p>Ha kezd\u0151 vagy m\u00e9g a t\u00farasportban, val\u00f3sz\u00edn\u0171leg k\u00f6nnyebb \u00fatvonalakat is v\u00e1lasztasz. Ha m\u00e9g nem volt kor\u00e1bban bokas\u00e9r\u00fcl\u00e9sed, \u00e9s minden rendben az \u00edz\u00fcleteiddel, akkor ezeken a k\u00fcl\u00f6n\u00f6sebb technikai tud\u00e1st nem ig\u00e9nyl\u0151 \u00fatvonalakon b\u0151ven elegend\u0151 lesz sz\u00e1modra egy egyszer\u0171, \u00e9s k\u00f6nny\u0171 t\u00faracip\u0151.&nbsp;&nbsp;<\/p>\n\n\n\n<p>Ha m\u00e1r technik\u00e1sabb, t\u00f6bb felk\u00e9sz\u00fclts\u00e9get \u00e9s nagyobb edzetts\u00e9get megk\u00f6vetel\u0151 \u00fatvonalat v\u00e1lasztasz, akkor mindenk\u00e9pp olyan t\u00faracip\u0151 kell, amelynek a talpa megfelel\u0151 az adott terephez, \u00e9s a bok\u00e1dat is megfelel\u0151en tartja. Ezeken a p\u00e1ly\u00e1kon ugyanis lehetnek olyan akad\u00e1lyok, amelyek miatt megbicsaklik a l\u00e1bad, \u00edgy a s\u00e9r\u00fcl\u00e9st, vagy a balesetet is megel\u0151zheted a megfelel\u0151 kialak\u00edt\u00e1s\u00fa t\u00faracip\u0151 visel\u00e9s\u00e9vel.&nbsp;&nbsp;<\/p>\n\n\n\n<p>Az orr \u00e9s a sarok r\u00e9szen extr\u00e1n meger\u0151s\u00edtett t\u00faracip\u0151k nehezebbek, viszont tart\u00f3sabbak, mint a k\u00f6nny\u0171 kivitel. Ut\u00f3bbiakban viszont k\u00f6nnyebben tudsz l\u00e9pni, nem f\u00e1rasztja el a l\u00e1baid olyan gyorsan a cip\u0151 s\u00falya.&nbsp;&nbsp;<\/p>\n\n\n\n<h2 class=\"wp-block-heading\" id=\"mindig-nagyobb-meretet-vegyel-mint-amit-altalaban-hordasz\"><strong>Mindig nagyobb m\u00e9retet vegy\u00e9l, mint amit \u00e1ltal\u00e1ban hordasz!<\/strong>&nbsp;<\/h2>\n\n\n\n<p>T\u00faracip\u0151b\u0151l mindig legal\u00e1bb f\u00e9l-, vagy egy sz\u00e1mmal nagyobbat v\u00e1lassz, mint a t\u00f6bbi cip\u0151d m\u00e9rete! A k\u00fcls\u0151 h\u0151m\u00e9rs\u00e9kletv\u00e1ltoz\u00e1s, vagy a t\u00far\u00e1z\u00e1s sor\u00e1n megdagad\u00f3 l\u00e1b, \u00e9s az esetenk\u00e9nt er\u0151s lejtmenetek miatt k\u00e9nyelmesebb, ha a l\u00e1bfejed nem \u00e9ri v\u00e9gig a cip\u0151t&nbsp;teljes hossz\u00e1ban.&nbsp;R\u00e1ad\u00e1sul a t\u00e9li t\u00far\u00e1khoz egy p\u00e1r vastag zoknival is sz\u00e1molnod kell.&nbsp;Mindig akkora m\u00e9retet v\u00e1lassz, ami sehol nem nyomja a l\u00e1bad, \u00e9s stabilan a hely\u00e9n tartja a sarkad \u00e9s a bok\u00e1d.&nbsp;<\/p>\n\n\n\n<p>Ha a megfelel\u0151 m\u00e9retet m\u00e1r siker\u00fclt megtal\u00e1lnod, pr\u00f3b\u00e1lj ki t\u00f6bbf\u00e9le f\u0171z\u00e9si technik\u00e1t, \u00e9s k\u00fcl\u00f6nb\u00f6z\u0151 szoross\u00e1got, hogy megtal\u00e1lhasd azt a f\u0171z\u00e9si \u00e9s k\u00f6t\u00e9si m\u00f3dot, amely a lenagyobb stabilit\u00e1st, a legk\u00e9nyelmesebb m\u00f3don biztos\u00edtja sz\u00e1modra.&nbsp;&nbsp;<\/p>\n\n\n\n<h2 class=\"wp-block-heading\" id=\"turacipok-a-ccc-ben\"><strong>T\u00faracip\u0151k a CCC-ben!<\/strong>&nbsp;<\/h2>\n\n\n\n<p>Nem kell messzire menned, s\u0151t ha nem akarsz nem is kell menned sehov\u00e1 ahhoz, hogy a CCC-t\u0151l v\u00e1s\u00e1rold meg a k\u00f6vetkez\u0151 t\u00faracip\u0151d. \u00dczleteinken k\u00edv\u00fcl ell\u00e1togathatsz a webshopunkba is, vagy let\u00f6ltheted a CCC mobil applik\u00e1ci\u00f3j\u00e1t, \u00edgy ak\u00e1r az otthonod k\u00e9nyelm\u00e9b\u0151l is megrendelheted, amit szeretn\u00e9l.&nbsp;&nbsp;<\/p>\n\n\n\n<p>Csak keress r\u00e1 a&nbsp;<a href=\"https:\/\/ccc.eu\/hu\/search?query%5Bmenu_item%5D=&amp;query%5Bquerystring%5D=sprandi%2520outdoor\" target=\"_blank\" rel=\"noreferrer noopener\">Sprandi Outdoor term\u00e9kekre<\/a>, \u00e9s v\u00e1laszd ki a neked&nbsp;legink\u00e1bb&nbsp;megfelel\u0151 t\u00faracip\u0151 modellt! N\u00e9h\u00e1ny kattint\u00e1s, \u00e9s m\u00e1r \u00fatra is kel hozz\u00e1d az&nbsp;\u00faj&nbsp;t\u00faracip\u0151d.&nbsp;&nbsp;<\/p>\n\n\n\n<h2 class=\"wp-block-heading\" id=\"ne-feledd-el-a-gondoskodast-sem\"><strong>Ne feledd el a gondoskod\u00e1st sem!<\/strong>&nbsp;<\/h2>\n\n\n\n<p>Maxold ki \u00faj t\u00faracip\u0151d \u00e9lettartam\u00e1t, \u00e9s gondoskodj r\u00f3la megfelel\u0151en! Minden haszn\u00e1lat ut\u00e1n alaposan tiszt\u00edtsd meg, majd a hozz\u00e1 val\u00f3&nbsp;<a href=\"https:\/\/ccc.eu\/hu\/search?query%5bquerystring%5d=cip%C5%91%C3%A1pol%C3%B3%20spray&amp;query%5bmenu_item%5d=29683\" target=\"_blank\" rel=\"noreferrer noopener\">cip\u0151\u00e1pol\u00f3 sprayvel<\/a>&nbsp;f\u00fajd le, \u00e9s \u00edgy tedd el a k\u00f6vetkez\u0151 bevet\u00e9sig!&nbsp;<\/p>\n\n\n\n<p>A cip\u0151\u00e1pol\u00e1sr\u00f3l r\u00e9szletesebb cikket tal\u00e1lsz a blogon, itt.&nbsp;&nbsp;<\/p>\n\n\n\n<p>Legyen minden t\u00fara igazi \u00e9lm\u00e9ny, egy k\u00e9nyelmes \u00e9s tart\u00f3s t\u00faracip\u0151ben! Ha&nbsp;<a href=\"https:\/\/ccc.eu\/hu\/klub-ccc\" target=\"_blank\" rel=\"noreferrer noopener\">CCC klubtag<\/a>&nbsp;vagy, extra kedvezm\u00e9nyekkel is \u00e9lhetsz, amelyek kiz\u00e1r\u00f3lag klubtagoknak el\u00e9rhet\u0151k! \u00c9lvezd te is a tags\u00e1ggal j\u00e1r\u00f3 kiv\u00e1lts\u00e1gokat! Ha m\u00e9g nem regisztr\u00e1lt\u00e1l, tedd meg most, \u00e9s haszn\u00e1ld fel a 10%-os kedvezm\u00e9nyed t\u00faracip\u0151 v\u00e1s\u00e1rl\u00e1s\u00e1ra!&nbsp;<\/p>\n\n\n\n<p>Nem akarsz lemaradni a tov\u00e1bbi cikkeinkr\u0151l sem? K\u00f6vesd a CCC-t a\u00a0<a href=\"https:\/\/www.facebook.com\/CCC.Hungary\/\" target=\"_blank\" rel=\"noreferrer noopener\">Facebookon<\/a>, \u00e9s\u00a0<a href=\"https:\/\/instagram.com\/cccshoesbags\">Instagramon<\/a>\u00a0is!\u00a0\u00a0<\/p>\n","protected":false},"excerpt":{"rendered":"<p>Ismerd meg a Sprandi Outdoor term\u00e9keit, \u00e9s gy\u0151zd le k\u00f6nny\u0171 l\u00e9ptekkel, k\u00e9nyelmesen az el\u0151tted \u00e1ll\u00f3 kilom\u00e9tereket!&nbsp; Ahogy az irod\u00e1ba nem m\u00e9sz be teniszcip\u0151ben, \u00fagy a s\u00e9t\u00e1l\u00e1shoz, t\u00far\u00e1z\u00e1shoz sem t\u0171sark\u00fat, vagy bokacsizm\u00e1t veszel fel. Sem k\u00e9nyelmes, sem praktikus nem volna ezekben gyalogolni \u00f3r\u00e1kon \u00e1t a terepen.&nbsp;&nbsp; Ha rendszeresen t\u00f6lt\u00f6d a szabadid\u0151d a term\u00e9szetben, val\u00f3sz\u00edn\u0171leg m\u00e1r nem [&hellip;]<\/p>\n","protected":false},"author":5,"featured_media":4507,"comment_status":"open","ping_status":"open","sticky":false,"template":"","format":"standard","meta":{"_acf_changed":false,"footnotes":""},"categories":[4,6],"tags":[560,573,575,574],"class_list":["post-4505","post","type-post","status-publish","format-standard","has-post-thumbnail","hentry","category-divat-tippek","category-trendek","tag-ccc","tag-szabadido","tag-turacipo","tag-turacipo-vasarlas"],"acf":[],"yoast_head":"<!-- This site is optimized with the Yoast SEO plugin v26.9 - https:\/\/yoast.com\/product\/yoast-seo-wordpress\/ -->\n<title>Mi kell a szabadid\u0151 akt\u00edv elt\u00f6lt\u00e9s\u00e9hez? Egy j\u00f3 t\u00faracip\u0151! - CCC Fashion blog<\/title>\n<meta name=\"description\" content=\"Egy k\u00f6nny\u0171 esti s\u00e9t\u00e1hoz, vagy egy r\u00f6vid kir\u00e1ndul\u00e1shoz egyar\u00e1nt sz\u00fcks\u00e9ged lehet a gyalogl\u00e1shoz egy olyan cip\u0151re, amelyet kifejezetten t\u00far\u00e1z\u00e1sra terveztek. 2026\" \/>\n<meta name=\"robots\" content=\"index, follow, max-snippet:-1, max-image-preview:large, max-video-preview:-1\" \/>\n<link rel=\"canonical\" href=\"https:\/\/blog.ccc.eu\/hu\/mi-kell-a-szabadido-aktiv-eltoltesehez-egy-jo-turacipo\/\" \/>\n<meta property=\"og:locale\" content=\"hu_HU\" \/>\n<meta property=\"og:type\" content=\"article\" \/>\n<meta property=\"og:title\" content=\"Mi kell a szabadid\u0151 akt\u00edv elt\u00f6lt\u00e9s\u00e9hez? Egy j\u00f3 t\u00faracip\u0151! - CCC Fashion blog\" \/>\n<meta property=\"og:description\" content=\"Egy k\u00f6nny\u0171 esti s\u00e9t\u00e1hoz, vagy egy r\u00f6vid kir\u00e1ndul\u00e1shoz egyar\u00e1nt sz\u00fcks\u00e9ged lehet a gyalogl\u00e1shoz egy olyan cip\u0151re, amelyet kifejezetten t\u00far\u00e1z\u00e1sra terveztek.\" \/>\n<meta property=\"og:url\" content=\"https:\/\/blog.ccc.eu\/hu\/mi-kell-a-szabadido-aktiv-eltoltesehez-egy-jo-turacipo\/\" \/>\n<meta property=\"og:site_name\" content=\"CCC Fashion blog\" \/>\n<meta property=\"article:published_time\" content=\"2021-12-16T15:53:13+00:00\" \/>\n<meta property=\"article:modified_time\" content=\"2022-01-31T09:45:26+00:00\" \/>\n<meta property=\"og:image\" content=\"https:\/\/blog.ccc.eu\/hu\/wp-content\/uploads\/2021\/12\/julien-riedel-i68DpX90sSo-unsplash-1-2.jpg\" \/>\n\t<meta property=\"og:image:width\" content=\"973\" \/>\n\t<meta property=\"og:image:height\" content=\"1216\" \/>\n\t<meta property=\"og:image:type\" content=\"image\/jpeg\" \/>\n<meta name=\"author\" content=\"Kriszta Nagy\" \/>\n<meta name=\"twitter:card\" content=\"summary_large_image\" \/>\n<meta name=\"twitter:label1\" content=\"Szerz\u0151:\" \/>\n\t<meta name=\"twitter:data1\" content=\"Kriszta Nagy\" \/>\n\t<meta name=\"twitter:label2\" content=\"Becs\u00fclt olvas\u00e1si id\u0151\" \/>\n\t<meta name=\"twitter:data2\" content=\"4 perc\" \/>\n<script type=\"application\/ld+json\" class=\"yoast-schema-graph\">{\"@context\":\"https:\/\/schema.org\",\"@graph\":[{\"@type\":\"Article\",\"@id\":\"https:\/\/blog.ccc.eu\/hu\/mi-kell-a-szabadido-aktiv-eltoltesehez-egy-jo-turacipo\/#article\",\"isPartOf\":{\"@id\":\"https:\/\/blog.ccc.eu\/hu\/mi-kell-a-szabadido-aktiv-eltoltesehez-egy-jo-turacipo\/\"},\"author\":{\"name\":\"Kriszta Nagy\",\"@id\":\"https:\/\/blog.ccc.eu\/hu\/#\/schema\/person\/8de18a3d6fb42fec2702e3d14b0086af\"},\"headline\":\"Mi kell a szabadid\u0151 akt\u00edv elt\u00f6lt\u00e9s\u00e9hez? Egy j\u00f3 t\u00faracip\u0151!\",\"datePublished\":\"2021-12-16T15:53:13+00:00\",\"dateModified\":\"2022-01-31T09:45:26+00:00\",\"mainEntityOfPage\":{\"@id\":\"https:\/\/blog.ccc.eu\/hu\/mi-kell-a-szabadido-aktiv-eltoltesehez-egy-jo-turacipo\/\"},\"wordCount\":968,\"commentCount\":0,\"publisher\":{\"@id\":\"https:\/\/blog.ccc.eu\/hu\/#organization\"},\"image\":{\"@id\":\"https:\/\/blog.ccc.eu\/hu\/mi-kell-a-szabadido-aktiv-eltoltesehez-egy-jo-turacipo\/#primaryimage\"},\"thumbnailUrl\":\"https:\/\/blog.ccc.eu\/hu\/wp-content\/uploads\/2021\/12\/julien-riedel-i68DpX90sSo-unsplash-1-2.jpg\",\"keywords\":[\"CCC\",\"szabadid\u0151\",\"t\u00faracip\u0151\",\"t\u00faracip\u0151 v\u00e1s\u00e1rl\u00e1s\"],\"articleSection\":[\"DIVAT TIPPEK\",\"TRENDEK\"],\"inLanguage\":\"hu\",\"potentialAction\":[{\"@type\":\"CommentAction\",\"name\":\"Comment\",\"target\":[\"https:\/\/blog.ccc.eu\/hu\/mi-kell-a-szabadido-aktiv-eltoltesehez-egy-jo-turacipo\/#respond\"]}]},{\"@type\":\"WebPage\",\"@id\":\"https:\/\/blog.ccc.eu\/hu\/mi-kell-a-szabadido-aktiv-eltoltesehez-egy-jo-turacipo\/\",\"url\":\"https:\/\/blog.ccc.eu\/hu\/mi-kell-a-szabadido-aktiv-eltoltesehez-egy-jo-turacipo\/\",\"name\":\"Mi kell a szabadid\u0151 akt\u00edv elt\u00f6lt\u00e9s\u00e9hez? Egy j\u00f3 t\u00faracip\u0151! - CCC Fashion blog\",\"isPartOf\":{\"@id\":\"https:\/\/blog.ccc.eu\/hu\/#website\"},\"primaryImageOfPage\":{\"@id\":\"https:\/\/blog.ccc.eu\/hu\/mi-kell-a-szabadido-aktiv-eltoltesehez-egy-jo-turacipo\/#primaryimage\"},\"image\":{\"@id\":\"https:\/\/blog.ccc.eu\/hu\/mi-kell-a-szabadido-aktiv-eltoltesehez-egy-jo-turacipo\/#primaryimage\"},\"thumbnailUrl\":\"https:\/\/blog.ccc.eu\/hu\/wp-content\/uploads\/2021\/12\/julien-riedel-i68DpX90sSo-unsplash-1-2.jpg\",\"datePublished\":\"2021-12-16T15:53:13+00:00\",\"dateModified\":\"2022-01-31T09:45:26+00:00\",\"description\":\"Egy k\u00f6nny\u0171 esti s\u00e9t\u00e1hoz, vagy egy r\u00f6vid kir\u00e1ndul\u00e1shoz egyar\u00e1nt sz\u00fcks\u00e9ged lehet a gyalogl\u00e1shoz egy olyan cip\u0151re, amelyet kifejezetten t\u00far\u00e1z\u00e1sra terveztek.\",\"breadcrumb\":{\"@id\":\"https:\/\/blog.ccc.eu\/hu\/mi-kell-a-szabadido-aktiv-eltoltesehez-egy-jo-turacipo\/#breadcrumb\"},\"inLanguage\":\"hu\",\"potentialAction\":[{\"@type\":\"ReadAction\",\"target\":[\"https:\/\/blog.ccc.eu\/hu\/mi-kell-a-szabadido-aktiv-eltoltesehez-egy-jo-turacipo\/\"]}]},{\"@type\":\"ImageObject\",\"inLanguage\":\"hu\",\"@id\":\"https:\/\/blog.ccc.eu\/hu\/mi-kell-a-szabadido-aktiv-eltoltesehez-egy-jo-turacipo\/#primaryimage\",\"url\":\"https:\/\/blog.ccc.eu\/hu\/wp-content\/uploads\/2021\/12\/julien-riedel-i68DpX90sSo-unsplash-1-2.jpg\",\"contentUrl\":\"https:\/\/blog.ccc.eu\/hu\/wp-content\/uploads\/2021\/12\/julien-riedel-i68DpX90sSo-unsplash-1-2.jpg\",\"width\":973,\"height\":1216,\"caption\":\"hegyek\"},{\"@type\":\"BreadcrumbList\",\"@id\":\"https:\/\/blog.ccc.eu\/hu\/mi-kell-a-szabadido-aktiv-eltoltesehez-egy-jo-turacipo\/#breadcrumb\",\"itemListElement\":[{\"@type\":\"ListItem\",\"position\":1,\"name\":\"Strona g\u0142\u00f3wna\",\"item\":\"https:\/\/blog.ccc.eu\/hu\/\"},{\"@type\":\"ListItem\",\"position\":2,\"name\":\"Mi kell a szabadid\u0151 akt\u00edv elt\u00f6lt\u00e9s\u00e9hez? Egy j\u00f3 t\u00faracip\u0151!\"}]},{\"@type\":\"WebSite\",\"@id\":\"https:\/\/blog.ccc.eu\/hu\/#website\",\"url\":\"https:\/\/blog.ccc.eu\/hu\/\",\"name\":\"CCC Fashion blog\",\"description\":\"Az \u00d6n helye tele van divatihletekkel\",\"publisher\":{\"@id\":\"https:\/\/blog.ccc.eu\/hu\/#organization\"},\"potentialAction\":[{\"@type\":\"SearchAction\",\"target\":{\"@type\":\"EntryPoint\",\"urlTemplate\":\"https:\/\/blog.ccc.eu\/hu\/?s={search_term_string}\"},\"query-input\":{\"@type\":\"PropertyValueSpecification\",\"valueRequired\":true,\"valueName\":\"search_term_string\"}}],\"inLanguage\":\"hu\"},{\"@type\":\"Organization\",\"@id\":\"https:\/\/blog.ccc.eu\/hu\/#organization\",\"name\":\"CCC S.A.\",\"url\":\"https:\/\/blog.ccc.eu\/hu\/\",\"logo\":{\"@type\":\"ImageObject\",\"inLanguage\":\"hu\",\"@id\":\"https:\/\/blog.ccc.eu\/hu\/#\/schema\/logo\/image\/\",\"url\":\"https:\/\/blog.ccc.eu\/hu\/wp-content\/uploads\/2021\/11\/logo_ccc.png\",\"contentUrl\":\"https:\/\/blog.ccc.eu\/hu\/wp-content\/uploads\/2021\/11\/logo_ccc.png\",\"width\":730,\"height\":270,\"caption\":\"CCC S.A.\"},\"image\":{\"@id\":\"https:\/\/blog.ccc.eu\/hu\/#\/schema\/logo\/image\/\"}},{\"@type\":\"Person\",\"@id\":\"https:\/\/blog.ccc.eu\/hu\/#\/schema\/person\/8de18a3d6fb42fec2702e3d14b0086af\",\"name\":\"Kriszta Nagy\",\"image\":{\"@type\":\"ImageObject\",\"inLanguage\":\"hu\",\"@id\":\"https:\/\/blog.ccc.eu\/hu\/#\/schema\/person\/image\/\",\"url\":\"https:\/\/blog.ccc.eu\/hu\/wp-content\/uploads\/2022\/01\/nagy-kriszta-150x150.jpg\",\"contentUrl\":\"https:\/\/blog.ccc.eu\/hu\/wp-content\/uploads\/2022\/01\/nagy-kriszta-150x150.jpg\",\"caption\":\"Kriszta Nagy\"},\"url\":\"https:\/\/blog.ccc.eu\/hu\/author\/kriszta-nagy\/\"}]}<\/script>\n<!-- \/ Yoast SEO plugin. -->","yoast_head_json":{"title":"Mi kell a szabadid\u0151 akt\u00edv elt\u00f6lt\u00e9s\u00e9hez? Egy j\u00f3 t\u00faracip\u0151! - CCC Fashion blog","description":"Egy k\u00f6nny\u0171 esti s\u00e9t\u00e1hoz, vagy egy r\u00f6vid kir\u00e1ndul\u00e1shoz egyar\u00e1nt sz\u00fcks\u00e9ged lehet a gyalogl\u00e1shoz egy olyan cip\u0151re, amelyet kifejezetten t\u00far\u00e1z\u00e1sra terveztek. 2026","robots":{"index":"index","follow":"follow","max-snippet":"max-snippet:-1","max-image-preview":"max-image-preview:large","max-video-preview":"max-video-preview:-1"},"canonical":"https:\/\/blog.ccc.eu\/hu\/mi-kell-a-szabadido-aktiv-eltoltesehez-egy-jo-turacipo\/","og_locale":"hu_HU","og_type":"article","og_title":"Mi kell a szabadid\u0151 akt\u00edv elt\u00f6lt\u00e9s\u00e9hez? Egy j\u00f3 t\u00faracip\u0151! - CCC Fashion blog","og_description":"Egy k\u00f6nny\u0171 esti s\u00e9t\u00e1hoz, vagy egy r\u00f6vid kir\u00e1ndul\u00e1shoz egyar\u00e1nt sz\u00fcks\u00e9ged lehet a gyalogl\u00e1shoz egy olyan cip\u0151re, amelyet kifejezetten t\u00far\u00e1z\u00e1sra terveztek.","og_url":"https:\/\/blog.ccc.eu\/hu\/mi-kell-a-szabadido-aktiv-eltoltesehez-egy-jo-turacipo\/","og_site_name":"CCC Fashion blog","article_published_time":"2021-12-16T15:53:13+00:00","article_modified_time":"2022-01-31T09:45:26+00:00","og_image":[{"width":973,"height":1216,"url":"https:\/\/blog.ccc.eu\/hu\/wp-content\/uploads\/2021\/12\/julien-riedel-i68DpX90sSo-unsplash-1-2.jpg","type":"image\/jpeg"}],"author":"Kriszta Nagy","twitter_card":"summary_large_image","twitter_misc":{"Szerz\u0151:":"Kriszta Nagy","Becs\u00fclt olvas\u00e1si id\u0151":"4 perc"},"schema":{"@context":"https:\/\/schema.org","@graph":[{"@type":"Article","@id":"https:\/\/blog.ccc.eu\/hu\/mi-kell-a-szabadido-aktiv-eltoltesehez-egy-jo-turacipo\/#article","isPartOf":{"@id":"https:\/\/blog.ccc.eu\/hu\/mi-kell-a-szabadido-aktiv-eltoltesehez-egy-jo-turacipo\/"},"author":{"name":"Kriszta Nagy","@id":"https:\/\/blog.ccc.eu\/hu\/#\/schema\/person\/8de18a3d6fb42fec2702e3d14b0086af"},"headline":"Mi kell a szabadid\u0151 akt\u00edv elt\u00f6lt\u00e9s\u00e9hez? Egy j\u00f3 t\u00faracip\u0151!","datePublished":"2021-12-16T15:53:13+00:00","dateModified":"2022-01-31T09:45:26+00:00","mainEntityOfPage":{"@id":"https:\/\/blog.ccc.eu\/hu\/mi-kell-a-szabadido-aktiv-eltoltesehez-egy-jo-turacipo\/"},"wordCount":968,"commentCount":0,"publisher":{"@id":"https:\/\/blog.ccc.eu\/hu\/#organization"},"image":{"@id":"https:\/\/blog.ccc.eu\/hu\/mi-kell-a-szabadido-aktiv-eltoltesehez-egy-jo-turacipo\/#primaryimage"},"thumbnailUrl":"https:\/\/blog.ccc.eu\/hu\/wp-content\/uploads\/2021\/12\/julien-riedel-i68DpX90sSo-unsplash-1-2.jpg","keywords":["CCC","szabadid\u0151","t\u00faracip\u0151","t\u00faracip\u0151 v\u00e1s\u00e1rl\u00e1s"],"articleSection":["DIVAT TIPPEK","TRENDEK"],"inLanguage":"hu","potentialAction":[{"@type":"CommentAction","name":"Comment","target":["https:\/\/blog.ccc.eu\/hu\/mi-kell-a-szabadido-aktiv-eltoltesehez-egy-jo-turacipo\/#respond"]}]},{"@type":"WebPage","@id":"https:\/\/blog.ccc.eu\/hu\/mi-kell-a-szabadido-aktiv-eltoltesehez-egy-jo-turacipo\/","url":"https:\/\/blog.ccc.eu\/hu\/mi-kell-a-szabadido-aktiv-eltoltesehez-egy-jo-turacipo\/","name":"Mi kell a szabadid\u0151 akt\u00edv elt\u00f6lt\u00e9s\u00e9hez? Egy j\u00f3 t\u00faracip\u0151! - CCC Fashion blog","isPartOf":{"@id":"https:\/\/blog.ccc.eu\/hu\/#website"},"primaryImageOfPage":{"@id":"https:\/\/blog.ccc.eu\/hu\/mi-kell-a-szabadido-aktiv-eltoltesehez-egy-jo-turacipo\/#primaryimage"},"image":{"@id":"https:\/\/blog.ccc.eu\/hu\/mi-kell-a-szabadido-aktiv-eltoltesehez-egy-jo-turacipo\/#primaryimage"},"thumbnailUrl":"https:\/\/blog.ccc.eu\/hu\/wp-content\/uploads\/2021\/12\/julien-riedel-i68DpX90sSo-unsplash-1-2.jpg","datePublished":"2021-12-16T15:53:13+00:00","dateModified":"2022-01-31T09:45:26+00:00","description":"Egy k\u00f6nny\u0171 esti s\u00e9t\u00e1hoz, vagy egy r\u00f6vid kir\u00e1ndul\u00e1shoz egyar\u00e1nt sz\u00fcks\u00e9ged lehet a gyalogl\u00e1shoz egy olyan cip\u0151re, amelyet kifejezetten t\u00far\u00e1z\u00e1sra terveztek.","breadcrumb":{"@id":"https:\/\/blog.ccc.eu\/hu\/mi-kell-a-szabadido-aktiv-eltoltesehez-egy-jo-turacipo\/#breadcrumb"},"inLanguage":"hu","potentialAction":[{"@type":"ReadAction","target":["https:\/\/blog.ccc.eu\/hu\/mi-kell-a-szabadido-aktiv-eltoltesehez-egy-jo-turacipo\/"]}]},{"@type":"ImageObject","inLanguage":"hu","@id":"https:\/\/blog.ccc.eu\/hu\/mi-kell-a-szabadido-aktiv-eltoltesehez-egy-jo-turacipo\/#primaryimage","url":"https:\/\/blog.ccc.eu\/hu\/wp-content\/uploads\/2021\/12\/julien-riedel-i68DpX90sSo-unsplash-1-2.jpg","contentUrl":"https:\/\/blog.ccc.eu\/hu\/wp-content\/uploads\/2021\/12\/julien-riedel-i68DpX90sSo-unsplash-1-2.jpg","width":973,"height":1216,"caption":"hegyek"},{"@type":"BreadcrumbList","@id":"https:\/\/blog.ccc.eu\/hu\/mi-kell-a-szabadido-aktiv-eltoltesehez-egy-jo-turacipo\/#breadcrumb","itemListElement":[{"@type":"ListItem","position":1,"name":"Strona g\u0142\u00f3wna","item":"https:\/\/blog.ccc.eu\/hu\/"},{"@type":"ListItem","position":2,"name":"Mi kell a szabadid\u0151 akt\u00edv elt\u00f6lt\u00e9s\u00e9hez? Egy j\u00f3 t\u00faracip\u0151!"}]},{"@type":"WebSite","@id":"https:\/\/blog.ccc.eu\/hu\/#website","url":"https:\/\/blog.ccc.eu\/hu\/","name":"CCC Fashion blog","description":"Az \u00d6n helye tele van divatihletekkel","publisher":{"@id":"https:\/\/blog.ccc.eu\/hu\/#organization"},"potentialAction":[{"@type":"SearchAction","target":{"@type":"EntryPoint","urlTemplate":"https:\/\/blog.ccc.eu\/hu\/?s={search_term_string}"},"query-input":{"@type":"PropertyValueSpecification","valueRequired":true,"valueName":"search_term_string"}}],"inLanguage":"hu"},{"@type":"Organization","@id":"https:\/\/blog.ccc.eu\/hu\/#organization","name":"CCC S.A.","url":"https:\/\/blog.ccc.eu\/hu\/","logo":{"@type":"ImageObject","inLanguage":"hu","@id":"https:\/\/blog.ccc.eu\/hu\/#\/schema\/logo\/image\/","url":"https:\/\/blog.ccc.eu\/hu\/wp-content\/uploads\/2021\/11\/logo_ccc.png","contentUrl":"https:\/\/blog.ccc.eu\/hu\/wp-content\/uploads\/2021\/11\/logo_ccc.png","width":730,"height":270,"caption":"CCC S.A."},"image":{"@id":"https:\/\/blog.ccc.eu\/hu\/#\/schema\/logo\/image\/"}},{"@type":"Person","@id":"https:\/\/blog.ccc.eu\/hu\/#\/schema\/person\/8de18a3d6fb42fec2702e3d14b0086af","name":"Kriszta Nagy","image":{"@type":"ImageObject","inLanguage":"hu","@id":"https:\/\/blog.ccc.eu\/hu\/#\/schema\/person\/image\/","url":"https:\/\/blog.ccc.eu\/hu\/wp-content\/uploads\/2022\/01\/nagy-kriszta-150x150.jpg","contentUrl":"https:\/\/blog.ccc.eu\/hu\/wp-content\/uploads\/2022\/01\/nagy-kriszta-150x150.jpg","caption":"Kriszta Nagy"},"url":"https:\/\/blog.ccc.eu\/hu\/author\/kriszta-nagy\/"}]}},"_links":{"self":[{"href":"https:\/\/blog.ccc.eu\/hu\/wp-json\/wp\/v2\/posts\/4505","targetHints":{"allow":["GET"]}}],"collection":[{"href":"https:\/\/blog.ccc.eu\/hu\/wp-json\/wp\/v2\/posts"}],"about":[{"href":"https:\/\/blog.ccc.eu\/hu\/wp-json\/wp\/v2\/types\/post"}],"author":[{"embeddable":true,"href":"https:\/\/blog.ccc.eu\/hu\/wp-json\/wp\/v2\/users\/5"}],"replies":[{"embeddable":true,"href":"https:\/\/blog.ccc.eu\/hu\/wp-json\/wp\/v2\/comments?post=4505"}],"version-history":[{"count":4,"href":"https:\/\/blog.ccc.eu\/hu\/wp-json\/wp\/v2\/posts\/4505\/revisions"}],"predecessor-version":[{"id":4949,"href":"https:\/\/blog.ccc.eu\/hu\/wp-json\/wp\/v2\/posts\/4505\/revisions\/4949"}],"wp:featuredmedia":[{"embeddable":true,"href":"https:\/\/blog.ccc.eu\/hu\/wp-json\/wp\/v2\/media\/4507"}],"wp:attachment":[{"href":"https:\/\/blog.ccc.eu\/hu\/wp-json\/wp\/v2\/media?parent=4505"}],"wp:term":[{"taxonomy":"category","embeddable":true,"href":"https:\/\/blog.ccc.eu\/hu\/wp-json\/wp\/v2\/categories?post=4505"},{"taxonomy":"post_tag","embeddable":true,"href":"https:\/\/blog.ccc.eu\/hu\/wp-json\/wp\/v2\/tags?post=4505"}],"curies":[{"name":"wp","href":"https:\/\/api.w.org\/{rel}","templated":true}]}}