{"id":4538,"date":"2022-12-05T09:00:00","date_gmt":"2022-12-05T08:00:00","guid":{"rendered":"https:\/\/blog.ccc.eu\/hu\/?p=4538"},"modified":"2022-12-21T09:50:16","modified_gmt":"2022-12-21T08:50:16","slug":"oltozz-az-unnephez-alkalmi-cipot-minden-labra","status":"publish","type":"post","link":"https:\/\/blog.ccc.eu\/hu\/oltozz-az-unnephez-alkalmi-cipot-minden-labra\/","title":{"rendered":"\u00d6lt\u00f6zz az \u00fcnnephez! Alkalmi cip\u0151t minden l\u00e1bra!"},"content":{"rendered":"\n<p><b>A t\u00e9li \u00fcnnepek k\u00fcsz\u00f6b\u00e9n m\u00e1r joggal gondolkozol azon, hogy milyen\u00a0\u00f6lt\u00f6z\u00e9kben k\u00f6sz\u00f6ntsd a kar\u00e1csonyt \u00e9s az \u00faj\u00e9vet. Ugye nem feledkezel meg a t\u00f6k\u00e9letes alkalmi cip\u0151 kiv\u00e1laszt\u00e1s\u00e1r\u00f3l sem?\u00a0<\/b><\/p>\n\n\n\n<figure class=\"wp-block-image size-full\"><img loading=\"lazy\" decoding=\"async\" width=\"724\" height=\"483\" src=\"https:\/\/blog.ccc.eu\/hu\/wp-content\/uploads\/2022\/12\/MicrosoftTeams-image-138.jpg\" alt=\"\" class=\"wp-image-7190\" srcset=\"https:\/\/blog.ccc.eu\/hu\/wp-content\/uploads\/2022\/12\/MicrosoftTeams-image-138.jpg 724w, https:\/\/blog.ccc.eu\/hu\/wp-content\/uploads\/2022\/12\/MicrosoftTeams-image-138-300x200.jpg 300w, https:\/\/blog.ccc.eu\/hu\/wp-content\/uploads\/2022\/12\/MicrosoftTeams-image-138-100x67.jpg 100w\" sizes=\"auto, (max-width: 724px) 100vw, 724px\" \/><\/figure>\n\n\n\n<p>A kar\u00e1csony \u00e9s a szilveszter olyan id\u0151szaka az \u00e9vnek, amikor az egym\u00e1ssal ritk\u00e1bban tal\u00e1lkoz\u00f3 rokonok, bar\u00e1tok is \u00f6sszej\u00f6nnek, \u00e9s egy asztalhoz \u00fclnek. Ilyenkor term\u00e9szetes, hogy a k\u00fcl\u00f6nleges alkalmat, \u00e9s a vend\u00e9geinket, vagy vend\u00e9gl\u00e1t\u00f3inkat megtisztelj\u00fck azzal, hogy az \u00e1tlagosn\u00e1l csinosabban \u00f6lt\u00f6z\u00fcnk fel.&nbsp;&nbsp;<\/p>\n\n\n\n<h2 class=\"wp-block-heading\" id=\"csillogj-unnepi-fenyben\"><strong>Csillogj \u00fcnnepi f\u00e9nyben!<\/strong>&nbsp;<\/h2>\n\n\n\n<p>Egy ragyog\u00f3 \u00fcnnepi ruha akkor tud igaz\u00e1n eleg\u00e1ns lenni, ha \u00f6sszhangban van a hozz\u00e1 viselt alkalmi cip\u0151vel is. Vesd le a csizm\u00e1t az \u00fcnnepi alkalomra, \u00e9s&nbsp;b\u00fajtasd l\u00e1baid a ruh\u00e1dhoz ill\u0151 eleg\u00e1ns cip\u0151kbe!&nbsp;<\/p>\n\n\n\n<p>Ne tegy\u00e9l le a csillog\u00e1sr\u00f3l, ha m\u00e1r \u00fcnnep van, legyen minden igaz\u00e1n ragyog\u00f3! Ne legyen kiv\u00e9tel ez al\u00f3l a cip\u0151d sem! A kar\u00e1csony klasszikus piros, \u00e9s bord\u00f3 sz\u00edne val\u00f3di eleganci\u00e1t k\u00f6lcs\u00f6n\u00f6zhet sz\u00e1modra, ha a ruh\u00e1d \u00e9s a cip\u0151d is ebben az \u00e1rnyalatban v\u00e1lasztod ki. N\u00e9zd csak milyen&nbsp;csod\u00e1latos cip\u0151ink vannak ezekben a sz\u00ednekben!&nbsp;<\/p>\n\n\n\n\n\n\n<p><\/p>\n\n\n\n<p>Ha ink\u00e1bb a feny\u0151 z\u00f6ldj\u00e9t venn\u00e9d magadra, vagy egy eleg\u00e1ns fekete ruh\u00e1t szeretn\u00e9 feldobni egy kis \u00fcdes\u00e9ggel, v\u00e1lassz&nbsp;t\u00fcrkiz, vagy z\u00f6ld sz\u00edn\u0171 magas sark\u00fa alkalmi cip\u0151t&nbsp;hozz\u00e1! Az igazi jolly joker sz\u00edn ebben az \u00e9vben is a&nbsp;b\u00e9zs,&nbsp;amely kit\u0171n\u0151en illik b\u00e1rmilyen sz\u00edn\u0171 ruh\u00e1hoz, ezek az igaz\u00e1n magas sarkak pedig form\u00e1s v\u00e1dlit \u00e9s l\u00e9gies megjelen\u00e9st adnak.&nbsp;<\/p>\n\n\n\n<h2 class=\"wp-block-heading\" id=\"lakkot-de-ne-a-hajadra\"><strong>Lakkot, de ne a hajadra!<\/strong>&nbsp;<\/h2>\n\n\n\n<p>A lakkhat\u00e1s\u00fa alkalmi cip\u0151k mindig k\u00fcl\u00f6nlegesek, hiszen m\u00e1r \u00f6nmagukban gy\u00f6ny\u00f6r\u0171en csillognak. Aki ilyen alkalmi cip\u0151t visel, biztos lehetsz benne, hogy valamilyen k\u00fcl\u00f6nleges esem\u00e9nyre igyekszik. A&nbsp;Lasocki lakkb\u0151r alkalmi cip\u0151it&nbsp;t\u00f6bb sz\u00ednben is megtal\u00e1lod a CCC-ben, ne t\u00e9tov\u00e1zz, ha valami igaz\u00e1n \u00fcnnepire v\u00e1gysz ebben az \u00e9vben, vedd meg most!&nbsp;<\/p>\n\n\n\n\n\n\n<p>A ragyog\u00e1sb\u00f3l term\u00e9szetesen az&nbsp;urak sem maradhatnak ki! A&nbsp;Lasocki for Men eleg\u00e1ns f\u00e9lcip\u0151i&nbsp;k\u00f6zt sz\u00e1mukra is megtal\u00e1lhat\u00f3 a f\u00e9nyes lakkb\u0151r v\u00e1ltozat.&nbsp;&nbsp;<\/p>\n\n\n\n\n\n\n<p><\/p>\n\n\n\n<h2 class=\"wp-block-heading\" id=\"csinos-aprosagok\"><strong>Csinos apr\u00f3s\u00e1gok<\/strong>&nbsp;<\/h2>\n\n\n\n<p>A gyerekek j\u00f3 \u00edzl\u00e9s\u00e9nek form\u00e1l\u00e1s\u00e1t nem lehet t\u00fal kor\u00e1n elkezdeni. Ne el\u00e9gedj\u00fcnk meg azzal, hogy ha k\u00fcl\u00f6nleges esem\u00e9nyre k\u00e9sz\u00fcl\u00fcnk, akkor az \u00fcnnepi \u00f6lt\u00f6zet v\u00e9get \u00e9r egy csinos ruh\u00e1cska, vagy ing kiv\u00e1laszt\u00e1s\u00e1n\u00e1l!&nbsp;&nbsp;<\/p>\n\n\n\n<p>Kapjon hangs\u00falyt a gyerekek \u00f6lt\u00f6ztet\u00e9s\u00e9ben is az alkalomhoz, \u00e9s a ruh\u00e1zathoz passzol\u00f3 alkalmi cip\u0151! Ne ugyanazt a csizm\u00e1t, vagy meleg bokacip\u0151t adjuk r\u00e1 a csal\u00e1di kar\u00e1csonyi vacsor\u00e1ra, amelyben eg\u00e9sz t\u00e9len oviba \u00e9s iskol\u00e1ba j\u00e1rt. Egy a h\u00e9tk\u00f6znapokban sz\u00e9tny\u00fazott l\u00e1bbeli, egy\u00e1ltal\u00e1n&nbsp;nem&nbsp;ad sz\u00e9p \u00f6sszhangot egy frissen vasalt, gy\u00f6ny\u00f6r\u0171 alkalmi ruh\u00e1val.&nbsp;&nbsp;<\/p>\n\n\n\n\n\n\n<p>V\u00e1logass a&nbsp;Lasocki Kids, Lasocki Youngs, \u00e9s Nelli Blu m\u00e1rk\u00e1k&nbsp;csinosabbn\u00e1l csinosabb cip\u0151csk\u00e9i&nbsp;k\u00f6zt, \u00e9s tal\u00e1ld meg a sz\u00ednben, m\u00e9retben legink\u00e1bb a gyermekedhez ill\u0151 alkalmi cip\u0151t!&nbsp;<\/p>\n\n\n\n<h2 class=\"wp-block-heading\" id=\"alkalmi-cipo-az-egesz-csaladnak-egy-helyen\"><strong>Alkalmi cip\u0151 az eg\u00e9sz csal\u00e1dnak egy helyen!<\/strong>&nbsp;<\/h2>\n\n\n\n<p>Ha szereted a k\u00e9nyelmes cip\u0151ket, \u00e9s a k\u00e9nyelmes v\u00e1s\u00e1rl\u00e1st, sz\u00edvb\u0151l aj\u00e1nljuk a CCC-t, ahol val\u00f3ban az eg\u00e9sz csal\u00e1dnak meg tudod venni egy helyen az alkalmi cip\u0151ket is. A nagymam\u00e1t\u00f3l, az unok\u00e1kig t\u00e9nyleg minden koroszt\u00e1ly megtal\u00e1lhatja n\u00e1lunk azt a fazont, \u00e9s m\u00e1rk\u00e1t, amely a legjobban passzol az \u00edzl\u00e9s\u00e9hez, \u00e9s az ig\u00e9nyeihez.&nbsp;<\/p>\n\n\n\n<p>F\u00e9rfi, n\u0151i, \u00e9s gyermekcip\u0151k hatalmas v\u00e1laszt\u00e9k\u00e1val, \u00e9s minden h\u00e9ten m\u00e1s akci\u00f3val v\u00e1runk eg\u00e9sz \u00e9vben. Ha&nbsp;m\u00e9g&nbsp;nem vagy el\u00e9g b\u00e1tor a&nbsp;sz\u00ednes cip\u0151kh\u00f6z,&nbsp;kattints ide&nbsp;egy kis meger\u0151s\u00edt\u00e9s\u00e9rt, \u00e9s \u00fatmutat\u00f3\u00e9rt, hogy l\u00e1sd: a sz\u00edneknek nem csak az alkalmi cip\u0151k eset\u00e9ben lehet l\u00e9tjogosults\u00e1ga, hanem a sz\u00fcrke h\u00e9tk\u00f6znapokban is.&nbsp;&nbsp;<\/p>\n\n\n\n<p>V\u00e1s\u00e1rolj n\u00e1lunk! V\u00e1s\u00e1rolj vel\u00fcnk! A CCC-vel nem d\u00f6nthetsz rosszul, ha cip\u0151v\u00e1s\u00e1rl\u00e1sr\u00f3l van sz\u00f3!&nbsp;<a href=\"https:\/\/ccc.eu\/hu\/sklepy\" target=\"_blank\" rel=\"noreferrer noopener\">\u00dczleteinkben<\/a>&nbsp;az elad\u00f3ink online pedig a&nbsp;<a href=\"https:\/\/ccc.eu\/hu\/mobile-app\" target=\"_blank\" rel=\"noreferrer noopener\">mobil&nbsp;applik\u00e1ci\u00f3nk<\/a>&nbsp;seg\u00edt a j\u00f3 d\u00f6nt\u00e9s meghozatal\u00e1ban. A CCC-klub tagjak\u00e9nt pedig extra kedvezm\u00e9nyekkel is megaj\u00e1nd\u00e9kozunk \u2013 nem csak kar\u00e1csonykor!&nbsp;<a href=\"https:\/\/ccc.eu\/hu\/klub-ccc\" target=\"_blank\" rel=\"noreferrer noopener\">regisztr\u00e1lj ide is<\/a>!&nbsp;<\/p>\n\n\n\n<p>K\u00f6vesd divatos l\u00e9pteinket a&nbsp;<a href=\"https:\/\/www.facebook.com\/CCC.Hungary\/\" target=\"_blank\" rel=\"noreferrer noopener\">Facebookon<\/a>, \u00e9s&nbsp;<a href=\"https:\/\/instagram.com\/cccshoesbags\">Instagramon is<\/a>, \u00e9s persze oszd meg ezt a cikket azokkal, akiknek szint\u00e9n csillog\u00f3 j\u00f3kedvet, \u00e9s ragyog\u00f3 cip\u0151ket k\u00edv\u00e1nsz kar\u00e1csonyra!&nbsp;<\/p>\n","protected":false},"excerpt":{"rendered":"<p>A t\u00e9li \u00fcnnepek k\u00fcsz\u00f6b\u00e9n m\u00e1r joggal gondolkozol azon, hogy milyen\u00a0\u00f6lt\u00f6z\u00e9kben k\u00f6sz\u00f6ntsd a kar\u00e1csonyt \u00e9s az \u00faj\u00e9vet. Ugye nem feledkezel meg a t\u00f6k\u00e9letes alkalmi cip\u0151 kiv\u00e1laszt\u00e1s\u00e1r\u00f3l sem?\u00a0 A kar\u00e1csony \u00e9s a szilveszter olyan id\u0151szaka az \u00e9vnek, amikor az egym\u00e1ssal ritk\u00e1bban tal\u00e1lkoz\u00f3 rokonok, bar\u00e1tok is \u00f6sszej\u00f6nnek, \u00e9s egy asztalhoz \u00fclnek. Ilyenkor term\u00e9szetes, hogy a k\u00fcl\u00f6nleges alkalmat, \u00e9s [&hellip;]<\/p>\n","protected":false},"author":14,"featured_media":7190,"comment_status":"open","ping_status":"open","sticky":false,"template":"","format":"standard","meta":{"_acf_changed":false,"footnotes":""},"categories":[6],"tags":[592,593,560,595,596,564,594],"class_list":["post-4538","post","type-post","status-publish","format-standard","has-post-thumbnail","hentry","category-trendek","tag-ajandekotletek-holgyeknek","tag-ajandektippek-noknek","tag-ccc","tag-ekszer","tag-karacsonyi-ajandekotletek","tag-penztarca","tag-taska"],"acf":[],"yoast_head":"<!-- This site is optimized with the Yoast SEO plugin v26.9 - https:\/\/yoast.com\/product\/yoast-seo-wordpress\/ -->\n<title>\u00d6lt\u00f6zz az \u00fcnnephez! Alkalmi cip\u0151t minden l\u00e1bra! - CCC Fashion blog<\/title>\n<meta name=\"description\" content=\"A CCC azt k\u00edv\u00e1nja mindenkinek, hogy id\u00e9n ne csak a boldog tekintetek, a cip\u0151k is csillogjanak az \u00fcnnepi f\u00e9nyekben. Tarts vel\u00fcnk, \u00e9s tal\u00e1ld meg vel\u00fcnk az t\u00f6k\u00e9letes alkalmi cip\u0151ket az eg\u00e9sz csal\u00e1dnak! 2026\" \/>\n<meta name=\"robots\" content=\"index, follow, max-snippet:-1, max-image-preview:large, max-video-preview:-1\" \/>\n<link rel=\"canonical\" href=\"https:\/\/blog.ccc.eu\/hu\/oltozz-az-unnephez-alkalmi-cipot-minden-labra\/\" \/>\n<meta property=\"og:locale\" content=\"hu_HU\" \/>\n<meta property=\"og:type\" content=\"article\" \/>\n<meta property=\"og:title\" content=\"\u00d6lt\u00f6zz az \u00fcnnephez! Alkalmi cip\u0151t minden l\u00e1bra! - CCC Fashion blog\" \/>\n<meta property=\"og:description\" content=\"A CCC azt k\u00edv\u00e1nja mindenkinek, hogy id\u00e9n ne csak a boldog tekintetek, a cip\u0151k is csillogjanak az \u00fcnnepi f\u00e9nyekben. Tarts vel\u00fcnk, \u00e9s tal\u00e1ld meg vel\u00fcnk az t\u00f6k\u00e9letes alkalmi cip\u0151ket az eg\u00e9sz csal\u00e1dnak!\" \/>\n<meta property=\"og:url\" content=\"https:\/\/blog.ccc.eu\/hu\/oltozz-az-unnephez-alkalmi-cipot-minden-labra\/\" \/>\n<meta property=\"og:site_name\" content=\"CCC Fashion blog\" \/>\n<meta property=\"article:published_time\" content=\"2022-12-05T08:00:00+00:00\" \/>\n<meta property=\"article:modified_time\" content=\"2022-12-21T08:50:16+00:00\" \/>\n<meta property=\"og:image\" content=\"https:\/\/blog.ccc.eu\/hu\/wp-content\/uploads\/2022\/12\/MicrosoftTeams-image-138.jpg\" \/>\n\t<meta property=\"og:image:width\" content=\"724\" \/>\n\t<meta property=\"og:image:height\" content=\"483\" \/>\n\t<meta property=\"og:image:type\" content=\"image\/jpeg\" \/>\n<meta name=\"author\" content=\"Szab\u00f3 Ivett\" \/>\n<meta name=\"twitter:card\" content=\"summary_large_image\" \/>\n<meta name=\"twitter:label1\" content=\"Szerz\u0151:\" \/>\n\t<meta name=\"twitter:data1\" content=\"Szab\u00f3 Ivett\" \/>\n\t<meta name=\"twitter:label2\" content=\"Becs\u00fclt olvas\u00e1si id\u0151\" \/>\n\t<meta name=\"twitter:data2\" content=\"4 perc\" \/>\n<script type=\"application\/ld+json\" class=\"yoast-schema-graph\">{\"@context\":\"https:\/\/schema.org\",\"@graph\":[{\"@type\":\"Article\",\"@id\":\"https:\/\/blog.ccc.eu\/hu\/oltozz-az-unnephez-alkalmi-cipot-minden-labra\/#article\",\"isPartOf\":{\"@id\":\"https:\/\/blog.ccc.eu\/hu\/oltozz-az-unnephez-alkalmi-cipot-minden-labra\/\"},\"author\":{\"name\":\"Szab\u00f3 Ivett\",\"@id\":\"https:\/\/blog.ccc.eu\/hu\/#\/schema\/person\/518c172e4662b542127efb4480d8cd6b\"},\"headline\":\"\u00d6lt\u00f6zz az \u00fcnnephez! Alkalmi cip\u0151t minden l\u00e1bra!\",\"datePublished\":\"2022-12-05T08:00:00+00:00\",\"dateModified\":\"2022-12-21T08:50:16+00:00\",\"mainEntityOfPage\":{\"@id\":\"https:\/\/blog.ccc.eu\/hu\/oltozz-az-unnephez-alkalmi-cipot-minden-labra\/\"},\"wordCount\":948,\"commentCount\":0,\"publisher\":{\"@id\":\"https:\/\/blog.ccc.eu\/hu\/#organization\"},\"image\":{\"@id\":\"https:\/\/blog.ccc.eu\/hu\/oltozz-az-unnephez-alkalmi-cipot-minden-labra\/#primaryimage\"},\"thumbnailUrl\":\"https:\/\/blog.ccc.eu\/hu\/wp-content\/uploads\/2022\/12\/MicrosoftTeams-image-138.jpg\",\"keywords\":[\"aj\u00e1nd\u00e9k\u00f6tletek h\u00f6lgyeknek\",\"aj\u00e1nd\u00e9ktippek n\u0151knek\",\"CCC\",\"\u00e9kszer\",\"kar\u00e1csonyi aj\u00e1nd\u00e9k\u00f6tletek\",\"p\u00e9nzt\u00e1rca\",\"t\u00e1ska\"],\"articleSection\":[\"TRENDEK\"],\"inLanguage\":\"hu\",\"potentialAction\":[{\"@type\":\"CommentAction\",\"name\":\"Comment\",\"target\":[\"https:\/\/blog.ccc.eu\/hu\/oltozz-az-unnephez-alkalmi-cipot-minden-labra\/#respond\"]}]},{\"@type\":\"WebPage\",\"@id\":\"https:\/\/blog.ccc.eu\/hu\/oltozz-az-unnephez-alkalmi-cipot-minden-labra\/\",\"url\":\"https:\/\/blog.ccc.eu\/hu\/oltozz-az-unnephez-alkalmi-cipot-minden-labra\/\",\"name\":\"\u00d6lt\u00f6zz az \u00fcnnephez! Alkalmi cip\u0151t minden l\u00e1bra! - CCC Fashion blog\",\"isPartOf\":{\"@id\":\"https:\/\/blog.ccc.eu\/hu\/#website\"},\"primaryImageOfPage\":{\"@id\":\"https:\/\/blog.ccc.eu\/hu\/oltozz-az-unnephez-alkalmi-cipot-minden-labra\/#primaryimage\"},\"image\":{\"@id\":\"https:\/\/blog.ccc.eu\/hu\/oltozz-az-unnephez-alkalmi-cipot-minden-labra\/#primaryimage\"},\"thumbnailUrl\":\"https:\/\/blog.ccc.eu\/hu\/wp-content\/uploads\/2022\/12\/MicrosoftTeams-image-138.jpg\",\"datePublished\":\"2022-12-05T08:00:00+00:00\",\"dateModified\":\"2022-12-21T08:50:16+00:00\",\"description\":\"A CCC azt k\u00edv\u00e1nja mindenkinek, hogy id\u00e9n ne csak a boldog tekintetek, a cip\u0151k is csillogjanak az \u00fcnnepi f\u00e9nyekben. Tarts vel\u00fcnk, \u00e9s tal\u00e1ld meg vel\u00fcnk az t\u00f6k\u00e9letes alkalmi cip\u0151ket az eg\u00e9sz csal\u00e1dnak!\",\"breadcrumb\":{\"@id\":\"https:\/\/blog.ccc.eu\/hu\/oltozz-az-unnephez-alkalmi-cipot-minden-labra\/#breadcrumb\"},\"inLanguage\":\"hu\",\"potentialAction\":[{\"@type\":\"ReadAction\",\"target\":[\"https:\/\/blog.ccc.eu\/hu\/oltozz-az-unnephez-alkalmi-cipot-minden-labra\/\"]}]},{\"@type\":\"ImageObject\",\"inLanguage\":\"hu\",\"@id\":\"https:\/\/blog.ccc.eu\/hu\/oltozz-az-unnephez-alkalmi-cipot-minden-labra\/#primaryimage\",\"url\":\"https:\/\/blog.ccc.eu\/hu\/wp-content\/uploads\/2022\/12\/MicrosoftTeams-image-138.jpg\",\"contentUrl\":\"https:\/\/blog.ccc.eu\/hu\/wp-content\/uploads\/2022\/12\/MicrosoftTeams-image-138.jpg\",\"width\":724,\"height\":483,\"caption\":\"Photo taken in Moscow, Russia\"},{\"@type\":\"BreadcrumbList\",\"@id\":\"https:\/\/blog.ccc.eu\/hu\/oltozz-az-unnephez-alkalmi-cipot-minden-labra\/#breadcrumb\",\"itemListElement\":[{\"@type\":\"ListItem\",\"position\":1,\"name\":\"Strona g\u0142\u00f3wna\",\"item\":\"https:\/\/blog.ccc.eu\/hu\/\"},{\"@type\":\"ListItem\",\"position\":2,\"name\":\"\u00d6lt\u00f6zz az \u00fcnnephez! Alkalmi cip\u0151t minden l\u00e1bra!\"}]},{\"@type\":\"WebSite\",\"@id\":\"https:\/\/blog.ccc.eu\/hu\/#website\",\"url\":\"https:\/\/blog.ccc.eu\/hu\/\",\"name\":\"CCC Fashion blog\",\"description\":\"Az \u00d6n helye tele van divatihletekkel\",\"publisher\":{\"@id\":\"https:\/\/blog.ccc.eu\/hu\/#organization\"},\"potentialAction\":[{\"@type\":\"SearchAction\",\"target\":{\"@type\":\"EntryPoint\",\"urlTemplate\":\"https:\/\/blog.ccc.eu\/hu\/?s={search_term_string}\"},\"query-input\":{\"@type\":\"PropertyValueSpecification\",\"valueRequired\":true,\"valueName\":\"search_term_string\"}}],\"inLanguage\":\"hu\"},{\"@type\":\"Organization\",\"@id\":\"https:\/\/blog.ccc.eu\/hu\/#organization\",\"name\":\"CCC S.A.\",\"url\":\"https:\/\/blog.ccc.eu\/hu\/\",\"logo\":{\"@type\":\"ImageObject\",\"inLanguage\":\"hu\",\"@id\":\"https:\/\/blog.ccc.eu\/hu\/#\/schema\/logo\/image\/\",\"url\":\"https:\/\/blog.ccc.eu\/hu\/wp-content\/uploads\/2021\/11\/logo_ccc.png\",\"contentUrl\":\"https:\/\/blog.ccc.eu\/hu\/wp-content\/uploads\/2021\/11\/logo_ccc.png\",\"width\":730,\"height\":270,\"caption\":\"CCC S.A.\"},\"image\":{\"@id\":\"https:\/\/blog.ccc.eu\/hu\/#\/schema\/logo\/image\/\"}},{\"@type\":\"Person\",\"@id\":\"https:\/\/blog.ccc.eu\/hu\/#\/schema\/person\/518c172e4662b542127efb4480d8cd6b\",\"name\":\"Szab\u00f3 Ivett\",\"image\":{\"@type\":\"ImageObject\",\"inLanguage\":\"hu\",\"@id\":\"https:\/\/blog.ccc.eu\/hu\/#\/schema\/person\/image\/\",\"url\":\"https:\/\/blog.ccc.eu\/hu\/wp-content\/uploads\/2022\/08\/admin-ajax-1-100x100.jpg\",\"contentUrl\":\"https:\/\/blog.ccc.eu\/hu\/wp-content\/uploads\/2022\/08\/admin-ajax-1-100x100.jpg\",\"caption\":\"Szab\u00f3 Ivett\"},\"url\":\"https:\/\/blog.ccc.eu\/hu\/author\/szabo-ivett\/\"}]}<\/script>\n<!-- \/ Yoast SEO plugin. -->","yoast_head_json":{"title":"\u00d6lt\u00f6zz az \u00fcnnephez! Alkalmi cip\u0151t minden l\u00e1bra! - CCC Fashion blog","description":"A CCC azt k\u00edv\u00e1nja mindenkinek, hogy id\u00e9n ne csak a boldog tekintetek, a cip\u0151k is csillogjanak az \u00fcnnepi f\u00e9nyekben. Tarts vel\u00fcnk, \u00e9s tal\u00e1ld meg vel\u00fcnk az t\u00f6k\u00e9letes alkalmi cip\u0151ket az eg\u00e9sz csal\u00e1dnak! 2026","robots":{"index":"index","follow":"follow","max-snippet":"max-snippet:-1","max-image-preview":"max-image-preview:large","max-video-preview":"max-video-preview:-1"},"canonical":"https:\/\/blog.ccc.eu\/hu\/oltozz-az-unnephez-alkalmi-cipot-minden-labra\/","og_locale":"hu_HU","og_type":"article","og_title":"\u00d6lt\u00f6zz az \u00fcnnephez! Alkalmi cip\u0151t minden l\u00e1bra! - CCC Fashion blog","og_description":"A CCC azt k\u00edv\u00e1nja mindenkinek, hogy id\u00e9n ne csak a boldog tekintetek, a cip\u0151k is csillogjanak az \u00fcnnepi f\u00e9nyekben. Tarts vel\u00fcnk, \u00e9s tal\u00e1ld meg vel\u00fcnk az t\u00f6k\u00e9letes alkalmi cip\u0151ket az eg\u00e9sz csal\u00e1dnak!","og_url":"https:\/\/blog.ccc.eu\/hu\/oltozz-az-unnephez-alkalmi-cipot-minden-labra\/","og_site_name":"CCC Fashion blog","article_published_time":"2022-12-05T08:00:00+00:00","article_modified_time":"2022-12-21T08:50:16+00:00","og_image":[{"width":724,"height":483,"url":"https:\/\/blog.ccc.eu\/hu\/wp-content\/uploads\/2022\/12\/MicrosoftTeams-image-138.jpg","type":"image\/jpeg"}],"author":"Szab\u00f3 Ivett","twitter_card":"summary_large_image","twitter_misc":{"Szerz\u0151:":"Szab\u00f3 Ivett","Becs\u00fclt olvas\u00e1si id\u0151":"4 perc"},"schema":{"@context":"https:\/\/schema.org","@graph":[{"@type":"Article","@id":"https:\/\/blog.ccc.eu\/hu\/oltozz-az-unnephez-alkalmi-cipot-minden-labra\/#article","isPartOf":{"@id":"https:\/\/blog.ccc.eu\/hu\/oltozz-az-unnephez-alkalmi-cipot-minden-labra\/"},"author":{"name":"Szab\u00f3 Ivett","@id":"https:\/\/blog.ccc.eu\/hu\/#\/schema\/person\/518c172e4662b542127efb4480d8cd6b"},"headline":"\u00d6lt\u00f6zz az \u00fcnnephez! Alkalmi cip\u0151t minden l\u00e1bra!","datePublished":"2022-12-05T08:00:00+00:00","dateModified":"2022-12-21T08:50:16+00:00","mainEntityOfPage":{"@id":"https:\/\/blog.ccc.eu\/hu\/oltozz-az-unnephez-alkalmi-cipot-minden-labra\/"},"wordCount":948,"commentCount":0,"publisher":{"@id":"https:\/\/blog.ccc.eu\/hu\/#organization"},"image":{"@id":"https:\/\/blog.ccc.eu\/hu\/oltozz-az-unnephez-alkalmi-cipot-minden-labra\/#primaryimage"},"thumbnailUrl":"https:\/\/blog.ccc.eu\/hu\/wp-content\/uploads\/2022\/12\/MicrosoftTeams-image-138.jpg","keywords":["aj\u00e1nd\u00e9k\u00f6tletek h\u00f6lgyeknek","aj\u00e1nd\u00e9ktippek n\u0151knek","CCC","\u00e9kszer","kar\u00e1csonyi aj\u00e1nd\u00e9k\u00f6tletek","p\u00e9nzt\u00e1rca","t\u00e1ska"],"articleSection":["TRENDEK"],"inLanguage":"hu","potentialAction":[{"@type":"CommentAction","name":"Comment","target":["https:\/\/blog.ccc.eu\/hu\/oltozz-az-unnephez-alkalmi-cipot-minden-labra\/#respond"]}]},{"@type":"WebPage","@id":"https:\/\/blog.ccc.eu\/hu\/oltozz-az-unnephez-alkalmi-cipot-minden-labra\/","url":"https:\/\/blog.ccc.eu\/hu\/oltozz-az-unnephez-alkalmi-cipot-minden-labra\/","name":"\u00d6lt\u00f6zz az \u00fcnnephez! Alkalmi cip\u0151t minden l\u00e1bra! - CCC Fashion blog","isPartOf":{"@id":"https:\/\/blog.ccc.eu\/hu\/#website"},"primaryImageOfPage":{"@id":"https:\/\/blog.ccc.eu\/hu\/oltozz-az-unnephez-alkalmi-cipot-minden-labra\/#primaryimage"},"image":{"@id":"https:\/\/blog.ccc.eu\/hu\/oltozz-az-unnephez-alkalmi-cipot-minden-labra\/#primaryimage"},"thumbnailUrl":"https:\/\/blog.ccc.eu\/hu\/wp-content\/uploads\/2022\/12\/MicrosoftTeams-image-138.jpg","datePublished":"2022-12-05T08:00:00+00:00","dateModified":"2022-12-21T08:50:16+00:00","description":"A CCC azt k\u00edv\u00e1nja mindenkinek, hogy id\u00e9n ne csak a boldog tekintetek, a cip\u0151k is csillogjanak az \u00fcnnepi f\u00e9nyekben. Tarts vel\u00fcnk, \u00e9s tal\u00e1ld meg vel\u00fcnk az t\u00f6k\u00e9letes alkalmi cip\u0151ket az eg\u00e9sz csal\u00e1dnak!","breadcrumb":{"@id":"https:\/\/blog.ccc.eu\/hu\/oltozz-az-unnephez-alkalmi-cipot-minden-labra\/#breadcrumb"},"inLanguage":"hu","potentialAction":[{"@type":"ReadAction","target":["https:\/\/blog.ccc.eu\/hu\/oltozz-az-unnephez-alkalmi-cipot-minden-labra\/"]}]},{"@type":"ImageObject","inLanguage":"hu","@id":"https:\/\/blog.ccc.eu\/hu\/oltozz-az-unnephez-alkalmi-cipot-minden-labra\/#primaryimage","url":"https:\/\/blog.ccc.eu\/hu\/wp-content\/uploads\/2022\/12\/MicrosoftTeams-image-138.jpg","contentUrl":"https:\/\/blog.ccc.eu\/hu\/wp-content\/uploads\/2022\/12\/MicrosoftTeams-image-138.jpg","width":724,"height":483,"caption":"Photo taken in Moscow, Russia"},{"@type":"BreadcrumbList","@id":"https:\/\/blog.ccc.eu\/hu\/oltozz-az-unnephez-alkalmi-cipot-minden-labra\/#breadcrumb","itemListElement":[{"@type":"ListItem","position":1,"name":"Strona g\u0142\u00f3wna","item":"https:\/\/blog.ccc.eu\/hu\/"},{"@type":"ListItem","position":2,"name":"\u00d6lt\u00f6zz az \u00fcnnephez! Alkalmi cip\u0151t minden l\u00e1bra!"}]},{"@type":"WebSite","@id":"https:\/\/blog.ccc.eu\/hu\/#website","url":"https:\/\/blog.ccc.eu\/hu\/","name":"CCC Fashion blog","description":"Az \u00d6n helye tele van divatihletekkel","publisher":{"@id":"https:\/\/blog.ccc.eu\/hu\/#organization"},"potentialAction":[{"@type":"SearchAction","target":{"@type":"EntryPoint","urlTemplate":"https:\/\/blog.ccc.eu\/hu\/?s={search_term_string}"},"query-input":{"@type":"PropertyValueSpecification","valueRequired":true,"valueName":"search_term_string"}}],"inLanguage":"hu"},{"@type":"Organization","@id":"https:\/\/blog.ccc.eu\/hu\/#organization","name":"CCC S.A.","url":"https:\/\/blog.ccc.eu\/hu\/","logo":{"@type":"ImageObject","inLanguage":"hu","@id":"https:\/\/blog.ccc.eu\/hu\/#\/schema\/logo\/image\/","url":"https:\/\/blog.ccc.eu\/hu\/wp-content\/uploads\/2021\/11\/logo_ccc.png","contentUrl":"https:\/\/blog.ccc.eu\/hu\/wp-content\/uploads\/2021\/11\/logo_ccc.png","width":730,"height":270,"caption":"CCC S.A."},"image":{"@id":"https:\/\/blog.ccc.eu\/hu\/#\/schema\/logo\/image\/"}},{"@type":"Person","@id":"https:\/\/blog.ccc.eu\/hu\/#\/schema\/person\/518c172e4662b542127efb4480d8cd6b","name":"Szab\u00f3 Ivett","image":{"@type":"ImageObject","inLanguage":"hu","@id":"https:\/\/blog.ccc.eu\/hu\/#\/schema\/person\/image\/","url":"https:\/\/blog.ccc.eu\/hu\/wp-content\/uploads\/2022\/08\/admin-ajax-1-100x100.jpg","contentUrl":"https:\/\/blog.ccc.eu\/hu\/wp-content\/uploads\/2022\/08\/admin-ajax-1-100x100.jpg","caption":"Szab\u00f3 Ivett"},"url":"https:\/\/blog.ccc.eu\/hu\/author\/szabo-ivett\/"}]}},"_links":{"self":[{"href":"https:\/\/blog.ccc.eu\/hu\/wp-json\/wp\/v2\/posts\/4538","targetHints":{"allow":["GET"]}}],"collection":[{"href":"https:\/\/blog.ccc.eu\/hu\/wp-json\/wp\/v2\/posts"}],"about":[{"href":"https:\/\/blog.ccc.eu\/hu\/wp-json\/wp\/v2\/types\/post"}],"author":[{"embeddable":true,"href":"https:\/\/blog.ccc.eu\/hu\/wp-json\/wp\/v2\/users\/14"}],"replies":[{"embeddable":true,"href":"https:\/\/blog.ccc.eu\/hu\/wp-json\/wp\/v2\/comments?post=4538"}],"version-history":[{"count":11,"href":"https:\/\/blog.ccc.eu\/hu\/wp-json\/wp\/v2\/posts\/4538\/revisions"}],"predecessor-version":[{"id":7192,"href":"https:\/\/blog.ccc.eu\/hu\/wp-json\/wp\/v2\/posts\/4538\/revisions\/7192"}],"wp:featuredmedia":[{"embeddable":true,"href":"https:\/\/blog.ccc.eu\/hu\/wp-json\/wp\/v2\/media\/7190"}],"wp:attachment":[{"href":"https:\/\/blog.ccc.eu\/hu\/wp-json\/wp\/v2\/media?parent=4538"}],"wp:term":[{"taxonomy":"category","embeddable":true,"href":"https:\/\/blog.ccc.eu\/hu\/wp-json\/wp\/v2\/categories?post=4538"},{"taxonomy":"post_tag","embeddable":true,"href":"https:\/\/blog.ccc.eu\/hu\/wp-json\/wp\/v2\/tags?post=4538"}],"curies":[{"name":"wp","href":"https:\/\/api.w.org\/{rel}","templated":true}]}}