{"id":4737,"date":"2022-01-05T14:31:13","date_gmt":"2022-01-05T13:31:13","guid":{"rendered":"https:\/\/blog.ccc.eu\/hu\/?p=4737"},"modified":"2022-01-31T10:41:36","modified_gmt":"2022-01-31T09:41:36","slug":"elvezd-a-telet-es-taposd-a-havat","status":"publish","type":"post","link":"https:\/\/blog.ccc.eu\/hu\/elvezd-a-telet-es-taposd-a-havat\/","title":{"rendered":"\u00c9lvezd a telet, \u00e9s taposd a havat!"},"content":{"rendered":"\n<p><strong>Hab\u00e1r az elm\u00falt \u00e9vek nem t\u00fal sok h\u00f3val k\u00e9nyeztettek el benn\u00fcnket, az\u00e9rt mindig van n\u00e9h\u00e1ny&nbsp;h\u00e9t minden esztend\u0151ben, amikor feh\u00e9r takar\u00f3 bor\u00edtja az utc\u00e1kat.&nbsp;<\/strong>&nbsp;<\/p>\n\n\n\n<p>A hideg, havas, latyakos id\u0151j\u00e1r\u00e1s bizony kih\u00edv\u00e1s el\u00e9 \u00e1ll\u00edthat, \u00e9s vannak olyan hetek, amikor bizony nem el\u00e9g az egy\u00e9bk\u00e9nt hordott t\u00e9li csizm\u00e1d. Amikor minden oldalr\u00f3l h\u00f3 veszi k\u00f6r\u00fcl a l\u00e1bad, b\u00e1rhov\u00e1 is l\u00e9psz, bizony&nbsp;gyorsan kih\u0171lnek a l\u00e1bfejek, ak\u00e1rmilyen meleg b\u00e9l\u00e9ssel is k\u00e9sz\u00fclt a csizm\u00e1d.&nbsp;&nbsp;<\/p>\n\n\n\n<figure class=\"wp-block-gallery has-nested-images columns-default is-cropped wp-block-gallery-1 is-layout-flex wp-block-gallery-is-layout-flex\">\n<figure class=\"wp-block-image size-large\"><img loading=\"lazy\" decoding=\"async\" width=\"683\" height=\"1024\" data-id=\"4740\" src=\"https:\/\/blog.ccc.eu\/hu\/wp-content\/uploads\/2022\/01\/DSC_2764-1-768x1152-1-683x1024.jpg\" alt=\"\" class=\"wp-image-4740\" srcset=\"https:\/\/blog.ccc.eu\/hu\/wp-content\/uploads\/2022\/01\/DSC_2764-1-768x1152-1-683x1024.jpg 683w, https:\/\/blog.ccc.eu\/hu\/wp-content\/uploads\/2022\/01\/DSC_2764-1-768x1152-1-200x300.jpg 200w, https:\/\/blog.ccc.eu\/hu\/wp-content\/uploads\/2022\/01\/DSC_2764-1-768x1152-1-100x150.jpg 100w, https:\/\/blog.ccc.eu\/hu\/wp-content\/uploads\/2022\/01\/DSC_2764-1-768x1152-1.jpg 768w\" sizes=\"auto, (max-width: 683px) 100vw, 683px\" \/><\/figure>\n\n\n\n<figure class=\"wp-block-image size-large\"><img loading=\"lazy\" decoding=\"async\" width=\"683\" height=\"1024\" data-id=\"4741\" src=\"https:\/\/blog.ccc.eu\/hu\/wp-content\/uploads\/2022\/01\/DSC_2841-1-768x1152-1-683x1024.jpg\" alt=\"\" class=\"wp-image-4741\" srcset=\"https:\/\/blog.ccc.eu\/hu\/wp-content\/uploads\/2022\/01\/DSC_2841-1-768x1152-1-683x1024.jpg 683w, https:\/\/blog.ccc.eu\/hu\/wp-content\/uploads\/2022\/01\/DSC_2841-1-768x1152-1-200x300.jpg 200w, https:\/\/blog.ccc.eu\/hu\/wp-content\/uploads\/2022\/01\/DSC_2841-1-768x1152-1-100x150.jpg 100w, https:\/\/blog.ccc.eu\/hu\/wp-content\/uploads\/2022\/01\/DSC_2841-1-768x1152-1.jpg 768w\" sizes=\"auto, (max-width: 683px) 100vw, 683px\" \/><\/figure>\n<\/figure>\n\n\n\n<h2 class=\"wp-block-heading\" id=\"tobb-evezredes-talalmany-a-hocsizma\"><strong>T\u00f6bb \u00e9vezredes tal\u00e1lm\u00e1ny, a h\u00f3csizma&nbsp;<\/strong><\/h2>\n\n\n\n<p>Az Alpokban r\u00e9g\u00e9szek \u00e1ltal megtal\u00e1lt els\u0151 h\u00f3csizma, a szakemberek v\u00e9lem\u00e9nye szerint, kb. \u00f6tezer \u00e9ve k\u00e9sz\u00fclt. A h\u00f3tapos\u00f3 teh\u00e1t egy\u00e1ltal\u00e1n nem \u00faj tal\u00e1lm\u00e1ny, ez a lelet is azt bizony\u00edtja, hogy el\u0151deinknek m\u00e1r t\u00f6bb ezer \u00e9vvel ezel\u0151tt is f\u00e1zott a l\u00e1ba a hideg h\u00f3ban, \u00e9s a maguk eszk\u00f6zeivel, a rendelkez\u00e9s\u00fckre \u00e1ll\u00f3 anyagokb\u00f3l, meg is pr\u00f3b\u00e1ltak v\u00e9dekezni ellene.&nbsp;&nbsp;<\/p>\n\n\n\n<p>Nem csak Eur\u00f3p\u00e1ban tal\u00e1ltak ilyen c\u00e9llal k\u00e9sz\u00fclt l\u00e1bbelit, a k\u0151korszakban \u00e9lt amerikai \u0151slak\u00f3k is \u00e1llatb\u0151rb\u0151l, \u00e9s sz\u0151rm\u00e9b\u0151l k\u00e9sz\u00fclt csizm\u00e1t viseltek.&nbsp;Hogy nagy becsben tartott\u00e1k ezeket, az onnan is kider\u00fcl, hogy a leletek k\u00f6z\u00fcl t\u00f6bbet gy\u00f6ngy\u00f6k, \u00e9s egy\u00e9b d\u00edsz\u00edt\u00e9sek \u00e9kes\u00edtettek.&nbsp;<\/p>\n\n\n\n<h2 class=\"wp-block-heading\" id=\"ne-fagyjon-meg-a-labad-soha-tobbe\"><strong>Ne fagyjon meg a l\u00e1bad soha t\u00f6bb\u00e9!&nbsp;<\/strong><\/h2>\n\n\n\n<p>A modern h\u00f3tapos\u00f3k m\u00e1r v\u00edz\u00e1ll\u00f3 anyagb\u00f3l k\u00e9sz\u00fclnek, b\u00e9lel\u00e9s\u00fckh\u00f6z&nbsp;t\u00f6bbnyire&nbsp;szintetikus sz\u0151rm\u00e9t, vagy egy\u00e9b h\u0151tart\u00f3 anyagot haszn\u00e1lnak. Vastag talpuk gumib\u00f3l k\u00e9sz\u00fcl, amely k\u00fcl\u00f6n\u00f6sen praktikus a havas, jeges talajon.&nbsp;<\/p>\n\n\n\n<p>A l\u00e1bsz\u00e1rk\u00f6z\u00e9pig \u00e9r\u0151 h\u00f3tapos\u00f3k egy r\u00e9sz\u00e9n zsin\u00f3rral beh\u00fazhat\u00f3 a b\u00e9l\u00e9s anyaga. Ez a megold\u00e1s kiv\u00e1l\u00f3an megakad\u00e1lyozza, hogy fel\u00fclr\u0151l se tudjon h\u00f3 \u00e9s nedvess\u00e9g ker\u00fclni a l\u00e1bakhoz.&nbsp;&nbsp;<\/p>\n\n\n\n<h2 class=\"wp-block-heading\" id=\"nem-csak-praktikus-de-meg-divatos-is-lehet-a-hotaposod\"><strong>Nem csak praktikus, de m\u00e9g divatos is lehet a h\u00f3tapos\u00f3d<\/strong>&nbsp;<\/h2>\n\n\n\n<p>A h\u00f3tapos\u00f3k diz\u00e1jnja ugyan\u00fagy folyamatosan v\u00e1ltozik, ahogy a t\u00f6bbi l\u00e1bbeli\u00e9. A trendek erre is hat\u00e1ssal vannak, \u00e9s minden \u00e9vben az aktu\u00e1lis divatsz\u00ednekkel, \u00e9s men\u0151 form\u00e1kkal lepnek meg benn\u00fcnket.&nbsp;&nbsp;<\/p>\n\n\n\n<p>S\u0151t! Van h\u00f3tapos\u00f3 divat is! \u00c9vek \u00f3ta tartja mag\u00e1t a legink\u00e1bb szobacsizm\u00e1khoz hasonl\u00edt\u00f3 diz\u00e1jn, amelyet viccesen \u201ecs\u00fanya csizm\u00e1nak\u201d is szoktak nevezni. Pedig a mukluk csizma&nbsp;szerin\u00fcnk&nbsp;nem is cs\u00fanya, csak a teljes egyszer\u0171s\u00e9g jellemzi a kialak\u00edt\u00e1s\u00e1t. Semmi felesleges diz\u00e1jnelem, vagy cicoma. Ez t\u00e9nyleg egy funkcion\u00e1lis darab, minden sallang n\u00e9lk\u00fcl.&nbsp;<a href=\"https:\/\/ccc.eu\/hu\/search?query%5bmenu_item%5d=&amp;query%5bquerystring%5d=mukluk%20csizma\" target=\"_blank\" rel=\"noreferrer noopener\">N\u00e9zd csak!<\/a>&nbsp;<\/p>\n\n\n\n\n\n\n<h2 class=\"wp-block-heading\" id=\"legyen-minden-tel-elmenyekkel-teli\"><strong>Legyen minden&nbsp;t\u00e9l&nbsp;\u00e9lm\u00e9nyekkel teli!<\/strong>&nbsp;<\/h2>\n\n\n\n<p>A&nbsp;<a href=\"https:\/\/ccc.eu\/hu\/noi\/ajanlatunk\/teli-csizma-mukluk\" target=\"_blank\" rel=\"noreferrer noopener\">h\u00f3tapos\u00f3<\/a>&nbsp;nem csak a biztons\u00e1gos k\u00f6zleked\u00e9st teszi lehet\u0151v\u00e9 sz\u00e1modra. \u00daj,&nbsp;vagy&nbsp;tal\u00e1n m\u00e1r r\u00e9g elfeledett \u00e9lm\u00e9nyekhez juthatsz \u00e1ltala, amilyenekben legut\u00f3bb tal\u00e1n gyerekkorodban volt r\u00e9szed. Egy meleg, \u00e9s v\u00edz\u00e1ll\u00f3 h\u00f3csizm\u00e1val a l\u00e1badon, nyugodtan beleg\u00e1zolhatsz a nagy h\u00f3ba, sz\u00e1nk\u00f3zhatsz, h\u00f3embert \u00e9p\u00edthetsz, h\u00f3goly\u00f3zhatsz, \u00e9s m\u00e9g ekkor sem kell att\u00f3l tartanod, hogy a csizm\u00e1dba belepottyan a jeges h\u00f3goly\u00f3, \u00e9s el\u00e1ztatja a zoknid.&nbsp;&nbsp;<\/p>\n\n\n\n<p>\u00c9lvezd a telet, s\u00e9t\u00e1lj nagyokat a friss havon a term\u00e9szetben, \u00e9s l\u00e9legezz nagyokat a tiszta leveg\u0151b\u0151l!&nbsp;&nbsp;<\/p>\n\n\n\n<p>Ak\u00e1r munk\u00e1ba menet is felh\u00fazhatod, de ne maradj&nbsp;eg\u00e9sz nap ebben, mert a f\u0171t\u00f6tt helyis\u00e9gekben&nbsp;bizony hamar bele fog izzadni a l\u00e1bad a meleg csizm\u00e1ba! Tarts k\u00e9zn\u00e9l egy v\u00e1lt\u00f3cip\u0151t, \u00e9s cser\u00e9ld le arra, mikor meg\u00e9rkezel!&nbsp;A cip\u0151csere egy\u00e9bir\u00e1nt t\u00e9len, ny\u00e1ron fontos lenne, err\u0151l&nbsp;<a href=\"https:\/\/blog.ccc.eu\/hu\/ezert-hasznalj-valtocipot\/\">itt \u00edrtunk<\/a>&nbsp;m\u00e1r kor\u00e1bban.&nbsp;&nbsp;<\/p>\n\n\n\n<p>Ha m\u00e9g nincs, szerezz be egy igaz\u00e1n trendi, meleg, v\u00edz\u00e1ll\u00f3, \u00e9s cs\u00fasz\u00e1sbiztos h\u00f3tapos\u00f3t a hozz\u00e1d legk\u00f6zelebbi\u00a0<a href=\"https:\/\/ccc.eu\/hu\/sklepy\" target=\"_blank\" rel=\"noreferrer noopener\">CCC \u00fczletben<\/a>, vagy t\u00f6ltsd le a\u00a0<a href=\"https:\/\/ccc.eu\/hu\/mobile-app\" target=\"_blank\" rel=\"noreferrer noopener\">mobil\u00a0alkalmaz\u00e1sunkat<\/a>, \u00e9s rendeld meg online! A k\u00f6z\u00f6ss\u00e9gi m\u00e9dia fel\u00fcleteinken is sz\u00edvesen l\u00e1tunk,\u00a0<a href=\"https:\/\/www.facebook.com\/CCC.Hungary\/\" target=\"_blank\" rel=\"noreferrer noopener\">Facebookon<\/a>, \u00e9s\u00a0<a href=\"https:\/\/instagram.com\/cccshoesbags\">Instagramon<\/a>\u00a0egyar\u00e1nt, ha szeretn\u00e9l mindig k\u00e9pben lenni a cip\u0151divattal!\u00a0<\/p>\n","protected":false},"excerpt":{"rendered":"<p>Hab\u00e1r az elm\u00falt \u00e9vek nem t\u00fal sok h\u00f3val k\u00e9nyeztettek el benn\u00fcnket, az\u00e9rt mindig van n\u00e9h\u00e1ny&nbsp;h\u00e9t minden esztend\u0151ben, amikor feh\u00e9r takar\u00f3 bor\u00edtja az utc\u00e1kat.&nbsp;&nbsp; A hideg, havas, latyakos id\u0151j\u00e1r\u00e1s bizony kih\u00edv\u00e1s el\u00e9 \u00e1ll\u00edthat, \u00e9s vannak olyan hetek, amikor bizony nem el\u00e9g az egy\u00e9bk\u00e9nt hordott t\u00e9li csizm\u00e1d. Amikor minden oldalr\u00f3l h\u00f3 veszi k\u00f6r\u00fcl a l\u00e1bad, b\u00e1rhov\u00e1 is [&hellip;]<\/p>\n","protected":false},"author":5,"featured_media":4741,"comment_status":"open","ping_status":"open","sticky":false,"template":"","format":"standard","meta":{"_acf_changed":false,"footnotes":""},"categories":[6],"tags":[560,637,636,568],"class_list":["post-4737","post","type-post","status-publish","format-standard","has-post-thumbnail","hentry","category-trendek","tag-ccc","tag-hocsizma","tag-hotaposo","tag-teli-csizma"],"acf":[],"yoast_head":"<!-- This site is optimized with the Yoast SEO plugin v26.9 - https:\/\/yoast.com\/product\/yoast-seo-wordpress\/ -->\n<title>\u00c9lvezd a telet, \u00e9s taposd a havat! - CCC Fashion blog<\/title>\n<meta name=\"description\" content=\"Ne \u00e9rjen v\u00e1ratlanul, ha b\u00e1rmikor meg\u00e9rkeznek a kis h\u00f3pih\u00e9k milli\u00f3i, \u00e9s ne legyen t\u00f6bb\u00e9 kih\u00edv\u00e1s, ha ki kell mozdulnod otthonr\u00f3l, amikor vastag h\u00f3r\u00e9teg lep mindent! Mindenk\u00e9pp lapuljon a szekr\u00e9nyedben ehhez az id\u0151j\u00e1r\u00e1shoz alkalmas l\u00e1bbeli. 2026\" \/>\n<meta name=\"robots\" content=\"index, follow, max-snippet:-1, max-image-preview:large, max-video-preview:-1\" \/>\n<link rel=\"canonical\" href=\"https:\/\/blog.ccc.eu\/hu\/elvezd-a-telet-es-taposd-a-havat\/\" \/>\n<meta property=\"og:locale\" content=\"hu_HU\" \/>\n<meta property=\"og:type\" content=\"article\" \/>\n<meta property=\"og:title\" content=\"\u00c9lvezd a telet, \u00e9s taposd a havat! - CCC Fashion blog\" \/>\n<meta property=\"og:description\" content=\"Ne \u00e9rjen v\u00e1ratlanul, ha b\u00e1rmikor meg\u00e9rkeznek a kis h\u00f3pih\u00e9k milli\u00f3i, \u00e9s ne legyen t\u00f6bb\u00e9 kih\u00edv\u00e1s, ha ki kell mozdulnod otthonr\u00f3l, amikor vastag h\u00f3r\u00e9teg lep mindent! Mindenk\u00e9pp lapuljon a szekr\u00e9nyedben ehhez az id\u0151j\u00e1r\u00e1shoz alkalmas l\u00e1bbeli.\" \/>\n<meta property=\"og:url\" content=\"https:\/\/blog.ccc.eu\/hu\/elvezd-a-telet-es-taposd-a-havat\/\" \/>\n<meta property=\"og:site_name\" content=\"CCC Fashion blog\" \/>\n<meta property=\"article:published_time\" content=\"2022-01-05T13:31:13+00:00\" \/>\n<meta property=\"article:modified_time\" content=\"2022-01-31T09:41:36+00:00\" \/>\n<meta property=\"og:image\" content=\"https:\/\/blog.ccc.eu\/hu\/wp-content\/uploads\/2022\/01\/DSC_2841-1-768x1152-1.jpg\" \/>\n\t<meta property=\"og:image:width\" content=\"768\" \/>\n\t<meta property=\"og:image:height\" content=\"1152\" \/>\n\t<meta property=\"og:image:type\" content=\"image\/jpeg\" \/>\n<meta name=\"author\" content=\"Kriszta Nagy\" \/>\n<meta name=\"twitter:card\" content=\"summary_large_image\" \/>\n<meta name=\"twitter:label1\" content=\"Szerz\u0151:\" \/>\n\t<meta name=\"twitter:data1\" content=\"Kriszta Nagy\" \/>\n\t<meta name=\"twitter:label2\" content=\"Becs\u00fclt olvas\u00e1si id\u0151\" \/>\n\t<meta name=\"twitter:data2\" content=\"4 perc\" \/>\n<script type=\"application\/ld+json\" class=\"yoast-schema-graph\">{\"@context\":\"https:\/\/schema.org\",\"@graph\":[{\"@type\":\"Article\",\"@id\":\"https:\/\/blog.ccc.eu\/hu\/elvezd-a-telet-es-taposd-a-havat\/#article\",\"isPartOf\":{\"@id\":\"https:\/\/blog.ccc.eu\/hu\/elvezd-a-telet-es-taposd-a-havat\/\"},\"author\":{\"name\":\"Kriszta Nagy\",\"@id\":\"https:\/\/blog.ccc.eu\/hu\/#\/schema\/person\/8de18a3d6fb42fec2702e3d14b0086af\"},\"headline\":\"\u00c9lvezd a telet, \u00e9s taposd a havat!\",\"datePublished\":\"2022-01-05T13:31:13+00:00\",\"dateModified\":\"2022-01-31T09:41:36+00:00\",\"mainEntityOfPage\":{\"@id\":\"https:\/\/blog.ccc.eu\/hu\/elvezd-a-telet-es-taposd-a-havat\/\"},\"wordCount\":818,\"commentCount\":0,\"publisher\":{\"@id\":\"https:\/\/blog.ccc.eu\/hu\/#organization\"},\"image\":{\"@id\":\"https:\/\/blog.ccc.eu\/hu\/elvezd-a-telet-es-taposd-a-havat\/#primaryimage\"},\"thumbnailUrl\":\"https:\/\/blog.ccc.eu\/hu\/wp-content\/uploads\/2022\/01\/DSC_2841-1-768x1152-1.jpg\",\"keywords\":[\"CCC\",\"h\u00f3csizma\",\"h\u00f3tapos\u00f3\",\"t\u00e9li csizma\"],\"articleSection\":[\"TRENDEK\"],\"inLanguage\":\"hu\",\"potentialAction\":[{\"@type\":\"CommentAction\",\"name\":\"Comment\",\"target\":[\"https:\/\/blog.ccc.eu\/hu\/elvezd-a-telet-es-taposd-a-havat\/#respond\"]}]},{\"@type\":\"WebPage\",\"@id\":\"https:\/\/blog.ccc.eu\/hu\/elvezd-a-telet-es-taposd-a-havat\/\",\"url\":\"https:\/\/blog.ccc.eu\/hu\/elvezd-a-telet-es-taposd-a-havat\/\",\"name\":\"\u00c9lvezd a telet, \u00e9s taposd a havat! - CCC Fashion blog\",\"isPartOf\":{\"@id\":\"https:\/\/blog.ccc.eu\/hu\/#website\"},\"primaryImageOfPage\":{\"@id\":\"https:\/\/blog.ccc.eu\/hu\/elvezd-a-telet-es-taposd-a-havat\/#primaryimage\"},\"image\":{\"@id\":\"https:\/\/blog.ccc.eu\/hu\/elvezd-a-telet-es-taposd-a-havat\/#primaryimage\"},\"thumbnailUrl\":\"https:\/\/blog.ccc.eu\/hu\/wp-content\/uploads\/2022\/01\/DSC_2841-1-768x1152-1.jpg\",\"datePublished\":\"2022-01-05T13:31:13+00:00\",\"dateModified\":\"2022-01-31T09:41:36+00:00\",\"description\":\"Ne \u00e9rjen v\u00e1ratlanul, ha b\u00e1rmikor meg\u00e9rkeznek a kis h\u00f3pih\u00e9k milli\u00f3i, \u00e9s ne legyen t\u00f6bb\u00e9 kih\u00edv\u00e1s, ha ki kell mozdulnod otthonr\u00f3l, amikor vastag h\u00f3r\u00e9teg lep mindent! Mindenk\u00e9pp lapuljon a szekr\u00e9nyedben ehhez az id\u0151j\u00e1r\u00e1shoz alkalmas l\u00e1bbeli.\",\"breadcrumb\":{\"@id\":\"https:\/\/blog.ccc.eu\/hu\/elvezd-a-telet-es-taposd-a-havat\/#breadcrumb\"},\"inLanguage\":\"hu\",\"potentialAction\":[{\"@type\":\"ReadAction\",\"target\":[\"https:\/\/blog.ccc.eu\/hu\/elvezd-a-telet-es-taposd-a-havat\/\"]}]},{\"@type\":\"ImageObject\",\"inLanguage\":\"hu\",\"@id\":\"https:\/\/blog.ccc.eu\/hu\/elvezd-a-telet-es-taposd-a-havat\/#primaryimage\",\"url\":\"https:\/\/blog.ccc.eu\/hu\/wp-content\/uploads\/2022\/01\/DSC_2841-1-768x1152-1.jpg\",\"contentUrl\":\"https:\/\/blog.ccc.eu\/hu\/wp-content\/uploads\/2022\/01\/DSC_2841-1-768x1152-1.jpg\",\"width\":768,\"height\":1152,\"caption\":\"N\u0151i h\u00f3tapos\u00f3 CCC\"},{\"@type\":\"BreadcrumbList\",\"@id\":\"https:\/\/blog.ccc.eu\/hu\/elvezd-a-telet-es-taposd-a-havat\/#breadcrumb\",\"itemListElement\":[{\"@type\":\"ListItem\",\"position\":1,\"name\":\"Strona g\u0142\u00f3wna\",\"item\":\"https:\/\/blog.ccc.eu\/hu\/\"},{\"@type\":\"ListItem\",\"position\":2,\"name\":\"\u00c9lvezd a telet, \u00e9s taposd a havat!\"}]},{\"@type\":\"WebSite\",\"@id\":\"https:\/\/blog.ccc.eu\/hu\/#website\",\"url\":\"https:\/\/blog.ccc.eu\/hu\/\",\"name\":\"CCC Fashion blog\",\"description\":\"Az \u00d6n helye tele van divatihletekkel\",\"publisher\":{\"@id\":\"https:\/\/blog.ccc.eu\/hu\/#organization\"},\"potentialAction\":[{\"@type\":\"SearchAction\",\"target\":{\"@type\":\"EntryPoint\",\"urlTemplate\":\"https:\/\/blog.ccc.eu\/hu\/?s={search_term_string}\"},\"query-input\":{\"@type\":\"PropertyValueSpecification\",\"valueRequired\":true,\"valueName\":\"search_term_string\"}}],\"inLanguage\":\"hu\"},{\"@type\":\"Organization\",\"@id\":\"https:\/\/blog.ccc.eu\/hu\/#organization\",\"name\":\"CCC S.A.\",\"url\":\"https:\/\/blog.ccc.eu\/hu\/\",\"logo\":{\"@type\":\"ImageObject\",\"inLanguage\":\"hu\",\"@id\":\"https:\/\/blog.ccc.eu\/hu\/#\/schema\/logo\/image\/\",\"url\":\"https:\/\/blog.ccc.eu\/hu\/wp-content\/uploads\/2021\/11\/logo_ccc.png\",\"contentUrl\":\"https:\/\/blog.ccc.eu\/hu\/wp-content\/uploads\/2021\/11\/logo_ccc.png\",\"width\":730,\"height\":270,\"caption\":\"CCC S.A.\"},\"image\":{\"@id\":\"https:\/\/blog.ccc.eu\/hu\/#\/schema\/logo\/image\/\"}},{\"@type\":\"Person\",\"@id\":\"https:\/\/blog.ccc.eu\/hu\/#\/schema\/person\/8de18a3d6fb42fec2702e3d14b0086af\",\"name\":\"Kriszta Nagy\",\"image\":{\"@type\":\"ImageObject\",\"inLanguage\":\"hu\",\"@id\":\"https:\/\/blog.ccc.eu\/hu\/#\/schema\/person\/image\/\",\"url\":\"https:\/\/blog.ccc.eu\/hu\/wp-content\/uploads\/2022\/01\/nagy-kriszta-150x150.jpg\",\"contentUrl\":\"https:\/\/blog.ccc.eu\/hu\/wp-content\/uploads\/2022\/01\/nagy-kriszta-150x150.jpg\",\"caption\":\"Kriszta Nagy\"},\"url\":\"https:\/\/blog.ccc.eu\/hu\/author\/kriszta-nagy\/\"}]}<\/script>\n<!-- \/ Yoast SEO plugin. -->","yoast_head_json":{"title":"\u00c9lvezd a telet, \u00e9s taposd a havat! - CCC Fashion blog","description":"Ne \u00e9rjen v\u00e1ratlanul, ha b\u00e1rmikor meg\u00e9rkeznek a kis h\u00f3pih\u00e9k milli\u00f3i, \u00e9s ne legyen t\u00f6bb\u00e9 kih\u00edv\u00e1s, ha ki kell mozdulnod otthonr\u00f3l, amikor vastag h\u00f3r\u00e9teg lep mindent! Mindenk\u00e9pp lapuljon a szekr\u00e9nyedben ehhez az id\u0151j\u00e1r\u00e1shoz alkalmas l\u00e1bbeli. 2026","robots":{"index":"index","follow":"follow","max-snippet":"max-snippet:-1","max-image-preview":"max-image-preview:large","max-video-preview":"max-video-preview:-1"},"canonical":"https:\/\/blog.ccc.eu\/hu\/elvezd-a-telet-es-taposd-a-havat\/","og_locale":"hu_HU","og_type":"article","og_title":"\u00c9lvezd a telet, \u00e9s taposd a havat! - CCC Fashion blog","og_description":"Ne \u00e9rjen v\u00e1ratlanul, ha b\u00e1rmikor meg\u00e9rkeznek a kis h\u00f3pih\u00e9k milli\u00f3i, \u00e9s ne legyen t\u00f6bb\u00e9 kih\u00edv\u00e1s, ha ki kell mozdulnod otthonr\u00f3l, amikor vastag h\u00f3r\u00e9teg lep mindent! Mindenk\u00e9pp lapuljon a szekr\u00e9nyedben ehhez az id\u0151j\u00e1r\u00e1shoz alkalmas l\u00e1bbeli.","og_url":"https:\/\/blog.ccc.eu\/hu\/elvezd-a-telet-es-taposd-a-havat\/","og_site_name":"CCC Fashion blog","article_published_time":"2022-01-05T13:31:13+00:00","article_modified_time":"2022-01-31T09:41:36+00:00","og_image":[{"width":768,"height":1152,"url":"https:\/\/blog.ccc.eu\/hu\/wp-content\/uploads\/2022\/01\/DSC_2841-1-768x1152-1.jpg","type":"image\/jpeg"}],"author":"Kriszta Nagy","twitter_card":"summary_large_image","twitter_misc":{"Szerz\u0151:":"Kriszta Nagy","Becs\u00fclt olvas\u00e1si id\u0151":"4 perc"},"schema":{"@context":"https:\/\/schema.org","@graph":[{"@type":"Article","@id":"https:\/\/blog.ccc.eu\/hu\/elvezd-a-telet-es-taposd-a-havat\/#article","isPartOf":{"@id":"https:\/\/blog.ccc.eu\/hu\/elvezd-a-telet-es-taposd-a-havat\/"},"author":{"name":"Kriszta Nagy","@id":"https:\/\/blog.ccc.eu\/hu\/#\/schema\/person\/8de18a3d6fb42fec2702e3d14b0086af"},"headline":"\u00c9lvezd a telet, \u00e9s taposd a havat!","datePublished":"2022-01-05T13:31:13+00:00","dateModified":"2022-01-31T09:41:36+00:00","mainEntityOfPage":{"@id":"https:\/\/blog.ccc.eu\/hu\/elvezd-a-telet-es-taposd-a-havat\/"},"wordCount":818,"commentCount":0,"publisher":{"@id":"https:\/\/blog.ccc.eu\/hu\/#organization"},"image":{"@id":"https:\/\/blog.ccc.eu\/hu\/elvezd-a-telet-es-taposd-a-havat\/#primaryimage"},"thumbnailUrl":"https:\/\/blog.ccc.eu\/hu\/wp-content\/uploads\/2022\/01\/DSC_2841-1-768x1152-1.jpg","keywords":["CCC","h\u00f3csizma","h\u00f3tapos\u00f3","t\u00e9li csizma"],"articleSection":["TRENDEK"],"inLanguage":"hu","potentialAction":[{"@type":"CommentAction","name":"Comment","target":["https:\/\/blog.ccc.eu\/hu\/elvezd-a-telet-es-taposd-a-havat\/#respond"]}]},{"@type":"WebPage","@id":"https:\/\/blog.ccc.eu\/hu\/elvezd-a-telet-es-taposd-a-havat\/","url":"https:\/\/blog.ccc.eu\/hu\/elvezd-a-telet-es-taposd-a-havat\/","name":"\u00c9lvezd a telet, \u00e9s taposd a havat! - CCC Fashion blog","isPartOf":{"@id":"https:\/\/blog.ccc.eu\/hu\/#website"},"primaryImageOfPage":{"@id":"https:\/\/blog.ccc.eu\/hu\/elvezd-a-telet-es-taposd-a-havat\/#primaryimage"},"image":{"@id":"https:\/\/blog.ccc.eu\/hu\/elvezd-a-telet-es-taposd-a-havat\/#primaryimage"},"thumbnailUrl":"https:\/\/blog.ccc.eu\/hu\/wp-content\/uploads\/2022\/01\/DSC_2841-1-768x1152-1.jpg","datePublished":"2022-01-05T13:31:13+00:00","dateModified":"2022-01-31T09:41:36+00:00","description":"Ne \u00e9rjen v\u00e1ratlanul, ha b\u00e1rmikor meg\u00e9rkeznek a kis h\u00f3pih\u00e9k milli\u00f3i, \u00e9s ne legyen t\u00f6bb\u00e9 kih\u00edv\u00e1s, ha ki kell mozdulnod otthonr\u00f3l, amikor vastag h\u00f3r\u00e9teg lep mindent! Mindenk\u00e9pp lapuljon a szekr\u00e9nyedben ehhez az id\u0151j\u00e1r\u00e1shoz alkalmas l\u00e1bbeli.","breadcrumb":{"@id":"https:\/\/blog.ccc.eu\/hu\/elvezd-a-telet-es-taposd-a-havat\/#breadcrumb"},"inLanguage":"hu","potentialAction":[{"@type":"ReadAction","target":["https:\/\/blog.ccc.eu\/hu\/elvezd-a-telet-es-taposd-a-havat\/"]}]},{"@type":"ImageObject","inLanguage":"hu","@id":"https:\/\/blog.ccc.eu\/hu\/elvezd-a-telet-es-taposd-a-havat\/#primaryimage","url":"https:\/\/blog.ccc.eu\/hu\/wp-content\/uploads\/2022\/01\/DSC_2841-1-768x1152-1.jpg","contentUrl":"https:\/\/blog.ccc.eu\/hu\/wp-content\/uploads\/2022\/01\/DSC_2841-1-768x1152-1.jpg","width":768,"height":1152,"caption":"N\u0151i h\u00f3tapos\u00f3 CCC"},{"@type":"BreadcrumbList","@id":"https:\/\/blog.ccc.eu\/hu\/elvezd-a-telet-es-taposd-a-havat\/#breadcrumb","itemListElement":[{"@type":"ListItem","position":1,"name":"Strona g\u0142\u00f3wna","item":"https:\/\/blog.ccc.eu\/hu\/"},{"@type":"ListItem","position":2,"name":"\u00c9lvezd a telet, \u00e9s taposd a havat!"}]},{"@type":"WebSite","@id":"https:\/\/blog.ccc.eu\/hu\/#website","url":"https:\/\/blog.ccc.eu\/hu\/","name":"CCC Fashion blog","description":"Az \u00d6n helye tele van divatihletekkel","publisher":{"@id":"https:\/\/blog.ccc.eu\/hu\/#organization"},"potentialAction":[{"@type":"SearchAction","target":{"@type":"EntryPoint","urlTemplate":"https:\/\/blog.ccc.eu\/hu\/?s={search_term_string}"},"query-input":{"@type":"PropertyValueSpecification","valueRequired":true,"valueName":"search_term_string"}}],"inLanguage":"hu"},{"@type":"Organization","@id":"https:\/\/blog.ccc.eu\/hu\/#organization","name":"CCC S.A.","url":"https:\/\/blog.ccc.eu\/hu\/","logo":{"@type":"ImageObject","inLanguage":"hu","@id":"https:\/\/blog.ccc.eu\/hu\/#\/schema\/logo\/image\/","url":"https:\/\/blog.ccc.eu\/hu\/wp-content\/uploads\/2021\/11\/logo_ccc.png","contentUrl":"https:\/\/blog.ccc.eu\/hu\/wp-content\/uploads\/2021\/11\/logo_ccc.png","width":730,"height":270,"caption":"CCC S.A."},"image":{"@id":"https:\/\/blog.ccc.eu\/hu\/#\/schema\/logo\/image\/"}},{"@type":"Person","@id":"https:\/\/blog.ccc.eu\/hu\/#\/schema\/person\/8de18a3d6fb42fec2702e3d14b0086af","name":"Kriszta Nagy","image":{"@type":"ImageObject","inLanguage":"hu","@id":"https:\/\/blog.ccc.eu\/hu\/#\/schema\/person\/image\/","url":"https:\/\/blog.ccc.eu\/hu\/wp-content\/uploads\/2022\/01\/nagy-kriszta-150x150.jpg","contentUrl":"https:\/\/blog.ccc.eu\/hu\/wp-content\/uploads\/2022\/01\/nagy-kriszta-150x150.jpg","caption":"Kriszta Nagy"},"url":"https:\/\/blog.ccc.eu\/hu\/author\/kriszta-nagy\/"}]}},"_links":{"self":[{"href":"https:\/\/blog.ccc.eu\/hu\/wp-json\/wp\/v2\/posts\/4737","targetHints":{"allow":["GET"]}}],"collection":[{"href":"https:\/\/blog.ccc.eu\/hu\/wp-json\/wp\/v2\/posts"}],"about":[{"href":"https:\/\/blog.ccc.eu\/hu\/wp-json\/wp\/v2\/types\/post"}],"author":[{"embeddable":true,"href":"https:\/\/blog.ccc.eu\/hu\/wp-json\/wp\/v2\/users\/5"}],"replies":[{"embeddable":true,"href":"https:\/\/blog.ccc.eu\/hu\/wp-json\/wp\/v2\/comments?post=4737"}],"version-history":[{"count":6,"href":"https:\/\/blog.ccc.eu\/hu\/wp-json\/wp\/v2\/posts\/4737\/revisions"}],"predecessor-version":[{"id":4937,"href":"https:\/\/blog.ccc.eu\/hu\/wp-json\/wp\/v2\/posts\/4737\/revisions\/4937"}],"wp:featuredmedia":[{"embeddable":true,"href":"https:\/\/blog.ccc.eu\/hu\/wp-json\/wp\/v2\/media\/4741"}],"wp:attachment":[{"href":"https:\/\/blog.ccc.eu\/hu\/wp-json\/wp\/v2\/media?parent=4737"}],"wp:term":[{"taxonomy":"category","embeddable":true,"href":"https:\/\/blog.ccc.eu\/hu\/wp-json\/wp\/v2\/categories?post=4737"},{"taxonomy":"post_tag","embeddable":true,"href":"https:\/\/blog.ccc.eu\/hu\/wp-json\/wp\/v2\/tags?post=4737"}],"curies":[{"name":"wp","href":"https:\/\/api.w.org\/{rel}","templated":true}]}}