{"id":4843,"date":"2022-01-18T12:34:00","date_gmt":"2022-01-18T11:34:00","guid":{"rendered":"https:\/\/blog.ccc.eu\/hu\/?p=4843"},"modified":"2022-01-31T10:38:34","modified_gmt":"2022-01-31T09:38:34","slug":"nezd-meg-mi-lesz-a-divat-iden","status":"publish","type":"post","link":"https:\/\/blog.ccc.eu\/hu\/nezd-meg-mi-lesz-a-divat-iden\/","title":{"rendered":"N\u00e9zd meg, mi lesz a divat id\u00e9n! Tavaszi-ny\u00e1ri\u00a0ruhatrendek 2022."},"content":{"rendered":"\n<p><\/p>\n\n\n\n<p><strong>A k\u00f6vetkez\u0151 szezonban igazi sz\u00ednrobban\u00e1s v\u00e1r r\u00e1nk. Az intenz\u00edv sz\u00ednek uralkodnak majd a legdivatosabb st\u00edlusokban.&nbsp;A vibr\u00e1l\u00f3 sz\u00ednek arra \u00f6szt\u00f6n\u00f6znek, hogy l\u00e9pj ki a h\u00e9tk\u00f6znapok sz\u00fcrkes\u00e9g\u00e9b\u0151l!&nbsp;&nbsp;<br><\/strong><\/p>\n\n\n\n<p>A 2022-es tavaszi-ny\u00e1ri trendek&nbsp;igaz\u00e1n&nbsp;meg\u00f6rvendeztetik, rabul ejtik \u00e9s uralj\u00e1k a v\u00e1ros legnagyobb utc\u00e1it. K\u00e9szen \u00e1llsz a tov\u00e1bbi divatfelfedez\u00e9sekre?&nbsp;Akkor figyelj, mert bemutatjuk a k\u00f6vetkez\u0151 szezon&nbsp;legmeghat\u00e1roz\u00f3bb&nbsp;trendjeit.&nbsp;<\/p>\n\n\n\n<figure class=\"wp-block-gallery has-nested-images columns-default is-cropped wp-block-gallery-1 is-layout-flex wp-block-gallery-is-layout-flex\">\n<figure class=\"wp-block-image size-large\"><img loading=\"lazy\" decoding=\"async\" width=\"865\" height=\"1024\" data-id=\"4878\" src=\"https:\/\/blog.ccc.eu\/hu\/wp-content\/uploads\/2022\/01\/210929_badura_0877_eye-1-865x1024.jpg\" alt=\"\" class=\"wp-image-4878\" srcset=\"https:\/\/blog.ccc.eu\/hu\/wp-content\/uploads\/2022\/01\/210929_badura_0877_eye-1-865x1024.jpg 865w, https:\/\/blog.ccc.eu\/hu\/wp-content\/uploads\/2022\/01\/210929_badura_0877_eye-1-253x300.jpg 253w, https:\/\/blog.ccc.eu\/hu\/wp-content\/uploads\/2022\/01\/210929_badura_0877_eye-1-768x909.jpg 768w, https:\/\/blog.ccc.eu\/hu\/wp-content\/uploads\/2022\/01\/210929_badura_0877_eye-1-100x118.jpg 100w, https:\/\/blog.ccc.eu\/hu\/wp-content\/uploads\/2022\/01\/210929_badura_0877_eye-1.jpg 1267w\" sizes=\"auto, (max-width: 865px) 100vw, 865px\" \/><\/figure>\n\n\n\n<figure class=\"wp-block-image size-large\"><img loading=\"lazy\" decoding=\"async\" width=\"741\" height=\"1024\" data-id=\"4875\" src=\"https:\/\/blog.ccc.eu\/hu\/wp-content\/uploads\/2022\/01\/GR_FW2021_3815-741x1024.jpg\" alt=\"\" class=\"wp-image-4875\" srcset=\"https:\/\/blog.ccc.eu\/hu\/wp-content\/uploads\/2022\/01\/GR_FW2021_3815-741x1024.jpg 741w, https:\/\/blog.ccc.eu\/hu\/wp-content\/uploads\/2022\/01\/GR_FW2021_3815-217x300.jpg 217w, https:\/\/blog.ccc.eu\/hu\/wp-content\/uploads\/2022\/01\/GR_FW2021_3815-768x1061.jpg 768w, https:\/\/blog.ccc.eu\/hu\/wp-content\/uploads\/2022\/01\/GR_FW2021_3815-1112x1536.jpg 1112w, https:\/\/blog.ccc.eu\/hu\/wp-content\/uploads\/2022\/01\/GR_FW2021_3815-1482x2048.jpg 1482w, https:\/\/blog.ccc.eu\/hu\/wp-content\/uploads\/2022\/01\/GR_FW2021_3815-100x138.jpg 100w, https:\/\/blog.ccc.eu\/hu\/wp-content\/uploads\/2022\/01\/GR_FW2021_3815.jpg 1494w\" sizes=\"auto, (max-width: 741px) 100vw, 741px\" \/><\/figure>\n<\/figure>\n\n\n\n<h2 class=\"wp-block-heading\" id=\"bamulatosan-intenziv-szinkombinaciok\">B\u00e1mulatosan&nbsp;intenz\u00edv&nbsp;sz\u00ednkombin\u00e1ci\u00f3k&nbsp;&nbsp;<\/h2>\n\n\n\n<p>A j\u00e1rv\u00e1ny id\u0151szaka mindenkit megviselt, ez\u00e9rt a leg\u00fajabb tervez\u0151i kollekci\u00f3kban&nbsp;er\u0151teljes, \u00e9s intenz\u00edv&nbsp;sz\u00edntrend figyelhet\u0151 meg, amely vid\u00e1ms\u00e1got, \u00e9s&nbsp;rem\u00e9nyt k\u00edv\u00e1n adni egy szebb holnaphoz.&nbsp;A vibr\u00e1l\u00f3, er\u0151teljes&nbsp;sz\u00ednekkel egy\u00fctt, a bel\u0151l\u00fck \u00e1rad\u00f3 optimizmus&nbsp;is megjelent a p\u00e1rizsi divath\u00e9tv\u00e9g\u00e9ken.&nbsp;&nbsp;&nbsp;<\/p>\n\n\n\n<p><strong>Lila<\/strong>&nbsp;&#8211; pontosabban &#8222;very-peri&#8221;, a Pantone Institute \u00e1ltal meghirdetett 2022-es \u00e9v sz\u00edne. Ha vannak lila vagy k\u00e9k ruh\u00e1id,&nbsp;de j\u00f3 ideje nem hordtad \u0151ket, akkor most elj\u00f6tt a te id\u0151d! Dobd be \u0151ket egy friss\u00edt\u0151 mos\u00e1sra a szekr\u00e9nyben t\u00f6lt\u00f6tt hossz\u00fa h\u00f3napok ut\u00e1n, \u00e9s \u00e9lvezd, hogy \u00fajra trendi ez az \u00e1rnyalat!&nbsp;\u00dcres a ruhat\u00e1rad? Ne agg\u00f3dj, ebben a gy\u00f6ny\u00f6r\u0171 sz\u00ednben rengeteg kieg\u00e9sz\u00edt\u0151t \u00e9s kieg\u00e9sz\u00edt\u0151t tal\u00e1lsz a boltokban!&nbsp;<\/p>\n\n\n\n<p><strong>Narancs<\/strong>&nbsp;\u2013 2022&nbsp;nyar\u00e1nak abszol\u00fat sl\u00e1gere lesz! A narancs&nbsp;b\u00e1rmely&nbsp;\u00e1rnyalata&nbsp;divatos lesz&nbsp;ebben a szezonban!&nbsp;A&nbsp;Dior \u00e9s Stella McCartney kifut\u00f3in a l\u00e9d\u00fas narancs sz\u00ednei&nbsp;uralkodtak. Ha m\u00e9g nincs a szekr\u00e9nyedben narancss\u00e1rga kab\u00e1t, szoknya, vagy pul\u00f3ver, itt az ideje, hogy&nbsp;beszerezz n\u00e9h\u00e1nyat!&nbsp;<\/p>\n\n\n\n<p><strong>Arany&nbsp;<\/strong>\u2013 ez a sz\u00edn mindig divatos&nbsp;volt \u00e9s lesz, de 2022 tavasz\u00e1n igazi&nbsp;favoritt\u00e1 v\u00e1lik.&nbsp;A nap b\u00e1rmely szak\u00e1ban&nbsp;b\u00e1tran viselheted az&nbsp;aranyat, mostant\u00f3l nem korl\u00e1toz\u00f3dik a megjelen\u00e9se kiz\u00e1r\u00f3lag az&nbsp;est\u00e9lyi ruh\u00e1kra.&nbsp;Csak n\u00e9zd meg a Fendi \u00e1ltal&nbsp;javasolt, arany fodros alkalmi ruh\u00e1kat,&nbsp;\u00e9s&nbsp;arany szetteket,&nbsp;vagy&nbsp;\u2013 Tom Fordhoz hasonl\u00f3an \u2013&nbsp;viselj arany farmert!&nbsp;<\/p>\n\n\n\n<p><strong>Feh\u00e9r<\/strong>&nbsp;\u2013 szint\u00e9n \u00f6r\u00f6k klasszikus,&nbsp;soha nem megy ki a divatb\u00f3l. A 2022-es&nbsp;trendi&nbsp;ny\u00e1ri&nbsp;szettek&nbsp;megjelen\u00e9st a feh\u00e9r&nbsp;sz\u00edn&nbsp;uralja majd. Hordhatsz l\u00e9gies feh\u00e9r ruh\u00e1t, feh\u00e9r nadr\u00e1got \u00e9s legf\u0151k\u00e9ppen&nbsp;koszt\u00fcm\u00f6t, \u00f6lt\u00f6nyt&nbsp;egyar\u00e1nt!&nbsp;A Michael Kors kollekci\u00f3ban egyszer\u0171en fenomen\u00e1lis feh\u00e9r kre\u00e1ci\u00f3kra bukkanhatsz!&nbsp;<\/p>\n\n\n\n<h2 class=\"wp-block-heading\" id=\"tavasszal-uralkodo-mintak\">Tavasszal uralkod\u00f3 mint\u00e1k&nbsp;<\/h2>\n\n\n\n<p>\u00c9rdekel, hogy a ruhat\u00e1radban vannak-e olyan mint\u00e1k, amelyek divatosak lesznek a 2022-es tavaszi-ny\u00e1ri szezonban? Ez nagyon val\u00f3sz\u00edn\u0171, mert&nbsp;a&nbsp;tavaszi&nbsp;trend igaz\u00e1n&nbsp;id\u0151tlen&nbsp;diz\u00e1jnnal&nbsp;\u00f6rvendezteti meg&nbsp;a divatrajong\u00f3kat.&nbsp;<\/p>\n\n\n\n<p><strong>Gingham&nbsp;minta&nbsp;<\/strong>&#8211; m\u00e1s n\u00e9ven&nbsp;<strong>Vichy&nbsp;kocka<\/strong>. A Vichy&nbsp;kock\u00e1s kab\u00e1tot&nbsp;Audrey Hepburn \u00e9s Brigitte Bardot, a nagy divatikonok viselt\u00e9k&nbsp;el\u0151sz\u00f6r,&nbsp;a minta pedig \u00fagy t\u0171nik \u00f6r\u00f6kre ott ragadt a divatban.&nbsp;Ebben az \u00e9vben az apr\u00f3 sz\u00fcrke, fekete, feh\u00e9r kock\u00e1s&nbsp;Gingham&nbsp;minta&nbsp;megtal\u00e1lhat\u00f3&nbsp;lesz&nbsp;ruh\u00e1kon, szokny\u00e1kon, nadr\u00e1gokon \u00e9s kab\u00e1tokon&nbsp;is. Ebben a szezonban Carolina Herrera \u00e9s Michael Kors&nbsp;is a kock\u00e1s kre\u00e1ci\u00f3k mellett d\u00f6nt\u00f6tt, az \u00faj kollekci\u00f3k szab\u00e1svonalai&nbsp;pedig az 1950-es \u00e9vek divatj\u00e1t id\u00e9zik.&nbsp;<\/p>\n\n\n\n<p><strong>Retro cs\u00edkok&nbsp;&#8211;<\/strong>&nbsp;A tavaszi 2022-es megjelen\u00e9s b\u0151velkedik sz\u00ednes, vil\u00e1gos&nbsp;cs\u00edkokban. A Balmain \u00e9s a Fendi kollekci\u00f3iban t\u00f6bbsz\u00edn\u0171 cs\u00edkokat l\u00e1thatunk, sz\u00e9leseket&nbsp;\u00e9s keskenyeket&nbsp;egyar\u00e1nt. A cs\u00edkok retro st\u00edlus\u00faak, \u00e9s semmi k\u00f6z\u00fck a tengeri trendhez.&nbsp;&nbsp;<\/p>\n\n\n\n<figure class=\"wp-block-gallery has-nested-images columns-default is-cropped wp-block-gallery-2 is-layout-flex wp-block-gallery-is-layout-flex\">\n<figure class=\"wp-block-image size-large\"><img loading=\"lazy\" decoding=\"async\" width=\"683\" height=\"1024\" data-id=\"4876\" src=\"https:\/\/blog.ccc.eu\/hu\/wp-content\/uploads\/2022\/01\/DSCF0596-683x1024.jpg\" alt=\"\" class=\"wp-image-4876\" srcset=\"https:\/\/blog.ccc.eu\/hu\/wp-content\/uploads\/2022\/01\/DSCF0596-683x1024.jpg 683w, https:\/\/blog.ccc.eu\/hu\/wp-content\/uploads\/2022\/01\/DSCF0596-200x300.jpg 200w, https:\/\/blog.ccc.eu\/hu\/wp-content\/uploads\/2022\/01\/DSCF0596-768x1152.jpg 768w, https:\/\/blog.ccc.eu\/hu\/wp-content\/uploads\/2022\/01\/DSCF0596-1024x1536.jpg 1024w, https:\/\/blog.ccc.eu\/hu\/wp-content\/uploads\/2022\/01\/DSCF0596-1365x2048.jpg 1365w, https:\/\/blog.ccc.eu\/hu\/wp-content\/uploads\/2022\/01\/DSCF0596-100x150.jpg 100w, https:\/\/blog.ccc.eu\/hu\/wp-content\/uploads\/2022\/01\/DSCF0596-scaled.jpg 1707w\" sizes=\"auto, (max-width: 683px) 100vw, 683px\" \/><\/figure>\n\n\n\n<figure class=\"wp-block-image size-large\"><img loading=\"lazy\" decoding=\"async\" width=\"807\" height=\"1024\" data-id=\"4873\" src=\"https:\/\/blog.ccc.eu\/hu\/wp-content\/uploads\/2022\/01\/GR_LB_AW21_2065-807x1024.jpg\" alt=\"\" class=\"wp-image-4873\" srcset=\"https:\/\/blog.ccc.eu\/hu\/wp-content\/uploads\/2022\/01\/GR_LB_AW21_2065-807x1024.jpg 807w, https:\/\/blog.ccc.eu\/hu\/wp-content\/uploads\/2022\/01\/GR_LB_AW21_2065-237x300.jpg 237w, https:\/\/blog.ccc.eu\/hu\/wp-content\/uploads\/2022\/01\/GR_LB_AW21_2065-768x974.jpg 768w, https:\/\/blog.ccc.eu\/hu\/wp-content\/uploads\/2022\/01\/GR_LB_AW21_2065-1211x1536.jpg 1211w, https:\/\/blog.ccc.eu\/hu\/wp-content\/uploads\/2022\/01\/GR_LB_AW21_2065-100x127.jpg 100w, https:\/\/blog.ccc.eu\/hu\/wp-content\/uploads\/2022\/01\/GR_LB_AW21_2065.jpg 1380w\" sizes=\"auto, (max-width: 807px) 100vw, 807px\" \/><\/figure>\n<\/figure>\n\n\n\n<h2 class=\"wp-block-heading\" id=\"ruhak-mi-legyen-a-ruhataradban-2022-ben\">Ruh\u00e1k \u2013 mi legyen a ruhat\u00e1radban 2022-ben?&nbsp;<\/h2>\n\n\n\n<p>A divat&nbsp;k\u00f6rforg\u00e1sa \u00f6r\u00f6k \u2013 szeret visszany\u00falni kor\u00e1bban m\u00e1r j\u00f3l bev\u00e1lt st\u00edlusokhoz, \u00e1m mikor visszat\u00e9r valami a divatba, mindig csak a gy\u00f6kerek azonosak, az aktualit\u00e1s pedig&nbsp;egy teljesen \u00faj, felfriss\u00edtett&nbsp;v\u00e1ltozat. A&nbsp;2022-es divat tele lesz j\u00f3l ismert ruhat\u00edpusokkal, amelyeket \u00fajra felfedezhetsz!&nbsp;&nbsp;<\/p>\n\n\n\n<p><strong>Ballonkab\u00e1t<\/strong>&nbsp;&#8211; val\u00f3sz\u00edn\u0171leg az egyik legh\u00edresebb \u00e9s legid\u0151t\u00e1ll\u00f3bb fels\u0151ruh\u00e1zat, amely&nbsp;mindig divatos, a&nbsp;k\u00f6vetkez\u0151 szezonban&nbsp;azonban igazi renesz\u00e1nsz\u00e1t \u00e9li majd.&nbsp;A klasszikus b\u00e9zs sz\u00edn\u0171&nbsp;ballonkab\u00e1t ott volt&nbsp;a Burberry bemutat\u00f3kon, valamint Alexander McQueen kollekci\u00f3j\u00e1ban&nbsp;is. A 2022-es tavaszi-ny\u00e1ri szezonban a testhez simul\u00f3, \u00e9s a b\u0151vebb fazon\u00fa&nbsp;ballonok,&nbsp;de&nbsp;m\u00e9g a klasszikus&nbsp;ballonkab\u00e1tnak t\u0171n\u0151 ingruh\u00e1k is&nbsp;roppant divatosak lesznek.&nbsp;<\/p>\n\n\n\n<p><strong>\u00d6lt\u00f6ny\u00f6k, koszt\u00fcm\u00f6k<\/strong>&nbsp;\u2013&nbsp;ism\u00e9t visszat\u00e9rnek a nagymama gardr\u00f3bj\u00e1b\u00f3l a rivaldaf\u00e9nybe. Kicsit leporolva, de a 60-as \u00e9vek hangulat\u00e1ban l\u00e1thatjuk \u0151ket viszont, hiszen a&nbsp;Dior \u00e9s Albert Ferretti&nbsp;kifut\u00f3in is ott voltak.&nbsp;A st\u00edlusok k\u00f6zt b\u00e1rki megtal\u00e1lhatja a neki legink\u00e1bb tetsz\u0151t, hiszen a sz\u00e9les hajt\u00f3k\u00e1k, sz\u00f6vetgombok, testhez\u00e1ll\u00f3 vagy t\u00falm\u00e9retezett szab\u00e1sok&nbsp;egyar\u00e1nt nagyon trendik lesznek id\u00e9n tavasszal.&nbsp;&nbsp;<\/p>\n\n\n\n<p><strong>Retro pul\u00f3verek<\/strong>&nbsp;&#8211; a Michael Kors kollekci\u00f3 finom&nbsp;\u00e9s kellemesen szabott pul\u00f3verei, a kis gombokkal, \u00e9s a gy\u00f6ny\u00f6r\u0171 pasztellsz\u00edneikkel eg\u00e9szen levettek minket a l\u00e1bunkr\u00f3l. Visz\u2019l\u00e1t oversize pulcsik! V\u00e9gre!&nbsp;&nbsp;<\/p>\n\n\n\n<p><strong>R\u00f6vid&nbsp;topok, \u00e9s fels\u0151k<\/strong>&nbsp;\u2013 a 2022-es tavaszi-ny\u00e1ri szezonban&nbsp;\u00fajra visszat\u00e9rnek a 80-as 90-es \u00e9vekben m\u00e1r megszeretett r\u00f6vidke, fels\u0151k. Ha szeretn\u00e9d megmutatni egy kicsit a tested,&nbsp;itt van a t\u00f6k\u00e9letes szezon arra, hogy ezt divatosan megtehesd! Viselhetsz hozz\u00e1 farmerdzsekit, kardig\u00e1nt, vagy kab\u00e1tot, ahogy a Max Mara,&nbsp;a Moschino, Fendi, vagy Tom Ford modelljei.&nbsp;&nbsp;<\/p>\n\n\n\n<p><strong>Mikromini<\/strong>&nbsp;\u2013&nbsp;a trendalkot\u00e1s sor\u00e1n szinte k\u00f6telez\u0151 elem a&nbsp;miniszoknya, amely id\u00e9n, mint egy bumer\u00e1ng t\u00e9r vissza, nem is ak\u00e1rhogyan!&nbsp;Ebben a szezonban a mikromini a legdivatosabb, amely&nbsp;k\u00f6zvetlen\u00fcl a fen\u00e9k&nbsp;alatt&nbsp;v\u00e9gz\u0151dik, \u00e9s&nbsp;t\u00f6k\u00e9letesen megmutatja a l\u00e1bat.&nbsp; A szuperdivatos miniszokny\u00e1k a Prada, a Chanel, a Dior \u00e9s a Versace bemutat\u00f3kon&nbsp;is megvillantak. Ha ez a trend t\u00fals\u00e1gosan&nbsp;mer\u00e9sznek t\u0171nik&nbsp;sz\u00e1modra, akkor felvid\u00edtunk! P\u00e1rizsban, a divath\u00e9ten a divatdikt\u00e1torok nadr\u00e1ggal kombin\u00e1lt miniszokny\u00e1kat&nbsp;viseltek. A ny\u00e1ri divat tele lesz mikrominivel!&nbsp;&nbsp;<\/p>\n\n\n\n<p><strong>Mell\u00e9ny<\/strong>&nbsp;&#8211; m\u00e1r sokszor visszat\u00e9rt a&nbsp;kedvencek k\u00f6z\u00e9, h\u00e1t most \u00fajra felfedezz\u00fck.&nbsp;A&nbsp;2022-es tavaszi-ny\u00e1ri trendek egy&nbsp;testhez simul\u00f3&nbsp;\u00f6lt\u00f6nymell\u00e9nyt h\u00faznak&nbsp;el\u0151&nbsp;a gardr\u00f3bb\u00f3l, amit k\u00f6zvetlen\u00fcl a feh\u00e9rnem\u0171re vagy a meztelen testeden viselhetsz.&nbsp;<\/p>\n\n\n\n<h2 class=\"wp-block-heading\" id=\"milyen-anyagokbol-keszulnek-2022-legdivatosabb-ruhai\">Milyen anyagokb\u00f3l k\u00e9sz\u00fclnek 2022 legdivatosabb ruh\u00e1i?&nbsp;<\/h2>\n\n\n\n<p>A st\u00edlusod \u00e9s megjelen\u00e9sed&nbsp;sikere att\u00f3l&nbsp;is&nbsp;f\u00fcgg, hogy mib\u0151l k\u00e9sz\u00fclt a ruh\u00e1d.&nbsp;Ugye, hogy egy&nbsp;klasszikus fekete&nbsp;pamut garb\u00f3 teljesen m\u00e1sk\u00e9pp n\u00e9z ki, mint a fekete guipure, h\u00edmzett csipke garb\u00f3? N\u00e9zz\u00fck is, milyen&nbsp;sz\u00f6vetek&nbsp;fognak uralkodni 2022-ben!&nbsp;<\/p>\n\n\n\n<p><strong>F\u00e9nyes, \u00e9s csillog\u00f3 textilek<\/strong>&nbsp;\u2013 a f\u00e9ny nem hagy el minket!&nbsp;A Fendi \u00e9s az Alexander McQueen&nbsp;sejtelmesen \u00e1ttetsz\u0151, f\u00e9nyes anyagokat&nbsp;v\u00e1lasztott&nbsp;a bl\u00fazok \u00e9s ingek sz\u00e1m\u00e1ra. A leg\u00e9rdekesebbek az \u00e1ttetsz\u0151 szokny\u00e1k lesznek, amelyeket szabott r\u00f6vidnadr\u00e1ggal vagy motorosnadr\u00e1ggal lehet kombin\u00e1lni.&nbsp;<\/p>\n\n\n\n<p><strong>Hangulatos sz\u00f6vetek<\/strong>&nbsp;&#8211; sok pl\u00fcss, sz\u0151rme \u00e9s bolyhos&nbsp;anyag!&nbsp;A textur\u00e1lt kre\u00e1ci\u00f3k tov\u00e1bbra is divatosak lesznek, \u00e9s reggelt\u0151l estig viselni fogjuk \u0151ket. Amellett, hogy az ilyen ruh\u00e1k visel\u00e9se \u00f6r\u00f6met okoz, \u00e9lvezhetj\u00fck a gy\u00f6ny\u00f6r\u0171 \u00e9s egyedi kialak\u00edt\u00e1st, \u00e9s diz\u00e1jnt.&nbsp;&nbsp;<\/p>\n\n\n\n<p><strong>Horgolt&nbsp;anyagok&nbsp;<\/strong>\u2013 vagyis&nbsp;\u00fajra divatba j\u00f6tt a k\u00e9zimunka!&nbsp;Hogyan&nbsp;fogjuk viselni? A horgol\u00e1ssal kapcsolatos h\u00edrek szerint a k\u00f6t\u00f6tt fels\u0151k \u00e9s m\u00e1s anyagokkal kombin\u00e1lt ruhadarabok lesznek divatosak.&nbsp;Hordhatod a&nbsp;k\u00e9sz\u00edtett fels\u0151ket vir\u00e1gos ruh\u00e1k f\u00f6l\u00f6tt, vagy v\u00e1laszthatod csak \u00fagy a p\u0151re testeden is, ha el\u00e9g mer\u00e9sz vagy hozz\u00e1.&nbsp;&nbsp;<\/p>\n\n\n\n<p>Olvass minket, \u00e9s legy\u00e9l naprak\u00e9sz a leg\u00fajabb divatir\u00e1nyzatokkal kapcsolatban. Tarts l\u00e9p\u00e9st a trendekkel CCC cip\u0151kben, amelyeket megv\u00e1s\u00e1rolhatsz\u00a0<a href=\"https:\/\/ccc.eu\/hu\/sklepy\" target=\"_blank\" rel=\"noreferrer noopener\">\u00fczleteinkben<\/a>, vagy n\u00e9h\u00e1ny kattint\u00e1ssal a\u00a0<a href=\"https:\/\/ccc.eu\/hu\/mobile-app\" target=\"_blank\" rel=\"noreferrer noopener\">mobil alkalmaz\u00e1sunk<\/a>\u00a0seg\u00edts\u00e9g\u00e9vel.\u00a0<a href=\"https:\/\/www.facebook.com\/CCC.Hungary\/\" target=\"_blank\" rel=\"noreferrer noopener\">Facebookon<\/a>\u00a0\u00e9s\u00a0<a href=\"https:\/\/instagram.com\/cccshoesbags\">Instagramon<\/a>\u00a0pedig rendszeresen van k\u00e9p\u00fcnk meg is mutatni a legdivatosabb cip\u0151ket!\u00a0K\u00f6vess minket ott is!\u00a0<\/p>\n","protected":false},"excerpt":{"rendered":"<p>A k\u00f6vetkez\u0151 szezonban igazi sz\u00ednrobban\u00e1s v\u00e1r r\u00e1nk. Az intenz\u00edv sz\u00ednek uralkodnak majd a legdivatosabb st\u00edlusokban.&nbsp;A vibr\u00e1l\u00f3 sz\u00ednek arra \u00f6szt\u00f6n\u00f6znek, hogy l\u00e9pj ki a h\u00e9tk\u00f6znapok sz\u00fcrkes\u00e9g\u00e9b\u0151l!&nbsp;&nbsp; A 2022-es tavaszi-ny\u00e1ri trendek&nbsp;igaz\u00e1n&nbsp;meg\u00f6rvendeztetik, rabul ejtik \u00e9s uralj\u00e1k a v\u00e1ros legnagyobb utc\u00e1it. K\u00e9szen \u00e1llsz a tov\u00e1bbi divatfelfedez\u00e9sekre?&nbsp;Akkor figyelj, mert bemutatjuk a k\u00f6vetkez\u0151 szezon&nbsp;legmeghat\u00e1roz\u00f3bb&nbsp;trendjeit.&nbsp; B\u00e1mulatosan&nbsp;intenz\u00edv&nbsp;sz\u00ednkombin\u00e1ci\u00f3k&nbsp;&nbsp; A j\u00e1rv\u00e1ny id\u0151szaka mindenkit megviselt, ez\u00e9rt [&hellip;]<\/p>\n","protected":false},"author":5,"featured_media":4878,"comment_status":"open","ping_status":"open","sticky":false,"template":"","format":"standard","meta":{"_acf_changed":false,"footnotes":""},"categories":[6],"tags":[654,624,655,663,653],"class_list":["post-4843","post","type-post","status-publish","format-standard","has-post-thumbnail","hentry","category-trendek","tag-2022-trend","tag-divat","tag-nyari-divat","tag-ruha","tag-tavaszi-divat"],"acf":[],"yoast_head":"<!-- This site is optimized with the Yoast SEO plugin v26.9 - https:\/\/yoast.com\/product\/yoast-seo-wordpress\/ -->\n<title>N\u00e9zd meg, mi lesz a divat id\u00e9n! Tavaszi-ny\u00e1ri\u00a0ruhatrendek 2022. - CCC Fashion blog<\/title>\n<meta name=\"description\" content=\"Tavasszal egy teljesen \u00faj v\u00e1ltozatban t\u00e9r\u00a0vissza\u00a0a divat\u00a0az ikonikus\u00a0koszt\u00fcm\u00f6kh\u00f6z, miniszokny\u00e1khoz vagy a klasszikus\u00a0ballonkab\u00e1thoz.\u00a0 2026\" \/>\n<meta name=\"robots\" content=\"index, follow, max-snippet:-1, max-image-preview:large, max-video-preview:-1\" \/>\n<link rel=\"canonical\" href=\"https:\/\/blog.ccc.eu\/hu\/nezd-meg-mi-lesz-a-divat-iden\/\" \/>\n<meta property=\"og:locale\" content=\"hu_HU\" \/>\n<meta property=\"og:type\" content=\"article\" \/>\n<meta property=\"og:title\" content=\"N\u00e9zd meg, mi lesz a divat id\u00e9n! Tavaszi-ny\u00e1ri\u00a0ruhatrendek 2022. - CCC Fashion blog\" \/>\n<meta property=\"og:description\" content=\"Tavasszal egy teljesen \u00faj v\u00e1ltozatban t\u00e9r\u00a0vissza\u00a0a divat\u00a0az ikonikus\u00a0koszt\u00fcm\u00f6kh\u00f6z, miniszokny\u00e1khoz vagy a klasszikus\u00a0ballonkab\u00e1thoz.\u00a0\" \/>\n<meta property=\"og:url\" content=\"https:\/\/blog.ccc.eu\/hu\/nezd-meg-mi-lesz-a-divat-iden\/\" \/>\n<meta property=\"og:site_name\" content=\"CCC Fashion blog\" \/>\n<meta property=\"article:published_time\" content=\"2022-01-18T11:34:00+00:00\" \/>\n<meta property=\"article:modified_time\" content=\"2022-01-31T09:38:34+00:00\" \/>\n<meta property=\"og:image\" content=\"https:\/\/blog.ccc.eu\/hu\/wp-content\/uploads\/2022\/01\/210929_badura_0877_eye-1.jpg\" \/>\n\t<meta property=\"og:image:width\" content=\"1267\" \/>\n\t<meta property=\"og:image:height\" content=\"1500\" \/>\n\t<meta property=\"og:image:type\" content=\"image\/jpeg\" \/>\n<meta name=\"author\" content=\"Kriszta Nagy\" \/>\n<meta name=\"twitter:card\" content=\"summary_large_image\" \/>\n<meta name=\"twitter:label1\" content=\"Szerz\u0151:\" \/>\n\t<meta name=\"twitter:data1\" content=\"Kriszta Nagy\" \/>\n\t<meta name=\"twitter:label2\" content=\"Becs\u00fclt olvas\u00e1si id\u0151\" \/>\n\t<meta name=\"twitter:data2\" content=\"6 perc\" \/>\n<script type=\"application\/ld+json\" class=\"yoast-schema-graph\">{\"@context\":\"https:\/\/schema.org\",\"@graph\":[{\"@type\":\"Article\",\"@id\":\"https:\/\/blog.ccc.eu\/hu\/nezd-meg-mi-lesz-a-divat-iden\/#article\",\"isPartOf\":{\"@id\":\"https:\/\/blog.ccc.eu\/hu\/nezd-meg-mi-lesz-a-divat-iden\/\"},\"author\":{\"name\":\"Kriszta Nagy\",\"@id\":\"https:\/\/blog.ccc.eu\/hu\/#\/schema\/person\/8de18a3d6fb42fec2702e3d14b0086af\"},\"headline\":\"N\u00e9zd meg, mi lesz a divat id\u00e9n! Tavaszi-ny\u00e1ri\u00a0ruhatrendek 2022.\",\"datePublished\":\"2022-01-18T11:34:00+00:00\",\"dateModified\":\"2022-01-31T09:38:34+00:00\",\"mainEntityOfPage\":{\"@id\":\"https:\/\/blog.ccc.eu\/hu\/nezd-meg-mi-lesz-a-divat-iden\/\"},\"wordCount\":1621,\"commentCount\":0,\"publisher\":{\"@id\":\"https:\/\/blog.ccc.eu\/hu\/#organization\"},\"image\":{\"@id\":\"https:\/\/blog.ccc.eu\/hu\/nezd-meg-mi-lesz-a-divat-iden\/#primaryimage\"},\"thumbnailUrl\":\"https:\/\/blog.ccc.eu\/hu\/wp-content\/uploads\/2022\/01\/210929_badura_0877_eye-1.jpg\",\"keywords\":[\"2022 trend\",\"divat\",\"ny\u00e1ri divat\",\"ruha\",\"tavaszi divat\"],\"articleSection\":[\"TRENDEK\"],\"inLanguage\":\"hu\",\"potentialAction\":[{\"@type\":\"CommentAction\",\"name\":\"Comment\",\"target\":[\"https:\/\/blog.ccc.eu\/hu\/nezd-meg-mi-lesz-a-divat-iden\/#respond\"]}]},{\"@type\":\"WebPage\",\"@id\":\"https:\/\/blog.ccc.eu\/hu\/nezd-meg-mi-lesz-a-divat-iden\/\",\"url\":\"https:\/\/blog.ccc.eu\/hu\/nezd-meg-mi-lesz-a-divat-iden\/\",\"name\":\"N\u00e9zd meg, mi lesz a divat id\u00e9n! Tavaszi-ny\u00e1ri\u00a0ruhatrendek 2022. - CCC Fashion blog\",\"isPartOf\":{\"@id\":\"https:\/\/blog.ccc.eu\/hu\/#website\"},\"primaryImageOfPage\":{\"@id\":\"https:\/\/blog.ccc.eu\/hu\/nezd-meg-mi-lesz-a-divat-iden\/#primaryimage\"},\"image\":{\"@id\":\"https:\/\/blog.ccc.eu\/hu\/nezd-meg-mi-lesz-a-divat-iden\/#primaryimage\"},\"thumbnailUrl\":\"https:\/\/blog.ccc.eu\/hu\/wp-content\/uploads\/2022\/01\/210929_badura_0877_eye-1.jpg\",\"datePublished\":\"2022-01-18T11:34:00+00:00\",\"dateModified\":\"2022-01-31T09:38:34+00:00\",\"description\":\"Tavasszal egy teljesen \u00faj v\u00e1ltozatban t\u00e9r\u00a0vissza\u00a0a divat\u00a0az ikonikus\u00a0koszt\u00fcm\u00f6kh\u00f6z, miniszokny\u00e1khoz vagy a klasszikus\u00a0ballonkab\u00e1thoz.\u00a0\",\"breadcrumb\":{\"@id\":\"https:\/\/blog.ccc.eu\/hu\/nezd-meg-mi-lesz-a-divat-iden\/#breadcrumb\"},\"inLanguage\":\"hu\",\"potentialAction\":[{\"@type\":\"ReadAction\",\"target\":[\"https:\/\/blog.ccc.eu\/hu\/nezd-meg-mi-lesz-a-divat-iden\/\"]}]},{\"@type\":\"ImageObject\",\"inLanguage\":\"hu\",\"@id\":\"https:\/\/blog.ccc.eu\/hu\/nezd-meg-mi-lesz-a-divat-iden\/#primaryimage\",\"url\":\"https:\/\/blog.ccc.eu\/hu\/wp-content\/uploads\/2022\/01\/210929_badura_0877_eye-1.jpg\",\"contentUrl\":\"https:\/\/blog.ccc.eu\/hu\/wp-content\/uploads\/2022\/01\/210929_badura_0877_eye-1.jpg\",\"width\":1267,\"height\":1500,\"caption\":\"nezd-meg-mi-lesz-a-divat-iden\"},{\"@type\":\"BreadcrumbList\",\"@id\":\"https:\/\/blog.ccc.eu\/hu\/nezd-meg-mi-lesz-a-divat-iden\/#breadcrumb\",\"itemListElement\":[{\"@type\":\"ListItem\",\"position\":1,\"name\":\"Strona g\u0142\u00f3wna\",\"item\":\"https:\/\/blog.ccc.eu\/hu\/\"},{\"@type\":\"ListItem\",\"position\":2,\"name\":\"N\u00e9zd meg, mi lesz a divat id\u00e9n! Tavaszi-ny\u00e1ri\u00a0ruhatrendek 2022.\"}]},{\"@type\":\"WebSite\",\"@id\":\"https:\/\/blog.ccc.eu\/hu\/#website\",\"url\":\"https:\/\/blog.ccc.eu\/hu\/\",\"name\":\"CCC Fashion blog\",\"description\":\"Az \u00d6n helye tele van divatihletekkel\",\"publisher\":{\"@id\":\"https:\/\/blog.ccc.eu\/hu\/#organization\"},\"potentialAction\":[{\"@type\":\"SearchAction\",\"target\":{\"@type\":\"EntryPoint\",\"urlTemplate\":\"https:\/\/blog.ccc.eu\/hu\/?s={search_term_string}\"},\"query-input\":{\"@type\":\"PropertyValueSpecification\",\"valueRequired\":true,\"valueName\":\"search_term_string\"}}],\"inLanguage\":\"hu\"},{\"@type\":\"Organization\",\"@id\":\"https:\/\/blog.ccc.eu\/hu\/#organization\",\"name\":\"CCC S.A.\",\"url\":\"https:\/\/blog.ccc.eu\/hu\/\",\"logo\":{\"@type\":\"ImageObject\",\"inLanguage\":\"hu\",\"@id\":\"https:\/\/blog.ccc.eu\/hu\/#\/schema\/logo\/image\/\",\"url\":\"https:\/\/blog.ccc.eu\/hu\/wp-content\/uploads\/2021\/11\/logo_ccc.png\",\"contentUrl\":\"https:\/\/blog.ccc.eu\/hu\/wp-content\/uploads\/2021\/11\/logo_ccc.png\",\"width\":730,\"height\":270,\"caption\":\"CCC S.A.\"},\"image\":{\"@id\":\"https:\/\/blog.ccc.eu\/hu\/#\/schema\/logo\/image\/\"}},{\"@type\":\"Person\",\"@id\":\"https:\/\/blog.ccc.eu\/hu\/#\/schema\/person\/8de18a3d6fb42fec2702e3d14b0086af\",\"name\":\"Kriszta Nagy\",\"image\":{\"@type\":\"ImageObject\",\"inLanguage\":\"hu\",\"@id\":\"https:\/\/blog.ccc.eu\/hu\/#\/schema\/person\/image\/\",\"url\":\"https:\/\/blog.ccc.eu\/hu\/wp-content\/uploads\/2022\/01\/nagy-kriszta-150x150.jpg\",\"contentUrl\":\"https:\/\/blog.ccc.eu\/hu\/wp-content\/uploads\/2022\/01\/nagy-kriszta-150x150.jpg\",\"caption\":\"Kriszta Nagy\"},\"url\":\"https:\/\/blog.ccc.eu\/hu\/author\/kriszta-nagy\/\"}]}<\/script>\n<!-- \/ Yoast SEO plugin. -->","yoast_head_json":{"title":"N\u00e9zd meg, mi lesz a divat id\u00e9n! Tavaszi-ny\u00e1ri\u00a0ruhatrendek 2022. - CCC Fashion blog","description":"Tavasszal egy teljesen \u00faj v\u00e1ltozatban t\u00e9r\u00a0vissza\u00a0a divat\u00a0az ikonikus\u00a0koszt\u00fcm\u00f6kh\u00f6z, miniszokny\u00e1khoz vagy a klasszikus\u00a0ballonkab\u00e1thoz.\u00a0 2026","robots":{"index":"index","follow":"follow","max-snippet":"max-snippet:-1","max-image-preview":"max-image-preview:large","max-video-preview":"max-video-preview:-1"},"canonical":"https:\/\/blog.ccc.eu\/hu\/nezd-meg-mi-lesz-a-divat-iden\/","og_locale":"hu_HU","og_type":"article","og_title":"N\u00e9zd meg, mi lesz a divat id\u00e9n! Tavaszi-ny\u00e1ri\u00a0ruhatrendek 2022. - CCC Fashion blog","og_description":"Tavasszal egy teljesen \u00faj v\u00e1ltozatban t\u00e9r\u00a0vissza\u00a0a divat\u00a0az ikonikus\u00a0koszt\u00fcm\u00f6kh\u00f6z, miniszokny\u00e1khoz vagy a klasszikus\u00a0ballonkab\u00e1thoz.\u00a0","og_url":"https:\/\/blog.ccc.eu\/hu\/nezd-meg-mi-lesz-a-divat-iden\/","og_site_name":"CCC Fashion blog","article_published_time":"2022-01-18T11:34:00+00:00","article_modified_time":"2022-01-31T09:38:34+00:00","og_image":[{"width":1267,"height":1500,"url":"https:\/\/blog.ccc.eu\/hu\/wp-content\/uploads\/2022\/01\/210929_badura_0877_eye-1.jpg","type":"image\/jpeg"}],"author":"Kriszta Nagy","twitter_card":"summary_large_image","twitter_misc":{"Szerz\u0151:":"Kriszta Nagy","Becs\u00fclt olvas\u00e1si id\u0151":"6 perc"},"schema":{"@context":"https:\/\/schema.org","@graph":[{"@type":"Article","@id":"https:\/\/blog.ccc.eu\/hu\/nezd-meg-mi-lesz-a-divat-iden\/#article","isPartOf":{"@id":"https:\/\/blog.ccc.eu\/hu\/nezd-meg-mi-lesz-a-divat-iden\/"},"author":{"name":"Kriszta Nagy","@id":"https:\/\/blog.ccc.eu\/hu\/#\/schema\/person\/8de18a3d6fb42fec2702e3d14b0086af"},"headline":"N\u00e9zd meg, mi lesz a divat id\u00e9n! Tavaszi-ny\u00e1ri\u00a0ruhatrendek 2022.","datePublished":"2022-01-18T11:34:00+00:00","dateModified":"2022-01-31T09:38:34+00:00","mainEntityOfPage":{"@id":"https:\/\/blog.ccc.eu\/hu\/nezd-meg-mi-lesz-a-divat-iden\/"},"wordCount":1621,"commentCount":0,"publisher":{"@id":"https:\/\/blog.ccc.eu\/hu\/#organization"},"image":{"@id":"https:\/\/blog.ccc.eu\/hu\/nezd-meg-mi-lesz-a-divat-iden\/#primaryimage"},"thumbnailUrl":"https:\/\/blog.ccc.eu\/hu\/wp-content\/uploads\/2022\/01\/210929_badura_0877_eye-1.jpg","keywords":["2022 trend","divat","ny\u00e1ri divat","ruha","tavaszi divat"],"articleSection":["TRENDEK"],"inLanguage":"hu","potentialAction":[{"@type":"CommentAction","name":"Comment","target":["https:\/\/blog.ccc.eu\/hu\/nezd-meg-mi-lesz-a-divat-iden\/#respond"]}]},{"@type":"WebPage","@id":"https:\/\/blog.ccc.eu\/hu\/nezd-meg-mi-lesz-a-divat-iden\/","url":"https:\/\/blog.ccc.eu\/hu\/nezd-meg-mi-lesz-a-divat-iden\/","name":"N\u00e9zd meg, mi lesz a divat id\u00e9n! Tavaszi-ny\u00e1ri\u00a0ruhatrendek 2022. - CCC Fashion blog","isPartOf":{"@id":"https:\/\/blog.ccc.eu\/hu\/#website"},"primaryImageOfPage":{"@id":"https:\/\/blog.ccc.eu\/hu\/nezd-meg-mi-lesz-a-divat-iden\/#primaryimage"},"image":{"@id":"https:\/\/blog.ccc.eu\/hu\/nezd-meg-mi-lesz-a-divat-iden\/#primaryimage"},"thumbnailUrl":"https:\/\/blog.ccc.eu\/hu\/wp-content\/uploads\/2022\/01\/210929_badura_0877_eye-1.jpg","datePublished":"2022-01-18T11:34:00+00:00","dateModified":"2022-01-31T09:38:34+00:00","description":"Tavasszal egy teljesen \u00faj v\u00e1ltozatban t\u00e9r\u00a0vissza\u00a0a divat\u00a0az ikonikus\u00a0koszt\u00fcm\u00f6kh\u00f6z, miniszokny\u00e1khoz vagy a klasszikus\u00a0ballonkab\u00e1thoz.\u00a0","breadcrumb":{"@id":"https:\/\/blog.ccc.eu\/hu\/nezd-meg-mi-lesz-a-divat-iden\/#breadcrumb"},"inLanguage":"hu","potentialAction":[{"@type":"ReadAction","target":["https:\/\/blog.ccc.eu\/hu\/nezd-meg-mi-lesz-a-divat-iden\/"]}]},{"@type":"ImageObject","inLanguage":"hu","@id":"https:\/\/blog.ccc.eu\/hu\/nezd-meg-mi-lesz-a-divat-iden\/#primaryimage","url":"https:\/\/blog.ccc.eu\/hu\/wp-content\/uploads\/2022\/01\/210929_badura_0877_eye-1.jpg","contentUrl":"https:\/\/blog.ccc.eu\/hu\/wp-content\/uploads\/2022\/01\/210929_badura_0877_eye-1.jpg","width":1267,"height":1500,"caption":"nezd-meg-mi-lesz-a-divat-iden"},{"@type":"BreadcrumbList","@id":"https:\/\/blog.ccc.eu\/hu\/nezd-meg-mi-lesz-a-divat-iden\/#breadcrumb","itemListElement":[{"@type":"ListItem","position":1,"name":"Strona g\u0142\u00f3wna","item":"https:\/\/blog.ccc.eu\/hu\/"},{"@type":"ListItem","position":2,"name":"N\u00e9zd meg, mi lesz a divat id\u00e9n! Tavaszi-ny\u00e1ri\u00a0ruhatrendek 2022."}]},{"@type":"WebSite","@id":"https:\/\/blog.ccc.eu\/hu\/#website","url":"https:\/\/blog.ccc.eu\/hu\/","name":"CCC Fashion blog","description":"Az \u00d6n helye tele van divatihletekkel","publisher":{"@id":"https:\/\/blog.ccc.eu\/hu\/#organization"},"potentialAction":[{"@type":"SearchAction","target":{"@type":"EntryPoint","urlTemplate":"https:\/\/blog.ccc.eu\/hu\/?s={search_term_string}"},"query-input":{"@type":"PropertyValueSpecification","valueRequired":true,"valueName":"search_term_string"}}],"inLanguage":"hu"},{"@type":"Organization","@id":"https:\/\/blog.ccc.eu\/hu\/#organization","name":"CCC S.A.","url":"https:\/\/blog.ccc.eu\/hu\/","logo":{"@type":"ImageObject","inLanguage":"hu","@id":"https:\/\/blog.ccc.eu\/hu\/#\/schema\/logo\/image\/","url":"https:\/\/blog.ccc.eu\/hu\/wp-content\/uploads\/2021\/11\/logo_ccc.png","contentUrl":"https:\/\/blog.ccc.eu\/hu\/wp-content\/uploads\/2021\/11\/logo_ccc.png","width":730,"height":270,"caption":"CCC S.A."},"image":{"@id":"https:\/\/blog.ccc.eu\/hu\/#\/schema\/logo\/image\/"}},{"@type":"Person","@id":"https:\/\/blog.ccc.eu\/hu\/#\/schema\/person\/8de18a3d6fb42fec2702e3d14b0086af","name":"Kriszta Nagy","image":{"@type":"ImageObject","inLanguage":"hu","@id":"https:\/\/blog.ccc.eu\/hu\/#\/schema\/person\/image\/","url":"https:\/\/blog.ccc.eu\/hu\/wp-content\/uploads\/2022\/01\/nagy-kriszta-150x150.jpg","contentUrl":"https:\/\/blog.ccc.eu\/hu\/wp-content\/uploads\/2022\/01\/nagy-kriszta-150x150.jpg","caption":"Kriszta Nagy"},"url":"https:\/\/blog.ccc.eu\/hu\/author\/kriszta-nagy\/"}]}},"_links":{"self":[{"href":"https:\/\/blog.ccc.eu\/hu\/wp-json\/wp\/v2\/posts\/4843","targetHints":{"allow":["GET"]}}],"collection":[{"href":"https:\/\/blog.ccc.eu\/hu\/wp-json\/wp\/v2\/posts"}],"about":[{"href":"https:\/\/blog.ccc.eu\/hu\/wp-json\/wp\/v2\/types\/post"}],"author":[{"embeddable":true,"href":"https:\/\/blog.ccc.eu\/hu\/wp-json\/wp\/v2\/users\/5"}],"replies":[{"embeddable":true,"href":"https:\/\/blog.ccc.eu\/hu\/wp-json\/wp\/v2\/comments?post=4843"}],"version-history":[{"count":4,"href":"https:\/\/blog.ccc.eu\/hu\/wp-json\/wp\/v2\/posts\/4843\/revisions"}],"predecessor-version":[{"id":4927,"href":"https:\/\/blog.ccc.eu\/hu\/wp-json\/wp\/v2\/posts\/4843\/revisions\/4927"}],"wp:featuredmedia":[{"embeddable":true,"href":"https:\/\/blog.ccc.eu\/hu\/wp-json\/wp\/v2\/media\/4878"}],"wp:attachment":[{"href":"https:\/\/blog.ccc.eu\/hu\/wp-json\/wp\/v2\/media?parent=4843"}],"wp:term":[{"taxonomy":"category","embeddable":true,"href":"https:\/\/blog.ccc.eu\/hu\/wp-json\/wp\/v2\/categories?post=4843"},{"taxonomy":"post_tag","embeddable":true,"href":"https:\/\/blog.ccc.eu\/hu\/wp-json\/wp\/v2\/tags?post=4843"}],"curies":[{"name":"wp","href":"https:\/\/api.w.org\/{rel}","templated":true}]}}