{"id":4894,"date":"2022-01-27T13:17:48","date_gmt":"2022-01-27T12:17:48","guid":{"rendered":"https:\/\/blog.ccc.eu\/hu\/?p=4894"},"modified":"2022-01-31T10:36:51","modified_gmt":"2022-01-31T09:36:51","slug":"talald-meg-az-igazit-valentin-napra","status":"publish","type":"post","link":"https:\/\/blog.ccc.eu\/hu\/talald-meg-az-igazit-valentin-napra\/","title":{"rendered":"Tal\u00e1ld meg az igazit Valentin-napra!"},"content":{"rendered":"\n<p><strong>Egy n\u0151 t\u00e1ska n\u00e9lk\u00fcl&nbsp;szinte&nbsp;elk\u00e9pzelhetetlen.&nbsp;&nbsp;A k\u00e9zit\u00e1ska elengedhetetlen kell\u00e9ke egy n\u0151 ruhat\u00e1r\u00e1nak. F\u00fcggetlen\u00fcl a helyzett\u0151l \u00e9s a k\u00f6r\u00fclm\u00e9nyekt\u0151l,&nbsp;egyszer\u0171en&nbsp;sz\u00fcks\u00e9g\u00fcnk van r\u00e1, hogy vel\u00fcnk legyen.&nbsp;&nbsp;<\/strong><\/p>\n\n\n\n<figure class=\"wp-block-gallery has-nested-images columns-default is-cropped wp-block-gallery-1 is-layout-flex wp-block-gallery-is-layout-flex\">\n<figure class=\"wp-block-image size-large\"><img loading=\"lazy\" decoding=\"async\" width=\"1024\" height=\"1002\" data-id=\"4917\" src=\"https:\/\/blog.ccc.eu\/hu\/wp-content\/uploads\/2022\/01\/GR-LBSS22-3326-1024x1002.jpg\" alt=\"\" class=\"wp-image-4917\" srcset=\"https:\/\/blog.ccc.eu\/hu\/wp-content\/uploads\/2022\/01\/GR-LBSS22-3326-1024x1002.jpg 1024w, https:\/\/blog.ccc.eu\/hu\/wp-content\/uploads\/2022\/01\/GR-LBSS22-3326-300x294.jpg 300w, https:\/\/blog.ccc.eu\/hu\/wp-content\/uploads\/2022\/01\/GR-LBSS22-3326-768x752.jpg 768w, https:\/\/blog.ccc.eu\/hu\/wp-content\/uploads\/2022\/01\/GR-LBSS22-3326-1536x1503.jpg 1536w, https:\/\/blog.ccc.eu\/hu\/wp-content\/uploads\/2022\/01\/GR-LBSS22-3326-100x98.jpg 100w, https:\/\/blog.ccc.eu\/hu\/wp-content\/uploads\/2022\/01\/GR-LBSS22-3326.jpg 2048w\" sizes=\"auto, (max-width: 1024px) 100vw, 1024px\" \/><\/figure>\n\n\n\n<figure class=\"wp-block-image size-large\"><img loading=\"lazy\" decoding=\"async\" width=\"841\" height=\"1024\" data-id=\"4916\" src=\"https:\/\/blog.ccc.eu\/hu\/wp-content\/uploads\/2022\/01\/GR-LBSS22-3327-841x1024.jpg\" alt=\"\" class=\"wp-image-4916\" srcset=\"https:\/\/blog.ccc.eu\/hu\/wp-content\/uploads\/2022\/01\/GR-LBSS22-3327-841x1024.jpg 841w, https:\/\/blog.ccc.eu\/hu\/wp-content\/uploads\/2022\/01\/GR-LBSS22-3327-246x300.jpg 246w, https:\/\/blog.ccc.eu\/hu\/wp-content\/uploads\/2022\/01\/GR-LBSS22-3327-768x935.jpg 768w, https:\/\/blog.ccc.eu\/hu\/wp-content\/uploads\/2022\/01\/GR-LBSS22-3327-1262x1536.jpg 1262w, https:\/\/blog.ccc.eu\/hu\/wp-content\/uploads\/2022\/01\/GR-LBSS22-3327-100x122.jpg 100w, https:\/\/blog.ccc.eu\/hu\/wp-content\/uploads\/2022\/01\/GR-LBSS22-3327.jpg 1682w\" sizes=\"auto, (max-width: 841px) 100vw, 841px\" \/><\/figure>\n<\/figure>\n\n\n\n<p>T\u00e1sk\u00e1t gyakorlatilag az \u0151sid\u0151k \u00f3ta haszn\u00e1lunk, tal\u00e1n innen ered az \u00f6szt\u00f6n\u00f6s rajong\u00e1sunk ez ir\u00e1nt a kieg\u00e9sz\u00edt\u0151 ir\u00e1nt. Az els\u0151 emberek ugyanis m\u00e1r akkoriban megalkott\u00e1k a t\u00e1ska \u0151s\u00e9t, egy zs\u00e1k alak\u00fa t\u00e1rgyat, amelyben \u00e9lelmiszert, \u00e9s a sz\u00e1mukra fontos vagyont\u00e1rgyaikat t\u00e1rolt\u00e1k. Akkoriban ugyan m\u00e9g csak a funkcionalit\u00e1s volt fontos a t\u00e1sk\u00e1k eset\u00e9ben, egy id\u0151 ut\u00e1n azonban eljutottunk oda, hogy elkezdt\u00fcnk kiemelt figyelmet ford\u00edtani a t\u00e1ska megjelen\u00e9s\u00e9re, eszt\u00e9tik\u00e1j\u00e1ra is.&nbsp;&nbsp;<\/p>\n\n\n\n<h2 class=\"wp-block-heading\" id=\"a-ruhatar-sztarja-a-kezitaska\"><strong>A ruhat\u00e1r szt\u00e1rja &#8211; a k\u00e9zit\u00e1ska&nbsp;<\/strong><\/h2>\n\n\n\n<p>A gazdagon d\u00edsz\u00edtett t\u00e1sk\u00e1kat el\u0151sz\u00f6r a f\u00e9rfiak viselt\u00e9k, ezzel k\u00f6zvet\u00edtett\u00e9k a k\u00fclvil\u00e1g fel\u00e9&nbsp;t\u00e1rsadalmi st\u00e1tuszukat, \u00e9s csak a 15. sz\u00e1zadban kezdt\u00e9k el a n\u0151k is haszn\u00e1lni a t\u00e1sk\u00e1kat. Az els\u0151, n\u0151k sz\u00e1m\u00e1ra k\u00e9sz\u00fclt modellek apr\u00f3, \u00e9s dekorat\u00edv t\u00e1sk\u00e1k&nbsp;voltak. A k\u00e9zit\u00e1sk\u00e1k&nbsp;igazi vir\u00e1gz\u00e1sa a&nbsp;nagy francia forradalom&nbsp;idej\u00e9re dat\u00e1l\u00f3dik, \u00e9s mondhatjuk, hogy az\u00f3ta is t\u00f6retlen\u00fcl folytat\u00f3dik.&nbsp;&nbsp;<\/p>\n\n\n\n<h2 class=\"wp-block-heading\" id=\"a-noi-kezitaskak-tipusai\"><strong>A n\u0151i k\u00e9zit\u00e1sk\u00e1k t\u00edpusai&nbsp;<\/strong><\/h2>\n\n\n\n<p>Felsorolni is neh\u00e9z, hogy mennyi f\u00e9le t\u00e1ska l\u00e9tezik,&nbsp;a trendeket pedig&nbsp;manaps\u00e1g a vil\u00e1g legnagyobb, kiz\u00e1r\u00f3lag k\u00e9zit\u00e1sk\u00e1kkal foglalkoz\u00f3 divath\u00e1zai hat\u00e1rozz\u00e1k meg, \u00e9s rajtuk m\u00falik, hogy milyen t\u00e1sk\u00e1k lepik el&nbsp;a nagyv\u00e1rosok legn\u00e9pszer\u0171bb utc\u00e1it.&nbsp;&nbsp;<\/p>\n\n\n\n<p>A klasszikus modellek mellett keress\u00fck a sportt\u00e1sk\u00e1kat, az eleg\u00e1ns bor\u00edt\u00e9kt\u00e1sk\u00e1kat, \u00e9s&nbsp;a b\u0151r\u00f6nd\u00f6ket&nbsp;is.&nbsp;Az \u00e9ppen haszn\u00e1lt&nbsp;t\u00e1ska kiv\u00e1laszt\u00e1sakor a praktikus szempontok mellett els\u0151sorban a megjelen\u00e9s&nbsp;vez\u00e9rli a n\u0151ket.&nbsp;Minden n\u0151 ruhat\u00e1r\u00e1ban lennie kell egy klasszikus bev\u00e1s\u00e1rl\u00f3t\u00e1sk\u00e1nak vagy&nbsp;egy nagym\u00e9ret\u0171 shoppernek a munk\u00e1ba j\u00e1r\u00e1shoz,&nbsp;egy kis&nbsp;retik\u00fclnek,&nbsp;a mindennapi haszn\u00e1latra, \u00e9s egy gy\u00f6ny\u00f6r\u0171 bor\u00edt\u00e9kt\u00e1sk\u00e1nak a k\u00fcl\u00f6nleges alkalmakra.&nbsp;&nbsp;<\/p>\n\n\n\n<p>Olyan pillanat nincs, amikor egy n\u0151nek ne j\u00f6nne j\u00f3l egy \u00faj t\u00e1ska, csak azt kell kider\u00edteni, \u00e9ppen milyen t\u00edpus a a sz\u00edve v\u00e1gya. A CCC-ben ugyanis minden t\u00edpusb\u00f3l b\u0151ven van v\u00e1laszt\u00e9k, ha tudod, mit keresel.&nbsp;&nbsp;<\/p>\n\n\n\n<h2 class=\"wp-block-heading\" id=\"ismerd-meg-a-legnepszerubb-noi-taska-tipusokat\"><strong>Ismerd meg a legn\u00e9pszer\u0171bb n\u0151i t\u00e1ska t\u00edpusokat!&nbsp;<\/strong><\/h2>\n\n\n\n<p><strong>Post\u00e1s- vagy fut\u00e1rt\u00e1ska<\/strong>&nbsp;&#8211;&nbsp;Nev\u00e9t a postai dolgoz\u00f3k \u00e1ltal viselt t\u00e1sk\u00e1khoz&nbsp;val\u00f3 hasonl\u00f3s\u00e1g\u00e1r\u00f3l kapta. A&nbsp;post\u00e1st\u00e1ska&nbsp;egy hossz\u00fa p\u00e1nton l\u00e9v\u0151 kis k\u00e9zit\u00e1ska, amelyet&nbsp;a v\u00e1lladon&nbsp;\u00e1tl\u00f3san&nbsp;\u00e1tvetve hordhatsz. T\u00f6k\u00e9letes a mindennapi \u00f6lt\u00f6zk\u00f6d\u00e9shez, \u00e9s&nbsp;belef\u00e9rnek a legsz\u00fcks\u00e9gesebb dolgok. Lehet t\u00e9glalap alak\u00fa, peremmel,&nbsp;vagy lekerek\u00edtett alj\u00fa.&nbsp;<\/p>\n\n\n\n\n\n\n<p><strong>Nyeregt\u00e1ska<\/strong>&nbsp;&#8211;&nbsp;Ez nem&nbsp;m\u00e1s, mint egy kis f\u00e9lk\u00f6r alak\u00fa, patenttal z\u00e1r\u00f3d\u00f3&nbsp;t\u00e1ska. Az el\u0151bbi&nbsp;\u201epost\u00e1s t\u00e1sk\u00e1val\u201d&nbsp;rokon, mert \u00e1tl\u00f3san hordj\u00e1k egy hossz\u00fa p\u00e1nton. Form\u00e1ja miatt egy kicsit kev\u00e9sb\u00e9 praktikus, mint egy tipikus fut\u00e1rt\u00e1ska, \u00e1m ennek ellen\u00e9re sem veheti el semmi&nbsp;egyedi var\u00e1zs\u00e1t.&nbsp;<\/p>\n\n\n\n\n\n\n<p><strong>Bor\u00edt\u00e9kt\u00e1ska<\/strong>&nbsp;&#8211;&nbsp;Ez egy kis&nbsp;t\u00e1ska, amely bor\u00edt\u00e9knak t\u0171nik. Eredeti kialak\u00edt\u00e1sa&nbsp;idej\u00e9n&nbsp;a t\u00e1ska patentja pontosan \u00fagy n\u00e9zett ki, mint egy klasszikus lev\u00e9lbor\u00edt\u00e9k. A bor\u00edt\u00e9kt\u00e1ska lehet t\u00e9glalap,&nbsp;vagy n\u00e9gyzet alak\u00fa. Az ilyen t\u00edpus\u00fa t\u00e1sk\u00e1kat leggyakrabban k\u00fcl\u00f6nleges alkalmakra \u00e9s eleg\u00e1ns&nbsp;\u00f6lt\u00f6z\u00e9khez hordj\u00e1k, k\u00e9zbe fogva, a h\u00f3nalj alatt, vagy v\u00e1llra akasztva egyar\u00e1nt.&nbsp;<\/p>\n\n\n\n\n\n\n<p><strong>Shopper<\/strong>&nbsp;&#8211;&nbsp;Ez az egyik legn\u00e9pszer\u0171bb k\u00e9zit\u00e1ska, ahogy a neve is mutatja, bev\u00e1s\u00e1rl\u00f3t\u00e1sk\u00e1nak&nbsp;is t\u00f6k\u00e9letes,&nbsp;els\u0151sorban t\u00e1gas m\u00e9rete miatt. A&nbsp;shopperek&nbsp;\u00e1ltal\u00e1ban puha, k\u00f6nny\u0171, \u00e9s funkcion\u00e1lis anyagb\u00f3l k\u00e9sz\u00fclnek. M\u00e9ret\u00e9b\u0151l ad\u00f3d\u00f3an t\u00e9nyleg minden elf\u00e9r benne, amire sz\u00fcks\u00e9g\u00fcnk van. Igen, ez az a&#8221;feneketlen k\u00fat&#8221;&nbsp;&#8211;&nbsp;fajta k\u00e9zit\u00e1ska.&nbsp;<\/p>\n\n\n\n\n\n\n<p><strong>Hordt\u00e1ska<\/strong>&nbsp;\u2013 Na, ez az, amit a n\u0151k im\u00e1dnak! A shopper&nbsp;\u201etestv\u00e9re\u201d, de&nbsp;kicsit&nbsp;magasabb \u00e9s keskenyebb n\u00e1la.&nbsp;Ebbe is rengeteget pakolhatunk, \u00e1ltal\u00e1ban b\u0151rb\u0151l vagy textilb\u0151l k\u00e9sz\u00fclnek \u00e9s egyszer\u0171en t\u00f6k\u00e9letesek a&nbsp;mindennapi haszn\u00e1latra.&nbsp;<\/p>\n\n\n\n<p><strong>Baguette&nbsp;<\/strong>\u2013 Igen, pontosan, mint egy bagett zacsk\u00f3ja. Jelenleg abszol\u00fat sl\u00e1ger a n\u0151i k\u00e9zit\u00e1sk\u00e1k k\u00f6z\u00f6tt. A baguette egy kis hossz\u00fak\u00e1s, ropog\u00f3s keny\u00e9rre eml\u00e9keztet\u0151 t\u00e1ska, amelyet r\u00f6vid foganty\u00faval a v\u00e1llon vagy a h\u00f3naljban hordanak.&nbsp;Sz\u00fclet\u00e9se a 1990-es \u00e9vekre dat\u00e1l\u00f3dik,&nbsp;amelyet most \u00fajra&nbsp;leporoltak \u00e9s visszahoztak a divatba.&nbsp;Ha ilyet veszel egy szuper trendi darabbal leszel gazdagabb.&nbsp;<\/p>\n\n\n\n\n\n\n<p><strong>\u201eCsomagtart\u00f3\u201d<\/strong>&nbsp;&#8211;&nbsp;Eredeti neve orvosi t\u00e1ska, mivel egy tipikus orvosi pakkr\u00f3l&nbsp;mint\u00e1zt\u00e1k. Ez egy kisebb m\u00e9ret\u0171, merev fal\u00fa t\u00e1ska,&nbsp; t\u00e1ska r\u00f6vid foganty\u00faval,&nbsp;alakja pedig egy tipikus fat\u00f6rzsh\u00f6z hasonl\u00edt. Ide\u00e1lis&nbsp;kieg\u00e9sz\u00edt\u0151&nbsp;eleg\u00e1ns, \u00e9s&nbsp;hivatalos&nbsp;megjelen\u00e9shez,&nbsp;valamint egy alkalmi \u00f6lt\u00f6z\u00e9khez is t\u00f6k\u00e9letes v\u00e1laszt\u00e1s lehet.&nbsp;<\/p>\n\n\n\n<p><strong>V\u00f6d\u00f6r, vagy zs\u00e1k<\/strong>&nbsp;\u2013 K\u00f6nnyen felismered akkor is, ha nem vagy egy divatguru, hiszen a tetej\u00e9n zsin\u00f3rral z\u00e1r\u00f3dik, az alja pedig kerek. Puha anyagb\u00f3l, hossz\u00fa v\u00e1llp\u00e1nttal k\u00e9sz\u00fcl, ny\u00e1ri szezonban k\u00fcl\u00f6n\u00f6sen kedvelt darab. Ny\u00e1ri ruh\u00e1khoz t\u00f6k\u00e9letes darab!&nbsp;&nbsp;<\/p>\n\n\n\n<p><strong>\u00d6vt\u00e1ska<\/strong>&nbsp;&nbsp;&#8211;&nbsp;Ez egy kis, vese alak\u00fa&nbsp;t\u00e1ska, amelyet a cs\u00edp\u0151nk\u00f6n hordunk, mint egy \u00f6vet. B\u00e1r eddig&nbsp;legink\u00e1bb&nbsp;a sportos st\u00edlushoz t\u00e1rs\u00edtott\u00e1k, az \u00f6vt\u00e1sk\u00e1k&nbsp;mostan\u00e1ban&nbsp;igazi renesz\u00e1nszukat \u00e9lik. Praktikus, hiszen a legsz\u00fcks\u00e9gesebb dolgok belef\u00e9rnek, ugyanakkor szabadon hagyj\u00e1k mindk\u00e9t kez\u00fcnket. Textilb\u0151l, \u00e9s b\u0151rb\u0151l, d\u00edsz\u00edtett, vagy visszafogottabb, minimalista diz\u00e1jnnal egyar\u00e1nt kaphat\u00f3ak.&nbsp;&nbsp;<\/p>\n\n\n\n\n\n\n<p><strong>H\u00e1tizs\u00e1k<\/strong>&nbsp;\u2013 Persze ne a tipikus t\u00far\u00e1z\u00f3s h\u00e1tizs\u00e1kra gondolj! Ink\u00e1bb egy gy\u00f6ny\u00f6r\u0171,&nbsp;eszt\u00e9tikus,&nbsp;\u00e9s minimalista h\u00e1tizs\u00e1kra, amely egy k\u00e9zit\u00e1sk\u00e1t helyettes\u00edt. Leggyakrabban b\u0151rb\u0151l k\u00e9sz\u00fclt, eleg\u00e1ns d\u00edsz\u00edt\u00e9sekkel. Nagyon k\u00e9nyelmes haszn\u00e1lni, \u00e9s&nbsp;t\u00e9nyleg rengeteg mindent bele lehet pakolni.&nbsp;<\/p>\n\n\n\n\n\n\n<p><strong>Steppelt<\/strong>&nbsp;\u2013 Ez egy hamis\u00edtatlan,&nbsp;esti t\u00e1ska. \u00c1ltal\u00e1ban steppelt anyagb\u00f3l vagy b\u0151rb\u0151l k\u00e9sz\u00fcl. Nagyon j\u00f3l n\u00e9z ki&nbsp;b\u0151r sz\u00edjon,&nbsp;\u00e9s l\u00e1ncon egyar\u00e1nt. Rendk\u00edv\u00fcl eleg\u00e1ns, de nem&nbsp;musz\u00e1j kiz\u00e1r\u00f3lag&nbsp;elb\u0171v\u00f6l\u0151 ruh\u00e1khoz viselned. J\u00f3l illik farmerhez \u00e9s magas sark\u00fa cip\u0151h\u00f6z is.&nbsp;<\/p>\n\n\n\n<p><strong>Sportt\u00e1sk\u00e1k<\/strong>&nbsp;\u2013 A spotos h\u00f6lgyeknek mindenk\u00e9pp sz\u00fcks\u00e9g\u00fck van r\u00e1juk.&nbsp;Merev aljuk \u00e9s oldalaik vannak, hogy min\u00e9l t\u00f6bb t\u00e1rgyat tudjanak t\u00e1rolni. \u00c1ltal\u00e1ban&nbsp;v\u00edzleperget\u0151&nbsp;anyagb\u00f3l&nbsp;k\u00e9sz\u00fcl. Cipelhetj\u00fck benne minden fontos kell\u00e9k\u00fcnket az edz\u0151terembe,&nbsp;vagy egy&nbsp;&nbsp;p\u00e1r napos kiruccan\u00e1sra.&nbsp;<\/p>\n\n\n\n\n\n\n<p><strong>Satchel<\/strong>&nbsp;\u2013 Legink\u00e1bb egy&nbsp;aktat\u00e1sk\u00e1ra hasonl\u00edt. T\u00e9glalap alak\u00fa, meglehet\u0151sen nagy, \u00e9s egy A4-es&nbsp;m\u00e9ret\u0171 dosszi\u00e9 k\u00e9nyelmesen elf\u00e9r benne. R\u00f6vid foganty\u00fa seg\u00edts\u00e9g\u00e9vel, k\u00e9zben tartva hordhat\u00f3, de ak\u00e1r v\u00e1llp\u00e1ntot is csatolhatunk r\u00e1. T\u00f6k\u00e9letes k\u00e9zit\u00e1ska p\u00e9ld\u00e1ul irodai&nbsp;munk\u00e1hoz.&nbsp;<\/p>\n\n\n\n<p><strong>Minaudiere&nbsp;<\/strong>&#8211;&nbsp;Ez egy eleg\u00e1ns kis k\u00e9zit\u00e1ska,&nbsp;szinte m\u00e1r \u00e9kszer a sok kis csillog\u00f3 k\u0151vel, flitterekkel, vagy csill\u00e1mokkal. Tipikus k\u00e9zit\u00e1ska,&nbsp;majdnem csak akkora,mint egy p\u00e9nzt\u00e1rca.&nbsp;T\u00f6bbnyire k\u00e9zben, vagy a csukl\u00f3ra akasztva&nbsp;hordjuk, de vannak v\u00e9kony \u00e9s finom v\u00e1ll-l\u00e1nccal ell\u00e1tott k\u00e9zit\u00e1sk\u00e1k is.&nbsp;<\/p>\n\n\n\n<p>A n\u0151i&nbsp;k\u00e9zit\u00e1sk\u00e1kkal \u00e9s f\u0151leg azok tartalm\u00e1val&nbsp;kapcsolatos m\u00edtoszok \u00e9s legend\u00e1k m\u00e1r \u00e9vek \u00f3ta keringenek. \u00dagy t\u0171nik,&nbsp;val\u00f3ban r\u00e1szolg\u00e1lt ez a kieg\u00e9sz\u00edt\u0151 arra, hogy ilyen hatalmas rajong\u00e1s \u00e9s figyelem vegye k\u00f6r\u00fcl.&nbsp;A k\u00fcl\u00f6nb\u00f6z\u0151 t\u00edpus\u00fa k\u00e9zit\u00e1sk\u00e1k hat\u00e1rozottan&nbsp;megemelik a n\u0151k pulzus\u00e1t,&nbsp;\u00e9s ugyanolyan rajong\u00e1ssal fordulunk fel\u00e9j\u00fck, mint a ruh\u00e1k, vagy a cip\u0151k ir\u00e1nt.&nbsp;&nbsp;<\/p>\n\n\n\n<p>Keresd, \u00e9s tal\u00e1ld\u00a0meg \u00e1lmaid\u00a0t\u00e1sk\u00e1it a CCC-ben a\u00a0<a href=\"https:\/\/ccc.eu\/hu\/taskak\/noi-taskak\/marka:lasocki-jenny_fairy-quazi-deezee-gino_rossi\" target=\"_blank\" rel=\"noreferrer noopener\">Lasocki, Gino Rossi, Jenny Fairy,\u00a0DeeZee vagy Quazi<\/a>\u00a0kollekci\u00f3kban! Aktu\u00e1lis cip\u0151, t\u00e1ska \u00e9s divat trendek\u00e9rt k\u00f6vess minket a\u00a0<a href=\"https:\/\/www.facebook.com\/CCC.Hungary\/\" target=\"_blank\" rel=\"noreferrer noopener\">Facebookon<\/a>\u00a0\u00e9s\u00a0<a href=\"https:\/\/instagram.com\/cccshoesbags\">Instagramon<\/a>\u00a0is! V\u00e1s\u00e1rolj n\u00e1lunk\u00a0<a href=\"https:\/\/ccc.eu\/hu\/sklepy\" target=\"_blank\" rel=\"noreferrer noopener\">a kedvenc \u00fczletedben<\/a>, vagy\u00a0<a href=\"https:\/\/ccc.eu\/hu\/mobile-app\" target=\"_blank\" rel=\"noreferrer noopener\">online<\/a>.\u00a0\u00a0<\/p>\n","protected":false},"excerpt":{"rendered":"<p>Egy n\u0151 t\u00e1ska n\u00e9lk\u00fcl&nbsp;szinte&nbsp;elk\u00e9pzelhetetlen.&nbsp;&nbsp;A k\u00e9zit\u00e1ska elengedhetetlen kell\u00e9ke egy n\u0151 ruhat\u00e1r\u00e1nak. F\u00fcggetlen\u00fcl a helyzett\u0151l \u00e9s a k\u00f6r\u00fclm\u00e9nyekt\u0151l,&nbsp;egyszer\u0171en&nbsp;sz\u00fcks\u00e9g\u00fcnk van r\u00e1, hogy vel\u00fcnk legyen.&nbsp;&nbsp; T\u00e1sk\u00e1t gyakorlatilag az \u0151sid\u0151k \u00f3ta haszn\u00e1lunk, tal\u00e1n innen ered az \u00f6szt\u00f6n\u00f6s rajong\u00e1sunk ez ir\u00e1nt a kieg\u00e9sz\u00edt\u0151 ir\u00e1nt. Az els\u0151 emberek ugyanis m\u00e1r akkoriban megalkott\u00e1k a t\u00e1ska \u0151s\u00e9t, egy zs\u00e1k alak\u00fa t\u00e1rgyat, amelyben \u00e9lelmiszert, \u00e9s [&hellip;]<\/p>\n","protected":false},"author":12,"featured_media":4915,"comment_status":"open","ping_status":"open","sticky":false,"template":"","format":"standard","meta":{"_acf_changed":false,"footnotes":""},"categories":[6],"tags":[672,597,673,671],"class_list":["post-4894","post","type-post","status-publish","format-standard","has-post-thumbnail","hentry","category-trendek","tag-noi-kezitaska","tag-noi-taska","tag-taska-trend","tag-valentin-nap"],"acf":[],"yoast_head":"<!-- This site is optimized with the Yoast SEO plugin v26.9 - https:\/\/yoast.com\/product\/yoast-seo-wordpress\/ -->\n<title>Tal\u00e1ld meg az igazit Valentin-napra! - CCC Fashion blog<\/title>\n<meta name=\"description\" content=\"Aj\u00e1nd\u00e9kba, vagy csak \u00fagy, egy \u00faj k\u00e9zit\u00e1ska biztos siker. M\u00e1r mondjuk is mi\u00e9rt, \u00e9s melyik\u00e9rt rajongunk, mi n\u0151k, igaz\u00e1n. 2026\" \/>\n<meta name=\"robots\" content=\"index, follow, max-snippet:-1, max-image-preview:large, max-video-preview:-1\" \/>\n<link rel=\"canonical\" href=\"https:\/\/blog.ccc.eu\/hu\/talald-meg-az-igazit-valentin-napra\/\" \/>\n<meta property=\"og:locale\" content=\"hu_HU\" \/>\n<meta property=\"og:type\" content=\"article\" \/>\n<meta property=\"og:title\" content=\"Tal\u00e1ld meg az igazit Valentin-napra! - CCC Fashion blog\" \/>\n<meta property=\"og:description\" content=\"Aj\u00e1nd\u00e9kba, vagy csak \u00fagy, egy \u00faj k\u00e9zit\u00e1ska biztos siker. M\u00e1r mondjuk is mi\u00e9rt, \u00e9s melyik\u00e9rt rajongunk, mi n\u0151k, igaz\u00e1n.\" \/>\n<meta property=\"og:url\" content=\"https:\/\/blog.ccc.eu\/hu\/talald-meg-az-igazit-valentin-napra\/\" \/>\n<meta property=\"og:site_name\" content=\"CCC Fashion blog\" \/>\n<meta property=\"article:published_time\" content=\"2022-01-27T12:17:48+00:00\" \/>\n<meta property=\"article:modified_time\" content=\"2022-01-31T09:36:51+00:00\" \/>\n<meta property=\"og:image\" content=\"https:\/\/blog.ccc.eu\/hu\/wp-content\/uploads\/2022\/01\/GR-LBSS22-3303.jpg\" \/>\n\t<meta property=\"og:image:width\" content=\"1343\" \/>\n\t<meta property=\"og:image:height\" content=\"2048\" \/>\n\t<meta property=\"og:image:type\" content=\"image\/jpeg\" \/>\n<meta name=\"author\" content=\"Halassy Marianna\" \/>\n<meta name=\"twitter:card\" content=\"summary_large_image\" \/>\n<meta name=\"twitter:label1\" content=\"Szerz\u0151:\" \/>\n\t<meta name=\"twitter:data1\" content=\"Halassy Marianna\" \/>\n\t<meta name=\"twitter:label2\" content=\"Becs\u00fclt olvas\u00e1si id\u0151\" \/>\n\t<meta name=\"twitter:data2\" content=\"6 perc\" \/>\n<script type=\"application\/ld+json\" class=\"yoast-schema-graph\">{\"@context\":\"https:\/\/schema.org\",\"@graph\":[{\"@type\":\"Article\",\"@id\":\"https:\/\/blog.ccc.eu\/hu\/talald-meg-az-igazit-valentin-napra\/#article\",\"isPartOf\":{\"@id\":\"https:\/\/blog.ccc.eu\/hu\/talald-meg-az-igazit-valentin-napra\/\"},\"author\":{\"name\":\"Halassy Marianna\",\"@id\":\"https:\/\/blog.ccc.eu\/hu\/#\/schema\/person\/81734c8d0655acc57e8e99c594ed5c0e\"},\"headline\":\"Tal\u00e1ld meg az igazit Valentin-napra!\",\"datePublished\":\"2022-01-27T12:17:48+00:00\",\"dateModified\":\"2022-01-31T09:36:51+00:00\",\"mainEntityOfPage\":{\"@id\":\"https:\/\/blog.ccc.eu\/hu\/talald-meg-az-igazit-valentin-napra\/\"},\"wordCount\":1760,\"commentCount\":0,\"publisher\":{\"@id\":\"https:\/\/blog.ccc.eu\/hu\/#organization\"},\"image\":{\"@id\":\"https:\/\/blog.ccc.eu\/hu\/talald-meg-az-igazit-valentin-napra\/#primaryimage\"},\"thumbnailUrl\":\"https:\/\/blog.ccc.eu\/hu\/wp-content\/uploads\/2022\/01\/GR-LBSS22-3303.jpg\",\"keywords\":[\"n\u0151i k\u00e9zit\u00e1ska\",\"n\u0151i t\u00e1ska\",\"t\u00e1ska trend\",\"valentin nap\"],\"articleSection\":[\"TRENDEK\"],\"inLanguage\":\"hu\",\"potentialAction\":[{\"@type\":\"CommentAction\",\"name\":\"Comment\",\"target\":[\"https:\/\/blog.ccc.eu\/hu\/talald-meg-az-igazit-valentin-napra\/#respond\"]}]},{\"@type\":\"WebPage\",\"@id\":\"https:\/\/blog.ccc.eu\/hu\/talald-meg-az-igazit-valentin-napra\/\",\"url\":\"https:\/\/blog.ccc.eu\/hu\/talald-meg-az-igazit-valentin-napra\/\",\"name\":\"Tal\u00e1ld meg az igazit Valentin-napra! - CCC Fashion blog\",\"isPartOf\":{\"@id\":\"https:\/\/blog.ccc.eu\/hu\/#website\"},\"primaryImageOfPage\":{\"@id\":\"https:\/\/blog.ccc.eu\/hu\/talald-meg-az-igazit-valentin-napra\/#primaryimage\"},\"image\":{\"@id\":\"https:\/\/blog.ccc.eu\/hu\/talald-meg-az-igazit-valentin-napra\/#primaryimage\"},\"thumbnailUrl\":\"https:\/\/blog.ccc.eu\/hu\/wp-content\/uploads\/2022\/01\/GR-LBSS22-3303.jpg\",\"datePublished\":\"2022-01-27T12:17:48+00:00\",\"dateModified\":\"2022-01-31T09:36:51+00:00\",\"description\":\"Aj\u00e1nd\u00e9kba, vagy csak \u00fagy, egy \u00faj k\u00e9zit\u00e1ska biztos siker. M\u00e1r mondjuk is mi\u00e9rt, \u00e9s melyik\u00e9rt rajongunk, mi n\u0151k, igaz\u00e1n.\",\"breadcrumb\":{\"@id\":\"https:\/\/blog.ccc.eu\/hu\/talald-meg-az-igazit-valentin-napra\/#breadcrumb\"},\"inLanguage\":\"hu\",\"potentialAction\":[{\"@type\":\"ReadAction\",\"target\":[\"https:\/\/blog.ccc.eu\/hu\/talald-meg-az-igazit-valentin-napra\/\"]}]},{\"@type\":\"ImageObject\",\"inLanguage\":\"hu\",\"@id\":\"https:\/\/blog.ccc.eu\/hu\/talald-meg-az-igazit-valentin-napra\/#primaryimage\",\"url\":\"https:\/\/blog.ccc.eu\/hu\/wp-content\/uploads\/2022\/01\/GR-LBSS22-3303.jpg\",\"contentUrl\":\"https:\/\/blog.ccc.eu\/hu\/wp-content\/uploads\/2022\/01\/GR-LBSS22-3303.jpg\",\"width\":1343,\"height\":2048,\"caption\":\"n\u0151i k\u00e9zit\u00e1sk\u00e1k\"},{\"@type\":\"BreadcrumbList\",\"@id\":\"https:\/\/blog.ccc.eu\/hu\/talald-meg-az-igazit-valentin-napra\/#breadcrumb\",\"itemListElement\":[{\"@type\":\"ListItem\",\"position\":1,\"name\":\"Strona g\u0142\u00f3wna\",\"item\":\"https:\/\/blog.ccc.eu\/hu\/\"},{\"@type\":\"ListItem\",\"position\":2,\"name\":\"Tal\u00e1ld meg az igazit Valentin-napra!\"}]},{\"@type\":\"WebSite\",\"@id\":\"https:\/\/blog.ccc.eu\/hu\/#website\",\"url\":\"https:\/\/blog.ccc.eu\/hu\/\",\"name\":\"CCC Fashion blog\",\"description\":\"Az \u00d6n helye tele van divatihletekkel\",\"publisher\":{\"@id\":\"https:\/\/blog.ccc.eu\/hu\/#organization\"},\"potentialAction\":[{\"@type\":\"SearchAction\",\"target\":{\"@type\":\"EntryPoint\",\"urlTemplate\":\"https:\/\/blog.ccc.eu\/hu\/?s={search_term_string}\"},\"query-input\":{\"@type\":\"PropertyValueSpecification\",\"valueRequired\":true,\"valueName\":\"search_term_string\"}}],\"inLanguage\":\"hu\"},{\"@type\":\"Organization\",\"@id\":\"https:\/\/blog.ccc.eu\/hu\/#organization\",\"name\":\"CCC S.A.\",\"url\":\"https:\/\/blog.ccc.eu\/hu\/\",\"logo\":{\"@type\":\"ImageObject\",\"inLanguage\":\"hu\",\"@id\":\"https:\/\/blog.ccc.eu\/hu\/#\/schema\/logo\/image\/\",\"url\":\"https:\/\/blog.ccc.eu\/hu\/wp-content\/uploads\/2021\/11\/logo_ccc.png\",\"contentUrl\":\"https:\/\/blog.ccc.eu\/hu\/wp-content\/uploads\/2021\/11\/logo_ccc.png\",\"width\":730,\"height\":270,\"caption\":\"CCC S.A.\"},\"image\":{\"@id\":\"https:\/\/blog.ccc.eu\/hu\/#\/schema\/logo\/image\/\"}},{\"@type\":\"Person\",\"@id\":\"https:\/\/blog.ccc.eu\/hu\/#\/schema\/person\/81734c8d0655acc57e8e99c594ed5c0e\",\"name\":\"Halassy Marianna\",\"image\":{\"@type\":\"ImageObject\",\"inLanguage\":\"hu\",\"@id\":\"https:\/\/blog.ccc.eu\/hu\/#\/schema\/person\/image\/\",\"url\":\"https:\/\/blog.ccc.eu\/hu\/wp-content\/uploads\/2022\/08\/admin-ajax-150x150.jpg\",\"contentUrl\":\"https:\/\/blog.ccc.eu\/hu\/wp-content\/uploads\/2022\/08\/admin-ajax-150x150.jpg\",\"caption\":\"Halassy Marianna\"},\"url\":\"https:\/\/blog.ccc.eu\/hu\/author\/marianna-halassy\/\"}]}<\/script>\n<!-- \/ Yoast SEO plugin. -->","yoast_head_json":{"title":"Tal\u00e1ld meg az igazit Valentin-napra! - CCC Fashion blog","description":"Aj\u00e1nd\u00e9kba, vagy csak \u00fagy, egy \u00faj k\u00e9zit\u00e1ska biztos siker. M\u00e1r mondjuk is mi\u00e9rt, \u00e9s melyik\u00e9rt rajongunk, mi n\u0151k, igaz\u00e1n. 2026","robots":{"index":"index","follow":"follow","max-snippet":"max-snippet:-1","max-image-preview":"max-image-preview:large","max-video-preview":"max-video-preview:-1"},"canonical":"https:\/\/blog.ccc.eu\/hu\/talald-meg-az-igazit-valentin-napra\/","og_locale":"hu_HU","og_type":"article","og_title":"Tal\u00e1ld meg az igazit Valentin-napra! - CCC Fashion blog","og_description":"Aj\u00e1nd\u00e9kba, vagy csak \u00fagy, egy \u00faj k\u00e9zit\u00e1ska biztos siker. M\u00e1r mondjuk is mi\u00e9rt, \u00e9s melyik\u00e9rt rajongunk, mi n\u0151k, igaz\u00e1n.","og_url":"https:\/\/blog.ccc.eu\/hu\/talald-meg-az-igazit-valentin-napra\/","og_site_name":"CCC Fashion blog","article_published_time":"2022-01-27T12:17:48+00:00","article_modified_time":"2022-01-31T09:36:51+00:00","og_image":[{"width":1343,"height":2048,"url":"https:\/\/blog.ccc.eu\/hu\/wp-content\/uploads\/2022\/01\/GR-LBSS22-3303.jpg","type":"image\/jpeg"}],"author":"Halassy Marianna","twitter_card":"summary_large_image","twitter_misc":{"Szerz\u0151:":"Halassy Marianna","Becs\u00fclt olvas\u00e1si id\u0151":"6 perc"},"schema":{"@context":"https:\/\/schema.org","@graph":[{"@type":"Article","@id":"https:\/\/blog.ccc.eu\/hu\/talald-meg-az-igazit-valentin-napra\/#article","isPartOf":{"@id":"https:\/\/blog.ccc.eu\/hu\/talald-meg-az-igazit-valentin-napra\/"},"author":{"name":"Halassy Marianna","@id":"https:\/\/blog.ccc.eu\/hu\/#\/schema\/person\/81734c8d0655acc57e8e99c594ed5c0e"},"headline":"Tal\u00e1ld meg az igazit Valentin-napra!","datePublished":"2022-01-27T12:17:48+00:00","dateModified":"2022-01-31T09:36:51+00:00","mainEntityOfPage":{"@id":"https:\/\/blog.ccc.eu\/hu\/talald-meg-az-igazit-valentin-napra\/"},"wordCount":1760,"commentCount":0,"publisher":{"@id":"https:\/\/blog.ccc.eu\/hu\/#organization"},"image":{"@id":"https:\/\/blog.ccc.eu\/hu\/talald-meg-az-igazit-valentin-napra\/#primaryimage"},"thumbnailUrl":"https:\/\/blog.ccc.eu\/hu\/wp-content\/uploads\/2022\/01\/GR-LBSS22-3303.jpg","keywords":["n\u0151i k\u00e9zit\u00e1ska","n\u0151i t\u00e1ska","t\u00e1ska trend","valentin nap"],"articleSection":["TRENDEK"],"inLanguage":"hu","potentialAction":[{"@type":"CommentAction","name":"Comment","target":["https:\/\/blog.ccc.eu\/hu\/talald-meg-az-igazit-valentin-napra\/#respond"]}]},{"@type":"WebPage","@id":"https:\/\/blog.ccc.eu\/hu\/talald-meg-az-igazit-valentin-napra\/","url":"https:\/\/blog.ccc.eu\/hu\/talald-meg-az-igazit-valentin-napra\/","name":"Tal\u00e1ld meg az igazit Valentin-napra! - CCC Fashion blog","isPartOf":{"@id":"https:\/\/blog.ccc.eu\/hu\/#website"},"primaryImageOfPage":{"@id":"https:\/\/blog.ccc.eu\/hu\/talald-meg-az-igazit-valentin-napra\/#primaryimage"},"image":{"@id":"https:\/\/blog.ccc.eu\/hu\/talald-meg-az-igazit-valentin-napra\/#primaryimage"},"thumbnailUrl":"https:\/\/blog.ccc.eu\/hu\/wp-content\/uploads\/2022\/01\/GR-LBSS22-3303.jpg","datePublished":"2022-01-27T12:17:48+00:00","dateModified":"2022-01-31T09:36:51+00:00","description":"Aj\u00e1nd\u00e9kba, vagy csak \u00fagy, egy \u00faj k\u00e9zit\u00e1ska biztos siker. M\u00e1r mondjuk is mi\u00e9rt, \u00e9s melyik\u00e9rt rajongunk, mi n\u0151k, igaz\u00e1n.","breadcrumb":{"@id":"https:\/\/blog.ccc.eu\/hu\/talald-meg-az-igazit-valentin-napra\/#breadcrumb"},"inLanguage":"hu","potentialAction":[{"@type":"ReadAction","target":["https:\/\/blog.ccc.eu\/hu\/talald-meg-az-igazit-valentin-napra\/"]}]},{"@type":"ImageObject","inLanguage":"hu","@id":"https:\/\/blog.ccc.eu\/hu\/talald-meg-az-igazit-valentin-napra\/#primaryimage","url":"https:\/\/blog.ccc.eu\/hu\/wp-content\/uploads\/2022\/01\/GR-LBSS22-3303.jpg","contentUrl":"https:\/\/blog.ccc.eu\/hu\/wp-content\/uploads\/2022\/01\/GR-LBSS22-3303.jpg","width":1343,"height":2048,"caption":"n\u0151i k\u00e9zit\u00e1sk\u00e1k"},{"@type":"BreadcrumbList","@id":"https:\/\/blog.ccc.eu\/hu\/talald-meg-az-igazit-valentin-napra\/#breadcrumb","itemListElement":[{"@type":"ListItem","position":1,"name":"Strona g\u0142\u00f3wna","item":"https:\/\/blog.ccc.eu\/hu\/"},{"@type":"ListItem","position":2,"name":"Tal\u00e1ld meg az igazit Valentin-napra!"}]},{"@type":"WebSite","@id":"https:\/\/blog.ccc.eu\/hu\/#website","url":"https:\/\/blog.ccc.eu\/hu\/","name":"CCC Fashion blog","description":"Az \u00d6n helye tele van divatihletekkel","publisher":{"@id":"https:\/\/blog.ccc.eu\/hu\/#organization"},"potentialAction":[{"@type":"SearchAction","target":{"@type":"EntryPoint","urlTemplate":"https:\/\/blog.ccc.eu\/hu\/?s={search_term_string}"},"query-input":{"@type":"PropertyValueSpecification","valueRequired":true,"valueName":"search_term_string"}}],"inLanguage":"hu"},{"@type":"Organization","@id":"https:\/\/blog.ccc.eu\/hu\/#organization","name":"CCC S.A.","url":"https:\/\/blog.ccc.eu\/hu\/","logo":{"@type":"ImageObject","inLanguage":"hu","@id":"https:\/\/blog.ccc.eu\/hu\/#\/schema\/logo\/image\/","url":"https:\/\/blog.ccc.eu\/hu\/wp-content\/uploads\/2021\/11\/logo_ccc.png","contentUrl":"https:\/\/blog.ccc.eu\/hu\/wp-content\/uploads\/2021\/11\/logo_ccc.png","width":730,"height":270,"caption":"CCC S.A."},"image":{"@id":"https:\/\/blog.ccc.eu\/hu\/#\/schema\/logo\/image\/"}},{"@type":"Person","@id":"https:\/\/blog.ccc.eu\/hu\/#\/schema\/person\/81734c8d0655acc57e8e99c594ed5c0e","name":"Halassy Marianna","image":{"@type":"ImageObject","inLanguage":"hu","@id":"https:\/\/blog.ccc.eu\/hu\/#\/schema\/person\/image\/","url":"https:\/\/blog.ccc.eu\/hu\/wp-content\/uploads\/2022\/08\/admin-ajax-150x150.jpg","contentUrl":"https:\/\/blog.ccc.eu\/hu\/wp-content\/uploads\/2022\/08\/admin-ajax-150x150.jpg","caption":"Halassy Marianna"},"url":"https:\/\/blog.ccc.eu\/hu\/author\/marianna-halassy\/"}]}},"_links":{"self":[{"href":"https:\/\/blog.ccc.eu\/hu\/wp-json\/wp\/v2\/posts\/4894","targetHints":{"allow":["GET"]}}],"collection":[{"href":"https:\/\/blog.ccc.eu\/hu\/wp-json\/wp\/v2\/posts"}],"about":[{"href":"https:\/\/blog.ccc.eu\/hu\/wp-json\/wp\/v2\/types\/post"}],"author":[{"embeddable":true,"href":"https:\/\/blog.ccc.eu\/hu\/wp-json\/wp\/v2\/users\/12"}],"replies":[{"embeddable":true,"href":"https:\/\/blog.ccc.eu\/hu\/wp-json\/wp\/v2\/comments?post=4894"}],"version-history":[{"count":16,"href":"https:\/\/blog.ccc.eu\/hu\/wp-json\/wp\/v2\/posts\/4894\/revisions"}],"predecessor-version":[{"id":4921,"href":"https:\/\/blog.ccc.eu\/hu\/wp-json\/wp\/v2\/posts\/4894\/revisions\/4921"}],"wp:featuredmedia":[{"embeddable":true,"href":"https:\/\/blog.ccc.eu\/hu\/wp-json\/wp\/v2\/media\/4915"}],"wp:attachment":[{"href":"https:\/\/blog.ccc.eu\/hu\/wp-json\/wp\/v2\/media?parent=4894"}],"wp:term":[{"taxonomy":"category","embeddable":true,"href":"https:\/\/blog.ccc.eu\/hu\/wp-json\/wp\/v2\/categories?post=4894"},{"taxonomy":"post_tag","embeddable":true,"href":"https:\/\/blog.ccc.eu\/hu\/wp-json\/wp\/v2\/tags?post=4894"}],"curies":[{"name":"wp","href":"https:\/\/api.w.org\/{rel}","templated":true}]}}