{"id":4990,"date":"2022-02-14T09:21:58","date_gmt":"2022-02-14T08:21:58","guid":{"rendered":"https:\/\/blog.ccc.eu\/hu\/?p=4990"},"modified":"2022-02-14T09:22:38","modified_gmt":"2022-02-14T08:22:38","slug":"regen-minden-jobb-volt","status":"publish","type":"post","link":"https:\/\/blog.ccc.eu\/hu\/regen-minden-jobb-volt\/","title":{"rendered":"R\u00e9gen minden jobb volt?\u00a0\u00a0"},"content":{"rendered":"\n<p><em>Visszat\u00e9r a 80-as \u00e9vek divatja<\/em>&nbsp;<\/p>\n\n\n\n<p><b>Az 1980-as \u00e9vek azok az id\u0151k voltak, amikor a divat egyszer\u0171en \u0151rj\u00edt\u0151 volt. Nem is lehet n\u00e9h\u00e1ny mondattal elint\u00e9zni, hiszen annyira v\u00e1ltozatos, sz\u00ednes, \u00e9s neonosan vibr\u00e1l\u00f3 lett, mint addig m\u00e9g soha.&nbsp;&nbsp;<\/b><\/p>\n\n\n\n<p>Ha a 80-as \u00e9vek retr\u00f3 divatj\u00e1r\u00f3l neked is Madonna extravag\u00e1ns, neonsz\u00ednekben ragyog\u00f3 \u00f6lt\u00f6z\u00e9kei, vagy Dieter Bohlen joggingja jut eszedbe, esetleg a t\u00falm\u00e9retezett, \u00e9s hatalmas v\u00e1llt\u00f6m\u00e9sekkel ell\u00e1tott bl\u00e9zerek, akkor m\u00e1r nagyon k\u00f6zel j\u00e1rsz az idei divathoz. A 2022-es trendeket ugyanis s\u0171r\u0171n \u00e1tsz\u00f6vi a retr\u00f3 divat hangulata, sz\u00f3val ha szeretted, vagy anyuk\u00e1d tin\u00e9dzserkori fot\u00f3in leny\u0171g\u00f6zve n\u00e9zegetted a rik\u00edt\u00f3 sz\u00edn\u0171 ruh\u00e1kat, \u00e9s hajp\u00e1ntokat, esetleg od\u00e1ig volt\u00e1l Olivia Newton John testhez\u00e1ll\u00f3 latex cuccai\u00e9rt, \u00e9s a vag\u00e1ny b\u0151rdzsekik\u00e9rt, akkor most elj\u00f6tt a te id\u0151d!&nbsp;<\/p>\n\n\n\n<figure class=\"wp-block-gallery has-nested-images columns-default is-cropped wp-block-gallery-1 is-layout-flex wp-block-gallery-is-layout-flex\">\n<figure class=\"wp-block-image size-large\"><img loading=\"lazy\" decoding=\"async\" width=\"765\" height=\"1020\" data-id=\"4994\" src=\"https:\/\/blog.ccc.eu\/hu\/wp-content\/uploads\/2022\/02\/Shot_04_022_V7_PORTRAIT.jpg\" alt=\"\" class=\"wp-image-4994\" srcset=\"https:\/\/blog.ccc.eu\/hu\/wp-content\/uploads\/2022\/02\/Shot_04_022_V7_PORTRAIT.jpg 765w, https:\/\/blog.ccc.eu\/hu\/wp-content\/uploads\/2022\/02\/Shot_04_022_V7_PORTRAIT-225x300.jpg 225w, https:\/\/blog.ccc.eu\/hu\/wp-content\/uploads\/2022\/02\/Shot_04_022_V7_PORTRAIT-100x133.jpg 100w\" sizes=\"auto, (max-width: 765px) 100vw, 765px\" \/><\/figure>\n\n\n\n<figure class=\"wp-block-image size-large\"><img loading=\"lazy\" decoding=\"async\" width=\"765\" height=\"1020\" data-id=\"4995\" src=\"https:\/\/blog.ccc.eu\/hu\/wp-content\/uploads\/2022\/02\/Shot_05_207_V6_PORTRAIT.jpg\" alt=\"\" class=\"wp-image-4995\" srcset=\"https:\/\/blog.ccc.eu\/hu\/wp-content\/uploads\/2022\/02\/Shot_05_207_V6_PORTRAIT.jpg 765w, https:\/\/blog.ccc.eu\/hu\/wp-content\/uploads\/2022\/02\/Shot_05_207_V6_PORTRAIT-225x300.jpg 225w, https:\/\/blog.ccc.eu\/hu\/wp-content\/uploads\/2022\/02\/Shot_05_207_V6_PORTRAIT-100x133.jpg 100w\" sizes=\"auto, (max-width: 765px) 100vw, 765px\" \/><\/figure>\n<\/figure>\n\n\n\n<h2 class=\"wp-block-heading\" id=\"sportosan-laza-vagy-uzleties-megis-lenyugozo-a-80-as-evekben-mindenre-volt-divatvalasz\"><strong>Sportosan laza, vagy \u00fczleties, m\u00e9gis leny\u0171g\u00f6z\u0151? A 80-as \u00e9vekben mindenre volt divatv\u00e1lasz<\/strong>&nbsp;<\/h2>\n\n\n\n<p>A retr\u00f3 divatban ebben az id\u0151szakban az volt a zseni\u00e1lis, hogy minden koroszt\u00e1ly\u00fa, \u00e9s b\u00e1rmilyen \u00e9rdekl\u0151d\u00e9si k\u00f6r\u0171 ember megtal\u00e1lhatta benne azokat a darabokat, amelyekkel t\u00e9nyleg kifejezhette saj\u00e1t egy\u00e9nis\u00e9g\u00e9t, \u00e9s r\u00e1ad\u00e1sul m\u00e9g trendi is volt.&nbsp;<\/p>\n\n\n\n<h2 class=\"wp-block-heading\" id=\"retro-divat-es-uzleties-megjelenes-igen\"><strong>Retr\u00f3 divat \u00e9s \u00fczleties megjelen\u00e9s? Igen!<\/strong>&nbsp;<\/h2>\n\n\n\n<p>Sikeres \u00fczletasszonyk\u00e9nt, vagy irodai asszisztensk\u00e9nt telnek a sz\u00fcrke h\u00e9tk\u00f6znapjaid? Dobd fel \u0151ket a 80-as \u00e9vek retr\u00f3 divatj\u00e1b\u00f3l k\u00f6lcs\u00f6nz\u00f6tt ruhadarabokkal \u00e9s cip\u0151kkel! A r\u00e9panadr\u00e1g, nude sz\u00edn\u0171 fels\u0151vel, \u00e9s egy hatalmas v\u00e1llt\u00f6m\u00e9sekkel ell\u00e1tott bl\u00e9zerrel remek v\u00e1laszt\u00e1s, f\u0151leg ha sikkes t\u0171sark\u00fat h\u00fazol fel hozz\u00e1. V\u00e9gre \u00fajra men\u0151k a koszt\u00fcm\u00f6k, legyen kombin\u00e1lva a zak\u00f3 ak\u00e1r nadr\u00e1ggal, vagy szokny\u00e1val kombin\u00e1lva, a v\u00e1llt\u00f6m\u00e9ses fels\u0151kh\u00f6z pedig mindenk\u00e9ppen kis m\u00e9ret\u0171 k\u00e9zit\u00e1sk\u00e1t v\u00e1lassz!&nbsp;<\/p>\n\n\n\n\n\n\n<h2 class=\"wp-block-heading\" id=\"sportos-outfit-ha-igazan-laza-vagy\"><strong>Sportos outfit, ha igaz\u00e1n laza vagy<\/strong>&nbsp;<\/h2>\n\n\n\n<p>A 80-as \u00e9vek nagy sl\u00e1gerei voltak a meleg\u00edt\u0151 szettek, a l\u00e1bsz\u00e1rmeleg\u00edt\u0151k, a csukl\u00f3p\u00e1ntok, no \u00e9s a leggings, amely tulajdonk\u00e9ppen tal\u00e1n soha nem is ment ki a divatb\u00f3l. A j\u00f3l l\u00e1that\u00f3 m\u00e1rkajelz\u00e9sekt\u0151l m\u00e9g ink\u00e1bb trendinek sz\u00e1m\u00edtottak ezek a ruhadarabok, pl\u00e1ne, ha m\u00e9g neonsz\u00ednekben is pomp\u00e1ztak.&nbsp;&nbsp;<\/p>\n\n\n\n<p>A leggingsek sz\u00ednesben, vagy feket\u00e9ben, egy m\u00e9g sz\u00ednesebb oversize pulcsival, igaz\u00e1n divatosak m\u00e9g most, 2022-ben is. A k\u00e9nyelmes \u00e9s sz\u00ednes sportruh\u00e1zat pedig ugyan\u00fagy men\u0151, mint akkor. Keresd a CCC-ben a legdivatosabb sz\u00ednekben a meleg\u00edt\u0151nadr\u00e1gokat \u00e9s fels\u0151ket is!&nbsp;<\/p>\n\n\n\n<p><strong><\/strong><\/p>\n\n\n\n<p>A sportos megjelen\u00e9s nyilv\u00e1nval\u00f3an nem teljes egy igaz\u00e1n trendi sportcip\u0151 n\u00e9lk\u00fcl, amelyek k\u00f6z\u00fcl az igaz\u00e1n retr\u00f3 diz\u00e1jn \u00e9s a klasszik m\u00e1rk\u00e1k a legtrendibbek. A klasszikus h\u00f3feh\u00e9r sneakert\u0151l, a neonsz\u00edn\u0171 sportcip\u0151kig, b\u00e1rmit v\u00e1laszthatsz, ami \u00fagy \u00e9rzed, kifejezi az egy\u00e9nis\u00e9ged.&nbsp;&nbsp;<\/p>\n\n\n\n<p><strong><\/strong><\/p>\n\n\n\n<h2 class=\"wp-block-heading\" id=\"flitterek-csillogo-ruhak-platform-cipok-hello-glam-rock-stilus\"><strong>Flitterek, csillog\u00f3 ruh\u00e1k, platform cip\u0151k. Hello glam-rock st\u00edlus!<\/strong>&nbsp;<\/h2>\n\n\n\n<p>Egy igaz\u00e1n p\u00f6rg\u0151s, buliz\u00f3s&nbsp; est\u00e9re, bev\u00e1llal\u00f3s divat fanoknak ak\u00e1r napk\u00f6zben is, ellen\u00e1llhatatlan megjelen\u00e9st k\u00f6lcs\u00f6n\u00f6znek a glam-rock st\u00edlus b\u00e1rmi m\u00e1ssal \u00f6sszet\u00e9veszthetetlen ruh\u00e1i, \u00e9s kieg\u00e9sz\u00edt\u0151i.&nbsp;&nbsp;<\/p>\n\n\n\n<p>Felejtsd el, hogy a kevesebb t\u00f6bb, j\u00f6hetnek a szegecses textilb\u0151r dzsekik, a csipk\u00e9k, \u00e9s a platform cipell\u0151k! A flitterekkel d\u00edsz\u00edtett miniszoknya hegyesorr\u00fa platform magas sark\u00faval, vagy szand\u00e1llal, \u00e9s \u00f3ri\u00e1s bizsukkal, minden tekintetet magad fel\u00e9 ford\u00edthatsz.&nbsp;&nbsp;<\/p>\n\n\n\n<p><strong><\/strong><\/p>\n\n\n\n<h2 class=\"wp-block-heading\" id=\"susson-a-nap-is-szinesen\"><strong>S\u00fcss\u00f6n a nap is sz\u00ednesen!<\/strong>&nbsp;<\/h2>\n\n\n\n<p>Ha kedvet kapt\u00e1l a megjelen\u00e9sedben visszaid\u00e9zni ezt a sz\u00ednes divatkorszakot, amely a 80-as \u00e9vek minden m\u00e1ssal \u00f6sszet\u00e9veszthetetlen saj\u00e1tja volt, ne fogd vissza magad! L\u00e9gy b\u00e1tor, \u00e9s sz\u00ednes\u00edtsd meg a h\u00e9tk\u00f6znapjaid, meg mindenki m\u00e1s\u00e9t is, akivel tal\u00e1lkozol a napjaid sor\u00e1n.&nbsp;&nbsp;<\/p>\n\n\n\n<p>H\u00e1t nem sokkal vid\u00e1mabb l\u00e1tv\u00e1ny, ha k\u00fclsej\u00fckben is sz\u00ednes egy\u00e9nis\u00e9gek j\u00e1rnak kelnek az utc\u00e1kon, mint a sok sz\u00fcrke, \u00e9s fekete ballonkab\u00e1t? A tavasz is itt van m\u00e1r, hamarosan a term\u00e9szet is a sz\u00ednesebb arc\u00e1t mutatja fel\u00e9nk. Az nap els\u0151 sugarai ellen v\u00e9dd a szemed, \u00e9s koron\u00e1zd meg a st\u00edlusod egy men\u0151 retr\u00f3 st\u00edlus\u00fa napszem\u00fcveggel!&nbsp;<\/p>\n\n\n\n\n\n\n<p><em>Kapcsol\u00f3dj hozz\u00e1nk, \u00e9s vel\u00fcnk a divathoz! Olvasd rendszeresen a CCC divatblogj\u00e1t, \u00e9s legy\u00e9l naprak\u00e9sz a divatb\u00f3l! Tarts l\u00e9p\u00e9st a trendekkel a CCC-vel, \u00e9s vedd meg a legmen\u0151bb cip\u0151ket, \u00e9s kieg\u00e9sz\u00edt\u0151ket <\/em><a href=\"https:\/\/ccc.eu\/hu\/sklepy\" target=\"_blank\" rel=\"noreferrer noopener\"><em>\u00fczleteinkben<\/em><\/a><em>, vagy n\u00e9h\u00e1ny kattint\u00e1ssal a <\/em><a href=\"https:\/\/ccc.eu\/hu\/mobile-app\" target=\"_blank\" rel=\"noreferrer noopener\"><em>mobil alkalmaz\u00e1sunk<\/em><\/a><em> seg\u00edts\u00e9g\u00e9vel. <\/em><a href=\"https:\/\/www.facebook.com\/CCC.Hungary\/\" target=\"_blank\" rel=\"noreferrer noopener\"><em>Facebookon<\/em><\/a><em> \u00e9s <\/em><a href=\"https:\/\/www.instagram.com\/cccshoesbags\/\" target=\"_blank\" rel=\"noreferrer noopener\"><em>Instagramon<\/em><\/a><em> pedig rendszeresen van k\u00e9p\u00fcnk meg is mutatni azt, amir\u0151l besz\u00e9l\u00fcnk! K\u00f6vess minket ott is!<\/em>&nbsp;<\/p>\n","protected":false},"excerpt":{"rendered":"<p>Visszat\u00e9r a 80-as \u00e9vek divatja&nbsp; Az 1980-as \u00e9vek azok az id\u0151k voltak, amikor a divat egyszer\u0171en \u0151rj\u00edt\u0151 volt. Nem is lehet n\u00e9h\u00e1ny mondattal elint\u00e9zni, hiszen annyira v\u00e1ltozatos, sz\u00ednes, \u00e9s neonosan vibr\u00e1l\u00f3 lett, mint addig m\u00e9g soha.&nbsp;&nbsp; Ha a 80-as \u00e9vek retr\u00f3 divatj\u00e1r\u00f3l neked is Madonna extravag\u00e1ns, neonsz\u00ednekben ragyog\u00f3 \u00f6lt\u00f6z\u00e9kei, vagy Dieter Bohlen joggingja jut eszedbe, [&hellip;]<\/p>\n","protected":false},"author":12,"featured_media":4995,"comment_status":"open","ping_status":"open","sticky":false,"template":"","format":"standard","meta":{"_acf_changed":false,"footnotes":""},"categories":[6],"tags":[686,634,689,680,687,685,594,688],"class_list":["post-4990","post","type-post","status-publish","format-standard","has-post-thumbnail","hentry","category-trendek","tag-80-as-evek-divatja","tag-melegito","tag-neon-szinek","tag-noi-divat","tag-platform-cipo","tag-retro-divat","tag-taska","tag-trend"],"acf":[],"yoast_head":"<!-- This site is optimized with the Yoast SEO plugin v26.9 - https:\/\/yoast.com\/product\/yoast-seo-wordpress\/ -->\n<title>R\u00e9gen minden jobb volt?\u00a0\u00a0 - CCC Fashion blog<\/title>\n<meta name=\"description\" content=\"Nem is csoda, hogy egy ennyire soksz\u00edn\u0171 divatkorszakb\u00f3l id\u0151r\u0151l id\u0151re visszat\u00e9rnek bizonyos trendek. A 80-as \u00e9vek retr\u00f3 divatja mindenn\u00e9l alkalmasabb arra, hogy inspir\u00e1l\u00f3djanak bel\u0151le napjaink divatdikt\u00e1torai is. N\u00e9zz\u00fck, mi az, ami 2022-ben ugyan\u00fagy men\u0151, mint akkor! 2026\" \/>\n<meta name=\"robots\" content=\"index, follow, max-snippet:-1, max-image-preview:large, max-video-preview:-1\" \/>\n<link rel=\"canonical\" href=\"https:\/\/blog.ccc.eu\/hu\/regen-minden-jobb-volt\/\" \/>\n<meta property=\"og:locale\" content=\"hu_HU\" \/>\n<meta property=\"og:type\" content=\"article\" \/>\n<meta property=\"og:title\" content=\"R\u00e9gen minden jobb volt?\u00a0\u00a0 - CCC Fashion blog\" \/>\n<meta property=\"og:description\" content=\"Nem is csoda, hogy egy ennyire soksz\u00edn\u0171 divatkorszakb\u00f3l id\u0151r\u0151l id\u0151re visszat\u00e9rnek bizonyos trendek. A 80-as \u00e9vek retr\u00f3 divatja mindenn\u00e9l alkalmasabb arra, hogy inspir\u00e1l\u00f3djanak bel\u0151le napjaink divatdikt\u00e1torai is. N\u00e9zz\u00fck, mi az, ami 2022-ben ugyan\u00fagy men\u0151, mint akkor!\" \/>\n<meta property=\"og:url\" content=\"https:\/\/blog.ccc.eu\/hu\/regen-minden-jobb-volt\/\" \/>\n<meta property=\"og:site_name\" content=\"CCC Fashion blog\" \/>\n<meta property=\"article:published_time\" content=\"2022-02-14T08:21:58+00:00\" \/>\n<meta property=\"article:modified_time\" content=\"2022-02-14T08:22:38+00:00\" \/>\n<meta property=\"og:image\" content=\"https:\/\/blog.ccc.eu\/hu\/wp-content\/uploads\/2022\/02\/Shot_05_207_V6_PORTRAIT.jpg\" \/>\n\t<meta property=\"og:image:width\" content=\"765\" \/>\n\t<meta property=\"og:image:height\" content=\"1020\" \/>\n\t<meta property=\"og:image:type\" content=\"image\/jpeg\" \/>\n<meta name=\"author\" content=\"Halassy Marianna\" \/>\n<meta name=\"twitter:card\" content=\"summary_large_image\" \/>\n<meta name=\"twitter:label1\" content=\"Szerz\u0151:\" \/>\n\t<meta name=\"twitter:data1\" content=\"Halassy Marianna\" \/>\n\t<meta name=\"twitter:label2\" content=\"Becs\u00fclt olvas\u00e1si id\u0151\" \/>\n\t<meta name=\"twitter:data2\" content=\"4 perc\" \/>\n<script type=\"application\/ld+json\" class=\"yoast-schema-graph\">{\"@context\":\"https:\/\/schema.org\",\"@graph\":[{\"@type\":\"Article\",\"@id\":\"https:\/\/blog.ccc.eu\/hu\/regen-minden-jobb-volt\/#article\",\"isPartOf\":{\"@id\":\"https:\/\/blog.ccc.eu\/hu\/regen-minden-jobb-volt\/\"},\"author\":{\"name\":\"Halassy Marianna\",\"@id\":\"https:\/\/blog.ccc.eu\/hu\/#\/schema\/person\/81734c8d0655acc57e8e99c594ed5c0e\"},\"headline\":\"R\u00e9gen minden jobb volt?\u00a0\u00a0\",\"datePublished\":\"2022-02-14T08:21:58+00:00\",\"dateModified\":\"2022-02-14T08:22:38+00:00\",\"mainEntityOfPage\":{\"@id\":\"https:\/\/blog.ccc.eu\/hu\/regen-minden-jobb-volt\/\"},\"wordCount\":929,\"commentCount\":0,\"publisher\":{\"@id\":\"https:\/\/blog.ccc.eu\/hu\/#organization\"},\"image\":{\"@id\":\"https:\/\/blog.ccc.eu\/hu\/regen-minden-jobb-volt\/#primaryimage\"},\"thumbnailUrl\":\"https:\/\/blog.ccc.eu\/hu\/wp-content\/uploads\/2022\/02\/Shot_05_207_V6_PORTRAIT.jpg\",\"keywords\":[\"80-as \u00e9vek divatja\",\"meleg\u00edt\u0151\",\"neon sz\u00ednek\",\"n\u0151i divat\",\"platform cip\u0151\",\"retr\u00f3 divat\",\"t\u00e1ska\",\"trend\"],\"articleSection\":[\"TRENDEK\"],\"inLanguage\":\"hu\",\"potentialAction\":[{\"@type\":\"CommentAction\",\"name\":\"Comment\",\"target\":[\"https:\/\/blog.ccc.eu\/hu\/regen-minden-jobb-volt\/#respond\"]}]},{\"@type\":\"WebPage\",\"@id\":\"https:\/\/blog.ccc.eu\/hu\/regen-minden-jobb-volt\/\",\"url\":\"https:\/\/blog.ccc.eu\/hu\/regen-minden-jobb-volt\/\",\"name\":\"R\u00e9gen minden jobb volt?\u00a0\u00a0 - CCC Fashion blog\",\"isPartOf\":{\"@id\":\"https:\/\/blog.ccc.eu\/hu\/#website\"},\"primaryImageOfPage\":{\"@id\":\"https:\/\/blog.ccc.eu\/hu\/regen-minden-jobb-volt\/#primaryimage\"},\"image\":{\"@id\":\"https:\/\/blog.ccc.eu\/hu\/regen-minden-jobb-volt\/#primaryimage\"},\"thumbnailUrl\":\"https:\/\/blog.ccc.eu\/hu\/wp-content\/uploads\/2022\/02\/Shot_05_207_V6_PORTRAIT.jpg\",\"datePublished\":\"2022-02-14T08:21:58+00:00\",\"dateModified\":\"2022-02-14T08:22:38+00:00\",\"description\":\"Nem is csoda, hogy egy ennyire soksz\u00edn\u0171 divatkorszakb\u00f3l id\u0151r\u0151l id\u0151re visszat\u00e9rnek bizonyos trendek. A 80-as \u00e9vek retr\u00f3 divatja mindenn\u00e9l alkalmasabb arra, hogy inspir\u00e1l\u00f3djanak bel\u0151le napjaink divatdikt\u00e1torai is. N\u00e9zz\u00fck, mi az, ami 2022-ben ugyan\u00fagy men\u0151, mint akkor!\",\"breadcrumb\":{\"@id\":\"https:\/\/blog.ccc.eu\/hu\/regen-minden-jobb-volt\/#breadcrumb\"},\"inLanguage\":\"hu\",\"potentialAction\":[{\"@type\":\"ReadAction\",\"target\":[\"https:\/\/blog.ccc.eu\/hu\/regen-minden-jobb-volt\/\"]}]},{\"@type\":\"ImageObject\",\"inLanguage\":\"hu\",\"@id\":\"https:\/\/blog.ccc.eu\/hu\/regen-minden-jobb-volt\/#primaryimage\",\"url\":\"https:\/\/blog.ccc.eu\/hu\/wp-content\/uploads\/2022\/02\/Shot_05_207_V6_PORTRAIT.jpg\",\"contentUrl\":\"https:\/\/blog.ccc.eu\/hu\/wp-content\/uploads\/2022\/02\/Shot_05_207_V6_PORTRAIT.jpg\",\"width\":765,\"height\":1020,\"caption\":\"R\u00e9gi st\u00edlus CCC\"},{\"@type\":\"BreadcrumbList\",\"@id\":\"https:\/\/blog.ccc.eu\/hu\/regen-minden-jobb-volt\/#breadcrumb\",\"itemListElement\":[{\"@type\":\"ListItem\",\"position\":1,\"name\":\"Strona g\u0142\u00f3wna\",\"item\":\"https:\/\/blog.ccc.eu\/hu\/\"},{\"@type\":\"ListItem\",\"position\":2,\"name\":\"R\u00e9gen minden jobb volt?\u00a0\u00a0\"}]},{\"@type\":\"WebSite\",\"@id\":\"https:\/\/blog.ccc.eu\/hu\/#website\",\"url\":\"https:\/\/blog.ccc.eu\/hu\/\",\"name\":\"CCC Fashion blog\",\"description\":\"Az \u00d6n helye tele van divatihletekkel\",\"publisher\":{\"@id\":\"https:\/\/blog.ccc.eu\/hu\/#organization\"},\"potentialAction\":[{\"@type\":\"SearchAction\",\"target\":{\"@type\":\"EntryPoint\",\"urlTemplate\":\"https:\/\/blog.ccc.eu\/hu\/?s={search_term_string}\"},\"query-input\":{\"@type\":\"PropertyValueSpecification\",\"valueRequired\":true,\"valueName\":\"search_term_string\"}}],\"inLanguage\":\"hu\"},{\"@type\":\"Organization\",\"@id\":\"https:\/\/blog.ccc.eu\/hu\/#organization\",\"name\":\"CCC S.A.\",\"url\":\"https:\/\/blog.ccc.eu\/hu\/\",\"logo\":{\"@type\":\"ImageObject\",\"inLanguage\":\"hu\",\"@id\":\"https:\/\/blog.ccc.eu\/hu\/#\/schema\/logo\/image\/\",\"url\":\"https:\/\/blog.ccc.eu\/hu\/wp-content\/uploads\/2021\/11\/logo_ccc.png\",\"contentUrl\":\"https:\/\/blog.ccc.eu\/hu\/wp-content\/uploads\/2021\/11\/logo_ccc.png\",\"width\":730,\"height\":270,\"caption\":\"CCC S.A.\"},\"image\":{\"@id\":\"https:\/\/blog.ccc.eu\/hu\/#\/schema\/logo\/image\/\"}},{\"@type\":\"Person\",\"@id\":\"https:\/\/blog.ccc.eu\/hu\/#\/schema\/person\/81734c8d0655acc57e8e99c594ed5c0e\",\"name\":\"Halassy Marianna\",\"image\":{\"@type\":\"ImageObject\",\"inLanguage\":\"hu\",\"@id\":\"https:\/\/blog.ccc.eu\/hu\/#\/schema\/person\/image\/\",\"url\":\"https:\/\/blog.ccc.eu\/hu\/wp-content\/uploads\/2022\/08\/admin-ajax-150x150.jpg\",\"contentUrl\":\"https:\/\/blog.ccc.eu\/hu\/wp-content\/uploads\/2022\/08\/admin-ajax-150x150.jpg\",\"caption\":\"Halassy Marianna\"},\"url\":\"https:\/\/blog.ccc.eu\/hu\/author\/marianna-halassy\/\"}]}<\/script>\n<!-- \/ Yoast SEO plugin. -->","yoast_head_json":{"title":"R\u00e9gen minden jobb volt?\u00a0\u00a0 - CCC Fashion blog","description":"Nem is csoda, hogy egy ennyire soksz\u00edn\u0171 divatkorszakb\u00f3l id\u0151r\u0151l id\u0151re visszat\u00e9rnek bizonyos trendek. A 80-as \u00e9vek retr\u00f3 divatja mindenn\u00e9l alkalmasabb arra, hogy inspir\u00e1l\u00f3djanak bel\u0151le napjaink divatdikt\u00e1torai is. N\u00e9zz\u00fck, mi az, ami 2022-ben ugyan\u00fagy men\u0151, mint akkor! 2026","robots":{"index":"index","follow":"follow","max-snippet":"max-snippet:-1","max-image-preview":"max-image-preview:large","max-video-preview":"max-video-preview:-1"},"canonical":"https:\/\/blog.ccc.eu\/hu\/regen-minden-jobb-volt\/","og_locale":"hu_HU","og_type":"article","og_title":"R\u00e9gen minden jobb volt?\u00a0\u00a0 - CCC Fashion blog","og_description":"Nem is csoda, hogy egy ennyire soksz\u00edn\u0171 divatkorszakb\u00f3l id\u0151r\u0151l id\u0151re visszat\u00e9rnek bizonyos trendek. A 80-as \u00e9vek retr\u00f3 divatja mindenn\u00e9l alkalmasabb arra, hogy inspir\u00e1l\u00f3djanak bel\u0151le napjaink divatdikt\u00e1torai is. N\u00e9zz\u00fck, mi az, ami 2022-ben ugyan\u00fagy men\u0151, mint akkor!","og_url":"https:\/\/blog.ccc.eu\/hu\/regen-minden-jobb-volt\/","og_site_name":"CCC Fashion blog","article_published_time":"2022-02-14T08:21:58+00:00","article_modified_time":"2022-02-14T08:22:38+00:00","og_image":[{"width":765,"height":1020,"url":"https:\/\/blog.ccc.eu\/hu\/wp-content\/uploads\/2022\/02\/Shot_05_207_V6_PORTRAIT.jpg","type":"image\/jpeg"}],"author":"Halassy Marianna","twitter_card":"summary_large_image","twitter_misc":{"Szerz\u0151:":"Halassy Marianna","Becs\u00fclt olvas\u00e1si id\u0151":"4 perc"},"schema":{"@context":"https:\/\/schema.org","@graph":[{"@type":"Article","@id":"https:\/\/blog.ccc.eu\/hu\/regen-minden-jobb-volt\/#article","isPartOf":{"@id":"https:\/\/blog.ccc.eu\/hu\/regen-minden-jobb-volt\/"},"author":{"name":"Halassy Marianna","@id":"https:\/\/blog.ccc.eu\/hu\/#\/schema\/person\/81734c8d0655acc57e8e99c594ed5c0e"},"headline":"R\u00e9gen minden jobb volt?\u00a0\u00a0","datePublished":"2022-02-14T08:21:58+00:00","dateModified":"2022-02-14T08:22:38+00:00","mainEntityOfPage":{"@id":"https:\/\/blog.ccc.eu\/hu\/regen-minden-jobb-volt\/"},"wordCount":929,"commentCount":0,"publisher":{"@id":"https:\/\/blog.ccc.eu\/hu\/#organization"},"image":{"@id":"https:\/\/blog.ccc.eu\/hu\/regen-minden-jobb-volt\/#primaryimage"},"thumbnailUrl":"https:\/\/blog.ccc.eu\/hu\/wp-content\/uploads\/2022\/02\/Shot_05_207_V6_PORTRAIT.jpg","keywords":["80-as \u00e9vek divatja","meleg\u00edt\u0151","neon sz\u00ednek","n\u0151i divat","platform cip\u0151","retr\u00f3 divat","t\u00e1ska","trend"],"articleSection":["TRENDEK"],"inLanguage":"hu","potentialAction":[{"@type":"CommentAction","name":"Comment","target":["https:\/\/blog.ccc.eu\/hu\/regen-minden-jobb-volt\/#respond"]}]},{"@type":"WebPage","@id":"https:\/\/blog.ccc.eu\/hu\/regen-minden-jobb-volt\/","url":"https:\/\/blog.ccc.eu\/hu\/regen-minden-jobb-volt\/","name":"R\u00e9gen minden jobb volt?\u00a0\u00a0 - CCC Fashion blog","isPartOf":{"@id":"https:\/\/blog.ccc.eu\/hu\/#website"},"primaryImageOfPage":{"@id":"https:\/\/blog.ccc.eu\/hu\/regen-minden-jobb-volt\/#primaryimage"},"image":{"@id":"https:\/\/blog.ccc.eu\/hu\/regen-minden-jobb-volt\/#primaryimage"},"thumbnailUrl":"https:\/\/blog.ccc.eu\/hu\/wp-content\/uploads\/2022\/02\/Shot_05_207_V6_PORTRAIT.jpg","datePublished":"2022-02-14T08:21:58+00:00","dateModified":"2022-02-14T08:22:38+00:00","description":"Nem is csoda, hogy egy ennyire soksz\u00edn\u0171 divatkorszakb\u00f3l id\u0151r\u0151l id\u0151re visszat\u00e9rnek bizonyos trendek. A 80-as \u00e9vek retr\u00f3 divatja mindenn\u00e9l alkalmasabb arra, hogy inspir\u00e1l\u00f3djanak bel\u0151le napjaink divatdikt\u00e1torai is. N\u00e9zz\u00fck, mi az, ami 2022-ben ugyan\u00fagy men\u0151, mint akkor!","breadcrumb":{"@id":"https:\/\/blog.ccc.eu\/hu\/regen-minden-jobb-volt\/#breadcrumb"},"inLanguage":"hu","potentialAction":[{"@type":"ReadAction","target":["https:\/\/blog.ccc.eu\/hu\/regen-minden-jobb-volt\/"]}]},{"@type":"ImageObject","inLanguage":"hu","@id":"https:\/\/blog.ccc.eu\/hu\/regen-minden-jobb-volt\/#primaryimage","url":"https:\/\/blog.ccc.eu\/hu\/wp-content\/uploads\/2022\/02\/Shot_05_207_V6_PORTRAIT.jpg","contentUrl":"https:\/\/blog.ccc.eu\/hu\/wp-content\/uploads\/2022\/02\/Shot_05_207_V6_PORTRAIT.jpg","width":765,"height":1020,"caption":"R\u00e9gi st\u00edlus CCC"},{"@type":"BreadcrumbList","@id":"https:\/\/blog.ccc.eu\/hu\/regen-minden-jobb-volt\/#breadcrumb","itemListElement":[{"@type":"ListItem","position":1,"name":"Strona g\u0142\u00f3wna","item":"https:\/\/blog.ccc.eu\/hu\/"},{"@type":"ListItem","position":2,"name":"R\u00e9gen minden jobb volt?\u00a0\u00a0"}]},{"@type":"WebSite","@id":"https:\/\/blog.ccc.eu\/hu\/#website","url":"https:\/\/blog.ccc.eu\/hu\/","name":"CCC Fashion blog","description":"Az \u00d6n helye tele van divatihletekkel","publisher":{"@id":"https:\/\/blog.ccc.eu\/hu\/#organization"},"potentialAction":[{"@type":"SearchAction","target":{"@type":"EntryPoint","urlTemplate":"https:\/\/blog.ccc.eu\/hu\/?s={search_term_string}"},"query-input":{"@type":"PropertyValueSpecification","valueRequired":true,"valueName":"search_term_string"}}],"inLanguage":"hu"},{"@type":"Organization","@id":"https:\/\/blog.ccc.eu\/hu\/#organization","name":"CCC S.A.","url":"https:\/\/blog.ccc.eu\/hu\/","logo":{"@type":"ImageObject","inLanguage":"hu","@id":"https:\/\/blog.ccc.eu\/hu\/#\/schema\/logo\/image\/","url":"https:\/\/blog.ccc.eu\/hu\/wp-content\/uploads\/2021\/11\/logo_ccc.png","contentUrl":"https:\/\/blog.ccc.eu\/hu\/wp-content\/uploads\/2021\/11\/logo_ccc.png","width":730,"height":270,"caption":"CCC S.A."},"image":{"@id":"https:\/\/blog.ccc.eu\/hu\/#\/schema\/logo\/image\/"}},{"@type":"Person","@id":"https:\/\/blog.ccc.eu\/hu\/#\/schema\/person\/81734c8d0655acc57e8e99c594ed5c0e","name":"Halassy Marianna","image":{"@type":"ImageObject","inLanguage":"hu","@id":"https:\/\/blog.ccc.eu\/hu\/#\/schema\/person\/image\/","url":"https:\/\/blog.ccc.eu\/hu\/wp-content\/uploads\/2022\/08\/admin-ajax-150x150.jpg","contentUrl":"https:\/\/blog.ccc.eu\/hu\/wp-content\/uploads\/2022\/08\/admin-ajax-150x150.jpg","caption":"Halassy Marianna"},"url":"https:\/\/blog.ccc.eu\/hu\/author\/marianna-halassy\/"}]}},"_links":{"self":[{"href":"https:\/\/blog.ccc.eu\/hu\/wp-json\/wp\/v2\/posts\/4990","targetHints":{"allow":["GET"]}}],"collection":[{"href":"https:\/\/blog.ccc.eu\/hu\/wp-json\/wp\/v2\/posts"}],"about":[{"href":"https:\/\/blog.ccc.eu\/hu\/wp-json\/wp\/v2\/types\/post"}],"author":[{"embeddable":true,"href":"https:\/\/blog.ccc.eu\/hu\/wp-json\/wp\/v2\/users\/12"}],"replies":[{"embeddable":true,"href":"https:\/\/blog.ccc.eu\/hu\/wp-json\/wp\/v2\/comments?post=4990"}],"version-history":[{"count":5,"href":"https:\/\/blog.ccc.eu\/hu\/wp-json\/wp\/v2\/posts\/4990\/revisions"}],"predecessor-version":[{"id":5021,"href":"https:\/\/blog.ccc.eu\/hu\/wp-json\/wp\/v2\/posts\/4990\/revisions\/5021"}],"wp:featuredmedia":[{"embeddable":true,"href":"https:\/\/blog.ccc.eu\/hu\/wp-json\/wp\/v2\/media\/4995"}],"wp:attachment":[{"href":"https:\/\/blog.ccc.eu\/hu\/wp-json\/wp\/v2\/media?parent=4990"}],"wp:term":[{"taxonomy":"category","embeddable":true,"href":"https:\/\/blog.ccc.eu\/hu\/wp-json\/wp\/v2\/categories?post=4990"},{"taxonomy":"post_tag","embeddable":true,"href":"https:\/\/blog.ccc.eu\/hu\/wp-json\/wp\/v2\/tags?post=4990"}],"curies":[{"name":"wp","href":"https:\/\/api.w.org\/{rel}","templated":true}]}}