{"id":5026,"date":"2022-02-16T09:06:34","date_gmt":"2022-02-16T08:06:34","guid":{"rendered":"https:\/\/blog.ccc.eu\/hu\/?p=5026"},"modified":"2022-02-16T09:06:35","modified_gmt":"2022-02-16T08:06:35","slug":"divatos-ferfi-cipoket-tavaszra","status":"publish","type":"post","link":"https:\/\/blog.ccc.eu\/hu\/divatos-ferfi-cipoket-tavaszra\/","title":{"rendered":"Divatos f\u00e9rfi cip\u0151ket tavaszra!\u00a0"},"content":{"rendered":"\n<p><em>Fedezd fel a CCC-vel a tavaszi f\u00e9rfi cip\u0151k&nbsp; leg\u00fajabb trendjeit!<\/em>&nbsp;<\/p>\n\n\n\n<p><b>Az \u00faj szezon mindig a ruhat\u00e1r felfriss\u00edt\u00e9s\u00e9vel kezd\u0151dik. A legjobban akkor j\u00e1rsz, ha a cip\u0151vel kezded a tavaszi felk\u00e9sz\u00fcl\u00e9st, hiszen ez a j\u00f3 megjelen\u00e9s alapja. Ha j\u00f3l v\u00e1lasztasz, izgalmasabb\u00e1 teheted a st\u00edlusod, ha rosszul, akkor viszont oda a j\u00f3 megjelen\u00e9s. Ez a cip\u0151k hatalma.&nbsp;&nbsp;<\/b><\/p>\n\n\n\n<h2 class=\"wp-block-heading\" id=\"a-tokeletes-tavaszi-cipo-megtalalasarol-ferfiaknak\"><strong>A t\u00f6k\u00e9letes tavaszi cip\u0151 megtal\u00e1l\u00e1s\u00e1r\u00f3l, f\u00e9rfiaknak<\/strong>&nbsp;<\/h2>\n\n\n\n<p>Milyen cip\u0151t v\u00e1lassz tavaszra? Legink\u00e1bb abb\u00f3l indulj ki a keresg\u00e9l\u00e9s sor\u00e1n, hogy milyen id\u0151j\u00e1r\u00e1s jellemzi ezt az \u00e9vszakot, illetve abb\u00f3l, hogy hol fogod viselni az \u00faj tavaszi cip\u0151d!&nbsp;<\/p>\n\n\n\n<p>Ha akt\u00edv, sportos \u00e9letm\u00f3dot folytatsz, teljesen biztos, hogy a sportos sneaker elengedhetetlen a ruhat\u00e1radban. Ha az id\u0151d nagy r\u00e9sz\u00e9t az irod\u00e1ban t\u00f6lt\u00f6d, akkor egy k\u00e9nyelmes f\u00e9lcip\u0151re van legink\u00e1bb sz\u00fcks\u00e9ged, amely a hivatalos \u00fczleties dress code-hoz, \u00e9s a mindennapi haszn\u00e1latra egyar\u00e1nt megfelel.\u00a0<\/p>\n\n\n\n<figure class=\"wp-block-gallery has-nested-images columns-default is-cropped wp-block-gallery-1 is-layout-flex wp-block-gallery-is-layout-flex\">\n<figure class=\"wp-block-image size-large\"><img loading=\"lazy\" decoding=\"async\" width=\"1891\" height=\"2048\" data-id=\"5027\" src=\"https:\/\/blog.ccc.eu\/hu\/wp-content\/uploads\/2022\/02\/GR-LBSS22-3293.jpg\" alt=\"\" class=\"wp-image-5027\" srcset=\"https:\/\/blog.ccc.eu\/hu\/wp-content\/uploads\/2022\/02\/GR-LBSS22-3293.jpg 1891w, https:\/\/blog.ccc.eu\/hu\/wp-content\/uploads\/2022\/02\/GR-LBSS22-3293-277x300.jpg 277w, https:\/\/blog.ccc.eu\/hu\/wp-content\/uploads\/2022\/02\/GR-LBSS22-3293-946x1024.jpg 946w, https:\/\/blog.ccc.eu\/hu\/wp-content\/uploads\/2022\/02\/GR-LBSS22-3293-768x832.jpg 768w, https:\/\/blog.ccc.eu\/hu\/wp-content\/uploads\/2022\/02\/GR-LBSS22-3293-1418x1536.jpg 1418w, https:\/\/blog.ccc.eu\/hu\/wp-content\/uploads\/2022\/02\/GR-LBSS22-3293-100x108.jpg 100w\" sizes=\"auto, (max-width: 1891px) 100vw, 1891px\" \/><\/figure>\n\n\n\n<figure class=\"wp-block-image size-large\"><img loading=\"lazy\" decoding=\"async\" width=\"1867\" height=\"2048\" data-id=\"5028\" src=\"https:\/\/blog.ccc.eu\/hu\/wp-content\/uploads\/2022\/02\/GR-LBSS22-3265.jpg\" alt=\"\" class=\"wp-image-5028\" srcset=\"https:\/\/blog.ccc.eu\/hu\/wp-content\/uploads\/2022\/02\/GR-LBSS22-3265.jpg 1867w, https:\/\/blog.ccc.eu\/hu\/wp-content\/uploads\/2022\/02\/GR-LBSS22-3265-273x300.jpg 273w, https:\/\/blog.ccc.eu\/hu\/wp-content\/uploads\/2022\/02\/GR-LBSS22-3265-934x1024.jpg 934w, https:\/\/blog.ccc.eu\/hu\/wp-content\/uploads\/2022\/02\/GR-LBSS22-3265-768x842.jpg 768w, https:\/\/blog.ccc.eu\/hu\/wp-content\/uploads\/2022\/02\/GR-LBSS22-3265-1400x1536.jpg 1400w, https:\/\/blog.ccc.eu\/hu\/wp-content\/uploads\/2022\/02\/GR-LBSS22-3265-100x110.jpg 100w\" sizes=\"auto, (max-width: 1867px) 100vw, 1867px\" \/><\/figure>\n<\/figure>\n\n\n\n<h2 class=\"wp-block-heading\" id=\"alkalmi-tavaszi-ferfi-cipo-az-micsoda\"><strong>Alkalmi tavaszi f\u00e9rfi cip\u0151. Az micsoda?<\/strong>&nbsp;<\/h2>\n\n\n\n<p>Ezek olyan cip\u0151k, amelyek megfelelnek a mindennapi \u00e9letm\u00f3dodhoz. Hordhatod \u0151ket akkor is ha farmert viselsz, de ak\u00e1r eleg\u00e1nsabb nadr\u00e1ghoz is passzolnak. Ide tartoznak <a href=\"https:\/\/ccc.eu\/hu\/search?query%5bquerystring%5d=derby&amp;query%5bmenu_item%5d=29233\" target=\"_blank\" rel=\"noreferrer noopener\">derby cip\u0151k<\/a>, amelyek b\u00e1r el\u00e9g eleg\u00e1nsak, st\u00edlusuk lehet\u0151v\u00e9 teszi, hogy farmerrel kombin\u00e1ljuk \u0151ket. A tavasz k\u00f6zeledt\u00e9vel \u00e9rdemes <a href=\"https:\/\/ccc.eu\/hu\/search?query%5bquerystring%5d=mokaszin&amp;query%5bmenu_item%5d=29233\" target=\"_blank\" rel=\"noreferrer noopener\">mokaszinokat vagy loafereket<\/a> is beszerezni, amelyek j\u00f3l illenek majd a sz\u00f6vetnadr\u00e1ghoz, \u00e9s egy alkalmi inghez.&nbsp;&nbsp;<\/p>\n\n\n\n<p>Az <a href=\"https:\/\/ccc.eu\/hu\/ferfi\/cipok\/sportcipok\" target=\"_blank\" rel=\"noreferrer noopener\">edz\u0151cip\u0151k<\/a> nemr\u00e9g az alkalmi cip\u0151k k\u00f6z\u00e9 is beker\u00fcltek! Id\u0151tlen st\u00edlusuk \u00e9s karakter\u00fck szinte minden ruh\u00e1hoz illik. A divat folyamatosan feszegeti a hat\u00e1rokat, ez\u00e9rt a mer\u00e9szebb divatk\u00f6vet\u0151k az edz\u0151cip\u0151t kimondottan form\u00e1lis \u00f6lt\u00f6z\u00e9kkel is viselik.&nbsp;&nbsp;<\/p>\n\n\n\n<p>Ha teh\u00e1t azon gondolkodsz, hogy mely tavaszi cip\u0151k a legjobbak az eleg\u00e1ns f\u00e9rfiak sz\u00e1m\u00e1ra, n\u00e9zd meg az al\u00e1bbi list\u00e1t 2022. legtrendibb f\u00e9rfi cip\u0151ir\u0151l!&nbsp;<\/p>\n\n\n\n<h2 class=\"wp-block-heading\" id=\"a-tokeletes-es-legdivatosabb-tavaszi-ferfi-cipo-tipusok\"><strong>A t\u00f6k\u00e9letes, \u00e9s legdivatosabb tavaszi f\u00e9rfi cip\u0151 t\u00edpusok<\/strong>&nbsp;<\/h2>\n\n\n\n<p><strong>Athleisure st\u00edlus\u00fa cip\u0151<\/strong> &#8211; egyszerre eleg\u00e1ns \u00e9s sportos. K\u00fcl\u00f6n\u00f6sen azok kedvelik, akik nem szeretnek sokszor \u00e1t\u00f6lt\u00f6zni a nap folyam\u00e1n. Sz\u00f6vetnadr\u00e1ggal \u00e9s zak\u00f3val j\u00f3l passzolnak a hivatali munkahelyi \u00f6lt\u00f6z\u00e9khez, de a mel\u00f3 v\u00e9g\u00e9n el\u00e9g, ha a zak\u00f3t b\u0151rdzsekire cser\u00e9led, \u00e9s megjelen\u00e9sed m\u00e1ris alkalmas arra, hogy be\u00fclj egy klubba a haverokkal. R\u00e1ad\u00e1sul ezeknek a cip\u0151knek megemelt talpa van, ami optikailag n\u00e9h\u00e1ny centim\u00e9terrel magasabbnak mutat.&nbsp;<\/p>\n\n\n\n\n\n\n<p><strong>Fekete b\u0151r bokacsizma<\/strong> \u2013 egyszer\u0171en t\u00f6k\u00e9letes cip\u0151 tavaszra. Praktikus \u00e9s szinte minden alkalomra megfelel. Egy \u00fczleti megbesz\u00e9l\u00e9sen \u00f6lt\u00f6nyh\u00f6z \u00e9s garb\u00f3hoz is viselheted, de tweed nadr\u00e1ggal \u00e9s kab\u00e1ttal is j\u00f3l fog mutatni, \u00edgy t\u00f6k\u00e9letes lesz a megjelen\u00e9sed v\u00e1rosi weekendhez. A f\u00e9rfi bokacsizma szinte eg\u00e9sz \u00e9vben viselhet\u0151 cip\u0151, amelyet nem csak tavasszal, de \u0151sszel, vagy a kev\u00e9sb\u00e9 hideg t\u00e9li napokon is nyugodtan el\u0151vehetsz.&nbsp;<\/p>\n\n\n\n\n\n\n<p>&nbsp;A <strong>magas\u00edtott sark\u00fa barna b\u0151r cip\u0151<\/strong> &#8211; Pontosan ilyen cip\u0151t viseltek az 1970-es \u00e9vek beli hollywoodi szt\u00e1rok, p\u00e9ld\u00e1ul a fiatal Robert Redford \u00e9s Paul Newman. A retr\u00f3 igazi renesz\u00e1nsz\u00e1t \u00e9li napjainkban, id\u00e9zd meg te is a megjelen\u00e9seddel, ezt a csod\u00e1s korszakot! Egy tenger\u00e9szk\u00e9k farmer nadr\u00e1g, hozz\u00e1 egy kordb\u00e1rsony kab\u00e1t, \u00e9s egy ilyen gy\u00f6ny\u00f6r\u0171 mokaszin! Leny\u0171g\u00f6z\u0151 leszel!&nbsp; Ha nem vagy oda a nosztalgi\u00e1\u00e9rt, akkor sem kell elvetned egy mokaszin \u00f6tlet\u00e9t! Ez a modell kit\u0171n\u0151en mutat a bok\u00e1ig \u00e9r\u0151 chin\u00f3val (sz\u00f6vetnadr\u00e1g) \u00e9s egy vastag pul\u00f3verrel. Egy b\u0151r h\u00e1tizs\u00e1k vagy v\u00e1llt\u00e1ska pedig kieg\u00e9sz\u00edti, \u00e9s egyszer\u0171en t\u00f6k\u00e9letess\u00e9 teszi ezt a kombin\u00e1ci\u00f3t. Itt az ideje, hogy te is megn\u00e9zd a leg\u00fajabb tavaszi trendeket, \u00e9s divatos cip\u0151ket v\u00e1lassz tavaszra!&nbsp;<\/p>\n\n\n\n\n\n\n<p><strong>Papucscip\u0151<\/strong> &#8211; Ezek a b\u0151rb\u0151l k\u00e9sz\u00fclt, de sportos karakter\u0171, praktikus \u00e9s univerz\u00e1lis darabok meg\u00e1llj\u00e1k a hely\u00fcket minden st\u00edlusban. Hordhatod kimondottan alkalmi \u00f6lt\u00f6zethez, de meleg\u00edt\u0151nadr\u00e1ggal \u00e9s kapucnis pul\u00f3verrel is, vagy egy sz\u0171k\u00edtett farmerhez. Egyszer\u0171en univerz\u00e1lis! H\u0171v\u00f6s napokon egy gyapj\u00fa sapk\u00e1val, hipszter hangulatot k\u00f6lcs\u00f6n\u00f6z a megjelen\u00e9sednek.&nbsp;<\/p>\n\n\n\n<p><strong><\/strong><\/p>\n\n\n\n<p><strong>Fekete cip\u0151<\/strong> \u2013 \u00fagy is mondhatn\u00e1nk, az \u00f6r\u00f6k klasszikus. A sokoldal\u00fa elegancia \u00f6r\u00f6k\u00e9rv\u00e9ny\u0171 bajnoka, annyira sz\u00e9les k\u00f6rben tudod kihaszn\u00e1lni. Munk\u00e1hoz \u00e9s hivatalos alkalmakra, p\u00e9ld\u00e1ul esk\u00fcv\u0151kre, temet\u00e9sekre, keresztel\u0151kre vagy \u00e1ll\u00e1sinterj\u00fakra is viselheted. Legjobban \u00f6lt\u00f6nyh\u00f6z \u00e9s fekete nyakkend\u0151h\u00f6z illenek. Igen t\u00e9ny, hogy nem ez a vil\u00e1g legizgalmasabb l\u00e1bbelije &#8211; de ebben rejlik az ereje. A fekete f\u00e9lcip\u0151, k\u00fcl\u00f6n\u00f6sen az oxford cip\u0151, a legbiztons\u00e1gosabb v\u00e1laszt\u00e1s minden hivatalos kiruccan\u00e1shoz.&nbsp;<\/p>\n\n\n\n<p><strong><\/strong><\/p>\n\n\n\n<p><strong>Derby<\/strong> <strong>cip\u0151<\/strong> &#8211; a klasszikus oxfordok laz\u00e1bb rokona. A k\u00e9t modell k\u00f6z\u00f6tti k\u00fcl\u00f6nbs\u00e9g meglehet\u0151sen apr\u00f3, \u00e9s a k\u00f6t\u00e9s m\u00f3dj\u00e1t \u00e9rinti. A derbyken a cip\u0151 oldals\u00f3 r\u00e9szeit &#8211; amelyeken a cip\u0151f\u0171z\u0151k sz\u00e1m\u00e1ra a lyukak vannak &#8211; fel\u00fclre varrj\u00e1k, m\u00edg az oxfordokn\u00e1l alulra. A derby cip\u0151k sziluettje is massz\u00edvabb, \u00e9s olykor gumi talpak ker\u00fclnek r\u00e1. Sz\u00e9lesebb sz\u00edn- \u00e9s anyagv\u00e1laszt\u00e9k\u00e1val &#8211; a b\u0151rb\u0151l k\u00e9sz\u00fcltekt\u0151l a kontrasztos talp\u00fa vel\u00far v\u00e1ltozatokig &#8211; ak\u00e1r farmerrel is kombin\u00e1lhat\u00f3k, hogy egy kicsit eleg\u00e1nsabb\u00e1 var\u00e1zsolhasd a mindennapi megjelen\u00e9sed.\u00a0<\/p>\n\n\n\n<p><strong>B\u0151r tornacip\u0151k<\/strong> \u2013 az elm\u00falt \u00e9vekben a tornacip\u0151k val\u00f3di metamorf\u00f3zison mentek kereszt\u00fcl. Az egyszer\u0171 edz\u0151cip\u0151k is m\u00e1sk\u00e9pp k\u00e9sz\u00fclnek manaps\u00e1g, mint kor\u00e1bban. A minimalizmus jellemzi \u0151ket, \u00e9s gyakran min\u0151s\u00e9gi b\u0151rb\u0151l k\u00e9sz\u00fclnek. Egyetlen dolog azonban szerencs\u00e9re nem v\u00e1ltozott: a k\u00e9nyelm\u00fckb\u0151l \u00e9s a l\u00e9g\u00e1tereszt\u0151 k\u00e9pess\u00e9g\u00fckb\u0151l egy cseppet sem vesz\u00edtettek. M\u00e1r munkahelyre is nyugodtan hordhatod, nem csak az edz\u0151termek falain bel\u00fcl!&nbsp;<\/p>\n\n\n\n<p><strong><\/strong><\/p>\n\n\n\n<p><strong>Sportcip\u0151k<\/strong> \u2013 ha ben\u00e9zel egy f\u00e9rfi cip\u0151s szekr\u00e9ny\u00e9be, nagy es\u00e9llyel kiz\u00e1r\u00f3lag praktikus \u00e9s k\u00e9nyelmes darabokat fogsz l\u00e1tni. A CCC kollekci\u00f3j\u00e1ban t\u00f6bbf\u00e9le ismert m\u00e1rk\u00e1j\u00fa sportcip\u0151t tal\u00e1lhatsz &#8211; Reebok, Puma, Adidas, New Balance vagy Sprandi. V\u00e1laszthatsz minimalista, vagy futurisztikus kialak\u00edt\u00e1s\u00fa modelleket, k\u00fcl\u00f6nb\u00f6z\u0151 sz\u00ednekben, hagyom\u00e1nyos vagy vastagabb talppal.&nbsp;&nbsp;<\/p>\n\n\n\n<p><strong><\/strong><\/p>\n\n\n\n<p><strong>Milyen m\u00e1rk\u00e1t v\u00e1lassz?<\/strong>&nbsp;<\/p>\n\n\n\n<p>Mindenk\u00e9ppen olyat, amelyik id\u0151t\u00e1ll\u00f3 st\u00edlus\u00fa cip\u0151ket k\u00edn\u00e1l. A <a href=\"https:\/\/ccc.eu\/hu\/ferfi\/markak\/lasocki-for-man\" target=\"_blank\" rel=\"noreferrer noopener\">Lasocki<\/a>, a <a href=\"https:\/\/ccc.eu\/hu\/ferfi\/markak\/gino-rossi\" target=\"_blank\" rel=\"noreferrer noopener\">Gino Rossi<\/a> vagy a <a href=\"https:\/\/ccc.eu\/hu\/ferfi\/markak\/lanetti\" target=\"_blank\" rel=\"noreferrer noopener\">Lanetti<\/a> kollekci\u00f3iban megtal\u00e1lod az \u00f6r\u00f6kz\u00f6ld tavaszi f\u00e9rfi cip\u0151ket, ha b\u0151rb\u0151l k\u00e9sz\u00fclt, klasszikus cip\u0151re van sz\u00fcks\u00e9ged.&nbsp;<\/p>\n\n\n\n<p>&nbsp;Ha sportosabb jelleg\u0171 cip\u0151t keresel, n\u00e9zd meg az <a href=\"https:\/\/ccc.eu\/hu\/ferfi\/markak\/adidas\" target=\"_blank\" rel=\"noreferrer noopener\">Adidas<\/a>, <a href=\"https:\/\/ccc.eu\/hu\/ferfi\/markak\/sprandi\" target=\"_blank\" rel=\"noreferrer noopener\">Sprandi<\/a>, <a href=\"https:\/\/ccc.eu\/hu\/ferfi\/markak\/new-balance\" target=\"_blank\" rel=\"noreferrer noopener\">New Balance<\/a>, <a href=\"https:\/\/ccc.eu\/hu\/ferfi\/markak\/puma\" target=\"_blank\" rel=\"noreferrer noopener\">Puma<\/a> vagy <a href=\"https:\/\/ccc.eu\/hu\/ferfi\/markak\/reebok\" target=\"_blank\" rel=\"noreferrer noopener\">Reebok<\/a> m\u00e1rk\u00e1kat, vagy az ikonikus <a href=\"https:\/\/ccc.eu\/hu\/search\/neme:ferfi?query%5Bmenu_item%5D=&amp;query%5Bquerystring%5D=convese\" target=\"_blank\" rel=\"noreferrer noopener\">Converse<\/a> edz\u0151cip\u0151ket!&nbsp;<\/p>\n\n\n\n<p><em>Egy \u00faj tavaszi f\u00e9rfi cip\u0151 v\u00e1s\u00e1rl\u00e1sa igazi kih\u00edv\u00e1st jelenthet, de egyben nagyszer\u0171 lehet\u0151s\u00e9g is, hogy t\u00f6bb \u00e9letet lehelj a ruhat\u00e1r\u00e1ba. N\u00e9zd meg a leg\u00fajabb trendeket, a legjobb m\u00e1rk\u00e1k kollekci\u00f3it a <\/em><a href=\"https:\/\/ccc.eu\/hu\/ferfi\/cipok\" target=\"_blank\" rel=\"noreferrer noopener\"><em>CCC k\u00edn\u00e1lat\u00e1ban,<\/em><\/a><em> \u00e9s tal\u00e1ld meg a t\u00f6k\u00e9letes cip\u0151t az \u00faj szezonra te is n\u00e1lunk! <\/em><a href=\"https:\/\/www.facebook.com\/CCC.Hungary\/\" target=\"_blank\" rel=\"noreferrer noopener\"><em>Facebookon<\/em><\/a><em> \u00e9s <\/em><a href=\"https:\/\/www.instagram.com\/cccshoesbags\/\" target=\"_blank\" rel=\"noreferrer noopener\"><em>Instagramon<\/em><\/a><em> is ott vagyunk, k\u00f6vess minket a friss trendek\u00e9rt!<\/em>&nbsp;<\/p>\n","protected":false},"excerpt":{"rendered":"<p>Fedezd fel a CCC-vel a tavaszi f\u00e9rfi cip\u0151k&nbsp; leg\u00fajabb trendjeit!&nbsp; Az \u00faj szezon mindig a ruhat\u00e1r felfriss\u00edt\u00e9s\u00e9vel kezd\u0151dik. A legjobban akkor j\u00e1rsz, ha a cip\u0151vel kezded a tavaszi felk\u00e9sz\u00fcl\u00e9st, hiszen ez a j\u00f3 megjelen\u00e9s alapja. Ha j\u00f3l v\u00e1lasztasz, izgalmasabb\u00e1 teheted a st\u00edlusod, ha rosszul, akkor viszont oda a j\u00f3 megjelen\u00e9s. Ez a cip\u0151k hatalma.&nbsp;&nbsp; A [&hellip;]<\/p>\n","protected":false},"author":14,"featured_media":5027,"comment_status":"open","ping_status":"open","sticky":false,"template":"","format":"standard","meta":{"_acf_changed":false,"footnotes":""},"categories":[6],"tags":[622,700,699,701],"class_list":["post-5026","post","type-post","status-publish","format-standard","has-post-thumbnail","hentry","category-trendek","tag-felcipo","tag-ferfi-cipo","tag-tavaszi-ferfi-cipo","tag-trendi-cipo-ferfiaknak"],"acf":[],"yoast_head":"<!-- This site is optimized with the Yoast SEO plugin v26.9 - https:\/\/yoast.com\/product\/yoast-seo-wordpress\/ -->\n<title>Divatos f\u00e9rfi cip\u0151ket tavaszra!\u00a0 - CCC Fashion blog<\/title>\n<meta name=\"description\" content=\"Persze nem kell v\u00e9gtelen mennyis\u00e9g\u0171 cip\u0151kb\u0151l sem, de van k\u00e9tf\u00e9le st\u00edlus, amely mindenk\u00e9pp kapjon helyet a te cip\u0151s szekr\u00e9nyedben is: egy sportos, \u00e9s egy eleg\u00e1ns. A v\u00e1laszt\u00e1s nem mindig k\u00f6nny\u0171, hiszen sokf\u00e9le modellt\u0151l roskadoznak a polcaink, de most adunk tippeket a j\u00f3 d\u00f6nt\u00e9s meghozatal\u00e1hoz. 2026\" \/>\n<meta name=\"robots\" content=\"index, follow, max-snippet:-1, max-image-preview:large, max-video-preview:-1\" \/>\n<link rel=\"canonical\" href=\"https:\/\/blog.ccc.eu\/hu\/divatos-ferfi-cipoket-tavaszra\/\" \/>\n<meta property=\"og:locale\" content=\"hu_HU\" \/>\n<meta property=\"og:type\" content=\"article\" \/>\n<meta property=\"og:title\" content=\"Divatos f\u00e9rfi cip\u0151ket tavaszra!\u00a0 - CCC Fashion blog\" \/>\n<meta property=\"og:description\" content=\"Persze nem kell v\u00e9gtelen mennyis\u00e9g\u0171 cip\u0151kb\u0151l sem, de van k\u00e9tf\u00e9le st\u00edlus, amely mindenk\u00e9pp kapjon helyet a te cip\u0151s szekr\u00e9nyedben is: egy sportos, \u00e9s egy eleg\u00e1ns. A v\u00e1laszt\u00e1s nem mindig k\u00f6nny\u0171, hiszen sokf\u00e9le modellt\u0151l roskadoznak a polcaink, de most adunk tippeket a j\u00f3 d\u00f6nt\u00e9s meghozatal\u00e1hoz.\" \/>\n<meta property=\"og:url\" content=\"https:\/\/blog.ccc.eu\/hu\/divatos-ferfi-cipoket-tavaszra\/\" \/>\n<meta property=\"og:site_name\" content=\"CCC Fashion blog\" \/>\n<meta property=\"article:published_time\" content=\"2022-02-16T08:06:34+00:00\" \/>\n<meta property=\"article:modified_time\" content=\"2022-02-16T08:06:35+00:00\" \/>\n<meta property=\"og:image\" content=\"https:\/\/blog.ccc.eu\/hu\/wp-content\/uploads\/2022\/02\/GR-LBSS22-3293.jpg\" \/>\n\t<meta property=\"og:image:width\" content=\"1891\" \/>\n\t<meta property=\"og:image:height\" content=\"2048\" \/>\n\t<meta property=\"og:image:type\" content=\"image\/jpeg\" \/>\n<meta name=\"author\" content=\"Szab\u00f3 Ivett\" \/>\n<meta name=\"twitter:card\" content=\"summary_large_image\" \/>\n<meta name=\"twitter:label1\" content=\"Szerz\u0151:\" \/>\n\t<meta name=\"twitter:data1\" content=\"Szab\u00f3 Ivett\" \/>\n\t<meta name=\"twitter:label2\" content=\"Becs\u00fclt olvas\u00e1si id\u0151\" \/>\n\t<meta name=\"twitter:data2\" content=\"6 perc\" \/>\n<script type=\"application\/ld+json\" class=\"yoast-schema-graph\">{\"@context\":\"https:\/\/schema.org\",\"@graph\":[{\"@type\":\"Article\",\"@id\":\"https:\/\/blog.ccc.eu\/hu\/divatos-ferfi-cipoket-tavaszra\/#article\",\"isPartOf\":{\"@id\":\"https:\/\/blog.ccc.eu\/hu\/divatos-ferfi-cipoket-tavaszra\/\"},\"author\":{\"name\":\"Szab\u00f3 Ivett\",\"@id\":\"https:\/\/blog.ccc.eu\/hu\/#\/schema\/person\/518c172e4662b542127efb4480d8cd6b\"},\"headline\":\"Divatos f\u00e9rfi cip\u0151ket tavaszra!\u00a0\",\"datePublished\":\"2022-02-16T08:06:34+00:00\",\"dateModified\":\"2022-02-16T08:06:35+00:00\",\"mainEntityOfPage\":{\"@id\":\"https:\/\/blog.ccc.eu\/hu\/divatos-ferfi-cipoket-tavaszra\/\"},\"wordCount\":1396,\"commentCount\":0,\"publisher\":{\"@id\":\"https:\/\/blog.ccc.eu\/hu\/#organization\"},\"image\":{\"@id\":\"https:\/\/blog.ccc.eu\/hu\/divatos-ferfi-cipoket-tavaszra\/#primaryimage\"},\"thumbnailUrl\":\"https:\/\/blog.ccc.eu\/hu\/wp-content\/uploads\/2022\/02\/GR-LBSS22-3293.jpg\",\"keywords\":[\"f\u00e9lcip\u0151\",\"f\u00e9rfi cip\u0151\",\"tavaszi f\u00e9rfi cip\u0151\",\"trendi cip\u0151 f\u00e9rfiaknak\"],\"articleSection\":[\"TRENDEK\"],\"inLanguage\":\"hu\",\"potentialAction\":[{\"@type\":\"CommentAction\",\"name\":\"Comment\",\"target\":[\"https:\/\/blog.ccc.eu\/hu\/divatos-ferfi-cipoket-tavaszra\/#respond\"]}]},{\"@type\":\"WebPage\",\"@id\":\"https:\/\/blog.ccc.eu\/hu\/divatos-ferfi-cipoket-tavaszra\/\",\"url\":\"https:\/\/blog.ccc.eu\/hu\/divatos-ferfi-cipoket-tavaszra\/\",\"name\":\"Divatos f\u00e9rfi cip\u0151ket tavaszra!\u00a0 - CCC Fashion blog\",\"isPartOf\":{\"@id\":\"https:\/\/blog.ccc.eu\/hu\/#website\"},\"primaryImageOfPage\":{\"@id\":\"https:\/\/blog.ccc.eu\/hu\/divatos-ferfi-cipoket-tavaszra\/#primaryimage\"},\"image\":{\"@id\":\"https:\/\/blog.ccc.eu\/hu\/divatos-ferfi-cipoket-tavaszra\/#primaryimage\"},\"thumbnailUrl\":\"https:\/\/blog.ccc.eu\/hu\/wp-content\/uploads\/2022\/02\/GR-LBSS22-3293.jpg\",\"datePublished\":\"2022-02-16T08:06:34+00:00\",\"dateModified\":\"2022-02-16T08:06:35+00:00\",\"description\":\"Persze nem kell v\u00e9gtelen mennyis\u00e9g\u0171 cip\u0151kb\u0151l sem, de van k\u00e9tf\u00e9le st\u00edlus, amely mindenk\u00e9pp kapjon helyet a te cip\u0151s szekr\u00e9nyedben is: egy sportos, \u00e9s egy eleg\u00e1ns. A v\u00e1laszt\u00e1s nem mindig k\u00f6nny\u0171, hiszen sokf\u00e9le modellt\u0151l roskadoznak a polcaink, de most adunk tippeket a j\u00f3 d\u00f6nt\u00e9s meghozatal\u00e1hoz.\",\"breadcrumb\":{\"@id\":\"https:\/\/blog.ccc.eu\/hu\/divatos-ferfi-cipoket-tavaszra\/#breadcrumb\"},\"inLanguage\":\"hu\",\"potentialAction\":[{\"@type\":\"ReadAction\",\"target\":[\"https:\/\/blog.ccc.eu\/hu\/divatos-ferfi-cipoket-tavaszra\/\"]}]},{\"@type\":\"ImageObject\",\"inLanguage\":\"hu\",\"@id\":\"https:\/\/blog.ccc.eu\/hu\/divatos-ferfi-cipoket-tavaszra\/#primaryimage\",\"url\":\"https:\/\/blog.ccc.eu\/hu\/wp-content\/uploads\/2022\/02\/GR-LBSS22-3293.jpg\",\"contentUrl\":\"https:\/\/blog.ccc.eu\/hu\/wp-content\/uploads\/2022\/02\/GR-LBSS22-3293.jpg\",\"width\":1891,\"height\":2048,\"caption\":\"F\u00e9rfi cip\u0151k tavaszra CCC\"},{\"@type\":\"BreadcrumbList\",\"@id\":\"https:\/\/blog.ccc.eu\/hu\/divatos-ferfi-cipoket-tavaszra\/#breadcrumb\",\"itemListElement\":[{\"@type\":\"ListItem\",\"position\":1,\"name\":\"Strona g\u0142\u00f3wna\",\"item\":\"https:\/\/blog.ccc.eu\/hu\/\"},{\"@type\":\"ListItem\",\"position\":2,\"name\":\"Divatos f\u00e9rfi cip\u0151ket tavaszra!\u00a0\"}]},{\"@type\":\"WebSite\",\"@id\":\"https:\/\/blog.ccc.eu\/hu\/#website\",\"url\":\"https:\/\/blog.ccc.eu\/hu\/\",\"name\":\"CCC Fashion blog\",\"description\":\"Az \u00d6n helye tele van divatihletekkel\",\"publisher\":{\"@id\":\"https:\/\/blog.ccc.eu\/hu\/#organization\"},\"potentialAction\":[{\"@type\":\"SearchAction\",\"target\":{\"@type\":\"EntryPoint\",\"urlTemplate\":\"https:\/\/blog.ccc.eu\/hu\/?s={search_term_string}\"},\"query-input\":{\"@type\":\"PropertyValueSpecification\",\"valueRequired\":true,\"valueName\":\"search_term_string\"}}],\"inLanguage\":\"hu\"},{\"@type\":\"Organization\",\"@id\":\"https:\/\/blog.ccc.eu\/hu\/#organization\",\"name\":\"CCC S.A.\",\"url\":\"https:\/\/blog.ccc.eu\/hu\/\",\"logo\":{\"@type\":\"ImageObject\",\"inLanguage\":\"hu\",\"@id\":\"https:\/\/blog.ccc.eu\/hu\/#\/schema\/logo\/image\/\",\"url\":\"https:\/\/blog.ccc.eu\/hu\/wp-content\/uploads\/2021\/11\/logo_ccc.png\",\"contentUrl\":\"https:\/\/blog.ccc.eu\/hu\/wp-content\/uploads\/2021\/11\/logo_ccc.png\",\"width\":730,\"height\":270,\"caption\":\"CCC S.A.\"},\"image\":{\"@id\":\"https:\/\/blog.ccc.eu\/hu\/#\/schema\/logo\/image\/\"}},{\"@type\":\"Person\",\"@id\":\"https:\/\/blog.ccc.eu\/hu\/#\/schema\/person\/518c172e4662b542127efb4480d8cd6b\",\"name\":\"Szab\u00f3 Ivett\",\"image\":{\"@type\":\"ImageObject\",\"inLanguage\":\"hu\",\"@id\":\"https:\/\/blog.ccc.eu\/hu\/#\/schema\/person\/image\/\",\"url\":\"https:\/\/blog.ccc.eu\/hu\/wp-content\/uploads\/2022\/08\/admin-ajax-1-100x100.jpg\",\"contentUrl\":\"https:\/\/blog.ccc.eu\/hu\/wp-content\/uploads\/2022\/08\/admin-ajax-1-100x100.jpg\",\"caption\":\"Szab\u00f3 Ivett\"},\"url\":\"https:\/\/blog.ccc.eu\/hu\/author\/szabo-ivett\/\"}]}<\/script>\n<!-- \/ Yoast SEO plugin. -->","yoast_head_json":{"title":"Divatos f\u00e9rfi cip\u0151ket tavaszra!\u00a0 - CCC Fashion blog","description":"Persze nem kell v\u00e9gtelen mennyis\u00e9g\u0171 cip\u0151kb\u0151l sem, de van k\u00e9tf\u00e9le st\u00edlus, amely mindenk\u00e9pp kapjon helyet a te cip\u0151s szekr\u00e9nyedben is: egy sportos, \u00e9s egy eleg\u00e1ns. A v\u00e1laszt\u00e1s nem mindig k\u00f6nny\u0171, hiszen sokf\u00e9le modellt\u0151l roskadoznak a polcaink, de most adunk tippeket a j\u00f3 d\u00f6nt\u00e9s meghozatal\u00e1hoz. 2026","robots":{"index":"index","follow":"follow","max-snippet":"max-snippet:-1","max-image-preview":"max-image-preview:large","max-video-preview":"max-video-preview:-1"},"canonical":"https:\/\/blog.ccc.eu\/hu\/divatos-ferfi-cipoket-tavaszra\/","og_locale":"hu_HU","og_type":"article","og_title":"Divatos f\u00e9rfi cip\u0151ket tavaszra!\u00a0 - CCC Fashion blog","og_description":"Persze nem kell v\u00e9gtelen mennyis\u00e9g\u0171 cip\u0151kb\u0151l sem, de van k\u00e9tf\u00e9le st\u00edlus, amely mindenk\u00e9pp kapjon helyet a te cip\u0151s szekr\u00e9nyedben is: egy sportos, \u00e9s egy eleg\u00e1ns. A v\u00e1laszt\u00e1s nem mindig k\u00f6nny\u0171, hiszen sokf\u00e9le modellt\u0151l roskadoznak a polcaink, de most adunk tippeket a j\u00f3 d\u00f6nt\u00e9s meghozatal\u00e1hoz.","og_url":"https:\/\/blog.ccc.eu\/hu\/divatos-ferfi-cipoket-tavaszra\/","og_site_name":"CCC Fashion blog","article_published_time":"2022-02-16T08:06:34+00:00","article_modified_time":"2022-02-16T08:06:35+00:00","og_image":[{"width":1891,"height":2048,"url":"https:\/\/blog.ccc.eu\/hu\/wp-content\/uploads\/2022\/02\/GR-LBSS22-3293.jpg","type":"image\/jpeg"}],"author":"Szab\u00f3 Ivett","twitter_card":"summary_large_image","twitter_misc":{"Szerz\u0151:":"Szab\u00f3 Ivett","Becs\u00fclt olvas\u00e1si id\u0151":"6 perc"},"schema":{"@context":"https:\/\/schema.org","@graph":[{"@type":"Article","@id":"https:\/\/blog.ccc.eu\/hu\/divatos-ferfi-cipoket-tavaszra\/#article","isPartOf":{"@id":"https:\/\/blog.ccc.eu\/hu\/divatos-ferfi-cipoket-tavaszra\/"},"author":{"name":"Szab\u00f3 Ivett","@id":"https:\/\/blog.ccc.eu\/hu\/#\/schema\/person\/518c172e4662b542127efb4480d8cd6b"},"headline":"Divatos f\u00e9rfi cip\u0151ket tavaszra!\u00a0","datePublished":"2022-02-16T08:06:34+00:00","dateModified":"2022-02-16T08:06:35+00:00","mainEntityOfPage":{"@id":"https:\/\/blog.ccc.eu\/hu\/divatos-ferfi-cipoket-tavaszra\/"},"wordCount":1396,"commentCount":0,"publisher":{"@id":"https:\/\/blog.ccc.eu\/hu\/#organization"},"image":{"@id":"https:\/\/blog.ccc.eu\/hu\/divatos-ferfi-cipoket-tavaszra\/#primaryimage"},"thumbnailUrl":"https:\/\/blog.ccc.eu\/hu\/wp-content\/uploads\/2022\/02\/GR-LBSS22-3293.jpg","keywords":["f\u00e9lcip\u0151","f\u00e9rfi cip\u0151","tavaszi f\u00e9rfi cip\u0151","trendi cip\u0151 f\u00e9rfiaknak"],"articleSection":["TRENDEK"],"inLanguage":"hu","potentialAction":[{"@type":"CommentAction","name":"Comment","target":["https:\/\/blog.ccc.eu\/hu\/divatos-ferfi-cipoket-tavaszra\/#respond"]}]},{"@type":"WebPage","@id":"https:\/\/blog.ccc.eu\/hu\/divatos-ferfi-cipoket-tavaszra\/","url":"https:\/\/blog.ccc.eu\/hu\/divatos-ferfi-cipoket-tavaszra\/","name":"Divatos f\u00e9rfi cip\u0151ket tavaszra!\u00a0 - CCC Fashion blog","isPartOf":{"@id":"https:\/\/blog.ccc.eu\/hu\/#website"},"primaryImageOfPage":{"@id":"https:\/\/blog.ccc.eu\/hu\/divatos-ferfi-cipoket-tavaszra\/#primaryimage"},"image":{"@id":"https:\/\/blog.ccc.eu\/hu\/divatos-ferfi-cipoket-tavaszra\/#primaryimage"},"thumbnailUrl":"https:\/\/blog.ccc.eu\/hu\/wp-content\/uploads\/2022\/02\/GR-LBSS22-3293.jpg","datePublished":"2022-02-16T08:06:34+00:00","dateModified":"2022-02-16T08:06:35+00:00","description":"Persze nem kell v\u00e9gtelen mennyis\u00e9g\u0171 cip\u0151kb\u0151l sem, de van k\u00e9tf\u00e9le st\u00edlus, amely mindenk\u00e9pp kapjon helyet a te cip\u0151s szekr\u00e9nyedben is: egy sportos, \u00e9s egy eleg\u00e1ns. A v\u00e1laszt\u00e1s nem mindig k\u00f6nny\u0171, hiszen sokf\u00e9le modellt\u0151l roskadoznak a polcaink, de most adunk tippeket a j\u00f3 d\u00f6nt\u00e9s meghozatal\u00e1hoz.","breadcrumb":{"@id":"https:\/\/blog.ccc.eu\/hu\/divatos-ferfi-cipoket-tavaszra\/#breadcrumb"},"inLanguage":"hu","potentialAction":[{"@type":"ReadAction","target":["https:\/\/blog.ccc.eu\/hu\/divatos-ferfi-cipoket-tavaszra\/"]}]},{"@type":"ImageObject","inLanguage":"hu","@id":"https:\/\/blog.ccc.eu\/hu\/divatos-ferfi-cipoket-tavaszra\/#primaryimage","url":"https:\/\/blog.ccc.eu\/hu\/wp-content\/uploads\/2022\/02\/GR-LBSS22-3293.jpg","contentUrl":"https:\/\/blog.ccc.eu\/hu\/wp-content\/uploads\/2022\/02\/GR-LBSS22-3293.jpg","width":1891,"height":2048,"caption":"F\u00e9rfi cip\u0151k tavaszra CCC"},{"@type":"BreadcrumbList","@id":"https:\/\/blog.ccc.eu\/hu\/divatos-ferfi-cipoket-tavaszra\/#breadcrumb","itemListElement":[{"@type":"ListItem","position":1,"name":"Strona g\u0142\u00f3wna","item":"https:\/\/blog.ccc.eu\/hu\/"},{"@type":"ListItem","position":2,"name":"Divatos f\u00e9rfi cip\u0151ket tavaszra!\u00a0"}]},{"@type":"WebSite","@id":"https:\/\/blog.ccc.eu\/hu\/#website","url":"https:\/\/blog.ccc.eu\/hu\/","name":"CCC Fashion blog","description":"Az \u00d6n helye tele van divatihletekkel","publisher":{"@id":"https:\/\/blog.ccc.eu\/hu\/#organization"},"potentialAction":[{"@type":"SearchAction","target":{"@type":"EntryPoint","urlTemplate":"https:\/\/blog.ccc.eu\/hu\/?s={search_term_string}"},"query-input":{"@type":"PropertyValueSpecification","valueRequired":true,"valueName":"search_term_string"}}],"inLanguage":"hu"},{"@type":"Organization","@id":"https:\/\/blog.ccc.eu\/hu\/#organization","name":"CCC S.A.","url":"https:\/\/blog.ccc.eu\/hu\/","logo":{"@type":"ImageObject","inLanguage":"hu","@id":"https:\/\/blog.ccc.eu\/hu\/#\/schema\/logo\/image\/","url":"https:\/\/blog.ccc.eu\/hu\/wp-content\/uploads\/2021\/11\/logo_ccc.png","contentUrl":"https:\/\/blog.ccc.eu\/hu\/wp-content\/uploads\/2021\/11\/logo_ccc.png","width":730,"height":270,"caption":"CCC S.A."},"image":{"@id":"https:\/\/blog.ccc.eu\/hu\/#\/schema\/logo\/image\/"}},{"@type":"Person","@id":"https:\/\/blog.ccc.eu\/hu\/#\/schema\/person\/518c172e4662b542127efb4480d8cd6b","name":"Szab\u00f3 Ivett","image":{"@type":"ImageObject","inLanguage":"hu","@id":"https:\/\/blog.ccc.eu\/hu\/#\/schema\/person\/image\/","url":"https:\/\/blog.ccc.eu\/hu\/wp-content\/uploads\/2022\/08\/admin-ajax-1-100x100.jpg","contentUrl":"https:\/\/blog.ccc.eu\/hu\/wp-content\/uploads\/2022\/08\/admin-ajax-1-100x100.jpg","caption":"Szab\u00f3 Ivett"},"url":"https:\/\/blog.ccc.eu\/hu\/author\/szabo-ivett\/"}]}},"_links":{"self":[{"href":"https:\/\/blog.ccc.eu\/hu\/wp-json\/wp\/v2\/posts\/5026","targetHints":{"allow":["GET"]}}],"collection":[{"href":"https:\/\/blog.ccc.eu\/hu\/wp-json\/wp\/v2\/posts"}],"about":[{"href":"https:\/\/blog.ccc.eu\/hu\/wp-json\/wp\/v2\/types\/post"}],"author":[{"embeddable":true,"href":"https:\/\/blog.ccc.eu\/hu\/wp-json\/wp\/v2\/users\/14"}],"replies":[{"embeddable":true,"href":"https:\/\/blog.ccc.eu\/hu\/wp-json\/wp\/v2\/comments?post=5026"}],"version-history":[{"count":1,"href":"https:\/\/blog.ccc.eu\/hu\/wp-json\/wp\/v2\/posts\/5026\/revisions"}],"predecessor-version":[{"id":5029,"href":"https:\/\/blog.ccc.eu\/hu\/wp-json\/wp\/v2\/posts\/5026\/revisions\/5029"}],"wp:featuredmedia":[{"embeddable":true,"href":"https:\/\/blog.ccc.eu\/hu\/wp-json\/wp\/v2\/media\/5027"}],"wp:attachment":[{"href":"https:\/\/blog.ccc.eu\/hu\/wp-json\/wp\/v2\/media?parent=5026"}],"wp:term":[{"taxonomy":"category","embeddable":true,"href":"https:\/\/blog.ccc.eu\/hu\/wp-json\/wp\/v2\/categories?post=5026"},{"taxonomy":"post_tag","embeddable":true,"href":"https:\/\/blog.ccc.eu\/hu\/wp-json\/wp\/v2\/tags?post=5026"}],"curies":[{"name":"wp","href":"https:\/\/api.w.org\/{rel}","templated":true}]}}