{"id":5168,"date":"2022-04-07T14:07:00","date_gmt":"2022-04-07T12:07:00","guid":{"rendered":"https:\/\/blog.ccc.eu\/hu\/?p=5168"},"modified":"2023-02-02T13:06:05","modified_gmt":"2023-02-02T12:06:05","slug":"az-orok-divatossag-garanciaja-a-kapszulagardrob","status":"publish","type":"post","link":"https:\/\/blog.ccc.eu\/hu\/az-orok-divatossag-garanciaja-a-kapszulagardrob\/","title":{"rendered":"Az \u00f6r\u00f6k divatoss\u00e1g garanci\u00e1ja: a kapszulagardr\u00f3b\u00a0"},"content":{"rendered":"\n<p><em>V\u00e1logasd \u00f6ssze tudatosan, vari\u00e1ld sokf\u00e9lek\u00e9ppen! Mutatjuk, mi legyen benne!<\/em>&nbsp;<\/p>\n\n\n\n<p><b>Tudod ki volt Susie Faux? Ha eddig nem hallott\u00e1l volna r\u00f3la, akkor el\u00e1ruljuk, hogy egy londoni butiktulajdonos, az 1970-es \u00e9vekben. Neve az\u00e9rt \u00e9rdekes, mert \u0151 volt az, aki megalkotta, \u00e9s el\u0151sz\u00f6r haszn\u00e1lta a kapszulagardr\u00f3b fogalm\u00e1t.<\/b>&nbsp;&nbsp;<\/p>\n\n\n\n<figure class=\"wp-block-gallery has-nested-images columns-default is-cropped wp-block-gallery-1 is-layout-flex wp-block-gallery-is-layout-flex\">\n<figure class=\"wp-block-image size-large\"><img loading=\"lazy\" decoding=\"async\" width=\"820\" height=\"1024\" data-id=\"5196\" src=\"https:\/\/blog.ccc.eu\/hu\/wp-content\/uploads\/2022\/03\/CA_SPRANDI_AW21_org_Remi_Lamande_jpg12-3-820x1024.jpg\" alt=\"\" class=\"wp-image-5196\" srcset=\"https:\/\/blog.ccc.eu\/hu\/wp-content\/uploads\/2022\/03\/CA_SPRANDI_AW21_org_Remi_Lamande_jpg12-3-820x1024.jpg 820w, https:\/\/blog.ccc.eu\/hu\/wp-content\/uploads\/2022\/03\/CA_SPRANDI_AW21_org_Remi_Lamande_jpg12-3-240x300.jpg 240w, https:\/\/blog.ccc.eu\/hu\/wp-content\/uploads\/2022\/03\/CA_SPRANDI_AW21_org_Remi_Lamande_jpg12-3-768x960.jpg 768w, https:\/\/blog.ccc.eu\/hu\/wp-content\/uploads\/2022\/03\/CA_SPRANDI_AW21_org_Remi_Lamande_jpg12-3-100x125.jpg 100w, https:\/\/blog.ccc.eu\/hu\/wp-content\/uploads\/2022\/03\/CA_SPRANDI_AW21_org_Remi_Lamande_jpg12-3.jpg 1002w\" sizes=\"auto, (max-width: 820px) 100vw, 820px\" \/><\/figure>\n\n\n\n<figure class=\"wp-block-image size-large\"><img loading=\"lazy\" decoding=\"async\" width=\"765\" height=\"1020\" data-id=\"5197\" src=\"https:\/\/blog.ccc.eu\/hu\/wp-content\/uploads\/2022\/03\/Shot_06_053_V6_PORTRAIT-1.jpg\" alt=\"\" class=\"wp-image-5197\" srcset=\"https:\/\/blog.ccc.eu\/hu\/wp-content\/uploads\/2022\/03\/Shot_06_053_V6_PORTRAIT-1.jpg 765w, https:\/\/blog.ccc.eu\/hu\/wp-content\/uploads\/2022\/03\/Shot_06_053_V6_PORTRAIT-1-225x300.jpg 225w, https:\/\/blog.ccc.eu\/hu\/wp-content\/uploads\/2022\/03\/Shot_06_053_V6_PORTRAIT-1-100x133.jpg 100w\" sizes=\"auto, (max-width: 765px) 100vw, 765px\" \/><\/figure>\n<\/figure>\n\n\n\n<h2 class=\"wp-block-heading\"><strong>Mi az a kapszulagardr\u00f3b?<\/strong>&nbsp;<\/h2>\n\n\n\n<p>A kapszulagardr\u00f3b azt jelenti, hogy a ruhat\u00e1rad olyan darabokat tartalmaz, amelyek soha nem mennek ki a divatb\u00f3l, \u00e9s emellett egym\u00e1ssal j\u00f3l, \u00e9s v\u00e1ltozatosan vari\u00e1lhat\u00f3ak. Ezeket az alapdarabokat csak a megfelel\u0151 szezon\u00e1lis kieg\u00e9sz\u00edt\u0151kkel kell felturb\u00f3znod, \u00edgy minden \u00e9vszakban, sokf\u00e9le alkalomra fel tudsz \u00f6lt\u00f6zni, \u00e9s nem kell sokat k\u00f6ltened \u00faj ruhadarabok beszerz\u00e9s\u00e9re.&nbsp;&nbsp;<\/p>\n\n\n\n<h2 class=\"wp-block-heading\"><strong>Kinek aj\u00e1nljuk?<\/strong>&nbsp;<\/h2>\n\n\n\n<p>A legjobban akkor fogod szeretni az \u00f6lt\u00f6zk\u00f6d\u00e9snek ezt a m\u00f3dj\u00e1t, ha te is dolgoz\u00f3 n\u0151 vagy, \u00e9s minden nap \u00e9rt\u00e9kes perceket \u00e1ldozol arra a dr\u00e1ga id\u0151db\u0151l, hogy kiv\u00e1laszd, mit viselj aznap. A kapszulagardr\u00f3bbal ezt az id\u0151t visszanyerheted, \u00e9s ak\u00e1r csukott szemmel is fel tudsz majd \u00f6lt\u00f6zni, mert ak\u00e1rmihez ny\u00falsz, az biztosan passzolni fog a t\u00f6bbi ruhadarabhoz.&nbsp;&nbsp;<\/p>\n\n\n\n<p>M\u00e1sr\u00e9szt a napjainkban kiemelt figyelmet kap\u00f3 t\u00falfogyaszt\u00e1st is kiv\u00e9ded, nem n\u00f6veled \u00f6kol\u00f3giai l\u00e1bnyomodat az egy szezon alatt divatjam\u00faltt\u00e1 v\u00e1lt fast fashion darabok miatt. Azt is mondhatjuk, hogy aki kapszulagardr\u00f3bb\u00f3l \u00f6lt\u00f6zk\u00f6dik, az k\u00f6rnyezetbar\u00e1t m\u00f3don \u00f6lt\u00f6zk\u00f6dik.&nbsp;&nbsp;<\/p>\n\n\n\n<h2 class=\"wp-block-heading\"><strong>\u00cdgy \u00e1ll\u00edtsd \u00f6ssze a t\u00f6k\u00e9letes kapszulagardr\u00f3bot!<\/strong>&nbsp;<\/h2>\n\n\n\n<p>V\u00e1lassz ki egy alapsz\u00ednt, amely j\u00f3l kombin\u00e1lhat\u00f3 m\u00e1sokkal, szereted viselni, \u00e9s az eg\u00e9sz ruhat\u00e1radat jellemezni fogja. Ilyen lehet a fekete, a barna, a sz\u00fcrke, vagy a k\u00e9k. Legyenek ilyen sz\u00edn\u0171ek a nadr\u00e1gok, szokny\u00e1k, t\u00e1sk\u00e1k, kab\u00e1tok!&nbsp;<\/p>\n\n\n\n<p>Az alapsz\u00edn mell\u00e9 v\u00e1lassz ki egy kieg\u00e9sz\u00edt\u0151 sz\u00ednt is, amely \u00e9l\u00e9nkebb az alapsz\u00ednn\u00e9l, \u00e9s j\u00f3l mutat vele egy\u00fctt. Ebben a kieg\u00e9sz\u00edt\u0151 sz\u00ednben v\u00e1laszd ki a fels\u0151ket, egyberuh\u00e1kat, \u00e9s az egy\u00e9b szezon\u00e1lis kieg\u00e9sz\u00edt\u0151ket!&nbsp;<\/p>\n\n\n\n<p>A sz\u00ednek meghat\u00e1roz\u00e1s\u00e1n\u00e1l vedd figyelembe a b\u0151r\u00f6d sz\u00edn\u00e9t! Ha szeretn\u00e9d, ehhez k\u00e9rheted st\u00edlustan\u00e1csad\u00f3 seg\u00edts\u00e9g\u00e9t is, aki sz\u00edntan\u00e1csad\u00e1s keret\u00e9ben megmutatja, hogy melyek azok az \u00e1rnyalatok, amelyek igaz\u00e1n passzolnak hozz\u00e1d.&nbsp;&nbsp;<\/p>\n\n\n\n<p>A legfontosabb, hogy olyan ruhadarabokat v\u00e1logass bele, amelyek j\u00f3 min\u0151s\u00e9g\u0171ek \u00e9s tart\u00f3sak, klasszikus szab\u00e1s\u00faak \u00e9s mint\u00e1j\u00faak, vagyis mindenk\u00e9pp olyanok, amelyek a gyorsan v\u00e1ltoz\u00f3 trendek ellen\u00e9re is mindig aktu\u00e1lisak maradnak. A szab\u00e1svonalak kiv\u00e1laszt\u00e1s\u00e1n\u00e1l vedd figyelembe a testalkatodat is, \u00e9s \u00fagy v\u00e1lassz, hogy el\u0151ny\u00f6s legyen sz\u00e1modra, no meg persze k\u00e9nyelmesen \u00e9rezd magad benne.&nbsp;&nbsp;<\/p>\n\n\n\n<h2 class=\"wp-block-heading\"><strong>Milyen ruh\u00e1k legyenek egy n\u0151i kapszulagardr\u00f3bban?<\/strong>&nbsp;<\/h2>\n\n\n\n<p>Ez a hatf\u00e9le ruhadarab mindenk\u00e9pp legyen a szekr\u00e9nyedben!&nbsp;<\/p>\n\n\n\n<ol class=\"wp-block-list\">\n<li><strong>Klasszikus k\u00e9k farmernadr\u00e1g <\/strong>&#8211; A farmer egy \u00f6r\u00f6k\u00e9rv\u00e9ny\u0171 ruhadarab, amely sokf\u00e9le programra \u00e9s alkalomra is viselhet\u0151. Kombin\u00e1lhatod sneakerrel \u00e9s pulcsival a bev\u00e1s\u00e1rl\u00e1shoz, vagy kir\u00e1ndul\u00e1shoz, de egy bl\u00fazzal, bl\u00e9zerrel, \u00e9s magassark\u00faval az irod\u00e1ba is t\u00f6k\u00e9letes!&nbsp;&nbsp;<\/li>\n<\/ol>\n\n\n\n<ol class=\"wp-block-list\" start=\"2\">\n<li><strong>Feh\u00e9r bl\u00faz<\/strong> &#8211; T\u00f6k\u00e9letes lesz a farmeredhez, vagy egy csinos szokny\u00e1hoz.&nbsp;&nbsp;<\/li>\n<\/ol>\n\n\n\n<ol class=\"wp-block-list\" start=\"3\">\n<li><strong>Fekete bl\u00e9zer<\/strong> &#8211; Farmerhez, sz\u00f6vetnadr\u00e1ghoz, szokny\u00e1hoz, bl\u00fazzal, vagy egy egyszer\u0171 toppal.&nbsp; L\u00e1tod, hogy mennyi vari\u00e1ci\u00f3?&nbsp;<\/li>\n<\/ol>\n\n\n\n<ol class=\"wp-block-list\" start=\"4\">\n<li><strong>Kis fekete ruha <\/strong>\u2013 Ez a ruhadarab minden n\u0151nek ott kell legyen a ruhat\u00e1r\u00e1ban, ak\u00e1r kapszulagardr\u00f3bja van, ak\u00e1r nem. \u00dagy gondoljuk, ezt nem is kell magyar\u00e1zni.&nbsp;&nbsp;<\/li>\n<\/ol>\n\n\n\n<ol class=\"wp-block-list\" start=\"5\">\n<li><strong>Ceruzaszoknya<\/strong> \u2013 A t\u00e9rd k\u00f6zel\u00e9ben v\u00e9gz\u0151d\u0151 ceruzaszokny\u00e1t, sokf\u00e9le alkalomra viselheted, \u00e9s nagyon j\u00f3l vari\u00e1lhat\u00f3 k\u00fcl\u00f6nb\u00f6z\u0151 fels\u0151kkel, bl\u00fazokkal, cip\u0151kkel, csizm\u00e1kkal. \u00d6r\u00f6k klasszikus az \u00e9v tizenk\u00e9t h\u00f3napj\u00e1ban.&nbsp;&nbsp;<\/li>\n<\/ol>\n\n\n\n<ol class=\"wp-block-list\" start=\"6\">\n<li><strong>Sz\u00f6vetnadr\u00e1g<\/strong> &#8211; K\u00fcl\u00f6n\u00f6sebb magyar\u00e1zatra ez a darab sem szorul. Munk\u00e1ba az irod\u00e1ba, esti \u00f6sszej\u00f6vetelekre, \u00fczleti eb\u00e9dre, de randira is sim\u00e1n felveheted.&nbsp;&nbsp;<\/li>\n<\/ol>\n\n\n\n<h2 class=\"wp-block-heading\"><strong>L\u00e1bbelik kapszulagardr\u00f3bhoz<\/strong>&nbsp;<\/h2>\n\n\n\n<p>Az \u00f6lt\u00f6zk\u00f6d\u00e9s nem \u00e9r v\u00e9get a ruh\u00e1kn\u00e1l, a cip\u0151kre is jelent\u0151s figyelmet kell ford\u00edtanunk. Mutatjuk, milyen l\u00e1bbelikre lesz sz\u00fcks\u00e9ged:&nbsp;<\/p>\n\n\n\n<ol class=\"wp-block-list\">\n<li><strong>Balerinacip\u0151 <\/strong>\u2013 H\u00e9tk\u00f6znapra, h\u00e9tv\u00e9g\u00e9re, k\u00e9nyelmes, de m\u00e9gis csinos szokny\u00e1hoz, nadr\u00e1ghoz, egyberuh\u00e1hoz, farmerhez, egysz\u00f3val mindenhez passzol! Igazi jolly joker!&nbsp;<\/li>\n<\/ol>\n\n\n\n\n\n\n<p><\/p>\n\n\n\n<ol class=\"wp-block-list\" start=\"2\">\n<li><strong>Bokacsizma \u2013<\/strong> Az \u00e1tmeneti \u00e9vszakok igazi sl\u00e1gere a bokacip\u0151, amely szint\u00e9n j\u00f3l illik majd a kapszulagardr\u00f3bod minden darabj\u00e1hoz! V\u00e1lassz t\u0151l\u00fcnk, \u00e9s olvasd el <a href=\"https:\/\/blog.ccc.eu\/hu\/keszulj-megfelelo-csizmaval-az-atmeneti-evszakokra\/\" target=\"_blank\" rel=\"noreferrer noopener\">kor\u00e1bbi cikk\u00fcnket<\/a> is a bokacsizm\u00e1kr\u00f3l.&nbsp;&nbsp;<\/li>\n<\/ol>\n\n\n\n\n\n\n<ol class=\"wp-block-list\" start=\"3\">\n<li><strong>Hossz\u00fa sz\u00e1r\u00fa csizma<\/strong> \u2013 A hidegebb h\u00f3napokra j\u00f3l fog j\u00f6nni egy klasszikus hossz\u00fa sz\u00e1r\u00fa csizma is, fekete, barna, vagy nude sz\u00ednben.&nbsp; A t\u00e9li csizma kiv\u00e1laszt\u00e1s\u00e1r\u00f3l <a href=\"https:\/\/blog.ccc.eu\/hu\/belelt-meleg-es-vizallo-ilyen-a-jo-teli-csizma\/\" target=\"_blank\" rel=\"noreferrer noopener\">itt \u00edrtunk<\/a> m\u00e1r.&nbsp;&nbsp;<\/li>\n<\/ol>\n\n\n\n\n\n\n<ol class=\"wp-block-list\" start=\"4\">\n<li><strong>Magassark\u00fa cip\u0151<\/strong> \u2013 Egyetlen n\u0151 ruhat\u00e1r\u00e1b\u00f3l sem hi\u00e1nyozhat egy klasszikus magassark\u00fa, amit szint\u00e9n mindenhez felvehetsz! A cip\u0151 sark\u00e1nak magass\u00e1ga is l\u00e9nyeges lehet, <a href=\"https:\/\/blog.ccc.eu\/hu\/igy-valassz-magas-sarku-cipot-merd-meg-a-sarkat\/\" target=\"_blank\" rel=\"noreferrer noopener\">olvasd el<\/a> azt is, hogy mi\u00e9rt!&nbsp;<\/li>\n<\/ol>\n\n\n\n\n\n\n<ol class=\"wp-block-list\" start=\"5\">\n<li><strong>Szand\u00e1l<\/strong> \u2013 ny\u00e1rra elengedhetetlen egy p\u00e1r csinos szand\u00e1l is, v\u00e1lassz olyat, amelyik minden ruh\u00e1dhoz csinos! Ker\u00fcld a t\u00fal sportos, \u00e9s a t\u00fal eleg\u00e1ns, \u00e9s alkalmi darabokat is, \u00edgy biztosan ki tudod maxolni a benne rejl\u0151 lehet\u0151s\u00e9geket!&nbsp;<\/li>\n<\/ol>\n\n\n\n\n\n\n<p><br>Szerezd be magadnak a k\u00f6vetkez\u0151 gy\u00f6ny\u00f6r\u0171, \u00e9s a kapszulagardr\u00f3bodba ill\u0151 cip\u0151ket, szand\u00e1lokat, a <a href=\"https:\/\/ccc.eu\/hu\/sklepy\" target=\"_blank\" rel=\"noreferrer noopener\">CCC \u00fczleteiben<\/a>, <a href=\"https:\/\/ccc.eu\/hu\/\" target=\"_blank\" rel=\"noreferrer noopener\">webshopj\u00e1ban<\/a>, vagy a <a href=\"https:\/\/ccc.eu\/hu\/mobile-app\" target=\"_blank\" rel=\"noreferrer noopener\">mobilalkalmaz\u00e1s<\/a> seg\u00edts\u00e9g\u00e9vel!\u00a0\u00a0<\/p>\n\n\n\n<p>Az\u00e9rt persze az id\u0151t\u00e1ll\u00f3 divat k\u00f6vet\u0151jek\u00e9nt ne maradj le az aktu\u00e1lis trendekr\u0151l sem, hiszen egy men\u0151 kieg\u00e9sz\u00edt\u0151vel b\u00e1rmikor felfriss\u00edtheted a megjelen\u00e9sed. Sz\u00f3val kapszulagardr\u00f3b ide vagy oda, az\u00e9rt k\u00f6vesd vel\u00fcnk az aktu\u00e1lis divatot <a href=\"https:\/\/www.instagram.com\/cccshoesbags\/\" target=\"_blank\" rel=\"noreferrer noopener\">Instagramon<\/a> \u00e9s <a href=\"https:\/\/www.facebook.com\/CCC.Hungary\/\" target=\"_blank\" rel=\"noreferrer noopener\">Facebookon<\/a> is!\u00a0<\/p>\n","protected":false},"excerpt":{"rendered":"<p>V\u00e1logasd \u00f6ssze tudatosan, vari\u00e1ld sokf\u00e9lek\u00e9ppen! Mutatjuk, mi legyen benne!&nbsp; Tudod ki volt Susie Faux? Ha eddig nem hallott\u00e1l volna r\u00f3la, akkor el\u00e1ruljuk, hogy egy londoni butiktulajdonos, az 1970-es \u00e9vekben. Neve az\u00e9rt \u00e9rdekes, mert \u0151 volt az, aki megalkotta, \u00e9s el\u0151sz\u00f6r haszn\u00e1lta a kapszulagardr\u00f3b fogalm\u00e1t.&nbsp;&nbsp; Mi az a kapszulagardr\u00f3b?&nbsp; A kapszulagardr\u00f3b azt jelenti, hogy a ruhat\u00e1rad [&hellip;]<\/p>\n","protected":false},"author":5,"featured_media":5173,"comment_status":"open","ping_status":"open","sticky":false,"template":"","format":"standard","meta":{"_acf_changed":false,"footnotes":""},"categories":[6],"tags":[582,624,735,736],"class_list":["post-5168","post","type-post","status-publish","format-standard","has-post-thumbnail","hentry","category-trendek","tag-cipo","tag-divat","tag-kapszulagardrob","tag-varialhato-ruhak"],"acf":[],"yoast_head":"<!-- This site is optimized with the Yoast SEO plugin v26.9 - https:\/\/yoast.com\/product\/yoast-seo-wordpress\/ -->\n<title>Az \u00f6r\u00f6k divatoss\u00e1g garanci\u00e1ja: a kapszulagardr\u00f3b\u00a0 - CCC Fashion blog<\/title>\n<meta name=\"description\" content=\"De mi is az a kapszulagardr\u00f3b, ami annyira n\u00e9pszer\u0171 lett, hogy 1985-ben Donna Karan divattervez\u0151 egy eg\u00e9sz kollekci\u00f3t dobott piacra ebben a szellemben? Maradj vel\u00fcnk, \u00e9s olvasd el!\u00a0 2026\" \/>\n<meta name=\"robots\" content=\"index, follow, max-snippet:-1, max-image-preview:large, max-video-preview:-1\" \/>\n<link rel=\"canonical\" href=\"https:\/\/blog.ccc.eu\/hu\/az-orok-divatossag-garanciaja-a-kapszulagardrob\/\" \/>\n<meta property=\"og:locale\" content=\"hu_HU\" \/>\n<meta property=\"og:type\" content=\"article\" \/>\n<meta property=\"og:title\" content=\"Az \u00f6r\u00f6k divatoss\u00e1g garanci\u00e1ja: a kapszulagardr\u00f3b\u00a0 - CCC Fashion blog\" \/>\n<meta property=\"og:description\" content=\"De mi is az a kapszulagardr\u00f3b, ami annyira n\u00e9pszer\u0171 lett, hogy 1985-ben Donna Karan divattervez\u0151 egy eg\u00e9sz kollekci\u00f3t dobott piacra ebben a szellemben? Maradj vel\u00fcnk, \u00e9s olvasd el!\u00a0\" \/>\n<meta property=\"og:url\" content=\"https:\/\/blog.ccc.eu\/hu\/az-orok-divatossag-garanciaja-a-kapszulagardrob\/\" \/>\n<meta property=\"og:site_name\" content=\"CCC Fashion blog\" \/>\n<meta property=\"article:published_time\" content=\"2022-04-07T12:07:00+00:00\" \/>\n<meta property=\"article:modified_time\" content=\"2023-02-02T12:06:05+00:00\" \/>\n<meta property=\"og:image\" content=\"https:\/\/blog.ccc.eu\/hu\/wp-content\/uploads\/2022\/03\/CA_SPRANDI_AW21_org_Remi_Lamande_jpg12.jpg\" \/>\n\t<meta property=\"og:image:width\" content=\"1002\" \/>\n\t<meta property=\"og:image:height\" content=\"1252\" \/>\n\t<meta property=\"og:image:type\" content=\"image\/jpeg\" \/>\n<meta name=\"author\" content=\"Kriszta Nagy\" \/>\n<meta name=\"twitter:card\" content=\"summary_large_image\" \/>\n<meta name=\"twitter:label1\" content=\"Szerz\u0151:\" \/>\n\t<meta name=\"twitter:data1\" content=\"Kriszta Nagy\" \/>\n\t<meta name=\"twitter:label2\" content=\"Becs\u00fclt olvas\u00e1si id\u0151\" \/>\n\t<meta name=\"twitter:data2\" content=\"5 perc\" \/>\n<script type=\"application\/ld+json\" class=\"yoast-schema-graph\">{\"@context\":\"https:\/\/schema.org\",\"@graph\":[{\"@type\":\"Article\",\"@id\":\"https:\/\/blog.ccc.eu\/hu\/az-orok-divatossag-garanciaja-a-kapszulagardrob\/#article\",\"isPartOf\":{\"@id\":\"https:\/\/blog.ccc.eu\/hu\/az-orok-divatossag-garanciaja-a-kapszulagardrob\/\"},\"author\":{\"name\":\"Kriszta Nagy\",\"@id\":\"https:\/\/blog.ccc.eu\/hu\/#\/schema\/person\/8de18a3d6fb42fec2702e3d14b0086af\"},\"headline\":\"Az \u00f6r\u00f6k divatoss\u00e1g garanci\u00e1ja: a kapszulagardr\u00f3b\u00a0\",\"datePublished\":\"2022-04-07T12:07:00+00:00\",\"dateModified\":\"2023-02-02T12:06:05+00:00\",\"mainEntityOfPage\":{\"@id\":\"https:\/\/blog.ccc.eu\/hu\/az-orok-divatossag-garanciaja-a-kapszulagardrob\/\"},\"wordCount\":1141,\"commentCount\":0,\"publisher\":{\"@id\":\"https:\/\/blog.ccc.eu\/hu\/#organization\"},\"image\":{\"@id\":\"https:\/\/blog.ccc.eu\/hu\/az-orok-divatossag-garanciaja-a-kapszulagardrob\/#primaryimage\"},\"thumbnailUrl\":\"https:\/\/blog.ccc.eu\/hu\/wp-content\/uploads\/2022\/03\/CA_SPRANDI_AW21_org_Remi_Lamande_jpg12.jpg\",\"keywords\":[\"cip\u0151\",\"divat\",\"kapszulagardr\u00f3b\",\"vari\u00e1lhat\u00f3 ruh\u00e1k\"],\"articleSection\":[\"TRENDEK\"],\"inLanguage\":\"hu\",\"potentialAction\":[{\"@type\":\"CommentAction\",\"name\":\"Comment\",\"target\":[\"https:\/\/blog.ccc.eu\/hu\/az-orok-divatossag-garanciaja-a-kapszulagardrob\/#respond\"]}]},{\"@type\":\"WebPage\",\"@id\":\"https:\/\/blog.ccc.eu\/hu\/az-orok-divatossag-garanciaja-a-kapszulagardrob\/\",\"url\":\"https:\/\/blog.ccc.eu\/hu\/az-orok-divatossag-garanciaja-a-kapszulagardrob\/\",\"name\":\"Az \u00f6r\u00f6k divatoss\u00e1g garanci\u00e1ja: a kapszulagardr\u00f3b\u00a0 - CCC Fashion blog\",\"isPartOf\":{\"@id\":\"https:\/\/blog.ccc.eu\/hu\/#website\"},\"primaryImageOfPage\":{\"@id\":\"https:\/\/blog.ccc.eu\/hu\/az-orok-divatossag-garanciaja-a-kapszulagardrob\/#primaryimage\"},\"image\":{\"@id\":\"https:\/\/blog.ccc.eu\/hu\/az-orok-divatossag-garanciaja-a-kapszulagardrob\/#primaryimage\"},\"thumbnailUrl\":\"https:\/\/blog.ccc.eu\/hu\/wp-content\/uploads\/2022\/03\/CA_SPRANDI_AW21_org_Remi_Lamande_jpg12.jpg\",\"datePublished\":\"2022-04-07T12:07:00+00:00\",\"dateModified\":\"2023-02-02T12:06:05+00:00\",\"description\":\"De mi is az a kapszulagardr\u00f3b, ami annyira n\u00e9pszer\u0171 lett, hogy 1985-ben Donna Karan divattervez\u0151 egy eg\u00e9sz kollekci\u00f3t dobott piacra ebben a szellemben? Maradj vel\u00fcnk, \u00e9s olvasd el!\u00a0\",\"breadcrumb\":{\"@id\":\"https:\/\/blog.ccc.eu\/hu\/az-orok-divatossag-garanciaja-a-kapszulagardrob\/#breadcrumb\"},\"inLanguage\":\"hu\",\"potentialAction\":[{\"@type\":\"ReadAction\",\"target\":[\"https:\/\/blog.ccc.eu\/hu\/az-orok-divatossag-garanciaja-a-kapszulagardrob\/\"]}]},{\"@type\":\"ImageObject\",\"inLanguage\":\"hu\",\"@id\":\"https:\/\/blog.ccc.eu\/hu\/az-orok-divatossag-garanciaja-a-kapszulagardrob\/#primaryimage\",\"url\":\"https:\/\/blog.ccc.eu\/hu\/wp-content\/uploads\/2022\/03\/CA_SPRANDI_AW21_org_Remi_Lamande_jpg12.jpg\",\"contentUrl\":\"https:\/\/blog.ccc.eu\/hu\/wp-content\/uploads\/2022\/03\/CA_SPRANDI_AW21_org_Remi_Lamande_jpg12.jpg\",\"width\":1002,\"height\":1252,\"caption\":\"Kapszulagardr\u00f3b CCC\"},{\"@type\":\"BreadcrumbList\",\"@id\":\"https:\/\/blog.ccc.eu\/hu\/az-orok-divatossag-garanciaja-a-kapszulagardrob\/#breadcrumb\",\"itemListElement\":[{\"@type\":\"ListItem\",\"position\":1,\"name\":\"Strona g\u0142\u00f3wna\",\"item\":\"https:\/\/blog.ccc.eu\/hu\/\"},{\"@type\":\"ListItem\",\"position\":2,\"name\":\"Az \u00f6r\u00f6k divatoss\u00e1g garanci\u00e1ja: a kapszulagardr\u00f3b\u00a0\"}]},{\"@type\":\"WebSite\",\"@id\":\"https:\/\/blog.ccc.eu\/hu\/#website\",\"url\":\"https:\/\/blog.ccc.eu\/hu\/\",\"name\":\"CCC Fashion blog\",\"description\":\"Az \u00d6n helye tele van divatihletekkel\",\"publisher\":{\"@id\":\"https:\/\/blog.ccc.eu\/hu\/#organization\"},\"potentialAction\":[{\"@type\":\"SearchAction\",\"target\":{\"@type\":\"EntryPoint\",\"urlTemplate\":\"https:\/\/blog.ccc.eu\/hu\/?s={search_term_string}\"},\"query-input\":{\"@type\":\"PropertyValueSpecification\",\"valueRequired\":true,\"valueName\":\"search_term_string\"}}],\"inLanguage\":\"hu\"},{\"@type\":\"Organization\",\"@id\":\"https:\/\/blog.ccc.eu\/hu\/#organization\",\"name\":\"CCC S.A.\",\"url\":\"https:\/\/blog.ccc.eu\/hu\/\",\"logo\":{\"@type\":\"ImageObject\",\"inLanguage\":\"hu\",\"@id\":\"https:\/\/blog.ccc.eu\/hu\/#\/schema\/logo\/image\/\",\"url\":\"https:\/\/blog.ccc.eu\/hu\/wp-content\/uploads\/2021\/11\/logo_ccc.png\",\"contentUrl\":\"https:\/\/blog.ccc.eu\/hu\/wp-content\/uploads\/2021\/11\/logo_ccc.png\",\"width\":730,\"height\":270,\"caption\":\"CCC S.A.\"},\"image\":{\"@id\":\"https:\/\/blog.ccc.eu\/hu\/#\/schema\/logo\/image\/\"}},{\"@type\":\"Person\",\"@id\":\"https:\/\/blog.ccc.eu\/hu\/#\/schema\/person\/8de18a3d6fb42fec2702e3d14b0086af\",\"name\":\"Kriszta Nagy\",\"image\":{\"@type\":\"ImageObject\",\"inLanguage\":\"hu\",\"@id\":\"https:\/\/blog.ccc.eu\/hu\/#\/schema\/person\/image\/\",\"url\":\"https:\/\/blog.ccc.eu\/hu\/wp-content\/uploads\/2022\/01\/nagy-kriszta-150x150.jpg\",\"contentUrl\":\"https:\/\/blog.ccc.eu\/hu\/wp-content\/uploads\/2022\/01\/nagy-kriszta-150x150.jpg\",\"caption\":\"Kriszta Nagy\"},\"url\":\"https:\/\/blog.ccc.eu\/hu\/author\/kriszta-nagy\/\"}]}<\/script>\n<!-- \/ Yoast SEO plugin. -->","yoast_head_json":{"title":"Az \u00f6r\u00f6k divatoss\u00e1g garanci\u00e1ja: a kapszulagardr\u00f3b\u00a0 - CCC Fashion blog","description":"De mi is az a kapszulagardr\u00f3b, ami annyira n\u00e9pszer\u0171 lett, hogy 1985-ben Donna Karan divattervez\u0151 egy eg\u00e9sz kollekci\u00f3t dobott piacra ebben a szellemben? Maradj vel\u00fcnk, \u00e9s olvasd el!\u00a0 2026","robots":{"index":"index","follow":"follow","max-snippet":"max-snippet:-1","max-image-preview":"max-image-preview:large","max-video-preview":"max-video-preview:-1"},"canonical":"https:\/\/blog.ccc.eu\/hu\/az-orok-divatossag-garanciaja-a-kapszulagardrob\/","og_locale":"hu_HU","og_type":"article","og_title":"Az \u00f6r\u00f6k divatoss\u00e1g garanci\u00e1ja: a kapszulagardr\u00f3b\u00a0 - CCC Fashion blog","og_description":"De mi is az a kapszulagardr\u00f3b, ami annyira n\u00e9pszer\u0171 lett, hogy 1985-ben Donna Karan divattervez\u0151 egy eg\u00e9sz kollekci\u00f3t dobott piacra ebben a szellemben? Maradj vel\u00fcnk, \u00e9s olvasd el!\u00a0","og_url":"https:\/\/blog.ccc.eu\/hu\/az-orok-divatossag-garanciaja-a-kapszulagardrob\/","og_site_name":"CCC Fashion blog","article_published_time":"2022-04-07T12:07:00+00:00","article_modified_time":"2023-02-02T12:06:05+00:00","og_image":[{"width":1002,"height":1252,"url":"https:\/\/blog.ccc.eu\/hu\/wp-content\/uploads\/2022\/03\/CA_SPRANDI_AW21_org_Remi_Lamande_jpg12.jpg","type":"image\/jpeg"}],"author":"Kriszta Nagy","twitter_card":"summary_large_image","twitter_misc":{"Szerz\u0151:":"Kriszta Nagy","Becs\u00fclt olvas\u00e1si id\u0151":"5 perc"},"schema":{"@context":"https:\/\/schema.org","@graph":[{"@type":"Article","@id":"https:\/\/blog.ccc.eu\/hu\/az-orok-divatossag-garanciaja-a-kapszulagardrob\/#article","isPartOf":{"@id":"https:\/\/blog.ccc.eu\/hu\/az-orok-divatossag-garanciaja-a-kapszulagardrob\/"},"author":{"name":"Kriszta Nagy","@id":"https:\/\/blog.ccc.eu\/hu\/#\/schema\/person\/8de18a3d6fb42fec2702e3d14b0086af"},"headline":"Az \u00f6r\u00f6k divatoss\u00e1g garanci\u00e1ja: a kapszulagardr\u00f3b\u00a0","datePublished":"2022-04-07T12:07:00+00:00","dateModified":"2023-02-02T12:06:05+00:00","mainEntityOfPage":{"@id":"https:\/\/blog.ccc.eu\/hu\/az-orok-divatossag-garanciaja-a-kapszulagardrob\/"},"wordCount":1141,"commentCount":0,"publisher":{"@id":"https:\/\/blog.ccc.eu\/hu\/#organization"},"image":{"@id":"https:\/\/blog.ccc.eu\/hu\/az-orok-divatossag-garanciaja-a-kapszulagardrob\/#primaryimage"},"thumbnailUrl":"https:\/\/blog.ccc.eu\/hu\/wp-content\/uploads\/2022\/03\/CA_SPRANDI_AW21_org_Remi_Lamande_jpg12.jpg","keywords":["cip\u0151","divat","kapszulagardr\u00f3b","vari\u00e1lhat\u00f3 ruh\u00e1k"],"articleSection":["TRENDEK"],"inLanguage":"hu","potentialAction":[{"@type":"CommentAction","name":"Comment","target":["https:\/\/blog.ccc.eu\/hu\/az-orok-divatossag-garanciaja-a-kapszulagardrob\/#respond"]}]},{"@type":"WebPage","@id":"https:\/\/blog.ccc.eu\/hu\/az-orok-divatossag-garanciaja-a-kapszulagardrob\/","url":"https:\/\/blog.ccc.eu\/hu\/az-orok-divatossag-garanciaja-a-kapszulagardrob\/","name":"Az \u00f6r\u00f6k divatoss\u00e1g garanci\u00e1ja: a kapszulagardr\u00f3b\u00a0 - CCC Fashion blog","isPartOf":{"@id":"https:\/\/blog.ccc.eu\/hu\/#website"},"primaryImageOfPage":{"@id":"https:\/\/blog.ccc.eu\/hu\/az-orok-divatossag-garanciaja-a-kapszulagardrob\/#primaryimage"},"image":{"@id":"https:\/\/blog.ccc.eu\/hu\/az-orok-divatossag-garanciaja-a-kapszulagardrob\/#primaryimage"},"thumbnailUrl":"https:\/\/blog.ccc.eu\/hu\/wp-content\/uploads\/2022\/03\/CA_SPRANDI_AW21_org_Remi_Lamande_jpg12.jpg","datePublished":"2022-04-07T12:07:00+00:00","dateModified":"2023-02-02T12:06:05+00:00","description":"De mi is az a kapszulagardr\u00f3b, ami annyira n\u00e9pszer\u0171 lett, hogy 1985-ben Donna Karan divattervez\u0151 egy eg\u00e9sz kollekci\u00f3t dobott piacra ebben a szellemben? Maradj vel\u00fcnk, \u00e9s olvasd el!\u00a0","breadcrumb":{"@id":"https:\/\/blog.ccc.eu\/hu\/az-orok-divatossag-garanciaja-a-kapszulagardrob\/#breadcrumb"},"inLanguage":"hu","potentialAction":[{"@type":"ReadAction","target":["https:\/\/blog.ccc.eu\/hu\/az-orok-divatossag-garanciaja-a-kapszulagardrob\/"]}]},{"@type":"ImageObject","inLanguage":"hu","@id":"https:\/\/blog.ccc.eu\/hu\/az-orok-divatossag-garanciaja-a-kapszulagardrob\/#primaryimage","url":"https:\/\/blog.ccc.eu\/hu\/wp-content\/uploads\/2022\/03\/CA_SPRANDI_AW21_org_Remi_Lamande_jpg12.jpg","contentUrl":"https:\/\/blog.ccc.eu\/hu\/wp-content\/uploads\/2022\/03\/CA_SPRANDI_AW21_org_Remi_Lamande_jpg12.jpg","width":1002,"height":1252,"caption":"Kapszulagardr\u00f3b CCC"},{"@type":"BreadcrumbList","@id":"https:\/\/blog.ccc.eu\/hu\/az-orok-divatossag-garanciaja-a-kapszulagardrob\/#breadcrumb","itemListElement":[{"@type":"ListItem","position":1,"name":"Strona g\u0142\u00f3wna","item":"https:\/\/blog.ccc.eu\/hu\/"},{"@type":"ListItem","position":2,"name":"Az \u00f6r\u00f6k divatoss\u00e1g garanci\u00e1ja: a kapszulagardr\u00f3b\u00a0"}]},{"@type":"WebSite","@id":"https:\/\/blog.ccc.eu\/hu\/#website","url":"https:\/\/blog.ccc.eu\/hu\/","name":"CCC Fashion blog","description":"Az \u00d6n helye tele van divatihletekkel","publisher":{"@id":"https:\/\/blog.ccc.eu\/hu\/#organization"},"potentialAction":[{"@type":"SearchAction","target":{"@type":"EntryPoint","urlTemplate":"https:\/\/blog.ccc.eu\/hu\/?s={search_term_string}"},"query-input":{"@type":"PropertyValueSpecification","valueRequired":true,"valueName":"search_term_string"}}],"inLanguage":"hu"},{"@type":"Organization","@id":"https:\/\/blog.ccc.eu\/hu\/#organization","name":"CCC S.A.","url":"https:\/\/blog.ccc.eu\/hu\/","logo":{"@type":"ImageObject","inLanguage":"hu","@id":"https:\/\/blog.ccc.eu\/hu\/#\/schema\/logo\/image\/","url":"https:\/\/blog.ccc.eu\/hu\/wp-content\/uploads\/2021\/11\/logo_ccc.png","contentUrl":"https:\/\/blog.ccc.eu\/hu\/wp-content\/uploads\/2021\/11\/logo_ccc.png","width":730,"height":270,"caption":"CCC S.A."},"image":{"@id":"https:\/\/blog.ccc.eu\/hu\/#\/schema\/logo\/image\/"}},{"@type":"Person","@id":"https:\/\/blog.ccc.eu\/hu\/#\/schema\/person\/8de18a3d6fb42fec2702e3d14b0086af","name":"Kriszta Nagy","image":{"@type":"ImageObject","inLanguage":"hu","@id":"https:\/\/blog.ccc.eu\/hu\/#\/schema\/person\/image\/","url":"https:\/\/blog.ccc.eu\/hu\/wp-content\/uploads\/2022\/01\/nagy-kriszta-150x150.jpg","contentUrl":"https:\/\/blog.ccc.eu\/hu\/wp-content\/uploads\/2022\/01\/nagy-kriszta-150x150.jpg","caption":"Kriszta Nagy"},"url":"https:\/\/blog.ccc.eu\/hu\/author\/kriszta-nagy\/"}]}},"_links":{"self":[{"href":"https:\/\/blog.ccc.eu\/hu\/wp-json\/wp\/v2\/posts\/5168","targetHints":{"allow":["GET"]}}],"collection":[{"href":"https:\/\/blog.ccc.eu\/hu\/wp-json\/wp\/v2\/posts"}],"about":[{"href":"https:\/\/blog.ccc.eu\/hu\/wp-json\/wp\/v2\/types\/post"}],"author":[{"embeddable":true,"href":"https:\/\/blog.ccc.eu\/hu\/wp-json\/wp\/v2\/users\/5"}],"replies":[{"embeddable":true,"href":"https:\/\/blog.ccc.eu\/hu\/wp-json\/wp\/v2\/comments?post=5168"}],"version-history":[{"count":14,"href":"https:\/\/blog.ccc.eu\/hu\/wp-json\/wp\/v2\/posts\/5168\/revisions"}],"predecessor-version":[{"id":7479,"href":"https:\/\/blog.ccc.eu\/hu\/wp-json\/wp\/v2\/posts\/5168\/revisions\/7479"}],"wp:featuredmedia":[{"embeddable":true,"href":"https:\/\/blog.ccc.eu\/hu\/wp-json\/wp\/v2\/media\/5173"}],"wp:attachment":[{"href":"https:\/\/blog.ccc.eu\/hu\/wp-json\/wp\/v2\/media?parent=5168"}],"wp:term":[{"taxonomy":"category","embeddable":true,"href":"https:\/\/blog.ccc.eu\/hu\/wp-json\/wp\/v2\/categories?post=5168"},{"taxonomy":"post_tag","embeddable":true,"href":"https:\/\/blog.ccc.eu\/hu\/wp-json\/wp\/v2\/tags?post=5168"}],"curies":[{"name":"wp","href":"https:\/\/api.w.org\/{rel}","templated":true}]}}