{"id":5237,"date":"2022-04-11T08:27:00","date_gmt":"2022-04-11T06:27:00","guid":{"rendered":"https:\/\/blog.ccc.eu\/hu\/?p=5237"},"modified":"2023-02-02T13:05:44","modified_gmt":"2023-02-02T12:05:44","slug":"hetkoznapi-dress-code-smart-casual","status":"publish","type":"post","link":"https:\/\/blog.ccc.eu\/hu\/hetkoznapi-dress-code-smart-casual\/","title":{"rendered":"H\u00e9tk\u00f6znapi dress code: Smart casual\u00a0"},"content":{"rendered":"\n<p><b>\u00d6lt\u00f6zz divatosan, k\u00e9nyelmesen, \u00e9s eleg\u00e1nsan! A modern n\u0151 egyik kedvenc \u00f6lt\u00f6zk\u00f6d\u00e9si st\u00edlusa, amikor eleg\u00e1nsnak t\u0171nik, de az \u00f6sszk\u00e9p m\u00e9gsem kelti annak az \u00e9rzet\u00e9t, hogy most j\u00f6tt egy iskolai \u00fcnneps\u00e9gr\u0151l.&nbsp;<\/b>&nbsp;<\/p>\n\n\n\n<figure class=\"wp-block-image size-full\"><img loading=\"lazy\" decoding=\"async\" width=\"819\" height=\"1024\" src=\"https:\/\/blog.ccc.eu\/hu\/wp-content\/uploads\/2022\/04\/stylizacja-damska-smart-casual-819x1024-1.jpg\" alt=\"\" class=\"wp-image-5244\" srcset=\"https:\/\/blog.ccc.eu\/hu\/wp-content\/uploads\/2022\/04\/stylizacja-damska-smart-casual-819x1024-1.jpg 819w, https:\/\/blog.ccc.eu\/hu\/wp-content\/uploads\/2022\/04\/stylizacja-damska-smart-casual-819x1024-1-240x300.jpg 240w, https:\/\/blog.ccc.eu\/hu\/wp-content\/uploads\/2022\/04\/stylizacja-damska-smart-casual-819x1024-1-768x960.jpg 768w, https:\/\/blog.ccc.eu\/hu\/wp-content\/uploads\/2022\/04\/stylizacja-damska-smart-casual-819x1024-1-100x125.jpg 100w\" sizes=\"auto, (max-width: 819px) 100vw, 819px\" \/><\/figure>\n\n\n\n<h2 class=\"wp-block-heading\"><strong>Mi az a smart casual?&nbsp;<\/strong><\/h2>\n\n\n\n<p>Ez nem m\u00e1s, mint egy lezser viselet, a hivatalos \u00f6lt\u00f6z\u00e9k elemeivel vegy\u00edtve. A smart casual st\u00edlus teh\u00e1t f\u00e9lig form\u00e1lis st\u00edlusnak is nevezhet\u0151, amiben j\u00f3l megf\u00e9rnek egym\u00e1ssal \u00f6sszhangban a sportos \u00e9s az eleg\u00e1ns ruhat\u00e1rad darabjai is.&nbsp;&nbsp;<\/p>\n\n\n\n<p>Egyik legfontosabb jellemz\u0151je a k\u00e9nyelem, amely azon alapszik, hogy kombin\u00e1ljuk ezt a k\u00e9t egym\u00e1st\u00f3l extr\u00e9men elt\u00e9r\u0151 st\u00edlust, \u00e9s kihozzuk bel\u0151l\u00fck a legjobb esszenci\u00e1t. Ez\u00e9rt a smart casual st\u00edlusban a sportcip\u0151ket kab\u00e1tokkal, a smart casual ruh\u00e1kat pedig a casual cip\u0151kkel kombin\u00e1ljuk majd. Izgalmas, ugye?&nbsp;&nbsp;<\/p>\n\n\n\n<h2 class=\"wp-block-heading\"><strong>\u00cdgy \u00e1ll\u00edtsd \u00f6ssze a smart casual outfited!<\/strong>&nbsp;<\/h2>\n\n\n\n<p>Ha igaz\u00e1n csinos kollekci\u00f3t akarsz \u00f6ssze\u00e1ll\u00edtani ebben a st\u00edlusban, van n\u00e9h\u00e1ny dolog, amelyet felt\u00e9tlen\u00fcl ker\u00fcln\u00f6d kell. Ide tartoznak a m\u00e9lyen dekolt\u00e1lt fels\u0151k, a t\u00fal sz\u0171k szab\u00e1svonalak, a nagy, kontrasztos mint\u00e1kat, \u00e9s a t\u00fal felt\u0171n\u0151 kieg\u00e9sz\u00edt\u0151k. Felejtsd el a csipk\u00e9t, \u00e9s az \u00e1tl\u00e1tsz\u00f3, f\u00e9nyes vagy csillog\u00f3 anyagokat.&nbsp;<\/p>\n\n\n\n<p>&nbsp;V\u00e1lassz ezek helyett visszafogott, klasszikus sz\u00edneket! Persze nem kell felt\u00e9tlen\u00fcl ugyanabban az egy sz\u00ednben \u00f6ssze\u00e1ll\u00edtanod a teljes szettet! Csak arra \u00fcgyelj, hogy a ruh\u00e1k passzoljanak egym\u00e1shoz sz\u00ednben, \u00e9s a testalkatod el\u0151nyeit is hangs\u00falyozz\u00e1k, de ne tolakod\u00f3 m\u00f3don.&nbsp;&nbsp;<\/p>\n\n\n\n<p>Amihez biztos k\u00e9zzel ny\u00falhatsz, azok a timeless szab\u00e1svonalak, sz\u00ednek, \u00e9s a minimalizmus jegy\u00e9ben sz\u00fcletett ruh\u00e1k, cip\u0151k \u00e9s kieg\u00e9sz\u00edt\u0151k.&nbsp;<\/p>\n\n\n\n<figure class=\"wp-block-image size-full\"><img loading=\"lazy\" decoding=\"async\" width=\"820\" height=\"1024\" src=\"https:\/\/blog.ccc.eu\/hu\/wp-content\/uploads\/2022\/04\/kobiecy-smart-casual-820x1024-1.jpg\" alt=\"\" class=\"wp-image-5245\" srcset=\"https:\/\/blog.ccc.eu\/hu\/wp-content\/uploads\/2022\/04\/kobiecy-smart-casual-820x1024-1.jpg 820w, https:\/\/blog.ccc.eu\/hu\/wp-content\/uploads\/2022\/04\/kobiecy-smart-casual-820x1024-1-240x300.jpg 240w, https:\/\/blog.ccc.eu\/hu\/wp-content\/uploads\/2022\/04\/kobiecy-smart-casual-820x1024-1-768x959.jpg 768w, https:\/\/blog.ccc.eu\/hu\/wp-content\/uploads\/2022\/04\/kobiecy-smart-casual-820x1024-1-100x125.jpg 100w\" sizes=\"auto, (max-width: 820px) 100vw, 820px\" \/><\/figure>\n\n\n\n<h2 class=\"wp-block-heading\"><strong>Ilyen legyen a sminked \u00e9s a frizur\u00e1d!&nbsp;<\/strong><\/h2>\n\n\n\n<p>A smink is fontos, a frizura pedig felteszi az i-re a pontot. A sminked legyen k\u00f6nny\u0171 \u00e9s t\u00f6k\u00e9letes, intenz\u00edv \u00e9s hivalkod\u00f3 sz\u00ednek n\u00e9lk\u00fcl. Ehhez a st\u00edlushoz nem passzol az intenz\u00edv sz\u00edn\u0171 r\u00fazs, sem a t\u00fal er\u0151sen festett szemh\u00e9j! Ezeket az er\u0151teljes sminkeket id\u0151z\u00edtsd ink\u00e1bb esti programokhoz. A frizur\u00e1dra ugyanez igaz, k\u00f6vesse az is a klasszikus st\u00edlust! Hagyhatod kibontva, vagy ha hosszabb hajad van, egy egyszer\u0171 copf is t\u00f6k\u00e9letesen megfelel.&nbsp;<\/p>\n\n\n\n<h2 class=\"wp-block-heading\"><strong>Ruha, szoknya vagy nadr\u00e1g?<\/strong>&nbsp;<\/h2>\n\n\n\n<p>A n\u0151i smart casual st\u00edlus alapja lehet egy egyberuha, de \u00e1llhat szokny\u00e1b\u00f3l vagy nadr\u00e1gb\u00f3l \u00e9s ingb\u0151l vagy bl\u00fazb\u00f3l is. Az ilyen kombin\u00e1ci\u00f3khoz \u00e9rdemes kab\u00e1tot vagy kardig\u00e1nt v\u00e1lasztani. Ha ruha vagy szoknya mellett d\u00f6ntesz, a ceruzaszab\u00e1s igaz\u00e1n nyer\u0151 lehet, t\u00e9rd feletti, vagy a midi hosszban. Ez nem jelenti azt, hogy ker\u00fcln\u00f6d kell a trap\u00e9z szokny\u00e1t vagy az A-vonal\u00fa ruh\u00e1kat! Ha nem \u00e9rzed t\u00fal\u00f6lt\u00f6z\u00f6ttnek magad a t\u00f6bbi koll\u00e9g\u00e1hoz k\u00e9pest, nyugodtan viselheted ezeket is.&nbsp;&nbsp;<\/p>\n\n\n\n<p>A nadr\u00e1gok k\u00f6z\u00fcl a lezserebb, b\u0151vebb sz\u00e1r\u00fa, bok\u00e1ig \u00e9r\u0151 sz\u00f6vetnadr\u00e1gok, a szivarnadr\u00e1gok, \u00e9s a magas\u00edtott derek\u00fa nadr\u00e1gok egyar\u00e1nt csinosak, \u00e9s divatosak. Csak arra figyelj, hogy ne rontsa el az alakod ar\u00e1nyait! Melegebb id\u0151szakokban a t\u00e9rd alatt v\u00e9gz\u0151d\u0151 nadr\u00e1gok vagy sz\u00f6vet sortok is csinosak, \u00e9s elfogadhat\u00f3ak az irod\u00e1ba, amelyekhez szint\u00e9n viselhetsz inget. bl\u00fazt, vagy egy egyszer\u0171 topot, bl\u00e9zerrel.&nbsp;&nbsp;<\/p>\n\n\n\n<h2 class=\"wp-block-heading\"><strong>Smart casual n\u0151i cip\u0151k \u2013 a merev szab\u00e1lyok a m\u00falt hom\u00e1ly\u00e1ba vesztek<\/strong>&nbsp;<\/h2>\n\n\n\n<p>Ha a modern smart casual stiliz\u00e1ci\u00f3kat n\u00e9zz\u00fck, az a benyom\u00e1sunk t\u00e1mad, hogy el\u00e9g nagy szabads\u00e1got engedhet\u00fcnk meg magunknak a cip\u0151 kiv\u00e1laszt\u00e1s\u00e1ban. A magassark\u00fa, \u00e9s a platformos cip\u0151k\u00f6n k\u00edv\u00fcl, viselhet\u00fcnk f\u0171z\u0151s bokacsizm\u00e1t, s\u0151t ak\u00e1r cowboy csizm\u00e1t is. Na, \u00e9s persze itt vannak 2022 sl\u00e1gerei a mokaszinok, \u00e9s a n\u0151i Chelsea csizm\u00e1k!&nbsp;&nbsp;<\/p>\n\n\n\n<p>A ruh\u00e1khoz hasonl\u00f3an a l\u00e1bbeliket is klasszikus sz\u00ednben v\u00e1laszd kis ehhez a st\u00edlushoz! Ha munk\u00e1ba \u00f6lt\u00f6z\u00f6l smart casualba, ker\u00fcld a nyitott orr\u00fa \u00e9s sark\u00fa cip\u0151ket!&nbsp;<\/p>\n\n\n\n\n\n\n<p><\/p>\n\n\n\n<h2 class=\"wp-block-heading\"><strong>Fontos kieg\u00e9sz\u00edt\u0151, a t\u00e1ska<\/strong>&nbsp;<\/h2>\n\n\n\n<p>V\u00e1lassz egyszer\u0171, rojtokt\u00f3l \u00e9s szegecsekt\u0151l mentes modelleket! T\u00f6rekedj a minimalista st\u00edlusra! Egy n\u0151i aktat\u00e1ska, egy klasszikus shopper, vagy egy eleg\u00e1ns n\u0151i post\u00e1s t\u00e1ska t\u00f6k\u00e9letes kieg\u00e9sz\u00edt\u0151 lesz a smart casual szettedhez.&nbsp;<\/p>\n\n\n\n\n\n\n<p><\/p>\n\n\n\n<h2 class=\"wp-block-heading\"><strong>Smart casual ny\u00e1ron?&nbsp;<\/strong>&nbsp;<\/h2>\n\n\n\n<p>A ny\u00e1r az \u00e9vnek az egyik nehezebb id\u0151szaka, b\u00e1rmilyen st\u00edlusban is \u00f6lt\u00f6zk\u00f6dsz. A k\u00e1nikula miatt legsz\u00edvesebben bikiniben t\u00f6lten\u00e9nk az eg\u00e9sz napot a strandon. De, mint tudjuk, ez nem mindig lehets\u00e9ges, mert dolgoz\u00f3 n\u0151k\u00e9nt m\u00e1r nem j\u00e1r a k\u00e9t \u00e9s f\u00e9l h\u00f3napos ny\u00e1ri sz\u00fcnet.&nbsp;&nbsp;<\/p>\n\n\n\n<p>Milyen ruh\u00e1kat v\u00e1lassz, hogy a nagy meleg ellen\u00e9re is divatos \u00e9s st\u00edlusos legy\u00e9l? F\u00f3kusz\u00e1lj a sz\u00f6vetekre!&nbsp; A lenv\u00e1szon \u00e9s a j\u00f3 min\u0151s\u00e9g\u0171 pamut nagyon j\u00f3l haszn\u00e1lhat\u00f3 a ny\u00e1ri smart casualban. Ezekb\u0151l a lenge \u00e9s szell\u0151s anyagokb\u00f3l v\u00e1laszthatsz ak\u00e1r ruh\u00e1t, vagy nadr\u00e1got is. R\u00e9szes\u00edtsd el\u0151nyben a feh\u00e9ret \u00e9s a b\u00e9zst, de hagyd nyitva az ajt\u00f3t a pasztellsz\u00edneknek is. Ny\u00e1rra v\u00e1lassz egyszer\u0171 ruh\u00e1kat \u00e9s oversize ingeket, hogy k\u00e9nyelmes \u00e9s st\u00edlusos legyen a megjelen\u00e9sed a legforr\u00f3bb napokon is!&nbsp;&nbsp;<\/p>\n\n\n\n<p>L\u00e1thatod mos m\u00e1r, hogy a n\u0151i smart casual st\u00edlus szettjeinek megkompon\u00e1l\u00e1sa nem is olyan neh\u00e9z. Csak annyit kell tenned, hogy megengedsz magadnak egy kis laz\u00edt\u00e1st, \u00e9s elfelejted a form\u00e1lis \u00f6lt\u00f6z\u00e9k \u00f6ssze\u00e1ll\u00edt\u00e1s\u00e1nak szigor\u00fa szab\u00e1lyait! A legjobb smart casual cip\u0151ket \u00e9s kieg\u00e9sz\u00edt\u0151ket keresd a <a href=\"https:\/\/ccc.eu\/hu\/sklepy\" target=\"_blank\" rel=\"noreferrer noopener\">CCC \u00fczletekben<\/a>, a <a href=\"https:\/\/ccc.eu\/hu\/\" target=\"_blank\" rel=\"noreferrer noopener\">webshopban<\/a>, \u00e9s az <a href=\"https:\/\/ccc.eu\/hu\/mobile-app\" target=\"_blank\" rel=\"noreferrer noopener\">alkalmaz\u00e1sban<\/a>! Rendszeres divath\u00edrek\u00e9rt, \u00e9s inspir\u00e1ci\u00f3\u00e9rt pedig k\u00f6vess minket <a href=\"https:\/\/www.facebook.com\/CCC.Hungary\/\" target=\"_blank\" rel=\"noreferrer noopener\">Facebookon<\/a> \u00e9s <a href=\"https:\/\/www.instagram.com\/cccshoesbags\/\" target=\"_blank\" rel=\"noreferrer noopener\">Instagramon<\/a> is!\u00a0<\/p>\n","protected":false},"excerpt":{"rendered":"<p>\u00d6lt\u00f6zz divatosan, k\u00e9nyelmesen, \u00e9s eleg\u00e1nsan! A modern n\u0151 egyik kedvenc \u00f6lt\u00f6zk\u00f6d\u00e9si st\u00edlusa, amikor eleg\u00e1nsnak t\u0171nik, de az \u00f6sszk\u00e9p m\u00e9gsem kelti annak az \u00e9rzet\u00e9t, hogy most j\u00f6tt egy iskolai \u00fcnneps\u00e9gr\u0151l.&nbsp;&nbsp; Mi az a smart casual?&nbsp; Ez nem m\u00e1s, mint egy lezser viselet, a hivatalos \u00f6lt\u00f6z\u00e9k elemeivel vegy\u00edtve. A smart casual st\u00edlus teh\u00e1t f\u00e9lig form\u00e1lis st\u00edlusnak is [&hellip;]<\/p>\n","protected":false},"author":12,"featured_media":5244,"comment_status":"open","ping_status":"open","sticky":false,"template":"","format":"standard","meta":{"_acf_changed":false,"footnotes":""},"categories":[6],"tags":[582,740,513,741],"class_list":["post-5237","post","type-post","status-publish","format-standard","has-post-thumbnail","hentry","category-trendek","tag-cipo","tag-oltozkodes","tag-smart-casual","tag-stilus"],"acf":[],"yoast_head":"<!-- This site is optimized with the Yoast SEO plugin v26.9 - https:\/\/yoast.com\/product\/yoast-seo-wordpress\/ -->\n<title>H\u00e9tk\u00f6znapi dress code: Smart casual\u00a0 - CCC Fashion blog<\/title>\n<meta name=\"description\" content=\"Ismerd meg a smart casualt, \u00e9s azokat a szab\u00e1lyokat, amelyek igaz\u00e1n leny\u0171g\u00f6z\u0151v\u00e9 teszik ezt a j\u00f3 \u00edzl\u00e9ssel \u00e9s eleganci\u00e1val f\u0171szerezett, m\u00e9gis h\u00e9tk\u00f6znapi az \u00f6lt\u00f6zk\u00f6d\u00e9si st\u00edlust! 2026\" \/>\n<meta name=\"robots\" content=\"index, follow, max-snippet:-1, max-image-preview:large, max-video-preview:-1\" \/>\n<link rel=\"canonical\" href=\"https:\/\/blog.ccc.eu\/hu\/hetkoznapi-dress-code-smart-casual\/\" \/>\n<meta property=\"og:locale\" content=\"hu_HU\" \/>\n<meta property=\"og:type\" content=\"article\" \/>\n<meta property=\"og:title\" content=\"H\u00e9tk\u00f6znapi dress code: Smart casual\u00a0 - CCC Fashion blog\" \/>\n<meta property=\"og:description\" content=\"Ismerd meg a smart casualt, \u00e9s azokat a szab\u00e1lyokat, amelyek igaz\u00e1n leny\u0171g\u00f6z\u0151v\u00e9 teszik ezt a j\u00f3 \u00edzl\u00e9ssel \u00e9s eleganci\u00e1val f\u0171szerezett, m\u00e9gis h\u00e9tk\u00f6znapi az \u00f6lt\u00f6zk\u00f6d\u00e9si st\u00edlust!\" \/>\n<meta property=\"og:url\" content=\"https:\/\/blog.ccc.eu\/hu\/hetkoznapi-dress-code-smart-casual\/\" \/>\n<meta property=\"og:site_name\" content=\"CCC Fashion blog\" \/>\n<meta property=\"article:published_time\" content=\"2022-04-11T06:27:00+00:00\" \/>\n<meta property=\"article:modified_time\" content=\"2023-02-02T12:05:44+00:00\" \/>\n<meta property=\"og:image\" content=\"https:\/\/blog.ccc.eu\/hu\/wp-content\/uploads\/2022\/04\/stylizacja-damska-smart-casual-819x1024-1.jpg\" \/>\n\t<meta property=\"og:image:width\" content=\"819\" \/>\n\t<meta property=\"og:image:height\" content=\"1024\" \/>\n\t<meta property=\"og:image:type\" content=\"image\/jpeg\" \/>\n<meta name=\"author\" content=\"Halassy Marianna\" \/>\n<meta name=\"twitter:card\" content=\"summary_large_image\" \/>\n<meta name=\"twitter:label1\" content=\"Szerz\u0151:\" \/>\n\t<meta name=\"twitter:data1\" content=\"Halassy Marianna\" \/>\n\t<meta name=\"twitter:label2\" content=\"Becs\u00fclt olvas\u00e1si id\u0151\" \/>\n\t<meta name=\"twitter:data2\" content=\"5 perc\" \/>\n<script type=\"application\/ld+json\" class=\"yoast-schema-graph\">{\"@context\":\"https:\/\/schema.org\",\"@graph\":[{\"@type\":\"Article\",\"@id\":\"https:\/\/blog.ccc.eu\/hu\/hetkoznapi-dress-code-smart-casual\/#article\",\"isPartOf\":{\"@id\":\"https:\/\/blog.ccc.eu\/hu\/hetkoznapi-dress-code-smart-casual\/\"},\"author\":{\"name\":\"Halassy Marianna\",\"@id\":\"https:\/\/blog.ccc.eu\/hu\/#\/schema\/person\/81734c8d0655acc57e8e99c594ed5c0e\"},\"headline\":\"H\u00e9tk\u00f6znapi dress code: Smart casual\u00a0\",\"datePublished\":\"2022-04-11T06:27:00+00:00\",\"dateModified\":\"2023-02-02T12:05:44+00:00\",\"mainEntityOfPage\":{\"@id\":\"https:\/\/blog.ccc.eu\/hu\/hetkoznapi-dress-code-smart-casual\/\"},\"wordCount\":1127,\"commentCount\":0,\"publisher\":{\"@id\":\"https:\/\/blog.ccc.eu\/hu\/#organization\"},\"image\":{\"@id\":\"https:\/\/blog.ccc.eu\/hu\/hetkoznapi-dress-code-smart-casual\/#primaryimage\"},\"thumbnailUrl\":\"https:\/\/blog.ccc.eu\/hu\/wp-content\/uploads\/2022\/04\/stylizacja-damska-smart-casual-819x1024-1.jpg\",\"keywords\":[\"cip\u0151\",\"\u00f6lt\u00f6zk\u00f6d\u00e9s\",\"smart casual\",\"st\u00edlus\"],\"articleSection\":[\"TRENDEK\"],\"inLanguage\":\"hu\",\"potentialAction\":[{\"@type\":\"CommentAction\",\"name\":\"Comment\",\"target\":[\"https:\/\/blog.ccc.eu\/hu\/hetkoznapi-dress-code-smart-casual\/#respond\"]}]},{\"@type\":\"WebPage\",\"@id\":\"https:\/\/blog.ccc.eu\/hu\/hetkoznapi-dress-code-smart-casual\/\",\"url\":\"https:\/\/blog.ccc.eu\/hu\/hetkoznapi-dress-code-smart-casual\/\",\"name\":\"H\u00e9tk\u00f6znapi dress code: Smart casual\u00a0 - CCC Fashion blog\",\"isPartOf\":{\"@id\":\"https:\/\/blog.ccc.eu\/hu\/#website\"},\"primaryImageOfPage\":{\"@id\":\"https:\/\/blog.ccc.eu\/hu\/hetkoznapi-dress-code-smart-casual\/#primaryimage\"},\"image\":{\"@id\":\"https:\/\/blog.ccc.eu\/hu\/hetkoznapi-dress-code-smart-casual\/#primaryimage\"},\"thumbnailUrl\":\"https:\/\/blog.ccc.eu\/hu\/wp-content\/uploads\/2022\/04\/stylizacja-damska-smart-casual-819x1024-1.jpg\",\"datePublished\":\"2022-04-11T06:27:00+00:00\",\"dateModified\":\"2023-02-02T12:05:44+00:00\",\"description\":\"Ismerd meg a smart casualt, \u00e9s azokat a szab\u00e1lyokat, amelyek igaz\u00e1n leny\u0171g\u00f6z\u0151v\u00e9 teszik ezt a j\u00f3 \u00edzl\u00e9ssel \u00e9s eleganci\u00e1val f\u0171szerezett, m\u00e9gis h\u00e9tk\u00f6znapi az \u00f6lt\u00f6zk\u00f6d\u00e9si st\u00edlust!\",\"breadcrumb\":{\"@id\":\"https:\/\/blog.ccc.eu\/hu\/hetkoznapi-dress-code-smart-casual\/#breadcrumb\"},\"inLanguage\":\"hu\",\"potentialAction\":[{\"@type\":\"ReadAction\",\"target\":[\"https:\/\/blog.ccc.eu\/hu\/hetkoznapi-dress-code-smart-casual\/\"]}]},{\"@type\":\"ImageObject\",\"inLanguage\":\"hu\",\"@id\":\"https:\/\/blog.ccc.eu\/hu\/hetkoznapi-dress-code-smart-casual\/#primaryimage\",\"url\":\"https:\/\/blog.ccc.eu\/hu\/wp-content\/uploads\/2022\/04\/stylizacja-damska-smart-casual-819x1024-1.jpg\",\"contentUrl\":\"https:\/\/blog.ccc.eu\/hu\/wp-content\/uploads\/2022\/04\/stylizacja-damska-smart-casual-819x1024-1.jpg\",\"width\":819,\"height\":1024,\"caption\":\"hetkoznapi dress code\"},{\"@type\":\"BreadcrumbList\",\"@id\":\"https:\/\/blog.ccc.eu\/hu\/hetkoznapi-dress-code-smart-casual\/#breadcrumb\",\"itemListElement\":[{\"@type\":\"ListItem\",\"position\":1,\"name\":\"Strona g\u0142\u00f3wna\",\"item\":\"https:\/\/blog.ccc.eu\/hu\/\"},{\"@type\":\"ListItem\",\"position\":2,\"name\":\"H\u00e9tk\u00f6znapi dress code: Smart casual\u00a0\"}]},{\"@type\":\"WebSite\",\"@id\":\"https:\/\/blog.ccc.eu\/hu\/#website\",\"url\":\"https:\/\/blog.ccc.eu\/hu\/\",\"name\":\"CCC Fashion blog\",\"description\":\"Az \u00d6n helye tele van divatihletekkel\",\"publisher\":{\"@id\":\"https:\/\/blog.ccc.eu\/hu\/#organization\"},\"potentialAction\":[{\"@type\":\"SearchAction\",\"target\":{\"@type\":\"EntryPoint\",\"urlTemplate\":\"https:\/\/blog.ccc.eu\/hu\/?s={search_term_string}\"},\"query-input\":{\"@type\":\"PropertyValueSpecification\",\"valueRequired\":true,\"valueName\":\"search_term_string\"}}],\"inLanguage\":\"hu\"},{\"@type\":\"Organization\",\"@id\":\"https:\/\/blog.ccc.eu\/hu\/#organization\",\"name\":\"CCC S.A.\",\"url\":\"https:\/\/blog.ccc.eu\/hu\/\",\"logo\":{\"@type\":\"ImageObject\",\"inLanguage\":\"hu\",\"@id\":\"https:\/\/blog.ccc.eu\/hu\/#\/schema\/logo\/image\/\",\"url\":\"https:\/\/blog.ccc.eu\/hu\/wp-content\/uploads\/2021\/11\/logo_ccc.png\",\"contentUrl\":\"https:\/\/blog.ccc.eu\/hu\/wp-content\/uploads\/2021\/11\/logo_ccc.png\",\"width\":730,\"height\":270,\"caption\":\"CCC S.A.\"},\"image\":{\"@id\":\"https:\/\/blog.ccc.eu\/hu\/#\/schema\/logo\/image\/\"}},{\"@type\":\"Person\",\"@id\":\"https:\/\/blog.ccc.eu\/hu\/#\/schema\/person\/81734c8d0655acc57e8e99c594ed5c0e\",\"name\":\"Halassy Marianna\",\"image\":{\"@type\":\"ImageObject\",\"inLanguage\":\"hu\",\"@id\":\"https:\/\/blog.ccc.eu\/hu\/#\/schema\/person\/image\/\",\"url\":\"https:\/\/blog.ccc.eu\/hu\/wp-content\/uploads\/2022\/08\/admin-ajax-150x150.jpg\",\"contentUrl\":\"https:\/\/blog.ccc.eu\/hu\/wp-content\/uploads\/2022\/08\/admin-ajax-150x150.jpg\",\"caption\":\"Halassy Marianna\"},\"url\":\"https:\/\/blog.ccc.eu\/hu\/author\/marianna-halassy\/\"}]}<\/script>\n<!-- \/ Yoast SEO plugin. -->","yoast_head_json":{"title":"H\u00e9tk\u00f6znapi dress code: Smart casual\u00a0 - CCC Fashion blog","description":"Ismerd meg a smart casualt, \u00e9s azokat a szab\u00e1lyokat, amelyek igaz\u00e1n leny\u0171g\u00f6z\u0151v\u00e9 teszik ezt a j\u00f3 \u00edzl\u00e9ssel \u00e9s eleganci\u00e1val f\u0171szerezett, m\u00e9gis h\u00e9tk\u00f6znapi az \u00f6lt\u00f6zk\u00f6d\u00e9si st\u00edlust! 2026","robots":{"index":"index","follow":"follow","max-snippet":"max-snippet:-1","max-image-preview":"max-image-preview:large","max-video-preview":"max-video-preview:-1"},"canonical":"https:\/\/blog.ccc.eu\/hu\/hetkoznapi-dress-code-smart-casual\/","og_locale":"hu_HU","og_type":"article","og_title":"H\u00e9tk\u00f6znapi dress code: Smart casual\u00a0 - CCC Fashion blog","og_description":"Ismerd meg a smart casualt, \u00e9s azokat a szab\u00e1lyokat, amelyek igaz\u00e1n leny\u0171g\u00f6z\u0151v\u00e9 teszik ezt a j\u00f3 \u00edzl\u00e9ssel \u00e9s eleganci\u00e1val f\u0171szerezett, m\u00e9gis h\u00e9tk\u00f6znapi az \u00f6lt\u00f6zk\u00f6d\u00e9si st\u00edlust!","og_url":"https:\/\/blog.ccc.eu\/hu\/hetkoznapi-dress-code-smart-casual\/","og_site_name":"CCC Fashion blog","article_published_time":"2022-04-11T06:27:00+00:00","article_modified_time":"2023-02-02T12:05:44+00:00","og_image":[{"width":819,"height":1024,"url":"https:\/\/blog.ccc.eu\/hu\/wp-content\/uploads\/2022\/04\/stylizacja-damska-smart-casual-819x1024-1.jpg","type":"image\/jpeg"}],"author":"Halassy Marianna","twitter_card":"summary_large_image","twitter_misc":{"Szerz\u0151:":"Halassy Marianna","Becs\u00fclt olvas\u00e1si id\u0151":"5 perc"},"schema":{"@context":"https:\/\/schema.org","@graph":[{"@type":"Article","@id":"https:\/\/blog.ccc.eu\/hu\/hetkoznapi-dress-code-smart-casual\/#article","isPartOf":{"@id":"https:\/\/blog.ccc.eu\/hu\/hetkoznapi-dress-code-smart-casual\/"},"author":{"name":"Halassy Marianna","@id":"https:\/\/blog.ccc.eu\/hu\/#\/schema\/person\/81734c8d0655acc57e8e99c594ed5c0e"},"headline":"H\u00e9tk\u00f6znapi dress code: Smart casual\u00a0","datePublished":"2022-04-11T06:27:00+00:00","dateModified":"2023-02-02T12:05:44+00:00","mainEntityOfPage":{"@id":"https:\/\/blog.ccc.eu\/hu\/hetkoznapi-dress-code-smart-casual\/"},"wordCount":1127,"commentCount":0,"publisher":{"@id":"https:\/\/blog.ccc.eu\/hu\/#organization"},"image":{"@id":"https:\/\/blog.ccc.eu\/hu\/hetkoznapi-dress-code-smart-casual\/#primaryimage"},"thumbnailUrl":"https:\/\/blog.ccc.eu\/hu\/wp-content\/uploads\/2022\/04\/stylizacja-damska-smart-casual-819x1024-1.jpg","keywords":["cip\u0151","\u00f6lt\u00f6zk\u00f6d\u00e9s","smart casual","st\u00edlus"],"articleSection":["TRENDEK"],"inLanguage":"hu","potentialAction":[{"@type":"CommentAction","name":"Comment","target":["https:\/\/blog.ccc.eu\/hu\/hetkoznapi-dress-code-smart-casual\/#respond"]}]},{"@type":"WebPage","@id":"https:\/\/blog.ccc.eu\/hu\/hetkoznapi-dress-code-smart-casual\/","url":"https:\/\/blog.ccc.eu\/hu\/hetkoznapi-dress-code-smart-casual\/","name":"H\u00e9tk\u00f6znapi dress code: Smart casual\u00a0 - CCC Fashion blog","isPartOf":{"@id":"https:\/\/blog.ccc.eu\/hu\/#website"},"primaryImageOfPage":{"@id":"https:\/\/blog.ccc.eu\/hu\/hetkoznapi-dress-code-smart-casual\/#primaryimage"},"image":{"@id":"https:\/\/blog.ccc.eu\/hu\/hetkoznapi-dress-code-smart-casual\/#primaryimage"},"thumbnailUrl":"https:\/\/blog.ccc.eu\/hu\/wp-content\/uploads\/2022\/04\/stylizacja-damska-smart-casual-819x1024-1.jpg","datePublished":"2022-04-11T06:27:00+00:00","dateModified":"2023-02-02T12:05:44+00:00","description":"Ismerd meg a smart casualt, \u00e9s azokat a szab\u00e1lyokat, amelyek igaz\u00e1n leny\u0171g\u00f6z\u0151v\u00e9 teszik ezt a j\u00f3 \u00edzl\u00e9ssel \u00e9s eleganci\u00e1val f\u0171szerezett, m\u00e9gis h\u00e9tk\u00f6znapi az \u00f6lt\u00f6zk\u00f6d\u00e9si st\u00edlust!","breadcrumb":{"@id":"https:\/\/blog.ccc.eu\/hu\/hetkoznapi-dress-code-smart-casual\/#breadcrumb"},"inLanguage":"hu","potentialAction":[{"@type":"ReadAction","target":["https:\/\/blog.ccc.eu\/hu\/hetkoznapi-dress-code-smart-casual\/"]}]},{"@type":"ImageObject","inLanguage":"hu","@id":"https:\/\/blog.ccc.eu\/hu\/hetkoznapi-dress-code-smart-casual\/#primaryimage","url":"https:\/\/blog.ccc.eu\/hu\/wp-content\/uploads\/2022\/04\/stylizacja-damska-smart-casual-819x1024-1.jpg","contentUrl":"https:\/\/blog.ccc.eu\/hu\/wp-content\/uploads\/2022\/04\/stylizacja-damska-smart-casual-819x1024-1.jpg","width":819,"height":1024,"caption":"hetkoznapi dress code"},{"@type":"BreadcrumbList","@id":"https:\/\/blog.ccc.eu\/hu\/hetkoznapi-dress-code-smart-casual\/#breadcrumb","itemListElement":[{"@type":"ListItem","position":1,"name":"Strona g\u0142\u00f3wna","item":"https:\/\/blog.ccc.eu\/hu\/"},{"@type":"ListItem","position":2,"name":"H\u00e9tk\u00f6znapi dress code: Smart casual\u00a0"}]},{"@type":"WebSite","@id":"https:\/\/blog.ccc.eu\/hu\/#website","url":"https:\/\/blog.ccc.eu\/hu\/","name":"CCC Fashion blog","description":"Az \u00d6n helye tele van divatihletekkel","publisher":{"@id":"https:\/\/blog.ccc.eu\/hu\/#organization"},"potentialAction":[{"@type":"SearchAction","target":{"@type":"EntryPoint","urlTemplate":"https:\/\/blog.ccc.eu\/hu\/?s={search_term_string}"},"query-input":{"@type":"PropertyValueSpecification","valueRequired":true,"valueName":"search_term_string"}}],"inLanguage":"hu"},{"@type":"Organization","@id":"https:\/\/blog.ccc.eu\/hu\/#organization","name":"CCC S.A.","url":"https:\/\/blog.ccc.eu\/hu\/","logo":{"@type":"ImageObject","inLanguage":"hu","@id":"https:\/\/blog.ccc.eu\/hu\/#\/schema\/logo\/image\/","url":"https:\/\/blog.ccc.eu\/hu\/wp-content\/uploads\/2021\/11\/logo_ccc.png","contentUrl":"https:\/\/blog.ccc.eu\/hu\/wp-content\/uploads\/2021\/11\/logo_ccc.png","width":730,"height":270,"caption":"CCC S.A."},"image":{"@id":"https:\/\/blog.ccc.eu\/hu\/#\/schema\/logo\/image\/"}},{"@type":"Person","@id":"https:\/\/blog.ccc.eu\/hu\/#\/schema\/person\/81734c8d0655acc57e8e99c594ed5c0e","name":"Halassy Marianna","image":{"@type":"ImageObject","inLanguage":"hu","@id":"https:\/\/blog.ccc.eu\/hu\/#\/schema\/person\/image\/","url":"https:\/\/blog.ccc.eu\/hu\/wp-content\/uploads\/2022\/08\/admin-ajax-150x150.jpg","contentUrl":"https:\/\/blog.ccc.eu\/hu\/wp-content\/uploads\/2022\/08\/admin-ajax-150x150.jpg","caption":"Halassy Marianna"},"url":"https:\/\/blog.ccc.eu\/hu\/author\/marianna-halassy\/"}]}},"_links":{"self":[{"href":"https:\/\/blog.ccc.eu\/hu\/wp-json\/wp\/v2\/posts\/5237","targetHints":{"allow":["GET"]}}],"collection":[{"href":"https:\/\/blog.ccc.eu\/hu\/wp-json\/wp\/v2\/posts"}],"about":[{"href":"https:\/\/blog.ccc.eu\/hu\/wp-json\/wp\/v2\/types\/post"}],"author":[{"embeddable":true,"href":"https:\/\/blog.ccc.eu\/hu\/wp-json\/wp\/v2\/users\/12"}],"replies":[{"embeddable":true,"href":"https:\/\/blog.ccc.eu\/hu\/wp-json\/wp\/v2\/comments?post=5237"}],"version-history":[{"count":7,"href":"https:\/\/blog.ccc.eu\/hu\/wp-json\/wp\/v2\/posts\/5237\/revisions"}],"predecessor-version":[{"id":7478,"href":"https:\/\/blog.ccc.eu\/hu\/wp-json\/wp\/v2\/posts\/5237\/revisions\/7478"}],"wp:featuredmedia":[{"embeddable":true,"href":"https:\/\/blog.ccc.eu\/hu\/wp-json\/wp\/v2\/media\/5244"}],"wp:attachment":[{"href":"https:\/\/blog.ccc.eu\/hu\/wp-json\/wp\/v2\/media?parent=5237"}],"wp:term":[{"taxonomy":"category","embeddable":true,"href":"https:\/\/blog.ccc.eu\/hu\/wp-json\/wp\/v2\/categories?post=5237"},{"taxonomy":"post_tag","embeddable":true,"href":"https:\/\/blog.ccc.eu\/hu\/wp-json\/wp\/v2\/tags?post=5237"}],"curies":[{"name":"wp","href":"https:\/\/api.w.org\/{rel}","templated":true}]}}