{"id":5361,"date":"2022-04-18T15:28:00","date_gmt":"2022-04-18T13:28:00","guid":{"rendered":"https:\/\/blog.ccc.eu\/hu\/?p=5361"},"modified":"2022-04-13T15:30:52","modified_gmt":"2022-04-13T13:30:52","slug":"alkalmi-taskak-a-kozelgo-eskuvoi-szezonra","status":"publish","type":"post","link":"https:\/\/blog.ccc.eu\/hu\/alkalmi-taskak-a-kozelgo-eskuvoi-szezonra\/","title":{"rendered":"Alkalmi t\u00e1sk\u00e1k a k\u00f6zelg\u0151 esk\u00fcv\u0151i szezonra"},"content":{"rendered":"\n<p><br><b>M\u00e1s \u00e9s m\u00e1s t\u00e1sk\u00e1t visel\u00fcnk munk\u00e1hoz, m\u00e1sikat a bar\u00e1ti tal\u00e1lkoz\u00f3hoz, \u00e9s megint egy m\u00e1sikat a k\u00fcl\u00f6nleges alkalmakon, hivatalos szertart\u00e1sokon, p\u00e9ld\u00e1ul esk\u00fcv\u0151k\u00f6n. B\u00e1r az ilyen alkalmi t\u00e1sk\u00e1k m\u00e9rete \u00e1ltal\u00e1ban kimondottan apr\u00f3cska, m\u00e9gis nagyon fontos, hogy ne t\u00e9vedj\u00fcnk az esk\u00fcv\u0151i k\u00e9zit\u00e1ska kiv\u00e1laszt\u00e1s\u00e1n\u00e1l, mert egy rossz darab az eg\u00e9sz \u00f6sszbenyom\u00e1st t\u00f6nkreteheti.<\/b><\/p>\n\n\n\n<figure class=\"wp-block-gallery has-nested-images columns-default is-cropped wp-block-gallery-1 is-layout-flex wp-block-gallery-is-layout-flex\">\n<figure class=\"wp-block-image size-large\"><img loading=\"lazy\" decoding=\"async\" width=\"766\" height=\"1024\" data-id=\"5367\" src=\"https:\/\/blog.ccc.eu\/hu\/wp-content\/uploads\/2022\/04\/LukaszPukowiecBadura-3-768x1027-1-766x1024.jpg\" alt=\"\" class=\"wp-image-5367\" srcset=\"https:\/\/blog.ccc.eu\/hu\/wp-content\/uploads\/2022\/04\/LukaszPukowiecBadura-3-768x1027-1-766x1024.jpg 766w, https:\/\/blog.ccc.eu\/hu\/wp-content\/uploads\/2022\/04\/LukaszPukowiecBadura-3-768x1027-1-224x300.jpg 224w, https:\/\/blog.ccc.eu\/hu\/wp-content\/uploads\/2022\/04\/LukaszPukowiecBadura-3-768x1027-1-100x134.jpg 100w, https:\/\/blog.ccc.eu\/hu\/wp-content\/uploads\/2022\/04\/LukaszPukowiecBadura-3-768x1027-1.jpg 768w\" sizes=\"auto, (max-width: 766px) 100vw, 766px\" \/><\/figure>\n\n\n\n<figure class=\"wp-block-image size-large\"><img loading=\"lazy\" decoding=\"async\" width=\"703\" height=\"1024\" data-id=\"5368\" src=\"https:\/\/blog.ccc.eu\/hu\/wp-content\/uploads\/2022\/04\/LukaszPukowiecBadura-4-703x1024.jpg\" alt=\"\" class=\"wp-image-5368\" srcset=\"https:\/\/blog.ccc.eu\/hu\/wp-content\/uploads\/2022\/04\/LukaszPukowiecBadura-4-703x1024.jpg 703w, https:\/\/blog.ccc.eu\/hu\/wp-content\/uploads\/2022\/04\/LukaszPukowiecBadura-4-206x300.jpg 206w, https:\/\/blog.ccc.eu\/hu\/wp-content\/uploads\/2022\/04\/LukaszPukowiecBadura-4-768x1118.jpg 768w, https:\/\/blog.ccc.eu\/hu\/wp-content\/uploads\/2022\/04\/LukaszPukowiecBadura-4-1055x1536.jpg 1055w, https:\/\/blog.ccc.eu\/hu\/wp-content\/uploads\/2022\/04\/LukaszPukowiecBadura-4-100x146.jpg 100w, https:\/\/blog.ccc.eu\/hu\/wp-content\/uploads\/2022\/04\/LukaszPukowiecBadura-4.jpg 1396w\" sizes=\"auto, (max-width: 703px) 100vw, 703px\" \/><\/figure>\n<\/figure>\n\n\n\n<h2 class=\"wp-block-heading\"><strong>Keresd a CCC-ben az esk\u00fcv\u0151i t\u00e1skadivat legszebb darabjait!<\/strong><\/h2>\n\n\n\n<p>Egy esk\u00fcv\u0151i k\u00e9zit\u00e1ska kieg\u00e9sz\u00edti a k\u00fcl\u00f6nleges megjelen\u00e9sed. Nem kiz\u00e1rt, hogy annyira beleszeretsz egy alkalmi t\u00e1sk\u00e1ba, hogy m\u00e9g azel\u0151tt megv\u00e1s\u00e1rolod, miel\u0151tt a ruh\u00e1d meglenne a jeles napra, de a biztons\u00e1gosabb \u00e9s egyszer\u0171bb forgat\u00f3k\u00f6nyv az, ha a m\u00e1r megl\u00e9v\u0151 ruh\u00e1hoz \u00e9s cip\u0151h\u00f6z v\u00e1lasztod ki a k\u00e9zit\u00e1sk\u00e1t. A legfontosabb k\u00f6vetelm\u00e9nyek, amelyeknek meg kell felelni az alkalmi t\u00e1sk\u00e1nak az, hogy&nbsp; passzoljon az \u00f6lt\u00f6z\u00e9kedhez, legyen \u00f6sszhangban a leg\u00fajabb trendekkel \u00e9s persze f\u00e9rjenek bele a legsz\u00fcks\u00e9gesebb csecsebecs\u00e9k.<\/p>\n\n\n\n<p>A leggyakrabban a kism\u00e9ret\u0171 esk\u00fcv\u0151i k\u00e9zit\u00e1sk\u00e1kat v\u00e1lasztj\u00e1k, amelyek nem uralj\u00e1k, csup\u00e1n kieg\u00e9sz\u00edtik az eg\u00e9sz st\u00edlust. Vannak n\u0151k, akik ink\u00e1bb a nagyobb m\u00e9ret\u0171 k\u00e9zit\u00e1sk\u00e1t v\u00e1lasztj\u00e1k, hogy t\u00f6bb r\u00fazst, zsebkend\u0151t \u00e9s telefont tudjanak magukn\u00e1l tartani an\u00e9lk\u00fcl, hogy plusz t\u00e1sk\u00e1t kellene magukkal vigyenek. Ha a pakol\u00e1si kapacit\u00e1s ok\u00e1n a nagyobb m\u00e9ret mellett d\u00f6ntesz, k\u00e9zben vagy v\u00e9kony, l\u00e1ncp\u00e1nton viseld, \u00e9s a visszafogott sz\u00edn\u0171 modellek k\u00f6z\u00fcl v\u00e1lassz, amelyek nem vonj\u00e1k el a figyelmet a ruh\u00e1dr\u00f3l!<\/p>\n\n\n\n\n\n\n<p><\/p>\n\n\n\n<h2 class=\"wp-block-heading\"><strong>\u00cdgy v\u00e1lassz k\u00e9zit\u00e1sk\u00e1t esk\u00fcv\u0151re!<\/strong><\/h2>\n\n\n\n<p>Ha k\u00e9zit\u00e1sk\u00e1t keresel egy ruh\u00e1hoz, a legjobb, ha olyan t\u00edpus\u00fa modellekre \u00f6sszpontos\u00edtasz, mint a bor\u00edt\u00e9kt\u00e1sk\u00e1k, vagy kism\u00e9ret\u0171, l\u00e1ncos t\u00e1sk\u00e1k, melybe a telefonod, zsebkend\u0151, \u00e9s ak\u00e1r egy kis smink is t\u00f6k\u00e9letesen elf\u00e9r. Jelleg\u00fckb\u0151l \u00e9s m\u00e9ret\u00fckb\u0151l ad\u00f3d\u00f3an nem megfelel\u0151ek a nagy shopperek, a post\u00e1s t\u00e1sk\u00e1k vagy a v\u00e1rosi h\u00e1tizs\u00e1kok, vagyis a h\u00e9tk\u00f6znapi, lezser st\u00edlus k\u00e9pvisel\u0151i.<\/p>\n\n\n\n<p>Egy teljes eg\u00e9sz\u00e9ben csipk\u00e9b\u0151l k\u00e9sz\u00fclt ceruzaruh\u00e1hoz egy kism\u00e9ret\u0171 klasszikus sz\u00edn\u0171, p\u00e9ld\u00e1ul b\u00e9zs, fekete vagy feh\u00e9r t\u00e1ska felel meg a legjobban. Egy ilyen t\u00e1sk\u00e1t l\u00e9gies, pasztell maxi mint\u00e1kkal ell\u00e1tott szettben is felvehet\u00fcnk, b\u00e1r ebben az esetben egy er\u0151sebb, a ruha sz\u00edn\u00e9re utal\u00f3 sz\u00ednes darab is \u00e9rdekes alternat\u00edva lesz. \u00c9rdemes kipr\u00f3b\u00e1lni, hogy mutat a ruh\u00e1hoz p\u00e9ld\u00e1ul egy l\u00e1ncon l\u00e9v\u0151, csillog\u00f3 vagy flitterd\u00edsz\u00edt\u00e9ssel k\u00e9sz\u00fclt alkalmi t\u00e1ska is.<\/p>\n\n\n\n<p>Ink\u00e1bb a mint\u00e1s, lehet\u0151leg A-vonal\u00fa ruh\u00e1kat kedveled? Ebben az esetben a legjobb v\u00e1laszt\u00e1s egy sima egysz\u00edn\u0171, vagy egy olyan kis mint\u00e1s alkalmi t\u00e1ska, amelynek megjelen\u00e9se a ruh\u00e1n l\u00e9v\u0151 nyomatokra utal.<\/p>\n\n\n\n<h2 class=\"wp-block-heading\"><strong>Eleg\u00e1ns, diz\u00e1jner k\u00e9zit\u00e1sk\u00e1k esk\u00fcv\u0151re<\/strong><\/h2>\n\n\n\n<p>Ha a ruha mint\u00e1s, az esk\u00fcv\u0151i t\u00e1ska \u00e9s a cip\u0151 legyen sima. Ha a ruh\u00e1d egysz\u00edn\u0171, akkor nyugodtan v\u00e1laszthatsz a nyomatokkal d\u00edsz\u00edtett esk\u00fcv\u0151i t\u00e1sk\u00e1k k\u00f6z\u00fcl, \u00e9s viselhetsz hozz\u00e1 p\u00e9ld\u00e1ul egy sz\u00ednes vir\u00e1gokkal d\u00edsz\u00edtett clutch t\u00e1sk\u00e1t vagy egy eleg\u00e1ns bor\u00edt\u00e9kt\u00e1sk\u00e1t Chanel st\u00edlusban.<\/p>\n\n\n\n<p>A nagy divath\u00e1zaknak k\u00f6sz\u00f6nhet\u0151en esk\u00fcv\u0151i szezon eleg\u00e1ns kieg\u00e9sz\u00edt\u0151je lehet a piknikkos\u00e1rra eml\u00e9keztet\u0151 kist\u00e1ska, valamint &nbsp;a sz\u00ednes s\u00e1llal \u00e1tk\u00f6t\u00f6tt k\u00e9zit\u00e1ska, de a geometrikus form\u00e1j\u00fa&nbsp; k\u00e9zit\u00e1ska is nagy n\u00e9pszer\u0171s\u00e9gnek \u00f6rvendenek id\u00e9n.<\/p>\n\n\n\n<p>A sima \u00e9s d\u00edsz\u00edtett clutch t\u00e1sk\u00e1k a Gino Rossi m\u00e1rka modelljei k\u00f6z\u00f6tt is ott vannak, melyek a CCC k\u00edn\u00e1lat\u00e1ban is megtal\u00e1lhat\u00f3k. Az olyan jeles esem\u00e9nyekre, mint p\u00e9ld\u00e1ul egy esk\u00fcv\u0151, a Deezee sz\u00ednes t\u00e1sk\u00e1ival, vagy \u00e9rdekes text\u00far\u00e1j\u00fa \u00e9s nyomatokkal ell\u00e1tott Jenny Fairy k\u00e9zit\u00e1sk\u00e1kkal, \u00e9s a Lasocki b\u0151r klasszikusaival is k\u00e9sz\u00fclt\u00fcnk. A l\u00e9nyeg a ruha \u00e9s t\u00e1ska harm\u00f3ni\u00e1ja!<\/p>\n\n\n\n\n\n\n<p><\/p>\n\n\n\n<h2 class=\"wp-block-heading\"><strong>Csillog\u00f3 st\u00edlushoz!<\/strong><\/h2>\n\n\n\n<p>Az arany, ez\u00fcst, \u00e9s m\u00e1s f\u00e9mesen ragyog\u00f3 sz\u00ednes \u00e1rnyalatok, csillog\u00e1st var\u00e1zsolnak minden esk\u00fcv\u0151i st\u00edlushoz.<br>Mi\u00e9rt j\u00f3 \u00f6tlet p\u00e9ld\u00e1ul egy aranysz\u00edn\u0171 k\u00e9zit\u00e1ska esk\u00fcv\u0151re vagy b\u00e1lba? Mert sz\u00edne t\u00f6k\u00e9letesen harmoniz\u00e1l majd az arany \u00e9kszereiddel, s\u0151t ak\u00e1r helyettes\u00edtheti is azokat. Kiv\u00e1l\u00f3an meg\u00e1llja a hely\u00e9t &nbsp;egyetlen kieg\u00e9sz\u00edt\u0151k\u00e9nt is egy piros, kobalt vagy z\u00f6ld ruh\u00e1hoz.<\/p>\n\n\n\n<p>Ha a kev\u00e9sb\u00e9 felt\u0171n\u0151 megjelen\u00e9s h\u00edve vagy ink\u00e1bb, a csillog\u00e1sr\u00f3l akkor sem kell lemondanod. V\u00e1lassz &nbsp;p\u00e9ld\u00e1ul egy fekete vagy b\u00e9zs clutch t\u00e1sk\u00e1t, de aranysz\u00edn\u0171 d\u00edsz\u00edt\u00e9ssel! Minden att\u00f3l f\u00fcgg, hogy milyen hat\u00e1st szeretn\u00e9l el\u00e9rni. Az arany helyett \u00e9rdemes egy hasonl\u00f3an divatos ez\u00fcst\u00f6t is megfontolnod. Az esk\u00fcv\u0151i ez\u00fcstsz\u00edn\u0171 k\u00e9zit\u00e1ska remek\u00fcl fog kin\u00e9zni pasztell t\u00f3nus\u00fa, l\u00e9gies ruh\u00e1kkal kombin\u00e1lva. A met\u00e1l sz\u00ednek m\u00e1r minden \u00e9vszakban divatosak, \u00e9s d\u00edsz\u00edtik a n\u0151i alkalmi k\u00e9zit\u00e1sk\u00e1kat \u2013 \u00e9rdemes ezt kihaszn\u00e1lni, \u00e9s nem csak az esk\u00fcv\u0151i st\u00edlushoz v\u00e1lasztanod!<\/p>\n\n\n\n\n\n\n<p><\/p>\n\n\n\n<p>Ne feledd, a CCC-re mindig sz\u00e1m\u00edthatsz, ak\u00e1r alkalomra, ak\u00e1r a h\u00e9tk\u00f6znapokra keresel t\u00e1sk\u00e1t, cip\u0151t, vagy egy\u00e9b kieg\u00e9sz\u00edt\u0151ket. N\u00e9zz be orsz\u00e1gszerte <a href=\"https:\/\/ccc.eu\/hu\/sklepy\">b\u00e1rmelyik \u00fczlet\u00fcnkbe<\/a>, vagy b\u00f6ng\u00e9ssz kedvedre a <a href=\"https:\/\/ccc.eu\/hu\/\">webshopunkban.<\/a> Az \u00faj darabokat az CCC <a href=\"https:\/\/ccc.eu\/hu\/mobile-app\">applik\u00e1ci\u00f3j\u00e1va<\/a>l is megrendelheted, \u00e9s <a href=\"https:\/\/ccc.eu\/hu\/klub-ccc\">CCC klubtagk\u00e9nt<\/a>, extra kedvezm\u00e9nyek is v\u00e1rnak.<\/p>\n\n\n\n<p>K\u00f6vess minket a divattal egy\u00fctt a <a href=\"https:\/\/www.facebook.com\/CCC.Hungary\/\">Facebookon<\/a> \u00e9s <a href=\"https:\/\/www.instagram.com\/cccshoesbags\/\">Instagramon<\/a> is!<\/p>\n\n\n\n<p>Szerz\u0151: Halassy Marianna<\/p>\n","protected":false},"excerpt":{"rendered":"<p>M\u00e1s \u00e9s m\u00e1s t\u00e1sk\u00e1t visel\u00fcnk munk\u00e1hoz, m\u00e1sikat a bar\u00e1ti tal\u00e1lkoz\u00f3hoz, \u00e9s megint egy m\u00e1sikat a k\u00fcl\u00f6nleges alkalmakon, hivatalos szertart\u00e1sokon, p\u00e9ld\u00e1ul esk\u00fcv\u0151k\u00f6n. B\u00e1r az ilyen alkalmi t\u00e1sk\u00e1k m\u00e9rete \u00e1ltal\u00e1ban kimondottan apr\u00f3cska, m\u00e9gis nagyon fontos, hogy ne t\u00e9vedj\u00fcnk az esk\u00fcv\u0151i k\u00e9zit\u00e1ska kiv\u00e1laszt\u00e1s\u00e1n\u00e1l, mert egy rossz darab az eg\u00e9sz \u00f6sszbenyom\u00e1st t\u00f6nkreteheti. Keresd a CCC-ben az esk\u00fcv\u0151i t\u00e1skadivat legszebb [&hellip;]<\/p>\n","protected":false},"author":12,"featured_media":5367,"comment_status":"open","ping_status":"open","sticky":false,"template":"","format":"standard","meta":{"_acf_changed":false,"footnotes":""},"categories":[6],"tags":[758,560,759,760],"class_list":["post-5361","post","type-post","status-publish","format-standard","has-post-thumbnail","hentry","category-trendek","tag-alkalmi-kezitaska","tag-ccc","tag-eskuvo","tag-taskadivat"],"acf":[],"yoast_head":"<!-- This site is optimized with the Yoast SEO plugin v26.9 - https:\/\/yoast.com\/product\/yoast-seo-wordpress\/ -->\n<title>Alkalmi t\u00e1sk\u00e1k a k\u00f6zelg\u0151 esk\u00fcv\u0151i szezonra - CCC Fashion blog<\/title>\n<meta name=\"description\" content=\"St\u00edlusos k\u00e9zit\u00e1ska esk\u00fcv\u0151re \u2013 Kicsi legyen vagy nagy? Keresd a CCC-ben az esk\u00fcv\u0151i t\u00e1skadivat legszebb darabjait! 2026\" \/>\n<meta name=\"robots\" content=\"index, follow, max-snippet:-1, max-image-preview:large, max-video-preview:-1\" \/>\n<link rel=\"canonical\" href=\"https:\/\/blog.ccc.eu\/hu\/alkalmi-taskak-a-kozelgo-eskuvoi-szezonra\/\" \/>\n<meta property=\"og:locale\" content=\"hu_HU\" \/>\n<meta property=\"og:type\" content=\"article\" \/>\n<meta property=\"og:title\" content=\"Alkalmi t\u00e1sk\u00e1k a k\u00f6zelg\u0151 esk\u00fcv\u0151i szezonra - CCC Fashion blog\" \/>\n<meta property=\"og:description\" content=\"St\u00edlusos k\u00e9zit\u00e1ska esk\u00fcv\u0151re \u2013 Kicsi legyen vagy nagy? Keresd a CCC-ben az esk\u00fcv\u0151i t\u00e1skadivat legszebb darabjait!\" \/>\n<meta property=\"og:url\" content=\"https:\/\/blog.ccc.eu\/hu\/alkalmi-taskak-a-kozelgo-eskuvoi-szezonra\/\" \/>\n<meta property=\"og:site_name\" content=\"CCC Fashion blog\" \/>\n<meta property=\"article:published_time\" content=\"2022-04-18T13:28:00+00:00\" \/>\n<meta property=\"og:image\" content=\"https:\/\/blog.ccc.eu\/hu\/wp-content\/uploads\/2022\/04\/LukaszPukowiecBadura-3-768x1027-1.jpg\" \/>\n\t<meta property=\"og:image:width\" content=\"768\" \/>\n\t<meta property=\"og:image:height\" content=\"1027\" \/>\n\t<meta property=\"og:image:type\" content=\"image\/jpeg\" \/>\n<meta name=\"author\" content=\"Halassy Marianna\" \/>\n<meta name=\"twitter:card\" content=\"summary_large_image\" \/>\n<meta name=\"twitter:label1\" content=\"Szerz\u0151:\" \/>\n\t<meta name=\"twitter:data1\" content=\"Halassy Marianna\" \/>\n\t<meta name=\"twitter:label2\" content=\"Becs\u00fclt olvas\u00e1si id\u0151\" \/>\n\t<meta name=\"twitter:data2\" content=\"5 perc\" \/>\n<script type=\"application\/ld+json\" class=\"yoast-schema-graph\">{\"@context\":\"https:\/\/schema.org\",\"@graph\":[{\"@type\":\"Article\",\"@id\":\"https:\/\/blog.ccc.eu\/hu\/alkalmi-taskak-a-kozelgo-eskuvoi-szezonra\/#article\",\"isPartOf\":{\"@id\":\"https:\/\/blog.ccc.eu\/hu\/alkalmi-taskak-a-kozelgo-eskuvoi-szezonra\/\"},\"author\":{\"name\":\"Halassy Marianna\",\"@id\":\"https:\/\/blog.ccc.eu\/hu\/#\/schema\/person\/81734c8d0655acc57e8e99c594ed5c0e\"},\"headline\":\"Alkalmi t\u00e1sk\u00e1k a k\u00f6zelg\u0151 esk\u00fcv\u0151i szezonra\",\"datePublished\":\"2022-04-18T13:28:00+00:00\",\"mainEntityOfPage\":{\"@id\":\"https:\/\/blog.ccc.eu\/hu\/alkalmi-taskak-a-kozelgo-eskuvoi-szezonra\/\"},\"wordCount\":1163,\"commentCount\":0,\"publisher\":{\"@id\":\"https:\/\/blog.ccc.eu\/hu\/#organization\"},\"image\":{\"@id\":\"https:\/\/blog.ccc.eu\/hu\/alkalmi-taskak-a-kozelgo-eskuvoi-szezonra\/#primaryimage\"},\"thumbnailUrl\":\"https:\/\/blog.ccc.eu\/hu\/wp-content\/uploads\/2022\/04\/LukaszPukowiecBadura-3-768x1027-1.jpg\",\"keywords\":[\"alkalmi k\u00e9zit\u00e1ska\",\"CCC\",\"esk\u00fcv\u0151\",\"t\u00e1skadivat\"],\"articleSection\":[\"TRENDEK\"],\"inLanguage\":\"hu\",\"potentialAction\":[{\"@type\":\"CommentAction\",\"name\":\"Comment\",\"target\":[\"https:\/\/blog.ccc.eu\/hu\/alkalmi-taskak-a-kozelgo-eskuvoi-szezonra\/#respond\"]}]},{\"@type\":\"WebPage\",\"@id\":\"https:\/\/blog.ccc.eu\/hu\/alkalmi-taskak-a-kozelgo-eskuvoi-szezonra\/\",\"url\":\"https:\/\/blog.ccc.eu\/hu\/alkalmi-taskak-a-kozelgo-eskuvoi-szezonra\/\",\"name\":\"Alkalmi t\u00e1sk\u00e1k a k\u00f6zelg\u0151 esk\u00fcv\u0151i szezonra - CCC Fashion blog\",\"isPartOf\":{\"@id\":\"https:\/\/blog.ccc.eu\/hu\/#website\"},\"primaryImageOfPage\":{\"@id\":\"https:\/\/blog.ccc.eu\/hu\/alkalmi-taskak-a-kozelgo-eskuvoi-szezonra\/#primaryimage\"},\"image\":{\"@id\":\"https:\/\/blog.ccc.eu\/hu\/alkalmi-taskak-a-kozelgo-eskuvoi-szezonra\/#primaryimage\"},\"thumbnailUrl\":\"https:\/\/blog.ccc.eu\/hu\/wp-content\/uploads\/2022\/04\/LukaszPukowiecBadura-3-768x1027-1.jpg\",\"datePublished\":\"2022-04-18T13:28:00+00:00\",\"description\":\"St\u00edlusos k\u00e9zit\u00e1ska esk\u00fcv\u0151re \u2013 Kicsi legyen vagy nagy? Keresd a CCC-ben az esk\u00fcv\u0151i t\u00e1skadivat legszebb darabjait!\",\"breadcrumb\":{\"@id\":\"https:\/\/blog.ccc.eu\/hu\/alkalmi-taskak-a-kozelgo-eskuvoi-szezonra\/#breadcrumb\"},\"inLanguage\":\"hu\",\"potentialAction\":[{\"@type\":\"ReadAction\",\"target\":[\"https:\/\/blog.ccc.eu\/hu\/alkalmi-taskak-a-kozelgo-eskuvoi-szezonra\/\"]}]},{\"@type\":\"ImageObject\",\"inLanguage\":\"hu\",\"@id\":\"https:\/\/blog.ccc.eu\/hu\/alkalmi-taskak-a-kozelgo-eskuvoi-szezonra\/#primaryimage\",\"url\":\"https:\/\/blog.ccc.eu\/hu\/wp-content\/uploads\/2022\/04\/LukaszPukowiecBadura-3-768x1027-1.jpg\",\"contentUrl\":\"https:\/\/blog.ccc.eu\/hu\/wp-content\/uploads\/2022\/04\/LukaszPukowiecBadura-3-768x1027-1.jpg\",\"width\":768,\"height\":1027,\"caption\":\"esk\u00fcv\u0151i k\u00e9zit\u00e1ska\"},{\"@type\":\"BreadcrumbList\",\"@id\":\"https:\/\/blog.ccc.eu\/hu\/alkalmi-taskak-a-kozelgo-eskuvoi-szezonra\/#breadcrumb\",\"itemListElement\":[{\"@type\":\"ListItem\",\"position\":1,\"name\":\"Strona g\u0142\u00f3wna\",\"item\":\"https:\/\/blog.ccc.eu\/hu\/\"},{\"@type\":\"ListItem\",\"position\":2,\"name\":\"Alkalmi t\u00e1sk\u00e1k a k\u00f6zelg\u0151 esk\u00fcv\u0151i szezonra\"}]},{\"@type\":\"WebSite\",\"@id\":\"https:\/\/blog.ccc.eu\/hu\/#website\",\"url\":\"https:\/\/blog.ccc.eu\/hu\/\",\"name\":\"CCC Fashion blog\",\"description\":\"Az \u00d6n helye tele van divatihletekkel\",\"publisher\":{\"@id\":\"https:\/\/blog.ccc.eu\/hu\/#organization\"},\"potentialAction\":[{\"@type\":\"SearchAction\",\"target\":{\"@type\":\"EntryPoint\",\"urlTemplate\":\"https:\/\/blog.ccc.eu\/hu\/?s={search_term_string}\"},\"query-input\":{\"@type\":\"PropertyValueSpecification\",\"valueRequired\":true,\"valueName\":\"search_term_string\"}}],\"inLanguage\":\"hu\"},{\"@type\":\"Organization\",\"@id\":\"https:\/\/blog.ccc.eu\/hu\/#organization\",\"name\":\"CCC S.A.\",\"url\":\"https:\/\/blog.ccc.eu\/hu\/\",\"logo\":{\"@type\":\"ImageObject\",\"inLanguage\":\"hu\",\"@id\":\"https:\/\/blog.ccc.eu\/hu\/#\/schema\/logo\/image\/\",\"url\":\"https:\/\/blog.ccc.eu\/hu\/wp-content\/uploads\/2021\/11\/logo_ccc.png\",\"contentUrl\":\"https:\/\/blog.ccc.eu\/hu\/wp-content\/uploads\/2021\/11\/logo_ccc.png\",\"width\":730,\"height\":270,\"caption\":\"CCC S.A.\"},\"image\":{\"@id\":\"https:\/\/blog.ccc.eu\/hu\/#\/schema\/logo\/image\/\"}},{\"@type\":\"Person\",\"@id\":\"https:\/\/blog.ccc.eu\/hu\/#\/schema\/person\/81734c8d0655acc57e8e99c594ed5c0e\",\"name\":\"Halassy Marianna\",\"image\":{\"@type\":\"ImageObject\",\"inLanguage\":\"hu\",\"@id\":\"https:\/\/blog.ccc.eu\/hu\/#\/schema\/person\/image\/\",\"url\":\"https:\/\/blog.ccc.eu\/hu\/wp-content\/uploads\/2022\/08\/admin-ajax-150x150.jpg\",\"contentUrl\":\"https:\/\/blog.ccc.eu\/hu\/wp-content\/uploads\/2022\/08\/admin-ajax-150x150.jpg\",\"caption\":\"Halassy Marianna\"},\"url\":\"https:\/\/blog.ccc.eu\/hu\/author\/marianna-halassy\/\"}]}<\/script>\n<!-- \/ Yoast SEO plugin. -->","yoast_head_json":{"title":"Alkalmi t\u00e1sk\u00e1k a k\u00f6zelg\u0151 esk\u00fcv\u0151i szezonra - CCC Fashion blog","description":"St\u00edlusos k\u00e9zit\u00e1ska esk\u00fcv\u0151re \u2013 Kicsi legyen vagy nagy? Keresd a CCC-ben az esk\u00fcv\u0151i t\u00e1skadivat legszebb darabjait! 2026","robots":{"index":"index","follow":"follow","max-snippet":"max-snippet:-1","max-image-preview":"max-image-preview:large","max-video-preview":"max-video-preview:-1"},"canonical":"https:\/\/blog.ccc.eu\/hu\/alkalmi-taskak-a-kozelgo-eskuvoi-szezonra\/","og_locale":"hu_HU","og_type":"article","og_title":"Alkalmi t\u00e1sk\u00e1k a k\u00f6zelg\u0151 esk\u00fcv\u0151i szezonra - CCC Fashion blog","og_description":"St\u00edlusos k\u00e9zit\u00e1ska esk\u00fcv\u0151re \u2013 Kicsi legyen vagy nagy? Keresd a CCC-ben az esk\u00fcv\u0151i t\u00e1skadivat legszebb darabjait!","og_url":"https:\/\/blog.ccc.eu\/hu\/alkalmi-taskak-a-kozelgo-eskuvoi-szezonra\/","og_site_name":"CCC Fashion blog","article_published_time":"2022-04-18T13:28:00+00:00","og_image":[{"width":768,"height":1027,"url":"https:\/\/blog.ccc.eu\/hu\/wp-content\/uploads\/2022\/04\/LukaszPukowiecBadura-3-768x1027-1.jpg","type":"image\/jpeg"}],"author":"Halassy Marianna","twitter_card":"summary_large_image","twitter_misc":{"Szerz\u0151:":"Halassy Marianna","Becs\u00fclt olvas\u00e1si id\u0151":"5 perc"},"schema":{"@context":"https:\/\/schema.org","@graph":[{"@type":"Article","@id":"https:\/\/blog.ccc.eu\/hu\/alkalmi-taskak-a-kozelgo-eskuvoi-szezonra\/#article","isPartOf":{"@id":"https:\/\/blog.ccc.eu\/hu\/alkalmi-taskak-a-kozelgo-eskuvoi-szezonra\/"},"author":{"name":"Halassy Marianna","@id":"https:\/\/blog.ccc.eu\/hu\/#\/schema\/person\/81734c8d0655acc57e8e99c594ed5c0e"},"headline":"Alkalmi t\u00e1sk\u00e1k a k\u00f6zelg\u0151 esk\u00fcv\u0151i szezonra","datePublished":"2022-04-18T13:28:00+00:00","mainEntityOfPage":{"@id":"https:\/\/blog.ccc.eu\/hu\/alkalmi-taskak-a-kozelgo-eskuvoi-szezonra\/"},"wordCount":1163,"commentCount":0,"publisher":{"@id":"https:\/\/blog.ccc.eu\/hu\/#organization"},"image":{"@id":"https:\/\/blog.ccc.eu\/hu\/alkalmi-taskak-a-kozelgo-eskuvoi-szezonra\/#primaryimage"},"thumbnailUrl":"https:\/\/blog.ccc.eu\/hu\/wp-content\/uploads\/2022\/04\/LukaszPukowiecBadura-3-768x1027-1.jpg","keywords":["alkalmi k\u00e9zit\u00e1ska","CCC","esk\u00fcv\u0151","t\u00e1skadivat"],"articleSection":["TRENDEK"],"inLanguage":"hu","potentialAction":[{"@type":"CommentAction","name":"Comment","target":["https:\/\/blog.ccc.eu\/hu\/alkalmi-taskak-a-kozelgo-eskuvoi-szezonra\/#respond"]}]},{"@type":"WebPage","@id":"https:\/\/blog.ccc.eu\/hu\/alkalmi-taskak-a-kozelgo-eskuvoi-szezonra\/","url":"https:\/\/blog.ccc.eu\/hu\/alkalmi-taskak-a-kozelgo-eskuvoi-szezonra\/","name":"Alkalmi t\u00e1sk\u00e1k a k\u00f6zelg\u0151 esk\u00fcv\u0151i szezonra - CCC Fashion blog","isPartOf":{"@id":"https:\/\/blog.ccc.eu\/hu\/#website"},"primaryImageOfPage":{"@id":"https:\/\/blog.ccc.eu\/hu\/alkalmi-taskak-a-kozelgo-eskuvoi-szezonra\/#primaryimage"},"image":{"@id":"https:\/\/blog.ccc.eu\/hu\/alkalmi-taskak-a-kozelgo-eskuvoi-szezonra\/#primaryimage"},"thumbnailUrl":"https:\/\/blog.ccc.eu\/hu\/wp-content\/uploads\/2022\/04\/LukaszPukowiecBadura-3-768x1027-1.jpg","datePublished":"2022-04-18T13:28:00+00:00","description":"St\u00edlusos k\u00e9zit\u00e1ska esk\u00fcv\u0151re \u2013 Kicsi legyen vagy nagy? Keresd a CCC-ben az esk\u00fcv\u0151i t\u00e1skadivat legszebb darabjait!","breadcrumb":{"@id":"https:\/\/blog.ccc.eu\/hu\/alkalmi-taskak-a-kozelgo-eskuvoi-szezonra\/#breadcrumb"},"inLanguage":"hu","potentialAction":[{"@type":"ReadAction","target":["https:\/\/blog.ccc.eu\/hu\/alkalmi-taskak-a-kozelgo-eskuvoi-szezonra\/"]}]},{"@type":"ImageObject","inLanguage":"hu","@id":"https:\/\/blog.ccc.eu\/hu\/alkalmi-taskak-a-kozelgo-eskuvoi-szezonra\/#primaryimage","url":"https:\/\/blog.ccc.eu\/hu\/wp-content\/uploads\/2022\/04\/LukaszPukowiecBadura-3-768x1027-1.jpg","contentUrl":"https:\/\/blog.ccc.eu\/hu\/wp-content\/uploads\/2022\/04\/LukaszPukowiecBadura-3-768x1027-1.jpg","width":768,"height":1027,"caption":"esk\u00fcv\u0151i k\u00e9zit\u00e1ska"},{"@type":"BreadcrumbList","@id":"https:\/\/blog.ccc.eu\/hu\/alkalmi-taskak-a-kozelgo-eskuvoi-szezonra\/#breadcrumb","itemListElement":[{"@type":"ListItem","position":1,"name":"Strona g\u0142\u00f3wna","item":"https:\/\/blog.ccc.eu\/hu\/"},{"@type":"ListItem","position":2,"name":"Alkalmi t\u00e1sk\u00e1k a k\u00f6zelg\u0151 esk\u00fcv\u0151i szezonra"}]},{"@type":"WebSite","@id":"https:\/\/blog.ccc.eu\/hu\/#website","url":"https:\/\/blog.ccc.eu\/hu\/","name":"CCC Fashion blog","description":"Az \u00d6n helye tele van divatihletekkel","publisher":{"@id":"https:\/\/blog.ccc.eu\/hu\/#organization"},"potentialAction":[{"@type":"SearchAction","target":{"@type":"EntryPoint","urlTemplate":"https:\/\/blog.ccc.eu\/hu\/?s={search_term_string}"},"query-input":{"@type":"PropertyValueSpecification","valueRequired":true,"valueName":"search_term_string"}}],"inLanguage":"hu"},{"@type":"Organization","@id":"https:\/\/blog.ccc.eu\/hu\/#organization","name":"CCC S.A.","url":"https:\/\/blog.ccc.eu\/hu\/","logo":{"@type":"ImageObject","inLanguage":"hu","@id":"https:\/\/blog.ccc.eu\/hu\/#\/schema\/logo\/image\/","url":"https:\/\/blog.ccc.eu\/hu\/wp-content\/uploads\/2021\/11\/logo_ccc.png","contentUrl":"https:\/\/blog.ccc.eu\/hu\/wp-content\/uploads\/2021\/11\/logo_ccc.png","width":730,"height":270,"caption":"CCC S.A."},"image":{"@id":"https:\/\/blog.ccc.eu\/hu\/#\/schema\/logo\/image\/"}},{"@type":"Person","@id":"https:\/\/blog.ccc.eu\/hu\/#\/schema\/person\/81734c8d0655acc57e8e99c594ed5c0e","name":"Halassy Marianna","image":{"@type":"ImageObject","inLanguage":"hu","@id":"https:\/\/blog.ccc.eu\/hu\/#\/schema\/person\/image\/","url":"https:\/\/blog.ccc.eu\/hu\/wp-content\/uploads\/2022\/08\/admin-ajax-150x150.jpg","contentUrl":"https:\/\/blog.ccc.eu\/hu\/wp-content\/uploads\/2022\/08\/admin-ajax-150x150.jpg","caption":"Halassy Marianna"},"url":"https:\/\/blog.ccc.eu\/hu\/author\/marianna-halassy\/"}]}},"_links":{"self":[{"href":"https:\/\/blog.ccc.eu\/hu\/wp-json\/wp\/v2\/posts\/5361","targetHints":{"allow":["GET"]}}],"collection":[{"href":"https:\/\/blog.ccc.eu\/hu\/wp-json\/wp\/v2\/posts"}],"about":[{"href":"https:\/\/blog.ccc.eu\/hu\/wp-json\/wp\/v2\/types\/post"}],"author":[{"embeddable":true,"href":"https:\/\/blog.ccc.eu\/hu\/wp-json\/wp\/v2\/users\/12"}],"replies":[{"embeddable":true,"href":"https:\/\/blog.ccc.eu\/hu\/wp-json\/wp\/v2\/comments?post=5361"}],"version-history":[{"count":6,"href":"https:\/\/blog.ccc.eu\/hu\/wp-json\/wp\/v2\/posts\/5361\/revisions"}],"predecessor-version":[{"id":5369,"href":"https:\/\/blog.ccc.eu\/hu\/wp-json\/wp\/v2\/posts\/5361\/revisions\/5369"}],"wp:featuredmedia":[{"embeddable":true,"href":"https:\/\/blog.ccc.eu\/hu\/wp-json\/wp\/v2\/media\/5367"}],"wp:attachment":[{"href":"https:\/\/blog.ccc.eu\/hu\/wp-json\/wp\/v2\/media?parent=5361"}],"wp:term":[{"taxonomy":"category","embeddable":true,"href":"https:\/\/blog.ccc.eu\/hu\/wp-json\/wp\/v2\/categories?post=5361"},{"taxonomy":"post_tag","embeddable":true,"href":"https:\/\/blog.ccc.eu\/hu\/wp-json\/wp\/v2\/tags?post=5361"}],"curies":[{"name":"wp","href":"https:\/\/api.w.org\/{rel}","templated":true}]}}