{"id":5612,"date":"2022-05-11T14:47:59","date_gmt":"2022-05-11T12:47:59","guid":{"rendered":"https:\/\/blog.ccc.eu\/hu\/?p=5612"},"modified":"2023-04-26T17:04:37","modified_gmt":"2023-04-26T15:04:37","slug":"jenny-fairy-kapszula-kollekcio-soft-chains","status":"publish","type":"post","link":"https:\/\/blog.ccc.eu\/hu\/jenny-fairy-kapszula-kollekcio-soft-chains\/","title":{"rendered":"Jenny Fairy kapszulakollekci\u00f3 \u2013 Soft Chains"},"content":{"rendered":"\n<p><b>K\u00e9szen \u00e1llsz a szezon \u00faj trendj\u00e9re? A l\u00e1ncm\u00e1nia uralkodik az idei ny\u00e1ri kollekci\u00f3kban &#8211; a legdivatosabb cip\u0151ket, t\u00e1sk\u00e1kat \u00e9s kieg\u00e9sz\u00edt\u0151ket d\u00edsz\u00edtve! A vil\u00e1g legnagyobb divattervez\u0151i: Bottega Veneta, Dolce &amp; Gabbana vagy Stella McCartney elk\u00e9peszt\u0151en divatos, l\u00e1ncokkal d\u00edsz\u00edtett modelleket mutattak be. Az XXL-es l\u00e1ncokt\u00f3l az ultrav\u00e9kony \u00e9s ultratrendi l\u00e1ncokig, ezek a szemet gy\u00f6ny\u00f6rk\u00f6dtet\u0151 darabok csod\u00e1s hat\u00e1st k\u00f6lcs\u00f6n\u00f6znek az \u00f6lt\u00f6z\u00e9kednek! <\/b><\/p>\n\n\n\n<figure class=\"wp-block-image size-large\"><img loading=\"lazy\" decoding=\"async\" width=\"1024\" height=\"827\" src=\"https:\/\/blog.ccc.eu\/hu\/wp-content\/uploads\/2022\/05\/Jenny_Fairy_analog_AS02-copy-1-1024x827.jpg\" alt=\"\" class=\"wp-image-5627\" srcset=\"https:\/\/blog.ccc.eu\/hu\/wp-content\/uploads\/2022\/05\/Jenny_Fairy_analog_AS02-copy-1-1024x827.jpg 1024w, https:\/\/blog.ccc.eu\/hu\/wp-content\/uploads\/2022\/05\/Jenny_Fairy_analog_AS02-copy-1-300x242.jpg 300w, https:\/\/blog.ccc.eu\/hu\/wp-content\/uploads\/2022\/05\/Jenny_Fairy_analog_AS02-copy-1-768x620.jpg 768w, https:\/\/blog.ccc.eu\/hu\/wp-content\/uploads\/2022\/05\/Jenny_Fairy_analog_AS02-copy-1-100x81.jpg 100w, https:\/\/blog.ccc.eu\/hu\/wp-content\/uploads\/2022\/05\/Jenny_Fairy_analog_AS02-copy-1.jpg 1110w\" sizes=\"auto, (max-width: 1024px) 100vw, 1024px\" \/><\/figure>\n\n\n\n<h2 class=\"wp-block-heading\"><strong>Soft Chains<\/strong><\/h2>\n\n\n\n<p>Ha szeretn\u00e9d a nyarat igazi glamour st\u00edlusban \u00e9lvezni, akkor a Jenny Fairy k\u00e9sz\u00edtett Neked egy k\u00fcl\u00f6nleges kapszulakollekci\u00f3t, amely h\u00e1romf\u00e9le cip\u0151modellt tartalmaz, valamint egy l\u00e1ncos p\u00e1nttal ell\u00e1tott v\u00e1llt\u00e1ska is helyet kapott a Soft Chains-ben. A ny\u00e1ri kapszulakollekci\u00f3 arca Linda Helena &#8211; a Tom Ford kamp\u00e1ny\u00e1b\u00f3l ismert brazil modell, akit Agata Serge egy kaliforniai tengerparton \u00f6r\u00f6k\u00edtett meg. A tengerparti fot\u00f3z\u00e1s kl\u00edm\u00e1j\u00e1hoz t\u00f6k\u00e9letesen passzolnak a magassark\u00fa&nbsp; \u00e9s a lapos talp\u00fa szand\u00e1lok is, valamint az idei szezon szupertrendi, magassark\u00fa papucsai. A finom arany d\u00edsz\u00edt\u00e9sek t\u00f6k\u00e9letesen megfelelnek a ny\u00e1ri trendeknek, a napf\u00fcrdette testnek, a szab\u00e1lytalanul f\u00e9s\u00fclt hajnak \u00e9s a k\u00f6nny\u0171 ruh\u00e1nak, amely azt \u00fczeni, hogy k\u00f6zeleg a ny\u00e1r!<\/p>\n\n\n\n<figure class=\"wp-block-embed is-type-video is-provider-youtube wp-block-embed-youtube wp-embed-aspect-16-9 wp-has-aspect-ratio\"><div class=\"wp-block-embed__wrapper\">\n<iframe loading=\"lazy\" title=\"CCC I Jenny Fairy Soft Chains I Kolekcja kapsu\u0142owa SS22\" width=\"500\" height=\"281\" src=\"https:\/\/www.youtube.com\/embed\/Pudpnagsrgs?feature=oembed\" frameborder=\"0\" allow=\"accelerometer; autoplay; clipboard-write; encrypted-media; gyroscope; picture-in-picture; web-share\" referrerpolicy=\"strict-origin-when-cross-origin\" allowfullscreen><\/iframe>\n<\/div><\/figure>\n\n\n\n<h2 class=\"wp-block-heading\"><strong>Milyen darabokat tal\u00e1lhatunk a kapszulakollekci\u00f3ban?<br><\/strong><\/h2>\n\n\n\n<p>Az \u00faj Jenny Fairy kapszulakollekci\u00f3 h\u00e1romf\u00e9le cip\u0151modellt tartalmaz: szand\u00e1lok alacsony sarokkal \u00e9s bokap\u00e1nttal, klasszikus magassark\u00fa l\u00e1bujjas papucsok \u00e9s visszafogott, lapos talp\u00fa szand\u00e1lok. A cip\u0151k sz\u00edn\u00f6ssze\u00e1ll\u00edt\u00e1sa nagyon eleg\u00e1ns \u00e9s kiegyens\u00falyozott, a fekete, a b\u00e9zs \u00e9s a barna sz\u00ednek domin\u00e1lnak, azonban a papucsokon megjelen\u0151 f\u0171z\u00f6ld, vagy a k\u00e9k sz\u00edn kifejezetten divatos sz\u00ednnel l\u00e1tj\u00e1k el a l\u00e1bbeliket. Minden modell st\u00edlusos l\u00e1nccal van ell\u00e1tva, amely k\u00f6nnyeds\u00e9get k\u00f6lcs\u00f6n\u00f6z minden ruh\u00e1nak, \u00e9s igazi gy\u00f6ngyszem lesz a kollekci\u00f3ban, nem csak a glamour st\u00edlus rajong\u00f3i sz\u00e1m\u00e1ra!<\/p>\n\n\n\n<p>A Soft Chains cip\u0151kh\u0151z t\u00f6k\u00e9letesen illeszkedik egy igaz\u00e1n trendi v\u00e1llt\u00e1ska. A kollekci\u00f3 t\u00e1skamodelljei h\u00e1rom sz\u00ednben kaphat\u00f3ak: b\u00e9zs, barna \u00e9s fekete. A t\u00e1ska egyedi p\u00e1ntja fonott, f\u0151 eleme pedig egy aranysz\u00edn\u0171, finom l\u00e1nc! A t\u00e1ska ide\u00e1lis m\u00e9ret\u0171, minden l\u00e9nyeges dolog elf\u00e9r benne, ak\u00e1r a v\u00e1rosi fergetegben s\u00e9t\u00e1lsz, ak\u00e1r a bar\u00e1taiddal m\u00e9sz el este valahova, ak\u00e1r a mindennapokban haszn\u00e1lod.<\/p>\n\n\n\n<figure class=\"wp-block-gallery has-nested-images columns-default is-cropped wp-block-gallery-1 is-layout-flex wp-block-gallery-is-layout-flex\">\n<figure class=\"wp-block-image size-large\"><img loading=\"lazy\" decoding=\"async\" width=\"827\" height=\"1024\" data-id=\"5620\" src=\"https:\/\/blog.ccc.eu\/hu\/wp-content\/uploads\/2022\/05\/Jenny_Fairy_analog_AS01_poprawki_02-copy-1-827x1024.jpg\" alt=\"\" class=\"wp-image-5620\" srcset=\"https:\/\/blog.ccc.eu\/hu\/wp-content\/uploads\/2022\/05\/Jenny_Fairy_analog_AS01_poprawki_02-copy-1-827x1024.jpg 827w, https:\/\/blog.ccc.eu\/hu\/wp-content\/uploads\/2022\/05\/Jenny_Fairy_analog_AS01_poprawki_02-copy-1-242x300.jpg 242w, https:\/\/blog.ccc.eu\/hu\/wp-content\/uploads\/2022\/05\/Jenny_Fairy_analog_AS01_poprawki_02-copy-1-768x951.jpg 768w, https:\/\/blog.ccc.eu\/hu\/wp-content\/uploads\/2022\/05\/Jenny_Fairy_analog_AS01_poprawki_02-copy-1-100x124.jpg 100w, https:\/\/blog.ccc.eu\/hu\/wp-content\/uploads\/2022\/05\/Jenny_Fairy_analog_AS01_poprawki_02-copy-1.jpg 896w\" sizes=\"auto, (max-width: 827px) 100vw, 827px\" \/><\/figure>\n\n\n\n<figure class=\"wp-block-image size-large\"><img loading=\"lazy\" decoding=\"async\" width=\"827\" height=\"1024\" data-id=\"5619\" src=\"https:\/\/blog.ccc.eu\/hu\/wp-content\/uploads\/2022\/05\/Jenny_Fairy_analog_AS04-copy-827x1024-1.jpg\" alt=\"\" class=\"wp-image-5619\" srcset=\"https:\/\/blog.ccc.eu\/hu\/wp-content\/uploads\/2022\/05\/Jenny_Fairy_analog_AS04-copy-827x1024-1.jpg 827w, https:\/\/blog.ccc.eu\/hu\/wp-content\/uploads\/2022\/05\/Jenny_Fairy_analog_AS04-copy-827x1024-1-242x300.jpg 242w, https:\/\/blog.ccc.eu\/hu\/wp-content\/uploads\/2022\/05\/Jenny_Fairy_analog_AS04-copy-827x1024-1-768x951.jpg 768w, https:\/\/blog.ccc.eu\/hu\/wp-content\/uploads\/2022\/05\/Jenny_Fairy_analog_AS04-copy-827x1024-1-100x124.jpg 100w\" sizes=\"auto, (max-width: 827px) 100vw, 827px\" \/><\/figure>\n<\/figure>\n\n\n\n<h2 class=\"wp-block-heading\"><strong>Hogyan hordjuk a Jenny Fairy Soft Chains kapszulakollekci\u00f3 darabjait?<br><\/strong><\/h2>\n\n\n\n<p>A Soft Chains kapszulakollekci\u00f3 a ny\u00e1r \u00fcnnepl\u00e9s\u00e9re invit\u00e1l minket! A cip\u0151k k\u00f6nnyed\u00e9n helyettes\u00edthetik az \u00e9kszereket, \u00e9s nagy hangs\u00falyt adhatnak az \u00f6lt\u00f6z\u00e9kednek. Ha nagy divatrajong\u00f3 vagy \u00e9s szereted a trendeket, mindenk\u00e9ppen v\u00e1lassz z\u00f6ld magassark\u00fa szand\u00e1lt, finom l\u00e1nccal d\u00edsz\u00edtve! Igazi f\u00e9nypontja lesz az \u00f6lt\u00f6z\u00e9kednek. P\u00e1ros\u00edtsd \u00f6ssze vil\u00e1gos, b\u0151sz\u00e1r\u00fa farmerrel \u00e9s r\u00f6vid, vir\u00e1gos fels\u0151vel. Azonban ez a cip\u0151 egy kis fekete vagy \u00e9l\u00e9nk narancss\u00e1rga ruh\u00e1hoz is t\u00f6k\u00e9letesen illik! V\u00e1lassz hozz\u00e1 egy b\u00e9zs sz\u00edn\u0171 l\u00e1ncos v\u00e1llt\u00e1sk\u00e1t vir\u00e1gos fejp\u00e1nttal vagy sz\u00ednes f\u00fclbeval\u00f3val.<\/p>\n\n\n\n\n\n\n<p><\/p>\n\n\n\n<p>Szeretn\u00e9l a ny\u00e1ri fesztiv\u00e1lokhoz is t\u00f6k\u00e9letes megjelen\u00e9st l\u00e9trehozni? A lapos talp\u00fa szand\u00e1lok ebb\u0151l a kollekci\u00f3b\u00f3l abszol\u00fat sl\u00e1gerek lesznek. Hordd b\u00e1tran r\u00f6vidnadr\u00e1ggal, neonsz\u00edn\u0171 fels\u0151vel, k\u00f6t\u00f6tt mell\u00e9nnyel \u00e9s boho kieg\u00e9sz\u00edt\u0151kkel! K\u00e9ts\u00e9gtelen, hogy im\u00e1dni fogod a barna t\u00e1sk\u00e1t, amely t\u00f6k\u00e9letesen kieg\u00e9sz\u00edti majd a st\u00edlusodat.<\/p>\n\n\n\n<p>Alkoss magadnak glamour look-ot! V\u00e1lassz bokap\u00e1ntos magassark\u00fa szand\u00e1lt. P\u00e1ros\u00edtsd \u00f6ssze egy eleg\u00e1ns, nyitott v\u00e1ll\u00fa ceruzaruh\u00e1val! Eg\u00e9sz\u00edtsd ki a szettedet egy fekete l\u00e1ncos t\u00e1sk\u00e1val ebb\u0151l a sz\u00e9ri\u00e1b\u00f3l \u00e9s egy kark\u00f6t\u0151vel vagy nagy arany f\u00fclbeval\u00f3val!<\/p>\n\n\n\n\n\n\n<p><\/p>\n\n\n\n<p>Ez az egyedi kapszulakollekci\u00f3 Jenny Fairyt\u0151l a gy\u00f6ny\u00f6r\u0171, forr\u00f3 ny\u00e1rba rep\u00edt minket, tele trendi darabokkal. Ez egy k\u00fcl\u00f6nleges id\u0151szak, amikor az egyik legforr\u00f3bb trend a cip\u0151ket, t\u00e1sk\u00e1kat \u00e9s kieg\u00e9sz\u00edt\u0151ket d\u00edsz\u00edt\u0151 l\u00e1ncok form\u00e1j\u00e1ban jelenik meg! Az k\u00fcl\u00f6nb\u00f6z\u0151 elemekkel d\u00edsz\u00edtett v\u00e9kony cip\u0151p\u00e1ntok a szezon abszol\u00fat sl\u00e1ger\u00e9v\u00e9 v\u00e1lnak. K\u00e9sz\u00edtsd el vel\u00fck a legdivatosabb ruha\u00f6ssze\u00e1ll\u00edt\u00e1sokat, \u00e9s v\u00e1s\u00e1rolj gy\u00f6ny\u00f6r\u0171 cip\u0151ket \u00e9s t\u00e1sk\u00e1kat a Jenny Fairy Soft Chains kollekci\u00f3b\u00f3l CCC <a href=\"https:\/\/ccc.eu\/hu\/\">\u00fczleteinkben<\/a>, \u00e9s a <a href=\"https:\/\/ccc.eu\/hu\/\">webshopunkban<\/a>! CCC divatinspir\u00e1ci\u00f3kat nem csak itt szerezhetsz, k\u00f6vess minket <a href=\"https:\/\/www.facebook.com\/CCC.Hungary\/\">Facebookon<\/a> \u00e9s <a href=\"https:\/\/www.instagram.com\/cccshoesbags\/\">Instagramon<\/a> is!<\/p>\n","protected":false},"excerpt":{"rendered":"<p>K\u00e9szen \u00e1llsz a szezon \u00faj trendj\u00e9re? A l\u00e1ncm\u00e1nia uralkodik az idei ny\u00e1ri kollekci\u00f3kban &#8211; a legdivatosabb cip\u0151ket, t\u00e1sk\u00e1kat \u00e9s kieg\u00e9sz\u00edt\u0151ket d\u00edsz\u00edtve! A vil\u00e1g legnagyobb divattervez\u0151i: Bottega Veneta, Dolce &amp; Gabbana vagy Stella McCartney elk\u00e9peszt\u0151en divatos, l\u00e1ncokkal d\u00edsz\u00edtett modelleket mutattak be. Az XXL-es l\u00e1ncokt\u00f3l az ultrav\u00e9kony \u00e9s ultratrendi l\u00e1ncokig, ezek a szemet gy\u00f6ny\u00f6rk\u00f6dtet\u0151 darabok csod\u00e1s hat\u00e1st [&hellip;]<\/p>\n","protected":false},"author":17,"featured_media":5617,"comment_status":"open","ping_status":"open","sticky":false,"template":"","format":"standard","meta":{"_acf_changed":false,"footnotes":""},"categories":[432],"tags":[729,778,680,783],"class_list":["post-5612","post","type-post","status-publish","format-standard","has-post-thumbnail","hentry","category-ujdonsagok","tag-jenni-fairy","tag-kapszulakollekcio","tag-noi-divat","tag-uj-kollekcio"],"acf":[],"yoast_head":"<!-- This site is optimized with the Yoast SEO plugin v26.9 - https:\/\/yoast.com\/product\/yoast-seo-wordpress\/ -->\n<title>Jenny Fairy kapszulakollekci\u00f3 \u2013 Soft Chains - CCC Fashion blog<\/title>\n<meta name=\"description\" content=\"N\u00e9zd meg a Jenny Fairy \u00faj kapszula kollekci\u00f3j\u00e1t - a Soft Chains-t, tele forr\u00f3 ny\u00e1ri darabokkal. 2026\" \/>\n<meta name=\"robots\" content=\"index, follow, max-snippet:-1, max-image-preview:large, max-video-preview:-1\" \/>\n<link rel=\"canonical\" href=\"https:\/\/blog.ccc.eu\/hu\/jenny-fairy-kapszula-kollekcio-soft-chains\/\" \/>\n<meta property=\"og:locale\" content=\"hu_HU\" \/>\n<meta property=\"og:type\" content=\"article\" \/>\n<meta property=\"og:title\" content=\"Jenny Fairy kapszulakollekci\u00f3 \u2013 Soft Chains - CCC Fashion blog\" \/>\n<meta property=\"og:description\" content=\"N\u00e9zd meg a Jenny Fairy \u00faj kapszula kollekci\u00f3j\u00e1t - a Soft Chains-t, tele forr\u00f3 ny\u00e1ri darabokkal.\" \/>\n<meta property=\"og:url\" content=\"https:\/\/blog.ccc.eu\/hu\/jenny-fairy-kapszula-kollekcio-soft-chains\/\" \/>\n<meta property=\"og:site_name\" content=\"CCC Fashion blog\" \/>\n<meta property=\"article:published_time\" content=\"2022-05-11T12:47:59+00:00\" \/>\n<meta property=\"article:modified_time\" content=\"2023-04-26T15:04:37+00:00\" \/>\n<meta property=\"og:image\" content=\"https:\/\/blog.ccc.eu\/hu\/wp-content\/uploads\/2022\/05\/Jenny_Fairy_analog_AS02-copy.jpg\" \/>\n\t<meta property=\"og:image:width\" content=\"1110\" \/>\n\t<meta property=\"og:image:height\" content=\"896\" \/>\n\t<meta property=\"og:image:type\" content=\"image\/jpeg\" \/>\n<meta name=\"author\" content=\"R\u00e9ka N\u00e9meth\" \/>\n<meta name=\"twitter:card\" content=\"summary_large_image\" \/>\n<meta name=\"twitter:label1\" content=\"Szerz\u0151:\" \/>\n\t<meta name=\"twitter:data1\" content=\"R\u00e9ka N\u00e9meth\" \/>\n\t<meta name=\"twitter:label2\" content=\"Becs\u00fclt olvas\u00e1si id\u0151\" \/>\n\t<meta name=\"twitter:data2\" content=\"4 perc\" \/>\n<script type=\"application\/ld+json\" class=\"yoast-schema-graph\">{\"@context\":\"https:\/\/schema.org\",\"@graph\":[{\"@type\":\"Article\",\"@id\":\"https:\/\/blog.ccc.eu\/hu\/jenny-fairy-kapszula-kollekcio-soft-chains\/#article\",\"isPartOf\":{\"@id\":\"https:\/\/blog.ccc.eu\/hu\/jenny-fairy-kapszula-kollekcio-soft-chains\/\"},\"author\":{\"name\":\"R\u00e9ka N\u00e9meth\",\"@id\":\"https:\/\/blog.ccc.eu\/hu\/#\/schema\/person\/c3226a60cce3320f8d95a41d9af8ed2d\"},\"headline\":\"Jenny Fairy kapszulakollekci\u00f3 \u2013 Soft Chains\",\"datePublished\":\"2022-05-11T12:47:59+00:00\",\"dateModified\":\"2023-04-26T15:04:37+00:00\",\"mainEntityOfPage\":{\"@id\":\"https:\/\/blog.ccc.eu\/hu\/jenny-fairy-kapszula-kollekcio-soft-chains\/\"},\"wordCount\":872,\"commentCount\":0,\"publisher\":{\"@id\":\"https:\/\/blog.ccc.eu\/hu\/#organization\"},\"image\":{\"@id\":\"https:\/\/blog.ccc.eu\/hu\/jenny-fairy-kapszula-kollekcio-soft-chains\/#primaryimage\"},\"thumbnailUrl\":\"https:\/\/blog.ccc.eu\/hu\/wp-content\/uploads\/2022\/05\/Jenny_Fairy_analog_AS02-copy.jpg\",\"keywords\":[\"Jenni Fairy\",\"kapszulakollekci\u00f3\",\"n\u0151i divat\",\"\u00faj kollekci\u00f3\"],\"articleSection\":[\"\u00daJDONS\u00c1GOK\"],\"inLanguage\":\"hu\",\"potentialAction\":[{\"@type\":\"CommentAction\",\"name\":\"Comment\",\"target\":[\"https:\/\/blog.ccc.eu\/hu\/jenny-fairy-kapszula-kollekcio-soft-chains\/#respond\"]}]},{\"@type\":\"WebPage\",\"@id\":\"https:\/\/blog.ccc.eu\/hu\/jenny-fairy-kapszula-kollekcio-soft-chains\/\",\"url\":\"https:\/\/blog.ccc.eu\/hu\/jenny-fairy-kapszula-kollekcio-soft-chains\/\",\"name\":\"Jenny Fairy kapszulakollekci\u00f3 \u2013 Soft Chains - CCC Fashion blog\",\"isPartOf\":{\"@id\":\"https:\/\/blog.ccc.eu\/hu\/#website\"},\"primaryImageOfPage\":{\"@id\":\"https:\/\/blog.ccc.eu\/hu\/jenny-fairy-kapszula-kollekcio-soft-chains\/#primaryimage\"},\"image\":{\"@id\":\"https:\/\/blog.ccc.eu\/hu\/jenny-fairy-kapszula-kollekcio-soft-chains\/#primaryimage\"},\"thumbnailUrl\":\"https:\/\/blog.ccc.eu\/hu\/wp-content\/uploads\/2022\/05\/Jenny_Fairy_analog_AS02-copy.jpg\",\"datePublished\":\"2022-05-11T12:47:59+00:00\",\"dateModified\":\"2023-04-26T15:04:37+00:00\",\"description\":\"N\u00e9zd meg a Jenny Fairy \u00faj kapszula kollekci\u00f3j\u00e1t - a Soft Chains-t, tele forr\u00f3 ny\u00e1ri darabokkal.\",\"breadcrumb\":{\"@id\":\"https:\/\/blog.ccc.eu\/hu\/jenny-fairy-kapszula-kollekcio-soft-chains\/#breadcrumb\"},\"inLanguage\":\"hu\",\"potentialAction\":[{\"@type\":\"ReadAction\",\"target\":[\"https:\/\/blog.ccc.eu\/hu\/jenny-fairy-kapszula-kollekcio-soft-chains\/\"]}]},{\"@type\":\"ImageObject\",\"inLanguage\":\"hu\",\"@id\":\"https:\/\/blog.ccc.eu\/hu\/jenny-fairy-kapszula-kollekcio-soft-chains\/#primaryimage\",\"url\":\"https:\/\/blog.ccc.eu\/hu\/wp-content\/uploads\/2022\/05\/Jenny_Fairy_analog_AS02-copy.jpg\",\"contentUrl\":\"https:\/\/blog.ccc.eu\/hu\/wp-content\/uploads\/2022\/05\/Jenny_Fairy_analog_AS02-copy.jpg\",\"width\":1110,\"height\":896,\"caption\":\"Soft Chains\"},{\"@type\":\"BreadcrumbList\",\"@id\":\"https:\/\/blog.ccc.eu\/hu\/jenny-fairy-kapszula-kollekcio-soft-chains\/#breadcrumb\",\"itemListElement\":[{\"@type\":\"ListItem\",\"position\":1,\"name\":\"Strona g\u0142\u00f3wna\",\"item\":\"https:\/\/blog.ccc.eu\/hu\/\"},{\"@type\":\"ListItem\",\"position\":2,\"name\":\"Jenny Fairy kapszulakollekci\u00f3 \u2013 Soft Chains\"}]},{\"@type\":\"WebSite\",\"@id\":\"https:\/\/blog.ccc.eu\/hu\/#website\",\"url\":\"https:\/\/blog.ccc.eu\/hu\/\",\"name\":\"CCC Fashion blog\",\"description\":\"Az \u00d6n helye tele van divatihletekkel\",\"publisher\":{\"@id\":\"https:\/\/blog.ccc.eu\/hu\/#organization\"},\"potentialAction\":[{\"@type\":\"SearchAction\",\"target\":{\"@type\":\"EntryPoint\",\"urlTemplate\":\"https:\/\/blog.ccc.eu\/hu\/?s={search_term_string}\"},\"query-input\":{\"@type\":\"PropertyValueSpecification\",\"valueRequired\":true,\"valueName\":\"search_term_string\"}}],\"inLanguage\":\"hu\"},{\"@type\":\"Organization\",\"@id\":\"https:\/\/blog.ccc.eu\/hu\/#organization\",\"name\":\"CCC S.A.\",\"url\":\"https:\/\/blog.ccc.eu\/hu\/\",\"logo\":{\"@type\":\"ImageObject\",\"inLanguage\":\"hu\",\"@id\":\"https:\/\/blog.ccc.eu\/hu\/#\/schema\/logo\/image\/\",\"url\":\"https:\/\/blog.ccc.eu\/hu\/wp-content\/uploads\/2021\/11\/logo_ccc.png\",\"contentUrl\":\"https:\/\/blog.ccc.eu\/hu\/wp-content\/uploads\/2021\/11\/logo_ccc.png\",\"width\":730,\"height\":270,\"caption\":\"CCC S.A.\"},\"image\":{\"@id\":\"https:\/\/blog.ccc.eu\/hu\/#\/schema\/logo\/image\/\"}},{\"@type\":\"Person\",\"@id\":\"https:\/\/blog.ccc.eu\/hu\/#\/schema\/person\/c3226a60cce3320f8d95a41d9af8ed2d\",\"name\":\"R\u00e9ka N\u00e9meth\",\"image\":{\"@type\":\"ImageObject\",\"inLanguage\":\"hu\",\"@id\":\"https:\/\/blog.ccc.eu\/hu\/#\/schema\/person\/image\/\",\"url\":\"https:\/\/blog.ccc.eu\/hu\/wp-content\/uploads\/2022\/05\/MicrosoftTeams-image-e1651752501479-150x150.jpg\",\"contentUrl\":\"https:\/\/blog.ccc.eu\/hu\/wp-content\/uploads\/2022\/05\/MicrosoftTeams-image-e1651752501479-150x150.jpg\",\"caption\":\"R\u00e9ka N\u00e9meth\"},\"url\":\"https:\/\/blog.ccc.eu\/hu\/author\/katarzyna-martyn\/\"}]}<\/script>\n<!-- \/ Yoast SEO plugin. -->","yoast_head_json":{"title":"Jenny Fairy kapszulakollekci\u00f3 \u2013 Soft Chains - CCC Fashion blog","description":"N\u00e9zd meg a Jenny Fairy \u00faj kapszula kollekci\u00f3j\u00e1t - a Soft Chains-t, tele forr\u00f3 ny\u00e1ri darabokkal. 2026","robots":{"index":"index","follow":"follow","max-snippet":"max-snippet:-1","max-image-preview":"max-image-preview:large","max-video-preview":"max-video-preview:-1"},"canonical":"https:\/\/blog.ccc.eu\/hu\/jenny-fairy-kapszula-kollekcio-soft-chains\/","og_locale":"hu_HU","og_type":"article","og_title":"Jenny Fairy kapszulakollekci\u00f3 \u2013 Soft Chains - CCC Fashion blog","og_description":"N\u00e9zd meg a Jenny Fairy \u00faj kapszula kollekci\u00f3j\u00e1t - a Soft Chains-t, tele forr\u00f3 ny\u00e1ri darabokkal.","og_url":"https:\/\/blog.ccc.eu\/hu\/jenny-fairy-kapszula-kollekcio-soft-chains\/","og_site_name":"CCC Fashion blog","article_published_time":"2022-05-11T12:47:59+00:00","article_modified_time":"2023-04-26T15:04:37+00:00","og_image":[{"width":1110,"height":896,"url":"https:\/\/blog.ccc.eu\/hu\/wp-content\/uploads\/2022\/05\/Jenny_Fairy_analog_AS02-copy.jpg","type":"image\/jpeg"}],"author":"R\u00e9ka N\u00e9meth","twitter_card":"summary_large_image","twitter_misc":{"Szerz\u0151:":"R\u00e9ka N\u00e9meth","Becs\u00fclt olvas\u00e1si id\u0151":"4 perc"},"schema":{"@context":"https:\/\/schema.org","@graph":[{"@type":"Article","@id":"https:\/\/blog.ccc.eu\/hu\/jenny-fairy-kapszula-kollekcio-soft-chains\/#article","isPartOf":{"@id":"https:\/\/blog.ccc.eu\/hu\/jenny-fairy-kapszula-kollekcio-soft-chains\/"},"author":{"name":"R\u00e9ka N\u00e9meth","@id":"https:\/\/blog.ccc.eu\/hu\/#\/schema\/person\/c3226a60cce3320f8d95a41d9af8ed2d"},"headline":"Jenny Fairy kapszulakollekci\u00f3 \u2013 Soft Chains","datePublished":"2022-05-11T12:47:59+00:00","dateModified":"2023-04-26T15:04:37+00:00","mainEntityOfPage":{"@id":"https:\/\/blog.ccc.eu\/hu\/jenny-fairy-kapszula-kollekcio-soft-chains\/"},"wordCount":872,"commentCount":0,"publisher":{"@id":"https:\/\/blog.ccc.eu\/hu\/#organization"},"image":{"@id":"https:\/\/blog.ccc.eu\/hu\/jenny-fairy-kapszula-kollekcio-soft-chains\/#primaryimage"},"thumbnailUrl":"https:\/\/blog.ccc.eu\/hu\/wp-content\/uploads\/2022\/05\/Jenny_Fairy_analog_AS02-copy.jpg","keywords":["Jenni Fairy","kapszulakollekci\u00f3","n\u0151i divat","\u00faj kollekci\u00f3"],"articleSection":["\u00daJDONS\u00c1GOK"],"inLanguage":"hu","potentialAction":[{"@type":"CommentAction","name":"Comment","target":["https:\/\/blog.ccc.eu\/hu\/jenny-fairy-kapszula-kollekcio-soft-chains\/#respond"]}]},{"@type":"WebPage","@id":"https:\/\/blog.ccc.eu\/hu\/jenny-fairy-kapszula-kollekcio-soft-chains\/","url":"https:\/\/blog.ccc.eu\/hu\/jenny-fairy-kapszula-kollekcio-soft-chains\/","name":"Jenny Fairy kapszulakollekci\u00f3 \u2013 Soft Chains - CCC Fashion blog","isPartOf":{"@id":"https:\/\/blog.ccc.eu\/hu\/#website"},"primaryImageOfPage":{"@id":"https:\/\/blog.ccc.eu\/hu\/jenny-fairy-kapszula-kollekcio-soft-chains\/#primaryimage"},"image":{"@id":"https:\/\/blog.ccc.eu\/hu\/jenny-fairy-kapszula-kollekcio-soft-chains\/#primaryimage"},"thumbnailUrl":"https:\/\/blog.ccc.eu\/hu\/wp-content\/uploads\/2022\/05\/Jenny_Fairy_analog_AS02-copy.jpg","datePublished":"2022-05-11T12:47:59+00:00","dateModified":"2023-04-26T15:04:37+00:00","description":"N\u00e9zd meg a Jenny Fairy \u00faj kapszula kollekci\u00f3j\u00e1t - a Soft Chains-t, tele forr\u00f3 ny\u00e1ri darabokkal.","breadcrumb":{"@id":"https:\/\/blog.ccc.eu\/hu\/jenny-fairy-kapszula-kollekcio-soft-chains\/#breadcrumb"},"inLanguage":"hu","potentialAction":[{"@type":"ReadAction","target":["https:\/\/blog.ccc.eu\/hu\/jenny-fairy-kapszula-kollekcio-soft-chains\/"]}]},{"@type":"ImageObject","inLanguage":"hu","@id":"https:\/\/blog.ccc.eu\/hu\/jenny-fairy-kapszula-kollekcio-soft-chains\/#primaryimage","url":"https:\/\/blog.ccc.eu\/hu\/wp-content\/uploads\/2022\/05\/Jenny_Fairy_analog_AS02-copy.jpg","contentUrl":"https:\/\/blog.ccc.eu\/hu\/wp-content\/uploads\/2022\/05\/Jenny_Fairy_analog_AS02-copy.jpg","width":1110,"height":896,"caption":"Soft Chains"},{"@type":"BreadcrumbList","@id":"https:\/\/blog.ccc.eu\/hu\/jenny-fairy-kapszula-kollekcio-soft-chains\/#breadcrumb","itemListElement":[{"@type":"ListItem","position":1,"name":"Strona g\u0142\u00f3wna","item":"https:\/\/blog.ccc.eu\/hu\/"},{"@type":"ListItem","position":2,"name":"Jenny Fairy kapszulakollekci\u00f3 \u2013 Soft Chains"}]},{"@type":"WebSite","@id":"https:\/\/blog.ccc.eu\/hu\/#website","url":"https:\/\/blog.ccc.eu\/hu\/","name":"CCC Fashion blog","description":"Az \u00d6n helye tele van divatihletekkel","publisher":{"@id":"https:\/\/blog.ccc.eu\/hu\/#organization"},"potentialAction":[{"@type":"SearchAction","target":{"@type":"EntryPoint","urlTemplate":"https:\/\/blog.ccc.eu\/hu\/?s={search_term_string}"},"query-input":{"@type":"PropertyValueSpecification","valueRequired":true,"valueName":"search_term_string"}}],"inLanguage":"hu"},{"@type":"Organization","@id":"https:\/\/blog.ccc.eu\/hu\/#organization","name":"CCC S.A.","url":"https:\/\/blog.ccc.eu\/hu\/","logo":{"@type":"ImageObject","inLanguage":"hu","@id":"https:\/\/blog.ccc.eu\/hu\/#\/schema\/logo\/image\/","url":"https:\/\/blog.ccc.eu\/hu\/wp-content\/uploads\/2021\/11\/logo_ccc.png","contentUrl":"https:\/\/blog.ccc.eu\/hu\/wp-content\/uploads\/2021\/11\/logo_ccc.png","width":730,"height":270,"caption":"CCC S.A."},"image":{"@id":"https:\/\/blog.ccc.eu\/hu\/#\/schema\/logo\/image\/"}},{"@type":"Person","@id":"https:\/\/blog.ccc.eu\/hu\/#\/schema\/person\/c3226a60cce3320f8d95a41d9af8ed2d","name":"R\u00e9ka N\u00e9meth","image":{"@type":"ImageObject","inLanguage":"hu","@id":"https:\/\/blog.ccc.eu\/hu\/#\/schema\/person\/image\/","url":"https:\/\/blog.ccc.eu\/hu\/wp-content\/uploads\/2022\/05\/MicrosoftTeams-image-e1651752501479-150x150.jpg","contentUrl":"https:\/\/blog.ccc.eu\/hu\/wp-content\/uploads\/2022\/05\/MicrosoftTeams-image-e1651752501479-150x150.jpg","caption":"R\u00e9ka N\u00e9meth"},"url":"https:\/\/blog.ccc.eu\/hu\/author\/katarzyna-martyn\/"}]}},"_links":{"self":[{"href":"https:\/\/blog.ccc.eu\/hu\/wp-json\/wp\/v2\/posts\/5612","targetHints":{"allow":["GET"]}}],"collection":[{"href":"https:\/\/blog.ccc.eu\/hu\/wp-json\/wp\/v2\/posts"}],"about":[{"href":"https:\/\/blog.ccc.eu\/hu\/wp-json\/wp\/v2\/types\/post"}],"author":[{"embeddable":true,"href":"https:\/\/blog.ccc.eu\/hu\/wp-json\/wp\/v2\/users\/17"}],"replies":[{"embeddable":true,"href":"https:\/\/blog.ccc.eu\/hu\/wp-json\/wp\/v2\/comments?post=5612"}],"version-history":[{"count":15,"href":"https:\/\/blog.ccc.eu\/hu\/wp-json\/wp\/v2\/posts\/5612\/revisions"}],"predecessor-version":[{"id":8057,"href":"https:\/\/blog.ccc.eu\/hu\/wp-json\/wp\/v2\/posts\/5612\/revisions\/8057"}],"wp:featuredmedia":[{"embeddable":true,"href":"https:\/\/blog.ccc.eu\/hu\/wp-json\/wp\/v2\/media\/5617"}],"wp:attachment":[{"href":"https:\/\/blog.ccc.eu\/hu\/wp-json\/wp\/v2\/media?parent=5612"}],"wp:term":[{"taxonomy":"category","embeddable":true,"href":"https:\/\/blog.ccc.eu\/hu\/wp-json\/wp\/v2\/categories?post=5612"},{"taxonomy":"post_tag","embeddable":true,"href":"https:\/\/blog.ccc.eu\/hu\/wp-json\/wp\/v2\/tags?post=5612"}],"curies":[{"name":"wp","href":"https:\/\/api.w.org\/{rel}","templated":true}]}}