{"id":5900,"date":"2022-06-10T12:06:42","date_gmt":"2022-06-10T10:06:42","guid":{"rendered":"https:\/\/blog.ccc.eu\/hu\/?p=5900"},"modified":"2022-06-10T12:06:53","modified_gmt":"2022-06-10T10:06:53","slug":"strand-divat-2022-stilusos-megjelenes-nyaralashoz","status":"publish","type":"post","link":"https:\/\/blog.ccc.eu\/hu\/strand-divat-2022-stilusos-megjelenes-nyaralashoz\/","title":{"rendered":"Strand divat 2022 &#8211; st\u00edlusos megjelen\u00e9s nyaral\u00e1shoz!"},"content":{"rendered":"\n<p><b>A k\u00f6zelg\u0151 ny\u00e1r \u00e9s a nyaral\u00e1si szezon miatt egyre t\u00f6bbet gondolunk a ny\u00e1ri ruhat\u00e1runkra. Funkcion\u00e1lisnak \u00e9s k\u00e9nyelmesnek kell lennie, ami nem azt jelenti, hogy nem k\u00f6vetheti a leg\u00fajabb trendeket. A strandruh\u00e1zat m\u00e1r nem csak a f\u00fcrd\u0151ruh\u00e1kr\u00f3l sz\u00f3l, hanem a sz\u00ednes strand kimon\u00f3kr\u00f3l, a strandkend\u0151kr\u0151l \u00e9s a k\u00e9nyelmes cip\u0151kr\u0151l is, amelyek illeszkednek a ruh\u00e1zat t\u00f6bbi r\u00e9sz\u00e9nek st\u00edlus\u00e1hoz \u00e9s sz\u00edn\u00e9hez. A f\u00fcrd\u0151ruh\u00e1k v\u00e1laszt\u00e9ka egyenesen sz\u00e9d\u00edt\u0151 &#8211; annyi minta \u00e9s szab\u00e1s k\u00f6z\u00fcl v\u00e1laszthatunk, hogy igaz\u00e1n nagy kih\u00edv\u00e1st jelenthet megtal\u00e1lni a megfelel\u0151 ny\u00e1ri szettet. <\/b><\/p>\n\n\n\n<figure class=\"wp-block-image size-full\"><img loading=\"lazy\" decoding=\"async\" width=\"1024\" height=\"827\" src=\"https:\/\/blog.ccc.eu\/hu\/wp-content\/uploads\/2022\/06\/Jenny_Fairy_analog_AS03-1024x827-3.jpg\" alt=\"\" class=\"wp-image-5903\" srcset=\"https:\/\/blog.ccc.eu\/hu\/wp-content\/uploads\/2022\/06\/Jenny_Fairy_analog_AS03-1024x827-3.jpg 1024w, https:\/\/blog.ccc.eu\/hu\/wp-content\/uploads\/2022\/06\/Jenny_Fairy_analog_AS03-1024x827-3-300x242.jpg 300w, https:\/\/blog.ccc.eu\/hu\/wp-content\/uploads\/2022\/06\/Jenny_Fairy_analog_AS03-1024x827-3-768x620.jpg 768w, https:\/\/blog.ccc.eu\/hu\/wp-content\/uploads\/2022\/06\/Jenny_Fairy_analog_AS03-1024x827-3-100x81.jpg 100w\" sizes=\"auto, (max-width: 1024px) 100vw, 1024px\" \/><\/figure>\n\n\n\n<h2 class=\"wp-block-heading\"><strong>Strand divat 2022 \u2013 a legfontosabb trendek<\/strong><\/h2>\n\n\n\n<p>A melegebb napok bek\u00f6sz\u00f6nt\u00e9vel a strandruh\u00e1k ugyanolyan n\u00e9pszer\u0171v\u00e9 v\u00e1lnak, mint a konfekci\u00f3 ruh\u00e1k a legnagyobb divatheteken. A nagy divath\u00e1zak 2022-es tavaszi\/ny\u00e1ri kollekci\u00f3ja a k\u00f6vetkez\u0151kkel rukkolt el\u0151: a Dolce &amp; Gabbana a 2000-es \u00e9vek eszt\u00e9tik\u00e1j\u00e1val \u00e9s feh\u00e9rnem\u0171-akcentusaival, a Chanel a sportos f\u00fcrd\u0151ruha-kiv\u00e1g\u00e1sokkal, az Isabel Marant pedig a strandon \u00e9s a partin egyar\u00e1nt viselhet\u0151 darabokkal. A 2022-es strand divat trendek k\u00f6z\u00f6tt vannak kifejez\u0151 neon sz\u00edn\u0171ek, n\u0151ies pasztell sz\u00ednek \u00e9s feh\u00e9rek is, amelyek gy\u00f6ny\u00f6r\u0171en kiemelik a barnas\u00e1got. Engedd, hogy elragadjanak a sz\u00ednek!<\/p>\n\n\n\n<h2 class=\"wp-block-heading\"><strong>Melyik f\u00fcrd\u0151ruh\u00e1t v\u00e1lasszuk?<\/strong><\/h2>\n\n\n\n<p>A menyasszonyi divathoz hasonl\u00f3an a strandra sz\u00f3l\u00f3 javaslatoknak is megvan a maguk rendezv\u00e9nye, ahol az aktu\u00e1lis trendeket mutatj\u00e1k be. Az idei Miami Swim Week-en a tervez\u0151k bemutatt\u00e1k a 2022-es tavaszi-ny\u00e1ri kolekci\u00f3k legdivatosabb f\u00fcrd\u0151ruh\u00e1it. Mit kell figyelembe venned, amikor a megfelel\u0151 ruhadarabot pr\u00f3b\u00e1lod kiv\u00e1lasztani magadnak? Egyr\u00e9szes vagy bikini legyen? Egysz\u00edn\u0171 vagy mint\u00e1s legyen? A divatdikt\u00e1toroknak k\u00f6sz\u00f6nhet\u0151en ezekre a k\u00e9rd\u00e9sekre sokkal k\u00f6nnyebb a v\u00e1lasz.<\/p>\n\n\n\n<p>Ha az akt\u00edv kikapcsol\u00f3d\u00e1st, a tengerben \u00e9s a medenc\u00e9ben val\u00f3 \u00fasz\u00e1st r\u00e9szes\u00edted el\u0151nyben, fontold meg az egyr\u00e9szes modellt. Haszn\u00e1lat k\u00f6zben nem mozdul el, \u00e9s nem ny\u00falik meg, ha v\u00edznek van kit\u00e9ve. Ez egy nagyon praktikus megold\u00e1s is egyben, mert ha a f\u00fcrd\u0151ruha megsz\u00e1radt, akkor body-k\u00e9nt is kezelheted, \u00e9s a strandon k\u00edv\u00fcl is viselheted. Csak kapj fel egy farmer r\u00f6vidnadr\u00e1got, \u00e9s m\u00e1ris indulhatsz!<\/p>\n\n\n\n<p>A bikini hat\u00e1rozottan jobb v\u00e1laszt\u00e1s, ha a nyaral\u00e1s f\u0151 c\u00e9lja a fekv\u00e9s \u00e9s a napoz\u00e1s. Ak\u00e1r egy v\u00e9kony zsin\u00f3rral felk\u00f6t\u00f6tt, ak\u00e1r kamp\u00f3kkal r\u00f6gz\u00edtett, ak\u00e1r p\u00e1ntos bikinit is viselhetsz, a v\u00e1laszt\u00e9k v\u00e9gtelen. A k\u00e9tr\u00e9szes f\u00fcrd\u0151ruh\u00e1k el\u0151nye, hogy tetsz\u00e9s szerint kombin\u00e1lhatod a fels\u0151- \u00e9s az als\u00f3r\u00e9szeket, keverheted a mint\u00e1kat, sz\u00edneket \u00e9s m\u00e9reteket. Semmi sem akad\u00e1lyozhatja meg, hogy k\u00eds\u00e9rletezz a st\u00edlussal. Egyr\u00e9szt lehetsz boh\u00f3k\u00e1s, ha p\u00e9ld\u00e1ul egy gy\u00f6ngy\u00f6s \u00e9s rojtos bikinit v\u00e1lasztasz. M\u00e1sr\u00e9szt a 90-es \u00e9s 2000-es \u00e9vek rajong\u00f3i v\u00e1laszthatnak egy sportedz\u00e9sre eml\u00e9keztet\u0151 bikinifels\u0151t is. Ez a Sprandi m\u00e1rka ir\u00e1nya &#8211; n\u00e9zd meg az \u00f6sszes aj\u00e1nlatot a CCC-n\u00e9l!<\/p>\n\n\n\n\n\n\n<p><\/p>\n\n\n\n<h2 class=\"wp-block-heading\"><strong>Strandkend\u0151 \u00e9s strand kimon\u00f3 &#8211; a n\u0151i strand divat n\u00e9lk\u00fcl\u00f6zhetetlen elemei<\/strong><\/h2>\n\n\n\n<p>A strand kimon\u00f3 val\u00f3sz\u00edn\u0171leg a legn\u00e9pszer\u0171bb f\u00fcrd\u0151ruha-kieg\u00e9sz\u00edt\u0151, \u00e9s a strandruh\u00e1zat nagyon praktikus r\u00e9sze. Laza szab\u00e1sa nem csak a mozg\u00e1st nem korl\u00e1tozza, de sz\u00fcks\u00e9g eset\u00e9n a test is elrejti az er\u0151s napsugarak el\u0151l. J\u00f3, ha sz\u00ednes vagy nagyon vil\u00e1gos modelleket v\u00e1lasztunk, hogy azok visszaverj\u00e9k a napsugarakat. Ez k\u00fcl\u00f6n\u00f6sen fontos, ha t\u00falz\u00e1sba vitted a napoz\u00e1st, \u00e9s el akarod takarni magad a naps\u00fct\u00e9s el\u0151l. A tengerparti kimon\u00f3 \u00e1ltal\u00e1ban nagyon v\u00e9kony, \u00edgy k\u00f6nnyen elf\u00e9r a b\u0151r\u00f6ndben. Apr\u00f3 darabnak t\u0171nik, de a nyomatokkal, rojtokkal, h\u00edmz\u00e9sekkel \u00e9s csillog\u00f3 applik\u00e1ci\u00f3kkal igazi szt\u00e1rnak \u00e9rezheted magad a Saint Tropez-i strandon.<\/p>\n\n\n\n<p>A stranddivat nem n\u00e9lk\u00fcl\u00f6zheti a strandkend\u0151t, amelyet tucatnyi m\u00f3don lehet megk\u00f6tni: midi- vagy miniszoknyak\u00e9nt, ruhak\u00e9nt vagy bl\u00fazk\u00e9nt. Egy ilyen tekercs sikeresen helyettes\u00edtheti a takar\u00f3t vagy a strandt\u00f6r\u00f6lk\u00f6z\u0151t is. T\u00f6bbfunkci\u00f3s jellege miatt minden strandszettedhez elengedhetetlen.<\/p>\n\n\n\n<h2 class=\"wp-block-heading\"><strong>Cip\u0151k a strandra &#8211; divatos \u00e9s k\u00e9nyelmes<\/strong><\/h2>\n\n\n\n<p>Olyan cip\u0151re van sz\u00fcks\u00e9g\u00fcnk, amely a strandt\u00f3l a sz\u00e1ll\u00e1sunkig elvisz minket an\u00e9lk\u00fcl, hogy a fels\u0151r\u00e9sz \u00e9s a b\u00e9l\u00e9s megs\u00e9r\u00fclne, a forr\u00f3 homokon ugyanis nem t\u00fal \u00e9lvezetes mez\u00edtl\u00e1b s\u00e9t\u00e1lni. Ez\u00e9rt egy \u00faj p\u00e1r v\u00e1s\u00e1rl\u00e1sakor \u00e9rdemes odafigyelni az anyagmin\u0151s\u00e9gre, hogy ne csak egy szezonon \u00e1t tartson.<\/p>\n\n\n\n<p>A t\u00f6k\u00e9letes flip-flopok kiv\u00e1laszt\u00e1sakor \u00f6sszpontos\u00edts a lapos talp\u00fa modellekre. A strandon magas talp\u00fa cip\u0151ben s\u00e9t\u00e1lni nem felt\u00e9tlen\u00fcl j\u00f3 \u00f6tlet, legf\u0151k\u00e9pp az\u00e9rt, mert a strand talaj\u00e1nak egyenetlens\u00e9ge bokaficamot okozhat, \u00e9s erre a nyaral\u00e1s alatt semmik\u00e9ppen sincs sz\u00fcks\u00e9g\u00fcnk.<\/p>\n\n\n\n<p>Lehet-e a strandcip\u0151, amellett, hogy k\u00e9nyelmes, d\u00edsze is a l\u00e1bunknak? Persze, hogy lehet! \u00d6sszehangolhatod cip\u0151idet a f\u00fcrd\u0151ruh\u00e1ddal \u00e9s a strand kimon\u00f3ddal, de ez nem felt\u00e9tlen\u00fcl sz\u00fcks\u00e9ges. A szand\u00e1lok, amelyeket egy m\u00e1sodperc alatt le- \u00e9s felvehetsz, p\u00f3tolhatatlanok lesznek. Keresd a kiv\u00e1l\u00f3 min\u0151s\u00e9g\u0171 szintetikus talppal rendelkez\u0151 darabokat.<\/p>\n\n\n\n<p>\u00a0A b\u0151r- vagy textil b\u00e9l\u00e9ses cip\u0151 elm\u00e9letileg jobb viselet a magas h\u0151m\u00e9rs\u00e9kleten, de nem a strandon. A szintetikus anyag gyorsabban sz\u00e1rad, \u00e9s megakad\u00e1lyozza a nedves l\u00e1bak cs\u00fasz\u00e1s\u00e1t. R\u00e1ad\u00e1sul ezeket a flip-flopokat k\u00f6nny\u0171 tiszt\u00e1n tartani. N\u00e9zd meg a CCC k\u00edn\u00e1lat\u00e1nak st\u00edlusos flip-flopjait!<\/p>\n\n\n\n\n\n\n<p><\/p>\n\n\n\n<p>Ha a nyaral\u00e1sunk \u00fati c\u00e9lja pl. Horv\u00e1torsz\u00e1g vagy G\u00f6r\u00f6gorsz\u00e1g, akkor \u00e9rdemes v\u00edzicip\u0151t v\u00e1s\u00e1rolni, ami megv\u00e9d minket a szikl\u00e1s tengerfen\u00e9kt\u0151l. Ennek a l\u00e1bbelinek k\u00f6sz\u00f6nhet\u0151en minden gond n\u00e9lk\u00fcl \u00e9lvezhetj\u00fck a meleg tengerekben val\u00f3 \u00fasz\u00e1s var\u00e1zs\u00e1t. N\u00e9zd meg, milyen Sprandi modelleket tal\u00e1lsz a CCC k\u00edn\u00e1lat\u00e1ban!<\/p>\n\n\n\n<h2 class=\"wp-block-heading\"><strong>A strand elengedhetetlen eleme a n\u0151i szalmakalap<\/strong><\/h2>\n\n\n\n<p>A tengerparti \u00f6lt\u00f6z\u00e9k kieg\u00e9sz\u00edt\u00e9sek\u00e9nt sz\u00fcks\u00e9g\u00fcnk van egy sz\u00e9les karim\u00e1j\u00fa kalapra, amely megv\u00e9d minket a napt\u00f3l, ugyanakkor egyedi jelleget k\u00f6lcs\u00f6n\u00f6z a nyaral\u00e1s alatt hordott szett\u00fcnknek. Ez az egyik legjobb m\u00f3dja a n\u0151i kalap visel\u00e9s\u00e9nek. A f\u00fcrd\u0151ruh\u00e1hoz \u00e9s a strand kimon\u00f3hoz, valamint ny\u00e1ri ruh\u00e1khoz, r\u00f6vidnadr\u00e1gokhoz \u00e9s rojtos bl\u00fazokhoz is viselheted a boh\u00e9m megjelen\u00e9s\u00e9rt. N\u00e9zd meg a legdivatosabb kalap modelleket, amelyeket a CCC online boltj\u00e1ban helyezt\u00fcnk el. A legdivatosabb f\u00fcrd\u0151ruh\u00e1val, valamint st\u00edlusos kend\u0151vel, k\u00e9nyelmes cip\u0151vel \u00e9s szalmakalappal felszerelve t\u00f6k\u00e9letesen felk\u00e9sz\u00fcltnek \u00e9rezheted magad a ny\u00e1ri vak\u00e1ci\u00f3ra!<\/p>\n\n\n\n\n\n\n<p><\/p>\n\n\n\n<h2 class=\"wp-block-heading\"><strong>Napszem\u00fcveg &#8211; melyiket v\u00e1lasszuk a strandra?<\/strong><\/h2>\n\n\n\n<p>A szalmakalap, amely v\u00e9d a napf\u00e9nyt\u0151l, csak az egyik olyan dolog, amely nem hi\u00e1nyozhat a strandt\u00e1sk\u00e1db\u00f3l. Ugyanilyen fontos a szem v\u00e9delme a k\u00e1ros UV-sugarakt\u00f3l. A megfelel\u0151en kiv\u00e1lasztott napszem\u00fcveg seg\u00edt. A magas UV-sz\u0171r\u0151 mellett polariz\u00e1ci\u00f3val is fel kell szerelni \u0151ket, azaz olyan funkci\u00f3val, amely kik\u00fcsz\u00f6b\u00f6li a f\u00e9nyes fel\u00fcletekre es\u0151 napf\u00e9ny okozta t\u00fckr\u00f6z\u0151d\u00e9st. Ha a nyaral\u00e1sod \u00fati c\u00e9lja nem Tenerife \u00e9s annak fekete vulkanikus strandjai, gy\u0151z\u0151dj meg r\u00f3la, hogy a napszem\u00fcveged mindkett\u0151vel rendelkezik.<\/p>\n\n\n\n<p>De nem j\u00e1rhat a szemv\u00e9delem k\u00e9z a k\u00e9zben a st\u00edlusos megjelen\u00e9ssel? Dehogynem! A 2022-es tavaszi-ny\u00e1ri szezonban a napszem\u00fcvegek legmen\u0151bb trendjei k\u00f6z\u00e9 tartoznak a 90-es \u00e9vek eszt\u00e9tik\u00e1j\u00e1ra val\u00f3 utal\u00e1sok: v\u00e9kony keretek vagy t\u00f6bbsz\u00edn\u0171 lencs\u00e9k. A retr\u00f3 rajong\u00f3k a 60-as \u00e9veket id\u00e9z\u0151 napszem\u00fcvegek k\u00f6z\u00f6tt is tal\u00e1lnak maguknak val\u00f3t: nagy, kerek vagy sz\u00f6gletes, vastag keretekkel. A h\u00edres &#8222;Lennon&#8221; napszem\u00fcvegek, melyek remek\u00fcl feldobhatj\u00e1k a strandruh\u00e1zatot, ebben a szezonban is divatosak lesznek. A legdivatosabb napszem\u00fcveget keresed? L\u00e1togass el a CCC webshopj\u00e1ba!<\/p>\n\n\n\n\n\n\n<p><\/p>\n\n\n\n<h2 class=\"wp-block-heading\"><strong>Strandt\u00e1ska &#8211; t\u00e1gas \u00e9s eleg\u00e1ns!<\/strong><\/h2>\n\n\n\n<p>Hov\u00e1 tedd az \u00f6sszes strandkell\u00e9kedet, hogy ne kelljen szinte feladott poggy\u00e1szt cipelned? Egy t\u00e1gas t\u00e1ska vagy egy eleg\u00e1ns h\u00e1tizs\u00e1k p\u00f3tolhatatlan lesz! Nemcsak felszabad\u00edtja a kezed, hogy ne kelljen semmit cipelned benne, de t\u00f6k\u00e9letesen kieg\u00e9sz\u00edti az nyaral\u00f3s megjelen\u00e9sedet is! Melyik strandt\u00e1sk\u00e1t v\u00e1lasszuk? V\u00e1lassz p\u00e9ld\u00e1ul a szalmakalapodhoz ill\u0151 modelleket, hogy teljes legyen a szett. Ez egy\u00fattal praktikus megold\u00e1s is, mivel ezeknek a zs\u00e1koknak az egyenetlen text\u00far\u00e1ja miatt kev\u00e9sb\u00e9 l\u00e1tszik a szennyez\u0151d\u00e9s, \u00e9s nem \u00e1ll fenn a homok okozta karcol\u00e1sok vesz\u00e9lye. Csomagold be a strandol\u00e1shoz sz\u00fcks\u00e9ges dolgaidat p\u00e9ld\u00e1ul a Quazi, Jenny Fairy vagy DeeZee t\u00e1sk\u00e1kba, \u00e9s ir\u00e1ny a v\u00edz!<\/p>\n\n\n\n\n\n\n<p><\/p>\n\n\n\n<p>K\u00e9sz\u00fclj fel a nyaral\u00e1sra a CCC seg\u00edts\u00e9g\u00e9vel, n\u00e9zz k\u00f6r\u00fcl <a href=\"https:\/\/ccc.eu\/hu\/sklepy\">CCC \u00fczleteinkben<\/a>, <a href=\"https:\/\/ccc.eu\/hu\/\">webshopunkban<\/a>, \u00e9s az <a href=\"https:\/\/ccc.eu\/hu\/mobile-app\">alkalmaz\u00e1sban<\/a>. Legy\u00e9l <a href=\"https:\/\/ccc.eu\/hu\/klub-ccc\">CCC klubtag<\/a> is, \u00e9s \u00e9lvezd a k\u00e9nyelmes \u00e9s kedvezm\u00e9nyes v\u00e1s\u00e1rl\u00e1si lehet\u0151s\u00e9geket! K\u00f6vesd vel\u00fcnk a divatot <a href=\"https:\/\/www.facebook.com\/CCC.Hungary\/\">Facebookon,<\/a> \u00e9s inspir\u00e1l\u00f3dj vel\u00fcnk az <a href=\"https:\/\/www.instagram.com\/cccshoesbags\/\">Instagramon<\/a> is!<\/p>\n","protected":false},"excerpt":{"rendered":"<p>A k\u00f6zelg\u0151 ny\u00e1r \u00e9s a nyaral\u00e1si szezon miatt egyre t\u00f6bbet gondolunk a ny\u00e1ri ruhat\u00e1runkra. Funkcion\u00e1lisnak \u00e9s k\u00e9nyelmesnek kell lennie, ami nem azt jelenti, hogy nem k\u00f6vetheti a leg\u00fajabb trendeket. A strandruh\u00e1zat m\u00e1r nem csak a f\u00fcrd\u0151ruh\u00e1kr\u00f3l sz\u00f3l, hanem a sz\u00ednes strand kimon\u00f3kr\u00f3l, a strandkend\u0151kr\u0151l \u00e9s a k\u00e9nyelmes cip\u0151kr\u0151l is, amelyek illeszkednek a ruh\u00e1zat t\u00f6bbi r\u00e9sz\u00e9nek [&hellip;]<\/p>\n","protected":false},"author":17,"featured_media":5901,"comment_status":"open","ping_status":"open","sticky":false,"template":"","format":"standard","meta":{"_acf_changed":false,"footnotes":""},"categories":[6],"tags":[560,831,655,830,786],"class_list":["post-5900","post","type-post","status-publish","format-standard","has-post-thumbnail","hentry","category-trendek","tag-ccc","tag-nyaralas","tag-nyari-divat","tag-strand-divat","tag-trendek"],"acf":[],"yoast_head":"<!-- This site is optimized with the Yoast SEO plugin v26.9 - https:\/\/yoast.com\/product\/yoast-seo-wordpress\/ -->\n<title>Strand divat 2022 - st\u00edlusos megjelen\u00e9s nyaral\u00e1shoz! - CCC Fashion blog<\/title>\n<meta name=\"description\" content=\"N\u00e9zd meg a 2022-es strand divat trendeket \u00e9s l\u00e9gy a strand kir\u00e1lyn\u0151je! 2026\" \/>\n<meta name=\"robots\" content=\"index, follow, max-snippet:-1, max-image-preview:large, max-video-preview:-1\" \/>\n<link rel=\"canonical\" href=\"https:\/\/blog.ccc.eu\/hu\/strand-divat-2022-stilusos-megjelenes-nyaralashoz\/\" \/>\n<meta property=\"og:locale\" content=\"hu_HU\" \/>\n<meta property=\"og:type\" content=\"article\" \/>\n<meta property=\"og:title\" content=\"Strand divat 2022 - st\u00edlusos megjelen\u00e9s nyaral\u00e1shoz! - CCC Fashion blog\" \/>\n<meta property=\"og:description\" content=\"N\u00e9zd meg a 2022-es strand divat trendeket \u00e9s l\u00e9gy a strand kir\u00e1lyn\u0151je!\" \/>\n<meta property=\"og:url\" content=\"https:\/\/blog.ccc.eu\/hu\/strand-divat-2022-stilusos-megjelenes-nyaralashoz\/\" \/>\n<meta property=\"og:site_name\" content=\"CCC Fashion blog\" \/>\n<meta property=\"article:published_time\" content=\"2022-06-10T10:06:42+00:00\" \/>\n<meta property=\"article:modified_time\" content=\"2022-06-10T10:06:53+00:00\" \/>\n<meta property=\"og:image\" content=\"https:\/\/blog.ccc.eu\/hu\/wp-content\/uploads\/2022\/06\/Jenny_Fairy_analog_AS03-1024x827-1.jpg\" \/>\n\t<meta property=\"og:image:width\" content=\"1024\" \/>\n\t<meta property=\"og:image:height\" content=\"827\" \/>\n\t<meta property=\"og:image:type\" content=\"image\/jpeg\" \/>\n<meta name=\"author\" content=\"R\u00e9ka N\u00e9meth\" \/>\n<meta name=\"twitter:card\" content=\"summary_large_image\" \/>\n<meta name=\"twitter:label1\" content=\"Szerz\u0151:\" \/>\n\t<meta name=\"twitter:data1\" content=\"R\u00e9ka N\u00e9meth\" \/>\n\t<meta name=\"twitter:label2\" content=\"Becs\u00fclt olvas\u00e1si id\u0151\" \/>\n\t<meta name=\"twitter:data2\" content=\"7 perc\" \/>\n<script type=\"application\/ld+json\" class=\"yoast-schema-graph\">{\"@context\":\"https:\/\/schema.org\",\"@graph\":[{\"@type\":\"Article\",\"@id\":\"https:\/\/blog.ccc.eu\/hu\/strand-divat-2022-stilusos-megjelenes-nyaralashoz\/#article\",\"isPartOf\":{\"@id\":\"https:\/\/blog.ccc.eu\/hu\/strand-divat-2022-stilusos-megjelenes-nyaralashoz\/\"},\"author\":{\"name\":\"R\u00e9ka N\u00e9meth\",\"@id\":\"https:\/\/blog.ccc.eu\/hu\/#\/schema\/person\/c3226a60cce3320f8d95a41d9af8ed2d\"},\"headline\":\"Strand divat 2022 &#8211; st\u00edlusos megjelen\u00e9s nyaral\u00e1shoz!\",\"datePublished\":\"2022-06-10T10:06:42+00:00\",\"dateModified\":\"2022-06-10T10:06:53+00:00\",\"mainEntityOfPage\":{\"@id\":\"https:\/\/blog.ccc.eu\/hu\/strand-divat-2022-stilusos-megjelenes-nyaralashoz\/\"},\"wordCount\":1758,\"commentCount\":0,\"publisher\":{\"@id\":\"https:\/\/blog.ccc.eu\/hu\/#organization\"},\"image\":{\"@id\":\"https:\/\/blog.ccc.eu\/hu\/strand-divat-2022-stilusos-megjelenes-nyaralashoz\/#primaryimage\"},\"thumbnailUrl\":\"https:\/\/blog.ccc.eu\/hu\/wp-content\/uploads\/2022\/06\/Jenny_Fairy_analog_AS03-1024x827-1.jpg\",\"keywords\":[\"CCC\",\"nyaral\u00e1s\",\"ny\u00e1ri divat\",\"strand divat\",\"trendek\"],\"articleSection\":[\"TRENDEK\"],\"inLanguage\":\"hu\",\"potentialAction\":[{\"@type\":\"CommentAction\",\"name\":\"Comment\",\"target\":[\"https:\/\/blog.ccc.eu\/hu\/strand-divat-2022-stilusos-megjelenes-nyaralashoz\/#respond\"]}]},{\"@type\":\"WebPage\",\"@id\":\"https:\/\/blog.ccc.eu\/hu\/strand-divat-2022-stilusos-megjelenes-nyaralashoz\/\",\"url\":\"https:\/\/blog.ccc.eu\/hu\/strand-divat-2022-stilusos-megjelenes-nyaralashoz\/\",\"name\":\"Strand divat 2022 - st\u00edlusos megjelen\u00e9s nyaral\u00e1shoz! - CCC Fashion blog\",\"isPartOf\":{\"@id\":\"https:\/\/blog.ccc.eu\/hu\/#website\"},\"primaryImageOfPage\":{\"@id\":\"https:\/\/blog.ccc.eu\/hu\/strand-divat-2022-stilusos-megjelenes-nyaralashoz\/#primaryimage\"},\"image\":{\"@id\":\"https:\/\/blog.ccc.eu\/hu\/strand-divat-2022-stilusos-megjelenes-nyaralashoz\/#primaryimage\"},\"thumbnailUrl\":\"https:\/\/blog.ccc.eu\/hu\/wp-content\/uploads\/2022\/06\/Jenny_Fairy_analog_AS03-1024x827-1.jpg\",\"datePublished\":\"2022-06-10T10:06:42+00:00\",\"dateModified\":\"2022-06-10T10:06:53+00:00\",\"description\":\"N\u00e9zd meg a 2022-es strand divat trendeket \u00e9s l\u00e9gy a strand kir\u00e1lyn\u0151je!\",\"breadcrumb\":{\"@id\":\"https:\/\/blog.ccc.eu\/hu\/strand-divat-2022-stilusos-megjelenes-nyaralashoz\/#breadcrumb\"},\"inLanguage\":\"hu\",\"potentialAction\":[{\"@type\":\"ReadAction\",\"target\":[\"https:\/\/blog.ccc.eu\/hu\/strand-divat-2022-stilusos-megjelenes-nyaralashoz\/\"]}]},{\"@type\":\"ImageObject\",\"inLanguage\":\"hu\",\"@id\":\"https:\/\/blog.ccc.eu\/hu\/strand-divat-2022-stilusos-megjelenes-nyaralashoz\/#primaryimage\",\"url\":\"https:\/\/blog.ccc.eu\/hu\/wp-content\/uploads\/2022\/06\/Jenny_Fairy_analog_AS03-1024x827-1.jpg\",\"contentUrl\":\"https:\/\/blog.ccc.eu\/hu\/wp-content\/uploads\/2022\/06\/Jenny_Fairy_analog_AS03-1024x827-1.jpg\",\"width\":1024,\"height\":827,\"caption\":\"strand divat\"},{\"@type\":\"BreadcrumbList\",\"@id\":\"https:\/\/blog.ccc.eu\/hu\/strand-divat-2022-stilusos-megjelenes-nyaralashoz\/#breadcrumb\",\"itemListElement\":[{\"@type\":\"ListItem\",\"position\":1,\"name\":\"Strona g\u0142\u00f3wna\",\"item\":\"https:\/\/blog.ccc.eu\/hu\/\"},{\"@type\":\"ListItem\",\"position\":2,\"name\":\"Strand divat 2022 &#8211; st\u00edlusos megjelen\u00e9s nyaral\u00e1shoz!\"}]},{\"@type\":\"WebSite\",\"@id\":\"https:\/\/blog.ccc.eu\/hu\/#website\",\"url\":\"https:\/\/blog.ccc.eu\/hu\/\",\"name\":\"CCC Fashion blog\",\"description\":\"Az \u00d6n helye tele van divatihletekkel\",\"publisher\":{\"@id\":\"https:\/\/blog.ccc.eu\/hu\/#organization\"},\"potentialAction\":[{\"@type\":\"SearchAction\",\"target\":{\"@type\":\"EntryPoint\",\"urlTemplate\":\"https:\/\/blog.ccc.eu\/hu\/?s={search_term_string}\"},\"query-input\":{\"@type\":\"PropertyValueSpecification\",\"valueRequired\":true,\"valueName\":\"search_term_string\"}}],\"inLanguage\":\"hu\"},{\"@type\":\"Organization\",\"@id\":\"https:\/\/blog.ccc.eu\/hu\/#organization\",\"name\":\"CCC S.A.\",\"url\":\"https:\/\/blog.ccc.eu\/hu\/\",\"logo\":{\"@type\":\"ImageObject\",\"inLanguage\":\"hu\",\"@id\":\"https:\/\/blog.ccc.eu\/hu\/#\/schema\/logo\/image\/\",\"url\":\"https:\/\/blog.ccc.eu\/hu\/wp-content\/uploads\/2021\/11\/logo_ccc.png\",\"contentUrl\":\"https:\/\/blog.ccc.eu\/hu\/wp-content\/uploads\/2021\/11\/logo_ccc.png\",\"width\":730,\"height\":270,\"caption\":\"CCC S.A.\"},\"image\":{\"@id\":\"https:\/\/blog.ccc.eu\/hu\/#\/schema\/logo\/image\/\"}},{\"@type\":\"Person\",\"@id\":\"https:\/\/blog.ccc.eu\/hu\/#\/schema\/person\/c3226a60cce3320f8d95a41d9af8ed2d\",\"name\":\"R\u00e9ka N\u00e9meth\",\"image\":{\"@type\":\"ImageObject\",\"inLanguage\":\"hu\",\"@id\":\"https:\/\/blog.ccc.eu\/hu\/#\/schema\/person\/image\/\",\"url\":\"https:\/\/blog.ccc.eu\/hu\/wp-content\/uploads\/2022\/05\/MicrosoftTeams-image-e1651752501479-150x150.jpg\",\"contentUrl\":\"https:\/\/blog.ccc.eu\/hu\/wp-content\/uploads\/2022\/05\/MicrosoftTeams-image-e1651752501479-150x150.jpg\",\"caption\":\"R\u00e9ka N\u00e9meth\"},\"url\":\"https:\/\/blog.ccc.eu\/hu\/author\/katarzyna-martyn\/\"}]}<\/script>\n<!-- \/ Yoast SEO plugin. -->","yoast_head_json":{"title":"Strand divat 2022 - st\u00edlusos megjelen\u00e9s nyaral\u00e1shoz! - CCC Fashion blog","description":"N\u00e9zd meg a 2022-es strand divat trendeket \u00e9s l\u00e9gy a strand kir\u00e1lyn\u0151je! 2026","robots":{"index":"index","follow":"follow","max-snippet":"max-snippet:-1","max-image-preview":"max-image-preview:large","max-video-preview":"max-video-preview:-1"},"canonical":"https:\/\/blog.ccc.eu\/hu\/strand-divat-2022-stilusos-megjelenes-nyaralashoz\/","og_locale":"hu_HU","og_type":"article","og_title":"Strand divat 2022 - st\u00edlusos megjelen\u00e9s nyaral\u00e1shoz! - CCC Fashion blog","og_description":"N\u00e9zd meg a 2022-es strand divat trendeket \u00e9s l\u00e9gy a strand kir\u00e1lyn\u0151je!","og_url":"https:\/\/blog.ccc.eu\/hu\/strand-divat-2022-stilusos-megjelenes-nyaralashoz\/","og_site_name":"CCC Fashion blog","article_published_time":"2022-06-10T10:06:42+00:00","article_modified_time":"2022-06-10T10:06:53+00:00","og_image":[{"width":1024,"height":827,"url":"https:\/\/blog.ccc.eu\/hu\/wp-content\/uploads\/2022\/06\/Jenny_Fairy_analog_AS03-1024x827-1.jpg","type":"image\/jpeg"}],"author":"R\u00e9ka N\u00e9meth","twitter_card":"summary_large_image","twitter_misc":{"Szerz\u0151:":"R\u00e9ka N\u00e9meth","Becs\u00fclt olvas\u00e1si id\u0151":"7 perc"},"schema":{"@context":"https:\/\/schema.org","@graph":[{"@type":"Article","@id":"https:\/\/blog.ccc.eu\/hu\/strand-divat-2022-stilusos-megjelenes-nyaralashoz\/#article","isPartOf":{"@id":"https:\/\/blog.ccc.eu\/hu\/strand-divat-2022-stilusos-megjelenes-nyaralashoz\/"},"author":{"name":"R\u00e9ka N\u00e9meth","@id":"https:\/\/blog.ccc.eu\/hu\/#\/schema\/person\/c3226a60cce3320f8d95a41d9af8ed2d"},"headline":"Strand divat 2022 &#8211; st\u00edlusos megjelen\u00e9s nyaral\u00e1shoz!","datePublished":"2022-06-10T10:06:42+00:00","dateModified":"2022-06-10T10:06:53+00:00","mainEntityOfPage":{"@id":"https:\/\/blog.ccc.eu\/hu\/strand-divat-2022-stilusos-megjelenes-nyaralashoz\/"},"wordCount":1758,"commentCount":0,"publisher":{"@id":"https:\/\/blog.ccc.eu\/hu\/#organization"},"image":{"@id":"https:\/\/blog.ccc.eu\/hu\/strand-divat-2022-stilusos-megjelenes-nyaralashoz\/#primaryimage"},"thumbnailUrl":"https:\/\/blog.ccc.eu\/hu\/wp-content\/uploads\/2022\/06\/Jenny_Fairy_analog_AS03-1024x827-1.jpg","keywords":["CCC","nyaral\u00e1s","ny\u00e1ri divat","strand divat","trendek"],"articleSection":["TRENDEK"],"inLanguage":"hu","potentialAction":[{"@type":"CommentAction","name":"Comment","target":["https:\/\/blog.ccc.eu\/hu\/strand-divat-2022-stilusos-megjelenes-nyaralashoz\/#respond"]}]},{"@type":"WebPage","@id":"https:\/\/blog.ccc.eu\/hu\/strand-divat-2022-stilusos-megjelenes-nyaralashoz\/","url":"https:\/\/blog.ccc.eu\/hu\/strand-divat-2022-stilusos-megjelenes-nyaralashoz\/","name":"Strand divat 2022 - st\u00edlusos megjelen\u00e9s nyaral\u00e1shoz! - CCC Fashion blog","isPartOf":{"@id":"https:\/\/blog.ccc.eu\/hu\/#website"},"primaryImageOfPage":{"@id":"https:\/\/blog.ccc.eu\/hu\/strand-divat-2022-stilusos-megjelenes-nyaralashoz\/#primaryimage"},"image":{"@id":"https:\/\/blog.ccc.eu\/hu\/strand-divat-2022-stilusos-megjelenes-nyaralashoz\/#primaryimage"},"thumbnailUrl":"https:\/\/blog.ccc.eu\/hu\/wp-content\/uploads\/2022\/06\/Jenny_Fairy_analog_AS03-1024x827-1.jpg","datePublished":"2022-06-10T10:06:42+00:00","dateModified":"2022-06-10T10:06:53+00:00","description":"N\u00e9zd meg a 2022-es strand divat trendeket \u00e9s l\u00e9gy a strand kir\u00e1lyn\u0151je!","breadcrumb":{"@id":"https:\/\/blog.ccc.eu\/hu\/strand-divat-2022-stilusos-megjelenes-nyaralashoz\/#breadcrumb"},"inLanguage":"hu","potentialAction":[{"@type":"ReadAction","target":["https:\/\/blog.ccc.eu\/hu\/strand-divat-2022-stilusos-megjelenes-nyaralashoz\/"]}]},{"@type":"ImageObject","inLanguage":"hu","@id":"https:\/\/blog.ccc.eu\/hu\/strand-divat-2022-stilusos-megjelenes-nyaralashoz\/#primaryimage","url":"https:\/\/blog.ccc.eu\/hu\/wp-content\/uploads\/2022\/06\/Jenny_Fairy_analog_AS03-1024x827-1.jpg","contentUrl":"https:\/\/blog.ccc.eu\/hu\/wp-content\/uploads\/2022\/06\/Jenny_Fairy_analog_AS03-1024x827-1.jpg","width":1024,"height":827,"caption":"strand divat"},{"@type":"BreadcrumbList","@id":"https:\/\/blog.ccc.eu\/hu\/strand-divat-2022-stilusos-megjelenes-nyaralashoz\/#breadcrumb","itemListElement":[{"@type":"ListItem","position":1,"name":"Strona g\u0142\u00f3wna","item":"https:\/\/blog.ccc.eu\/hu\/"},{"@type":"ListItem","position":2,"name":"Strand divat 2022 &#8211; st\u00edlusos megjelen\u00e9s nyaral\u00e1shoz!"}]},{"@type":"WebSite","@id":"https:\/\/blog.ccc.eu\/hu\/#website","url":"https:\/\/blog.ccc.eu\/hu\/","name":"CCC Fashion blog","description":"Az \u00d6n helye tele van divatihletekkel","publisher":{"@id":"https:\/\/blog.ccc.eu\/hu\/#organization"},"potentialAction":[{"@type":"SearchAction","target":{"@type":"EntryPoint","urlTemplate":"https:\/\/blog.ccc.eu\/hu\/?s={search_term_string}"},"query-input":{"@type":"PropertyValueSpecification","valueRequired":true,"valueName":"search_term_string"}}],"inLanguage":"hu"},{"@type":"Organization","@id":"https:\/\/blog.ccc.eu\/hu\/#organization","name":"CCC S.A.","url":"https:\/\/blog.ccc.eu\/hu\/","logo":{"@type":"ImageObject","inLanguage":"hu","@id":"https:\/\/blog.ccc.eu\/hu\/#\/schema\/logo\/image\/","url":"https:\/\/blog.ccc.eu\/hu\/wp-content\/uploads\/2021\/11\/logo_ccc.png","contentUrl":"https:\/\/blog.ccc.eu\/hu\/wp-content\/uploads\/2021\/11\/logo_ccc.png","width":730,"height":270,"caption":"CCC S.A."},"image":{"@id":"https:\/\/blog.ccc.eu\/hu\/#\/schema\/logo\/image\/"}},{"@type":"Person","@id":"https:\/\/blog.ccc.eu\/hu\/#\/schema\/person\/c3226a60cce3320f8d95a41d9af8ed2d","name":"R\u00e9ka N\u00e9meth","image":{"@type":"ImageObject","inLanguage":"hu","@id":"https:\/\/blog.ccc.eu\/hu\/#\/schema\/person\/image\/","url":"https:\/\/blog.ccc.eu\/hu\/wp-content\/uploads\/2022\/05\/MicrosoftTeams-image-e1651752501479-150x150.jpg","contentUrl":"https:\/\/blog.ccc.eu\/hu\/wp-content\/uploads\/2022\/05\/MicrosoftTeams-image-e1651752501479-150x150.jpg","caption":"R\u00e9ka N\u00e9meth"},"url":"https:\/\/blog.ccc.eu\/hu\/author\/katarzyna-martyn\/"}]}},"_links":{"self":[{"href":"https:\/\/blog.ccc.eu\/hu\/wp-json\/wp\/v2\/posts\/5900","targetHints":{"allow":["GET"]}}],"collection":[{"href":"https:\/\/blog.ccc.eu\/hu\/wp-json\/wp\/v2\/posts"}],"about":[{"href":"https:\/\/blog.ccc.eu\/hu\/wp-json\/wp\/v2\/types\/post"}],"author":[{"embeddable":true,"href":"https:\/\/blog.ccc.eu\/hu\/wp-json\/wp\/v2\/users\/17"}],"replies":[{"embeddable":true,"href":"https:\/\/blog.ccc.eu\/hu\/wp-json\/wp\/v2\/comments?post=5900"}],"version-history":[{"count":7,"href":"https:\/\/blog.ccc.eu\/hu\/wp-json\/wp\/v2\/posts\/5900\/revisions"}],"predecessor-version":[{"id":5910,"href":"https:\/\/blog.ccc.eu\/hu\/wp-json\/wp\/v2\/posts\/5900\/revisions\/5910"}],"wp:featuredmedia":[{"embeddable":true,"href":"https:\/\/blog.ccc.eu\/hu\/wp-json\/wp\/v2\/media\/5901"}],"wp:attachment":[{"href":"https:\/\/blog.ccc.eu\/hu\/wp-json\/wp\/v2\/media?parent=5900"}],"wp:term":[{"taxonomy":"category","embeddable":true,"href":"https:\/\/blog.ccc.eu\/hu\/wp-json\/wp\/v2\/categories?post=5900"},{"taxonomy":"post_tag","embeddable":true,"href":"https:\/\/blog.ccc.eu\/hu\/wp-json\/wp\/v2\/tags?post=5900"}],"curies":[{"name":"wp","href":"https:\/\/api.w.org\/{rel}","templated":true}]}}