{"id":6040,"date":"2022-06-27T12:49:06","date_gmt":"2022-06-27T10:49:06","guid":{"rendered":"https:\/\/blog.ccc.eu\/hu\/?p=6040"},"modified":"2022-06-27T12:49:07","modified_gmt":"2022-06-27T10:49:07","slug":"a-nyar-slagere-kaveszinu-taskak","status":"publish","type":"post","link":"https:\/\/blog.ccc.eu\/hu\/a-nyar-slagere-kaveszinu-taskak\/","title":{"rendered":"A ny\u00e1r sl\u00e1gere: k\u00e1v\u00e9sz\u00edn\u0171 t\u00e1sk\u00e1k"},"content":{"rendered":"\n<p><b>Az arom\u00e1s olasz k\u00e1v\u00e9k \u00e9s gy\u00f6ny\u00f6r\u0171 \u00e1rnyalataik nagyszer\u0171 inspir\u00e1ci\u00f3v\u00e1 v\u00e1ltak a divatvil\u00e1gban, olyannyira, hogy sz\u00edvesen haszn\u00e1ljuk megnevez\u00e9s\u00fcket a sz\u00ednek le\u00edr\u00e1s\u00e1ra is. A cappucino vagy tejesk\u00e1v\u00e9 sz\u00edn\u0171 t\u00e1sk\u00e1k k\u00e9ts\u00e9gtelen\u00fcl id\u0151tlen sl\u00e1gernek sz\u00e1m\u00edtanak minden szezonban. A CCC-ben ezekb\u0151l a sz\u00ednekb\u0151l a k\u00edn\u00e1lat igaz\u00e1n leny\u0171g\u00f6z\u0151! Csod\u00e1s b\u00e9zs sz\u00edn\u0171 k\u00e9zit\u00e1ska, barna bor\u00edt\u00e9kt\u00e1ska vagy esetleg egy kr\u00e9msz\u00edn\u0171 t\u00e1ska a kedvenced? <\/b><\/p>\n\n\n\n<figure class=\"wp-block-gallery has-nested-images columns-default is-cropped wp-block-gallery-1 is-layout-flex wp-block-gallery-is-layout-flex\">\n<figure class=\"wp-block-image size-large\"><img loading=\"lazy\" decoding=\"async\" width=\"675\" height=\"1024\" data-id=\"6047\" src=\"https:\/\/blog.ccc.eu\/hu\/wp-content\/uploads\/2022\/06\/untitled-3841-1-768x1165-2-675x1024.jpg\" alt=\"\" class=\"wp-image-6047\" srcset=\"https:\/\/blog.ccc.eu\/hu\/wp-content\/uploads\/2022\/06\/untitled-3841-1-768x1165-2-675x1024.jpg 675w, https:\/\/blog.ccc.eu\/hu\/wp-content\/uploads\/2022\/06\/untitled-3841-1-768x1165-2-198x300.jpg 198w, https:\/\/blog.ccc.eu\/hu\/wp-content\/uploads\/2022\/06\/untitled-3841-1-768x1165-2-100x152.jpg 100w, https:\/\/blog.ccc.eu\/hu\/wp-content\/uploads\/2022\/06\/untitled-3841-1-768x1165-2.jpg 768w\" sizes=\"auto, (max-width: 675px) 100vw, 675px\" \/><\/figure>\n\n\n\n<figure class=\"wp-block-image size-large\"><img loading=\"lazy\" decoding=\"async\" width=\"821\" height=\"1024\" data-id=\"6048\" src=\"https:\/\/blog.ccc.eu\/hu\/wp-content\/uploads\/2022\/06\/untitled-3822-821x1024-1.jpg\" alt=\"\" class=\"wp-image-6048\" srcset=\"https:\/\/blog.ccc.eu\/hu\/wp-content\/uploads\/2022\/06\/untitled-3822-821x1024-1.jpg 821w, https:\/\/blog.ccc.eu\/hu\/wp-content\/uploads\/2022\/06\/untitled-3822-821x1024-1-241x300.jpg 241w, https:\/\/blog.ccc.eu\/hu\/wp-content\/uploads\/2022\/06\/untitled-3822-821x1024-1-768x958.jpg 768w, https:\/\/blog.ccc.eu\/hu\/wp-content\/uploads\/2022\/06\/untitled-3822-821x1024-1-100x125.jpg 100w\" sizes=\"auto, (max-width: 821px) 100vw, 821px\" \/><\/figure>\n<\/figure>\n\n\n\n<h2 class=\"wp-block-heading\"><strong>Az olasz <\/strong><strong>k\u00e1v\u00e9<\/strong><strong> \u00e1rnyalatai<\/strong><\/h2>\n\n\n\n<p>Az eszpressz\u00f3 a k\u00e1v\u00e9f\u0151z\u00e9s alapja. Ez az alapja az \u00f6sszes t\u00f6bbi k\u00e1v\u00e9nak. A sz\u00edn a tej \u00e9s a v\u00edz mennyis\u00e9g\u00e9t\u0151l \u00e9s a t\u00f6k\u00e9letes \u00f6sszet\u00e9telt\u0151l f\u00fcgg. Gy\u00f6ny\u00f6r\u0171 \u00e1rnyalataik a kr\u00e9m, b\u00e9zs, nude, karamell, csokol\u00e1d\u00e9 \u00e9s barna a cip\u0151k\u00f6n \u00e9s a t\u00e1sk\u00e1kon is egyar\u00e1nt megjelennek. A barna sz\u00edn \u00e1rnyalatai minden ruhat\u00e1r alapj\u00e1t k\u00e9pezik. Az id\u0151tlen \u00e1rnyalatok a szezon sz\u00edneivel kombin\u00e1lva trendi outfiteket alkotnak. A b\u00e9zs sz\u00ednsk\u00e1la annyira sokoldal\u00fa, hogy n\u00e9ha neh\u00e9z letenni a voksunkat egy adott \u00e1rnyalat mellett. Ez\u00e9rt a CCC-ben tal\u00e1lhat\u00f3 olasz k\u00e1v\u00e9 \u00e1rnyalataihoz a legjobb sz\u00ednkombin\u00e1ci\u00f3kat k\u00edn\u00e1ljuk.<\/p>\n\n\n\n<h2 class=\"wp-block-heading\"><strong>Espresso<\/strong><\/h2>\n\n\n\n<p>M\u00e1s n\u00e9ven feketek\u00e1v\u00e9. Annyira egyszer\u0171, m\u00e9gis nagyszer\u0171. A CCC-ben rengeteg \u00e9benfekete sz\u00edn\u0171 t\u00e1sk\u00e1t tal\u00e1lsz, amelyek m\u00e1s sz\u00ednek alapj\u00e1ul is szolg\u00e1lhatnak, \u00e9s id\u0151t\u00e1ll\u00f3 kieg\u00e9sz\u00edt\u0151i lehetnek b\u00e1rmilyen st\u00edlusnak. A Lasocki, Gino Rossi \u00e9s Badura m\u00e1rk\u00e1k kollekci\u00f3iban is fellelhet\u0151ek \u00e9benfekete sz\u00edn\u0171 t\u00e1sk\u00e1k. Gy\u00f6ny\u00fcr\u0171 darabokat tal\u00e1lsz a Jenny Fairy, a DeeZee vagy a Quazi kollekci\u00f3iban is.<\/p>\n\n\n\n\n\n\n<p><\/p>\n\n\n\n<h2 class=\"wp-block-heading\"><strong>Cappuccino<\/strong><\/h2>\n\n\n\n<p>A barna \u00e9s a b\u00e9zs t\u00f6k\u00e9letes kever\u00e9ke, ha k\u00e1v\u00e9r\u00f3l van sz\u00f3, minden azon m\u00falik, hogy mennyi tejet adsz az eszpressz\u00f3hoz, \u00e9s hogy betartod-e a szab\u00e1lyokat. A Cappuccino egy h\u0171v\u00f6sebb \u00e1rnyalat, az val\u00f3j\u00e1ban az espresso tomp\u00edtva egy k\u00f6zepes sz\u00edn\u00e1rnyalatig, a s\u00f6t\u00e9tbarna \u00e9s a b\u00e9zs k\u00f6z\u00f6tt van. A Gino Rossi b\u00e9zs sz\u00edn\u0171 k\u00e9zit\u00e1sk\u00e1i ebben a sz\u00ednben is megtal\u00e1lhat\u00f3ak a CCC-ben. A Badura m\u00e1rka kollekci\u00f3j\u00e1ban b\u00e9zs sz\u00edn\u0171, kiss\u00e9 s\u00f6t\u00e9tebb \u00e1rnyalat\u00fa t\u00e1sk\u00e1k is tal\u00e1lhat\u00f3ak, amelyek t\u00f6k\u00e9letesen t\u00fckr\u00f6zik a cappucino var\u00e1zs\u00e1t.<\/p>\n\n\n\n\n\n\n<p><\/p>\n\n\n\n<h2 class=\"wp-block-heading\"><strong>Latte<\/strong><\/h2>\n\n\n\n<p>A cappuccino testv\u00e9rv\u00e1ltozata, amelyet a megn\u00f6velt tejmennyis\u00e9g miatt vil\u00e1gosabb sz\u00edn jellemez. A latte feh\u00e9rk\u00e9s \u00e9s h\u0171v\u00f6s, vil\u00e1gosabb, mint a cappuccino, de nem olyan vil\u00e1gos, mint a macchiato. A CCC t\u00e1sk\u00e1it ebben az \u00e1rnyalatban is megtal\u00e1lhatod! N\u00e9zd csak meg a Gino Rossi vagy a Jenny Fairy kollekci\u00f3kat. A Timeless Sense kapszula kollekci\u00f3ban tal\u00e1lsz egy b\u00e9zs sz\u00edn\u0171 bor\u00edt\u00e9kt\u00e1sk\u00e1t is, amely a szezon abszol\u00fat sl\u00e1ger\u00e9v\u00e9 v\u00e1lt. A Badura, DeeZee vagy Quazi m\u00e1rk\u00e1k kollekci\u00f3iban is megjelentek a\u00a0 b\u00e9zs steppelt t\u00e1sk\u00e1k, b\u00e9zs alkalmi t\u00e1sk\u00e1k \u00e9s a szezon m\u00e1sik sl\u00e1gere &#8211; a b\u00e9zs l\u00e1ncos t\u00e1sk\u00e1k! Keresd ezeket a trendi n\u0151i t\u00e1sk\u00e1kat az \u00e9tv\u00e1gygerjeszt\u0151 olasz latte gy\u00f6ny\u00f6r\u0171 \u00e1rnyalataiban, a CCC-ben!<\/p>\n\n\n\n\n\n\n<p><\/p>\n\n\n\n<h2 class=\"wp-block-heading\"><strong>Macchiato<\/strong><\/h2>\n\n\n\n<p>Az egyik legvil\u00e1gosabb k\u00e1v\u00e9, k\u00f6sz\u00f6nhet\u0151en annak, hogy egyetlen adag eszpressz\u00f3b\u00f3l k\u00e9sz\u00fcl, amelyet tejjel fel\u00f6nt\u00fcnk, \u00e9s a tetej\u00e9re&#8230; m\u00e9g egy kis tejet \u00f6nt\u00fcnk. A Macchiato \u00edgy egy meleg, vil\u00e1gos \u00e1rnyalatot kap, amely a feh\u00e9r\u00edtett pasztellsz\u00ednekre eml\u00e9keztet. A CCC-ben tal\u00e1lhatsz vil\u00e1gos b\u00e9zs sz\u00edn\u0171 shopper t\u00e1sk\u00e1t, vil\u00e1gos b\u00e9zs sz\u00edn\u0171 bor\u00edt\u00e9kt\u00e1sk\u00e1t vagy\u00a0 sportosabb jelleg\u0171 t\u00e1sk\u00e1t is. B\u00e9zs sz\u00edn\u0171 vel\u00far k\u00e9zit\u00e1ska \u00e9s b\u00e9zs sz\u00edn\u0171 b\u0151rt\u00e1ska is kaphat\u00f3, term\u00e9szetes szemcs\u00e9s b\u0151rb\u0151l.<br>Ford\u00edtsd a figyelmedet az id\u0151tlen st\u00edlusokra, valamint a divat r\u00e9szleteire, amelyek megk\u00fcl\u00f6nb\u00f6ztetik \u0151ket a t\u00f6bbi modellt\u0151l.<\/p>\n\n\n\n\n\n\n<p><\/p>\n\n\n\n<h2 class=\"wp-block-heading\"><strong>Cortado<\/strong><\/h2>\n\n\n\n<p>Ez a k\u00e1v\u00e9 a cappuccino \u00e9s a macchiato k\u00f6z\u00f6tti sz\u00edn\u00e1rnyalat\u00fa. Legink\u00e1bb a karamellhez hasonl\u00edthat\u00f3. Fele-fele ar\u00e1nyban tartalmaz eszpressz\u00f3t \u00e9s forr\u00f3 tejet. Ez a k\u00e1v\u00e9 elk\u00e9sz\u00edt\u00e9si m\u00f3d val\u00f3sz\u00edn\u0171leg Spanyolorsz\u00e1gb\u00f3l sz\u00e1rmazik, de az alapja tiszt\u00e1n olasz. A meleg karamell\u00e1s sz\u00edn megragadja a k\u00e1v\u00e9 var\u00e1zs\u00e1t, \u00e9s remek\u00fcl mutat a t\u00e1sk\u00e1kon! Egy karamell\u00e1s \u00e1rnyalat\u00fa barna t\u00e1ska mindig j\u00f3l fog mutatni a ruhat\u00e1radban, tavasszal \u00e9s \u0151sszel is egyar\u00e1nt. A CCC-ben barna k\u00e9zit\u00e1sk\u00e1t, n\u0151i h\u00e1tizs\u00e1kot, barna shopper t\u00e1sk\u00e1t is tal\u00e1lhatsz. A barna t\u00e1sk\u00e1kon a k\u00e1v\u00e9 sz\u00edn\u00e9re utal\u00f3 m\u00e9ly csokol\u00e1d\u00e9 \u00e9s az \u00e9des karamell \u00e1rnyalatai egyar\u00e1nt megtal\u00e1lhat\u00f3k.<\/p>\n\n\n\n\n\n\n<p><\/p>\n\n\n\n<h2 class=\"wp-block-heading\"><strong>Mokka<\/strong><\/h2>\n\n\n\n<p>\u00c9tv\u00e1gygerjeszt\u0151 m\u00e9ly csokol\u00e1d\u00e9! Nagyszer\u0171 p\u00e1ros\u00edt\u00e1s egy klasszikus eszpressz\u00f3val. Ez a k\u00e1v\u00e9 nem b\u00fcszk\u00e9lkedhet tejhabbal, de barna, s\u00f6t\u00e9t sz\u00edne remek\u00fcl mutat b\u00e1rmilyen kieg\u00e9sz\u00edt\u0151n. Egy barna t\u00e1ska ebben az \u00e1rnyalatban a ruhat\u00e1rad sl\u00e1gere lesz! V\u00e1lassz egy st\u00edlusos tollas t\u00e1sk\u00e1t. A Jenny Fairy &#8211; \u00c9letteli Sz\u00ednek\u00a0 kapszulakollekci\u00f3 csokol\u00e1d\u00e9barna t\u00e1sk\u00e1ja remek\u00fcl fog passzolni a st\u00edlusodhoz! A CCC barna k\u00e9zit\u00e1sk\u00e1i is nagyon intenz\u00edv pigmentekkel rendelkeznek, amelyek egyedi sz\u00ednt adnak b\u00e1rmilyen szetthez. A kis barna Quazi k\u00e9zit\u00e1ska m\u00e9g a leghivatalosabb megjelen\u00e9st is kieg\u00e9sz\u00edti, a barna b\u0151r Lasocki k\u00e9zit\u00e1ska pedig t\u00f6k\u00e9letes partner lesz az \u0151szi \u00e9s tavaszi napokon.<\/p>\n\n\n\n\n\n\n<p><\/p>\n\n\n\n<h2 class=\"wp-block-heading\"><strong>Barna t\u00e1sk\u00e1k &#8211; Outfit tan\u00e1csok<\/strong><\/h2>\n\n\n\n<p>Ez egy olyan kieg\u00e9sz\u00edt\u0151, amely a legt\u00f6bb ruh\u00e1hoz illik. A kis b\u00e9zs sz\u00edn\u0171 k\u00e9zit\u00e1ska mind a hivatalos, mind az alkalmi szetteket t\u00f6k\u00e9letesen kieg\u00e9sz\u00edti. Egy ilyen sz\u00edn\u0171 t\u00e1sk\u00e1t abszol\u00fat b\u00e1rmilyen sz\u00ednben pomp\u00e1z\u00f3 ruh\u00e1hoz p\u00e1ros\u00edthatsz, biztosan passzolni fog! M\u00e9g akkor is, ha \u00e1rnyalat\u00e1ban k\u00fcl\u00f6nb\u00f6zik a ruh\u00e1dt\u00f3l. Koncentr\u00e1lj a t\u00e1ska karakter\u00e9re \u00e9s a megjelen\u00e9sed jelleg\u00e9re. Keverd b\u00e1tran \u00f6ssze k\u00fcl\u00f6nb\u00f6z\u0151 t\u00edpus\u00fa cip\u0151kkel, t\u00f6k\u00e9letesen illeni fog hozz\u00e1juk. \u00d6ssze\u00e1ll\u00edthatsz ak\u00e1r egy teljesen barna outfitet is, hib\u00e1tlanul ki fogja eg\u00e9sz\u00edteni azt.<\/p>\n\n\n\n<p>A barna n\u0151i t\u00e1sk\u00e1k az egyik legn\u00e9pszer\u0171bb \u00e9s leggyakrabban v\u00e1lasztott darabok k\u00f6z\u00e9 tartoznak. A barna t\u00e1ska minden n\u0151 ruhat\u00e1r\u00e1nak egyik klasszikus darabja. Nem sz\u00e1m\u00edt, milyen \u00e1rnyalat mellett d\u00f6ntesz, az id\u0151tlen barna vagy b\u00e9zs sz\u00edn mindig illeni fog a st\u00edlusodhoz. Soha nem v\u00e1lik unalmass\u00e1, \u00e9s soha nem megy ki a divatb\u00f3l.&nbsp;<\/p>\n\n\n\n<p>Tal\u00e1ld meg a sz\u00e1modra t\u00f6k\u00e9letes barna t\u00e1sk\u00e1t a <a href=\"https:\/\/ccc.eu\/hu\/sklepy\">CCC \u00fczleteinkben<\/a>, <a href=\"https:\/\/ccc.eu\/hu\/\">webshopunkban<\/a>, \u00e9s az <a href=\"https:\/\/ccc.eu\/hu\/mobile-app\">alkalmaz\u00e1sban<\/a>. Legy\u00e9l <a href=\"https:\/\/ccc.eu\/hu\/klub-ccc\">CCC klubtag<\/a> is, \u00e9s \u00e9lvezd a k\u00e9nyelmes \u00e9s kedvezm\u00e9nyes v\u00e1s\u00e1rl\u00e1si lehet\u0151s\u00e9geket! K\u00f6vesd vel\u00fcnk a divatot <a href=\"https:\/\/www.facebook.com\/CCC.Hungary\/\">Facebookon,<\/a> \u00e9s inspir\u00e1l\u00f3dj vel\u00fcnk az <a href=\"https:\/\/www.instagram.com\/cccshoesbags\/\">Instagramon<\/a> is!<\/p>\n","protected":false},"excerpt":{"rendered":"<p>Az arom\u00e1s olasz k\u00e1v\u00e9k \u00e9s gy\u00f6ny\u00f6r\u0171 \u00e1rnyalataik nagyszer\u0171 inspir\u00e1ci\u00f3v\u00e1 v\u00e1ltak a divatvil\u00e1gban, olyannyira, hogy sz\u00edvesen haszn\u00e1ljuk megnevez\u00e9s\u00fcket a sz\u00ednek le\u00edr\u00e1s\u00e1ra is. A cappucino vagy tejesk\u00e1v\u00e9 sz\u00edn\u0171 t\u00e1sk\u00e1k k\u00e9ts\u00e9gtelen\u00fcl id\u0151tlen sl\u00e1gernek sz\u00e1m\u00edtanak minden szezonban. A CCC-ben ezekb\u0151l a sz\u00ednekb\u0151l a k\u00edn\u00e1lat igaz\u00e1n leny\u0171g\u00f6z\u0151! Csod\u00e1s b\u00e9zs sz\u00edn\u0171 k\u00e9zit\u00e1ska, barna bor\u00edt\u00e9kt\u00e1ska vagy esetleg egy kr\u00e9msz\u00edn\u0171 t\u00e1ska a kedvenced? [&hellip;]<\/p>\n","protected":false},"author":17,"featured_media":6048,"comment_status":"open","ping_status":"open","sticky":false,"template":"","format":"standard","meta":{"_acf_changed":false,"footnotes":""},"categories":[6],"tags":[852,853,560,786],"class_list":["post-6040","post","type-post","status-publish","format-standard","has-post-thumbnail","hentry","category-trendek","tag-barna-taska","tag-bezs-taska","tag-ccc","tag-trendek"],"acf":[],"yoast_head":"<!-- This site is optimized with the Yoast SEO plugin v26.9 - https:\/\/yoast.com\/product\/yoast-seo-wordpress\/ -->\n<title>A ny\u00e1r sl\u00e1gere: k\u00e1v\u00e9sz\u00edn\u0171 t\u00e1sk\u00e1k - CCC Fashion blog<\/title>\n<meta name=\"description\" content=\"Van m\u00e1r b\u00e1rmelyikb\u0151l a szekr\u00e9nyedben? N\u00e9zd meg a legszebb \u00e9s legdivatosabb t\u00e1sk\u00e1kat az olasz k\u00e1v\u00e9 sz\u00edneiben, a CCC-ben. 2026\" \/>\n<meta name=\"robots\" content=\"index, follow, max-snippet:-1, max-image-preview:large, max-video-preview:-1\" \/>\n<link rel=\"canonical\" href=\"https:\/\/blog.ccc.eu\/hu\/a-nyar-slagere-kaveszinu-taskak\/\" \/>\n<meta property=\"og:locale\" content=\"hu_HU\" \/>\n<meta property=\"og:type\" content=\"article\" \/>\n<meta property=\"og:title\" content=\"A ny\u00e1r sl\u00e1gere: k\u00e1v\u00e9sz\u00edn\u0171 t\u00e1sk\u00e1k - CCC Fashion blog\" \/>\n<meta property=\"og:description\" content=\"Van m\u00e1r b\u00e1rmelyikb\u0151l a szekr\u00e9nyedben? N\u00e9zd meg a legszebb \u00e9s legdivatosabb t\u00e1sk\u00e1kat az olasz k\u00e1v\u00e9 sz\u00edneiben, a CCC-ben.\" \/>\n<meta property=\"og:url\" content=\"https:\/\/blog.ccc.eu\/hu\/a-nyar-slagere-kaveszinu-taskak\/\" \/>\n<meta property=\"og:site_name\" content=\"CCC Fashion blog\" \/>\n<meta property=\"article:published_time\" content=\"2022-06-27T10:49:06+00:00\" \/>\n<meta property=\"article:modified_time\" content=\"2022-06-27T10:49:07+00:00\" \/>\n<meta property=\"og:image\" content=\"https:\/\/blog.ccc.eu\/hu\/wp-content\/uploads\/2022\/06\/untitled-3822-821x1024-1.jpg\" \/>\n\t<meta property=\"og:image:width\" content=\"821\" \/>\n\t<meta property=\"og:image:height\" content=\"1024\" \/>\n\t<meta property=\"og:image:type\" content=\"image\/jpeg\" \/>\n<meta name=\"author\" content=\"R\u00e9ka N\u00e9meth\" \/>\n<meta name=\"twitter:card\" content=\"summary_large_image\" \/>\n<meta name=\"twitter:label1\" content=\"Szerz\u0151:\" \/>\n\t<meta name=\"twitter:data1\" content=\"R\u00e9ka N\u00e9meth\" \/>\n\t<meta name=\"twitter:label2\" content=\"Becs\u00fclt olvas\u00e1si id\u0151\" \/>\n\t<meta name=\"twitter:data2\" content=\"6 perc\" \/>\n<script type=\"application\/ld+json\" class=\"yoast-schema-graph\">{\"@context\":\"https:\/\/schema.org\",\"@graph\":[{\"@type\":\"Article\",\"@id\":\"https:\/\/blog.ccc.eu\/hu\/a-nyar-slagere-kaveszinu-taskak\/#article\",\"isPartOf\":{\"@id\":\"https:\/\/blog.ccc.eu\/hu\/a-nyar-slagere-kaveszinu-taskak\/\"},\"author\":{\"name\":\"R\u00e9ka N\u00e9meth\",\"@id\":\"https:\/\/blog.ccc.eu\/hu\/#\/schema\/person\/c3226a60cce3320f8d95a41d9af8ed2d\"},\"headline\":\"A ny\u00e1r sl\u00e1gere: k\u00e1v\u00e9sz\u00edn\u0171 t\u00e1sk\u00e1k\",\"datePublished\":\"2022-06-27T10:49:06+00:00\",\"dateModified\":\"2022-06-27T10:49:07+00:00\",\"mainEntityOfPage\":{\"@id\":\"https:\/\/blog.ccc.eu\/hu\/a-nyar-slagere-kaveszinu-taskak\/\"},\"wordCount\":1386,\"commentCount\":0,\"publisher\":{\"@id\":\"https:\/\/blog.ccc.eu\/hu\/#organization\"},\"image\":{\"@id\":\"https:\/\/blog.ccc.eu\/hu\/a-nyar-slagere-kaveszinu-taskak\/#primaryimage\"},\"thumbnailUrl\":\"https:\/\/blog.ccc.eu\/hu\/wp-content\/uploads\/2022\/06\/untitled-3822-821x1024-1.jpg\",\"keywords\":[\"barna t\u00e1ska\",\"b\u00e9zs t\u00e1ska\",\"CCC\",\"trendek\"],\"articleSection\":[\"TRENDEK\"],\"inLanguage\":\"hu\",\"potentialAction\":[{\"@type\":\"CommentAction\",\"name\":\"Comment\",\"target\":[\"https:\/\/blog.ccc.eu\/hu\/a-nyar-slagere-kaveszinu-taskak\/#respond\"]}]},{\"@type\":\"WebPage\",\"@id\":\"https:\/\/blog.ccc.eu\/hu\/a-nyar-slagere-kaveszinu-taskak\/\",\"url\":\"https:\/\/blog.ccc.eu\/hu\/a-nyar-slagere-kaveszinu-taskak\/\",\"name\":\"A ny\u00e1r sl\u00e1gere: k\u00e1v\u00e9sz\u00edn\u0171 t\u00e1sk\u00e1k - CCC Fashion blog\",\"isPartOf\":{\"@id\":\"https:\/\/blog.ccc.eu\/hu\/#website\"},\"primaryImageOfPage\":{\"@id\":\"https:\/\/blog.ccc.eu\/hu\/a-nyar-slagere-kaveszinu-taskak\/#primaryimage\"},\"image\":{\"@id\":\"https:\/\/blog.ccc.eu\/hu\/a-nyar-slagere-kaveszinu-taskak\/#primaryimage\"},\"thumbnailUrl\":\"https:\/\/blog.ccc.eu\/hu\/wp-content\/uploads\/2022\/06\/untitled-3822-821x1024-1.jpg\",\"datePublished\":\"2022-06-27T10:49:06+00:00\",\"dateModified\":\"2022-06-27T10:49:07+00:00\",\"description\":\"Van m\u00e1r b\u00e1rmelyikb\u0151l a szekr\u00e9nyedben? N\u00e9zd meg a legszebb \u00e9s legdivatosabb t\u00e1sk\u00e1kat az olasz k\u00e1v\u00e9 sz\u00edneiben, a CCC-ben.\",\"breadcrumb\":{\"@id\":\"https:\/\/blog.ccc.eu\/hu\/a-nyar-slagere-kaveszinu-taskak\/#breadcrumb\"},\"inLanguage\":\"hu\",\"potentialAction\":[{\"@type\":\"ReadAction\",\"target\":[\"https:\/\/blog.ccc.eu\/hu\/a-nyar-slagere-kaveszinu-taskak\/\"]}]},{\"@type\":\"ImageObject\",\"inLanguage\":\"hu\",\"@id\":\"https:\/\/blog.ccc.eu\/hu\/a-nyar-slagere-kaveszinu-taskak\/#primaryimage\",\"url\":\"https:\/\/blog.ccc.eu\/hu\/wp-content\/uploads\/2022\/06\/untitled-3822-821x1024-1.jpg\",\"contentUrl\":\"https:\/\/blog.ccc.eu\/hu\/wp-content\/uploads\/2022\/06\/untitled-3822-821x1024-1.jpg\",\"width\":821,\"height\":1024,\"caption\":\"k\u00e1v\u00e9sz\u00edn\u0171 barna t\u00e1ska\"},{\"@type\":\"BreadcrumbList\",\"@id\":\"https:\/\/blog.ccc.eu\/hu\/a-nyar-slagere-kaveszinu-taskak\/#breadcrumb\",\"itemListElement\":[{\"@type\":\"ListItem\",\"position\":1,\"name\":\"Strona g\u0142\u00f3wna\",\"item\":\"https:\/\/blog.ccc.eu\/hu\/\"},{\"@type\":\"ListItem\",\"position\":2,\"name\":\"A ny\u00e1r sl\u00e1gere: k\u00e1v\u00e9sz\u00edn\u0171 t\u00e1sk\u00e1k\"}]},{\"@type\":\"WebSite\",\"@id\":\"https:\/\/blog.ccc.eu\/hu\/#website\",\"url\":\"https:\/\/blog.ccc.eu\/hu\/\",\"name\":\"CCC Fashion blog\",\"description\":\"Az \u00d6n helye tele van divatihletekkel\",\"publisher\":{\"@id\":\"https:\/\/blog.ccc.eu\/hu\/#organization\"},\"potentialAction\":[{\"@type\":\"SearchAction\",\"target\":{\"@type\":\"EntryPoint\",\"urlTemplate\":\"https:\/\/blog.ccc.eu\/hu\/?s={search_term_string}\"},\"query-input\":{\"@type\":\"PropertyValueSpecification\",\"valueRequired\":true,\"valueName\":\"search_term_string\"}}],\"inLanguage\":\"hu\"},{\"@type\":\"Organization\",\"@id\":\"https:\/\/blog.ccc.eu\/hu\/#organization\",\"name\":\"CCC S.A.\",\"url\":\"https:\/\/blog.ccc.eu\/hu\/\",\"logo\":{\"@type\":\"ImageObject\",\"inLanguage\":\"hu\",\"@id\":\"https:\/\/blog.ccc.eu\/hu\/#\/schema\/logo\/image\/\",\"url\":\"https:\/\/blog.ccc.eu\/hu\/wp-content\/uploads\/2021\/11\/logo_ccc.png\",\"contentUrl\":\"https:\/\/blog.ccc.eu\/hu\/wp-content\/uploads\/2021\/11\/logo_ccc.png\",\"width\":730,\"height\":270,\"caption\":\"CCC S.A.\"},\"image\":{\"@id\":\"https:\/\/blog.ccc.eu\/hu\/#\/schema\/logo\/image\/\"}},{\"@type\":\"Person\",\"@id\":\"https:\/\/blog.ccc.eu\/hu\/#\/schema\/person\/c3226a60cce3320f8d95a41d9af8ed2d\",\"name\":\"R\u00e9ka N\u00e9meth\",\"image\":{\"@type\":\"ImageObject\",\"inLanguage\":\"hu\",\"@id\":\"https:\/\/blog.ccc.eu\/hu\/#\/schema\/person\/image\/\",\"url\":\"https:\/\/blog.ccc.eu\/hu\/wp-content\/uploads\/2022\/05\/MicrosoftTeams-image-e1651752501479-150x150.jpg\",\"contentUrl\":\"https:\/\/blog.ccc.eu\/hu\/wp-content\/uploads\/2022\/05\/MicrosoftTeams-image-e1651752501479-150x150.jpg\",\"caption\":\"R\u00e9ka N\u00e9meth\"},\"url\":\"https:\/\/blog.ccc.eu\/hu\/author\/katarzyna-martyn\/\"}]}<\/script>\n<!-- \/ Yoast SEO plugin. -->","yoast_head_json":{"title":"A ny\u00e1r sl\u00e1gere: k\u00e1v\u00e9sz\u00edn\u0171 t\u00e1sk\u00e1k - CCC Fashion blog","description":"Van m\u00e1r b\u00e1rmelyikb\u0151l a szekr\u00e9nyedben? N\u00e9zd meg a legszebb \u00e9s legdivatosabb t\u00e1sk\u00e1kat az olasz k\u00e1v\u00e9 sz\u00edneiben, a CCC-ben. 2026","robots":{"index":"index","follow":"follow","max-snippet":"max-snippet:-1","max-image-preview":"max-image-preview:large","max-video-preview":"max-video-preview:-1"},"canonical":"https:\/\/blog.ccc.eu\/hu\/a-nyar-slagere-kaveszinu-taskak\/","og_locale":"hu_HU","og_type":"article","og_title":"A ny\u00e1r sl\u00e1gere: k\u00e1v\u00e9sz\u00edn\u0171 t\u00e1sk\u00e1k - CCC Fashion blog","og_description":"Van m\u00e1r b\u00e1rmelyikb\u0151l a szekr\u00e9nyedben? N\u00e9zd meg a legszebb \u00e9s legdivatosabb t\u00e1sk\u00e1kat az olasz k\u00e1v\u00e9 sz\u00edneiben, a CCC-ben.","og_url":"https:\/\/blog.ccc.eu\/hu\/a-nyar-slagere-kaveszinu-taskak\/","og_site_name":"CCC Fashion blog","article_published_time":"2022-06-27T10:49:06+00:00","article_modified_time":"2022-06-27T10:49:07+00:00","og_image":[{"width":821,"height":1024,"url":"https:\/\/blog.ccc.eu\/hu\/wp-content\/uploads\/2022\/06\/untitled-3822-821x1024-1.jpg","type":"image\/jpeg"}],"author":"R\u00e9ka N\u00e9meth","twitter_card":"summary_large_image","twitter_misc":{"Szerz\u0151:":"R\u00e9ka N\u00e9meth","Becs\u00fclt olvas\u00e1si id\u0151":"6 perc"},"schema":{"@context":"https:\/\/schema.org","@graph":[{"@type":"Article","@id":"https:\/\/blog.ccc.eu\/hu\/a-nyar-slagere-kaveszinu-taskak\/#article","isPartOf":{"@id":"https:\/\/blog.ccc.eu\/hu\/a-nyar-slagere-kaveszinu-taskak\/"},"author":{"name":"R\u00e9ka N\u00e9meth","@id":"https:\/\/blog.ccc.eu\/hu\/#\/schema\/person\/c3226a60cce3320f8d95a41d9af8ed2d"},"headline":"A ny\u00e1r sl\u00e1gere: k\u00e1v\u00e9sz\u00edn\u0171 t\u00e1sk\u00e1k","datePublished":"2022-06-27T10:49:06+00:00","dateModified":"2022-06-27T10:49:07+00:00","mainEntityOfPage":{"@id":"https:\/\/blog.ccc.eu\/hu\/a-nyar-slagere-kaveszinu-taskak\/"},"wordCount":1386,"commentCount":0,"publisher":{"@id":"https:\/\/blog.ccc.eu\/hu\/#organization"},"image":{"@id":"https:\/\/blog.ccc.eu\/hu\/a-nyar-slagere-kaveszinu-taskak\/#primaryimage"},"thumbnailUrl":"https:\/\/blog.ccc.eu\/hu\/wp-content\/uploads\/2022\/06\/untitled-3822-821x1024-1.jpg","keywords":["barna t\u00e1ska","b\u00e9zs t\u00e1ska","CCC","trendek"],"articleSection":["TRENDEK"],"inLanguage":"hu","potentialAction":[{"@type":"CommentAction","name":"Comment","target":["https:\/\/blog.ccc.eu\/hu\/a-nyar-slagere-kaveszinu-taskak\/#respond"]}]},{"@type":"WebPage","@id":"https:\/\/blog.ccc.eu\/hu\/a-nyar-slagere-kaveszinu-taskak\/","url":"https:\/\/blog.ccc.eu\/hu\/a-nyar-slagere-kaveszinu-taskak\/","name":"A ny\u00e1r sl\u00e1gere: k\u00e1v\u00e9sz\u00edn\u0171 t\u00e1sk\u00e1k - CCC Fashion blog","isPartOf":{"@id":"https:\/\/blog.ccc.eu\/hu\/#website"},"primaryImageOfPage":{"@id":"https:\/\/blog.ccc.eu\/hu\/a-nyar-slagere-kaveszinu-taskak\/#primaryimage"},"image":{"@id":"https:\/\/blog.ccc.eu\/hu\/a-nyar-slagere-kaveszinu-taskak\/#primaryimage"},"thumbnailUrl":"https:\/\/blog.ccc.eu\/hu\/wp-content\/uploads\/2022\/06\/untitled-3822-821x1024-1.jpg","datePublished":"2022-06-27T10:49:06+00:00","dateModified":"2022-06-27T10:49:07+00:00","description":"Van m\u00e1r b\u00e1rmelyikb\u0151l a szekr\u00e9nyedben? N\u00e9zd meg a legszebb \u00e9s legdivatosabb t\u00e1sk\u00e1kat az olasz k\u00e1v\u00e9 sz\u00edneiben, a CCC-ben.","breadcrumb":{"@id":"https:\/\/blog.ccc.eu\/hu\/a-nyar-slagere-kaveszinu-taskak\/#breadcrumb"},"inLanguage":"hu","potentialAction":[{"@type":"ReadAction","target":["https:\/\/blog.ccc.eu\/hu\/a-nyar-slagere-kaveszinu-taskak\/"]}]},{"@type":"ImageObject","inLanguage":"hu","@id":"https:\/\/blog.ccc.eu\/hu\/a-nyar-slagere-kaveszinu-taskak\/#primaryimage","url":"https:\/\/blog.ccc.eu\/hu\/wp-content\/uploads\/2022\/06\/untitled-3822-821x1024-1.jpg","contentUrl":"https:\/\/blog.ccc.eu\/hu\/wp-content\/uploads\/2022\/06\/untitled-3822-821x1024-1.jpg","width":821,"height":1024,"caption":"k\u00e1v\u00e9sz\u00edn\u0171 barna t\u00e1ska"},{"@type":"BreadcrumbList","@id":"https:\/\/blog.ccc.eu\/hu\/a-nyar-slagere-kaveszinu-taskak\/#breadcrumb","itemListElement":[{"@type":"ListItem","position":1,"name":"Strona g\u0142\u00f3wna","item":"https:\/\/blog.ccc.eu\/hu\/"},{"@type":"ListItem","position":2,"name":"A ny\u00e1r sl\u00e1gere: k\u00e1v\u00e9sz\u00edn\u0171 t\u00e1sk\u00e1k"}]},{"@type":"WebSite","@id":"https:\/\/blog.ccc.eu\/hu\/#website","url":"https:\/\/blog.ccc.eu\/hu\/","name":"CCC Fashion blog","description":"Az \u00d6n helye tele van divatihletekkel","publisher":{"@id":"https:\/\/blog.ccc.eu\/hu\/#organization"},"potentialAction":[{"@type":"SearchAction","target":{"@type":"EntryPoint","urlTemplate":"https:\/\/blog.ccc.eu\/hu\/?s={search_term_string}"},"query-input":{"@type":"PropertyValueSpecification","valueRequired":true,"valueName":"search_term_string"}}],"inLanguage":"hu"},{"@type":"Organization","@id":"https:\/\/blog.ccc.eu\/hu\/#organization","name":"CCC S.A.","url":"https:\/\/blog.ccc.eu\/hu\/","logo":{"@type":"ImageObject","inLanguage":"hu","@id":"https:\/\/blog.ccc.eu\/hu\/#\/schema\/logo\/image\/","url":"https:\/\/blog.ccc.eu\/hu\/wp-content\/uploads\/2021\/11\/logo_ccc.png","contentUrl":"https:\/\/blog.ccc.eu\/hu\/wp-content\/uploads\/2021\/11\/logo_ccc.png","width":730,"height":270,"caption":"CCC S.A."},"image":{"@id":"https:\/\/blog.ccc.eu\/hu\/#\/schema\/logo\/image\/"}},{"@type":"Person","@id":"https:\/\/blog.ccc.eu\/hu\/#\/schema\/person\/c3226a60cce3320f8d95a41d9af8ed2d","name":"R\u00e9ka N\u00e9meth","image":{"@type":"ImageObject","inLanguage":"hu","@id":"https:\/\/blog.ccc.eu\/hu\/#\/schema\/person\/image\/","url":"https:\/\/blog.ccc.eu\/hu\/wp-content\/uploads\/2022\/05\/MicrosoftTeams-image-e1651752501479-150x150.jpg","contentUrl":"https:\/\/blog.ccc.eu\/hu\/wp-content\/uploads\/2022\/05\/MicrosoftTeams-image-e1651752501479-150x150.jpg","caption":"R\u00e9ka N\u00e9meth"},"url":"https:\/\/blog.ccc.eu\/hu\/author\/katarzyna-martyn\/"}]}},"_links":{"self":[{"href":"https:\/\/blog.ccc.eu\/hu\/wp-json\/wp\/v2\/posts\/6040","targetHints":{"allow":["GET"]}}],"collection":[{"href":"https:\/\/blog.ccc.eu\/hu\/wp-json\/wp\/v2\/posts"}],"about":[{"href":"https:\/\/blog.ccc.eu\/hu\/wp-json\/wp\/v2\/types\/post"}],"author":[{"embeddable":true,"href":"https:\/\/blog.ccc.eu\/hu\/wp-json\/wp\/v2\/users\/17"}],"replies":[{"embeddable":true,"href":"https:\/\/blog.ccc.eu\/hu\/wp-json\/wp\/v2\/comments?post=6040"}],"version-history":[{"count":9,"href":"https:\/\/blog.ccc.eu\/hu\/wp-json\/wp\/v2\/posts\/6040\/revisions"}],"predecessor-version":[{"id":6056,"href":"https:\/\/blog.ccc.eu\/hu\/wp-json\/wp\/v2\/posts\/6040\/revisions\/6056"}],"wp:featuredmedia":[{"embeddable":true,"href":"https:\/\/blog.ccc.eu\/hu\/wp-json\/wp\/v2\/media\/6048"}],"wp:attachment":[{"href":"https:\/\/blog.ccc.eu\/hu\/wp-json\/wp\/v2\/media?parent=6040"}],"wp:term":[{"taxonomy":"category","embeddable":true,"href":"https:\/\/blog.ccc.eu\/hu\/wp-json\/wp\/v2\/categories?post=6040"},{"taxonomy":"post_tag","embeddable":true,"href":"https:\/\/blog.ccc.eu\/hu\/wp-json\/wp\/v2\/tags?post=6040"}],"curies":[{"name":"wp","href":"https:\/\/api.w.org\/{rel}","templated":true}]}}