{"id":6307,"date":"2022-07-27T11:10:37","date_gmt":"2022-07-27T09:10:37","guid":{"rendered":"https:\/\/blog.ccc.eu\/hu\/?p=6307"},"modified":"2022-07-27T11:10:37","modified_gmt":"2022-07-27T09:10:37","slug":"scholl-labbelik-amelyek-a-kenyelem-szinonimai","status":"publish","type":"post","link":"https:\/\/blog.ccc.eu\/hu\/scholl-labbelik-amelyek-a-kenyelem-szinonimai\/","title":{"rendered":"Scholl &#8211; l\u00e1bbelik, amelyek a k\u00e9nyelem szinonim\u00e1i!"},"content":{"rendered":"\n<p><b>A Scholl egy trad\u00edcion\u00e1lis, csal\u00e1di tulajdonban l\u00e9v\u0151 c\u00e9g, amely nagy hagyom\u00e1nyokkal b\u00fcszk\u00e9lkedhet a papucsok, szad\u00e1lok, valamint a professzion\u00e1lis l\u00e1b\u00e1pol\u00e1si kieg\u00e9sz\u00edt\u0151k tervez\u00e9se \u00e9s gy\u00e1rt\u00e1sa ter\u00e9n. Minden Scholl m\u00e1rk\u00e1j\u00fa l\u00e1bbelit szeretettel \u00e9s odaad\u00e1ssal terveznek Mil\u00e1n\u00f3 sz\u00edv\u00e9ben, neves tervez\u0151k t\u00e1mogat\u00e1s\u00e1val. Term\u00e9keik kaphat\u00f3ak a CCC \u00fczletekben, a webshopban \u00e9s az alkalmaz\u00e1sban is. <\/b><\/p>\n\n\n\n<figure class=\"wp-block-gallery has-nested-images columns-default is-cropped wp-block-gallery-1 is-layout-flex wp-block-gallery-is-layout-flex\">\n<figure class=\"wp-block-image size-large\"><img loading=\"lazy\" decoding=\"async\" width=\"876\" height=\"876\" data-id=\"6315\" src=\"https:\/\/blog.ccc.eu\/hu\/wp-content\/uploads\/2022\/07\/CCC_5903698362274_05_LR-edited.jpg\" alt=\"\" class=\"wp-image-6315\" srcset=\"https:\/\/blog.ccc.eu\/hu\/wp-content\/uploads\/2022\/07\/CCC_5903698362274_05_LR-edited.jpg 876w, https:\/\/blog.ccc.eu\/hu\/wp-content\/uploads\/2022\/07\/CCC_5903698362274_05_LR-edited-300x300.jpg 300w, https:\/\/blog.ccc.eu\/hu\/wp-content\/uploads\/2022\/07\/CCC_5903698362274_05_LR-edited-150x150.jpg 150w, https:\/\/blog.ccc.eu\/hu\/wp-content\/uploads\/2022\/07\/CCC_5903698362274_05_LR-edited-768x768.jpg 768w, https:\/\/blog.ccc.eu\/hu\/wp-content\/uploads\/2022\/07\/CCC_5903698362274_05_LR-edited-100x100.jpg 100w\" sizes=\"auto, (max-width: 876px) 100vw, 876px\" \/><\/figure>\n\n\n\n<figure class=\"wp-block-image size-large\"><img loading=\"lazy\" decoding=\"async\" width=\"876\" height=\"876\" data-id=\"6314\" src=\"https:\/\/blog.ccc.eu\/hu\/wp-content\/uploads\/2022\/07\/CCC_5904248373696_05_lr-edited.jpg\" alt=\"\" class=\"wp-image-6314\" srcset=\"https:\/\/blog.ccc.eu\/hu\/wp-content\/uploads\/2022\/07\/CCC_5904248373696_05_lr-edited.jpg 876w, https:\/\/blog.ccc.eu\/hu\/wp-content\/uploads\/2022\/07\/CCC_5904248373696_05_lr-edited-300x300.jpg 300w, https:\/\/blog.ccc.eu\/hu\/wp-content\/uploads\/2022\/07\/CCC_5904248373696_05_lr-edited-150x150.jpg 150w, https:\/\/blog.ccc.eu\/hu\/wp-content\/uploads\/2022\/07\/CCC_5904248373696_05_lr-edited-768x768.jpg 768w, https:\/\/blog.ccc.eu\/hu\/wp-content\/uploads\/2022\/07\/CCC_5904248373696_05_lr-edited-100x100.jpg 100w\" sizes=\"auto, (max-width: 876px) 100vw, 876px\" \/><\/figure>\n<\/figure>\n\n\n\n<h2 class=\"wp-block-heading\"><strong>A Scholl m\u00e1rka t\u00f6rt\u00e9nete<\/strong><\/h2>\n\n\n\n<p>A Scholl m\u00e1rka egy \u00e9vsz\u00e1zados tapasztalattal b\u00fcszk\u00e9lkedhet a papucsok,szand\u00e1lok \u00e9s l\u00e1b\u00e1pol\u00e1si kieg\u00e9sz\u00edt\u0151k megalkot\u00e1s\u00e1ban \u00e9s tervez\u00e9s\u00e9ben! A m\u00e1rka t\u00f6rt\u00e9nete 1899-ig vezethet\u0151 vissza, amikor a c\u00e9g alap\u00edt\u00f3ja, Dr. William Mathias Scholl egy kis cip\u0151boltban kezdett dolgozni, amely k\u00e9nyelmes cip\u0151k \u00e9rt\u00e9kes\u00edt\u00e9s\u00e9re specializ\u00e1l\u00f3dott. Ez a gondolat felkeltette Scholl \u00e9rdekl\u0151d\u00e9s\u00e9t, \u00e9s tudom\u00e1nyos megk\u00f6zel\u00edt\u00e9sb\u0151l kezdte el vizsg\u00e1lni a t\u00e9m\u00e1t. Meg akarta \u00e9rteni a l\u00e1bak szerkezet\u00e9t \u00e9s biomechanik\u00e1j\u00e1t a test t\u00f6bbi r\u00e9sz\u00e9hez viszony\u00edtva. Ett\u0151l kezdve m\u00e1r csak egy l\u00e9p\u00e9s v\u00e1lasztotta el att\u00f3l, hogy megalap\u00edtsa saj\u00e1t c\u00e9g\u00e9t, amely hamarosan piacvezet\u0151 lett a technol\u00f3giailag fejlett, kiv\u00e1l\u00f3 k\u00e9nyelmet ny\u00fajt\u00f3 l\u00e1bbelik gy\u00e1rt\u00e1s\u00e1ban.<\/p>\n\n\n\n<p>Az 1990-es \u00e9s 2000-es \u00e9vek a Scholl m\u00e1rka sz\u00e1m\u00e1ra gy\u00fcm\u00f6lcs\u00f6z\u0151ek voltak az \u00faj technol\u00f3gi\u00e1k megjelen\u00e9se szempontj\u00e1b\u00f3l a l\u00e1bbelik k\u00e9sz\u00edt\u00e9s\u00e9ben. 2020 \u00e9s 2021 azonban &#8211; a vil\u00e1gj\u00e1rv\u00e1ny \u00e9vei, amikor az emberek \u00fajra elkezdt\u00e9k \u00e9rt\u00e9kelni a k\u00e9nyelmet &#8211; m\u00e9g nagyobb n\u00e9pszer\u0171s\u00e9get hozott a Schollnak, \u00e9s l\u00e1bbelij\u00fck nemcsak a k\u00e9nyelem, hanem a divattrend szinonim\u00e1j\u00e1v\u00e1 is v\u00e1ltak!<\/p>\n\n\n\n\n\n\n<p><\/p>\n\n\n\n<h2 class=\"wp-block-heading\"><strong>Scholl l\u00e1bbeli &#8211; milyen technol\u00f3gi\u00e1kat rejt?<\/strong><\/h2>\n\n\n\n<p>A Scholl m\u00e1rka \u00e9rt\u00e9kei a k\u00e9zm\u0171vess\u00e9gben \u00e9s a hagyom\u00e1nyokban gy\u00f6kereznek. Ez az elk\u00f6telezetts\u00e9g olyan progressz\u00edv innov\u00e1ci\u00f3kban \u00e9s szabadalmaztatott technol\u00f3gi\u00e1kban t\u00fckr\u00f6z\u0151dik, mint a Gelactiv, a Bioprint, a Memory Cushion \u00e9s a Scholl Biomechanics.<\/p>\n\n\n\n<p>A<strong> GELACTIV\u00ae <\/strong>&#8211; technol\u00f3gia nem m\u00e1s, mint a sarok al\u00e1 helyezett speci\u00e1lis Technogel\u00ae talpbet\u00e9t, amely tomp\u00edtja a j\u00e1r\u00e1s sor\u00e1n keletkez\u0151 \u00fct\u00e9seket. \u00cdgy megakad\u00e1lyozza a l\u00e1b \u00e9s a l\u00e1bfej f\u00e1radts\u00e1g\u00e1t. Sz\u00e1razon tartja a l\u00e1bat, hipoallerg\u00e9n \u00e9s nem tartalmaz kr\u00f3m VI-ot. Nedves ruh\u00e1val \u00f3vatosan tiszt\u00edthat\u00f3.<\/p>\n\n\n\n<p>A <strong>MEMORY CUSHION\u00ae<\/strong> technol\u00f3gi\u00e1t a puha mem\u00f3riahabos talpbet\u00e9t jellemzi. Speci\u00e1lisan kialak\u00edtott s\u0171r\u0171s\u00e9ge lehet\u0151v\u00e9 teszi, hogy alkalmazkodjon a l\u00e1b term\u00e9szetes anat\u00f3mi\u00e1j\u00e1hoz, seg\u00edtve a nyom\u00e1s eloszl\u00e1s\u00e1t. A Memory Cushion talpbet\u00e9t a k\u00e9nyelem, a pihen\u00e9s, a puhas\u00e1g \u00e9s a stabilit\u00e1s \u00e9rz\u00e9s\u00e9t ny\u00fajtja, cs\u00f6kkentve a nyom\u00e1st a talp bizonyos ter\u00fcletein.<\/p>\n\n\n\n<p>A<strong> BIOPRINT\u00ae <\/strong>&#8211; talpbet\u00e9t parafa \u00e9s gumi egyed\u00fcl\u00e1ll\u00f3 kombin\u00e1ci\u00f3j\u00e1b\u00f3l k\u00e9sz\u00fcl. Ergonomikus form\u00e1ja a l\u00e1bfej term\u00e9szetes anat\u00f3mi\u00e1j\u00e1nak elemz\u00e9s\u00e9n alapul. Nagy stabilit\u00e1st \u00e9s t\u00e1mogat\u00e1st ny\u00fajt j\u00e1r\u00e1s k\u00f6zben.<\/p>\n\n\n\n<p>A<strong> SCHOLL BIOMECHANICS\u00ae<\/strong> &#8211;\u00a0 technol\u00f3gi\u00e1t az anat\u00f3miailag kialak\u00edtott talpbet\u00e9t \u00e9s a Triplantar\u00ae mozg\u00e1srendszer jellemzi. Hat\u00e9konyan kik\u00fcsz\u00f6b\u00f6li a t\u00falzott pron\u00e1ci\u00f3 hat\u00e1s\u00e1t, vagyis azt a tendenci\u00e1t, hogy a l\u00e1bfej j\u00e1r\u00e1s k\u00f6zben befel\u00e9 g\u00f6rb\u00fcl. Ez\u00e9rt ezt a talpbet\u00e9tet kifejezetten a l\u00e1btart\u00e1s, a mozg\u00e1s \u00e9s a s\u00falyeloszl\u00e1s korrekci\u00f3j\u00e1ra tervezt\u00e9k.<\/p>\n\n\n\n\n\n\n<p><\/p>\n\n\n\n<h2 class=\"wp-block-heading\"><strong>Eg\u00e9sz \u00e9vben haszn\u00e1lhat\u00f3 modellek<\/strong><\/h2>\n\n\n\n<p>A Scholl l\u00e1bbelik \u00e1ltal\u00e1ban papucsok \u00e9s szand\u00e1lok, ez\u00e9rt olyan t\u00edpus\u00fa l\u00e1bbelikhez t\u00e1rs\u00edtj\u00e1k \u0151ket, amelyeket csak az \u00e9v meleg id\u0151szakaiban lehet viselni. Semmi sem \u00e1llhatna t\u00e1volabb az igazs\u00e1gt\u00f3l, ugyanis a m\u00e1rka modelljei&nbsp; t\u00f6k\u00e9letesen megfelelnek otthoni papucsoknak is.&nbsp; Ennek k\u00f6sz\u00f6nhet\u0151en nem kell megv\u00e1lnunk t\u0151l\u00fck amikor bek\u00f6sz\u00f6nt a hidegebb id\u0151j\u00e1r\u00e1s, hiszen l\u00e1baidnak otthon is k\u00e9nyelmet \u00e9s megfelel\u0151, ergonomikus t\u00e1maszt\u00e1st biztos\u00edtanak.<\/p>\n\n\n\n<h2 class=\"wp-block-heading\"><strong>Scholl papucsok \u00e9s szand\u00e1lok a CCC \u00fczletekben<\/strong><\/h2>\n\n\n\n<p>\u00c1lmaid Scholl l\u00e1bbelij\u00e9t keresed? N\u00e9zz sz\u00e9t a <a href=\"https:\/\/ccc.eu\/hu\/sklepy\">CCC \u00fczleteinkben<\/a>, <a href=\"https:\/\/ccc.eu\/hu\/\">webshopunkban<\/a>, \u00e9s az <a href=\"https:\/\/ccc.eu\/hu\/mobile-app\">alkalmaz\u00e1sban<\/a>! Klasszikus \u00e9s modern modelleket egyar\u00e1nt megtal\u00e1lsz n\u00e1lunk. Legy\u00e9l <a href=\"https:\/\/ccc.eu\/hu\/klub-ccc\">CCC klubtag<\/a>, hogy \u00e9lvezhesd a vonz\u00f3 kedvezm\u00e9nyeket \u00e9s vad\u00e1szhass a legdivatosabb cip\u0151kre m\u00e9g kedvez\u0151bb \u00e1ron!<\/p>\n","protected":false},"excerpt":{"rendered":"<p>A Scholl egy trad\u00edcion\u00e1lis, csal\u00e1di tulajdonban l\u00e9v\u0151 c\u00e9g, amely nagy hagyom\u00e1nyokkal b\u00fcszk\u00e9lkedhet a papucsok, szad\u00e1lok, valamint a professzion\u00e1lis l\u00e1b\u00e1pol\u00e1si kieg\u00e9sz\u00edt\u0151k tervez\u00e9se \u00e9s gy\u00e1rt\u00e1sa ter\u00e9n. Minden Scholl m\u00e1rk\u00e1j\u00fa l\u00e1bbelit szeretettel \u00e9s odaad\u00e1ssal terveznek Mil\u00e1n\u00f3 sz\u00edv\u00e9ben, neves tervez\u0151k t\u00e1mogat\u00e1s\u00e1val. Term\u00e9keik kaphat\u00f3ak a CCC \u00fczletekben, a webshopban \u00e9s az alkalmaz\u00e1sban is. A Scholl m\u00e1rka t\u00f6rt\u00e9nete A Scholl m\u00e1rka [&hellip;]<\/p>\n","protected":false},"author":17,"featured_media":6314,"comment_status":"open","ping_status":"open","sticky":false,"template":"","format":"standard","meta":{"_acf_changed":false,"footnotes":""},"categories":[432],"tags":[560,867,902,901],"class_list":["post-6307","post","type-post","status-publish","format-standard","has-post-thumbnail","hentry","category-ujdonsagok","tag-ccc","tag-kenyelmes-papucs","tag-kenyelmes-szandal","tag-scholl"],"acf":[],"yoast_head":"<!-- This site is optimized with the Yoast SEO plugin v26.9 - https:\/\/yoast.com\/product\/yoast-seo-wordpress\/ -->\n<title>Scholl - l\u00e1bbelik, amelyek a k\u00e9nyelem szinonim\u00e1i! - CCC Fashion blog<\/title>\n<meta name=\"description\" content=\"Term\u00e9keik kaphat\u00f3ak a CCC-n\u00e9l is! Tudj meg t\u00f6bbet a m\u00e1rk\u00e1r\u00f3l, az \u00e1ltaluk haszn\u00e1lt technol\u00f3gi\u00e1kr\u00f3l \u00e9s az egyedi l\u00e1bbelikr\u0151l! 2026\" \/>\n<meta name=\"robots\" content=\"index, follow, max-snippet:-1, max-image-preview:large, max-video-preview:-1\" \/>\n<link rel=\"canonical\" href=\"https:\/\/blog.ccc.eu\/hu\/scholl-labbelik-amelyek-a-kenyelem-szinonimai\/\" \/>\n<meta property=\"og:locale\" content=\"hu_HU\" \/>\n<meta property=\"og:type\" content=\"article\" \/>\n<meta property=\"og:title\" content=\"Scholl - l\u00e1bbelik, amelyek a k\u00e9nyelem szinonim\u00e1i! - CCC Fashion blog\" \/>\n<meta property=\"og:description\" content=\"Term\u00e9keik kaphat\u00f3ak a CCC-n\u00e9l is! Tudj meg t\u00f6bbet a m\u00e1rk\u00e1r\u00f3l, az \u00e1ltaluk haszn\u00e1lt technol\u00f3gi\u00e1kr\u00f3l \u00e9s az egyedi l\u00e1bbelikr\u0151l!\" \/>\n<meta property=\"og:url\" content=\"https:\/\/blog.ccc.eu\/hu\/scholl-labbelik-amelyek-a-kenyelem-szinonimai\/\" \/>\n<meta property=\"og:site_name\" content=\"CCC Fashion blog\" \/>\n<meta property=\"article:published_time\" content=\"2022-07-27T09:10:37+00:00\" \/>\n<meta property=\"og:image\" content=\"https:\/\/blog.ccc.eu\/hu\/wp-content\/uploads\/2022\/07\/CCC_5904248373696_05_lr-edited.jpg\" \/>\n\t<meta property=\"og:image:width\" content=\"876\" \/>\n\t<meta property=\"og:image:height\" content=\"876\" \/>\n\t<meta property=\"og:image:type\" content=\"image\/jpeg\" \/>\n<meta name=\"author\" content=\"R\u00e9ka N\u00e9meth\" \/>\n<meta name=\"twitter:card\" content=\"summary_large_image\" \/>\n<meta name=\"twitter:label1\" content=\"Szerz\u0151:\" \/>\n\t<meta name=\"twitter:data1\" content=\"R\u00e9ka N\u00e9meth\" \/>\n\t<meta name=\"twitter:label2\" content=\"Becs\u00fclt olvas\u00e1si id\u0151\" \/>\n\t<meta name=\"twitter:data2\" content=\"4 perc\" \/>\n<script type=\"application\/ld+json\" class=\"yoast-schema-graph\">{\"@context\":\"https:\/\/schema.org\",\"@graph\":[{\"@type\":\"Article\",\"@id\":\"https:\/\/blog.ccc.eu\/hu\/scholl-labbelik-amelyek-a-kenyelem-szinonimai\/#article\",\"isPartOf\":{\"@id\":\"https:\/\/blog.ccc.eu\/hu\/scholl-labbelik-amelyek-a-kenyelem-szinonimai\/\"},\"author\":{\"name\":\"R\u00e9ka N\u00e9meth\",\"@id\":\"https:\/\/blog.ccc.eu\/hu\/#\/schema\/person\/c3226a60cce3320f8d95a41d9af8ed2d\"},\"headline\":\"Scholl &#8211; l\u00e1bbelik, amelyek a k\u00e9nyelem szinonim\u00e1i!\",\"datePublished\":\"2022-07-27T09:10:37+00:00\",\"mainEntityOfPage\":{\"@id\":\"https:\/\/blog.ccc.eu\/hu\/scholl-labbelik-amelyek-a-kenyelem-szinonimai\/\"},\"wordCount\":840,\"commentCount\":0,\"publisher\":{\"@id\":\"https:\/\/blog.ccc.eu\/hu\/#organization\"},\"image\":{\"@id\":\"https:\/\/blog.ccc.eu\/hu\/scholl-labbelik-amelyek-a-kenyelem-szinonimai\/#primaryimage\"},\"thumbnailUrl\":\"https:\/\/blog.ccc.eu\/hu\/wp-content\/uploads\/2022\/07\/CCC_5904248373696_05_lr-edited.jpg\",\"keywords\":[\"CCC\",\"k\u00e9nyelmes papucs\",\"k\u00e9nyelmes szand\u00e1l\",\"Scholl\"],\"articleSection\":[\"\u00daJDONS\u00c1GOK\"],\"inLanguage\":\"hu\",\"potentialAction\":[{\"@type\":\"CommentAction\",\"name\":\"Comment\",\"target\":[\"https:\/\/blog.ccc.eu\/hu\/scholl-labbelik-amelyek-a-kenyelem-szinonimai\/#respond\"]}]},{\"@type\":\"WebPage\",\"@id\":\"https:\/\/blog.ccc.eu\/hu\/scholl-labbelik-amelyek-a-kenyelem-szinonimai\/\",\"url\":\"https:\/\/blog.ccc.eu\/hu\/scholl-labbelik-amelyek-a-kenyelem-szinonimai\/\",\"name\":\"Scholl - l\u00e1bbelik, amelyek a k\u00e9nyelem szinonim\u00e1i! - CCC Fashion blog\",\"isPartOf\":{\"@id\":\"https:\/\/blog.ccc.eu\/hu\/#website\"},\"primaryImageOfPage\":{\"@id\":\"https:\/\/blog.ccc.eu\/hu\/scholl-labbelik-amelyek-a-kenyelem-szinonimai\/#primaryimage\"},\"image\":{\"@id\":\"https:\/\/blog.ccc.eu\/hu\/scholl-labbelik-amelyek-a-kenyelem-szinonimai\/#primaryimage\"},\"thumbnailUrl\":\"https:\/\/blog.ccc.eu\/hu\/wp-content\/uploads\/2022\/07\/CCC_5904248373696_05_lr-edited.jpg\",\"datePublished\":\"2022-07-27T09:10:37+00:00\",\"description\":\"Term\u00e9keik kaphat\u00f3ak a CCC-n\u00e9l is! Tudj meg t\u00f6bbet a m\u00e1rk\u00e1r\u00f3l, az \u00e1ltaluk haszn\u00e1lt technol\u00f3gi\u00e1kr\u00f3l \u00e9s az egyedi l\u00e1bbelikr\u0151l!\",\"breadcrumb\":{\"@id\":\"https:\/\/blog.ccc.eu\/hu\/scholl-labbelik-amelyek-a-kenyelem-szinonimai\/#breadcrumb\"},\"inLanguage\":\"hu\",\"potentialAction\":[{\"@type\":\"ReadAction\",\"target\":[\"https:\/\/blog.ccc.eu\/hu\/scholl-labbelik-amelyek-a-kenyelem-szinonimai\/\"]}]},{\"@type\":\"ImageObject\",\"inLanguage\":\"hu\",\"@id\":\"https:\/\/blog.ccc.eu\/hu\/scholl-labbelik-amelyek-a-kenyelem-szinonimai\/#primaryimage\",\"url\":\"https:\/\/blog.ccc.eu\/hu\/wp-content\/uploads\/2022\/07\/CCC_5904248373696_05_lr-edited.jpg\",\"contentUrl\":\"https:\/\/blog.ccc.eu\/hu\/wp-content\/uploads\/2022\/07\/CCC_5904248373696_05_lr-edited.jpg\",\"width\":876,\"height\":876,\"caption\":\"Scholl papucs\"},{\"@type\":\"BreadcrumbList\",\"@id\":\"https:\/\/blog.ccc.eu\/hu\/scholl-labbelik-amelyek-a-kenyelem-szinonimai\/#breadcrumb\",\"itemListElement\":[{\"@type\":\"ListItem\",\"position\":1,\"name\":\"Strona g\u0142\u00f3wna\",\"item\":\"https:\/\/blog.ccc.eu\/hu\/\"},{\"@type\":\"ListItem\",\"position\":2,\"name\":\"Scholl &#8211; l\u00e1bbelik, amelyek a k\u00e9nyelem szinonim\u00e1i!\"}]},{\"@type\":\"WebSite\",\"@id\":\"https:\/\/blog.ccc.eu\/hu\/#website\",\"url\":\"https:\/\/blog.ccc.eu\/hu\/\",\"name\":\"CCC Fashion blog\",\"description\":\"Az \u00d6n helye tele van divatihletekkel\",\"publisher\":{\"@id\":\"https:\/\/blog.ccc.eu\/hu\/#organization\"},\"potentialAction\":[{\"@type\":\"SearchAction\",\"target\":{\"@type\":\"EntryPoint\",\"urlTemplate\":\"https:\/\/blog.ccc.eu\/hu\/?s={search_term_string}\"},\"query-input\":{\"@type\":\"PropertyValueSpecification\",\"valueRequired\":true,\"valueName\":\"search_term_string\"}}],\"inLanguage\":\"hu\"},{\"@type\":\"Organization\",\"@id\":\"https:\/\/blog.ccc.eu\/hu\/#organization\",\"name\":\"CCC S.A.\",\"url\":\"https:\/\/blog.ccc.eu\/hu\/\",\"logo\":{\"@type\":\"ImageObject\",\"inLanguage\":\"hu\",\"@id\":\"https:\/\/blog.ccc.eu\/hu\/#\/schema\/logo\/image\/\",\"url\":\"https:\/\/blog.ccc.eu\/hu\/wp-content\/uploads\/2021\/11\/logo_ccc.png\",\"contentUrl\":\"https:\/\/blog.ccc.eu\/hu\/wp-content\/uploads\/2021\/11\/logo_ccc.png\",\"width\":730,\"height\":270,\"caption\":\"CCC S.A.\"},\"image\":{\"@id\":\"https:\/\/blog.ccc.eu\/hu\/#\/schema\/logo\/image\/\"}},{\"@type\":\"Person\",\"@id\":\"https:\/\/blog.ccc.eu\/hu\/#\/schema\/person\/c3226a60cce3320f8d95a41d9af8ed2d\",\"name\":\"R\u00e9ka N\u00e9meth\",\"image\":{\"@type\":\"ImageObject\",\"inLanguage\":\"hu\",\"@id\":\"https:\/\/blog.ccc.eu\/hu\/#\/schema\/person\/image\/\",\"url\":\"https:\/\/blog.ccc.eu\/hu\/wp-content\/uploads\/2022\/05\/MicrosoftTeams-image-e1651752501479-150x150.jpg\",\"contentUrl\":\"https:\/\/blog.ccc.eu\/hu\/wp-content\/uploads\/2022\/05\/MicrosoftTeams-image-e1651752501479-150x150.jpg\",\"caption\":\"R\u00e9ka N\u00e9meth\"},\"url\":\"https:\/\/blog.ccc.eu\/hu\/author\/katarzyna-martyn\/\"}]}<\/script>\n<!-- \/ Yoast SEO plugin. -->","yoast_head_json":{"title":"Scholl - l\u00e1bbelik, amelyek a k\u00e9nyelem szinonim\u00e1i! - CCC Fashion blog","description":"Term\u00e9keik kaphat\u00f3ak a CCC-n\u00e9l is! Tudj meg t\u00f6bbet a m\u00e1rk\u00e1r\u00f3l, az \u00e1ltaluk haszn\u00e1lt technol\u00f3gi\u00e1kr\u00f3l \u00e9s az egyedi l\u00e1bbelikr\u0151l! 2026","robots":{"index":"index","follow":"follow","max-snippet":"max-snippet:-1","max-image-preview":"max-image-preview:large","max-video-preview":"max-video-preview:-1"},"canonical":"https:\/\/blog.ccc.eu\/hu\/scholl-labbelik-amelyek-a-kenyelem-szinonimai\/","og_locale":"hu_HU","og_type":"article","og_title":"Scholl - l\u00e1bbelik, amelyek a k\u00e9nyelem szinonim\u00e1i! - CCC Fashion blog","og_description":"Term\u00e9keik kaphat\u00f3ak a CCC-n\u00e9l is! Tudj meg t\u00f6bbet a m\u00e1rk\u00e1r\u00f3l, az \u00e1ltaluk haszn\u00e1lt technol\u00f3gi\u00e1kr\u00f3l \u00e9s az egyedi l\u00e1bbelikr\u0151l!","og_url":"https:\/\/blog.ccc.eu\/hu\/scholl-labbelik-amelyek-a-kenyelem-szinonimai\/","og_site_name":"CCC Fashion blog","article_published_time":"2022-07-27T09:10:37+00:00","og_image":[{"width":876,"height":876,"url":"https:\/\/blog.ccc.eu\/hu\/wp-content\/uploads\/2022\/07\/CCC_5904248373696_05_lr-edited.jpg","type":"image\/jpeg"}],"author":"R\u00e9ka N\u00e9meth","twitter_card":"summary_large_image","twitter_misc":{"Szerz\u0151:":"R\u00e9ka N\u00e9meth","Becs\u00fclt olvas\u00e1si id\u0151":"4 perc"},"schema":{"@context":"https:\/\/schema.org","@graph":[{"@type":"Article","@id":"https:\/\/blog.ccc.eu\/hu\/scholl-labbelik-amelyek-a-kenyelem-szinonimai\/#article","isPartOf":{"@id":"https:\/\/blog.ccc.eu\/hu\/scholl-labbelik-amelyek-a-kenyelem-szinonimai\/"},"author":{"name":"R\u00e9ka N\u00e9meth","@id":"https:\/\/blog.ccc.eu\/hu\/#\/schema\/person\/c3226a60cce3320f8d95a41d9af8ed2d"},"headline":"Scholl &#8211; l\u00e1bbelik, amelyek a k\u00e9nyelem szinonim\u00e1i!","datePublished":"2022-07-27T09:10:37+00:00","mainEntityOfPage":{"@id":"https:\/\/blog.ccc.eu\/hu\/scholl-labbelik-amelyek-a-kenyelem-szinonimai\/"},"wordCount":840,"commentCount":0,"publisher":{"@id":"https:\/\/blog.ccc.eu\/hu\/#organization"},"image":{"@id":"https:\/\/blog.ccc.eu\/hu\/scholl-labbelik-amelyek-a-kenyelem-szinonimai\/#primaryimage"},"thumbnailUrl":"https:\/\/blog.ccc.eu\/hu\/wp-content\/uploads\/2022\/07\/CCC_5904248373696_05_lr-edited.jpg","keywords":["CCC","k\u00e9nyelmes papucs","k\u00e9nyelmes szand\u00e1l","Scholl"],"articleSection":["\u00daJDONS\u00c1GOK"],"inLanguage":"hu","potentialAction":[{"@type":"CommentAction","name":"Comment","target":["https:\/\/blog.ccc.eu\/hu\/scholl-labbelik-amelyek-a-kenyelem-szinonimai\/#respond"]}]},{"@type":"WebPage","@id":"https:\/\/blog.ccc.eu\/hu\/scholl-labbelik-amelyek-a-kenyelem-szinonimai\/","url":"https:\/\/blog.ccc.eu\/hu\/scholl-labbelik-amelyek-a-kenyelem-szinonimai\/","name":"Scholl - l\u00e1bbelik, amelyek a k\u00e9nyelem szinonim\u00e1i! - CCC Fashion blog","isPartOf":{"@id":"https:\/\/blog.ccc.eu\/hu\/#website"},"primaryImageOfPage":{"@id":"https:\/\/blog.ccc.eu\/hu\/scholl-labbelik-amelyek-a-kenyelem-szinonimai\/#primaryimage"},"image":{"@id":"https:\/\/blog.ccc.eu\/hu\/scholl-labbelik-amelyek-a-kenyelem-szinonimai\/#primaryimage"},"thumbnailUrl":"https:\/\/blog.ccc.eu\/hu\/wp-content\/uploads\/2022\/07\/CCC_5904248373696_05_lr-edited.jpg","datePublished":"2022-07-27T09:10:37+00:00","description":"Term\u00e9keik kaphat\u00f3ak a CCC-n\u00e9l is! Tudj meg t\u00f6bbet a m\u00e1rk\u00e1r\u00f3l, az \u00e1ltaluk haszn\u00e1lt technol\u00f3gi\u00e1kr\u00f3l \u00e9s az egyedi l\u00e1bbelikr\u0151l!","breadcrumb":{"@id":"https:\/\/blog.ccc.eu\/hu\/scholl-labbelik-amelyek-a-kenyelem-szinonimai\/#breadcrumb"},"inLanguage":"hu","potentialAction":[{"@type":"ReadAction","target":["https:\/\/blog.ccc.eu\/hu\/scholl-labbelik-amelyek-a-kenyelem-szinonimai\/"]}]},{"@type":"ImageObject","inLanguage":"hu","@id":"https:\/\/blog.ccc.eu\/hu\/scholl-labbelik-amelyek-a-kenyelem-szinonimai\/#primaryimage","url":"https:\/\/blog.ccc.eu\/hu\/wp-content\/uploads\/2022\/07\/CCC_5904248373696_05_lr-edited.jpg","contentUrl":"https:\/\/blog.ccc.eu\/hu\/wp-content\/uploads\/2022\/07\/CCC_5904248373696_05_lr-edited.jpg","width":876,"height":876,"caption":"Scholl papucs"},{"@type":"BreadcrumbList","@id":"https:\/\/blog.ccc.eu\/hu\/scholl-labbelik-amelyek-a-kenyelem-szinonimai\/#breadcrumb","itemListElement":[{"@type":"ListItem","position":1,"name":"Strona g\u0142\u00f3wna","item":"https:\/\/blog.ccc.eu\/hu\/"},{"@type":"ListItem","position":2,"name":"Scholl &#8211; l\u00e1bbelik, amelyek a k\u00e9nyelem szinonim\u00e1i!"}]},{"@type":"WebSite","@id":"https:\/\/blog.ccc.eu\/hu\/#website","url":"https:\/\/blog.ccc.eu\/hu\/","name":"CCC Fashion blog","description":"Az \u00d6n helye tele van divatihletekkel","publisher":{"@id":"https:\/\/blog.ccc.eu\/hu\/#organization"},"potentialAction":[{"@type":"SearchAction","target":{"@type":"EntryPoint","urlTemplate":"https:\/\/blog.ccc.eu\/hu\/?s={search_term_string}"},"query-input":{"@type":"PropertyValueSpecification","valueRequired":true,"valueName":"search_term_string"}}],"inLanguage":"hu"},{"@type":"Organization","@id":"https:\/\/blog.ccc.eu\/hu\/#organization","name":"CCC S.A.","url":"https:\/\/blog.ccc.eu\/hu\/","logo":{"@type":"ImageObject","inLanguage":"hu","@id":"https:\/\/blog.ccc.eu\/hu\/#\/schema\/logo\/image\/","url":"https:\/\/blog.ccc.eu\/hu\/wp-content\/uploads\/2021\/11\/logo_ccc.png","contentUrl":"https:\/\/blog.ccc.eu\/hu\/wp-content\/uploads\/2021\/11\/logo_ccc.png","width":730,"height":270,"caption":"CCC S.A."},"image":{"@id":"https:\/\/blog.ccc.eu\/hu\/#\/schema\/logo\/image\/"}},{"@type":"Person","@id":"https:\/\/blog.ccc.eu\/hu\/#\/schema\/person\/c3226a60cce3320f8d95a41d9af8ed2d","name":"R\u00e9ka N\u00e9meth","image":{"@type":"ImageObject","inLanguage":"hu","@id":"https:\/\/blog.ccc.eu\/hu\/#\/schema\/person\/image\/","url":"https:\/\/blog.ccc.eu\/hu\/wp-content\/uploads\/2022\/05\/MicrosoftTeams-image-e1651752501479-150x150.jpg","contentUrl":"https:\/\/blog.ccc.eu\/hu\/wp-content\/uploads\/2022\/05\/MicrosoftTeams-image-e1651752501479-150x150.jpg","caption":"R\u00e9ka N\u00e9meth"},"url":"https:\/\/blog.ccc.eu\/hu\/author\/katarzyna-martyn\/"}]}},"_links":{"self":[{"href":"https:\/\/blog.ccc.eu\/hu\/wp-json\/wp\/v2\/posts\/6307","targetHints":{"allow":["GET"]}}],"collection":[{"href":"https:\/\/blog.ccc.eu\/hu\/wp-json\/wp\/v2\/posts"}],"about":[{"href":"https:\/\/blog.ccc.eu\/hu\/wp-json\/wp\/v2\/types\/post"}],"author":[{"embeddable":true,"href":"https:\/\/blog.ccc.eu\/hu\/wp-json\/wp\/v2\/users\/17"}],"replies":[{"embeddable":true,"href":"https:\/\/blog.ccc.eu\/hu\/wp-json\/wp\/v2\/comments?post=6307"}],"version-history":[{"count":8,"href":"https:\/\/blog.ccc.eu\/hu\/wp-json\/wp\/v2\/posts\/6307\/revisions"}],"predecessor-version":[{"id":6318,"href":"https:\/\/blog.ccc.eu\/hu\/wp-json\/wp\/v2\/posts\/6307\/revisions\/6318"}],"wp:featuredmedia":[{"embeddable":true,"href":"https:\/\/blog.ccc.eu\/hu\/wp-json\/wp\/v2\/media\/6314"}],"wp:attachment":[{"href":"https:\/\/blog.ccc.eu\/hu\/wp-json\/wp\/v2\/media?parent=6307"}],"wp:term":[{"taxonomy":"category","embeddable":true,"href":"https:\/\/blog.ccc.eu\/hu\/wp-json\/wp\/v2\/categories?post=6307"},{"taxonomy":"post_tag","embeddable":true,"href":"https:\/\/blog.ccc.eu\/hu\/wp-json\/wp\/v2\/tags?post=6307"}],"curies":[{"name":"wp","href":"https:\/\/api.w.org\/{rel}","templated":true}]}}