{"id":6319,"date":"2022-08-05T09:00:00","date_gmt":"2022-08-05T07:00:00","guid":{"rendered":"https:\/\/blog.ccc.eu\/hu\/?p=6319"},"modified":"2022-08-05T10:12:27","modified_gmt":"2022-08-05T08:12:27","slug":"adj-uj-eletet-a-cipoidnek-segits-az-ukrajnai-menekulteknek","status":"publish","type":"post","link":"https:\/\/blog.ccc.eu\/hu\/adj-uj-eletet-a-cipoidnek-segits-az-ukrajnai-menekulteknek\/","title":{"rendered":"Adj \u00faj \u00e9letet a cip\u0151idnek \u2013 seg\u00edts az ukrajnai menek\u00fclteknek!"},"content":{"rendered":"\n<figure class=\"wp-block-image size-large\"><img loading=\"lazy\" decoding=\"async\" width=\"1024\" height=\"473\" src=\"https:\/\/blog.ccc.eu\/hu\/wp-content\/uploads\/2022\/07\/Slider_DESKTOP_1300x600_wsparcie_dla_UA_220301_HU-1-1024x473.jpg\" alt=\"\" class=\"wp-image-6323\" srcset=\"https:\/\/blog.ccc.eu\/hu\/wp-content\/uploads\/2022\/07\/Slider_DESKTOP_1300x600_wsparcie_dla_UA_220301_HU-1-1024x473.jpg 1024w, https:\/\/blog.ccc.eu\/hu\/wp-content\/uploads\/2022\/07\/Slider_DESKTOP_1300x600_wsparcie_dla_UA_220301_HU-1-300x138.jpg 300w, https:\/\/blog.ccc.eu\/hu\/wp-content\/uploads\/2022\/07\/Slider_DESKTOP_1300x600_wsparcie_dla_UA_220301_HU-1-768x354.jpg 768w, https:\/\/blog.ccc.eu\/hu\/wp-content\/uploads\/2022\/07\/Slider_DESKTOP_1300x600_wsparcie_dla_UA_220301_HU-1-100x46.jpg 100w, https:\/\/blog.ccc.eu\/hu\/wp-content\/uploads\/2022\/07\/Slider_DESKTOP_1300x600_wsparcie_dla_UA_220301_HU-1.jpg 1300w\" sizes=\"auto, (max-width: 1024px) 100vw, 1024px\" \/><\/figure>\n\n\n\n<h2 class=\"wp-block-heading\"><strong>Van otthon olyan cip\u0151d, amit m\u00e1r nem haszn\u00e1lsz?<\/strong><\/h2>\n\n\n\n<p>Gondolkozt\u00e1l m\u00e1r azon, hogy azokat a cip\u0151ket, amelyeket m\u00e1r nem sz\u00edvesen hordasz, vagy esetleg csak kimentek m\u00e1r a divatb\u00f3l, ne dobd ki, hanem ink\u00e1bb add oda a r\u00e1szorul\u00f3knak? Nem is gondoln\u00e1d, hogy mekkora \u00f6r\u00f6met tudn\u00e1l ezzel okozni m\u00e1soknak. A CCC \u00fagy d\u00f6nt\u00f6tt, hogy megszervez egy k\u00fcl\u00f6nleges <strong><a href=\"https:\/\/ccc.eu\/hu\/adj-uj-eletet-az-uj-cipodnek\">akci\u00f3t<\/a><\/strong>, amellyel az ukrajnai menek\u00fclteknek ny\u00fajthatunk seg\u00edts\u00e9get, veled egy\u00fctt.<\/p>\n\n\n\n<p>T\u00e9l v\u00e9g\u00e9n az Ukrajn\u00e1b\u00f3l menek\u00fclt csal\u00e1doknak egyik napr\u00f3l a m\u00e1sikra kellett h\u00e1tra hagyni otthonaikat, ruh\u00e1ikat, mindennapi t\u00e1rgyaikat. Az\u00f3ta a gyerekek kin\u0151tt\u00e9k a cip\u0151iket \u00e9s az id\u0151j\u00e1r\u00e1s is melegebbre fordult. Sokan viszont nem k\u00e9sz\u00fcltek arra, hogy ilyen hossz\u00fa id\u0151t fognak az otthonukt\u00f3l t\u00e1vol t\u00f6lteni. \u00cdgy az\u00f3ta azok a csal\u00e1dok is seg\u00edts\u00e9gre szorulnak, akiknek kor\u00e1bban, az otthonukban nem kellett n\u00e9lk\u00fcl\u00f6zni\u00fck.<\/p>\n\n\n\n<p>A CCC-vel most te is seg\u00edthetsz. Mostant\u00f3l &#8222;\u00faj \u00e9letet&#8221; adhatsz azoknak a l\u00e1bbelijeidnek, amelyeket m\u00e1r nem haszn\u00e1lsz, \u00e9s felaj\u00e1nlhatod a szomsz\u00e9dos orsz\u00e1gban kialakult h\u00e1bor\u00fas helyzet miatt menek\u00fclni k\u00e9nyszer\u00fcl\u0151k sz\u00e1m\u00e1ra. Nem kell m\u00e1st tenned, csak leadnod a <a href=\"https:\/\/ccc.eu\/hu\/adj-uj-eletet-az-uj-cipodnek\">kijel\u00f6lt CCC \u00fczletekben<\/a> a r\u00e9gi, vagy megunt cip\u0151idet \u00e9s cip\u0151nk\u00e9nt 1 db 10%-os kedvezm\u00e9nykupont kapsz \u00e9rte, melyet 90 napon bel\u00fcl b\u00e1rmely CCC \u00fczletben fel tudsz haszn\u00e1lni. Olvasd el a r\u00e9szletes inform\u00e1ci\u00f3t a kuponokr\u00f3l \u00e9s az \u00e1tvev\u0151pontokr\u00f3l <strong><a href=\"https:\/\/ccc.eu\/hu\/a-promocio-feltetelei-uj-eletet-a-cipoknek-akcio-10-kedvezmenykupon-1-par-leadott-hasznalt-cipo-utan\">itt<\/a><\/strong>!<\/p>\n\n\n\n<h2 class=\"wp-block-heading\"><strong>Milyen cip\u0151ket tudsz leadni n\u00e1lunk?<\/strong><\/h2>\n\n\n\n<p>Kezdem\u00e9nyez\u00e9s\u00fcnk egy nemzetk\u00f6zi CCC program keretein bel\u00fcl j\u00f6tt l\u00e9tre \u00e9s az Eur\u00f3p\u00e1ban m\u0171k\u00f6d\u0151 t\u00f6bbi CCC \u00fczlettel \u00f6sszefogva egy\u00fctt gy\u0171jtj\u00fck a cip\u0151ket a r\u00e1szorul\u00f3 embert\u00e1rsainknak!&nbsp; B\u00e1rmilyen m\u00e1rk\u00e1j\u00fa l\u00e1bbelit, b\u00e1rmilyen m\u00e9retben \u00e9s st\u00edlusban leadhatsz a kijel\u00f6lt CCC \u00fczleteinkben, garant\u00e1ltan j\u00f3 helyre fog ker\u00fclni az adom\u00e1nyod.<\/p>\n\n\n\n<h2 class=\"wp-block-heading\"><strong>Milyen \u00e1llapot\u00fa cip\u0151ket tudunk \u00e1tvenni?<\/strong><\/h2>\n\n\n\n<p>Olyan \u00e1llapot\u00fa l\u00e1bbeliket szeretn\u00e9nk tov\u00e1bb\u00edtani, amelyek haszn\u00e1lhat\u00f3ak, \u00e9s kiszolg\u00e1lj\u00e1k a bajbajutottakat ebben a neh\u00e9z id\u0151szakban. Az \u00f6sszegy\u0171jt\u00f6tt l\u00e1bbeliket v\u00e1llalatunk alaposan fert\u0151tlen\u00edti, ezt k\u00f6vet\u0151en pedig a menek\u00fclni k\u00e9nyszer\u00fcl\u0151k sz\u00e1m\u00e1ra adja \u00e1t. Fontos, hogy ne legyenek vizesek, piszkosak, pen\u00e9szesek, \u00e9s ne legyen lyukas, repedezett a talpuk, valamint p\u00e1rban legyenek \u00f6sszek\u00f6tve lead\u00e1skor.<\/p>\n\n\n\n<p>Ami neked ma m\u00e1r csak egy megunt, r\u00e9gi l\u00e1bbeli, az m\u00e1snak kincset \u00e9rhet. Csatlakozz az akci\u00f3nkhoz egy nemes c\u00e9l \u00e9rdek\u00e9ben, \u00e9s seg\u00edts\u00fcnk egy\u00fctt!<\/p>\n","protected":false},"excerpt":{"rendered":"<p>Van otthon olyan cip\u0151d, amit m\u00e1r nem haszn\u00e1lsz? Gondolkozt\u00e1l m\u00e1r azon, hogy azokat a cip\u0151ket, amelyeket m\u00e1r nem sz\u00edvesen hordasz, vagy esetleg csak kimentek m\u00e1r a divatb\u00f3l, ne dobd ki, hanem ink\u00e1bb add oda a r\u00e1szorul\u00f3knak? Nem is gondoln\u00e1d, hogy mekkora \u00f6r\u00f6met tudn\u00e1l ezzel okozni m\u00e1soknak. A CCC \u00fagy d\u00f6nt\u00f6tt, hogy megszervez egy k\u00fcl\u00f6nleges akci\u00f3t, [&hellip;]<\/p>\n","protected":false},"author":19,"featured_media":6320,"comment_status":"open","ping_status":"open","sticky":false,"template":"","format":"standard","meta":{"_acf_changed":false,"footnotes":""},"categories":[432],"tags":[560,917,914,918,915],"class_list":["post-6319","post","type-post","status-publish","format-standard","has-post-thumbnail","hentry","category-ujdonsagok","tag-ccc","tag-gyujtes","tag-hasznalt-cipok","tag-segitseg-az-ukrajnai-menekulteknek","tag-segitsegnyujtas"],"acf":[],"yoast_head":"<!-- This site is optimized with the Yoast SEO plugin v26.9 - https:\/\/yoast.com\/product\/yoast-seo-wordpress\/ -->\n<title>Adj \u00faj \u00e9letet a cip\u0151idnek \u2013 seg\u00edts az ukrajnai menek\u00fclteknek! - CCC Fashion blog<\/title>\n<meta name=\"description\" content=\"Ami neked ma m\u00e1r csak egy megunt, r\u00e9gi l\u00e1bbeli, az m\u00e1snak kincset \u00e9rhet. Csatlakozz az akci\u00f3nkhoz egy nemes c\u00e9l \u00e9rdek\u00e9ben, \u00e9s seg\u00edts\u00fcnk egy\u00fctt! 2026\" \/>\n<meta name=\"robots\" content=\"index, follow, max-snippet:-1, max-image-preview:large, max-video-preview:-1\" \/>\n<link rel=\"canonical\" href=\"https:\/\/blog.ccc.eu\/hu\/adj-uj-eletet-a-cipoidnek-segits-az-ukrajnai-menekulteknek\/\" \/>\n<meta property=\"og:locale\" content=\"hu_HU\" \/>\n<meta property=\"og:type\" content=\"article\" \/>\n<meta property=\"og:title\" content=\"Adj \u00faj \u00e9letet a cip\u0151idnek \u2013 seg\u00edts az ukrajnai menek\u00fclteknek! - CCC Fashion blog\" \/>\n<meta property=\"og:description\" content=\"Ami neked ma m\u00e1r csak egy megunt, r\u00e9gi l\u00e1bbeli, az m\u00e1snak kincset \u00e9rhet. Csatlakozz az akci\u00f3nkhoz egy nemes c\u00e9l \u00e9rdek\u00e9ben, \u00e9s seg\u00edts\u00fcnk egy\u00fctt!\" \/>\n<meta property=\"og:url\" content=\"https:\/\/blog.ccc.eu\/hu\/adj-uj-eletet-a-cipoidnek-segits-az-ukrajnai-menekulteknek\/\" \/>\n<meta property=\"og:site_name\" content=\"CCC Fashion blog\" \/>\n<meta property=\"article:published_time\" content=\"2022-08-05T07:00:00+00:00\" \/>\n<meta property=\"article:modified_time\" content=\"2022-08-05T08:12:27+00:00\" \/>\n<meta property=\"og:image\" content=\"https:\/\/blog.ccc.eu\/hu\/wp-content\/uploads\/2022\/07\/Slider_DESKTOP_1300x600_wsparcie_dla_UA_220301_HU.jpg\" \/>\n\t<meta property=\"og:image:width\" content=\"1300\" \/>\n\t<meta property=\"og:image:height\" content=\"600\" \/>\n\t<meta property=\"og:image:type\" content=\"image\/jpeg\" \/>\n<meta name=\"author\" content=\"Mercedes Korosi\" \/>\n<meta name=\"twitter:card\" content=\"summary_large_image\" \/>\n<meta name=\"twitter:label1\" content=\"Szerz\u0151:\" \/>\n\t<meta name=\"twitter:data1\" content=\"Mercedes Korosi\" \/>\n\t<meta name=\"twitter:label2\" content=\"Becs\u00fclt olvas\u00e1si id\u0151\" \/>\n\t<meta name=\"twitter:data2\" content=\"2 perc\" \/>\n<script type=\"application\/ld+json\" class=\"yoast-schema-graph\">{\"@context\":\"https:\/\/schema.org\",\"@graph\":[{\"@type\":\"Article\",\"@id\":\"https:\/\/blog.ccc.eu\/hu\/adj-uj-eletet-a-cipoidnek-segits-az-ukrajnai-menekulteknek\/#article\",\"isPartOf\":{\"@id\":\"https:\/\/blog.ccc.eu\/hu\/adj-uj-eletet-a-cipoidnek-segits-az-ukrajnai-menekulteknek\/\"},\"author\":{\"name\":\"Mercedes Korosi\",\"@id\":\"https:\/\/blog.ccc.eu\/hu\/#\/schema\/person\/46545a2effdaccf6ce20a3726eda2317\"},\"headline\":\"Adj \u00faj \u00e9letet a cip\u0151idnek \u2013 seg\u00edts az ukrajnai menek\u00fclteknek!\",\"datePublished\":\"2022-08-05T07:00:00+00:00\",\"dateModified\":\"2022-08-05T08:12:27+00:00\",\"mainEntityOfPage\":{\"@id\":\"https:\/\/blog.ccc.eu\/hu\/adj-uj-eletet-a-cipoidnek-segits-az-ukrajnai-menekulteknek\/\"},\"wordCount\":493,\"commentCount\":0,\"publisher\":{\"@id\":\"https:\/\/blog.ccc.eu\/hu\/#organization\"},\"image\":{\"@id\":\"https:\/\/blog.ccc.eu\/hu\/adj-uj-eletet-a-cipoidnek-segits-az-ukrajnai-menekulteknek\/#primaryimage\"},\"thumbnailUrl\":\"https:\/\/blog.ccc.eu\/hu\/wp-content\/uploads\/2022\/07\/Slider_DESKTOP_1300x600_wsparcie_dla_UA_220301_HU.jpg\",\"keywords\":[\"CCC\",\"gy\u0171jt\u00e9s\",\"haszn\u00e1lt cip\u0151k\",\"seg\u00edts\u00e9g az ukrajnai menek\u00fclteknek\",\"seg\u00edts\u00e9gny\u00fajt\u00e1s\"],\"articleSection\":[\"\u00daJDONS\u00c1GOK\"],\"inLanguage\":\"hu\",\"potentialAction\":[{\"@type\":\"CommentAction\",\"name\":\"Comment\",\"target\":[\"https:\/\/blog.ccc.eu\/hu\/adj-uj-eletet-a-cipoidnek-segits-az-ukrajnai-menekulteknek\/#respond\"]}]},{\"@type\":\"WebPage\",\"@id\":\"https:\/\/blog.ccc.eu\/hu\/adj-uj-eletet-a-cipoidnek-segits-az-ukrajnai-menekulteknek\/\",\"url\":\"https:\/\/blog.ccc.eu\/hu\/adj-uj-eletet-a-cipoidnek-segits-az-ukrajnai-menekulteknek\/\",\"name\":\"Adj \u00faj \u00e9letet a cip\u0151idnek \u2013 seg\u00edts az ukrajnai menek\u00fclteknek! - CCC Fashion blog\",\"isPartOf\":{\"@id\":\"https:\/\/blog.ccc.eu\/hu\/#website\"},\"primaryImageOfPage\":{\"@id\":\"https:\/\/blog.ccc.eu\/hu\/adj-uj-eletet-a-cipoidnek-segits-az-ukrajnai-menekulteknek\/#primaryimage\"},\"image\":{\"@id\":\"https:\/\/blog.ccc.eu\/hu\/adj-uj-eletet-a-cipoidnek-segits-az-ukrajnai-menekulteknek\/#primaryimage\"},\"thumbnailUrl\":\"https:\/\/blog.ccc.eu\/hu\/wp-content\/uploads\/2022\/07\/Slider_DESKTOP_1300x600_wsparcie_dla_UA_220301_HU.jpg\",\"datePublished\":\"2022-08-05T07:00:00+00:00\",\"dateModified\":\"2022-08-05T08:12:27+00:00\",\"description\":\"Ami neked ma m\u00e1r csak egy megunt, r\u00e9gi l\u00e1bbeli, az m\u00e1snak kincset \u00e9rhet. Csatlakozz az akci\u00f3nkhoz egy nemes c\u00e9l \u00e9rdek\u00e9ben, \u00e9s seg\u00edts\u00fcnk egy\u00fctt!\",\"breadcrumb\":{\"@id\":\"https:\/\/blog.ccc.eu\/hu\/adj-uj-eletet-a-cipoidnek-segits-az-ukrajnai-menekulteknek\/#breadcrumb\"},\"inLanguage\":\"hu\",\"potentialAction\":[{\"@type\":\"ReadAction\",\"target\":[\"https:\/\/blog.ccc.eu\/hu\/adj-uj-eletet-a-cipoidnek-segits-az-ukrajnai-menekulteknek\/\"]}]},{\"@type\":\"ImageObject\",\"inLanguage\":\"hu\",\"@id\":\"https:\/\/blog.ccc.eu\/hu\/adj-uj-eletet-a-cipoidnek-segits-az-ukrajnai-menekulteknek\/#primaryimage\",\"url\":\"https:\/\/blog.ccc.eu\/hu\/wp-content\/uploads\/2022\/07\/Slider_DESKTOP_1300x600_wsparcie_dla_UA_220301_HU.jpg\",\"contentUrl\":\"https:\/\/blog.ccc.eu\/hu\/wp-content\/uploads\/2022\/07\/Slider_DESKTOP_1300x600_wsparcie_dla_UA_220301_HU.jpg\",\"width\":1300,\"height\":600,\"caption\":\"seg\u00edts az ukrajnai menek\u00fclteken\"},{\"@type\":\"BreadcrumbList\",\"@id\":\"https:\/\/blog.ccc.eu\/hu\/adj-uj-eletet-a-cipoidnek-segits-az-ukrajnai-menekulteknek\/#breadcrumb\",\"itemListElement\":[{\"@type\":\"ListItem\",\"position\":1,\"name\":\"Strona g\u0142\u00f3wna\",\"item\":\"https:\/\/blog.ccc.eu\/hu\/\"},{\"@type\":\"ListItem\",\"position\":2,\"name\":\"Adj \u00faj \u00e9letet a cip\u0151idnek \u2013 seg\u00edts az ukrajnai menek\u00fclteknek!\"}]},{\"@type\":\"WebSite\",\"@id\":\"https:\/\/blog.ccc.eu\/hu\/#website\",\"url\":\"https:\/\/blog.ccc.eu\/hu\/\",\"name\":\"CCC Fashion blog\",\"description\":\"Az \u00d6n helye tele van divatihletekkel\",\"publisher\":{\"@id\":\"https:\/\/blog.ccc.eu\/hu\/#organization\"},\"potentialAction\":[{\"@type\":\"SearchAction\",\"target\":{\"@type\":\"EntryPoint\",\"urlTemplate\":\"https:\/\/blog.ccc.eu\/hu\/?s={search_term_string}\"},\"query-input\":{\"@type\":\"PropertyValueSpecification\",\"valueRequired\":true,\"valueName\":\"search_term_string\"}}],\"inLanguage\":\"hu\"},{\"@type\":\"Organization\",\"@id\":\"https:\/\/blog.ccc.eu\/hu\/#organization\",\"name\":\"CCC S.A.\",\"url\":\"https:\/\/blog.ccc.eu\/hu\/\",\"logo\":{\"@type\":\"ImageObject\",\"inLanguage\":\"hu\",\"@id\":\"https:\/\/blog.ccc.eu\/hu\/#\/schema\/logo\/image\/\",\"url\":\"https:\/\/blog.ccc.eu\/hu\/wp-content\/uploads\/2021\/11\/logo_ccc.png\",\"contentUrl\":\"https:\/\/blog.ccc.eu\/hu\/wp-content\/uploads\/2021\/11\/logo_ccc.png\",\"width\":730,\"height\":270,\"caption\":\"CCC S.A.\"},\"image\":{\"@id\":\"https:\/\/blog.ccc.eu\/hu\/#\/schema\/logo\/image\/\"}},{\"@type\":\"Person\",\"@id\":\"https:\/\/blog.ccc.eu\/hu\/#\/schema\/person\/46545a2effdaccf6ce20a3726eda2317\",\"name\":\"Mercedes Korosi\",\"image\":{\"@type\":\"ImageObject\",\"inLanguage\":\"hu\",\"@id\":\"https:\/\/blog.ccc.eu\/hu\/#\/schema\/person\/image\/\",\"url\":\"https:\/\/blog.ccc.eu\/hu\/wp-content\/uploads\/2022\/04\/m-150x150.jpg\",\"contentUrl\":\"https:\/\/blog.ccc.eu\/hu\/wp-content\/uploads\/2022\/04\/m-150x150.jpg\",\"caption\":\"Mercedes Korosi\"},\"url\":\"https:\/\/blog.ccc.eu\/hu\/author\/mercedes-korosi\/\"}]}<\/script>\n<!-- \/ Yoast SEO plugin. -->","yoast_head_json":{"title":"Adj \u00faj \u00e9letet a cip\u0151idnek \u2013 seg\u00edts az ukrajnai menek\u00fclteknek! - CCC Fashion blog","description":"Ami neked ma m\u00e1r csak egy megunt, r\u00e9gi l\u00e1bbeli, az m\u00e1snak kincset \u00e9rhet. Csatlakozz az akci\u00f3nkhoz egy nemes c\u00e9l \u00e9rdek\u00e9ben, \u00e9s seg\u00edts\u00fcnk egy\u00fctt! 2026","robots":{"index":"index","follow":"follow","max-snippet":"max-snippet:-1","max-image-preview":"max-image-preview:large","max-video-preview":"max-video-preview:-1"},"canonical":"https:\/\/blog.ccc.eu\/hu\/adj-uj-eletet-a-cipoidnek-segits-az-ukrajnai-menekulteknek\/","og_locale":"hu_HU","og_type":"article","og_title":"Adj \u00faj \u00e9letet a cip\u0151idnek \u2013 seg\u00edts az ukrajnai menek\u00fclteknek! - CCC Fashion blog","og_description":"Ami neked ma m\u00e1r csak egy megunt, r\u00e9gi l\u00e1bbeli, az m\u00e1snak kincset \u00e9rhet. Csatlakozz az akci\u00f3nkhoz egy nemes c\u00e9l \u00e9rdek\u00e9ben, \u00e9s seg\u00edts\u00fcnk egy\u00fctt!","og_url":"https:\/\/blog.ccc.eu\/hu\/adj-uj-eletet-a-cipoidnek-segits-az-ukrajnai-menekulteknek\/","og_site_name":"CCC Fashion blog","article_published_time":"2022-08-05T07:00:00+00:00","article_modified_time":"2022-08-05T08:12:27+00:00","og_image":[{"width":1300,"height":600,"url":"https:\/\/blog.ccc.eu\/hu\/wp-content\/uploads\/2022\/07\/Slider_DESKTOP_1300x600_wsparcie_dla_UA_220301_HU.jpg","type":"image\/jpeg"}],"author":"Mercedes Korosi","twitter_card":"summary_large_image","twitter_misc":{"Szerz\u0151:":"Mercedes Korosi","Becs\u00fclt olvas\u00e1si id\u0151":"2 perc"},"schema":{"@context":"https:\/\/schema.org","@graph":[{"@type":"Article","@id":"https:\/\/blog.ccc.eu\/hu\/adj-uj-eletet-a-cipoidnek-segits-az-ukrajnai-menekulteknek\/#article","isPartOf":{"@id":"https:\/\/blog.ccc.eu\/hu\/adj-uj-eletet-a-cipoidnek-segits-az-ukrajnai-menekulteknek\/"},"author":{"name":"Mercedes Korosi","@id":"https:\/\/blog.ccc.eu\/hu\/#\/schema\/person\/46545a2effdaccf6ce20a3726eda2317"},"headline":"Adj \u00faj \u00e9letet a cip\u0151idnek \u2013 seg\u00edts az ukrajnai menek\u00fclteknek!","datePublished":"2022-08-05T07:00:00+00:00","dateModified":"2022-08-05T08:12:27+00:00","mainEntityOfPage":{"@id":"https:\/\/blog.ccc.eu\/hu\/adj-uj-eletet-a-cipoidnek-segits-az-ukrajnai-menekulteknek\/"},"wordCount":493,"commentCount":0,"publisher":{"@id":"https:\/\/blog.ccc.eu\/hu\/#organization"},"image":{"@id":"https:\/\/blog.ccc.eu\/hu\/adj-uj-eletet-a-cipoidnek-segits-az-ukrajnai-menekulteknek\/#primaryimage"},"thumbnailUrl":"https:\/\/blog.ccc.eu\/hu\/wp-content\/uploads\/2022\/07\/Slider_DESKTOP_1300x600_wsparcie_dla_UA_220301_HU.jpg","keywords":["CCC","gy\u0171jt\u00e9s","haszn\u00e1lt cip\u0151k","seg\u00edts\u00e9g az ukrajnai menek\u00fclteknek","seg\u00edts\u00e9gny\u00fajt\u00e1s"],"articleSection":["\u00daJDONS\u00c1GOK"],"inLanguage":"hu","potentialAction":[{"@type":"CommentAction","name":"Comment","target":["https:\/\/blog.ccc.eu\/hu\/adj-uj-eletet-a-cipoidnek-segits-az-ukrajnai-menekulteknek\/#respond"]}]},{"@type":"WebPage","@id":"https:\/\/blog.ccc.eu\/hu\/adj-uj-eletet-a-cipoidnek-segits-az-ukrajnai-menekulteknek\/","url":"https:\/\/blog.ccc.eu\/hu\/adj-uj-eletet-a-cipoidnek-segits-az-ukrajnai-menekulteknek\/","name":"Adj \u00faj \u00e9letet a cip\u0151idnek \u2013 seg\u00edts az ukrajnai menek\u00fclteknek! - CCC Fashion blog","isPartOf":{"@id":"https:\/\/blog.ccc.eu\/hu\/#website"},"primaryImageOfPage":{"@id":"https:\/\/blog.ccc.eu\/hu\/adj-uj-eletet-a-cipoidnek-segits-az-ukrajnai-menekulteknek\/#primaryimage"},"image":{"@id":"https:\/\/blog.ccc.eu\/hu\/adj-uj-eletet-a-cipoidnek-segits-az-ukrajnai-menekulteknek\/#primaryimage"},"thumbnailUrl":"https:\/\/blog.ccc.eu\/hu\/wp-content\/uploads\/2022\/07\/Slider_DESKTOP_1300x600_wsparcie_dla_UA_220301_HU.jpg","datePublished":"2022-08-05T07:00:00+00:00","dateModified":"2022-08-05T08:12:27+00:00","description":"Ami neked ma m\u00e1r csak egy megunt, r\u00e9gi l\u00e1bbeli, az m\u00e1snak kincset \u00e9rhet. Csatlakozz az akci\u00f3nkhoz egy nemes c\u00e9l \u00e9rdek\u00e9ben, \u00e9s seg\u00edts\u00fcnk egy\u00fctt!","breadcrumb":{"@id":"https:\/\/blog.ccc.eu\/hu\/adj-uj-eletet-a-cipoidnek-segits-az-ukrajnai-menekulteknek\/#breadcrumb"},"inLanguage":"hu","potentialAction":[{"@type":"ReadAction","target":["https:\/\/blog.ccc.eu\/hu\/adj-uj-eletet-a-cipoidnek-segits-az-ukrajnai-menekulteknek\/"]}]},{"@type":"ImageObject","inLanguage":"hu","@id":"https:\/\/blog.ccc.eu\/hu\/adj-uj-eletet-a-cipoidnek-segits-az-ukrajnai-menekulteknek\/#primaryimage","url":"https:\/\/blog.ccc.eu\/hu\/wp-content\/uploads\/2022\/07\/Slider_DESKTOP_1300x600_wsparcie_dla_UA_220301_HU.jpg","contentUrl":"https:\/\/blog.ccc.eu\/hu\/wp-content\/uploads\/2022\/07\/Slider_DESKTOP_1300x600_wsparcie_dla_UA_220301_HU.jpg","width":1300,"height":600,"caption":"seg\u00edts az ukrajnai menek\u00fclteken"},{"@type":"BreadcrumbList","@id":"https:\/\/blog.ccc.eu\/hu\/adj-uj-eletet-a-cipoidnek-segits-az-ukrajnai-menekulteknek\/#breadcrumb","itemListElement":[{"@type":"ListItem","position":1,"name":"Strona g\u0142\u00f3wna","item":"https:\/\/blog.ccc.eu\/hu\/"},{"@type":"ListItem","position":2,"name":"Adj \u00faj \u00e9letet a cip\u0151idnek \u2013 seg\u00edts az ukrajnai menek\u00fclteknek!"}]},{"@type":"WebSite","@id":"https:\/\/blog.ccc.eu\/hu\/#website","url":"https:\/\/blog.ccc.eu\/hu\/","name":"CCC Fashion blog","description":"Az \u00d6n helye tele van divatihletekkel","publisher":{"@id":"https:\/\/blog.ccc.eu\/hu\/#organization"},"potentialAction":[{"@type":"SearchAction","target":{"@type":"EntryPoint","urlTemplate":"https:\/\/blog.ccc.eu\/hu\/?s={search_term_string}"},"query-input":{"@type":"PropertyValueSpecification","valueRequired":true,"valueName":"search_term_string"}}],"inLanguage":"hu"},{"@type":"Organization","@id":"https:\/\/blog.ccc.eu\/hu\/#organization","name":"CCC S.A.","url":"https:\/\/blog.ccc.eu\/hu\/","logo":{"@type":"ImageObject","inLanguage":"hu","@id":"https:\/\/blog.ccc.eu\/hu\/#\/schema\/logo\/image\/","url":"https:\/\/blog.ccc.eu\/hu\/wp-content\/uploads\/2021\/11\/logo_ccc.png","contentUrl":"https:\/\/blog.ccc.eu\/hu\/wp-content\/uploads\/2021\/11\/logo_ccc.png","width":730,"height":270,"caption":"CCC S.A."},"image":{"@id":"https:\/\/blog.ccc.eu\/hu\/#\/schema\/logo\/image\/"}},{"@type":"Person","@id":"https:\/\/blog.ccc.eu\/hu\/#\/schema\/person\/46545a2effdaccf6ce20a3726eda2317","name":"Mercedes Korosi","image":{"@type":"ImageObject","inLanguage":"hu","@id":"https:\/\/blog.ccc.eu\/hu\/#\/schema\/person\/image\/","url":"https:\/\/blog.ccc.eu\/hu\/wp-content\/uploads\/2022\/04\/m-150x150.jpg","contentUrl":"https:\/\/blog.ccc.eu\/hu\/wp-content\/uploads\/2022\/04\/m-150x150.jpg","caption":"Mercedes Korosi"},"url":"https:\/\/blog.ccc.eu\/hu\/author\/mercedes-korosi\/"}]}},"_links":{"self":[{"href":"https:\/\/blog.ccc.eu\/hu\/wp-json\/wp\/v2\/posts\/6319","targetHints":{"allow":["GET"]}}],"collection":[{"href":"https:\/\/blog.ccc.eu\/hu\/wp-json\/wp\/v2\/posts"}],"about":[{"href":"https:\/\/blog.ccc.eu\/hu\/wp-json\/wp\/v2\/types\/post"}],"author":[{"embeddable":true,"href":"https:\/\/blog.ccc.eu\/hu\/wp-json\/wp\/v2\/users\/19"}],"replies":[{"embeddable":true,"href":"https:\/\/blog.ccc.eu\/hu\/wp-json\/wp\/v2\/comments?post=6319"}],"version-history":[{"count":4,"href":"https:\/\/blog.ccc.eu\/hu\/wp-json\/wp\/v2\/posts\/6319\/revisions"}],"predecessor-version":[{"id":6325,"href":"https:\/\/blog.ccc.eu\/hu\/wp-json\/wp\/v2\/posts\/6319\/revisions\/6325"}],"wp:featuredmedia":[{"embeddable":true,"href":"https:\/\/blog.ccc.eu\/hu\/wp-json\/wp\/v2\/media\/6320"}],"wp:attachment":[{"href":"https:\/\/blog.ccc.eu\/hu\/wp-json\/wp\/v2\/media?parent=6319"}],"wp:term":[{"taxonomy":"category","embeddable":true,"href":"https:\/\/blog.ccc.eu\/hu\/wp-json\/wp\/v2\/categories?post=6319"},{"taxonomy":"post_tag","embeddable":true,"href":"https:\/\/blog.ccc.eu\/hu\/wp-json\/wp\/v2\/tags?post=6319"}],"curies":[{"name":"wp","href":"https:\/\/api.w.org\/{rel}","templated":true}]}}