{"id":6339,"date":"2022-08-02T11:21:46","date_gmt":"2022-08-02T09:21:46","guid":{"rendered":"https:\/\/blog.ccc.eu\/hu\/?p=6339"},"modified":"2022-08-02T11:21:46","modified_gmt":"2022-08-02T09:21:46","slug":"jenny-fairy-a-ccc-csucsmarkaja","status":"publish","type":"post","link":"https:\/\/blog.ccc.eu\/hu\/jenny-fairy-a-ccc-csucsmarkaja\/","title":{"rendered":"Jenny Fairy &#8211; a CCC cs\u00facsm\u00e1rk\u00e1ja"},"content":{"rendered":"\n<p><b>A Jenny Fairy a&nbsp; CCC egyik saj\u00e1t m\u00e1rka, amely szereti a divatot, k\u00f6veti a trendeket \u00e9s \u00faj ir\u00e1nyzatokat hat\u00e1roz meg. Minden egyes kollekci\u00f3 \u00fajdons\u00e1gai jelent\u0151s hat\u00e1st gyakorolnak a megjelen\u00e9sre! A Jenny Fairy m\u00e1rka pontosan tudja, mi lesz a divat, \u00e9s minden \u00faj kollekci\u00f3j\u00e1ban a legtrendibb term\u00e9keket k\u00edn\u00e1lja, hogy minden n\u0151 divat\u00e9hs\u00e9g\u00e9t kiel\u00e9g\u00edtse! Ha igazi trendvad\u00e1sz vagy, \u00e9s kiv\u00e1ltk\u00e9pp gy\u00f6ny\u00f6r\u0171 cip\u0151ket \u00e9s t\u00e1sk\u00e1kat keresel, a Jenny Fairy t\u00f6k\u00e9letes megold\u00e1s lesz sz\u00e1modra. Tudj meg t\u00f6bbet a m\u00e1rk\u00e1nkr\u00f3l \u00e9s indulj a divatvad\u00e1szatra!<\/b><\/p>\n\n\n\n<figure class=\"wp-block-gallery has-nested-images columns-default is-cropped wp-block-gallery-1 is-layout-flex wp-block-gallery-is-layout-flex\">\n<figure class=\"wp-block-image size-large\"><img loading=\"lazy\" decoding=\"async\" width=\"819\" height=\"1024\" data-id=\"6344\" src=\"https:\/\/blog.ccc.eu\/hu\/wp-content\/uploads\/2022\/08\/untitled-4145-819x1024-2.jpg\" alt=\"\" class=\"wp-image-6344\" srcset=\"https:\/\/blog.ccc.eu\/hu\/wp-content\/uploads\/2022\/08\/untitled-4145-819x1024-2.jpg 819w, https:\/\/blog.ccc.eu\/hu\/wp-content\/uploads\/2022\/08\/untitled-4145-819x1024-2-240x300.jpg 240w, https:\/\/blog.ccc.eu\/hu\/wp-content\/uploads\/2022\/08\/untitled-4145-819x1024-2-768x960.jpg 768w, https:\/\/blog.ccc.eu\/hu\/wp-content\/uploads\/2022\/08\/untitled-4145-819x1024-2-100x125.jpg 100w\" sizes=\"auto, (max-width: 819px) 100vw, 819px\" \/><\/figure>\n\n\n\n<figure class=\"wp-block-image size-large\"><img loading=\"lazy\" decoding=\"async\" width=\"768\" height=\"1024\" data-id=\"6345\" src=\"https:\/\/blog.ccc.eu\/hu\/wp-content\/uploads\/2022\/08\/untitled-4146-768x1024-2.jpg\" alt=\"\" class=\"wp-image-6345\" srcset=\"https:\/\/blog.ccc.eu\/hu\/wp-content\/uploads\/2022\/08\/untitled-4146-768x1024-2.jpg 768w, https:\/\/blog.ccc.eu\/hu\/wp-content\/uploads\/2022\/08\/untitled-4146-768x1024-2-225x300.jpg 225w, https:\/\/blog.ccc.eu\/hu\/wp-content\/uploads\/2022\/08\/untitled-4146-768x1024-2-100x133.jpg 100w\" sizes=\"auto, (max-width: 768px) 100vw, 768px\" \/><\/figure>\n<\/figure>\n\n\n\n<h2 class=\"wp-block-heading\"><strong>Jenny Fairy &#8211; mit \u00e9rdemes tudni err\u0151l a m\u00e1rk\u00e1r\u00f3l?<\/strong><\/h2>\n\n\n\n<p>A Jenny Fairy egy\u00e9rtelm\u0171en a divat \u00e9s a legtrendibb, utc\u00e1kat megh\u00f3d\u00edt\u00f3 l\u00e1tv\u00e1nyos term\u00e9kek ir\u00e1nti szeretetb\u0151l sz\u00fcletett. A Jenny Fairy \u00e9vek \u00f3ta k\u00f6veti az aktu\u00e1lis trendeket, \u00e9s igyekszik megfelelni a divatir\u00e1nyzatoknak \u00e9s a st\u00edlus rajong\u00f3inak elv\u00e1r\u00e1sainak. A kreat\u00edv folyamat l\u00e9nyege a vil\u00e1g \u00e9s a divat sz\u00ednter\u00e9n zajl\u00f3 v\u00e1ltoz\u00e1sok \u00e9les megfigyel\u00e9se. A cip\u0151k \u00e9s a t\u00e1sk\u00e1k pontosan azok a term\u00e9kek, amelyek k\u00e9pesek \u00e1talak\u00edtani egy eg\u00e9sz ruhat\u00e1rat, \u00e9s sz\u00e9d\u00fcletes hat\u00e1st k\u00f6lcs\u00f6n\u00f6z neki! A Jenny Fairy minden egyes kollekci\u00f3j\u00e1ban egy divatos, kiemelked\u0151 pillanatokkal teli utaz\u00e1sra visz minket. J\u00e1t\u00e9k a divattal, a divat titkainak felfedez\u00e9se \u00e9s a trendek \u00fcnnepl\u00e9se! Jenny Fairy tudja, hogyan kell a legjobbat ny\u00fajtani.<\/p>\n\n\n\n<h2 class=\"wp-block-heading\"><strong>\u201cSoft Chains\u201d 2022-es kapszulakollekci\u00f3<\/strong><\/h2>\n\n\n\n<p>Egy gy\u00f6ny\u00f6r\u0171 kollekci\u00f3, amely a legdivatosabb nyarat hirdeti! A szezon egyik legmen\u0151bb trendje &#8211; a l\u00e1ncm\u00e1nia! A &#8222;Soft Chains&#8221; kapszula kollekci\u00f3ban tan\u00fai lehet\u00fcnk a trendteremt\u0151 ny\u00e1rnak, amelyet a brazil modell, Linda Helena mutat be, akir\u0151l egy kaliforniai tengerparton gy\u00f6ny\u00f6r\u0171 fot\u00f3kat k\u00e9sz\u00edtett Agata Serge. A legnagyobb szt\u00e1rok k\u00e9ts\u00e9gk\u00edv\u00fcl a papucsok, az alacsony sark\u00fa, bokap\u00e1ntos szand\u00e1lok \u00e9s az egyedi k\u00e9zit\u00e1sk\u00e1k voltak. A kollekci\u00f3 jelleg\u00e9t a cip\u0151k \u00e9s t\u00e1sk\u00e1k p\u00e1ntjaiba sz\u0151tt fenomen\u00e1lis l\u00e1ncok adj\u00e1k meg. A gy\u00f6ny\u00f6r\u0171 z\u00f6ld sz\u00edn\u0171, igaz\u00e1n trendi magassark\u00fa papucsok feledhetetlen hat\u00e1st keltenek! Jenny Fairy eml\u00e9keztet minket arra, hogy az \u00e9kszerek d\u00edsz\u00edt\u00e9se id\u00e9n ny\u00e1ron is nagyon fontosak!<\/p>\n\n\n\n\n\n\n<p><\/p>\n\n\n\n<h2 class=\"wp-block-heading\"><strong>Az &#8222;\u00c9letteli sz\u00ednek&#8221; 2022-es kapszul\u00e1ja<\/strong><\/h2>\n\n\n\n<p>A 2022-es ny\u00e1r igaz\u00e1n forr\u00f3 lesz, mindez a Jenny Fairy egyik legd\u00f6g\u00f6sebb kapszulakollekci\u00f3j\u00e1nak k\u00f6sz\u00f6nhet\u0151en! A gy\u00f6ny\u00f6r\u0171 sz\u00ednes kollekci\u00f3ban ez\u00fattal tollakkal d\u00edsz\u00edtett cip\u0151k \u00e9s t\u00e1sk\u00e1k szerepelnek! Igen, a tollak most nagyon forr\u00f3 divatnak sz\u00e1m\u00edtanak, \u00e9s ezt a Jenny Fairy m\u00e1rka is j\u00f3l tudja, ez\u00e9rt a st\u00edlusos v\u00f6dr\u00f6s t\u00e1sk\u00e1k \u00e9s a gy\u00f6ny\u00f6r\u0171 szand\u00e1lok tollakban pomp\u00e1znak. Jen Wonders amerikai influencer lett a kamp\u00e1ny arca, a Stanislaw Boniecki \u00e1ltal k\u00e9sz\u00edtett, leny\u0171g\u00f6z\u0151 fot\u00f3kat pedig az Angyalok V\u00e1ros\u00e1b\u00f3l csod\u00e1lhatjuk meg! Ez a kollekci\u00f3 k\u00e9ts\u00e9gtelen\u00fcl nagyon kreat\u00edv \u00e9s szuper divatos megjelen\u00e9ssel \u00f6rvendeztet meg minket! Enn\u00e9l szebb m\u00e1r nem is lehetne!<\/p>\n\n\n\n\n\n\n<p><\/p>\n\n\n\n<h2 class=\"wp-block-heading\"><strong>\u201cRainbow Forever\u201d 2022 kapszula<\/strong><\/h2>\n\n\n\n<p>A Jenny Fairy csinos sziv\u00e1rv\u00e1nyos kapszulakolleci\u00f3ja a ny\u00e1r kvintesszenci\u00e1ja! Az \u00faj kollekci\u00f3 nagy szt\u00e1rjai a gy\u00f6ny\u00f6r\u0171, minden sz\u00ednben pomp\u00e1z\u00f3 magassark\u00fa papucsok! A cip\u0151kh\u00f6z b\u00e1mulatos kis t\u00e1sk\u00e1k tartoznak, amelyek szint\u00e9n sziv\u00e1rv\u00e1nysz\u00edn\u0171ek, de st\u00edlusos narancss\u00e1rga sz\u00ednben is pomp\u00e1znak! Mind a cip\u0151k, mind a t\u00e1sk\u00e1k az 1990-es \u00e9vekre \u00e9s a tye die fest\u00e9si technik\u00e1ra, valamint a gyermekkorunk hangul\u00e1ra eml\u00e9keztetnek. A sz\u00ednek l\u00e1zad\u00e1sa m\u00e9g soha nem volt ennyire vonz\u00f3 \u00e9s t\u00f6k\u00e9letesen megkompon\u00e1lt. A gy\u00f6ny\u00f6r\u0171 kapszulakollekci\u00f3t Noel Berry modell t\u00e1rsas\u00e1g\u00e1ban csod\u00e1lhatjuk meg, akit John Jesse Jenkins fot\u00f3zott. Jenny Fairy, k\u00f6sz\u00f6nj\u00fck ezt a kollekci\u00f3t!<\/p>\n\n\n\n\n\n\n<p><\/p>\n\n\n\n<h2 class=\"wp-block-heading\"><strong>Jenny Fairy leny\u0171g\u00f6zi a vil\u00e1got!<\/strong><\/h2>\n\n\n\n<p>A Jenny Fairy m\u00e1rka im\u00e1dja a divatot \u00e9s a trendeket, ez r\u00e1ad\u00e1sul k\u00f6lcs\u00f6n\u00f6s, ez\u00e9rt is l\u00e1thattuk 2020-ban, a divath\u00e9ten, hogy P\u00e1rizs utc\u00e1it megh\u00f3d\u00edtotta! H\u00edres influencerek is a Jenny Fairy kollekci\u00f3 cip\u0151it viselt\u00e9k a nagy divatfesztiv\u00e1lon! A romantikus hangulat, az egyed\u00fcl\u00e1ll\u00f3 forgat\u00f3k\u00f6nyv \u00e9s a francia k\u00f6rnyezet t\u00f6k\u00e9letesen megfelelt a szezon legkeresettebb cip\u0151inek. Az influencerek ultramodern \u00e9s egy\u00e9ni st\u00edlusa csak kiemelte Jenny Fairy divatos karakter\u00e9t!<\/p>\n\n\n\n<h2 class=\"wp-block-heading\"><strong>Jenny Fairy a CCC-ben<\/strong><\/h2>\n\n\n\n<p>A CCC-ben a Jenny Fairynek megvan a saj\u00e1t kir\u00e1lys\u00e1ga! Itt cip\u0151ket \u00e9s t\u00e1sk\u00e1kat v\u00e1s\u00e1rolhatsz a m\u00e1rka gy\u00f6ny\u00f6r\u0171 kollekci\u00f3ib\u00f3l, \u00e9s rengeteg divatinspir\u00e1ci\u00f3t tal\u00e1lhatsz, hogy l\u00e9trehozhazasd magadnak az egyedi st\u00edlusodat! Milyen cip\u0151ket tal\u00e1lsz a Jenny Fairy kollekci\u00f3kban?<\/p>\n\n\n\n<p><strong>Balerin\u00e1k <\/strong>&#8211; ezek a Jenny Fairyt\u0151l sz\u00e1rmaz\u00f3 balerin\u00e1k tele vannak a klasszikus eleganci\u00e1val. Mind a semleges sz\u00edneket megtal\u00e1lod k\u00f6zt\u00fck, amelyekkel egy alap megjelen\u00e9st hozhatsz l\u00e9tre, mind pedig az eredetibb sz\u00edneket. N\u00e9zd meg a pasztellsz\u00edneket \u00e9s a p\u00faderr\u00f3zsasz\u00ednt is!<\/p>\n\n\n\n\n\n\n<p><\/p>\n\n\n\n<p><strong>Csizma <\/strong>&#8211; a Jenny Fairy nagyon j\u00f3l tudja, mi a divat! Ez\u00e9rt a csizm\u00e1k k\u00f6z\u00f6tt tal\u00e1lhatsz magassark\u00fa csizm\u00e1kat, vastag talppal ell\u00e1tott csizm\u00e1kat, valamint peep toe csizm\u00e1kat, amelyek rendk\u00edv\u00fcl divatosak ebben a szezonban. Klasszikusokb\u00f3l sincs hi\u00e1ny, de a divatszellem a z\u00f6ld talp\u00fa csizm\u00e1k felett \u0151rk\u00f6dik! N\u00e9zd, milyen gy\u00f6ny\u00f6r\u0171ek!<\/p>\n\n\n\n\n\n\n<p><\/p>\n\n\n\n<p><strong>T\u0171sark\u00fa <\/strong>&#8211; minket a hihetetlen klasszikusok ejtenek rabul, amelyekben lakkozott t\u0171sark\u00fa vagy lapos sark\u00fa, \u00e9s alacsonyabb sark\u00fa cip\u0151k is megtal\u00e1lhat\u00f3k. A holografikus sark\u00fa cip\u0151kbe is bele fogsz szeretni, amelyek mindenhez passzolna.<\/p>\n\n\n\n\n\n\n<p><\/p>\n\n\n\n<p><strong>Espadrilles <\/strong>&#8211; a m\u0171faj klasszikusai mellett tal\u00e1lsz olyan espadrilleseket is, amelyek d\u00edsz\u00edtett fels\u0151r\u00e9sszel ny\u0171g\u00f6znek le, f\u0171z\u0151s espadrilleseket gy\u00f6ny\u00f6r\u0171, intenz\u00edv sz\u00ednekben, vagy vastag talp\u00fa espadrilleseket. Mindegyik t\u00f6k\u00e9letesen megfelel a trendnek.<\/p>\n\n\n\n\n\n\n<p><\/p>\n\n\n\n<p><strong>Gumicsizm\u00e1k <\/strong>&#8211; a t\u00f6k\u00e9letes l\u00e1bbeli az es\u0151s napokra. De nem csak akkor! A Jenny Fairy \u00e1ltal k\u00e9sz\u00edtett gumicsizm\u00e1k egyben divatosak is! K\u00fcl\u00f6n\u00f6sen a vastag talp\u00fa modellek! K\u00e9nyeztesd magad a szezon abszol\u00fat trendj\u00e9vel!<\/p>\n\n\n\n\n\n\n<p><\/p>\n\n\n\n<p><strong>Papucsok <\/strong>&#8211; a lehet\u0151s\u00e9gek hatalmas t\u00e1rh\u00e1za! F\u0151leg, ha a szezon\u00e1lis trendriad\u00f3r\u00f3l van sz\u00f3, vagyis a magassark\u00fa papucsokr\u00f3l! Az \u00faj Jenny Fairy kollekci\u00f3 tele van \u00fajdons\u00e1gokkal. A magassark\u00fa cip\u0151k mellett vastag- \u00e9s lapos talp\u00fa, fonott papucsok is vannak! Mindegyik fenomen\u00e1lis.<\/p>\n\n\n\n\n\n\n<p><\/p>\n\n\n\n<p><strong>Magassz\u00e1r\u00fa csizma <\/strong>&#8211; magas, gy\u0171r\u00f6tt fels\u0151r\u00e9sszel, t\u00e9rd f\u00f6l\u00e9 \u00e9r\u0151, sz\u00e9les talp\u00fa, f\u0171z\u0151s, h\u00e1romsz\u00f6g alak\u00fa sarokkal, klasszikusokkal. Mindegyik megtal\u00e1lhat\u00f3 a kollekci\u00f3kban! Melyikre van sz\u00fcks\u00e9ged?<\/p>\n\n\n\n\n\n\n<p><\/p>\n\n\n\n<p><strong>F\u00e9lcip\u0151k <\/strong>&#8211; klasszikus \u00e9s id\u0151t\u00e1ll\u00f3 mokaszinokat \u00e9s vastag talp\u00fa mokaszinokat is egyar\u00e1nt tal\u00e1lsz. De n\u00e9zd meg a sportos f\u00e9lcip\u0151ket is, amelyek t\u00f6k\u00e9letesek lesznek az edz\u00e9shez, egy akt\u00edv s\u00e9t\u00e1hoz vagy egyszer\u0171en csak eleg\u00e1nsabb alkalmi st\u00edlushoz.<\/p>\n\n\n\n\n\n\n<p><\/p>\n\n\n\n<p><strong>Szand\u00e1l <\/strong>&#8211; az egyik legn\u00e9pszer\u0171bb l\u00e1bbeli, \u00e9s amely a CCC-n\u00e9l k\u00fcl\u00f6nleges helyet foglal el a Jenny Fairy kollekci\u00f3kban. Tal\u00e1lsz szand\u00e1lokat vastag- vagy lapos talppal, k\u00fcl\u00f6nb\u00f6z\u0151 d\u00edsz\u00edt\u00e9sekkel, csatokkal, szegecsekkel vagy p\u00e1ntokkal! A v\u00e1laszt\u00e9k megd\u00f6bbent\u0151en sz\u00e9les.<\/p>\n\n\n\n\n\n\n<p><\/p>\n\n\n\n<p><strong>Sportcip\u0151 <\/strong>&#8211; egyszer\u0171 \u00e9s klasszikus, pontosan az, amire v\u00e1gysz. Ha pedig k\u00fcl\u00f6nlegesebb sportcip\u0151 vagy tornacip\u0151 az \u00e1lmod, tal\u00e1lsz olyanokat is, amelyek magas talppal vagy intenz\u00edv sz\u00ednekkel lepnek meg.<\/p>\n\n\n\n\n\n\n<p><\/p>\n\n\n\n<p><strong>K\u00e9zit\u00e1sk\u00e1k <\/strong>&#8211; a szezon legnagyobb trendje, amely csak arra v\u00e1r, hogy megh\u00edv\u00e1st kapjon a ruhat\u00e1r\u00e1ba. A k\u00e9zit\u00e1sk\u00e1k k\u00f6z\u00f6tt tal\u00e1lsz nagym\u00e9ret\u0171 t\u00e1sk\u00e1kat, bor\u00edt\u00e9kt\u00e1sk\u00e1kat, \u00f6vt\u00e1sk\u00e1kat, fonott t\u00e1sk\u00e1kat, mini t\u00e1sk\u00e1kat \u00e9s m\u00e9g sok m\u00e1st. A pasztellt\u0151l az intenz\u00edv neonsz\u00ednekig vagy holografikus effektekig minden helyet kapott a k\u00edn\u00e1latban. A Jenny Fairy-n\u00e9l nagyon j\u00f3l tudjuk, hogy milyen fontos szerepe van egy n\u0151i t\u00e1sk\u00e1nak. Melyiket fogod v\u00e1lasztani?<\/p>\n\n\n\n\n\n\n<p><\/p>\n\n\n\n<p>A Jenny Fairy egy olyan m\u00e1rka, amelynek val\u00f3di \u00fczenete van, \u00e9s amely lehet\u0151v\u00e9 teszi nek\u00fcnk, n\u0151k sz\u00e1m\u00e1ra, hogy b\u00e1tran j\u00e1rjunk a vil\u00e1gban a szezon legtrendibb cip\u0151iben! A leny\u0171g\u00f6z\u0151 Jenny Fairy k\u00edn\u00e1latban mindenki sz\u00e1m\u00e1ra van valami, az \u00f6sszet\u00e9veszthetetlen klasszikusokt\u00f3l kezdve az eredeti mint\u00e1kon \u00e1t a futurisztikus megold\u00e1sokig, amelyek minden pillanatban elragad\u00f3ak. Engedd el magad, \u00e9s eg\u00e9sz\u00edtsd ki ruhat\u00e1radat a legdivatosabb trendekkel. A Jenny Fairy cip\u0151ket megtal\u00e1lod a <a href=\"https:\/\/ccc.eu\/hu\/sklepy\">CCC \u00fczleteinkben<\/a>, <a href=\"https:\/\/ccc.eu\/hu\/\">webshopunkban<\/a>, \u00e9s az <a href=\"https:\/\/ccc.eu\/hu\/mobile-app\">alkalmaz\u00e1sban<\/a>! <a href=\"https:\/\/ccc.eu\/hu\/klub-ccc\">CCC klubtagk\u00e9nt<\/a>, extra kedvezm\u00e9nyek is v\u00e1rnak. K\u00f6vess minket a divattal egy\u00fctt a <a href=\"https:\/\/www.facebook.com\/CCC.Hungary\/\">Facebookon<\/a> \u00e9s <a href=\"https:\/\/www.instagram.com\/cccshoesbags\/\">Instagramon<\/a> is!<\/p>\n","protected":false},"excerpt":{"rendered":"<p>A Jenny Fairy a&nbsp; CCC egyik saj\u00e1t m\u00e1rka, amely szereti a divatot, k\u00f6veti a trendeket \u00e9s \u00faj ir\u00e1nyzatokat hat\u00e1roz meg. Minden egyes kollekci\u00f3 \u00fajdons\u00e1gai jelent\u0151s hat\u00e1st gyakorolnak a megjelen\u00e9sre! A Jenny Fairy m\u00e1rka pontosan tudja, mi lesz a divat, \u00e9s minden \u00faj kollekci\u00f3j\u00e1ban a legtrendibb term\u00e9keket k\u00edn\u00e1lja, hogy minden n\u0151 divat\u00e9hs\u00e9g\u00e9t kiel\u00e9g\u00edtse! Ha igazi trendvad\u00e1sz [&hellip;]<\/p>\n","protected":false},"author":17,"featured_media":6344,"comment_status":"open","ping_status":"open","sticky":false,"template":"","format":"standard","meta":{"_acf_changed":false,"footnotes":""},"categories":[432],"tags":[560,581,729,778,907,576,683,617,594],"class_list":["post-6339","post","type-post","status-publish","format-standard","has-post-thumbnail","hentry","category-ujdonsagok","tag-ccc","tag-csizma","tag-jenni-fairy","tag-kapszulakollekcio","tag-nyari-kollekcio","tag-papucs","tag-sportcipo","tag-szandal","tag-taska"],"acf":[],"yoast_head":"<!-- This site is optimized with the Yoast SEO plugin v26.9 - https:\/\/yoast.com\/product\/yoast-seo-wordpress\/ -->\n<title>Jenny Fairy - a CCC cs\u00facsm\u00e1rk\u00e1ja - CCC Fashion blog<\/title>\n<meta name=\"description\" content=\"Ha igazi trendvad\u00e1sz vagy, \u00e9s kiv\u00e1ltk\u00e9pp gy\u00f6ny\u00f6r\u0171 cip\u0151ket \u00e9s t\u00e1sk\u00e1kat keresel, a Jenny Fairy t\u00f6k\u00e9letes megold\u00e1s lesz sz\u00e1modra. Tudj meg t\u00f6bbet a m\u00e1rk\u00e1nkr\u00f3l! 2026\" \/>\n<meta name=\"robots\" content=\"index, follow, max-snippet:-1, max-image-preview:large, max-video-preview:-1\" \/>\n<link rel=\"canonical\" href=\"https:\/\/blog.ccc.eu\/hu\/jenny-fairy-a-ccc-csucsmarkaja\/\" \/>\n<meta property=\"og:locale\" content=\"hu_HU\" \/>\n<meta property=\"og:type\" content=\"article\" \/>\n<meta property=\"og:title\" content=\"Jenny Fairy - a CCC cs\u00facsm\u00e1rk\u00e1ja - CCC Fashion blog\" \/>\n<meta property=\"og:description\" content=\"Ha igazi trendvad\u00e1sz vagy, \u00e9s kiv\u00e1ltk\u00e9pp gy\u00f6ny\u00f6r\u0171 cip\u0151ket \u00e9s t\u00e1sk\u00e1kat keresel, a Jenny Fairy t\u00f6k\u00e9letes megold\u00e1s lesz sz\u00e1modra. Tudj meg t\u00f6bbet a m\u00e1rk\u00e1nkr\u00f3l!\" \/>\n<meta property=\"og:url\" content=\"https:\/\/blog.ccc.eu\/hu\/jenny-fairy-a-ccc-csucsmarkaja\/\" \/>\n<meta property=\"og:site_name\" content=\"CCC Fashion blog\" \/>\n<meta property=\"article:published_time\" content=\"2022-08-02T09:21:46+00:00\" \/>\n<meta property=\"og:image\" content=\"https:\/\/blog.ccc.eu\/hu\/wp-content\/uploads\/2022\/08\/untitled-4145-819x1024-2.jpg\" \/>\n\t<meta property=\"og:image:width\" content=\"819\" \/>\n\t<meta property=\"og:image:height\" content=\"1024\" \/>\n\t<meta property=\"og:image:type\" content=\"image\/jpeg\" \/>\n<meta name=\"author\" content=\"R\u00e9ka N\u00e9meth\" \/>\n<meta name=\"twitter:card\" content=\"summary_large_image\" \/>\n<meta name=\"twitter:label1\" content=\"Szerz\u0151:\" \/>\n\t<meta name=\"twitter:data1\" content=\"R\u00e9ka N\u00e9meth\" \/>\n\t<meta name=\"twitter:label2\" content=\"Becs\u00fclt olvas\u00e1si id\u0151\" \/>\n\t<meta name=\"twitter:data2\" content=\"8 perc\" \/>\n<script type=\"application\/ld+json\" class=\"yoast-schema-graph\">{\"@context\":\"https:\/\/schema.org\",\"@graph\":[{\"@type\":\"Article\",\"@id\":\"https:\/\/blog.ccc.eu\/hu\/jenny-fairy-a-ccc-csucsmarkaja\/#article\",\"isPartOf\":{\"@id\":\"https:\/\/blog.ccc.eu\/hu\/jenny-fairy-a-ccc-csucsmarkaja\/\"},\"author\":{\"name\":\"R\u00e9ka N\u00e9meth\",\"@id\":\"https:\/\/blog.ccc.eu\/hu\/#\/schema\/person\/c3226a60cce3320f8d95a41d9af8ed2d\"},\"headline\":\"Jenny Fairy &#8211; a CCC cs\u00facsm\u00e1rk\u00e1ja\",\"datePublished\":\"2022-08-02T09:21:46+00:00\",\"mainEntityOfPage\":{\"@id\":\"https:\/\/blog.ccc.eu\/hu\/jenny-fairy-a-ccc-csucsmarkaja\/\"},\"wordCount\":1788,\"commentCount\":0,\"publisher\":{\"@id\":\"https:\/\/blog.ccc.eu\/hu\/#organization\"},\"image\":{\"@id\":\"https:\/\/blog.ccc.eu\/hu\/jenny-fairy-a-ccc-csucsmarkaja\/#primaryimage\"},\"thumbnailUrl\":\"https:\/\/blog.ccc.eu\/hu\/wp-content\/uploads\/2022\/08\/untitled-4145-819x1024-2.jpg\",\"keywords\":[\"CCC\",\"csizma\",\"Jenni Fairy\",\"kapszulakollekci\u00f3\",\"ny\u00e1ri kollekci\u00f3\",\"papucs\",\"sportcip\u0151\",\"szand\u00e1l\",\"t\u00e1ska\"],\"articleSection\":[\"\u00daJDONS\u00c1GOK\"],\"inLanguage\":\"hu\",\"potentialAction\":[{\"@type\":\"CommentAction\",\"name\":\"Comment\",\"target\":[\"https:\/\/blog.ccc.eu\/hu\/jenny-fairy-a-ccc-csucsmarkaja\/#respond\"]}]},{\"@type\":\"WebPage\",\"@id\":\"https:\/\/blog.ccc.eu\/hu\/jenny-fairy-a-ccc-csucsmarkaja\/\",\"url\":\"https:\/\/blog.ccc.eu\/hu\/jenny-fairy-a-ccc-csucsmarkaja\/\",\"name\":\"Jenny Fairy - a CCC cs\u00facsm\u00e1rk\u00e1ja - CCC Fashion blog\",\"isPartOf\":{\"@id\":\"https:\/\/blog.ccc.eu\/hu\/#website\"},\"primaryImageOfPage\":{\"@id\":\"https:\/\/blog.ccc.eu\/hu\/jenny-fairy-a-ccc-csucsmarkaja\/#primaryimage\"},\"image\":{\"@id\":\"https:\/\/blog.ccc.eu\/hu\/jenny-fairy-a-ccc-csucsmarkaja\/#primaryimage\"},\"thumbnailUrl\":\"https:\/\/blog.ccc.eu\/hu\/wp-content\/uploads\/2022\/08\/untitled-4145-819x1024-2.jpg\",\"datePublished\":\"2022-08-02T09:21:46+00:00\",\"description\":\"Ha igazi trendvad\u00e1sz vagy, \u00e9s kiv\u00e1ltk\u00e9pp gy\u00f6ny\u00f6r\u0171 cip\u0151ket \u00e9s t\u00e1sk\u00e1kat keresel, a Jenny Fairy t\u00f6k\u00e9letes megold\u00e1s lesz sz\u00e1modra. Tudj meg t\u00f6bbet a m\u00e1rk\u00e1nkr\u00f3l!\",\"breadcrumb\":{\"@id\":\"https:\/\/blog.ccc.eu\/hu\/jenny-fairy-a-ccc-csucsmarkaja\/#breadcrumb\"},\"inLanguage\":\"hu\",\"potentialAction\":[{\"@type\":\"ReadAction\",\"target\":[\"https:\/\/blog.ccc.eu\/hu\/jenny-fairy-a-ccc-csucsmarkaja\/\"]}]},{\"@type\":\"ImageObject\",\"inLanguage\":\"hu\",\"@id\":\"https:\/\/blog.ccc.eu\/hu\/jenny-fairy-a-ccc-csucsmarkaja\/#primaryimage\",\"url\":\"https:\/\/blog.ccc.eu\/hu\/wp-content\/uploads\/2022\/08\/untitled-4145-819x1024-2.jpg\",\"contentUrl\":\"https:\/\/blog.ccc.eu\/hu\/wp-content\/uploads\/2022\/08\/untitled-4145-819x1024-2.jpg\",\"width\":819,\"height\":1024,\"caption\":\"lila t\u00e1ska tollakkal\"},{\"@type\":\"BreadcrumbList\",\"@id\":\"https:\/\/blog.ccc.eu\/hu\/jenny-fairy-a-ccc-csucsmarkaja\/#breadcrumb\",\"itemListElement\":[{\"@type\":\"ListItem\",\"position\":1,\"name\":\"Strona g\u0142\u00f3wna\",\"item\":\"https:\/\/blog.ccc.eu\/hu\/\"},{\"@type\":\"ListItem\",\"position\":2,\"name\":\"Jenny Fairy &#8211; a CCC cs\u00facsm\u00e1rk\u00e1ja\"}]},{\"@type\":\"WebSite\",\"@id\":\"https:\/\/blog.ccc.eu\/hu\/#website\",\"url\":\"https:\/\/blog.ccc.eu\/hu\/\",\"name\":\"CCC Fashion blog\",\"description\":\"Az \u00d6n helye tele van divatihletekkel\",\"publisher\":{\"@id\":\"https:\/\/blog.ccc.eu\/hu\/#organization\"},\"potentialAction\":[{\"@type\":\"SearchAction\",\"target\":{\"@type\":\"EntryPoint\",\"urlTemplate\":\"https:\/\/blog.ccc.eu\/hu\/?s={search_term_string}\"},\"query-input\":{\"@type\":\"PropertyValueSpecification\",\"valueRequired\":true,\"valueName\":\"search_term_string\"}}],\"inLanguage\":\"hu\"},{\"@type\":\"Organization\",\"@id\":\"https:\/\/blog.ccc.eu\/hu\/#organization\",\"name\":\"CCC S.A.\",\"url\":\"https:\/\/blog.ccc.eu\/hu\/\",\"logo\":{\"@type\":\"ImageObject\",\"inLanguage\":\"hu\",\"@id\":\"https:\/\/blog.ccc.eu\/hu\/#\/schema\/logo\/image\/\",\"url\":\"https:\/\/blog.ccc.eu\/hu\/wp-content\/uploads\/2021\/11\/logo_ccc.png\",\"contentUrl\":\"https:\/\/blog.ccc.eu\/hu\/wp-content\/uploads\/2021\/11\/logo_ccc.png\",\"width\":730,\"height\":270,\"caption\":\"CCC S.A.\"},\"image\":{\"@id\":\"https:\/\/blog.ccc.eu\/hu\/#\/schema\/logo\/image\/\"}},{\"@type\":\"Person\",\"@id\":\"https:\/\/blog.ccc.eu\/hu\/#\/schema\/person\/c3226a60cce3320f8d95a41d9af8ed2d\",\"name\":\"R\u00e9ka N\u00e9meth\",\"image\":{\"@type\":\"ImageObject\",\"inLanguage\":\"hu\",\"@id\":\"https:\/\/blog.ccc.eu\/hu\/#\/schema\/person\/image\/\",\"url\":\"https:\/\/blog.ccc.eu\/hu\/wp-content\/uploads\/2022\/05\/MicrosoftTeams-image-e1651752501479-150x150.jpg\",\"contentUrl\":\"https:\/\/blog.ccc.eu\/hu\/wp-content\/uploads\/2022\/05\/MicrosoftTeams-image-e1651752501479-150x150.jpg\",\"caption\":\"R\u00e9ka N\u00e9meth\"},\"url\":\"https:\/\/blog.ccc.eu\/hu\/author\/katarzyna-martyn\/\"}]}<\/script>\n<!-- \/ Yoast SEO plugin. -->","yoast_head_json":{"title":"Jenny Fairy - a CCC cs\u00facsm\u00e1rk\u00e1ja - CCC Fashion blog","description":"Ha igazi trendvad\u00e1sz vagy, \u00e9s kiv\u00e1ltk\u00e9pp gy\u00f6ny\u00f6r\u0171 cip\u0151ket \u00e9s t\u00e1sk\u00e1kat keresel, a Jenny Fairy t\u00f6k\u00e9letes megold\u00e1s lesz sz\u00e1modra. Tudj meg t\u00f6bbet a m\u00e1rk\u00e1nkr\u00f3l! 2026","robots":{"index":"index","follow":"follow","max-snippet":"max-snippet:-1","max-image-preview":"max-image-preview:large","max-video-preview":"max-video-preview:-1"},"canonical":"https:\/\/blog.ccc.eu\/hu\/jenny-fairy-a-ccc-csucsmarkaja\/","og_locale":"hu_HU","og_type":"article","og_title":"Jenny Fairy - a CCC cs\u00facsm\u00e1rk\u00e1ja - CCC Fashion blog","og_description":"Ha igazi trendvad\u00e1sz vagy, \u00e9s kiv\u00e1ltk\u00e9pp gy\u00f6ny\u00f6r\u0171 cip\u0151ket \u00e9s t\u00e1sk\u00e1kat keresel, a Jenny Fairy t\u00f6k\u00e9letes megold\u00e1s lesz sz\u00e1modra. Tudj meg t\u00f6bbet a m\u00e1rk\u00e1nkr\u00f3l!","og_url":"https:\/\/blog.ccc.eu\/hu\/jenny-fairy-a-ccc-csucsmarkaja\/","og_site_name":"CCC Fashion blog","article_published_time":"2022-08-02T09:21:46+00:00","og_image":[{"width":819,"height":1024,"url":"https:\/\/blog.ccc.eu\/hu\/wp-content\/uploads\/2022\/08\/untitled-4145-819x1024-2.jpg","type":"image\/jpeg"}],"author":"R\u00e9ka N\u00e9meth","twitter_card":"summary_large_image","twitter_misc":{"Szerz\u0151:":"R\u00e9ka N\u00e9meth","Becs\u00fclt olvas\u00e1si id\u0151":"8 perc"},"schema":{"@context":"https:\/\/schema.org","@graph":[{"@type":"Article","@id":"https:\/\/blog.ccc.eu\/hu\/jenny-fairy-a-ccc-csucsmarkaja\/#article","isPartOf":{"@id":"https:\/\/blog.ccc.eu\/hu\/jenny-fairy-a-ccc-csucsmarkaja\/"},"author":{"name":"R\u00e9ka N\u00e9meth","@id":"https:\/\/blog.ccc.eu\/hu\/#\/schema\/person\/c3226a60cce3320f8d95a41d9af8ed2d"},"headline":"Jenny Fairy &#8211; a CCC cs\u00facsm\u00e1rk\u00e1ja","datePublished":"2022-08-02T09:21:46+00:00","mainEntityOfPage":{"@id":"https:\/\/blog.ccc.eu\/hu\/jenny-fairy-a-ccc-csucsmarkaja\/"},"wordCount":1788,"commentCount":0,"publisher":{"@id":"https:\/\/blog.ccc.eu\/hu\/#organization"},"image":{"@id":"https:\/\/blog.ccc.eu\/hu\/jenny-fairy-a-ccc-csucsmarkaja\/#primaryimage"},"thumbnailUrl":"https:\/\/blog.ccc.eu\/hu\/wp-content\/uploads\/2022\/08\/untitled-4145-819x1024-2.jpg","keywords":["CCC","csizma","Jenni Fairy","kapszulakollekci\u00f3","ny\u00e1ri kollekci\u00f3","papucs","sportcip\u0151","szand\u00e1l","t\u00e1ska"],"articleSection":["\u00daJDONS\u00c1GOK"],"inLanguage":"hu","potentialAction":[{"@type":"CommentAction","name":"Comment","target":["https:\/\/blog.ccc.eu\/hu\/jenny-fairy-a-ccc-csucsmarkaja\/#respond"]}]},{"@type":"WebPage","@id":"https:\/\/blog.ccc.eu\/hu\/jenny-fairy-a-ccc-csucsmarkaja\/","url":"https:\/\/blog.ccc.eu\/hu\/jenny-fairy-a-ccc-csucsmarkaja\/","name":"Jenny Fairy - a CCC cs\u00facsm\u00e1rk\u00e1ja - CCC Fashion blog","isPartOf":{"@id":"https:\/\/blog.ccc.eu\/hu\/#website"},"primaryImageOfPage":{"@id":"https:\/\/blog.ccc.eu\/hu\/jenny-fairy-a-ccc-csucsmarkaja\/#primaryimage"},"image":{"@id":"https:\/\/blog.ccc.eu\/hu\/jenny-fairy-a-ccc-csucsmarkaja\/#primaryimage"},"thumbnailUrl":"https:\/\/blog.ccc.eu\/hu\/wp-content\/uploads\/2022\/08\/untitled-4145-819x1024-2.jpg","datePublished":"2022-08-02T09:21:46+00:00","description":"Ha igazi trendvad\u00e1sz vagy, \u00e9s kiv\u00e1ltk\u00e9pp gy\u00f6ny\u00f6r\u0171 cip\u0151ket \u00e9s t\u00e1sk\u00e1kat keresel, a Jenny Fairy t\u00f6k\u00e9letes megold\u00e1s lesz sz\u00e1modra. Tudj meg t\u00f6bbet a m\u00e1rk\u00e1nkr\u00f3l!","breadcrumb":{"@id":"https:\/\/blog.ccc.eu\/hu\/jenny-fairy-a-ccc-csucsmarkaja\/#breadcrumb"},"inLanguage":"hu","potentialAction":[{"@type":"ReadAction","target":["https:\/\/blog.ccc.eu\/hu\/jenny-fairy-a-ccc-csucsmarkaja\/"]}]},{"@type":"ImageObject","inLanguage":"hu","@id":"https:\/\/blog.ccc.eu\/hu\/jenny-fairy-a-ccc-csucsmarkaja\/#primaryimage","url":"https:\/\/blog.ccc.eu\/hu\/wp-content\/uploads\/2022\/08\/untitled-4145-819x1024-2.jpg","contentUrl":"https:\/\/blog.ccc.eu\/hu\/wp-content\/uploads\/2022\/08\/untitled-4145-819x1024-2.jpg","width":819,"height":1024,"caption":"lila t\u00e1ska tollakkal"},{"@type":"BreadcrumbList","@id":"https:\/\/blog.ccc.eu\/hu\/jenny-fairy-a-ccc-csucsmarkaja\/#breadcrumb","itemListElement":[{"@type":"ListItem","position":1,"name":"Strona g\u0142\u00f3wna","item":"https:\/\/blog.ccc.eu\/hu\/"},{"@type":"ListItem","position":2,"name":"Jenny Fairy &#8211; a CCC cs\u00facsm\u00e1rk\u00e1ja"}]},{"@type":"WebSite","@id":"https:\/\/blog.ccc.eu\/hu\/#website","url":"https:\/\/blog.ccc.eu\/hu\/","name":"CCC Fashion blog","description":"Az \u00d6n helye tele van divatihletekkel","publisher":{"@id":"https:\/\/blog.ccc.eu\/hu\/#organization"},"potentialAction":[{"@type":"SearchAction","target":{"@type":"EntryPoint","urlTemplate":"https:\/\/blog.ccc.eu\/hu\/?s={search_term_string}"},"query-input":{"@type":"PropertyValueSpecification","valueRequired":true,"valueName":"search_term_string"}}],"inLanguage":"hu"},{"@type":"Organization","@id":"https:\/\/blog.ccc.eu\/hu\/#organization","name":"CCC S.A.","url":"https:\/\/blog.ccc.eu\/hu\/","logo":{"@type":"ImageObject","inLanguage":"hu","@id":"https:\/\/blog.ccc.eu\/hu\/#\/schema\/logo\/image\/","url":"https:\/\/blog.ccc.eu\/hu\/wp-content\/uploads\/2021\/11\/logo_ccc.png","contentUrl":"https:\/\/blog.ccc.eu\/hu\/wp-content\/uploads\/2021\/11\/logo_ccc.png","width":730,"height":270,"caption":"CCC S.A."},"image":{"@id":"https:\/\/blog.ccc.eu\/hu\/#\/schema\/logo\/image\/"}},{"@type":"Person","@id":"https:\/\/blog.ccc.eu\/hu\/#\/schema\/person\/c3226a60cce3320f8d95a41d9af8ed2d","name":"R\u00e9ka N\u00e9meth","image":{"@type":"ImageObject","inLanguage":"hu","@id":"https:\/\/blog.ccc.eu\/hu\/#\/schema\/person\/image\/","url":"https:\/\/blog.ccc.eu\/hu\/wp-content\/uploads\/2022\/05\/MicrosoftTeams-image-e1651752501479-150x150.jpg","contentUrl":"https:\/\/blog.ccc.eu\/hu\/wp-content\/uploads\/2022\/05\/MicrosoftTeams-image-e1651752501479-150x150.jpg","caption":"R\u00e9ka N\u00e9meth"},"url":"https:\/\/blog.ccc.eu\/hu\/author\/katarzyna-martyn\/"}]}},"_links":{"self":[{"href":"https:\/\/blog.ccc.eu\/hu\/wp-json\/wp\/v2\/posts\/6339","targetHints":{"allow":["GET"]}}],"collection":[{"href":"https:\/\/blog.ccc.eu\/hu\/wp-json\/wp\/v2\/posts"}],"about":[{"href":"https:\/\/blog.ccc.eu\/hu\/wp-json\/wp\/v2\/types\/post"}],"author":[{"embeddable":true,"href":"https:\/\/blog.ccc.eu\/hu\/wp-json\/wp\/v2\/users\/17"}],"replies":[{"embeddable":true,"href":"https:\/\/blog.ccc.eu\/hu\/wp-json\/wp\/v2\/comments?post=6339"}],"version-history":[{"count":21,"href":"https:\/\/blog.ccc.eu\/hu\/wp-json\/wp\/v2\/posts\/6339\/revisions"}],"predecessor-version":[{"id":6371,"href":"https:\/\/blog.ccc.eu\/hu\/wp-json\/wp\/v2\/posts\/6339\/revisions\/6371"}],"wp:featuredmedia":[{"embeddable":true,"href":"https:\/\/blog.ccc.eu\/hu\/wp-json\/wp\/v2\/media\/6344"}],"wp:attachment":[{"href":"https:\/\/blog.ccc.eu\/hu\/wp-json\/wp\/v2\/media?parent=6339"}],"wp:term":[{"taxonomy":"category","embeddable":true,"href":"https:\/\/blog.ccc.eu\/hu\/wp-json\/wp\/v2\/categories?post=6339"},{"taxonomy":"post_tag","embeddable":true,"href":"https:\/\/blog.ccc.eu\/hu\/wp-json\/wp\/v2\/tags?post=6339"}],"curies":[{"name":"wp","href":"https:\/\/api.w.org\/{rel}","templated":true}]}}