{"id":6374,"date":"2022-08-03T13:36:25","date_gmt":"2022-08-03T11:36:25","guid":{"rendered":"https:\/\/blog.ccc.eu\/hu\/?p=6374"},"modified":"2023-07-10T11:22:44","modified_gmt":"2023-07-10T09:22:44","slug":"iskolai-cipo-hogyan-valasszuk-ki-a-legjobbat","status":"publish","type":"post","link":"https:\/\/blog.ccc.eu\/hu\/iskolai-cipo-hogyan-valasszuk-ki-a-legjobbat\/","title":{"rendered":"Iskolai cip\u0151 &#8211; hogyan v\u00e1lasszuk ki a legjobbat?"},"content":{"rendered":"\n<p><b>Kezd h\u0171v\u00f6s\u00f6dni az id\u0151, ami azt jelenti, hogy ideje lecser\u00e9lni a szand\u00e1lokat a z\u00e1rt orr\u00fa \u0151szi cip\u0151kre! Szeptember 1. sok 6 \u00e9s 7 \u00e9ves gyermek sz\u00e1m\u00e1ra az iskolakezd\u00e9st jelenti. Egyes sz\u00fcl\u0151k nehezen tal\u00e1lnak olyan \u0151szi cip\u0151t gyermek\u00fck sz\u00e1m\u00e1ra, amely egyszerre k\u00e9nyelmes, \u00e9s amit a gyermek val\u00f3ban sz\u00edvesen is hord. A kiv\u00e1lasztott cip\u0151nek t\u00f6bb \u00f3r\u00e1n \u00e1t k\u00e9nyelmet \u00e9s maxim\u00e1lis biztons\u00e1got kell ny\u00fajtson a kisdi\u00e1koknak. Az id\u0151sebb gyerekek is nagy figyelmet fognak ford\u00edtani megjelen\u00e9s\u00fckre \u00e9s az aktu\u00e1lis trendekre a fiatalok k\u00f6r\u00e9ben. Hogyan lehet \u00f6sszeegyeztetni ezeket a k\u00f6vetelm\u00e9nyeket, \u00e9s megtal\u00e1lni a t\u00f6k\u00e9letes iskolai cip\u0151t? Javaslataink\u00e9rt olvasd el cikk\u00fcnket, \u00e9s tekintsd meg a CCC \u0151szi gyerekcip\u0151 k\u00edn\u00e1lat\u00e1t!<\/b><\/p>\n\n\n\n<figure class=\"wp-block-image size-large\"><img loading=\"lazy\" decoding=\"async\" width=\"1024\" height=\"522\" src=\"https:\/\/blog.ccc.eu\/hu\/wp-content\/uploads\/2022\/08\/20220606_ZUZA_CCC_0399-Copy-1024x522.jpg\" alt=\"\" class=\"wp-image-6376\" srcset=\"https:\/\/blog.ccc.eu\/hu\/wp-content\/uploads\/2022\/08\/20220606_ZUZA_CCC_0399-Copy-1024x522.jpg 1024w, https:\/\/blog.ccc.eu\/hu\/wp-content\/uploads\/2022\/08\/20220606_ZUZA_CCC_0399-Copy-300x153.jpg 300w, https:\/\/blog.ccc.eu\/hu\/wp-content\/uploads\/2022\/08\/20220606_ZUZA_CCC_0399-Copy-768x392.jpg 768w, https:\/\/blog.ccc.eu\/hu\/wp-content\/uploads\/2022\/08\/20220606_ZUZA_CCC_0399-Copy-100x51.jpg 100w, https:\/\/blog.ccc.eu\/hu\/wp-content\/uploads\/2022\/08\/20220606_ZUZA_CCC_0399-Copy.jpg 1400w\" sizes=\"auto, (max-width: 1024px) 100vw, 1024px\" \/><\/figure>\n\n\n\n<h2 class=\"wp-block-heading\">Iskolai cip\u0151 gyermekeknek &#8211; mire kell figyelni v\u00e1s\u00e1rl\u00e1skor?<\/h2>\n\n\n\n<p>A megfelel\u0151 cip\u0151 kiv\u00e1laszt\u00e1sa el\u0151tt m\u00e9rlegelni kell azt is, hogy h\u00e1ny \u00e9ves gyermeknek v\u00e1lasztasz cip\u0151t. A kisiskol\u00e1soknak probl\u00e9m\u00e1t okozhat a cip\u0151f\u0171z\u0151 hat\u00e9kony megk\u00f6t\u00e9se, ennek k\u00f6vetkezt\u00e9ben az iskolakezd\u0151 kisdi\u00e1koknak \u00e9s a tin\u00e9dzsereknek is m\u00e1s-m\u00e1s cip\u0151 javasolt. M\u00edg a kisebbeknek lehet, hogy&nbsp; a beleb\u00faj\u00f3s vagy a t\u00e9p\u0151z\u00e1ras cip\u0151k a komfortosabbak \u2013 az \u00f3vodai nevel\u00e9s\u00e9ben megszokott st\u00edlusban, addig a nagyobbik gyermek lehets\u00e9ges, hogy a f\u0171z\u0151s sportcip\u0151t v\u00e1lasztja.<\/p>\n\n\n\n<p><br>Fontos, hogy kell\u0151en ut\u00e1naj\u00e1rj annak, hogy ezek a cip\u0151k mib\u0151l k\u00e9sz\u00fclnek, milyen funkcionalit\u00e1s\u00faak \u00e9s biztons\u00e1gosak-e egy fiatal fejl\u0151d\u00e9se szempontj\u00e1b\u00f3l. \u00dcgyelj a v\u00e1lasztott cip\u0151 diz\u00e1jnj\u00e1ra, st\u00edlus\u00e1ra is, ne v\u00e1s\u00e1rolj olyan cip\u0151t, amelyben a gyermek rosszul \u00e9rezheti mag\u00e1t. Ne feledd, hogy egy di\u00e1k gyakorlatilag ugyanannyi id\u0151t t\u00f6lt az iskol\u00e1ban, mint te a munkahelyeden, ez\u00e1ltal t\u00e9nyleg fontos a k\u00e9nyelmes l\u00e1bbeli kiv\u00e1laszt\u00e1sa sz\u00e1mukra is. A cip\u0151nek nemcsak a sz\u00fcl\u0151, hanem a gyermek sz\u00e1m\u00e1ra is k\u00e9nyelmesnek \u00e9s \u00e9lvezetesnek kell lennie.<\/p>\n\n\n\n<h2 class=\"wp-block-heading\">Milyen iskolai cip\u0151t v\u00e1lassz egy els\u0151 oszt\u00e1lyosnak?<\/h2>\n\n\n\n<p>A legkisebb di\u00e1koknak nagyon n\u00e9pszer\u0171 v\u00e1laszt\u00e1s a t\u00e9p\u0151z\u00e1ras cip\u0151. R\u00e1ad\u00e1sul k\u00f6nnyen \u00e9s gyorsan fel- \u00e9s levehet\u0151 &#8211; nem kell bef\u0171zni \u0151ket. \u00c9rdemes \u0151szre k\u00e9nyelmes l\u00e1bbelinek vagy iskol\u00e1ba v\u00e1lt\u00f3cip\u0151nek v\u00e1lasztani. Tekintsd meg a k\u00f6nny\u0171 \u00e9s k\u00e9nyelmes Sprandi sportcip\u0151ket, melyek t\u00f6k\u00e9letes v\u00e1laszt\u00e1sok az iskol\u00e1ba is egyar\u00e1nt.&nbsp; A modellek sz\u00e9les v\u00e1laszt\u00e9ka megtal\u00e1lhat\u00f3 olyan m\u00e1rk\u00e1k kollekci\u00f3iban, mint a Lasocki Kids, a Nelli Blu, az Adidas, a Champion \u00e9s a Sprandi . K\u00fcl\u00f6nb\u00f6z\u0151 sz\u00ednekben \u00e9s mint\u00e1zatokban kaphat\u00f3k, \u00edgy b\u00e1rmilyen gyerekst\u00edlushoz passzolnak \u2013 tal\u00e1lsz visszafogottabb modellt, de a sz\u00ednes \u00e9s diz\u00e1jnos darabokb\u00f3l sincs hi\u00e1ny.<\/p>\n\n\n\n\n\n\n<p><\/p>\n\n\n\n<h2 class=\"wp-block-heading\">F\u0171z\u0151s cip\u0151<\/h2>\n\n\n\n<p>A klasszikus f\u0171z\u0151s cip\u0151 j\u00f3 v\u00e1laszt\u00e1s iskol\u00e1ba, de az \u0151szi napokon a mindennapi haszn\u00e1latra is j\u00f3 d\u00f6nt\u00e9s. T\u00f6k\u00e9letes v\u00e1laszt\u00e1s azoknak a di\u00e1koknak, akik m\u00e1r tudnak cip\u0151t k\u00f6tni.\u00a0A Sprandi, az ADIDAS \u00e9s a Lasocki kollekci\u00f3iban sz\u00e1mos f\u0171z\u0151s modell tal\u00e1lhat\u00f3 visszafogott sz\u00ednekben: fi\u00faknak a s\u00f6t\u00e9tk\u00e9k, sz\u00fcrke, fekete &#8211; \u00e9s l\u00e1nyoknak &#8211; r\u00f3zsasz\u00edn vagy feh\u00e9r cip\u0151.\u00a0Ezek a cip\u0151k rendk\u00edv\u00fcl komfortosak a di\u00e1kok sz\u00e1m\u00e1ra-\u00a0 az iskol\u00e1ban, a p\u00e1ly\u00e1n, sporttev\u00e9kenys\u00e9gek sor\u00e1n, de a tal\u00e1lkoz\u00f3k \u00e9s j\u00e1t\u00e9kok sor\u00e1n is.\u00a0<strong>A j\u00f3 l\u00e1bbelinek garant\u00e1lnia kell a biztons\u00e1got<\/strong>\u00a0, l\u00e9giesnek \u00e9s a di\u00e1k l\u00e1b\u00e1nak alakj\u00e1hoz kell igazodnia.\u00a0Az \u0151szi cip\u0151 kiv\u00e1laszt\u00e1sa \u00e9s az iskolai v\u00e1lt\u00f3cip\u0151 kiv\u00e1laszt\u00e1sa nagyon fontos a gyermek k\u00e9nyelme szempontj\u00e1b\u00f3l.\u00a0Annak \u00e9rdek\u00e9ben, hogy a legjobban tudj gondoskodni gyermekedr\u0151l, \u00e9rdemes olyan k\u00e9nyelmes sportcip\u0151t v\u00e1lasztani, amely t\u00f6k\u00e9letesen illeszkedik a l\u00e1b\u00e1hoz.<\/p>\n\n\n\n\n\n\n<p><\/p>\n\n\n\n<h2 class=\"wp-block-heading\">St\u00edlusos gyermek tornacip\u0151!<\/h2>\n\n\n\n<p>A st\u00edlusos gyermek tornacip\u0151k iskolai cip\u0151nek is nagyszer\u0171 v\u00e1laszt\u00e1sok a di\u00e1kok sz\u00e1m\u00e1ra &#8211; CCC \u00fczleteinkben fi\u00fak \u00e9s l\u00e1nyok, valamint tin\u00e9dzserek sz\u00e1m\u00e1ra k\u00e9sz\u00fclt modellek sz\u00e9les v\u00e1laszt\u00e9k\u00e1t megtal\u00e1lod, sokf\u00e9le sz\u00ednben \u00e9s st\u00edlusban.&nbsp;A CCC-n\u00e9l az iskolai cip\u0151k k\u00f6z\u00f6tt megtal\u00e1lhat\u00f3k olyan m\u00e1rk\u00e1k l\u00e1bbelijei, mint a Converse, a Nelli Blu \u00e9s m\u00e9g sok.&nbsp;<\/p>\n\n\n\n<p><strong>\u00c9rdemes j\u00f3 min\u0151s\u00e9g\u0171, l\u00e9g\u00e1tereszt\u0151 anyagb\u00f3l k\u00e9sz\u00fclt gyerekcip\u0151t<\/strong>\u00a0v\u00e1lasztani, hogy k\u00f6nny\u0171ek legyenek \u00e9s garant\u00e1lj\u00e1k a l\u00e9g\u00e1raml\u00e1st.\u00a0A talp is fontos eleme a cip\u0151nek \u2013 rugalmasnak \u00e9s puh\u00e1nak kell lennie.\u00a0A fi\u00fak sz\u00e1m\u00e1ra egy\u00e9rtelm\u0171en k\u00f6nnyebb az iskolai cip\u0151 kiv\u00e1laszt\u00e1sa, mivel a fi\u00fak a sportos st\u00edlust r\u00e9szes\u00edtik el\u0151nyben.\u00a0A l\u00e1nyok iskolai cip\u0151i viszont kih\u00edv\u00e1st jelenthetnek, a tornacip\u0151k mellett ugyanis a st\u00edlusos iskol\u00e1s l\u00e1nyok \u00e9rdekl\u0151dni fognak a balerin\u00e1k ir\u00e1nt is.\u00a0Mindig j\u00f3 min\u0151s\u00e9g\u0171 anyagokb\u00f3l k\u00e9sz\u00fclt cip\u0151ket v\u00e1lassz.<\/p>\n\n\n\n\n\n\n<p><\/p>\n\n\n\n<h2 class=\"wp-block-heading\">Milyen cip\u0151 az ide\u00e1lis testnevel\u00e9s \u00f3r\u00e1ra?<\/h2>\n\n\n\n<p>A testnevel\u00e9s \u00f3r\u00e1n haszn\u00e1latos cip\u0151 megfelel\u0151 kiv\u00e1laszt\u00e1sa szint\u00e9n nagyon fontos szempontok alapj\u00e1n t\u00f6rt\u00e9nik. Egy l\u00e9g\u00e1tereszt\u0151s feh\u00e9r talp\u00fa tornacip\u0151 vagy egy sportcip\u0151 cs\u00fasz\u00e1smentes, feh\u00e9r talppal az egyik legjobb v\u00e1laszt\u00e1s az iskolai sporthoz. Az iskolai sportok k\u00f6z\u00e9 tartozik a fut\u00e1s, ugr\u00e1s, valamint a l\u00e1bak \u00e9s az eg\u00e9sz test intenz\u00edv megmozgat\u00e1sa, ez\u00e9rt gondoskodnod kell gyermeked gerinc\u00e9nek \u00e9s \u00edz\u00fcleteinek biztons\u00e1g\u00e1r\u00f3l. Ha gyermeked ezen k\u00edv\u00fcl m\u00e1s sportot is \u0171z, p\u00e9ld\u00e1ul focizik, v\u00e1s\u00e1rolj kimondottan ehhez a sporthoz megfelel\u0151 cip\u0151t is neki. Ne felejts el tornazs\u00e1kot is beszerezni gyermeked sz\u00e1m\u00e1ra, amelyben biztons\u00e1gosan t\u00e1rolni tudja majd a testnevel\u00e9s \u00f3r\u00e1ra sz\u00e1nt sportcip\u0151j\u00e9t, tornacip\u0151j\u00e9t. Megfelel\u0151 t\u00e1rol\u00e1s eset\u00e9n nem s\u00e9r\u00fclnek \u00e9s nem mennek t\u00f6nkre. T\u00f6bb sz\u00ednben, f\u0171z\u0151s \u00e9s t\u00e9p\u0151z\u00e1ras verzi\u00f3ban is megtal\u00e1lhat\u00f3ak a CCC k\u00edn\u00e1lat\u00e1ban a testnevel\u00e9s \u00f3r\u00e1hoz t\u00f6k\u00e9letesen alkalmas tornacip\u0151k \u00e9s sportcip\u0151k egyar\u00e1nt!<\/p>\n\n\n\n\n\n\n<p><\/p>\n\n\n\n<p>A t\u00f6k\u00e9letes iskolai cip\u0151 kiv\u00e1laszt\u00e1sa nem olyan egyszer\u0171. K\u00e9nyelmes tornacip\u0151k \u00e9s sportcip\u0151k sz\u00e9les v\u00e1laszt\u00e9ka megtal\u00e1lhat\u00f3 a <a href=\"https:\/\/ccc.eu\/hu\/sklepy\">CCC \u00fczleteinkben<\/a>,\u00a0<a href=\"https:\/\/ccc.eu\/hu\/\">webshopunkban<\/a>, \u00e9s az\u00a0<a href=\"https:\/\/ccc.eu\/hu\/mobile-app\">alkalmaz\u00e1sban<\/a>, amelyek nem csak divatosak, hanem v\u00e9dik is a l\u00e1bfejet. \u00c9rdemes a gyermekkel egy\u00fctt v\u00e1lasztani iskolai cip\u0151t, amely nem csak k\u00e9nyelmes lesz sz\u00e1m\u00e1ra, de megfelel a gyermek eszt\u00e9tikai elv\u00e1r\u00e1sainak is.<\/p>\n\n\n\n<p>Legy\u00e9l&nbsp;<a href=\"https:\/\/ccc.eu\/hu\/klub-ccc\">CCC klubtag<\/a>&nbsp;is, \u00e9s \u00e9lvezd a k\u00e9nyelmes \u00e9s kedvezm\u00e9nyes v\u00e1s\u00e1rl\u00e1si lehet\u0151s\u00e9geket! K\u00f6vesd vel\u00fcnk a divatot&nbsp;<a href=\"https:\/\/www.facebook.com\/CCC.Hungary\/\">Facebookon,<\/a>&nbsp;\u00e9s inspir\u00e1l\u00f3dj vel\u00fcnk az&nbsp;<a href=\"https:\/\/www.instagram.com\/cccshoesbags\/\">Instagramon<\/a>&nbsp;is.<\/p>\n","protected":false},"excerpt":{"rendered":"<p>Kezd h\u0171v\u00f6s\u00f6dni az id\u0151, ami azt jelenti, hogy ideje lecser\u00e9lni a szand\u00e1lokat a z\u00e1rt orr\u00fa \u0151szi cip\u0151kre! Szeptember 1. sok 6 \u00e9s 7 \u00e9ves gyermek sz\u00e1m\u00e1ra az iskolakezd\u00e9st jelenti. Egyes sz\u00fcl\u0151k nehezen tal\u00e1lnak olyan \u0151szi cip\u0151t gyermek\u00fck sz\u00e1m\u00e1ra, amely egyszerre k\u00e9nyelmes, \u00e9s amit a gyermek val\u00f3ban sz\u00edvesen is hord. A kiv\u00e1lasztott cip\u0151nek t\u00f6bb \u00f3r\u00e1n \u00e1t [&hellip;]<\/p>\n","protected":false},"author":19,"featured_media":6376,"comment_status":"open","ping_status":"open","sticky":false,"template":"","format":"standard","meta":{"_acf_changed":false,"footnotes":""},"categories":[4],"tags":[560,909,908,732],"class_list":["post-6374","post","type-post","status-publish","format-standard","has-post-thumbnail","hentry","category-divat-tippek","tag-ccc","tag-gyerek-sportcipo","tag-iskolai-cipo","tag-tornacipo"],"acf":[],"yoast_head":"<!-- This site is optimized with the Yoast SEO plugin v26.9 - https:\/\/yoast.com\/product\/yoast-seo-wordpress\/ -->\n<title>Iskolai cip\u0151 - hogyan v\u00e1lasszuk ki a legjobbat? - CCC Fashion blog<\/title>\n<meta name=\"description\" content=\"2026\" \/>\n<meta name=\"robots\" content=\"index, follow, max-snippet:-1, max-image-preview:large, max-video-preview:-1\" \/>\n<link rel=\"canonical\" href=\"https:\/\/blog.ccc.eu\/hu\/iskolai-cipo-hogyan-valasszuk-ki-a-legjobbat\/\" \/>\n<meta property=\"og:locale\" content=\"hu_HU\" \/>\n<meta property=\"og:type\" content=\"article\" \/>\n<meta property=\"og:title\" content=\"Iskolai cip\u0151 - hogyan v\u00e1lasszuk ki a legjobbat? - CCC Fashion blog\" \/>\n<meta property=\"og:description\" content=\"Kezd h\u0171v\u00f6s\u00f6dni az id\u0151, ami azt jelenti, hogy ideje lecser\u00e9lni a szand\u00e1lokat a z\u00e1rt orr\u00fa \u0151szi cip\u0151kre! Szeptember 1. sok 6 \u00e9s 7 \u00e9ves gyermek sz\u00e1m\u00e1ra az iskolakezd\u00e9st jelenti. Egyes sz\u00fcl\u0151k nehezen tal\u00e1lnak olyan \u0151szi cip\u0151t gyermek\u00fck sz\u00e1m\u00e1ra, amely egyszerre k\u00e9nyelmes, \u00e9s amit a gyermek val\u00f3ban sz\u00edvesen is hord. A kiv\u00e1lasztott cip\u0151nek t\u00f6bb \u00f3r\u00e1n \u00e1t [&hellip;]\" \/>\n<meta property=\"og:url\" content=\"https:\/\/blog.ccc.eu\/hu\/iskolai-cipo-hogyan-valasszuk-ki-a-legjobbat\/\" \/>\n<meta property=\"og:site_name\" content=\"CCC Fashion blog\" \/>\n<meta property=\"article:published_time\" content=\"2022-08-03T11:36:25+00:00\" \/>\n<meta property=\"article:modified_time\" content=\"2023-07-10T09:22:44+00:00\" \/>\n<meta property=\"og:image\" content=\"https:\/\/blog.ccc.eu\/hu\/wp-content\/uploads\/2022\/08\/20220606_ZUZA_CCC_0399-Copy.jpg\" \/>\n\t<meta property=\"og:image:width\" content=\"1400\" \/>\n\t<meta property=\"og:image:height\" content=\"714\" \/>\n\t<meta property=\"og:image:type\" content=\"image\/jpeg\" \/>\n<meta name=\"author\" content=\"Mercedes Korosi\" \/>\n<meta name=\"twitter:card\" content=\"summary_large_image\" \/>\n<meta name=\"twitter:label1\" content=\"Szerz\u0151:\" \/>\n\t<meta name=\"twitter:data1\" content=\"Mercedes Korosi\" \/>\n\t<meta name=\"twitter:label2\" content=\"Becs\u00fclt olvas\u00e1si id\u0151\" \/>\n\t<meta name=\"twitter:data2\" content=\"6 perc\" \/>\n<script type=\"application\/ld+json\" class=\"yoast-schema-graph\">{\"@context\":\"https:\/\/schema.org\",\"@graph\":[{\"@type\":\"Article\",\"@id\":\"https:\/\/blog.ccc.eu\/hu\/iskolai-cipo-hogyan-valasszuk-ki-a-legjobbat\/#article\",\"isPartOf\":{\"@id\":\"https:\/\/blog.ccc.eu\/hu\/iskolai-cipo-hogyan-valasszuk-ki-a-legjobbat\/\"},\"author\":{\"name\":\"Mercedes Korosi\",\"@id\":\"https:\/\/blog.ccc.eu\/hu\/#\/schema\/person\/46545a2effdaccf6ce20a3726eda2317\"},\"headline\":\"Iskolai cip\u0151 &#8211; hogyan v\u00e1lasszuk ki a legjobbat?\",\"datePublished\":\"2022-08-03T11:36:25+00:00\",\"dateModified\":\"2023-07-10T09:22:44+00:00\",\"mainEntityOfPage\":{\"@id\":\"https:\/\/blog.ccc.eu\/hu\/iskolai-cipo-hogyan-valasszuk-ki-a-legjobbat\/\"},\"wordCount\":1306,\"commentCount\":0,\"publisher\":{\"@id\":\"https:\/\/blog.ccc.eu\/hu\/#organization\"},\"image\":{\"@id\":\"https:\/\/blog.ccc.eu\/hu\/iskolai-cipo-hogyan-valasszuk-ki-a-legjobbat\/#primaryimage\"},\"thumbnailUrl\":\"https:\/\/blog.ccc.eu\/hu\/wp-content\/uploads\/2022\/08\/20220606_ZUZA_CCC_0399-Copy.jpg\",\"keywords\":[\"CCC\",\"gyerek sportcip\u0151\",\"iskolai cip\u0151\",\"tornacip\u0151\"],\"articleSection\":[\"DIVAT TIPPEK\"],\"inLanguage\":\"hu\",\"potentialAction\":[{\"@type\":\"CommentAction\",\"name\":\"Comment\",\"target\":[\"https:\/\/blog.ccc.eu\/hu\/iskolai-cipo-hogyan-valasszuk-ki-a-legjobbat\/#respond\"]}]},{\"@type\":\"WebPage\",\"@id\":\"https:\/\/blog.ccc.eu\/hu\/iskolai-cipo-hogyan-valasszuk-ki-a-legjobbat\/\",\"url\":\"https:\/\/blog.ccc.eu\/hu\/iskolai-cipo-hogyan-valasszuk-ki-a-legjobbat\/\",\"name\":\"Iskolai cip\u0151 - hogyan v\u00e1lasszuk ki a legjobbat? - CCC Fashion blog\",\"isPartOf\":{\"@id\":\"https:\/\/blog.ccc.eu\/hu\/#website\"},\"primaryImageOfPage\":{\"@id\":\"https:\/\/blog.ccc.eu\/hu\/iskolai-cipo-hogyan-valasszuk-ki-a-legjobbat\/#primaryimage\"},\"image\":{\"@id\":\"https:\/\/blog.ccc.eu\/hu\/iskolai-cipo-hogyan-valasszuk-ki-a-legjobbat\/#primaryimage\"},\"thumbnailUrl\":\"https:\/\/blog.ccc.eu\/hu\/wp-content\/uploads\/2022\/08\/20220606_ZUZA_CCC_0399-Copy.jpg\",\"datePublished\":\"2022-08-03T11:36:25+00:00\",\"dateModified\":\"2023-07-10T09:22:44+00:00\",\"breadcrumb\":{\"@id\":\"https:\/\/blog.ccc.eu\/hu\/iskolai-cipo-hogyan-valasszuk-ki-a-legjobbat\/#breadcrumb\"},\"inLanguage\":\"hu\",\"potentialAction\":[{\"@type\":\"ReadAction\",\"target\":[\"https:\/\/blog.ccc.eu\/hu\/iskolai-cipo-hogyan-valasszuk-ki-a-legjobbat\/\"]}]},{\"@type\":\"ImageObject\",\"inLanguage\":\"hu\",\"@id\":\"https:\/\/blog.ccc.eu\/hu\/iskolai-cipo-hogyan-valasszuk-ki-a-legjobbat\/#primaryimage\",\"url\":\"https:\/\/blog.ccc.eu\/hu\/wp-content\/uploads\/2022\/08\/20220606_ZUZA_CCC_0399-Copy.jpg\",\"contentUrl\":\"https:\/\/blog.ccc.eu\/hu\/wp-content\/uploads\/2022\/08\/20220606_ZUZA_CCC_0399-Copy.jpg\",\"width\":1400,\"height\":714,\"caption\":\"iskolai cip\u0151\"},{\"@type\":\"BreadcrumbList\",\"@id\":\"https:\/\/blog.ccc.eu\/hu\/iskolai-cipo-hogyan-valasszuk-ki-a-legjobbat\/#breadcrumb\",\"itemListElement\":[{\"@type\":\"ListItem\",\"position\":1,\"name\":\"Strona g\u0142\u00f3wna\",\"item\":\"https:\/\/blog.ccc.eu\/hu\/\"},{\"@type\":\"ListItem\",\"position\":2,\"name\":\"Iskolai cip\u0151 &#8211; hogyan v\u00e1lasszuk ki a legjobbat?\"}]},{\"@type\":\"WebSite\",\"@id\":\"https:\/\/blog.ccc.eu\/hu\/#website\",\"url\":\"https:\/\/blog.ccc.eu\/hu\/\",\"name\":\"CCC Fashion blog\",\"description\":\"Az \u00d6n helye tele van divatihletekkel\",\"publisher\":{\"@id\":\"https:\/\/blog.ccc.eu\/hu\/#organization\"},\"potentialAction\":[{\"@type\":\"SearchAction\",\"target\":{\"@type\":\"EntryPoint\",\"urlTemplate\":\"https:\/\/blog.ccc.eu\/hu\/?s={search_term_string}\"},\"query-input\":{\"@type\":\"PropertyValueSpecification\",\"valueRequired\":true,\"valueName\":\"search_term_string\"}}],\"inLanguage\":\"hu\"},{\"@type\":\"Organization\",\"@id\":\"https:\/\/blog.ccc.eu\/hu\/#organization\",\"name\":\"CCC S.A.\",\"url\":\"https:\/\/blog.ccc.eu\/hu\/\",\"logo\":{\"@type\":\"ImageObject\",\"inLanguage\":\"hu\",\"@id\":\"https:\/\/blog.ccc.eu\/hu\/#\/schema\/logo\/image\/\",\"url\":\"https:\/\/blog.ccc.eu\/hu\/wp-content\/uploads\/2021\/11\/logo_ccc.png\",\"contentUrl\":\"https:\/\/blog.ccc.eu\/hu\/wp-content\/uploads\/2021\/11\/logo_ccc.png\",\"width\":730,\"height\":270,\"caption\":\"CCC S.A.\"},\"image\":{\"@id\":\"https:\/\/blog.ccc.eu\/hu\/#\/schema\/logo\/image\/\"}},{\"@type\":\"Person\",\"@id\":\"https:\/\/blog.ccc.eu\/hu\/#\/schema\/person\/46545a2effdaccf6ce20a3726eda2317\",\"name\":\"Mercedes Korosi\",\"image\":{\"@type\":\"ImageObject\",\"inLanguage\":\"hu\",\"@id\":\"https:\/\/blog.ccc.eu\/hu\/#\/schema\/person\/image\/\",\"url\":\"https:\/\/blog.ccc.eu\/hu\/wp-content\/uploads\/2022\/04\/m-150x150.jpg\",\"contentUrl\":\"https:\/\/blog.ccc.eu\/hu\/wp-content\/uploads\/2022\/04\/m-150x150.jpg\",\"caption\":\"Mercedes Korosi\"},\"url\":\"https:\/\/blog.ccc.eu\/hu\/author\/mercedes-korosi\/\"}]}<\/script>\n<!-- \/ Yoast SEO plugin. -->","yoast_head_json":{"title":"Iskolai cip\u0151 - hogyan v\u00e1lasszuk ki a legjobbat? - CCC Fashion blog","description":"2026","robots":{"index":"index","follow":"follow","max-snippet":"max-snippet:-1","max-image-preview":"max-image-preview:large","max-video-preview":"max-video-preview:-1"},"canonical":"https:\/\/blog.ccc.eu\/hu\/iskolai-cipo-hogyan-valasszuk-ki-a-legjobbat\/","og_locale":"hu_HU","og_type":"article","og_title":"Iskolai cip\u0151 - hogyan v\u00e1lasszuk ki a legjobbat? - CCC Fashion blog","og_description":"Kezd h\u0171v\u00f6s\u00f6dni az id\u0151, ami azt jelenti, hogy ideje lecser\u00e9lni a szand\u00e1lokat a z\u00e1rt orr\u00fa \u0151szi cip\u0151kre! Szeptember 1. sok 6 \u00e9s 7 \u00e9ves gyermek sz\u00e1m\u00e1ra az iskolakezd\u00e9st jelenti. Egyes sz\u00fcl\u0151k nehezen tal\u00e1lnak olyan \u0151szi cip\u0151t gyermek\u00fck sz\u00e1m\u00e1ra, amely egyszerre k\u00e9nyelmes, \u00e9s amit a gyermek val\u00f3ban sz\u00edvesen is hord. A kiv\u00e1lasztott cip\u0151nek t\u00f6bb \u00f3r\u00e1n \u00e1t [&hellip;]","og_url":"https:\/\/blog.ccc.eu\/hu\/iskolai-cipo-hogyan-valasszuk-ki-a-legjobbat\/","og_site_name":"CCC Fashion blog","article_published_time":"2022-08-03T11:36:25+00:00","article_modified_time":"2023-07-10T09:22:44+00:00","og_image":[{"width":1400,"height":714,"url":"https:\/\/blog.ccc.eu\/hu\/wp-content\/uploads\/2022\/08\/20220606_ZUZA_CCC_0399-Copy.jpg","type":"image\/jpeg"}],"author":"Mercedes Korosi","twitter_card":"summary_large_image","twitter_misc":{"Szerz\u0151:":"Mercedes Korosi","Becs\u00fclt olvas\u00e1si id\u0151":"6 perc"},"schema":{"@context":"https:\/\/schema.org","@graph":[{"@type":"Article","@id":"https:\/\/blog.ccc.eu\/hu\/iskolai-cipo-hogyan-valasszuk-ki-a-legjobbat\/#article","isPartOf":{"@id":"https:\/\/blog.ccc.eu\/hu\/iskolai-cipo-hogyan-valasszuk-ki-a-legjobbat\/"},"author":{"name":"Mercedes Korosi","@id":"https:\/\/blog.ccc.eu\/hu\/#\/schema\/person\/46545a2effdaccf6ce20a3726eda2317"},"headline":"Iskolai cip\u0151 &#8211; hogyan v\u00e1lasszuk ki a legjobbat?","datePublished":"2022-08-03T11:36:25+00:00","dateModified":"2023-07-10T09:22:44+00:00","mainEntityOfPage":{"@id":"https:\/\/blog.ccc.eu\/hu\/iskolai-cipo-hogyan-valasszuk-ki-a-legjobbat\/"},"wordCount":1306,"commentCount":0,"publisher":{"@id":"https:\/\/blog.ccc.eu\/hu\/#organization"},"image":{"@id":"https:\/\/blog.ccc.eu\/hu\/iskolai-cipo-hogyan-valasszuk-ki-a-legjobbat\/#primaryimage"},"thumbnailUrl":"https:\/\/blog.ccc.eu\/hu\/wp-content\/uploads\/2022\/08\/20220606_ZUZA_CCC_0399-Copy.jpg","keywords":["CCC","gyerek sportcip\u0151","iskolai cip\u0151","tornacip\u0151"],"articleSection":["DIVAT TIPPEK"],"inLanguage":"hu","potentialAction":[{"@type":"CommentAction","name":"Comment","target":["https:\/\/blog.ccc.eu\/hu\/iskolai-cipo-hogyan-valasszuk-ki-a-legjobbat\/#respond"]}]},{"@type":"WebPage","@id":"https:\/\/blog.ccc.eu\/hu\/iskolai-cipo-hogyan-valasszuk-ki-a-legjobbat\/","url":"https:\/\/blog.ccc.eu\/hu\/iskolai-cipo-hogyan-valasszuk-ki-a-legjobbat\/","name":"Iskolai cip\u0151 - hogyan v\u00e1lasszuk ki a legjobbat? - CCC Fashion blog","isPartOf":{"@id":"https:\/\/blog.ccc.eu\/hu\/#website"},"primaryImageOfPage":{"@id":"https:\/\/blog.ccc.eu\/hu\/iskolai-cipo-hogyan-valasszuk-ki-a-legjobbat\/#primaryimage"},"image":{"@id":"https:\/\/blog.ccc.eu\/hu\/iskolai-cipo-hogyan-valasszuk-ki-a-legjobbat\/#primaryimage"},"thumbnailUrl":"https:\/\/blog.ccc.eu\/hu\/wp-content\/uploads\/2022\/08\/20220606_ZUZA_CCC_0399-Copy.jpg","datePublished":"2022-08-03T11:36:25+00:00","dateModified":"2023-07-10T09:22:44+00:00","breadcrumb":{"@id":"https:\/\/blog.ccc.eu\/hu\/iskolai-cipo-hogyan-valasszuk-ki-a-legjobbat\/#breadcrumb"},"inLanguage":"hu","potentialAction":[{"@type":"ReadAction","target":["https:\/\/blog.ccc.eu\/hu\/iskolai-cipo-hogyan-valasszuk-ki-a-legjobbat\/"]}]},{"@type":"ImageObject","inLanguage":"hu","@id":"https:\/\/blog.ccc.eu\/hu\/iskolai-cipo-hogyan-valasszuk-ki-a-legjobbat\/#primaryimage","url":"https:\/\/blog.ccc.eu\/hu\/wp-content\/uploads\/2022\/08\/20220606_ZUZA_CCC_0399-Copy.jpg","contentUrl":"https:\/\/blog.ccc.eu\/hu\/wp-content\/uploads\/2022\/08\/20220606_ZUZA_CCC_0399-Copy.jpg","width":1400,"height":714,"caption":"iskolai cip\u0151"},{"@type":"BreadcrumbList","@id":"https:\/\/blog.ccc.eu\/hu\/iskolai-cipo-hogyan-valasszuk-ki-a-legjobbat\/#breadcrumb","itemListElement":[{"@type":"ListItem","position":1,"name":"Strona g\u0142\u00f3wna","item":"https:\/\/blog.ccc.eu\/hu\/"},{"@type":"ListItem","position":2,"name":"Iskolai cip\u0151 &#8211; hogyan v\u00e1lasszuk ki a legjobbat?"}]},{"@type":"WebSite","@id":"https:\/\/blog.ccc.eu\/hu\/#website","url":"https:\/\/blog.ccc.eu\/hu\/","name":"CCC Fashion blog","description":"Az \u00d6n helye tele van divatihletekkel","publisher":{"@id":"https:\/\/blog.ccc.eu\/hu\/#organization"},"potentialAction":[{"@type":"SearchAction","target":{"@type":"EntryPoint","urlTemplate":"https:\/\/blog.ccc.eu\/hu\/?s={search_term_string}"},"query-input":{"@type":"PropertyValueSpecification","valueRequired":true,"valueName":"search_term_string"}}],"inLanguage":"hu"},{"@type":"Organization","@id":"https:\/\/blog.ccc.eu\/hu\/#organization","name":"CCC S.A.","url":"https:\/\/blog.ccc.eu\/hu\/","logo":{"@type":"ImageObject","inLanguage":"hu","@id":"https:\/\/blog.ccc.eu\/hu\/#\/schema\/logo\/image\/","url":"https:\/\/blog.ccc.eu\/hu\/wp-content\/uploads\/2021\/11\/logo_ccc.png","contentUrl":"https:\/\/blog.ccc.eu\/hu\/wp-content\/uploads\/2021\/11\/logo_ccc.png","width":730,"height":270,"caption":"CCC S.A."},"image":{"@id":"https:\/\/blog.ccc.eu\/hu\/#\/schema\/logo\/image\/"}},{"@type":"Person","@id":"https:\/\/blog.ccc.eu\/hu\/#\/schema\/person\/46545a2effdaccf6ce20a3726eda2317","name":"Mercedes Korosi","image":{"@type":"ImageObject","inLanguage":"hu","@id":"https:\/\/blog.ccc.eu\/hu\/#\/schema\/person\/image\/","url":"https:\/\/blog.ccc.eu\/hu\/wp-content\/uploads\/2022\/04\/m-150x150.jpg","contentUrl":"https:\/\/blog.ccc.eu\/hu\/wp-content\/uploads\/2022\/04\/m-150x150.jpg","caption":"Mercedes Korosi"},"url":"https:\/\/blog.ccc.eu\/hu\/author\/mercedes-korosi\/"}]}},"_links":{"self":[{"href":"https:\/\/blog.ccc.eu\/hu\/wp-json\/wp\/v2\/posts\/6374","targetHints":{"allow":["GET"]}}],"collection":[{"href":"https:\/\/blog.ccc.eu\/hu\/wp-json\/wp\/v2\/posts"}],"about":[{"href":"https:\/\/blog.ccc.eu\/hu\/wp-json\/wp\/v2\/types\/post"}],"author":[{"embeddable":true,"href":"https:\/\/blog.ccc.eu\/hu\/wp-json\/wp\/v2\/users\/19"}],"replies":[{"embeddable":true,"href":"https:\/\/blog.ccc.eu\/hu\/wp-json\/wp\/v2\/comments?post=6374"}],"version-history":[{"count":14,"href":"https:\/\/blog.ccc.eu\/hu\/wp-json\/wp\/v2\/posts\/6374\/revisions"}],"predecessor-version":[{"id":8544,"href":"https:\/\/blog.ccc.eu\/hu\/wp-json\/wp\/v2\/posts\/6374\/revisions\/8544"}],"wp:featuredmedia":[{"embeddable":true,"href":"https:\/\/blog.ccc.eu\/hu\/wp-json\/wp\/v2\/media\/6376"}],"wp:attachment":[{"href":"https:\/\/blog.ccc.eu\/hu\/wp-json\/wp\/v2\/media?parent=6374"}],"wp:term":[{"taxonomy":"category","embeddable":true,"href":"https:\/\/blog.ccc.eu\/hu\/wp-json\/wp\/v2\/categories?post=6374"},{"taxonomy":"post_tag","embeddable":true,"href":"https:\/\/blog.ccc.eu\/hu\/wp-json\/wp\/v2\/tags?post=6374"}],"curies":[{"name":"wp","href":"https:\/\/api.w.org\/{rel}","templated":true}]}}