{"id":6385,"date":"2022-08-08T09:00:00","date_gmt":"2022-08-08T07:00:00","guid":{"rendered":"https:\/\/blog.ccc.eu\/hu\/?p=6385"},"modified":"2022-08-05T10:10:50","modified_gmt":"2022-08-05T08:10:50","slug":"adidas-marka-a-ccc-ben","status":"publish","type":"post","link":"https:\/\/blog.ccc.eu\/hu\/adidas-marka-a-ccc-ben\/","title":{"rendered":"ADIDAS m\u00e1rka a CCC-ben!"},"content":{"rendered":"\n<p><b>Az ikonikus Adidas m\u00e1rka k\u00f6zel sz\u00e1z \u00e9ves! Vonzereje pedig az id\u0151 m\u00fal\u00e1s\u00e1val egyre n\u0151. Az Adidas cip\u0151k rendk\u00edv\u00fcl n\u00e9pszer\u0171ek, f\u00fcggetlen\u00fcl a visel\u0151j\u00fck kor\u00e1t\u00f3l. A Dassler testv\u00e9rek egy igazi sportbirodalmat hoztak l\u00e9tre, amely egyre nagyobb m\u00e9reteket \u00f6lt, \u00e9s a vil\u00e1g legn\u00e9pszer\u0171bb \u00e9s legf\u00e9ny\u0171z\u0151bb divath\u00e1zaival m\u0171k\u00f6dnek egy\u00fctt vel\u00fck! Hogyan j\u00f6tt l\u00e9tre egy olyan m\u00e1rka, amelynek vil\u00e1gszerte vannak k\u00f6vet\u0151i, \u00e9s mi\u00e9rt szeretj\u00fck az Adidas-t? Der\u00edts\u00fck ki!<\/b><\/p>\n\n\n\n<figure class=\"wp-block-image size-full\"><img loading=\"lazy\" decoding=\"async\" width=\"750\" height=\"563\" src=\"https:\/\/blog.ccc.eu\/hu\/wp-content\/uploads\/2022\/08\/EXTERNAL-BRANDS_AW21_org_Lea-Winkler_jpg42-1.jpg\" alt=\"\" class=\"wp-image-6391\" srcset=\"https:\/\/blog.ccc.eu\/hu\/wp-content\/uploads\/2022\/08\/EXTERNAL-BRANDS_AW21_org_Lea-Winkler_jpg42-1.jpg 750w, https:\/\/blog.ccc.eu\/hu\/wp-content\/uploads\/2022\/08\/EXTERNAL-BRANDS_AW21_org_Lea-Winkler_jpg42-1-300x225.jpg 300w, https:\/\/blog.ccc.eu\/hu\/wp-content\/uploads\/2022\/08\/EXTERNAL-BRANDS_AW21_org_Lea-Winkler_jpg42-1-100x75.jpg 100w\" sizes=\"auto, (max-width: 750px) 100vw, 750px\" \/><\/figure>\n\n\n\n<h2 class=\"wp-block-heading\"><strong>K\u00e9t testv\u00e9r t\u00f6rt\u00e9nete<\/strong><\/h2>\n\n\n\n<p>Minden 1924-ben kezd\u0151d\u00f6tt, amikor k\u00e9t testv\u00e9r, a n\u00e9metorsz\u00e1gi sz\u00e1rmaz\u00e1s\u00fa Adolf \u00e9s Rudolf Dassler elhat\u00e1rozta, hogy sportruh\u00e1zattal \u00e9s l\u00e1bbelik gy\u00e1rt\u00e1s\u00e1val foglalkoz\u00f3 v\u00e1llalatot alap\u00edtanak. Maga a v\u00e1llalat neve az egyik testv\u00e9r, Adi Dassler keresztnev\u00e9nek \u00e9s vezet\u00e9knev\u00e9nek kombin\u00e1ci\u00f3j\u00e1b\u00f3l sz\u00e1rmazik. A m\u00e1rka v\u00e9djegyei a jellegzetes h\u00e1rom cs\u00edk minden term\u00e9ken, valamint egy m\u00e1sodik log\u00f3 (1972 \u00f3ta l\u00e9tezik), amely egy l\u00f3here form\u00e1j\u00e1ban az olimpiai j\u00e1t\u00e9kokat \u00e9s a h\u00e1rom kontinens egys\u00e9g\u00e9t jelk\u00e9pezi. A cs\u00edkok kezdetben csak a cip\u0151 meger\u0151s\u00edt\u00e9s\u00e9re szolg\u00e1ltak, de n\u00e9pszer\u0171s\u00e9g\u00fck olyan nagy volt, hogy a mai napig rajta vannak a cip\u0151k\u00f6n. A jellegzetes l\u00f3here viszont csak az Adidas Originals term\u00e9kcsal\u00e1don tal\u00e1lhat\u00f3 meg.<\/p>\n\n\n\n<h2 class=\"wp-block-heading\"><strong>Az Adid<\/strong><strong>as sneakerek \u00e9s nagyszer\u0171 karrierj\u00fck<\/strong><\/h2>\n\n\n\n<p>A m\u00e1rka els\u0151 cip\u0151it sportol\u00f3k sz\u00e1m\u00e1ra k\u00e9sz\u00edtett\u00e9k. A vil\u00e1g egyik legn\u00e9pszer\u0171bb fut\u00f3n\u0151je, Jessi Owens \u00fagy d\u00f6nt\u00f6tt, hogy Adidas cip\u0151t fog viselni a versenyein, amelyekben azt\u00e1n n\u00e9gy arany\u00e9rmet nyert, ezt k\u00f6vet\u0151en pedig val\u00f3s\u00e1gos \u0151r\u00fclet kezd\u0151d\u00f6tt a m\u00e1rka cip\u0151i\u00e9rt, amelyek seg\u00edthetnek a gy\u0151zelem el\u00e9r\u00e9s\u00e9ben. A m\u00e1sodik vil\u00e1gh\u00e1bor\u00fa alatt a Dassler testv\u00e9rek a hadsereg sz\u00e1m\u00e1ra gy\u00e1rtottak l\u00e1bbeliket \u00e9s folyamatosan gyarap\u00edtott\u00e1k v\u00e1llalkoz\u00e1sukat. 1948-ban azonban kett\u00e9v\u00e1lt \u00fatjuk, \u00e9s Rudolf egy riv\u00e1lis c\u00e9get nyitott,m\u00e9gpedig a Pum\u00e1t. Az 1960-as \u00e9vek v\u00e9g\u00e9n az Adidas m\u00e1rka megalkotta az ikonikus \u00e9s nagyon is ismer\u0151s h\u00e1romcs\u00edkos tr\u00e9ningruh\u00e1t, amely leny\u0171g\u00f6z\u0151 karriert futott be.<\/p>\n\n\n\n<figure class=\"wp-block-gallery has-nested-images columns-default is-cropped wp-block-gallery-1 is-layout-flex wp-block-gallery-is-layout-flex\">\n<figure class=\"wp-block-image size-large\"><img loading=\"lazy\" decoding=\"async\" width=\"563\" height=\"750\" data-id=\"6394\" src=\"https:\/\/blog.ccc.eu\/hu\/wp-content\/uploads\/2022\/08\/EXTERNAL-BRANDS_AW21_org_Lea-Winkler_jpg10.jpg\" alt=\"\" class=\"wp-image-6394\" srcset=\"https:\/\/blog.ccc.eu\/hu\/wp-content\/uploads\/2022\/08\/EXTERNAL-BRANDS_AW21_org_Lea-Winkler_jpg10.jpg 563w, https:\/\/blog.ccc.eu\/hu\/wp-content\/uploads\/2022\/08\/EXTERNAL-BRANDS_AW21_org_Lea-Winkler_jpg10-225x300.jpg 225w, https:\/\/blog.ccc.eu\/hu\/wp-content\/uploads\/2022\/08\/EXTERNAL-BRANDS_AW21_org_Lea-Winkler_jpg10-100x133.jpg 100w\" sizes=\"auto, (max-width: 563px) 100vw, 563px\" \/><\/figure>\n\n\n\n<figure class=\"wp-block-image size-large\"><img loading=\"lazy\" decoding=\"async\" width=\"563\" height=\"750\" data-id=\"6393\" src=\"https:\/\/blog.ccc.eu\/hu\/wp-content\/uploads\/2022\/08\/EXTERNAL-BRANDS_AW21_org_Lea-Winkler_jpg39.jpg\" alt=\"\" class=\"wp-image-6393\" srcset=\"https:\/\/blog.ccc.eu\/hu\/wp-content\/uploads\/2022\/08\/EXTERNAL-BRANDS_AW21_org_Lea-Winkler_jpg39.jpg 563w, https:\/\/blog.ccc.eu\/hu\/wp-content\/uploads\/2022\/08\/EXTERNAL-BRANDS_AW21_org_Lea-Winkler_jpg39-225x300.jpg 225w, https:\/\/blog.ccc.eu\/hu\/wp-content\/uploads\/2022\/08\/EXTERNAL-BRANDS_AW21_org_Lea-Winkler_jpg39-100x133.jpg 100w\" sizes=\"auto, (max-width: 563px) 100vw, 563px\" \/><\/figure>\n<\/figure>\n\n\n\n<p><\/p>\n\n\n\n<h2 class=\"wp-block-heading\"><strong>Egy\u00fcttm\u0171k\u00f6d\u00e9sek divath\u00e1zakkal \u00e9s m\u0171v\u00e9szekkel<\/strong><\/h2>\n\n\n\n<p>Amikor Adi Dassler 1978-ban meghalt, a v\u00e1llalatot feles\u00e9ge \u00e9s fia vett\u00e9k \u00e1t, akik a m\u00e1rka tov\u00e1bbfejleszt\u00e9s\u00e9t t\u0171zt\u00e9k ki c\u00e9lul, \u00e9s m\u0171v\u00e9szeket \u00e9s h\u00edres zen\u00e9szeket h\u00edvtak meg egy\u00fcttm\u0171k\u00f6d\u00e9sre. Ekkor sz\u00fcletett meg az egyik legn\u00e9pszer\u0171bb sneaker, az Adidas Superstar is. Az 1990-es \u00e9vekben az Adidas \u00faj tulajdonosa Robert Louis Dreyfus lett, a munk\u00e1j\u00e1nak k\u00f6sz\u00f6nhet\u0151en a c\u00e9g \u00e9let\u00e9ben \u00fajabb fellend\u00fcl\u00e9s kezd\u0151d\u00f6tt. 2000 ut\u00e1n a sportvil\u00e1g ismert szem\u00e9lyis\u00e9gei is sz\u00edvesen n\u00e9pszer\u0171s\u00edtett\u00e9k a m\u00e1rk\u00e1t. Az Adidas f\u00e9rfi sportcip\u0151it David Beckham \u00e9s Muhammad Ali is viselte. Az Adidas m\u00e1rka is egyre ink\u00e1bb kezdett bel\u00e9pni a divat vil\u00e1g\u00e1ba, Stella McCartney 2004-ben kezdte meg a Performance vonal tervez\u00e9s\u00e9t, m\u00edg v\u00e9g\u00fcl l\u00e9trej\u00f6tt az Adidas \u00e9s Kanye West \u00fatt\u00f6r\u0151 egy\u00fcttm\u0171k\u00f6d\u00e9se.<\/p>\n\n\n\n<h2 class=\"wp-block-heading\"><strong>Adidas x Gucci<\/strong><\/h2>\n\n\n\n<p>A vir\u00e1gz\u00f3 Adidas m\u00e1rka egy\u00fcttm\u0171k\u00f6d\u00f6tt a Prad\u00e1val, m\u00edg v\u00e9g\u00fcl 2022-ben a Gucci divath\u00e1zzal val\u00f3 egy\u00fcttm\u0171k\u00f6d\u00e9sre csap le! Az Adidas cip\u0151k, t\u00e1sk\u00e1k, ruh\u00e1k \u00e9s kieg\u00e9sz\u00edt\u0151k az \u00e9vtized egyik legtehets\u00e9gesebb tervez\u0151j\u00e9vel, Alessandro Michel\u00e9vel egy\u00fcttm\u0171k\u00f6d\u00e9sben k\u00e9sz\u00fclnek. A Gucci divath\u00e1zb\u00f3l vett sz\u00ednek \u00e9s \u00e1rnyalatok a h\u00edres Adidas m\u00e1rka log\u00f3j\u00e1val, sportos eleganci\u00e1val \u00e9s a Gucci jellegzetes \u00e1raival kombin\u00e1lva. A hossz\u00fa Adidas zoknik \u00e1ra el\u00e9rheti ak\u00e1r az 1000 fontot is, de ez nem akad\u00e1lyozza meg a m\u00e1rka rajong\u00f3it abban, hogy sorban \u00e1lljanak \u00e9rt\u00fck. Mind az Adidas n\u0151i zoknik, mind pedig az Adidas f\u00e9rfi zoknik rendk\u00edv\u00fcl n\u00e9pszer\u0171ek. Ugyanez mondhat\u00f3 el a sz\u00e9d\u00fcletes karriert befut\u00f3 sneakerekr\u0151l is.<\/p>\n\n\n\n<h2 class=\"wp-block-heading\"><strong>Adidas n\u0151i cip\u0151k<\/strong><\/h2>\n\n\n\n<p>A CCC-n\u00e9l az Adidas n\u0151i cip\u0151k sz\u00e9les k\u00edn\u00e1lata megtal\u00e1lhat\u00f3. A nagyon hagyom\u00e1nyos modellekt\u0151l kezdve a kiss\u00e9 extravag\u00e1ns vagy szupertrendi modellekig. Vannak n\u00e1lunk fekete \u00e9s r\u00f3zsasz\u00edn Adidas n\u0151i cip\u0151k, valamint megtal\u00e1lhatod \u00fczleteinkben a klasszikus feh\u00e9r Adidas n\u0151i cip\u0151ket, de az Adidas n\u0151i fut\u00f3cip\u0151ket is. A sportos diz\u00e1jn h\u00edvei \u00f6r\u00fclhetnek az Adidas papucsoknak a klasszikus sz\u00ednekben \u00e9s a kidolgozottabb mint\u00e1kban egyar\u00e1nt. Az Adidas n\u0151i papucsok gy\u00f6ny\u00f6r\u0171 r\u00f3zsasz\u00edn sz\u00ednben is csak R\u00e1d v\u00e1rnak.<\/p>\n\n\n\n\n\n\n<p><\/p>\n\n\n\n<h2 class=\"wp-block-heading\"><strong>Adidas f\u00e9rfi cip\u0151k<\/strong><\/h2>\n\n\n\n<p>N\u00e1lunk nemcsak k\u00fcl\u00f6nb\u00f6z\u0151 sz\u00ednvari\u00e1ci\u00f3kban, hanem k\u00fcl\u00f6nb\u00f6z\u0151 st\u00edlusokban is tal\u00e1lsz f\u00e9rfi Adidas cip\u0151ket. N\u00e9zd meg a m\u00e1rka f\u00e9rfi fut\u00f3cip\u0151it, a papucsokat \u00e9s a streetwear megjelen\u00e9s\u0171 Adidas cip\u0151ket. A sportos st\u00edlus\u00fa cip\u0151k nagyszer\u0171ek az edz\u0151terembe, szabadt\u00e9ri tev\u00e9kenys\u00e9gekhez, vagy ha egyszer\u0171en csak szereted a sportos megjelen\u00e9st, \u00e9s ha ebben \u00e9rzed magad a legjobban. Az Adidas strandpapucsokat eg\u00e9sz \u00e9vben haszn\u00e1lhatod otthon is. P\u00e1ros\u00edtsd \u0151ket \u00f6ssze feh\u00e9r Adidas zoknival, \u00e9s hozd l\u00e9tre a szezon legtrendibb \u00f6lt\u00f6z\u00e9k\u00e9t!<\/p>\n\n\n\n\n\n\n<p><\/p>\n\n\n\n<h2 class=\"wp-block-heading\"><strong>Adidas gyerekcip\u0151k<\/strong><\/h2>\n\n\n\n<p>A fiatalabb gyermekek \u00e9s a tizen\u00e9vesek sz\u00e1m\u00e1ra is megtal\u00e1lod a t\u00f6k\u00e9letes Adidas cip\u0151t a CCC-n\u00e9l. A kisgyermekek a t\u00e9p\u0151z\u00e1ras Adidas cip\u0151t kedvelik a legjobban, ami megk\u00f6nny\u00edti sz\u00e1mukra a cip\u0151 felh\u00faz\u00e1s\u00e1t, m\u00edg az id\u0151sebb gyerekek v\u00e9gre nem csak a torna\u00f3r\u00e1n \u00e9lvezhetik a sportos l\u00e1bbeliket. Az Adidas gyermek papucsok nagyszer\u0171ek az uszod\u00e1ba, a strandra, de otthon is, ahol h\u00e1zi papucsk\u00e9nt is haszn\u00e1lhat\u00f3k. V\u00e1laszd ki a legdivatosabb sportcip\u0151t gyermeked sz\u00e1m\u00e1ra, vastagabb vagy sz\u00e9lesebb talppal, esetleg felt\u0171n\u0151bb sz\u00ednekben, amelyekben kit\u0171nhet majd t\u00e1rsai k\u00f6z\u00fcl.<\/p>\n\n\n\n\n\n\n<p><\/p>\n\n\n\n<h2 class=\"wp-block-heading\"><strong>Adidas<\/strong> <strong>t\u00e1sk\u00e1k \u00e9s h\u00e1tizs\u00e1kok<\/strong><\/h2>\n\n\n\n<p>Nemt\u0151l, kort\u00f3l \u00e9s c\u00e9lt\u00f3l f\u00fcggetlen\u00fcl hasznos. A fekete Adidas h\u00e1tizs\u00e1k az egyik legn\u00e9pszer\u0171bb v\u00e1laszt\u00e1s a h\u00e1tizs\u00e1kok k\u00f6z\u00f6tt! T\u00f6k\u00e9letes lesz az iskol\u00e1ba, kir\u00e1ndul\u00e1sra vagy ker\u00e9kp\u00e1roz\u00e1shoz is.  K\u00edn\u00e1latunkban tal\u00e1lsz Adidas sportt\u00e1sk\u00e1kat is, amely nem csak a sportol\u00f3 emberek sz\u00e1m\u00e1ra hasznos. Vidd magaddal egy utaz\u00e1sra, vagy b\u00e1rmikor, amikor t\u00f6bb t\u00e1rgyat kell magaddal vinned. A sportos st\u00edlust kedvel\u0151 n\u0151knek t\u00f6k\u00e9letesen megfelel a kism\u00e9ret\u0171 Adidas t\u00e1ska. Ha gyakran j\u00e1rsz edz\u0151terembe, mindenk\u00e9ppen szerezz be magadnak egy Adidas tornazs\u00e1kot, ami v\u00e9delmet is ny\u00fajt a l\u00e1bbeliknek.<\/p>\n\n\n\n\n\n\n<p><\/p>\n\n\n\n<h2 class=\"wp-block-heading\"><strong>Adidas kieg\u00e9sz\u00edt\u0151k<\/strong><\/h2>\n\n\n\n<p>A cip\u0151k \u00e9s t\u00e1sk\u00e1k mellett az Adidas m\u00e1rka ruh\u00e1zatot \u00e9s kieg\u00e9sz\u00edt\u0151ket is gy\u00e1rt. K\u00edn\u00e1latunkban v\u00e1rnak r\u00e1d az Adidas baseball sapk\u00e1i, amellyel streetwear st\u00edlust hozhatsz l\u00e9tre, \u00e9s a n\u0151i \u00e9s f\u00e9rfi ruhat\u00e1rba egyar\u00e1nt illik. Nem kell felt\u00e9tlen\u00fcl sportol\u00e1shoz viselni, hiszen az aktu\u00e1lis trendeknek k\u00f6sz\u00f6nhet\u0151en manaps\u00e1g a klasszikus baseball sapka abszol\u00fat sl\u00e1ger. J\u00f3l p\u00e1ros\u00edthat\u00f3 ak\u00e1r magassark\u00fa cip\u0151vel \u00e9s szokny\u00e1val, de sportcip\u0151vel \u00e9s fekete Adidas zoknival is.<\/p>\n\n\n\n<h2 class=\"wp-block-heading\"><strong>Hogyan lehet st\u00edlusos outfitet l\u00e9trehozni az Adidas term\u00e9kekkel?<\/strong><\/h2>\n\n\n\n<p>V\u00e1laszd a sportos \u00f6sszk\u00e9pet! Semmi sem lehetne egyszer\u0171bb! Viselj k\u00e9nyelmes Adidas tr\u00e9ning nadr\u00e1got, \u00e9s kombin\u00e1ld sportcip\u0151vel. Extravag\u00e1nsabb megjelen\u00e9sre v\u00e1gysz? P\u00e1ros\u00edtsd \u00f6ssze a kedvenc farmereddel a vastag talp\u00fa Adidas sneakert, v\u00e1lassz egy f\u0171z\u00f6ld r\u00f6vid fels\u0151t \u00e9s baseball sapk\u00e1t! Ne feledd, hogy az id\u0151t\u00e1ll\u00f3 sneakerek szokny\u00e1kkal&nbsp; is remek\u00fcl mutatnak, ak\u00e1r vir\u00e1gos, ak\u00e1r klasszikusabb mint\u00e1zat\u00faakkal.<\/p>\n\n\n\n<p>Az Adidas m\u00e1rka k\u00f6zel egy \u00e9vsz\u00e1zada t\u00f6retlen n\u00e9pszer\u0171s\u00e9gnek \u00f6rvend. A legnagyobb sikere minden bizonnyal az a bizalom, amit vil\u00e1gszerte emberek milli\u00f3inak k\u00f6r\u00e9ben szerzett, akik sz\u00edvesen v\u00e1lasztj\u00e1k az Adidas cip\u0151it, ruh\u00e1it \u00e9s kieg\u00e9sz\u00edt\u0151it! Tal\u00e1ld meg a sz\u00e1modra igaz\u00e1n megfelel\u0151t a <a href=\"https:\/\/ccc.eu\/hu\/sklepy\">CCC \u00fczleteinkben<\/a>, <a href=\"https:\/\/ccc.eu\/hu\/\">webshopunkban<\/a>, \u00e9s az <a href=\"https:\/\/ccc.eu\/hu\/mobile-app\">alkalmaz\u00e1sban<\/a>. Legy\u00e9l <a href=\"https:\/\/ccc.eu\/hu\/klub-ccc\">CCC klubtag<\/a> is, \u00e9s \u00e9lvezd a k\u00e9nyelmes \u00e9s kedvezm\u00e9nyes v\u00e1s\u00e1rl\u00e1si lehet\u0151s\u00e9geket! K\u00f6vesd vel\u00fcnk a divatot <a href=\"https:\/\/www.facebook.com\/CCC.Hungary\/\">Facebookon,<\/a> \u00e9s inspir\u00e1l\u00f3dj vel\u00fcnk az <a href=\"https:\/\/www.instagram.com\/cccshoesbags\/\">Instagramon<\/a> is!<\/p>\n","protected":false},"excerpt":{"rendered":"<p>Az ikonikus Adidas m\u00e1rka k\u00f6zel sz\u00e1z \u00e9ves! Vonzereje pedig az id\u0151 m\u00fal\u00e1s\u00e1val egyre n\u0151. Az Adidas cip\u0151k rendk\u00edv\u00fcl n\u00e9pszer\u0171ek, f\u00fcggetlen\u00fcl a visel\u0151j\u00fck kor\u00e1t\u00f3l. A Dassler testv\u00e9rek egy igazi sportbirodalmat hoztak l\u00e9tre, amely egyre nagyobb m\u00e9reteket \u00f6lt, \u00e9s a vil\u00e1g legn\u00e9pszer\u0171bb \u00e9s legf\u00e9ny\u0171z\u0151bb divath\u00e1zaival m\u0171k\u00f6dnek egy\u00fctt vel\u00fck! Hogyan j\u00f6tt l\u00e9tre egy olyan m\u00e1rka, amelynek vil\u00e1gszerte vannak [&hellip;]<\/p>\n","protected":false},"author":17,"featured_media":6386,"comment_status":"open","ping_status":"open","sticky":false,"template":"","format":"standard","meta":{"_acf_changed":false,"footnotes":""},"categories":[432],"tags":[910,913,560,912,911,683],"class_list":["post-6385","post","type-post","status-publish","format-standard","has-post-thumbnail","hentry","category-ujdonsagok","tag-adidas","tag-adidas-sportcipo","tag-ccc","tag-ferfi-adidas-cipo","tag-noi-adidas-cipo","tag-sportcipo"],"acf":[],"yoast_head":"<!-- This site is optimized with the Yoast SEO plugin v26.9 - https:\/\/yoast.com\/product\/yoast-seo-wordpress\/ -->\n<title>ADIDAS m\u00e1rka a CCC-ben! - CCC Fashion blog<\/title>\n<meta name=\"description\" content=\"Hogyan j\u00f6tt l\u00e9tre egy olyan m\u00e1rka, amelynek vil\u00e1gszerte vannak k\u00f6vet\u0151i, \u00e9s mi\u00e9rt szeretj\u00fck az Adidas-t? Der\u00edts\u00fck ki! 2026\" \/>\n<meta name=\"robots\" content=\"index, follow, max-snippet:-1, max-image-preview:large, max-video-preview:-1\" \/>\n<link rel=\"canonical\" href=\"https:\/\/blog.ccc.eu\/hu\/adidas-marka-a-ccc-ben\/\" \/>\n<meta property=\"og:locale\" content=\"hu_HU\" \/>\n<meta property=\"og:type\" content=\"article\" \/>\n<meta property=\"og:title\" content=\"ADIDAS m\u00e1rka a CCC-ben! - CCC Fashion blog\" \/>\n<meta property=\"og:description\" content=\"Hogyan j\u00f6tt l\u00e9tre egy olyan m\u00e1rka, amelynek vil\u00e1gszerte vannak k\u00f6vet\u0151i, \u00e9s mi\u00e9rt szeretj\u00fck az Adidas-t? Der\u00edts\u00fck ki!\" \/>\n<meta property=\"og:url\" content=\"https:\/\/blog.ccc.eu\/hu\/adidas-marka-a-ccc-ben\/\" \/>\n<meta property=\"og:site_name\" content=\"CCC Fashion blog\" \/>\n<meta property=\"article:published_time\" content=\"2022-08-08T07:00:00+00:00\" \/>\n<meta property=\"og:image\" content=\"https:\/\/blog.ccc.eu\/hu\/wp-content\/uploads\/2022\/08\/EXTERNAL-BRANDS_AW21_org_Lea-Winkler_jpg42.jpg\" \/>\n\t<meta property=\"og:image:width\" content=\"750\" \/>\n\t<meta property=\"og:image:height\" content=\"563\" \/>\n\t<meta property=\"og:image:type\" content=\"image\/jpeg\" \/>\n<meta name=\"author\" content=\"R\u00e9ka N\u00e9meth\" \/>\n<meta name=\"twitter:card\" content=\"summary_large_image\" \/>\n<meta name=\"twitter:label1\" content=\"Szerz\u0151:\" \/>\n\t<meta name=\"twitter:data1\" content=\"R\u00e9ka N\u00e9meth\" \/>\n\t<meta name=\"twitter:label2\" content=\"Becs\u00fclt olvas\u00e1si id\u0151\" \/>\n\t<meta name=\"twitter:data2\" content=\"7 perc\" \/>\n<script type=\"application\/ld+json\" class=\"yoast-schema-graph\">{\"@context\":\"https:\/\/schema.org\",\"@graph\":[{\"@type\":\"Article\",\"@id\":\"https:\/\/blog.ccc.eu\/hu\/adidas-marka-a-ccc-ben\/#article\",\"isPartOf\":{\"@id\":\"https:\/\/blog.ccc.eu\/hu\/adidas-marka-a-ccc-ben\/\"},\"author\":{\"name\":\"R\u00e9ka N\u00e9meth\",\"@id\":\"https:\/\/blog.ccc.eu\/hu\/#\/schema\/person\/c3226a60cce3320f8d95a41d9af8ed2d\"},\"headline\":\"ADIDAS m\u00e1rka a CCC-ben!\",\"datePublished\":\"2022-08-08T07:00:00+00:00\",\"mainEntityOfPage\":{\"@id\":\"https:\/\/blog.ccc.eu\/hu\/adidas-marka-a-ccc-ben\/\"},\"wordCount\":1607,\"commentCount\":0,\"publisher\":{\"@id\":\"https:\/\/blog.ccc.eu\/hu\/#organization\"},\"image\":{\"@id\":\"https:\/\/blog.ccc.eu\/hu\/adidas-marka-a-ccc-ben\/#primaryimage\"},\"thumbnailUrl\":\"https:\/\/blog.ccc.eu\/hu\/wp-content\/uploads\/2022\/08\/EXTERNAL-BRANDS_AW21_org_Lea-Winkler_jpg42.jpg\",\"keywords\":[\"adidas\",\"adidas sportcip\u0151\",\"CCC\",\"f\u00e9rfi adidas cip\u0151\",\"n\u0151i adidas cip\u0151\",\"sportcip\u0151\"],\"articleSection\":[\"\u00daJDONS\u00c1GOK\"],\"inLanguage\":\"hu\",\"potentialAction\":[{\"@type\":\"CommentAction\",\"name\":\"Comment\",\"target\":[\"https:\/\/blog.ccc.eu\/hu\/adidas-marka-a-ccc-ben\/#respond\"]}]},{\"@type\":\"WebPage\",\"@id\":\"https:\/\/blog.ccc.eu\/hu\/adidas-marka-a-ccc-ben\/\",\"url\":\"https:\/\/blog.ccc.eu\/hu\/adidas-marka-a-ccc-ben\/\",\"name\":\"ADIDAS m\u00e1rka a CCC-ben! - CCC Fashion blog\",\"isPartOf\":{\"@id\":\"https:\/\/blog.ccc.eu\/hu\/#website\"},\"primaryImageOfPage\":{\"@id\":\"https:\/\/blog.ccc.eu\/hu\/adidas-marka-a-ccc-ben\/#primaryimage\"},\"image\":{\"@id\":\"https:\/\/blog.ccc.eu\/hu\/adidas-marka-a-ccc-ben\/#primaryimage\"},\"thumbnailUrl\":\"https:\/\/blog.ccc.eu\/hu\/wp-content\/uploads\/2022\/08\/EXTERNAL-BRANDS_AW21_org_Lea-Winkler_jpg42.jpg\",\"datePublished\":\"2022-08-08T07:00:00+00:00\",\"description\":\"Hogyan j\u00f6tt l\u00e9tre egy olyan m\u00e1rka, amelynek vil\u00e1gszerte vannak k\u00f6vet\u0151i, \u00e9s mi\u00e9rt szeretj\u00fck az Adidas-t? Der\u00edts\u00fck ki!\",\"breadcrumb\":{\"@id\":\"https:\/\/blog.ccc.eu\/hu\/adidas-marka-a-ccc-ben\/#breadcrumb\"},\"inLanguage\":\"hu\",\"potentialAction\":[{\"@type\":\"ReadAction\",\"target\":[\"https:\/\/blog.ccc.eu\/hu\/adidas-marka-a-ccc-ben\/\"]}]},{\"@type\":\"ImageObject\",\"inLanguage\":\"hu\",\"@id\":\"https:\/\/blog.ccc.eu\/hu\/adidas-marka-a-ccc-ben\/#primaryimage\",\"url\":\"https:\/\/blog.ccc.eu\/hu\/wp-content\/uploads\/2022\/08\/EXTERNAL-BRANDS_AW21_org_Lea-Winkler_jpg42.jpg\",\"contentUrl\":\"https:\/\/blog.ccc.eu\/hu\/wp-content\/uploads\/2022\/08\/EXTERNAL-BRANDS_AW21_org_Lea-Winkler_jpg42.jpg\",\"width\":750,\"height\":563,\"caption\":\"adidas sportcip\u0151\"},{\"@type\":\"BreadcrumbList\",\"@id\":\"https:\/\/blog.ccc.eu\/hu\/adidas-marka-a-ccc-ben\/#breadcrumb\",\"itemListElement\":[{\"@type\":\"ListItem\",\"position\":1,\"name\":\"Strona g\u0142\u00f3wna\",\"item\":\"https:\/\/blog.ccc.eu\/hu\/\"},{\"@type\":\"ListItem\",\"position\":2,\"name\":\"ADIDAS m\u00e1rka a CCC-ben!\"}]},{\"@type\":\"WebSite\",\"@id\":\"https:\/\/blog.ccc.eu\/hu\/#website\",\"url\":\"https:\/\/blog.ccc.eu\/hu\/\",\"name\":\"CCC Fashion blog\",\"description\":\"Az \u00d6n helye tele van divatihletekkel\",\"publisher\":{\"@id\":\"https:\/\/blog.ccc.eu\/hu\/#organization\"},\"potentialAction\":[{\"@type\":\"SearchAction\",\"target\":{\"@type\":\"EntryPoint\",\"urlTemplate\":\"https:\/\/blog.ccc.eu\/hu\/?s={search_term_string}\"},\"query-input\":{\"@type\":\"PropertyValueSpecification\",\"valueRequired\":true,\"valueName\":\"search_term_string\"}}],\"inLanguage\":\"hu\"},{\"@type\":\"Organization\",\"@id\":\"https:\/\/blog.ccc.eu\/hu\/#organization\",\"name\":\"CCC S.A.\",\"url\":\"https:\/\/blog.ccc.eu\/hu\/\",\"logo\":{\"@type\":\"ImageObject\",\"inLanguage\":\"hu\",\"@id\":\"https:\/\/blog.ccc.eu\/hu\/#\/schema\/logo\/image\/\",\"url\":\"https:\/\/blog.ccc.eu\/hu\/wp-content\/uploads\/2021\/11\/logo_ccc.png\",\"contentUrl\":\"https:\/\/blog.ccc.eu\/hu\/wp-content\/uploads\/2021\/11\/logo_ccc.png\",\"width\":730,\"height\":270,\"caption\":\"CCC S.A.\"},\"image\":{\"@id\":\"https:\/\/blog.ccc.eu\/hu\/#\/schema\/logo\/image\/\"}},{\"@type\":\"Person\",\"@id\":\"https:\/\/blog.ccc.eu\/hu\/#\/schema\/person\/c3226a60cce3320f8d95a41d9af8ed2d\",\"name\":\"R\u00e9ka N\u00e9meth\",\"image\":{\"@type\":\"ImageObject\",\"inLanguage\":\"hu\",\"@id\":\"https:\/\/blog.ccc.eu\/hu\/#\/schema\/person\/image\/\",\"url\":\"https:\/\/blog.ccc.eu\/hu\/wp-content\/uploads\/2022\/05\/MicrosoftTeams-image-e1651752501479-150x150.jpg\",\"contentUrl\":\"https:\/\/blog.ccc.eu\/hu\/wp-content\/uploads\/2022\/05\/MicrosoftTeams-image-e1651752501479-150x150.jpg\",\"caption\":\"R\u00e9ka N\u00e9meth\"},\"url\":\"https:\/\/blog.ccc.eu\/hu\/author\/katarzyna-martyn\/\"}]}<\/script>\n<!-- \/ Yoast SEO plugin. -->","yoast_head_json":{"title":"ADIDAS m\u00e1rka a CCC-ben! - CCC Fashion blog","description":"Hogyan j\u00f6tt l\u00e9tre egy olyan m\u00e1rka, amelynek vil\u00e1gszerte vannak k\u00f6vet\u0151i, \u00e9s mi\u00e9rt szeretj\u00fck az Adidas-t? Der\u00edts\u00fck ki! 2026","robots":{"index":"index","follow":"follow","max-snippet":"max-snippet:-1","max-image-preview":"max-image-preview:large","max-video-preview":"max-video-preview:-1"},"canonical":"https:\/\/blog.ccc.eu\/hu\/adidas-marka-a-ccc-ben\/","og_locale":"hu_HU","og_type":"article","og_title":"ADIDAS m\u00e1rka a CCC-ben! - CCC Fashion blog","og_description":"Hogyan j\u00f6tt l\u00e9tre egy olyan m\u00e1rka, amelynek vil\u00e1gszerte vannak k\u00f6vet\u0151i, \u00e9s mi\u00e9rt szeretj\u00fck az Adidas-t? Der\u00edts\u00fck ki!","og_url":"https:\/\/blog.ccc.eu\/hu\/adidas-marka-a-ccc-ben\/","og_site_name":"CCC Fashion blog","article_published_time":"2022-08-08T07:00:00+00:00","og_image":[{"width":750,"height":563,"url":"https:\/\/blog.ccc.eu\/hu\/wp-content\/uploads\/2022\/08\/EXTERNAL-BRANDS_AW21_org_Lea-Winkler_jpg42.jpg","type":"image\/jpeg"}],"author":"R\u00e9ka N\u00e9meth","twitter_card":"summary_large_image","twitter_misc":{"Szerz\u0151:":"R\u00e9ka N\u00e9meth","Becs\u00fclt olvas\u00e1si id\u0151":"7 perc"},"schema":{"@context":"https:\/\/schema.org","@graph":[{"@type":"Article","@id":"https:\/\/blog.ccc.eu\/hu\/adidas-marka-a-ccc-ben\/#article","isPartOf":{"@id":"https:\/\/blog.ccc.eu\/hu\/adidas-marka-a-ccc-ben\/"},"author":{"name":"R\u00e9ka N\u00e9meth","@id":"https:\/\/blog.ccc.eu\/hu\/#\/schema\/person\/c3226a60cce3320f8d95a41d9af8ed2d"},"headline":"ADIDAS m\u00e1rka a CCC-ben!","datePublished":"2022-08-08T07:00:00+00:00","mainEntityOfPage":{"@id":"https:\/\/blog.ccc.eu\/hu\/adidas-marka-a-ccc-ben\/"},"wordCount":1607,"commentCount":0,"publisher":{"@id":"https:\/\/blog.ccc.eu\/hu\/#organization"},"image":{"@id":"https:\/\/blog.ccc.eu\/hu\/adidas-marka-a-ccc-ben\/#primaryimage"},"thumbnailUrl":"https:\/\/blog.ccc.eu\/hu\/wp-content\/uploads\/2022\/08\/EXTERNAL-BRANDS_AW21_org_Lea-Winkler_jpg42.jpg","keywords":["adidas","adidas sportcip\u0151","CCC","f\u00e9rfi adidas cip\u0151","n\u0151i adidas cip\u0151","sportcip\u0151"],"articleSection":["\u00daJDONS\u00c1GOK"],"inLanguage":"hu","potentialAction":[{"@type":"CommentAction","name":"Comment","target":["https:\/\/blog.ccc.eu\/hu\/adidas-marka-a-ccc-ben\/#respond"]}]},{"@type":"WebPage","@id":"https:\/\/blog.ccc.eu\/hu\/adidas-marka-a-ccc-ben\/","url":"https:\/\/blog.ccc.eu\/hu\/adidas-marka-a-ccc-ben\/","name":"ADIDAS m\u00e1rka a CCC-ben! - CCC Fashion blog","isPartOf":{"@id":"https:\/\/blog.ccc.eu\/hu\/#website"},"primaryImageOfPage":{"@id":"https:\/\/blog.ccc.eu\/hu\/adidas-marka-a-ccc-ben\/#primaryimage"},"image":{"@id":"https:\/\/blog.ccc.eu\/hu\/adidas-marka-a-ccc-ben\/#primaryimage"},"thumbnailUrl":"https:\/\/blog.ccc.eu\/hu\/wp-content\/uploads\/2022\/08\/EXTERNAL-BRANDS_AW21_org_Lea-Winkler_jpg42.jpg","datePublished":"2022-08-08T07:00:00+00:00","description":"Hogyan j\u00f6tt l\u00e9tre egy olyan m\u00e1rka, amelynek vil\u00e1gszerte vannak k\u00f6vet\u0151i, \u00e9s mi\u00e9rt szeretj\u00fck az Adidas-t? Der\u00edts\u00fck ki!","breadcrumb":{"@id":"https:\/\/blog.ccc.eu\/hu\/adidas-marka-a-ccc-ben\/#breadcrumb"},"inLanguage":"hu","potentialAction":[{"@type":"ReadAction","target":["https:\/\/blog.ccc.eu\/hu\/adidas-marka-a-ccc-ben\/"]}]},{"@type":"ImageObject","inLanguage":"hu","@id":"https:\/\/blog.ccc.eu\/hu\/adidas-marka-a-ccc-ben\/#primaryimage","url":"https:\/\/blog.ccc.eu\/hu\/wp-content\/uploads\/2022\/08\/EXTERNAL-BRANDS_AW21_org_Lea-Winkler_jpg42.jpg","contentUrl":"https:\/\/blog.ccc.eu\/hu\/wp-content\/uploads\/2022\/08\/EXTERNAL-BRANDS_AW21_org_Lea-Winkler_jpg42.jpg","width":750,"height":563,"caption":"adidas sportcip\u0151"},{"@type":"BreadcrumbList","@id":"https:\/\/blog.ccc.eu\/hu\/adidas-marka-a-ccc-ben\/#breadcrumb","itemListElement":[{"@type":"ListItem","position":1,"name":"Strona g\u0142\u00f3wna","item":"https:\/\/blog.ccc.eu\/hu\/"},{"@type":"ListItem","position":2,"name":"ADIDAS m\u00e1rka a CCC-ben!"}]},{"@type":"WebSite","@id":"https:\/\/blog.ccc.eu\/hu\/#website","url":"https:\/\/blog.ccc.eu\/hu\/","name":"CCC Fashion blog","description":"Az \u00d6n helye tele van divatihletekkel","publisher":{"@id":"https:\/\/blog.ccc.eu\/hu\/#organization"},"potentialAction":[{"@type":"SearchAction","target":{"@type":"EntryPoint","urlTemplate":"https:\/\/blog.ccc.eu\/hu\/?s={search_term_string}"},"query-input":{"@type":"PropertyValueSpecification","valueRequired":true,"valueName":"search_term_string"}}],"inLanguage":"hu"},{"@type":"Organization","@id":"https:\/\/blog.ccc.eu\/hu\/#organization","name":"CCC S.A.","url":"https:\/\/blog.ccc.eu\/hu\/","logo":{"@type":"ImageObject","inLanguage":"hu","@id":"https:\/\/blog.ccc.eu\/hu\/#\/schema\/logo\/image\/","url":"https:\/\/blog.ccc.eu\/hu\/wp-content\/uploads\/2021\/11\/logo_ccc.png","contentUrl":"https:\/\/blog.ccc.eu\/hu\/wp-content\/uploads\/2021\/11\/logo_ccc.png","width":730,"height":270,"caption":"CCC S.A."},"image":{"@id":"https:\/\/blog.ccc.eu\/hu\/#\/schema\/logo\/image\/"}},{"@type":"Person","@id":"https:\/\/blog.ccc.eu\/hu\/#\/schema\/person\/c3226a60cce3320f8d95a41d9af8ed2d","name":"R\u00e9ka N\u00e9meth","image":{"@type":"ImageObject","inLanguage":"hu","@id":"https:\/\/blog.ccc.eu\/hu\/#\/schema\/person\/image\/","url":"https:\/\/blog.ccc.eu\/hu\/wp-content\/uploads\/2022\/05\/MicrosoftTeams-image-e1651752501479-150x150.jpg","contentUrl":"https:\/\/blog.ccc.eu\/hu\/wp-content\/uploads\/2022\/05\/MicrosoftTeams-image-e1651752501479-150x150.jpg","caption":"R\u00e9ka N\u00e9meth"},"url":"https:\/\/blog.ccc.eu\/hu\/author\/katarzyna-martyn\/"}]}},"_links":{"self":[{"href":"https:\/\/blog.ccc.eu\/hu\/wp-json\/wp\/v2\/posts\/6385","targetHints":{"allow":["GET"]}}],"collection":[{"href":"https:\/\/blog.ccc.eu\/hu\/wp-json\/wp\/v2\/posts"}],"about":[{"href":"https:\/\/blog.ccc.eu\/hu\/wp-json\/wp\/v2\/types\/post"}],"author":[{"embeddable":true,"href":"https:\/\/blog.ccc.eu\/hu\/wp-json\/wp\/v2\/users\/17"}],"replies":[{"embeddable":true,"href":"https:\/\/blog.ccc.eu\/hu\/wp-json\/wp\/v2\/comments?post=6385"}],"version-history":[{"count":9,"href":"https:\/\/blog.ccc.eu\/hu\/wp-json\/wp\/v2\/posts\/6385\/revisions"}],"predecessor-version":[{"id":6402,"href":"https:\/\/blog.ccc.eu\/hu\/wp-json\/wp\/v2\/posts\/6385\/revisions\/6402"}],"wp:featuredmedia":[{"embeddable":true,"href":"https:\/\/blog.ccc.eu\/hu\/wp-json\/wp\/v2\/media\/6386"}],"wp:attachment":[{"href":"https:\/\/blog.ccc.eu\/hu\/wp-json\/wp\/v2\/media?parent=6385"}],"wp:term":[{"taxonomy":"category","embeddable":true,"href":"https:\/\/blog.ccc.eu\/hu\/wp-json\/wp\/v2\/categories?post=6385"},{"taxonomy":"post_tag","embeddable":true,"href":"https:\/\/blog.ccc.eu\/hu\/wp-json\/wp\/v2\/tags?post=6385"}],"curies":[{"name":"wp","href":"https:\/\/api.w.org\/{rel}","templated":true}]}}