{"id":6403,"date":"2022-08-09T13:40:00","date_gmt":"2022-08-09T11:40:00","guid":{"rendered":"https:\/\/blog.ccc.eu\/hu\/?p=6403"},"modified":"2023-01-24T14:01:00","modified_gmt":"2023-01-24T13:01:00","slug":"kivalasztjuk-a-legjobb-ruhakat-az-iskolaba","status":"publish","type":"post","link":"https:\/\/blog.ccc.eu\/hu\/kivalasztjuk-a-legjobb-ruhakat-az-iskolaba\/","title":{"rendered":"Kiv\u00e1lasztjuk a legjobb ruh\u00e1kat az iskol\u00e1ba!"},"content":{"rendered":"\n<p><b>Szeptember k\u00f6zeledt\u00e9vel a sz\u00fcl\u0151k \u00e9s gyermekeik is elkezdenek a tan\u00e9vkezd\u00e9sre k\u00e9sz\u00fclni. A f\u00fczeteken, m\u0171v\u00e9szeti kell\u00e9keken \u00e9s az iskolat\u00e1sk\u00e1n k\u00edv\u00fcl a bev\u00e1s\u00e1rl\u00f3list\u00e1n szerepelnie kell iskol\u00e1ba ill\u0151 ruh\u00e1knak \u00e9s megfelel\u0151 cip\u0151nek is. K\u00e9sz\u00fclj fel gyermekeddel \u0151szig, \u00e9s v\u00e1lassz\u00e1tok ki egy\u00fctt az iskolai ruh\u00e1kat, amelyek megfelelnek a gyermek ig\u00e9nyeinek is. Olvasd el cikk\u00fcnket, \u00e9s n\u00e9zd meg javaslatainkat az idei iskolaszezonra!<\/b><\/p>\n\n\n\n<figure class=\"wp-block-gallery has-nested-images columns-default is-cropped wp-block-gallery-1 is-layout-flex wp-block-gallery-is-layout-flex\">\n<figure class=\"wp-block-image size-large\"><img loading=\"lazy\" decoding=\"async\" width=\"546\" height=\"728\" data-id=\"6404\" src=\"https:\/\/blog.ccc.eu\/hu\/wp-content\/uploads\/2022\/08\/20220606_ZUZA_CCC_0248.jpg\" alt=\"\" class=\"wp-image-6404\" srcset=\"https:\/\/blog.ccc.eu\/hu\/wp-content\/uploads\/2022\/08\/20220606_ZUZA_CCC_0248.jpg 546w, https:\/\/blog.ccc.eu\/hu\/wp-content\/uploads\/2022\/08\/20220606_ZUZA_CCC_0248-225x300.jpg 225w, https:\/\/blog.ccc.eu\/hu\/wp-content\/uploads\/2022\/08\/20220606_ZUZA_CCC_0248-100x133.jpg 100w\" sizes=\"auto, (max-width: 546px) 100vw, 546px\" \/><\/figure>\n\n\n\n<figure class=\"wp-block-image size-large\"><img loading=\"lazy\" decoding=\"async\" width=\"546\" height=\"728\" data-id=\"6405\" src=\"https:\/\/blog.ccc.eu\/hu\/wp-content\/uploads\/2022\/08\/20220606_ZUZA_CCC_0346-1.jpg\" alt=\"\" class=\"wp-image-6405\" srcset=\"https:\/\/blog.ccc.eu\/hu\/wp-content\/uploads\/2022\/08\/20220606_ZUZA_CCC_0346-1.jpg 546w, https:\/\/blog.ccc.eu\/hu\/wp-content\/uploads\/2022\/08\/20220606_ZUZA_CCC_0346-1-225x300.jpg 225w, https:\/\/blog.ccc.eu\/hu\/wp-content\/uploads\/2022\/08\/20220606_ZUZA_CCC_0346-1-100x133.jpg 100w\" sizes=\"auto, (max-width: 546px) 100vw, 546px\" \/><\/figure>\n<\/figure>\n\n\n\n<p><\/p>\n\n\n\n<h2 class=\"wp-block-heading\"><strong>Gyakorlati tan\u00e1csok az iskolakezd\u00e9hez \u2013 ruha \u00e9s cip\u0151v\u00e1laszt\u00e1s<\/strong><\/h2>\n\n\n\n<p>Szeptember elseje sok gyermek sz\u00e1m\u00e1ra az els\u0151 tal\u00e1lkoz\u00e1s az iskol\u00e1val.&nbsp;Az els\u0151 oszt\u00e1lyos oktat\u00e1s megkezd\u00e9s\u00e9t nem is kezdhetn\u00e9d jobban, minthogy a gyermekeddel elm\u00e9sz k\u00f6z\u00f6sen bev\u00e1s\u00e1rolni, vagy ak\u00e1r az internetr\u0151l egy\u00fctt rendelitek meg az iskol\u00e1hoz sz\u00fcks\u00e9ges ruh\u00e1kat, cip\u0151ket, \u00e9s t\u00e1sk\u00e1kat.<\/p>\n\n\n\n<ol class=\"wp-block-list\" type=\"1\">\n<li>A kisiskol\u00e1soknak m\u00e9g probl\u00e9m\u00e1t okozhat a cip\u0151f\u0171z\u0151 hat\u00e9kony megk\u00f6t\u00e9se.&nbsp;Ezt figyelembe kell venned, amikor az els\u0151 oszt\u00e1lyos gyermekednek cip\u0151t v\u00e1lasztasz.<\/li>\n\n\n\n<li>Az iskolai v\u00e1lt\u00f3cip\u0151 t\u00e9p\u0151z\u00e1rral r\u00f6gz\u00edthet\u0151 v\u00e1ltozata a legpraktikusabb az els\u0151 oszt\u00e1lyos di\u00e1kok sz\u00e1m\u00e1ra.&nbsp;De ha gyermeked egy f\u0171z\u0151s cip\u0151r\u0151l \u00e1lmodik, nem kell lemondanod r\u00f3la.&nbsp;A CCC-n\u00e9l rugalmas f\u0171z\u0151vel ell\u00e1tott cip\u0151ket is tal\u00e1lsz, amelyeket nem kell megk\u00f6tni.&nbsp;Feh\u00e9r, fekete, tarka\u2026 \u00e9s m\u00e9g sok m\u00e1s sz\u00edn k\u00f6z\u00fcl v\u00e1laszthatsz!<\/li>\n\n\n\n<li><strong>A trendi iskolai ruh\u00e1k<\/strong> \u00e1ltal\u00e1nos iskol\u00e1s gyermekek sz\u00e1m\u00e1ra mindenekel\u0151tt azok, amelyeket a gyermek maga is sz\u00edvesen felvesz.\u00a0Mi lenne a legk\u00e9nyelmesebb v\u00e1laszt\u00e1s?\u00a0<strong>A l\u00e1nyok v\u00e9lhet\u0151en jobban kedvelik a leggingseket, illetve tunik\u00e1kat \u00e9s egyberuh\u00e1kat is, gombok \u00e9s cipz\u00e1rok n\u00e9lk\u00fcl.\u00a0<\/strong>A fi\u00fak nagy t\u00f6bbs\u00e9g\u00e9ben a meleg\u00edt\u0151nadr\u00e1got \u00e9s a farmert r\u00e9szes\u00edtik el\u0151nyben, amelyek harmonikus p\u00e1rost alkotnak egy pamut hossz\u00fa ujj\u00fa fels\u0151vel.\u00a0A gyermekek ebben a korban m\u00e1r odafigyelnek a r\u00e9szletekre, ez\u00e9rt \u00fcgyelj r\u00e1, hogy gyermeked kedvenc mot\u00edvumai is jelenjenek meg a ruh\u00e1ikon, azaz mese- vagy filmfigur\u00e1k.\u00a0Harry Potter, vagy a Mickey Mouse szerepl\u0151i a legn\u00e9pszer\u0171bbek k\u00f6z\u00fcl\u00fck, de sz\u00e1mos m\u00e1s mesefigur\u00e1s ruha k\u00f6z\u00fcl is v\u00e1logathatsz.<\/li>\n<\/ol>\n\n\n\n<h2 class=\"wp-block-heading\"><strong>Ruh\u00e1k a tin\u00e9dzser di\u00e1kok sz\u00e1m\u00e1ra<\/strong><\/h2>\n\n\n\n<p>Az \u00e1ltal\u00e1nos iskol\u00e1s di\u00e1kok sz\u00e1m\u00e1ra m\u00e1r hossz\u00fa id\u0151 \u00f3ta fontos, hogy m\u00e1sok hogyan l\u00e1tj\u00e1k \u0151ket, ez\u00e9rt m\u00e1r szeretik maguk kiv\u00e1lasztani a ruh\u00e1ikat, cip\u0151iket.&nbsp;A fiatal \u00e1lmodoz\u00f3kat \u00e1ltal\u00e1ban az elegancia \u00e9s a vir\u00e1gos ruh\u00e1k ir\u00e1nti szenved\u00e9ly jellemzi.&nbsp;A sportos fiatalok a k\u00e9nyelemre \u00e9s a trendekre helyezik a hangs\u00falyt.&nbsp;A tin\u00e9dzsereknek m\u00e1r megvan a saj\u00e1t st\u00edlusuk, amelyen kereszt\u00fcl kifejezik szem\u00e9lyis\u00e9g\u00fcket, ez\u00e9rt fontos \u0151ket is belevonni a ruha \u00e9s cip\u0151v\u00e1s\u00e1rl\u00e1sba.&nbsp;<\/p>\n\n\n\n<p>&nbsp;A tin\u00e9dzserek leggyakrabban maguk d\u00f6ntik el, mi lesz sz\u00e1mukra a legk\u00e9nyelmesebb.&nbsp;Sz\u00e1mukra az \u00f6lt\u00f6z\u00e9k \u00f6nkifejez\u00e9si m\u00f3d, \u00edgy minden r\u00e9szlet d\u00f6nt\u0151.&nbsp;A g\u00f6rdeszk\u00e1z\u00e1s \u00e9s a roller szerelmesei remek\u00fcl \u00e9rzik magukat utcai ruh\u00e1zati st\u00edlusban.&nbsp;A l\u00e1tsz\u00f3lag t\u00fal nagy pul\u00f3verek \u00e9s b\u0151 nadr\u00e1gok jellemzik \u0151ket. A rockzene szerelmesei lelkesen ny\u00falnak a tornacip\u0151k, kock\u00e1s ingek, passzos farmerek \u00e9s a tematikus p\u00f3l\u00f3k ut\u00e1n, p\u00e9ld\u00e1ul a legend\u00e1s Nirvana log\u00f3j\u00e1val. A fiatalos sorozatok szerelmesei olyan pul\u00f3vereket v\u00e1lasztanak \u00e1ltal\u00e1ban, amelyeken n\u00e9pszer\u0171 sorozatok log\u00f3i, c\u00edmei, vagy karakterei szerepelnek, mint p\u00e9ld\u00e1ul a \u201eStranger Things\u201d vagy a \u201eRiverdale\u201d.&nbsp;Ha meg akarod \u00e9rteni egy kamasz gyermek \u00edzl\u00e9s\u00e9t, a legjobb, ha hagyod, hogy \u0151 v\u00e1lassza ki iskolai \u00f6lt\u00f6z\u00e9k\u00e9t.<\/p>\n\n\n\n<h2 class=\"wp-block-heading\"><strong>Divatos ruh\u00e1k az iskolai szezonra<\/strong><\/h2>\n\n\n\n<p>A divat minden \u00e9vben tud meglepet\u00e9sekkel szolg\u00e1lni, ebben a 90-es \u00e9s 2000-es \u00e9vekbe val\u00f3 visszat\u00e9r\u00e9s az iskolai folyos\u00f3kon is l\u00e1that\u00f3 lesz.\u00a0\u00a0<\/p>\n\n\n\n<p>A gyermekek \u00e9s tin\u00e9dzserek divatja ugyanolyan dinamikusan fejl\u0151dik, mint a feln\u0151ttek divatja.&nbsp;A fiatalok az id\u0151sebbekt\u0151l is \u00e1tveszik a trendi st\u00edlusokat, \u00fagy form\u00e1lj\u00e1k magukat, mint \u0151k.&nbsp;\u00c9rdemes tan\u00e1csot adni a gyermeknek, hogy melyik ruha lesz k\u00e9nyelmes \u00e9s hasznos, \u00e9s melyik nem.&nbsp;<\/p>\n\n\n\n<p>Fedezd fel gyermekeddel egy\u00fctt a trendi \u00e9s k\u00e9nyelmes ruh\u00e1kat az iskolai szezonra a &nbsp;<a href=\"https:\/\/ccc.eu\/hu\/sklepy\">CCC \u00fczleteinkbe<\/a>n,&nbsp;<a href=\"https:\/\/ccc.eu\/hu\/\">webshopunkba<\/a>n, vagy az&nbsp;&nbsp;<a href=\"https:\/\/ccc.eu\/hu\/mobile-app\">alkalmaz\u00e1sba<\/a>n!&nbsp; Nadr\u00e1gokat, p\u00f3l\u00f3, pul\u00f3vereket egyar\u00e1nt tal\u00e1lsz a k\u00edn\u00e1latunkban!<\/p>\n\n\n\n<p>Legy\u00e9l&nbsp;<a href=\"https:\/\/ccc.eu\/hu\/klub-ccc\">CCC klubtag<\/a>, \u00e9s \u00e9lvezd a k\u00e9nyelmes \u00e9s kedvezm\u00e9nyes v\u00e1s\u00e1rl\u00e1si lehet\u0151s\u00e9geket! K\u00f6vesd vel\u00fcnk a divatot&nbsp;<a href=\"https:\/\/www.facebook.com\/CCC.Hungary\/\">Facebookon,<\/a>&nbsp;\u00e9s inspir\u00e1l\u00f3dj vel\u00fcnk az&nbsp;<a href=\"https:\/\/www.instagram.com\/cccshoesbags\/\">Instagramon<\/a>&nbsp;is!<\/p>\n","protected":false},"excerpt":{"rendered":"<p>Szeptember k\u00f6zeledt\u00e9vel a sz\u00fcl\u0151k \u00e9s gyermekeik is elkezdenek a tan\u00e9vkezd\u00e9sre k\u00e9sz\u00fclni. A f\u00fczeteken, m\u0171v\u00e9szeti kell\u00e9keken \u00e9s az iskolat\u00e1sk\u00e1n k\u00edv\u00fcl a bev\u00e1s\u00e1rl\u00f3list\u00e1n szerepelnie kell iskol\u00e1ba ill\u0151 ruh\u00e1knak \u00e9s megfelel\u0151 cip\u0151nek is. K\u00e9sz\u00fclj fel gyermekeddel \u0151szig, \u00e9s v\u00e1lassz\u00e1tok ki egy\u00fctt az iskolai ruh\u00e1kat, amelyek megfelelnek a gyermek ig\u00e9nyeinek is. Olvasd el cikk\u00fcnket, \u00e9s n\u00e9zd meg javaslatainkat az [&hellip;]<\/p>\n","protected":false},"author":19,"featured_media":6404,"comment_status":"open","ping_status":"open","sticky":false,"template":"","format":"standard","meta":{"_acf_changed":false,"footnotes":""},"categories":[4],"tags":[560,922,921,920,919],"class_list":["post-6403","post","type-post","status-publish","format-standard","has-post-thumbnail","hentry","category-divat-tippek","tag-ccc","tag-iskolakezdes","tag-nadrag-iskolaba","tag-polo-iskolaba","tag-ruhak-iskolaba"],"acf":[],"yoast_head":"<!-- This site is optimized with the Yoast SEO plugin v26.9 - https:\/\/yoast.com\/product\/yoast-seo-wordpress\/ -->\n<title>Kiv\u00e1lasztjuk a legjobb ruh\u00e1kat az iskol\u00e1ba! - CCC Fashion blog<\/title>\n<meta name=\"description\" content=\"K\u00e9sz\u00fclj fel gyermekeddel \u0151szig, \u00e9s v\u00e1lassz\u00e1tok ki egy\u00fctt az iskolai ruh\u00e1kat, amelyek megfelelnek a gyermek ig\u00e9nyeinek is. 2026\" \/>\n<meta name=\"robots\" content=\"index, follow, max-snippet:-1, max-image-preview:large, max-video-preview:-1\" \/>\n<link rel=\"canonical\" href=\"https:\/\/blog.ccc.eu\/hu\/kivalasztjuk-a-legjobb-ruhakat-az-iskolaba\/\" \/>\n<meta property=\"og:locale\" content=\"hu_HU\" \/>\n<meta property=\"og:type\" content=\"article\" \/>\n<meta property=\"og:title\" content=\"Kiv\u00e1lasztjuk a legjobb ruh\u00e1kat az iskol\u00e1ba! - CCC Fashion blog\" \/>\n<meta property=\"og:description\" content=\"K\u00e9sz\u00fclj fel gyermekeddel \u0151szig, \u00e9s v\u00e1lassz\u00e1tok ki egy\u00fctt az iskolai ruh\u00e1kat, amelyek megfelelnek a gyermek ig\u00e9nyeinek is.\" \/>\n<meta property=\"og:url\" content=\"https:\/\/blog.ccc.eu\/hu\/kivalasztjuk-a-legjobb-ruhakat-az-iskolaba\/\" \/>\n<meta property=\"og:site_name\" content=\"CCC Fashion blog\" \/>\n<meta property=\"article:published_time\" content=\"2022-08-09T11:40:00+00:00\" \/>\n<meta property=\"article:modified_time\" content=\"2023-01-24T13:01:00+00:00\" \/>\n<meta property=\"og:image\" content=\"https:\/\/blog.ccc.eu\/hu\/wp-content\/uploads\/2022\/08\/20220606_ZUZA_CCC_0248.jpg\" \/>\n\t<meta property=\"og:image:width\" content=\"546\" \/>\n\t<meta property=\"og:image:height\" content=\"728\" \/>\n\t<meta property=\"og:image:type\" content=\"image\/jpeg\" \/>\n<meta name=\"author\" content=\"Mercedes Korosi\" \/>\n<meta name=\"twitter:card\" content=\"summary_large_image\" \/>\n<meta name=\"twitter:label1\" content=\"Szerz\u0151:\" \/>\n\t<meta name=\"twitter:data1\" content=\"Mercedes Korosi\" \/>\n\t<meta name=\"twitter:label2\" content=\"Becs\u00fclt olvas\u00e1si id\u0151\" \/>\n\t<meta name=\"twitter:data2\" content=\"4 perc\" \/>\n<script type=\"application\/ld+json\" class=\"yoast-schema-graph\">{\"@context\":\"https:\/\/schema.org\",\"@graph\":[{\"@type\":\"Article\",\"@id\":\"https:\/\/blog.ccc.eu\/hu\/kivalasztjuk-a-legjobb-ruhakat-az-iskolaba\/#article\",\"isPartOf\":{\"@id\":\"https:\/\/blog.ccc.eu\/hu\/kivalasztjuk-a-legjobb-ruhakat-az-iskolaba\/\"},\"author\":{\"name\":\"Mercedes Korosi\",\"@id\":\"https:\/\/blog.ccc.eu\/hu\/#\/schema\/person\/46545a2effdaccf6ce20a3726eda2317\"},\"headline\":\"Kiv\u00e1lasztjuk a legjobb ruh\u00e1kat az iskol\u00e1ba!\",\"datePublished\":\"2022-08-09T11:40:00+00:00\",\"dateModified\":\"2023-01-24T13:01:00+00:00\",\"mainEntityOfPage\":{\"@id\":\"https:\/\/blog.ccc.eu\/hu\/kivalasztjuk-a-legjobb-ruhakat-az-iskolaba\/\"},\"wordCount\":878,\"commentCount\":0,\"publisher\":{\"@id\":\"https:\/\/blog.ccc.eu\/hu\/#organization\"},\"image\":{\"@id\":\"https:\/\/blog.ccc.eu\/hu\/kivalasztjuk-a-legjobb-ruhakat-az-iskolaba\/#primaryimage\"},\"thumbnailUrl\":\"https:\/\/blog.ccc.eu\/hu\/wp-content\/uploads\/2022\/08\/20220606_ZUZA_CCC_0248.jpg\",\"keywords\":[\"CCC\",\"iskolakezd\u00e9s\",\"nadr\u00e1g iskol\u00e1ba\",\"p\u00f3l\u00f3 iskol\u00e1ba\",\"ruh\u00e1k iskol\u00e1ba\"],\"articleSection\":[\"DIVAT TIPPEK\"],\"inLanguage\":\"hu\",\"potentialAction\":[{\"@type\":\"CommentAction\",\"name\":\"Comment\",\"target\":[\"https:\/\/blog.ccc.eu\/hu\/kivalasztjuk-a-legjobb-ruhakat-az-iskolaba\/#respond\"]}]},{\"@type\":\"WebPage\",\"@id\":\"https:\/\/blog.ccc.eu\/hu\/kivalasztjuk-a-legjobb-ruhakat-az-iskolaba\/\",\"url\":\"https:\/\/blog.ccc.eu\/hu\/kivalasztjuk-a-legjobb-ruhakat-az-iskolaba\/\",\"name\":\"Kiv\u00e1lasztjuk a legjobb ruh\u00e1kat az iskol\u00e1ba! - CCC Fashion blog\",\"isPartOf\":{\"@id\":\"https:\/\/blog.ccc.eu\/hu\/#website\"},\"primaryImageOfPage\":{\"@id\":\"https:\/\/blog.ccc.eu\/hu\/kivalasztjuk-a-legjobb-ruhakat-az-iskolaba\/#primaryimage\"},\"image\":{\"@id\":\"https:\/\/blog.ccc.eu\/hu\/kivalasztjuk-a-legjobb-ruhakat-az-iskolaba\/#primaryimage\"},\"thumbnailUrl\":\"https:\/\/blog.ccc.eu\/hu\/wp-content\/uploads\/2022\/08\/20220606_ZUZA_CCC_0248.jpg\",\"datePublished\":\"2022-08-09T11:40:00+00:00\",\"dateModified\":\"2023-01-24T13:01:00+00:00\",\"description\":\"K\u00e9sz\u00fclj fel gyermekeddel \u0151szig, \u00e9s v\u00e1lassz\u00e1tok ki egy\u00fctt az iskolai ruh\u00e1kat, amelyek megfelelnek a gyermek ig\u00e9nyeinek is.\",\"breadcrumb\":{\"@id\":\"https:\/\/blog.ccc.eu\/hu\/kivalasztjuk-a-legjobb-ruhakat-az-iskolaba\/#breadcrumb\"},\"inLanguage\":\"hu\",\"potentialAction\":[{\"@type\":\"ReadAction\",\"target\":[\"https:\/\/blog.ccc.eu\/hu\/kivalasztjuk-a-legjobb-ruhakat-az-iskolaba\/\"]}]},{\"@type\":\"ImageObject\",\"inLanguage\":\"hu\",\"@id\":\"https:\/\/blog.ccc.eu\/hu\/kivalasztjuk-a-legjobb-ruhakat-az-iskolaba\/#primaryimage\",\"url\":\"https:\/\/blog.ccc.eu\/hu\/wp-content\/uploads\/2022\/08\/20220606_ZUZA_CCC_0248.jpg\",\"contentUrl\":\"https:\/\/blog.ccc.eu\/hu\/wp-content\/uploads\/2022\/08\/20220606_ZUZA_CCC_0248.jpg\",\"width\":546,\"height\":728,\"caption\":\"iskol\u00e1ba ruha\"},{\"@type\":\"BreadcrumbList\",\"@id\":\"https:\/\/blog.ccc.eu\/hu\/kivalasztjuk-a-legjobb-ruhakat-az-iskolaba\/#breadcrumb\",\"itemListElement\":[{\"@type\":\"ListItem\",\"position\":1,\"name\":\"Strona g\u0142\u00f3wna\",\"item\":\"https:\/\/blog.ccc.eu\/hu\/\"},{\"@type\":\"ListItem\",\"position\":2,\"name\":\"Kiv\u00e1lasztjuk a legjobb ruh\u00e1kat az iskol\u00e1ba!\"}]},{\"@type\":\"WebSite\",\"@id\":\"https:\/\/blog.ccc.eu\/hu\/#website\",\"url\":\"https:\/\/blog.ccc.eu\/hu\/\",\"name\":\"CCC Fashion blog\",\"description\":\"Az \u00d6n helye tele van divatihletekkel\",\"publisher\":{\"@id\":\"https:\/\/blog.ccc.eu\/hu\/#organization\"},\"potentialAction\":[{\"@type\":\"SearchAction\",\"target\":{\"@type\":\"EntryPoint\",\"urlTemplate\":\"https:\/\/blog.ccc.eu\/hu\/?s={search_term_string}\"},\"query-input\":{\"@type\":\"PropertyValueSpecification\",\"valueRequired\":true,\"valueName\":\"search_term_string\"}}],\"inLanguage\":\"hu\"},{\"@type\":\"Organization\",\"@id\":\"https:\/\/blog.ccc.eu\/hu\/#organization\",\"name\":\"CCC S.A.\",\"url\":\"https:\/\/blog.ccc.eu\/hu\/\",\"logo\":{\"@type\":\"ImageObject\",\"inLanguage\":\"hu\",\"@id\":\"https:\/\/blog.ccc.eu\/hu\/#\/schema\/logo\/image\/\",\"url\":\"https:\/\/blog.ccc.eu\/hu\/wp-content\/uploads\/2021\/11\/logo_ccc.png\",\"contentUrl\":\"https:\/\/blog.ccc.eu\/hu\/wp-content\/uploads\/2021\/11\/logo_ccc.png\",\"width\":730,\"height\":270,\"caption\":\"CCC S.A.\"},\"image\":{\"@id\":\"https:\/\/blog.ccc.eu\/hu\/#\/schema\/logo\/image\/\"}},{\"@type\":\"Person\",\"@id\":\"https:\/\/blog.ccc.eu\/hu\/#\/schema\/person\/46545a2effdaccf6ce20a3726eda2317\",\"name\":\"Mercedes Korosi\",\"image\":{\"@type\":\"ImageObject\",\"inLanguage\":\"hu\",\"@id\":\"https:\/\/blog.ccc.eu\/hu\/#\/schema\/person\/image\/\",\"url\":\"https:\/\/blog.ccc.eu\/hu\/wp-content\/uploads\/2022\/04\/m-150x150.jpg\",\"contentUrl\":\"https:\/\/blog.ccc.eu\/hu\/wp-content\/uploads\/2022\/04\/m-150x150.jpg\",\"caption\":\"Mercedes Korosi\"},\"url\":\"https:\/\/blog.ccc.eu\/hu\/author\/mercedes-korosi\/\"}]}<\/script>\n<!-- \/ Yoast SEO plugin. -->","yoast_head_json":{"title":"Kiv\u00e1lasztjuk a legjobb ruh\u00e1kat az iskol\u00e1ba! - CCC Fashion blog","description":"K\u00e9sz\u00fclj fel gyermekeddel \u0151szig, \u00e9s v\u00e1lassz\u00e1tok ki egy\u00fctt az iskolai ruh\u00e1kat, amelyek megfelelnek a gyermek ig\u00e9nyeinek is. 2026","robots":{"index":"index","follow":"follow","max-snippet":"max-snippet:-1","max-image-preview":"max-image-preview:large","max-video-preview":"max-video-preview:-1"},"canonical":"https:\/\/blog.ccc.eu\/hu\/kivalasztjuk-a-legjobb-ruhakat-az-iskolaba\/","og_locale":"hu_HU","og_type":"article","og_title":"Kiv\u00e1lasztjuk a legjobb ruh\u00e1kat az iskol\u00e1ba! - CCC Fashion blog","og_description":"K\u00e9sz\u00fclj fel gyermekeddel \u0151szig, \u00e9s v\u00e1lassz\u00e1tok ki egy\u00fctt az iskolai ruh\u00e1kat, amelyek megfelelnek a gyermek ig\u00e9nyeinek is.","og_url":"https:\/\/blog.ccc.eu\/hu\/kivalasztjuk-a-legjobb-ruhakat-az-iskolaba\/","og_site_name":"CCC Fashion blog","article_published_time":"2022-08-09T11:40:00+00:00","article_modified_time":"2023-01-24T13:01:00+00:00","og_image":[{"width":546,"height":728,"url":"https:\/\/blog.ccc.eu\/hu\/wp-content\/uploads\/2022\/08\/20220606_ZUZA_CCC_0248.jpg","type":"image\/jpeg"}],"author":"Mercedes Korosi","twitter_card":"summary_large_image","twitter_misc":{"Szerz\u0151:":"Mercedes Korosi","Becs\u00fclt olvas\u00e1si id\u0151":"4 perc"},"schema":{"@context":"https:\/\/schema.org","@graph":[{"@type":"Article","@id":"https:\/\/blog.ccc.eu\/hu\/kivalasztjuk-a-legjobb-ruhakat-az-iskolaba\/#article","isPartOf":{"@id":"https:\/\/blog.ccc.eu\/hu\/kivalasztjuk-a-legjobb-ruhakat-az-iskolaba\/"},"author":{"name":"Mercedes Korosi","@id":"https:\/\/blog.ccc.eu\/hu\/#\/schema\/person\/46545a2effdaccf6ce20a3726eda2317"},"headline":"Kiv\u00e1lasztjuk a legjobb ruh\u00e1kat az iskol\u00e1ba!","datePublished":"2022-08-09T11:40:00+00:00","dateModified":"2023-01-24T13:01:00+00:00","mainEntityOfPage":{"@id":"https:\/\/blog.ccc.eu\/hu\/kivalasztjuk-a-legjobb-ruhakat-az-iskolaba\/"},"wordCount":878,"commentCount":0,"publisher":{"@id":"https:\/\/blog.ccc.eu\/hu\/#organization"},"image":{"@id":"https:\/\/blog.ccc.eu\/hu\/kivalasztjuk-a-legjobb-ruhakat-az-iskolaba\/#primaryimage"},"thumbnailUrl":"https:\/\/blog.ccc.eu\/hu\/wp-content\/uploads\/2022\/08\/20220606_ZUZA_CCC_0248.jpg","keywords":["CCC","iskolakezd\u00e9s","nadr\u00e1g iskol\u00e1ba","p\u00f3l\u00f3 iskol\u00e1ba","ruh\u00e1k iskol\u00e1ba"],"articleSection":["DIVAT TIPPEK"],"inLanguage":"hu","potentialAction":[{"@type":"CommentAction","name":"Comment","target":["https:\/\/blog.ccc.eu\/hu\/kivalasztjuk-a-legjobb-ruhakat-az-iskolaba\/#respond"]}]},{"@type":"WebPage","@id":"https:\/\/blog.ccc.eu\/hu\/kivalasztjuk-a-legjobb-ruhakat-az-iskolaba\/","url":"https:\/\/blog.ccc.eu\/hu\/kivalasztjuk-a-legjobb-ruhakat-az-iskolaba\/","name":"Kiv\u00e1lasztjuk a legjobb ruh\u00e1kat az iskol\u00e1ba! - CCC Fashion blog","isPartOf":{"@id":"https:\/\/blog.ccc.eu\/hu\/#website"},"primaryImageOfPage":{"@id":"https:\/\/blog.ccc.eu\/hu\/kivalasztjuk-a-legjobb-ruhakat-az-iskolaba\/#primaryimage"},"image":{"@id":"https:\/\/blog.ccc.eu\/hu\/kivalasztjuk-a-legjobb-ruhakat-az-iskolaba\/#primaryimage"},"thumbnailUrl":"https:\/\/blog.ccc.eu\/hu\/wp-content\/uploads\/2022\/08\/20220606_ZUZA_CCC_0248.jpg","datePublished":"2022-08-09T11:40:00+00:00","dateModified":"2023-01-24T13:01:00+00:00","description":"K\u00e9sz\u00fclj fel gyermekeddel \u0151szig, \u00e9s v\u00e1lassz\u00e1tok ki egy\u00fctt az iskolai ruh\u00e1kat, amelyek megfelelnek a gyermek ig\u00e9nyeinek is.","breadcrumb":{"@id":"https:\/\/blog.ccc.eu\/hu\/kivalasztjuk-a-legjobb-ruhakat-az-iskolaba\/#breadcrumb"},"inLanguage":"hu","potentialAction":[{"@type":"ReadAction","target":["https:\/\/blog.ccc.eu\/hu\/kivalasztjuk-a-legjobb-ruhakat-az-iskolaba\/"]}]},{"@type":"ImageObject","inLanguage":"hu","@id":"https:\/\/blog.ccc.eu\/hu\/kivalasztjuk-a-legjobb-ruhakat-az-iskolaba\/#primaryimage","url":"https:\/\/blog.ccc.eu\/hu\/wp-content\/uploads\/2022\/08\/20220606_ZUZA_CCC_0248.jpg","contentUrl":"https:\/\/blog.ccc.eu\/hu\/wp-content\/uploads\/2022\/08\/20220606_ZUZA_CCC_0248.jpg","width":546,"height":728,"caption":"iskol\u00e1ba ruha"},{"@type":"BreadcrumbList","@id":"https:\/\/blog.ccc.eu\/hu\/kivalasztjuk-a-legjobb-ruhakat-az-iskolaba\/#breadcrumb","itemListElement":[{"@type":"ListItem","position":1,"name":"Strona g\u0142\u00f3wna","item":"https:\/\/blog.ccc.eu\/hu\/"},{"@type":"ListItem","position":2,"name":"Kiv\u00e1lasztjuk a legjobb ruh\u00e1kat az iskol\u00e1ba!"}]},{"@type":"WebSite","@id":"https:\/\/blog.ccc.eu\/hu\/#website","url":"https:\/\/blog.ccc.eu\/hu\/","name":"CCC Fashion blog","description":"Az \u00d6n helye tele van divatihletekkel","publisher":{"@id":"https:\/\/blog.ccc.eu\/hu\/#organization"},"potentialAction":[{"@type":"SearchAction","target":{"@type":"EntryPoint","urlTemplate":"https:\/\/blog.ccc.eu\/hu\/?s={search_term_string}"},"query-input":{"@type":"PropertyValueSpecification","valueRequired":true,"valueName":"search_term_string"}}],"inLanguage":"hu"},{"@type":"Organization","@id":"https:\/\/blog.ccc.eu\/hu\/#organization","name":"CCC S.A.","url":"https:\/\/blog.ccc.eu\/hu\/","logo":{"@type":"ImageObject","inLanguage":"hu","@id":"https:\/\/blog.ccc.eu\/hu\/#\/schema\/logo\/image\/","url":"https:\/\/blog.ccc.eu\/hu\/wp-content\/uploads\/2021\/11\/logo_ccc.png","contentUrl":"https:\/\/blog.ccc.eu\/hu\/wp-content\/uploads\/2021\/11\/logo_ccc.png","width":730,"height":270,"caption":"CCC S.A."},"image":{"@id":"https:\/\/blog.ccc.eu\/hu\/#\/schema\/logo\/image\/"}},{"@type":"Person","@id":"https:\/\/blog.ccc.eu\/hu\/#\/schema\/person\/46545a2effdaccf6ce20a3726eda2317","name":"Mercedes Korosi","image":{"@type":"ImageObject","inLanguage":"hu","@id":"https:\/\/blog.ccc.eu\/hu\/#\/schema\/person\/image\/","url":"https:\/\/blog.ccc.eu\/hu\/wp-content\/uploads\/2022\/04\/m-150x150.jpg","contentUrl":"https:\/\/blog.ccc.eu\/hu\/wp-content\/uploads\/2022\/04\/m-150x150.jpg","caption":"Mercedes Korosi"},"url":"https:\/\/blog.ccc.eu\/hu\/author\/mercedes-korosi\/"}]}},"_links":{"self":[{"href":"https:\/\/blog.ccc.eu\/hu\/wp-json\/wp\/v2\/posts\/6403","targetHints":{"allow":["GET"]}}],"collection":[{"href":"https:\/\/blog.ccc.eu\/hu\/wp-json\/wp\/v2\/posts"}],"about":[{"href":"https:\/\/blog.ccc.eu\/hu\/wp-json\/wp\/v2\/types\/post"}],"author":[{"embeddable":true,"href":"https:\/\/blog.ccc.eu\/hu\/wp-json\/wp\/v2\/users\/19"}],"replies":[{"embeddable":true,"href":"https:\/\/blog.ccc.eu\/hu\/wp-json\/wp\/v2\/comments?post=6403"}],"version-history":[{"count":4,"href":"https:\/\/blog.ccc.eu\/hu\/wp-json\/wp\/v2\/posts\/6403\/revisions"}],"predecessor-version":[{"id":7435,"href":"https:\/\/blog.ccc.eu\/hu\/wp-json\/wp\/v2\/posts\/6403\/revisions\/7435"}],"wp:featuredmedia":[{"embeddable":true,"href":"https:\/\/blog.ccc.eu\/hu\/wp-json\/wp\/v2\/media\/6404"}],"wp:attachment":[{"href":"https:\/\/blog.ccc.eu\/hu\/wp-json\/wp\/v2\/media?parent=6403"}],"wp:term":[{"taxonomy":"category","embeddable":true,"href":"https:\/\/blog.ccc.eu\/hu\/wp-json\/wp\/v2\/categories?post=6403"},{"taxonomy":"post_tag","embeddable":true,"href":"https:\/\/blog.ccc.eu\/hu\/wp-json\/wp\/v2\/tags?post=6403"}],"curies":[{"name":"wp","href":"https:\/\/api.w.org\/{rel}","templated":true}]}}