{"id":6450,"date":"2022-08-15T10:01:31","date_gmt":"2022-08-15T08:01:31","guid":{"rendered":"https:\/\/blog.ccc.eu\/hu\/?p=6450"},"modified":"2023-07-10T09:09:53","modified_gmt":"2023-07-10T07:09:53","slug":"fesztivaldivat-hogyan-oltozz-fel-egy-fesztivalra","status":"publish","type":"post","link":"https:\/\/blog.ccc.eu\/hu\/fesztivaldivat-hogyan-oltozz-fel-egy-fesztivalra\/","title":{"rendered":"Fesztiv\u00e1ldivat \u2013 hogyan \u00f6lt\u00f6zz fel egy fesztiv\u00e1lra?"},"content":{"rendered":"\n<p><b>Jav\u00e1ban zakatol a ny\u00e1ri fesztiv\u00e1lszezon, l\u00e9lekben m\u00e1r biztosan fel is k\u00e9sz\u00fclt\u00e9l r\u00e1, de megvan m\u00e1r a t\u00f6k\u00e9letes fesztiv\u00e1los szetted is? Ugye nem is olyan k\u00f6nny\u0171 feladat az outfit kital\u00e1l\u00e1sa. Legyen trendi, ugyanakkor praktikus, illetve alapvet\u0151 elv\u00e1r\u00e1s a k\u00e9nyelem is. A fesztiv\u00e1l el\u0151tt mindig \u00e9rdemes \u00e1tgondolni, hogy milyen szempontokat kell figyelembe venni, amikor \u00e9pp a szett\u00fcnket \u00e1ll\u00edtjuk \u00f6ssze. Nem mindegy p\u00e9ld\u00e1ul, hogy h\u0151s\u00e9g lesz-e, vagy esni fog-e, esetleg mindkett\u0151 el\u0151fordulhat? Hideg lesz \u00e9jjel? S\u00e1trazunk, vagy hazaj\u00f6v\u00fcnk, ha kibuliztuk magunkat? Vigy\u00fcnk pulcsit, vagy felesleges? A CCC-n\u00e9l minden eshet\u0151s\u00e9gre tal\u00e1lsz megold\u00e1st!<\/b><\/p>\n\n\n\n<figure class=\"wp-block-image size-full\"><img loading=\"lazy\" decoding=\"async\" width=\"825\" height=\"550\" src=\"https:\/\/blog.ccc.eu\/hu\/wp-content\/uploads\/2022\/08\/pexels-wendy-wei-1190298.jpg\" alt=\"\" class=\"wp-image-6451\" srcset=\"https:\/\/blog.ccc.eu\/hu\/wp-content\/uploads\/2022\/08\/pexels-wendy-wei-1190298.jpg 825w, https:\/\/blog.ccc.eu\/hu\/wp-content\/uploads\/2022\/08\/pexels-wendy-wei-1190298-300x200.jpg 300w, https:\/\/blog.ccc.eu\/hu\/wp-content\/uploads\/2022\/08\/pexels-wendy-wei-1190298-768x512.jpg 768w, https:\/\/blog.ccc.eu\/hu\/wp-content\/uploads\/2022\/08\/pexels-wendy-wei-1190298-100x67.jpg 100w\" sizes=\"auto, (max-width: 825px) 100vw, 825px\" \/><\/figure>\n\n\n\n<h2 class=\"wp-block-heading\"><strong>Fesztiv\u00e1ldivat \u2013 mit\u0151l m\u00e1s?<\/strong><\/h2>\n\n\n\n<p>A fesztiv\u00e1li szett az\u00e9rt is m\u00e1s, mert egyr\u00e9szt az sem \u00e1rt, ha j\u00f3l n\u00e9z\u00fcnk ki, m\u00e1sr\u00e9szt pedig k\u00e9nyelmesnek is kell lennie, hiszen lehet, hogy eg\u00e9sz nap, illetve \u00e9jjel ugyanabban a szettben fogunk majd bulizni, j\u00e1runk sz\u00ednpadt\u00f3l sz\u00ednpadig, koncertr\u0151l koncertre. A fesztiv\u00e1lokon az ember sokkal szabadabb, \u00f6lt\u00f6zk\u00f6dhet mer\u00e9szen \u00e9s kipr\u00f3b\u00e1lhat olyan st\u00edlusokat, amelyeket a mindennapokban nem v\u00e1llal be. A fesztiv\u00e1lokon nincs dress code!<\/p>\n\n\n\n<h2 class=\"wp-block-heading\"><strong>Mit tartalmazzon egy divatos fesztiv\u00e1l megjelen\u00e9s?<\/strong><\/h2>\n\n\n\n<p>Ha h\u0151s\u00e9gre lehet sz\u00e1m\u00edtani, akkor egy lenge ny\u00e1ri ruha szett lesz az igaz\u00e1n alkalmas sz\u00e1munkra. A t\u0171z\u0151 nap ellen t\u00f6k\u00e9letes v\u00e9delmet ny\u00fajthat egy baseball sapka, egy ny\u00e1ri kalap vagy egy men\u0151 napszem\u00fcveg. A legklasszikusabb v\u00e1laszt\u00e1s tal\u00e1n egy r\u00f6vid farmernadr\u00e1g egy sz\u00ednes toppal, \u00f6vt\u00e1sk\u00e1val \u00e9s egy pulcsival a derekunkon, ami hajnalban m\u00e9g j\u00f3l j\u00f6het. Ugyanakkor a fesztiv\u00e1lokon lehetsz igaz\u00e1n \u00f6nmagad, b\u00e1tran v\u00e1laszthatsz mer\u00e9szebb ruhadarabokat is. Megmutathatod sz\u00ednes egy\u00e9nis\u00e9gedet a ruh\u00e1idon vagy a kieg\u00e9sz\u00edt\u0151iden kereszt\u00fcl. Ha maradn\u00e1l a klasszikusabb ruh\u00e1kn\u00e1l, akkor is feldobhatod a fesztiv\u00e1los szettedet egy sz\u00ednes hajgumival, hajp\u00e1nttal, \u00f6vvel, napszem\u00fcveggel vagy p\u00e9ld\u00e1ul egy Jenny Fairy k\u00e9zit\u00e1sk\u00e1val. <\/p>\n\n\n\n\n\n\n<h2 class=\"wp-block-heading\"><strong>Milyen cip\u0151t v\u00e1lasszak egy fesztiv\u00e1lra?<\/strong><\/h2>\n\n\n\n<p>A koncertekhez, a s\u00e9t\u00e1hoz, a t\u00e1nchoz \u00e9rdemes egy k\u00e9nyelmes sneaker vagy tornacip\u0151 mellett letenni a voksunkat. B\u00e1r divatosak manaps\u00e1g a feh\u00e9r, vagy pasztell sz\u00edn\u0171 cip\u0151k, gondoljunk arra is, hogy a port\u00f3l vagy a s\u00e1rt\u00f3l a sz\u00edn\u00fck m\u00e1snapra feket\u00e9re v\u00e1lthat. Ha es\u0151 v\u00e1rhat\u00f3, akkor egy gumicsizma is abszol\u00fat j\u00f3 v\u00e1laszt\u00e1s lehet. Igaz, hogy a szand\u00e1l vagy papucs szell\u0151s, ugyanakkor egy fesztiv\u00e1lra a nyitott cip\u0151k nem a legjobb v\u00e1laszt\u00e1snak bizonyulnak a nagy por \u00e9s a t\u00f6meg miatt.<\/p>\n\n\n\n\n\n\n<h2 class=\"wp-block-heading\"><strong>Hogyan tiszt\u00edtsd meg a cip\u0151det egy fesztiv\u00e1l ut\u00e1n<\/strong><\/h2>\n\n\n\n<p>Bizony m\u00e1snap, amikor fel\u00e9bred\u00fcnk \u00e9s megpillantjuk a cip\u0151nket az lehet az els\u0151 gondolatunk, hogy majd a mos\u00f3g\u00e9p visszavar\u00e1zsolja olyann\u00e1, amilyen volt, de n\u00e9zz\u00fck meg, hogy az adott l\u00e1bbelit szabad-e \u00e9s ha igen, akkor hogyan szabad mosni az utas\u00edt\u00e1s szerint? Ha nem lehet mos\u00f3g\u00e9pben mosni, akkor j\u00f6het a cip\u0151tiszt\u00edt\u00e1s m\u00e1s h\u00e1zi praktik\u00e1kkal &#8211; a legegyszer\u0171bb, ha langyos v\u00edzzel \u00e9s szivaccsal \u00e9s sok-sok t\u00fcrelemmel \u00e1llsz neki a tiszt\u00edt\u00e1snak. Vizes tiszt\u00edt\u00e1s ut\u00e1n hagyd a cip\u0151t szobah\u0151m\u00e9rs\u00e9kleten megsz\u00e1radni, ne rakd ki a napra, mert \u00f6sszemehet. Vannak, akik emiatt a proced\u00fara miatt kifejezetten a fesztiv\u00e1lokra tartanak a szekr\u00e9nyben egy fesztiv\u00e1loz\u00f3s cip\u0151t.<\/p>\n\n\n\n<p>A <a href=\"https:\/\/ccc.eu\/hu\/sklepy\">CCC \u00fczleteinkben<\/a>, <a href=\"https:\/\/ccc.eu\/hu\/\">webshopunkban<\/a>, \u00e9s az <a href=\"https:\/\/ccc.eu\/hu\/mobile-app\">alkalmaz\u00e1sban<\/a> minden eshet\u0151s\u00e9gre tal\u00e1lsz megold\u00e1st: sneakereket, tornacip\u0151ket, gumicsizm\u00e1kat, \u00f6vt\u00e1sk\u00e1kat, h\u00e1tizs\u00e1kokat, napszem\u00fcvegeket, baseball sapk\u00e1kat, egysz\u00f3val mindent, ami a fesztiv\u00e1lszezonban j\u00f3l j\u00f6het. Legy\u00e9l <a href=\"https:\/\/ccc.eu\/hu\/klub-ccc\">CCC klubtag<\/a> is, \u00e9s \u00e9lvezd a k\u00e9nyelmes \u00e9s kedvezm\u00e9nyes v\u00e1s\u00e1rl\u00e1si lehet\u0151s\u00e9geket! K\u00f6vesd vel\u00fcnk a divatot <a href=\"https:\/\/www.facebook.com\/CCC.Hungary\/\">Facebookon,<\/a> \u00e9s inspir\u00e1l\u00f3dj vel\u00fcnk az <a href=\"https:\/\/www.instagram.com\/cccshoesbags\/\">Instagramon<\/a> is!<\/p>\n","protected":false},"excerpt":{"rendered":"<p>Jav\u00e1ban zakatol a ny\u00e1ri fesztiv\u00e1lszezon, l\u00e9lekben m\u00e1r biztosan fel is k\u00e9sz\u00fclt\u00e9l r\u00e1, de megvan m\u00e1r a t\u00f6k\u00e9letes fesztiv\u00e1los szetted is? Ugye nem is olyan k\u00f6nny\u0171 feladat az outfit kital\u00e1l\u00e1sa. Legyen trendi, ugyanakkor praktikus, illetve alapvet\u0151 elv\u00e1r\u00e1s a k\u00e9nyelem is. A fesztiv\u00e1l el\u0151tt mindig \u00e9rdemes \u00e1tgondolni, hogy milyen szempontokat kell figyelembe venni, amikor \u00e9pp a szett\u00fcnket [&hellip;]<\/p>\n","protected":false},"author":17,"featured_media":6451,"comment_status":"open","ping_status":"open","sticky":false,"template":"","format":"standard","meta":{"_acf_changed":false,"footnotes":""},"categories":[4],"tags":[560,923,925,927,926,924],"class_list":["post-6450","post","type-post","status-publish","format-standard","has-post-thumbnail","hentry","category-divat-tippek","tag-ccc","tag-fesztival","tag-fesztival-cipo","tag-fesztival-ruha","tag-fesztival-taska","tag-nyari-fesztival"],"acf":[],"yoast_head":"<!-- This site is optimized with the Yoast SEO plugin v26.9 - https:\/\/yoast.com\/product\/yoast-seo-wordpress\/ -->\n<title>Fesztiv\u00e1ldivat \u2013 hogyan \u00f6lt\u00f6zz fel egy fesztiv\u00e1lra? - CCC Fashion blog<\/title>\n<meta name=\"description\" content=\"Itt a ny\u00e1ri fesztiv\u00e1lszezon, l\u00e9lekben m\u00e1r biztosan fel is k\u00e9sz\u00fclt\u00e9l r\u00e1, de megvan m\u00e1r a t\u00f6k\u00e9letes fesztiv\u00e1los szetted is? N\u00e9zz be CCC-be! 2026\" \/>\n<meta name=\"robots\" content=\"index, follow, max-snippet:-1, max-image-preview:large, max-video-preview:-1\" \/>\n<link rel=\"canonical\" href=\"https:\/\/blog.ccc.eu\/hu\/fesztivaldivat-hogyan-oltozz-fel-egy-fesztivalra\/\" \/>\n<meta property=\"og:locale\" content=\"hu_HU\" \/>\n<meta property=\"og:type\" content=\"article\" \/>\n<meta property=\"og:title\" content=\"Fesztiv\u00e1ldivat \u2013 hogyan \u00f6lt\u00f6zz fel egy fesztiv\u00e1lra? - CCC Fashion blog\" \/>\n<meta property=\"og:description\" content=\"Itt a ny\u00e1ri fesztiv\u00e1lszezon, l\u00e9lekben m\u00e1r biztosan fel is k\u00e9sz\u00fclt\u00e9l r\u00e1, de megvan m\u00e1r a t\u00f6k\u00e9letes fesztiv\u00e1los szetted is? N\u00e9zz be CCC-be!\" \/>\n<meta property=\"og:url\" content=\"https:\/\/blog.ccc.eu\/hu\/fesztivaldivat-hogyan-oltozz-fel-egy-fesztivalra\/\" \/>\n<meta property=\"og:site_name\" content=\"CCC Fashion blog\" \/>\n<meta property=\"article:published_time\" content=\"2022-08-15T08:01:31+00:00\" \/>\n<meta property=\"article:modified_time\" content=\"2023-07-10T07:09:53+00:00\" \/>\n<meta property=\"og:image\" content=\"https:\/\/blog.ccc.eu\/hu\/wp-content\/uploads\/2022\/08\/pexels-wendy-wei-1190298.jpg\" \/>\n\t<meta property=\"og:image:width\" content=\"825\" \/>\n\t<meta property=\"og:image:height\" content=\"550\" \/>\n\t<meta property=\"og:image:type\" content=\"image\/jpeg\" \/>\n<meta name=\"author\" content=\"R\u00e9ka N\u00e9meth\" \/>\n<meta name=\"twitter:card\" content=\"summary_large_image\" \/>\n<meta name=\"twitter:label1\" content=\"Szerz\u0151:\" \/>\n\t<meta name=\"twitter:data1\" content=\"R\u00e9ka N\u00e9meth\" \/>\n\t<meta name=\"twitter:label2\" content=\"Becs\u00fclt olvas\u00e1si id\u0151\" \/>\n\t<meta name=\"twitter:data2\" content=\"4 perc\" \/>\n<script type=\"application\/ld+json\" class=\"yoast-schema-graph\">{\"@context\":\"https:\/\/schema.org\",\"@graph\":[{\"@type\":\"Article\",\"@id\":\"https:\/\/blog.ccc.eu\/hu\/fesztivaldivat-hogyan-oltozz-fel-egy-fesztivalra\/#article\",\"isPartOf\":{\"@id\":\"https:\/\/blog.ccc.eu\/hu\/fesztivaldivat-hogyan-oltozz-fel-egy-fesztivalra\/\"},\"author\":{\"name\":\"R\u00e9ka N\u00e9meth\",\"@id\":\"https:\/\/blog.ccc.eu\/hu\/#\/schema\/person\/c3226a60cce3320f8d95a41d9af8ed2d\"},\"headline\":\"Fesztiv\u00e1ldivat \u2013 hogyan \u00f6lt\u00f6zz fel egy fesztiv\u00e1lra?\",\"datePublished\":\"2022-08-15T08:01:31+00:00\",\"dateModified\":\"2023-07-10T07:09:53+00:00\",\"mainEntityOfPage\":{\"@id\":\"https:\/\/blog.ccc.eu\/hu\/fesztivaldivat-hogyan-oltozz-fel-egy-fesztivalra\/\"},\"wordCount\":745,\"commentCount\":0,\"publisher\":{\"@id\":\"https:\/\/blog.ccc.eu\/hu\/#organization\"},\"image\":{\"@id\":\"https:\/\/blog.ccc.eu\/hu\/fesztivaldivat-hogyan-oltozz-fel-egy-fesztivalra\/#primaryimage\"},\"thumbnailUrl\":\"https:\/\/blog.ccc.eu\/hu\/wp-content\/uploads\/2022\/08\/pexels-wendy-wei-1190298.jpg\",\"keywords\":[\"CCC\",\"fesztiv\u00e1l\",\"fesztiv\u00e1l cip\u0151\",\"fesztiv\u00e1l ruha\",\"fesztiv\u00e1l t\u00e1ska\",\"ny\u00e1ri fesztiv\u00e1l\"],\"articleSection\":[\"DIVAT TIPPEK\"],\"inLanguage\":\"hu\",\"potentialAction\":[{\"@type\":\"CommentAction\",\"name\":\"Comment\",\"target\":[\"https:\/\/blog.ccc.eu\/hu\/fesztivaldivat-hogyan-oltozz-fel-egy-fesztivalra\/#respond\"]}]},{\"@type\":\"WebPage\",\"@id\":\"https:\/\/blog.ccc.eu\/hu\/fesztivaldivat-hogyan-oltozz-fel-egy-fesztivalra\/\",\"url\":\"https:\/\/blog.ccc.eu\/hu\/fesztivaldivat-hogyan-oltozz-fel-egy-fesztivalra\/\",\"name\":\"Fesztiv\u00e1ldivat \u2013 hogyan \u00f6lt\u00f6zz fel egy fesztiv\u00e1lra? - CCC Fashion blog\",\"isPartOf\":{\"@id\":\"https:\/\/blog.ccc.eu\/hu\/#website\"},\"primaryImageOfPage\":{\"@id\":\"https:\/\/blog.ccc.eu\/hu\/fesztivaldivat-hogyan-oltozz-fel-egy-fesztivalra\/#primaryimage\"},\"image\":{\"@id\":\"https:\/\/blog.ccc.eu\/hu\/fesztivaldivat-hogyan-oltozz-fel-egy-fesztivalra\/#primaryimage\"},\"thumbnailUrl\":\"https:\/\/blog.ccc.eu\/hu\/wp-content\/uploads\/2022\/08\/pexels-wendy-wei-1190298.jpg\",\"datePublished\":\"2022-08-15T08:01:31+00:00\",\"dateModified\":\"2023-07-10T07:09:53+00:00\",\"description\":\"Itt a ny\u00e1ri fesztiv\u00e1lszezon, l\u00e9lekben m\u00e1r biztosan fel is k\u00e9sz\u00fclt\u00e9l r\u00e1, de megvan m\u00e1r a t\u00f6k\u00e9letes fesztiv\u00e1los szetted is? N\u00e9zz be CCC-be!\",\"breadcrumb\":{\"@id\":\"https:\/\/blog.ccc.eu\/hu\/fesztivaldivat-hogyan-oltozz-fel-egy-fesztivalra\/#breadcrumb\"},\"inLanguage\":\"hu\",\"potentialAction\":[{\"@type\":\"ReadAction\",\"target\":[\"https:\/\/blog.ccc.eu\/hu\/fesztivaldivat-hogyan-oltozz-fel-egy-fesztivalra\/\"]}]},{\"@type\":\"ImageObject\",\"inLanguage\":\"hu\",\"@id\":\"https:\/\/blog.ccc.eu\/hu\/fesztivaldivat-hogyan-oltozz-fel-egy-fesztivalra\/#primaryimage\",\"url\":\"https:\/\/blog.ccc.eu\/hu\/wp-content\/uploads\/2022\/08\/pexels-wendy-wei-1190298.jpg\",\"contentUrl\":\"https:\/\/blog.ccc.eu\/hu\/wp-content\/uploads\/2022\/08\/pexels-wendy-wei-1190298.jpg\",\"width\":825,\"height\":550,\"caption\":\"fesztiv\u00e1l CCC\"},{\"@type\":\"BreadcrumbList\",\"@id\":\"https:\/\/blog.ccc.eu\/hu\/fesztivaldivat-hogyan-oltozz-fel-egy-fesztivalra\/#breadcrumb\",\"itemListElement\":[{\"@type\":\"ListItem\",\"position\":1,\"name\":\"Strona g\u0142\u00f3wna\",\"item\":\"https:\/\/blog.ccc.eu\/hu\/\"},{\"@type\":\"ListItem\",\"position\":2,\"name\":\"Fesztiv\u00e1ldivat \u2013 hogyan \u00f6lt\u00f6zz fel egy fesztiv\u00e1lra?\"}]},{\"@type\":\"WebSite\",\"@id\":\"https:\/\/blog.ccc.eu\/hu\/#website\",\"url\":\"https:\/\/blog.ccc.eu\/hu\/\",\"name\":\"CCC Fashion blog\",\"description\":\"Az \u00d6n helye tele van divatihletekkel\",\"publisher\":{\"@id\":\"https:\/\/blog.ccc.eu\/hu\/#organization\"},\"potentialAction\":[{\"@type\":\"SearchAction\",\"target\":{\"@type\":\"EntryPoint\",\"urlTemplate\":\"https:\/\/blog.ccc.eu\/hu\/?s={search_term_string}\"},\"query-input\":{\"@type\":\"PropertyValueSpecification\",\"valueRequired\":true,\"valueName\":\"search_term_string\"}}],\"inLanguage\":\"hu\"},{\"@type\":\"Organization\",\"@id\":\"https:\/\/blog.ccc.eu\/hu\/#organization\",\"name\":\"CCC S.A.\",\"url\":\"https:\/\/blog.ccc.eu\/hu\/\",\"logo\":{\"@type\":\"ImageObject\",\"inLanguage\":\"hu\",\"@id\":\"https:\/\/blog.ccc.eu\/hu\/#\/schema\/logo\/image\/\",\"url\":\"https:\/\/blog.ccc.eu\/hu\/wp-content\/uploads\/2021\/11\/logo_ccc.png\",\"contentUrl\":\"https:\/\/blog.ccc.eu\/hu\/wp-content\/uploads\/2021\/11\/logo_ccc.png\",\"width\":730,\"height\":270,\"caption\":\"CCC S.A.\"},\"image\":{\"@id\":\"https:\/\/blog.ccc.eu\/hu\/#\/schema\/logo\/image\/\"}},{\"@type\":\"Person\",\"@id\":\"https:\/\/blog.ccc.eu\/hu\/#\/schema\/person\/c3226a60cce3320f8d95a41d9af8ed2d\",\"name\":\"R\u00e9ka N\u00e9meth\",\"image\":{\"@type\":\"ImageObject\",\"inLanguage\":\"hu\",\"@id\":\"https:\/\/blog.ccc.eu\/hu\/#\/schema\/person\/image\/\",\"url\":\"https:\/\/blog.ccc.eu\/hu\/wp-content\/uploads\/2022\/05\/MicrosoftTeams-image-e1651752501479-150x150.jpg\",\"contentUrl\":\"https:\/\/blog.ccc.eu\/hu\/wp-content\/uploads\/2022\/05\/MicrosoftTeams-image-e1651752501479-150x150.jpg\",\"caption\":\"R\u00e9ka N\u00e9meth\"},\"url\":\"https:\/\/blog.ccc.eu\/hu\/author\/katarzyna-martyn\/\"}]}<\/script>\n<!-- \/ Yoast SEO plugin. -->","yoast_head_json":{"title":"Fesztiv\u00e1ldivat \u2013 hogyan \u00f6lt\u00f6zz fel egy fesztiv\u00e1lra? - CCC Fashion blog","description":"Itt a ny\u00e1ri fesztiv\u00e1lszezon, l\u00e9lekben m\u00e1r biztosan fel is k\u00e9sz\u00fclt\u00e9l r\u00e1, de megvan m\u00e1r a t\u00f6k\u00e9letes fesztiv\u00e1los szetted is? N\u00e9zz be CCC-be! 2026","robots":{"index":"index","follow":"follow","max-snippet":"max-snippet:-1","max-image-preview":"max-image-preview:large","max-video-preview":"max-video-preview:-1"},"canonical":"https:\/\/blog.ccc.eu\/hu\/fesztivaldivat-hogyan-oltozz-fel-egy-fesztivalra\/","og_locale":"hu_HU","og_type":"article","og_title":"Fesztiv\u00e1ldivat \u2013 hogyan \u00f6lt\u00f6zz fel egy fesztiv\u00e1lra? - CCC Fashion blog","og_description":"Itt a ny\u00e1ri fesztiv\u00e1lszezon, l\u00e9lekben m\u00e1r biztosan fel is k\u00e9sz\u00fclt\u00e9l r\u00e1, de megvan m\u00e1r a t\u00f6k\u00e9letes fesztiv\u00e1los szetted is? N\u00e9zz be CCC-be!","og_url":"https:\/\/blog.ccc.eu\/hu\/fesztivaldivat-hogyan-oltozz-fel-egy-fesztivalra\/","og_site_name":"CCC Fashion blog","article_published_time":"2022-08-15T08:01:31+00:00","article_modified_time":"2023-07-10T07:09:53+00:00","og_image":[{"width":825,"height":550,"url":"https:\/\/blog.ccc.eu\/hu\/wp-content\/uploads\/2022\/08\/pexels-wendy-wei-1190298.jpg","type":"image\/jpeg"}],"author":"R\u00e9ka N\u00e9meth","twitter_card":"summary_large_image","twitter_misc":{"Szerz\u0151:":"R\u00e9ka N\u00e9meth","Becs\u00fclt olvas\u00e1si id\u0151":"4 perc"},"schema":{"@context":"https:\/\/schema.org","@graph":[{"@type":"Article","@id":"https:\/\/blog.ccc.eu\/hu\/fesztivaldivat-hogyan-oltozz-fel-egy-fesztivalra\/#article","isPartOf":{"@id":"https:\/\/blog.ccc.eu\/hu\/fesztivaldivat-hogyan-oltozz-fel-egy-fesztivalra\/"},"author":{"name":"R\u00e9ka N\u00e9meth","@id":"https:\/\/blog.ccc.eu\/hu\/#\/schema\/person\/c3226a60cce3320f8d95a41d9af8ed2d"},"headline":"Fesztiv\u00e1ldivat \u2013 hogyan \u00f6lt\u00f6zz fel egy fesztiv\u00e1lra?","datePublished":"2022-08-15T08:01:31+00:00","dateModified":"2023-07-10T07:09:53+00:00","mainEntityOfPage":{"@id":"https:\/\/blog.ccc.eu\/hu\/fesztivaldivat-hogyan-oltozz-fel-egy-fesztivalra\/"},"wordCount":745,"commentCount":0,"publisher":{"@id":"https:\/\/blog.ccc.eu\/hu\/#organization"},"image":{"@id":"https:\/\/blog.ccc.eu\/hu\/fesztivaldivat-hogyan-oltozz-fel-egy-fesztivalra\/#primaryimage"},"thumbnailUrl":"https:\/\/blog.ccc.eu\/hu\/wp-content\/uploads\/2022\/08\/pexels-wendy-wei-1190298.jpg","keywords":["CCC","fesztiv\u00e1l","fesztiv\u00e1l cip\u0151","fesztiv\u00e1l ruha","fesztiv\u00e1l t\u00e1ska","ny\u00e1ri fesztiv\u00e1l"],"articleSection":["DIVAT TIPPEK"],"inLanguage":"hu","potentialAction":[{"@type":"CommentAction","name":"Comment","target":["https:\/\/blog.ccc.eu\/hu\/fesztivaldivat-hogyan-oltozz-fel-egy-fesztivalra\/#respond"]}]},{"@type":"WebPage","@id":"https:\/\/blog.ccc.eu\/hu\/fesztivaldivat-hogyan-oltozz-fel-egy-fesztivalra\/","url":"https:\/\/blog.ccc.eu\/hu\/fesztivaldivat-hogyan-oltozz-fel-egy-fesztivalra\/","name":"Fesztiv\u00e1ldivat \u2013 hogyan \u00f6lt\u00f6zz fel egy fesztiv\u00e1lra? - CCC Fashion blog","isPartOf":{"@id":"https:\/\/blog.ccc.eu\/hu\/#website"},"primaryImageOfPage":{"@id":"https:\/\/blog.ccc.eu\/hu\/fesztivaldivat-hogyan-oltozz-fel-egy-fesztivalra\/#primaryimage"},"image":{"@id":"https:\/\/blog.ccc.eu\/hu\/fesztivaldivat-hogyan-oltozz-fel-egy-fesztivalra\/#primaryimage"},"thumbnailUrl":"https:\/\/blog.ccc.eu\/hu\/wp-content\/uploads\/2022\/08\/pexels-wendy-wei-1190298.jpg","datePublished":"2022-08-15T08:01:31+00:00","dateModified":"2023-07-10T07:09:53+00:00","description":"Itt a ny\u00e1ri fesztiv\u00e1lszezon, l\u00e9lekben m\u00e1r biztosan fel is k\u00e9sz\u00fclt\u00e9l r\u00e1, de megvan m\u00e1r a t\u00f6k\u00e9letes fesztiv\u00e1los szetted is? N\u00e9zz be CCC-be!","breadcrumb":{"@id":"https:\/\/blog.ccc.eu\/hu\/fesztivaldivat-hogyan-oltozz-fel-egy-fesztivalra\/#breadcrumb"},"inLanguage":"hu","potentialAction":[{"@type":"ReadAction","target":["https:\/\/blog.ccc.eu\/hu\/fesztivaldivat-hogyan-oltozz-fel-egy-fesztivalra\/"]}]},{"@type":"ImageObject","inLanguage":"hu","@id":"https:\/\/blog.ccc.eu\/hu\/fesztivaldivat-hogyan-oltozz-fel-egy-fesztivalra\/#primaryimage","url":"https:\/\/blog.ccc.eu\/hu\/wp-content\/uploads\/2022\/08\/pexels-wendy-wei-1190298.jpg","contentUrl":"https:\/\/blog.ccc.eu\/hu\/wp-content\/uploads\/2022\/08\/pexels-wendy-wei-1190298.jpg","width":825,"height":550,"caption":"fesztiv\u00e1l CCC"},{"@type":"BreadcrumbList","@id":"https:\/\/blog.ccc.eu\/hu\/fesztivaldivat-hogyan-oltozz-fel-egy-fesztivalra\/#breadcrumb","itemListElement":[{"@type":"ListItem","position":1,"name":"Strona g\u0142\u00f3wna","item":"https:\/\/blog.ccc.eu\/hu\/"},{"@type":"ListItem","position":2,"name":"Fesztiv\u00e1ldivat \u2013 hogyan \u00f6lt\u00f6zz fel egy fesztiv\u00e1lra?"}]},{"@type":"WebSite","@id":"https:\/\/blog.ccc.eu\/hu\/#website","url":"https:\/\/blog.ccc.eu\/hu\/","name":"CCC Fashion blog","description":"Az \u00d6n helye tele van divatihletekkel","publisher":{"@id":"https:\/\/blog.ccc.eu\/hu\/#organization"},"potentialAction":[{"@type":"SearchAction","target":{"@type":"EntryPoint","urlTemplate":"https:\/\/blog.ccc.eu\/hu\/?s={search_term_string}"},"query-input":{"@type":"PropertyValueSpecification","valueRequired":true,"valueName":"search_term_string"}}],"inLanguage":"hu"},{"@type":"Organization","@id":"https:\/\/blog.ccc.eu\/hu\/#organization","name":"CCC S.A.","url":"https:\/\/blog.ccc.eu\/hu\/","logo":{"@type":"ImageObject","inLanguage":"hu","@id":"https:\/\/blog.ccc.eu\/hu\/#\/schema\/logo\/image\/","url":"https:\/\/blog.ccc.eu\/hu\/wp-content\/uploads\/2021\/11\/logo_ccc.png","contentUrl":"https:\/\/blog.ccc.eu\/hu\/wp-content\/uploads\/2021\/11\/logo_ccc.png","width":730,"height":270,"caption":"CCC S.A."},"image":{"@id":"https:\/\/blog.ccc.eu\/hu\/#\/schema\/logo\/image\/"}},{"@type":"Person","@id":"https:\/\/blog.ccc.eu\/hu\/#\/schema\/person\/c3226a60cce3320f8d95a41d9af8ed2d","name":"R\u00e9ka N\u00e9meth","image":{"@type":"ImageObject","inLanguage":"hu","@id":"https:\/\/blog.ccc.eu\/hu\/#\/schema\/person\/image\/","url":"https:\/\/blog.ccc.eu\/hu\/wp-content\/uploads\/2022\/05\/MicrosoftTeams-image-e1651752501479-150x150.jpg","contentUrl":"https:\/\/blog.ccc.eu\/hu\/wp-content\/uploads\/2022\/05\/MicrosoftTeams-image-e1651752501479-150x150.jpg","caption":"R\u00e9ka N\u00e9meth"},"url":"https:\/\/blog.ccc.eu\/hu\/author\/katarzyna-martyn\/"}]}},"_links":{"self":[{"href":"https:\/\/blog.ccc.eu\/hu\/wp-json\/wp\/v2\/posts\/6450","targetHints":{"allow":["GET"]}}],"collection":[{"href":"https:\/\/blog.ccc.eu\/hu\/wp-json\/wp\/v2\/posts"}],"about":[{"href":"https:\/\/blog.ccc.eu\/hu\/wp-json\/wp\/v2\/types\/post"}],"author":[{"embeddable":true,"href":"https:\/\/blog.ccc.eu\/hu\/wp-json\/wp\/v2\/users\/17"}],"replies":[{"embeddable":true,"href":"https:\/\/blog.ccc.eu\/hu\/wp-json\/wp\/v2\/comments?post=6450"}],"version-history":[{"count":9,"href":"https:\/\/blog.ccc.eu\/hu\/wp-json\/wp\/v2\/posts\/6450\/revisions"}],"predecessor-version":[{"id":8515,"href":"https:\/\/blog.ccc.eu\/hu\/wp-json\/wp\/v2\/posts\/6450\/revisions\/8515"}],"wp:featuredmedia":[{"embeddable":true,"href":"https:\/\/blog.ccc.eu\/hu\/wp-json\/wp\/v2\/media\/6451"}],"wp:attachment":[{"href":"https:\/\/blog.ccc.eu\/hu\/wp-json\/wp\/v2\/media?parent=6450"}],"wp:term":[{"taxonomy":"category","embeddable":true,"href":"https:\/\/blog.ccc.eu\/hu\/wp-json\/wp\/v2\/categories?post=6450"},{"taxonomy":"post_tag","embeddable":true,"href":"https:\/\/blog.ccc.eu\/hu\/wp-json\/wp\/v2\/tags?post=6450"}],"curies":[{"name":"wp","href":"https:\/\/api.w.org\/{rel}","templated":true}]}}