{"id":6499,"date":"2022-08-24T12:07:09","date_gmt":"2022-08-24T10:07:09","guid":{"rendered":"https:\/\/blog.ccc.eu\/hu\/?p=6499"},"modified":"2022-08-24T12:07:09","modified_gmt":"2022-08-24T10:07:09","slug":"mi-az-a-velur-hogyan-tisztitsd-a-velur-cipodet","status":"publish","type":"post","link":"https:\/\/blog.ccc.eu\/hu\/mi-az-a-velur-hogyan-tisztitsd-a-velur-cipodet\/","title":{"rendered":"Mi az a vel\u00far? Hogyan tiszt\u00edtsd a vel\u00far cip\u0151det?"},"content":{"rendered":"\n<p><b>Az ebb\u0151l az anyagb\u00f3l k\u00e9sz\u00fclt l\u00e1bbeliknek sz\u00e1mos el\u0151nye van, t\u00f6bbek k\u00f6z\u00f6tt nagyon k\u00e9nyelmesek \u00e9s j\u00f3l is n\u00e9znek ki. A vel\u00farb\u00f3l k\u00e9sz\u00fclt cip\u0151 l\u00e1gys\u00e1g\u00e1nak k\u00f6sz\u00f6nhet\u0151en nem fogja horzsolni vagy nyomni a l\u00e1bat. A vel\u00far cip\u0151 igaz\u00e1n eleg\u00e1ns viselet. Tiszt\u00edt\u00e1s\u00e1hoz azonban j\u00f3 tudni p\u00e1r alap szab\u00e1lyt!<\/b><\/p>\n\n\n\n<figure class=\"wp-block-image size-large\"><img loading=\"lazy\" decoding=\"async\" width=\"1024\" height=\"660\" src=\"https:\/\/blog.ccc.eu\/hu\/wp-content\/uploads\/2022\/08\/MicrosoftTeams-image-72-1024x660.jpg\" alt=\"\" class=\"wp-image-6503\" srcset=\"https:\/\/blog.ccc.eu\/hu\/wp-content\/uploads\/2022\/08\/MicrosoftTeams-image-72-1024x660.jpg 1024w, https:\/\/blog.ccc.eu\/hu\/wp-content\/uploads\/2022\/08\/MicrosoftTeams-image-72-300x193.jpg 300w, https:\/\/blog.ccc.eu\/hu\/wp-content\/uploads\/2022\/08\/MicrosoftTeams-image-72-768x495.jpg 768w, https:\/\/blog.ccc.eu\/hu\/wp-content\/uploads\/2022\/08\/MicrosoftTeams-image-72-100x64.jpg 100w, https:\/\/blog.ccc.eu\/hu\/wp-content\/uploads\/2022\/08\/MicrosoftTeams-image-72.jpg 1522w\" sizes=\"auto, (max-width: 1024px) 100vw, 1024px\" \/><\/figure>\n\n\n\n<h2 class=\"wp-block-heading\"><strong>Hogyan k\u00e9sz\u00fcl a vel\u00far?<\/strong><\/h2>\n\n\n\n<p>A vel\u00farb\u0151r t\u00f6rt\u00e9nete nagyon r\u00e9gre &#8211; civiliz\u00e1ci\u00f3nk kezdet\u00e9ig &#8211; ny\u00falik vissza. Amikor az emberis\u00e9g elkezdett Afrik\u00e1b\u00f3l hidegebb r\u00e9gi\u00f3kba k\u00f6lt\u00f6zni, sz\u00fcks\u00e9gess\u00e9 v\u00e1lt melegebb ruh\u00e1zat haszn\u00e1lata. Ezek a ruh\u00e1k \u00e1llati b\u0151rb\u0151l k\u00e9sz\u00fcltek. Kider\u00fclt azonban, hogy ha a b\u0151rt nem kezelik megfelel\u0151en, akkor k\u00e9nyelmetlen lesz a visel\u00e9se. Ez\u00e9rt kezdtek el dolgozni azon, hogyan lehet \u00fagy feldolgozni, hogy k\u00e9nyelmes ruh\u00e1kat lehessen bel\u0151le varrni. Az egyik m\u00f3d az volt, hogy kiford\u00edtott\u00e1k a b\u0151rt, \u00e9s a bels\u0151 &#8211; h\u00fas fel\u0151li oldal\u00e1t &#8211; kezelt\u00e9k. \u00cdgy j\u00f6tt l\u00e9tre a vel\u00farb\u0151r. El\u0151nye, hogy szinte b\u00e1rmilyen \u00e1llati b\u0151rb\u0151l elk\u00e9sz\u00edthet\u0151. Manaps\u00e1g legink\u00e1bb szarvasb\u0151rb\u0151l k\u00e9sz\u00fcl.<\/p>\n\n\n\n<h2 class=\"wp-block-heading\"><strong>Hogyan tiszt\u00edtsd a vel\u00far cip\u0151det?<\/strong><\/h2>\n\n\n\n<p>A vel\u00far anyag tiszt\u00edt\u00e1sa \u00f3vatoss\u00e1got ig\u00e9nyel. Semmik\u00e9pp ne dobd be a mos\u00f3g\u00e9pbe, a vel\u00far nem szereti a nedvess\u00e9get, ha teheted, akkor finoman m\u00e9g sz\u00e1razon tiszt\u00edtsd meg, ehhez n\u00e1lunk is tal\u00e1lsz kifejezetten vel\u00far anyag tiszt\u00edt\u00e1s\u00e1hoz gy\u00e1rtott kef\u00e9ket, mert az er\u0151s kef\u00e9k szint\u00e9n roncsolhatj\u00e1k az anyagot. Tiszt\u00edt\u00e1s\u00e1hoz ne haszn\u00e1lj er\u0151s vegyszereket, illetve ne hagyd a napon vel\u00far cip\u0151det, ha esetleg nedves lenne. A vel\u00far cip\u0151d \u00e1pol\u00e1s\u00e1hoz sz\u00e1mos term\u00e9ket tal\u00e1lsz a CCC-n\u00e9l.<\/p>\n\n\n\n\n\n\n<p><\/p>\n\n\n\n<h2 class=\"wp-block-heading\"><strong>Mi az \u00f6ko-vel\u00far?<\/strong><\/h2>\n\n\n\n<p>M\u0171b\u0151r, \u00f6ko b\u0151r, m\u0171szarvasb\u0151r, organikus szarvasb\u0151r &#8211; ezek az elnevez\u00e9sek mind olyan sz\u00f6vetekre utalnak, amelyek a ruh\u00e1k, cip\u0151k, illetve t\u00e1sk\u00e1k elk\u00e9sz\u00edt\u00e9s\u00e9hez haszn\u00e1lt term\u00e9szetes \u00e1llati b\u0151r ut\u00e1nzatai. Azoknak az embereknek, akik nem szeretn\u00e9nek \u00e1llatb\u0151rb\u0151l k\u00e9sz\u00fclt ruh\u00e1zatot \u00e9s l\u00e1bbelit hordani, nagyon j\u00f3 alternat\u00edv\u00e1t jelentenek az \u00f6ko b\u0151rb\u0151l k\u00e9sz\u00fclt cip\u0151k. A modern technol\u00f3gi\u00e1knak k\u00f6sz\u00f6nhet\u0151en az \u00f6ko b\u0151r mind megjelen\u00e9s\u00e9ben, mind sz\u00e1mos tulajdons\u00e1g\u00e1ban megt\u00e9veszt\u0151en hasonl\u00edt a term\u00e9szetes b\u0151rre.<\/p>\n\n\n\n<h2 class=\"wp-block-heading\"><strong>&nbsp;<\/strong><strong>A vel\u00far az b\u0151r?<\/strong><\/h2>\n\n\n\n<p>A vel\u00farb\u0151r term\u00e9szetes eredet\u0171 b\u0151r, amely a szarvasb\u0151r egyik v\u00e1ltozata. A vel\u00far rendk\u00edv\u00fcl puha \u00e9s k\u00e9nyelmes anyag.&nbsp; Kev\u00e9sb\u00e9 \u00e9rz\u00e9keny a s\u00e9r\u00fcl\u00e9sekre, mint a nubuk. Ezeknek a tulajdons\u00e1goknak k\u00f6sz\u00f6nhet\u0151en szeretj\u00fck annyira a vel\u00fart, k\u00fcl\u00f6n\u00f6sen a bel\u0151le k\u00e9sz\u00fclt pul\u00f3vereket, nadr\u00e1gokat, cip\u0151ket \u00e9s t\u00e1sk\u00e1kat.<\/p>\n\n\n\n<p>V\u00e1logass b\u00e1tran sz\u00e9les k\u00edn\u00e1latunkb\u00f3l a <a href=\"https:\/\/ccc.eu\/hu\/sklepy\">CCC \u00fczleteinkben<\/a>, <a href=\"https:\/\/ccc.eu\/hu\/\">webshopunkban<\/a>, \u00e9s az <a href=\"https:\/\/ccc.eu\/hu\/mobile-app\">alkalmaz\u00e1sban<\/a>. Legy\u00e9l <a href=\"https:\/\/ccc.eu\/hu\/klub-ccc\">CCC klubtag<\/a> is, \u00e9s \u00e9lvezd a k\u00e9nyelmes \u00e9s kedvezm\u00e9nyes v\u00e1s\u00e1rl\u00e1si lehet\u0151s\u00e9geket! K\u00f6vesd vel\u00fcnk a divatot <a href=\"https:\/\/www.facebook.com\/CCC.Hungary\/\">Facebookon,<\/a> \u00e9s inspir\u00e1l\u00f3dj vel\u00fcnk az <a href=\"https:\/\/www.instagram.com\/cccshoesbags\/\">Instagramon<\/a> is!<\/p>\n","protected":false},"excerpt":{"rendered":"<p>Az ebb\u0151l az anyagb\u00f3l k\u00e9sz\u00fclt l\u00e1bbeliknek sz\u00e1mos el\u0151nye van, t\u00f6bbek k\u00f6z\u00f6tt nagyon k\u00e9nyelmesek \u00e9s j\u00f3l is n\u00e9znek ki. A vel\u00farb\u00f3l k\u00e9sz\u00fclt cip\u0151 l\u00e1gys\u00e1g\u00e1nak k\u00f6sz\u00f6nhet\u0151en nem fogja horzsolni vagy nyomni a l\u00e1bat. A vel\u00far cip\u0151 igaz\u00e1n eleg\u00e1ns viselet. Tiszt\u00edt\u00e1s\u00e1hoz azonban j\u00f3 tudni p\u00e1r alap szab\u00e1lyt! Hogyan k\u00e9sz\u00fcl a vel\u00far? A vel\u00farb\u0151r t\u00f6rt\u00e9nete nagyon r\u00e9gre &#8211; civiliz\u00e1ci\u00f3nk [&hellip;]<\/p>\n","protected":false},"author":17,"featured_media":6503,"comment_status":"open","ping_status":"open","sticky":false,"template":"","format":"standard","meta":{"_acf_changed":false,"footnotes":""},"categories":[4],"tags":[560,940,941,942],"class_list":["post-6499","post","type-post","status-publish","format-standard","has-post-thumbnail","hentry","category-divat-tippek","tag-ccc","tag-velur","tag-velur-cipo","tag-velur-cipo-tisztitasa"],"acf":[],"yoast_head":"<!-- This site is optimized with the Yoast SEO plugin v26.9 - https:\/\/yoast.com\/product\/yoast-seo-wordpress\/ -->\n<title>Mi az a vel\u00far? Hogyan tiszt\u00edtsd a vel\u00far cip\u0151det? - CCC Fashion blog<\/title>\n<meta name=\"description\" content=\"2026\" \/>\n<meta name=\"robots\" content=\"index, follow, max-snippet:-1, max-image-preview:large, max-video-preview:-1\" \/>\n<link rel=\"canonical\" href=\"https:\/\/blog.ccc.eu\/hu\/mi-az-a-velur-hogyan-tisztitsd-a-velur-cipodet\/\" \/>\n<meta property=\"og:locale\" content=\"hu_HU\" \/>\n<meta property=\"og:type\" content=\"article\" \/>\n<meta property=\"og:title\" content=\"Mi az a vel\u00far? Hogyan tiszt\u00edtsd a vel\u00far cip\u0151det? - CCC Fashion blog\" \/>\n<meta property=\"og:description\" content=\"Az ebb\u0151l az anyagb\u00f3l k\u00e9sz\u00fclt l\u00e1bbeliknek sz\u00e1mos el\u0151nye van, t\u00f6bbek k\u00f6z\u00f6tt nagyon k\u00e9nyelmesek \u00e9s j\u00f3l is n\u00e9znek ki. A vel\u00farb\u00f3l k\u00e9sz\u00fclt cip\u0151 l\u00e1gys\u00e1g\u00e1nak k\u00f6sz\u00f6nhet\u0151en nem fogja horzsolni vagy nyomni a l\u00e1bat. A vel\u00far cip\u0151 igaz\u00e1n eleg\u00e1ns viselet. Tiszt\u00edt\u00e1s\u00e1hoz azonban j\u00f3 tudni p\u00e1r alap szab\u00e1lyt! Hogyan k\u00e9sz\u00fcl a vel\u00far? A vel\u00farb\u0151r t\u00f6rt\u00e9nete nagyon r\u00e9gre &#8211; civiliz\u00e1ci\u00f3nk [&hellip;]\" \/>\n<meta property=\"og:url\" content=\"https:\/\/blog.ccc.eu\/hu\/mi-az-a-velur-hogyan-tisztitsd-a-velur-cipodet\/\" \/>\n<meta property=\"og:site_name\" content=\"CCC Fashion blog\" \/>\n<meta property=\"article:published_time\" content=\"2022-08-24T10:07:09+00:00\" \/>\n<meta property=\"og:image\" content=\"https:\/\/blog.ccc.eu\/hu\/wp-content\/uploads\/2022\/08\/MicrosoftTeams-image-72.jpg\" \/>\n\t<meta property=\"og:image:width\" content=\"1522\" \/>\n\t<meta property=\"og:image:height\" content=\"981\" \/>\n\t<meta property=\"og:image:type\" content=\"image\/jpeg\" \/>\n<meta name=\"author\" content=\"R\u00e9ka N\u00e9meth\" \/>\n<meta name=\"twitter:card\" content=\"summary_large_image\" \/>\n<meta name=\"twitter:label1\" content=\"Szerz\u0151:\" \/>\n\t<meta name=\"twitter:data1\" content=\"R\u00e9ka N\u00e9meth\" \/>\n\t<meta name=\"twitter:label2\" content=\"Becs\u00fclt olvas\u00e1si id\u0151\" \/>\n\t<meta name=\"twitter:data2\" content=\"3 perc\" \/>\n<script type=\"application\/ld+json\" class=\"yoast-schema-graph\">{\"@context\":\"https:\/\/schema.org\",\"@graph\":[{\"@type\":\"Article\",\"@id\":\"https:\/\/blog.ccc.eu\/hu\/mi-az-a-velur-hogyan-tisztitsd-a-velur-cipodet\/#article\",\"isPartOf\":{\"@id\":\"https:\/\/blog.ccc.eu\/hu\/mi-az-a-velur-hogyan-tisztitsd-a-velur-cipodet\/\"},\"author\":{\"name\":\"R\u00e9ka N\u00e9meth\",\"@id\":\"https:\/\/blog.ccc.eu\/hu\/#\/schema\/person\/c3226a60cce3320f8d95a41d9af8ed2d\"},\"headline\":\"Mi az a vel\u00far? Hogyan tiszt\u00edtsd a vel\u00far cip\u0151det?\",\"datePublished\":\"2022-08-24T10:07:09+00:00\",\"mainEntityOfPage\":{\"@id\":\"https:\/\/blog.ccc.eu\/hu\/mi-az-a-velur-hogyan-tisztitsd-a-velur-cipodet\/\"},\"wordCount\":631,\"commentCount\":0,\"publisher\":{\"@id\":\"https:\/\/blog.ccc.eu\/hu\/#organization\"},\"image\":{\"@id\":\"https:\/\/blog.ccc.eu\/hu\/mi-az-a-velur-hogyan-tisztitsd-a-velur-cipodet\/#primaryimage\"},\"thumbnailUrl\":\"https:\/\/blog.ccc.eu\/hu\/wp-content\/uploads\/2022\/08\/MicrosoftTeams-image-72.jpg\",\"keywords\":[\"CCC\",\"vel\u00far\",\"vel\u00far cip\u0151\",\"vel\u00far cip\u0151 tiszt\u00edt\u00e1sa\"],\"articleSection\":[\"DIVAT TIPPEK\"],\"inLanguage\":\"hu\",\"potentialAction\":[{\"@type\":\"CommentAction\",\"name\":\"Comment\",\"target\":[\"https:\/\/blog.ccc.eu\/hu\/mi-az-a-velur-hogyan-tisztitsd-a-velur-cipodet\/#respond\"]}]},{\"@type\":\"WebPage\",\"@id\":\"https:\/\/blog.ccc.eu\/hu\/mi-az-a-velur-hogyan-tisztitsd-a-velur-cipodet\/\",\"url\":\"https:\/\/blog.ccc.eu\/hu\/mi-az-a-velur-hogyan-tisztitsd-a-velur-cipodet\/\",\"name\":\"Mi az a vel\u00far? Hogyan tiszt\u00edtsd a vel\u00far cip\u0151det? - CCC Fashion blog\",\"isPartOf\":{\"@id\":\"https:\/\/blog.ccc.eu\/hu\/#website\"},\"primaryImageOfPage\":{\"@id\":\"https:\/\/blog.ccc.eu\/hu\/mi-az-a-velur-hogyan-tisztitsd-a-velur-cipodet\/#primaryimage\"},\"image\":{\"@id\":\"https:\/\/blog.ccc.eu\/hu\/mi-az-a-velur-hogyan-tisztitsd-a-velur-cipodet\/#primaryimage\"},\"thumbnailUrl\":\"https:\/\/blog.ccc.eu\/hu\/wp-content\/uploads\/2022\/08\/MicrosoftTeams-image-72.jpg\",\"datePublished\":\"2022-08-24T10:07:09+00:00\",\"breadcrumb\":{\"@id\":\"https:\/\/blog.ccc.eu\/hu\/mi-az-a-velur-hogyan-tisztitsd-a-velur-cipodet\/#breadcrumb\"},\"inLanguage\":\"hu\",\"potentialAction\":[{\"@type\":\"ReadAction\",\"target\":[\"https:\/\/blog.ccc.eu\/hu\/mi-az-a-velur-hogyan-tisztitsd-a-velur-cipodet\/\"]}]},{\"@type\":\"ImageObject\",\"inLanguage\":\"hu\",\"@id\":\"https:\/\/blog.ccc.eu\/hu\/mi-az-a-velur-hogyan-tisztitsd-a-velur-cipodet\/#primaryimage\",\"url\":\"https:\/\/blog.ccc.eu\/hu\/wp-content\/uploads\/2022\/08\/MicrosoftTeams-image-72.jpg\",\"contentUrl\":\"https:\/\/blog.ccc.eu\/hu\/wp-content\/uploads\/2022\/08\/MicrosoftTeams-image-72.jpg\",\"width\":1522,\"height\":981,\"caption\":\"vel\u00far cip\u0151 tiszt\u00edt\u00e1sa\"},{\"@type\":\"BreadcrumbList\",\"@id\":\"https:\/\/blog.ccc.eu\/hu\/mi-az-a-velur-hogyan-tisztitsd-a-velur-cipodet\/#breadcrumb\",\"itemListElement\":[{\"@type\":\"ListItem\",\"position\":1,\"name\":\"Strona g\u0142\u00f3wna\",\"item\":\"https:\/\/blog.ccc.eu\/hu\/\"},{\"@type\":\"ListItem\",\"position\":2,\"name\":\"Mi az a vel\u00far? Hogyan tiszt\u00edtsd a vel\u00far cip\u0151det?\"}]},{\"@type\":\"WebSite\",\"@id\":\"https:\/\/blog.ccc.eu\/hu\/#website\",\"url\":\"https:\/\/blog.ccc.eu\/hu\/\",\"name\":\"CCC Fashion blog\",\"description\":\"Az \u00d6n helye tele van divatihletekkel\",\"publisher\":{\"@id\":\"https:\/\/blog.ccc.eu\/hu\/#organization\"},\"potentialAction\":[{\"@type\":\"SearchAction\",\"target\":{\"@type\":\"EntryPoint\",\"urlTemplate\":\"https:\/\/blog.ccc.eu\/hu\/?s={search_term_string}\"},\"query-input\":{\"@type\":\"PropertyValueSpecification\",\"valueRequired\":true,\"valueName\":\"search_term_string\"}}],\"inLanguage\":\"hu\"},{\"@type\":\"Organization\",\"@id\":\"https:\/\/blog.ccc.eu\/hu\/#organization\",\"name\":\"CCC S.A.\",\"url\":\"https:\/\/blog.ccc.eu\/hu\/\",\"logo\":{\"@type\":\"ImageObject\",\"inLanguage\":\"hu\",\"@id\":\"https:\/\/blog.ccc.eu\/hu\/#\/schema\/logo\/image\/\",\"url\":\"https:\/\/blog.ccc.eu\/hu\/wp-content\/uploads\/2021\/11\/logo_ccc.png\",\"contentUrl\":\"https:\/\/blog.ccc.eu\/hu\/wp-content\/uploads\/2021\/11\/logo_ccc.png\",\"width\":730,\"height\":270,\"caption\":\"CCC S.A.\"},\"image\":{\"@id\":\"https:\/\/blog.ccc.eu\/hu\/#\/schema\/logo\/image\/\"}},{\"@type\":\"Person\",\"@id\":\"https:\/\/blog.ccc.eu\/hu\/#\/schema\/person\/c3226a60cce3320f8d95a41d9af8ed2d\",\"name\":\"R\u00e9ka N\u00e9meth\",\"image\":{\"@type\":\"ImageObject\",\"inLanguage\":\"hu\",\"@id\":\"https:\/\/blog.ccc.eu\/hu\/#\/schema\/person\/image\/\",\"url\":\"https:\/\/blog.ccc.eu\/hu\/wp-content\/uploads\/2022\/05\/MicrosoftTeams-image-e1651752501479-150x150.jpg\",\"contentUrl\":\"https:\/\/blog.ccc.eu\/hu\/wp-content\/uploads\/2022\/05\/MicrosoftTeams-image-e1651752501479-150x150.jpg\",\"caption\":\"R\u00e9ka N\u00e9meth\"},\"url\":\"https:\/\/blog.ccc.eu\/hu\/author\/katarzyna-martyn\/\"}]}<\/script>\n<!-- \/ Yoast SEO plugin. -->","yoast_head_json":{"title":"Mi az a vel\u00far? Hogyan tiszt\u00edtsd a vel\u00far cip\u0151det? - CCC Fashion blog","description":"2026","robots":{"index":"index","follow":"follow","max-snippet":"max-snippet:-1","max-image-preview":"max-image-preview:large","max-video-preview":"max-video-preview:-1"},"canonical":"https:\/\/blog.ccc.eu\/hu\/mi-az-a-velur-hogyan-tisztitsd-a-velur-cipodet\/","og_locale":"hu_HU","og_type":"article","og_title":"Mi az a vel\u00far? Hogyan tiszt\u00edtsd a vel\u00far cip\u0151det? - CCC Fashion blog","og_description":"Az ebb\u0151l az anyagb\u00f3l k\u00e9sz\u00fclt l\u00e1bbeliknek sz\u00e1mos el\u0151nye van, t\u00f6bbek k\u00f6z\u00f6tt nagyon k\u00e9nyelmesek \u00e9s j\u00f3l is n\u00e9znek ki. A vel\u00farb\u00f3l k\u00e9sz\u00fclt cip\u0151 l\u00e1gys\u00e1g\u00e1nak k\u00f6sz\u00f6nhet\u0151en nem fogja horzsolni vagy nyomni a l\u00e1bat. A vel\u00far cip\u0151 igaz\u00e1n eleg\u00e1ns viselet. Tiszt\u00edt\u00e1s\u00e1hoz azonban j\u00f3 tudni p\u00e1r alap szab\u00e1lyt! Hogyan k\u00e9sz\u00fcl a vel\u00far? A vel\u00farb\u0151r t\u00f6rt\u00e9nete nagyon r\u00e9gre &#8211; civiliz\u00e1ci\u00f3nk [&hellip;]","og_url":"https:\/\/blog.ccc.eu\/hu\/mi-az-a-velur-hogyan-tisztitsd-a-velur-cipodet\/","og_site_name":"CCC Fashion blog","article_published_time":"2022-08-24T10:07:09+00:00","og_image":[{"width":1522,"height":981,"url":"https:\/\/blog.ccc.eu\/hu\/wp-content\/uploads\/2022\/08\/MicrosoftTeams-image-72.jpg","type":"image\/jpeg"}],"author":"R\u00e9ka N\u00e9meth","twitter_card":"summary_large_image","twitter_misc":{"Szerz\u0151:":"R\u00e9ka N\u00e9meth","Becs\u00fclt olvas\u00e1si id\u0151":"3 perc"},"schema":{"@context":"https:\/\/schema.org","@graph":[{"@type":"Article","@id":"https:\/\/blog.ccc.eu\/hu\/mi-az-a-velur-hogyan-tisztitsd-a-velur-cipodet\/#article","isPartOf":{"@id":"https:\/\/blog.ccc.eu\/hu\/mi-az-a-velur-hogyan-tisztitsd-a-velur-cipodet\/"},"author":{"name":"R\u00e9ka N\u00e9meth","@id":"https:\/\/blog.ccc.eu\/hu\/#\/schema\/person\/c3226a60cce3320f8d95a41d9af8ed2d"},"headline":"Mi az a vel\u00far? Hogyan tiszt\u00edtsd a vel\u00far cip\u0151det?","datePublished":"2022-08-24T10:07:09+00:00","mainEntityOfPage":{"@id":"https:\/\/blog.ccc.eu\/hu\/mi-az-a-velur-hogyan-tisztitsd-a-velur-cipodet\/"},"wordCount":631,"commentCount":0,"publisher":{"@id":"https:\/\/blog.ccc.eu\/hu\/#organization"},"image":{"@id":"https:\/\/blog.ccc.eu\/hu\/mi-az-a-velur-hogyan-tisztitsd-a-velur-cipodet\/#primaryimage"},"thumbnailUrl":"https:\/\/blog.ccc.eu\/hu\/wp-content\/uploads\/2022\/08\/MicrosoftTeams-image-72.jpg","keywords":["CCC","vel\u00far","vel\u00far cip\u0151","vel\u00far cip\u0151 tiszt\u00edt\u00e1sa"],"articleSection":["DIVAT TIPPEK"],"inLanguage":"hu","potentialAction":[{"@type":"CommentAction","name":"Comment","target":["https:\/\/blog.ccc.eu\/hu\/mi-az-a-velur-hogyan-tisztitsd-a-velur-cipodet\/#respond"]}]},{"@type":"WebPage","@id":"https:\/\/blog.ccc.eu\/hu\/mi-az-a-velur-hogyan-tisztitsd-a-velur-cipodet\/","url":"https:\/\/blog.ccc.eu\/hu\/mi-az-a-velur-hogyan-tisztitsd-a-velur-cipodet\/","name":"Mi az a vel\u00far? Hogyan tiszt\u00edtsd a vel\u00far cip\u0151det? - CCC Fashion blog","isPartOf":{"@id":"https:\/\/blog.ccc.eu\/hu\/#website"},"primaryImageOfPage":{"@id":"https:\/\/blog.ccc.eu\/hu\/mi-az-a-velur-hogyan-tisztitsd-a-velur-cipodet\/#primaryimage"},"image":{"@id":"https:\/\/blog.ccc.eu\/hu\/mi-az-a-velur-hogyan-tisztitsd-a-velur-cipodet\/#primaryimage"},"thumbnailUrl":"https:\/\/blog.ccc.eu\/hu\/wp-content\/uploads\/2022\/08\/MicrosoftTeams-image-72.jpg","datePublished":"2022-08-24T10:07:09+00:00","breadcrumb":{"@id":"https:\/\/blog.ccc.eu\/hu\/mi-az-a-velur-hogyan-tisztitsd-a-velur-cipodet\/#breadcrumb"},"inLanguage":"hu","potentialAction":[{"@type":"ReadAction","target":["https:\/\/blog.ccc.eu\/hu\/mi-az-a-velur-hogyan-tisztitsd-a-velur-cipodet\/"]}]},{"@type":"ImageObject","inLanguage":"hu","@id":"https:\/\/blog.ccc.eu\/hu\/mi-az-a-velur-hogyan-tisztitsd-a-velur-cipodet\/#primaryimage","url":"https:\/\/blog.ccc.eu\/hu\/wp-content\/uploads\/2022\/08\/MicrosoftTeams-image-72.jpg","contentUrl":"https:\/\/blog.ccc.eu\/hu\/wp-content\/uploads\/2022\/08\/MicrosoftTeams-image-72.jpg","width":1522,"height":981,"caption":"vel\u00far cip\u0151 tiszt\u00edt\u00e1sa"},{"@type":"BreadcrumbList","@id":"https:\/\/blog.ccc.eu\/hu\/mi-az-a-velur-hogyan-tisztitsd-a-velur-cipodet\/#breadcrumb","itemListElement":[{"@type":"ListItem","position":1,"name":"Strona g\u0142\u00f3wna","item":"https:\/\/blog.ccc.eu\/hu\/"},{"@type":"ListItem","position":2,"name":"Mi az a vel\u00far? Hogyan tiszt\u00edtsd a vel\u00far cip\u0151det?"}]},{"@type":"WebSite","@id":"https:\/\/blog.ccc.eu\/hu\/#website","url":"https:\/\/blog.ccc.eu\/hu\/","name":"CCC Fashion blog","description":"Az \u00d6n helye tele van divatihletekkel","publisher":{"@id":"https:\/\/blog.ccc.eu\/hu\/#organization"},"potentialAction":[{"@type":"SearchAction","target":{"@type":"EntryPoint","urlTemplate":"https:\/\/blog.ccc.eu\/hu\/?s={search_term_string}"},"query-input":{"@type":"PropertyValueSpecification","valueRequired":true,"valueName":"search_term_string"}}],"inLanguage":"hu"},{"@type":"Organization","@id":"https:\/\/blog.ccc.eu\/hu\/#organization","name":"CCC S.A.","url":"https:\/\/blog.ccc.eu\/hu\/","logo":{"@type":"ImageObject","inLanguage":"hu","@id":"https:\/\/blog.ccc.eu\/hu\/#\/schema\/logo\/image\/","url":"https:\/\/blog.ccc.eu\/hu\/wp-content\/uploads\/2021\/11\/logo_ccc.png","contentUrl":"https:\/\/blog.ccc.eu\/hu\/wp-content\/uploads\/2021\/11\/logo_ccc.png","width":730,"height":270,"caption":"CCC S.A."},"image":{"@id":"https:\/\/blog.ccc.eu\/hu\/#\/schema\/logo\/image\/"}},{"@type":"Person","@id":"https:\/\/blog.ccc.eu\/hu\/#\/schema\/person\/c3226a60cce3320f8d95a41d9af8ed2d","name":"R\u00e9ka N\u00e9meth","image":{"@type":"ImageObject","inLanguage":"hu","@id":"https:\/\/blog.ccc.eu\/hu\/#\/schema\/person\/image\/","url":"https:\/\/blog.ccc.eu\/hu\/wp-content\/uploads\/2022\/05\/MicrosoftTeams-image-e1651752501479-150x150.jpg","contentUrl":"https:\/\/blog.ccc.eu\/hu\/wp-content\/uploads\/2022\/05\/MicrosoftTeams-image-e1651752501479-150x150.jpg","caption":"R\u00e9ka N\u00e9meth"},"url":"https:\/\/blog.ccc.eu\/hu\/author\/katarzyna-martyn\/"}]}},"_links":{"self":[{"href":"https:\/\/blog.ccc.eu\/hu\/wp-json\/wp\/v2\/posts\/6499","targetHints":{"allow":["GET"]}}],"collection":[{"href":"https:\/\/blog.ccc.eu\/hu\/wp-json\/wp\/v2\/posts"}],"about":[{"href":"https:\/\/blog.ccc.eu\/hu\/wp-json\/wp\/v2\/types\/post"}],"author":[{"embeddable":true,"href":"https:\/\/blog.ccc.eu\/hu\/wp-json\/wp\/v2\/users\/17"}],"replies":[{"embeddable":true,"href":"https:\/\/blog.ccc.eu\/hu\/wp-json\/wp\/v2\/comments?post=6499"}],"version-history":[{"count":5,"href":"https:\/\/blog.ccc.eu\/hu\/wp-json\/wp\/v2\/posts\/6499\/revisions"}],"predecessor-version":[{"id":8595,"href":"https:\/\/blog.ccc.eu\/hu\/wp-json\/wp\/v2\/posts\/6499\/revisions\/8595"}],"wp:featuredmedia":[{"embeddable":true,"href":"https:\/\/blog.ccc.eu\/hu\/wp-json\/wp\/v2\/media\/6503"}],"wp:attachment":[{"href":"https:\/\/blog.ccc.eu\/hu\/wp-json\/wp\/v2\/media?parent=6499"}],"wp:term":[{"taxonomy":"category","embeddable":true,"href":"https:\/\/blog.ccc.eu\/hu\/wp-json\/wp\/v2\/categories?post=6499"},{"taxonomy":"post_tag","embeddable":true,"href":"https:\/\/blog.ccc.eu\/hu\/wp-json\/wp\/v2\/tags?post=6499"}],"curies":[{"name":"wp","href":"https:\/\/api.w.org\/{rel}","templated":true}]}}