{"id":6706,"date":"2022-09-28T10:00:00","date_gmt":"2022-09-28T08:00:00","guid":{"rendered":"https:\/\/blog.ccc.eu\/hu\/?p=6706"},"modified":"2022-09-26T13:23:25","modified_gmt":"2022-09-26T11:23:25","slug":"mi-a-vintage-stilus-es-mitol-igazan-kulonleges","status":"publish","type":"post","link":"https:\/\/blog.ccc.eu\/hu\/mi-a-vintage-stilus-es-mitol-igazan-kulonleges\/","title":{"rendered":"Mi az a vintage st\u00edlus \u00e9s mit\u0151l igaz\u00e1n k\u00fcl\u00f6nleges?\u00a0"},"content":{"rendered":"\n<p><b>Nagyon divatos manaps\u00e1g a vintage st\u00edlus az \u00f6lt\u00f6zk\u00f6d\u00e9sben \u00e9s a lakberendez\u00e9sben is. N\u0151i, f\u00e9rfi, gyerek ruh\u00e1k \u00e9s cip\u0151k tekintet\u00e9ben is nyer\u0151 lehet a vintage st\u00edlus. Ha szeretn\u00e9nk ebben a st\u00edlusban megjelenni, elk\u00e9peszt\u0151en sz\u00e9les v\u00e1laszt\u00e9k \u00e1ll rendelkez\u00e9s\u00fcnkre.<\/b><\/p>\n\n\n\n<figure class=\"wp-block-gallery has-nested-images columns-default is-cropped wp-block-gallery-1 is-layout-flex wp-block-gallery-is-layout-flex\">\n<figure class=\"wp-block-image size-large\"><img loading=\"lazy\" decoding=\"async\" width=\"683\" height=\"1024\" data-id=\"6711\" src=\"https:\/\/blog.ccc.eu\/hu\/wp-content\/uploads\/2022\/09\/ccc_5904248142926_02i-1-768x1152-1-683x1024.jpg\" alt=\"\" class=\"wp-image-6711\" srcset=\"https:\/\/blog.ccc.eu\/hu\/wp-content\/uploads\/2022\/09\/ccc_5904248142926_02i-1-768x1152-1-683x1024.jpg 683w, https:\/\/blog.ccc.eu\/hu\/wp-content\/uploads\/2022\/09\/ccc_5904248142926_02i-1-768x1152-1-200x300.jpg 200w, https:\/\/blog.ccc.eu\/hu\/wp-content\/uploads\/2022\/09\/ccc_5904248142926_02i-1-768x1152-1-100x150.jpg 100w, https:\/\/blog.ccc.eu\/hu\/wp-content\/uploads\/2022\/09\/ccc_5904248142926_02i-1-768x1152-1.jpg 768w\" sizes=\"auto, (max-width: 683px) 100vw, 683px\" \/><\/figure>\n\n\n\n<figure class=\"wp-block-image size-large\"><img loading=\"lazy\" decoding=\"async\" width=\"544\" height=\"822\" data-id=\"6710\" src=\"https:\/\/blog.ccc.eu\/hu\/wp-content\/uploads\/2022\/09\/korneliagroworek2-1.jpg\" alt=\"\" class=\"wp-image-6710\" srcset=\"https:\/\/blog.ccc.eu\/hu\/wp-content\/uploads\/2022\/09\/korneliagroworek2-1.jpg 544w, https:\/\/blog.ccc.eu\/hu\/wp-content\/uploads\/2022\/09\/korneliagroworek2-1-199x300.jpg 199w, https:\/\/blog.ccc.eu\/hu\/wp-content\/uploads\/2022\/09\/korneliagroworek2-1-100x151.jpg 100w\" sizes=\"auto, (max-width: 544px) 100vw, 544px\" \/><\/figure>\n<\/figure>\n\n\n\n<h2 class=\"wp-block-heading\"><strong>Mit jelent a &#8222;vintage&#8221; kifejez\u00e9s?<\/strong><\/h2>\n\n\n\n<p>A vintage st\u00edlus klasszikus \u00e9s eredeti st\u00edlust jelent sz\u00f3 szerinti \u00e9rtelmez\u00e9sben. A divatban \u00e9s a lakberendez\u00e9sben is az 1920-as \u00e9vekt\u0151l az 1970-es \u00e9vekig terjed\u0151 id\u0151szakra val\u00f3 visszatekint\u00e9st jelenti. A 20-as \u00e9vek legdivatosabb ruhadarabja a rojtos ruha volt. Fontos kieg\u00e9sz\u00edt\u0151k voltak a boa \u00e9s a magassark\u00fa cip\u0151, de ebben az id\u0151szakban h\u00f3d\u00edtott a csipke is. Coco Chanel a 20-as \u00e9vekben m\u00e1r tervezett n\u0151k sz\u00e1m\u00e1ra nadr\u00e1got, p\u00e1r \u00e9v m\u00falva pedig Marlene Dietrich a filmbemutat\u00f3kon is nadr\u00e1gk\u00f6szt\u00fcmben jelent meg! A 40-es \u00e9vekben a pasztellsz\u00ednek voltak a meghat\u00e1roz\u00f3ak, az 50-es \u00e9vekben n\u0151k sz\u00e1m\u00e1ra a harangszokny\u00e1k, f\u00e9rfiak eset\u00e9ben a b\u0151rdzsekik sz\u00e1m\u00edtottak trendinek. A 60-as \u00e9vek hippi st\u00edlusa a trap\u00e9z sz\u00e1r\u00fa nadr\u00e1gokkal \u00e9s a vir\u00e1gmint\u00e1val szint\u00e9n megihletett minket.<\/p>\n\n\n\n<h2 class=\"wp-block-heading\"><strong>Hogyan k\u00e9sz\u00edtsek divatos vintage megjelen\u00e9st?<\/strong><\/h2>\n\n\n\n<p>\u00c9rdemes a kieg\u00e9sz\u00edt\u0151kkel pr\u00f3b\u00e1lkozni els\u0151k\u00e9nt, ha a vintage st\u00edlust szeretn\u00e9nk a ruhat\u00e1runkba bek\u00f6lt\u00f6ztetni. A h\u0171v\u00f6sebb id\u0151ben j\u00f3l j\u00f6het egy sv\u00e1jci sapka, amely gy\u00f6ny\u00f6r\u0171 sz\u00ednekben kaphat\u00f3 a CCC \u00fczleteiben. V\u00e1laszthatunk tweed mint\u00e1s baseballsapk\u00e1t vagy eleg\u00e1ns m\u0171sz\u0151rme k\u00f6rs\u00e1lat! A napszem\u00fcveg\u00fcnk is lehet vintage-st\u00edlus\u00fa, ezzel remek\u00fcl feldobhatunk egy klasszikus outfitet is. Ne felejts\u00fck el, hogy t\u00e1sk\u00e1inkkal is csemp\u00e9szhet\u00fcnk egy kis vintage-t a mindennapokba, j\u00f6hetnek a rojtok vagy a horgolt darabok! Cip\u0151k tekintet\u00e9ben mes\u00e9s pasztell\u00e1rnyalatok \u00e9s k\u00e9nyelmes f\u00e9lcip\u0151k v\u00e1rnak r\u00e1nk, legyen sz\u00f3 oxford cip\u0151r\u0151l vagy mokaszinekr\u0151l! Egy b\u00e1li hangulatot id\u00e9z\u0151 magassark\u00fa is remek kieg\u00e9sz\u00edt\u0151 lehet a \u00fcnnepi esem\u00e9nyeken.<\/p>\n\n\n\n\n\n\n<p><\/p>\n\n\n\n<h2 class=\"wp-block-heading\"><strong>A vintage st\u00edlus divatos?<\/strong><\/h2>\n\n\n\n<p>Egy ilyen hossz\u00fa id\u0151szak rengetegf\u00e9le \u00f6tletet \u00e9s inspir\u00e1ci\u00f3t adhat nek\u00fcnk manaps\u00e1g is! A vintage st\u00edlus akkor lesz divatos, ha saj\u00e1t st\u00edlusunhoz igazodva modern \u00e9s vintage darabokat kombin\u00e1lunk \u00fagy, hogy megjelen\u00e9s\u00fcnk izgalmas \u00e9s harmonikus legyen. A romantikusabbak val\u00f3sz\u00edn\u0171leg sz\u00edvesen \u00e9p\u00edtenek be egy 20-as \u00e9veket id\u00e9z\u0151 csipk\u00e9s fels\u0151t a ruhat\u00e1rukba. A 40-es \u00e9vek b\u0151sz\u00e1r\u00fa nadr\u00e1gjaival klasszikusan eleg\u00e1ns megjelen\u00e9st \u00e9rhet\u00fcnk el. Ha b\u00e1trak vagyunk feldobhatjuk a szett\u00fcnket egy 40-es \u00e9veket id\u00e9z\u0151 kalappal is! A napszem\u00fcvegek \u00e9s cip\u0151k is remek vintage kieg\u00e9sz\u00edt\u0151i lehetnek az \u00f6lt\u00f6z\u00e9k\u00fcnknek!&nbsp;<\/p>\n\n\n\n<h2 class=\"wp-block-heading\"><strong>Melyek a megfelel\u0151 sz\u00ednek egy vintage st\u00edlushoz?<\/strong><\/h2>\n\n\n\n<p>A vintage st\u00edlusba belef\u00e9r a l\u00e1gyabb pasztell sz\u00ednek haszn\u00e1lata. Egy p\u00faderr\u00f3zsasz\u00edn kend\u0151, egy b\u00e9zs kalap, egy pasztell k\u00e9k mell\u00e9ny vagy egy h\u00f3feh\u00e9r keszty\u0171 mind nagyon j\u00f3 v\u00e1laszt\u00e1sok lehetnek. Ugyanakkor a 60-as \u00e9vek hars\u00e1ny \u00e9s \u00e9l\u00e9nk sz\u00ednvil\u00e1g\u00e1t is megid\u00e9zhetj\u00fck egy vir\u00e1gmint\u00e1s bl\u00fazzal vagy vag\u00e1ny \u00e9s \u00e9l\u00e9nk fejkend\u0151kkel!<\/p>\n\n\n\n<p>Fedezd fel sz\u00e9les k\u00edn\u00e1latunkat vintage st\u00edlus\u00fa cip\u0151kb\u0151l \u00e9s t\u00e1sk\u00e1kb\u00f3l a <a href=\"https:\/\/ccc.eu\/hu\/sklepy\">CCC \u00fczleteinkben<\/a>, <a href=\"https:\/\/ccc.eu\/hu\/\">webshopunkban<\/a>, \u00e9s az <a href=\"https:\/\/ccc.eu\/hu\/mobile-app\">alkalmaz\u00e1sban<\/a>. Legy\u00e9l <a href=\"https:\/\/ccc.eu\/hu\/klub-ccc\">CCC klubtag<\/a> is, \u00e9s \u00e9lvezd a k\u00e9nyelmes \u00e9s kedvezm\u00e9nyes v\u00e1s\u00e1rl\u00e1si lehet\u0151s\u00e9geket! K\u00f6vesd vel\u00fcnk a divatot <a href=\"https:\/\/www.facebook.com\/CCC.Hungary\/\">Facebookon,<\/a> \u00e9s inspir\u00e1l\u00f3dj vel\u00fcnk az <a href=\"https:\/\/www.instagram.com\/cccshoesbags\/\">Instagramon<\/a> is!<\/p>\n","protected":false},"excerpt":{"rendered":"<p>Nagyon divatos manaps\u00e1g a vintage st\u00edlus az \u00f6lt\u00f6zk\u00f6d\u00e9sben \u00e9s a lakberendez\u00e9sben is. N\u0151i, f\u00e9rfi, gyerek ruh\u00e1k \u00e9s cip\u0151k tekintet\u00e9ben is nyer\u0151 lehet a vintage st\u00edlus. Ha szeretn\u00e9nk ebben a st\u00edlusban megjelenni, elk\u00e9peszt\u0151en sz\u00e9les v\u00e1laszt\u00e9k \u00e1ll rendelkez\u00e9s\u00fcnkre. Mit jelent a &#8222;vintage&#8221; kifejez\u00e9s? A vintage st\u00edlus klasszikus \u00e9s eredeti st\u00edlust jelent sz\u00f3 szerinti \u00e9rtelmez\u00e9sben. A divatban \u00e9s [&hellip;]<\/p>\n","protected":false},"author":17,"featured_media":6709,"comment_status":"open","ping_status":"open","sticky":false,"template":"","format":"standard","meta":{"_acf_changed":false,"footnotes":""},"categories":[4,6],"tags":[560,786,962,963],"class_list":["post-6706","post","type-post","status-publish","format-standard","has-post-thumbnail","hentry","category-divat-tippek","category-trendek","tag-ccc","tag-trendek","tag-vintage","tag-vintage-stilus"],"acf":[],"yoast_head":"<!-- This site is optimized with the Yoast SEO plugin v26.9 - https:\/\/yoast.com\/product\/yoast-seo-wordpress\/ -->\n<title>Mi az a vintage st\u00edlus \u00e9s mit\u0151l igaz\u00e1n k\u00fcl\u00f6nleges?\u00a0 - CCC Fashion blog<\/title>\n<meta name=\"description\" content=\"N\u0151i, f\u00e9rfi, gyerek ruh\u00e1k \u00e9s cip\u0151k tekintet\u00e9ben is nyer\u0151 lehet a vintage st\u00edlus. N\u00e9zz sz\u00e9t a CCC-n\u00e9l, \u00e9s v\u00e1laszd ki a legtrendibb vintage darabokat! 2026\" \/>\n<meta name=\"robots\" content=\"index, follow, max-snippet:-1, max-image-preview:large, max-video-preview:-1\" \/>\n<link rel=\"canonical\" href=\"https:\/\/blog.ccc.eu\/hu\/mi-a-vintage-stilus-es-mitol-igazan-kulonleges\/\" \/>\n<meta property=\"og:locale\" content=\"hu_HU\" \/>\n<meta property=\"og:type\" content=\"article\" \/>\n<meta property=\"og:title\" content=\"Mi az a vintage st\u00edlus \u00e9s mit\u0151l igaz\u00e1n k\u00fcl\u00f6nleges?\u00a0 - CCC Fashion blog\" \/>\n<meta property=\"og:description\" content=\"N\u0151i, f\u00e9rfi, gyerek ruh\u00e1k \u00e9s cip\u0151k tekintet\u00e9ben is nyer\u0151 lehet a vintage st\u00edlus. N\u00e9zz sz\u00e9t a CCC-n\u00e9l, \u00e9s v\u00e1laszd ki a legtrendibb vintage darabokat!\" \/>\n<meta property=\"og:url\" content=\"https:\/\/blog.ccc.eu\/hu\/mi-a-vintage-stilus-es-mitol-igazan-kulonleges\/\" \/>\n<meta property=\"og:site_name\" content=\"CCC Fashion blog\" \/>\n<meta property=\"article:published_time\" content=\"2022-09-28T08:00:00+00:00\" \/>\n<meta property=\"og:image\" content=\"https:\/\/blog.ccc.eu\/hu\/wp-content\/uploads\/2022\/09\/vintage1.jpg\" \/>\n\t<meta property=\"og:image:width\" content=\"680\" \/>\n\t<meta property=\"og:image:height\" content=\"964\" \/>\n\t<meta property=\"og:image:type\" content=\"image\/jpeg\" \/>\n<meta name=\"author\" content=\"R\u00e9ka N\u00e9meth\" \/>\n<meta name=\"twitter:card\" content=\"summary_large_image\" \/>\n<meta name=\"twitter:label1\" content=\"Szerz\u0151:\" \/>\n\t<meta name=\"twitter:data1\" content=\"R\u00e9ka N\u00e9meth\" \/>\n\t<meta name=\"twitter:label2\" content=\"Becs\u00fclt olvas\u00e1si id\u0151\" \/>\n\t<meta name=\"twitter:data2\" content=\"3 perc\" \/>\n<script type=\"application\/ld+json\" class=\"yoast-schema-graph\">{\"@context\":\"https:\/\/schema.org\",\"@graph\":[{\"@type\":\"Article\",\"@id\":\"https:\/\/blog.ccc.eu\/hu\/mi-a-vintage-stilus-es-mitol-igazan-kulonleges\/#article\",\"isPartOf\":{\"@id\":\"https:\/\/blog.ccc.eu\/hu\/mi-a-vintage-stilus-es-mitol-igazan-kulonleges\/\"},\"author\":{\"name\":\"R\u00e9ka N\u00e9meth\",\"@id\":\"https:\/\/blog.ccc.eu\/hu\/#\/schema\/person\/c3226a60cce3320f8d95a41d9af8ed2d\"},\"headline\":\"Mi az a vintage st\u00edlus \u00e9s mit\u0151l igaz\u00e1n k\u00fcl\u00f6nleges?\u00a0\",\"datePublished\":\"2022-09-28T08:00:00+00:00\",\"mainEntityOfPage\":{\"@id\":\"https:\/\/blog.ccc.eu\/hu\/mi-a-vintage-stilus-es-mitol-igazan-kulonleges\/\"},\"wordCount\":668,\"commentCount\":0,\"publisher\":{\"@id\":\"https:\/\/blog.ccc.eu\/hu\/#organization\"},\"image\":{\"@id\":\"https:\/\/blog.ccc.eu\/hu\/mi-a-vintage-stilus-es-mitol-igazan-kulonleges\/#primaryimage\"},\"thumbnailUrl\":\"https:\/\/blog.ccc.eu\/hu\/wp-content\/uploads\/2022\/09\/vintage1.jpg\",\"keywords\":[\"CCC\",\"trendek\",\"vintage\",\"vintage st\u00edlus\"],\"articleSection\":[\"DIVAT TIPPEK\",\"TRENDEK\"],\"inLanguage\":\"hu\",\"potentialAction\":[{\"@type\":\"CommentAction\",\"name\":\"Comment\",\"target\":[\"https:\/\/blog.ccc.eu\/hu\/mi-a-vintage-stilus-es-mitol-igazan-kulonleges\/#respond\"]}]},{\"@type\":\"WebPage\",\"@id\":\"https:\/\/blog.ccc.eu\/hu\/mi-a-vintage-stilus-es-mitol-igazan-kulonleges\/\",\"url\":\"https:\/\/blog.ccc.eu\/hu\/mi-a-vintage-stilus-es-mitol-igazan-kulonleges\/\",\"name\":\"Mi az a vintage st\u00edlus \u00e9s mit\u0151l igaz\u00e1n k\u00fcl\u00f6nleges?\u00a0 - CCC Fashion blog\",\"isPartOf\":{\"@id\":\"https:\/\/blog.ccc.eu\/hu\/#website\"},\"primaryImageOfPage\":{\"@id\":\"https:\/\/blog.ccc.eu\/hu\/mi-a-vintage-stilus-es-mitol-igazan-kulonleges\/#primaryimage\"},\"image\":{\"@id\":\"https:\/\/blog.ccc.eu\/hu\/mi-a-vintage-stilus-es-mitol-igazan-kulonleges\/#primaryimage\"},\"thumbnailUrl\":\"https:\/\/blog.ccc.eu\/hu\/wp-content\/uploads\/2022\/09\/vintage1.jpg\",\"datePublished\":\"2022-09-28T08:00:00+00:00\",\"description\":\"N\u0151i, f\u00e9rfi, gyerek ruh\u00e1k \u00e9s cip\u0151k tekintet\u00e9ben is nyer\u0151 lehet a vintage st\u00edlus. N\u00e9zz sz\u00e9t a CCC-n\u00e9l, \u00e9s v\u00e1laszd ki a legtrendibb vintage darabokat!\",\"breadcrumb\":{\"@id\":\"https:\/\/blog.ccc.eu\/hu\/mi-a-vintage-stilus-es-mitol-igazan-kulonleges\/#breadcrumb\"},\"inLanguage\":\"hu\",\"potentialAction\":[{\"@type\":\"ReadAction\",\"target\":[\"https:\/\/blog.ccc.eu\/hu\/mi-a-vintage-stilus-es-mitol-igazan-kulonleges\/\"]}]},{\"@type\":\"ImageObject\",\"inLanguage\":\"hu\",\"@id\":\"https:\/\/blog.ccc.eu\/hu\/mi-a-vintage-stilus-es-mitol-igazan-kulonleges\/#primaryimage\",\"url\":\"https:\/\/blog.ccc.eu\/hu\/wp-content\/uploads\/2022\/09\/vintage1.jpg\",\"contentUrl\":\"https:\/\/blog.ccc.eu\/hu\/wp-content\/uploads\/2022\/09\/vintage1.jpg\",\"width\":680,\"height\":964,\"caption\":\"vintage st\u00edlus\"},{\"@type\":\"BreadcrumbList\",\"@id\":\"https:\/\/blog.ccc.eu\/hu\/mi-a-vintage-stilus-es-mitol-igazan-kulonleges\/#breadcrumb\",\"itemListElement\":[{\"@type\":\"ListItem\",\"position\":1,\"name\":\"Strona g\u0142\u00f3wna\",\"item\":\"https:\/\/blog.ccc.eu\/hu\/\"},{\"@type\":\"ListItem\",\"position\":2,\"name\":\"Mi az a vintage st\u00edlus \u00e9s mit\u0151l igaz\u00e1n k\u00fcl\u00f6nleges?\u00a0\"}]},{\"@type\":\"WebSite\",\"@id\":\"https:\/\/blog.ccc.eu\/hu\/#website\",\"url\":\"https:\/\/blog.ccc.eu\/hu\/\",\"name\":\"CCC Fashion blog\",\"description\":\"Az \u00d6n helye tele van divatihletekkel\",\"publisher\":{\"@id\":\"https:\/\/blog.ccc.eu\/hu\/#organization\"},\"potentialAction\":[{\"@type\":\"SearchAction\",\"target\":{\"@type\":\"EntryPoint\",\"urlTemplate\":\"https:\/\/blog.ccc.eu\/hu\/?s={search_term_string}\"},\"query-input\":{\"@type\":\"PropertyValueSpecification\",\"valueRequired\":true,\"valueName\":\"search_term_string\"}}],\"inLanguage\":\"hu\"},{\"@type\":\"Organization\",\"@id\":\"https:\/\/blog.ccc.eu\/hu\/#organization\",\"name\":\"CCC S.A.\",\"url\":\"https:\/\/blog.ccc.eu\/hu\/\",\"logo\":{\"@type\":\"ImageObject\",\"inLanguage\":\"hu\",\"@id\":\"https:\/\/blog.ccc.eu\/hu\/#\/schema\/logo\/image\/\",\"url\":\"https:\/\/blog.ccc.eu\/hu\/wp-content\/uploads\/2021\/11\/logo_ccc.png\",\"contentUrl\":\"https:\/\/blog.ccc.eu\/hu\/wp-content\/uploads\/2021\/11\/logo_ccc.png\",\"width\":730,\"height\":270,\"caption\":\"CCC S.A.\"},\"image\":{\"@id\":\"https:\/\/blog.ccc.eu\/hu\/#\/schema\/logo\/image\/\"}},{\"@type\":\"Person\",\"@id\":\"https:\/\/blog.ccc.eu\/hu\/#\/schema\/person\/c3226a60cce3320f8d95a41d9af8ed2d\",\"name\":\"R\u00e9ka N\u00e9meth\",\"image\":{\"@type\":\"ImageObject\",\"inLanguage\":\"hu\",\"@id\":\"https:\/\/blog.ccc.eu\/hu\/#\/schema\/person\/image\/\",\"url\":\"https:\/\/blog.ccc.eu\/hu\/wp-content\/uploads\/2022\/05\/MicrosoftTeams-image-e1651752501479-150x150.jpg\",\"contentUrl\":\"https:\/\/blog.ccc.eu\/hu\/wp-content\/uploads\/2022\/05\/MicrosoftTeams-image-e1651752501479-150x150.jpg\",\"caption\":\"R\u00e9ka N\u00e9meth\"},\"url\":\"https:\/\/blog.ccc.eu\/hu\/author\/katarzyna-martyn\/\"}]}<\/script>\n<!-- \/ Yoast SEO plugin. -->","yoast_head_json":{"title":"Mi az a vintage st\u00edlus \u00e9s mit\u0151l igaz\u00e1n k\u00fcl\u00f6nleges?\u00a0 - CCC Fashion blog","description":"N\u0151i, f\u00e9rfi, gyerek ruh\u00e1k \u00e9s cip\u0151k tekintet\u00e9ben is nyer\u0151 lehet a vintage st\u00edlus. N\u00e9zz sz\u00e9t a CCC-n\u00e9l, \u00e9s v\u00e1laszd ki a legtrendibb vintage darabokat! 2026","robots":{"index":"index","follow":"follow","max-snippet":"max-snippet:-1","max-image-preview":"max-image-preview:large","max-video-preview":"max-video-preview:-1"},"canonical":"https:\/\/blog.ccc.eu\/hu\/mi-a-vintage-stilus-es-mitol-igazan-kulonleges\/","og_locale":"hu_HU","og_type":"article","og_title":"Mi az a vintage st\u00edlus \u00e9s mit\u0151l igaz\u00e1n k\u00fcl\u00f6nleges?\u00a0 - CCC Fashion blog","og_description":"N\u0151i, f\u00e9rfi, gyerek ruh\u00e1k \u00e9s cip\u0151k tekintet\u00e9ben is nyer\u0151 lehet a vintage st\u00edlus. N\u00e9zz sz\u00e9t a CCC-n\u00e9l, \u00e9s v\u00e1laszd ki a legtrendibb vintage darabokat!","og_url":"https:\/\/blog.ccc.eu\/hu\/mi-a-vintage-stilus-es-mitol-igazan-kulonleges\/","og_site_name":"CCC Fashion blog","article_published_time":"2022-09-28T08:00:00+00:00","og_image":[{"width":680,"height":964,"url":"https:\/\/blog.ccc.eu\/hu\/wp-content\/uploads\/2022\/09\/vintage1.jpg","type":"image\/jpeg"}],"author":"R\u00e9ka N\u00e9meth","twitter_card":"summary_large_image","twitter_misc":{"Szerz\u0151:":"R\u00e9ka N\u00e9meth","Becs\u00fclt olvas\u00e1si id\u0151":"3 perc"},"schema":{"@context":"https:\/\/schema.org","@graph":[{"@type":"Article","@id":"https:\/\/blog.ccc.eu\/hu\/mi-a-vintage-stilus-es-mitol-igazan-kulonleges\/#article","isPartOf":{"@id":"https:\/\/blog.ccc.eu\/hu\/mi-a-vintage-stilus-es-mitol-igazan-kulonleges\/"},"author":{"name":"R\u00e9ka N\u00e9meth","@id":"https:\/\/blog.ccc.eu\/hu\/#\/schema\/person\/c3226a60cce3320f8d95a41d9af8ed2d"},"headline":"Mi az a vintage st\u00edlus \u00e9s mit\u0151l igaz\u00e1n k\u00fcl\u00f6nleges?\u00a0","datePublished":"2022-09-28T08:00:00+00:00","mainEntityOfPage":{"@id":"https:\/\/blog.ccc.eu\/hu\/mi-a-vintage-stilus-es-mitol-igazan-kulonleges\/"},"wordCount":668,"commentCount":0,"publisher":{"@id":"https:\/\/blog.ccc.eu\/hu\/#organization"},"image":{"@id":"https:\/\/blog.ccc.eu\/hu\/mi-a-vintage-stilus-es-mitol-igazan-kulonleges\/#primaryimage"},"thumbnailUrl":"https:\/\/blog.ccc.eu\/hu\/wp-content\/uploads\/2022\/09\/vintage1.jpg","keywords":["CCC","trendek","vintage","vintage st\u00edlus"],"articleSection":["DIVAT TIPPEK","TRENDEK"],"inLanguage":"hu","potentialAction":[{"@type":"CommentAction","name":"Comment","target":["https:\/\/blog.ccc.eu\/hu\/mi-a-vintage-stilus-es-mitol-igazan-kulonleges\/#respond"]}]},{"@type":"WebPage","@id":"https:\/\/blog.ccc.eu\/hu\/mi-a-vintage-stilus-es-mitol-igazan-kulonleges\/","url":"https:\/\/blog.ccc.eu\/hu\/mi-a-vintage-stilus-es-mitol-igazan-kulonleges\/","name":"Mi az a vintage st\u00edlus \u00e9s mit\u0151l igaz\u00e1n k\u00fcl\u00f6nleges?\u00a0 - CCC Fashion blog","isPartOf":{"@id":"https:\/\/blog.ccc.eu\/hu\/#website"},"primaryImageOfPage":{"@id":"https:\/\/blog.ccc.eu\/hu\/mi-a-vintage-stilus-es-mitol-igazan-kulonleges\/#primaryimage"},"image":{"@id":"https:\/\/blog.ccc.eu\/hu\/mi-a-vintage-stilus-es-mitol-igazan-kulonleges\/#primaryimage"},"thumbnailUrl":"https:\/\/blog.ccc.eu\/hu\/wp-content\/uploads\/2022\/09\/vintage1.jpg","datePublished":"2022-09-28T08:00:00+00:00","description":"N\u0151i, f\u00e9rfi, gyerek ruh\u00e1k \u00e9s cip\u0151k tekintet\u00e9ben is nyer\u0151 lehet a vintage st\u00edlus. N\u00e9zz sz\u00e9t a CCC-n\u00e9l, \u00e9s v\u00e1laszd ki a legtrendibb vintage darabokat!","breadcrumb":{"@id":"https:\/\/blog.ccc.eu\/hu\/mi-a-vintage-stilus-es-mitol-igazan-kulonleges\/#breadcrumb"},"inLanguage":"hu","potentialAction":[{"@type":"ReadAction","target":["https:\/\/blog.ccc.eu\/hu\/mi-a-vintage-stilus-es-mitol-igazan-kulonleges\/"]}]},{"@type":"ImageObject","inLanguage":"hu","@id":"https:\/\/blog.ccc.eu\/hu\/mi-a-vintage-stilus-es-mitol-igazan-kulonleges\/#primaryimage","url":"https:\/\/blog.ccc.eu\/hu\/wp-content\/uploads\/2022\/09\/vintage1.jpg","contentUrl":"https:\/\/blog.ccc.eu\/hu\/wp-content\/uploads\/2022\/09\/vintage1.jpg","width":680,"height":964,"caption":"vintage st\u00edlus"},{"@type":"BreadcrumbList","@id":"https:\/\/blog.ccc.eu\/hu\/mi-a-vintage-stilus-es-mitol-igazan-kulonleges\/#breadcrumb","itemListElement":[{"@type":"ListItem","position":1,"name":"Strona g\u0142\u00f3wna","item":"https:\/\/blog.ccc.eu\/hu\/"},{"@type":"ListItem","position":2,"name":"Mi az a vintage st\u00edlus \u00e9s mit\u0151l igaz\u00e1n k\u00fcl\u00f6nleges?\u00a0"}]},{"@type":"WebSite","@id":"https:\/\/blog.ccc.eu\/hu\/#website","url":"https:\/\/blog.ccc.eu\/hu\/","name":"CCC Fashion blog","description":"Az \u00d6n helye tele van divatihletekkel","publisher":{"@id":"https:\/\/blog.ccc.eu\/hu\/#organization"},"potentialAction":[{"@type":"SearchAction","target":{"@type":"EntryPoint","urlTemplate":"https:\/\/blog.ccc.eu\/hu\/?s={search_term_string}"},"query-input":{"@type":"PropertyValueSpecification","valueRequired":true,"valueName":"search_term_string"}}],"inLanguage":"hu"},{"@type":"Organization","@id":"https:\/\/blog.ccc.eu\/hu\/#organization","name":"CCC S.A.","url":"https:\/\/blog.ccc.eu\/hu\/","logo":{"@type":"ImageObject","inLanguage":"hu","@id":"https:\/\/blog.ccc.eu\/hu\/#\/schema\/logo\/image\/","url":"https:\/\/blog.ccc.eu\/hu\/wp-content\/uploads\/2021\/11\/logo_ccc.png","contentUrl":"https:\/\/blog.ccc.eu\/hu\/wp-content\/uploads\/2021\/11\/logo_ccc.png","width":730,"height":270,"caption":"CCC S.A."},"image":{"@id":"https:\/\/blog.ccc.eu\/hu\/#\/schema\/logo\/image\/"}},{"@type":"Person","@id":"https:\/\/blog.ccc.eu\/hu\/#\/schema\/person\/c3226a60cce3320f8d95a41d9af8ed2d","name":"R\u00e9ka N\u00e9meth","image":{"@type":"ImageObject","inLanguage":"hu","@id":"https:\/\/blog.ccc.eu\/hu\/#\/schema\/person\/image\/","url":"https:\/\/blog.ccc.eu\/hu\/wp-content\/uploads\/2022\/05\/MicrosoftTeams-image-e1651752501479-150x150.jpg","contentUrl":"https:\/\/blog.ccc.eu\/hu\/wp-content\/uploads\/2022\/05\/MicrosoftTeams-image-e1651752501479-150x150.jpg","caption":"R\u00e9ka N\u00e9meth"},"url":"https:\/\/blog.ccc.eu\/hu\/author\/katarzyna-martyn\/"}]}},"_links":{"self":[{"href":"https:\/\/blog.ccc.eu\/hu\/wp-json\/wp\/v2\/posts\/6706","targetHints":{"allow":["GET"]}}],"collection":[{"href":"https:\/\/blog.ccc.eu\/hu\/wp-json\/wp\/v2\/posts"}],"about":[{"href":"https:\/\/blog.ccc.eu\/hu\/wp-json\/wp\/v2\/types\/post"}],"author":[{"embeddable":true,"href":"https:\/\/blog.ccc.eu\/hu\/wp-json\/wp\/v2\/users\/17"}],"replies":[{"embeddable":true,"href":"https:\/\/blog.ccc.eu\/hu\/wp-json\/wp\/v2\/comments?post=6706"}],"version-history":[{"count":5,"href":"https:\/\/blog.ccc.eu\/hu\/wp-json\/wp\/v2\/posts\/6706\/revisions"}],"predecessor-version":[{"id":6714,"href":"https:\/\/blog.ccc.eu\/hu\/wp-json\/wp\/v2\/posts\/6706\/revisions\/6714"}],"wp:featuredmedia":[{"embeddable":true,"href":"https:\/\/blog.ccc.eu\/hu\/wp-json\/wp\/v2\/media\/6709"}],"wp:attachment":[{"href":"https:\/\/blog.ccc.eu\/hu\/wp-json\/wp\/v2\/media?parent=6706"}],"wp:term":[{"taxonomy":"category","embeddable":true,"href":"https:\/\/blog.ccc.eu\/hu\/wp-json\/wp\/v2\/categories?post=6706"},{"taxonomy":"post_tag","embeddable":true,"href":"https:\/\/blog.ccc.eu\/hu\/wp-json\/wp\/v2\/tags?post=6706"}],"curies":[{"name":"wp","href":"https:\/\/api.w.org\/{rel}","templated":true}]}}