{"id":6720,"date":"2022-10-03T16:04:07","date_gmt":"2022-10-03T14:04:07","guid":{"rendered":"https:\/\/blog.ccc.eu\/hu\/?p=6720"},"modified":"2022-10-03T16:04:08","modified_gmt":"2022-10-03T14:04:08","slug":"a-70-es-evek-divatja-visszatert","status":"publish","type":"post","link":"https:\/\/blog.ccc.eu\/hu\/a-70-es-evek-divatja-visszatert\/","title":{"rendered":"A &#8217;70-es \u00e9vek divatja visszat\u00e9rt\u00a0"},"content":{"rendered":"\n<p><b>Az \u00e9vek sor\u00e1n t\u00f6bbsz\u00f6r bebizonyosodott m\u00e1r, hogy a r\u00e9gi ruhadarabokat nem \u00e9rdemes kidobni, maximum csak h\u00e1tr\u00e9bb tolni a szekr\u00e9nyben, mert nagy val\u00f3sz\u00edn\u0171s\u00e9ggel \u00fajra divatba j\u00f6n m\u00e9g az adott st\u00edlus. \u00cdgy van ez a 70-es \u00e9vek ruh\u00e1ival is\u2026 Vedd \u0151ket el\u0151 \u00fajra \u00e9s alkoss vel\u00fck trendi megjelen\u00e9st!<\/b><\/p>\n\n\n\n<figure class=\"wp-block-gallery has-nested-images columns-default is-cropped wp-block-gallery-1 is-layout-flex wp-block-gallery-is-layout-flex\">\n<figure class=\"wp-block-image size-large\"><img loading=\"lazy\" decoding=\"async\" width=\"768\" height=\"1024\" data-id=\"6725\" src=\"https:\/\/blog.ccc.eu\/hu\/wp-content\/uploads\/2022\/10\/CCC-XMAS-2918_F-1.jpg\" alt=\"\" class=\"wp-image-6725\" srcset=\"https:\/\/blog.ccc.eu\/hu\/wp-content\/uploads\/2022\/10\/CCC-XMAS-2918_F-1.jpg 768w, https:\/\/blog.ccc.eu\/hu\/wp-content\/uploads\/2022\/10\/CCC-XMAS-2918_F-1-225x300.jpg 225w, https:\/\/blog.ccc.eu\/hu\/wp-content\/uploads\/2022\/10\/CCC-XMAS-2918_F-1-100x133.jpg 100w\" sizes=\"auto, (max-width: 768px) 100vw, 768px\" \/><\/figure>\n\n\n\n<figure class=\"wp-block-image size-large\"><img loading=\"lazy\" decoding=\"async\" width=\"384\" height=\"512\" data-id=\"6724\" src=\"https:\/\/blog.ccc.eu\/hu\/wp-content\/uploads\/2022\/10\/CCC-XMAS-2927_F.jpg\" alt=\"\" class=\"wp-image-6724\" srcset=\"https:\/\/blog.ccc.eu\/hu\/wp-content\/uploads\/2022\/10\/CCC-XMAS-2927_F.jpg 384w, https:\/\/blog.ccc.eu\/hu\/wp-content\/uploads\/2022\/10\/CCC-XMAS-2927_F-225x300.jpg 225w, https:\/\/blog.ccc.eu\/hu\/wp-content\/uploads\/2022\/10\/CCC-XMAS-2927_F-100x133.jpg 100w\" sizes=\"auto, (max-width: 384px) 100vw, 384px\" \/><\/figure>\n<\/figure>\n\n\n\n<h2 class=\"wp-block-heading\"><strong>A &#8217;70-es \u00e9vek divatj\u00e1nak jellemz\u0151i<\/strong><\/h2>\n\n\n\n<p>A 70-es \u00e9vekben az emberek a szabads\u00e1gukat akart\u00e1k kifejezni, nem voltak igaz\u00e1n szab\u00e1lyok \u00e9s ez jellemz\u0151 volt a ruh\u00e1zatukra is. Ami a zen\u00e9t illeti, ekkort\u00e1jt volt n\u00e9pszer\u0171 az Abba, vagy Elvis Presley is, r\u00e1juk gondolva is eszedbe juthat egy k\u00e9p az akkori szabad divatr\u00f3l. F\u00e9rfiak \u00e9s n\u0151k is sz\u00edvesen hordtak sz\u00ednes, mint\u00e1s ingeket, hossz\u00fa s\u00e1lakat, over\u00e1lokat, farmerokat &#8211; passzos \u00e9s trap\u00e9z sz\u00e1r\u00fa farmerokat is. Ami a n\u0151ket illeti, a ruhat\u00e1rukban jelen volt a magas\u00edtott derek\u00fa nadr\u00e1g, a vir\u00e1gmint\u00e1s fels\u0151 \u00e9s a miniszoknya is. A mer\u00e9szebb f\u00e9rfiak sz\u00ednes \u00f6lt\u00f6ny\u00f6ket \u00e9s ingeket hordtak, melyeket fel\u00fcl nem gomboltak be. A trap\u00e9z sz\u00e1r\u00fa farmerokat is sz\u00edvesen hordt\u00e1k inggel, vagy sz\u00ednes zak\u00f3val.<\/p>\n\n\n\n<h2 class=\"wp-block-heading\"><strong>Mennyire praktikus \u00e9s k\u00e9nyelmes a 70-es \u00e9vek retro divatja szerint \u00f6lt\u00f6zni?<\/strong><\/h2>\n\n\n\n<p>Alapvet\u0151en a 70-es \u00e9vek divatj\u00e1ban voltak igaz\u00e1n k\u00e9nyelmes darabok is, melyek a mai napig is vissza-visszat\u00e9rnek. Ilyenek p\u00e9ld\u00e1ul a sz\u00ednes ingek, zak\u00f3k, farmerek, ugyanakkor a fesz\u00fcl\u0151sebb ruhadarabok is helyet kaptak sokak ruhat\u00e1r\u00e1ban, melyeknek nem felt\u00e9tlen\u00fcl kell k\u00e9nyelmetlennek lenni\u00fck. L\u00e9gy mer\u00e9sz \u00e9s pr\u00f3b\u00e1lj ki egy-egy ilyen ruha\u00f6ssze\u00e1ll\u00edt\u00e1st!<\/p>\n\n\n\n<h2 class=\"wp-block-heading\"><strong>Az 1970-es \u00e9vek divatja Magyarorsz\u00e1gon<\/strong><\/h2>\n\n\n\n<p>Magyarorsz\u00e1gon is h\u00f3d\u00edtottak a 70-es \u00e9vek ruhadarabjai, igaz, beszerezhet\u0151s\u00e9g\u00fck nem volt olyan k\u00f6nny\u0171 \u00e9s kellett hozz\u00e1 b\u00e1tors\u00e1g, hogy egy-egy mer\u00e9sz darabot az ember felvegyen az utc\u00e1ra. Ennek ellen\u00e9re rengeteg k\u00e9pet lehet l\u00e1tni az interneten a 70-es \u00e9vek magyarorsz\u00e1gi szettjeir\u0151l. Pillantsunk csak bele egy akkori Omega koncert felv\u00e9tel\u00e9be vagy fesztiv\u00e1lok k\u00e9parch\u00edvumaiba, ott nagyobb val\u00f3sz\u00edn\u0171s\u00e9ggel l\u00e1tjuk a 70-es \u00e9vek divatj\u00e1t.<\/p>\n\n\n\n<h2 class=\"wp-block-heading\"><strong>Az 1970-es \u00e9vek cip\u0151divatja<\/strong><\/h2>\n\n\n\n<p>A 70-es \u00e9vek cip\u0151divatj\u00e1t is t\u00f6k\u00e9letesen jellemzi a szabads\u00e1g. A platformos cip\u0151k, magassz\u00e1r\u00fa csizm\u00e1k \u00e9s a vastag talp\u00fa cip\u0151k voltak ezeknek az \u00e9veknek a sl\u00e1ger term\u00e9kei. Sok f\u00e9rfi ink\u00e1bb hordott visszafogottabb egysz\u00edn\u0171 cip\u0151ket, vagy \u00e9pp ekkort\u00e1jt m\u00e1r szand\u00e1lt is. A n\u0151k magassz\u00e1r\u00fa csizm\u00e1kat \u00e9s magassark\u00fakat hordtak. Jellemz\u0151 volt a 70-es \u00e9vekre, hogy akkor m\u00e1r a cip\u0151k mindenf\u00e9le sz\u00ednben megtal\u00e1lhat\u00f3ak voltak, ennek megfelel\u0151en az embereknek nem csak a ruh\u00e1zata volt sz\u00ednes, hanem a cip\u0151j\u00fck is. Ne feledkezz\u00fcnk meg a 70-es \u00e9vek punk st\u00edlus\u00e1r\u00f3l sem, hiszen napjainkban \u00e9pp ezek a massz\u00edvabb bakancsok is kezdenek \u00fajra divatba j\u00f6nni.<\/p>\n\n\n\n\n\n\n<p><\/p>\n\n\n\n<p>Fedezd fel sz\u00e9les k\u00edn\u00e1latunkat, melyek ak\u00e1r a 70-es \u00e9vek divatj\u00e1t is seg\u00edthetik megid\u00e9zni Neked! N\u00e9zz k\u00f6r\u00fcl a <a href=\"https:\/\/ccc.eu\/hu\/sklepy\">CCC \u00fczleteinkben<\/a>, <a href=\"https:\/\/ccc.eu\/hu\/\">webshopunkban<\/a>, \u00e9s az <a href=\"https:\/\/ccc.eu\/hu\/mobile-app\">alkalmaz\u00e1sban<\/a>. Legy\u00e9l <a href=\"https:\/\/ccc.eu\/hu\/klub-ccc\">CCC klubtag<\/a> is, \u00e9s \u00e9lvezd a k\u00e9nyelmes \u00e9s kedvezm\u00e9nyes v\u00e1s\u00e1rl\u00e1si lehet\u0151s\u00e9geket! K\u00f6vesd vel\u00fcnk a divatot <a href=\"https:\/\/www.facebook.com\/CCC.Hungary\/\">Facebookon,<\/a> \u00e9s inspir\u00e1l\u00f3dj vel\u00fcnk az <a href=\"https:\/\/www.instagram.com\/cccshoesbags\/\">Instagramon<\/a> is!<\/p>\n","protected":false},"excerpt":{"rendered":"<p>Az \u00e9vek sor\u00e1n t\u00f6bbsz\u00f6r bebizonyosodott m\u00e1r, hogy a r\u00e9gi ruhadarabokat nem \u00e9rdemes kidobni, maximum csak h\u00e1tr\u00e9bb tolni a szekr\u00e9nyben, mert nagy val\u00f3sz\u00edn\u0171s\u00e9ggel \u00fajra divatba j\u00f6n m\u00e9g az adott st\u00edlus. \u00cdgy van ez a 70-es \u00e9vek ruh\u00e1ival is\u2026 Vedd \u0151ket el\u0151 \u00fajra \u00e9s alkoss vel\u00fck trendi megjelen\u00e9st! A &#8217;70-es \u00e9vek divatj\u00e1nak jellemz\u0151i A 70-es \u00e9vekben az [&hellip;]<\/p>\n","protected":false},"author":17,"featured_media":6723,"comment_status":"open","ping_status":"open","sticky":false,"template":"","format":"standard","meta":{"_acf_changed":false,"footnotes":""},"categories":[4,6],"tags":[964,560,965,786],"class_list":["post-6720","post","type-post","status-publish","format-standard","has-post-thumbnail","hentry","category-divat-tippek","category-trendek","tag-70-es-evek-divatja","tag-ccc","tag-retro-divat-2","tag-trendek"],"acf":[],"yoast_head":"<!-- This site is optimized with the Yoast SEO plugin v26.9 - https:\/\/yoast.com\/product\/yoast-seo-wordpress\/ -->\n<title>A &#039;70-es \u00e9vek divatja visszat\u00e9rt\u00a0 - CCC Fashion blog<\/title>\n<meta name=\"description\" content=\"A &#039;70-es \u00e9vek divatj\u00e1ban voltak igaz\u00e1n k\u00e9nyelmes darabok is, amelyek most visszat\u00e9rtek! N\u00e9zz sz\u00e9t a CCC-n\u00e9l! 2026\" \/>\n<meta name=\"robots\" content=\"index, follow, max-snippet:-1, max-image-preview:large, max-video-preview:-1\" \/>\n<link rel=\"canonical\" href=\"https:\/\/blog.ccc.eu\/hu\/a-70-es-evek-divatja-visszatert\/\" \/>\n<meta property=\"og:locale\" content=\"hu_HU\" \/>\n<meta property=\"og:type\" content=\"article\" \/>\n<meta property=\"og:title\" content=\"A &#039;70-es \u00e9vek divatja visszat\u00e9rt\u00a0 - CCC Fashion blog\" \/>\n<meta property=\"og:description\" content=\"A &#039;70-es \u00e9vek divatj\u00e1ban voltak igaz\u00e1n k\u00e9nyelmes darabok is, amelyek most visszat\u00e9rtek! N\u00e9zz sz\u00e9t a CCC-n\u00e9l!\" \/>\n<meta property=\"og:url\" content=\"https:\/\/blog.ccc.eu\/hu\/a-70-es-evek-divatja-visszatert\/\" \/>\n<meta property=\"og:site_name\" content=\"CCC Fashion blog\" \/>\n<meta property=\"article:published_time\" content=\"2022-10-03T14:04:07+00:00\" \/>\n<meta property=\"article:modified_time\" content=\"2022-10-03T14:04:08+00:00\" \/>\n<meta property=\"og:image\" content=\"https:\/\/blog.ccc.eu\/hu\/wp-content\/uploads\/2022\/10\/CCC-XMAS-2918_F.jpg\" \/>\n\t<meta property=\"og:image:width\" content=\"768\" \/>\n\t<meta property=\"og:image:height\" content=\"1024\" \/>\n\t<meta property=\"og:image:type\" content=\"image\/jpeg\" \/>\n<meta name=\"author\" content=\"R\u00e9ka N\u00e9meth\" \/>\n<meta name=\"twitter:card\" content=\"summary_large_image\" \/>\n<meta name=\"twitter:label1\" content=\"Szerz\u0151:\" \/>\n\t<meta name=\"twitter:data1\" content=\"R\u00e9ka N\u00e9meth\" \/>\n\t<meta name=\"twitter:label2\" content=\"Becs\u00fclt olvas\u00e1si id\u0151\" \/>\n\t<meta name=\"twitter:data2\" content=\"3 perc\" \/>\n<script type=\"application\/ld+json\" class=\"yoast-schema-graph\">{\"@context\":\"https:\/\/schema.org\",\"@graph\":[{\"@type\":\"Article\",\"@id\":\"https:\/\/blog.ccc.eu\/hu\/a-70-es-evek-divatja-visszatert\/#article\",\"isPartOf\":{\"@id\":\"https:\/\/blog.ccc.eu\/hu\/a-70-es-evek-divatja-visszatert\/\"},\"author\":{\"name\":\"R\u00e9ka N\u00e9meth\",\"@id\":\"https:\/\/blog.ccc.eu\/hu\/#\/schema\/person\/c3226a60cce3320f8d95a41d9af8ed2d\"},\"headline\":\"A &#8217;70-es \u00e9vek divatja visszat\u00e9rt\u00a0\",\"datePublished\":\"2022-10-03T14:04:07+00:00\",\"dateModified\":\"2022-10-03T14:04:08+00:00\",\"mainEntityOfPage\":{\"@id\":\"https:\/\/blog.ccc.eu\/hu\/a-70-es-evek-divatja-visszatert\/\"},\"wordCount\":619,\"commentCount\":0,\"publisher\":{\"@id\":\"https:\/\/blog.ccc.eu\/hu\/#organization\"},\"image\":{\"@id\":\"https:\/\/blog.ccc.eu\/hu\/a-70-es-evek-divatja-visszatert\/#primaryimage\"},\"thumbnailUrl\":\"https:\/\/blog.ccc.eu\/hu\/wp-content\/uploads\/2022\/10\/CCC-XMAS-2918_F.jpg\",\"keywords\":[\"70-es \u00e9vek divatja\",\"CCC\",\"retro divat\",\"trendek\"],\"articleSection\":[\"DIVAT TIPPEK\",\"TRENDEK\"],\"inLanguage\":\"hu\",\"potentialAction\":[{\"@type\":\"CommentAction\",\"name\":\"Comment\",\"target\":[\"https:\/\/blog.ccc.eu\/hu\/a-70-es-evek-divatja-visszatert\/#respond\"]}]},{\"@type\":\"WebPage\",\"@id\":\"https:\/\/blog.ccc.eu\/hu\/a-70-es-evek-divatja-visszatert\/\",\"url\":\"https:\/\/blog.ccc.eu\/hu\/a-70-es-evek-divatja-visszatert\/\",\"name\":\"A '70-es \u00e9vek divatja visszat\u00e9rt\u00a0 - CCC Fashion blog\",\"isPartOf\":{\"@id\":\"https:\/\/blog.ccc.eu\/hu\/#website\"},\"primaryImageOfPage\":{\"@id\":\"https:\/\/blog.ccc.eu\/hu\/a-70-es-evek-divatja-visszatert\/#primaryimage\"},\"image\":{\"@id\":\"https:\/\/blog.ccc.eu\/hu\/a-70-es-evek-divatja-visszatert\/#primaryimage\"},\"thumbnailUrl\":\"https:\/\/blog.ccc.eu\/hu\/wp-content\/uploads\/2022\/10\/CCC-XMAS-2918_F.jpg\",\"datePublished\":\"2022-10-03T14:04:07+00:00\",\"dateModified\":\"2022-10-03T14:04:08+00:00\",\"description\":\"A '70-es \u00e9vek divatj\u00e1ban voltak igaz\u00e1n k\u00e9nyelmes darabok is, amelyek most visszat\u00e9rtek! N\u00e9zz sz\u00e9t a CCC-n\u00e9l!\",\"breadcrumb\":{\"@id\":\"https:\/\/blog.ccc.eu\/hu\/a-70-es-evek-divatja-visszatert\/#breadcrumb\"},\"inLanguage\":\"hu\",\"potentialAction\":[{\"@type\":\"ReadAction\",\"target\":[\"https:\/\/blog.ccc.eu\/hu\/a-70-es-evek-divatja-visszatert\/\"]}]},{\"@type\":\"ImageObject\",\"inLanguage\":\"hu\",\"@id\":\"https:\/\/blog.ccc.eu\/hu\/a-70-es-evek-divatja-visszatert\/#primaryimage\",\"url\":\"https:\/\/blog.ccc.eu\/hu\/wp-content\/uploads\/2022\/10\/CCC-XMAS-2918_F.jpg\",\"contentUrl\":\"https:\/\/blog.ccc.eu\/hu\/wp-content\/uploads\/2022\/10\/CCC-XMAS-2918_F.jpg\",\"width\":768,\"height\":1024,\"caption\":\"70-es \u00e9vek CCC\"},{\"@type\":\"BreadcrumbList\",\"@id\":\"https:\/\/blog.ccc.eu\/hu\/a-70-es-evek-divatja-visszatert\/#breadcrumb\",\"itemListElement\":[{\"@type\":\"ListItem\",\"position\":1,\"name\":\"Strona g\u0142\u00f3wna\",\"item\":\"https:\/\/blog.ccc.eu\/hu\/\"},{\"@type\":\"ListItem\",\"position\":2,\"name\":\"A &#8217;70-es \u00e9vek divatja visszat\u00e9rt\u00a0\"}]},{\"@type\":\"WebSite\",\"@id\":\"https:\/\/blog.ccc.eu\/hu\/#website\",\"url\":\"https:\/\/blog.ccc.eu\/hu\/\",\"name\":\"CCC Fashion blog\",\"description\":\"Az \u00d6n helye tele van divatihletekkel\",\"publisher\":{\"@id\":\"https:\/\/blog.ccc.eu\/hu\/#organization\"},\"potentialAction\":[{\"@type\":\"SearchAction\",\"target\":{\"@type\":\"EntryPoint\",\"urlTemplate\":\"https:\/\/blog.ccc.eu\/hu\/?s={search_term_string}\"},\"query-input\":{\"@type\":\"PropertyValueSpecification\",\"valueRequired\":true,\"valueName\":\"search_term_string\"}}],\"inLanguage\":\"hu\"},{\"@type\":\"Organization\",\"@id\":\"https:\/\/blog.ccc.eu\/hu\/#organization\",\"name\":\"CCC S.A.\",\"url\":\"https:\/\/blog.ccc.eu\/hu\/\",\"logo\":{\"@type\":\"ImageObject\",\"inLanguage\":\"hu\",\"@id\":\"https:\/\/blog.ccc.eu\/hu\/#\/schema\/logo\/image\/\",\"url\":\"https:\/\/blog.ccc.eu\/hu\/wp-content\/uploads\/2021\/11\/logo_ccc.png\",\"contentUrl\":\"https:\/\/blog.ccc.eu\/hu\/wp-content\/uploads\/2021\/11\/logo_ccc.png\",\"width\":730,\"height\":270,\"caption\":\"CCC S.A.\"},\"image\":{\"@id\":\"https:\/\/blog.ccc.eu\/hu\/#\/schema\/logo\/image\/\"}},{\"@type\":\"Person\",\"@id\":\"https:\/\/blog.ccc.eu\/hu\/#\/schema\/person\/c3226a60cce3320f8d95a41d9af8ed2d\",\"name\":\"R\u00e9ka N\u00e9meth\",\"image\":{\"@type\":\"ImageObject\",\"inLanguage\":\"hu\",\"@id\":\"https:\/\/blog.ccc.eu\/hu\/#\/schema\/person\/image\/\",\"url\":\"https:\/\/blog.ccc.eu\/hu\/wp-content\/uploads\/2022\/05\/MicrosoftTeams-image-e1651752501479-150x150.jpg\",\"contentUrl\":\"https:\/\/blog.ccc.eu\/hu\/wp-content\/uploads\/2022\/05\/MicrosoftTeams-image-e1651752501479-150x150.jpg\",\"caption\":\"R\u00e9ka N\u00e9meth\"},\"url\":\"https:\/\/blog.ccc.eu\/hu\/author\/katarzyna-martyn\/\"}]}<\/script>\n<!-- \/ Yoast SEO plugin. -->","yoast_head_json":{"title":"A '70-es \u00e9vek divatja visszat\u00e9rt\u00a0 - CCC Fashion blog","description":"A '70-es \u00e9vek divatj\u00e1ban voltak igaz\u00e1n k\u00e9nyelmes darabok is, amelyek most visszat\u00e9rtek! N\u00e9zz sz\u00e9t a CCC-n\u00e9l! 2026","robots":{"index":"index","follow":"follow","max-snippet":"max-snippet:-1","max-image-preview":"max-image-preview:large","max-video-preview":"max-video-preview:-1"},"canonical":"https:\/\/blog.ccc.eu\/hu\/a-70-es-evek-divatja-visszatert\/","og_locale":"hu_HU","og_type":"article","og_title":"A '70-es \u00e9vek divatja visszat\u00e9rt\u00a0 - CCC Fashion blog","og_description":"A '70-es \u00e9vek divatj\u00e1ban voltak igaz\u00e1n k\u00e9nyelmes darabok is, amelyek most visszat\u00e9rtek! N\u00e9zz sz\u00e9t a CCC-n\u00e9l!","og_url":"https:\/\/blog.ccc.eu\/hu\/a-70-es-evek-divatja-visszatert\/","og_site_name":"CCC Fashion blog","article_published_time":"2022-10-03T14:04:07+00:00","article_modified_time":"2022-10-03T14:04:08+00:00","og_image":[{"width":768,"height":1024,"url":"https:\/\/blog.ccc.eu\/hu\/wp-content\/uploads\/2022\/10\/CCC-XMAS-2918_F.jpg","type":"image\/jpeg"}],"author":"R\u00e9ka N\u00e9meth","twitter_card":"summary_large_image","twitter_misc":{"Szerz\u0151:":"R\u00e9ka N\u00e9meth","Becs\u00fclt olvas\u00e1si id\u0151":"3 perc"},"schema":{"@context":"https:\/\/schema.org","@graph":[{"@type":"Article","@id":"https:\/\/blog.ccc.eu\/hu\/a-70-es-evek-divatja-visszatert\/#article","isPartOf":{"@id":"https:\/\/blog.ccc.eu\/hu\/a-70-es-evek-divatja-visszatert\/"},"author":{"name":"R\u00e9ka N\u00e9meth","@id":"https:\/\/blog.ccc.eu\/hu\/#\/schema\/person\/c3226a60cce3320f8d95a41d9af8ed2d"},"headline":"A &#8217;70-es \u00e9vek divatja visszat\u00e9rt\u00a0","datePublished":"2022-10-03T14:04:07+00:00","dateModified":"2022-10-03T14:04:08+00:00","mainEntityOfPage":{"@id":"https:\/\/blog.ccc.eu\/hu\/a-70-es-evek-divatja-visszatert\/"},"wordCount":619,"commentCount":0,"publisher":{"@id":"https:\/\/blog.ccc.eu\/hu\/#organization"},"image":{"@id":"https:\/\/blog.ccc.eu\/hu\/a-70-es-evek-divatja-visszatert\/#primaryimage"},"thumbnailUrl":"https:\/\/blog.ccc.eu\/hu\/wp-content\/uploads\/2022\/10\/CCC-XMAS-2918_F.jpg","keywords":["70-es \u00e9vek divatja","CCC","retro divat","trendek"],"articleSection":["DIVAT TIPPEK","TRENDEK"],"inLanguage":"hu","potentialAction":[{"@type":"CommentAction","name":"Comment","target":["https:\/\/blog.ccc.eu\/hu\/a-70-es-evek-divatja-visszatert\/#respond"]}]},{"@type":"WebPage","@id":"https:\/\/blog.ccc.eu\/hu\/a-70-es-evek-divatja-visszatert\/","url":"https:\/\/blog.ccc.eu\/hu\/a-70-es-evek-divatja-visszatert\/","name":"A '70-es \u00e9vek divatja visszat\u00e9rt\u00a0 - CCC Fashion blog","isPartOf":{"@id":"https:\/\/blog.ccc.eu\/hu\/#website"},"primaryImageOfPage":{"@id":"https:\/\/blog.ccc.eu\/hu\/a-70-es-evek-divatja-visszatert\/#primaryimage"},"image":{"@id":"https:\/\/blog.ccc.eu\/hu\/a-70-es-evek-divatja-visszatert\/#primaryimage"},"thumbnailUrl":"https:\/\/blog.ccc.eu\/hu\/wp-content\/uploads\/2022\/10\/CCC-XMAS-2918_F.jpg","datePublished":"2022-10-03T14:04:07+00:00","dateModified":"2022-10-03T14:04:08+00:00","description":"A '70-es \u00e9vek divatj\u00e1ban voltak igaz\u00e1n k\u00e9nyelmes darabok is, amelyek most visszat\u00e9rtek! N\u00e9zz sz\u00e9t a CCC-n\u00e9l!","breadcrumb":{"@id":"https:\/\/blog.ccc.eu\/hu\/a-70-es-evek-divatja-visszatert\/#breadcrumb"},"inLanguage":"hu","potentialAction":[{"@type":"ReadAction","target":["https:\/\/blog.ccc.eu\/hu\/a-70-es-evek-divatja-visszatert\/"]}]},{"@type":"ImageObject","inLanguage":"hu","@id":"https:\/\/blog.ccc.eu\/hu\/a-70-es-evek-divatja-visszatert\/#primaryimage","url":"https:\/\/blog.ccc.eu\/hu\/wp-content\/uploads\/2022\/10\/CCC-XMAS-2918_F.jpg","contentUrl":"https:\/\/blog.ccc.eu\/hu\/wp-content\/uploads\/2022\/10\/CCC-XMAS-2918_F.jpg","width":768,"height":1024,"caption":"70-es \u00e9vek CCC"},{"@type":"BreadcrumbList","@id":"https:\/\/blog.ccc.eu\/hu\/a-70-es-evek-divatja-visszatert\/#breadcrumb","itemListElement":[{"@type":"ListItem","position":1,"name":"Strona g\u0142\u00f3wna","item":"https:\/\/blog.ccc.eu\/hu\/"},{"@type":"ListItem","position":2,"name":"A &#8217;70-es \u00e9vek divatja visszat\u00e9rt\u00a0"}]},{"@type":"WebSite","@id":"https:\/\/blog.ccc.eu\/hu\/#website","url":"https:\/\/blog.ccc.eu\/hu\/","name":"CCC Fashion blog","description":"Az \u00d6n helye tele van divatihletekkel","publisher":{"@id":"https:\/\/blog.ccc.eu\/hu\/#organization"},"potentialAction":[{"@type":"SearchAction","target":{"@type":"EntryPoint","urlTemplate":"https:\/\/blog.ccc.eu\/hu\/?s={search_term_string}"},"query-input":{"@type":"PropertyValueSpecification","valueRequired":true,"valueName":"search_term_string"}}],"inLanguage":"hu"},{"@type":"Organization","@id":"https:\/\/blog.ccc.eu\/hu\/#organization","name":"CCC S.A.","url":"https:\/\/blog.ccc.eu\/hu\/","logo":{"@type":"ImageObject","inLanguage":"hu","@id":"https:\/\/blog.ccc.eu\/hu\/#\/schema\/logo\/image\/","url":"https:\/\/blog.ccc.eu\/hu\/wp-content\/uploads\/2021\/11\/logo_ccc.png","contentUrl":"https:\/\/blog.ccc.eu\/hu\/wp-content\/uploads\/2021\/11\/logo_ccc.png","width":730,"height":270,"caption":"CCC S.A."},"image":{"@id":"https:\/\/blog.ccc.eu\/hu\/#\/schema\/logo\/image\/"}},{"@type":"Person","@id":"https:\/\/blog.ccc.eu\/hu\/#\/schema\/person\/c3226a60cce3320f8d95a41d9af8ed2d","name":"R\u00e9ka N\u00e9meth","image":{"@type":"ImageObject","inLanguage":"hu","@id":"https:\/\/blog.ccc.eu\/hu\/#\/schema\/person\/image\/","url":"https:\/\/blog.ccc.eu\/hu\/wp-content\/uploads\/2022\/05\/MicrosoftTeams-image-e1651752501479-150x150.jpg","contentUrl":"https:\/\/blog.ccc.eu\/hu\/wp-content\/uploads\/2022\/05\/MicrosoftTeams-image-e1651752501479-150x150.jpg","caption":"R\u00e9ka N\u00e9meth"},"url":"https:\/\/blog.ccc.eu\/hu\/author\/katarzyna-martyn\/"}]}},"_links":{"self":[{"href":"https:\/\/blog.ccc.eu\/hu\/wp-json\/wp\/v2\/posts\/6720","targetHints":{"allow":["GET"]}}],"collection":[{"href":"https:\/\/blog.ccc.eu\/hu\/wp-json\/wp\/v2\/posts"}],"about":[{"href":"https:\/\/blog.ccc.eu\/hu\/wp-json\/wp\/v2\/types\/post"}],"author":[{"embeddable":true,"href":"https:\/\/blog.ccc.eu\/hu\/wp-json\/wp\/v2\/users\/17"}],"replies":[{"embeddable":true,"href":"https:\/\/blog.ccc.eu\/hu\/wp-json\/wp\/v2\/comments?post=6720"}],"version-history":[{"count":6,"href":"https:\/\/blog.ccc.eu\/hu\/wp-json\/wp\/v2\/posts\/6720\/revisions"}],"predecessor-version":[{"id":6730,"href":"https:\/\/blog.ccc.eu\/hu\/wp-json\/wp\/v2\/posts\/6720\/revisions\/6730"}],"wp:featuredmedia":[{"embeddable":true,"href":"https:\/\/blog.ccc.eu\/hu\/wp-json\/wp\/v2\/media\/6723"}],"wp:attachment":[{"href":"https:\/\/blog.ccc.eu\/hu\/wp-json\/wp\/v2\/media?parent=6720"}],"wp:term":[{"taxonomy":"category","embeddable":true,"href":"https:\/\/blog.ccc.eu\/hu\/wp-json\/wp\/v2\/categories?post=6720"},{"taxonomy":"post_tag","embeddable":true,"href":"https:\/\/blog.ccc.eu\/hu\/wp-json\/wp\/v2\/tags?post=6720"}],"curies":[{"name":"wp","href":"https:\/\/api.w.org\/{rel}","templated":true}]}}