{"id":6731,"date":"2022-10-06T10:12:05","date_gmt":"2022-10-06T08:12:05","guid":{"rendered":"https:\/\/blog.ccc.eu\/hu\/?p=6731"},"modified":"2022-10-06T10:12:05","modified_gmt":"2022-10-06T08:12:05","slug":"a-divat-energiaja-uj-kapszulakollekcio-a-jenny-fairy-tol","status":"publish","type":"post","link":"https:\/\/blog.ccc.eu\/hu\/a-divat-energiaja-uj-kapszulakollekcio-a-jenny-fairy-tol\/","title":{"rendered":"A DIVAT ENERGI\u00c1JA &#8211; \u00faj kapszulakollekci\u00f3 a Jenny Fairy-t\u0151l"},"content":{"rendered":"\n<p><b>\u00daj, pozit\u00edv energi\u00e1val l\u00e9p\u00fcnk \u00e1t az \u0151szi szezonba, amit az \u00faj Jenny Fairy &#8222;A DIVAT ENERGI\u00c1JA\u201d kapszulakollekci\u00f3nak k\u00f6sz\u00f6nhet\u00fcnk! Ebben a kollekci\u00f3ban k\u00e9t vil\u00e1g tal\u00e1lkozik egym\u00e1ssal: a minimalizmus \u00e9s a maximalizmus, melyek k\u00e9ts\u00e9gtelen\u00fcl az idei \u0151sz egyik legnagyobb trendj\u00e9v\u00e9 v\u00e1lnak! Fedezd fel az \u00faj &#8221; A DIVAT ENERGI\u00c1JA&#8221; kapszulakollekci\u00f3t \u00e9s tal\u00e1ld meg \u00faj kedvenc \u0151szi cip\u0151det \u00e9s t\u00e1sk\u00e1dat!<\/b><\/p>\n\n\n\n<figure class=\"wp-block-gallery has-nested-images columns-default is-cropped wp-block-gallery-1 is-layout-flex wp-block-gallery-is-layout-flex\">\n<figure class=\"wp-block-image size-large\"><img loading=\"lazy\" decoding=\"async\" width=\"683\" height=\"1024\" data-id=\"6738\" src=\"https:\/\/blog.ccc.eu\/hu\/wp-content\/uploads\/2022\/10\/220729_CCC_0064-768x1152-1-683x1024.jpg\" alt=\"\" class=\"wp-image-6738\" srcset=\"https:\/\/blog.ccc.eu\/hu\/wp-content\/uploads\/2022\/10\/220729_CCC_0064-768x1152-1-683x1024.jpg 683w, https:\/\/blog.ccc.eu\/hu\/wp-content\/uploads\/2022\/10\/220729_CCC_0064-768x1152-1-200x300.jpg 200w, https:\/\/blog.ccc.eu\/hu\/wp-content\/uploads\/2022\/10\/220729_CCC_0064-768x1152-1-100x150.jpg 100w, https:\/\/blog.ccc.eu\/hu\/wp-content\/uploads\/2022\/10\/220729_CCC_0064-768x1152-1.jpg 768w\" sizes=\"auto, (max-width: 683px) 100vw, 683px\" \/><\/figure>\n\n\n\n<figure class=\"wp-block-image size-large\"><img loading=\"lazy\" decoding=\"async\" width=\"683\" height=\"1024\" data-id=\"6739\" src=\"https:\/\/blog.ccc.eu\/hu\/wp-content\/uploads\/2022\/10\/220729_CCC_0249-768x1152-1-683x1024.jpg\" alt=\"\" class=\"wp-image-6739\" srcset=\"https:\/\/blog.ccc.eu\/hu\/wp-content\/uploads\/2022\/10\/220729_CCC_0249-768x1152-1-683x1024.jpg 683w, https:\/\/blog.ccc.eu\/hu\/wp-content\/uploads\/2022\/10\/220729_CCC_0249-768x1152-1-200x300.jpg 200w, https:\/\/blog.ccc.eu\/hu\/wp-content\/uploads\/2022\/10\/220729_CCC_0249-768x1152-1-100x150.jpg 100w, https:\/\/blog.ccc.eu\/hu\/wp-content\/uploads\/2022\/10\/220729_CCC_0249-768x1152-1.jpg 768w\" sizes=\"auto, (max-width: 683px) 100vw, 683px\" \/><\/figure>\n<\/figure>\n\n\n\n<h2 class=\"wp-block-heading\">&#8222;<strong>A DIVAT ENERGI\u00c1JA&#8221; kapszulakollekci\u00f3<\/strong><\/h2>\n\n\n\n<p>A Jenny Fairy m\u00e1rka \u00fagy d\u00f6nt\u00f6tt, hogy az idei \u0151szi kollekci\u00f3 a legfontosabb trendekre \u00f6sszpontos\u00edt, hiszen az \u0151sznek egy\u00e1ltal\u00e1n nem kell unalmasnak \u00e9s kisz\u00e1m\u00edthat\u00f3nak lennie. Az \u00faj kapszulakollekci\u00f3 tele van energikus kombin\u00e1ci\u00f3kkal, valamint szemet gy\u00f6ny\u00f6rk\u00f6dtet\u0151 \u00e9s felvillanyoz\u00f3 kontrasztokkal! A kollekci\u00f3 k\u00fcl\u00f6nleges darabjai k\u00f6z\u00f6tt t\u00e9rd f\u00f6l\u00e9 \u00e9r\u0151 csizm\u00e1t is tal\u00e1lsz, amely olyan pozit\u00edv energi\u00e1t ad a ruh\u00e1idnak, ami \u0151sszel felbecs\u00fclhetetlen!<\/p>\n\n\n\n<figure class=\"wp-block-embed is-type-video is-provider-youtube wp-block-embed-youtube wp-embed-aspect-16-9 wp-has-aspect-ratio\"><div class=\"wp-block-embed__wrapper\">\n<iframe loading=\"lazy\" title=\"CCC | Jenny Fairy Big Boot Energy | Kolekcja kapsu\u0142owa AW22\" width=\"500\" height=\"281\" src=\"https:\/\/www.youtube.com\/embed\/yM0CPlm4uYQ?feature=oembed\" frameborder=\"0\" allow=\"accelerometer; autoplay; clipboard-write; encrypted-media; gyroscope; picture-in-picture; web-share\" referrerpolicy=\"strict-origin-when-cross-origin\" allowfullscreen><\/iframe>\n<\/div><\/figure>\n\n\n\n<h2 class=\"wp-block-heading\"><strong>Mit tartalmaz az \u00faj &#8222;A DIVAT ENERGI\u00c1JA&#8221; kapszulakollekci\u00f3?<\/strong><\/h2>\n\n\n\n<p>Fedezd fel a kollekci\u00f3ban a t\u00f6k\u00e9letes minimalista st\u00edlus\u00fa t\u00e9rdig \u00e9r\u0151 csizm\u00e1kat fekete \u00e9s b\u00e9zs \u00e1rnyalatban, valamint a r\u00f6vidsz\u00e1r\u00fa fazont kedvel\u0151k is megtal\u00e1lhatj\u00e1k kedvenc\u00fcket csokibarna, halv\u00e1ny s\u00e1rga \u00e9s fekete sz\u00ednben.<\/p>\n\n\n\n<p>A kollekci\u00f3t egy minimalista st\u00edlus\u00fa t\u00e1skamodell eg\u00e9sz\u00edti ki s\u00f6t\u00e9tsz\u00fcrke, fekete \u00e9s s\u00e1rga sz\u00ednben. A t\u00e1ska rendk\u00edv\u00fcl t\u00e1gas, k\u00e9nyelmesen v\u00e1llra akaszthat\u00f3, \u00e9s bele f\u00e9r minden, amire id\u00e9n \u0151sszel biztosan sz\u00fcks\u00e9ged lesz! Ez a t\u00e1skamodell t\u00f6k\u00e9letesen szimboliz\u00e1lja a minimalista st\u00edlust \u00e9s nem csak t\u00e1gas, hanem st\u00edlusos is, amely b\u00e1rmilyen szettet azonnal feldob!<\/p>\n\n\n\n\n\n\n<p><\/p>\n\n\n\n<h2 class=\"wp-block-heading\"><strong>Hogyan viseld a Jenny Fairy \u00faj kapszulakollekci\u00f3j\u00e1nak darabjait?<\/strong><\/h2>\n\n\n\n<p>Ebben a szezonban? Teljes energi\u00e1val! A hossz\u00fa t\u00e9rdig \u00e9r\u0151 csizma t\u00f6k\u00e9letesen passzol egy b\u0151r miniszokny\u00e1hoz vagy egy b\u0151r r\u00f6vidnadr\u00e1ghoz, de m\u00e9g a rojtos szokny\u00e1hoz is nagyszer\u0171 v\u00e1laszt\u00e1snak bizonyul! Ezek a minimalista st\u00edlus\u00fa csizm\u00e1k nagy sikert fognak aratni az irod\u00e1ban \u00e9s a bar\u00e1ti tal\u00e1lkoz\u00f3kon is egyar\u00e1nt! A midi \u00e9s a maxi ruh\u00e1khoz is nagyszer\u0171 v\u00e1laszt\u00e1sok a kollekci\u00f3 st\u00edlusos csizm\u00e1i mind hossz\u00fasz\u00e1r\u00fa \u00e9s mind r\u00f6vidsz\u00e1r\u00fa v\u00e1ltozatban is. A kapszulakollekci\u00f3 t\u00e1sk\u00e1ihoz nagyszer\u0171en passzolnak az eleg\u00e1nsabb, hosszabb kab\u00e1tok, de a kicsit sportosabb, vastagabb kab\u00e1tokkal is t\u00f6k\u00e9letes viselet.<\/p>\n\n\n\n<p>N\u00e9zd meg a\u00a0<a href=\"https:\/\/ccc.eu\/hu\/sklepy\">CCC \u00fczleteinkben<\/a>,\u00a0<a href=\"https:\/\/ccc.eu\/hu\/\">webshopunkban<\/a>, \u00e9s az\u00a0<a href=\"https:\/\/ccc.eu\/hu\/mobile-app\">alkalmaz\u00e1sban<\/a>\u00a0az \u00faj kapszulakollekci\u00f3 term\u00e9keit, \u00e9s v\u00e1laszd ki a t\u00f6k\u00e9letes darabokat az \u0151szi szezonra.<\/p>\n\n\n\n<p>Legy\u00e9l&nbsp;<a href=\"https:\/\/ccc.eu\/hu\/klub-ccc\">CCC klubtag<\/a>&nbsp;is, \u00e9s \u00e9lvezd a k\u00e9nyelmes \u00e9s kedvezm\u00e9nyes v\u00e1s\u00e1rl\u00e1si lehet\u0151s\u00e9geket! K\u00f6vesd vel\u00fcnk a divatot&nbsp;<a href=\"https:\/\/www.facebook.com\/CCC.Hungary\/\">Facebookon,<\/a>&nbsp;\u00e9s inspir\u00e1l\u00f3dj vel\u00fcnk az&nbsp;<a href=\"https:\/\/www.instagram.com\/cccshoesbags\/\">Instagramon<\/a>&nbsp;is!<\/p>\n","protected":false},"excerpt":{"rendered":"<p>\u00daj, pozit\u00edv energi\u00e1val l\u00e9p\u00fcnk \u00e1t az \u0151szi szezonba, amit az \u00faj Jenny Fairy &#8222;A DIVAT ENERGI\u00c1JA\u201d kapszulakollekci\u00f3nak k\u00f6sz\u00f6nhet\u00fcnk! Ebben a kollekci\u00f3ban k\u00e9t vil\u00e1g tal\u00e1lkozik egym\u00e1ssal: a minimalizmus \u00e9s a maximalizmus, melyek k\u00e9ts\u00e9gtelen\u00fcl az idei \u0151sz egyik legnagyobb trendj\u00e9v\u00e9 v\u00e1lnak! Fedezd fel az \u00faj &#8221; A DIVAT ENERGI\u00c1JA&#8221; kapszulakollekci\u00f3t \u00e9s tal\u00e1ld meg \u00faj kedvenc \u0151szi cip\u0151det [&hellip;]<\/p>\n","protected":false},"author":19,"featured_media":6736,"comment_status":"open","ping_status":"open","sticky":false,"template":"","format":"standard","meta":{"_acf_changed":false,"footnotes":""},"categories":[432],"tags":[560,778,966,786],"class_list":["post-6731","post","type-post","status-publish","format-standard","has-post-thumbnail","hentry","category-ujdonsagok","tag-ccc","tag-kapszulakollekcio","tag-minimalista-stilus","tag-trendek"],"acf":[],"yoast_head":"<!-- This site is optimized with the Yoast SEO plugin v26.9 - https:\/\/yoast.com\/product\/yoast-seo-wordpress\/ -->\n<title>A DIVAT ENERGI\u00c1JA - \u00faj kapszulakollekci\u00f3 a Jenny Fairy-t\u0151l - CCC Fashion blog<\/title>\n<meta name=\"description\" content=\"Fedezd fel az \u00faj kapszulakollekci\u00f3t \u00e9s tal\u00e1ld meg \u00faj kedvenc \u0151szi cip\u0151det \u00e9s t\u00e1sk\u00e1dat, amelyek elengedhetetlen darabok az \u0151szi ruhat\u00e1radb\u00f3l! 2026\" \/>\n<meta name=\"robots\" content=\"index, follow, max-snippet:-1, max-image-preview:large, max-video-preview:-1\" \/>\n<link rel=\"canonical\" href=\"https:\/\/blog.ccc.eu\/hu\/a-divat-energiaja-uj-kapszulakollekcio-a-jenny-fairy-tol\/\" \/>\n<meta property=\"og:locale\" content=\"hu_HU\" \/>\n<meta property=\"og:type\" content=\"article\" \/>\n<meta property=\"og:title\" content=\"A DIVAT ENERGI\u00c1JA - \u00faj kapszulakollekci\u00f3 a Jenny Fairy-t\u0151l - CCC Fashion blog\" \/>\n<meta property=\"og:description\" content=\"Fedezd fel az \u00faj kapszulakollekci\u00f3t \u00e9s tal\u00e1ld meg \u00faj kedvenc \u0151szi cip\u0151det \u00e9s t\u00e1sk\u00e1dat, amelyek elengedhetetlen darabok az \u0151szi ruhat\u00e1radb\u00f3l!\" \/>\n<meta property=\"og:url\" content=\"https:\/\/blog.ccc.eu\/hu\/a-divat-energiaja-uj-kapszulakollekcio-a-jenny-fairy-tol\/\" \/>\n<meta property=\"og:site_name\" content=\"CCC Fashion blog\" \/>\n<meta property=\"article:published_time\" content=\"2022-10-06T08:12:05+00:00\" \/>\n<meta property=\"og:image\" content=\"https:\/\/blog.ccc.eu\/hu\/wp-content\/uploads\/2022\/10\/220729_CCC_0103-scaled-1.jpg\" \/>\n\t<meta property=\"og:image:width\" content=\"1706\" \/>\n\t<meta property=\"og:image:height\" content=\"2560\" \/>\n\t<meta property=\"og:image:type\" content=\"image\/jpeg\" \/>\n<meta name=\"author\" content=\"Mercedes Korosi\" \/>\n<meta name=\"twitter:card\" content=\"summary_large_image\" \/>\n<meta name=\"twitter:label1\" content=\"Szerz\u0151:\" \/>\n\t<meta name=\"twitter:data1\" content=\"Mercedes Korosi\" \/>\n\t<meta name=\"twitter:label2\" content=\"Becs\u00fclt olvas\u00e1si id\u0151\" \/>\n\t<meta name=\"twitter:data2\" content=\"3 perc\" \/>\n<script type=\"application\/ld+json\" class=\"yoast-schema-graph\">{\"@context\":\"https:\/\/schema.org\",\"@graph\":[{\"@type\":\"Article\",\"@id\":\"https:\/\/blog.ccc.eu\/hu\/a-divat-energiaja-uj-kapszulakollekcio-a-jenny-fairy-tol\/#article\",\"isPartOf\":{\"@id\":\"https:\/\/blog.ccc.eu\/hu\/a-divat-energiaja-uj-kapszulakollekcio-a-jenny-fairy-tol\/\"},\"author\":{\"name\":\"Mercedes Korosi\",\"@id\":\"https:\/\/blog.ccc.eu\/hu\/#\/schema\/person\/46545a2effdaccf6ce20a3726eda2317\"},\"headline\":\"A DIVAT ENERGI\u00c1JA &#8211; \u00faj kapszulakollekci\u00f3 a Jenny Fairy-t\u0151l\",\"datePublished\":\"2022-10-06T08:12:05+00:00\",\"mainEntityOfPage\":{\"@id\":\"https:\/\/blog.ccc.eu\/hu\/a-divat-energiaja-uj-kapszulakollekcio-a-jenny-fairy-tol\/\"},\"wordCount\":531,\"commentCount\":0,\"publisher\":{\"@id\":\"https:\/\/blog.ccc.eu\/hu\/#organization\"},\"image\":{\"@id\":\"https:\/\/blog.ccc.eu\/hu\/a-divat-energiaja-uj-kapszulakollekcio-a-jenny-fairy-tol\/#primaryimage\"},\"thumbnailUrl\":\"https:\/\/blog.ccc.eu\/hu\/wp-content\/uploads\/2022\/10\/220729_CCC_0103-scaled-1.jpg\",\"keywords\":[\"CCC\",\"kapszulakollekci\u00f3\",\"minimalista st\u00edlus\",\"trendek\"],\"articleSection\":[\"\u00daJDONS\u00c1GOK\"],\"inLanguage\":\"hu\",\"potentialAction\":[{\"@type\":\"CommentAction\",\"name\":\"Comment\",\"target\":[\"https:\/\/blog.ccc.eu\/hu\/a-divat-energiaja-uj-kapszulakollekcio-a-jenny-fairy-tol\/#respond\"]}]},{\"@type\":\"WebPage\",\"@id\":\"https:\/\/blog.ccc.eu\/hu\/a-divat-energiaja-uj-kapszulakollekcio-a-jenny-fairy-tol\/\",\"url\":\"https:\/\/blog.ccc.eu\/hu\/a-divat-energiaja-uj-kapszulakollekcio-a-jenny-fairy-tol\/\",\"name\":\"A DIVAT ENERGI\u00c1JA - \u00faj kapszulakollekci\u00f3 a Jenny Fairy-t\u0151l - CCC Fashion blog\",\"isPartOf\":{\"@id\":\"https:\/\/blog.ccc.eu\/hu\/#website\"},\"primaryImageOfPage\":{\"@id\":\"https:\/\/blog.ccc.eu\/hu\/a-divat-energiaja-uj-kapszulakollekcio-a-jenny-fairy-tol\/#primaryimage\"},\"image\":{\"@id\":\"https:\/\/blog.ccc.eu\/hu\/a-divat-energiaja-uj-kapszulakollekcio-a-jenny-fairy-tol\/#primaryimage\"},\"thumbnailUrl\":\"https:\/\/blog.ccc.eu\/hu\/wp-content\/uploads\/2022\/10\/220729_CCC_0103-scaled-1.jpg\",\"datePublished\":\"2022-10-06T08:12:05+00:00\",\"description\":\"Fedezd fel az \u00faj kapszulakollekci\u00f3t \u00e9s tal\u00e1ld meg \u00faj kedvenc \u0151szi cip\u0151det \u00e9s t\u00e1sk\u00e1dat, amelyek elengedhetetlen darabok az \u0151szi ruhat\u00e1radb\u00f3l!\",\"breadcrumb\":{\"@id\":\"https:\/\/blog.ccc.eu\/hu\/a-divat-energiaja-uj-kapszulakollekcio-a-jenny-fairy-tol\/#breadcrumb\"},\"inLanguage\":\"hu\",\"potentialAction\":[{\"@type\":\"ReadAction\",\"target\":[\"https:\/\/blog.ccc.eu\/hu\/a-divat-energiaja-uj-kapszulakollekcio-a-jenny-fairy-tol\/\"]}]},{\"@type\":\"ImageObject\",\"inLanguage\":\"hu\",\"@id\":\"https:\/\/blog.ccc.eu\/hu\/a-divat-energiaja-uj-kapszulakollekcio-a-jenny-fairy-tol\/#primaryimage\",\"url\":\"https:\/\/blog.ccc.eu\/hu\/wp-content\/uploads\/2022\/10\/220729_CCC_0103-scaled-1.jpg\",\"contentUrl\":\"https:\/\/blog.ccc.eu\/hu\/wp-content\/uploads\/2022\/10\/220729_CCC_0103-scaled-1.jpg\",\"width\":1706,\"height\":2560,\"caption\":\"Jenny Fairy kollekci\u00f3 CCC\"},{\"@type\":\"BreadcrumbList\",\"@id\":\"https:\/\/blog.ccc.eu\/hu\/a-divat-energiaja-uj-kapszulakollekcio-a-jenny-fairy-tol\/#breadcrumb\",\"itemListElement\":[{\"@type\":\"ListItem\",\"position\":1,\"name\":\"Strona g\u0142\u00f3wna\",\"item\":\"https:\/\/blog.ccc.eu\/hu\/\"},{\"@type\":\"ListItem\",\"position\":2,\"name\":\"A DIVAT ENERGI\u00c1JA &#8211; \u00faj kapszulakollekci\u00f3 a Jenny Fairy-t\u0151l\"}]},{\"@type\":\"WebSite\",\"@id\":\"https:\/\/blog.ccc.eu\/hu\/#website\",\"url\":\"https:\/\/blog.ccc.eu\/hu\/\",\"name\":\"CCC Fashion blog\",\"description\":\"Az \u00d6n helye tele van divatihletekkel\",\"publisher\":{\"@id\":\"https:\/\/blog.ccc.eu\/hu\/#organization\"},\"potentialAction\":[{\"@type\":\"SearchAction\",\"target\":{\"@type\":\"EntryPoint\",\"urlTemplate\":\"https:\/\/blog.ccc.eu\/hu\/?s={search_term_string}\"},\"query-input\":{\"@type\":\"PropertyValueSpecification\",\"valueRequired\":true,\"valueName\":\"search_term_string\"}}],\"inLanguage\":\"hu\"},{\"@type\":\"Organization\",\"@id\":\"https:\/\/blog.ccc.eu\/hu\/#organization\",\"name\":\"CCC S.A.\",\"url\":\"https:\/\/blog.ccc.eu\/hu\/\",\"logo\":{\"@type\":\"ImageObject\",\"inLanguage\":\"hu\",\"@id\":\"https:\/\/blog.ccc.eu\/hu\/#\/schema\/logo\/image\/\",\"url\":\"https:\/\/blog.ccc.eu\/hu\/wp-content\/uploads\/2021\/11\/logo_ccc.png\",\"contentUrl\":\"https:\/\/blog.ccc.eu\/hu\/wp-content\/uploads\/2021\/11\/logo_ccc.png\",\"width\":730,\"height\":270,\"caption\":\"CCC S.A.\"},\"image\":{\"@id\":\"https:\/\/blog.ccc.eu\/hu\/#\/schema\/logo\/image\/\"}},{\"@type\":\"Person\",\"@id\":\"https:\/\/blog.ccc.eu\/hu\/#\/schema\/person\/46545a2effdaccf6ce20a3726eda2317\",\"name\":\"Mercedes Korosi\",\"image\":{\"@type\":\"ImageObject\",\"inLanguage\":\"hu\",\"@id\":\"https:\/\/blog.ccc.eu\/hu\/#\/schema\/person\/image\/\",\"url\":\"https:\/\/blog.ccc.eu\/hu\/wp-content\/uploads\/2022\/04\/m-150x150.jpg\",\"contentUrl\":\"https:\/\/blog.ccc.eu\/hu\/wp-content\/uploads\/2022\/04\/m-150x150.jpg\",\"caption\":\"Mercedes Korosi\"},\"url\":\"https:\/\/blog.ccc.eu\/hu\/author\/mercedes-korosi\/\"}]}<\/script>\n<!-- \/ Yoast SEO plugin. -->","yoast_head_json":{"title":"A DIVAT ENERGI\u00c1JA - \u00faj kapszulakollekci\u00f3 a Jenny Fairy-t\u0151l - CCC Fashion blog","description":"Fedezd fel az \u00faj kapszulakollekci\u00f3t \u00e9s tal\u00e1ld meg \u00faj kedvenc \u0151szi cip\u0151det \u00e9s t\u00e1sk\u00e1dat, amelyek elengedhetetlen darabok az \u0151szi ruhat\u00e1radb\u00f3l! 2026","robots":{"index":"index","follow":"follow","max-snippet":"max-snippet:-1","max-image-preview":"max-image-preview:large","max-video-preview":"max-video-preview:-1"},"canonical":"https:\/\/blog.ccc.eu\/hu\/a-divat-energiaja-uj-kapszulakollekcio-a-jenny-fairy-tol\/","og_locale":"hu_HU","og_type":"article","og_title":"A DIVAT ENERGI\u00c1JA - \u00faj kapszulakollekci\u00f3 a Jenny Fairy-t\u0151l - CCC Fashion blog","og_description":"Fedezd fel az \u00faj kapszulakollekci\u00f3t \u00e9s tal\u00e1ld meg \u00faj kedvenc \u0151szi cip\u0151det \u00e9s t\u00e1sk\u00e1dat, amelyek elengedhetetlen darabok az \u0151szi ruhat\u00e1radb\u00f3l!","og_url":"https:\/\/blog.ccc.eu\/hu\/a-divat-energiaja-uj-kapszulakollekcio-a-jenny-fairy-tol\/","og_site_name":"CCC Fashion blog","article_published_time":"2022-10-06T08:12:05+00:00","og_image":[{"width":1706,"height":2560,"url":"https:\/\/blog.ccc.eu\/hu\/wp-content\/uploads\/2022\/10\/220729_CCC_0103-scaled-1.jpg","type":"image\/jpeg"}],"author":"Mercedes Korosi","twitter_card":"summary_large_image","twitter_misc":{"Szerz\u0151:":"Mercedes Korosi","Becs\u00fclt olvas\u00e1si id\u0151":"3 perc"},"schema":{"@context":"https:\/\/schema.org","@graph":[{"@type":"Article","@id":"https:\/\/blog.ccc.eu\/hu\/a-divat-energiaja-uj-kapszulakollekcio-a-jenny-fairy-tol\/#article","isPartOf":{"@id":"https:\/\/blog.ccc.eu\/hu\/a-divat-energiaja-uj-kapszulakollekcio-a-jenny-fairy-tol\/"},"author":{"name":"Mercedes Korosi","@id":"https:\/\/blog.ccc.eu\/hu\/#\/schema\/person\/46545a2effdaccf6ce20a3726eda2317"},"headline":"A DIVAT ENERGI\u00c1JA &#8211; \u00faj kapszulakollekci\u00f3 a Jenny Fairy-t\u0151l","datePublished":"2022-10-06T08:12:05+00:00","mainEntityOfPage":{"@id":"https:\/\/blog.ccc.eu\/hu\/a-divat-energiaja-uj-kapszulakollekcio-a-jenny-fairy-tol\/"},"wordCount":531,"commentCount":0,"publisher":{"@id":"https:\/\/blog.ccc.eu\/hu\/#organization"},"image":{"@id":"https:\/\/blog.ccc.eu\/hu\/a-divat-energiaja-uj-kapszulakollekcio-a-jenny-fairy-tol\/#primaryimage"},"thumbnailUrl":"https:\/\/blog.ccc.eu\/hu\/wp-content\/uploads\/2022\/10\/220729_CCC_0103-scaled-1.jpg","keywords":["CCC","kapszulakollekci\u00f3","minimalista st\u00edlus","trendek"],"articleSection":["\u00daJDONS\u00c1GOK"],"inLanguage":"hu","potentialAction":[{"@type":"CommentAction","name":"Comment","target":["https:\/\/blog.ccc.eu\/hu\/a-divat-energiaja-uj-kapszulakollekcio-a-jenny-fairy-tol\/#respond"]}]},{"@type":"WebPage","@id":"https:\/\/blog.ccc.eu\/hu\/a-divat-energiaja-uj-kapszulakollekcio-a-jenny-fairy-tol\/","url":"https:\/\/blog.ccc.eu\/hu\/a-divat-energiaja-uj-kapszulakollekcio-a-jenny-fairy-tol\/","name":"A DIVAT ENERGI\u00c1JA - \u00faj kapszulakollekci\u00f3 a Jenny Fairy-t\u0151l - CCC Fashion blog","isPartOf":{"@id":"https:\/\/blog.ccc.eu\/hu\/#website"},"primaryImageOfPage":{"@id":"https:\/\/blog.ccc.eu\/hu\/a-divat-energiaja-uj-kapszulakollekcio-a-jenny-fairy-tol\/#primaryimage"},"image":{"@id":"https:\/\/blog.ccc.eu\/hu\/a-divat-energiaja-uj-kapszulakollekcio-a-jenny-fairy-tol\/#primaryimage"},"thumbnailUrl":"https:\/\/blog.ccc.eu\/hu\/wp-content\/uploads\/2022\/10\/220729_CCC_0103-scaled-1.jpg","datePublished":"2022-10-06T08:12:05+00:00","description":"Fedezd fel az \u00faj kapszulakollekci\u00f3t \u00e9s tal\u00e1ld meg \u00faj kedvenc \u0151szi cip\u0151det \u00e9s t\u00e1sk\u00e1dat, amelyek elengedhetetlen darabok az \u0151szi ruhat\u00e1radb\u00f3l!","breadcrumb":{"@id":"https:\/\/blog.ccc.eu\/hu\/a-divat-energiaja-uj-kapszulakollekcio-a-jenny-fairy-tol\/#breadcrumb"},"inLanguage":"hu","potentialAction":[{"@type":"ReadAction","target":["https:\/\/blog.ccc.eu\/hu\/a-divat-energiaja-uj-kapszulakollekcio-a-jenny-fairy-tol\/"]}]},{"@type":"ImageObject","inLanguage":"hu","@id":"https:\/\/blog.ccc.eu\/hu\/a-divat-energiaja-uj-kapszulakollekcio-a-jenny-fairy-tol\/#primaryimage","url":"https:\/\/blog.ccc.eu\/hu\/wp-content\/uploads\/2022\/10\/220729_CCC_0103-scaled-1.jpg","contentUrl":"https:\/\/blog.ccc.eu\/hu\/wp-content\/uploads\/2022\/10\/220729_CCC_0103-scaled-1.jpg","width":1706,"height":2560,"caption":"Jenny Fairy kollekci\u00f3 CCC"},{"@type":"BreadcrumbList","@id":"https:\/\/blog.ccc.eu\/hu\/a-divat-energiaja-uj-kapszulakollekcio-a-jenny-fairy-tol\/#breadcrumb","itemListElement":[{"@type":"ListItem","position":1,"name":"Strona g\u0142\u00f3wna","item":"https:\/\/blog.ccc.eu\/hu\/"},{"@type":"ListItem","position":2,"name":"A DIVAT ENERGI\u00c1JA &#8211; \u00faj kapszulakollekci\u00f3 a Jenny Fairy-t\u0151l"}]},{"@type":"WebSite","@id":"https:\/\/blog.ccc.eu\/hu\/#website","url":"https:\/\/blog.ccc.eu\/hu\/","name":"CCC Fashion blog","description":"Az \u00d6n helye tele van divatihletekkel","publisher":{"@id":"https:\/\/blog.ccc.eu\/hu\/#organization"},"potentialAction":[{"@type":"SearchAction","target":{"@type":"EntryPoint","urlTemplate":"https:\/\/blog.ccc.eu\/hu\/?s={search_term_string}"},"query-input":{"@type":"PropertyValueSpecification","valueRequired":true,"valueName":"search_term_string"}}],"inLanguage":"hu"},{"@type":"Organization","@id":"https:\/\/blog.ccc.eu\/hu\/#organization","name":"CCC S.A.","url":"https:\/\/blog.ccc.eu\/hu\/","logo":{"@type":"ImageObject","inLanguage":"hu","@id":"https:\/\/blog.ccc.eu\/hu\/#\/schema\/logo\/image\/","url":"https:\/\/blog.ccc.eu\/hu\/wp-content\/uploads\/2021\/11\/logo_ccc.png","contentUrl":"https:\/\/blog.ccc.eu\/hu\/wp-content\/uploads\/2021\/11\/logo_ccc.png","width":730,"height":270,"caption":"CCC S.A."},"image":{"@id":"https:\/\/blog.ccc.eu\/hu\/#\/schema\/logo\/image\/"}},{"@type":"Person","@id":"https:\/\/blog.ccc.eu\/hu\/#\/schema\/person\/46545a2effdaccf6ce20a3726eda2317","name":"Mercedes Korosi","image":{"@type":"ImageObject","inLanguage":"hu","@id":"https:\/\/blog.ccc.eu\/hu\/#\/schema\/person\/image\/","url":"https:\/\/blog.ccc.eu\/hu\/wp-content\/uploads\/2022\/04\/m-150x150.jpg","contentUrl":"https:\/\/blog.ccc.eu\/hu\/wp-content\/uploads\/2022\/04\/m-150x150.jpg","caption":"Mercedes Korosi"},"url":"https:\/\/blog.ccc.eu\/hu\/author\/mercedes-korosi\/"}]}},"_links":{"self":[{"href":"https:\/\/blog.ccc.eu\/hu\/wp-json\/wp\/v2\/posts\/6731","targetHints":{"allow":["GET"]}}],"collection":[{"href":"https:\/\/blog.ccc.eu\/hu\/wp-json\/wp\/v2\/posts"}],"about":[{"href":"https:\/\/blog.ccc.eu\/hu\/wp-json\/wp\/v2\/types\/post"}],"author":[{"embeddable":true,"href":"https:\/\/blog.ccc.eu\/hu\/wp-json\/wp\/v2\/users\/19"}],"replies":[{"embeddable":true,"href":"https:\/\/blog.ccc.eu\/hu\/wp-json\/wp\/v2\/comments?post=6731"}],"version-history":[{"count":9,"href":"https:\/\/blog.ccc.eu\/hu\/wp-json\/wp\/v2\/posts\/6731\/revisions"}],"predecessor-version":[{"id":6744,"href":"https:\/\/blog.ccc.eu\/hu\/wp-json\/wp\/v2\/posts\/6731\/revisions\/6744"}],"wp:featuredmedia":[{"embeddable":true,"href":"https:\/\/blog.ccc.eu\/hu\/wp-json\/wp\/v2\/media\/6736"}],"wp:attachment":[{"href":"https:\/\/blog.ccc.eu\/hu\/wp-json\/wp\/v2\/media?parent=6731"}],"wp:term":[{"taxonomy":"category","embeddable":true,"href":"https:\/\/blog.ccc.eu\/hu\/wp-json\/wp\/v2\/categories?post=6731"},{"taxonomy":"post_tag","embeddable":true,"href":"https:\/\/blog.ccc.eu\/hu\/wp-json\/wp\/v2\/tags?post=6731"}],"curies":[{"name":"wp","href":"https:\/\/api.w.org\/{rel}","templated":true}]}}