{"id":6899,"date":"2022-11-04T10:16:28","date_gmt":"2022-11-04T09:16:28","guid":{"rendered":"https:\/\/blog.ccc.eu\/hu\/?p=6899"},"modified":"2022-11-21T11:21:36","modified_gmt":"2022-11-21T10:21:36","slug":"rage-age-marka-a-ccc-nel","status":"publish","type":"post","link":"https:\/\/blog.ccc.eu\/hu\/rage-age-marka-a-ccc-nel\/","title":{"rendered":"Rage Age m\u00e1rka a CCC-n\u00e9l!"},"content":{"rendered":"\n<p><b>A f\u00e9rfidivathoz kapcsol\u00f3d\u00f3 Rage Age m\u00e1rka visszat\u00e9r \u00e9s kib\u0151v\u00edti k\u00edn\u00e1lat\u00e1t n\u0151k sz\u00e1m\u00e1ra k\u00e9sz\u00fclt ruh\u00e1kkal, cip\u0151kkel \u00e9s kieg\u00e9sz\u00edt\u0151kkel is. A 21. sz\u00e1zad els\u0151 \u00e9vtized\u00e9nek v\u00e9g\u00e9n alap\u00edtott lengyel Rage Age m\u00e1rka forradalmas\u00edtotta a f\u00e9rfidivatot. A t\u00f6k\u00e9letesen szabott \u00f6lt\u00f6ny\u00f6k \u00e9s ingek egy\u00e9rtelm\u0171en a c\u00e9g siker\u00e9nek kulcsa, amely az elegancia \u00faj l\u00e1t\u00e1sm\u00f3dj\u00e1t mutatta be. A Rage Age a CCC egyik legeleg\u00e1nsabb m\u00e1rk\u00e1ja, szuperdivatos cip\u0151kkel! Ismerd meg a Rage Age m\u00e1rk\u00e1t \u00e9s n\u00e9zd meg egyedi darabjait.<\/b><\/p>\n\n\n\n<figure class=\"wp-block-image size-full\"><img decoding=\"async\" src=\"https:\/\/blog.ccc.eu\/hu\/wp-content\/uploads\/2022\/11\/20220818_ZUZA_CCC_RAGEAGE_part2_3969-1-1024x768-2.jpg\" alt=\"\" class=\"wp-image-6904\"\/><\/figure>\n\n\n\n<h2 class=\"wp-block-heading\"><strong>Ism\u00e9t itt a Rage Age m\u00e1rka!<\/strong><\/h2>\n\n\n\n<p>A Rage Age m\u00e1rka mindig is kiemelkedett a rendk\u00edv\u00fcl prec\u00edz kivitelez\u00e9ssel \u00e9s a kiv\u00e1l\u00f3 szab\u00e1svonalakkal. A ruh\u00e1khoz haszn\u00e1lt kiv\u00e1l\u00f3 min\u0151s\u00e9g\u0171 anyagokat Olaszorsz\u00e1gb\u00f3l, Portug\u00e1li\u00e1b\u00f3l \u00e9s Spanyolorsz\u00e1gb\u00f3l import\u00e1lj\u00e1k. St\u00edlusa extravag\u00e1ns, mer\u00e9sz \u00e9s t\u00f6k\u00e9letesen megfelel az aktu\u00e1lis trendeknek. A Rage Age m\u00e1rka kollekci\u00f3j\u00e1ban maxim\u00e1lisan n\u0151ies \u00e9s f\u00e9rfias darabokat is tal\u00e1lunk egyar\u00e1nt, amelyek nagyon hangs\u00falyosan szerepelnek a m\u00e1rka k\u00edn\u00e1lat\u00e1ban. A Rage Age m\u00e1rk\u00e1j\u00fa n\u0151i ruh\u00e1k \u00e9rz\u00e9kiek \u00e9s leny\u0171g\u00f6z\u0151ek, m\u00edg a Rage Age f\u00e9rfi ing a preszt\u00edzs \u00e9s a divatvil\u00e1g ir\u00e1nti elk\u00f6telezetts\u00e9g szinonim\u00e1ja. Glamour st\u00edlus t\u00f6k\u00e9letes \u00e9s f\u00e9ny\u0171z\u0151 v\u00e1ltozatban m\u00e9g sosem n\u00e9zett ki ilyen j\u00f3l! Fedezd fel \u00fajra a Rage Age-et!<\/p>\n\n\n\n<h2 class=\"wp-block-heading\"><strong>N\u0151i cip\u0151k a Rage Age kollekci\u00f3b\u00f3l<\/strong><\/h2>\n\n\n\n<p>T\u00f6k\u00e9letes kieg\u00e9sz\u00edt\u0151i minden st\u00edlusnak, sz\u00e1m\u00edthatunk nagyon extravag\u00e1ns mint\u00e1kra is, amelyek megragadj\u00e1k a tekintetet \u00e9s nem engedik, hogy k\u00f6z\u00f6mb\u00f6sen elmenj\u00fcnk mellett\u00fck. Keresd a Rage Age m\u00e1rk\u00e1j\u00fa b\u00e1rsony t\u0171sark\u00fa cip\u0151ket, a t\u0171sark\u00fa Rage Age csizm\u00e1kat gy\u00f6ny\u00f6r\u0171 \u0151szi sz\u00ednekben, a klasszikus st\u00edlus\u00fa, de a m\u00e1rk\u00e1ra jellemz\u0151 t\u00f6k\u00e9letes szab\u00e1s\u00fa Rage Age csizm\u00e1kat, valamint a luxus st\u00edlus\u00fa Rage Age sportcip\u0151ket.<\/p>\n\n\n\n\n\n\n<p><\/p>\n\n\n\n<h2 class=\"wp-block-heading\"><strong>Klasszikusokkal teli f\u00e9rfi kollekci\u00f3<\/strong><\/h2>\n\n\n\n<p>K\u00fcl\u00f6n\u00f6sen figyelemre m\u00e9lt\u00f3ak a Rage Age f\u00e9rfi sportcip\u0151k, amelyek t\u00f6k\u00e9letesen passzolnak az utcai st\u00edlushoz, de alkalmi st\u00edlushoz vagy egyszer\u0171en a modern, f\u00e9rfias eleganci\u00e1hoz is. A sportos l\u00e1bbelik mellett megtal\u00e1lhat\u00f3ak m\u00e9g bokacsizm\u00e1k is a m\u00e1rka k\u00edn\u00e1lat\u00e1ban, melyeknek a kialak\u00edt\u00e1sa nagyon egyszer\u0171, m\u00e9gis leny\u0171g\u00f6z\u0151en trendi form\u00e1val ny\u0171g\u00f6znek le. Ezek az extravag\u00e1ns cip\u0151k t\u00f6k\u00e9letesen kieg\u00e9sz\u00edtik szinte b\u00e1rmelyik outfitet.<\/p>\n\n\n\n\n\n\n<p><\/p>\n\n\n\n<h2 class=\"wp-block-heading\"><strong>Hozz l\u00e9tre egyedi st\u00edlust a Rage Age term\u00e9kekkel<\/strong><\/h2>\n\n\n\n<p>Extravag\u00e1ns kombin\u00e1ci\u00f3k \u00e9s f\u00e9ny\u0171z\u0151 glamour st\u00edlus? A Rage Age m\u00e1rka abszol\u00fat ezt k\u00e9pviseli. V\u00e1laszd a Rage Age n\u0151i tr\u00e9ningruh\u00e1it gy\u00f6ny\u00f6r\u0171 sz\u00ednekben, csillog\u00f3 d\u00edsz\u00edt\u00e9sekkel, amelyeket k\u00fcl\u00f6nb\u00f6z\u0151 st\u00edlusokkal kombin\u00e1lhatsz. Viseld ak\u00e1r t\u0171sark\u00fa cip\u0151vel, hogy megjelen\u00e9sed elb\u0171v\u00f6l\u0151 legyen, vagy viseld combig \u00e9r\u0151 csizm\u00e1val, amelyet t\u00f6k\u00e9letesen be tudsz illeszteni az \u0151szi megjelen\u00e9sedbe. Szettedet eg\u00e9sz\u00edtsd ki egy divatos Rage Age t\u00e1sk\u00e1val. V\u00e1lassz steppelt t\u00e1sk\u00e1t!<\/p>\n\n\n\n<p>Szereted a t\u00f6k\u00e9letesen kidolgozott term\u00e9keket, az extravag\u00e1ns st\u00edlust \u00e9s a modern minimalizmust is? A Rage Age kiv\u00e1l\u00f3 min\u0151s\u00e9g\u0171, luxushat\u00e1s\u00fa divatot k\u00edn\u00e1l a mindennapi eleganci\u00e1hoz. Fedezd fel a Rage Age m\u00e1rka term\u00e9keit &nbsp;<a href=\"https:\/\/ccc.eu\/hu\/sklepy\">CCC \u00fczleteinkben<\/a>,&nbsp;<a href=\"https:\/\/ccc.eu\/hu\/\">webshopunkban<\/a>, \u00e9s az&nbsp;<a href=\"https:\/\/ccc.eu\/hu\/mobile-app\">alkalmaz\u00e1sban<\/a>. <\/p>\n\n\n\n<p>Legy\u00e9l&nbsp;<a href=\"https:\/\/ccc.eu\/hu\/klub-ccc\">CCC klubtag<\/a>, \u00e9s \u00e9lvezd a k\u00e9nyelmes \u00e9s kedvezm\u00e9nyes v\u00e1s\u00e1rl\u00e1si lehet\u0151s\u00e9geket! K\u00f6vesd vel\u00fcnk a divatot&nbsp;<a href=\"https:\/\/www.facebook.com\/CCC.Hungary\/\">Facebookon,<\/a>&nbsp;\u00e9s inspir\u00e1l\u00f3dj vel\u00fcnk az&nbsp;<a href=\"https:\/\/www.instagram.com\/cccshoesbags\/\">Instagramon<\/a>&nbsp;is!<\/p>\n","protected":false},"excerpt":{"rendered":"<p>A f\u00e9rfidivathoz kapcsol\u00f3d\u00f3 Rage Age m\u00e1rka visszat\u00e9r \u00e9s kib\u0151v\u00edti k\u00edn\u00e1lat\u00e1t n\u0151k sz\u00e1m\u00e1ra k\u00e9sz\u00fclt ruh\u00e1kkal, cip\u0151kkel \u00e9s kieg\u00e9sz\u00edt\u0151kkel is. A 21. sz\u00e1zad els\u0151 \u00e9vtized\u00e9nek v\u00e9g\u00e9n alap\u00edtott lengyel Rage Age m\u00e1rka forradalmas\u00edtotta a f\u00e9rfidivatot. A t\u00f6k\u00e9letesen szabott \u00f6lt\u00f6ny\u00f6k \u00e9s ingek egy\u00e9rtelm\u0171en a c\u00e9g siker\u00e9nek kulcsa, amely az elegancia \u00faj l\u00e1t\u00e1sm\u00f3dj\u00e1t mutatta be. A Rage Age a CCC [&hellip;]<\/p>\n","protected":false},"author":22,"featured_media":6903,"comment_status":"open","ping_status":"open","sticky":false,"template":"","format":"standard","meta":{"_acf_changed":false,"footnotes":""},"categories":[432],"tags":[560,977,624,988,987,986,786],"class_list":["post-6899","post","type-post","status-publish","format-standard","has-post-thumbnail","hentry","category-ujdonsagok","tag-ccc","tag-chelsea-csizma","tag-divat","tag-ferfi-bokacsizma","tag-noi-csizma","tag-rage-age","tag-trendek"],"acf":[],"yoast_head":"<!-- This site is optimized with the Yoast SEO plugin v26.9 - https:\/\/yoast.com\/product\/yoast-seo-wordpress\/ -->\n<title>Rage Age m\u00e1rka a CCC-n\u00e9l! - CCC Fashion blog<\/title>\n<meta name=\"description\" content=\"A Rage Age a CCC egyik legeleg\u00e1nsabb m\u00e1rk\u00e1ja, szuperdivatos cip\u0151kkel! Ismerd meg a Rage Age m\u00e1rk\u00e1t \u00e9s n\u00e9zd meg egyedi darabjait. 2026\" \/>\n<meta name=\"robots\" content=\"index, follow, max-snippet:-1, max-image-preview:large, max-video-preview:-1\" \/>\n<link rel=\"canonical\" href=\"https:\/\/blog.ccc.eu\/hu\/rage-age-marka-a-ccc-nel\/\" \/>\n<meta property=\"og:locale\" content=\"hu_HU\" \/>\n<meta property=\"og:type\" content=\"article\" \/>\n<meta property=\"og:title\" content=\"Rage Age m\u00e1rka a CCC-n\u00e9l! - CCC Fashion blog\" \/>\n<meta property=\"og:description\" content=\"A Rage Age a CCC egyik legeleg\u00e1nsabb m\u00e1rk\u00e1ja, szuperdivatos cip\u0151kkel! Ismerd meg a Rage Age m\u00e1rk\u00e1t \u00e9s n\u00e9zd meg egyedi darabjait.\" \/>\n<meta property=\"og:url\" content=\"https:\/\/blog.ccc.eu\/hu\/rage-age-marka-a-ccc-nel\/\" \/>\n<meta property=\"og:site_name\" content=\"CCC Fashion blog\" \/>\n<meta property=\"article:published_time\" content=\"2022-11-04T09:16:28+00:00\" \/>\n<meta property=\"article:modified_time\" content=\"2022-11-21T10:21:36+00:00\" \/>\n<meta property=\"og:image\" content=\"https:\/\/blog.ccc.eu\/hu\/wp-content\/uploads\/2022\/11\/20220818_ZUZA_CCC_RAGEAGE_part2_3969-1-1024x768-1-e1668778089407.jpg\" \/>\n\t<meta property=\"og:image:width\" content=\"1024\" \/>\n\t<meta property=\"og:image:height\" content=\"465\" \/>\n\t<meta property=\"og:image:type\" content=\"image\/jpeg\" \/>\n<meta name=\"author\" content=\"Beatrix Korosi\" \/>\n<meta name=\"twitter:card\" content=\"summary_large_image\" \/>\n<meta name=\"twitter:label1\" content=\"Szerz\u0151:\" \/>\n\t<meta name=\"twitter:data1\" content=\"Beatrix Korosi\" \/>\n\t<meta name=\"twitter:label2\" content=\"Becs\u00fclt olvas\u00e1si id\u0151\" \/>\n\t<meta name=\"twitter:data2\" content=\"3 perc\" \/>\n<script type=\"application\/ld+json\" class=\"yoast-schema-graph\">{\"@context\":\"https:\/\/schema.org\",\"@graph\":[{\"@type\":\"Article\",\"@id\":\"https:\/\/blog.ccc.eu\/hu\/rage-age-marka-a-ccc-nel\/#article\",\"isPartOf\":{\"@id\":\"https:\/\/blog.ccc.eu\/hu\/rage-age-marka-a-ccc-nel\/\"},\"author\":{\"name\":\"Beatrix Korosi\",\"@id\":\"https:\/\/blog.ccc.eu\/hu\/#\/schema\/person\/b37d4e58a15b8cc6b1339218cfeb7c10\"},\"headline\":\"Rage Age m\u00e1rka a CCC-n\u00e9l!\",\"datePublished\":\"2022-11-04T09:16:28+00:00\",\"dateModified\":\"2022-11-21T10:21:36+00:00\",\"mainEntityOfPage\":{\"@id\":\"https:\/\/blog.ccc.eu\/hu\/rage-age-marka-a-ccc-nel\/\"},\"wordCount\":715,\"commentCount\":0,\"publisher\":{\"@id\":\"https:\/\/blog.ccc.eu\/hu\/#organization\"},\"image\":{\"@id\":\"https:\/\/blog.ccc.eu\/hu\/rage-age-marka-a-ccc-nel\/#primaryimage\"},\"thumbnailUrl\":\"https:\/\/blog.ccc.eu\/hu\/wp-content\/uploads\/2022\/11\/20220818_ZUZA_CCC_RAGEAGE_part2_3969-1-1024x768-1-e1668778089407.jpg\",\"keywords\":[\"CCC\",\"chelsea csizma\",\"divat\",\"f\u00e9rfi bokacsizma\",\"n\u0151i csizma\",\"Rage Age\",\"trendek\"],\"articleSection\":[\"\u00daJDONS\u00c1GOK\"],\"inLanguage\":\"hu\",\"potentialAction\":[{\"@type\":\"CommentAction\",\"name\":\"Comment\",\"target\":[\"https:\/\/blog.ccc.eu\/hu\/rage-age-marka-a-ccc-nel\/#respond\"]}]},{\"@type\":\"WebPage\",\"@id\":\"https:\/\/blog.ccc.eu\/hu\/rage-age-marka-a-ccc-nel\/\",\"url\":\"https:\/\/blog.ccc.eu\/hu\/rage-age-marka-a-ccc-nel\/\",\"name\":\"Rage Age m\u00e1rka a CCC-n\u00e9l! - CCC Fashion blog\",\"isPartOf\":{\"@id\":\"https:\/\/blog.ccc.eu\/hu\/#website\"},\"primaryImageOfPage\":{\"@id\":\"https:\/\/blog.ccc.eu\/hu\/rage-age-marka-a-ccc-nel\/#primaryimage\"},\"image\":{\"@id\":\"https:\/\/blog.ccc.eu\/hu\/rage-age-marka-a-ccc-nel\/#primaryimage\"},\"thumbnailUrl\":\"https:\/\/blog.ccc.eu\/hu\/wp-content\/uploads\/2022\/11\/20220818_ZUZA_CCC_RAGEAGE_part2_3969-1-1024x768-1-e1668778089407.jpg\",\"datePublished\":\"2022-11-04T09:16:28+00:00\",\"dateModified\":\"2022-11-21T10:21:36+00:00\",\"description\":\"A Rage Age a CCC egyik legeleg\u00e1nsabb m\u00e1rk\u00e1ja, szuperdivatos cip\u0151kkel! Ismerd meg a Rage Age m\u00e1rk\u00e1t \u00e9s n\u00e9zd meg egyedi darabjait.\",\"breadcrumb\":{\"@id\":\"https:\/\/blog.ccc.eu\/hu\/rage-age-marka-a-ccc-nel\/#breadcrumb\"},\"inLanguage\":\"hu\",\"potentialAction\":[{\"@type\":\"ReadAction\",\"target\":[\"https:\/\/blog.ccc.eu\/hu\/rage-age-marka-a-ccc-nel\/\"]}]},{\"@type\":\"ImageObject\",\"inLanguage\":\"hu\",\"@id\":\"https:\/\/blog.ccc.eu\/hu\/rage-age-marka-a-ccc-nel\/#primaryimage\",\"url\":\"https:\/\/blog.ccc.eu\/hu\/wp-content\/uploads\/2022\/11\/20220818_ZUZA_CCC_RAGEAGE_part2_3969-1-1024x768-1-e1668778089407.jpg\",\"contentUrl\":\"https:\/\/blog.ccc.eu\/hu\/wp-content\/uploads\/2022\/11\/20220818_ZUZA_CCC_RAGEAGE_part2_3969-1-1024x768-1-e1668778089407.jpg\",\"width\":1024,\"height\":465,\"caption\":\"Rage Age\"},{\"@type\":\"BreadcrumbList\",\"@id\":\"https:\/\/blog.ccc.eu\/hu\/rage-age-marka-a-ccc-nel\/#breadcrumb\",\"itemListElement\":[{\"@type\":\"ListItem\",\"position\":1,\"name\":\"Strona g\u0142\u00f3wna\",\"item\":\"https:\/\/blog.ccc.eu\/hu\/\"},{\"@type\":\"ListItem\",\"position\":2,\"name\":\"Rage Age m\u00e1rka a CCC-n\u00e9l!\"}]},{\"@type\":\"WebSite\",\"@id\":\"https:\/\/blog.ccc.eu\/hu\/#website\",\"url\":\"https:\/\/blog.ccc.eu\/hu\/\",\"name\":\"CCC Fashion blog\",\"description\":\"Az \u00d6n helye tele van divatihletekkel\",\"publisher\":{\"@id\":\"https:\/\/blog.ccc.eu\/hu\/#organization\"},\"potentialAction\":[{\"@type\":\"SearchAction\",\"target\":{\"@type\":\"EntryPoint\",\"urlTemplate\":\"https:\/\/blog.ccc.eu\/hu\/?s={search_term_string}\"},\"query-input\":{\"@type\":\"PropertyValueSpecification\",\"valueRequired\":true,\"valueName\":\"search_term_string\"}}],\"inLanguage\":\"hu\"},{\"@type\":\"Organization\",\"@id\":\"https:\/\/blog.ccc.eu\/hu\/#organization\",\"name\":\"CCC S.A.\",\"url\":\"https:\/\/blog.ccc.eu\/hu\/\",\"logo\":{\"@type\":\"ImageObject\",\"inLanguage\":\"hu\",\"@id\":\"https:\/\/blog.ccc.eu\/hu\/#\/schema\/logo\/image\/\",\"url\":\"https:\/\/blog.ccc.eu\/hu\/wp-content\/uploads\/2021\/11\/logo_ccc.png\",\"contentUrl\":\"https:\/\/blog.ccc.eu\/hu\/wp-content\/uploads\/2021\/11\/logo_ccc.png\",\"width\":730,\"height\":270,\"caption\":\"CCC S.A.\"},\"image\":{\"@id\":\"https:\/\/blog.ccc.eu\/hu\/#\/schema\/logo\/image\/\"}},{\"@type\":\"Person\",\"@id\":\"https:\/\/blog.ccc.eu\/hu\/#\/schema\/person\/b37d4e58a15b8cc6b1339218cfeb7c10\",\"name\":\"Beatrix Korosi\",\"image\":{\"@type\":\"ImageObject\",\"inLanguage\":\"hu\",\"@id\":\"https:\/\/blog.ccc.eu\/hu\/#\/schema\/person\/image\/\",\"url\":\"https:\/\/blog.ccc.eu\/hu\/wp-content\/uploads\/2022\/11\/Bea-150x150.jpg\",\"contentUrl\":\"https:\/\/blog.ccc.eu\/hu\/wp-content\/uploads\/2022\/11\/Bea-150x150.jpg\",\"caption\":\"Beatrix Korosi\"},\"url\":\"https:\/\/blog.ccc.eu\/hu\/author\/beatrix-korosi\/\"}]}<\/script>\n<!-- \/ Yoast SEO plugin. -->","yoast_head_json":{"title":"Rage Age m\u00e1rka a CCC-n\u00e9l! - CCC Fashion blog","description":"A Rage Age a CCC egyik legeleg\u00e1nsabb m\u00e1rk\u00e1ja, szuperdivatos cip\u0151kkel! Ismerd meg a Rage Age m\u00e1rk\u00e1t \u00e9s n\u00e9zd meg egyedi darabjait. 2026","robots":{"index":"index","follow":"follow","max-snippet":"max-snippet:-1","max-image-preview":"max-image-preview:large","max-video-preview":"max-video-preview:-1"},"canonical":"https:\/\/blog.ccc.eu\/hu\/rage-age-marka-a-ccc-nel\/","og_locale":"hu_HU","og_type":"article","og_title":"Rage Age m\u00e1rka a CCC-n\u00e9l! - CCC Fashion blog","og_description":"A Rage Age a CCC egyik legeleg\u00e1nsabb m\u00e1rk\u00e1ja, szuperdivatos cip\u0151kkel! Ismerd meg a Rage Age m\u00e1rk\u00e1t \u00e9s n\u00e9zd meg egyedi darabjait.","og_url":"https:\/\/blog.ccc.eu\/hu\/rage-age-marka-a-ccc-nel\/","og_site_name":"CCC Fashion blog","article_published_time":"2022-11-04T09:16:28+00:00","article_modified_time":"2022-11-21T10:21:36+00:00","og_image":[{"width":1024,"height":465,"url":"https:\/\/blog.ccc.eu\/hu\/wp-content\/uploads\/2022\/11\/20220818_ZUZA_CCC_RAGEAGE_part2_3969-1-1024x768-1-e1668778089407.jpg","type":"image\/jpeg"}],"author":"Beatrix Korosi","twitter_card":"summary_large_image","twitter_misc":{"Szerz\u0151:":"Beatrix Korosi","Becs\u00fclt olvas\u00e1si id\u0151":"3 perc"},"schema":{"@context":"https:\/\/schema.org","@graph":[{"@type":"Article","@id":"https:\/\/blog.ccc.eu\/hu\/rage-age-marka-a-ccc-nel\/#article","isPartOf":{"@id":"https:\/\/blog.ccc.eu\/hu\/rage-age-marka-a-ccc-nel\/"},"author":{"name":"Beatrix Korosi","@id":"https:\/\/blog.ccc.eu\/hu\/#\/schema\/person\/b37d4e58a15b8cc6b1339218cfeb7c10"},"headline":"Rage Age m\u00e1rka a CCC-n\u00e9l!","datePublished":"2022-11-04T09:16:28+00:00","dateModified":"2022-11-21T10:21:36+00:00","mainEntityOfPage":{"@id":"https:\/\/blog.ccc.eu\/hu\/rage-age-marka-a-ccc-nel\/"},"wordCount":715,"commentCount":0,"publisher":{"@id":"https:\/\/blog.ccc.eu\/hu\/#organization"},"image":{"@id":"https:\/\/blog.ccc.eu\/hu\/rage-age-marka-a-ccc-nel\/#primaryimage"},"thumbnailUrl":"https:\/\/blog.ccc.eu\/hu\/wp-content\/uploads\/2022\/11\/20220818_ZUZA_CCC_RAGEAGE_part2_3969-1-1024x768-1-e1668778089407.jpg","keywords":["CCC","chelsea csizma","divat","f\u00e9rfi bokacsizma","n\u0151i csizma","Rage Age","trendek"],"articleSection":["\u00daJDONS\u00c1GOK"],"inLanguage":"hu","potentialAction":[{"@type":"CommentAction","name":"Comment","target":["https:\/\/blog.ccc.eu\/hu\/rage-age-marka-a-ccc-nel\/#respond"]}]},{"@type":"WebPage","@id":"https:\/\/blog.ccc.eu\/hu\/rage-age-marka-a-ccc-nel\/","url":"https:\/\/blog.ccc.eu\/hu\/rage-age-marka-a-ccc-nel\/","name":"Rage Age m\u00e1rka a CCC-n\u00e9l! - CCC Fashion blog","isPartOf":{"@id":"https:\/\/blog.ccc.eu\/hu\/#website"},"primaryImageOfPage":{"@id":"https:\/\/blog.ccc.eu\/hu\/rage-age-marka-a-ccc-nel\/#primaryimage"},"image":{"@id":"https:\/\/blog.ccc.eu\/hu\/rage-age-marka-a-ccc-nel\/#primaryimage"},"thumbnailUrl":"https:\/\/blog.ccc.eu\/hu\/wp-content\/uploads\/2022\/11\/20220818_ZUZA_CCC_RAGEAGE_part2_3969-1-1024x768-1-e1668778089407.jpg","datePublished":"2022-11-04T09:16:28+00:00","dateModified":"2022-11-21T10:21:36+00:00","description":"A Rage Age a CCC egyik legeleg\u00e1nsabb m\u00e1rk\u00e1ja, szuperdivatos cip\u0151kkel! Ismerd meg a Rage Age m\u00e1rk\u00e1t \u00e9s n\u00e9zd meg egyedi darabjait.","breadcrumb":{"@id":"https:\/\/blog.ccc.eu\/hu\/rage-age-marka-a-ccc-nel\/#breadcrumb"},"inLanguage":"hu","potentialAction":[{"@type":"ReadAction","target":["https:\/\/blog.ccc.eu\/hu\/rage-age-marka-a-ccc-nel\/"]}]},{"@type":"ImageObject","inLanguage":"hu","@id":"https:\/\/blog.ccc.eu\/hu\/rage-age-marka-a-ccc-nel\/#primaryimage","url":"https:\/\/blog.ccc.eu\/hu\/wp-content\/uploads\/2022\/11\/20220818_ZUZA_CCC_RAGEAGE_part2_3969-1-1024x768-1-e1668778089407.jpg","contentUrl":"https:\/\/blog.ccc.eu\/hu\/wp-content\/uploads\/2022\/11\/20220818_ZUZA_CCC_RAGEAGE_part2_3969-1-1024x768-1-e1668778089407.jpg","width":1024,"height":465,"caption":"Rage Age"},{"@type":"BreadcrumbList","@id":"https:\/\/blog.ccc.eu\/hu\/rage-age-marka-a-ccc-nel\/#breadcrumb","itemListElement":[{"@type":"ListItem","position":1,"name":"Strona g\u0142\u00f3wna","item":"https:\/\/blog.ccc.eu\/hu\/"},{"@type":"ListItem","position":2,"name":"Rage Age m\u00e1rka a CCC-n\u00e9l!"}]},{"@type":"WebSite","@id":"https:\/\/blog.ccc.eu\/hu\/#website","url":"https:\/\/blog.ccc.eu\/hu\/","name":"CCC Fashion blog","description":"Az \u00d6n helye tele van divatihletekkel","publisher":{"@id":"https:\/\/blog.ccc.eu\/hu\/#organization"},"potentialAction":[{"@type":"SearchAction","target":{"@type":"EntryPoint","urlTemplate":"https:\/\/blog.ccc.eu\/hu\/?s={search_term_string}"},"query-input":{"@type":"PropertyValueSpecification","valueRequired":true,"valueName":"search_term_string"}}],"inLanguage":"hu"},{"@type":"Organization","@id":"https:\/\/blog.ccc.eu\/hu\/#organization","name":"CCC S.A.","url":"https:\/\/blog.ccc.eu\/hu\/","logo":{"@type":"ImageObject","inLanguage":"hu","@id":"https:\/\/blog.ccc.eu\/hu\/#\/schema\/logo\/image\/","url":"https:\/\/blog.ccc.eu\/hu\/wp-content\/uploads\/2021\/11\/logo_ccc.png","contentUrl":"https:\/\/blog.ccc.eu\/hu\/wp-content\/uploads\/2021\/11\/logo_ccc.png","width":730,"height":270,"caption":"CCC S.A."},"image":{"@id":"https:\/\/blog.ccc.eu\/hu\/#\/schema\/logo\/image\/"}},{"@type":"Person","@id":"https:\/\/blog.ccc.eu\/hu\/#\/schema\/person\/b37d4e58a15b8cc6b1339218cfeb7c10","name":"Beatrix Korosi","image":{"@type":"ImageObject","inLanguage":"hu","@id":"https:\/\/blog.ccc.eu\/hu\/#\/schema\/person\/image\/","url":"https:\/\/blog.ccc.eu\/hu\/wp-content\/uploads\/2022\/11\/Bea-150x150.jpg","contentUrl":"https:\/\/blog.ccc.eu\/hu\/wp-content\/uploads\/2022\/11\/Bea-150x150.jpg","caption":"Beatrix Korosi"},"url":"https:\/\/blog.ccc.eu\/hu\/author\/beatrix-korosi\/"}]}},"_links":{"self":[{"href":"https:\/\/blog.ccc.eu\/hu\/wp-json\/wp\/v2\/posts\/6899","targetHints":{"allow":["GET"]}}],"collection":[{"href":"https:\/\/blog.ccc.eu\/hu\/wp-json\/wp\/v2\/posts"}],"about":[{"href":"https:\/\/blog.ccc.eu\/hu\/wp-json\/wp\/v2\/types\/post"}],"author":[{"embeddable":true,"href":"https:\/\/blog.ccc.eu\/hu\/wp-json\/wp\/v2\/users\/22"}],"replies":[{"embeddable":true,"href":"https:\/\/blog.ccc.eu\/hu\/wp-json\/wp\/v2\/comments?post=6899"}],"version-history":[{"count":10,"href":"https:\/\/blog.ccc.eu\/hu\/wp-json\/wp\/v2\/posts\/6899\/revisions"}],"predecessor-version":[{"id":7024,"href":"https:\/\/blog.ccc.eu\/hu\/wp-json\/wp\/v2\/posts\/6899\/revisions\/7024"}],"wp:featuredmedia":[{"embeddable":true,"href":"https:\/\/blog.ccc.eu\/hu\/wp-json\/wp\/v2\/media\/6903"}],"wp:attachment":[{"href":"https:\/\/blog.ccc.eu\/hu\/wp-json\/wp\/v2\/media?parent=6899"}],"wp:term":[{"taxonomy":"category","embeddable":true,"href":"https:\/\/blog.ccc.eu\/hu\/wp-json\/wp\/v2\/categories?post=6899"},{"taxonomy":"post_tag","embeddable":true,"href":"https:\/\/blog.ccc.eu\/hu\/wp-json\/wp\/v2\/tags?post=6899"}],"curies":[{"name":"wp","href":"https:\/\/api.w.org\/{rel}","templated":true}]}}