{"id":7137,"date":"2022-12-19T09:54:19","date_gmt":"2022-12-19T08:54:19","guid":{"rendered":"https:\/\/blog.ccc.eu\/hu\/?p=7137"},"modified":"2022-12-19T09:54:20","modified_gmt":"2022-12-19T08:54:20","slug":"hogyan-apoljuk-a-teli-dzsekiket","status":"publish","type":"post","link":"https:\/\/blog.ccc.eu\/hu\/hogyan-apoljuk-a-teli-dzsekiket\/","title":{"rendered":"Hogyan \u00e1poljuk a t\u00e9li dzsekiket?"},"content":{"rendered":"\n<p><b>A t\u00e9l bek\u00f6sz\u00f6nt\u00e9vel a legt\u00f6bben \u00e1trendezz\u00fck a ruh\u00e1sszekr\u00e9ny\u00fcnket, hogy k\u00f6nnyebben hozz\u00e1f\u00e9rj\u00fcnk a meleg ruh\u00e1inkhoz. Ilyenkor sz\u00e1mot vet\u00fcnk azzal is, hogy milyen \u00e1llapotban vannak a t\u00e9li kab\u00e1tjaink \u00e9s sokan sz\u00fcks\u00e9gesnek \u00e9rezz\u00fck a tiszt\u00edt\u00e1s\u00e1t vagy ak\u00e1r egy \u00faj darab beszerz\u00e9s\u00e9t.<\/b><\/p>\n\n\n\n<figure class=\"wp-block-gallery has-nested-images columns-default is-cropped wp-block-gallery-1 is-layout-flex wp-block-gallery-is-layout-flex\">\n<figure class=\"wp-block-image size-large\"><img loading=\"lazy\" decoding=\"async\" width=\"683\" height=\"1024\" data-id=\"7145\" src=\"https:\/\/blog.ccc.eu\/hu\/wp-content\/uploads\/2022\/12\/ccc_2230031441260_01-683x1024.jpg\" alt=\"\" class=\"wp-image-7145\" srcset=\"https:\/\/blog.ccc.eu\/hu\/wp-content\/uploads\/2022\/12\/ccc_2230031441260_01-683x1024.jpg 683w, https:\/\/blog.ccc.eu\/hu\/wp-content\/uploads\/2022\/12\/ccc_2230031441260_01-200x300.jpg 200w, https:\/\/blog.ccc.eu\/hu\/wp-content\/uploads\/2022\/12\/ccc_2230031441260_01-768x1152.jpg 768w, https:\/\/blog.ccc.eu\/hu\/wp-content\/uploads\/2022\/12\/ccc_2230031441260_01-100x150.jpg 100w, https:\/\/blog.ccc.eu\/hu\/wp-content\/uploads\/2022\/12\/ccc_2230031441260_01.jpg 876w\" sizes=\"auto, (max-width: 683px) 100vw, 683px\" \/><\/figure>\n\n\n\n<figure class=\"wp-block-image size-large\"><img loading=\"lazy\" decoding=\"async\" width=\"683\" height=\"1024\" data-id=\"7144\" src=\"https:\/\/blog.ccc.eu\/hu\/wp-content\/uploads\/2022\/12\/ccc_2230031441260_07-683x1024.jpg\" alt=\"\" class=\"wp-image-7144\" srcset=\"https:\/\/blog.ccc.eu\/hu\/wp-content\/uploads\/2022\/12\/ccc_2230031441260_07-683x1024.jpg 683w, https:\/\/blog.ccc.eu\/hu\/wp-content\/uploads\/2022\/12\/ccc_2230031441260_07-200x300.jpg 200w, https:\/\/blog.ccc.eu\/hu\/wp-content\/uploads\/2022\/12\/ccc_2230031441260_07-768x1152.jpg 768w, https:\/\/blog.ccc.eu\/hu\/wp-content\/uploads\/2022\/12\/ccc_2230031441260_07-100x150.jpg 100w, https:\/\/blog.ccc.eu\/hu\/wp-content\/uploads\/2022\/12\/ccc_2230031441260_07.jpg 876w\" sizes=\"auto, (max-width: 683px) 100vw, 683px\" \/><\/figure>\n<\/figure>\n\n\n\n<h2 class=\"wp-block-heading\">Tippek a t\u00e9li kab\u00e1tok megfelel\u0151 karbantart\u00e1s\u00e1hoz<\/h2>\n\n\n\n<p>El\u0151sz\u00f6r is a t\u00e9li kab\u00e1tokat a gy\u00e1rt\u00f3 utas\u00edt\u00e1sainak megfelel\u0151en szabad csak tiszt\u00edtanunk. Egyes gyapj\u00fa- \u00e9s tollkab\u00e1tok egy\u00e1ltal\u00e1n nem moshat\u00f3k g\u00e9pben, \u00edgy el kell vinn\u00fcnk \u0151ket a tiszt\u00edt\u00f3ba. Ha a kab\u00e1t mos\u00f3g\u00e9pben moshat\u00f3, akkor k\u00e9sz\u00fclj\u00fcnk el\u0151:&nbsp; \u00dcr\u00edts\u00fck ki a zsebeket, hiszen senki nem szeretne egy sz\u00e9tfeslett pap\u00edrzsepi miatt bosszankodni! A gombokat gomboljuk be, a patentokat kapcsoljuk be, a cipz\u00e1rokat h\u00fazzuk fel! A mos\u00f3g\u00e9pes mos\u00e1s sor\u00e1n \u00e9rdemes a legalacsonyabb h\u0151fokot be\u00e1ll\u00edtani \u00e9s foly\u00e9kony mos\u00f3szert haszn\u00e1lni. A centrifug\u00e1l\u00e1ssal vigy\u00e1zzunk, ugyanis a b\u00e9l\u00e9s \u00f6sszeeshet vagy csom\u00f3sodhat, \u00edgy a kab\u00e1tunk haszn\u00e1lhatatlann\u00e1 v\u00e1lhat. A sz\u00e1r\u00edt\u00f3g\u00e9pben is a legk\u00edm\u00e9l\u0151bb fokozatot \u00e9rdemes haszn\u00e1lnunk!&nbsp;<\/p>\n\n\n\n<h2 class=\"wp-block-heading\">A legjobb t\u00e9li kab\u00e1tok, amelyek melegen tartanak ebben a szezonban<\/h2>\n\n\n\n<p>Rengeteg fazon \u00e9s sz\u00edn k\u00f6z\u00fcl v\u00e1laszthatunk, ha t\u00e9li kab\u00e1tr\u00f3l van sz\u00f3, de egy dologban mind egyet\u00e9rt\u00fcnk: a kab\u00e1t tartson minket melegen \u00e9s ne \u00e1zzon \u00e1t egy kis es\u0151t\u0151l. V\u00e1laszthatunk dzsekifazon\u00fa t\u00e9li kab\u00e1tot, ha a sportos megjelen\u00e9st \u00e9rezz\u00fck saj\u00e1tunknak, ha pedig az eleganci\u00e1ra szavazunk gy\u00f6ny\u00f6r\u0171 sz\u00f6vet- \u00e9s gyapj\u00fakab\u00e1tok k\u00f6z\u00fcl v\u00e1logathatunk. Nagy t\u00e9li s\u00e9t\u00e1khoz \u00e9rdemes egy cs\u00edp\u0151 al\u00e1 \u00e9r\u0151 t\u00e9likab\u00e1tot v\u00e1lasztani, amely m\u00e1r el\u00e9gg\u00e9 melegen tart minket, de a szabad mozg\u00e1st is lehet\u0151v\u00e9 teszi. Az igaz\u00e1n f\u00e1z\u00f3sak t\u00e9rdig, vagy t\u00e9rd al\u00e1 \u00e9r\u0151 t\u00e9li kab\u00e1tokkal v\u00e1rj\u00e1k a telet! D\u00f6nts\u00fck el, mennyire \u00e9rezz\u00fck fontosnak, hogy a kab\u00e1tnak kapucnija is legyen. Aki kev\u00e9sb\u00e9 szeret sapk\u00e1t hordani, annak a kapucni igaz\u00e1n hasznos pluszt jelenthet!<\/p>\n\n\n\n\n\n\n<p><\/p>\n\n\n\n<h2 class=\"wp-block-heading\">Hogyan \u0151rizd meg a t\u00e9li kab\u00e1tjaid \u00fajszer\u0171 kin\u00e9zet\u00e9t?<\/h2>\n\n\n\n<p>A nap v\u00e9g\u00e9n a&nbsp; t\u00e9li kab\u00e1tokat \u00e9rdemes v\u00e1llf\u00e1ra akasztani, \u00edgy sok\u00e1ig meg\u0151rzik eredeti alakjukat. Ha a nap sor\u00e1n az es\u0151t\u0151l, h\u00f3t\u00f3l nedves lett a kab\u00e1t, \u00fcgyelj\u00fcnk arra, hogy meg tudjon sz\u00e1radni a k\u00f6vetkez\u0151 visel\u00e9sig. Ha sz\u00f6sz\u00f6s a sz\u00f6vetkab\u00e1t, a sz\u00f6szelt\u00e1vol\u00edt\u00f3 gurig\u00e1t vess\u00fck be! Ha kibolyhosodott a kedvenc kab\u00e1tunk, egy borotva seg\u00edts\u00e9g\u00e9vel \u00fajszer\u0171v\u00e9 var\u00e1zsolhatjuk. Esetleg ha valamilyen folt van rajta, \u00f3vatosan, k\u00edm\u00e9l\u0151 foltelt\u00e1vol\u00edt\u00f3val tiszt\u00edtsuk meg. A t\u00e9l elm\u00falt\u00e1val v\u00e1llf\u00e1ra akasztva ruhazs\u00e1kban tegy\u00fck el a szekr\u00e9nybe!<\/p>\n\n\n\n<h2 class=\"wp-block-heading\">El\u00e9g meleg legyen \u00e9s j\u00f3l is n\u00e9zzen ki a t\u00e9li kab\u00e1tod az idei szezonban<\/h2>\n\n\n\n<p>Sz\u00e9les a v\u00e1laszt\u00e9k st\u00edlusos \u00e9s meleg t\u00e9likab\u00e1tokb\u00f3l. Az idei szezonban nagyon trendi vil\u00e1gos sz\u00edn\u0171 t\u00e9li kab\u00e1tot v\u00e1lasztani. Egy b\u00e9zs oversized kab\u00e1t garant\u00e1ltan melegen tart \u00e9s kontrasztos s\u00f6t\u00e9t kieg\u00e9sz\u00edt\u0151kkel kombin\u00e1lva vag\u00e1ny benyom\u00e1st kelt! A legk\u00e9nyelmesebb dzsekikb\u0151l v\u00e1laszthatunk st\u00edlusos narancss\u00e1rg\u00e1t, vagy k\u00e9ket. A kab\u00e1t csilloghat, lehet feliratos vagy k\u00e9sz\u00fclhet lakkozott anyagb\u00f3l is! Sportol\u00e1shoz j\u00f3l j\u00f6het egy v\u00e9konyabb bomberkab\u00e1t is, ami a sz\u00e9lt\u0151l \u00e9s a nedvess\u00e9gt\u0151l megv\u00e9d minket. A bev\u00e1llal\u00f3sak enyh\u00e9bb napokon a b\u00e9lelt farmerkab\u00e1ttal is pr\u00f3b\u00e1lkozhatnak! Ne felejts\u00fck el, hogy rengeteg m\u00falik a kieg\u00e9sz\u00edt\u0151k\u00f6n, t\u00e9li kab\u00e1tunkat ak\u00e1r a h\u00e9t minden napj\u00e1n feldobhatjuk m\u00e1s \u00e9s m\u00e1s kieg\u00e9sz\u00edt\u0151kkel!<\/p>\n\n\n\n<p>N\u00e9zz be orsz\u00e1gszerte <a href=\"https:\/\/ccc.eu\/hu\/sklepy\">b\u00e1rmelyik \u00fczlet\u00fcnkbe<\/a>, vagy b\u00f6ng\u00e9ssz kedvedre a <a href=\"https:\/\/ccc.eu\/hu\/\">webshopunkban.<\/a> Az\u00faj darabokat az CCC <a href=\"https:\/\/ccc.eu\/hu\/mobile-app\">applik\u00e1ci\u00f3j\u00e1va<\/a>l is megrendelheted, \u00e9s <a href=\"https:\/\/ccc.eu\/hu\/klub-ccc\">CCC klubtagk\u00e9nt<\/a>, extrakedvezm\u00e9nyek is v\u00e1rnak.<\/p>\n\n\n\n<p>K\u00f6vess minket a divattal egy\u00fctt a <a href=\"https:\/\/www.facebook.com\/CCC.Hungary\/\">Facebookon<\/a> \u00e9s <a href=\"https:\/\/www.instagram.com\/cccshoesbags\/\">Instagramon<\/a> is!<\/p>\n","protected":false},"excerpt":{"rendered":"<p>A t\u00e9l bek\u00f6sz\u00f6nt\u00e9vel a legt\u00f6bben \u00e1trendezz\u00fck a ruh\u00e1sszekr\u00e9ny\u00fcnket, hogy k\u00f6nnyebben hozz\u00e1f\u00e9rj\u00fcnk a meleg ruh\u00e1inkhoz. Ilyenkor sz\u00e1mot vet\u00fcnk azzal is, hogy milyen \u00e1llapotban vannak a t\u00e9li kab\u00e1tjaink \u00e9s sokan sz\u00fcks\u00e9gesnek \u00e9rezz\u00fck a tiszt\u00edt\u00e1s\u00e1t vagy ak\u00e1r egy \u00faj darab beszerz\u00e9s\u00e9t. Tippek a t\u00e9li kab\u00e1tok megfelel\u0151 karbantart\u00e1s\u00e1hoz El\u0151sz\u00f6r is a t\u00e9li kab\u00e1tokat a gy\u00e1rt\u00f3 utas\u00edt\u00e1sainak megfelel\u0151en szabad csak [&hellip;]<\/p>\n","protected":false},"author":17,"featured_media":7145,"comment_status":"open","ping_status":"open","sticky":false,"template":"","format":"standard","meta":{"_acf_changed":false,"footnotes":""},"categories":[4],"tags":[1014,560,821,1015,1013],"class_list":["post-7137","post","type-post","status-publish","format-standard","has-post-thumbnail","hentry","category-divat-tippek","tag-apolas","tag-ccc","tag-divat-tippek","tag-meleg-kabatok","tag-teli-kabat"],"acf":[],"yoast_head":"<!-- This site is optimized with the Yoast SEO plugin v26.9 - https:\/\/yoast.com\/product\/yoast-seo-wordpress\/ -->\n<title>Hogyan \u00e1poljuk a t\u00e9li dzsekiket? - CCC Fashion blog<\/title>\n<meta name=\"description\" content=\"Ha Neked is az a c\u00e9lod, hogy t\u00e9li kab\u00e1tjaid megtarts\u00e1k \u00fajszer\u0171 kin\u00e9zet\u00fcket, akkor gyere \u00e9s n\u00e9zd meg tippjeinket! 2026\" \/>\n<meta name=\"robots\" content=\"index, follow, max-snippet:-1, max-image-preview:large, max-video-preview:-1\" \/>\n<link rel=\"canonical\" href=\"https:\/\/blog.ccc.eu\/hu\/hogyan-apoljuk-a-teli-dzsekiket\/\" \/>\n<meta property=\"og:locale\" content=\"hu_HU\" \/>\n<meta property=\"og:type\" content=\"article\" \/>\n<meta property=\"og:title\" content=\"Hogyan \u00e1poljuk a t\u00e9li dzsekiket? - CCC Fashion blog\" \/>\n<meta property=\"og:description\" content=\"Ha Neked is az a c\u00e9lod, hogy t\u00e9li kab\u00e1tjaid megtarts\u00e1k \u00fajszer\u0171 kin\u00e9zet\u00fcket, akkor gyere \u00e9s n\u00e9zd meg tippjeinket!\" \/>\n<meta property=\"og:url\" content=\"https:\/\/blog.ccc.eu\/hu\/hogyan-apoljuk-a-teli-dzsekiket\/\" \/>\n<meta property=\"og:site_name\" content=\"CCC Fashion blog\" \/>\n<meta property=\"article:published_time\" content=\"2022-12-19T08:54:19+00:00\" \/>\n<meta property=\"article:modified_time\" content=\"2022-12-19T08:54:20+00:00\" \/>\n<meta property=\"og:image\" content=\"https:\/\/blog.ccc.eu\/hu\/wp-content\/uploads\/2022\/12\/ccc_2230031441260_01.jpg\" \/>\n\t<meta property=\"og:image:width\" content=\"876\" \/>\n\t<meta property=\"og:image:height\" content=\"1314\" \/>\n\t<meta property=\"og:image:type\" content=\"image\/jpeg\" \/>\n<meta name=\"author\" content=\"R\u00e9ka N\u00e9meth\" \/>\n<meta name=\"twitter:card\" content=\"summary_large_image\" \/>\n<meta name=\"twitter:label1\" content=\"Szerz\u0151:\" \/>\n\t<meta name=\"twitter:data1\" content=\"R\u00e9ka N\u00e9meth\" \/>\n\t<meta name=\"twitter:label2\" content=\"Becs\u00fclt olvas\u00e1si id\u0151\" \/>\n\t<meta name=\"twitter:data2\" content=\"4 perc\" \/>\n<script type=\"application\/ld+json\" class=\"yoast-schema-graph\">{\"@context\":\"https:\/\/schema.org\",\"@graph\":[{\"@type\":\"Article\",\"@id\":\"https:\/\/blog.ccc.eu\/hu\/hogyan-apoljuk-a-teli-dzsekiket\/#article\",\"isPartOf\":{\"@id\":\"https:\/\/blog.ccc.eu\/hu\/hogyan-apoljuk-a-teli-dzsekiket\/\"},\"author\":{\"name\":\"R\u00e9ka N\u00e9meth\",\"@id\":\"https:\/\/blog.ccc.eu\/hu\/#\/schema\/person\/c3226a60cce3320f8d95a41d9af8ed2d\"},\"headline\":\"Hogyan \u00e1poljuk a t\u00e9li dzsekiket?\",\"datePublished\":\"2022-12-19T08:54:19+00:00\",\"dateModified\":\"2022-12-19T08:54:20+00:00\",\"mainEntityOfPage\":{\"@id\":\"https:\/\/blog.ccc.eu\/hu\/hogyan-apoljuk-a-teli-dzsekiket\/\"},\"wordCount\":781,\"commentCount\":0,\"publisher\":{\"@id\":\"https:\/\/blog.ccc.eu\/hu\/#organization\"},\"image\":{\"@id\":\"https:\/\/blog.ccc.eu\/hu\/hogyan-apoljuk-a-teli-dzsekiket\/#primaryimage\"},\"thumbnailUrl\":\"https:\/\/blog.ccc.eu\/hu\/wp-content\/uploads\/2022\/12\/ccc_2230031441260_01.jpg\",\"keywords\":[\"\u00e1pol\u00e1s\",\"CCC\",\"divat tippek\",\"meleg kab\u00e1tok\",\"t\u00e9li kab\u00e1t\"],\"articleSection\":[\"DIVAT TIPPEK\"],\"inLanguage\":\"hu\",\"potentialAction\":[{\"@type\":\"CommentAction\",\"name\":\"Comment\",\"target\":[\"https:\/\/blog.ccc.eu\/hu\/hogyan-apoljuk-a-teli-dzsekiket\/#respond\"]}]},{\"@type\":\"WebPage\",\"@id\":\"https:\/\/blog.ccc.eu\/hu\/hogyan-apoljuk-a-teli-dzsekiket\/\",\"url\":\"https:\/\/blog.ccc.eu\/hu\/hogyan-apoljuk-a-teli-dzsekiket\/\",\"name\":\"Hogyan \u00e1poljuk a t\u00e9li dzsekiket? - CCC Fashion blog\",\"isPartOf\":{\"@id\":\"https:\/\/blog.ccc.eu\/hu\/#website\"},\"primaryImageOfPage\":{\"@id\":\"https:\/\/blog.ccc.eu\/hu\/hogyan-apoljuk-a-teli-dzsekiket\/#primaryimage\"},\"image\":{\"@id\":\"https:\/\/blog.ccc.eu\/hu\/hogyan-apoljuk-a-teli-dzsekiket\/#primaryimage\"},\"thumbnailUrl\":\"https:\/\/blog.ccc.eu\/hu\/wp-content\/uploads\/2022\/12\/ccc_2230031441260_01.jpg\",\"datePublished\":\"2022-12-19T08:54:19+00:00\",\"dateModified\":\"2022-12-19T08:54:20+00:00\",\"description\":\"Ha Neked is az a c\u00e9lod, hogy t\u00e9li kab\u00e1tjaid megtarts\u00e1k \u00fajszer\u0171 kin\u00e9zet\u00fcket, akkor gyere \u00e9s n\u00e9zd meg tippjeinket!\",\"breadcrumb\":{\"@id\":\"https:\/\/blog.ccc.eu\/hu\/hogyan-apoljuk-a-teli-dzsekiket\/#breadcrumb\"},\"inLanguage\":\"hu\",\"potentialAction\":[{\"@type\":\"ReadAction\",\"target\":[\"https:\/\/blog.ccc.eu\/hu\/hogyan-apoljuk-a-teli-dzsekiket\/\"]}]},{\"@type\":\"ImageObject\",\"inLanguage\":\"hu\",\"@id\":\"https:\/\/blog.ccc.eu\/hu\/hogyan-apoljuk-a-teli-dzsekiket\/#primaryimage\",\"url\":\"https:\/\/blog.ccc.eu\/hu\/wp-content\/uploads\/2022\/12\/ccc_2230031441260_01.jpg\",\"contentUrl\":\"https:\/\/blog.ccc.eu\/hu\/wp-content\/uploads\/2022\/12\/ccc_2230031441260_01.jpg\",\"width\":876,\"height\":1314,\"caption\":\"meleg kab\u00e1t\"},{\"@type\":\"BreadcrumbList\",\"@id\":\"https:\/\/blog.ccc.eu\/hu\/hogyan-apoljuk-a-teli-dzsekiket\/#breadcrumb\",\"itemListElement\":[{\"@type\":\"ListItem\",\"position\":1,\"name\":\"Strona g\u0142\u00f3wna\",\"item\":\"https:\/\/blog.ccc.eu\/hu\/\"},{\"@type\":\"ListItem\",\"position\":2,\"name\":\"Hogyan \u00e1poljuk a t\u00e9li dzsekiket?\"}]},{\"@type\":\"WebSite\",\"@id\":\"https:\/\/blog.ccc.eu\/hu\/#website\",\"url\":\"https:\/\/blog.ccc.eu\/hu\/\",\"name\":\"CCC Fashion blog\",\"description\":\"Az \u00d6n helye tele van divatihletekkel\",\"publisher\":{\"@id\":\"https:\/\/blog.ccc.eu\/hu\/#organization\"},\"potentialAction\":[{\"@type\":\"SearchAction\",\"target\":{\"@type\":\"EntryPoint\",\"urlTemplate\":\"https:\/\/blog.ccc.eu\/hu\/?s={search_term_string}\"},\"query-input\":{\"@type\":\"PropertyValueSpecification\",\"valueRequired\":true,\"valueName\":\"search_term_string\"}}],\"inLanguage\":\"hu\"},{\"@type\":\"Organization\",\"@id\":\"https:\/\/blog.ccc.eu\/hu\/#organization\",\"name\":\"CCC S.A.\",\"url\":\"https:\/\/blog.ccc.eu\/hu\/\",\"logo\":{\"@type\":\"ImageObject\",\"inLanguage\":\"hu\",\"@id\":\"https:\/\/blog.ccc.eu\/hu\/#\/schema\/logo\/image\/\",\"url\":\"https:\/\/blog.ccc.eu\/hu\/wp-content\/uploads\/2021\/11\/logo_ccc.png\",\"contentUrl\":\"https:\/\/blog.ccc.eu\/hu\/wp-content\/uploads\/2021\/11\/logo_ccc.png\",\"width\":730,\"height\":270,\"caption\":\"CCC S.A.\"},\"image\":{\"@id\":\"https:\/\/blog.ccc.eu\/hu\/#\/schema\/logo\/image\/\"}},{\"@type\":\"Person\",\"@id\":\"https:\/\/blog.ccc.eu\/hu\/#\/schema\/person\/c3226a60cce3320f8d95a41d9af8ed2d\",\"name\":\"R\u00e9ka N\u00e9meth\",\"image\":{\"@type\":\"ImageObject\",\"inLanguage\":\"hu\",\"@id\":\"https:\/\/blog.ccc.eu\/hu\/#\/schema\/person\/image\/\",\"url\":\"https:\/\/blog.ccc.eu\/hu\/wp-content\/uploads\/2022\/05\/MicrosoftTeams-image-e1651752501479-150x150.jpg\",\"contentUrl\":\"https:\/\/blog.ccc.eu\/hu\/wp-content\/uploads\/2022\/05\/MicrosoftTeams-image-e1651752501479-150x150.jpg\",\"caption\":\"R\u00e9ka N\u00e9meth\"},\"url\":\"https:\/\/blog.ccc.eu\/hu\/author\/katarzyna-martyn\/\"}]}<\/script>\n<!-- \/ Yoast SEO plugin. -->","yoast_head_json":{"title":"Hogyan \u00e1poljuk a t\u00e9li dzsekiket? - CCC Fashion blog","description":"Ha Neked is az a c\u00e9lod, hogy t\u00e9li kab\u00e1tjaid megtarts\u00e1k \u00fajszer\u0171 kin\u00e9zet\u00fcket, akkor gyere \u00e9s n\u00e9zd meg tippjeinket! 2026","robots":{"index":"index","follow":"follow","max-snippet":"max-snippet:-1","max-image-preview":"max-image-preview:large","max-video-preview":"max-video-preview:-1"},"canonical":"https:\/\/blog.ccc.eu\/hu\/hogyan-apoljuk-a-teli-dzsekiket\/","og_locale":"hu_HU","og_type":"article","og_title":"Hogyan \u00e1poljuk a t\u00e9li dzsekiket? - CCC Fashion blog","og_description":"Ha Neked is az a c\u00e9lod, hogy t\u00e9li kab\u00e1tjaid megtarts\u00e1k \u00fajszer\u0171 kin\u00e9zet\u00fcket, akkor gyere \u00e9s n\u00e9zd meg tippjeinket!","og_url":"https:\/\/blog.ccc.eu\/hu\/hogyan-apoljuk-a-teli-dzsekiket\/","og_site_name":"CCC Fashion blog","article_published_time":"2022-12-19T08:54:19+00:00","article_modified_time":"2022-12-19T08:54:20+00:00","og_image":[{"width":876,"height":1314,"url":"https:\/\/blog.ccc.eu\/hu\/wp-content\/uploads\/2022\/12\/ccc_2230031441260_01.jpg","type":"image\/jpeg"}],"author":"R\u00e9ka N\u00e9meth","twitter_card":"summary_large_image","twitter_misc":{"Szerz\u0151:":"R\u00e9ka N\u00e9meth","Becs\u00fclt olvas\u00e1si id\u0151":"4 perc"},"schema":{"@context":"https:\/\/schema.org","@graph":[{"@type":"Article","@id":"https:\/\/blog.ccc.eu\/hu\/hogyan-apoljuk-a-teli-dzsekiket\/#article","isPartOf":{"@id":"https:\/\/blog.ccc.eu\/hu\/hogyan-apoljuk-a-teli-dzsekiket\/"},"author":{"name":"R\u00e9ka N\u00e9meth","@id":"https:\/\/blog.ccc.eu\/hu\/#\/schema\/person\/c3226a60cce3320f8d95a41d9af8ed2d"},"headline":"Hogyan \u00e1poljuk a t\u00e9li dzsekiket?","datePublished":"2022-12-19T08:54:19+00:00","dateModified":"2022-12-19T08:54:20+00:00","mainEntityOfPage":{"@id":"https:\/\/blog.ccc.eu\/hu\/hogyan-apoljuk-a-teli-dzsekiket\/"},"wordCount":781,"commentCount":0,"publisher":{"@id":"https:\/\/blog.ccc.eu\/hu\/#organization"},"image":{"@id":"https:\/\/blog.ccc.eu\/hu\/hogyan-apoljuk-a-teli-dzsekiket\/#primaryimage"},"thumbnailUrl":"https:\/\/blog.ccc.eu\/hu\/wp-content\/uploads\/2022\/12\/ccc_2230031441260_01.jpg","keywords":["\u00e1pol\u00e1s","CCC","divat tippek","meleg kab\u00e1tok","t\u00e9li kab\u00e1t"],"articleSection":["DIVAT TIPPEK"],"inLanguage":"hu","potentialAction":[{"@type":"CommentAction","name":"Comment","target":["https:\/\/blog.ccc.eu\/hu\/hogyan-apoljuk-a-teli-dzsekiket\/#respond"]}]},{"@type":"WebPage","@id":"https:\/\/blog.ccc.eu\/hu\/hogyan-apoljuk-a-teli-dzsekiket\/","url":"https:\/\/blog.ccc.eu\/hu\/hogyan-apoljuk-a-teli-dzsekiket\/","name":"Hogyan \u00e1poljuk a t\u00e9li dzsekiket? - CCC Fashion blog","isPartOf":{"@id":"https:\/\/blog.ccc.eu\/hu\/#website"},"primaryImageOfPage":{"@id":"https:\/\/blog.ccc.eu\/hu\/hogyan-apoljuk-a-teli-dzsekiket\/#primaryimage"},"image":{"@id":"https:\/\/blog.ccc.eu\/hu\/hogyan-apoljuk-a-teli-dzsekiket\/#primaryimage"},"thumbnailUrl":"https:\/\/blog.ccc.eu\/hu\/wp-content\/uploads\/2022\/12\/ccc_2230031441260_01.jpg","datePublished":"2022-12-19T08:54:19+00:00","dateModified":"2022-12-19T08:54:20+00:00","description":"Ha Neked is az a c\u00e9lod, hogy t\u00e9li kab\u00e1tjaid megtarts\u00e1k \u00fajszer\u0171 kin\u00e9zet\u00fcket, akkor gyere \u00e9s n\u00e9zd meg tippjeinket!","breadcrumb":{"@id":"https:\/\/blog.ccc.eu\/hu\/hogyan-apoljuk-a-teli-dzsekiket\/#breadcrumb"},"inLanguage":"hu","potentialAction":[{"@type":"ReadAction","target":["https:\/\/blog.ccc.eu\/hu\/hogyan-apoljuk-a-teli-dzsekiket\/"]}]},{"@type":"ImageObject","inLanguage":"hu","@id":"https:\/\/blog.ccc.eu\/hu\/hogyan-apoljuk-a-teli-dzsekiket\/#primaryimage","url":"https:\/\/blog.ccc.eu\/hu\/wp-content\/uploads\/2022\/12\/ccc_2230031441260_01.jpg","contentUrl":"https:\/\/blog.ccc.eu\/hu\/wp-content\/uploads\/2022\/12\/ccc_2230031441260_01.jpg","width":876,"height":1314,"caption":"meleg kab\u00e1t"},{"@type":"BreadcrumbList","@id":"https:\/\/blog.ccc.eu\/hu\/hogyan-apoljuk-a-teli-dzsekiket\/#breadcrumb","itemListElement":[{"@type":"ListItem","position":1,"name":"Strona g\u0142\u00f3wna","item":"https:\/\/blog.ccc.eu\/hu\/"},{"@type":"ListItem","position":2,"name":"Hogyan \u00e1poljuk a t\u00e9li dzsekiket?"}]},{"@type":"WebSite","@id":"https:\/\/blog.ccc.eu\/hu\/#website","url":"https:\/\/blog.ccc.eu\/hu\/","name":"CCC Fashion blog","description":"Az \u00d6n helye tele van divatihletekkel","publisher":{"@id":"https:\/\/blog.ccc.eu\/hu\/#organization"},"potentialAction":[{"@type":"SearchAction","target":{"@type":"EntryPoint","urlTemplate":"https:\/\/blog.ccc.eu\/hu\/?s={search_term_string}"},"query-input":{"@type":"PropertyValueSpecification","valueRequired":true,"valueName":"search_term_string"}}],"inLanguage":"hu"},{"@type":"Organization","@id":"https:\/\/blog.ccc.eu\/hu\/#organization","name":"CCC S.A.","url":"https:\/\/blog.ccc.eu\/hu\/","logo":{"@type":"ImageObject","inLanguage":"hu","@id":"https:\/\/blog.ccc.eu\/hu\/#\/schema\/logo\/image\/","url":"https:\/\/blog.ccc.eu\/hu\/wp-content\/uploads\/2021\/11\/logo_ccc.png","contentUrl":"https:\/\/blog.ccc.eu\/hu\/wp-content\/uploads\/2021\/11\/logo_ccc.png","width":730,"height":270,"caption":"CCC S.A."},"image":{"@id":"https:\/\/blog.ccc.eu\/hu\/#\/schema\/logo\/image\/"}},{"@type":"Person","@id":"https:\/\/blog.ccc.eu\/hu\/#\/schema\/person\/c3226a60cce3320f8d95a41d9af8ed2d","name":"R\u00e9ka N\u00e9meth","image":{"@type":"ImageObject","inLanguage":"hu","@id":"https:\/\/blog.ccc.eu\/hu\/#\/schema\/person\/image\/","url":"https:\/\/blog.ccc.eu\/hu\/wp-content\/uploads\/2022\/05\/MicrosoftTeams-image-e1651752501479-150x150.jpg","contentUrl":"https:\/\/blog.ccc.eu\/hu\/wp-content\/uploads\/2022\/05\/MicrosoftTeams-image-e1651752501479-150x150.jpg","caption":"R\u00e9ka N\u00e9meth"},"url":"https:\/\/blog.ccc.eu\/hu\/author\/katarzyna-martyn\/"}]}},"_links":{"self":[{"href":"https:\/\/blog.ccc.eu\/hu\/wp-json\/wp\/v2\/posts\/7137","targetHints":{"allow":["GET"]}}],"collection":[{"href":"https:\/\/blog.ccc.eu\/hu\/wp-json\/wp\/v2\/posts"}],"about":[{"href":"https:\/\/blog.ccc.eu\/hu\/wp-json\/wp\/v2\/types\/post"}],"author":[{"embeddable":true,"href":"https:\/\/blog.ccc.eu\/hu\/wp-json\/wp\/v2\/users\/17"}],"replies":[{"embeddable":true,"href":"https:\/\/blog.ccc.eu\/hu\/wp-json\/wp\/v2\/comments?post=7137"}],"version-history":[{"count":6,"href":"https:\/\/blog.ccc.eu\/hu\/wp-json\/wp\/v2\/posts\/7137\/revisions"}],"predecessor-version":[{"id":7176,"href":"https:\/\/blog.ccc.eu\/hu\/wp-json\/wp\/v2\/posts\/7137\/revisions\/7176"}],"wp:featuredmedia":[{"embeddable":true,"href":"https:\/\/blog.ccc.eu\/hu\/wp-json\/wp\/v2\/media\/7145"}],"wp:attachment":[{"href":"https:\/\/blog.ccc.eu\/hu\/wp-json\/wp\/v2\/media?parent=7137"}],"wp:term":[{"taxonomy":"category","embeddable":true,"href":"https:\/\/blog.ccc.eu\/hu\/wp-json\/wp\/v2\/categories?post=7137"},{"taxonomy":"post_tag","embeddable":true,"href":"https:\/\/blog.ccc.eu\/hu\/wp-json\/wp\/v2\/tags?post=7137"}],"curies":[{"name":"wp","href":"https:\/\/api.w.org\/{rel}","templated":true}]}}