{"id":7383,"date":"2023-01-23T09:05:02","date_gmt":"2023-01-23T08:05:02","guid":{"rendered":"https:\/\/blog.ccc.eu\/hu\/?p=7383"},"modified":"2023-07-10T16:06:38","modified_gmt":"2023-07-10T14:06:38","slug":"2023-as-tavaszi-trendek-nezd-meg-mi-lesz-a-divat","status":"publish","type":"post","link":"https:\/\/blog.ccc.eu\/hu\/2023-as-tavaszi-trendek-nezd-meg-mi-lesz-a-divat\/","title":{"rendered":"2023-as tavaszi trendek! N\u00e9zd meg, mi lesz a divat!"},"content":{"rendered":"\n<p><b>2023-ban is h\u0171ek maradunk a tavaly uralkod\u00f3 trendekhez, de l\u00e1tv\u00e1nyos \u00fajdons\u00e1gokb\u00f3l \u00e9s a divat forradalmi megk\u00f6zel\u00edt\u00e9seib\u0151l sem lesz hi\u00e1ny. Az elt\u00falzott form\u00e1k \u00e9s az abszol\u00fat gy\u00f6ny\u00f6r\u0171 sz\u00ednek a 21. sz\u00e1zad harmadik \u00e9vtized\u00e9ben a kort\u00e1rs divat \u00faj defin\u00edci\u00f3j\u00e1t teremtik meg. N\u00e9zd meg, hogy milyen n\u0151i t\u00e1sk\u00e1k \u00e9s cip\u0151k lesznek az uralkod\u00f3 sl\u00e1gerek 2023 tavasz\u00e1n \u00e9s hogy hogyan kombin\u00e1ld \u00fcgyesen a trendeket az id\u0151tlen eleganci\u00e1val!<\/b><\/p>\n\n\n\n<figure class=\"wp-block-image size-large\"><img decoding=\"async\" src=\"https:\/\/blog.ccc.eu\/hu\/wp-content\/uploads\/2023\/01\/Jenny-Fairy-LB-AW22_Shot-12_2216_ext-Copy-1-1024x559.jpg\" alt=\"\" class=\"wp-image-7388\"\/><\/figure>\n\n\n\n<h2 class=\"wp-block-heading\">Divatos sz\u00ednek 2023 tavasz\u00e1ra \u2013 az intenz\u00edv sz\u00ednek tov\u00e1bbra is divatosak!<\/h2>\n\n\n\n<p>A 2023-as \u00e9vben sem mondunk b\u00facs\u00fat a rik\u00edt\u00f3 sz\u00ednekt\u0151l. B\u00e1r tal\u00e1lkozhatunk l\u00e1gy sz\u00ednekkel \u00e9s von\u00e1sokkal, tov\u00e1bbra is h\u0171ek maradunk az er\u0151s sz\u00ednekhez. A vil\u00e1g legnagyobb tervez\u0151i a soksz\u00edn\u0171s\u00e9gre helyezt\u00e9k a hangs\u00falyt, amely csod\u00e1san \u00f6tv\u00f6zi a klasszikusokat \u00e9s a semlegess\u00e9get a sz\u00ednek leny\u0171g\u00f6z\u0151 kombin\u00e1l\u00e1s\u00e1val.<\/p>\n\n\n\n<p>S\u00e1rga \u2013 az intenz\u00edv s\u00e1rga \u00faj verzi\u00f3ban jelenik meg, \u00e9s nem csak a ny\u00e1r sz\u00edne lesz. A s\u00e1rga felt\u0171n\u0151 a kab\u00e1tokon, maxiruh\u00e1kon, de kieg\u00e9sz\u00edt\u0151k form\u00e1j\u00e1ban is. A s\u00e1rga cip\u0151k, k\u00e9zit\u00e1sk\u00e1k \u00e9s kieg\u00e9sz\u00edt\u0151k hat\u00e1rozottan kiemelik 2023 tavasz\u00e1nak st\u00edlus\u00e1t.<\/p>\n\n\n\n\n\n\n<p><\/p>\n\n\n\n<p>Pink \u2013 a n\u00e9pszer\u0171 barbiecore trend tov\u00e1bbra is nagy n\u00e9pszer\u0171s\u00e9gnek \u00f6rvend, 2023-ban teljes pomp\u00e1j\u00e1ban l\u00e1thatjuk majd az intenz\u00edv r\u00f3zsasz\u00edn \u00e9s a fenomen\u00e1lis fukszia k\u00f6z\u00f6tt egyens\u00falyozva. B\u00e1r a barbiecore remek\u00fcl teljes\u00edtett az \u0151szi-t\u00e9li szezonban, a 2023-as ny\u00e1ri divatban is n\u00e9pszer\u0171 lesz.<\/p>\n\n\n\n\n\n\n<p><\/p>\n\n\n\n<p>Babak\u00e9k &#8211; a 2023-as \u00e9v szint\u00e9n egyik n\u00e9pszer\u0171 sz\u00edne, ami a divatbemutat\u00f3kon sz\u00e1mos neves m\u00e1rk\u00e1n\u00e1l uralkodik. A finom \u00e1rnyalat k\u00f6t\u00f6tt ruh\u00e1kon, over\u00e1lokon \u00e9s bl\u00e9zereken egyar\u00e1nt megjelenik.<\/p>\n\n\n\n\n\n\n<p><\/p>\n\n\n\n<p>Fekete \u2013 a fekete sz\u00edn az \u00e9ves trendekben nem \u00fajdons\u00e1g, de id\u00e9n a tervez\u0151k kiszabad\u00edtott\u00e1k a klasszikusok bilincsei al\u00f3l. Nem lesz hi\u00e1ny \u00e1tl\u00e1tsz\u00f3 anyagokb\u00f3l, b\u0151rb\u0151l \u00e9s latexb\u0151l sem.<\/p>\n\n\n\n\n\n\n<p><\/p>\n\n\n\n<h2 class=\"wp-block-heading\">K\u00e9zit\u00e1sk\u00e1k 2023 tavasz\u00e1ra, amelyek megv\u00e1ltoztatj\u00e1k a ruhat\u00e1rad<\/h2>\n\n\n\n<p>Rojtos k\u00e9zit\u00e1sk\u00e1k &#8211; m\u00e1r 2022-ben is szerepeltek a legjobb tervez\u0151k kollekci\u00f3iban. Id\u00e9n \u00fajra el\u0151ker\u00fclnek a rojtok, amelyek siker\u00fcket szokatlan megjelen\u00e9s\u00fcknek k\u00f6sz\u00f6nhetik. T\u00f6bbf\u00e9le anyagb\u00f3l k\u00e9sz\u00fclhetnek, lehet hossz\u00fa vagy r\u00f6vid, mindegy. A rojtok sok t\u00e1ska kin\u00e9zet\u00e9t megv\u00e1ltoztatj\u00e1k!<\/p>\n\n\n\n<p>F\u00e9mes csillog\u00e1s &#8211; m\u00e1r 2022-ben is hatalmas n\u00e9pszer\u0171s\u00e9gnek \u00f6rvendett, most azonban m\u00e9g nagyobb figyelmet kap. A neves divath\u00e1zak gondoskodnak arr\u00f3l, hogy tavasszal \u00e9s ny\u00e1ron f\u00e9mes csillog\u00e1s\u00fa k\u00e9zit\u00e1sk\u00e1kat viselj\u00fcnk nagyon felt\u0171n\u0151 \u00e9s intenz\u00edv sz\u00ednekben, amelyek t\u00f6k\u00e9letesen kieg\u00e9sz\u00edtik a szezon\u00e1lis hangulatot.<\/p>\n\n\n\n<p>Bagett t\u00e1sk\u00e1k- a bagett t\u00e1sk\u00e1k tavaly \u00f3ta nagyon n\u00e9pszer\u0171ek. A kort\u00e1rs diz\u00e1jnerek 2023-ban egyszer\u0171 \u00e9s minimalista, valamint felt\u0171n\u0151 st\u00edlusban alkotj\u00e1k meg. A CCC-ben Jenny Fairy \u00e9s Gino Rossi m\u00e1rk\u00e1n\u00e1l gy\u00f6ny\u00f6r\u0171 bagett t\u00e1sk\u00e1k k\u00f6z\u00fcl tudunk v\u00e1logatni.<\/p>\n\n\n\n\n\n\n<p><\/p>\n\n\n\n<p>Tekintsd meg a 2023-as \u00e9v tavaszi-ny\u00e1ri elk\u00e9peszt\u0151 trendj\u00e9nek darabjait a &nbsp;<a href=\"https:\/\/ccc.eu\/hu\/sklepy\">CCC \u00fczleteinkben<\/a>,&nbsp;<a href=\"https:\/\/ccc.eu\/hu\/\">webshopunkban<\/a>, \u00e9s az&nbsp;<a href=\"https:\/\/ccc.eu\/hu\/mobile-app\">alkalmaz\u00e1sban<\/a>. Legy\u00e9l&nbsp;<a href=\"https:\/\/ccc.eu\/hu\/klub-ccc\">CCC klubtag<\/a>&nbsp;\u00e9s \u00e9lvezd a k\u00e9nyelmes \u00e9s kedvezm\u00e9nyes v\u00e1s\u00e1rl\u00e1si lehet\u0151s\u00e9geket! K\u00f6vesd vel\u00fcnk a divatot&nbsp;<a href=\"https:\/\/www.facebook.com\/CCC.Hungary\/\">Facebookon,<\/a>&nbsp;\u00e9s inspir\u00e1l\u00f3dj vel\u00fcnk az&nbsp;<a href=\"https:\/\/www.instagram.com\/cccshoesbags\/\">Instagramon<\/a>&nbsp;is!<\/p>\n","protected":false},"excerpt":{"rendered":"<p>2023-ban is h\u0171ek maradunk a tavaly uralkod\u00f3 trendekhez, de l\u00e1tv\u00e1nyos \u00fajdons\u00e1gokb\u00f3l \u00e9s a divat forradalmi megk\u00f6zel\u00edt\u00e9seib\u0151l sem lesz hi\u00e1ny. Az elt\u00falzott form\u00e1k \u00e9s az abszol\u00fat gy\u00f6ny\u00f6r\u0171 sz\u00ednek a 21. sz\u00e1zad harmadik \u00e9vtized\u00e9ben a kort\u00e1rs divat \u00faj defin\u00edci\u00f3j\u00e1t teremtik meg. N\u00e9zd meg, hogy milyen n\u0151i t\u00e1sk\u00e1k \u00e9s cip\u0151k lesznek az uralkod\u00f3 sl\u00e1gerek 2023 tavasz\u00e1n \u00e9s hogy [&hellip;]<\/p>\n","protected":false},"author":22,"featured_media":7387,"comment_status":"open","ping_status":"open","sticky":false,"template":"","format":"standard","meta":{"_acf_changed":false,"footnotes":""},"categories":[6],"tags":[560,1037,1036,1035,786],"class_list":["post-7383","post","type-post","status-publish","format-standard","has-post-thumbnail","hentry","category-trendek","tag-ccc","tag-intenziv-szinek","tag-tavaszi-szinek","tag-tavaszi-trendek","tag-trendek"],"acf":[],"yoast_head":"<!-- This site is optimized with the Yoast SEO plugin v26.9 - https:\/\/yoast.com\/product\/yoast-seo-wordpress\/ -->\n<title>2023-as tavaszi trendek! N\u00e9zd meg, mi lesz a divat! - CCC Fashion blog<\/title>\n<meta name=\"description\" content=\"N\u00e9zd meg, hogy milyen n\u0151i t\u00e1sk\u00e1k \u00e9s cip\u0151k lesznek az uralkod\u00f3 sl\u00e1gerek 2023 tavasz\u00e1n! A CCC-n\u00e9l biztosan megtal\u00e1lod a t\u00f6k\u00e9letes darabot! 2026\" \/>\n<meta name=\"robots\" content=\"index, follow, max-snippet:-1, max-image-preview:large, max-video-preview:-1\" \/>\n<link rel=\"canonical\" href=\"https:\/\/blog.ccc.eu\/hu\/2023-as-tavaszi-trendek-nezd-meg-mi-lesz-a-divat\/\" \/>\n<meta property=\"og:locale\" content=\"hu_HU\" \/>\n<meta property=\"og:type\" content=\"article\" \/>\n<meta property=\"og:title\" content=\"2023-as tavaszi trendek! N\u00e9zd meg, mi lesz a divat! - CCC Fashion blog\" \/>\n<meta property=\"og:description\" content=\"N\u00e9zd meg, hogy milyen n\u0151i t\u00e1sk\u00e1k \u00e9s cip\u0151k lesznek az uralkod\u00f3 sl\u00e1gerek 2023 tavasz\u00e1n! A CCC-n\u00e9l biztosan megtal\u00e1lod a t\u00f6k\u00e9letes darabot!\" \/>\n<meta property=\"og:url\" content=\"https:\/\/blog.ccc.eu\/hu\/2023-as-tavaszi-trendek-nezd-meg-mi-lesz-a-divat\/\" \/>\n<meta property=\"og:site_name\" content=\"CCC Fashion blog\" \/>\n<meta property=\"article:published_time\" content=\"2023-01-23T08:05:02+00:00\" \/>\n<meta property=\"article:modified_time\" content=\"2023-07-10T14:06:38+00:00\" \/>\n<meta property=\"og:image\" content=\"https:\/\/blog.ccc.eu\/hu\/wp-content\/uploads\/2023\/01\/Jenny-Fairy-LB-AW22_Shot-12_2216_ext-Copy.jpg\" \/>\n\t<meta property=\"og:image:width\" content=\"1200\" \/>\n\t<meta property=\"og:image:height\" content=\"655\" \/>\n\t<meta property=\"og:image:type\" content=\"image\/jpeg\" \/>\n<meta name=\"author\" content=\"Beatrix Korosi\" \/>\n<meta name=\"twitter:card\" content=\"summary_large_image\" \/>\n<meta name=\"twitter:label1\" content=\"Szerz\u0151:\" \/>\n\t<meta name=\"twitter:data1\" content=\"Beatrix Korosi\" \/>\n\t<meta name=\"twitter:label2\" content=\"Becs\u00fclt olvas\u00e1si id\u0151\" \/>\n\t<meta name=\"twitter:data2\" content=\"3 perc\" \/>\n<script type=\"application\/ld+json\" class=\"yoast-schema-graph\">{\"@context\":\"https:\/\/schema.org\",\"@graph\":[{\"@type\":\"Article\",\"@id\":\"https:\/\/blog.ccc.eu\/hu\/2023-as-tavaszi-trendek-nezd-meg-mi-lesz-a-divat\/#article\",\"isPartOf\":{\"@id\":\"https:\/\/blog.ccc.eu\/hu\/2023-as-tavaszi-trendek-nezd-meg-mi-lesz-a-divat\/\"},\"author\":{\"name\":\"Beatrix Korosi\",\"@id\":\"https:\/\/blog.ccc.eu\/hu\/#\/schema\/person\/b37d4e58a15b8cc6b1339218cfeb7c10\"},\"headline\":\"2023-as tavaszi trendek! N\u00e9zd meg, mi lesz a divat!\",\"datePublished\":\"2023-01-23T08:05:02+00:00\",\"dateModified\":\"2023-07-10T14:06:38+00:00\",\"mainEntityOfPage\":{\"@id\":\"https:\/\/blog.ccc.eu\/hu\/2023-as-tavaszi-trendek-nezd-meg-mi-lesz-a-divat\/\"},\"wordCount\":705,\"commentCount\":0,\"publisher\":{\"@id\":\"https:\/\/blog.ccc.eu\/hu\/#organization\"},\"image\":{\"@id\":\"https:\/\/blog.ccc.eu\/hu\/2023-as-tavaszi-trendek-nezd-meg-mi-lesz-a-divat\/#primaryimage\"},\"thumbnailUrl\":\"https:\/\/blog.ccc.eu\/hu\/wp-content\/uploads\/2023\/01\/Jenny-Fairy-LB-AW22_Shot-12_2216_ext-Copy.jpg\",\"keywords\":[\"CCC\",\"intenz\u00edv sz\u00ednek\",\"tavaszi sz\u00ednek\",\"tavaszi trendek\",\"trendek\"],\"articleSection\":[\"TRENDEK\"],\"inLanguage\":\"hu\",\"potentialAction\":[{\"@type\":\"CommentAction\",\"name\":\"Comment\",\"target\":[\"https:\/\/blog.ccc.eu\/hu\/2023-as-tavaszi-trendek-nezd-meg-mi-lesz-a-divat\/#respond\"]}]},{\"@type\":\"WebPage\",\"@id\":\"https:\/\/blog.ccc.eu\/hu\/2023-as-tavaszi-trendek-nezd-meg-mi-lesz-a-divat\/\",\"url\":\"https:\/\/blog.ccc.eu\/hu\/2023-as-tavaszi-trendek-nezd-meg-mi-lesz-a-divat\/\",\"name\":\"2023-as tavaszi trendek! N\u00e9zd meg, mi lesz a divat! - CCC Fashion blog\",\"isPartOf\":{\"@id\":\"https:\/\/blog.ccc.eu\/hu\/#website\"},\"primaryImageOfPage\":{\"@id\":\"https:\/\/blog.ccc.eu\/hu\/2023-as-tavaszi-trendek-nezd-meg-mi-lesz-a-divat\/#primaryimage\"},\"image\":{\"@id\":\"https:\/\/blog.ccc.eu\/hu\/2023-as-tavaszi-trendek-nezd-meg-mi-lesz-a-divat\/#primaryimage\"},\"thumbnailUrl\":\"https:\/\/blog.ccc.eu\/hu\/wp-content\/uploads\/2023\/01\/Jenny-Fairy-LB-AW22_Shot-12_2216_ext-Copy.jpg\",\"datePublished\":\"2023-01-23T08:05:02+00:00\",\"dateModified\":\"2023-07-10T14:06:38+00:00\",\"description\":\"N\u00e9zd meg, hogy milyen n\u0151i t\u00e1sk\u00e1k \u00e9s cip\u0151k lesznek az uralkod\u00f3 sl\u00e1gerek 2023 tavasz\u00e1n! A CCC-n\u00e9l biztosan megtal\u00e1lod a t\u00f6k\u00e9letes darabot!\",\"breadcrumb\":{\"@id\":\"https:\/\/blog.ccc.eu\/hu\/2023-as-tavaszi-trendek-nezd-meg-mi-lesz-a-divat\/#breadcrumb\"},\"inLanguage\":\"hu\",\"potentialAction\":[{\"@type\":\"ReadAction\",\"target\":[\"https:\/\/blog.ccc.eu\/hu\/2023-as-tavaszi-trendek-nezd-meg-mi-lesz-a-divat\/\"]}]},{\"@type\":\"ImageObject\",\"inLanguage\":\"hu\",\"@id\":\"https:\/\/blog.ccc.eu\/hu\/2023-as-tavaszi-trendek-nezd-meg-mi-lesz-a-divat\/#primaryimage\",\"url\":\"https:\/\/blog.ccc.eu\/hu\/wp-content\/uploads\/2023\/01\/Jenny-Fairy-LB-AW22_Shot-12_2216_ext-Copy.jpg\",\"contentUrl\":\"https:\/\/blog.ccc.eu\/hu\/wp-content\/uploads\/2023\/01\/Jenny-Fairy-LB-AW22_Shot-12_2216_ext-Copy.jpg\",\"width\":1200,\"height\":655,\"caption\":\"CCC 2023 trendek\"},{\"@type\":\"BreadcrumbList\",\"@id\":\"https:\/\/blog.ccc.eu\/hu\/2023-as-tavaszi-trendek-nezd-meg-mi-lesz-a-divat\/#breadcrumb\",\"itemListElement\":[{\"@type\":\"ListItem\",\"position\":1,\"name\":\"Strona g\u0142\u00f3wna\",\"item\":\"https:\/\/blog.ccc.eu\/hu\/\"},{\"@type\":\"ListItem\",\"position\":2,\"name\":\"2023-as tavaszi trendek! N\u00e9zd meg, mi lesz a divat!\"}]},{\"@type\":\"WebSite\",\"@id\":\"https:\/\/blog.ccc.eu\/hu\/#website\",\"url\":\"https:\/\/blog.ccc.eu\/hu\/\",\"name\":\"CCC Fashion blog\",\"description\":\"Az \u00d6n helye tele van divatihletekkel\",\"publisher\":{\"@id\":\"https:\/\/blog.ccc.eu\/hu\/#organization\"},\"potentialAction\":[{\"@type\":\"SearchAction\",\"target\":{\"@type\":\"EntryPoint\",\"urlTemplate\":\"https:\/\/blog.ccc.eu\/hu\/?s={search_term_string}\"},\"query-input\":{\"@type\":\"PropertyValueSpecification\",\"valueRequired\":true,\"valueName\":\"search_term_string\"}}],\"inLanguage\":\"hu\"},{\"@type\":\"Organization\",\"@id\":\"https:\/\/blog.ccc.eu\/hu\/#organization\",\"name\":\"CCC S.A.\",\"url\":\"https:\/\/blog.ccc.eu\/hu\/\",\"logo\":{\"@type\":\"ImageObject\",\"inLanguage\":\"hu\",\"@id\":\"https:\/\/blog.ccc.eu\/hu\/#\/schema\/logo\/image\/\",\"url\":\"https:\/\/blog.ccc.eu\/hu\/wp-content\/uploads\/2021\/11\/logo_ccc.png\",\"contentUrl\":\"https:\/\/blog.ccc.eu\/hu\/wp-content\/uploads\/2021\/11\/logo_ccc.png\",\"width\":730,\"height\":270,\"caption\":\"CCC S.A.\"},\"image\":{\"@id\":\"https:\/\/blog.ccc.eu\/hu\/#\/schema\/logo\/image\/\"}},{\"@type\":\"Person\",\"@id\":\"https:\/\/blog.ccc.eu\/hu\/#\/schema\/person\/b37d4e58a15b8cc6b1339218cfeb7c10\",\"name\":\"Beatrix Korosi\",\"image\":{\"@type\":\"ImageObject\",\"inLanguage\":\"hu\",\"@id\":\"https:\/\/blog.ccc.eu\/hu\/#\/schema\/person\/image\/\",\"url\":\"https:\/\/blog.ccc.eu\/hu\/wp-content\/uploads\/2022\/11\/Bea-150x150.jpg\",\"contentUrl\":\"https:\/\/blog.ccc.eu\/hu\/wp-content\/uploads\/2022\/11\/Bea-150x150.jpg\",\"caption\":\"Beatrix Korosi\"},\"url\":\"https:\/\/blog.ccc.eu\/hu\/author\/beatrix-korosi\/\"}]}<\/script>\n<!-- \/ Yoast SEO plugin. -->","yoast_head_json":{"title":"2023-as tavaszi trendek! N\u00e9zd meg, mi lesz a divat! - CCC Fashion blog","description":"N\u00e9zd meg, hogy milyen n\u0151i t\u00e1sk\u00e1k \u00e9s cip\u0151k lesznek az uralkod\u00f3 sl\u00e1gerek 2023 tavasz\u00e1n! A CCC-n\u00e9l biztosan megtal\u00e1lod a t\u00f6k\u00e9letes darabot! 2026","robots":{"index":"index","follow":"follow","max-snippet":"max-snippet:-1","max-image-preview":"max-image-preview:large","max-video-preview":"max-video-preview:-1"},"canonical":"https:\/\/blog.ccc.eu\/hu\/2023-as-tavaszi-trendek-nezd-meg-mi-lesz-a-divat\/","og_locale":"hu_HU","og_type":"article","og_title":"2023-as tavaszi trendek! N\u00e9zd meg, mi lesz a divat! - CCC Fashion blog","og_description":"N\u00e9zd meg, hogy milyen n\u0151i t\u00e1sk\u00e1k \u00e9s cip\u0151k lesznek az uralkod\u00f3 sl\u00e1gerek 2023 tavasz\u00e1n! A CCC-n\u00e9l biztosan megtal\u00e1lod a t\u00f6k\u00e9letes darabot!","og_url":"https:\/\/blog.ccc.eu\/hu\/2023-as-tavaszi-trendek-nezd-meg-mi-lesz-a-divat\/","og_site_name":"CCC Fashion blog","article_published_time":"2023-01-23T08:05:02+00:00","article_modified_time":"2023-07-10T14:06:38+00:00","og_image":[{"width":1200,"height":655,"url":"https:\/\/blog.ccc.eu\/hu\/wp-content\/uploads\/2023\/01\/Jenny-Fairy-LB-AW22_Shot-12_2216_ext-Copy.jpg","type":"image\/jpeg"}],"author":"Beatrix Korosi","twitter_card":"summary_large_image","twitter_misc":{"Szerz\u0151:":"Beatrix Korosi","Becs\u00fclt olvas\u00e1si id\u0151":"3 perc"},"schema":{"@context":"https:\/\/schema.org","@graph":[{"@type":"Article","@id":"https:\/\/blog.ccc.eu\/hu\/2023-as-tavaszi-trendek-nezd-meg-mi-lesz-a-divat\/#article","isPartOf":{"@id":"https:\/\/blog.ccc.eu\/hu\/2023-as-tavaszi-trendek-nezd-meg-mi-lesz-a-divat\/"},"author":{"name":"Beatrix Korosi","@id":"https:\/\/blog.ccc.eu\/hu\/#\/schema\/person\/b37d4e58a15b8cc6b1339218cfeb7c10"},"headline":"2023-as tavaszi trendek! N\u00e9zd meg, mi lesz a divat!","datePublished":"2023-01-23T08:05:02+00:00","dateModified":"2023-07-10T14:06:38+00:00","mainEntityOfPage":{"@id":"https:\/\/blog.ccc.eu\/hu\/2023-as-tavaszi-trendek-nezd-meg-mi-lesz-a-divat\/"},"wordCount":705,"commentCount":0,"publisher":{"@id":"https:\/\/blog.ccc.eu\/hu\/#organization"},"image":{"@id":"https:\/\/blog.ccc.eu\/hu\/2023-as-tavaszi-trendek-nezd-meg-mi-lesz-a-divat\/#primaryimage"},"thumbnailUrl":"https:\/\/blog.ccc.eu\/hu\/wp-content\/uploads\/2023\/01\/Jenny-Fairy-LB-AW22_Shot-12_2216_ext-Copy.jpg","keywords":["CCC","intenz\u00edv sz\u00ednek","tavaszi sz\u00ednek","tavaszi trendek","trendek"],"articleSection":["TRENDEK"],"inLanguage":"hu","potentialAction":[{"@type":"CommentAction","name":"Comment","target":["https:\/\/blog.ccc.eu\/hu\/2023-as-tavaszi-trendek-nezd-meg-mi-lesz-a-divat\/#respond"]}]},{"@type":"WebPage","@id":"https:\/\/blog.ccc.eu\/hu\/2023-as-tavaszi-trendek-nezd-meg-mi-lesz-a-divat\/","url":"https:\/\/blog.ccc.eu\/hu\/2023-as-tavaszi-trendek-nezd-meg-mi-lesz-a-divat\/","name":"2023-as tavaszi trendek! N\u00e9zd meg, mi lesz a divat! - CCC Fashion blog","isPartOf":{"@id":"https:\/\/blog.ccc.eu\/hu\/#website"},"primaryImageOfPage":{"@id":"https:\/\/blog.ccc.eu\/hu\/2023-as-tavaszi-trendek-nezd-meg-mi-lesz-a-divat\/#primaryimage"},"image":{"@id":"https:\/\/blog.ccc.eu\/hu\/2023-as-tavaszi-trendek-nezd-meg-mi-lesz-a-divat\/#primaryimage"},"thumbnailUrl":"https:\/\/blog.ccc.eu\/hu\/wp-content\/uploads\/2023\/01\/Jenny-Fairy-LB-AW22_Shot-12_2216_ext-Copy.jpg","datePublished":"2023-01-23T08:05:02+00:00","dateModified":"2023-07-10T14:06:38+00:00","description":"N\u00e9zd meg, hogy milyen n\u0151i t\u00e1sk\u00e1k \u00e9s cip\u0151k lesznek az uralkod\u00f3 sl\u00e1gerek 2023 tavasz\u00e1n! A CCC-n\u00e9l biztosan megtal\u00e1lod a t\u00f6k\u00e9letes darabot!","breadcrumb":{"@id":"https:\/\/blog.ccc.eu\/hu\/2023-as-tavaszi-trendek-nezd-meg-mi-lesz-a-divat\/#breadcrumb"},"inLanguage":"hu","potentialAction":[{"@type":"ReadAction","target":["https:\/\/blog.ccc.eu\/hu\/2023-as-tavaszi-trendek-nezd-meg-mi-lesz-a-divat\/"]}]},{"@type":"ImageObject","inLanguage":"hu","@id":"https:\/\/blog.ccc.eu\/hu\/2023-as-tavaszi-trendek-nezd-meg-mi-lesz-a-divat\/#primaryimage","url":"https:\/\/blog.ccc.eu\/hu\/wp-content\/uploads\/2023\/01\/Jenny-Fairy-LB-AW22_Shot-12_2216_ext-Copy.jpg","contentUrl":"https:\/\/blog.ccc.eu\/hu\/wp-content\/uploads\/2023\/01\/Jenny-Fairy-LB-AW22_Shot-12_2216_ext-Copy.jpg","width":1200,"height":655,"caption":"CCC 2023 trendek"},{"@type":"BreadcrumbList","@id":"https:\/\/blog.ccc.eu\/hu\/2023-as-tavaszi-trendek-nezd-meg-mi-lesz-a-divat\/#breadcrumb","itemListElement":[{"@type":"ListItem","position":1,"name":"Strona g\u0142\u00f3wna","item":"https:\/\/blog.ccc.eu\/hu\/"},{"@type":"ListItem","position":2,"name":"2023-as tavaszi trendek! N\u00e9zd meg, mi lesz a divat!"}]},{"@type":"WebSite","@id":"https:\/\/blog.ccc.eu\/hu\/#website","url":"https:\/\/blog.ccc.eu\/hu\/","name":"CCC Fashion blog","description":"Az \u00d6n helye tele van divatihletekkel","publisher":{"@id":"https:\/\/blog.ccc.eu\/hu\/#organization"},"potentialAction":[{"@type":"SearchAction","target":{"@type":"EntryPoint","urlTemplate":"https:\/\/blog.ccc.eu\/hu\/?s={search_term_string}"},"query-input":{"@type":"PropertyValueSpecification","valueRequired":true,"valueName":"search_term_string"}}],"inLanguage":"hu"},{"@type":"Organization","@id":"https:\/\/blog.ccc.eu\/hu\/#organization","name":"CCC S.A.","url":"https:\/\/blog.ccc.eu\/hu\/","logo":{"@type":"ImageObject","inLanguage":"hu","@id":"https:\/\/blog.ccc.eu\/hu\/#\/schema\/logo\/image\/","url":"https:\/\/blog.ccc.eu\/hu\/wp-content\/uploads\/2021\/11\/logo_ccc.png","contentUrl":"https:\/\/blog.ccc.eu\/hu\/wp-content\/uploads\/2021\/11\/logo_ccc.png","width":730,"height":270,"caption":"CCC S.A."},"image":{"@id":"https:\/\/blog.ccc.eu\/hu\/#\/schema\/logo\/image\/"}},{"@type":"Person","@id":"https:\/\/blog.ccc.eu\/hu\/#\/schema\/person\/b37d4e58a15b8cc6b1339218cfeb7c10","name":"Beatrix Korosi","image":{"@type":"ImageObject","inLanguage":"hu","@id":"https:\/\/blog.ccc.eu\/hu\/#\/schema\/person\/image\/","url":"https:\/\/blog.ccc.eu\/hu\/wp-content\/uploads\/2022\/11\/Bea-150x150.jpg","contentUrl":"https:\/\/blog.ccc.eu\/hu\/wp-content\/uploads\/2022\/11\/Bea-150x150.jpg","caption":"Beatrix Korosi"},"url":"https:\/\/blog.ccc.eu\/hu\/author\/beatrix-korosi\/"}]}},"_links":{"self":[{"href":"https:\/\/blog.ccc.eu\/hu\/wp-json\/wp\/v2\/posts\/7383","targetHints":{"allow":["GET"]}}],"collection":[{"href":"https:\/\/blog.ccc.eu\/hu\/wp-json\/wp\/v2\/posts"}],"about":[{"href":"https:\/\/blog.ccc.eu\/hu\/wp-json\/wp\/v2\/types\/post"}],"author":[{"embeddable":true,"href":"https:\/\/blog.ccc.eu\/hu\/wp-json\/wp\/v2\/users\/22"}],"replies":[{"embeddable":true,"href":"https:\/\/blog.ccc.eu\/hu\/wp-json\/wp\/v2\/comments?post=7383"}],"version-history":[{"count":8,"href":"https:\/\/blog.ccc.eu\/hu\/wp-json\/wp\/v2\/posts\/7383\/revisions"}],"predecessor-version":[{"id":8599,"href":"https:\/\/blog.ccc.eu\/hu\/wp-json\/wp\/v2\/posts\/7383\/revisions\/8599"}],"wp:featuredmedia":[{"embeddable":true,"href":"https:\/\/blog.ccc.eu\/hu\/wp-json\/wp\/v2\/media\/7387"}],"wp:attachment":[{"href":"https:\/\/blog.ccc.eu\/hu\/wp-json\/wp\/v2\/media?parent=7383"}],"wp:term":[{"taxonomy":"category","embeddable":true,"href":"https:\/\/blog.ccc.eu\/hu\/wp-json\/wp\/v2\/categories?post=7383"},{"taxonomy":"post_tag","embeddable":true,"href":"https:\/\/blog.ccc.eu\/hu\/wp-json\/wp\/v2\/tags?post=7383"}],"curies":[{"name":"wp","href":"https:\/\/api.w.org\/{rel}","templated":true}]}}