{"id":7819,"date":"2023-03-31T09:27:00","date_gmt":"2023-03-31T07:27:00","guid":{"rendered":"https:\/\/blog.ccc.eu\/hu\/?p=7819"},"modified":"2023-04-03T09:27:56","modified_gmt":"2023-04-03T07:27:56","slug":"ccc-x-adidas-classic-vibes-kollekcio","status":"publish","type":"post","link":"https:\/\/blog.ccc.eu\/hu\/ccc-x-adidas-classic-vibes-kollekcio\/","title":{"rendered":"CCC x adidas &#8211; &#8216;Classic vibes&#8217; kollekci\u00f3"},"content":{"rendered":"\n<p><strong><b>Fejezd ki magad az adidas m\u00e1rka id\u0151tlen kollekci\u00f3j\u00e1val! Az \u00faj CCC x adidas &#8222;Classic vibes&#8221; kamp\u00e1nyban a fiatal gener\u00e1ci\u00f3 hangja sz\u00f3lal meg, amely inspir\u00e1lja \u00e9s b\u00e1tor\u00edtja t\u00e1rsaikat, hogy b\u00e1tran fejezz\u00e9k ki \u00f6nmagukat. <\/b>Az \u00faj CCC x adidas<b> kollekci\u00f3ban klasszikusok jelennek meg egy sportos minimalizmussal teli, kort\u00e1rs v\u00e1ltozatban.<\/b><\/strong><\/p>\n\n\n\n<figure class=\"wp-block-gallery has-nested-images columns-default is-cropped wp-block-gallery-1 is-layout-flex wp-block-gallery-is-layout-flex\">\n<figure class=\"wp-block-image size-large\"><img loading=\"lazy\" decoding=\"async\" width=\"656\" height=\"875\" data-id=\"7822\" src=\"https:\/\/blog.ccc.eu\/hu\/wp-content\/uploads\/2023\/03\/230306_CCC_1277_r2.jpg\" alt=\"\" class=\"wp-image-7822\" srcset=\"https:\/\/blog.ccc.eu\/hu\/wp-content\/uploads\/2023\/03\/230306_CCC_1277_r2.jpg 656w, https:\/\/blog.ccc.eu\/hu\/wp-content\/uploads\/2023\/03\/230306_CCC_1277_r2-225x300.jpg 225w, https:\/\/blog.ccc.eu\/hu\/wp-content\/uploads\/2023\/03\/230306_CCC_1277_r2-100x133.jpg 100w\" sizes=\"auto, (max-width: 656px) 100vw, 656px\" \/><\/figure>\n\n\n\n<figure class=\"wp-block-image size-large\"><img loading=\"lazy\" decoding=\"async\" width=\"765\" height=\"1020\" data-id=\"7823\" src=\"https:\/\/blog.ccc.eu\/hu\/wp-content\/uploads\/2023\/03\/230306_CCC_1354_final.jpg\" alt=\"\" class=\"wp-image-7823\" srcset=\"https:\/\/blog.ccc.eu\/hu\/wp-content\/uploads\/2023\/03\/230306_CCC_1354_final.jpg 765w, https:\/\/blog.ccc.eu\/hu\/wp-content\/uploads\/2023\/03\/230306_CCC_1354_final-225x300.jpg 225w, https:\/\/blog.ccc.eu\/hu\/wp-content\/uploads\/2023\/03\/230306_CCC_1354_final-100x133.jpg 100w\" sizes=\"auto, (max-width: 765px) 100vw, 765px\" \/><\/figure>\n<\/figure>\n\n\n\n<h2 class=\"wp-block-heading\">CCC x adidas &#8211; egy kamp\u00e1ny tele klasszikusokkal<\/h2>\n\n\n\n<p>Az adidas \u00e9s a CCC \u00faj kamp\u00e1nya az id\u0151tlen klasszikusokr\u00f3l sz\u00f3l, amelyek gener\u00e1ci\u00f3kat egyes\u00edtenek. A legn\u00e9pszer\u0171bb h\u00e1rom cs\u00edk, amely ruh\u00e1kon, cip\u0151k\u00f6n \u00e9s kieg\u00e9sz\u00edt\u0151k\u00f6n egyar\u00e1nt megjelenik, a m\u00e1rka \u00faj kollekci\u00f3j\u00e1ban felfriss\u00edtett v\u00e1ltozatban l\u00e1that\u00f3. Az adidas klasszikusai t\u00f6k\u00e9letes alapot jelentenek az eredeti st\u00edlusok megalkot\u00e1s\u00e1hoz, amelyekkel kifejezheted egy\u00e9ni karakteredet \u00e9s szem\u00e9lyis\u00e9gedet.<\/p>\n\n\n\n<figure class=\"wp-block-gallery has-nested-images columns-default is-cropped wp-block-gallery-2 is-layout-flex wp-block-gallery-is-layout-flex\">\n<figure class=\"wp-block-image size-large\"><img loading=\"lazy\" decoding=\"async\" width=\"768\" height=\"1024\" data-id=\"7824\" src=\"https:\/\/blog.ccc.eu\/hu\/wp-content\/uploads\/2023\/03\/230306_CCC_0163_final-768x1024-1.jpg\" alt=\"\" class=\"wp-image-7824\" srcset=\"https:\/\/blog.ccc.eu\/hu\/wp-content\/uploads\/2023\/03\/230306_CCC_0163_final-768x1024-1.jpg 768w, https:\/\/blog.ccc.eu\/hu\/wp-content\/uploads\/2023\/03\/230306_CCC_0163_final-768x1024-1-225x300.jpg 225w, https:\/\/blog.ccc.eu\/hu\/wp-content\/uploads\/2023\/03\/230306_CCC_0163_final-768x1024-1-100x133.jpg 100w\" sizes=\"auto, (max-width: 768px) 100vw, 768px\" \/><\/figure>\n\n\n\n<figure class=\"wp-block-image size-large\"><img loading=\"lazy\" decoding=\"async\" width=\"765\" height=\"1020\" data-id=\"7825\" src=\"https:\/\/blog.ccc.eu\/hu\/wp-content\/uploads\/2023\/03\/230306_CCC_0292_final.jpg\" alt=\"\" class=\"wp-image-7825\" srcset=\"https:\/\/blog.ccc.eu\/hu\/wp-content\/uploads\/2023\/03\/230306_CCC_0292_final.jpg 765w, https:\/\/blog.ccc.eu\/hu\/wp-content\/uploads\/2023\/03\/230306_CCC_0292_final-225x300.jpg 225w, https:\/\/blog.ccc.eu\/hu\/wp-content\/uploads\/2023\/03\/230306_CCC_0292_final-100x133.jpg 100w\" sizes=\"auto, (max-width: 765px) 100vw, 765px\" \/><\/figure>\n<\/figure>\n\n\n\n<h2 class=\"wp-block-heading\">Mit tal\u00e1lhatunk a &#8216;Classic vibes&#8217; kollekci\u00f3ban?<\/h2>\n\n\n\n<p>Nosztalgikus hangulat \u00e9s \u00f6r\u00f6k klasszikusok uralkodnak az adidas \u00faj kollekci\u00f3j\u00e1ban. Egyszer\u0171 form\u00e1k, amelyek gener\u00e1ci\u00f3k \u00f3ta bev\u00e1ltak, \u00e9s egy univerz\u00e1lis sz\u00ednvil\u00e1g, amelyn\u00e9l a fekete \u00e9s a feh\u00e9r domin\u00e1l. A minimalista diz\u00e1jn, a sportos eszt\u00e9tika \u00e9s a kort\u00e1rs szab\u00e1sok olyan egyedi megjelen\u00e9st hoznak l\u00e9tre, amely t\u00f6k\u00e9letes tavaszra.<\/p>\n\n\n\n<p>A kollekci\u00f3 divatos sportcip\u0151ket tartalmaz, amelyekb\u0151l nem hi\u00e1nyoznak a modern elemek \u00e9s a kiss\u00e9 futurisztikus diz\u00e1jn sem, megsz\u00f3rva a m\u00e1rka gy\u00f6ny\u00f6r\u0171, hagyom\u00e1nyos diz\u00e1jnj\u00e1val. A l\u00e1bbelik mellett log\u00f3val ell\u00e1tott pul\u00f3verek, klasszikus r\u00f6vidnadr\u00e1gok, joggerek, p\u00f3l\u00f3k, valamint h\u00e1tizs\u00e1kok \u00e9s t\u00e1sk\u00e1k is megtal\u00e1lhat\u00f3k XS-t\u0151l XL m\u00e9retig.<\/p>\n\n\n\n\n\n\n<h2 class=\"wp-block-heading\">Hogyan viseld az adidas leg\u00fajabb kollekci\u00f3j\u00e1t?<\/h2>\n\n\n\n<p>A sportcip\u0151k t\u00f6k\u00e9letesen p\u00e1ros\u00edthat\u00f3k joggerrel, kapucnis pul\u00f3verrel \u00e9s egy oversized farmerdzsekivel vagy bomberdzsekivel, \u00edgy t\u00f6k\u00e9letes streetwear megjelen\u00e9st hozhatsz l\u00e9tre.<\/p>\n\n\n\n<p>A n\u0151i v\u00e1ltozat pedig a 2023-ban divatos sportos csillog\u00e1sra utal. Kombin\u00e1ld b\u0151sz\u00e1r\u00fa farmerodat vagy cargo nadr\u00e1godat egy klasszikus adidas l\u00e1bbelivel, egy r\u00f6vid fels\u0151vel vagy p\u00f3l\u00f3val, valamint egy bomberdzsekivel.<\/p>\n\n\n\n<p>Hallgasd meg egy gener\u00e1ci\u00f3 hangj\u00e1t az \u00faj adidas kollekci\u00f3ban, amely kiz\u00e1r\u00f3lag a CCC-ben kaphat\u00f3. Nem sz\u00e1m\u00edt, h\u00e1ny \u00e9ves vagy, vagy milyen st\u00edlust r\u00e9szes\u00edtesz el\u0151nyben, az adidas megb\u00edzhat\u00f3 klasszikusaival olyan \u00f6lt\u00f6z\u00e9keket hozhatsz l\u00e9tre, amelyek kifejezik a szem\u00e9lyis\u00e9gedet, mik\u00f6zben divatosak, st\u00edlusosak \u00e9s tele vannak mindennapi k\u00e9nyelemmel.<\/p>\n\n\n\n<figure class=\"wp-block-gallery has-nested-images columns-default is-cropped wp-block-gallery-3 is-layout-flex wp-block-gallery-is-layout-flex\">\n<figure class=\"wp-block-image size-large\"><img loading=\"lazy\" decoding=\"async\" width=\"768\" height=\"1024\" data-id=\"7827\" src=\"https:\/\/blog.ccc.eu\/hu\/wp-content\/uploads\/2023\/03\/230306_CCC_1435-768x1024-1.jpg\" alt=\"\" class=\"wp-image-7827\" srcset=\"https:\/\/blog.ccc.eu\/hu\/wp-content\/uploads\/2023\/03\/230306_CCC_1435-768x1024-1.jpg 768w, https:\/\/blog.ccc.eu\/hu\/wp-content\/uploads\/2023\/03\/230306_CCC_1435-768x1024-1-225x300.jpg 225w, https:\/\/blog.ccc.eu\/hu\/wp-content\/uploads\/2023\/03\/230306_CCC_1435-768x1024-1-100x133.jpg 100w\" sizes=\"auto, (max-width: 768px) 100vw, 768px\" \/><\/figure>\n\n\n\n<figure class=\"wp-block-image size-large\"><img loading=\"lazy\" decoding=\"async\" width=\"677\" height=\"875\" data-id=\"7828\" src=\"https:\/\/blog.ccc.eu\/hu\/wp-content\/uploads\/2023\/03\/230306_CCC_1667_r3.jpg\" alt=\"\" class=\"wp-image-7828\" srcset=\"https:\/\/blog.ccc.eu\/hu\/wp-content\/uploads\/2023\/03\/230306_CCC_1667_r3.jpg 677w, https:\/\/blog.ccc.eu\/hu\/wp-content\/uploads\/2023\/03\/230306_CCC_1667_r3-232x300.jpg 232w, https:\/\/blog.ccc.eu\/hu\/wp-content\/uploads\/2023\/03\/230306_CCC_1667_r3-100x129.jpg 100w\" sizes=\"auto, (max-width: 677px) 100vw, 677px\" \/><\/figure>\n<\/figure>\n\n\n\n<p>Fedezd fel az Adidas m\u00e1rka st\u00edlusos darabjait&nbsp;<a href=\"https:\/\/ccc.eu\/hu\/sklepy\">CCC \u00fczleteinkben<\/a>,&nbsp;<a href=\"https:\/\/ccc.eu\/hu\/\">webshopunkban<\/a>, \u00e9s az&nbsp;<a href=\"https:\/\/ccc.eu\/hu\/mobile-app\">alkalmaz\u00e1sban<\/a>. Legy\u00e9l&nbsp;<a href=\"https:\/\/ccc.eu\/hu\/klub-ccc\">CCC klubtag<\/a>&nbsp;is, \u00e9s \u00e9lvezd a k\u00e9nyelmes \u00e9s kedvezm\u00e9nyes v\u00e1s\u00e1rl\u00e1si lehet\u0151s\u00e9geket! K\u00f6vesd vel\u00fcnk a divatot&nbsp;<a href=\"https:\/\/www.facebook.com\/CCC.Hungary\/\">Facebookon,<\/a>&nbsp;\u00e9s inspir\u00e1l\u00f3dj vel\u00fcnk az&nbsp;<a href=\"https:\/\/www.instagram.com\/cccshoesbags\/\">Instagramon<\/a>&nbsp;is!<\/p>\n","protected":false},"excerpt":{"rendered":"<p>Fejezd ki magad az adidas m\u00e1rka id\u0151tlen kollekci\u00f3j\u00e1val! Az \u00faj CCC x adidas &#8222;Classic vibes&#8221; kamp\u00e1nyban a fiatal gener\u00e1ci\u00f3 hangja sz\u00f3lal meg, amely inspir\u00e1lja \u00e9s b\u00e1tor\u00edtja t\u00e1rsaikat, hogy b\u00e1tran fejezz\u00e9k ki \u00f6nmagukat. Az \u00faj CCC x adidas kollekci\u00f3ban klasszikusok jelennek meg egy sportos minimalizmussal teli, kort\u00e1rs v\u00e1ltozatban. CCC x adidas &#8211; egy kamp\u00e1ny tele klasszikusokkal [&hellip;]<\/p>\n","protected":false},"author":22,"featured_media":7822,"comment_status":"open","ping_status":"open","sticky":false,"template":"","format":"standard","meta":{"_acf_changed":false,"footnotes":""},"categories":[432],"tags":[910,560,624,807],"class_list":["post-7819","post","type-post","status-publish","format-standard","has-post-thumbnail","hentry","category-ujdonsagok","tag-adidas","tag-ccc","tag-divat","tag-ujdonsag"],"acf":[],"yoast_head":"<!-- This site is optimized with the Yoast SEO plugin v26.9 - https:\/\/yoast.com\/product\/yoast-seo-wordpress\/ -->\n<title>CCC x adidas - &#039;Classic vibes&#039; kollekci\u00f3 - CCC Fashion blog<\/title>\n<meta name=\"description\" content=\"Ebben a kamp\u00e1nyban a Z gener\u00e1ci\u00f3 sz\u00f3lal fel, hogy \u00f6szt\u00f6n\u00f6zz\u00e9k t\u00e1rsaikat, merjenek \u00f6nmaguk lenni. Tekintsd meg az inspir\u00e1l\u00f3 darabokat! 2026\" \/>\n<meta name=\"robots\" content=\"index, follow, max-snippet:-1, max-image-preview:large, max-video-preview:-1\" \/>\n<link rel=\"canonical\" href=\"https:\/\/blog.ccc.eu\/hu\/ccc-x-adidas-classic-vibes-kollekcio\/\" \/>\n<meta property=\"og:locale\" content=\"hu_HU\" \/>\n<meta property=\"og:type\" content=\"article\" \/>\n<meta property=\"og:title\" content=\"CCC x adidas - &#039;Classic vibes&#039; kollekci\u00f3 - CCC Fashion blog\" \/>\n<meta property=\"og:description\" content=\"Ebben a kamp\u00e1nyban a Z gener\u00e1ci\u00f3 sz\u00f3lal fel, hogy \u00f6szt\u00f6n\u00f6zz\u00e9k t\u00e1rsaikat, merjenek \u00f6nmaguk lenni. Tekintsd meg az inspir\u00e1l\u00f3 darabokat!\" \/>\n<meta property=\"og:url\" content=\"https:\/\/blog.ccc.eu\/hu\/ccc-x-adidas-classic-vibes-kollekcio\/\" \/>\n<meta property=\"og:site_name\" content=\"CCC Fashion blog\" \/>\n<meta property=\"article:published_time\" content=\"2023-03-31T07:27:00+00:00\" \/>\n<meta property=\"article:modified_time\" content=\"2023-04-03T07:27:56+00:00\" \/>\n<meta property=\"og:image\" content=\"https:\/\/blog.ccc.eu\/hu\/wp-content\/uploads\/2023\/03\/230306_CCC_1277_r2.jpg\" \/>\n\t<meta property=\"og:image:width\" content=\"656\" \/>\n\t<meta property=\"og:image:height\" content=\"875\" \/>\n\t<meta property=\"og:image:type\" content=\"image\/jpeg\" \/>\n<meta name=\"author\" content=\"Beatrix Korosi\" \/>\n<meta name=\"twitter:card\" content=\"summary_large_image\" \/>\n<meta name=\"twitter:label1\" content=\"Szerz\u0151:\" \/>\n\t<meta name=\"twitter:data1\" content=\"Beatrix Korosi\" \/>\n\t<meta name=\"twitter:label2\" content=\"Becs\u00fclt olvas\u00e1si id\u0151\" \/>\n\t<meta name=\"twitter:data2\" content=\"4 perc\" \/>\n<script type=\"application\/ld+json\" class=\"yoast-schema-graph\">{\"@context\":\"https:\/\/schema.org\",\"@graph\":[{\"@type\":\"Article\",\"@id\":\"https:\/\/blog.ccc.eu\/hu\/ccc-x-adidas-classic-vibes-kollekcio\/#article\",\"isPartOf\":{\"@id\":\"https:\/\/blog.ccc.eu\/hu\/ccc-x-adidas-classic-vibes-kollekcio\/\"},\"author\":{\"name\":\"Beatrix Korosi\",\"@id\":\"https:\/\/blog.ccc.eu\/hu\/#\/schema\/person\/b37d4e58a15b8cc6b1339218cfeb7c10\"},\"headline\":\"CCC x adidas &#8211; &#8216;Classic vibes&#8217; kollekci\u00f3\",\"datePublished\":\"2023-03-31T07:27:00+00:00\",\"dateModified\":\"2023-04-03T07:27:56+00:00\",\"mainEntityOfPage\":{\"@id\":\"https:\/\/blog.ccc.eu\/hu\/ccc-x-adidas-classic-vibes-kollekcio\/\"},\"wordCount\":528,\"commentCount\":0,\"publisher\":{\"@id\":\"https:\/\/blog.ccc.eu\/hu\/#organization\"},\"image\":{\"@id\":\"https:\/\/blog.ccc.eu\/hu\/ccc-x-adidas-classic-vibes-kollekcio\/#primaryimage\"},\"thumbnailUrl\":\"https:\/\/blog.ccc.eu\/hu\/wp-content\/uploads\/2023\/03\/230306_CCC_1277_r2.jpg\",\"keywords\":[\"adidas\",\"CCC\",\"divat\",\"\u00fajdons\u00e1g\"],\"articleSection\":[\"\u00daJDONS\u00c1GOK\"],\"inLanguage\":\"hu\",\"potentialAction\":[{\"@type\":\"CommentAction\",\"name\":\"Comment\",\"target\":[\"https:\/\/blog.ccc.eu\/hu\/ccc-x-adidas-classic-vibes-kollekcio\/#respond\"]}]},{\"@type\":\"WebPage\",\"@id\":\"https:\/\/blog.ccc.eu\/hu\/ccc-x-adidas-classic-vibes-kollekcio\/\",\"url\":\"https:\/\/blog.ccc.eu\/hu\/ccc-x-adidas-classic-vibes-kollekcio\/\",\"name\":\"CCC x adidas - 'Classic vibes' kollekci\u00f3 - CCC Fashion blog\",\"isPartOf\":{\"@id\":\"https:\/\/blog.ccc.eu\/hu\/#website\"},\"primaryImageOfPage\":{\"@id\":\"https:\/\/blog.ccc.eu\/hu\/ccc-x-adidas-classic-vibes-kollekcio\/#primaryimage\"},\"image\":{\"@id\":\"https:\/\/blog.ccc.eu\/hu\/ccc-x-adidas-classic-vibes-kollekcio\/#primaryimage\"},\"thumbnailUrl\":\"https:\/\/blog.ccc.eu\/hu\/wp-content\/uploads\/2023\/03\/230306_CCC_1277_r2.jpg\",\"datePublished\":\"2023-03-31T07:27:00+00:00\",\"dateModified\":\"2023-04-03T07:27:56+00:00\",\"description\":\"Ebben a kamp\u00e1nyban a Z gener\u00e1ci\u00f3 sz\u00f3lal fel, hogy \u00f6szt\u00f6n\u00f6zz\u00e9k t\u00e1rsaikat, merjenek \u00f6nmaguk lenni. Tekintsd meg az inspir\u00e1l\u00f3 darabokat!\",\"breadcrumb\":{\"@id\":\"https:\/\/blog.ccc.eu\/hu\/ccc-x-adidas-classic-vibes-kollekcio\/#breadcrumb\"},\"inLanguage\":\"hu\",\"potentialAction\":[{\"@type\":\"ReadAction\",\"target\":[\"https:\/\/blog.ccc.eu\/hu\/ccc-x-adidas-classic-vibes-kollekcio\/\"]}]},{\"@type\":\"ImageObject\",\"inLanguage\":\"hu\",\"@id\":\"https:\/\/blog.ccc.eu\/hu\/ccc-x-adidas-classic-vibes-kollekcio\/#primaryimage\",\"url\":\"https:\/\/blog.ccc.eu\/hu\/wp-content\/uploads\/2023\/03\/230306_CCC_1277_r2.jpg\",\"contentUrl\":\"https:\/\/blog.ccc.eu\/hu\/wp-content\/uploads\/2023\/03\/230306_CCC_1277_r2.jpg\",\"width\":656,\"height\":875,\"caption\":\"adidas\"},{\"@type\":\"BreadcrumbList\",\"@id\":\"https:\/\/blog.ccc.eu\/hu\/ccc-x-adidas-classic-vibes-kollekcio\/#breadcrumb\",\"itemListElement\":[{\"@type\":\"ListItem\",\"position\":1,\"name\":\"Strona g\u0142\u00f3wna\",\"item\":\"https:\/\/blog.ccc.eu\/hu\/\"},{\"@type\":\"ListItem\",\"position\":2,\"name\":\"CCC x adidas &#8211; &#8216;Classic vibes&#8217; kollekci\u00f3\"}]},{\"@type\":\"WebSite\",\"@id\":\"https:\/\/blog.ccc.eu\/hu\/#website\",\"url\":\"https:\/\/blog.ccc.eu\/hu\/\",\"name\":\"CCC Fashion blog\",\"description\":\"Az \u00d6n helye tele van divatihletekkel\",\"publisher\":{\"@id\":\"https:\/\/blog.ccc.eu\/hu\/#organization\"},\"potentialAction\":[{\"@type\":\"SearchAction\",\"target\":{\"@type\":\"EntryPoint\",\"urlTemplate\":\"https:\/\/blog.ccc.eu\/hu\/?s={search_term_string}\"},\"query-input\":{\"@type\":\"PropertyValueSpecification\",\"valueRequired\":true,\"valueName\":\"search_term_string\"}}],\"inLanguage\":\"hu\"},{\"@type\":\"Organization\",\"@id\":\"https:\/\/blog.ccc.eu\/hu\/#organization\",\"name\":\"CCC S.A.\",\"url\":\"https:\/\/blog.ccc.eu\/hu\/\",\"logo\":{\"@type\":\"ImageObject\",\"inLanguage\":\"hu\",\"@id\":\"https:\/\/blog.ccc.eu\/hu\/#\/schema\/logo\/image\/\",\"url\":\"https:\/\/blog.ccc.eu\/hu\/wp-content\/uploads\/2021\/11\/logo_ccc.png\",\"contentUrl\":\"https:\/\/blog.ccc.eu\/hu\/wp-content\/uploads\/2021\/11\/logo_ccc.png\",\"width\":730,\"height\":270,\"caption\":\"CCC S.A.\"},\"image\":{\"@id\":\"https:\/\/blog.ccc.eu\/hu\/#\/schema\/logo\/image\/\"}},{\"@type\":\"Person\",\"@id\":\"https:\/\/blog.ccc.eu\/hu\/#\/schema\/person\/b37d4e58a15b8cc6b1339218cfeb7c10\",\"name\":\"Beatrix Korosi\",\"image\":{\"@type\":\"ImageObject\",\"inLanguage\":\"hu\",\"@id\":\"https:\/\/blog.ccc.eu\/hu\/#\/schema\/person\/image\/\",\"url\":\"https:\/\/blog.ccc.eu\/hu\/wp-content\/uploads\/2022\/11\/Bea-150x150.jpg\",\"contentUrl\":\"https:\/\/blog.ccc.eu\/hu\/wp-content\/uploads\/2022\/11\/Bea-150x150.jpg\",\"caption\":\"Beatrix Korosi\"},\"url\":\"https:\/\/blog.ccc.eu\/hu\/author\/beatrix-korosi\/\"}]}<\/script>\n<!-- \/ Yoast SEO plugin. -->","yoast_head_json":{"title":"CCC x adidas - 'Classic vibes' kollekci\u00f3 - CCC Fashion blog","description":"Ebben a kamp\u00e1nyban a Z gener\u00e1ci\u00f3 sz\u00f3lal fel, hogy \u00f6szt\u00f6n\u00f6zz\u00e9k t\u00e1rsaikat, merjenek \u00f6nmaguk lenni. Tekintsd meg az inspir\u00e1l\u00f3 darabokat! 2026","robots":{"index":"index","follow":"follow","max-snippet":"max-snippet:-1","max-image-preview":"max-image-preview:large","max-video-preview":"max-video-preview:-1"},"canonical":"https:\/\/blog.ccc.eu\/hu\/ccc-x-adidas-classic-vibes-kollekcio\/","og_locale":"hu_HU","og_type":"article","og_title":"CCC x adidas - 'Classic vibes' kollekci\u00f3 - CCC Fashion blog","og_description":"Ebben a kamp\u00e1nyban a Z gener\u00e1ci\u00f3 sz\u00f3lal fel, hogy \u00f6szt\u00f6n\u00f6zz\u00e9k t\u00e1rsaikat, merjenek \u00f6nmaguk lenni. Tekintsd meg az inspir\u00e1l\u00f3 darabokat!","og_url":"https:\/\/blog.ccc.eu\/hu\/ccc-x-adidas-classic-vibes-kollekcio\/","og_site_name":"CCC Fashion blog","article_published_time":"2023-03-31T07:27:00+00:00","article_modified_time":"2023-04-03T07:27:56+00:00","og_image":[{"width":656,"height":875,"url":"https:\/\/blog.ccc.eu\/hu\/wp-content\/uploads\/2023\/03\/230306_CCC_1277_r2.jpg","type":"image\/jpeg"}],"author":"Beatrix Korosi","twitter_card":"summary_large_image","twitter_misc":{"Szerz\u0151:":"Beatrix Korosi","Becs\u00fclt olvas\u00e1si id\u0151":"4 perc"},"schema":{"@context":"https:\/\/schema.org","@graph":[{"@type":"Article","@id":"https:\/\/blog.ccc.eu\/hu\/ccc-x-adidas-classic-vibes-kollekcio\/#article","isPartOf":{"@id":"https:\/\/blog.ccc.eu\/hu\/ccc-x-adidas-classic-vibes-kollekcio\/"},"author":{"name":"Beatrix Korosi","@id":"https:\/\/blog.ccc.eu\/hu\/#\/schema\/person\/b37d4e58a15b8cc6b1339218cfeb7c10"},"headline":"CCC x adidas &#8211; &#8216;Classic vibes&#8217; kollekci\u00f3","datePublished":"2023-03-31T07:27:00+00:00","dateModified":"2023-04-03T07:27:56+00:00","mainEntityOfPage":{"@id":"https:\/\/blog.ccc.eu\/hu\/ccc-x-adidas-classic-vibes-kollekcio\/"},"wordCount":528,"commentCount":0,"publisher":{"@id":"https:\/\/blog.ccc.eu\/hu\/#organization"},"image":{"@id":"https:\/\/blog.ccc.eu\/hu\/ccc-x-adidas-classic-vibes-kollekcio\/#primaryimage"},"thumbnailUrl":"https:\/\/blog.ccc.eu\/hu\/wp-content\/uploads\/2023\/03\/230306_CCC_1277_r2.jpg","keywords":["adidas","CCC","divat","\u00fajdons\u00e1g"],"articleSection":["\u00daJDONS\u00c1GOK"],"inLanguage":"hu","potentialAction":[{"@type":"CommentAction","name":"Comment","target":["https:\/\/blog.ccc.eu\/hu\/ccc-x-adidas-classic-vibes-kollekcio\/#respond"]}]},{"@type":"WebPage","@id":"https:\/\/blog.ccc.eu\/hu\/ccc-x-adidas-classic-vibes-kollekcio\/","url":"https:\/\/blog.ccc.eu\/hu\/ccc-x-adidas-classic-vibes-kollekcio\/","name":"CCC x adidas - 'Classic vibes' kollekci\u00f3 - CCC Fashion blog","isPartOf":{"@id":"https:\/\/blog.ccc.eu\/hu\/#website"},"primaryImageOfPage":{"@id":"https:\/\/blog.ccc.eu\/hu\/ccc-x-adidas-classic-vibes-kollekcio\/#primaryimage"},"image":{"@id":"https:\/\/blog.ccc.eu\/hu\/ccc-x-adidas-classic-vibes-kollekcio\/#primaryimage"},"thumbnailUrl":"https:\/\/blog.ccc.eu\/hu\/wp-content\/uploads\/2023\/03\/230306_CCC_1277_r2.jpg","datePublished":"2023-03-31T07:27:00+00:00","dateModified":"2023-04-03T07:27:56+00:00","description":"Ebben a kamp\u00e1nyban a Z gener\u00e1ci\u00f3 sz\u00f3lal fel, hogy \u00f6szt\u00f6n\u00f6zz\u00e9k t\u00e1rsaikat, merjenek \u00f6nmaguk lenni. Tekintsd meg az inspir\u00e1l\u00f3 darabokat!","breadcrumb":{"@id":"https:\/\/blog.ccc.eu\/hu\/ccc-x-adidas-classic-vibes-kollekcio\/#breadcrumb"},"inLanguage":"hu","potentialAction":[{"@type":"ReadAction","target":["https:\/\/blog.ccc.eu\/hu\/ccc-x-adidas-classic-vibes-kollekcio\/"]}]},{"@type":"ImageObject","inLanguage":"hu","@id":"https:\/\/blog.ccc.eu\/hu\/ccc-x-adidas-classic-vibes-kollekcio\/#primaryimage","url":"https:\/\/blog.ccc.eu\/hu\/wp-content\/uploads\/2023\/03\/230306_CCC_1277_r2.jpg","contentUrl":"https:\/\/blog.ccc.eu\/hu\/wp-content\/uploads\/2023\/03\/230306_CCC_1277_r2.jpg","width":656,"height":875,"caption":"adidas"},{"@type":"BreadcrumbList","@id":"https:\/\/blog.ccc.eu\/hu\/ccc-x-adidas-classic-vibes-kollekcio\/#breadcrumb","itemListElement":[{"@type":"ListItem","position":1,"name":"Strona g\u0142\u00f3wna","item":"https:\/\/blog.ccc.eu\/hu\/"},{"@type":"ListItem","position":2,"name":"CCC x adidas &#8211; &#8216;Classic vibes&#8217; kollekci\u00f3"}]},{"@type":"WebSite","@id":"https:\/\/blog.ccc.eu\/hu\/#website","url":"https:\/\/blog.ccc.eu\/hu\/","name":"CCC Fashion blog","description":"Az \u00d6n helye tele van divatihletekkel","publisher":{"@id":"https:\/\/blog.ccc.eu\/hu\/#organization"},"potentialAction":[{"@type":"SearchAction","target":{"@type":"EntryPoint","urlTemplate":"https:\/\/blog.ccc.eu\/hu\/?s={search_term_string}"},"query-input":{"@type":"PropertyValueSpecification","valueRequired":true,"valueName":"search_term_string"}}],"inLanguage":"hu"},{"@type":"Organization","@id":"https:\/\/blog.ccc.eu\/hu\/#organization","name":"CCC S.A.","url":"https:\/\/blog.ccc.eu\/hu\/","logo":{"@type":"ImageObject","inLanguage":"hu","@id":"https:\/\/blog.ccc.eu\/hu\/#\/schema\/logo\/image\/","url":"https:\/\/blog.ccc.eu\/hu\/wp-content\/uploads\/2021\/11\/logo_ccc.png","contentUrl":"https:\/\/blog.ccc.eu\/hu\/wp-content\/uploads\/2021\/11\/logo_ccc.png","width":730,"height":270,"caption":"CCC S.A."},"image":{"@id":"https:\/\/blog.ccc.eu\/hu\/#\/schema\/logo\/image\/"}},{"@type":"Person","@id":"https:\/\/blog.ccc.eu\/hu\/#\/schema\/person\/b37d4e58a15b8cc6b1339218cfeb7c10","name":"Beatrix Korosi","image":{"@type":"ImageObject","inLanguage":"hu","@id":"https:\/\/blog.ccc.eu\/hu\/#\/schema\/person\/image\/","url":"https:\/\/blog.ccc.eu\/hu\/wp-content\/uploads\/2022\/11\/Bea-150x150.jpg","contentUrl":"https:\/\/blog.ccc.eu\/hu\/wp-content\/uploads\/2022\/11\/Bea-150x150.jpg","caption":"Beatrix Korosi"},"url":"https:\/\/blog.ccc.eu\/hu\/author\/beatrix-korosi\/"}]}},"_links":{"self":[{"href":"https:\/\/blog.ccc.eu\/hu\/wp-json\/wp\/v2\/posts\/7819","targetHints":{"allow":["GET"]}}],"collection":[{"href":"https:\/\/blog.ccc.eu\/hu\/wp-json\/wp\/v2\/posts"}],"about":[{"href":"https:\/\/blog.ccc.eu\/hu\/wp-json\/wp\/v2\/types\/post"}],"author":[{"embeddable":true,"href":"https:\/\/blog.ccc.eu\/hu\/wp-json\/wp\/v2\/users\/22"}],"replies":[{"embeddable":true,"href":"https:\/\/blog.ccc.eu\/hu\/wp-json\/wp\/v2\/comments?post=7819"}],"version-history":[{"count":10,"href":"https:\/\/blog.ccc.eu\/hu\/wp-json\/wp\/v2\/posts\/7819\/revisions"}],"predecessor-version":[{"id":7895,"href":"https:\/\/blog.ccc.eu\/hu\/wp-json\/wp\/v2\/posts\/7819\/revisions\/7895"}],"wp:featuredmedia":[{"embeddable":true,"href":"https:\/\/blog.ccc.eu\/hu\/wp-json\/wp\/v2\/media\/7822"}],"wp:attachment":[{"href":"https:\/\/blog.ccc.eu\/hu\/wp-json\/wp\/v2\/media?parent=7819"}],"wp:term":[{"taxonomy":"category","embeddable":true,"href":"https:\/\/blog.ccc.eu\/hu\/wp-json\/wp\/v2\/categories?post=7819"},{"taxonomy":"post_tag","embeddable":true,"href":"https:\/\/blog.ccc.eu\/hu\/wp-json\/wp\/v2\/tags?post=7819"}],"curies":[{"name":"wp","href":"https:\/\/api.w.org\/{rel}","templated":true}]}}