{"id":7875,"date":"2023-04-06T11:51:04","date_gmt":"2023-04-06T09:51:04","guid":{"rendered":"https:\/\/blog.ccc.eu\/hu\/?p=7875"},"modified":"2023-04-06T16:16:27","modified_gmt":"2023-04-06T14:16:27","slug":"eskuvoi-cipok-2023-ban-nezd-meg-a-legdivatosabb-modelleket","status":"publish","type":"post","link":"https:\/\/blog.ccc.eu\/hu\/eskuvoi-cipok-2023-ban-nezd-meg-a-legdivatosabb-modelleket\/","title":{"rendered":"Esk\u00fcv\u0151i cip\u0151k 2023-ban. N\u00e9zd meg a legdivatosabb modelleket!"},"content":{"rendered":"\n<p><b>K\u00f6zeleg a nagy napod? Kiv\u00e1lasztottad m\u00e1r a menyasszonyi ruh\u00e1t, \u00e9s m\u00e1r csak egy gy\u00f6ny\u00f6r\u0171 cip\u0151re van sz\u00fcks\u00e9ged? Vagy tal\u00e1n csak esk\u00fcv\u0151i inspir\u00e1ci\u00f3t keresel? J\u00f3 helyen j\u00e1rsz! Seg\u00edt\u00fcnk megtal\u00e1lni a legdivatosabb \u00e9s legk\u00e9nyelmesebb cip\u0151t az esk\u00fcv\u0151dre, amely t\u00f6k\u00e9letesen fog passzolni a ruh\u00e1dhoz \u00e9s kiemeli a st\u00edlusodat is egyben. Tekintsd meg az esk\u00fcv\u0151i divat aktu\u00e1lis trendjeit, \u00e9s tal\u00e1ld meg a t\u00f6k\u00e9letes esk\u00fcv\u0151i cip\u0151t a CCC-n\u00e9l!<\/b><\/p>\n\n\n\n<figure class=\"wp-block-gallery has-nested-images columns-default is-cropped wp-block-gallery-1 is-layout-flex wp-block-gallery-is-layout-flex\">\n<figure class=\"wp-block-image size-large\"><img loading=\"lazy\" decoding=\"async\" width=\"1024\" height=\"682\" data-id=\"7882\" src=\"https:\/\/blog.ccc.eu\/hu\/wp-content\/uploads\/2023\/03\/buty-slubne-1024x682-2.jpg\" alt=\"\" class=\"wp-image-7882\" srcset=\"https:\/\/blog.ccc.eu\/hu\/wp-content\/uploads\/2023\/03\/buty-slubne-1024x682-2.jpg 1024w, https:\/\/blog.ccc.eu\/hu\/wp-content\/uploads\/2023\/03\/buty-slubne-1024x682-2-300x200.jpg 300w, https:\/\/blog.ccc.eu\/hu\/wp-content\/uploads\/2023\/03\/buty-slubne-1024x682-2-768x512.jpg 768w, https:\/\/blog.ccc.eu\/hu\/wp-content\/uploads\/2023\/03\/buty-slubne-1024x682-2-100x67.jpg 100w\" sizes=\"auto, (max-width: 1024px) 100vw, 1024px\" \/><\/figure>\n<\/figure>\n\n\n\n<h2 class=\"wp-block-heading\">Milyen cip\u0151t v\u00e1lassz az esk\u00fcv\u0151dre?<\/h2>\n\n\n\n<p>Mindenekel\u0151tt a cip\u0151nek illeszkednie kell a st\u00edlusodhoz. A jelenlegi trendeket m\u00e9g mindig a csillog\u00f3 vagy krist\u00e1lyos elemekkel d\u00edsz\u00edtett feh\u00e9r l\u00e1bbelik domin\u00e1lj\u00e1k, de egyre gyakrabban jelennek meg a pasztellsz\u00ednek is, k\u00f6zt\u00fck a k\u00e9k vagy a r\u00f3zsasz\u00edn \u00e9s az er\u0151s piros \u00e1rnyalatok is.<\/p>\n\n\n\n<h2 class=\"wp-block-heading\">Esk\u00fcv\u0151i cip\u0151k a CCC-n\u00e9l<\/h2>\n\n\n\n<p>Legjobb m\u00e1rk\u00e1ink k\u00edn\u00e1lat\u00e1ban olyan cip\u0151ket tal\u00e1lsz, amelyek biztosan passzolnak az esk\u00fcv\u0151i st\u00edlusodhoz. A nagyon kifinomult \u00e9s minimalista eszt\u00e9tik\u00e1t\u00f3l az extravag\u00e1ns megold\u00e1sokig \u00e9s kombin\u00e1ci\u00f3kig, amelyek kiemelik ruh\u00e1d karakter\u00e9t. Kollekci\u00f3inkban egyar\u00e1nt tal\u00e1lsz klasszikusokat, de olyan megold\u00e1sokat is, amelyek mindazok sz\u00e1m\u00e1ra k\u00e9sz\u00fcltek, akik eredeti, vagy hihetetlen k\u00e9nyelmet ny\u00fajt\u00f3 darabokat keresnek. Tekintsd meg 2023 legjobb esk\u00fcv\u0151i cip\u0151it!<\/p>\n\n\n\n<h2 class=\"wp-block-heading\">Esk\u00fcv\u0151i magassark\u00fa<\/h2>\n\n\n\n<p>Val\u00f3sz\u00edn\u0171leg ez az egyik legn\u00e9pszer\u0171bb v\u00e1laszt\u00e1s, amely illik az id\u0151tlen klasszikus \u00e9s menyasszonyi eszt\u00e9tik\u00e1hoz. A CCC-n\u00e9l hagyom\u00e1nyos feh\u00e9r menyasszonyi t\u0171sark\u00fa cip\u0151ket tal\u00e1lsz, amelyeket gyakorlatilag b\u00e1rmilyen t\u00edpus\u00fa ruh\u00e1val p\u00e1ros\u00edthatsz! Ha nem \u00e9rzed j\u00f3l magad magassark\u00fa cip\u0151ben, akkor v\u00e1laszthatsz egy sz\u00f6gletes, alacsony sark\u00fa cip\u0151t is.<\/p>\n\n\n\n<p>A feh\u00e9r mellett gy\u00f6ny\u00f6r\u0171 pasztell \u00e1rnyalatok k\u00f6z\u00fcl is v\u00e1laszthatsz. A r\u00f3zsasz\u00edn \u00e9s a vil\u00e1gosk\u00e9k \u00e1rnyalatai v\u00e1ltozatoss\u00e1 teszik az esk\u00fcv\u0151i ruh\u00e1t! Az esk\u00fcv\u0151re ill\u0151 magassark\u00fakat a Lasocki, a Jenny Fairy vagy a DeeZee m\u00e1rk\u00e1k kollekci\u00f3iban tal\u00e1lhatod meg.<\/p>\n\n\n\n\n\n\n<h2 class=\"wp-block-heading\">Esk\u00fcv\u0151i szand\u00e1l<\/h2>\n\n\n\n<p>T\u00f6k\u00e9letes a ny\u00e1ri szezonban, ha az esk\u00fcv\u0151d id\u0151pontja a forr\u00f3 ny\u00e1ri h\u00f3napokra esik. Mindenk\u00e9ppen v\u00e1lassz  glamour eszt\u00e9tik\u00e1val ell\u00e1tott esk\u00fcv\u0151i szand\u00e1lt, azaz krist\u00e1lyos d\u00edsz\u00edt\u00e9ssel, d\u00edszes, egym\u00e1sba fon\u00f3d\u00f3 p\u00e1ntokkal \u00e9s magasabb sarokkal. B\u00e9zs \u00e9s a pasztellr\u00f3zsasz\u00edn \u00e1rnyalataiban is tal\u00e1lhatsz gy\u00f6ny\u00f6r\u0171, hagyom\u00e1nyos st\u00edlus\u00fa szand\u00e1lokat!<\/p>\n\n\n\n<p>A Jenny Fairy, a Quazi vagy a DeeZee m\u00e1rk\u00e1k k\u00edn\u00e1lat\u00e1ban tal\u00e1lsz teljesen nyitott szand\u00e1lokat, olyanokat, amelyeknek fedett orra \u00e9s nyitott sarka van, vagy fedett sarokkal \u00e9s szabad orral rendelkeznek.<\/p>\n\n\n\n\n\n\n<h2 class=\"wp-block-heading\">Esk\u00fcv\u0151i balerin\u00e1k<\/h2>\n\n\n\n<p>Jelenleg nagyon divatosak a Mary Jane cip\u0151k, \u00edgy ha lapos cip\u0151t v\u00e1lasztasz az esk\u00fcv\u0151dre, akkor ez lehet a legjobb v\u00e1laszt\u00e1s. Mindenk\u00e9ppen lakkozottat v\u00e1lassz! A balerin\u00e1k eset\u00e9ben a feh\u00e9r nyilv\u00e1nval\u00f3an nagyon j\u00f3l fog m\u0171k\u00f6dni, de v\u00e1laszthatsz r\u00f3zsasz\u00ednt, b\u00e9zst, valamint k\u00e9ket vagy piszt\u00e1ci\u00e1t is.<\/p>\n\n\n\n<p>Az esk\u00fcv\u0151i ruh\u00e1dhoz legjobban ill\u0151 balerin\u00e1kat a k\u00f6vetkez\u0151 m\u00e1rk\u00e1k kollekci\u00f3iban tal\u00e1lod: Jenny Fairy, Sergio Bardi, Lasocki vagy Gino Rossi.<\/p>\n\n\n\n\n\n\n<h2 class=\"wp-block-heading\">Esk\u00fcv\u0151i tornacip\u0151<\/h2>\n\n\n\n<p>Az ut\u00f3bbi id\u0151k egyik legn\u00e9pszer\u0171bb v\u00e1laszt\u00e1sai k\u00f6z\u00e9 tartoznak. T\u00f6k\u00e9letes v\u00e1laszt\u00e1s azoknak a n\u0151knek, akik \u00e9rt\u00e9kelik a k\u00e9nyelmet, \u00e9s a mindennapi st\u00edlusuk \u00e9s karakter\u00fck t\u00fckr\u00f6z\u0151dik a cip\u0151 form\u00e1j\u00e1ban!<\/p>\n\n\n\n<p>V\u00e1laszthatsz klasszikus feh\u00e9r tornacip\u0151ket a Converse, a Sprandi vagy a Vans k\u00edn\u00e1lat\u00e1b\u00f3l.<\/p>\n\n\n\n\n\n\n<p>N\u00e9zz sz\u00e9t az elb\u0171v\u00f6l\u0151 esk\u00fcv\u0151i l\u00e1bbelik k\u00edn\u00e1lat\u00e1ban&nbsp;<a href=\"https:\/\/ccc.eu\/hu\/sklepy\">CCC \u00fczleteinkben<\/a>,&nbsp;<a href=\"https:\/\/ccc.eu\/hu\/\">webshopunkban<\/a>, \u00e9s az&nbsp;<a href=\"https:\/\/ccc.eu\/hu\/mobile-app\">alkalmaz\u00e1sban<\/a>. Legy\u00e9l&nbsp;<a href=\"https:\/\/ccc.eu\/hu\/klub-ccc\">CCC klubtag<\/a>&nbsp;is, \u00e9s \u00e9lvezd a k\u00e9nyelmes \u00e9s kedvezm\u00e9nyes v\u00e1s\u00e1rl\u00e1si lehet\u0151s\u00e9geket! K\u00f6vesd vel\u00fcnk a divatot&nbsp;<a href=\"https:\/\/www.facebook.com\/CCC.Hungary\/\">Facebookon,<\/a>&nbsp;\u00e9s inspir\u00e1l\u00f3dj vel\u00fcnk az&nbsp;<a href=\"https:\/\/www.instagram.com\/cccshoesbags\/\">Instagramon<\/a>&nbsp;is!<\/p>\n","protected":false},"excerpt":{"rendered":"<p>K\u00f6zeleg a nagy napod? Kiv\u00e1lasztottad m\u00e1r a menyasszonyi ruh\u00e1t, \u00e9s m\u00e1r csak egy gy\u00f6ny\u00f6r\u0171 cip\u0151re van sz\u00fcks\u00e9ged? Vagy tal\u00e1n csak esk\u00fcv\u0151i inspir\u00e1ci\u00f3t keresel? J\u00f3 helyen j\u00e1rsz! Seg\u00edt\u00fcnk megtal\u00e1lni a legdivatosabb \u00e9s legk\u00e9nyelmesebb cip\u0151t az esk\u00fcv\u0151dre, amely t\u00f6k\u00e9letesen fog passzolni a ruh\u00e1dhoz \u00e9s kiemeli a st\u00edlusodat is egyben. Tekintsd meg az esk\u00fcv\u0151i divat aktu\u00e1lis trendjeit, \u00e9s [&hellip;]<\/p>\n","protected":false},"author":22,"featured_media":7882,"comment_status":"open","ping_status":"open","sticky":false,"template":"","format":"standard","meta":{"_acf_changed":false,"footnotes":""},"categories":[4,6],"tags":[1053,560,821,1064,804,617,732,786],"class_list":["post-7875","post","type-post","status-publish","format-standard","has-post-thumbnail","hentry","category-divat-tippek","category-trendek","tag-balerinak","tag-ccc","tag-divat-tippek","tag-eskuvoi-cpok","tag-magassarku","tag-szandal","tag-tornacipo","tag-trendek"],"acf":[],"yoast_head":"<!-- This site is optimized with the Yoast SEO plugin v26.9 - https:\/\/yoast.com\/product\/yoast-seo-wordpress\/ -->\n<title>Esk\u00fcv\u0151i cip\u0151k 2023-ban. N\u00e9zd meg a legdivatosabb modelleket! - CCC Fashion blog<\/title>\n<meta name=\"description\" content=\"K\u00f6zeleg a nagy napod \u00e9s tan\u00e1cstalan vagy, hogy melyik esk\u00fcv\u0151i cip\u0151 lenne a megfelel\u0151bb sz\u00e1modra? Akkor tekintsd meg aj\u00e1nlatainkat! 2026\" \/>\n<meta name=\"robots\" content=\"index, follow, max-snippet:-1, max-image-preview:large, max-video-preview:-1\" \/>\n<link rel=\"canonical\" href=\"https:\/\/blog.ccc.eu\/hu\/eskuvoi-cipok-2023-ban-nezd-meg-a-legdivatosabb-modelleket\/\" \/>\n<meta property=\"og:locale\" content=\"hu_HU\" \/>\n<meta property=\"og:type\" content=\"article\" \/>\n<meta property=\"og:title\" content=\"Esk\u00fcv\u0151i cip\u0151k 2023-ban. N\u00e9zd meg a legdivatosabb modelleket! - CCC Fashion blog\" \/>\n<meta property=\"og:description\" content=\"K\u00f6zeleg a nagy napod \u00e9s tan\u00e1cstalan vagy, hogy melyik esk\u00fcv\u0151i cip\u0151 lenne a megfelel\u0151bb sz\u00e1modra? Akkor tekintsd meg aj\u00e1nlatainkat!\" \/>\n<meta property=\"og:url\" content=\"https:\/\/blog.ccc.eu\/hu\/eskuvoi-cipok-2023-ban-nezd-meg-a-legdivatosabb-modelleket\/\" \/>\n<meta property=\"og:site_name\" content=\"CCC Fashion blog\" \/>\n<meta property=\"article:published_time\" content=\"2023-04-06T09:51:04+00:00\" \/>\n<meta property=\"article:modified_time\" content=\"2023-04-06T14:16:27+00:00\" \/>\n<meta property=\"og:image\" content=\"https:\/\/blog.ccc.eu\/hu\/wp-content\/uploads\/2023\/03\/buty-slubne-1024x682-2.jpg\" \/>\n\t<meta property=\"og:image:width\" content=\"1024\" \/>\n\t<meta property=\"og:image:height\" content=\"682\" \/>\n\t<meta property=\"og:image:type\" content=\"image\/jpeg\" \/>\n<meta name=\"author\" content=\"Beatrix Korosi\" \/>\n<meta name=\"twitter:card\" content=\"summary_large_image\" \/>\n<meta name=\"twitter:label1\" content=\"Szerz\u0151:\" \/>\n\t<meta name=\"twitter:data1\" content=\"Beatrix Korosi\" \/>\n\t<meta name=\"twitter:label2\" content=\"Becs\u00fclt olvas\u00e1si id\u0151\" \/>\n\t<meta name=\"twitter:data2\" content=\"4 perc\" \/>\n<script type=\"application\/ld+json\" class=\"yoast-schema-graph\">{\"@context\":\"https:\/\/schema.org\",\"@graph\":[{\"@type\":\"Article\",\"@id\":\"https:\/\/blog.ccc.eu\/hu\/eskuvoi-cipok-2023-ban-nezd-meg-a-legdivatosabb-modelleket\/#article\",\"isPartOf\":{\"@id\":\"https:\/\/blog.ccc.eu\/hu\/eskuvoi-cipok-2023-ban-nezd-meg-a-legdivatosabb-modelleket\/\"},\"author\":{\"name\":\"Beatrix Korosi\",\"@id\":\"https:\/\/blog.ccc.eu\/hu\/#\/schema\/person\/b37d4e58a15b8cc6b1339218cfeb7c10\"},\"headline\":\"Esk\u00fcv\u0151i cip\u0151k 2023-ban. N\u00e9zd meg a legdivatosabb modelleket!\",\"datePublished\":\"2023-04-06T09:51:04+00:00\",\"dateModified\":\"2023-04-06T14:16:27+00:00\",\"mainEntityOfPage\":{\"@id\":\"https:\/\/blog.ccc.eu\/hu\/eskuvoi-cipok-2023-ban-nezd-meg-a-legdivatosabb-modelleket\/\"},\"wordCount\":810,\"commentCount\":0,\"publisher\":{\"@id\":\"https:\/\/blog.ccc.eu\/hu\/#organization\"},\"image\":{\"@id\":\"https:\/\/blog.ccc.eu\/hu\/eskuvoi-cipok-2023-ban-nezd-meg-a-legdivatosabb-modelleket\/#primaryimage\"},\"thumbnailUrl\":\"https:\/\/blog.ccc.eu\/hu\/wp-content\/uploads\/2023\/03\/buty-slubne-1024x682-2.jpg\",\"keywords\":[\"balerin\u00e1k\",\"CCC\",\"divat tippek\",\"esk\u00fcv\u0151i cp\u0151k\",\"magassark\u00fa\",\"szand\u00e1l\",\"tornacip\u0151\",\"trendek\"],\"articleSection\":[\"DIVAT TIPPEK\",\"TRENDEK\"],\"inLanguage\":\"hu\",\"potentialAction\":[{\"@type\":\"CommentAction\",\"name\":\"Comment\",\"target\":[\"https:\/\/blog.ccc.eu\/hu\/eskuvoi-cipok-2023-ban-nezd-meg-a-legdivatosabb-modelleket\/#respond\"]}]},{\"@type\":\"WebPage\",\"@id\":\"https:\/\/blog.ccc.eu\/hu\/eskuvoi-cipok-2023-ban-nezd-meg-a-legdivatosabb-modelleket\/\",\"url\":\"https:\/\/blog.ccc.eu\/hu\/eskuvoi-cipok-2023-ban-nezd-meg-a-legdivatosabb-modelleket\/\",\"name\":\"Esk\u00fcv\u0151i cip\u0151k 2023-ban. N\u00e9zd meg a legdivatosabb modelleket! - CCC Fashion blog\",\"isPartOf\":{\"@id\":\"https:\/\/blog.ccc.eu\/hu\/#website\"},\"primaryImageOfPage\":{\"@id\":\"https:\/\/blog.ccc.eu\/hu\/eskuvoi-cipok-2023-ban-nezd-meg-a-legdivatosabb-modelleket\/#primaryimage\"},\"image\":{\"@id\":\"https:\/\/blog.ccc.eu\/hu\/eskuvoi-cipok-2023-ban-nezd-meg-a-legdivatosabb-modelleket\/#primaryimage\"},\"thumbnailUrl\":\"https:\/\/blog.ccc.eu\/hu\/wp-content\/uploads\/2023\/03\/buty-slubne-1024x682-2.jpg\",\"datePublished\":\"2023-04-06T09:51:04+00:00\",\"dateModified\":\"2023-04-06T14:16:27+00:00\",\"description\":\"K\u00f6zeleg a nagy napod \u00e9s tan\u00e1cstalan vagy, hogy melyik esk\u00fcv\u0151i cip\u0151 lenne a megfelel\u0151bb sz\u00e1modra? Akkor tekintsd meg aj\u00e1nlatainkat!\",\"breadcrumb\":{\"@id\":\"https:\/\/blog.ccc.eu\/hu\/eskuvoi-cipok-2023-ban-nezd-meg-a-legdivatosabb-modelleket\/#breadcrumb\"},\"inLanguage\":\"hu\",\"potentialAction\":[{\"@type\":\"ReadAction\",\"target\":[\"https:\/\/blog.ccc.eu\/hu\/eskuvoi-cipok-2023-ban-nezd-meg-a-legdivatosabb-modelleket\/\"]}]},{\"@type\":\"ImageObject\",\"inLanguage\":\"hu\",\"@id\":\"https:\/\/blog.ccc.eu\/hu\/eskuvoi-cipok-2023-ban-nezd-meg-a-legdivatosabb-modelleket\/#primaryimage\",\"url\":\"https:\/\/blog.ccc.eu\/hu\/wp-content\/uploads\/2023\/03\/buty-slubne-1024x682-2.jpg\",\"contentUrl\":\"https:\/\/blog.ccc.eu\/hu\/wp-content\/uploads\/2023\/03\/buty-slubne-1024x682-2.jpg\",\"width\":1024,\"height\":682},{\"@type\":\"BreadcrumbList\",\"@id\":\"https:\/\/blog.ccc.eu\/hu\/eskuvoi-cipok-2023-ban-nezd-meg-a-legdivatosabb-modelleket\/#breadcrumb\",\"itemListElement\":[{\"@type\":\"ListItem\",\"position\":1,\"name\":\"Strona g\u0142\u00f3wna\",\"item\":\"https:\/\/blog.ccc.eu\/hu\/\"},{\"@type\":\"ListItem\",\"position\":2,\"name\":\"Esk\u00fcv\u0151i cip\u0151k 2023-ban. N\u00e9zd meg a legdivatosabb modelleket!\"}]},{\"@type\":\"WebSite\",\"@id\":\"https:\/\/blog.ccc.eu\/hu\/#website\",\"url\":\"https:\/\/blog.ccc.eu\/hu\/\",\"name\":\"CCC Fashion blog\",\"description\":\"Az \u00d6n helye tele van divatihletekkel\",\"publisher\":{\"@id\":\"https:\/\/blog.ccc.eu\/hu\/#organization\"},\"potentialAction\":[{\"@type\":\"SearchAction\",\"target\":{\"@type\":\"EntryPoint\",\"urlTemplate\":\"https:\/\/blog.ccc.eu\/hu\/?s={search_term_string}\"},\"query-input\":{\"@type\":\"PropertyValueSpecification\",\"valueRequired\":true,\"valueName\":\"search_term_string\"}}],\"inLanguage\":\"hu\"},{\"@type\":\"Organization\",\"@id\":\"https:\/\/blog.ccc.eu\/hu\/#organization\",\"name\":\"CCC S.A.\",\"url\":\"https:\/\/blog.ccc.eu\/hu\/\",\"logo\":{\"@type\":\"ImageObject\",\"inLanguage\":\"hu\",\"@id\":\"https:\/\/blog.ccc.eu\/hu\/#\/schema\/logo\/image\/\",\"url\":\"https:\/\/blog.ccc.eu\/hu\/wp-content\/uploads\/2021\/11\/logo_ccc.png\",\"contentUrl\":\"https:\/\/blog.ccc.eu\/hu\/wp-content\/uploads\/2021\/11\/logo_ccc.png\",\"width\":730,\"height\":270,\"caption\":\"CCC S.A.\"},\"image\":{\"@id\":\"https:\/\/blog.ccc.eu\/hu\/#\/schema\/logo\/image\/\"}},{\"@type\":\"Person\",\"@id\":\"https:\/\/blog.ccc.eu\/hu\/#\/schema\/person\/b37d4e58a15b8cc6b1339218cfeb7c10\",\"name\":\"Beatrix Korosi\",\"image\":{\"@type\":\"ImageObject\",\"inLanguage\":\"hu\",\"@id\":\"https:\/\/blog.ccc.eu\/hu\/#\/schema\/person\/image\/\",\"url\":\"https:\/\/blog.ccc.eu\/hu\/wp-content\/uploads\/2022\/11\/Bea-150x150.jpg\",\"contentUrl\":\"https:\/\/blog.ccc.eu\/hu\/wp-content\/uploads\/2022\/11\/Bea-150x150.jpg\",\"caption\":\"Beatrix Korosi\"},\"url\":\"https:\/\/blog.ccc.eu\/hu\/author\/beatrix-korosi\/\"}]}<\/script>\n<!-- \/ Yoast SEO plugin. -->","yoast_head_json":{"title":"Esk\u00fcv\u0151i cip\u0151k 2023-ban. N\u00e9zd meg a legdivatosabb modelleket! - CCC Fashion blog","description":"K\u00f6zeleg a nagy napod \u00e9s tan\u00e1cstalan vagy, hogy melyik esk\u00fcv\u0151i cip\u0151 lenne a megfelel\u0151bb sz\u00e1modra? Akkor tekintsd meg aj\u00e1nlatainkat! 2026","robots":{"index":"index","follow":"follow","max-snippet":"max-snippet:-1","max-image-preview":"max-image-preview:large","max-video-preview":"max-video-preview:-1"},"canonical":"https:\/\/blog.ccc.eu\/hu\/eskuvoi-cipok-2023-ban-nezd-meg-a-legdivatosabb-modelleket\/","og_locale":"hu_HU","og_type":"article","og_title":"Esk\u00fcv\u0151i cip\u0151k 2023-ban. N\u00e9zd meg a legdivatosabb modelleket! - CCC Fashion blog","og_description":"K\u00f6zeleg a nagy napod \u00e9s tan\u00e1cstalan vagy, hogy melyik esk\u00fcv\u0151i cip\u0151 lenne a megfelel\u0151bb sz\u00e1modra? Akkor tekintsd meg aj\u00e1nlatainkat!","og_url":"https:\/\/blog.ccc.eu\/hu\/eskuvoi-cipok-2023-ban-nezd-meg-a-legdivatosabb-modelleket\/","og_site_name":"CCC Fashion blog","article_published_time":"2023-04-06T09:51:04+00:00","article_modified_time":"2023-04-06T14:16:27+00:00","og_image":[{"width":1024,"height":682,"url":"https:\/\/blog.ccc.eu\/hu\/wp-content\/uploads\/2023\/03\/buty-slubne-1024x682-2.jpg","type":"image\/jpeg"}],"author":"Beatrix Korosi","twitter_card":"summary_large_image","twitter_misc":{"Szerz\u0151:":"Beatrix Korosi","Becs\u00fclt olvas\u00e1si id\u0151":"4 perc"},"schema":{"@context":"https:\/\/schema.org","@graph":[{"@type":"Article","@id":"https:\/\/blog.ccc.eu\/hu\/eskuvoi-cipok-2023-ban-nezd-meg-a-legdivatosabb-modelleket\/#article","isPartOf":{"@id":"https:\/\/blog.ccc.eu\/hu\/eskuvoi-cipok-2023-ban-nezd-meg-a-legdivatosabb-modelleket\/"},"author":{"name":"Beatrix Korosi","@id":"https:\/\/blog.ccc.eu\/hu\/#\/schema\/person\/b37d4e58a15b8cc6b1339218cfeb7c10"},"headline":"Esk\u00fcv\u0151i cip\u0151k 2023-ban. N\u00e9zd meg a legdivatosabb modelleket!","datePublished":"2023-04-06T09:51:04+00:00","dateModified":"2023-04-06T14:16:27+00:00","mainEntityOfPage":{"@id":"https:\/\/blog.ccc.eu\/hu\/eskuvoi-cipok-2023-ban-nezd-meg-a-legdivatosabb-modelleket\/"},"wordCount":810,"commentCount":0,"publisher":{"@id":"https:\/\/blog.ccc.eu\/hu\/#organization"},"image":{"@id":"https:\/\/blog.ccc.eu\/hu\/eskuvoi-cipok-2023-ban-nezd-meg-a-legdivatosabb-modelleket\/#primaryimage"},"thumbnailUrl":"https:\/\/blog.ccc.eu\/hu\/wp-content\/uploads\/2023\/03\/buty-slubne-1024x682-2.jpg","keywords":["balerin\u00e1k","CCC","divat tippek","esk\u00fcv\u0151i cp\u0151k","magassark\u00fa","szand\u00e1l","tornacip\u0151","trendek"],"articleSection":["DIVAT TIPPEK","TRENDEK"],"inLanguage":"hu","potentialAction":[{"@type":"CommentAction","name":"Comment","target":["https:\/\/blog.ccc.eu\/hu\/eskuvoi-cipok-2023-ban-nezd-meg-a-legdivatosabb-modelleket\/#respond"]}]},{"@type":"WebPage","@id":"https:\/\/blog.ccc.eu\/hu\/eskuvoi-cipok-2023-ban-nezd-meg-a-legdivatosabb-modelleket\/","url":"https:\/\/blog.ccc.eu\/hu\/eskuvoi-cipok-2023-ban-nezd-meg-a-legdivatosabb-modelleket\/","name":"Esk\u00fcv\u0151i cip\u0151k 2023-ban. N\u00e9zd meg a legdivatosabb modelleket! - CCC Fashion blog","isPartOf":{"@id":"https:\/\/blog.ccc.eu\/hu\/#website"},"primaryImageOfPage":{"@id":"https:\/\/blog.ccc.eu\/hu\/eskuvoi-cipok-2023-ban-nezd-meg-a-legdivatosabb-modelleket\/#primaryimage"},"image":{"@id":"https:\/\/blog.ccc.eu\/hu\/eskuvoi-cipok-2023-ban-nezd-meg-a-legdivatosabb-modelleket\/#primaryimage"},"thumbnailUrl":"https:\/\/blog.ccc.eu\/hu\/wp-content\/uploads\/2023\/03\/buty-slubne-1024x682-2.jpg","datePublished":"2023-04-06T09:51:04+00:00","dateModified":"2023-04-06T14:16:27+00:00","description":"K\u00f6zeleg a nagy napod \u00e9s tan\u00e1cstalan vagy, hogy melyik esk\u00fcv\u0151i cip\u0151 lenne a megfelel\u0151bb sz\u00e1modra? Akkor tekintsd meg aj\u00e1nlatainkat!","breadcrumb":{"@id":"https:\/\/blog.ccc.eu\/hu\/eskuvoi-cipok-2023-ban-nezd-meg-a-legdivatosabb-modelleket\/#breadcrumb"},"inLanguage":"hu","potentialAction":[{"@type":"ReadAction","target":["https:\/\/blog.ccc.eu\/hu\/eskuvoi-cipok-2023-ban-nezd-meg-a-legdivatosabb-modelleket\/"]}]},{"@type":"ImageObject","inLanguage":"hu","@id":"https:\/\/blog.ccc.eu\/hu\/eskuvoi-cipok-2023-ban-nezd-meg-a-legdivatosabb-modelleket\/#primaryimage","url":"https:\/\/blog.ccc.eu\/hu\/wp-content\/uploads\/2023\/03\/buty-slubne-1024x682-2.jpg","contentUrl":"https:\/\/blog.ccc.eu\/hu\/wp-content\/uploads\/2023\/03\/buty-slubne-1024x682-2.jpg","width":1024,"height":682},{"@type":"BreadcrumbList","@id":"https:\/\/blog.ccc.eu\/hu\/eskuvoi-cipok-2023-ban-nezd-meg-a-legdivatosabb-modelleket\/#breadcrumb","itemListElement":[{"@type":"ListItem","position":1,"name":"Strona g\u0142\u00f3wna","item":"https:\/\/blog.ccc.eu\/hu\/"},{"@type":"ListItem","position":2,"name":"Esk\u00fcv\u0151i cip\u0151k 2023-ban. N\u00e9zd meg a legdivatosabb modelleket!"}]},{"@type":"WebSite","@id":"https:\/\/blog.ccc.eu\/hu\/#website","url":"https:\/\/blog.ccc.eu\/hu\/","name":"CCC Fashion blog","description":"Az \u00d6n helye tele van divatihletekkel","publisher":{"@id":"https:\/\/blog.ccc.eu\/hu\/#organization"},"potentialAction":[{"@type":"SearchAction","target":{"@type":"EntryPoint","urlTemplate":"https:\/\/blog.ccc.eu\/hu\/?s={search_term_string}"},"query-input":{"@type":"PropertyValueSpecification","valueRequired":true,"valueName":"search_term_string"}}],"inLanguage":"hu"},{"@type":"Organization","@id":"https:\/\/blog.ccc.eu\/hu\/#organization","name":"CCC S.A.","url":"https:\/\/blog.ccc.eu\/hu\/","logo":{"@type":"ImageObject","inLanguage":"hu","@id":"https:\/\/blog.ccc.eu\/hu\/#\/schema\/logo\/image\/","url":"https:\/\/blog.ccc.eu\/hu\/wp-content\/uploads\/2021\/11\/logo_ccc.png","contentUrl":"https:\/\/blog.ccc.eu\/hu\/wp-content\/uploads\/2021\/11\/logo_ccc.png","width":730,"height":270,"caption":"CCC S.A."},"image":{"@id":"https:\/\/blog.ccc.eu\/hu\/#\/schema\/logo\/image\/"}},{"@type":"Person","@id":"https:\/\/blog.ccc.eu\/hu\/#\/schema\/person\/b37d4e58a15b8cc6b1339218cfeb7c10","name":"Beatrix Korosi","image":{"@type":"ImageObject","inLanguage":"hu","@id":"https:\/\/blog.ccc.eu\/hu\/#\/schema\/person\/image\/","url":"https:\/\/blog.ccc.eu\/hu\/wp-content\/uploads\/2022\/11\/Bea-150x150.jpg","contentUrl":"https:\/\/blog.ccc.eu\/hu\/wp-content\/uploads\/2022\/11\/Bea-150x150.jpg","caption":"Beatrix Korosi"},"url":"https:\/\/blog.ccc.eu\/hu\/author\/beatrix-korosi\/"}]}},"_links":{"self":[{"href":"https:\/\/blog.ccc.eu\/hu\/wp-json\/wp\/v2\/posts\/7875","targetHints":{"allow":["GET"]}}],"collection":[{"href":"https:\/\/blog.ccc.eu\/hu\/wp-json\/wp\/v2\/posts"}],"about":[{"href":"https:\/\/blog.ccc.eu\/hu\/wp-json\/wp\/v2\/types\/post"}],"author":[{"embeddable":true,"href":"https:\/\/blog.ccc.eu\/hu\/wp-json\/wp\/v2\/users\/22"}],"replies":[{"embeddable":true,"href":"https:\/\/blog.ccc.eu\/hu\/wp-json\/wp\/v2\/comments?post=7875"}],"version-history":[{"count":18,"href":"https:\/\/blog.ccc.eu\/hu\/wp-json\/wp\/v2\/posts\/7875\/revisions"}],"predecessor-version":[{"id":7932,"href":"https:\/\/blog.ccc.eu\/hu\/wp-json\/wp\/v2\/posts\/7875\/revisions\/7932"}],"wp:featuredmedia":[{"embeddable":true,"href":"https:\/\/blog.ccc.eu\/hu\/wp-json\/wp\/v2\/media\/7882"}],"wp:attachment":[{"href":"https:\/\/blog.ccc.eu\/hu\/wp-json\/wp\/v2\/media?parent=7875"}],"wp:term":[{"taxonomy":"category","embeddable":true,"href":"https:\/\/blog.ccc.eu\/hu\/wp-json\/wp\/v2\/categories?post=7875"},{"taxonomy":"post_tag","embeddable":true,"href":"https:\/\/blog.ccc.eu\/hu\/wp-json\/wp\/v2\/tags?post=7875"}],"curies":[{"name":"wp","href":"https:\/\/api.w.org\/{rel}","templated":true}]}}