{"id":7903,"date":"2023-04-12T13:39:54","date_gmt":"2023-04-12T11:39:54","guid":{"rendered":"https:\/\/blog.ccc.eu\/hu\/?p=7903"},"modified":"2023-04-12T13:39:55","modified_gmt":"2023-04-12T11:39:55","slug":"fila-marka-a-ccc-nel-retro-sportcipok-varosi-esztetikaval","status":"publish","type":"post","link":"https:\/\/blog.ccc.eu\/hu\/fila-marka-a-ccc-nel-retro-sportcipok-varosi-esztetikaval\/","title":{"rendered":"Fila m\u00e1rka a CCC-n\u00e9l! Retro sportcip\u0151k v\u00e1rosi eszt\u00e9tik\u00e1val"},"content":{"rendered":"\n<p><b>Az Alpok l\u00e1b\u00e1n\u00e1l, a Piemontb\u00f3l sz\u00e1rmaz\u00f3 olasz Fila m\u00e1rka m\u00e9g divatosabbnak t\u0171nik, mint sz\u00e1z \u00e9vvel ezel\u0151tt, amikor megalap\u00edtott\u00e1k. Tudj meg t\u00f6bbet a Fila m\u00e1rka t\u00f6rt\u00e9net\u00e9r\u0151l, \u00e9s tekintsd meg k\u00edn\u00e1lat\u00e1t a CCC-n\u00e9l.<\/b><\/p>\n\n\n\n<figure class=\"wp-block-gallery has-nested-images columns-default is-cropped wp-block-gallery-1 is-layout-flex wp-block-gallery-is-layout-flex\">\n<figure class=\"wp-block-image size-large\"><img loading=\"lazy\" decoding=\"async\" width=\"683\" height=\"1024\" data-id=\"7907\" src=\"https:\/\/blog.ccc.eu\/hu\/wp-content\/uploads\/2023\/04\/sneakersy-fila-683x1024-1.jpg\" alt=\"\" class=\"wp-image-7907\" srcset=\"https:\/\/blog.ccc.eu\/hu\/wp-content\/uploads\/2023\/04\/sneakersy-fila-683x1024-1.jpg 683w, https:\/\/blog.ccc.eu\/hu\/wp-content\/uploads\/2023\/04\/sneakersy-fila-683x1024-1-200x300.jpg 200w, https:\/\/blog.ccc.eu\/hu\/wp-content\/uploads\/2023\/04\/sneakersy-fila-683x1024-1-100x150.jpg 100w\" sizes=\"auto, (max-width: 683px) 100vw, 683px\" \/><\/figure>\n\n\n\n<figure class=\"wp-block-image size-large\"><img loading=\"lazy\" decoding=\"async\" width=\"683\" height=\"1024\" data-id=\"7906\" src=\"https:\/\/blog.ccc.eu\/hu\/wp-content\/uploads\/2023\/04\/sneakersy-rozowe-fila-683x1024-1.jpg\" alt=\"\" class=\"wp-image-7906\" srcset=\"https:\/\/blog.ccc.eu\/hu\/wp-content\/uploads\/2023\/04\/sneakersy-rozowe-fila-683x1024-1.jpg 683w, https:\/\/blog.ccc.eu\/hu\/wp-content\/uploads\/2023\/04\/sneakersy-rozowe-fila-683x1024-1-200x300.jpg 200w, https:\/\/blog.ccc.eu\/hu\/wp-content\/uploads\/2023\/04\/sneakersy-rozowe-fila-683x1024-1-100x150.jpg 100w\" sizes=\"auto, (max-width: 683px) 100vw, 683px\" \/><\/figure>\n<\/figure>\n\n\n\n<h2 class=\"wp-block-heading\">Fila m\u00e1rka t\u00f6rt\u00e9nete<\/h2>\n\n\n\n<p>B\u00e1r a mai Fila cip\u0151ket mindenki j\u00f3l ismeri, \u00e9rdemes visszamenni 1911-ig, amikor is egy olyan m\u00e1rk\u00e1t alap\u00edtottak meg, amely egy\u00e1ltal\u00e1n nem tervezte, hogy l\u00e1bbeliket gy\u00e1rt. Biella v\u00e1ros\u00e1ban, k\u00f6zvetlen\u00fcl az Alpok l\u00e1b\u00e1n\u00e1l n\u00e9gy testv\u00e9r nekil\u00e1tott, hogy hegym\u00e1sz\u00f3k sz\u00e1m\u00e1ra olyan ruh\u00e1zatot k\u00e9sz\u00edtsen, amelyet \u00fagy terveztek, hogy kiv\u00e1l\u00f3 min\u0151s\u00e9g\u0171 legyen, k\u00e9nyelmet ny\u00fajtson \u00e9s kiv\u00e1l\u00f3an teljes\u00edtsen a zord k\u00f6r\u00fclm\u00e9nyek k\u00f6z\u00f6tt.<\/p>\n\n\n\n<h2 class=\"wp-block-heading\">Fila c\u00e9g a 21. sz\u00e1zadban<\/h2>\n\n\n\n<p>A 21. sz\u00e1zad els\u0151 \u00e9vtized\u00e9nek v\u00e9g\u00e9n a Fila m\u00e1rka Kore\u00e1ba k\u00f6lt\u00f6z\u00f6tt, amely meglehet\u0151sen sikeresnek bizonyult. A m\u00e1rka m\u00e1s piacokon is tov\u00e1bb n\u00f6vekedett, \u00e9s a term\u00e9kpalett\u00e1t is b\u0151v\u00edtette, p\u00e9ld\u00e1ul a golfoz\u00f3knak sz\u00e1nt kieg\u00e9sz\u00edt\u0151kkel.<\/p>\n\n\n\n<p>A Fila m\u00e1rk\u00e1t 2016-ban az utcai divatrajong\u00f3k is sz\u00edvesen hordt\u00e1k, majd a m\u00e1rka st\u00edlus\u00e1nak megfelel\u0151, nosztalgikus cip\u0151k t\u00f6bb mint 20 \u00e9v ut\u00e1n visszat\u00e9rtek a trendbe!<\/p>\n\n\n\n<h2 class=\"wp-block-heading\">Fila cip\u0151 a CCC-ben<\/h2>\n\n\n\n<p>CCC \u00fczleteinkben megtal\u00e1lod a legdivatosabb Fila cip\u0151ket, melyekkel az eredeti diz\u00e1jnnak k\u00f6sz\u00f6nhet\u0151en kit\u0171nhetsz, utalva a retro st\u00edlusra, nosztalgikus 80-90-es \u00e9vekre, vagy futurisztikus v\u00edzi\u00f3ra is! \u00dcgyelj a modern sz\u00ednekre \u00e9s st\u00edlusokra, amelyek egyr\u00e9szt az id\u0151tlen modellekre utalnak, m\u00e1sr\u00e9szt folyamatosan k\u00f6vetik a mai divatot. A CCC-ben n\u0151i, f\u00e9rfi \u00e9s gyerekcip\u0151ket egyar\u00e1nt tal\u00e1lsz. N\u00e9zd meg k\u00edn\u00e1latunkat!<\/p>\n\n\n\n<h2 class=\"wp-block-heading\">Fila papucsok<\/h2>\n\n\n\n<p>A Fila papucsok nagyon klasszikus diz\u00e1jnnal \u00e9s univerz\u00e1lis sz\u00ednekkel vannak ell\u00e1tva, melyek igazi sl\u00e1gerek a kollekci\u00f3ban! Abszol\u00fat j\u00f3l n\u00e9znek ki, kellemesek \u00e9s diz\u00e1jnosak, emellett a k\u00fcl\u00f6nleges anyag\u00e1val egy pehelykab\u00e1tra eml\u00e9keztetnek minket. A Fila papucsok magas k\u00e9nyelmet biztos\u00edtanak a haszn\u00e1lat sor\u00e1n eg\u00e9sz \u00e9vben!<\/p>\n\n\n\n\n\n\n<h2 class=\"wp-block-heading\">Fila n\u0151i sportcip\u0151k<\/h2>\n\n\n\n<p>A n\u0151i kollekci\u00f3ban klasszikus \u00e9s id\u0151tlen l\u00e1bbeliket tal\u00e1lsz, amelyek j\u00f3l passzolnak a v\u00e1rosi st\u00edlushoz. Keresd a tipikusan sportos cip\u0151ket is, amelyek j\u00f3 v\u00e1laszt\u00e1snak bizonyulnak a fizikai aktivit\u00e1shoz az edz\u0151teremben \u00e9s a szabadban egyar\u00e1nt. Az ultramodern sz\u00ednekben pomp\u00e1z\u00f3 cip\u0151k biztosan megragadj\u00e1k a tekinteteket!<\/p>\n\n\n\n\n\n\n<h2 class=\"wp-block-heading\">Fila f\u00e9rfi sportcip\u0151k<\/h2>\n\n\n\n<p>A sporteszt\u00e9tika az \u00e9len j\u00e1r! A Fila f\u00e9rfi sportcip\u0151k fels\u0151r\u00e9sze l\u00e9g\u00e1tereszt\u0151 anyagb\u00f3l k\u00e9sz\u00fclt, amely biztos\u00edtja az optim\u00e1lis kering\u00e9st a cip\u0151ben. Ezen k\u00edv\u00fcl tal\u00e1lunk strapab\u00edr\u00f3bb cip\u0151ket is, amelyek nagyon k\u00e9nyelmesek \u00e9s megfelel\u0151en biztos\u00edtj\u00e1k a l\u00e1bunkat. Ha a klasszikus vagy a retro st\u00edlusok h\u00edve vagy, a Fila kollekci\u00f3ban megtal\u00e1lod a legdivatosabb cip\u0151ket ebben a st\u00edlusban!<\/p>\n\n\n\n\n\n\n<h2 class=\"wp-block-heading\">Fila gyermekcip\u0151k<\/h2>\n\n\n\n<p>A Fila m\u00e1rka a legkisebbek sz\u00e1m\u00e1ra is elk\u00e9sz\u00edtette k\u00edn\u00e1lat\u00e1t, akik sz\u00e1m\u00e1ra a k\u00e9nyelem \u00e9s a komfort a legfontosabb, a trendek \u00e9s a modern megold\u00e1sok pedig k\u00e9z a k\u00e9zben j\u00e1rnak. A l\u00e1nyoknak \u00e9s fi\u00faknak sz\u00e1nt gyermekcip\u0151k k\u00f6z\u00f6tt nagyon klasszikus, t\u00e9p\u0151z\u00e1rral r\u00f6gz\u00edthet\u0151 l\u00e1bbeliket tal\u00e1lunk. A legkisebb m\u00e9retek k\u00f6z\u00fcl is v\u00e1laszthatsz, amelyek j\u00f3l bev\u00e1lnak azoknak, akik m\u00e9g csak most teszik meg els\u0151 l\u00e9p\u00e9seiket.<\/p>\n\n\n\n\n\n\n<p>N\u00e9zz sz\u00e9t a Fila m\u00e1rka sz\u00e9les k\u00edn\u00e1lat\u00e1ban&nbsp;<a href=\"https:\/\/ccc.eu\/hu\/sklepy\">CCC \u00fczleteinkben<\/a>,&nbsp;<a href=\"https:\/\/ccc.eu\/hu\/\">webshopunkban<\/a>, \u00e9s az&nbsp;<a href=\"https:\/\/ccc.eu\/hu\/mobile-app\">alkalmaz\u00e1sban<\/a>. Legy\u00e9l&nbsp;<a href=\"https:\/\/ccc.eu\/hu\/klub-ccc\">CCC klubtag<\/a>&nbsp;is, \u00e9s \u00e9lvezd a k\u00e9nyelmes \u00e9s kedvezm\u00e9nyes v\u00e1s\u00e1rl\u00e1si lehet\u0151s\u00e9geket! K\u00f6vesd vel\u00fcnk a divatot&nbsp;<a href=\"https:\/\/www.facebook.com\/CCC.Hungary\/\">Facebookon,<\/a>&nbsp;\u00e9s inspir\u00e1l\u00f3dj vel\u00fcnk az&nbsp;<a href=\"https:\/\/www.instagram.com\/cccshoesbags\/\">Instagramon<\/a>&nbsp;is!<\/p>\n","protected":false},"excerpt":{"rendered":"<p>Az Alpok l\u00e1b\u00e1n\u00e1l, a Piemontb\u00f3l sz\u00e1rmaz\u00f3 olasz Fila m\u00e1rka m\u00e9g divatosabbnak t\u0171nik, mint sz\u00e1z \u00e9vvel ezel\u0151tt, amikor megalap\u00edtott\u00e1k. Tudj meg t\u00f6bbet a Fila m\u00e1rka t\u00f6rt\u00e9net\u00e9r\u0151l, \u00e9s tekintsd meg k\u00edn\u00e1lat\u00e1t a CCC-n\u00e9l. Fila m\u00e1rka t\u00f6rt\u00e9nete B\u00e1r a mai Fila cip\u0151ket mindenki j\u00f3l ismeri, \u00e9rdemes visszamenni 1911-ig, amikor is egy olyan m\u00e1rk\u00e1t alap\u00edtottak meg, amely egy\u00e1ltal\u00e1n nem [&hellip;]<\/p>\n","protected":false},"author":22,"featured_media":7907,"comment_status":"open","ping_status":"open","sticky":false,"template":"","format":"standard","meta":{"_acf_changed":false,"footnotes":""},"categories":[6,432],"tags":[560,700,1065,1066,713,786,1049],"class_list":["post-7903","post","type-post","status-publish","format-standard","has-post-thumbnail","hentry","category-trendek","category-ujdonsagok","tag-ccc","tag-ferfi-cipo","tag-fila","tag-gyermekcipok","tag-noi-cipo","tag-trendek","tag-ujdonsagok"],"acf":[],"yoast_head":"<!-- This site is optimized with the Yoast SEO plugin v26.9 - https:\/\/yoast.com\/product\/yoast-seo-wordpress\/ -->\n<title>Fila m\u00e1rka a CCC-n\u00e9l! Retro sportcip\u0151k v\u00e1rosi eszt\u00e9tik\u00e1val - CCC Fashion blog<\/title>\n<meta name=\"description\" content=\"K\u00edv\u00e1ncsi vagy a Fila t\u00f6rt\u00e9net\u00e9re \u00e9s arra, hogy melyek az idei \u00e9v legdivatosabb darabjai? Akkor olvasd el a cikk\u00fcnket! 2026\" \/>\n<meta name=\"robots\" content=\"index, follow, max-snippet:-1, max-image-preview:large, max-video-preview:-1\" \/>\n<link rel=\"canonical\" href=\"https:\/\/blog.ccc.eu\/hu\/fila-marka-a-ccc-nel-retro-sportcipok-varosi-esztetikaval\/\" \/>\n<meta property=\"og:locale\" content=\"hu_HU\" \/>\n<meta property=\"og:type\" content=\"article\" \/>\n<meta property=\"og:title\" content=\"Fila m\u00e1rka a CCC-n\u00e9l! Retro sportcip\u0151k v\u00e1rosi eszt\u00e9tik\u00e1val - CCC Fashion blog\" \/>\n<meta property=\"og:description\" content=\"K\u00edv\u00e1ncsi vagy a Fila t\u00f6rt\u00e9net\u00e9re \u00e9s arra, hogy melyek az idei \u00e9v legdivatosabb darabjai? Akkor olvasd el a cikk\u00fcnket!\" \/>\n<meta property=\"og:url\" content=\"https:\/\/blog.ccc.eu\/hu\/fila-marka-a-ccc-nel-retro-sportcipok-varosi-esztetikaval\/\" \/>\n<meta property=\"og:site_name\" content=\"CCC Fashion blog\" \/>\n<meta property=\"article:published_time\" content=\"2023-04-12T11:39:54+00:00\" \/>\n<meta property=\"article:modified_time\" content=\"2023-04-12T11:39:55+00:00\" \/>\n<meta property=\"og:image\" content=\"https:\/\/blog.ccc.eu\/hu\/wp-content\/uploads\/2023\/04\/sneakersy-fila-683x1024-1.jpg\" \/>\n\t<meta property=\"og:image:width\" content=\"683\" \/>\n\t<meta property=\"og:image:height\" content=\"1024\" \/>\n\t<meta property=\"og:image:type\" content=\"image\/jpeg\" \/>\n<meta name=\"author\" content=\"Beatrix Korosi\" \/>\n<meta name=\"twitter:card\" content=\"summary_large_image\" \/>\n<meta name=\"twitter:label1\" content=\"Szerz\u0151:\" \/>\n\t<meta name=\"twitter:data1\" content=\"Beatrix Korosi\" \/>\n\t<meta name=\"twitter:label2\" content=\"Becs\u00fclt olvas\u00e1si id\u0151\" \/>\n\t<meta name=\"twitter:data2\" content=\"4 perc\" \/>\n<script type=\"application\/ld+json\" class=\"yoast-schema-graph\">{\"@context\":\"https:\/\/schema.org\",\"@graph\":[{\"@type\":\"Article\",\"@id\":\"https:\/\/blog.ccc.eu\/hu\/fila-marka-a-ccc-nel-retro-sportcipok-varosi-esztetikaval\/#article\",\"isPartOf\":{\"@id\":\"https:\/\/blog.ccc.eu\/hu\/fila-marka-a-ccc-nel-retro-sportcipok-varosi-esztetikaval\/\"},\"author\":{\"name\":\"Beatrix Korosi\",\"@id\":\"https:\/\/blog.ccc.eu\/hu\/#\/schema\/person\/b37d4e58a15b8cc6b1339218cfeb7c10\"},\"headline\":\"Fila m\u00e1rka a CCC-n\u00e9l! Retro sportcip\u0151k v\u00e1rosi eszt\u00e9tik\u00e1val\",\"datePublished\":\"2023-04-12T11:39:54+00:00\",\"dateModified\":\"2023-04-12T11:39:55+00:00\",\"mainEntityOfPage\":{\"@id\":\"https:\/\/blog.ccc.eu\/hu\/fila-marka-a-ccc-nel-retro-sportcipok-varosi-esztetikaval\/\"},\"wordCount\":788,\"commentCount\":0,\"publisher\":{\"@id\":\"https:\/\/blog.ccc.eu\/hu\/#organization\"},\"image\":{\"@id\":\"https:\/\/blog.ccc.eu\/hu\/fila-marka-a-ccc-nel-retro-sportcipok-varosi-esztetikaval\/#primaryimage\"},\"thumbnailUrl\":\"https:\/\/blog.ccc.eu\/hu\/wp-content\/uploads\/2023\/04\/sneakersy-fila-683x1024-1.jpg\",\"keywords\":[\"CCC\",\"f\u00e9rfi cip\u0151\",\"fila\",\"gyermekcip\u0151k\",\"n\u0151i cip\u0151\",\"trendek\",\"\u00fajdons\u00e1gok\"],\"articleSection\":[\"TRENDEK\",\"\u00daJDONS\u00c1GOK\"],\"inLanguage\":\"hu\",\"potentialAction\":[{\"@type\":\"CommentAction\",\"name\":\"Comment\",\"target\":[\"https:\/\/blog.ccc.eu\/hu\/fila-marka-a-ccc-nel-retro-sportcipok-varosi-esztetikaval\/#respond\"]}]},{\"@type\":\"WebPage\",\"@id\":\"https:\/\/blog.ccc.eu\/hu\/fila-marka-a-ccc-nel-retro-sportcipok-varosi-esztetikaval\/\",\"url\":\"https:\/\/blog.ccc.eu\/hu\/fila-marka-a-ccc-nel-retro-sportcipok-varosi-esztetikaval\/\",\"name\":\"Fila m\u00e1rka a CCC-n\u00e9l! Retro sportcip\u0151k v\u00e1rosi eszt\u00e9tik\u00e1val - CCC Fashion blog\",\"isPartOf\":{\"@id\":\"https:\/\/blog.ccc.eu\/hu\/#website\"},\"primaryImageOfPage\":{\"@id\":\"https:\/\/blog.ccc.eu\/hu\/fila-marka-a-ccc-nel-retro-sportcipok-varosi-esztetikaval\/#primaryimage\"},\"image\":{\"@id\":\"https:\/\/blog.ccc.eu\/hu\/fila-marka-a-ccc-nel-retro-sportcipok-varosi-esztetikaval\/#primaryimage\"},\"thumbnailUrl\":\"https:\/\/blog.ccc.eu\/hu\/wp-content\/uploads\/2023\/04\/sneakersy-fila-683x1024-1.jpg\",\"datePublished\":\"2023-04-12T11:39:54+00:00\",\"dateModified\":\"2023-04-12T11:39:55+00:00\",\"description\":\"K\u00edv\u00e1ncsi vagy a Fila t\u00f6rt\u00e9net\u00e9re \u00e9s arra, hogy melyek az idei \u00e9v legdivatosabb darabjai? Akkor olvasd el a cikk\u00fcnket!\",\"breadcrumb\":{\"@id\":\"https:\/\/blog.ccc.eu\/hu\/fila-marka-a-ccc-nel-retro-sportcipok-varosi-esztetikaval\/#breadcrumb\"},\"inLanguage\":\"hu\",\"potentialAction\":[{\"@type\":\"ReadAction\",\"target\":[\"https:\/\/blog.ccc.eu\/hu\/fila-marka-a-ccc-nel-retro-sportcipok-varosi-esztetikaval\/\"]}]},{\"@type\":\"ImageObject\",\"inLanguage\":\"hu\",\"@id\":\"https:\/\/blog.ccc.eu\/hu\/fila-marka-a-ccc-nel-retro-sportcipok-varosi-esztetikaval\/#primaryimage\",\"url\":\"https:\/\/blog.ccc.eu\/hu\/wp-content\/uploads\/2023\/04\/sneakersy-fila-683x1024-1.jpg\",\"contentUrl\":\"https:\/\/blog.ccc.eu\/hu\/wp-content\/uploads\/2023\/04\/sneakersy-fila-683x1024-1.jpg\",\"width\":683,\"height\":1024,\"caption\":\"Fila\"},{\"@type\":\"BreadcrumbList\",\"@id\":\"https:\/\/blog.ccc.eu\/hu\/fila-marka-a-ccc-nel-retro-sportcipok-varosi-esztetikaval\/#breadcrumb\",\"itemListElement\":[{\"@type\":\"ListItem\",\"position\":1,\"name\":\"Strona g\u0142\u00f3wna\",\"item\":\"https:\/\/blog.ccc.eu\/hu\/\"},{\"@type\":\"ListItem\",\"position\":2,\"name\":\"Fila m\u00e1rka a CCC-n\u00e9l! Retro sportcip\u0151k v\u00e1rosi eszt\u00e9tik\u00e1val\"}]},{\"@type\":\"WebSite\",\"@id\":\"https:\/\/blog.ccc.eu\/hu\/#website\",\"url\":\"https:\/\/blog.ccc.eu\/hu\/\",\"name\":\"CCC Fashion blog\",\"description\":\"Az \u00d6n helye tele van divatihletekkel\",\"publisher\":{\"@id\":\"https:\/\/blog.ccc.eu\/hu\/#organization\"},\"potentialAction\":[{\"@type\":\"SearchAction\",\"target\":{\"@type\":\"EntryPoint\",\"urlTemplate\":\"https:\/\/blog.ccc.eu\/hu\/?s={search_term_string}\"},\"query-input\":{\"@type\":\"PropertyValueSpecification\",\"valueRequired\":true,\"valueName\":\"search_term_string\"}}],\"inLanguage\":\"hu\"},{\"@type\":\"Organization\",\"@id\":\"https:\/\/blog.ccc.eu\/hu\/#organization\",\"name\":\"CCC S.A.\",\"url\":\"https:\/\/blog.ccc.eu\/hu\/\",\"logo\":{\"@type\":\"ImageObject\",\"inLanguage\":\"hu\",\"@id\":\"https:\/\/blog.ccc.eu\/hu\/#\/schema\/logo\/image\/\",\"url\":\"https:\/\/blog.ccc.eu\/hu\/wp-content\/uploads\/2021\/11\/logo_ccc.png\",\"contentUrl\":\"https:\/\/blog.ccc.eu\/hu\/wp-content\/uploads\/2021\/11\/logo_ccc.png\",\"width\":730,\"height\":270,\"caption\":\"CCC S.A.\"},\"image\":{\"@id\":\"https:\/\/blog.ccc.eu\/hu\/#\/schema\/logo\/image\/\"}},{\"@type\":\"Person\",\"@id\":\"https:\/\/blog.ccc.eu\/hu\/#\/schema\/person\/b37d4e58a15b8cc6b1339218cfeb7c10\",\"name\":\"Beatrix Korosi\",\"image\":{\"@type\":\"ImageObject\",\"inLanguage\":\"hu\",\"@id\":\"https:\/\/blog.ccc.eu\/hu\/#\/schema\/person\/image\/\",\"url\":\"https:\/\/blog.ccc.eu\/hu\/wp-content\/uploads\/2022\/11\/Bea-150x150.jpg\",\"contentUrl\":\"https:\/\/blog.ccc.eu\/hu\/wp-content\/uploads\/2022\/11\/Bea-150x150.jpg\",\"caption\":\"Beatrix Korosi\"},\"url\":\"https:\/\/blog.ccc.eu\/hu\/author\/beatrix-korosi\/\"}]}<\/script>\n<!-- \/ Yoast SEO plugin. -->","yoast_head_json":{"title":"Fila m\u00e1rka a CCC-n\u00e9l! Retro sportcip\u0151k v\u00e1rosi eszt\u00e9tik\u00e1val - CCC Fashion blog","description":"K\u00edv\u00e1ncsi vagy a Fila t\u00f6rt\u00e9net\u00e9re \u00e9s arra, hogy melyek az idei \u00e9v legdivatosabb darabjai? Akkor olvasd el a cikk\u00fcnket! 2026","robots":{"index":"index","follow":"follow","max-snippet":"max-snippet:-1","max-image-preview":"max-image-preview:large","max-video-preview":"max-video-preview:-1"},"canonical":"https:\/\/blog.ccc.eu\/hu\/fila-marka-a-ccc-nel-retro-sportcipok-varosi-esztetikaval\/","og_locale":"hu_HU","og_type":"article","og_title":"Fila m\u00e1rka a CCC-n\u00e9l! Retro sportcip\u0151k v\u00e1rosi eszt\u00e9tik\u00e1val - CCC Fashion blog","og_description":"K\u00edv\u00e1ncsi vagy a Fila t\u00f6rt\u00e9net\u00e9re \u00e9s arra, hogy melyek az idei \u00e9v legdivatosabb darabjai? Akkor olvasd el a cikk\u00fcnket!","og_url":"https:\/\/blog.ccc.eu\/hu\/fila-marka-a-ccc-nel-retro-sportcipok-varosi-esztetikaval\/","og_site_name":"CCC Fashion blog","article_published_time":"2023-04-12T11:39:54+00:00","article_modified_time":"2023-04-12T11:39:55+00:00","og_image":[{"width":683,"height":1024,"url":"https:\/\/blog.ccc.eu\/hu\/wp-content\/uploads\/2023\/04\/sneakersy-fila-683x1024-1.jpg","type":"image\/jpeg"}],"author":"Beatrix Korosi","twitter_card":"summary_large_image","twitter_misc":{"Szerz\u0151:":"Beatrix Korosi","Becs\u00fclt olvas\u00e1si id\u0151":"4 perc"},"schema":{"@context":"https:\/\/schema.org","@graph":[{"@type":"Article","@id":"https:\/\/blog.ccc.eu\/hu\/fila-marka-a-ccc-nel-retro-sportcipok-varosi-esztetikaval\/#article","isPartOf":{"@id":"https:\/\/blog.ccc.eu\/hu\/fila-marka-a-ccc-nel-retro-sportcipok-varosi-esztetikaval\/"},"author":{"name":"Beatrix Korosi","@id":"https:\/\/blog.ccc.eu\/hu\/#\/schema\/person\/b37d4e58a15b8cc6b1339218cfeb7c10"},"headline":"Fila m\u00e1rka a CCC-n\u00e9l! Retro sportcip\u0151k v\u00e1rosi eszt\u00e9tik\u00e1val","datePublished":"2023-04-12T11:39:54+00:00","dateModified":"2023-04-12T11:39:55+00:00","mainEntityOfPage":{"@id":"https:\/\/blog.ccc.eu\/hu\/fila-marka-a-ccc-nel-retro-sportcipok-varosi-esztetikaval\/"},"wordCount":788,"commentCount":0,"publisher":{"@id":"https:\/\/blog.ccc.eu\/hu\/#organization"},"image":{"@id":"https:\/\/blog.ccc.eu\/hu\/fila-marka-a-ccc-nel-retro-sportcipok-varosi-esztetikaval\/#primaryimage"},"thumbnailUrl":"https:\/\/blog.ccc.eu\/hu\/wp-content\/uploads\/2023\/04\/sneakersy-fila-683x1024-1.jpg","keywords":["CCC","f\u00e9rfi cip\u0151","fila","gyermekcip\u0151k","n\u0151i cip\u0151","trendek","\u00fajdons\u00e1gok"],"articleSection":["TRENDEK","\u00daJDONS\u00c1GOK"],"inLanguage":"hu","potentialAction":[{"@type":"CommentAction","name":"Comment","target":["https:\/\/blog.ccc.eu\/hu\/fila-marka-a-ccc-nel-retro-sportcipok-varosi-esztetikaval\/#respond"]}]},{"@type":"WebPage","@id":"https:\/\/blog.ccc.eu\/hu\/fila-marka-a-ccc-nel-retro-sportcipok-varosi-esztetikaval\/","url":"https:\/\/blog.ccc.eu\/hu\/fila-marka-a-ccc-nel-retro-sportcipok-varosi-esztetikaval\/","name":"Fila m\u00e1rka a CCC-n\u00e9l! Retro sportcip\u0151k v\u00e1rosi eszt\u00e9tik\u00e1val - CCC Fashion blog","isPartOf":{"@id":"https:\/\/blog.ccc.eu\/hu\/#website"},"primaryImageOfPage":{"@id":"https:\/\/blog.ccc.eu\/hu\/fila-marka-a-ccc-nel-retro-sportcipok-varosi-esztetikaval\/#primaryimage"},"image":{"@id":"https:\/\/blog.ccc.eu\/hu\/fila-marka-a-ccc-nel-retro-sportcipok-varosi-esztetikaval\/#primaryimage"},"thumbnailUrl":"https:\/\/blog.ccc.eu\/hu\/wp-content\/uploads\/2023\/04\/sneakersy-fila-683x1024-1.jpg","datePublished":"2023-04-12T11:39:54+00:00","dateModified":"2023-04-12T11:39:55+00:00","description":"K\u00edv\u00e1ncsi vagy a Fila t\u00f6rt\u00e9net\u00e9re \u00e9s arra, hogy melyek az idei \u00e9v legdivatosabb darabjai? Akkor olvasd el a cikk\u00fcnket!","breadcrumb":{"@id":"https:\/\/blog.ccc.eu\/hu\/fila-marka-a-ccc-nel-retro-sportcipok-varosi-esztetikaval\/#breadcrumb"},"inLanguage":"hu","potentialAction":[{"@type":"ReadAction","target":["https:\/\/blog.ccc.eu\/hu\/fila-marka-a-ccc-nel-retro-sportcipok-varosi-esztetikaval\/"]}]},{"@type":"ImageObject","inLanguage":"hu","@id":"https:\/\/blog.ccc.eu\/hu\/fila-marka-a-ccc-nel-retro-sportcipok-varosi-esztetikaval\/#primaryimage","url":"https:\/\/blog.ccc.eu\/hu\/wp-content\/uploads\/2023\/04\/sneakersy-fila-683x1024-1.jpg","contentUrl":"https:\/\/blog.ccc.eu\/hu\/wp-content\/uploads\/2023\/04\/sneakersy-fila-683x1024-1.jpg","width":683,"height":1024,"caption":"Fila"},{"@type":"BreadcrumbList","@id":"https:\/\/blog.ccc.eu\/hu\/fila-marka-a-ccc-nel-retro-sportcipok-varosi-esztetikaval\/#breadcrumb","itemListElement":[{"@type":"ListItem","position":1,"name":"Strona g\u0142\u00f3wna","item":"https:\/\/blog.ccc.eu\/hu\/"},{"@type":"ListItem","position":2,"name":"Fila m\u00e1rka a CCC-n\u00e9l! Retro sportcip\u0151k v\u00e1rosi eszt\u00e9tik\u00e1val"}]},{"@type":"WebSite","@id":"https:\/\/blog.ccc.eu\/hu\/#website","url":"https:\/\/blog.ccc.eu\/hu\/","name":"CCC Fashion blog","description":"Az \u00d6n helye tele van divatihletekkel","publisher":{"@id":"https:\/\/blog.ccc.eu\/hu\/#organization"},"potentialAction":[{"@type":"SearchAction","target":{"@type":"EntryPoint","urlTemplate":"https:\/\/blog.ccc.eu\/hu\/?s={search_term_string}"},"query-input":{"@type":"PropertyValueSpecification","valueRequired":true,"valueName":"search_term_string"}}],"inLanguage":"hu"},{"@type":"Organization","@id":"https:\/\/blog.ccc.eu\/hu\/#organization","name":"CCC S.A.","url":"https:\/\/blog.ccc.eu\/hu\/","logo":{"@type":"ImageObject","inLanguage":"hu","@id":"https:\/\/blog.ccc.eu\/hu\/#\/schema\/logo\/image\/","url":"https:\/\/blog.ccc.eu\/hu\/wp-content\/uploads\/2021\/11\/logo_ccc.png","contentUrl":"https:\/\/blog.ccc.eu\/hu\/wp-content\/uploads\/2021\/11\/logo_ccc.png","width":730,"height":270,"caption":"CCC S.A."},"image":{"@id":"https:\/\/blog.ccc.eu\/hu\/#\/schema\/logo\/image\/"}},{"@type":"Person","@id":"https:\/\/blog.ccc.eu\/hu\/#\/schema\/person\/b37d4e58a15b8cc6b1339218cfeb7c10","name":"Beatrix Korosi","image":{"@type":"ImageObject","inLanguage":"hu","@id":"https:\/\/blog.ccc.eu\/hu\/#\/schema\/person\/image\/","url":"https:\/\/blog.ccc.eu\/hu\/wp-content\/uploads\/2022\/11\/Bea-150x150.jpg","contentUrl":"https:\/\/blog.ccc.eu\/hu\/wp-content\/uploads\/2022\/11\/Bea-150x150.jpg","caption":"Beatrix Korosi"},"url":"https:\/\/blog.ccc.eu\/hu\/author\/beatrix-korosi\/"}]}},"_links":{"self":[{"href":"https:\/\/blog.ccc.eu\/hu\/wp-json\/wp\/v2\/posts\/7903","targetHints":{"allow":["GET"]}}],"collection":[{"href":"https:\/\/blog.ccc.eu\/hu\/wp-json\/wp\/v2\/posts"}],"about":[{"href":"https:\/\/blog.ccc.eu\/hu\/wp-json\/wp\/v2\/types\/post"}],"author":[{"embeddable":true,"href":"https:\/\/blog.ccc.eu\/hu\/wp-json\/wp\/v2\/users\/22"}],"replies":[{"embeddable":true,"href":"https:\/\/blog.ccc.eu\/hu\/wp-json\/wp\/v2\/comments?post=7903"}],"version-history":[{"count":8,"href":"https:\/\/blog.ccc.eu\/hu\/wp-json\/wp\/v2\/posts\/7903\/revisions"}],"predecessor-version":[{"id":7934,"href":"https:\/\/blog.ccc.eu\/hu\/wp-json\/wp\/v2\/posts\/7903\/revisions\/7934"}],"wp:featuredmedia":[{"embeddable":true,"href":"https:\/\/blog.ccc.eu\/hu\/wp-json\/wp\/v2\/media\/7907"}],"wp:attachment":[{"href":"https:\/\/blog.ccc.eu\/hu\/wp-json\/wp\/v2\/media?parent=7903"}],"wp:term":[{"taxonomy":"category","embeddable":true,"href":"https:\/\/blog.ccc.eu\/hu\/wp-json\/wp\/v2\/categories?post=7903"},{"taxonomy":"post_tag","embeddable":true,"href":"https:\/\/blog.ccc.eu\/hu\/wp-json\/wp\/v2\/tags?post=7903"}],"curies":[{"name":"wp","href":"https:\/\/api.w.org\/{rel}","templated":true}]}}