{"id":7914,"date":"2023-04-17T09:28:55","date_gmt":"2023-04-17T07:28:55","guid":{"rendered":"https:\/\/blog.ccc.eu\/hu\/?p=7914"},"modified":"2023-04-17T09:28:56","modified_gmt":"2023-04-17T07:28:56","slug":"lasocki-kids-a-ccc-nel-kenyelem-a-legfiatalabbaknak-is","status":"publish","type":"post","link":"https:\/\/blog.ccc.eu\/hu\/lasocki-kids-a-ccc-nel-kenyelem-a-legfiatalabbaknak-is\/","title":{"rendered":"Lasocki Kids a CCC-n\u00e9l! K\u00e9nyelem a legfiatalabbaknak is"},"content":{"rendered":"\n<p><b>A Lasocki m\u00e1rka h\u00edres a kiv\u00e1l\u00f3 min\u0151s\u00e9g\u0171 cip\u0151k tervez\u00e9s\u00e9r\u0151l \u00e9s gy\u00e1rt\u00e1s\u00e1r\u00f3l. Az \u00e1ltala l\u00e9trehozott vonal &#8211; Lasocki Kids &#8211; a legfiatalabbaknak sz\u00f3l. Ezeket a gyermek l\u00e1bbeliket a szokatlan megjelen\u00e9s \u00e9s b\u0151rbevonat jellemez, amelyek biztons\u00e1gosak a gyermekek sz\u00e1m\u00e1ra \u00e9s megfelel\u0151 p\u00e1rn\u00e1z\u00e1ssal vannak ell\u00e1tva. Ismerd meg a Lasocki Kids m\u00e1rk\u00e1t, \u00e9s n\u00e9zd meg, milyen milyen cip\u0151modelleket k\u00edn\u00e1l l\u00e1nyoknak \u00e9s fi\u00faknak!<\/b><\/p>\n\n\n\n<figure class=\"wp-block-gallery has-nested-images columns-default is-cropped wp-block-gallery-1 is-layout-flex wp-block-gallery-is-layout-flex\">\n<figure class=\"wp-block-image size-large\"><img loading=\"lazy\" decoding=\"async\" width=\"683\" height=\"1024\" data-id=\"7916\" src=\"https:\/\/blog.ccc.eu\/hu\/wp-content\/uploads\/2023\/04\/tenisowki-dla-dziewczynki-lasocki-kids-683x1024-1.jpg\" alt=\"\" class=\"wp-image-7916\" srcset=\"https:\/\/blog.ccc.eu\/hu\/wp-content\/uploads\/2023\/04\/tenisowki-dla-dziewczynki-lasocki-kids-683x1024-1.jpg 683w, https:\/\/blog.ccc.eu\/hu\/wp-content\/uploads\/2023\/04\/tenisowki-dla-dziewczynki-lasocki-kids-683x1024-1-200x300.jpg 200w, https:\/\/blog.ccc.eu\/hu\/wp-content\/uploads\/2023\/04\/tenisowki-dla-dziewczynki-lasocki-kids-683x1024-1-100x150.jpg 100w\" sizes=\"auto, (max-width: 683px) 100vw, 683px\" \/><\/figure>\n\n\n\n<figure class=\"wp-block-image size-large\"><img loading=\"lazy\" decoding=\"async\" width=\"683\" height=\"1024\" data-id=\"7917\" src=\"https:\/\/blog.ccc.eu\/hu\/wp-content\/uploads\/2023\/04\/tenisowki-dzieciece-lasocki-kids-683x1024-1.jpg\" alt=\"\" class=\"wp-image-7917\" srcset=\"https:\/\/blog.ccc.eu\/hu\/wp-content\/uploads\/2023\/04\/tenisowki-dzieciece-lasocki-kids-683x1024-1.jpg 683w, https:\/\/blog.ccc.eu\/hu\/wp-content\/uploads\/2023\/04\/tenisowki-dzieciece-lasocki-kids-683x1024-1-200x300.jpg 200w, https:\/\/blog.ccc.eu\/hu\/wp-content\/uploads\/2023\/04\/tenisowki-dzieciece-lasocki-kids-683x1024-1-100x150.jpg 100w\" sizes=\"auto, (max-width: 683px) 100vw, 683px\" \/><\/figure>\n<\/figure>\n\n\n\n<h2 class=\"wp-block-heading\">Lasocki gyerekcip\u0151k \u2013 mit k\u00edn\u00e1l a m\u00e1rka?<\/h2>\n\n\n\n<p>A Lasocki Kids term\u00e9kcsal\u00e1d rendk\u00edv\u00fcl t\u00e1gas, hiszen tartalmaz tavaszi-ny\u00e1ri \u00e9s \u0151szi-t\u00e9li cip\u0151ket l\u00e1nyoknak \u00e9s fi\u00faknak is egyar\u00e1nt. A l\u00e1bbelik 20-30-as m\u00e9retben is kaphat\u00f3ak, \u00edgy mind az els\u0151 l\u00e9p\u00e9seiket megtev\u0151, mind a kisiskol\u00e1s kor\u00fa gyermekek sz\u00e1m\u00e1ra alkalmas.<\/p>\n\n\n\n<figure class=\"wp-block-gallery has-nested-images columns-default is-cropped wp-block-gallery-2 is-layout-flex wp-block-gallery-is-layout-flex\">\n<figure class=\"wp-block-image size-large\"><img loading=\"lazy\" decoding=\"async\" width=\"683\" height=\"1024\" data-id=\"7918\" src=\"https:\/\/blog.ccc.eu\/hu\/wp-content\/uploads\/2023\/04\/sandalki-dziewczece-lasocki-kids-683x1024-1.jpg\" alt=\"\" class=\"wp-image-7918\" srcset=\"https:\/\/blog.ccc.eu\/hu\/wp-content\/uploads\/2023\/04\/sandalki-dziewczece-lasocki-kids-683x1024-1.jpg 683w, https:\/\/blog.ccc.eu\/hu\/wp-content\/uploads\/2023\/04\/sandalki-dziewczece-lasocki-kids-683x1024-1-200x300.jpg 200w, https:\/\/blog.ccc.eu\/hu\/wp-content\/uploads\/2023\/04\/sandalki-dziewczece-lasocki-kids-683x1024-1-100x150.jpg 100w\" sizes=\"auto, (max-width: 683px) 100vw, 683px\" \/><\/figure>\n\n\n\n<figure class=\"wp-block-image size-large\"><img loading=\"lazy\" decoding=\"async\" width=\"683\" height=\"1024\" data-id=\"7919\" src=\"https:\/\/blog.ccc.eu\/hu\/wp-content\/uploads\/2023\/04\/sandaly-chlopiece-lasocki-kids-683x1024-1.jpg\" alt=\"\" class=\"wp-image-7919\" srcset=\"https:\/\/blog.ccc.eu\/hu\/wp-content\/uploads\/2023\/04\/sandaly-chlopiece-lasocki-kids-683x1024-1.jpg 683w, https:\/\/blog.ccc.eu\/hu\/wp-content\/uploads\/2023\/04\/sandaly-chlopiece-lasocki-kids-683x1024-1-200x300.jpg 200w, https:\/\/blog.ccc.eu\/hu\/wp-content\/uploads\/2023\/04\/sandaly-chlopiece-lasocki-kids-683x1024-1-100x150.jpg 100w\" sizes=\"auto, (max-width: 683px) 100vw, 683px\" \/><\/figure>\n<\/figure>\n\n\n\n<h2 class=\"wp-block-heading\">Lasocki Kids a CCC-n\u00e9l!<\/h2>\n\n\n\n<p>A Lasocki Kids term\u00e9kcsal\u00e1d gyermekcip\u0151i mind CCC \u00fczletekben, mind az alkalmaz\u00e1sban \u00e9s weboldalon is kaphat\u00f3k. Ha k\u00e9nyelmesen szeretn\u00e9l v\u00e1s\u00e1rolni \u00e9s id\u0151t szeretn\u00e9l megsp\u00f3rolni, akkor h\u00e1zhozsz\u00e1ll\u00edt\u00e1ssal is rendelhetsz cip\u0151t. N\u00e9zd meg, milyen modelleket k\u00edn\u00e1l a Lasocki Kids!<\/p>\n\n\n\n<h2 class=\"wp-block-heading\">Lasocki Kids csizm\u00e1k<\/h2>\n\n\n\n<p>A Lasocki Kids csizm\u00e1k t\u00f6bbnyire term\u00e9szetes b\u0151rb\u0151l k\u00e9sz\u00fclnek, ez\u00e1ltal a cip\u0151 rendk\u00edv\u00fcl ellen\u00e1ll\u00f3 a rossz id\u0151j\u00e1r\u00e1si viszonyokkal szemben, emellett k\u00e9nyelmes \u00e9s t\u00f6k\u00e9letesen illeszkedik a gyermek l\u00e1b\u00e1hoz.<\/p>\n\n\n\n<p>Egyes modellek tov\u00e1bbi bels\u0151 b\u00e9l\u00e9ssel rendelkeznek, amely lehet sz\u0151rme vagy textil b\u00e9l\u00e9s. Ennek k\u00f6sz\u00f6nhet\u0151en minden sz\u00fcl\u0151 megnyugodhat, hogy gyermeke l\u00e1ba megfelel\u0151en v\u00e9dve van a hideg ellen az \u00e9v hideg h\u00f3napjaiban.<\/p>\n\n\n\n<figure class=\"wp-block-gallery has-nested-images columns-default is-cropped wp-block-gallery-3 is-layout-flex wp-block-gallery-is-layout-flex\">\n<figure class=\"wp-block-image size-large\"><img loading=\"lazy\" decoding=\"async\" width=\"313\" height=\"469\" data-id=\"7920\" src=\"https:\/\/blog.ccc.eu\/hu\/wp-content\/uploads\/2023\/04\/CCC_5904862380919_01_lr.jpg\" alt=\"\" class=\"wp-image-7920\" srcset=\"https:\/\/blog.ccc.eu\/hu\/wp-content\/uploads\/2023\/04\/CCC_5904862380919_01_lr.jpg 313w, https:\/\/blog.ccc.eu\/hu\/wp-content\/uploads\/2023\/04\/CCC_5904862380919_01_lr-200x300.jpg 200w, https:\/\/blog.ccc.eu\/hu\/wp-content\/uploads\/2023\/04\/CCC_5904862380919_01_lr-100x150.jpg 100w\" sizes=\"auto, (max-width: 313px) 100vw, 313px\" \/><\/figure>\n\n\n\n<figure class=\"wp-block-image size-large\"><img loading=\"lazy\" decoding=\"async\" width=\"313\" height=\"469\" data-id=\"7921\" src=\"https:\/\/blog.ccc.eu\/hu\/wp-content\/uploads\/2023\/04\/CCC_5904862387512_01_lr.jpg\" alt=\"\" class=\"wp-image-7921\" srcset=\"https:\/\/blog.ccc.eu\/hu\/wp-content\/uploads\/2023\/04\/CCC_5904862387512_01_lr.jpg 313w, https:\/\/blog.ccc.eu\/hu\/wp-content\/uploads\/2023\/04\/CCC_5904862387512_01_lr-200x300.jpg 200w, https:\/\/blog.ccc.eu\/hu\/wp-content\/uploads\/2023\/04\/CCC_5904862387512_01_lr-100x150.jpg 100w\" sizes=\"auto, (max-width: 313px) 100vw, 313px\" \/><\/figure>\n<\/figure>\n\n\n\n<h2 class=\"wp-block-heading\">Lasocki gyerekszand\u00e1l<\/h2>\n\n\n\n<p>A Lasocki Kids szand\u00e1lok egy nagyon kiterjedt l\u00e1bbelikateg\u00f3ria, amely el\u00e9rhet\u0151 a CCC-ben. Tartalmaz z\u00e1rt, nyitott szand\u00e1lokat minimalista diz\u00e1jnnal \u00e9s d\u00edszes, szemet gy\u00f6ny\u00f6rk\u00f6dtet\u0151 modelleket is.<\/p>\n\n\n\n<p>A szand\u00e1lok lyukakkal rendelkeznek, amelyek biztos\u00edtj\u00e1k a megfelel\u0151 l\u00e9g\u00e1raml\u00e1st a cip\u0151ben, ennek k\u00f6sz\u00f6nhet\u0151en a gyermek l\u00e1ba nem melegszik t\u00fal \u00e9s nem \u00e9g le. A szand\u00e1l kialak\u00edt\u00e1s\u00e1nak c\u00e9lja, hogy megv\u00e9dje a l\u00e1bujjakat \u00e9s a sarkakat az esetleges horzsol\u00e1sokt\u00f3l, amelyeknek a kisgyermek l\u00e1bai ki vannak t\u00e9ve j\u00e1t\u00e9k, s\u00e9ta \u00e9s fut\u00e1s k\u00f6zben. Akt\u00edv gyermekek sz\u00e1m\u00e1ra t\u00f6k\u00e9letes v\u00e1laszt\u00e1s!<\/p>\n\n\n\n<p>Ami a cip\u0151k megjelen\u00e9s\u00e9t illeti, a m\u00e1rka k\u00edn\u00e1lat\u00e1ban megtal\u00e1lhat\u00f3ak a minimalista \u00e9s visszafogott szand\u00e1lok is, amelyek k\u00f6nnyed\u00e9n kombin\u00e1lhat\u00f3ak a legt\u00f6bb h\u00e9tk\u00f6znapi tavaszi \u00e9s ny\u00e1ri \u00f6lt\u00f6z\u00e9khez. L\u00e9teznek jellegzetes diz\u00e1jn\u00fa cip\u0151k is \u2013 f\u00e9nyes fels\u0151r\u00e9sszel, divatos elemekkel, p\u00e9ld\u00e1ul csatolt masnikkal vagy vir\u00e1gokkal, valamint kifejez\u0151 sz\u00ednekkel. V\u00e1lassz olyan modellt, amelyik passzol gyermeked ruhat\u00e1r\u00e1hoz \u00e9s karakter\u00e9hez is!<\/p>\n\n\n\n\n\n\n<p>Tekintsd meg a Lasocki Kids elb\u0171v\u00f6l\u0151 l\u00e1bbelijeit&nbsp;<a href=\"https:\/\/ccc.eu\/hu\/sklepy\">CCC \u00fczleteinkben<\/a>,&nbsp;<a href=\"https:\/\/ccc.eu\/hu\/\">webshopunkban<\/a>, \u00e9s az&nbsp;<a href=\"https:\/\/ccc.eu\/hu\/mobile-app\">alkalmaz\u00e1sban<\/a>. Legy\u00e9l&nbsp;<a href=\"https:\/\/ccc.eu\/hu\/klub-ccc\">CCC klubtag<\/a>&nbsp;is, \u00e9s \u00e9lvezd a k\u00e9nyelmes \u00e9s kedvezm\u00e9nyes v\u00e1s\u00e1rl\u00e1si lehet\u0151s\u00e9geket! K\u00f6vesd vel\u00fcnk a divatot&nbsp;<a href=\"https:\/\/www.facebook.com\/CCC.Hungary\/\">Facebookon,<\/a>&nbsp;\u00e9s inspir\u00e1l\u00f3dj vel\u00fcnk az&nbsp;<a href=\"https:\/\/www.instagram.com\/cccshoesbags\/\">Instagramon<\/a>&nbsp;is!<\/p>\n","protected":false},"excerpt":{"rendered":"<p>A Lasocki m\u00e1rka h\u00edres a kiv\u00e1l\u00f3 min\u0151s\u00e9g\u0171 cip\u0151k tervez\u00e9s\u00e9r\u0151l \u00e9s gy\u00e1rt\u00e1s\u00e1r\u00f3l. Az \u00e1ltala l\u00e9trehozott vonal &#8211; Lasocki Kids &#8211; a legfiatalabbaknak sz\u00f3l. Ezeket a gyermek l\u00e1bbeliket a szokatlan megjelen\u00e9s \u00e9s b\u0151rbevonat jellemez, amelyek biztons\u00e1gosak a gyermekek sz\u00e1m\u00e1ra \u00e9s megfelel\u0151 p\u00e1rn\u00e1z\u00e1ssal vannak ell\u00e1tva. Ismerd meg a Lasocki Kids m\u00e1rk\u00e1t, \u00e9s n\u00e9zd meg, milyen milyen cip\u0151modelleket k\u00edn\u00e1l [&hellip;]<\/p>\n","protected":false},"author":22,"featured_media":7916,"comment_status":"open","ping_status":"open","sticky":false,"template":"","format":"standard","meta":{"_acf_changed":false,"footnotes":""},"categories":[432],"tags":[560,955,1068,1067,1069,807],"class_list":["post-7914","post","type-post","status-publish","format-standard","has-post-thumbnail","hentry","category-ujdonsagok","tag-ccc","tag-csizmak","tag-gyerekcipok","tag-lasocki-kids","tag-szandalok","tag-ujdonsag"],"acf":[],"yoast_head":"<!-- This site is optimized with the Yoast SEO plugin v26.9 - https:\/\/yoast.com\/product\/yoast-seo-wordpress\/ -->\n<title>Lasocki Kids a CCC-n\u00e9l! K\u00e9nyelem a legfiatalabbaknak is - CCC Fashion blog<\/title>\n<meta name=\"description\" content=\"A Lasocki Kids kollekci\u00f3 rengeteg divatos cip\u0151t k\u00edn\u00e1l a gyermekek sz\u00e1m\u00e1ra minden st\u00edlusban. N\u00e9zd meg k\u00edn\u00e1latunkat a gyermeked r\u00e9sz\u00e9re! 2026\" \/>\n<meta name=\"robots\" content=\"index, follow, max-snippet:-1, max-image-preview:large, max-video-preview:-1\" \/>\n<link rel=\"canonical\" href=\"https:\/\/blog.ccc.eu\/hu\/lasocki-kids-a-ccc-nel-kenyelem-a-legfiatalabbaknak-is\/\" \/>\n<meta property=\"og:locale\" content=\"hu_HU\" \/>\n<meta property=\"og:type\" content=\"article\" \/>\n<meta property=\"og:title\" content=\"Lasocki Kids a CCC-n\u00e9l! K\u00e9nyelem a legfiatalabbaknak is - CCC Fashion blog\" \/>\n<meta property=\"og:description\" content=\"A Lasocki Kids kollekci\u00f3 rengeteg divatos cip\u0151t k\u00edn\u00e1l a gyermekek sz\u00e1m\u00e1ra minden st\u00edlusban. N\u00e9zd meg k\u00edn\u00e1latunkat a gyermeked r\u00e9sz\u00e9re!\" \/>\n<meta property=\"og:url\" content=\"https:\/\/blog.ccc.eu\/hu\/lasocki-kids-a-ccc-nel-kenyelem-a-legfiatalabbaknak-is\/\" \/>\n<meta property=\"og:site_name\" content=\"CCC Fashion blog\" \/>\n<meta property=\"article:published_time\" content=\"2023-04-17T07:28:55+00:00\" \/>\n<meta property=\"article:modified_time\" content=\"2023-04-17T07:28:56+00:00\" \/>\n<meta property=\"og:image\" content=\"https:\/\/blog.ccc.eu\/hu\/wp-content\/uploads\/2023\/04\/tenisowki-dla-dziewczynki-lasocki-kids-683x1024-1.jpg\" \/>\n\t<meta property=\"og:image:width\" content=\"683\" \/>\n\t<meta property=\"og:image:height\" content=\"1024\" \/>\n\t<meta property=\"og:image:type\" content=\"image\/jpeg\" \/>\n<meta name=\"author\" content=\"Beatrix Korosi\" \/>\n<meta name=\"twitter:card\" content=\"summary_large_image\" \/>\n<meta name=\"twitter:label1\" content=\"Szerz\u0151:\" \/>\n\t<meta name=\"twitter:data1\" content=\"Beatrix Korosi\" \/>\n\t<meta name=\"twitter:label2\" content=\"Becs\u00fclt olvas\u00e1si id\u0151\" \/>\n\t<meta name=\"twitter:data2\" content=\"3 perc\" \/>\n<script type=\"application\/ld+json\" class=\"yoast-schema-graph\">{\"@context\":\"https:\/\/schema.org\",\"@graph\":[{\"@type\":\"Article\",\"@id\":\"https:\/\/blog.ccc.eu\/hu\/lasocki-kids-a-ccc-nel-kenyelem-a-legfiatalabbaknak-is\/#article\",\"isPartOf\":{\"@id\":\"https:\/\/blog.ccc.eu\/hu\/lasocki-kids-a-ccc-nel-kenyelem-a-legfiatalabbaknak-is\/\"},\"author\":{\"name\":\"Beatrix Korosi\",\"@id\":\"https:\/\/blog.ccc.eu\/hu\/#\/schema\/person\/b37d4e58a15b8cc6b1339218cfeb7c10\"},\"headline\":\"Lasocki Kids a CCC-n\u00e9l! K\u00e9nyelem a legfiatalabbaknak is\",\"datePublished\":\"2023-04-17T07:28:55+00:00\",\"dateModified\":\"2023-04-17T07:28:56+00:00\",\"mainEntityOfPage\":{\"@id\":\"https:\/\/blog.ccc.eu\/hu\/lasocki-kids-a-ccc-nel-kenyelem-a-legfiatalabbaknak-is\/\"},\"wordCount\":610,\"commentCount\":0,\"publisher\":{\"@id\":\"https:\/\/blog.ccc.eu\/hu\/#organization\"},\"image\":{\"@id\":\"https:\/\/blog.ccc.eu\/hu\/lasocki-kids-a-ccc-nel-kenyelem-a-legfiatalabbaknak-is\/#primaryimage\"},\"thumbnailUrl\":\"https:\/\/blog.ccc.eu\/hu\/wp-content\/uploads\/2023\/04\/tenisowki-dla-dziewczynki-lasocki-kids-683x1024-1.jpg\",\"keywords\":[\"CCC\",\"csizm\u00e1k\",\"gyerekcip\u0151k\",\"Lasocki kids\",\"szand\u00e1lok\",\"\u00fajdons\u00e1g\"],\"articleSection\":[\"\u00daJDONS\u00c1GOK\"],\"inLanguage\":\"hu\",\"potentialAction\":[{\"@type\":\"CommentAction\",\"name\":\"Comment\",\"target\":[\"https:\/\/blog.ccc.eu\/hu\/lasocki-kids-a-ccc-nel-kenyelem-a-legfiatalabbaknak-is\/#respond\"]}]},{\"@type\":\"WebPage\",\"@id\":\"https:\/\/blog.ccc.eu\/hu\/lasocki-kids-a-ccc-nel-kenyelem-a-legfiatalabbaknak-is\/\",\"url\":\"https:\/\/blog.ccc.eu\/hu\/lasocki-kids-a-ccc-nel-kenyelem-a-legfiatalabbaknak-is\/\",\"name\":\"Lasocki Kids a CCC-n\u00e9l! K\u00e9nyelem a legfiatalabbaknak is - CCC Fashion blog\",\"isPartOf\":{\"@id\":\"https:\/\/blog.ccc.eu\/hu\/#website\"},\"primaryImageOfPage\":{\"@id\":\"https:\/\/blog.ccc.eu\/hu\/lasocki-kids-a-ccc-nel-kenyelem-a-legfiatalabbaknak-is\/#primaryimage\"},\"image\":{\"@id\":\"https:\/\/blog.ccc.eu\/hu\/lasocki-kids-a-ccc-nel-kenyelem-a-legfiatalabbaknak-is\/#primaryimage\"},\"thumbnailUrl\":\"https:\/\/blog.ccc.eu\/hu\/wp-content\/uploads\/2023\/04\/tenisowki-dla-dziewczynki-lasocki-kids-683x1024-1.jpg\",\"datePublished\":\"2023-04-17T07:28:55+00:00\",\"dateModified\":\"2023-04-17T07:28:56+00:00\",\"description\":\"A Lasocki Kids kollekci\u00f3 rengeteg divatos cip\u0151t k\u00edn\u00e1l a gyermekek sz\u00e1m\u00e1ra minden st\u00edlusban. N\u00e9zd meg k\u00edn\u00e1latunkat a gyermeked r\u00e9sz\u00e9re!\",\"breadcrumb\":{\"@id\":\"https:\/\/blog.ccc.eu\/hu\/lasocki-kids-a-ccc-nel-kenyelem-a-legfiatalabbaknak-is\/#breadcrumb\"},\"inLanguage\":\"hu\",\"potentialAction\":[{\"@type\":\"ReadAction\",\"target\":[\"https:\/\/blog.ccc.eu\/hu\/lasocki-kids-a-ccc-nel-kenyelem-a-legfiatalabbaknak-is\/\"]}]},{\"@type\":\"ImageObject\",\"inLanguage\":\"hu\",\"@id\":\"https:\/\/blog.ccc.eu\/hu\/lasocki-kids-a-ccc-nel-kenyelem-a-legfiatalabbaknak-is\/#primaryimage\",\"url\":\"https:\/\/blog.ccc.eu\/hu\/wp-content\/uploads\/2023\/04\/tenisowki-dla-dziewczynki-lasocki-kids-683x1024-1.jpg\",\"contentUrl\":\"https:\/\/blog.ccc.eu\/hu\/wp-content\/uploads\/2023\/04\/tenisowki-dla-dziewczynki-lasocki-kids-683x1024-1.jpg\",\"width\":683,\"height\":1024},{\"@type\":\"BreadcrumbList\",\"@id\":\"https:\/\/blog.ccc.eu\/hu\/lasocki-kids-a-ccc-nel-kenyelem-a-legfiatalabbaknak-is\/#breadcrumb\",\"itemListElement\":[{\"@type\":\"ListItem\",\"position\":1,\"name\":\"Strona g\u0142\u00f3wna\",\"item\":\"https:\/\/blog.ccc.eu\/hu\/\"},{\"@type\":\"ListItem\",\"position\":2,\"name\":\"Lasocki Kids a CCC-n\u00e9l! K\u00e9nyelem a legfiatalabbaknak is\"}]},{\"@type\":\"WebSite\",\"@id\":\"https:\/\/blog.ccc.eu\/hu\/#website\",\"url\":\"https:\/\/blog.ccc.eu\/hu\/\",\"name\":\"CCC Fashion blog\",\"description\":\"Az \u00d6n helye tele van divatihletekkel\",\"publisher\":{\"@id\":\"https:\/\/blog.ccc.eu\/hu\/#organization\"},\"potentialAction\":[{\"@type\":\"SearchAction\",\"target\":{\"@type\":\"EntryPoint\",\"urlTemplate\":\"https:\/\/blog.ccc.eu\/hu\/?s={search_term_string}\"},\"query-input\":{\"@type\":\"PropertyValueSpecification\",\"valueRequired\":true,\"valueName\":\"search_term_string\"}}],\"inLanguage\":\"hu\"},{\"@type\":\"Organization\",\"@id\":\"https:\/\/blog.ccc.eu\/hu\/#organization\",\"name\":\"CCC S.A.\",\"url\":\"https:\/\/blog.ccc.eu\/hu\/\",\"logo\":{\"@type\":\"ImageObject\",\"inLanguage\":\"hu\",\"@id\":\"https:\/\/blog.ccc.eu\/hu\/#\/schema\/logo\/image\/\",\"url\":\"https:\/\/blog.ccc.eu\/hu\/wp-content\/uploads\/2021\/11\/logo_ccc.png\",\"contentUrl\":\"https:\/\/blog.ccc.eu\/hu\/wp-content\/uploads\/2021\/11\/logo_ccc.png\",\"width\":730,\"height\":270,\"caption\":\"CCC S.A.\"},\"image\":{\"@id\":\"https:\/\/blog.ccc.eu\/hu\/#\/schema\/logo\/image\/\"}},{\"@type\":\"Person\",\"@id\":\"https:\/\/blog.ccc.eu\/hu\/#\/schema\/person\/b37d4e58a15b8cc6b1339218cfeb7c10\",\"name\":\"Beatrix Korosi\",\"image\":{\"@type\":\"ImageObject\",\"inLanguage\":\"hu\",\"@id\":\"https:\/\/blog.ccc.eu\/hu\/#\/schema\/person\/image\/\",\"url\":\"https:\/\/blog.ccc.eu\/hu\/wp-content\/uploads\/2022\/11\/Bea-150x150.jpg\",\"contentUrl\":\"https:\/\/blog.ccc.eu\/hu\/wp-content\/uploads\/2022\/11\/Bea-150x150.jpg\",\"caption\":\"Beatrix Korosi\"},\"url\":\"https:\/\/blog.ccc.eu\/hu\/author\/beatrix-korosi\/\"}]}<\/script>\n<!-- \/ Yoast SEO plugin. -->","yoast_head_json":{"title":"Lasocki Kids a CCC-n\u00e9l! K\u00e9nyelem a legfiatalabbaknak is - CCC Fashion blog","description":"A Lasocki Kids kollekci\u00f3 rengeteg divatos cip\u0151t k\u00edn\u00e1l a gyermekek sz\u00e1m\u00e1ra minden st\u00edlusban. N\u00e9zd meg k\u00edn\u00e1latunkat a gyermeked r\u00e9sz\u00e9re! 2026","robots":{"index":"index","follow":"follow","max-snippet":"max-snippet:-1","max-image-preview":"max-image-preview:large","max-video-preview":"max-video-preview:-1"},"canonical":"https:\/\/blog.ccc.eu\/hu\/lasocki-kids-a-ccc-nel-kenyelem-a-legfiatalabbaknak-is\/","og_locale":"hu_HU","og_type":"article","og_title":"Lasocki Kids a CCC-n\u00e9l! K\u00e9nyelem a legfiatalabbaknak is - CCC Fashion blog","og_description":"A Lasocki Kids kollekci\u00f3 rengeteg divatos cip\u0151t k\u00edn\u00e1l a gyermekek sz\u00e1m\u00e1ra minden st\u00edlusban. N\u00e9zd meg k\u00edn\u00e1latunkat a gyermeked r\u00e9sz\u00e9re!","og_url":"https:\/\/blog.ccc.eu\/hu\/lasocki-kids-a-ccc-nel-kenyelem-a-legfiatalabbaknak-is\/","og_site_name":"CCC Fashion blog","article_published_time":"2023-04-17T07:28:55+00:00","article_modified_time":"2023-04-17T07:28:56+00:00","og_image":[{"width":683,"height":1024,"url":"https:\/\/blog.ccc.eu\/hu\/wp-content\/uploads\/2023\/04\/tenisowki-dla-dziewczynki-lasocki-kids-683x1024-1.jpg","type":"image\/jpeg"}],"author":"Beatrix Korosi","twitter_card":"summary_large_image","twitter_misc":{"Szerz\u0151:":"Beatrix Korosi","Becs\u00fclt olvas\u00e1si id\u0151":"3 perc"},"schema":{"@context":"https:\/\/schema.org","@graph":[{"@type":"Article","@id":"https:\/\/blog.ccc.eu\/hu\/lasocki-kids-a-ccc-nel-kenyelem-a-legfiatalabbaknak-is\/#article","isPartOf":{"@id":"https:\/\/blog.ccc.eu\/hu\/lasocki-kids-a-ccc-nel-kenyelem-a-legfiatalabbaknak-is\/"},"author":{"name":"Beatrix Korosi","@id":"https:\/\/blog.ccc.eu\/hu\/#\/schema\/person\/b37d4e58a15b8cc6b1339218cfeb7c10"},"headline":"Lasocki Kids a CCC-n\u00e9l! K\u00e9nyelem a legfiatalabbaknak is","datePublished":"2023-04-17T07:28:55+00:00","dateModified":"2023-04-17T07:28:56+00:00","mainEntityOfPage":{"@id":"https:\/\/blog.ccc.eu\/hu\/lasocki-kids-a-ccc-nel-kenyelem-a-legfiatalabbaknak-is\/"},"wordCount":610,"commentCount":0,"publisher":{"@id":"https:\/\/blog.ccc.eu\/hu\/#organization"},"image":{"@id":"https:\/\/blog.ccc.eu\/hu\/lasocki-kids-a-ccc-nel-kenyelem-a-legfiatalabbaknak-is\/#primaryimage"},"thumbnailUrl":"https:\/\/blog.ccc.eu\/hu\/wp-content\/uploads\/2023\/04\/tenisowki-dla-dziewczynki-lasocki-kids-683x1024-1.jpg","keywords":["CCC","csizm\u00e1k","gyerekcip\u0151k","Lasocki kids","szand\u00e1lok","\u00fajdons\u00e1g"],"articleSection":["\u00daJDONS\u00c1GOK"],"inLanguage":"hu","potentialAction":[{"@type":"CommentAction","name":"Comment","target":["https:\/\/blog.ccc.eu\/hu\/lasocki-kids-a-ccc-nel-kenyelem-a-legfiatalabbaknak-is\/#respond"]}]},{"@type":"WebPage","@id":"https:\/\/blog.ccc.eu\/hu\/lasocki-kids-a-ccc-nel-kenyelem-a-legfiatalabbaknak-is\/","url":"https:\/\/blog.ccc.eu\/hu\/lasocki-kids-a-ccc-nel-kenyelem-a-legfiatalabbaknak-is\/","name":"Lasocki Kids a CCC-n\u00e9l! K\u00e9nyelem a legfiatalabbaknak is - CCC Fashion blog","isPartOf":{"@id":"https:\/\/blog.ccc.eu\/hu\/#website"},"primaryImageOfPage":{"@id":"https:\/\/blog.ccc.eu\/hu\/lasocki-kids-a-ccc-nel-kenyelem-a-legfiatalabbaknak-is\/#primaryimage"},"image":{"@id":"https:\/\/blog.ccc.eu\/hu\/lasocki-kids-a-ccc-nel-kenyelem-a-legfiatalabbaknak-is\/#primaryimage"},"thumbnailUrl":"https:\/\/blog.ccc.eu\/hu\/wp-content\/uploads\/2023\/04\/tenisowki-dla-dziewczynki-lasocki-kids-683x1024-1.jpg","datePublished":"2023-04-17T07:28:55+00:00","dateModified":"2023-04-17T07:28:56+00:00","description":"A Lasocki Kids kollekci\u00f3 rengeteg divatos cip\u0151t k\u00edn\u00e1l a gyermekek sz\u00e1m\u00e1ra minden st\u00edlusban. N\u00e9zd meg k\u00edn\u00e1latunkat a gyermeked r\u00e9sz\u00e9re!","breadcrumb":{"@id":"https:\/\/blog.ccc.eu\/hu\/lasocki-kids-a-ccc-nel-kenyelem-a-legfiatalabbaknak-is\/#breadcrumb"},"inLanguage":"hu","potentialAction":[{"@type":"ReadAction","target":["https:\/\/blog.ccc.eu\/hu\/lasocki-kids-a-ccc-nel-kenyelem-a-legfiatalabbaknak-is\/"]}]},{"@type":"ImageObject","inLanguage":"hu","@id":"https:\/\/blog.ccc.eu\/hu\/lasocki-kids-a-ccc-nel-kenyelem-a-legfiatalabbaknak-is\/#primaryimage","url":"https:\/\/blog.ccc.eu\/hu\/wp-content\/uploads\/2023\/04\/tenisowki-dla-dziewczynki-lasocki-kids-683x1024-1.jpg","contentUrl":"https:\/\/blog.ccc.eu\/hu\/wp-content\/uploads\/2023\/04\/tenisowki-dla-dziewczynki-lasocki-kids-683x1024-1.jpg","width":683,"height":1024},{"@type":"BreadcrumbList","@id":"https:\/\/blog.ccc.eu\/hu\/lasocki-kids-a-ccc-nel-kenyelem-a-legfiatalabbaknak-is\/#breadcrumb","itemListElement":[{"@type":"ListItem","position":1,"name":"Strona g\u0142\u00f3wna","item":"https:\/\/blog.ccc.eu\/hu\/"},{"@type":"ListItem","position":2,"name":"Lasocki Kids a CCC-n\u00e9l! K\u00e9nyelem a legfiatalabbaknak is"}]},{"@type":"WebSite","@id":"https:\/\/blog.ccc.eu\/hu\/#website","url":"https:\/\/blog.ccc.eu\/hu\/","name":"CCC Fashion blog","description":"Az \u00d6n helye tele van divatihletekkel","publisher":{"@id":"https:\/\/blog.ccc.eu\/hu\/#organization"},"potentialAction":[{"@type":"SearchAction","target":{"@type":"EntryPoint","urlTemplate":"https:\/\/blog.ccc.eu\/hu\/?s={search_term_string}"},"query-input":{"@type":"PropertyValueSpecification","valueRequired":true,"valueName":"search_term_string"}}],"inLanguage":"hu"},{"@type":"Organization","@id":"https:\/\/blog.ccc.eu\/hu\/#organization","name":"CCC S.A.","url":"https:\/\/blog.ccc.eu\/hu\/","logo":{"@type":"ImageObject","inLanguage":"hu","@id":"https:\/\/blog.ccc.eu\/hu\/#\/schema\/logo\/image\/","url":"https:\/\/blog.ccc.eu\/hu\/wp-content\/uploads\/2021\/11\/logo_ccc.png","contentUrl":"https:\/\/blog.ccc.eu\/hu\/wp-content\/uploads\/2021\/11\/logo_ccc.png","width":730,"height":270,"caption":"CCC S.A."},"image":{"@id":"https:\/\/blog.ccc.eu\/hu\/#\/schema\/logo\/image\/"}},{"@type":"Person","@id":"https:\/\/blog.ccc.eu\/hu\/#\/schema\/person\/b37d4e58a15b8cc6b1339218cfeb7c10","name":"Beatrix Korosi","image":{"@type":"ImageObject","inLanguage":"hu","@id":"https:\/\/blog.ccc.eu\/hu\/#\/schema\/person\/image\/","url":"https:\/\/blog.ccc.eu\/hu\/wp-content\/uploads\/2022\/11\/Bea-150x150.jpg","contentUrl":"https:\/\/blog.ccc.eu\/hu\/wp-content\/uploads\/2022\/11\/Bea-150x150.jpg","caption":"Beatrix Korosi"},"url":"https:\/\/blog.ccc.eu\/hu\/author\/beatrix-korosi\/"}]}},"_links":{"self":[{"href":"https:\/\/blog.ccc.eu\/hu\/wp-json\/wp\/v2\/posts\/7914","targetHints":{"allow":["GET"]}}],"collection":[{"href":"https:\/\/blog.ccc.eu\/hu\/wp-json\/wp\/v2\/posts"}],"about":[{"href":"https:\/\/blog.ccc.eu\/hu\/wp-json\/wp\/v2\/types\/post"}],"author":[{"embeddable":true,"href":"https:\/\/blog.ccc.eu\/hu\/wp-json\/wp\/v2\/users\/22"}],"replies":[{"embeddable":true,"href":"https:\/\/blog.ccc.eu\/hu\/wp-json\/wp\/v2\/comments?post=7914"}],"version-history":[{"count":3,"href":"https:\/\/blog.ccc.eu\/hu\/wp-json\/wp\/v2\/posts\/7914\/revisions"}],"predecessor-version":[{"id":7957,"href":"https:\/\/blog.ccc.eu\/hu\/wp-json\/wp\/v2\/posts\/7914\/revisions\/7957"}],"wp:featuredmedia":[{"embeddable":true,"href":"https:\/\/blog.ccc.eu\/hu\/wp-json\/wp\/v2\/media\/7916"}],"wp:attachment":[{"href":"https:\/\/blog.ccc.eu\/hu\/wp-json\/wp\/v2\/media?parent=7914"}],"wp:term":[{"taxonomy":"category","embeddable":true,"href":"https:\/\/blog.ccc.eu\/hu\/wp-json\/wp\/v2\/categories?post=7914"},{"taxonomy":"post_tag","embeddable":true,"href":"https:\/\/blog.ccc.eu\/hu\/wp-json\/wp\/v2\/tags?post=7914"}],"curies":[{"name":"wp","href":"https:\/\/api.w.org\/{rel}","templated":true}]}}