{"id":7959,"date":"2023-04-27T10:39:42","date_gmt":"2023-04-27T08:39:42","guid":{"rendered":"https:\/\/blog.ccc.eu\/hu\/?p=7959"},"modified":"2023-06-09T10:04:01","modified_gmt":"2023-06-09T08:04:01","slug":"jenny-fairy-attetszo-kapszulakollekcio","status":"publish","type":"post","link":"https:\/\/blog.ccc.eu\/hu\/jenny-fairy-attetszo-kapszulakollekcio\/","title":{"rendered":"Jenny Fairy &#8211; \u00c1ttetsz\u0151 kapszulakollekci\u00f3"},"content":{"rendered":"\n<p><b>Emily Ratajkowski f\u0151szerepl\u00e9s\u00e9vel a Jenny Fairy m\u00e1rka egy nagyon egyedi kapszulakollekci\u00f3t mutatott be, melynek darabjai 2023-ban is er\u0151s trendnek sz\u00e1m\u00edtanak. A Jenny Fairy m\u00e1rka kollekci\u00f3i mindig t\u00f6k\u00e9letesen illeszkednek az aktu\u00e1lis trendekbe. Az \u00c1ttetsz\u0151 kapszulakollekci\u00f3ban olyan k\u00fcl\u00f6nleges cip\u0151k \u00e9s k\u00e9zit\u00e1sk\u00e1k tal\u00e1lhat\u00f3k, amelyek eredetis\u00e9g\u00fckkel ny\u0171g\u00f6znek le minket. Fedezd fel az egyed\u00fcl\u00e1ll\u00f3 kapszulakollekci\u00f3t, \u00e9s tal\u00e1ld meg \u00e1lmaid cip\u0151j\u00e9t \u00e9s k\u00e9zit\u00e1sk\u00e1j\u00e1t a ny\u00e1rra a CCC-ben!<\/b><\/p>\n\n\n\n<figure class=\"wp-block-gallery has-nested-images columns-default is-cropped wp-block-gallery-1 is-layout-flex wp-block-gallery-is-layout-flex\">\n<figure class=\"wp-block-image size-large\"><img loading=\"lazy\" decoding=\"async\" width=\"1024\" height=\"683\" data-id=\"7961\" src=\"https:\/\/blog.ccc.eu\/hu\/wp-content\/uploads\/2023\/04\/JF_SS23_09_0115_300dpi-1024x683-1.jpg\" alt=\"\" class=\"wp-image-7961\" srcset=\"https:\/\/blog.ccc.eu\/hu\/wp-content\/uploads\/2023\/04\/JF_SS23_09_0115_300dpi-1024x683-1.jpg 1024w, https:\/\/blog.ccc.eu\/hu\/wp-content\/uploads\/2023\/04\/JF_SS23_09_0115_300dpi-1024x683-1-300x200.jpg 300w, https:\/\/blog.ccc.eu\/hu\/wp-content\/uploads\/2023\/04\/JF_SS23_09_0115_300dpi-1024x683-1-768x512.jpg 768w, https:\/\/blog.ccc.eu\/hu\/wp-content\/uploads\/2023\/04\/JF_SS23_09_0115_300dpi-1024x683-1-100x67.jpg 100w\" sizes=\"auto, (max-width: 1024px) 100vw, 1024px\" \/><\/figure>\n<\/figure>\n\n\n\n<h2 class=\"wp-block-heading\">\u00c1ttetsz\u0151 trendek<\/h2>\n\n\n\n<p>Az \u00e1ttetsz\u0151 divat a 2000-es \u00e9vekben \u00e9lte f\u00e9nykor\u00e1t, amikor az akkoriban n\u00e9pszer\u0171, magas, \u00e1tl\u00e1tsz\u00f3 platformsark\u00fa cip\u0151k igazi sl\u00e1gerek voltak, ami sok izgalmat \u00e9s vit\u00e1t v\u00e1ltott ki.<\/p>\n\n\n\n<p>Az egyik szem\u00e9ly, aki bejelentette a vil\u00e1gnak, hogy az \u00e1tl\u00e1tsz\u00f3 cip\u0151k divatosak, az Kim Kardashian volt, aki 2016-ban a volt f\u00e9rje \u00e1ltal tervezett \u00e1tl\u00e1tsz\u00f3 cip\u0151t viselte. A h\u00edress\u00e9gek \u00e9s mindenki m\u00e1s a vil\u00e1g minden t\u00e1j\u00e1r\u00f3l elkezdett \u00e1tl\u00e1tsz\u00f3 t\u0171sark\u00fahoz, szand\u00e1lhoz vagy flip-flophoz ny\u00falni.<\/p>\n\n\n\n<figure class=\"wp-block-gallery has-nested-images columns-default is-cropped wp-block-gallery-2 is-layout-flex wp-block-gallery-is-layout-flex\">\n<figure class=\"wp-block-image size-large\"><img loading=\"lazy\" decoding=\"async\" width=\"682\" height=\"1024\" data-id=\"7962\" src=\"https:\/\/blog.ccc.eu\/hu\/wp-content\/uploads\/2023\/04\/JF_SS23_09_0248_LBX_crop_300dpi-682x1024-1.jpg\" alt=\"\" class=\"wp-image-7962\" srcset=\"https:\/\/blog.ccc.eu\/hu\/wp-content\/uploads\/2023\/04\/JF_SS23_09_0248_LBX_crop_300dpi-682x1024-1.jpg 682w, https:\/\/blog.ccc.eu\/hu\/wp-content\/uploads\/2023\/04\/JF_SS23_09_0248_LBX_crop_300dpi-682x1024-1-200x300.jpg 200w, https:\/\/blog.ccc.eu\/hu\/wp-content\/uploads\/2023\/04\/JF_SS23_09_0248_LBX_crop_300dpi-682x1024-1-100x150.jpg 100w\" sizes=\"auto, (max-width: 682px) 100vw, 682px\" \/><\/figure>\n\n\n\n<figure class=\"wp-block-image size-large\"><img loading=\"lazy\" decoding=\"async\" width=\"683\" height=\"1024\" data-id=\"7963\" src=\"https:\/\/blog.ccc.eu\/hu\/wp-content\/uploads\/2023\/04\/JF_SS23_230131_JennyFairy_0292-683x1024-1.jpg\" alt=\"\" class=\"wp-image-7963\" srcset=\"https:\/\/blog.ccc.eu\/hu\/wp-content\/uploads\/2023\/04\/JF_SS23_230131_JennyFairy_0292-683x1024-1.jpg 683w, https:\/\/blog.ccc.eu\/hu\/wp-content\/uploads\/2023\/04\/JF_SS23_230131_JennyFairy_0292-683x1024-1-200x300.jpg 200w, https:\/\/blog.ccc.eu\/hu\/wp-content\/uploads\/2023\/04\/JF_SS23_230131_JennyFairy_0292-683x1024-1-100x150.jpg 100w\" sizes=\"auto, (max-width: 683px) 100vw, 683px\" \/><\/figure>\n<\/figure>\n\n\n\n<h2 class=\"wp-block-heading\">\u00c1tl\u00e1tsz\u00f3 text\u00far\u00e1j\u00fa divat 2023-ban<\/h2>\n\n\n\n<p>Az \u00e1tl\u00e1tsz\u00f3 anyagok m\u00e1r megjelentek a 2023-as kollekci\u00f3 bejelent\u00e9seiben, valamint gy\u00f6ny\u00f6r\u0171 kre\u00e1ci\u00f3kat l\u00e1thattunk a h\u00edres divath\u00e1zak kifut\u00f3in. Az \u00e1tl\u00e1tsz\u00f3 ruhat\u00e1r \u00e1ltal er\u0151sen inspir\u00e1lva a tervez\u0151k \u00fagy d\u00f6nt\u00f6ttek, hogy ezt a trendet a cip\u0151k\u00f6n \u00e9s a t\u00e1sk\u00e1kon is tov\u00e1bbfejlesztik.<\/p>\n\n\n\n<p>Az \u00e1tl\u00e1tsz\u00f3 fels\u0151r\u00e9szek \u00e9s sarkak nosztalgikus utal\u00e1st tettek a 21. sz\u00e1zad els\u0151 \u00e9vtized\u00e9re, amelyben \u00f3ri\u00e1si n\u00e9pszer\u0171s\u00e9gnek \u00f6rvendtek. A Jenny Fairy \u00faj kapszulakollekci\u00f3j\u00e1ban is l\u00e1thatjuk \u0151ket!<\/p>\n\n\n\n<figure class=\"wp-block-gallery has-nested-images columns-default is-cropped wp-block-gallery-3 is-layout-flex wp-block-gallery-is-layout-flex\">\n<figure class=\"wp-block-image size-large\"><img loading=\"lazy\" decoding=\"async\" width=\"817\" height=\"1024\" data-id=\"7964\" src=\"https:\/\/blog.ccc.eu\/hu\/wp-content\/uploads\/2023\/04\/JF_SS23_09_0054_LBX_crop_300dpi-817x1024-1.jpg\" alt=\"\" class=\"wp-image-7964\" srcset=\"https:\/\/blog.ccc.eu\/hu\/wp-content\/uploads\/2023\/04\/JF_SS23_09_0054_LBX_crop_300dpi-817x1024-1.jpg 817w, https:\/\/blog.ccc.eu\/hu\/wp-content\/uploads\/2023\/04\/JF_SS23_09_0054_LBX_crop_300dpi-817x1024-1-239x300.jpg 239w, https:\/\/blog.ccc.eu\/hu\/wp-content\/uploads\/2023\/04\/JF_SS23_09_0054_LBX_crop_300dpi-817x1024-1-768x963.jpg 768w, https:\/\/blog.ccc.eu\/hu\/wp-content\/uploads\/2023\/04\/JF_SS23_09_0054_LBX_crop_300dpi-817x1024-1-100x125.jpg 100w\" sizes=\"auto, (max-width: 817px) 100vw, 817px\" \/><\/figure>\n\n\n\n<figure class=\"wp-block-image size-full\"><img loading=\"lazy\" decoding=\"async\" width=\"683\" height=\"1024\" data-id=\"7966\" src=\"https:\/\/blog.ccc.eu\/hu\/wp-content\/uploads\/2023\/04\/JF_SS23_230131_JennyFairy_0879-683x1024-1.jpg\" alt=\"\" class=\"wp-image-7966\" srcset=\"https:\/\/blog.ccc.eu\/hu\/wp-content\/uploads\/2023\/04\/JF_SS23_230131_JennyFairy_0879-683x1024-1.jpg 683w, https:\/\/blog.ccc.eu\/hu\/wp-content\/uploads\/2023\/04\/JF_SS23_230131_JennyFairy_0879-683x1024-1-200x300.jpg 200w, https:\/\/blog.ccc.eu\/hu\/wp-content\/uploads\/2023\/04\/JF_SS23_230131_JennyFairy_0879-683x1024-1-100x150.jpg 100w\" sizes=\"auto, (max-width: 683px) 100vw, 683px\" \/><\/figure>\n<\/figure>\n\n\n\n<h2 class=\"wp-block-heading\">Jenny Fairy \u00e1ttetsz\u0151 kapszulakollekci\u00f3<\/h2>\n\n\n\n<p>Jenny Fairy trendm\u00e1rk\u00e1nk egy \u00faj kollekci\u00f3val k\u00e9sz\u00fclt nek\u00fcnk, a modern trendek \u00e9s klasszikusok \u00f6tv\u00f6zet\u00e9t l\u00e1thatjuk egyenesen a 2000-es \u00e9vekb\u0151l.<\/p>\n\n\n\n<p>Az \u00e1tl\u00e1tsz\u00f3 anyagok, amelyekb\u0151l cip\u0151k \u00e9s k\u00e9zit\u00e1sk\u00e1k k\u00e9sz\u00fclnek, ragyogni fognak a napsugaraknak k\u00f6sz\u00f6nhet\u0151en, \u00e9s a ny\u00e1r legdivatosabb kieg\u00e9sz\u00edt\u0151i lesznek. Gy\u00f6ngy\u00f6s d\u00edsz\u00edt\u00e9sek, \u00e1tl\u00e1tsz\u00f3 text\u00far\u00e1k a Jenny Fairy ultra-divatos v\u00e1ltozat\u00e1ban, a szezon legforr\u00f3bb pillanat\u00e1ban is rendk\u00edv\u00fcl j\u00f3 v\u00e1laszt\u00e1sok lesznek!<\/p>\n\n\n\n<figure class=\"wp-block-gallery has-nested-images columns-default is-cropped wp-block-gallery-4 is-layout-flex wp-block-gallery-is-layout-flex\">\n<figure class=\"wp-block-image size-large\"><img loading=\"lazy\" decoding=\"async\" width=\"683\" height=\"1024\" data-id=\"7967\" src=\"https:\/\/blog.ccc.eu\/hu\/wp-content\/uploads\/2023\/04\/JF_SS23_09_0097_LBX_crop_300dpi-683x1024-1.jpg\" alt=\"\" class=\"wp-image-7967\" srcset=\"https:\/\/blog.ccc.eu\/hu\/wp-content\/uploads\/2023\/04\/JF_SS23_09_0097_LBX_crop_300dpi-683x1024-1.jpg 683w, https:\/\/blog.ccc.eu\/hu\/wp-content\/uploads\/2023\/04\/JF_SS23_09_0097_LBX_crop_300dpi-683x1024-1-200x300.jpg 200w, https:\/\/blog.ccc.eu\/hu\/wp-content\/uploads\/2023\/04\/JF_SS23_09_0097_LBX_crop_300dpi-683x1024-1-100x150.jpg 100w\" sizes=\"auto, (max-width: 683px) 100vw, 683px\" \/><\/figure>\n\n\n\n<figure class=\"wp-block-image size-large\"><img loading=\"lazy\" decoding=\"async\" width=\"683\" height=\"1024\" data-id=\"7968\" src=\"https:\/\/blog.ccc.eu\/hu\/wp-content\/uploads\/2023\/04\/JF_SS23_230131_JennyFairy_0878-683x1024-1.jpg\" alt=\"\" class=\"wp-image-7968\" srcset=\"https:\/\/blog.ccc.eu\/hu\/wp-content\/uploads\/2023\/04\/JF_SS23_230131_JennyFairy_0878-683x1024-1.jpg 683w, https:\/\/blog.ccc.eu\/hu\/wp-content\/uploads\/2023\/04\/JF_SS23_230131_JennyFairy_0878-683x1024-1-200x300.jpg 200w, https:\/\/blog.ccc.eu\/hu\/wp-content\/uploads\/2023\/04\/JF_SS23_230131_JennyFairy_0878-683x1024-1-100x150.jpg 100w\" sizes=\"auto, (max-width: 683px) 100vw, 683px\" \/><\/figure>\n<\/figure>\n\n\n\n<h2 class=\"wp-block-heading\">Mit tal\u00e1lhatunk az \u00faj kollekci\u00f3ban?<\/h2>\n\n\n\n<p>Abszol\u00fat egyedi szand\u00e1lokat tal\u00e1lhatunk a kollekci\u00f3ban, amelyek ez\u00fcst, fekete, k\u00e9k, r\u00f3zsasz\u00edn \u00e9s b\u00e9zs sz\u00ednben kaphat\u00f3ak. A cip\u0151k k\u00fcl\u00f6nleges, \u00e1ttetsz\u0151 magas sarokkal \u00e9s a bok\u00e1n\u00e1l finom, v\u00e9kony, krist\u00e1lyvir\u00e1ggal d\u00edsz\u00edtett fels\u0151r\u00e9sszel ell\u00e1tott p\u00e1ntokkal rendelkeznek.<\/p>\n\n\n\n<p>A szand\u00e1lok mellett a kollekci\u00f3ban b\u00e9zs, fekete \u00e9s r\u00f3zsasz\u00edn sz\u00edn\u0171 flip-flopok is szerepelnek. Az \u00e1tl\u00e1tsz\u00f3 sarok (mint a szand\u00e1lokn\u00e1l) t\u00f6k\u00e9letesen kombin\u00e1l\u00f3dik a fels\u0151r\u00e9szt alkot\u00f3, teljesen \u00e1tl\u00e1tsz\u00f3 k\u00e9t sz\u00e9les p\u00e1nttal. A kollekci\u00f3hoz gy\u00f6ngy\u00f6s t\u00e1sk\u00e1k is tartoznak fekete, feh\u00e9r \u00e9s r\u00f3zsasz\u00edn sz\u00ednben, emellett bels\u0151 cipz\u00e1rral \u00e9s levehet\u0151 l\u00e1nccal rendelkeznek, \u00edgy tetsz\u00e9s szerint viselhet\u0151k.<\/p>\n\n\n\n\n\n\n<p><\/p>\n\n\n\n<h2 class=\"wp-block-heading\">Hogyan viselj\u00fck a kollekci\u00f3 tartalmait?<\/h2>\n\n\n\n<p>Ez a kollekci\u00f3 t\u00f6k\u00e9letes v\u00e1laszt\u00e1s a ny\u00e1rra, \u00e9s sokf\u00e9le megjelen\u00e9ssel j\u00f3l m\u0171k\u00f6dik. A krist\u00e1lyszand\u00e1lok remek v\u00e1laszt\u00e1sok lehetnek a ruh\u00e1khoz a nyaral\u00e1sokon, s\u0151t, a menyasszonyoknak is j\u00f3 \u00f6tlet lehet a klasszikus magas vagy t\u0171sark\u00fa szand\u00e1lok helyett. Az \u00e1tl\u00e1tsz\u00f3 szand\u00e1lok viszont nagyon j\u00f3l illenek majd a miniruh\u00e1khoz \u00e9s a fonott gy\u00f6ngy\u00f6s k\u00e9zit\u00e1ska pedig t\u00f6k\u00e9letes kieg\u00e9sz\u00edt\u0151 a partikhoz \u00e9s a csal\u00e1di \u00fcnneps\u00e9gekhez.<\/p>\n\n\n\n<p>Fedezd fel a kapszulakollekci\u00f3 k\u00fcl\u00f6nleges darabjait a\u00a0<a href=\"https:\/\/ccc.eu\/hu\/sklepy\">CCC \u00fczleteinkben<\/a>,\u00a0<a href=\"https:\/\/ccc.eu\/hu\/\">webshopunkban<\/a>, \u00e9s az\u00a0<a href=\"https:\/\/ccc.eu\/hu\/mobile-app\">alkalmaz\u00e1sban<\/a>. Legy\u00e9l\u00a0<a href=\"https:\/\/ccc.eu\/hu\/klub-ccc\">CCC klubtag<\/a>\u00a0is, \u00e9s \u00e9lvezd a k\u00e9nyelmes \u00e9s kedvezm\u00e9nyes v\u00e1s\u00e1rl\u00e1si lehet\u0151s\u00e9geket! K\u00f6vesd vel\u00fcnk a divatot\u00a0<a href=\"https:\/\/www.facebook.com\/CCC.Hungary\/\">Facebookon,<\/a>\u00a0\u00e9s inspir\u00e1l\u00f3dj vel\u00fcnk az\u00a0<a href=\"https:\/\/www.instagram.com\/cccshoesbags\/\">Instagramon<\/a>\u00a0is!<\/p>\n","protected":false},"excerpt":{"rendered":"<p>Emily Ratajkowski f\u0151szerepl\u00e9s\u00e9vel a Jenny Fairy m\u00e1rka egy nagyon egyedi kapszulakollekci\u00f3t mutatott be, melynek darabjai 2023-ban is er\u0151s trendnek sz\u00e1m\u00edtanak. A Jenny Fairy m\u00e1rka kollekci\u00f3i mindig t\u00f6k\u00e9letesen illeszkednek az aktu\u00e1lis trendekbe. Az \u00c1ttetsz\u0151 kapszulakollekci\u00f3ban olyan k\u00fcl\u00f6nleges cip\u0151k \u00e9s k\u00e9zit\u00e1sk\u00e1k tal\u00e1lhat\u00f3k, amelyek eredetis\u00e9g\u00fckkel ny\u0171g\u00f6znek le minket. Fedezd fel az egyed\u00fcl\u00e1ll\u00f3 kapszulakollekci\u00f3t, \u00e9s tal\u00e1ld meg \u00e1lmaid cip\u0151j\u00e9t [&hellip;]<\/p>\n","protected":false},"author":22,"featured_media":7961,"comment_status":"open","ping_status":"open","sticky":false,"template":"","format":"standard","meta":{"_acf_changed":false,"footnotes":""},"categories":[432],"tags":[560,582,418,778,594,807],"class_list":["post-7959","post","type-post","status-publish","format-standard","has-post-thumbnail","hentry","category-ujdonsagok","tag-ccc","tag-cipo","tag-jenny-fairy","tag-kapszulakollekcio","tag-taska","tag-ujdonsag"],"acf":[],"yoast_head":"<!-- This site is optimized with the Yoast SEO plugin v26.9 - https:\/\/yoast.com\/product\/yoast-seo-wordpress\/ -->\n<title>Jenny Fairy - \u00c1ttetsz\u0151 kapszulakollekci\u00f3 - CCC Fashion blog<\/title>\n<meta name=\"description\" content=\"A Jenny Fairy m\u00e1rka ism\u00e9telten egy l\u00e9legzetel\u00e1ll\u00edt\u00f3 kapszulakollekci\u00f3t mutatott be, amelyn\u00e9l a porondon az \u00e1ttetsz\u0151 cip\u0151k \u00e9s t\u00e1sk\u00e1k szerepelnek! 2026\" \/>\n<meta name=\"robots\" content=\"index, follow, max-snippet:-1, max-image-preview:large, max-video-preview:-1\" \/>\n<link rel=\"canonical\" href=\"https:\/\/blog.ccc.eu\/hu\/jenny-fairy-attetszo-kapszulakollekcio\/\" \/>\n<meta property=\"og:locale\" content=\"hu_HU\" \/>\n<meta property=\"og:type\" content=\"article\" \/>\n<meta property=\"og:title\" content=\"Jenny Fairy - \u00c1ttetsz\u0151 kapszulakollekci\u00f3 - CCC Fashion blog\" \/>\n<meta property=\"og:description\" content=\"A Jenny Fairy m\u00e1rka ism\u00e9telten egy l\u00e9legzetel\u00e1ll\u00edt\u00f3 kapszulakollekci\u00f3t mutatott be, amelyn\u00e9l a porondon az \u00e1ttetsz\u0151 cip\u0151k \u00e9s t\u00e1sk\u00e1k szerepelnek!\" \/>\n<meta property=\"og:url\" content=\"https:\/\/blog.ccc.eu\/hu\/jenny-fairy-attetszo-kapszulakollekcio\/\" \/>\n<meta property=\"og:site_name\" content=\"CCC Fashion blog\" \/>\n<meta property=\"article:published_time\" content=\"2023-04-27T08:39:42+00:00\" \/>\n<meta property=\"article:modified_time\" content=\"2023-06-09T08:04:01+00:00\" \/>\n<meta property=\"og:image\" content=\"https:\/\/blog.ccc.eu\/hu\/wp-content\/uploads\/2023\/04\/JF_SS23_09_0115_300dpi-1024x683-1.jpg\" \/>\n\t<meta property=\"og:image:width\" content=\"1024\" \/>\n\t<meta property=\"og:image:height\" content=\"683\" \/>\n\t<meta property=\"og:image:type\" content=\"image\/jpeg\" \/>\n<meta name=\"author\" content=\"Beatrix Korosi\" \/>\n<meta name=\"twitter:card\" content=\"summary_large_image\" \/>\n<meta name=\"twitter:label1\" content=\"Szerz\u0151:\" \/>\n\t<meta name=\"twitter:data1\" content=\"Beatrix Korosi\" \/>\n\t<meta name=\"twitter:label2\" content=\"Becs\u00fclt olvas\u00e1si id\u0151\" \/>\n\t<meta name=\"twitter:data2\" content=\"4 perc\" \/>\n<script type=\"application\/ld+json\" class=\"yoast-schema-graph\">{\"@context\":\"https:\/\/schema.org\",\"@graph\":[{\"@type\":\"Article\",\"@id\":\"https:\/\/blog.ccc.eu\/hu\/jenny-fairy-attetszo-kapszulakollekcio\/#article\",\"isPartOf\":{\"@id\":\"https:\/\/blog.ccc.eu\/hu\/jenny-fairy-attetszo-kapszulakollekcio\/\"},\"author\":{\"name\":\"Beatrix Korosi\",\"@id\":\"https:\/\/blog.ccc.eu\/hu\/#\/schema\/person\/b37d4e58a15b8cc6b1339218cfeb7c10\"},\"headline\":\"Jenny Fairy &#8211; \u00c1ttetsz\u0151 kapszulakollekci\u00f3\",\"datePublished\":\"2023-04-27T08:39:42+00:00\",\"dateModified\":\"2023-06-09T08:04:01+00:00\",\"mainEntityOfPage\":{\"@id\":\"https:\/\/blog.ccc.eu\/hu\/jenny-fairy-attetszo-kapszulakollekcio\/\"},\"wordCount\":713,\"commentCount\":0,\"publisher\":{\"@id\":\"https:\/\/blog.ccc.eu\/hu\/#organization\"},\"image\":{\"@id\":\"https:\/\/blog.ccc.eu\/hu\/jenny-fairy-attetszo-kapszulakollekcio\/#primaryimage\"},\"thumbnailUrl\":\"https:\/\/blog.ccc.eu\/hu\/wp-content\/uploads\/2023\/04\/JF_SS23_09_0115_300dpi-1024x683-1.jpg\",\"keywords\":[\"CCC\",\"cip\u0151\",\"Jenny Fairy\",\"kapszulakollekci\u00f3\",\"t\u00e1ska\",\"\u00fajdons\u00e1g\"],\"articleSection\":[\"\u00daJDONS\u00c1GOK\"],\"inLanguage\":\"hu\",\"potentialAction\":[{\"@type\":\"CommentAction\",\"name\":\"Comment\",\"target\":[\"https:\/\/blog.ccc.eu\/hu\/jenny-fairy-attetszo-kapszulakollekcio\/#respond\"]}]},{\"@type\":\"WebPage\",\"@id\":\"https:\/\/blog.ccc.eu\/hu\/jenny-fairy-attetszo-kapszulakollekcio\/\",\"url\":\"https:\/\/blog.ccc.eu\/hu\/jenny-fairy-attetszo-kapszulakollekcio\/\",\"name\":\"Jenny Fairy - \u00c1ttetsz\u0151 kapszulakollekci\u00f3 - CCC Fashion blog\",\"isPartOf\":{\"@id\":\"https:\/\/blog.ccc.eu\/hu\/#website\"},\"primaryImageOfPage\":{\"@id\":\"https:\/\/blog.ccc.eu\/hu\/jenny-fairy-attetszo-kapszulakollekcio\/#primaryimage\"},\"image\":{\"@id\":\"https:\/\/blog.ccc.eu\/hu\/jenny-fairy-attetszo-kapszulakollekcio\/#primaryimage\"},\"thumbnailUrl\":\"https:\/\/blog.ccc.eu\/hu\/wp-content\/uploads\/2023\/04\/JF_SS23_09_0115_300dpi-1024x683-1.jpg\",\"datePublished\":\"2023-04-27T08:39:42+00:00\",\"dateModified\":\"2023-06-09T08:04:01+00:00\",\"description\":\"A Jenny Fairy m\u00e1rka ism\u00e9telten egy l\u00e9legzetel\u00e1ll\u00edt\u00f3 kapszulakollekci\u00f3t mutatott be, amelyn\u00e9l a porondon az \u00e1ttetsz\u0151 cip\u0151k \u00e9s t\u00e1sk\u00e1k szerepelnek!\",\"breadcrumb\":{\"@id\":\"https:\/\/blog.ccc.eu\/hu\/jenny-fairy-attetszo-kapszulakollekcio\/#breadcrumb\"},\"inLanguage\":\"hu\",\"potentialAction\":[{\"@type\":\"ReadAction\",\"target\":[\"https:\/\/blog.ccc.eu\/hu\/jenny-fairy-attetszo-kapszulakollekcio\/\"]}]},{\"@type\":\"ImageObject\",\"inLanguage\":\"hu\",\"@id\":\"https:\/\/blog.ccc.eu\/hu\/jenny-fairy-attetszo-kapszulakollekcio\/#primaryimage\",\"url\":\"https:\/\/blog.ccc.eu\/hu\/wp-content\/uploads\/2023\/04\/JF_SS23_09_0115_300dpi-1024x683-1.jpg\",\"contentUrl\":\"https:\/\/blog.ccc.eu\/hu\/wp-content\/uploads\/2023\/04\/JF_SS23_09_0115_300dpi-1024x683-1.jpg\",\"width\":1024,\"height\":683,\"caption\":\"Jenny Fairy kapszulakollekci\u00f3\"},{\"@type\":\"BreadcrumbList\",\"@id\":\"https:\/\/blog.ccc.eu\/hu\/jenny-fairy-attetszo-kapszulakollekcio\/#breadcrumb\",\"itemListElement\":[{\"@type\":\"ListItem\",\"position\":1,\"name\":\"Strona g\u0142\u00f3wna\",\"item\":\"https:\/\/blog.ccc.eu\/hu\/\"},{\"@type\":\"ListItem\",\"position\":2,\"name\":\"Jenny Fairy &#8211; \u00c1ttetsz\u0151 kapszulakollekci\u00f3\"}]},{\"@type\":\"WebSite\",\"@id\":\"https:\/\/blog.ccc.eu\/hu\/#website\",\"url\":\"https:\/\/blog.ccc.eu\/hu\/\",\"name\":\"CCC Fashion blog\",\"description\":\"Az \u00d6n helye tele van divatihletekkel\",\"publisher\":{\"@id\":\"https:\/\/blog.ccc.eu\/hu\/#organization\"},\"potentialAction\":[{\"@type\":\"SearchAction\",\"target\":{\"@type\":\"EntryPoint\",\"urlTemplate\":\"https:\/\/blog.ccc.eu\/hu\/?s={search_term_string}\"},\"query-input\":{\"@type\":\"PropertyValueSpecification\",\"valueRequired\":true,\"valueName\":\"search_term_string\"}}],\"inLanguage\":\"hu\"},{\"@type\":\"Organization\",\"@id\":\"https:\/\/blog.ccc.eu\/hu\/#organization\",\"name\":\"CCC S.A.\",\"url\":\"https:\/\/blog.ccc.eu\/hu\/\",\"logo\":{\"@type\":\"ImageObject\",\"inLanguage\":\"hu\",\"@id\":\"https:\/\/blog.ccc.eu\/hu\/#\/schema\/logo\/image\/\",\"url\":\"https:\/\/blog.ccc.eu\/hu\/wp-content\/uploads\/2021\/11\/logo_ccc.png\",\"contentUrl\":\"https:\/\/blog.ccc.eu\/hu\/wp-content\/uploads\/2021\/11\/logo_ccc.png\",\"width\":730,\"height\":270,\"caption\":\"CCC S.A.\"},\"image\":{\"@id\":\"https:\/\/blog.ccc.eu\/hu\/#\/schema\/logo\/image\/\"}},{\"@type\":\"Person\",\"@id\":\"https:\/\/blog.ccc.eu\/hu\/#\/schema\/person\/b37d4e58a15b8cc6b1339218cfeb7c10\",\"name\":\"Beatrix Korosi\",\"image\":{\"@type\":\"ImageObject\",\"inLanguage\":\"hu\",\"@id\":\"https:\/\/blog.ccc.eu\/hu\/#\/schema\/person\/image\/\",\"url\":\"https:\/\/blog.ccc.eu\/hu\/wp-content\/uploads\/2022\/11\/Bea-150x150.jpg\",\"contentUrl\":\"https:\/\/blog.ccc.eu\/hu\/wp-content\/uploads\/2022\/11\/Bea-150x150.jpg\",\"caption\":\"Beatrix Korosi\"},\"url\":\"https:\/\/blog.ccc.eu\/hu\/author\/beatrix-korosi\/\"}]}<\/script>\n<!-- \/ Yoast SEO plugin. -->","yoast_head_json":{"title":"Jenny Fairy - \u00c1ttetsz\u0151 kapszulakollekci\u00f3 - CCC Fashion blog","description":"A Jenny Fairy m\u00e1rka ism\u00e9telten egy l\u00e9legzetel\u00e1ll\u00edt\u00f3 kapszulakollekci\u00f3t mutatott be, amelyn\u00e9l a porondon az \u00e1ttetsz\u0151 cip\u0151k \u00e9s t\u00e1sk\u00e1k szerepelnek! 2026","robots":{"index":"index","follow":"follow","max-snippet":"max-snippet:-1","max-image-preview":"max-image-preview:large","max-video-preview":"max-video-preview:-1"},"canonical":"https:\/\/blog.ccc.eu\/hu\/jenny-fairy-attetszo-kapszulakollekcio\/","og_locale":"hu_HU","og_type":"article","og_title":"Jenny Fairy - \u00c1ttetsz\u0151 kapszulakollekci\u00f3 - CCC Fashion blog","og_description":"A Jenny Fairy m\u00e1rka ism\u00e9telten egy l\u00e9legzetel\u00e1ll\u00edt\u00f3 kapszulakollekci\u00f3t mutatott be, amelyn\u00e9l a porondon az \u00e1ttetsz\u0151 cip\u0151k \u00e9s t\u00e1sk\u00e1k szerepelnek!","og_url":"https:\/\/blog.ccc.eu\/hu\/jenny-fairy-attetszo-kapszulakollekcio\/","og_site_name":"CCC Fashion blog","article_published_time":"2023-04-27T08:39:42+00:00","article_modified_time":"2023-06-09T08:04:01+00:00","og_image":[{"width":1024,"height":683,"url":"https:\/\/blog.ccc.eu\/hu\/wp-content\/uploads\/2023\/04\/JF_SS23_09_0115_300dpi-1024x683-1.jpg","type":"image\/jpeg"}],"author":"Beatrix Korosi","twitter_card":"summary_large_image","twitter_misc":{"Szerz\u0151:":"Beatrix Korosi","Becs\u00fclt olvas\u00e1si id\u0151":"4 perc"},"schema":{"@context":"https:\/\/schema.org","@graph":[{"@type":"Article","@id":"https:\/\/blog.ccc.eu\/hu\/jenny-fairy-attetszo-kapszulakollekcio\/#article","isPartOf":{"@id":"https:\/\/blog.ccc.eu\/hu\/jenny-fairy-attetszo-kapszulakollekcio\/"},"author":{"name":"Beatrix Korosi","@id":"https:\/\/blog.ccc.eu\/hu\/#\/schema\/person\/b37d4e58a15b8cc6b1339218cfeb7c10"},"headline":"Jenny Fairy &#8211; \u00c1ttetsz\u0151 kapszulakollekci\u00f3","datePublished":"2023-04-27T08:39:42+00:00","dateModified":"2023-06-09T08:04:01+00:00","mainEntityOfPage":{"@id":"https:\/\/blog.ccc.eu\/hu\/jenny-fairy-attetszo-kapszulakollekcio\/"},"wordCount":713,"commentCount":0,"publisher":{"@id":"https:\/\/blog.ccc.eu\/hu\/#organization"},"image":{"@id":"https:\/\/blog.ccc.eu\/hu\/jenny-fairy-attetszo-kapszulakollekcio\/#primaryimage"},"thumbnailUrl":"https:\/\/blog.ccc.eu\/hu\/wp-content\/uploads\/2023\/04\/JF_SS23_09_0115_300dpi-1024x683-1.jpg","keywords":["CCC","cip\u0151","Jenny Fairy","kapszulakollekci\u00f3","t\u00e1ska","\u00fajdons\u00e1g"],"articleSection":["\u00daJDONS\u00c1GOK"],"inLanguage":"hu","potentialAction":[{"@type":"CommentAction","name":"Comment","target":["https:\/\/blog.ccc.eu\/hu\/jenny-fairy-attetszo-kapszulakollekcio\/#respond"]}]},{"@type":"WebPage","@id":"https:\/\/blog.ccc.eu\/hu\/jenny-fairy-attetszo-kapszulakollekcio\/","url":"https:\/\/blog.ccc.eu\/hu\/jenny-fairy-attetszo-kapszulakollekcio\/","name":"Jenny Fairy - \u00c1ttetsz\u0151 kapszulakollekci\u00f3 - CCC Fashion blog","isPartOf":{"@id":"https:\/\/blog.ccc.eu\/hu\/#website"},"primaryImageOfPage":{"@id":"https:\/\/blog.ccc.eu\/hu\/jenny-fairy-attetszo-kapszulakollekcio\/#primaryimage"},"image":{"@id":"https:\/\/blog.ccc.eu\/hu\/jenny-fairy-attetszo-kapszulakollekcio\/#primaryimage"},"thumbnailUrl":"https:\/\/blog.ccc.eu\/hu\/wp-content\/uploads\/2023\/04\/JF_SS23_09_0115_300dpi-1024x683-1.jpg","datePublished":"2023-04-27T08:39:42+00:00","dateModified":"2023-06-09T08:04:01+00:00","description":"A Jenny Fairy m\u00e1rka ism\u00e9telten egy l\u00e9legzetel\u00e1ll\u00edt\u00f3 kapszulakollekci\u00f3t mutatott be, amelyn\u00e9l a porondon az \u00e1ttetsz\u0151 cip\u0151k \u00e9s t\u00e1sk\u00e1k szerepelnek!","breadcrumb":{"@id":"https:\/\/blog.ccc.eu\/hu\/jenny-fairy-attetszo-kapszulakollekcio\/#breadcrumb"},"inLanguage":"hu","potentialAction":[{"@type":"ReadAction","target":["https:\/\/blog.ccc.eu\/hu\/jenny-fairy-attetszo-kapszulakollekcio\/"]}]},{"@type":"ImageObject","inLanguage":"hu","@id":"https:\/\/blog.ccc.eu\/hu\/jenny-fairy-attetszo-kapszulakollekcio\/#primaryimage","url":"https:\/\/blog.ccc.eu\/hu\/wp-content\/uploads\/2023\/04\/JF_SS23_09_0115_300dpi-1024x683-1.jpg","contentUrl":"https:\/\/blog.ccc.eu\/hu\/wp-content\/uploads\/2023\/04\/JF_SS23_09_0115_300dpi-1024x683-1.jpg","width":1024,"height":683,"caption":"Jenny Fairy kapszulakollekci\u00f3"},{"@type":"BreadcrumbList","@id":"https:\/\/blog.ccc.eu\/hu\/jenny-fairy-attetszo-kapszulakollekcio\/#breadcrumb","itemListElement":[{"@type":"ListItem","position":1,"name":"Strona g\u0142\u00f3wna","item":"https:\/\/blog.ccc.eu\/hu\/"},{"@type":"ListItem","position":2,"name":"Jenny Fairy &#8211; \u00c1ttetsz\u0151 kapszulakollekci\u00f3"}]},{"@type":"WebSite","@id":"https:\/\/blog.ccc.eu\/hu\/#website","url":"https:\/\/blog.ccc.eu\/hu\/","name":"CCC Fashion blog","description":"Az \u00d6n helye tele van divatihletekkel","publisher":{"@id":"https:\/\/blog.ccc.eu\/hu\/#organization"},"potentialAction":[{"@type":"SearchAction","target":{"@type":"EntryPoint","urlTemplate":"https:\/\/blog.ccc.eu\/hu\/?s={search_term_string}"},"query-input":{"@type":"PropertyValueSpecification","valueRequired":true,"valueName":"search_term_string"}}],"inLanguage":"hu"},{"@type":"Organization","@id":"https:\/\/blog.ccc.eu\/hu\/#organization","name":"CCC S.A.","url":"https:\/\/blog.ccc.eu\/hu\/","logo":{"@type":"ImageObject","inLanguage":"hu","@id":"https:\/\/blog.ccc.eu\/hu\/#\/schema\/logo\/image\/","url":"https:\/\/blog.ccc.eu\/hu\/wp-content\/uploads\/2021\/11\/logo_ccc.png","contentUrl":"https:\/\/blog.ccc.eu\/hu\/wp-content\/uploads\/2021\/11\/logo_ccc.png","width":730,"height":270,"caption":"CCC S.A."},"image":{"@id":"https:\/\/blog.ccc.eu\/hu\/#\/schema\/logo\/image\/"}},{"@type":"Person","@id":"https:\/\/blog.ccc.eu\/hu\/#\/schema\/person\/b37d4e58a15b8cc6b1339218cfeb7c10","name":"Beatrix Korosi","image":{"@type":"ImageObject","inLanguage":"hu","@id":"https:\/\/blog.ccc.eu\/hu\/#\/schema\/person\/image\/","url":"https:\/\/blog.ccc.eu\/hu\/wp-content\/uploads\/2022\/11\/Bea-150x150.jpg","contentUrl":"https:\/\/blog.ccc.eu\/hu\/wp-content\/uploads\/2022\/11\/Bea-150x150.jpg","caption":"Beatrix Korosi"},"url":"https:\/\/blog.ccc.eu\/hu\/author\/beatrix-korosi\/"}]}},"_links":{"self":[{"href":"https:\/\/blog.ccc.eu\/hu\/wp-json\/wp\/v2\/posts\/7959","targetHints":{"allow":["GET"]}}],"collection":[{"href":"https:\/\/blog.ccc.eu\/hu\/wp-json\/wp\/v2\/posts"}],"about":[{"href":"https:\/\/blog.ccc.eu\/hu\/wp-json\/wp\/v2\/types\/post"}],"author":[{"embeddable":true,"href":"https:\/\/blog.ccc.eu\/hu\/wp-json\/wp\/v2\/users\/22"}],"replies":[{"embeddable":true,"href":"https:\/\/blog.ccc.eu\/hu\/wp-json\/wp\/v2\/comments?post=7959"}],"version-history":[{"count":9,"href":"https:\/\/blog.ccc.eu\/hu\/wp-json\/wp\/v2\/posts\/7959\/revisions"}],"predecessor-version":[{"id":8348,"href":"https:\/\/blog.ccc.eu\/hu\/wp-json\/wp\/v2\/posts\/7959\/revisions\/8348"}],"wp:featuredmedia":[{"embeddable":true,"href":"https:\/\/blog.ccc.eu\/hu\/wp-json\/wp\/v2\/media\/7961"}],"wp:attachment":[{"href":"https:\/\/blog.ccc.eu\/hu\/wp-json\/wp\/v2\/media?parent=7959"}],"wp:term":[{"taxonomy":"category","embeddable":true,"href":"https:\/\/blog.ccc.eu\/hu\/wp-json\/wp\/v2\/categories?post=7959"},{"taxonomy":"post_tag","embeddable":true,"href":"https:\/\/blog.ccc.eu\/hu\/wp-json\/wp\/v2\/tags?post=7959"}],"curies":[{"name":"wp","href":"https:\/\/api.w.org\/{rel}","templated":true}]}}