{"id":8185,"date":"2023-05-30T08:46:28","date_gmt":"2023-05-30T06:46:28","guid":{"rendered":"https:\/\/blog.ccc.eu\/hu\/?p=8185"},"modified":"2023-05-30T08:46:28","modified_gmt":"2023-05-30T06:46:28","slug":"a-meses-mumin-kollekcio-a-ccc-ben-irany-a-mumin-volgy","status":"publish","type":"post","link":"https:\/\/blog.ccc.eu\/hu\/a-meses-mumin-kollekcio-a-ccc-ben-irany-a-mumin-volgy\/","title":{"rendered":"A mes\u00e9s Mumin kollekci\u00f3 a CCC-ben! Ir\u00e1ny a Mumin-v\u00f6lgy!"},"content":{"rendered":"\n<p><b>Indulj el egy egyed\u00fcl\u00e1ll\u00f3 mesebeli utaz\u00e1sra a Mumin-v\u00f6lgybe a CCC-ben kaphat\u00f3 \u00faj kollekci\u00f3 cip\u0151ivel, t\u00e1sk\u00e1ival \u00e9s kieg\u00e9sz\u00edt\u0151ivel. Fedezd fel a bar\u00e1ts\u00e1gos Mumin csal\u00e1d vil\u00e1g\u00e1t, amelyet Tove Jansson finn \u00edr\u00f3 alkotott meg. A gyerekeknek \u00e9s tin\u00e9dzsereknek sz\u00f3l\u00f3 aj\u00e1nlatok egy olyan vil\u00e1gba kalauzolnak el benn\u00fcnket, ahov\u00e1 mindenki sz\u00edvesen ell\u00e1togatna. Tekintsd meg a mes\u00e9be ill\u0151 \u00faj term\u00e9keinket a CCC-ben!<\/b><\/p>\n\n\n\n<figure class=\"wp-block-gallery has-nested-images columns-default is-cropped wp-block-gallery-1 is-layout-flex wp-block-gallery-is-layout-flex\">\n<figure class=\"wp-block-image size-large\"><img loading=\"lazy\" decoding=\"async\" width=\"683\" height=\"1024\" data-id=\"8189\" src=\"https:\/\/blog.ccc.eu\/hu\/wp-content\/uploads\/2023\/05\/CCC_Moomin1-683x1024-1.jpg\" alt=\"\" class=\"wp-image-8189\" srcset=\"https:\/\/blog.ccc.eu\/hu\/wp-content\/uploads\/2023\/05\/CCC_Moomin1-683x1024-1.jpg 683w, https:\/\/blog.ccc.eu\/hu\/wp-content\/uploads\/2023\/05\/CCC_Moomin1-683x1024-1-200x300.jpg 200w, https:\/\/blog.ccc.eu\/hu\/wp-content\/uploads\/2023\/05\/CCC_Moomin1-683x1024-1-100x150.jpg 100w\" sizes=\"auto, (max-width: 683px) 100vw, 683px\" \/><\/figure>\n\n\n\n<figure class=\"wp-block-image size-large\"><img loading=\"lazy\" decoding=\"async\" width=\"683\" height=\"1024\" data-id=\"8188\" src=\"https:\/\/blog.ccc.eu\/hu\/wp-content\/uploads\/2023\/05\/CCC_Moomin2-683x1024-1.jpg\" alt=\"\" class=\"wp-image-8188\" srcset=\"https:\/\/blog.ccc.eu\/hu\/wp-content\/uploads\/2023\/05\/CCC_Moomin2-683x1024-1.jpg 683w, https:\/\/blog.ccc.eu\/hu\/wp-content\/uploads\/2023\/05\/CCC_Moomin2-683x1024-1-200x300.jpg 200w, https:\/\/blog.ccc.eu\/hu\/wp-content\/uploads\/2023\/05\/CCC_Moomin2-683x1024-1-100x150.jpg 100w\" sizes=\"auto, (max-width: 683px) 100vw, 683px\" \/><\/figure>\n<\/figure>\n\n\n\n<h2 class=\"wp-block-heading\">Muminok &#8211; t\u00f6rt\u00e9nelmi inspir\u00e1ci\u00f3<\/h2>\n\n\n\n<p>Az els\u0151 k\u00f6nyvet, amelyben a Muminok megjelentek, Tove Jansson \u00edrta 1945-ben! K\u00f6zel 80 \u00e9vvel ezel\u0151tt a szokatlan v\u00edzil\u00f3szer\u0171 csal\u00e1d \u00e9s bar\u00e1taik a mai napig tart\u00f3 n\u00e9pszer\u0171s\u00e9gre tettek szert, a r\u00f3luk sz\u00f3l\u00f3 k\u00f6nyveket pedig t\u00f6bb mint 30 nyelvre ford\u00edtott\u00e1k le, \u00e9s ezzel vil\u00e1gh\u00edrnevet szereztek.<\/p>\n\n\n\n<p>A k\u00f6nyvek mellett k\u00e9preg\u00e9nyek, filmek \u00e9s t\u00e9v\u00e9sorozatok is k\u00e9sz\u00fcltek, egy finnorsz\u00e1gi kisv\u00e1rosban pedig \u00fajraalkott\u00e1k a Muminok mesev\u00f6lgy\u00e9t, amely egyed\u00fcl\u00e1ll\u00f3 turisztikai l\u00e1tv\u00e1nyoss\u00e1gg\u00e1 v\u00e1lt \u00e9s a vil\u00e1g minden t\u00e1j\u00e1r\u00f3l l\u00e1togatj\u00e1k az utaz\u00f3k.<\/p>\n\n\n\n<figure class=\"wp-block-gallery has-nested-images columns-default is-cropped wp-block-gallery-2 is-layout-flex wp-block-gallery-is-layout-flex\">\n<figure class=\"wp-block-image size-large\"><img loading=\"lazy\" decoding=\"async\" width=\"1024\" height=\"683\" data-id=\"8191\" src=\"https:\/\/blog.ccc.eu\/hu\/wp-content\/uploads\/2023\/05\/CCC_Moomin6-1024x683-1.jpg\" alt=\"\" class=\"wp-image-8191\" srcset=\"https:\/\/blog.ccc.eu\/hu\/wp-content\/uploads\/2023\/05\/CCC_Moomin6-1024x683-1.jpg 1024w, https:\/\/blog.ccc.eu\/hu\/wp-content\/uploads\/2023\/05\/CCC_Moomin6-1024x683-1-300x200.jpg 300w, https:\/\/blog.ccc.eu\/hu\/wp-content\/uploads\/2023\/05\/CCC_Moomin6-1024x683-1-768x512.jpg 768w, https:\/\/blog.ccc.eu\/hu\/wp-content\/uploads\/2023\/05\/CCC_Moomin6-1024x683-1-100x67.jpg 100w\" sizes=\"auto, (max-width: 1024px) 100vw, 1024px\" \/><\/figure>\n<\/figure>\n\n\n\n<h2 class=\"wp-block-heading\">A mes\u00e9k vil\u00e1g\u00e1t\u00f3l a divat vil\u00e1g\u00e1ig<\/h2>\n\n\n\n<p>A gyermekek \u00e9s a feln\u0151ttek kedvenc meseh\u0151sei inspir\u00e1ci\u00f3t adtak arra, hogy egyedi kollekci\u00f3kat hozzanak l\u00e9tre, saj\u00e1t arculatukkal. A CCC-ben cip\u0151k, t\u00e1sk\u00e1k \u00e9s kieg\u00e9sz\u00edt\u0151k ter\u00e9n is felt\u0171ntek a kedvenc Mumin karakterek.<\/p>\n\n\n\n<figure class=\"wp-block-gallery has-nested-images columns-default is-cropped wp-block-gallery-3 is-layout-flex wp-block-gallery-is-layout-flex\">\n<figure class=\"wp-block-image size-large\"><img loading=\"lazy\" decoding=\"async\" width=\"683\" height=\"1024\" data-id=\"8194\" src=\"https:\/\/blog.ccc.eu\/hu\/wp-content\/uploads\/2023\/05\/CCC_Moomin4-683x1024-1.jpg\" alt=\"\" class=\"wp-image-8194\" srcset=\"https:\/\/blog.ccc.eu\/hu\/wp-content\/uploads\/2023\/05\/CCC_Moomin4-683x1024-1.jpg 683w, https:\/\/blog.ccc.eu\/hu\/wp-content\/uploads\/2023\/05\/CCC_Moomin4-683x1024-1-200x300.jpg 200w, https:\/\/blog.ccc.eu\/hu\/wp-content\/uploads\/2023\/05\/CCC_Moomin4-683x1024-1-100x150.jpg 100w\" sizes=\"auto, (max-width: 683px) 100vw, 683px\" \/><\/figure>\n\n\n\n<figure class=\"wp-block-image size-large\"><img loading=\"lazy\" decoding=\"async\" width=\"683\" height=\"1024\" data-id=\"8193\" src=\"https:\/\/blog.ccc.eu\/hu\/wp-content\/uploads\/2023\/05\/CCC_Moomin5-683x1024-1.jpg\" alt=\"\" class=\"wp-image-8193\" srcset=\"https:\/\/blog.ccc.eu\/hu\/wp-content\/uploads\/2023\/05\/CCC_Moomin5-683x1024-1.jpg 683w, https:\/\/blog.ccc.eu\/hu\/wp-content\/uploads\/2023\/05\/CCC_Moomin5-683x1024-1-200x300.jpg 200w, https:\/\/blog.ccc.eu\/hu\/wp-content\/uploads\/2023\/05\/CCC_Moomin5-683x1024-1-100x150.jpg 100w\" sizes=\"auto, (max-width: 683px) 100vw, 683px\" \/><\/figure>\n<\/figure>\n\n\n\n<h2 class=\"wp-block-heading\">Mit tal\u00e1lsz a Mumin kollekci\u00f3ban?<\/h2>\n\n\n\n<p>Az \u00faj diz\u00e1jnnal ell\u00e1tott l\u00e1bbeliket \u00e9s t\u00e1sk\u00e1kat kiz\u00e1r\u00f3lag a gyermekek \u00e9s a tizen\u00e9vesek sz\u00e1m\u00e1ra tervezt\u00e9k. A k\u00edn\u00e1latban a mese ikonikus figur\u00e1it \u00e1br\u00e1zol\u00f3 cip\u0151k is megtal\u00e1lhat\u00f3k. A pasztellsz\u00edn\u0171, f\u0171z\u0151s modellek mellett megjelennek m\u00e9g t\u00e9p\u0151z\u00e1ras \u00e9s k\u00e9preg\u00e9nyoldalakra eml\u00e9keztet\u0151 mint\u00e1zat\u00fa, magasabb fels\u0151r\u00e9sszel ell\u00e1tott tornacip\u0151k is.<\/p>\n\n\n\n<p>Tal\u00e1lunk m\u00e9g klasszikus papucsokat is elb\u0171v\u00f6l\u0151 sz\u00ednekben \u00e9s k\u00e9preg\u00e9nyrajzok megjelen\u00e9s\u00e9re utal\u00f3 darabokat is egyar\u00e1nt.<\/p>\n\n\n\n<p>A cip\u0151k mellett vannak m\u00e9g sokoldal\u00fa, visszafogott sz\u00ednekben pomp\u00e1z\u00f3 t\u00e1sk\u00e1k is. A kisebbek \u00f6r\u00fclni fognak a pasztellsz\u00edn\u0171 h\u00e1tizs\u00e1koknak, a mesefigur\u00e1kkal ell\u00e1tott \u00f6vt\u00e1sk\u00e1knak \u00e9s a st\u00edlusos v\u00f6dr\u00f6s sapk\u00e1knak, amelyeken nemcsak a Muminok, hanem Little My k\u00e9pe is l\u00e1that\u00f3.<\/p>\n\n\n\n\n\n\n<p><\/p>\n\n\n\n<h2 class=\"wp-block-heading\">Hogyan viselj\u00fck a kollekci\u00f3 darabjait?<\/h2>\n\n\n\n<p>Egy nosztalgikus utaz\u00e1s a Muminok vil\u00e1g\u00e1ba \u00e9s a gyermekkorba egyedi l\u00e1bbelikkel, t\u00e1sk\u00e1kkal \u00e9s kieg\u00e9sz\u00edt\u0151kkel nagyszer\u0171 m\u00f3dja annak, hogy b\u00e1rmilyen \u00f6lt\u00f6z\u00e9knek karaktert adjunk. A k\u00e9nyelmes \u00e9s praktikus l\u00e1bbelik t\u00f6k\u00e9letesek a mindennapi viselethez.<\/p>\n\n\n\n<p>A kisebb gyerekek \u00e9s a tizen\u00e9vesek egyar\u00e1nt kombin\u00e1lhatj\u00e1k \u0151ket kedvenc farmernadr\u00e1gjukkal vagy tr\u00e9ningruha szettel, az id\u0151sebb gyerekek pedig \u00e9rt\u00e9kelni fogj\u00e1k a sz\u00f6vetb\u0151l k\u00e9sz\u00fclt t\u00e1sk\u00e1kat, amelyek kieg\u00e9sz\u00edthetik st\u00edlusukat.<\/p>\n\n\n\n<p>L\u00e1togass el a Mumin-v\u00f6lgybe \u00e9s fedezd fel a var\u00e1zslatos cip\u0151ket \u00e9s kieg\u00e9sz\u00edt\u0151ket <a href=\"https:\/\/ccc.eu\/hu\/sklepy\">CCC \u00fczleteinkben<\/a>,&nbsp;<a href=\"https:\/\/ccc.eu\/hu\/\">webshopunkban<\/a>, \u00e9s az&nbsp;<a href=\"https:\/\/ccc.eu\/hu\/mobile-app\">alkalmaz\u00e1sban<\/a>. Legy\u00e9l&nbsp;<a href=\"https:\/\/ccc.eu\/hu\/klub-ccc\">CCC klubtag<\/a>&nbsp;is, \u00e9s \u00e9lvezd a k\u00e9nyelmes \u00e9s kedvezm\u00e9nyes v\u00e1s\u00e1rl\u00e1si lehet\u0151s\u00e9geket! K\u00f6vesd vel\u00fcnk a divatot&nbsp;<a href=\"https:\/\/www.facebook.com\/CCC.Hungary\/\">Facebookon,<\/a>&nbsp;\u00e9s inspir\u00e1l\u00f3dj vel\u00fcnk az&nbsp;<a href=\"https:\/\/www.instagram.com\/cccshoesbags\/\">Instagramon<\/a>&nbsp;is!<\/p>\n","protected":false},"excerpt":{"rendered":"<p>Indulj el egy egyed\u00fcl\u00e1ll\u00f3 mesebeli utaz\u00e1sra a Mumin-v\u00f6lgybe a CCC-ben kaphat\u00f3 \u00faj kollekci\u00f3 cip\u0151ivel, t\u00e1sk\u00e1ival \u00e9s kieg\u00e9sz\u00edt\u0151ivel. Fedezd fel a bar\u00e1ts\u00e1gos Mumin csal\u00e1d vil\u00e1g\u00e1t, amelyet Tove Jansson finn \u00edr\u00f3 alkotott meg. A gyerekeknek \u00e9s tin\u00e9dzsereknek sz\u00f3l\u00f3 aj\u00e1nlatok egy olyan vil\u00e1gba kalauzolnak el benn\u00fcnket, ahov\u00e1 mindenki sz\u00edvesen ell\u00e1togatna. Tekintsd meg a mes\u00e9be ill\u0151 \u00faj term\u00e9keinket a [&hellip;]<\/p>\n","protected":false},"author":22,"featured_media":8188,"comment_status":"open","ping_status":"open","sticky":false,"template":"","format":"standard","meta":{"_acf_changed":false,"footnotes":""},"categories":[432],"tags":[560,707,1079,1081,1080,807],"class_list":["post-8185","post","type-post","status-publish","format-standard","has-post-thumbnail","hentry","category-ujdonsagok","tag-ccc","tag-cipok","tag-mumin-kollekcio","tag-sapkak","tag-taskak","tag-ujdonsag"],"acf":[],"yoast_head":"<!-- This site is optimized with the Yoast SEO plugin v26.9 - https:\/\/yoast.com\/product\/yoast-seo-wordpress\/ -->\n<title>A mes\u00e9s Mumin kollekci\u00f3 a CCC-ben! Ir\u00e1ny a Mumin-v\u00f6lgy! - CCC Fashion blog<\/title>\n<meta name=\"description\" content=\"L\u00e1togass el a Mumin-v\u00f6lgybe egy fergeteges utaz\u00e1sra \u00e9s fedezd fel a mese \u00e1ltal ihletett cip\u0151ket, t\u00e1sk\u00e1kat \u00e9s kieg\u00e9sz\u00edt\u0151ket! 2026\" \/>\n<meta name=\"robots\" content=\"index, follow, max-snippet:-1, max-image-preview:large, max-video-preview:-1\" \/>\n<link rel=\"canonical\" href=\"https:\/\/blog.ccc.eu\/hu\/a-meses-mumin-kollekcio-a-ccc-ben-irany-a-mumin-volgy\/\" \/>\n<meta property=\"og:locale\" content=\"hu_HU\" \/>\n<meta property=\"og:type\" content=\"article\" \/>\n<meta property=\"og:title\" content=\"A mes\u00e9s Mumin kollekci\u00f3 a CCC-ben! Ir\u00e1ny a Mumin-v\u00f6lgy! - CCC Fashion blog\" \/>\n<meta property=\"og:description\" content=\"L\u00e1togass el a Mumin-v\u00f6lgybe egy fergeteges utaz\u00e1sra \u00e9s fedezd fel a mese \u00e1ltal ihletett cip\u0151ket, t\u00e1sk\u00e1kat \u00e9s kieg\u00e9sz\u00edt\u0151ket!\" \/>\n<meta property=\"og:url\" content=\"https:\/\/blog.ccc.eu\/hu\/a-meses-mumin-kollekcio-a-ccc-ben-irany-a-mumin-volgy\/\" \/>\n<meta property=\"og:site_name\" content=\"CCC Fashion blog\" \/>\n<meta property=\"article:published_time\" content=\"2023-05-30T06:46:28+00:00\" \/>\n<meta property=\"og:image\" content=\"https:\/\/blog.ccc.eu\/hu\/wp-content\/uploads\/2023\/05\/CCC_Moomin2-683x1024-1.jpg\" \/>\n\t<meta property=\"og:image:width\" content=\"683\" \/>\n\t<meta property=\"og:image:height\" content=\"1024\" \/>\n\t<meta property=\"og:image:type\" content=\"image\/jpeg\" \/>\n<meta name=\"author\" content=\"Beatrix Korosi\" \/>\n<meta name=\"twitter:card\" content=\"summary_large_image\" \/>\n<meta name=\"twitter:label1\" content=\"Szerz\u0151:\" \/>\n\t<meta name=\"twitter:data1\" content=\"Beatrix Korosi\" \/>\n\t<meta name=\"twitter:label2\" content=\"Becs\u00fclt olvas\u00e1si id\u0151\" \/>\n\t<meta name=\"twitter:data2\" content=\"3 perc\" \/>\n<script type=\"application\/ld+json\" class=\"yoast-schema-graph\">{\"@context\":\"https:\/\/schema.org\",\"@graph\":[{\"@type\":\"Article\",\"@id\":\"https:\/\/blog.ccc.eu\/hu\/a-meses-mumin-kollekcio-a-ccc-ben-irany-a-mumin-volgy\/#article\",\"isPartOf\":{\"@id\":\"https:\/\/blog.ccc.eu\/hu\/a-meses-mumin-kollekcio-a-ccc-ben-irany-a-mumin-volgy\/\"},\"author\":{\"name\":\"Beatrix Korosi\",\"@id\":\"https:\/\/blog.ccc.eu\/hu\/#\/schema\/person\/b37d4e58a15b8cc6b1339218cfeb7c10\"},\"headline\":\"A mes\u00e9s Mumin kollekci\u00f3 a CCC-ben! Ir\u00e1ny a Mumin-v\u00f6lgy!\",\"datePublished\":\"2023-05-30T06:46:28+00:00\",\"mainEntityOfPage\":{\"@id\":\"https:\/\/blog.ccc.eu\/hu\/a-meses-mumin-kollekcio-a-ccc-ben-irany-a-mumin-volgy\/\"},\"wordCount\":621,\"commentCount\":0,\"publisher\":{\"@id\":\"https:\/\/blog.ccc.eu\/hu\/#organization\"},\"image\":{\"@id\":\"https:\/\/blog.ccc.eu\/hu\/a-meses-mumin-kollekcio-a-ccc-ben-irany-a-mumin-volgy\/#primaryimage\"},\"thumbnailUrl\":\"https:\/\/blog.ccc.eu\/hu\/wp-content\/uploads\/2023\/05\/CCC_Moomin2-683x1024-1.jpg\",\"keywords\":[\"CCC\",\"cip\u0151k\",\"Mumin kollekci\u00f3\",\"Sapk\u00e1k\",\"T\u00e1sk\u00e1k\",\"\u00fajdons\u00e1g\"],\"articleSection\":[\"\u00daJDONS\u00c1GOK\"],\"inLanguage\":\"hu\",\"potentialAction\":[{\"@type\":\"CommentAction\",\"name\":\"Comment\",\"target\":[\"https:\/\/blog.ccc.eu\/hu\/a-meses-mumin-kollekcio-a-ccc-ben-irany-a-mumin-volgy\/#respond\"]}]},{\"@type\":\"WebPage\",\"@id\":\"https:\/\/blog.ccc.eu\/hu\/a-meses-mumin-kollekcio-a-ccc-ben-irany-a-mumin-volgy\/\",\"url\":\"https:\/\/blog.ccc.eu\/hu\/a-meses-mumin-kollekcio-a-ccc-ben-irany-a-mumin-volgy\/\",\"name\":\"A mes\u00e9s Mumin kollekci\u00f3 a CCC-ben! Ir\u00e1ny a Mumin-v\u00f6lgy! - CCC Fashion blog\",\"isPartOf\":{\"@id\":\"https:\/\/blog.ccc.eu\/hu\/#website\"},\"primaryImageOfPage\":{\"@id\":\"https:\/\/blog.ccc.eu\/hu\/a-meses-mumin-kollekcio-a-ccc-ben-irany-a-mumin-volgy\/#primaryimage\"},\"image\":{\"@id\":\"https:\/\/blog.ccc.eu\/hu\/a-meses-mumin-kollekcio-a-ccc-ben-irany-a-mumin-volgy\/#primaryimage\"},\"thumbnailUrl\":\"https:\/\/blog.ccc.eu\/hu\/wp-content\/uploads\/2023\/05\/CCC_Moomin2-683x1024-1.jpg\",\"datePublished\":\"2023-05-30T06:46:28+00:00\",\"description\":\"L\u00e1togass el a Mumin-v\u00f6lgybe egy fergeteges utaz\u00e1sra \u00e9s fedezd fel a mese \u00e1ltal ihletett cip\u0151ket, t\u00e1sk\u00e1kat \u00e9s kieg\u00e9sz\u00edt\u0151ket!\",\"breadcrumb\":{\"@id\":\"https:\/\/blog.ccc.eu\/hu\/a-meses-mumin-kollekcio-a-ccc-ben-irany-a-mumin-volgy\/#breadcrumb\"},\"inLanguage\":\"hu\",\"potentialAction\":[{\"@type\":\"ReadAction\",\"target\":[\"https:\/\/blog.ccc.eu\/hu\/a-meses-mumin-kollekcio-a-ccc-ben-irany-a-mumin-volgy\/\"]}]},{\"@type\":\"ImageObject\",\"inLanguage\":\"hu\",\"@id\":\"https:\/\/blog.ccc.eu\/hu\/a-meses-mumin-kollekcio-a-ccc-ben-irany-a-mumin-volgy\/#primaryimage\",\"url\":\"https:\/\/blog.ccc.eu\/hu\/wp-content\/uploads\/2023\/05\/CCC_Moomin2-683x1024-1.jpg\",\"contentUrl\":\"https:\/\/blog.ccc.eu\/hu\/wp-content\/uploads\/2023\/05\/CCC_Moomin2-683x1024-1.jpg\",\"width\":683,\"height\":1024,\"caption\":\"Mumin kollekci\u00f3\"},{\"@type\":\"BreadcrumbList\",\"@id\":\"https:\/\/blog.ccc.eu\/hu\/a-meses-mumin-kollekcio-a-ccc-ben-irany-a-mumin-volgy\/#breadcrumb\",\"itemListElement\":[{\"@type\":\"ListItem\",\"position\":1,\"name\":\"Strona g\u0142\u00f3wna\",\"item\":\"https:\/\/blog.ccc.eu\/hu\/\"},{\"@type\":\"ListItem\",\"position\":2,\"name\":\"A mes\u00e9s Mumin kollekci\u00f3 a CCC-ben! Ir\u00e1ny a Mumin-v\u00f6lgy!\"}]},{\"@type\":\"WebSite\",\"@id\":\"https:\/\/blog.ccc.eu\/hu\/#website\",\"url\":\"https:\/\/blog.ccc.eu\/hu\/\",\"name\":\"CCC Fashion blog\",\"description\":\"Az \u00d6n helye tele van divatihletekkel\",\"publisher\":{\"@id\":\"https:\/\/blog.ccc.eu\/hu\/#organization\"},\"potentialAction\":[{\"@type\":\"SearchAction\",\"target\":{\"@type\":\"EntryPoint\",\"urlTemplate\":\"https:\/\/blog.ccc.eu\/hu\/?s={search_term_string}\"},\"query-input\":{\"@type\":\"PropertyValueSpecification\",\"valueRequired\":true,\"valueName\":\"search_term_string\"}}],\"inLanguage\":\"hu\"},{\"@type\":\"Organization\",\"@id\":\"https:\/\/blog.ccc.eu\/hu\/#organization\",\"name\":\"CCC S.A.\",\"url\":\"https:\/\/blog.ccc.eu\/hu\/\",\"logo\":{\"@type\":\"ImageObject\",\"inLanguage\":\"hu\",\"@id\":\"https:\/\/blog.ccc.eu\/hu\/#\/schema\/logo\/image\/\",\"url\":\"https:\/\/blog.ccc.eu\/hu\/wp-content\/uploads\/2021\/11\/logo_ccc.png\",\"contentUrl\":\"https:\/\/blog.ccc.eu\/hu\/wp-content\/uploads\/2021\/11\/logo_ccc.png\",\"width\":730,\"height\":270,\"caption\":\"CCC S.A.\"},\"image\":{\"@id\":\"https:\/\/blog.ccc.eu\/hu\/#\/schema\/logo\/image\/\"}},{\"@type\":\"Person\",\"@id\":\"https:\/\/blog.ccc.eu\/hu\/#\/schema\/person\/b37d4e58a15b8cc6b1339218cfeb7c10\",\"name\":\"Beatrix Korosi\",\"image\":{\"@type\":\"ImageObject\",\"inLanguage\":\"hu\",\"@id\":\"https:\/\/blog.ccc.eu\/hu\/#\/schema\/person\/image\/\",\"url\":\"https:\/\/blog.ccc.eu\/hu\/wp-content\/uploads\/2022\/11\/Bea-150x150.jpg\",\"contentUrl\":\"https:\/\/blog.ccc.eu\/hu\/wp-content\/uploads\/2022\/11\/Bea-150x150.jpg\",\"caption\":\"Beatrix Korosi\"},\"url\":\"https:\/\/blog.ccc.eu\/hu\/author\/beatrix-korosi\/\"}]}<\/script>\n<!-- \/ Yoast SEO plugin. -->","yoast_head_json":{"title":"A mes\u00e9s Mumin kollekci\u00f3 a CCC-ben! Ir\u00e1ny a Mumin-v\u00f6lgy! - CCC Fashion blog","description":"L\u00e1togass el a Mumin-v\u00f6lgybe egy fergeteges utaz\u00e1sra \u00e9s fedezd fel a mese \u00e1ltal ihletett cip\u0151ket, t\u00e1sk\u00e1kat \u00e9s kieg\u00e9sz\u00edt\u0151ket! 2026","robots":{"index":"index","follow":"follow","max-snippet":"max-snippet:-1","max-image-preview":"max-image-preview:large","max-video-preview":"max-video-preview:-1"},"canonical":"https:\/\/blog.ccc.eu\/hu\/a-meses-mumin-kollekcio-a-ccc-ben-irany-a-mumin-volgy\/","og_locale":"hu_HU","og_type":"article","og_title":"A mes\u00e9s Mumin kollekci\u00f3 a CCC-ben! Ir\u00e1ny a Mumin-v\u00f6lgy! - CCC Fashion blog","og_description":"L\u00e1togass el a Mumin-v\u00f6lgybe egy fergeteges utaz\u00e1sra \u00e9s fedezd fel a mese \u00e1ltal ihletett cip\u0151ket, t\u00e1sk\u00e1kat \u00e9s kieg\u00e9sz\u00edt\u0151ket!","og_url":"https:\/\/blog.ccc.eu\/hu\/a-meses-mumin-kollekcio-a-ccc-ben-irany-a-mumin-volgy\/","og_site_name":"CCC Fashion blog","article_published_time":"2023-05-30T06:46:28+00:00","og_image":[{"width":683,"height":1024,"url":"https:\/\/blog.ccc.eu\/hu\/wp-content\/uploads\/2023\/05\/CCC_Moomin2-683x1024-1.jpg","type":"image\/jpeg"}],"author":"Beatrix Korosi","twitter_card":"summary_large_image","twitter_misc":{"Szerz\u0151:":"Beatrix Korosi","Becs\u00fclt olvas\u00e1si id\u0151":"3 perc"},"schema":{"@context":"https:\/\/schema.org","@graph":[{"@type":"Article","@id":"https:\/\/blog.ccc.eu\/hu\/a-meses-mumin-kollekcio-a-ccc-ben-irany-a-mumin-volgy\/#article","isPartOf":{"@id":"https:\/\/blog.ccc.eu\/hu\/a-meses-mumin-kollekcio-a-ccc-ben-irany-a-mumin-volgy\/"},"author":{"name":"Beatrix Korosi","@id":"https:\/\/blog.ccc.eu\/hu\/#\/schema\/person\/b37d4e58a15b8cc6b1339218cfeb7c10"},"headline":"A mes\u00e9s Mumin kollekci\u00f3 a CCC-ben! Ir\u00e1ny a Mumin-v\u00f6lgy!","datePublished":"2023-05-30T06:46:28+00:00","mainEntityOfPage":{"@id":"https:\/\/blog.ccc.eu\/hu\/a-meses-mumin-kollekcio-a-ccc-ben-irany-a-mumin-volgy\/"},"wordCount":621,"commentCount":0,"publisher":{"@id":"https:\/\/blog.ccc.eu\/hu\/#organization"},"image":{"@id":"https:\/\/blog.ccc.eu\/hu\/a-meses-mumin-kollekcio-a-ccc-ben-irany-a-mumin-volgy\/#primaryimage"},"thumbnailUrl":"https:\/\/blog.ccc.eu\/hu\/wp-content\/uploads\/2023\/05\/CCC_Moomin2-683x1024-1.jpg","keywords":["CCC","cip\u0151k","Mumin kollekci\u00f3","Sapk\u00e1k","T\u00e1sk\u00e1k","\u00fajdons\u00e1g"],"articleSection":["\u00daJDONS\u00c1GOK"],"inLanguage":"hu","potentialAction":[{"@type":"CommentAction","name":"Comment","target":["https:\/\/blog.ccc.eu\/hu\/a-meses-mumin-kollekcio-a-ccc-ben-irany-a-mumin-volgy\/#respond"]}]},{"@type":"WebPage","@id":"https:\/\/blog.ccc.eu\/hu\/a-meses-mumin-kollekcio-a-ccc-ben-irany-a-mumin-volgy\/","url":"https:\/\/blog.ccc.eu\/hu\/a-meses-mumin-kollekcio-a-ccc-ben-irany-a-mumin-volgy\/","name":"A mes\u00e9s Mumin kollekci\u00f3 a CCC-ben! Ir\u00e1ny a Mumin-v\u00f6lgy! - CCC Fashion blog","isPartOf":{"@id":"https:\/\/blog.ccc.eu\/hu\/#website"},"primaryImageOfPage":{"@id":"https:\/\/blog.ccc.eu\/hu\/a-meses-mumin-kollekcio-a-ccc-ben-irany-a-mumin-volgy\/#primaryimage"},"image":{"@id":"https:\/\/blog.ccc.eu\/hu\/a-meses-mumin-kollekcio-a-ccc-ben-irany-a-mumin-volgy\/#primaryimage"},"thumbnailUrl":"https:\/\/blog.ccc.eu\/hu\/wp-content\/uploads\/2023\/05\/CCC_Moomin2-683x1024-1.jpg","datePublished":"2023-05-30T06:46:28+00:00","description":"L\u00e1togass el a Mumin-v\u00f6lgybe egy fergeteges utaz\u00e1sra \u00e9s fedezd fel a mese \u00e1ltal ihletett cip\u0151ket, t\u00e1sk\u00e1kat \u00e9s kieg\u00e9sz\u00edt\u0151ket!","breadcrumb":{"@id":"https:\/\/blog.ccc.eu\/hu\/a-meses-mumin-kollekcio-a-ccc-ben-irany-a-mumin-volgy\/#breadcrumb"},"inLanguage":"hu","potentialAction":[{"@type":"ReadAction","target":["https:\/\/blog.ccc.eu\/hu\/a-meses-mumin-kollekcio-a-ccc-ben-irany-a-mumin-volgy\/"]}]},{"@type":"ImageObject","inLanguage":"hu","@id":"https:\/\/blog.ccc.eu\/hu\/a-meses-mumin-kollekcio-a-ccc-ben-irany-a-mumin-volgy\/#primaryimage","url":"https:\/\/blog.ccc.eu\/hu\/wp-content\/uploads\/2023\/05\/CCC_Moomin2-683x1024-1.jpg","contentUrl":"https:\/\/blog.ccc.eu\/hu\/wp-content\/uploads\/2023\/05\/CCC_Moomin2-683x1024-1.jpg","width":683,"height":1024,"caption":"Mumin kollekci\u00f3"},{"@type":"BreadcrumbList","@id":"https:\/\/blog.ccc.eu\/hu\/a-meses-mumin-kollekcio-a-ccc-ben-irany-a-mumin-volgy\/#breadcrumb","itemListElement":[{"@type":"ListItem","position":1,"name":"Strona g\u0142\u00f3wna","item":"https:\/\/blog.ccc.eu\/hu\/"},{"@type":"ListItem","position":2,"name":"A mes\u00e9s Mumin kollekci\u00f3 a CCC-ben! Ir\u00e1ny a Mumin-v\u00f6lgy!"}]},{"@type":"WebSite","@id":"https:\/\/blog.ccc.eu\/hu\/#website","url":"https:\/\/blog.ccc.eu\/hu\/","name":"CCC Fashion blog","description":"Az \u00d6n helye tele van divatihletekkel","publisher":{"@id":"https:\/\/blog.ccc.eu\/hu\/#organization"},"potentialAction":[{"@type":"SearchAction","target":{"@type":"EntryPoint","urlTemplate":"https:\/\/blog.ccc.eu\/hu\/?s={search_term_string}"},"query-input":{"@type":"PropertyValueSpecification","valueRequired":true,"valueName":"search_term_string"}}],"inLanguage":"hu"},{"@type":"Organization","@id":"https:\/\/blog.ccc.eu\/hu\/#organization","name":"CCC S.A.","url":"https:\/\/blog.ccc.eu\/hu\/","logo":{"@type":"ImageObject","inLanguage":"hu","@id":"https:\/\/blog.ccc.eu\/hu\/#\/schema\/logo\/image\/","url":"https:\/\/blog.ccc.eu\/hu\/wp-content\/uploads\/2021\/11\/logo_ccc.png","contentUrl":"https:\/\/blog.ccc.eu\/hu\/wp-content\/uploads\/2021\/11\/logo_ccc.png","width":730,"height":270,"caption":"CCC S.A."},"image":{"@id":"https:\/\/blog.ccc.eu\/hu\/#\/schema\/logo\/image\/"}},{"@type":"Person","@id":"https:\/\/blog.ccc.eu\/hu\/#\/schema\/person\/b37d4e58a15b8cc6b1339218cfeb7c10","name":"Beatrix Korosi","image":{"@type":"ImageObject","inLanguage":"hu","@id":"https:\/\/blog.ccc.eu\/hu\/#\/schema\/person\/image\/","url":"https:\/\/blog.ccc.eu\/hu\/wp-content\/uploads\/2022\/11\/Bea-150x150.jpg","contentUrl":"https:\/\/blog.ccc.eu\/hu\/wp-content\/uploads\/2022\/11\/Bea-150x150.jpg","caption":"Beatrix Korosi"},"url":"https:\/\/blog.ccc.eu\/hu\/author\/beatrix-korosi\/"}]}},"_links":{"self":[{"href":"https:\/\/blog.ccc.eu\/hu\/wp-json\/wp\/v2\/posts\/8185","targetHints":{"allow":["GET"]}}],"collection":[{"href":"https:\/\/blog.ccc.eu\/hu\/wp-json\/wp\/v2\/posts"}],"about":[{"href":"https:\/\/blog.ccc.eu\/hu\/wp-json\/wp\/v2\/types\/post"}],"author":[{"embeddable":true,"href":"https:\/\/blog.ccc.eu\/hu\/wp-json\/wp\/v2\/users\/22"}],"replies":[{"embeddable":true,"href":"https:\/\/blog.ccc.eu\/hu\/wp-json\/wp\/v2\/comments?post=8185"}],"version-history":[{"count":8,"href":"https:\/\/blog.ccc.eu\/hu\/wp-json\/wp\/v2\/posts\/8185\/revisions"}],"predecessor-version":[{"id":8218,"href":"https:\/\/blog.ccc.eu\/hu\/wp-json\/wp\/v2\/posts\/8185\/revisions\/8218"}],"wp:featuredmedia":[{"embeddable":true,"href":"https:\/\/blog.ccc.eu\/hu\/wp-json\/wp\/v2\/media\/8188"}],"wp:attachment":[{"href":"https:\/\/blog.ccc.eu\/hu\/wp-json\/wp\/v2\/media?parent=8185"}],"wp:term":[{"taxonomy":"category","embeddable":true,"href":"https:\/\/blog.ccc.eu\/hu\/wp-json\/wp\/v2\/categories?post=8185"},{"taxonomy":"post_tag","embeddable":true,"href":"https:\/\/blog.ccc.eu\/hu\/wp-json\/wp\/v2\/tags?post=8185"}],"curies":[{"name":"wp","href":"https:\/\/api.w.org\/{rel}","templated":true}]}}