{"id":8335,"date":"2023-06-12T08:09:06","date_gmt":"2023-06-12T06:09:06","guid":{"rendered":"https:\/\/blog.ccc.eu\/hu\/?p=8335"},"modified":"2023-06-12T08:09:07","modified_gmt":"2023-06-12T06:09:07","slug":"rieker-marka-a-ccc-nel","status":"publish","type":"post","link":"https:\/\/blog.ccc.eu\/hu\/rieker-marka-a-ccc-nel\/","title":{"rendered":"Rieker m\u00e1rka a CCC-n\u00e9l\u00a0"},"content":{"rendered":"\n<p><b>A Rieker egy n\u00e9met l\u00e1bbelim\u00e1rka, amelyet k\u00f6zel 150 \u00e9vvel ezel\u0151tt alap\u00edtottak meg. M\u00e1r r\u00e9g\u00f3ta jelen van a piacon, ami azt bizony\u00edtja, hogy a Rieker cip\u0151ket m\u00e9g mindig t\u00f6bb gener\u00e1ci\u00f3 kedveli. A csal\u00e1di c\u00e9g arra \u00f6sszpontos\u00edtott, hogy \u00fcgyfelei sz\u00e1m\u00e1ra olyan mindennapi k\u00e9nyelmet biztos\u00edtsanak, amely a modern diz\u00e1jnnal p\u00e1rosul. Fedezd fel a m\u00e1rka modelljeit!&nbsp;<\/b><\/p>\n\n\n\n<figure class=\"wp-block-gallery has-nested-images columns-default is-cropped wp-block-gallery-1 is-layout-flex wp-block-gallery-is-layout-flex\">\n<figure class=\"wp-block-image size-large\"><img loading=\"lazy\" decoding=\"async\" width=\"683\" height=\"1024\" data-id=\"8337\" src=\"https:\/\/blog.ccc.eu\/hu\/wp-content\/uploads\/2023\/06\/CCC_5903698444000_06_SW-683x1024-1.jpg\" alt=\"\" class=\"wp-image-8337\" srcset=\"https:\/\/blog.ccc.eu\/hu\/wp-content\/uploads\/2023\/06\/CCC_5903698444000_06_SW-683x1024-1.jpg 683w, https:\/\/blog.ccc.eu\/hu\/wp-content\/uploads\/2023\/06\/CCC_5903698444000_06_SW-683x1024-1-200x300.jpg 200w, https:\/\/blog.ccc.eu\/hu\/wp-content\/uploads\/2023\/06\/CCC_5903698444000_06_SW-683x1024-1-100x150.jpg 100w\" sizes=\"auto, (max-width: 683px) 100vw, 683px\" \/><\/figure>\n\n\n\n<figure class=\"wp-block-image size-large\"><img loading=\"lazy\" decoding=\"async\" width=\"683\" height=\"1024\" data-id=\"8338\" src=\"https:\/\/blog.ccc.eu\/hu\/wp-content\/uploads\/2023\/06\/CCC_5904862602882_01_LR-683x1024-1.jpg\" alt=\"\" class=\"wp-image-8338\" srcset=\"https:\/\/blog.ccc.eu\/hu\/wp-content\/uploads\/2023\/06\/CCC_5904862602882_01_LR-683x1024-1.jpg 683w, https:\/\/blog.ccc.eu\/hu\/wp-content\/uploads\/2023\/06\/CCC_5904862602882_01_LR-683x1024-1-200x300.jpg 200w, https:\/\/blog.ccc.eu\/hu\/wp-content\/uploads\/2023\/06\/CCC_5904862602882_01_LR-683x1024-1-100x150.jpg 100w\" sizes=\"auto, (max-width: 683px) 100vw, 683px\" \/><\/figure>\n<\/figure>\n\n\n\n<h2 class=\"wp-block-heading\">Rieker a CCC-ben&nbsp;<\/h2>\n\n\n\n<p>CCC \u00fczleteinkben a Rieker m\u00e1rka n\u00e9pszer\u0171 v\u00e1laszt\u00e1snak bizonyul kiv\u00e1l\u00f3 min\u0151s\u00e9g\u00e9nek \u00e9s sz\u00e9les term\u00e9kk\u00edn\u00e1lat\u00e1nak k\u00f6sz\u00f6nhet\u0151en. Szand\u00e1lok, balerin\u00e1k, sportcip\u0151k, s\u0151t csizm\u00e1k \u00e9s h\u00f3tapos\u00f3k is gazdag\u00edtj\u00e1k a v\u00e1laszt\u00e9kot. Mind a n\u0151i, mind a f\u00e9rfi kollekci\u00f3ban mindenki tal\u00e1l mag\u00e1nak valami k\u00fcl\u00f6nlegeset. Tekintsd meg a Rieker cip\u0151ket a CCC-ben.\u00a0<\/p>\n\n\n\n<h2 class=\"wp-block-heading\">Rieker &#8211; n\u0151i cip\u0151k&nbsp;<\/h2>\n\n\n\n<p>A cip\u0151k sz\u00e9les v\u00e1laszt\u00e9k\u00e1ban tal\u00e1lhatunk k\u00e9nyelmes mokaszinokat \u00e9s t\u00f6bbf\u00e9le sportcip\u0151t is, melyek k\u00fcl\u00f6nb\u00f6z\u0151 talpakkal vannak ell\u00e1tva. A k\u00edn\u00e1latban vannak \u00e9ktalp\u00fa \u00e9s lapos talp\u00fa l\u00e1bbelik is egyar\u00e1nt.&nbsp;&nbsp;<\/p>\n\n\n\n<p>K\u00fcl\u00f6n\u00f6sen figyelemre m\u00e9lt\u00f3 a Mary Jane t\u00edpus\u00fa cip\u0151, amelyet a c\u00e9g egyedi st\u00edlusban tervezett. Nincs hi\u00e1ny sz\u00ednekben, inspir\u00e1l\u00f3 diz\u00e1jnban \u00e9s k\u00fcl\u00f6nleges text\u00far\u00e1kban sem, amelyek szemet gy\u00f6ny\u00f6rk\u00f6dtet\u0151 megjelen\u00e9st biztos\u00edtanak.&nbsp;<\/p>\n\n\n\n\n\n\n<p><\/p>\n\n\n\n<h2 class=\"wp-block-heading\">Rieker szand\u00e1lok<\/h2>\n\n\n\n<p>A Rieker szand\u00e1lok mindenekel\u0151tt nagyon eredetiek, \u00e9s t\u00f6k\u00e9letesen \u00f6tv\u00f6zik a klasszikus st\u00edlust az aktu\u00e1lis trendekkel. Sz\u00e9les term\u00e9kpalett\u00e1val rendelkeznek, amelyben helyet foglalnak a platformos \u00e9s a z\u00e1rt orr\u00fa szand\u00e1lok. A kollekci\u00f3ban szerepelnek m\u00e9g utcai papucsok is, amelyek divatos kialak\u00edt\u00e1s\u00fa fels\u0151r\u00e9sszel t\u0171nnek ki.&nbsp;<\/p>\n\n\n\n\n\n\n<p><\/p>\n\n\n\n<h2 class=\"wp-block-heading\">Rieker t\u00e1sk\u00e1k&nbsp;<\/h2>\n\n\n\n<p>A term\u00e9kk\u00edn\u00e1latban megtal\u00e1lhat\u00f3 t\u00e1sk\u00e1k k\u00fcl\u00f6nleges diz\u00e1jnnal b\u00fcszk\u00e9lkedhetnek, valamint nagyon tart\u00f3sak. Tal\u00e1lkozhatunk m\u00e9g nagym\u00e9ret\u0171 v\u00e1llt\u00e1sk\u00e1kkal, amelyek ide\u00e1lisak az alkalmi megjelen\u00e9shez, valamint a kisebb m\u00e9ret\u0171 t\u00e1sk\u00e1k is n\u00e9pszer\u0171 v\u00e1laszt\u00e1sok.&nbsp;<\/p>\n\n\n\n\n\n\n<p><\/p>\n\n\n\n<h2 class=\"wp-block-heading\">Rieker &#8211; f\u00e9rfi cip\u0151k&nbsp;<\/h2>\n\n\n\n<p>A Rieker CCC f\u00e9rfi kollekci\u00f3j\u00e1ban a sport- \u00e9s alkalmi cip\u0151k domin\u00e1lnak. A klasszikus szab\u00e1sokat trendi elemekkel \u00f6tv\u00f6zik, emellett a gy\u00e1rt\u00e1s sor\u00e1n felhaszn\u00e1lt kiv\u00e1l\u00f3 min\u0151s\u00e9g\u0171 anyagoknak k\u00f6sz\u00f6nhet\u0151en pedig maxim\u00e1lis k\u00e9nyelmet biztos\u00edtanak.&nbsp;<\/p>\n\n\n\n<p>A sportos \u00e9s eleg\u00e1ns l\u00e1bbelik mellett szand\u00e1lok \u00e9s utcai papucsok is kaphat\u00f3k, valamint az \u0151szi-t\u00e9li szezonban csizm\u00e1kat \u00e9s bakancsokat is terveznek.&nbsp;<\/p>\n\n\n\n\n\n\n<p><\/p>\n\n\n\n<p>Ismerd meg a Rieker m\u00e1rka n\u0151i \u00e9s f\u00e9rfi cip\u0151it \u00e9s t\u00e1sk\u00e1it <a href=\"https:\/\/ccc.eu\/hu\/sklepy\" target=\"_blank\" rel=\"noreferrer noopener\">CCC \u00fczleteinkben<\/a>, <a href=\"https:\/\/ccc.eu\/hu\/\" target=\"_blank\" rel=\"noreferrer noopener\">webshopunkban<\/a>, \u00e9s az <a href=\"https:\/\/ccc.eu\/hu\/mobile-app\" target=\"_blank\" rel=\"noreferrer noopener\">alkalmaz\u00e1sban<\/a>. Legy\u00e9l <a href=\"https:\/\/ccc.eu\/hu\/klub-ccc\" target=\"_blank\" rel=\"noreferrer noopener\">CCC klubtag<\/a> is, \u00e9s \u00e9lvezd a k\u00e9nyelmes \u00e9s kedvezm\u00e9nyes v\u00e1s\u00e1rl\u00e1si lehet\u0151s\u00e9geket! K\u00f6vesd vel\u00fcnk a divatot <a href=\"https:\/\/www.facebook.com\/CCC.Hungary\/\" target=\"_blank\" rel=\"noreferrer noopener\">Facebookon,<\/a> \u00e9s inspir\u00e1l\u00f3dj vel\u00fcnk az <a href=\"https:\/\/www.instagram.com\/cccshoesbags\/\" target=\"_blank\" rel=\"noreferrer noopener\">Instagramon<\/a> is!\u00a0<\/p>\n","protected":false},"excerpt":{"rendered":"<p>A Rieker egy n\u00e9met l\u00e1bbelim\u00e1rka, amelyet k\u00f6zel 150 \u00e9vvel ezel\u0151tt alap\u00edtottak meg. M\u00e1r r\u00e9g\u00f3ta jelen van a piacon, ami azt bizony\u00edtja, hogy a Rieker cip\u0151ket m\u00e9g mindig t\u00f6bb gener\u00e1ci\u00f3 kedveli. A csal\u00e1di c\u00e9g arra \u00f6sszpontos\u00edtott, hogy \u00fcgyfelei sz\u00e1m\u00e1ra olyan mindennapi k\u00e9nyelmet biztos\u00edtsanak, amely a modern diz\u00e1jnnal p\u00e1rosul. Fedezd fel a m\u00e1rka modelljeit!&nbsp; Rieker a CCC-ben&nbsp; [&hellip;]<\/p>\n","protected":false},"author":22,"featured_media":8337,"comment_status":"open","ping_status":"open","sticky":false,"template":"","format":"standard","meta":{"_acf_changed":false,"footnotes":""},"categories":[432],"tags":[560,707,1085,1080,807],"class_list":["post-8335","post","type-post","status-publish","format-standard","has-post-thumbnail","hentry","category-ujdonsagok","tag-ccc","tag-cipok","tag-rieker","tag-taskak","tag-ujdonsag"],"acf":[],"yoast_head":"<!-- This site is optimized with the Yoast SEO plugin v26.9 - https:\/\/yoast.com\/product\/yoast-seo-wordpress\/ -->\n<title>Rieker m\u00e1rka a CCC-n\u00e9l\u00a0 - CCC Fashion blog<\/title>\n<meta name=\"description\" content=\"A Rieker m\u00e1rka n\u00e9pszer\u0171 v\u00e1laszt\u00e1snak bizonyul kiv\u00e1l\u00f3 min\u0151s\u00e9g\u00e9nek \u00e9s sz\u00e9les term\u00e9kk\u00edn\u00e1lat\u00e1nak k\u00f6sz\u00f6nhet\u0151en. N\u00e9zd meg! 2026\" \/>\n<meta name=\"robots\" content=\"index, follow, max-snippet:-1, max-image-preview:large, max-video-preview:-1\" \/>\n<link rel=\"canonical\" href=\"https:\/\/blog.ccc.eu\/hu\/rieker-marka-a-ccc-nel\/\" \/>\n<meta property=\"og:locale\" content=\"hu_HU\" \/>\n<meta property=\"og:type\" content=\"article\" \/>\n<meta property=\"og:title\" content=\"Rieker m\u00e1rka a CCC-n\u00e9l\u00a0 - CCC Fashion blog\" \/>\n<meta property=\"og:description\" content=\"A Rieker m\u00e1rka n\u00e9pszer\u0171 v\u00e1laszt\u00e1snak bizonyul kiv\u00e1l\u00f3 min\u0151s\u00e9g\u00e9nek \u00e9s sz\u00e9les term\u00e9kk\u00edn\u00e1lat\u00e1nak k\u00f6sz\u00f6nhet\u0151en. N\u00e9zd meg!\" \/>\n<meta property=\"og:url\" content=\"https:\/\/blog.ccc.eu\/hu\/rieker-marka-a-ccc-nel\/\" \/>\n<meta property=\"og:site_name\" content=\"CCC Fashion blog\" \/>\n<meta property=\"article:published_time\" content=\"2023-06-12T06:09:06+00:00\" \/>\n<meta property=\"article:modified_time\" content=\"2023-06-12T06:09:07+00:00\" \/>\n<meta property=\"og:image\" content=\"https:\/\/blog.ccc.eu\/hu\/wp-content\/uploads\/2023\/06\/CCC_5903698444000_06_SW-683x1024-1.jpg\" \/>\n\t<meta property=\"og:image:width\" content=\"683\" \/>\n\t<meta property=\"og:image:height\" content=\"1024\" \/>\n\t<meta property=\"og:image:type\" content=\"image\/jpeg\" \/>\n<meta name=\"author\" content=\"Beatrix Korosi\" \/>\n<meta name=\"twitter:card\" content=\"summary_large_image\" \/>\n<meta name=\"twitter:label1\" content=\"Szerz\u0151:\" \/>\n\t<meta name=\"twitter:data1\" content=\"Beatrix Korosi\" \/>\n\t<meta name=\"twitter:label2\" content=\"Becs\u00fclt olvas\u00e1si id\u0151\" \/>\n\t<meta name=\"twitter:data2\" content=\"3 perc\" \/>\n<script type=\"application\/ld+json\" class=\"yoast-schema-graph\">{\"@context\":\"https:\/\/schema.org\",\"@graph\":[{\"@type\":\"Article\",\"@id\":\"https:\/\/blog.ccc.eu\/hu\/rieker-marka-a-ccc-nel\/#article\",\"isPartOf\":{\"@id\":\"https:\/\/blog.ccc.eu\/hu\/rieker-marka-a-ccc-nel\/\"},\"author\":{\"name\":\"Beatrix Korosi\",\"@id\":\"https:\/\/blog.ccc.eu\/hu\/#\/schema\/person\/b37d4e58a15b8cc6b1339218cfeb7c10\"},\"headline\":\"Rieker m\u00e1rka a CCC-n\u00e9l\u00a0\",\"datePublished\":\"2023-06-12T06:09:06+00:00\",\"dateModified\":\"2023-06-12T06:09:07+00:00\",\"mainEntityOfPage\":{\"@id\":\"https:\/\/blog.ccc.eu\/hu\/rieker-marka-a-ccc-nel\/\"},\"wordCount\":593,\"commentCount\":0,\"publisher\":{\"@id\":\"https:\/\/blog.ccc.eu\/hu\/#organization\"},\"image\":{\"@id\":\"https:\/\/blog.ccc.eu\/hu\/rieker-marka-a-ccc-nel\/#primaryimage\"},\"thumbnailUrl\":\"https:\/\/blog.ccc.eu\/hu\/wp-content\/uploads\/2023\/06\/CCC_5903698444000_06_SW-683x1024-1.jpg\",\"keywords\":[\"CCC\",\"cip\u0151k\",\"Rieker\",\"T\u00e1sk\u00e1k\",\"\u00fajdons\u00e1g\"],\"articleSection\":[\"\u00daJDONS\u00c1GOK\"],\"inLanguage\":\"hu\",\"potentialAction\":[{\"@type\":\"CommentAction\",\"name\":\"Comment\",\"target\":[\"https:\/\/blog.ccc.eu\/hu\/rieker-marka-a-ccc-nel\/#respond\"]}]},{\"@type\":\"WebPage\",\"@id\":\"https:\/\/blog.ccc.eu\/hu\/rieker-marka-a-ccc-nel\/\",\"url\":\"https:\/\/blog.ccc.eu\/hu\/rieker-marka-a-ccc-nel\/\",\"name\":\"Rieker m\u00e1rka a CCC-n\u00e9l\u00a0 - CCC Fashion blog\",\"isPartOf\":{\"@id\":\"https:\/\/blog.ccc.eu\/hu\/#website\"},\"primaryImageOfPage\":{\"@id\":\"https:\/\/blog.ccc.eu\/hu\/rieker-marka-a-ccc-nel\/#primaryimage\"},\"image\":{\"@id\":\"https:\/\/blog.ccc.eu\/hu\/rieker-marka-a-ccc-nel\/#primaryimage\"},\"thumbnailUrl\":\"https:\/\/blog.ccc.eu\/hu\/wp-content\/uploads\/2023\/06\/CCC_5903698444000_06_SW-683x1024-1.jpg\",\"datePublished\":\"2023-06-12T06:09:06+00:00\",\"dateModified\":\"2023-06-12T06:09:07+00:00\",\"description\":\"A Rieker m\u00e1rka n\u00e9pszer\u0171 v\u00e1laszt\u00e1snak bizonyul kiv\u00e1l\u00f3 min\u0151s\u00e9g\u00e9nek \u00e9s sz\u00e9les term\u00e9kk\u00edn\u00e1lat\u00e1nak k\u00f6sz\u00f6nhet\u0151en. N\u00e9zd meg!\",\"breadcrumb\":{\"@id\":\"https:\/\/blog.ccc.eu\/hu\/rieker-marka-a-ccc-nel\/#breadcrumb\"},\"inLanguage\":\"hu\",\"potentialAction\":[{\"@type\":\"ReadAction\",\"target\":[\"https:\/\/blog.ccc.eu\/hu\/rieker-marka-a-ccc-nel\/\"]}]},{\"@type\":\"ImageObject\",\"inLanguage\":\"hu\",\"@id\":\"https:\/\/blog.ccc.eu\/hu\/rieker-marka-a-ccc-nel\/#primaryimage\",\"url\":\"https:\/\/blog.ccc.eu\/hu\/wp-content\/uploads\/2023\/06\/CCC_5903698444000_06_SW-683x1024-1.jpg\",\"contentUrl\":\"https:\/\/blog.ccc.eu\/hu\/wp-content\/uploads\/2023\/06\/CCC_5903698444000_06_SW-683x1024-1.jpg\",\"width\":683,\"height\":1024,\"caption\":\"Rieker m\u00e1rka\"},{\"@type\":\"BreadcrumbList\",\"@id\":\"https:\/\/blog.ccc.eu\/hu\/rieker-marka-a-ccc-nel\/#breadcrumb\",\"itemListElement\":[{\"@type\":\"ListItem\",\"position\":1,\"name\":\"Strona g\u0142\u00f3wna\",\"item\":\"https:\/\/blog.ccc.eu\/hu\/\"},{\"@type\":\"ListItem\",\"position\":2,\"name\":\"Rieker m\u00e1rka a CCC-n\u00e9l\u00a0\"}]},{\"@type\":\"WebSite\",\"@id\":\"https:\/\/blog.ccc.eu\/hu\/#website\",\"url\":\"https:\/\/blog.ccc.eu\/hu\/\",\"name\":\"CCC Fashion blog\",\"description\":\"Az \u00d6n helye tele van divatihletekkel\",\"publisher\":{\"@id\":\"https:\/\/blog.ccc.eu\/hu\/#organization\"},\"potentialAction\":[{\"@type\":\"SearchAction\",\"target\":{\"@type\":\"EntryPoint\",\"urlTemplate\":\"https:\/\/blog.ccc.eu\/hu\/?s={search_term_string}\"},\"query-input\":{\"@type\":\"PropertyValueSpecification\",\"valueRequired\":true,\"valueName\":\"search_term_string\"}}],\"inLanguage\":\"hu\"},{\"@type\":\"Organization\",\"@id\":\"https:\/\/blog.ccc.eu\/hu\/#organization\",\"name\":\"CCC S.A.\",\"url\":\"https:\/\/blog.ccc.eu\/hu\/\",\"logo\":{\"@type\":\"ImageObject\",\"inLanguage\":\"hu\",\"@id\":\"https:\/\/blog.ccc.eu\/hu\/#\/schema\/logo\/image\/\",\"url\":\"https:\/\/blog.ccc.eu\/hu\/wp-content\/uploads\/2021\/11\/logo_ccc.png\",\"contentUrl\":\"https:\/\/blog.ccc.eu\/hu\/wp-content\/uploads\/2021\/11\/logo_ccc.png\",\"width\":730,\"height\":270,\"caption\":\"CCC S.A.\"},\"image\":{\"@id\":\"https:\/\/blog.ccc.eu\/hu\/#\/schema\/logo\/image\/\"}},{\"@type\":\"Person\",\"@id\":\"https:\/\/blog.ccc.eu\/hu\/#\/schema\/person\/b37d4e58a15b8cc6b1339218cfeb7c10\",\"name\":\"Beatrix Korosi\",\"image\":{\"@type\":\"ImageObject\",\"inLanguage\":\"hu\",\"@id\":\"https:\/\/blog.ccc.eu\/hu\/#\/schema\/person\/image\/\",\"url\":\"https:\/\/blog.ccc.eu\/hu\/wp-content\/uploads\/2022\/11\/Bea-150x150.jpg\",\"contentUrl\":\"https:\/\/blog.ccc.eu\/hu\/wp-content\/uploads\/2022\/11\/Bea-150x150.jpg\",\"caption\":\"Beatrix Korosi\"},\"url\":\"https:\/\/blog.ccc.eu\/hu\/author\/beatrix-korosi\/\"}]}<\/script>\n<!-- \/ Yoast SEO plugin. -->","yoast_head_json":{"title":"Rieker m\u00e1rka a CCC-n\u00e9l\u00a0 - CCC Fashion blog","description":"A Rieker m\u00e1rka n\u00e9pszer\u0171 v\u00e1laszt\u00e1snak bizonyul kiv\u00e1l\u00f3 min\u0151s\u00e9g\u00e9nek \u00e9s sz\u00e9les term\u00e9kk\u00edn\u00e1lat\u00e1nak k\u00f6sz\u00f6nhet\u0151en. N\u00e9zd meg! 2026","robots":{"index":"index","follow":"follow","max-snippet":"max-snippet:-1","max-image-preview":"max-image-preview:large","max-video-preview":"max-video-preview:-1"},"canonical":"https:\/\/blog.ccc.eu\/hu\/rieker-marka-a-ccc-nel\/","og_locale":"hu_HU","og_type":"article","og_title":"Rieker m\u00e1rka a CCC-n\u00e9l\u00a0 - CCC Fashion blog","og_description":"A Rieker m\u00e1rka n\u00e9pszer\u0171 v\u00e1laszt\u00e1snak bizonyul kiv\u00e1l\u00f3 min\u0151s\u00e9g\u00e9nek \u00e9s sz\u00e9les term\u00e9kk\u00edn\u00e1lat\u00e1nak k\u00f6sz\u00f6nhet\u0151en. N\u00e9zd meg!","og_url":"https:\/\/blog.ccc.eu\/hu\/rieker-marka-a-ccc-nel\/","og_site_name":"CCC Fashion blog","article_published_time":"2023-06-12T06:09:06+00:00","article_modified_time":"2023-06-12T06:09:07+00:00","og_image":[{"width":683,"height":1024,"url":"https:\/\/blog.ccc.eu\/hu\/wp-content\/uploads\/2023\/06\/CCC_5903698444000_06_SW-683x1024-1.jpg","type":"image\/jpeg"}],"author":"Beatrix Korosi","twitter_card":"summary_large_image","twitter_misc":{"Szerz\u0151:":"Beatrix Korosi","Becs\u00fclt olvas\u00e1si id\u0151":"3 perc"},"schema":{"@context":"https:\/\/schema.org","@graph":[{"@type":"Article","@id":"https:\/\/blog.ccc.eu\/hu\/rieker-marka-a-ccc-nel\/#article","isPartOf":{"@id":"https:\/\/blog.ccc.eu\/hu\/rieker-marka-a-ccc-nel\/"},"author":{"name":"Beatrix Korosi","@id":"https:\/\/blog.ccc.eu\/hu\/#\/schema\/person\/b37d4e58a15b8cc6b1339218cfeb7c10"},"headline":"Rieker m\u00e1rka a CCC-n\u00e9l\u00a0","datePublished":"2023-06-12T06:09:06+00:00","dateModified":"2023-06-12T06:09:07+00:00","mainEntityOfPage":{"@id":"https:\/\/blog.ccc.eu\/hu\/rieker-marka-a-ccc-nel\/"},"wordCount":593,"commentCount":0,"publisher":{"@id":"https:\/\/blog.ccc.eu\/hu\/#organization"},"image":{"@id":"https:\/\/blog.ccc.eu\/hu\/rieker-marka-a-ccc-nel\/#primaryimage"},"thumbnailUrl":"https:\/\/blog.ccc.eu\/hu\/wp-content\/uploads\/2023\/06\/CCC_5903698444000_06_SW-683x1024-1.jpg","keywords":["CCC","cip\u0151k","Rieker","T\u00e1sk\u00e1k","\u00fajdons\u00e1g"],"articleSection":["\u00daJDONS\u00c1GOK"],"inLanguage":"hu","potentialAction":[{"@type":"CommentAction","name":"Comment","target":["https:\/\/blog.ccc.eu\/hu\/rieker-marka-a-ccc-nel\/#respond"]}]},{"@type":"WebPage","@id":"https:\/\/blog.ccc.eu\/hu\/rieker-marka-a-ccc-nel\/","url":"https:\/\/blog.ccc.eu\/hu\/rieker-marka-a-ccc-nel\/","name":"Rieker m\u00e1rka a CCC-n\u00e9l\u00a0 - CCC Fashion blog","isPartOf":{"@id":"https:\/\/blog.ccc.eu\/hu\/#website"},"primaryImageOfPage":{"@id":"https:\/\/blog.ccc.eu\/hu\/rieker-marka-a-ccc-nel\/#primaryimage"},"image":{"@id":"https:\/\/blog.ccc.eu\/hu\/rieker-marka-a-ccc-nel\/#primaryimage"},"thumbnailUrl":"https:\/\/blog.ccc.eu\/hu\/wp-content\/uploads\/2023\/06\/CCC_5903698444000_06_SW-683x1024-1.jpg","datePublished":"2023-06-12T06:09:06+00:00","dateModified":"2023-06-12T06:09:07+00:00","description":"A Rieker m\u00e1rka n\u00e9pszer\u0171 v\u00e1laszt\u00e1snak bizonyul kiv\u00e1l\u00f3 min\u0151s\u00e9g\u00e9nek \u00e9s sz\u00e9les term\u00e9kk\u00edn\u00e1lat\u00e1nak k\u00f6sz\u00f6nhet\u0151en. N\u00e9zd meg!","breadcrumb":{"@id":"https:\/\/blog.ccc.eu\/hu\/rieker-marka-a-ccc-nel\/#breadcrumb"},"inLanguage":"hu","potentialAction":[{"@type":"ReadAction","target":["https:\/\/blog.ccc.eu\/hu\/rieker-marka-a-ccc-nel\/"]}]},{"@type":"ImageObject","inLanguage":"hu","@id":"https:\/\/blog.ccc.eu\/hu\/rieker-marka-a-ccc-nel\/#primaryimage","url":"https:\/\/blog.ccc.eu\/hu\/wp-content\/uploads\/2023\/06\/CCC_5903698444000_06_SW-683x1024-1.jpg","contentUrl":"https:\/\/blog.ccc.eu\/hu\/wp-content\/uploads\/2023\/06\/CCC_5903698444000_06_SW-683x1024-1.jpg","width":683,"height":1024,"caption":"Rieker m\u00e1rka"},{"@type":"BreadcrumbList","@id":"https:\/\/blog.ccc.eu\/hu\/rieker-marka-a-ccc-nel\/#breadcrumb","itemListElement":[{"@type":"ListItem","position":1,"name":"Strona g\u0142\u00f3wna","item":"https:\/\/blog.ccc.eu\/hu\/"},{"@type":"ListItem","position":2,"name":"Rieker m\u00e1rka a CCC-n\u00e9l\u00a0"}]},{"@type":"WebSite","@id":"https:\/\/blog.ccc.eu\/hu\/#website","url":"https:\/\/blog.ccc.eu\/hu\/","name":"CCC Fashion blog","description":"Az \u00d6n helye tele van divatihletekkel","publisher":{"@id":"https:\/\/blog.ccc.eu\/hu\/#organization"},"potentialAction":[{"@type":"SearchAction","target":{"@type":"EntryPoint","urlTemplate":"https:\/\/blog.ccc.eu\/hu\/?s={search_term_string}"},"query-input":{"@type":"PropertyValueSpecification","valueRequired":true,"valueName":"search_term_string"}}],"inLanguage":"hu"},{"@type":"Organization","@id":"https:\/\/blog.ccc.eu\/hu\/#organization","name":"CCC S.A.","url":"https:\/\/blog.ccc.eu\/hu\/","logo":{"@type":"ImageObject","inLanguage":"hu","@id":"https:\/\/blog.ccc.eu\/hu\/#\/schema\/logo\/image\/","url":"https:\/\/blog.ccc.eu\/hu\/wp-content\/uploads\/2021\/11\/logo_ccc.png","contentUrl":"https:\/\/blog.ccc.eu\/hu\/wp-content\/uploads\/2021\/11\/logo_ccc.png","width":730,"height":270,"caption":"CCC S.A."},"image":{"@id":"https:\/\/blog.ccc.eu\/hu\/#\/schema\/logo\/image\/"}},{"@type":"Person","@id":"https:\/\/blog.ccc.eu\/hu\/#\/schema\/person\/b37d4e58a15b8cc6b1339218cfeb7c10","name":"Beatrix Korosi","image":{"@type":"ImageObject","inLanguage":"hu","@id":"https:\/\/blog.ccc.eu\/hu\/#\/schema\/person\/image\/","url":"https:\/\/blog.ccc.eu\/hu\/wp-content\/uploads\/2022\/11\/Bea-150x150.jpg","contentUrl":"https:\/\/blog.ccc.eu\/hu\/wp-content\/uploads\/2022\/11\/Bea-150x150.jpg","caption":"Beatrix Korosi"},"url":"https:\/\/blog.ccc.eu\/hu\/author\/beatrix-korosi\/"}]}},"_links":{"self":[{"href":"https:\/\/blog.ccc.eu\/hu\/wp-json\/wp\/v2\/posts\/8335","targetHints":{"allow":["GET"]}}],"collection":[{"href":"https:\/\/blog.ccc.eu\/hu\/wp-json\/wp\/v2\/posts"}],"about":[{"href":"https:\/\/blog.ccc.eu\/hu\/wp-json\/wp\/v2\/types\/post"}],"author":[{"embeddable":true,"href":"https:\/\/blog.ccc.eu\/hu\/wp-json\/wp\/v2\/users\/22"}],"replies":[{"embeddable":true,"href":"https:\/\/blog.ccc.eu\/hu\/wp-json\/wp\/v2\/comments?post=8335"}],"version-history":[{"count":6,"href":"https:\/\/blog.ccc.eu\/hu\/wp-json\/wp\/v2\/posts\/8335\/revisions"}],"predecessor-version":[{"id":8360,"href":"https:\/\/blog.ccc.eu\/hu\/wp-json\/wp\/v2\/posts\/8335\/revisions\/8360"}],"wp:featuredmedia":[{"embeddable":true,"href":"https:\/\/blog.ccc.eu\/hu\/wp-json\/wp\/v2\/media\/8337"}],"wp:attachment":[{"href":"https:\/\/blog.ccc.eu\/hu\/wp-json\/wp\/v2\/media?parent=8335"}],"wp:term":[{"taxonomy":"category","embeddable":true,"href":"https:\/\/blog.ccc.eu\/hu\/wp-json\/wp\/v2\/categories?post=8335"},{"taxonomy":"post_tag","embeddable":true,"href":"https:\/\/blog.ccc.eu\/hu\/wp-json\/wp\/v2\/tags?post=8335"}],"curies":[{"name":"wp","href":"https:\/\/api.w.org\/{rel}","templated":true}]}}