{"id":9161,"date":"2023-09-27T08:23:20","date_gmt":"2023-09-27T06:23:20","guid":{"rendered":"https:\/\/blog.ccc.eu\/hu\/?p=9161"},"modified":"2023-09-27T08:23:21","modified_gmt":"2023-09-27T06:23:21","slug":"divatos-noi-cipok-a-2023-as-oszi-teli-szezonra","status":"publish","type":"post","link":"https:\/\/blog.ccc.eu\/hu\/divatos-noi-cipok-a-2023-as-oszi-teli-szezonra\/","title":{"rendered":"Divatos n\u0151i cip\u0151k a 2023-as \u0151szi-t\u00e9li szezonra\u00a0"},"content":{"rendered":"\n<p><b>A 2023-as \u0151szi-t\u00e9li szezonra a tervez\u0151k olyan egyedi cip\u0151kollekci\u00f3kat \u00e1ll\u00edtottak \u00f6ssze, amelyek az elm\u00falt \u00e9vtizedekre utalnak, \u00edgy tal\u00e1lkozhatunk majd a 80-as \u00e9vek divatj\u00e1ra utal\u00f3 elemek \u00e9s az idei trendek elegy\u00e9vel a cip\u0151k\u00f6n. N\u00e9zd meg az idei szezon legst\u00edlusosabb darabjait, amelyek garant\u00e1ltan els\u0151 helyen fognak \u00e1llni a szekr\u00e9nyedben!&nbsp;<\/b><\/p>\n\n\n\n<figure class=\"wp-block-gallery has-nested-images columns-default is-cropped wp-block-gallery-1 is-layout-flex wp-block-gallery-is-layout-flex\">\n<figure class=\"wp-block-image size-large\"><img loading=\"lazy\" decoding=\"async\" width=\"768\" height=\"1024\" data-id=\"9163\" src=\"https:\/\/blog.ccc.eu\/hu\/wp-content\/uploads\/2023\/09\/0240_gino_rossi_AW22_3x4_dpi120-Copy-1152x1536-1-768x1024.jpg\" alt=\"\" class=\"wp-image-9163\" srcset=\"https:\/\/blog.ccc.eu\/hu\/wp-content\/uploads\/2023\/09\/0240_gino_rossi_AW22_3x4_dpi120-Copy-1152x1536-1-768x1024.jpg 768w, https:\/\/blog.ccc.eu\/hu\/wp-content\/uploads\/2023\/09\/0240_gino_rossi_AW22_3x4_dpi120-Copy-1152x1536-1-225x300.jpg 225w, https:\/\/blog.ccc.eu\/hu\/wp-content\/uploads\/2023\/09\/0240_gino_rossi_AW22_3x4_dpi120-Copy-1152x1536-1-100x133.jpg 100w, https:\/\/blog.ccc.eu\/hu\/wp-content\/uploads\/2023\/09\/0240_gino_rossi_AW22_3x4_dpi120-Copy-1152x1536-1.jpg 1152w\" sizes=\"auto, (max-width: 768px) 100vw, 768px\" \/><\/figure>\n\n\n\n<figure class=\"wp-block-image size-large\"><img loading=\"lazy\" decoding=\"async\" width=\"768\" height=\"1024\" data-id=\"9164\" src=\"https:\/\/blog.ccc.eu\/hu\/wp-content\/uploads\/2023\/09\/1226_gino_rossi_AW22_3x4_dpi120-Copy-1152x1536-1-768x1024.jpg\" alt=\"\" class=\"wp-image-9164\" srcset=\"https:\/\/blog.ccc.eu\/hu\/wp-content\/uploads\/2023\/09\/1226_gino_rossi_AW22_3x4_dpi120-Copy-1152x1536-1-768x1024.jpg 768w, https:\/\/blog.ccc.eu\/hu\/wp-content\/uploads\/2023\/09\/1226_gino_rossi_AW22_3x4_dpi120-Copy-1152x1536-1-225x300.jpg 225w, https:\/\/blog.ccc.eu\/hu\/wp-content\/uploads\/2023\/09\/1226_gino_rossi_AW22_3x4_dpi120-Copy-1152x1536-1-100x133.jpg 100w, https:\/\/blog.ccc.eu\/hu\/wp-content\/uploads\/2023\/09\/1226_gino_rossi_AW22_3x4_dpi120-Copy-1152x1536-1.jpg 1152w\" sizes=\"auto, (max-width: 768px) 100vw, 768px\" \/><\/figure>\n<\/figure>\n\n\n\n<h2 class=\"wp-block-heading\">Trendi n\u0151i cip\u0151k 2023 \u0151sz\u00e9re&nbsp;<\/h2>\n\n\n\n<h2 class=\"wp-block-heading\">Klasszikus magassark\u00fa cip\u0151- id\u0151tlen elegancia&nbsp;<\/h2>\n\n\n\n<p>Nem tudunk nem egyet\u00e9rteni a tervez\u0151k elk\u00e9pzel\u00e9seivel a magassark\u00fa l\u00e1bbeliket illet\u0151en. A legst\u00edlusosabb modellek b\u0151rb\u0151l, \u00f6kob\u0151rb\u0151l, vel\u00farb\u00f3l k\u00e9sz\u00fclnek \u00e9s lakkozott vagy matt fel\u00fclettel rendelkeznek. Nem sz\u00e1m\u00edt, hogy milyen t\u00edpus\u00fa sarokkal van ell\u00e1tva a l\u00e1bbeli, lehet t\u0171sark\u00fa, alacsony sark\u00fa vagy t\u00f6mbsark\u00fa- ezek az id\u0151tlen modellek domin\u00e1lnak az utc\u00e1kon \u00e9s a kifut\u00f3kon is egyar\u00e1nt. Ha igaz\u00e1n eleg\u00e1ns megjelen\u00e9sre v\u00e1gyunk, v\u00e1lasszunk b\u00e9zs, fekete, tenger\u00e9szk\u00e9k vagy csokol\u00e1d\u00e9barna sz\u00edn\u0171 l\u00e1bbelit a Lasocki, Gino Rossi vagy a Jenny Fairy m\u00e1rka kollekci\u00f3ib\u00f3l.&nbsp;&nbsp;<\/p>\n\n\n\n\n\n\n<p><\/p>\n\n\n\n<h2 class=\"wp-block-heading\">Sz\u00f6gletes orr\u00fa cip\u0151k &#8211; nagy visszat\u00e9r\u00e9s a m\u00faltb\u00f3l&nbsp;<\/h2>\n\n\n\n<p>Elj\u00f6tt az id\u0151, amikor a sz\u00f6gletes orr\u00fa cip\u0151k megpr\u00f3b\u00e1lnak \u00fajra a cs\u00facsra t\u00f6rni. Ezek a modellek visszarep\u00edtenek minket az 1990-es \u00e9vekbe, ahol hatalmas n\u00e9pszer\u0171s\u00e9gnek \u00f6rvendtek, napjainkban pedig felfriss\u00edtett v\u00e1ltozatban v\u00e1s\u00e1rolhatjuk meg \u0151ket.&nbsp;<\/p>\n\n\n\n<p>Az \u0151szi szezonban a csizm\u00e1kon \u00e9s bakancsokon fogjuk l\u00e1tni a k\u00fcl\u00f6nleges kialak\u00edt\u00e1s\u00fa cip\u0151orrokat, amelyek teljesen feldobj\u00e1k a megjelen\u00e9s\u00fcnket.&nbsp;&nbsp;<\/p>\n\n\n\n<figure class=\"wp-block-gallery has-nested-images columns-default is-cropped wp-block-gallery-2 is-layout-flex wp-block-gallery-is-layout-flex\">\n<figure class=\"wp-block-image size-large\"><img loading=\"lazy\" decoding=\"async\" width=\"683\" height=\"1024\" data-id=\"9167\" src=\"https:\/\/blog.ccc.eu\/hu\/wp-content\/uploads\/2023\/09\/CCC_2230042237074_02-683x1024.jpg\" alt=\"\" class=\"wp-image-9167\" srcset=\"https:\/\/blog.ccc.eu\/hu\/wp-content\/uploads\/2023\/09\/CCC_2230042237074_02-683x1024.jpg 683w, https:\/\/blog.ccc.eu\/hu\/wp-content\/uploads\/2023\/09\/CCC_2230042237074_02-200x300.jpg 200w, https:\/\/blog.ccc.eu\/hu\/wp-content\/uploads\/2023\/09\/CCC_2230042237074_02-768x1152.jpg 768w, https:\/\/blog.ccc.eu\/hu\/wp-content\/uploads\/2023\/09\/CCC_2230042237074_02-100x150.jpg 100w, https:\/\/blog.ccc.eu\/hu\/wp-content\/uploads\/2023\/09\/CCC_2230042237074_02.jpg 876w\" sizes=\"auto, (max-width: 683px) 100vw, 683px\" \/><\/figure>\n\n\n\n<figure class=\"wp-block-image size-large\"><img loading=\"lazy\" decoding=\"async\" width=\"683\" height=\"1024\" data-id=\"9168\" src=\"https:\/\/blog.ccc.eu\/hu\/wp-content\/uploads\/2023\/09\/CCC_2230042258284_02-683x1024.jpg\" alt=\"\" class=\"wp-image-9168\" srcset=\"https:\/\/blog.ccc.eu\/hu\/wp-content\/uploads\/2023\/09\/CCC_2230042258284_02-683x1024.jpg 683w, https:\/\/blog.ccc.eu\/hu\/wp-content\/uploads\/2023\/09\/CCC_2230042258284_02-200x300.jpg 200w, https:\/\/blog.ccc.eu\/hu\/wp-content\/uploads\/2023\/09\/CCC_2230042258284_02-768x1152.jpg 768w, https:\/\/blog.ccc.eu\/hu\/wp-content\/uploads\/2023\/09\/CCC_2230042258284_02-100x150.jpg 100w, https:\/\/blog.ccc.eu\/hu\/wp-content\/uploads\/2023\/09\/CCC_2230042258284_02.jpg 876w\" sizes=\"auto, (max-width: 683px) 100vw, 683px\" \/><\/figure>\n<\/figure>\n\n\n\n<h2 class=\"wp-block-heading\">Magassark\u00fa csizma &#8211; klasszikus \u00e9s divatos&nbsp;<\/h2>\n\n\n\n<p>Ezek a l\u00e1bbelik igazi retro st\u00edlusban pomp\u00e1znak! Nagyon j\u00f3l mutatnak h\u00e9tk\u00f6znapi st\u00edlusban \u00e9s alkalmi esem\u00e9nyeken is t\u00f6k\u00e9letes v\u00e1laszt\u00e1snak bizonyulnak. V\u00e9kony sarokkal vannak ell\u00e1tva, amelyek rendk\u00edv\u00fcl eleg\u00e1ns megjelen\u00e9st k\u00f6lcs\u00f6n\u00f6znek.&nbsp;&nbsp;<\/p>\n\n\n\n<p>V\u00e1laszthatunk v\u00e1dli k\u00f6z\u00e9pig \u00e9r\u0151 modelleket minimalista st\u00edlusban, fekete \u00e9s b\u00e9zs sz\u00ednben, ha pedig a felt\u0171n\u0151 darabokat r\u00e9szes\u00edtj\u00fck el\u0151nyben, akkor d\u00f6nts\u00fcnk a t\u0171zpiros darabok mellett!&nbsp;<\/p>\n\n\n\n\n\n\n<p><\/p>\n\n\n\n<h2 class=\"wp-block-heading\">Divatos t\u00e9li cip\u0151k n\u0151knek&nbsp;<\/h2>\n\n\n\n<h2 class=\"wp-block-heading\">Combk\u00f6z\u00e9pig \u00e9r\u0151 csizma &#8211; magas fels\u0151r\u00e9sz a divatban&nbsp;<\/h2>\n\n\n\n<p>A hossz\u00fa sz\u00e1r\u00fa csizm\u00e1k m\u00e1r t\u00f6bb szezon \u00f3ta k\u00fcl\u00f6n\u00f6sen n\u00e9pszer\u0171ek t\u00e9len. Ebben az \u00e9vben azonban a tervez\u0151k m\u00e9g hosszabb fels\u0151r\u00e9szekkel k\u00eds\u00e9rleteznek \u00e9s a legn\u00e9pszer\u0171bb csizm\u00e1k eg\u00e9szen combk\u00f6z\u00e9pig \u00e9rnek! V\u00e1laszthatunk magassark\u00fa modelleket, platformos darabokat vagy lapos talp\u00faakat a minimalista st\u00edlusokt\u00f3l az extravag\u00e1nsabb modellekig.\u00a0<\/p>\n\n\n\n\n\n\n<p><\/p>\n\n\n\n<p>Ha a t\u00f6k\u00e9letes l\u00e1bbelit keresed az idei \u0151szi-t\u00e9li szezonra, akkor n\u00e9zz sz\u00e9t <a href=\"https:\/\/ccc.eu\/hu\/sklepy\" target=\"_blank\" rel=\"noreferrer noopener\">CCC \u00fczleteinkben<\/a>, <a href=\"https:\/\/ccc.eu\/hu\/\" target=\"_blank\" rel=\"noreferrer noopener\">webshopunkban<\/a>, \u00e9s az <a href=\"https:\/\/ccc.eu\/hu\/mobile-app\" target=\"_blank\" rel=\"noreferrer noopener\">alkalmaz\u00e1sban<\/a>. Legy\u00e9l <a href=\"https:\/\/ccc.eu\/hu\/klub-ccc\" target=\"_blank\" rel=\"noreferrer noopener\">CCC klubtag<\/a> is, \u00e9s \u00e9lvezd a k\u00e9nyelmes \u00e9s kedvezm\u00e9nyes v\u00e1s\u00e1rl\u00e1si lehet\u0151s\u00e9geket! K\u00f6vesd vel\u00fcnk a divatot <a href=\"https:\/\/www.facebook.com\/CCC.Hungary\/\" target=\"_blank\" rel=\"noreferrer noopener\">Facebookon,<\/a> \u00e9s inspir\u00e1l\u00f3dj vel\u00fcnk az <a href=\"https:\/\/www.instagram.com\/cccshoesbags\/\" target=\"_blank\" rel=\"noreferrer noopener\">Instagramon<\/a> is!&nbsp;&nbsp;&nbsp;&nbsp;&nbsp;<\/p>\n","protected":false},"excerpt":{"rendered":"<p>A 2023-as \u0151szi-t\u00e9li szezonra a tervez\u0151k olyan egyedi cip\u0151kollekci\u00f3kat \u00e1ll\u00edtottak \u00f6ssze, amelyek az elm\u00falt \u00e9vtizedekre utalnak, \u00edgy tal\u00e1lkozhatunk majd a 80-as \u00e9vek divatj\u00e1ra utal\u00f3 elemek \u00e9s az idei trendek elegy\u00e9vel a cip\u0151k\u00f6n. N\u00e9zd meg az idei szezon legst\u00edlusosabb darabjait, amelyek garant\u00e1ltan els\u0151 helyen fognak \u00e1llni a szekr\u00e9nyedben!&nbsp; Trendi n\u0151i cip\u0151k 2023 \u0151sz\u00e9re&nbsp; Klasszikus magassark\u00fa cip\u0151- [&hellip;]<\/p>\n","protected":false},"author":22,"featured_media":9163,"comment_status":"open","ping_status":"open","sticky":false,"template":"","format":"standard","meta":{"_acf_changed":false,"footnotes":""},"categories":[6],"tags":[560,955,812,786],"class_list":["post-9161","post","type-post","status-publish","format-standard","has-post-thumbnail","hentry","category-trendek","tag-ccc","tag-csizmak","tag-noi-cipok","tag-trendek"],"acf":[],"yoast_head":"<!-- This site is optimized with the Yoast SEO plugin v26.9 - https:\/\/yoast.com\/product\/yoast-seo-wordpress\/ -->\n<title>Divatos n\u0151i cip\u0151k a 2023-as \u0151szi-t\u00e9li szezonra\u00a0 - CCC Fashion blog<\/title>\n<meta name=\"description\" content=\"A 2023-as \u0151szi szezonra a tervez\u0151k igaz\u00e1n egyedi l\u00e1bbelikkel k\u00e9sz\u00fcltek. Fedezd fel a l\u00e9legzetel\u00e1ll\u00edt\u00f3 modelleket a CCC-ben! 2026\" \/>\n<meta name=\"robots\" content=\"index, follow, max-snippet:-1, max-image-preview:large, max-video-preview:-1\" \/>\n<link rel=\"canonical\" href=\"https:\/\/blog.ccc.eu\/hu\/divatos-noi-cipok-a-2023-as-oszi-teli-szezonra\/\" \/>\n<meta property=\"og:locale\" content=\"hu_HU\" \/>\n<meta property=\"og:type\" content=\"article\" \/>\n<meta property=\"og:title\" content=\"Divatos n\u0151i cip\u0151k a 2023-as \u0151szi-t\u00e9li szezonra\u00a0 - CCC Fashion blog\" \/>\n<meta property=\"og:description\" content=\"A 2023-as \u0151szi szezonra a tervez\u0151k igaz\u00e1n egyedi l\u00e1bbelikkel k\u00e9sz\u00fcltek. Fedezd fel a l\u00e9legzetel\u00e1ll\u00edt\u00f3 modelleket a CCC-ben!\" \/>\n<meta property=\"og:url\" content=\"https:\/\/blog.ccc.eu\/hu\/divatos-noi-cipok-a-2023-as-oszi-teli-szezonra\/\" \/>\n<meta property=\"og:site_name\" content=\"CCC Fashion blog\" \/>\n<meta property=\"article:published_time\" content=\"2023-09-27T06:23:20+00:00\" \/>\n<meta property=\"article:modified_time\" content=\"2023-09-27T06:23:21+00:00\" \/>\n<meta property=\"og:image\" content=\"https:\/\/blog.ccc.eu\/hu\/wp-content\/uploads\/2023\/09\/0240_gino_rossi_AW22_3x4_dpi120-Copy-1152x1536-1.jpg\" \/>\n\t<meta property=\"og:image:width\" content=\"1152\" \/>\n\t<meta property=\"og:image:height\" content=\"1536\" \/>\n\t<meta property=\"og:image:type\" content=\"image\/jpeg\" \/>\n<meta name=\"author\" content=\"Beatrix Korosi\" \/>\n<meta name=\"twitter:card\" content=\"summary_large_image\" \/>\n<meta name=\"twitter:label1\" content=\"Szerz\u0151:\" \/>\n\t<meta name=\"twitter:data1\" content=\"Beatrix Korosi\" \/>\n\t<meta name=\"twitter:label2\" content=\"Becs\u00fclt olvas\u00e1si id\u0151\" \/>\n\t<meta name=\"twitter:data2\" content=\"3 perc\" \/>\n<script type=\"application\/ld+json\" class=\"yoast-schema-graph\">{\"@context\":\"https:\/\/schema.org\",\"@graph\":[{\"@type\":\"Article\",\"@id\":\"https:\/\/blog.ccc.eu\/hu\/divatos-noi-cipok-a-2023-as-oszi-teli-szezonra\/#article\",\"isPartOf\":{\"@id\":\"https:\/\/blog.ccc.eu\/hu\/divatos-noi-cipok-a-2023-as-oszi-teli-szezonra\/\"},\"author\":{\"name\":\"Beatrix Korosi\",\"@id\":\"https:\/\/blog.ccc.eu\/hu\/#\/schema\/person\/b37d4e58a15b8cc6b1339218cfeb7c10\"},\"headline\":\"Divatos n\u0151i cip\u0151k a 2023-as \u0151szi-t\u00e9li szezonra\u00a0\",\"datePublished\":\"2023-09-27T06:23:20+00:00\",\"dateModified\":\"2023-09-27T06:23:21+00:00\",\"mainEntityOfPage\":{\"@id\":\"https:\/\/blog.ccc.eu\/hu\/divatos-noi-cipok-a-2023-as-oszi-teli-szezonra\/\"},\"wordCount\":599,\"commentCount\":0,\"publisher\":{\"@id\":\"https:\/\/blog.ccc.eu\/hu\/#organization\"},\"image\":{\"@id\":\"https:\/\/blog.ccc.eu\/hu\/divatos-noi-cipok-a-2023-as-oszi-teli-szezonra\/#primaryimage\"},\"thumbnailUrl\":\"https:\/\/blog.ccc.eu\/hu\/wp-content\/uploads\/2023\/09\/0240_gino_rossi_AW22_3x4_dpi120-Copy-1152x1536-1.jpg\",\"keywords\":[\"CCC\",\"csizm\u00e1k\",\"n\u0151i cip\u0151k\",\"trendek\"],\"articleSection\":[\"TRENDEK\"],\"inLanguage\":\"hu\",\"potentialAction\":[{\"@type\":\"CommentAction\",\"name\":\"Comment\",\"target\":[\"https:\/\/blog.ccc.eu\/hu\/divatos-noi-cipok-a-2023-as-oszi-teli-szezonra\/#respond\"]}]},{\"@type\":\"WebPage\",\"@id\":\"https:\/\/blog.ccc.eu\/hu\/divatos-noi-cipok-a-2023-as-oszi-teli-szezonra\/\",\"url\":\"https:\/\/blog.ccc.eu\/hu\/divatos-noi-cipok-a-2023-as-oszi-teli-szezonra\/\",\"name\":\"Divatos n\u0151i cip\u0151k a 2023-as \u0151szi-t\u00e9li szezonra\u00a0 - CCC Fashion blog\",\"isPartOf\":{\"@id\":\"https:\/\/blog.ccc.eu\/hu\/#website\"},\"primaryImageOfPage\":{\"@id\":\"https:\/\/blog.ccc.eu\/hu\/divatos-noi-cipok-a-2023-as-oszi-teli-szezonra\/#primaryimage\"},\"image\":{\"@id\":\"https:\/\/blog.ccc.eu\/hu\/divatos-noi-cipok-a-2023-as-oszi-teli-szezonra\/#primaryimage\"},\"thumbnailUrl\":\"https:\/\/blog.ccc.eu\/hu\/wp-content\/uploads\/2023\/09\/0240_gino_rossi_AW22_3x4_dpi120-Copy-1152x1536-1.jpg\",\"datePublished\":\"2023-09-27T06:23:20+00:00\",\"dateModified\":\"2023-09-27T06:23:21+00:00\",\"description\":\"A 2023-as \u0151szi szezonra a tervez\u0151k igaz\u00e1n egyedi l\u00e1bbelikkel k\u00e9sz\u00fcltek. Fedezd fel a l\u00e9legzetel\u00e1ll\u00edt\u00f3 modelleket a CCC-ben!\",\"breadcrumb\":{\"@id\":\"https:\/\/blog.ccc.eu\/hu\/divatos-noi-cipok-a-2023-as-oszi-teli-szezonra\/#breadcrumb\"},\"inLanguage\":\"hu\",\"potentialAction\":[{\"@type\":\"ReadAction\",\"target\":[\"https:\/\/blog.ccc.eu\/hu\/divatos-noi-cipok-a-2023-as-oszi-teli-szezonra\/\"]}]},{\"@type\":\"ImageObject\",\"inLanguage\":\"hu\",\"@id\":\"https:\/\/blog.ccc.eu\/hu\/divatos-noi-cipok-a-2023-as-oszi-teli-szezonra\/#primaryimage\",\"url\":\"https:\/\/blog.ccc.eu\/hu\/wp-content\/uploads\/2023\/09\/0240_gino_rossi_AW22_3x4_dpi120-Copy-1152x1536-1.jpg\",\"contentUrl\":\"https:\/\/blog.ccc.eu\/hu\/wp-content\/uploads\/2023\/09\/0240_gino_rossi_AW22_3x4_dpi120-Copy-1152x1536-1.jpg\",\"width\":1152,\"height\":1536,\"caption\":\"divatos n\u0151i cip\u0151k\"},{\"@type\":\"BreadcrumbList\",\"@id\":\"https:\/\/blog.ccc.eu\/hu\/divatos-noi-cipok-a-2023-as-oszi-teli-szezonra\/#breadcrumb\",\"itemListElement\":[{\"@type\":\"ListItem\",\"position\":1,\"name\":\"Strona g\u0142\u00f3wna\",\"item\":\"https:\/\/blog.ccc.eu\/hu\/\"},{\"@type\":\"ListItem\",\"position\":2,\"name\":\"Divatos n\u0151i cip\u0151k a 2023-as \u0151szi-t\u00e9li szezonra\u00a0\"}]},{\"@type\":\"WebSite\",\"@id\":\"https:\/\/blog.ccc.eu\/hu\/#website\",\"url\":\"https:\/\/blog.ccc.eu\/hu\/\",\"name\":\"CCC Fashion blog\",\"description\":\"Az \u00d6n helye tele van divatihletekkel\",\"publisher\":{\"@id\":\"https:\/\/blog.ccc.eu\/hu\/#organization\"},\"potentialAction\":[{\"@type\":\"SearchAction\",\"target\":{\"@type\":\"EntryPoint\",\"urlTemplate\":\"https:\/\/blog.ccc.eu\/hu\/?s={search_term_string}\"},\"query-input\":{\"@type\":\"PropertyValueSpecification\",\"valueRequired\":true,\"valueName\":\"search_term_string\"}}],\"inLanguage\":\"hu\"},{\"@type\":\"Organization\",\"@id\":\"https:\/\/blog.ccc.eu\/hu\/#organization\",\"name\":\"CCC S.A.\",\"url\":\"https:\/\/blog.ccc.eu\/hu\/\",\"logo\":{\"@type\":\"ImageObject\",\"inLanguage\":\"hu\",\"@id\":\"https:\/\/blog.ccc.eu\/hu\/#\/schema\/logo\/image\/\",\"url\":\"https:\/\/blog.ccc.eu\/hu\/wp-content\/uploads\/2021\/11\/logo_ccc.png\",\"contentUrl\":\"https:\/\/blog.ccc.eu\/hu\/wp-content\/uploads\/2021\/11\/logo_ccc.png\",\"width\":730,\"height\":270,\"caption\":\"CCC S.A.\"},\"image\":{\"@id\":\"https:\/\/blog.ccc.eu\/hu\/#\/schema\/logo\/image\/\"}},{\"@type\":\"Person\",\"@id\":\"https:\/\/blog.ccc.eu\/hu\/#\/schema\/person\/b37d4e58a15b8cc6b1339218cfeb7c10\",\"name\":\"Beatrix Korosi\",\"image\":{\"@type\":\"ImageObject\",\"inLanguage\":\"hu\",\"@id\":\"https:\/\/blog.ccc.eu\/hu\/#\/schema\/person\/image\/\",\"url\":\"https:\/\/blog.ccc.eu\/hu\/wp-content\/uploads\/2022\/11\/Bea-150x150.jpg\",\"contentUrl\":\"https:\/\/blog.ccc.eu\/hu\/wp-content\/uploads\/2022\/11\/Bea-150x150.jpg\",\"caption\":\"Beatrix Korosi\"},\"url\":\"https:\/\/blog.ccc.eu\/hu\/author\/beatrix-korosi\/\"}]}<\/script>\n<!-- \/ Yoast SEO plugin. -->","yoast_head_json":{"title":"Divatos n\u0151i cip\u0151k a 2023-as \u0151szi-t\u00e9li szezonra\u00a0 - CCC Fashion blog","description":"A 2023-as \u0151szi szezonra a tervez\u0151k igaz\u00e1n egyedi l\u00e1bbelikkel k\u00e9sz\u00fcltek. Fedezd fel a l\u00e9legzetel\u00e1ll\u00edt\u00f3 modelleket a CCC-ben! 2026","robots":{"index":"index","follow":"follow","max-snippet":"max-snippet:-1","max-image-preview":"max-image-preview:large","max-video-preview":"max-video-preview:-1"},"canonical":"https:\/\/blog.ccc.eu\/hu\/divatos-noi-cipok-a-2023-as-oszi-teli-szezonra\/","og_locale":"hu_HU","og_type":"article","og_title":"Divatos n\u0151i cip\u0151k a 2023-as \u0151szi-t\u00e9li szezonra\u00a0 - CCC Fashion blog","og_description":"A 2023-as \u0151szi szezonra a tervez\u0151k igaz\u00e1n egyedi l\u00e1bbelikkel k\u00e9sz\u00fcltek. Fedezd fel a l\u00e9legzetel\u00e1ll\u00edt\u00f3 modelleket a CCC-ben!","og_url":"https:\/\/blog.ccc.eu\/hu\/divatos-noi-cipok-a-2023-as-oszi-teli-szezonra\/","og_site_name":"CCC Fashion blog","article_published_time":"2023-09-27T06:23:20+00:00","article_modified_time":"2023-09-27T06:23:21+00:00","og_image":[{"width":1152,"height":1536,"url":"https:\/\/blog.ccc.eu\/hu\/wp-content\/uploads\/2023\/09\/0240_gino_rossi_AW22_3x4_dpi120-Copy-1152x1536-1.jpg","type":"image\/jpeg"}],"author":"Beatrix Korosi","twitter_card":"summary_large_image","twitter_misc":{"Szerz\u0151:":"Beatrix Korosi","Becs\u00fclt olvas\u00e1si id\u0151":"3 perc"},"schema":{"@context":"https:\/\/schema.org","@graph":[{"@type":"Article","@id":"https:\/\/blog.ccc.eu\/hu\/divatos-noi-cipok-a-2023-as-oszi-teli-szezonra\/#article","isPartOf":{"@id":"https:\/\/blog.ccc.eu\/hu\/divatos-noi-cipok-a-2023-as-oszi-teli-szezonra\/"},"author":{"name":"Beatrix Korosi","@id":"https:\/\/blog.ccc.eu\/hu\/#\/schema\/person\/b37d4e58a15b8cc6b1339218cfeb7c10"},"headline":"Divatos n\u0151i cip\u0151k a 2023-as \u0151szi-t\u00e9li szezonra\u00a0","datePublished":"2023-09-27T06:23:20+00:00","dateModified":"2023-09-27T06:23:21+00:00","mainEntityOfPage":{"@id":"https:\/\/blog.ccc.eu\/hu\/divatos-noi-cipok-a-2023-as-oszi-teli-szezonra\/"},"wordCount":599,"commentCount":0,"publisher":{"@id":"https:\/\/blog.ccc.eu\/hu\/#organization"},"image":{"@id":"https:\/\/blog.ccc.eu\/hu\/divatos-noi-cipok-a-2023-as-oszi-teli-szezonra\/#primaryimage"},"thumbnailUrl":"https:\/\/blog.ccc.eu\/hu\/wp-content\/uploads\/2023\/09\/0240_gino_rossi_AW22_3x4_dpi120-Copy-1152x1536-1.jpg","keywords":["CCC","csizm\u00e1k","n\u0151i cip\u0151k","trendek"],"articleSection":["TRENDEK"],"inLanguage":"hu","potentialAction":[{"@type":"CommentAction","name":"Comment","target":["https:\/\/blog.ccc.eu\/hu\/divatos-noi-cipok-a-2023-as-oszi-teli-szezonra\/#respond"]}]},{"@type":"WebPage","@id":"https:\/\/blog.ccc.eu\/hu\/divatos-noi-cipok-a-2023-as-oszi-teli-szezonra\/","url":"https:\/\/blog.ccc.eu\/hu\/divatos-noi-cipok-a-2023-as-oszi-teli-szezonra\/","name":"Divatos n\u0151i cip\u0151k a 2023-as \u0151szi-t\u00e9li szezonra\u00a0 - CCC Fashion blog","isPartOf":{"@id":"https:\/\/blog.ccc.eu\/hu\/#website"},"primaryImageOfPage":{"@id":"https:\/\/blog.ccc.eu\/hu\/divatos-noi-cipok-a-2023-as-oszi-teli-szezonra\/#primaryimage"},"image":{"@id":"https:\/\/blog.ccc.eu\/hu\/divatos-noi-cipok-a-2023-as-oszi-teli-szezonra\/#primaryimage"},"thumbnailUrl":"https:\/\/blog.ccc.eu\/hu\/wp-content\/uploads\/2023\/09\/0240_gino_rossi_AW22_3x4_dpi120-Copy-1152x1536-1.jpg","datePublished":"2023-09-27T06:23:20+00:00","dateModified":"2023-09-27T06:23:21+00:00","description":"A 2023-as \u0151szi szezonra a tervez\u0151k igaz\u00e1n egyedi l\u00e1bbelikkel k\u00e9sz\u00fcltek. Fedezd fel a l\u00e9legzetel\u00e1ll\u00edt\u00f3 modelleket a CCC-ben!","breadcrumb":{"@id":"https:\/\/blog.ccc.eu\/hu\/divatos-noi-cipok-a-2023-as-oszi-teli-szezonra\/#breadcrumb"},"inLanguage":"hu","potentialAction":[{"@type":"ReadAction","target":["https:\/\/blog.ccc.eu\/hu\/divatos-noi-cipok-a-2023-as-oszi-teli-szezonra\/"]}]},{"@type":"ImageObject","inLanguage":"hu","@id":"https:\/\/blog.ccc.eu\/hu\/divatos-noi-cipok-a-2023-as-oszi-teli-szezonra\/#primaryimage","url":"https:\/\/blog.ccc.eu\/hu\/wp-content\/uploads\/2023\/09\/0240_gino_rossi_AW22_3x4_dpi120-Copy-1152x1536-1.jpg","contentUrl":"https:\/\/blog.ccc.eu\/hu\/wp-content\/uploads\/2023\/09\/0240_gino_rossi_AW22_3x4_dpi120-Copy-1152x1536-1.jpg","width":1152,"height":1536,"caption":"divatos n\u0151i cip\u0151k"},{"@type":"BreadcrumbList","@id":"https:\/\/blog.ccc.eu\/hu\/divatos-noi-cipok-a-2023-as-oszi-teli-szezonra\/#breadcrumb","itemListElement":[{"@type":"ListItem","position":1,"name":"Strona g\u0142\u00f3wna","item":"https:\/\/blog.ccc.eu\/hu\/"},{"@type":"ListItem","position":2,"name":"Divatos n\u0151i cip\u0151k a 2023-as \u0151szi-t\u00e9li szezonra\u00a0"}]},{"@type":"WebSite","@id":"https:\/\/blog.ccc.eu\/hu\/#website","url":"https:\/\/blog.ccc.eu\/hu\/","name":"CCC Fashion blog","description":"Az \u00d6n helye tele van divatihletekkel","publisher":{"@id":"https:\/\/blog.ccc.eu\/hu\/#organization"},"potentialAction":[{"@type":"SearchAction","target":{"@type":"EntryPoint","urlTemplate":"https:\/\/blog.ccc.eu\/hu\/?s={search_term_string}"},"query-input":{"@type":"PropertyValueSpecification","valueRequired":true,"valueName":"search_term_string"}}],"inLanguage":"hu"},{"@type":"Organization","@id":"https:\/\/blog.ccc.eu\/hu\/#organization","name":"CCC S.A.","url":"https:\/\/blog.ccc.eu\/hu\/","logo":{"@type":"ImageObject","inLanguage":"hu","@id":"https:\/\/blog.ccc.eu\/hu\/#\/schema\/logo\/image\/","url":"https:\/\/blog.ccc.eu\/hu\/wp-content\/uploads\/2021\/11\/logo_ccc.png","contentUrl":"https:\/\/blog.ccc.eu\/hu\/wp-content\/uploads\/2021\/11\/logo_ccc.png","width":730,"height":270,"caption":"CCC S.A."},"image":{"@id":"https:\/\/blog.ccc.eu\/hu\/#\/schema\/logo\/image\/"}},{"@type":"Person","@id":"https:\/\/blog.ccc.eu\/hu\/#\/schema\/person\/b37d4e58a15b8cc6b1339218cfeb7c10","name":"Beatrix Korosi","image":{"@type":"ImageObject","inLanguage":"hu","@id":"https:\/\/blog.ccc.eu\/hu\/#\/schema\/person\/image\/","url":"https:\/\/blog.ccc.eu\/hu\/wp-content\/uploads\/2022\/11\/Bea-150x150.jpg","contentUrl":"https:\/\/blog.ccc.eu\/hu\/wp-content\/uploads\/2022\/11\/Bea-150x150.jpg","caption":"Beatrix Korosi"},"url":"https:\/\/blog.ccc.eu\/hu\/author\/beatrix-korosi\/"}]}},"_links":{"self":[{"href":"https:\/\/blog.ccc.eu\/hu\/wp-json\/wp\/v2\/posts\/9161","targetHints":{"allow":["GET"]}}],"collection":[{"href":"https:\/\/blog.ccc.eu\/hu\/wp-json\/wp\/v2\/posts"}],"about":[{"href":"https:\/\/blog.ccc.eu\/hu\/wp-json\/wp\/v2\/types\/post"}],"author":[{"embeddable":true,"href":"https:\/\/blog.ccc.eu\/hu\/wp-json\/wp\/v2\/users\/22"}],"replies":[{"embeddable":true,"href":"https:\/\/blog.ccc.eu\/hu\/wp-json\/wp\/v2\/comments?post=9161"}],"version-history":[{"count":7,"href":"https:\/\/blog.ccc.eu\/hu\/wp-json\/wp\/v2\/posts\/9161\/revisions"}],"predecessor-version":[{"id":9172,"href":"https:\/\/blog.ccc.eu\/hu\/wp-json\/wp\/v2\/posts\/9161\/revisions\/9172"}],"wp:featuredmedia":[{"embeddable":true,"href":"https:\/\/blog.ccc.eu\/hu\/wp-json\/wp\/v2\/media\/9163"}],"wp:attachment":[{"href":"https:\/\/blog.ccc.eu\/hu\/wp-json\/wp\/v2\/media?parent=9161"}],"wp:term":[{"taxonomy":"category","embeddable":true,"href":"https:\/\/blog.ccc.eu\/hu\/wp-json\/wp\/v2\/categories?post=9161"},{"taxonomy":"post_tag","embeddable":true,"href":"https:\/\/blog.ccc.eu\/hu\/wp-json\/wp\/v2\/tags?post=9161"}],"curies":[{"name":"wp","href":"https:\/\/api.w.org\/{rel}","templated":true}]}}